{"id":9130,"date":"2024-09-13T08:45:52","date_gmt":"2024-09-13T14:45:52","guid":{"rendered":"https:\/\/soymigrante.com\/revista\/?p=9130"},"modified":"2024-09-13T08:45:53","modified_gmt":"2024-09-13T14:45:53","slug":"estas-lejos-de-tus-hijos-seis-claves-para-mantener-una-comunicacion-efectiva","status":"publish","type":"post","link":"https:\/\/soymigrante.com\/revista\/estas-lejos-de-tus-hijos-seis-claves-para-mantener-una-comunicacion-efectiva\/","title":{"rendered":"\u00bfEst\u00e1s lejos de tus hijos? Seis claves para mantener una comunicaci\u00f3n efectiva"},"content":{"rendered":"\t\t<div data-elementor-type=\"wp-post\" data-elementor-id=\"9130\" class=\"elementor elementor-9130\" data-elementor-post-type=\"post\">\n\t\t\t\t<div data-particle_enable=\"false\" data-particle-mobile-disabled=\"false\" class=\"elementor-element elementor-element-e4d4395 e-flex e-con-boxed e-con e-parent\" data-id=\"e4d4395\" data-element_type=\"container\" data-e-type=\"container\">\n\t\t\t\t\t<div class=\"e-con-inner\">\n\t\t\t\t<div class=\"elementor-element elementor-element-59d851c elementor-widget elementor-widget-heading\" data-id=\"59d851c\" data-element_type=\"widget\" data-e-type=\"widget\" data-widget_type=\"heading.default\">\n\t\t\t\t\t<h2 class=\"elementor-heading-title elementor-size-default\">La distancia puede significar no estar  durante el crecimiento y desarrollo de tus hijos, pero no debe ser un obst\u00e1culo para que crezcan sabiendo que los amas y que te importan, a pesar de vivir a kil\u00f3metros de distancia. Por ello te compartimos estos consejos.\n<\/h2>\t\t\t\t<\/div>\n\t\t\t\t\t<\/div>\n\t\t\t\t<\/div>\n\t\t<div data-particle_enable=\"false\" data-particle-mobile-disabled=\"false\" class=\"elementor-element elementor-element-ed49c2d e-flex e-con-boxed e-con e-parent\" data-id=\"ed49c2d\" data-element_type=\"container\" data-e-type=\"container\">\n\t\t\t\t\t<div class=\"e-con-inner\">\n\t\t\t\t<div class=\"elementor-element elementor-element-ba675c4 elementor-widget elementor-widget-heading\" data-id=\"ba675c4\" data-element_type=\"widget\" data-e-type=\"widget\" data-widget_type=\"heading.default\">\n\t\t\t\t\t<h3 class=\"elementor-heading-title elementor-size-default\">1. Aprovecha la tecnolog\u00eda<\/h3>\t\t\t\t<\/div>\n\t\t\t\t\t<\/div>\n\t\t\t\t<\/div>\n\t\t<div data-particle_enable=\"false\" data-particle-mobile-disabled=\"false\" class=\"elementor-element elementor-element-fde6fb2 e-flex e-con-boxed e-con e-parent\" data-id=\"fde6fb2\" data-element_type=\"container\" data-e-type=\"container\">\n\t\t\t\t\t<div class=\"e-con-inner\">\n\t\t\t\t<div class=\"elementor-element elementor-element-f33fa07 elementor-widget elementor-widget-text-editor\" data-id=\"f33fa07\" data-element_type=\"widget\" data-e-type=\"widget\" data-widget_type=\"text-editor.default\">\n\t\t\t\t\t\t\t\t\t<p>Utiliza aquellas aplicaciones que facilitan no solo llamadas o mensajes de texto sino tambi\u00e9n las videollamadas para obtener una imagen m\u00e1s precisa del entorno de tus hijos. Google Meet, Messenger, WhatsApp o Telegram te dan la opci\u00f3n de hacer videollamadas.<\/p>\t\t\t\t\t\t\t\t<\/div>\n\t\t\t\t\t<\/div>\n\t\t\t\t<\/div>\n\t\t<div data-particle_enable=\"false\" data-particle-mobile-disabled=\"false\" class=\"elementor-element elementor-element-99e63be e-flex e-con-boxed e-con e-parent\" data-id=\"99e63be\" data-element_type=\"container\" data-e-type=\"container\">\n\t\t\t\t\t<div class=\"e-con-inner\">\n\t\t\t\t<div class=\"elementor-element elementor-element-f538511 elementor-widget elementor-widget-image\" data-id=\"f538511\" data-element_type=\"widget\" data-e-type=\"widget\" data-widget_type=\"image.default\">\n\t\t\t\t\t\t\t\t\t\t\t\t<figure class=\"wp-caption\">\n\t\t\t\t\t\t\t\t\t\t<img fetchpriority=\"high\" decoding=\"async\" width=\"768\" height=\"512\" src=\"https:\/\/soymigrante.com\/revista\/wp-content\/uploads\/2024\/09\/comunicacion-a-distancia-soy-migrante3-1024x683.webp\" class=\"attachment-large size-large wp-image-9138\" alt=\"Video llamada virtual con profesora en l\u00ednea, ni\u00f1o estudiando en casa, educaci\u00f3n remota, clases online, tecnolog\u00eda educativa, aprendizaje digital, educaci\u00f3n a distancia, estudiantes en l\u00ednea.\" srcset=\"https:\/\/soymigrante.com\/revista\/wp-content\/uploads\/2024\/09\/comunicacion-a-distancia-soy-migrante3-1024x683.webp 1024w, https:\/\/soymigrante.com\/revista\/wp-content\/uploads\/2024\/09\/comunicacion-a-distancia-soy-migrante3-300x200.webp 300w, https:\/\/soymigrante.com\/revista\/wp-content\/uploads\/2024\/09\/comunicacion-a-distancia-soy-migrante3-768x512.webp 768w, https:\/\/soymigrante.com\/revista\/wp-content\/uploads\/2024\/09\/comunicacion-a-distancia-soy-migrante3-1536x1024.webp 1536w, https:\/\/soymigrante.com\/revista\/wp-content\/uploads\/2024\/09\/comunicacion-a-distancia-soy-migrante3-scaled.webp 1920w, https:\/\/soymigrante.com\/revista\/wp-content\/uploads\/2024\/09\/comunicacion-a-distancia-soy-migrante3-750x500.webp 750w, https:\/\/soymigrante.com\/revista\/wp-content\/uploads\/2024\/09\/comunicacion-a-distancia-soy-migrante3-1140x760.webp 1140w\" sizes=\"(max-width: 768px) 100vw, 768px\" title=\"comunicaci\u00f3n a distancia soy migrante3 \u2013 SoyMigrante.com REVISTA\" \/>\t\t\t\t\t\t\t\t\t\t\t<figcaption class=\"widget-image-caption wp-caption-text\">Ni\u00f1a con auriculares en clases en l\u00ednea, haciendo tareas o participando en una videollamada educativa desde su hogar, en un ambiente moderno y organizado.<\/figcaption>\n\t\t\t\t\t\t\t\t\t\t<\/figure>\n\t\t\t\t\t\t\t\t\t<\/div>\n\t\t\t\t\t<\/div>\n\t\t\t\t<\/div>\n\t\t<div data-particle_enable=\"false\" data-particle-mobile-disabled=\"false\" class=\"elementor-element elementor-element-ff91675 e-flex e-con-boxed e-con e-parent\" data-id=\"ff91675\" data-element_type=\"container\" data-e-type=\"container\">\n\t\t\t\t\t<div class=\"e-con-inner\">\n\t\t\t\t<div class=\"elementor-element elementor-element-991d430 elementor-widget elementor-widget-heading\" data-id=\"991d430\" data-element_type=\"widget\" data-e-type=\"widget\" data-widget_type=\"heading.default\">\n\t\t\t\t\t<h3 class=\"elementor-heading-title elementor-size-default\">2. Establece un horario adecuado<\/h3>\t\t\t\t<\/div>\n\t\t\t\t\t<\/div>\n\t\t\t\t<\/div>\n\t\t<div data-particle_enable=\"false\" data-particle-mobile-disabled=\"false\" class=\"elementor-element elementor-element-3bf7768 e-flex e-con-boxed e-con e-parent\" data-id=\"3bf7768\" data-element_type=\"container\" data-e-type=\"container\">\n\t\t\t\t\t<div class=\"e-con-inner\">\n\t\t\t\t<div class=\"elementor-element elementor-element-b2be9c3 elementor-widget elementor-widget-text-editor\" data-id=\"b2be9c3\" data-element_type=\"widget\" data-e-type=\"widget\" data-widget_type=\"text-editor.default\">\n\t\t\t\t\t\t\t\t\t<p>Las\u00a0<a href=\"https:\/\/soymigrante.com\/revista\/y-alla-que-hora-es-las-zonas-horarias-en-ee-uu-y-su-equivalencia-con-guatemala\/\" target=\"_blank\" rel=\"noopener\">diferencias horarias\u00a0<\/a>entre Estados Unidos y Guatemala son muy variadas. Por lo que debes establecer un horario que no afecte tu \u00e1rea laboral y una que se adecue al horario de escuela o ocupaci\u00f3n que tengan tus hijos. Para que esto se convierta en un h\u00e1bito debes establecer la llamada el mismo d\u00eda y en horario similar.<\/p>\t\t\t\t\t\t\t\t<\/div>\n\t\t\t\t\t<\/div>\n\t\t\t\t<\/div>\n\t\t<div data-particle_enable=\"false\" data-particle-mobile-disabled=\"false\" class=\"elementor-element elementor-element-2880663 e-flex e-con-boxed e-con e-parent\" data-id=\"2880663\" data-element_type=\"container\" data-e-type=\"container\">\n\t\t\t\t\t<div class=\"e-con-inner\">\n\t\t\t\t<div class=\"elementor-element elementor-element-a051d49 elementor-widget elementor-widget-image\" data-id=\"a051d49\" data-element_type=\"widget\" data-e-type=\"widget\" data-widget_type=\"image.default\">\n\t\t\t\t\t\t\t\t\t\t\t\t<figure class=\"wp-caption\">\n\t\t\t\t\t\t\t\t\t\t<img decoding=\"async\" width=\"768\" height=\"512\" src=\"https:\/\/soymigrante.com\/revista\/wp-content\/uploads\/2024\/09\/comunicacion-a-distancia-soy-migrante4-1024x683.webp\" class=\"attachment-large size-large wp-image-9137\" alt=\"Ni\u00f1o con auriculares viendo una pantalla port\u00e1til en casa, disfrutando de contenido digital, en un ambiente c\u00f3modo y moderno.\" srcset=\"https:\/\/soymigrante.com\/revista\/wp-content\/uploads\/2024\/09\/comunicacion-a-distancia-soy-migrante4-1024x683.webp 1024w, https:\/\/soymigrante.com\/revista\/wp-content\/uploads\/2024\/09\/comunicacion-a-distancia-soy-migrante4-300x200.webp 300w, https:\/\/soymigrante.com\/revista\/wp-content\/uploads\/2024\/09\/comunicacion-a-distancia-soy-migrante4-768x512.webp 768w, https:\/\/soymigrante.com\/revista\/wp-content\/uploads\/2024\/09\/comunicacion-a-distancia-soy-migrante4-1536x1024.webp 1536w, https:\/\/soymigrante.com\/revista\/wp-content\/uploads\/2024\/09\/comunicacion-a-distancia-soy-migrante4-scaled.webp 1920w, https:\/\/soymigrante.com\/revista\/wp-content\/uploads\/2024\/09\/comunicacion-a-distancia-soy-migrante4-750x500.webp 750w, https:\/\/soymigrante.com\/revista\/wp-content\/uploads\/2024\/09\/comunicacion-a-distancia-soy-migrante4-1140x760.webp 1140w\" sizes=\"(max-width: 768px) 100vw, 768px\" title=\"comunicaci\u00f3n a distancia soy migrante4 \u2013 SoyMigrante.com REVISTA\" \/>\t\t\t\t\t\t\t\t\t\t\t<figcaption class=\"widget-image-caption wp-caption-text\">Ni\u00f1o m\u00fasico y digital disfrutando de la tecnolog\u00eda en un entorno c\u00f3modo y acogedor.<\/figcaption>\n\t\t\t\t\t\t\t\t\t\t<\/figure>\n\t\t\t\t\t\t\t\t\t<\/div>\n\t\t\t\t\t<\/div>\n\t\t\t\t<\/div>\n\t\t<div data-particle_enable=\"false\" data-particle-mobile-disabled=\"false\" class=\"elementor-element elementor-element-151facd e-flex e-con-boxed e-con e-parent\" data-id=\"151facd\" data-element_type=\"container\" data-e-type=\"container\">\n\t\t\t\t\t<div class=\"e-con-inner\">\n\t\t\t\t<div class=\"elementor-element elementor-element-08a88b2 elementor-widget elementor-widget-heading\" data-id=\"08a88b2\" data-element_type=\"widget\" data-e-type=\"widget\" data-widget_type=\"heading.default\">\n\t\t\t\t\t<h3 class=\"elementor-heading-title elementor-size-default\">3. Tema de conversaci\u00f3n<\/h3>\t\t\t\t<\/div>\n\t\t\t\t\t<\/div>\n\t\t\t\t<\/div>\n\t\t<div data-particle_enable=\"false\" data-particle-mobile-disabled=\"false\" class=\"elementor-element elementor-element-a9ce1c5 e-flex e-con-boxed e-con e-parent\" data-id=\"a9ce1c5\" data-element_type=\"container\" data-e-type=\"container\">\n\t\t\t\t\t<div class=\"e-con-inner\">\n\t\t\t\t<div class=\"elementor-element elementor-element-aa1f8b7 elementor-widget elementor-widget-text-editor\" data-id=\"aa1f8b7\" data-element_type=\"widget\" data-e-type=\"widget\" data-widget_type=\"text-editor.default\">\n\t\t\t\t\t\t\t\t\t<p>Los intereses que puedan tener tus hijos preescolares a un adolescente son abismales, sin embargo, ponerse en la \u201ccamiseta\u201d de tu hijo y mantenerte actualizado sobre lo que hacen las generaciones de ahora o mostrar inter\u00e9s por lo que a tus hijos les encanta hacer como leer un libro espec\u00edfico, ver una caricatura o una serie o si ama alg\u00fan deporte, son detalles informativos que debes tener siempre presente.<\/p><p>Tambi\u00e9n pueden planificar ver una serie juntos, hoy d\u00eda existen modalidades de streaming como Netflix, HBO, entre otros, que te permiten tal actividad.<\/p>\t\t\t\t\t\t\t\t<\/div>\n\t\t\t\t\t<\/div>\n\t\t\t\t<\/div>\n\t\t<div data-particle_enable=\"false\" data-particle-mobile-disabled=\"false\" class=\"elementor-element elementor-element-84b4130 e-flex e-con-boxed e-con e-parent\" data-id=\"84b4130\" data-element_type=\"container\" data-e-type=\"container\">\n\t\t\t\t\t<div class=\"e-con-inner\">\n\t\t\t\t<div class=\"elementor-element elementor-element-78e4c50 elementor-widget elementor-widget-image\" data-id=\"78e4c50\" data-element_type=\"widget\" data-e-type=\"widget\" data-widget_type=\"image.default\">\n\t\t\t\t\t\t\t\t\t\t\t\t<figure class=\"wp-caption\">\n\t\t\t\t\t\t\t\t\t\t<img decoding=\"async\" width=\"768\" height=\"511\" src=\"https:\/\/soymigrante.com\/revista\/wp-content\/uploads\/2024\/09\/comunicacion-a-distancia-soy-migrante2-1024x681.webp\" class=\"attachment-large size-large wp-image-9139\" alt=\"Audiencia infantil frente a pantalla de computadora con auriculares, explorando contenido digital de forma segura y educativa.\" srcset=\"https:\/\/soymigrante.com\/revista\/wp-content\/uploads\/2024\/09\/comunicacion-a-distancia-soy-migrante2-1024x681.webp 1024w, https:\/\/soymigrante.com\/revista\/wp-content\/uploads\/2024\/09\/comunicacion-a-distancia-soy-migrante2-300x200.webp 300w, https:\/\/soymigrante.com\/revista\/wp-content\/uploads\/2024\/09\/comunicacion-a-distancia-soy-migrante2-768x511.webp 768w, https:\/\/soymigrante.com\/revista\/wp-content\/uploads\/2024\/09\/comunicacion-a-distancia-soy-migrante2-1536x1022.webp 1536w, https:\/\/soymigrante.com\/revista\/wp-content\/uploads\/2024\/09\/comunicacion-a-distancia-soy-migrante2-scaled.webp 1920w, https:\/\/soymigrante.com\/revista\/wp-content\/uploads\/2024\/09\/comunicacion-a-distancia-soy-migrante2-750x499.webp 750w, https:\/\/soymigrante.com\/revista\/wp-content\/uploads\/2024\/09\/comunicacion-a-distancia-soy-migrante2-1140x759.webp 1140w\" sizes=\"(max-width: 768px) 100vw, 768px\" title=\"comunicaci\u00f3n a distancia soy migrante2 \u2013 SoyMigrante.com REVISTA\" \/>\t\t\t\t\t\t\t\t\t\t\t<figcaption class=\"widget-image-caption wp-caption-text\">Ni\u00f1o o ni\u00f1a con auriculares en un entorno de estudio o entretenimiento digital, navegando con atenci\u00f3n en su computadora port\u00e1til.<\/figcaption>\n\t\t\t\t\t\t\t\t\t\t<\/figure>\n\t\t\t\t\t\t\t\t\t<\/div>\n\t\t\t\t\t<\/div>\n\t\t\t\t<\/div>\n\t\t<div data-particle_enable=\"false\" data-particle-mobile-disabled=\"false\" class=\"elementor-element elementor-element-ca4819b e-flex e-con-boxed e-con e-parent\" data-id=\"ca4819b\" data-element_type=\"container\" data-e-type=\"container\">\n\t\t\t\t\t<div class=\"e-con-inner\">\n\t\t\t\t<div class=\"elementor-element elementor-element-12eefd0 elementor-widget elementor-widget-heading\" data-id=\"12eefd0\" data-element_type=\"widget\" data-e-type=\"widget\" data-widget_type=\"heading.default\">\n\t\t\t\t\t<h3 class=\"elementor-heading-title elementor-size-default\">4. Comparte informaci\u00f3n<\/h3>\t\t\t\t<\/div>\n\t\t\t\t\t<\/div>\n\t\t\t\t<\/div>\n\t\t<div data-particle_enable=\"false\" data-particle-mobile-disabled=\"false\" class=\"elementor-element elementor-element-79df2a6 e-flex e-con-boxed e-con e-parent\" data-id=\"79df2a6\" data-element_type=\"container\" data-e-type=\"container\">\n\t\t\t\t\t<div class=\"e-con-inner\">\n\t\t\t\t<div class=\"elementor-element elementor-element-30fc001 elementor-widget elementor-widget-text-editor\" data-id=\"30fc001\" data-element_type=\"widget\" data-e-type=\"widget\" data-widget_type=\"text-editor.default\">\n\t\t\t\t\t\t\t\t\t<p>Algo que no debes obviar como padre es tambi\u00e9n explicarle a tus hijos tu rol labora, tus horarios e implicaciones. Esto para que tus hijos tambi\u00e9n puedan sentir esa conexi\u00f3n de explicarte sobre el entorno.\u00a0<\/p><p>En la adolescencia los j\u00f3venes sueles ser m\u00e1s reservados, a medida que ganes su confianza contribuir\u00e1 que puedan contar contigo y expresarte algo cuando necesiten una orientaci\u00f3n.<\/p>\t\t\t\t\t\t\t\t<\/div>\n\t\t\t\t\t<\/div>\n\t\t\t\t<\/div>\n\t\t<div data-particle_enable=\"false\" data-particle-mobile-disabled=\"false\" class=\"elementor-element elementor-element-624f9ce e-flex e-con-boxed e-con e-parent\" data-id=\"624f9ce\" data-element_type=\"container\" data-e-type=\"container\">\n\t\t\t\t\t<div class=\"e-con-inner\">\n\t\t\t\t<div class=\"elementor-element elementor-element-d60c049 elementor-widget elementor-widget-image\" data-id=\"d60c049\" data-element_type=\"widget\" data-e-type=\"widget\" data-widget_type=\"image.default\">\n\t\t\t\t\t\t\t\t\t\t\t\t<figure class=\"wp-caption\">\n\t\t\t\t\t\t\t\t\t\t<img loading=\"lazy\" decoding=\"async\" width=\"768\" height=\"512\" src=\"https:\/\/soymigrante.com\/revista\/wp-content\/uploads\/2024\/09\/comunicacion-a-distancia-soy-migrante6-1024x683.webp\" class=\"attachment-large size-large wp-image-9142\" alt=\"Juventud jugando con port\u00e1til en sof\u00e1, reflejando diversidad cultural y uso de tecnolog\u00eda, tem\u00e1tica relevante para la comunidad migrante en la revista SoyMigrante.com REVISTA.\" srcset=\"https:\/\/soymigrante.com\/revista\/wp-content\/uploads\/2024\/09\/comunicacion-a-distancia-soy-migrante6-1024x683.webp 1024w, https:\/\/soymigrante.com\/revista\/wp-content\/uploads\/2024\/09\/comunicacion-a-distancia-soy-migrante6-300x200.webp 300w, https:\/\/soymigrante.com\/revista\/wp-content\/uploads\/2024\/09\/comunicacion-a-distancia-soy-migrante6-768x512.webp 768w, https:\/\/soymigrante.com\/revista\/wp-content\/uploads\/2024\/09\/comunicacion-a-distancia-soy-migrante6-1536x1024.webp 1536w, https:\/\/soymigrante.com\/revista\/wp-content\/uploads\/2024\/09\/comunicacion-a-distancia-soy-migrante6-scaled.webp 1920w, https:\/\/soymigrante.com\/revista\/wp-content\/uploads\/2024\/09\/comunicacion-a-distancia-soy-migrante6-750x500.webp 750w, https:\/\/soymigrante.com\/revista\/wp-content\/uploads\/2024\/09\/comunicacion-a-distancia-soy-migrante6-1140x760.webp 1140w\" sizes=\"(max-width: 768px) 100vw, 768px\" title=\"comunicacion a distancia soy migrante6 \u2013 SoyMigrante.com REVISTA\" \/>\t\t\t\t\t\t\t\t\t\t\t<figcaption class=\"widget-image-caption wp-caption-text\">Ni\u00f1a en un sof\u00e1 con ordenador port\u00e1til, usando tecnolog\u00eda en el hogar, representando integraci\u00f3n y conectividad digital en la comunidad migrante y familiar.<\/figcaption>\n\t\t\t\t\t\t\t\t\t\t<\/figure>\n\t\t\t\t\t\t\t\t\t<\/div>\n\t\t\t\t\t<\/div>\n\t\t\t\t<\/div>\n\t\t<div data-particle_enable=\"false\" data-particle-mobile-disabled=\"false\" class=\"elementor-element elementor-element-64883a2 e-flex e-con-boxed e-con e-parent\" data-id=\"64883a2\" data-element_type=\"container\" data-e-type=\"container\">\n\t\t\t\t\t<div class=\"e-con-inner\">\n\t\t\t\t<div class=\"elementor-element elementor-element-789e4b6 elementor-widget elementor-widget-heading\" data-id=\"789e4b6\" data-element_type=\"widget\" data-e-type=\"widget\" data-widget_type=\"heading.default\">\n\t\t\t\t\t<h3 class=\"elementor-heading-title elementor-size-default\">5. Escucha a tu hijo<\/h3>\t\t\t\t<\/div>\n\t\t\t\t\t<\/div>\n\t\t\t\t<\/div>\n\t\t<div data-particle_enable=\"false\" data-particle-mobile-disabled=\"false\" class=\"elementor-element elementor-element-90a9d68 e-flex e-con-boxed e-con e-parent\" data-id=\"90a9d68\" data-element_type=\"container\" data-e-type=\"container\">\n\t\t\t\t\t<div class=\"e-con-inner\">\n\t\t\t\t<div class=\"elementor-element elementor-element-f36bb56 elementor-widget elementor-widget-text-editor\" data-id=\"f36bb56\" data-element_type=\"widget\" data-e-type=\"widget\" data-widget_type=\"text-editor.default\">\n\t\t\t\t\t\t\t\t\t<p>Bueno, como padre o madre muchas veces se procura aconsejar a los hijos para evitar que tomen malas decisiones o que corran alg\u00fan riesgo. Pero lo primero que recomiendan es escuchar a tus hijos antes de dar un consejo.\u00a0<\/p><p>A veces lo \u00fanico que los hijos desean es\u00a0<a href=\"https:\/\/soymigrante.com\/revista\/reglas-para-corregir-a-tus-hijos-y-que-en\" target=\"_blank\" rel=\"noopener\">sentir apoyo y comprensi\u00f3n<\/a>\u00a0de los padres.<\/p>\t\t\t\t\t\t\t\t<\/div>\n\t\t\t\t\t<\/div>\n\t\t\t\t<\/div>\n\t\t<div data-particle_enable=\"false\" data-particle-mobile-disabled=\"false\" class=\"elementor-element elementor-element-0695c3c e-flex e-con-boxed e-con e-parent\" data-id=\"0695c3c\" data-element_type=\"container\" data-e-type=\"container\">\n\t\t\t\t\t<div class=\"e-con-inner\">\n\t\t\t\t<div class=\"elementor-element elementor-element-9e42f5d elementor-widget elementor-widget-image\" data-id=\"9e42f5d\" data-element_type=\"widget\" data-e-type=\"widget\" data-widget_type=\"image.default\">\n\t\t\t\t\t\t\t\t\t\t\t\t<figure class=\"wp-caption\">\n\t\t\t\t\t\t\t\t\t\t<img loading=\"lazy\" decoding=\"async\" width=\"768\" height=\"512\" src=\"https:\/\/soymigrante.com\/revista\/wp-content\/uploads\/2024\/09\/comunicacion-a-distanciasoy-migrante5-1024x683.webp\" class=\"attachment-large size-large wp-image-9136\" alt=\"Ni\u00f1o participando en videollamada o clase virtual, usando auriculares y laptop, en un entorno de aprendizaje o teletrabajo, promoviendo la educaci\u00f3n digital y la conexi\u00f3n en l\u00ednea.\" srcset=\"https:\/\/soymigrante.com\/revista\/wp-content\/uploads\/2024\/09\/comunicacion-a-distanciasoy-migrante5-1024x683.webp 1024w, https:\/\/soymigrante.com\/revista\/wp-content\/uploads\/2024\/09\/comunicacion-a-distanciasoy-migrante5-300x200.webp 300w, https:\/\/soymigrante.com\/revista\/wp-content\/uploads\/2024\/09\/comunicacion-a-distanciasoy-migrante5-768x512.webp 768w, https:\/\/soymigrante.com\/revista\/wp-content\/uploads\/2024\/09\/comunicacion-a-distanciasoy-migrante5-1536x1024.webp 1536w, https:\/\/soymigrante.com\/revista\/wp-content\/uploads\/2024\/09\/comunicacion-a-distanciasoy-migrante5-750x500.webp 750w, https:\/\/soymigrante.com\/revista\/wp-content\/uploads\/2024\/09\/comunicacion-a-distanciasoy-migrante5-1140x760.webp 1140w, https:\/\/soymigrante.com\/revista\/wp-content\/uploads\/2024\/09\/comunicacion-a-distanciasoy-migrante5.webp 1920w\" sizes=\"(max-width: 768px) 100vw, 768px\" title=\"comunicaci\u00f3n a distanciasoy migrante5 \u2013 SoyMigrante.com REVISTA\" \/>\t\t\t\t\t\t\t\t\t\t\t<figcaption class=\"widget-image-caption wp-caption-text\">Ni\u00f1o sonriendo y saludando en una videollamada con auriculares y laptop en un ambiente de estudio o teletrabajo, destacando la importancia de la educaci\u00f3n digital y las conexiones virtuales.<\/figcaption>\n\t\t\t\t\t\t\t\t\t\t<\/figure>\n\t\t\t\t\t\t\t\t\t<\/div>\n\t\t\t\t\t<\/div>\n\t\t\t\t<\/div>\n\t\t<div data-particle_enable=\"false\" data-particle-mobile-disabled=\"false\" class=\"elementor-element elementor-element-90a6fea e-flex e-con-boxed e-con e-parent\" data-id=\"90a6fea\" data-element_type=\"container\" data-e-type=\"container\">\n\t\t\t\t\t<div class=\"e-con-inner\">\n\t\t\t\t<div class=\"elementor-element elementor-element-b9f827d elementor-widget elementor-widget-heading\" data-id=\"b9f827d\" data-element_type=\"widget\" data-e-type=\"widget\" data-widget_type=\"heading.default\">\n\t\t\t\t\t<h3 class=\"elementor-heading-title elementor-size-default\">6. Agradece<\/h3>\t\t\t\t<\/div>\n\t\t\t\t\t<\/div>\n\t\t\t\t<\/div>\n\t\t<div data-particle_enable=\"false\" data-particle-mobile-disabled=\"false\" class=\"elementor-element elementor-element-2242c2b e-flex e-con-boxed e-con e-parent\" data-id=\"2242c2b\" data-element_type=\"container\" data-e-type=\"container\">\n\t\t\t\t\t<div class=\"e-con-inner\">\n\t\t\t\t<div class=\"elementor-element elementor-element-a2a1c87 elementor-widget elementor-widget-text-editor\" data-id=\"a2a1c87\" data-element_type=\"widget\" data-e-type=\"widget\" data-widget_type=\"text-editor.default\">\n\t\t\t\t\t\t\t\t\t<p>S\u00ed, el hecho de que tu hijo y t\u00fa traten de llevar esa comunicaci\u00f3n y darles las gracias por el tiempo que dispone para hablar contigo, es tambi\u00e9n hacerle entender a ellos lo valioso que es para ambos el mantener esa comunicaci\u00f3n a distancia. <br \/><br \/><\/p>\t\t\t\t\t\t\t\t<\/div>\n\t\t\t\t\t<\/div>\n\t\t\t\t<\/div>\n\t\t<div data-particle_enable=\"false\" data-particle-mobile-disabled=\"false\" class=\"elementor-element elementor-element-4e8a59e e-flex e-con-boxed e-con e-parent\" data-id=\"4e8a59e\" data-element_type=\"container\" data-e-type=\"container\">\n\t\t\t\t\t<div class=\"e-con-inner\">\n\t\t\t\t<div class=\"elementor-element elementor-element-36265e4 elementor-widget elementor-widget-text-editor\" data-id=\"36265e4\" data-element_type=\"widget\" data-e-type=\"widget\" data-widget_type=\"text-editor.default\">\n\t\t\t\t\t\t\t\t\t<p>En el caso de los hijos peque\u00f1os, manejar <b>una comunicaci\u00f3n positiva<\/b> ayuda al crecimiento saludable de ellos, refiere el Centro para el Control y la Prevenci\u00f3n de Enfermedades.<\/p>\t\t\t\t\t\t\t\t<\/div>\n\t\t\t\t\t<\/div>\n\t\t\t\t<\/div>\n\t\t<div data-particle_enable=\"false\" data-particle-mobile-disabled=\"false\" class=\"elementor-element elementor-element-61d4eb1 e-flex e-con-boxed e-con e-parent\" data-id=\"61d4eb1\" data-element_type=\"container\" data-e-type=\"container\">\n\t\t\t\t\t<div class=\"e-con-inner\">\n\t\t\t\t<div class=\"elementor-element elementor-element-6d7baba elementor-widget elementor-widget-video\" data-id=\"6d7baba\" data-element_type=\"widget\" data-e-type=\"widget\" data-settings=\"{&quot;youtube_url&quot;:&quot;https:\\\/\\\/www.youtube.com\\\/watch?time_continue=35&amp;v=-myCHBrZyT4&amp;embeds_referring_euri=https%3A%2F%2Fwww.cdc.gov%2F&amp;embeds_referring_origin=https%3A%2F%2Fwww.cdc.gov&quot;,&quot;video_type&quot;:&quot;youtube&quot;,&quot;controls&quot;:&quot;yes&quot;}\" data-widget_type=\"video.default\">\n\t\t\t\t\t\t\t<div class=\"elementor-wrapper elementor-open-inline\">\n\t\t\t<div class=\"elementor-video\"><\/div>\t\t<\/div>\n\t\t\t\t\t\t<\/div>\n\t\t\t\t\t<\/div>\n\t\t\t\t<\/div>\n\t\t<div data-particle_enable=\"false\" data-particle-mobile-disabled=\"false\" class=\"elementor-element elementor-element-74cbb4f e-flex e-con-boxed e-con e-parent\" data-id=\"74cbb4f\" data-element_type=\"container\" data-e-type=\"container\">\n\t\t\t\t\t<div class=\"e-con-inner\">\n\t\t\t\t<div class=\"elementor-element elementor-element-e2844de elementor-widget elementor-widget-heading\" data-id=\"e2844de\" data-element_type=\"widget\" data-e-type=\"widget\" data-widget_type=\"heading.default\">\n\t\t\t\t\t<h3 class=\"elementor-heading-title elementor-size-default\">Qu\u00e9 hacer si mi hijo est\u00e1 lejos por motivos acad\u00e9micos\n<\/h3>\t\t\t\t<\/div>\n\t\t\t\t\t<\/div>\n\t\t\t\t<\/div>\n\t\t<div data-particle_enable=\"false\" data-particle-mobile-disabled=\"false\" class=\"elementor-element elementor-element-59c8199 e-flex e-con-boxed e-con e-parent\" data-id=\"59c8199\" data-element_type=\"container\" data-e-type=\"container\">\n\t\t\t\t\t<div class=\"e-con-inner\">\n\t\t\t\t<div class=\"elementor-element elementor-element-68be080 elementor-widget elementor-widget-text-editor\" data-id=\"68be080\" data-element_type=\"widget\" data-e-type=\"widget\" data-widget_type=\"text-editor.default\">\n\t\t\t\t\t\t\t\t\t<ul><li>En este otro caso, United Studios organizaci\u00f3n americana de intercambio de estudiantes, recomienda controlar aquellos\u00a0<a href=\"https:\/\/soymigrante.com\/revista\/como-eliminar-pensamientos-destructivos-con-estos-pasos-constructivos\/\" target=\"_blank\" rel=\"noopener\">pensamientos negativos<\/a>\u00a0que como padre te llevan a pensar en falsas creencias sobre la felicidad que puede sentir tu hijo al tener la oportunidad de estudiar fuera de su pa\u00eds, cuando el indicador es que tendr\u00e1 un futuro m\u00e1s prometedor.\u00a0<\/li><li>No te agobies si tu hijo no responde tus llamadas, recuerda que los horarios en USA cambian. Tambi\u00e9n se deben respetar los horarios de estudio y trabajo.<\/li><li>Pensar que tu hijo no podr\u00e1 resolver alguna situaci\u00f3n sin tu ayuda, es un error. Tienes que confiar en\u00a0<a href=\"https:\/\/soymigrante.com\/revista\/como-lidiar-con-el-choque-cultural-en-ninos-y-jovenes-al-llegar-a-usa\/\" target=\"_blank\" rel=\"noopener\">la adaptaci\u00f3n de tus hijos.<\/a><\/li><li>Si tu hijo enferma y temes que nadie le ayude, es importante que al elegir el lugar de estudio se eval\u00fae si ofrecen un seguro ante esta situaci\u00f3n.<\/li><\/ul><div>\u00a0<\/div>\t\t\t\t\t\t\t\t<\/div>\n\t\t\t\t\t<\/div>\n\t\t\t\t<\/div>\n\t\t<div data-particle_enable=\"false\" data-particle-mobile-disabled=\"false\" class=\"elementor-element elementor-element-0e5af16 e-flex e-con-boxed e-con e-parent\" data-id=\"0e5af16\" data-element_type=\"container\" data-e-type=\"container\">\n\t\t\t\t\t<div class=\"e-con-inner\">\n\t\t\t\t<div class=\"elementor-element elementor-element-1f27d97 elementor-widget elementor-widget-image\" data-id=\"1f27d97\" data-element_type=\"widget\" data-e-type=\"widget\" data-widget_type=\"image.default\">\n\t\t\t\t\t\t\t\t\t\t\t\t<figure class=\"wp-caption\">\n\t\t\t\t\t\t\t\t\t\t<img loading=\"lazy\" decoding=\"async\" width=\"768\" height=\"513\" src=\"https:\/\/soymigrante.com\/revista\/wp-content\/uploads\/2024\/09\/comunicacion-a-distancia-soy-migrante-1024x684.webp\" class=\"attachment-large size-large wp-image-9140\" alt=\"Asistente virtual atendiendo en videollamada, soporte en l\u00ednea para migrantes, comunicaci\u00f3n digital, atenci\u00f3n remota, servicio al cliente en l\u00ednea, tecnolog\u00eda y ayuda en procesos migratorios.\" srcset=\"https:\/\/soymigrante.com\/revista\/wp-content\/uploads\/2024\/09\/comunicacion-a-distancia-soy-migrante-1024x684.webp 1024w, https:\/\/soymigrante.com\/revista\/wp-content\/uploads\/2024\/09\/comunicacion-a-distancia-soy-migrante-300x200.webp 300w, https:\/\/soymigrante.com\/revista\/wp-content\/uploads\/2024\/09\/comunicacion-a-distancia-soy-migrante-768x513.webp 768w, https:\/\/soymigrante.com\/revista\/wp-content\/uploads\/2024\/09\/comunicacion-a-distancia-soy-migrante-1536x1025.webp 1536w, https:\/\/soymigrante.com\/revista\/wp-content\/uploads\/2024\/09\/comunicacion-a-distancia-soy-migrante-scaled.webp 1920w, https:\/\/soymigrante.com\/revista\/wp-content\/uploads\/2024\/09\/comunicacion-a-distancia-soy-migrante-750x501.webp 750w, https:\/\/soymigrante.com\/revista\/wp-content\/uploads\/2024\/09\/comunicacion-a-distancia-soy-migrante-1140x761.jpg 1140w\" sizes=\"(max-width: 768px) 100vw, 768px\" title=\"comunicaci\u00f3n a distancia soy migrante \u2013 SoyMigrante.com REVISTA\" \/>\t\t\t\t\t\t\t\t\t\t\t<figcaption class=\"widget-image-caption wp-caption-text\">Asistente virtual en videollamada brindando soporte online para migrantes, atenci\u00f3n remota en l\u00ednea, comunicaci\u00f3n digital efectiva, servicio al cliente especializado en temas migratorios, tecnolog\u00eda y asistencia remota.<\/figcaption>\n\t\t\t\t\t\t\t\t\t\t<\/figure>\n\t\t\t\t\t\t\t\t\t<\/div>\n\t\t\t\t\t<\/div>\n\t\t\t\t<\/div>\n\t\t<div data-particle_enable=\"false\" data-particle-mobile-disabled=\"false\" class=\"elementor-element elementor-element-c69dc08 e-flex e-con-boxed e-con e-parent\" data-id=\"c69dc08\" data-element_type=\"container\" data-e-type=\"container\">\n\t\t\t\t\t<div class=\"e-con-inner\">\n\t\t\t\t<div class=\"elementor-element elementor-element-9c50092 elementor-widget elementor-widget-heading\" data-id=\"9c50092\" data-element_type=\"widget\" data-e-type=\"widget\" data-widget_type=\"heading.default\">\n\t\t\t\t\t<h3 class=\"elementor-heading-title elementor-size-default\">Lo que debes saber como padre<\/h3>\t\t\t\t<\/div>\n\t\t\t\t\t<\/div>\n\t\t\t\t<\/div>\n\t\t<div data-particle_enable=\"false\" data-particle-mobile-disabled=\"false\" class=\"elementor-element elementor-element-b14b40d e-flex e-con-boxed e-con e-parent\" data-id=\"b14b40d\" data-element_type=\"container\" data-e-type=\"container\">\n\t\t\t\t\t<div class=\"e-con-inner\">\n\t\t\t\t<div class=\"elementor-element elementor-element-5609014 elementor-grid-eael-col-3 elementor-grid-tablet-eael-col-2 elementor-grid-mobile-eael-col-1 elementor-widget elementor-widget-eael-post-grid\" data-id=\"5609014\" data-element_type=\"widget\" data-e-type=\"widget\" data-settings=\"{&quot;eael_post_grid_columns&quot;:&quot;eael-col-3&quot;,&quot;eael_post_grid_columns_tablet&quot;:&quot;eael-col-2&quot;,&quot;eael_post_grid_columns_mobile&quot;:&quot;eael-col-1&quot;}\" data-widget_type=\"eael-post-grid.default\">\n\t\t\t\t\t<div id=\"eael-post-grid-5609014\" class=\"eael-post-grid-container\">\n            <div class=\"eael-post-grid eael-post-appender eael-post-appender-5609014 eael-post-grid-style-one\" data-layout-mode=\"masonry\"><article class=\"eael-grid-post  eael-post-grid-column eael-pg-post-8629 category-salud-emocional tags-salud-emocional\" data-id=\"8629\">\n        <div class=\"eael-grid-post-holder\">\n            <div class=\"eael-grid-post-holder-inner\"><div class=\"eael-entry-media\"><div class=\"eael-entry-overlay fade-in\"><i class=\"far fa-hand-pointer\" aria-hidden=\"true\"><\/i><a href=\"https:\/\/soymigrante.com\/revista\/consejos-para-ayudar-a-enfrentar-el-duelo-migratorio-en-ninos\/\"><\/a><\/div><div class=\"eael-entry-thumbnail \">\n                <img loading=\"lazy\" decoding=\"async\" width=\"1024\" height=\"1024\" src=\"https:\/\/soymigrante.com\/revista\/wp-content\/uploads\/2024\/08\/Consejos-para-ayudar-a-enfrentar-el-duelo-migratorio-en-ninos2-scaled-e1725058578930-1024x1024.webp\" class=\"attachment-large size-large wp-image-8630\" alt=\"Perro de raza Golden Retriever con ni\u00f1a peque\u00f1a caminando por sendero de tierra, imagen en blanco y negro, enfoque en amistad y compa\u00f1\u00eda entre ni\u00f1os y mascotas.\" srcset=\"https:\/\/soymigrante.com\/revista\/wp-content\/uploads\/2024\/08\/Consejos-para-ayudar-a-enfrentar-el-duelo-migratorio-en-ninos2-scaled-e1725058578930-1024x1024.webp 1024w, https:\/\/soymigrante.com\/revista\/wp-content\/uploads\/2024\/08\/Consejos-para-ayudar-a-enfrentar-el-duelo-migratorio-en-ninos2-scaled-e1725058578930-300x300.webp 300w, https:\/\/soymigrante.com\/revista\/wp-content\/uploads\/2024\/08\/Consejos-para-ayudar-a-enfrentar-el-duelo-migratorio-en-ninos2-scaled-e1725058578930-150x150.webp 150w, https:\/\/soymigrante.com\/revista\/wp-content\/uploads\/2024\/08\/Consejos-para-ayudar-a-enfrentar-el-duelo-migratorio-en-ninos2-scaled-e1725058578930-768x768.webp 768w, https:\/\/soymigrante.com\/revista\/wp-content\/uploads\/2024\/08\/Consejos-para-ayudar-a-enfrentar-el-duelo-migratorio-en-ninos2-scaled-e1725058578930-75x75.webp 75w, https:\/\/soymigrante.com\/revista\/wp-content\/uploads\/2024\/08\/Consejos-para-ayudar-a-enfrentar-el-duelo-migratorio-en-ninos2-scaled-e1725058578930-750x750.webp 750w, https:\/\/soymigrante.com\/revista\/wp-content\/uploads\/2024\/08\/Consejos-para-ayudar-a-enfrentar-el-duelo-migratorio-en-ninos2-scaled-e1725058578930-1140x1140.webp 1140w, https:\/\/soymigrante.com\/revista\/wp-content\/uploads\/2024\/08\/Consejos-para-ayudar-a-enfrentar-el-duelo-migratorio-en-ninos2-scaled-e1725058578930.webp 1200w\" sizes=\"(max-width: 1024px) 100vw, 1024px\" \/>\n            <\/div>\n        <\/div><div class=\"eael-entry-wrapper\"><header class=\"eael-entry-header\"><h2 class=\"eael-entry-title\"><a class=\"eael-grid-post-link\" href=\"https:\/\/soymigrante.com\/revista\/consejos-para-ayudar-a-enfrentar-el-duelo-migratorio-en-ninos\/\" title=\"Consejos para ayudar a enfrentar el duelo migratorio en ni\u00f1os\">Consejos para ayudar a enfrentar el duelo migratorio en ni\u00f1os<\/a><\/h2><\/header><div class=\"eael-entry-content\">\n                        <div class=\"eael-grid-post-excerpt\"><a href=\"https:\/\/soymigrante.com\/revista\/consejos-para-ayudar-a-enfrentar-el-duelo-migratorio-en-ninos\/\" class=\"eael-post-elements-readmore-btn\">CONOCE SU HISTORIA <\/a><\/div>\n                    <\/div><\/div><\/div>\n        <\/div>\n    <\/article><article class=\"eael-grid-post  eael-post-grid-column eael-pg-post-8203 category-bienestar\" data-id=\"8203\">\n        <div class=\"eael-grid-post-holder\">\n            <div class=\"eael-grid-post-holder-inner\"><div class=\"eael-entry-media\"><div class=\"eael-entry-overlay fade-in\"><i class=\"far fa-hand-pointer\" aria-hidden=\"true\"><\/i><a href=\"https:\/\/soymigrante.com\/revista\/como-cuidar-la-alimentacion-de-tus-hijos-instituto-americano-de-salud-digiestiva\/\"><\/a><\/div><div class=\"eael-entry-thumbnail \">\n                <img loading=\"lazy\" decoding=\"async\" width=\"792\" height=\"792\" src=\"https:\/\/soymigrante.com\/revista\/wp-content\/uploads\/2024\/08\/ALIMENTACION-INFANTIL.webp\" class=\"attachment-large size-large wp-image-8242\" alt=\"Disfrutando de una rodaja de sand\u00eda, ni\u00f1a comiendo fruta refrescante, verano, saludable, en el parque, sonriente, saludable y feliz.\" srcset=\"https:\/\/soymigrante.com\/revista\/wp-content\/uploads\/2024\/08\/ALIMENTACION-INFANTIL.webp 792w, https:\/\/soymigrante.com\/revista\/wp-content\/uploads\/2024\/08\/ALIMENTACION-INFANTIL-300x300.webp 300w, https:\/\/soymigrante.com\/revista\/wp-content\/uploads\/2024\/08\/ALIMENTACION-INFANTIL-150x150.webp 150w, https:\/\/soymigrante.com\/revista\/wp-content\/uploads\/2024\/08\/ALIMENTACION-INFANTIL-768x768.webp 768w, https:\/\/soymigrante.com\/revista\/wp-content\/uploads\/2024\/08\/ALIMENTACION-INFANTIL-75x75.webp 75w, https:\/\/soymigrante.com\/revista\/wp-content\/uploads\/2024\/08\/ALIMENTACION-INFANTIL-750x750.webp 750w\" sizes=\"(max-width: 792px) 100vw, 792px\" \/>\n            <\/div>\n        <\/div><div class=\"eael-entry-wrapper\"><header class=\"eael-entry-header\"><h2 class=\"eael-entry-title\"><a class=\"eael-grid-post-link\" href=\"https:\/\/soymigrante.com\/revista\/como-cuidar-la-alimentacion-de-tus-hijos-instituto-americano-de-salud-digiestiva\/\" title=\"C\u00f3mo cuidar la alimentaci\u00f3n de tus hijos: instituto americano de salud digestiva\">C\u00f3mo cuidar la alimentaci\u00f3n de tus hijos: instituto americano de salud digestiva<\/a><\/h2><\/header><div class=\"eael-entry-content\">\n                        <div class=\"eael-grid-post-excerpt\"><a href=\"https:\/\/soymigrante.com\/revista\/como-cuidar-la-alimentacion-de-tus-hijos-instituto-americano-de-salud-digiestiva\/\" class=\"eael-post-elements-readmore-btn\">CONOCE SU HISTORIA <\/a><\/div>\n                    <\/div><\/div><\/div>\n        <\/div>\n    <\/article><article class=\"eael-grid-post  eael-post-grid-column eael-pg-post-2778 category-bienestar\" data-id=\"2778\">\n        <div class=\"eael-grid-post-holder\">\n            <div class=\"eael-grid-post-holder-inner\"><div class=\"eael-entry-media\"><div class=\"eael-entry-overlay fade-in\"><i class=\"far fa-hand-pointer\" aria-hidden=\"true\"><\/i><a href=\"https:\/\/soymigrante.com\/revista\/cambios-que-enfrentan-hijos-de-migrantes-al-partir-a-estados-unidos\/\"><\/a><\/div><div class=\"eael-entry-thumbnail \">\n                <img loading=\"lazy\" decoding=\"async\" width=\"1024\" height=\"1024\" src=\"https:\/\/soymigrante.com\/revista\/wp-content\/uploads\/2023\/10\/Es-importante-crear-un-vinculo-entre-padres-e-hijos-para-fortalecer-la-comunicacion-y-presencia-durante-su-desarrollo-y-crecimiento-scaled-e1722605110949-1024x1024.webp\" class=\"attachment-large size-large wp-image-2781\" alt=\"Es importante crear un vinculo entre padres e hijos para fortalecer la comunicaci\u00f3n y presencia durante su desarrollo y crecimiento\" srcset=\"https:\/\/soymigrante.com\/revista\/wp-content\/uploads\/2023\/10\/Es-importante-crear-un-vinculo-entre-padres-e-hijos-para-fortalecer-la-comunicacion-y-presencia-durante-su-desarrollo-y-crecimiento-scaled-e1722605110949-1024x1024.webp 1024w, https:\/\/soymigrante.com\/revista\/wp-content\/uploads\/2023\/10\/Es-importante-crear-un-vinculo-entre-padres-e-hijos-para-fortalecer-la-comunicacion-y-presencia-durante-su-desarrollo-y-crecimiento-scaled-e1722605110949-300x300.webp 300w, https:\/\/soymigrante.com\/revista\/wp-content\/uploads\/2023\/10\/Es-importante-crear-un-vinculo-entre-padres-e-hijos-para-fortalecer-la-comunicacion-y-presencia-durante-su-desarrollo-y-crecimiento-scaled-e1722605110949-150x150.webp 150w, https:\/\/soymigrante.com\/revista\/wp-content\/uploads\/2023\/10\/Es-importante-crear-un-vinculo-entre-padres-e-hijos-para-fortalecer-la-comunicacion-y-presencia-durante-su-desarrollo-y-crecimiento-scaled-e1722605110949-768x768.webp 768w, https:\/\/soymigrante.com\/revista\/wp-content\/uploads\/2023\/10\/Es-importante-crear-un-vinculo-entre-padres-e-hijos-para-fortalecer-la-comunicacion-y-presencia-durante-su-desarrollo-y-crecimiento-scaled-e1722605110949-75x75.webp 75w, https:\/\/soymigrante.com\/revista\/wp-content\/uploads\/2023\/10\/Es-importante-crear-un-vinculo-entre-padres-e-hijos-para-fortalecer-la-comunicacion-y-presencia-durante-su-desarrollo-y-crecimiento-scaled-e1722605110949-750x750.webp 750w, https:\/\/soymigrante.com\/revista\/wp-content\/uploads\/2023\/10\/Es-importante-crear-un-vinculo-entre-padres-e-hijos-para-fortalecer-la-comunicacion-y-presencia-durante-su-desarrollo-y-crecimiento-scaled-e1722605110949-1140x1140.webp 1140w, https:\/\/soymigrante.com\/revista\/wp-content\/uploads\/2023\/10\/Es-importante-crear-un-vinculo-entre-padres-e-hijos-para-fortalecer-la-comunicacion-y-presencia-durante-su-desarrollo-y-crecimiento-scaled-e1722605110949.webp 1318w\" sizes=\"(max-width: 1024px) 100vw, 1024px\" \/>\n            <\/div>\n        <\/div><div class=\"eael-entry-wrapper\"><header class=\"eael-entry-header\"><h2 class=\"eael-entry-title\"><a class=\"eael-grid-post-link\" href=\"https:\/\/soymigrante.com\/revista\/cambios-que-enfrentan-hijos-de-migrantes-al-partir-a-estados-unidos\/\" title=\"5 cambios que enfrentan hijos de migrantes al partir a Estados Unidos\">5 cambios que enfrentan hijos de migrantes al partir a Estados Unidos<\/a><\/h2><\/header><div class=\"eael-entry-content\">\n                        <div class=\"eael-grid-post-excerpt\"><a href=\"https:\/\/soymigrante.com\/revista\/cambios-que-enfrentan-hijos-de-migrantes-al-partir-a-estados-unidos\/\" class=\"eael-post-elements-readmore-btn\">CONOCE SU HISTORIA <\/a><\/div>\n                    <\/div><\/div><\/div>\n        <\/div>\n    <\/article><\/div>\n            <div class=\"clearfix\"><\/div>\n        <\/div>\t\t\t\t<\/div>\n\t\t\t\t\t<\/div>\n\t\t\t\t<\/div>\n\t\t\t\t<\/div>\n\t\t","protected":false},"excerpt":{"rendered":"<p>La distancia puede significar no estar durante el crecimiento y desarrollo de tus hijos, pero no debe ser un obst\u00e1culo para que crezcan sabiendo que los amas y que te importan, a pesar de vivir a kil\u00f3metros de distancia. Por ello te compartimos estos consejos. 1. Aprovecha la tecnolog\u00eda Utiliza aquellas aplicaciones que facilitan no [&hellip;]<\/p>\n","protected":false},"author":23,"featured_media":9215,"comment_status":"open","ping_status":"open","sticky":false,"template":"","format":"standard","meta":{"_acf_changed":true,"_eb_attr":"","footnotes":""},"categories":[55],"tags":[],"class_list":["post-9130","post","type-post","status-publish","format-standard","has-post-thumbnail","hentry","category-bienestar"],"acf":[],"aioseo_notices":[],"aioseo_head":"\n\t\t<!-- All in One SEO Pro 4.9.6.2 - aioseo.com -->\n\t<meta name=\"description\" content=\"La partida de uno de los padres o un familiar impacta en la vida familiar. Ni\u00f1os y j\u00f3venes tambi\u00e9n resienten este cambio y estos osn algunos aspectos a considerar.\" \/>\n\t<meta name=\"robots\" content=\"max-snippet:-1, max-image-preview:large, max-video-preview:-1\" \/>\n\t<meta name=\"author\" content=\"SoyMigrante.com REVISTA\"\/>\n\t<link rel=\"canonical\" href=\"https:\/\/soymigrante.com\/revista\/cambios-que-enfrentan-hijos-de-migrantes-al-partir-a-estados-unidos\/\" \/>\n\t<meta name=\"generator\" content=\"All in One SEO Pro (AIOSEO) 4.9.6.2\" \/>\n\n\t\t<link rel=\"preconnect\" href=\"https:\/\/fonts.googleapis.com\" crossorigin>\n<link rel=\"preconnect\" href=\"https:\/\/fonts.gstatic.com\" crossorigin>\n\t\t<meta property=\"og:locale\" content=\"es_ES\" \/>\n\t\t<meta property=\"og:site_name\" content=\"SoyMigrante.com REVISTA \u2013 Nuestra misi\u00f3n es reconocer y dignificar al migrante.\" \/>\n\t\t<meta property=\"og:type\" content=\"article\" \/>\n\t\t<meta property=\"og:title\" content=\"5 cambios que enfrentan hijos de migrantes al partir a EE.UU.\" \/>\n\t\t<meta property=\"og:description\" content=\"La partida de uno de los padres o un familiar impacta en la vida familiar. Ni\u00f1os y j\u00f3venes tambi\u00e9n resienten este cambio y estos osn algunos aspectos a considerar.\" \/>\n\t\t<meta property=\"og:url\" content=\"https:\/\/soymigrante.com\/revista\/cambios-que-enfrentan-hijos-de-migrantes-al-partir-a-estados-unidos\/\" \/>\n\t\t<meta property=\"og:image\" content=\"https:\/\/soymigrante.com\/revista\/wp-content\/uploads\/2023\/10\/Es-importante-crear-un-vinculo-entre-padres-e-hijos-para-fortalecer-la-comunicacion-y-presencia-durante-su-desarrollo-y-crecimiento-scaled-e1722605110949.webp\" \/>\n\t\t<meta property=\"og:image:secure_url\" content=\"https:\/\/soymigrante.com\/revista\/wp-content\/uploads\/2023\/10\/Es-importante-crear-un-vinculo-entre-padres-e-hijos-para-fortalecer-la-comunicacion-y-presencia-durante-su-desarrollo-y-crecimiento-scaled-e1722605110949.webp\" \/>\n\t\t<meta property=\"og:image:width\" content=\"1318\" \/>\n\t\t<meta property=\"og:image:height\" content=\"1318\" \/>\n\t\t<meta property=\"article:published_time\" content=\"2024-08-02T13:26:33+00:00\" \/>\n\t\t<meta property=\"article:modified_time\" content=\"2024-08-02T13:30:15+00:00\" \/>\n\t\t<meta property=\"article:publisher\" content=\"https:\/\/www.facebook.com\/soymigrantecom\" \/>\n\t\t<meta name=\"twitter:card\" content=\"summary_large_image\" \/>\n\t\t<meta name=\"twitter:site\" content=\"@SoyMigrante_com\" \/>\n\t\t<meta name=\"twitter:title\" content=\"5 cambios que enfrentan hijos de migrantes al partir a EE.UU.\" \/>\n\t\t<meta name=\"twitter:description\" content=\"La partida de uno de los padres o un familiar impacta en la vida familiar. Ni\u00f1os y j\u00f3venes tambi\u00e9n resienten este cambio y estos osn algunos aspectos a considerar.\" \/>\n\t\t<meta name=\"twitter:creator\" content=\"@SoyMigrante_com\" \/>\n\t\t<meta name=\"twitter:image\" content=\"https:\/\/soymigrante.com\/revista\/wp-content\/uploads\/2023\/10\/Es-importante-crear-un-vinculo-entre-padres-e-hijos-para-fortalecer-la-comunicacion-y-presencia-durante-su-desarrollo-y-crecimiento-scaled-e1722605110949.webp\" \/>\n\t\t<!-- All in One SEO Pro -->\r\n\t\t<title>5 cambios que enfrentan hijos de migrantes al partir a EE.UU.<\/title>\n\n","aioseo_head_json":{"title":"5 cambios que enfrentan hijos de migrantes al partir a EE.UU.","description":"La partida de uno de los padres o un familiar impacta en la vida familiar. Ni\u00f1os y j\u00f3venes tambi\u00e9n resienten este cambio y estos osn algunos aspectos a considerar.","canonical_url":"https:\/\/soymigrante.com\/revista\/cambios-que-enfrentan-hijos-de-migrantes-al-partir-a-estados-unidos\/","robots":"max-snippet:-1, max-image-preview:large, max-video-preview:-1","keywords":"","webmasterTools":{"miscellaneous":"&lt;link rel=\"preconnect\" href=\"https:\/\/fonts.googleapis.com\" crossorigin&gt;\n&lt;link rel=\"preconnect\" href=\"https:\/\/fonts.gstatic.com\" crossorigin&gt;"},"schema":null,"og:locale":"es_ES","og:site_name":"SoyMigrante.com REVISTA \u2013 Nuestra misi\u00f3n es reconocer y dignificar al migrante.","og:type":"article","og:title":"5 cambios que enfrentan hijos de migrantes al partir a EE.UU.","og:description":"La partida de uno de los padres o un familiar impacta en la vida familiar. Ni\u00f1os y j\u00f3venes tambi\u00e9n resienten este cambio y estos osn algunos aspectos a considerar.","og:url":"https:\/\/soymigrante.com\/revista\/cambios-que-enfrentan-hijos-de-migrantes-al-partir-a-estados-unidos\/","og:image":"https:\/\/soymigrante.com\/revista\/wp-content\/uploads\/2023\/10\/Es-importante-crear-un-vinculo-entre-padres-e-hijos-para-fortalecer-la-comunicacion-y-presencia-durante-su-desarrollo-y-crecimiento-scaled-e1722605110949.webp","og:image:secure_url":"https:\/\/soymigrante.com\/revista\/wp-content\/uploads\/2023\/10\/Es-importante-crear-un-vinculo-entre-padres-e-hijos-para-fortalecer-la-comunicacion-y-presencia-durante-su-desarrollo-y-crecimiento-scaled-e1722605110949.webp","og:image:width":1318,"og:image:height":1318,"article:published_time":"2024-08-02T13:26:33+00:00","article:modified_time":"2024-08-02T13:30:15+00:00","article:publisher":"https:\/\/www.facebook.com\/soymigrantecom","twitter:card":"summary_large_image","twitter:site":"@SoyMigrante_com","twitter:title":"5 cambios que enfrentan hijos de migrantes al partir a EE.UU.","twitter:description":"La partida de uno de los padres o un familiar impacta en la vida familiar. Ni\u00f1os y j\u00f3venes tambi\u00e9n resienten este cambio y estos osn algunos aspectos a considerar.","twitter:creator":"@SoyMigrante_com","twitter:image":"https:\/\/soymigrante.com\/revista\/wp-content\/uploads\/2023\/10\/Es-importante-crear-un-vinculo-entre-padres-e-hijos-para-fortalecer-la-comunicacion-y-presencia-durante-su-desarrollo-y-crecimiento-scaled-e1722605110949.webp"},"aioseo_meta_data":{"post_id":"9130","title":"\u00bfLejps de tus hijos? Claves para la comunicaci\u00f3n a distancia","description":"La buena comunicaci\u00f3n con tus hijos es fundamental para no romper el lazo y el desarrollo de ellos en la familia, a pesar de la distancia.","keywords":null,"keyphrases":{"focus":{"keyphrase":"Hijos","score":91,"analysis":{"keyphraseInTitle":{"score":9,"maxScore":9,"error":0},"keyphraseInDescription":{"score":9,"maxScore":9,"error":0},"keyphraseLength":{"score":9,"maxScore":9,"error":0,"length":1},"keyphraseInURL":{"score":5,"maxScore":5,"error":0},"keyphraseInIntroduction":{"score":9,"maxScore":9,"error":0},"keyphraseInSubHeadings":{"score":3,"maxScore":9,"error":1},"keyphraseInImageAlt":{"score":9,"maxScore":9,"error":0},"keywordDensity":{"type":"best","score":9,"maxScore":9,"error":0}}},"additional":[{"keyphrase":"comunicaci\u00f3n","score":87,"analysis":{"keyphraseInDescription":{"score":9,"maxScore":9,"error":0},"keyphraseLength":{"score":9,"maxScore":9,"error":0,"length":2},"keyphraseInIntroduction":{"score":3,"maxScore":9,"error":1},"keyphraseInImageAlt":{"score":9,"maxScore":9,"error":0},"keywordDensity":{"type":"best","score":9,"maxScore":9,"error":0}}},{"keyphrase":"comunicaci\u00f3n a distancia","score":53,"analysis":{"keyphraseInDescription":{"score":3,"maxScore":9,"error":1},"keyphraseLength":{"score":9,"maxScore":9,"error":0,"length":4},"keyphraseInIntroduction":{"score":3,"maxScore":9,"error":1},"keyphraseInImageAlt":{"score":9,"maxScore":9,"error":0},"keywordDensity":{"score":0,"type":"low","maxScore":9,"error":1}}}]},"primary_term":null,"canonical_url":null,"og_title":null,"og_description":null,"og_object_type":"default","og_image_type":"default","og_image_url":null,"og_image_width":null,"og_image_height":null,"og_image_custom_url":null,"og_image_custom_fields":null,"og_video":"","og_custom_url":null,"og_article_section":null,"og_article_tags":null,"twitter_use_og":false,"twitter_card":"default","twitter_image_type":"default","twitter_image_url":null,"twitter_image_custom_url":null,"twitter_image_custom_fields":null,"twitter_title":null,"twitter_description":null,"schema":{"blockGraphs":[],"customGraphs":[],"default":{"data":{"Article":[],"Course":[],"Dataset":[],"FAQPage":[],"Movie":[],"Person":[],"Product":[],"ProductReview":[],"Car":[],"Recipe":[],"Service":[],"SoftwareApplication":[],"WebPage":[]},"graphName":"Article","isEnabled":true},"graphs":[]},"schema_type":"default","schema_type_options":null,"pillar_content":false,"robots_default":true,"robots_noindex":false,"robots_noarchive":false,"robots_nosnippet":false,"robots_nofollow":false,"robots_noimageindex":false,"robots_noodp":false,"robots_notranslate":false,"robots_max_snippet":"-1","robots_max_videopreview":"-1","robots_max_imagepreview":"large","priority":null,"frequency":"default","local_seo":null,"seo_analyzer_scan_date":"2025-10-08 23:02:28","breadcrumb_settings":null,"limit_modified_date":false,"reviewed_by":null,"open_ai":"{\"title\":{\"suggestions\":[],\"usage\":0},\"description\":{\"suggestions\":[],\"usage\":0}}","ai":null,"created":"2024-09-12 16:38:33","updated":"2026-02-04 12:58:47"},"aioseo_breadcrumb":"<div class=\"aioseo-breadcrumbs\"><span class=\"aioseo-breadcrumb\">\n\t<a href=\"https:\/\/soymigrante.com\/revista\" title=\"Home\">Home<\/a>\n<\/span><span class=\"aioseo-breadcrumb-separator\">\u00bb<\/span><span class=\"aioseo-breadcrumb\">\n\t<a href=\"https:\/\/soymigrante.com\/revista\/category\/bienestar\/\" title=\"Bienestar\">Bienestar<\/a>\n<\/span><span class=\"aioseo-breadcrumb-separator\">\u00bb<\/span><span class=\"aioseo-breadcrumb\">\n\t\u00bfEst\u00e1s lejos de tus hijos? Seis claves para mantener una comunicaci\u00f3n efectiva\n<\/span><\/div>","aioseo_breadcrumb_json":[{"label":"Home","link":"https:\/\/soymigrante.com\/revista"},{"label":"Bienestar","link":"https:\/\/soymigrante.com\/revista\/category\/bienestar\/"},{"label":"\u00bfEst\u00e1s lejos de tus hijos? Seis claves para mantener una comunicaci\u00f3n efectiva","link":"https:\/\/soymigrante.com\/revista\/estas-lejos-de-tus-hijos-seis-claves-para-mantener-una-comunicacion-efectiva\/"}],"_links":{"self":[{"href":"https:\/\/soymigrante.com\/revista\/wp-json\/wp\/v2\/posts\/9130","targetHints":{"allow":["GET"]}}],"collection":[{"href":"https:\/\/soymigrante.com\/revista\/wp-json\/wp\/v2\/posts"}],"about":[{"href":"https:\/\/soymigrante.com\/revista\/wp-json\/wp\/v2\/types\/post"}],"author":[{"embeddable":true,"href":"https:\/\/soymigrante.com\/revista\/wp-json\/wp\/v2\/users\/23"}],"replies":[{"embeddable":true,"href":"https:\/\/soymigrante.com\/revista\/wp-json\/wp\/v2\/comments?post=9130"}],"version-history":[{"count":0,"href":"https:\/\/soymigrante.com\/revista\/wp-json\/wp\/v2\/posts\/9130\/revisions"}],"wp:featuredmedia":[{"embeddable":true,"href":"https:\/\/soymigrante.com\/revista\/wp-json\/wp\/v2\/media\/9215"}],"wp:attachment":[{"href":"https:\/\/soymigrante.com\/revista\/wp-json\/wp\/v2\/media?parent=9130"}],"wp:term":[{"taxonomy":"category","embeddable":true,"href":"https:\/\/soymigrante.com\/revista\/wp-json\/wp\/v2\/categories?post=9130"},{"taxonomy":"post_tag","embeddable":true,"href":"https:\/\/soymigrante.com\/revista\/wp-json\/wp\/v2\/tags?post=9130"}],"curies":[{"name":"wp","href":"https:\/\/api.w.org\/{rel}","templated":true}]}}