{"id":9129,"date":"2024-09-20T11:10:12","date_gmt":"2024-09-20T17:10:12","guid":{"rendered":"https:\/\/soymigrante.com\/revista\/?p=9129"},"modified":"2024-11-02T13:57:25","modified_gmt":"2024-11-02T19:57:25","slug":"pueblo-tzutujil-se-cobija-en-el-lago-atitlan-hace-mas-de-7-siglos","status":"publish","type":"post","link":"https:\/\/soymigrante.com\/revista\/pueblo-tzutujil-se-cobija-en-el-lago-atitlan-hace-mas-de-7-siglos\/","title":{"rendered":"Pueblo Tz&#8217;utujil lleva m\u00e1s de 700 a\u00f1os en las riberas del  lago de Atitl\u00e1n"},"content":{"rendered":"\t\t<div data-elementor-type=\"wp-post\" data-elementor-id=\"9129\" class=\"elementor elementor-9129\" data-elementor-post-type=\"post\">\n\t\t\t\t<div data-particle_enable=\"false\" data-particle-mobile-disabled=\"false\" class=\"elementor-element elementor-element-ce53091 e-flex e-con-boxed e-con e-parent\" data-id=\"ce53091\" data-element_type=\"container\" data-e-type=\"container\">\n\t\t\t\t\t<div class=\"e-con-inner\">\n\t\t\t\t<div class=\"elementor-element elementor-element-2f04fb9 elementor-widget elementor-widget-heading\" data-id=\"2f04fb9\" data-element_type=\"widget\" data-e-type=\"widget\" data-widget_type=\"heading.default\">\n\t\t\t\t\t<h2 class=\"elementor-heading-title elementor-size-default\">El nombre de esta comunidad proviene del t\u00e9rmino  Aj tz' utujila' que significa \"gente que viene del lugar de la flor del ma\u00edz\". Actualmente con 106 mil habitantes viven en Solol\u00e1 y Suchitep\u00e9quez, desde 1250.  <\/h2>\t\t\t\t<\/div>\n\t\t\t\t\t<\/div>\n\t\t\t\t<\/div>\n\t\t<div data-particle_enable=\"false\" data-particle-mobile-disabled=\"false\" class=\"elementor-element elementor-element-a853f4f e-flex e-con-boxed e-con e-parent\" data-id=\"a853f4f\" data-element_type=\"container\" data-e-type=\"container\">\n\t\t\t\t\t<div class=\"e-con-inner\">\n\t\t\t\t<div class=\"elementor-element elementor-element-8bb52f3 elementor-widget elementor-widget-text-editor\" data-id=\"8bb52f3\" data-element_type=\"widget\" data-e-type=\"widget\" data-widget_type=\"text-editor.default\">\n\t\t\t\t\t\t\t\t\t<p>Seg\u00fan los cronistas coloniales los Tz&#8217;utujil construyeron su capital en la parte alta de un cerro llamado Chiya&#8217; -Atitl\u00e1n-\u00a0 en idioma n\u00e1huatl que significa \u201ccerca del agua\u201d.\u00a0 Este lugar tambi\u00e9n se conoce como Chuitinamit.<\/p><p>El pueblo Tz\u2019utujil se extiende por los municipios de: San Juan la Laguna, San Lucas Tolim\u00e1n, San Pablo la Laguna, San Pedro la Laguna, Santa Mar\u00eda Visitaci\u00f3n y Santiago Atitl\u00e1n, del departamento de Solol\u00e1; adem\u00e1s Chicacao y San Miguel Pan\u00e1n, municipios del departamento de Suchitep\u00e9quez. Ocupa una extensi\u00f3n territorial de 592 kil\u00f3metros cuadrados.<\/p>\t\t\t\t\t\t\t\t<\/div>\n\t\t\t\t<div class=\"elementor-element elementor-element-f14a77a elementor-widget elementor-widget-video\" data-id=\"f14a77a\" data-element_type=\"widget\" data-e-type=\"widget\" data-settings=\"{&quot;youtube_url&quot;:&quot;https:\\\/\\\/www.youtube.com\\\/watch?v=OhTbBLcg5RY&quot;,&quot;video_type&quot;:&quot;youtube&quot;,&quot;controls&quot;:&quot;yes&quot;}\" data-widget_type=\"video.default\">\n\t\t\t\t\t\t\t<div class=\"elementor-wrapper elementor-open-inline\">\n\t\t\t<div class=\"elementor-video\"><\/div>\t\t<\/div>\n\t\t\t\t\t\t<\/div>\n\t\t\t\t\t<\/div>\n\t\t\t\t<\/div>\n\t\t<div data-particle_enable=\"false\" data-particle-mobile-disabled=\"false\" class=\"elementor-element elementor-element-932f56e e-flex e-con-boxed e-con e-parent\" data-id=\"932f56e\" data-element_type=\"container\" data-e-type=\"container\">\n\t\t\t\t\t<div class=\"e-con-inner\">\n\t\t\t\t<div class=\"elementor-element elementor-element-74d1bd3 elementor-widget elementor-widget-text-editor\" data-id=\"74d1bd3\" data-element_type=\"widget\" data-e-type=\"widget\" data-widget_type=\"text-editor.default\">\n\t\t\t\t\t\t\t\t\t<p><span style=\"text-align: var(--text-align);\">Los or\u00edgenes del pueblo Tz&#8217;utujil son remotos. El Memorial de Tecp\u00e1n Atitl\u00e1n refiere: &#8220;Entonces nos fue mandado venir junto con nuestras madres y nuestros padres, a nosotros los de los trece grupos, de las siete tribus, los trece grupos de guerreros\u2026\u201d\u00a0\u00a0<\/span><\/p><p><span style=\"color: var( --e-global-color-text ); text-align: var(--text-align);\">Los Tz&#8217;utujil eran due\u00f1os de los pueblos a orillas del\u00a0 lago Atitl\u00e1n, de la bocacosta y el oeste de Suchitep\u00e9quez.\u00a0 Pero\u00a0 los K&#8217;iche&#8217; y Kaqchikel se apropiaron de esas tierras, explotaon sus productos y controlaron las rutas de comercio.\u00a0 Durante el siglo XIV, los K&#8217;iche&#8217; se apropiaron de Chiya&#8217;.\u00a0<\/span><\/p>\t\t\t\t\t\t\t\t<\/div>\n\t\t\t\t\t<\/div>\n\t\t\t\t<\/div>\n\t\t<div data-particle_enable=\"false\" data-particle-mobile-disabled=\"false\" class=\"elementor-element elementor-element-65703be e-flex e-con-boxed e-con e-parent\" data-id=\"65703be\" data-element_type=\"container\" data-e-type=\"container\">\n\t\t\t\t\t<div class=\"e-con-inner\">\n\t\t\t\t<div class=\"elementor-element elementor-element-8d7544b elementor-widget elementor-widget-video\" data-id=\"8d7544b\" data-element_type=\"widget\" data-e-type=\"widget\" data-settings=\"{&quot;youtube_url&quot;:&quot;https:\\\/\\\/www.youtube.com\\\/watch?v=OfiPmQ83sB8&quot;,&quot;video_type&quot;:&quot;youtube&quot;,&quot;controls&quot;:&quot;yes&quot;}\" data-widget_type=\"video.default\">\n\t\t\t\t\t\t\t<div class=\"elementor-wrapper elementor-open-inline\">\n\t\t\t<div class=\"elementor-video\"><\/div>\t\t<\/div>\n\t\t\t\t\t\t<\/div>\n\t\t\t\t\t<\/div>\n\t\t\t\t<\/div>\n\t\t<div data-particle_enable=\"false\" data-particle-mobile-disabled=\"false\" class=\"elementor-element elementor-element-58ddc22 e-flex e-con-boxed e-con e-parent\" data-id=\"58ddc22\" data-element_type=\"container\" data-e-type=\"container\">\n\t\t\t\t\t<div class=\"e-con-inner\">\n\t\t\t\t<div class=\"elementor-element elementor-element-98f54e0 elementor-widget elementor-widget-heading\" data-id=\"98f54e0\" data-element_type=\"widget\" data-e-type=\"widget\" data-widget_type=\"heading.default\">\n\t\t\t\t\t<h2 class=\"elementor-heading-title elementor-size-default\">Ra\u00edces hist\u00f3ricas y de identidad<\/h2>\t\t\t\t<\/div>\n\t\t\t\t\t<\/div>\n\t\t\t\t<\/div>\n\t\t<div data-particle_enable=\"false\" data-particle-mobile-disabled=\"false\" class=\"elementor-element elementor-element-ab9505f e-flex e-con-boxed e-con e-parent\" data-id=\"ab9505f\" data-element_type=\"container\" data-e-type=\"container\">\n\t\t\t\t\t<div class=\"e-con-inner\">\n\t\t\t\t<div class=\"elementor-element elementor-element-8b03fc7 elementor-widget elementor-widget-text-editor\" data-id=\"8b03fc7\" data-element_type=\"widget\" data-e-type=\"widget\" data-widget_type=\"text-editor.default\">\n\t\t\t\t\t\t\t\t\t<p><span style=\"text-align: var(--text-align)\">Chiya\u2019, era una fortaleza situado en un cerro al norte del actual Santiago Atitl\u00e1n, contaba con templos con escalinatas en los cuatro lados y juegos de pelota.\u00a0 Actualmente toda esta \u00e1rea abunda en sitios con vestigios arqueol\u00f3gicos de edificaciones precolombinas que reflejan el adelanto de esta cultura.<\/span><\/p><p><span style=\"color: var( --e-global-color-text );text-align: var(--text-align)\">Pedro de Alvarado escribi\u00f3 que los Tz&#8217;utujil \u201c\u2026ten\u00edan varias fortalezas a orillas de Atitl\u00e1n, eran poderosos y valientes guerreros\u201d.\u00a0 La corte de Ahtziquinejay, se extend\u00eda hasta la costa del Pac\u00edfico con plantaciones de cacao y ma\u00edz. En 1541 el religioso franciscano Gonzalo M\u00e9ndez fund\u00f3 el pueblo de Santiago Atitl\u00e1n, el cual en 1585 dio en encomienda a Sancho de Barahona.\u00a0 Tambi\u00e9n estaban habitados los actuales San Pedro La Laguna y San Lucas Tolim\u00e1n.<\/span><\/p>\t\t\t\t\t\t\t\t<\/div>\n\t\t\t\t<div class=\"elementor-element elementor-element-9959011 elementor-widget elementor-widget-image\" data-id=\"9959011\" data-element_type=\"widget\" data-e-type=\"widget\" data-widget_type=\"image.default\">\n\t\t\t\t\t\t\t\t\t\t\t\t\t\t\t<img fetchpriority=\"high\" decoding=\"async\" width=\"699\" height=\"650\" src=\"https:\/\/soymigrante.com\/revista\/wp-content\/uploads\/2024\/09\/mapa-linguistico-Tzutujil-Min-de-Educ-2.webp\" class=\"attachment-large size-large wp-image-9154\" alt=\"Solol\u00e1 y Lago Atitl\u00e1n, maravillas naturales en Guatemala, reconocidas por su belleza, cultura y turismo en la regi\u00f3n del altiplano guatemalteco.\" srcset=\"https:\/\/soymigrante.com\/revista\/wp-content\/uploads\/2024\/09\/mapa-linguistico-Tzutujil-Min-de-Educ-2.webp 699w, https:\/\/soymigrante.com\/revista\/wp-content\/uploads\/2024\/09\/mapa-linguistico-Tzutujil-Min-de-Educ-2-300x279.webp 300w\" sizes=\"(max-width: 699px) 100vw, 699px\" title=\"Mapa ling\u00fc\u00edstico Tz&#039;utujil (Fuente: Ministerio de Educaci\u00f3n de Guatemala). \u2013 SoyMigrante.com REVISTA\" \/>\t\t\t\t\t\t\t\t\t\t\t\t\t\t\t<\/div>\n\t\t\t\t<div class=\"elementor-element elementor-element-06b0634 elementor-widget elementor-widget-text-editor\" data-id=\"06b0634\" data-element_type=\"widget\" data-e-type=\"widget\" data-widget_type=\"text-editor.default\">\n\t\t\t\t\t\t\t\t\t<p>Mapa Ling\u00fc\u00edstico Tz&#8217;utujil. Fuente: Ministerio de Educaci\u00f3n de Guatemala.<\/p>\t\t\t\t\t\t\t\t<\/div>\n\t\t\t\t\t<\/div>\n\t\t\t\t<\/div>\n\t\t<div data-particle_enable=\"false\" data-particle-mobile-disabled=\"false\" class=\"elementor-element elementor-element-1de944a e-flex e-con-boxed e-con e-parent\" data-id=\"1de944a\" data-element_type=\"container\" data-e-type=\"container\">\n\t\t\t\t\t<div class=\"e-con-inner\">\n\t\t\t\t<div class=\"elementor-element elementor-element-4933fd4 elementor-widget elementor-widget-text-editor\" data-id=\"4933fd4\" data-element_type=\"widget\" data-e-type=\"widget\" data-widget_type=\"text-editor.default\">\n\t\t\t\t\t\t\t\t\t<p>Como todas los grupos mayas en Guatemala, los Tz\u2019utujil fueron congregaron en pueblos, se impusieron tributos, hubo explotaci\u00f3n, trabajos forzados y despojo de tierras.\u00a0 Actualmente la mayor parte del territorio Tz\u2019utujil est\u00e1 dividido en peque\u00f1as parcelas para el cultivo de subsistencia.\u00a0 El ma\u00edz es el producto m\u00e1s antiguo.\u00a0 Los pobladores de San Pedro la Laguna lo han clasificado y saben sembrar y cultivar en \u201ctierra fr\u00eda\u201d y en \u201ctierra caliente\u201d que permite dos cosechas al a\u00f1o.<\/p>\t\t\t\t\t\t\t\t<\/div>\n\t\t\t\t\t<\/div>\n\t\t\t\t<\/div>\n\t\t<div data-particle_enable=\"false\" data-particle-mobile-disabled=\"false\" class=\"elementor-element elementor-element-6007b01 e-flex e-con-boxed e-con e-parent\" data-id=\"6007b01\" data-element_type=\"container\" data-e-type=\"container\">\n\t\t\t\t\t<div class=\"e-con-inner\">\n\t\t\t\t<div class=\"elementor-element elementor-element-2204028 elementor-widget elementor-widget-video\" data-id=\"2204028\" data-element_type=\"widget\" data-e-type=\"widget\" data-settings=\"{&quot;youtube_url&quot;:&quot;https:\\\/\\\/www.youtube.com\\\/watch?v=OXjrGDynPG4&quot;,&quot;video_type&quot;:&quot;youtube&quot;,&quot;controls&quot;:&quot;yes&quot;}\" data-widget_type=\"video.default\">\n\t\t\t\t\t\t\t<div class=\"elementor-wrapper elementor-open-inline\">\n\t\t\t<div class=\"elementor-video\"><\/div>\t\t<\/div>\n\t\t\t\t\t\t<\/div>\n\t\t\t\t\t<\/div>\n\t\t\t\t<\/div>\n\t\t<div data-particle_enable=\"false\" data-particle-mobile-disabled=\"false\" class=\"elementor-element elementor-element-54dbabd e-flex e-con-boxed e-con e-parent\" data-id=\"54dbabd\" data-element_type=\"container\" data-e-type=\"container\">\n\t\t\t\t\t<div class=\"e-con-inner\">\n\t\t\t\t<div class=\"elementor-element elementor-element-b24638f elementor-widget elementor-widget-text-editor\" data-id=\"b24638f\" data-element_type=\"widget\" data-e-type=\"widget\" data-widget_type=\"text-editor.default\">\n\t\t\t\t\t\t\t\t\t<p><span style=\"color: var( --e-global-color-text );text-align: var(--text-align)\">VIDEO 2 &#8211; Santiago Atitl\u00e1n \u2013 Bendici\u00f3n del ma\u00edz (ritual: Nicol\u00e1s Toj)\u00a0 \u00a0 \u00a0<\/span><a style=\"font-family: Calibri, sans-serif;font-size: 12pt;text-align: var(--text-align)\" href=\"https:\/\/youtu.be\/oWwPPY4iMa8\">https:\/\/youtu.be\/oWwPPY4iMa8<\/a><\/p><p>\u00a0<\/p>\t\t\t\t\t\t\t\t<\/div>\n\t\t\t\t\t<\/div>\n\t\t\t\t<\/div>\n\t\t<div data-particle_enable=\"false\" data-particle-mobile-disabled=\"false\" class=\"elementor-element elementor-element-0bc6b67 e-flex e-con-boxed e-con e-parent\" data-id=\"0bc6b67\" data-element_type=\"container\" data-e-type=\"container\">\n\t\t\t\t\t<div class=\"e-con-inner\">\n\t\t\t\t<div class=\"elementor-element elementor-element-c4cdd69 elementor-widget elementor-widget-image\" data-id=\"c4cdd69\" data-element_type=\"widget\" data-e-type=\"widget\" data-widget_type=\"image.default\">\n\t\t\t\t\t\t\t\t\t\t\t\t<figure class=\"wp-caption\">\n\t\t\t\t\t\t\t\t\t\t<img decoding=\"async\" width=\"768\" height=\"512\" src=\"https:\/\/soymigrante.com\/revista\/wp-content\/uploads\/2024\/09\/tzutujil-1024x683.webp\" class=\"attachment-large size-large wp-image-9516\" alt=\"Multigeneracional familia ind\u00edgena guatemalteca con vestimenta tradicional, en naturaleza frente a un lago y monta\u00f1as al atardecer, resaltando cultura y ra\u00edces ancestrales.\" srcset=\"https:\/\/soymigrante.com\/revista\/wp-content\/uploads\/2024\/09\/tzutujil-1024x683.webp 1024w, https:\/\/soymigrante.com\/revista\/wp-content\/uploads\/2024\/09\/tzutujil-300x200.webp 300w, https:\/\/soymigrante.com\/revista\/wp-content\/uploads\/2024\/09\/tzutujil-768x512.webp 768w, https:\/\/soymigrante.com\/revista\/wp-content\/uploads\/2024\/09\/tzutujil-1536x1024.webp 1536w, https:\/\/soymigrante.com\/revista\/wp-content\/uploads\/2024\/09\/tzutujil-750x500.webp 750w, https:\/\/soymigrante.com\/revista\/wp-content\/uploads\/2024\/09\/tzutujil-1140x760.webp 1140w, https:\/\/soymigrante.com\/revista\/wp-content\/uploads\/2024\/09\/tzutujil.webp 1920w\" sizes=\"(max-width: 768px) 100vw, 768px\" title=\"El artista Tz&#039;utujil Juan Bautista Navichoc comparte esta fotograf\u00eda de su archivo personal junto a su familia, tomada en San Pedro La Laguna, y al fondo se aprecia el Lago de Atitl\u00e1n. Retrato tomado por Carlos Francisco Pop \u2013 SoyMigrante.com REVISTA\" \/>\t\t\t\t\t\t\t\t\t\t\t<figcaption class=\"widget-image-caption wp-caption-text\">Familia ind\u00edgena guatemalteca en vestimentas tradicionales, disfrutando de un momento cultural en un entorno natural con monta\u00f1as, lago y atardecer, reflejando identidad y patrimonio.<\/figcaption>\n\t\t\t\t\t\t\t\t\t\t<\/figure>\n\t\t\t\t\t\t\t\t\t<\/div>\n\t\t\t\t\t<\/div>\n\t\t\t\t<\/div>\n\t\t<div data-particle_enable=\"false\" data-particle-mobile-disabled=\"false\" class=\"elementor-element elementor-element-252ed69 e-flex e-con-boxed e-con e-parent\" data-id=\"252ed69\" data-element_type=\"container\" data-e-type=\"container\">\n\t\t\t\t\t<div class=\"e-con-inner\">\n\t\t\t\t<div class=\"elementor-element elementor-element-989a7b1 elementor-widget elementor-widget-heading\" data-id=\"989a7b1\" data-element_type=\"widget\" data-e-type=\"widget\" data-widget_type=\"heading.default\">\n\t\t\t\t\t<h2 class=\"elementor-heading-title elementor-size-default\">Atuendo tradicional Tz'utujil<\/h2>\t\t\t\t<\/div>\n\t\t\t\t\t<\/div>\n\t\t\t\t<\/div>\n\t\t<div data-particle_enable=\"false\" data-particle-mobile-disabled=\"false\" class=\"elementor-element elementor-element-bf421e7 e-flex e-con-boxed e-con e-parent\" data-id=\"bf421e7\" data-element_type=\"container\" data-e-type=\"container\">\n\t\t\t\t\t<div class=\"e-con-inner\">\n\t\t\t\t<div class=\"elementor-element elementor-element-f90a8f7 elementor-widget elementor-widget-text-editor\" data-id=\"f90a8f7\" data-element_type=\"widget\" data-e-type=\"widget\" data-widget_type=\"text-editor.default\">\n\t\t\t\t\t\t\t\t\t<p>El\u00a0 hombre usa una especie de pantal\u00f3n de mangas anchas llamado \u201cnskaw\u201d, el cual se sujeta a la cintura por medio de la \u201cp\u2019aaz\u201d (faja). A la camisa le dicen \u201ctziaq\u201d.\u00a0 Tradicionalmente los lienzos para el pantal\u00f3n y la camisa los\u00a0 elaboraban en telar de cintura, la esposa, madre o hija del var\u00f3n que lo vistir\u00eda.\u00a0 \u00a0De uso generalizado ha sido el sombrero de petate o fieltro, influencia del vestir espa\u00f1ol.\u00a0 Durante el siglo XX, se\u00a0 usaron sandalias o caites, ahora sustituidos por zapatos de materiales sint\u00e9ticos y dise\u00f1os deportivos.<\/p>\t\t\t\t\t\t\t\t<\/div>\n\t\t\t\t\t<\/div>\n\t\t\t\t<\/div>\n\t\t<div data-particle_enable=\"false\" data-particle-mobile-disabled=\"false\" class=\"elementor-element elementor-element-2cd4e57 e-flex e-con-boxed e-con e-parent\" data-id=\"2cd4e57\" data-element_type=\"container\" data-e-type=\"container\">\n\t\t\t\t\t<div class=\"e-con-inner\">\n\t\t\t\t<div class=\"elementor-element elementor-element-59facc0 elementor-widget elementor-widget-image\" data-id=\"59facc0\" data-element_type=\"widget\" data-e-type=\"widget\" data-widget_type=\"image.default\">\n\t\t\t\t\t\t\t\t\t\t\t\t<figure class=\"wp-caption\">\n\t\t\t\t\t\t\t\t\t\t<img decoding=\"async\" width=\"696\" height=\"1024\" src=\"https:\/\/soymigrante.com\/revista\/wp-content\/uploads\/2024\/09\/San-Juan-La-Laguna-Solola-Rabin-Ajaw-2024-Arly-Paola-Cholotio-Vasquez-EDIT-696x1024.webp\" class=\"attachment-large size-large wp-image-9167\" alt=\"Vestido tradicional de una mujer ind\u00edgena en una celebraci\u00f3n cultural en Guatemala, destacando la riqueza de las culturas originarias en am\u00e9rica central y la importancia de preservar las tradiciones ancestrales.\" srcset=\"https:\/\/soymigrante.com\/revista\/wp-content\/uploads\/2024\/09\/San-Juan-La-Laguna-Solola-Rabin-Ajaw-2024-Arly-Paola-Cholotio-Vasquez-EDIT-696x1024.webp 696w, https:\/\/soymigrante.com\/revista\/wp-content\/uploads\/2024\/09\/San-Juan-La-Laguna-Solola-Rabin-Ajaw-2024-Arly-Paola-Cholotio-Vasquez-EDIT-204x300.webp 204w, https:\/\/soymigrante.com\/revista\/wp-content\/uploads\/2024\/09\/San-Juan-La-Laguna-Solola-Rabin-Ajaw-2024-Arly-Paola-Cholotio-Vasquez-EDIT-768x1129.webp 768w, https:\/\/soymigrante.com\/revista\/wp-content\/uploads\/2024\/09\/San-Juan-La-Laguna-Solola-Rabin-Ajaw-2024-Arly-Paola-Cholotio-Vasquez-EDIT-1045x1536.webp 1045w, https:\/\/soymigrante.com\/revista\/wp-content\/uploads\/2024\/09\/San-Juan-La-Laguna-Solola-Rabin-Ajaw-2024-Arly-Paola-Cholotio-Vasquez-EDIT-750x1103.webp 750w, https:\/\/soymigrante.com\/revista\/wp-content\/uploads\/2024\/09\/San-Juan-La-Laguna-Solola-Rabin-Ajaw-2024-Arly-Paola-Cholotio-Vasquez-EDIT-1140x1676.webp 1140w, https:\/\/soymigrante.com\/revista\/wp-content\/uploads\/2024\/09\/San-Juan-La-Laguna-Solola-Rabin-Ajaw-2024-Arly-Paola-Cholotio-Vasquez-EDIT.webp 1152w\" sizes=\"(max-width: 696px) 100vw, 696px\" title=\"Arly Paola Cholot\u00edo V\u00e1squez, Rab\u00edn Ajaw 2024-25, originaria de San Juan La Laguna, Solol\u00e1 , Guatemala. (Foto: Muni Santiago Atitl\u00e1n). \u2013 SoyMigrante.com REVISTA\" \/>\t\t\t\t\t\t\t\t\t\t\t<figcaption class=\"widget-image-caption wp-caption-text\">Arly Paola Cholot\u00edo V\u00e1squez, Rab\u00edn Ajaw 2024-25, originaria de San Juan La Laguna, Solol\u00e1 , Guatemala. (Foto: Muni Santiago Atitl\u00e1n).<\/figcaption>\n\t\t\t\t\t\t\t\t\t\t<\/figure>\n\t\t\t\t\t\t\t\t\t<\/div>\n\t\t\t\t\t<\/div>\n\t\t\t\t<\/div>\n\t\t<div data-particle_enable=\"false\" data-particle-mobile-disabled=\"false\" class=\"elementor-element elementor-element-f5b38cd e-flex e-con-boxed e-con e-parent\" data-id=\"f5b38cd\" data-element_type=\"container\" data-e-type=\"container\">\n\t\t\t\t\t<div class=\"e-con-inner\">\n\t\t\t\t<div class=\"elementor-element elementor-element-766e44c elementor-widget elementor-widget-image\" data-id=\"766e44c\" data-element_type=\"widget\" data-e-type=\"widget\" data-widget_type=\"image.default\">\n\t\t\t\t\t\t\t\t\t\t\t\t<figure class=\"wp-caption\">\n\t\t\t\t\t\t\t\t\t\t<img loading=\"lazy\" decoding=\"async\" width=\"665\" height=\"1024\" src=\"https:\/\/soymigrante.com\/revista\/wp-content\/uploads\/2024\/09\/Foto-7-Santiago-Atitlan-foto-Alberto-GValdeavellano-1990-e1726603319675-665x1024.webp\" class=\"attachment-large size-large wp-image-9151\" alt=\"Joven ind\u00edgena con sombrero y machete en un entorno rural, representando la cultura y tradici\u00f3n en Am\u00e9rica Latina, en un contexto que refleja la historia y migraci\u00f3n.\" srcset=\"https:\/\/soymigrante.com\/revista\/wp-content\/uploads\/2024\/09\/Foto-7-Santiago-Atitlan-foto-Alberto-GValdeavellano-1990-e1726603319675-665x1024.webp 665w, https:\/\/soymigrante.com\/revista\/wp-content\/uploads\/2024\/09\/Foto-7-Santiago-Atitlan-foto-Alberto-GValdeavellano-1990-e1726603319675-195x300.webp 195w, https:\/\/soymigrante.com\/revista\/wp-content\/uploads\/2024\/09\/Foto-7-Santiago-Atitlan-foto-Alberto-GValdeavellano-1990-e1726603319675-768x1183.webp 768w, https:\/\/soymigrante.com\/revista\/wp-content\/uploads\/2024\/09\/Foto-7-Santiago-Atitlan-foto-Alberto-GValdeavellano-1990-e1726603319675-750x1155.webp 750w, https:\/\/soymigrante.com\/revista\/wp-content\/uploads\/2024\/09\/Foto-7-Santiago-Atitlan-foto-Alberto-GValdeavellano-1990-e1726603319675.webp 809w\" sizes=\"(max-width: 665px) 100vw, 665px\" title=\"Traje maya de Santiago Atitl\u00e1n, Solol\u00e1. 1990. (Foto: Alberto G.Valdeavellano). \u2013 SoyMigrante.com REVISTA\" \/>\t\t\t\t\t\t\t\t\t\t\t<figcaption class=\"widget-image-caption wp-caption-text\">Joven ind\u00edgena en la naturaleza con machete, simbolizando tradici\u00f3n y cultura en Am\u00e9rica Latina.<\/figcaption>\n\t\t\t\t\t\t\t\t\t\t<\/figure>\n\t\t\t\t\t\t\t\t\t<\/div>\n\t\t\t\t\t<\/div>\n\t\t\t\t<\/div>\n\t\t<div data-particle_enable=\"false\" data-particle-mobile-disabled=\"false\" class=\"elementor-element elementor-element-07d97b6 e-flex e-con-boxed e-con e-parent\" data-id=\"07d97b6\" data-element_type=\"container\" data-e-type=\"container\">\n\t\t\t\t\t<div class=\"e-con-inner\">\n\t\t\t\t<div class=\"elementor-element elementor-element-9163829 elementor-widget elementor-widget-image\" data-id=\"9163829\" data-element_type=\"widget\" data-e-type=\"widget\" data-widget_type=\"image.default\">\n\t\t\t\t\t\t\t\t\t\t\t\t<figure class=\"wp-caption\">\n\t\t\t\t\t\t\t\t\t\t<img loading=\"lazy\" decoding=\"async\" width=\"768\" height=\"512\" src=\"https:\/\/soymigrante.com\/revista\/wp-content\/uploads\/2024\/09\/foto-11-Santiago-Atilan-detalle-wex-1-SoyMigrante-1024x683.webp\" class=\"attachment-large size-large wp-image-9152\" alt=\"Bordado tradicional mexicano con aves y flores en colores vibrantes, resaltando la riqueza cultural y art\u00edstica del arte textil ind\u00edgena.\" srcset=\"https:\/\/soymigrante.com\/revista\/wp-content\/uploads\/2024\/09\/foto-11-Santiago-Atilan-detalle-wex-1-SoyMigrante-1024x683.webp 1024w, https:\/\/soymigrante.com\/revista\/wp-content\/uploads\/2024\/09\/foto-11-Santiago-Atilan-detalle-wex-1-SoyMigrante-300x200.webp 300w, https:\/\/soymigrante.com\/revista\/wp-content\/uploads\/2024\/09\/foto-11-Santiago-Atilan-detalle-wex-1-SoyMigrante-768x512.webp 768w, https:\/\/soymigrante.com\/revista\/wp-content\/uploads\/2024\/09\/foto-11-Santiago-Atilan-detalle-wex-1-SoyMigrante-1536x1024.webp 1536w, https:\/\/soymigrante.com\/revista\/wp-content\/uploads\/2024\/09\/foto-11-Santiago-Atilan-detalle-wex-1-SoyMigrante-scaled.webp 1920w, https:\/\/soymigrante.com\/revista\/wp-content\/uploads\/2024\/09\/foto-11-Santiago-Atilan-detalle-wex-1-SoyMigrante-750x500.webp 750w, https:\/\/soymigrante.com\/revista\/wp-content\/uploads\/2024\/09\/foto-11-Santiago-Atilan-detalle-wex-1-SoyMigrante-1140x760.webp 1140w\" sizes=\"(max-width: 768px) 100vw, 768px\" title=\"Santiago Atitl\u00e1n detalle de pantal\u00f3n \u2013 SoyMigrante.com REVISTA\" \/>\t\t\t\t\t\t\t\t\t\t\t<figcaption class=\"widget-image-caption wp-caption-text\">Detalle de un bordado mexicano con flora y fauna aut\u00f3ctona, mostrando t\u00e9cnicas de artesan\u00eda ind\u00edgena y su destacada cultura art\u00edstica en textiles.<\/figcaption>\n\t\t\t\t\t\t\t\t\t\t<\/figure>\n\t\t\t\t\t\t\t\t\t<\/div>\n\t\t\t\t\t<\/div>\n\t\t\t\t<\/div>\n\t\t<div data-particle_enable=\"false\" data-particle-mobile-disabled=\"false\" class=\"elementor-element elementor-element-caf916f e-flex e-con-boxed e-con e-parent\" data-id=\"caf916f\" data-element_type=\"container\" data-e-type=\"container\">\n\t\t\t\t\t<div class=\"e-con-inner\">\n\t\t\t\t<div class=\"elementor-element elementor-element-cc6392d elementor-widget elementor-widget-text-editor\" data-id=\"cc6392d\" data-element_type=\"widget\" data-e-type=\"widget\" data-widget_type=\"text-editor.default\">\n\t\t\t\t\t\t\t\t\t<p><span style=\"text-align: var(--text-align)\">El traje femenino es diferente en cada comunidad Tz\u2019utujil. Antiguamente, las mujeres hac\u00edan sus propias prendas, preparaban sus hilos, los hilaban, tej\u00edan y bordaban.&nbsp; En Santiago Atitl\u00e1n, el traje femenino tradicional se compone de \u201cpot\u201d o huipil, el \u201cnagual\u201d o corte (pieza de tela que cubre a la mujer de la cintura al tobillo) color rojo.&nbsp; &nbsp;<\/span><\/p>\n<p>El \u201cxk\u2019ap\u201d o Tocoyal, consiste en una cinta elaborada de lana con las mujeres portan en la cabeza. Mide entre 20 y 25 varas de largo. Representa el arco iris que produce el aliento de una gran serpiente y protege al mundo de da\u00f1os, es la serpiente arco iris del cielo. Tambi\u00e9n simboliza el cord\u00f3n umbilical que ata a las mujeres sagradas con el cielo.&nbsp; Yaxper, la patrona de las comadronas fue la primera en usarlo, explica la antrop\u00f3loga Barbara Nocke de Arathoon.<\/p>\t\t\t\t\t\t\t\t<\/div>\n\t\t\t\t\t<\/div>\n\t\t\t\t<\/div>\n\t\t<div data-particle_enable=\"false\" data-particle-mobile-disabled=\"false\" class=\"elementor-element elementor-element-510ae64 e-flex e-con-boxed e-con e-parent\" data-id=\"510ae64\" data-element_type=\"container\" data-e-type=\"container\">\n\t\t\t\t\t<div class=\"e-con-inner\">\n\t\t\t\t<div class=\"elementor-element elementor-element-10813bf elementor-widget elementor-widget-image\" data-id=\"10813bf\" data-element_type=\"widget\" data-e-type=\"widget\" data-widget_type=\"image.default\">\n\t\t\t\t\t\t\t\t\t\t\t\t<figure class=\"wp-caption\">\n\t\t\t\t\t\t\t\t\t\t<img loading=\"lazy\" decoding=\"async\" width=\"768\" height=\"626\" src=\"https:\/\/soymigrante.com\/revista\/wp-content\/uploads\/2024\/09\/Foto-12-Santiago-Atitlan-Tztujil-acuarela-Carmen-Pettersen-1024x835.webp\" class=\"attachment-large size-large wp-image-9153\" alt=\"Barcos tradicionales y mujeres ind\u00edgenas en traje t\u00edpico en un paisaje acu\u00e1tico, representando la cultura y tradiciones de la comunidad ind\u00edgena en un entorno natural.\" srcset=\"https:\/\/soymigrante.com\/revista\/wp-content\/uploads\/2024\/09\/Foto-12-Santiago-Atitlan-Tztujil-acuarela-Carmen-Pettersen-1024x835.webp 1024w, https:\/\/soymigrante.com\/revista\/wp-content\/uploads\/2024\/09\/Foto-12-Santiago-Atitlan-Tztujil-acuarela-Carmen-Pettersen-300x245.webp 300w, https:\/\/soymigrante.com\/revista\/wp-content\/uploads\/2024\/09\/Foto-12-Santiago-Atitlan-Tztujil-acuarela-Carmen-Pettersen-768x626.webp 768w, https:\/\/soymigrante.com\/revista\/wp-content\/uploads\/2024\/09\/Foto-12-Santiago-Atitlan-Tztujil-acuarela-Carmen-Pettersen-1536x1252.webp 1536w, https:\/\/soymigrante.com\/revista\/wp-content\/uploads\/2024\/09\/Foto-12-Santiago-Atitlan-Tztujil-acuarela-Carmen-Pettersen-scaled.webp 1920w, https:\/\/soymigrante.com\/revista\/wp-content\/uploads\/2024\/09\/Foto-12-Santiago-Atitlan-Tztujil-acuarela-Carmen-Pettersen-750x612.webp 750w, https:\/\/soymigrante.com\/revista\/wp-content\/uploads\/2024\/09\/Foto-12-Santiago-Atitlan-Tztujil-acuarela-Carmen-Pettersen-1140x930.webp 1140w\" sizes=\"(max-width: 768px) 100vw, 768px\" title=\"Santiago Atitl\u00e1n Tz&#039;tujil - acuarela Carmen Pettersen 1972 \u2013 SoyMigrante.com REVISTA\" \/>\t\t\t\t\t\t\t\t\t\t\t<figcaption class=\"widget-image-caption wp-caption-text\">Personas en trajes tradicionales ind\u00edgenas en un entorno acu\u00e1tico, resaltando la cultura y la identidad de las comunidades originarias en su vida cotidiana y tradiciones.<\/figcaption>\n\t\t\t\t\t\t\t\t\t\t<\/figure>\n\t\t\t\t\t\t\t\t\t<\/div>\n\t\t\t\t\t<\/div>\n\t\t\t\t<\/div>\n\t\t<div data-particle_enable=\"false\" data-particle-mobile-disabled=\"false\" class=\"elementor-element elementor-element-41806f9 e-flex e-con-boxed e-con e-parent\" data-id=\"41806f9\" data-element_type=\"container\" data-e-type=\"container\">\n\t\t\t\t\t<div class=\"e-con-inner\">\n\t\t\t\t<div class=\"elementor-element elementor-element-28314ab elementor-widget elementor-widget-heading\" data-id=\"28314ab\" data-element_type=\"widget\" data-e-type=\"widget\" data-widget_type=\"heading.default\">\n\t\t\t\t\t<h4 class=\"elementor-heading-title elementor-size-default\">Do\u00f1a Chonita (1942-2021) un rostro Tz'utujil qued\u00f3 inmortalizado en la moneda de 25 centavos: esta es la historia contada por ella y su hermano<\/h4>\t\t\t\t<\/div>\n\t\t\t\t\t<\/div>\n\t\t\t\t<\/div>\n\t\t<div data-particle_enable=\"false\" data-particle-mobile-disabled=\"false\" class=\"elementor-element elementor-element-af9bfcd e-flex e-con-boxed e-con e-parent\" data-id=\"af9bfcd\" data-element_type=\"container\" data-e-type=\"container\">\n\t\t\t\t\t<div class=\"e-con-inner\">\n\t\t\t\t<div class=\"elementor-element elementor-element-fdfcce2 elementor-widget elementor-widget-video\" data-id=\"fdfcce2\" data-element_type=\"widget\" data-e-type=\"widget\" data-settings=\"{&quot;youtube_url&quot;:&quot;https:\\\/\\\/www.youtube.com\\\/watch?v=zj1-ZWEQ9hY&quot;,&quot;video_type&quot;:&quot;youtube&quot;,&quot;controls&quot;:&quot;yes&quot;}\" data-widget_type=\"video.default\">\n\t\t\t\t\t\t\t<div class=\"elementor-wrapper elementor-open-inline\">\n\t\t\t<div class=\"elementor-video\"><\/div>\t\t<\/div>\n\t\t\t\t\t\t<\/div>\n\t\t\t\t\t<\/div>\n\t\t\t\t<\/div>\n\t\t<div data-particle_enable=\"false\" data-particle-mobile-disabled=\"false\" class=\"elementor-element elementor-element-d59aeb5 e-flex e-con-boxed e-con e-parent\" data-id=\"d59aeb5\" data-element_type=\"container\" data-e-type=\"container\">\n\t\t\t\t\t<div class=\"e-con-inner\">\n\t\t\t\t<div class=\"elementor-element elementor-element-0afbad1 elementor-widget elementor-widget-heading\" data-id=\"0afbad1\" data-element_type=\"widget\" data-e-type=\"widget\" data-widget_type=\"heading.default\">\n\t\t\t\t\t<h2 class=\"elementor-heading-title elementor-size-default\">Inagotable riqueza multicultural guatemalteca<\/h2>\t\t\t\t<\/div>\n\t\t\t\t\t<\/div>\n\t\t\t\t<\/div>\n\t\t<div data-particle_enable=\"false\" data-particle-mobile-disabled=\"false\" class=\"elementor-element elementor-element-8c75525 e-flex e-con-boxed e-con e-parent\" data-id=\"8c75525\" data-element_type=\"container\" data-e-type=\"container\">\n\t\t\t\t\t<div class=\"e-con-inner\">\n\t\t\t\t<div class=\"elementor-element elementor-element-3950e43 elementor-widget elementor-widget-blfe-post-grid\" data-id=\"3950e43\" data-element_type=\"widget\" data-e-type=\"widget\" data-settings=\"{&quot;columns&quot;:&quot;3&quot;,&quot;columns_tablet&quot;:&quot;6&quot;,&quot;columns_mobile&quot;:&quot;12&quot;,&quot;hero1_layout_column_gap&quot;:{&quot;unit&quot;:&quot;px&quot;,&quot;size&quot;:30,&quot;sizes&quot;:[]},&quot;hero1_layout_column_gap_tablet&quot;:{&quot;unit&quot;:&quot;px&quot;,&quot;size&quot;:&quot;&quot;,&quot;sizes&quot;:[]},&quot;hero1_layout_column_gap_mobile&quot;:{&quot;unit&quot;:&quot;px&quot;,&quot;size&quot;:&quot;&quot;,&quot;sizes&quot;:[]},&quot;hero1_layout_row_gap&quot;:{&quot;unit&quot;:&quot;px&quot;,&quot;size&quot;:30,&quot;sizes&quot;:[]},&quot;hero1_layout_row_gap_tablet&quot;:{&quot;unit&quot;:&quot;px&quot;,&quot;size&quot;:&quot;&quot;,&quot;sizes&quot;:[]},&quot;hero1_layout_row_gap_mobile&quot;:{&quot;unit&quot;:&quot;px&quot;,&quot;size&quot;:&quot;&quot;,&quot;sizes&quot;:[]}}\" data-widget_type=\"blfe-post-grid.hero1\">\n\t\t\t\t<div class=\"elementor-widget-container\">\n\t\t\t\t\t\n                        <div class=\"blfe-post-grid-container \">\n            \n                <div data-skin=\"hero1\" class=\"blfe-row blfe-posts-inner blfe-hero1 blfe-posts-inner blfe-col-3 blfe-col-tab-6 blfe-col-mob-12     \">\n                            <div class=\"blfe-post-grid-item\">\n            <div class=\"blfe-post-grid-item-inner blfe-modern-zoom\">\n                        <div class=\"blfe-post-grid-bg-image\">\n            <a class=\"blfe-post-grid-image-inner\" href=\"https:\/\/soymigrante.com\/revista\/el-pueblo-kiche-es-heredero-y-continuador-de-la-tradicion-del-popol-vuh\/\" title=\"El pueblo K&#8217;iche&#8217; es heredero y continuador de la tradici\u00f3n del Popol Vuh\" rel=\"nofollow\" target=\"_blank\"><img decoding=\"async\" src=\"https:\/\/soymigrante.com\/revista\/wp-content\/uploads\/2024\/09\/pueblo-kiche.webp\" alt=\"El pueblo K&#8217;iche&#8217; es heredero y continuador de la tradici\u00f3n del Popol Vuh\"\/><\/a>        <\/div>\n                        <div class=\"blfe-post-grid-details\">\n                    <div class=\"blfe-post-grid-details-inner\">\n                        <span class=\"blfe-post-category\"><a href=\"https:\/\/soymigrante.com\/revista\/category\/guate-nuestra\/pueblos-de-guatemala\/\">Pueblos de Guatemala<\/a><\/span>                        <h3 class=\"blfe-post-grid-title\">\n            <a href=\"https:\/\/soymigrante.com\/revista\/el-pueblo-kiche-es-heredero-y-continuador-de-la-tradicion-del-popol-vuh\/\" title=\"El pueblo K&#8217;iche&#8217; es heredero y continuador de la tradici\u00f3n del Popol Vuh\" rel=\"nofollow\" target=\"_blank\">El pueblo K&#8217;iche&#8217; es heredero y continuador de la tradici\u00f3n del Popol Vuh<\/a>\n            <\/h3>                                                            <div class=\"blfe-post-grid-meta\">\n                <span class=\"blfe-post-grid-time\"><i class=\"fas fa-book-reader\"><\/i>7 Min read<\/span>            <\/div>\n                                                        <\/div>\n                <\/div>\n\n            <\/div>\n        <\/div>\n                <div class=\"blfe-post-grid-item\">\n            <div class=\"blfe-post-grid-item-inner blfe-modern-zoom\">\n                        <div class=\"blfe-post-grid-bg-image\">\n            <a class=\"blfe-post-grid-image-inner\" href=\"https:\/\/soymigrante.com\/revista\/el-pueblo-kaqchikel-abarca-a-1-millon-68-mil-guatemaltecos\/\" title=\"El pueblo Kaqchikel abarca a 1 mill\u00f3n 68 mil guatemaltecos\" rel=\"nofollow\" target=\"_blank\"><img decoding=\"async\" src=\"https:\/\/soymigrante.com\/revista\/wp-content\/uploads\/2024\/09\/Captura-de-pantalla-2024-09-05-170648-e1725577693900.webp\" alt=\"El pueblo Kaqchikel abarca a 1 mill\u00f3n 68 mil guatemaltecos\"\/><\/a>        <\/div>\n                        <div class=\"blfe-post-grid-details\">\n                    <div class=\"blfe-post-grid-details-inner\">\n                        <span class=\"blfe-post-category\"><a href=\"https:\/\/soymigrante.com\/revista\/category\/guate-nuestra\/pueblos-de-guatemala\/\">Pueblos de Guatemala<\/a><\/span>                        <h3 class=\"blfe-post-grid-title\">\n            <a href=\"https:\/\/soymigrante.com\/revista\/el-pueblo-kaqchikel-abarca-a-1-millon-68-mil-guatemaltecos\/\" title=\"El pueblo Kaqchikel abarca a 1 mill\u00f3n 68 mil guatemaltecos\" rel=\"nofollow\" target=\"_blank\">El pueblo Kaqchikel abarca a 1 mill\u00f3n 68 mil guatemaltecos<\/a>\n            <\/h3>                                                            <div class=\"blfe-post-grid-meta\">\n                <span class=\"blfe-post-grid-time\"><i class=\"fas fa-book-reader\"><\/i>7 Min read<\/span>            <\/div>\n                                                        <\/div>\n                <\/div>\n\n            <\/div>\n        <\/div>\n                <div class=\"blfe-post-grid-item\">\n            <div class=\"blfe-post-grid-item-inner blfe-modern-zoom\">\n                        <div class=\"blfe-post-grid-bg-image\">\n            <a class=\"blfe-post-grid-image-inner\" href=\"https:\/\/soymigrante.com\/revista\/el-pueblo-mam-brilla-crece-y-se-expresa-fiel-a-sus-raices-de-identidad\/\" title=\"El pueblo Mam trabaja, crece y vive fiel a sus ra\u00edces de identidad\" rel=\"nofollow\" target=\"_blank\"><img decoding=\"async\" src=\"https:\/\/soymigrante.com\/revista\/wp-content\/uploads\/2024\/09\/mam-1-scaled.webp\" alt=\"El pueblo Mam trabaja, crece y vive fiel a sus ra\u00edces de identidad\"\/><\/a>        <\/div>\n                        <div class=\"blfe-post-grid-details\">\n                    <div class=\"blfe-post-grid-details-inner\">\n                        <span class=\"blfe-post-category\"><a href=\"https:\/\/soymigrante.com\/revista\/category\/guate-nuestra\/pueblos-de-guatemala\/\">Pueblos de Guatemala<\/a><\/span>                        <h3 class=\"blfe-post-grid-title\">\n            <a href=\"https:\/\/soymigrante.com\/revista\/el-pueblo-mam-brilla-crece-y-se-expresa-fiel-a-sus-raices-de-identidad\/\" title=\"El pueblo Mam trabaja, crece y vive fiel a sus ra\u00edces de identidad\" rel=\"nofollow\" target=\"_blank\">El pueblo Mam trabaja, crece y vive fiel a sus ra\u00edces de identidad<\/a>\n            <\/h3>                                                            <div class=\"blfe-post-grid-meta\">\n                <span class=\"blfe-post-grid-time\"><i class=\"fas fa-book-reader\"><\/i>7 Min read<\/span>            <\/div>\n                                                        <\/div>\n                <\/div>\n\n            <\/div>\n        <\/div>\n                        <\/div>\n\n                        <\/div>\n            \n                        <div class=\"blfe-post-footer\">\n                        <\/div>\n            \t\t\t\t<\/div>\n\t\t\t\t<\/div>\n\t\t\t\t\t<\/div>\n\t\t\t\t<\/div>\n\t\t\t\t<\/div>\n\t\t","protected":false},"excerpt":{"rendered":"<p>El nombre de esta comunidad proviene del t\u00e9rmino Aj tz&#8217; utujila&#8217; que significa &#8220;gente que viene del lugar de la flor del ma\u00edz&#8221;. Actualmente con 106 mil habitantes viven en Solol\u00e1 y Suchitep\u00e9quez, desde 1250. Seg\u00fan los cronistas coloniales los Tz&#8217;utujil construyeron su capital en la parte alta de un cerro llamado Chiya&#8217; -Atitl\u00e1n-\u00a0 en [&hellip;]<\/p>\n","protected":false},"author":17,"featured_media":9521,"comment_status":"open","ping_status":"open","sticky":false,"template":"","format":"standard","meta":{"_acf_changed":false,"_eb_attr":"","footnotes":""},"categories":[125],"tags":[],"class_list":["post-9129","post","type-post","status-publish","format-standard","has-post-thumbnail","hentry","category-pueblos-de-guatemala"],"acf":[],"aioseo_notices":[],"aioseo_head":"\n\t\t<!-- All in One SEO Pro 4.9.6.2 - aioseo.com -->\n\t<meta name=\"description\" content=\"Su capital prehisp\u00e1nica fue Xinabajul y lo sigue siendo. El se\u00f1or\u00edo Mam se extiende por municipios de tres departamentos y m\u00e1s all\u00e1 de las fronteras guatemaltecas.\" \/>\n\t<meta name=\"robots\" content=\"max-snippet:-1, max-image-preview:large, max-video-preview:-1\" \/>\n\t<meta name=\"author\" content=\"Edwin Castro\"\/>\n\t<link rel=\"canonical\" href=\"https:\/\/soymigrante.com\/revista\/el-pueblo-mam-brilla-crece-y-se-expresa-fiel-a-sus-raices-de-identidad\/\" \/>\n\t<meta name=\"generator\" content=\"All in One SEO Pro (AIOSEO) 4.9.6.2\" \/>\n\n\t\t<link rel=\"preconnect\" href=\"https:\/\/fonts.googleapis.com\" crossorigin>\n<link rel=\"preconnect\" href=\"https:\/\/fonts.gstatic.com\" crossorigin>\n\t\t<meta property=\"og:locale\" content=\"es_ES\" \/>\n\t\t<meta property=\"og:site_name\" content=\"SoyMigrante.com REVISTA \u2013 Nuestra misi\u00f3n es reconocer y dignificar al migrante.\" \/>\n\t\t<meta property=\"og:type\" content=\"article\" \/>\n\t\t<meta property=\"og:title\" content=\"El pueblo Mam se mantiene fiel a sus ra\u00edces de identidad\" \/>\n\t\t<meta property=\"og:description\" content=\"Su capital prehisp\u00e1nica fue Xinabajul y lo sigue siendo. El se\u00f1or\u00edo Mam se extiende por municipios de tres departamentos y m\u00e1s all\u00e1 de las fronteras guatemaltecas.\" \/>\n\t\t<meta property=\"og:url\" content=\"https:\/\/soymigrante.com\/revista\/el-pueblo-mam-brilla-crece-y-se-expresa-fiel-a-sus-raices-de-identidad\/\" \/>\n\t\t<meta property=\"og:image\" content=\"https:\/\/soymigrante.com\/revista\/wp-content\/uploads\/2024\/09\/mam-1-scaled.webp\" \/>\n\t\t<meta property=\"og:image:secure_url\" content=\"https:\/\/soymigrante.com\/revista\/wp-content\/uploads\/2024\/09\/mam-1-scaled.webp\" \/>\n\t\t<meta property=\"og:image:width\" content=\"1920\" \/>\n\t\t<meta property=\"og:image:height\" content=\"1920\" \/>\n\t\t<meta property=\"article:published_time\" content=\"2024-09-20T17:16:41+00:00\" \/>\n\t\t<meta property=\"article:modified_time\" content=\"2024-10-02T20:38:27+00:00\" \/>\n\t\t<meta property=\"article:publisher\" content=\"https:\/\/www.facebook.com\/soymigrantecom\" \/>\n\t\t<meta name=\"twitter:card\" content=\"summary_large_image\" \/>\n\t\t<meta name=\"twitter:site\" content=\"@SoyMigrante_com\" \/>\n\t\t<meta name=\"twitter:title\" content=\"El pueblo Mam se mantiene fiel a sus ra\u00edces de identidad\" \/>\n\t\t<meta name=\"twitter:description\" content=\"Su capital prehisp\u00e1nica fue Xinabajul y lo sigue siendo. El se\u00f1or\u00edo Mam se extiende por municipios de tres departamentos y m\u00e1s all\u00e1 de las fronteras guatemaltecas.\" \/>\n\t\t<meta name=\"twitter:creator\" content=\"@SoyMigrante_com\" \/>\n\t\t<meta name=\"twitter:image\" content=\"https:\/\/soymigrante.com\/revista\/wp-content\/uploads\/2024\/09\/mam-1-scaled.webp\" \/>\n\t\t<!-- All in One SEO Pro -->\r\n\t\t<title>El pueblo Mam se mantiene fiel a sus ra\u00edces de identidad<\/title>\n\n","aioseo_head_json":{"title":"El pueblo Mam se mantiene fiel a sus ra\u00edces de identidad","description":"Su capital prehisp\u00e1nica fue Xinabajul y lo sigue siendo. El se\u00f1or\u00edo Mam se extiende por municipios de tres departamentos y m\u00e1s all\u00e1 de las fronteras guatemaltecas.","canonical_url":"https:\/\/soymigrante.com\/revista\/el-pueblo-mam-brilla-crece-y-se-expresa-fiel-a-sus-raices-de-identidad\/","robots":"max-snippet:-1, max-image-preview:large, max-video-preview:-1","keywords":"","webmasterTools":{"miscellaneous":"&lt;link rel=\"preconnect\" href=\"https:\/\/fonts.googleapis.com\" crossorigin&gt;\n&lt;link rel=\"preconnect\" href=\"https:\/\/fonts.gstatic.com\" crossorigin&gt;"},"schema":null,"og:locale":"es_ES","og:site_name":"SoyMigrante.com REVISTA \u2013 Nuestra misi\u00f3n es reconocer y dignificar al migrante.","og:type":"article","og:title":"El pueblo Mam se mantiene fiel a sus ra\u00edces de identidad","og:description":"Su capital prehisp\u00e1nica fue Xinabajul y lo sigue siendo. El se\u00f1or\u00edo Mam se extiende por municipios de tres departamentos y m\u00e1s all\u00e1 de las fronteras guatemaltecas.","og:url":"https:\/\/soymigrante.com\/revista\/el-pueblo-mam-brilla-crece-y-se-expresa-fiel-a-sus-raices-de-identidad\/","og:image":"https:\/\/soymigrante.com\/revista\/wp-content\/uploads\/2024\/09\/mam-1-scaled.webp","og:image:secure_url":"https:\/\/soymigrante.com\/revista\/wp-content\/uploads\/2024\/09\/mam-1-scaled.webp","og:image:width":1920,"og:image:height":1920,"article:published_time":"2024-09-20T17:16:41+00:00","article:modified_time":"2024-10-02T20:38:27+00:00","article:publisher":"https:\/\/www.facebook.com\/soymigrantecom","twitter:card":"summary_large_image","twitter:site":"@SoyMigrante_com","twitter:title":"El pueblo Mam se mantiene fiel a sus ra\u00edces de identidad","twitter:description":"Su capital prehisp\u00e1nica fue Xinabajul y lo sigue siendo. El se\u00f1or\u00edo Mam se extiende por municipios de tres departamentos y m\u00e1s all\u00e1 de las fronteras guatemaltecas.","twitter:creator":"@SoyMigrante_com","twitter:image":"https:\/\/soymigrante.com\/revista\/wp-content\/uploads\/2024\/09\/mam-1-scaled.webp"},"aioseo_meta_data":{"post_id":"9129","title":"Pueblo Tz'utujil lleva 700 a\u00f1os en la ribera del lago Atitl\u00e1n","description":"En el Popol Vuh, los Tz'utujil son llamados Ajtziquinahay (los de la casa del p\u00e1jaro). Se asentaron en junto al volc\u00e1n San Pedro y de all\u00ed se extendieron.","keywords":null,"keyphrases":{"focus":{"keyphrase":"Tz'utujil","score":82,"analysis":{"keyphraseInTitle":{"score":9,"maxScore":9,"error":0},"keyphraseInDescription":{"score":9,"maxScore":9,"error":0},"keyphraseLength":{"score":9,"maxScore":9,"error":0,"length":1},"keyphraseInURL":{"score":5,"maxScore":5,"error":0},"keyphraseInIntroduction":{"score":9,"maxScore":9,"error":0},"keyphraseInSubHeadings":{"score":3,"maxScore":9,"error":1},"keyphraseInImageAlt":{"score":3,"maxScore":9,"error":1},"keywordDensity":{"type":"best","score":9,"maxScore":9,"error":0}}},"additional":[{"keyphrase":"Atitl\u00e1n","score":87,"analysis":{"keyphraseInDescription":{"score":3,"maxScore":9,"error":1},"keyphraseLength":{"score":9,"maxScore":9,"error":0,"length":2},"keyphraseInIntroduction":{"score":9,"maxScore":9,"error":0},"keyphraseInImageAlt":{"score":9,"maxScore":9,"error":0},"keywordDensity":{"type":"best","score":9,"maxScore":9,"error":0}}},{"keyphrase":"Pueblos de Guatemala","score":40,"analysis":{"keyphraseInDescription":{"score":3,"maxScore":9,"error":1},"keyphraseLength":{"score":9,"maxScore":9,"error":0,"length":3},"keyphraseInIntroduction":{"score":3,"maxScore":9,"error":1},"keyphraseInImageAlt":{"score":3,"maxScore":9,"error":1},"keywordDensity":{"score":0,"type":"low","maxScore":9,"error":1}}}]},"primary_term":null,"canonical_url":null,"og_title":null,"og_description":null,"og_object_type":"default","og_image_type":"default","og_image_url":null,"og_image_width":null,"og_image_height":null,"og_image_custom_url":null,"og_image_custom_fields":null,"og_video":"","og_custom_url":null,"og_article_section":null,"og_article_tags":null,"twitter_use_og":false,"twitter_card":"default","twitter_image_type":"default","twitter_image_url":null,"twitter_image_custom_url":null,"twitter_image_custom_fields":null,"twitter_title":null,"twitter_description":null,"schema":{"blockGraphs":[],"customGraphs":[],"default":{"data":{"Article":[],"Course":[],"Dataset":[],"FAQPage":[],"Movie":[],"Person":[],"Product":[],"ProductReview":[],"Car":[],"Recipe":[],"Service":[],"SoftwareApplication":[],"WebPage":[]},"graphName":"Article","isEnabled":true},"graphs":[]},"schema_type":"default","schema_type_options":null,"pillar_content":false,"robots_default":true,"robots_noindex":false,"robots_noarchive":false,"robots_nosnippet":false,"robots_nofollow":false,"robots_noimageindex":false,"robots_noodp":false,"robots_notranslate":false,"robots_max_snippet":"-1","robots_max_videopreview":"-1","robots_max_imagepreview":"large","priority":null,"frequency":"default","local_seo":null,"seo_analyzer_scan_date":"2025-10-08 23:07:29","breadcrumb_settings":null,"limit_modified_date":false,"reviewed_by":null,"open_ai":"{\"title\":{\"suggestions\":[],\"usage\":0},\"description\":{\"suggestions\":[],\"usage\":0}}","ai":null,"created":"2024-09-12 16:14:15","updated":"2026-02-04 13:30:01"},"aioseo_breadcrumb":"<div class=\"aioseo-breadcrumbs\"><span class=\"aioseo-breadcrumb\">\n\t<a href=\"https:\/\/soymigrante.com\/revista\" title=\"Home\">Home<\/a>\n<\/span><span class=\"aioseo-breadcrumb-separator\">\u00bb<\/span><span class=\"aioseo-breadcrumb\">\n\t<a href=\"https:\/\/soymigrante.com\/revista\/category\/guate-nuestra\/\" title=\"Guate Nuestra\">Guate Nuestra<\/a>\n<\/span><span class=\"aioseo-breadcrumb-separator\">\u00bb<\/span><span class=\"aioseo-breadcrumb\">\n\t<a href=\"https:\/\/soymigrante.com\/revista\/category\/guate-nuestra\/pueblos-de-guatemala\/\" title=\"Pueblos de Guatemala\">Pueblos de Guatemala<\/a>\n<\/span><span class=\"aioseo-breadcrumb-separator\">\u00bb<\/span><span class=\"aioseo-breadcrumb\">\n\tPueblo Tz\u2019utujil lleva m\u00e1s de 700 a\u00f1os en las riberas del  lago de Atitl\u00e1n\n<\/span><\/div>","aioseo_breadcrumb_json":[{"label":"Home","link":"https:\/\/soymigrante.com\/revista"},{"label":"Guate Nuestra","link":"https:\/\/soymigrante.com\/revista\/category\/guate-nuestra\/"},{"label":"Pueblos de Guatemala","link":"https:\/\/soymigrante.com\/revista\/category\/guate-nuestra\/pueblos-de-guatemala\/"},{"label":"Pueblo Tz&#8217;utujil lleva m\u00e1s de 700 a\u00f1os en las riberas del  lago de Atitl\u00e1n","link":"https:\/\/soymigrante.com\/revista\/pueblo-tzutujil-se-cobija-en-el-lago-atitlan-hace-mas-de-7-siglos\/"}],"_links":{"self":[{"href":"https:\/\/soymigrante.com\/revista\/wp-json\/wp\/v2\/posts\/9129","targetHints":{"allow":["GET"]}}],"collection":[{"href":"https:\/\/soymigrante.com\/revista\/wp-json\/wp\/v2\/posts"}],"about":[{"href":"https:\/\/soymigrante.com\/revista\/wp-json\/wp\/v2\/types\/post"}],"author":[{"embeddable":true,"href":"https:\/\/soymigrante.com\/revista\/wp-json\/wp\/v2\/users\/17"}],"replies":[{"embeddable":true,"href":"https:\/\/soymigrante.com\/revista\/wp-json\/wp\/v2\/comments?post=9129"}],"version-history":[{"count":0,"href":"https:\/\/soymigrante.com\/revista\/wp-json\/wp\/v2\/posts\/9129\/revisions"}],"wp:featuredmedia":[{"embeddable":true,"href":"https:\/\/soymigrante.com\/revista\/wp-json\/wp\/v2\/media\/9521"}],"wp:attachment":[{"href":"https:\/\/soymigrante.com\/revista\/wp-json\/wp\/v2\/media?parent=9129"}],"wp:term":[{"taxonomy":"category","embeddable":true,"href":"https:\/\/soymigrante.com\/revista\/wp-json\/wp\/v2\/categories?post=9129"},{"taxonomy":"post_tag","embeddable":true,"href":"https:\/\/soymigrante.com\/revista\/wp-json\/wp\/v2\/tags?post=9129"}],"curies":[{"name":"wp","href":"https:\/\/api.w.org\/{rel}","templated":true}]}}