{"id":9108,"date":"2024-09-12T11:11:29","date_gmt":"2024-09-12T17:11:29","guid":{"rendered":"https:\/\/soymigrante.com\/revista\/?p=9108"},"modified":"2024-09-12T11:11:30","modified_gmt":"2024-09-12T17:11:30","slug":"a-veces-uno-se-enfada-pero-hay-que-calmarse-algunas-claves-para-mantener-serenidad","status":"publish","type":"post","link":"https:\/\/soymigrante.com\/revista\/a-veces-uno-se-enfada-pero-hay-que-calmarse-algunas-claves-para-mantener-serenidad\/","title":{"rendered":"A veces uno se enfada, pero hay que  calmarse: Algunas claves para mantener serenidad"},"content":{"rendered":"\t\t<div data-elementor-type=\"wp-post\" data-elementor-id=\"9108\" class=\"elementor elementor-9108\" data-elementor-post-type=\"post\">\n\t\t\t\t<div data-particle_enable=\"false\" data-particle-mobile-disabled=\"false\" class=\"elementor-element elementor-element-3ba69fd e-flex e-con-boxed e-con e-parent\" data-id=\"3ba69fd\" data-element_type=\"container\" data-e-type=\"container\">\n\t\t\t\t\t<div class=\"e-con-inner\">\n\t\t\t\t<div class=\"elementor-element elementor-element-9396125 elementor-widget elementor-widget-heading\" data-id=\"9396125\" data-element_type=\"widget\" data-e-type=\"widget\" data-widget_type=\"heading.default\">\n\t\t\t\t\t<h2 class=\"elementor-heading-title elementor-size-default\">Calmarse y dejar el mal humor es una herramienta en la actualidad para vivir m\u00e1s sereno.<\/h2>\t\t\t\t<\/div>\n\t\t\t\t\t<\/div>\n\t\t\t\t<\/div>\n\t\t<div data-particle_enable=\"false\" data-particle-mobile-disabled=\"false\" class=\"elementor-element elementor-element-8122d85 e-flex e-con-boxed e-con e-parent\" data-id=\"8122d85\" data-element_type=\"container\" data-e-type=\"container\">\n\t\t\t\t\t<div class=\"e-con-inner\">\n\t\t\t\t<div class=\"elementor-element elementor-element-b563a94 elementor-widget elementor-widget-text-editor\" data-id=\"b563a94\" data-element_type=\"widget\" data-e-type=\"widget\" data-widget_type=\"text-editor.default\">\n\t\t\t\t\t\t\t\t\t<p>En la agitada vida moderna, el mal humor puede aparecer de manera inesperada: el tr\u00e1fico, las largas filas, los contratiempos diarios, o simplemente un d\u00eda complicado.<\/p><p>Aunque es normal sentirse irritado de vez en cuando, dejar que el mal humor se apodere de nosotros puede afectar nuestras relaciones, nuestra salud mental, y nuestro bienestar general. <a href=\"https:\/\/soymigrante.com\/revista\/hay-que-aprender-a-autocontrolar-las-emociones\/\" target=\"_blank\" rel=\"noopener\">Por eso, es fundamental aprender a manejar esas emociones negativas<\/a> y encontrar formas efectivas de calmarnos.<\/p><p>A continuaci\u00f3n, presentamos algunas estrategias recomendadas por expertos para dejar atr\u00e1s el mal humor y cultivar una actitud m\u00e1s serena.<\/p>\t\t\t\t\t\t\t\t<\/div>\n\t\t\t\t\t<\/div>\n\t\t\t\t<\/div>\n\t\t<div data-particle_enable=\"false\" data-particle-mobile-disabled=\"false\" class=\"elementor-element elementor-element-cb49b1f e-flex e-con-boxed e-con e-parent\" data-id=\"cb49b1f\" data-element_type=\"container\" data-e-type=\"container\">\n\t\t\t\t\t<div class=\"e-con-inner\">\n\t\t\t\t<div class=\"elementor-element elementor-element-0ce0c4e elementor-widget elementor-widget-heading\" data-id=\"0ce0c4e\" data-element_type=\"widget\" data-e-type=\"widget\" data-widget_type=\"heading.default\">\n\t\t\t\t\t<h3 class=\"elementor-heading-title elementor-size-default\">1. Reconocer y aceptar el mal humor<\/h3>\t\t\t\t<\/div>\n\t\t\t\t\t<\/div>\n\t\t\t\t<\/div>\n\t\t<div data-particle_enable=\"false\" data-particle-mobile-disabled=\"false\" class=\"elementor-element elementor-element-a7c1c4c e-flex e-con-boxed e-con e-parent\" data-id=\"a7c1c4c\" data-element_type=\"container\" data-e-type=\"container\">\n\t\t\t\t\t<div class=\"e-con-inner\">\n\t\t\t\t<div class=\"elementor-element elementor-element-157e7b7 elementor-widget elementor-widget-text-editor\" data-id=\"157e7b7\" data-element_type=\"widget\" data-e-type=\"widget\" data-widget_type=\"text-editor.default\">\n\t\t\t\t\t\t\t\t\t<p>El primer paso para calmarse es reconocer y aceptar el mal humor. Ignorar o reprimir las emociones negativas solo las intensifica con el tiempo. Es importante darse cuenta de cu\u00e1ndo uno est\u00e1 de mal humor y entender que es una reacci\u00f3n humana normal ante el estr\u00e9s o la frustraci\u00f3n. Al aceptar estos sentimientos, se crea una oportunidad para gestionarlos de manera consciente.<\/p>\t\t\t\t\t\t\t\t<\/div>\n\t\t\t\t\t<\/div>\n\t\t\t\t<\/div>\n\t\t<div data-particle_enable=\"false\" data-particle-mobile-disabled=\"false\" class=\"elementor-element elementor-element-d8542cd e-flex e-con-boxed e-con e-parent\" data-id=\"d8542cd\" data-element_type=\"container\" data-e-type=\"container\">\n\t\t\t\t\t<div class=\"e-con-inner\">\n\t\t\t\t<div class=\"elementor-element elementor-element-a01792d elementor-widget elementor-widget-heading\" data-id=\"a01792d\" data-element_type=\"widget\" data-e-type=\"widget\" data-widget_type=\"heading.default\">\n\t\t\t\t\t<h3 class=\"elementor-heading-title elementor-size-default\">2. Tomar Respiraciones profundas<\/h3>\t\t\t\t<\/div>\n\t\t\t\t\t<\/div>\n\t\t\t\t<\/div>\n\t\t<div data-particle_enable=\"false\" data-particle-mobile-disabled=\"false\" class=\"elementor-element elementor-element-6a53582 e-flex e-con-boxed e-con e-parent\" data-id=\"6a53582\" data-element_type=\"container\" data-e-type=\"container\">\n\t\t\t\t\t<div class=\"e-con-inner\">\n\t\t\t\t<div class=\"elementor-element elementor-element-8159cc9 elementor-widget elementor-widget-text-editor\" data-id=\"8159cc9\" data-element_type=\"widget\" data-e-type=\"widget\" data-widget_type=\"text-editor.default\">\n\t\t\t\t\t\t\t\t\t<p>La respiraci\u00f3n es una herramienta poderosa para calmar el cuerpo y la mente. <a href=\"https:\/\/soymigrante.com\/revista\/hay-que-aprender-a-autocontrolar-las-emociones\/\" target=\"_blank\" rel=\"noopener\">Cuando se siente irritado o enojado, tomar respiraciones profundas puede ayudar a reducir la tensi\u00f3n<\/a>. Respirar profundamente durante unos minutos, inhalando por la nariz y exhalando por la boca, activa la respuesta de relajaci\u00f3n del cuerpo, ayudando a disminuir el ritmo card\u00edaco y la presi\u00f3n arterial.<\/p>\t\t\t\t\t\t\t\t<\/div>\n\t\t\t\t\t<\/div>\n\t\t\t\t<\/div>\n\t\t<div data-particle_enable=\"false\" data-particle-mobile-disabled=\"false\" class=\"elementor-element elementor-element-78c7ace e-flex e-con-boxed e-con e-parent\" data-id=\"78c7ace\" data-element_type=\"container\" data-e-type=\"container\">\n\t\t\t\t\t<div class=\"e-con-inner\">\n\t\t\t\t<div class=\"elementor-element elementor-element-161cad8 elementor-widget elementor-widget-image\" data-id=\"161cad8\" data-element_type=\"widget\" data-e-type=\"widget\" data-widget_type=\"image.default\">\n\t\t\t\t\t\t\t\t\t\t\t\t\t\t\t<img fetchpriority=\"high\" decoding=\"async\" width=\"768\" height=\"453\" src=\"https:\/\/soymigrante.com\/revista\/wp-content\/uploads\/2024\/09\/Como-calmarse-y-dejar-el-mal-humor-claves-para-estar-sereno2-1024x604.webp\" class=\"attachment-large size-large wp-image-9111\" alt=\"Puede mejorar la posici\u00f3n en los motores de b\u00fasqueda si el contenido y las etiquetas se optimizan con palabras clave relacionadas con migrantes, comunidad, derechos y apoyo a inmigrantes.\" srcset=\"https:\/\/soymigrante.com\/revista\/wp-content\/uploads\/2024\/09\/Como-calmarse-y-dejar-el-mal-humor-claves-para-estar-sereno2-1024x604.webp 1024w, https:\/\/soymigrante.com\/revista\/wp-content\/uploads\/2024\/09\/Como-calmarse-y-dejar-el-mal-humor-claves-para-estar-sereno2-300x177.webp 300w, https:\/\/soymigrante.com\/revista\/wp-content\/uploads\/2024\/09\/Como-calmarse-y-dejar-el-mal-humor-claves-para-estar-sereno2-768x453.webp 768w, https:\/\/soymigrante.com\/revista\/wp-content\/uploads\/2024\/09\/Como-calmarse-y-dejar-el-mal-humor-claves-para-estar-sereno2-750x442.webp 750w, https:\/\/soymigrante.com\/revista\/wp-content\/uploads\/2024\/09\/Como-calmarse-y-dejar-el-mal-humor-claves-para-estar-sereno2-1140x672.webp 1140w, https:\/\/soymigrante.com\/revista\/wp-content\/uploads\/2024\/09\/Como-calmarse-y-dejar-el-mal-humor-claves-para-estar-sereno2.webp 1280w\" sizes=\"(max-width: 768px) 100vw, 768px\" title=\"Co\u0301mo calmarse y dejar el mal humor claves para estar sereno2 \u2013 SoyMigrante.com REVISTA\" \/>\t\t\t\t\t\t\t\t\t\t\t\t\t\t\t<\/div>\n\t\t\t\t\t<\/div>\n\t\t\t\t<\/div>\n\t\t<div data-particle_enable=\"false\" data-particle-mobile-disabled=\"false\" class=\"elementor-element elementor-element-f733a43 e-flex e-con-boxed e-con e-parent\" data-id=\"f733a43\" data-element_type=\"container\" data-e-type=\"container\">\n\t\t\t\t\t<div class=\"e-con-inner\">\n\t\t\t\t<div class=\"elementor-element elementor-element-0ce328f elementor-widget elementor-widget-heading\" data-id=\"0ce328f\" data-element_type=\"widget\" data-e-type=\"widget\" data-widget_type=\"heading.default\">\n\t\t\t\t\t<h3 class=\"elementor-heading-title elementor-size-default\">3. Practicar la atenci\u00f3n plena<\/h3>\t\t\t\t<\/div>\n\t\t\t\t\t<\/div>\n\t\t\t\t<\/div>\n\t\t<div data-particle_enable=\"false\" data-particle-mobile-disabled=\"false\" class=\"elementor-element elementor-element-1ded23c e-flex e-con-boxed e-con e-parent\" data-id=\"1ded23c\" data-element_type=\"container\" data-e-type=\"container\">\n\t\t\t\t\t<div class=\"e-con-inner\">\n\t\t\t\t<div class=\"elementor-element elementor-element-0fcaa03 elementor-widget elementor-widget-text-editor\" data-id=\"0fcaa03\" data-element_type=\"widget\" data-e-type=\"widget\" data-widget_type=\"text-editor.default\">\n\t\t\t\t\t\t\t\t\t<p>Es una t\u00e9cnica que consiste en enfocarse en el presente sin juzgar los pensamientos y emociones que surgen. Practicar mindfulness puede ser tan simple como prestar atenci\u00f3n a las sensaciones del cuerpo, los sonidos del entorno o la propia respiraci\u00f3n. Estudios han demostrado que esta pr\u00e1ctica puede reducir significativamente los niveles de estr\u00e9s y mejorar el estado de \u00e1nimo, ayudando a las personas a responder de manera m\u00e1s tranquila ante situaciones adversas.<\/p>\t\t\t\t\t\t\t\t<\/div>\n\t\t\t\t\t<\/div>\n\t\t\t\t<\/div>\n\t\t<div data-particle_enable=\"false\" data-particle-mobile-disabled=\"false\" class=\"elementor-element elementor-element-eeda57f e-flex e-con-boxed e-con e-parent\" data-id=\"eeda57f\" data-element_type=\"container\" data-e-type=\"container\">\n\t\t\t\t\t<div class=\"e-con-inner\">\n\t\t\t\t<div class=\"elementor-element elementor-element-9be4aef elementor-widget elementor-widget-heading\" data-id=\"9be4aef\" data-element_type=\"widget\" data-e-type=\"widget\" data-widget_type=\"heading.default\">\n\t\t\t\t\t<h3 class=\"elementor-heading-title elementor-size-default\">4. Cambiar de perspectiva<\/h3>\t\t\t\t<\/div>\n\t\t\t\t\t<\/div>\n\t\t\t\t<\/div>\n\t\t<div data-particle_enable=\"false\" data-particle-mobile-disabled=\"false\" class=\"elementor-element elementor-element-bcee4f9 e-flex e-con-boxed e-con e-parent\" data-id=\"bcee4f9\" data-element_type=\"container\" data-e-type=\"container\">\n\t\t\t\t\t<div class=\"e-con-inner\">\n\t\t\t\t<div class=\"elementor-element elementor-element-eb602d9 elementor-widget elementor-widget-text-editor\" data-id=\"eb602d9\" data-element_type=\"widget\" data-e-type=\"widget\" data-widget_type=\"text-editor.default\">\n\t\t\t\t\t\t\t\t\t<p>A menudo, el mal humor surge de c\u00f3mo interpretamos las situaciones. Cambiar la perspectiva puede ser una herramienta eficaz para manejarlo. Preguntarse si realmente vale la pena estar enojado o buscar ver la situaci\u00f3n desde otro punto de vista puede ayudar a reducir la irritaci\u00f3n. Por ejemplo, e<a href=\"https:\/\/soymigrante.com\/revista\/hay-que-aprender-a-autocontrolar-las-emociones\/\" target=\"_blank\" rel=\"noopener\">n lugar de sentirse frustrado en un atasco de tr\u00e1fico, se podr\u00eda aprovechar el tiempo para escuchar un podcast<\/a>, practicar la respiraci\u00f3n o reflexionar sobre el d\u00eda.<\/p>\t\t\t\t\t\t\t\t<\/div>\n\t\t\t\t\t<\/div>\n\t\t\t\t<\/div>\n\t\t<div data-particle_enable=\"false\" data-particle-mobile-disabled=\"false\" class=\"elementor-element elementor-element-1d37e29 e-flex e-con-boxed e-con e-parent\" data-id=\"1d37e29\" data-element_type=\"container\" data-e-type=\"container\">\n\t\t\t\t\t<div class=\"e-con-inner\">\n\t\t\t\t<div class=\"elementor-element elementor-element-f22ab40 elementor-widget elementor-widget-heading\" data-id=\"f22ab40\" data-element_type=\"widget\" data-e-type=\"widget\" data-widget_type=\"heading.default\">\n\t\t\t\t\t<h3 class=\"elementor-heading-title elementor-size-default\">5. Realizar actividad f\u00edsica<\/h3>\t\t\t\t<\/div>\n\t\t\t\t\t<\/div>\n\t\t\t\t<\/div>\n\t\t<div data-particle_enable=\"false\" data-particle-mobile-disabled=\"false\" class=\"elementor-element elementor-element-6f2e970 e-flex e-con-boxed e-con e-parent\" data-id=\"6f2e970\" data-element_type=\"container\" data-e-type=\"container\">\n\t\t\t\t\t<div class=\"e-con-inner\">\n\t\t\t\t<div class=\"elementor-element elementor-element-0aadad2 elementor-widget elementor-widget-text-editor\" data-id=\"0aadad2\" data-element_type=\"widget\" data-e-type=\"widget\" data-widget_type=\"text-editor.default\">\n\t\t\t\t\t\t\t\t\t<p>La actividad f\u00edsica es una de las mejores formas de liberar tensi\u00f3n acumulada. El ejercicio libera endorfinas, que son hormonas que generan sensaciones de felicidad y bienestar. Dar un paseo, correr, practicar yoga o incluso bailar pueden ser formas efectivas de cambiar el estado de \u00e1nimo y dejar atr\u00e1s el mal humor. No es necesario realizar una rutina intensa; a veces, un breve paseo al aire libre puede hacer maravillas.<\/p>\t\t\t\t\t\t\t\t<\/div>\n\t\t\t\t\t<\/div>\n\t\t\t\t<\/div>\n\t\t<div data-particle_enable=\"false\" data-particle-mobile-disabled=\"false\" class=\"elementor-element elementor-element-8e80865 e-flex e-con-boxed e-con e-parent\" data-id=\"8e80865\" data-element_type=\"container\" data-e-type=\"container\">\n\t\t\t\t\t<div class=\"e-con-inner\">\n\t\t\t\t<div class=\"elementor-element elementor-element-d23ea71 elementor-widget elementor-widget-image\" data-id=\"d23ea71\" data-element_type=\"widget\" data-e-type=\"widget\" data-widget_type=\"image.default\">\n\t\t\t\t\t\t\t\t\t\t\t\t\t\t\t<img decoding=\"async\" width=\"768\" height=\"512\" src=\"https:\/\/soymigrante.com\/revista\/wp-content\/uploads\/2024\/09\/Como-calmarse-y-dejar-el-mal-humor-claves-para-estar-sereno3-1024x682.webp\" class=\"attachment-large size-large wp-image-9110\" alt=\"Amor y amistad entre mujeres migrantes, silhouetas en sunset, emotividad y v\u00ednculos en comunidad latina, apoyo emocional y solidaridad, ejemplo de relaciones solidarias en la migraci\u00f3n.\" srcset=\"https:\/\/soymigrante.com\/revista\/wp-content\/uploads\/2024\/09\/Como-calmarse-y-dejar-el-mal-humor-claves-para-estar-sereno3-1024x682.webp 1024w, https:\/\/soymigrante.com\/revista\/wp-content\/uploads\/2024\/09\/Como-calmarse-y-dejar-el-mal-humor-claves-para-estar-sereno3-300x200.webp 300w, https:\/\/soymigrante.com\/revista\/wp-content\/uploads\/2024\/09\/Como-calmarse-y-dejar-el-mal-humor-claves-para-estar-sereno3-768x512.webp 768w, https:\/\/soymigrante.com\/revista\/wp-content\/uploads\/2024\/09\/Como-calmarse-y-dejar-el-mal-humor-claves-para-estar-sereno3-750x500.webp 750w, https:\/\/soymigrante.com\/revista\/wp-content\/uploads\/2024\/09\/Como-calmarse-y-dejar-el-mal-humor-claves-para-estar-sereno3-1140x760.webp 1140w, https:\/\/soymigrante.com\/revista\/wp-content\/uploads\/2024\/09\/Como-calmarse-y-dejar-el-mal-humor-claves-para-estar-sereno3.webp 1280w\" sizes=\"(max-width: 768px) 100vw, 768px\" title=\"Co\u0301mo calmarse y dejar el mal humor claves para estar sereno3 \u2013 SoyMigrante.com REVISTA\" \/>\t\t\t\t\t\t\t\t\t\t\t\t\t\t\t<\/div>\n\t\t\t\t\t<\/div>\n\t\t\t\t<\/div>\n\t\t<div data-particle_enable=\"false\" data-particle-mobile-disabled=\"false\" class=\"elementor-element elementor-element-0ae630d e-flex e-con-boxed e-con e-parent\" data-id=\"0ae630d\" data-element_type=\"container\" data-e-type=\"container\">\n\t\t\t\t\t<div class=\"e-con-inner\">\n\t\t\t\t<div class=\"elementor-element elementor-element-7d7396f elementor-widget elementor-widget-heading\" data-id=\"7d7396f\" data-element_type=\"widget\" data-e-type=\"widget\" data-widget_type=\"heading.default\">\n\t\t\t\t\t<h3 class=\"elementor-heading-title elementor-size-default\">6. Hablar con alguien de confianza\n<\/h3>\t\t\t\t<\/div>\n\t\t\t\t\t<\/div>\n\t\t\t\t<\/div>\n\t\t<div data-particle_enable=\"false\" data-particle-mobile-disabled=\"false\" class=\"elementor-element elementor-element-4a8e607 e-flex e-con-boxed e-con e-parent\" data-id=\"4a8e607\" data-element_type=\"container\" data-e-type=\"container\">\n\t\t\t\t\t<div class=\"e-con-inner\">\n\t\t\t\t<div class=\"elementor-element elementor-element-57cf0cc elementor-widget elementor-widget-text-editor\" data-id=\"57cf0cc\" data-element_type=\"widget\" data-e-type=\"widget\" data-widget_type=\"text-editor.default\">\n\t\t\t\t\t\t\t\t\t<p>Compartir lo que se siente con alguien de confianza puede ser liberador. A veces, el mal humor se reduce simplemente al expresar lo que uno lleva dentro. Hablar con un amigo, un familiar o incluso un terapeuta puede ayudar a obtener una nueva perspectiva sobre lo que est\u00e1 causando la irritaci\u00f3n y, <a href=\"https:\/\/soymigrante.com\/revista\/hay-que-aprender-a-autocontrolar-las-emociones\/\" target=\"_blank\" rel=\"noopener\">a su vez, reducir la carga emocional.<\/a><\/p>\t\t\t\t\t\t\t\t<\/div>\n\t\t\t\t\t<\/div>\n\t\t\t\t<\/div>\n\t\t<div data-particle_enable=\"false\" data-particle-mobile-disabled=\"false\" class=\"elementor-element elementor-element-27649c7 e-flex e-con-boxed e-con e-parent\" data-id=\"27649c7\" data-element_type=\"container\" data-e-type=\"container\">\n\t\t\t\t\t<div class=\"e-con-inner\">\n\t\t\t\t<div class=\"elementor-element elementor-element-2c051eb elementor-widget elementor-widget-heading\" data-id=\"2c051eb\" data-element_type=\"widget\" data-e-type=\"widget\" data-widget_type=\"heading.default\">\n\t\t\t\t\t<h3 class=\"elementor-heading-title elementor-size-default\">7. Vivir con m\u00e1s serenidad<\/h3>\t\t\t\t<\/div>\n\t\t\t\t\t<\/div>\n\t\t\t\t<\/div>\n\t\t<div data-particle_enable=\"false\" data-particle-mobile-disabled=\"false\" class=\"elementor-element elementor-element-9401713 e-flex e-con-boxed e-con e-parent\" data-id=\"9401713\" data-element_type=\"container\" data-e-type=\"container\">\n\t\t\t\t\t<div class=\"e-con-inner\">\n\t\t\t\t<div class=\"elementor-element elementor-element-67bef5b elementor-widget elementor-widget-text-editor\" data-id=\"67bef5b\" data-element_type=\"widget\" data-e-type=\"widget\" data-widget_type=\"text-editor.default\">\n\t\t\t\t\t\t\t\t\t<p>En definitiva, calmarse y dejar el mal humor no es una cuesti\u00f3n de ignorar las emociones negativas, sino de aprender a manejarlas de manera saludable. Adoptar estas estrategias puede ayudar a transformar el mal humor en una oportunidad para el crecimiento personal, el autocuidado, y una vida m\u00e1s serena y satisfactoria.<\/p>\t\t\t\t\t\t\t\t<\/div>\n\t\t\t\t\t<\/div>\n\t\t\t\t<\/div>\n\t\t<div data-particle_enable=\"false\" data-particle-mobile-disabled=\"false\" class=\"elementor-element elementor-element-b30dabf e-flex e-con-boxed e-con e-parent\" data-id=\"b30dabf\" data-element_type=\"container\" data-e-type=\"container\">\n\t\t\t\t\t<div class=\"e-con-inner\">\n\t\t\t\t<div class=\"elementor-element elementor-element-9951120 elementor-widget elementor-widget-heading\" data-id=\"9951120\" data-element_type=\"widget\" data-e-type=\"widget\" data-widget_type=\"heading.default\">\n\t\t\t\t\t<h2 class=\"elementor-heading-title elementor-size-default\">Te puede interesar...<\/h2>\t\t\t\t<\/div>\n\t\t\t\t\t<\/div>\n\t\t\t\t<\/div>\n\t\t<div data-particle_enable=\"false\" data-particle-mobile-disabled=\"false\" class=\"elementor-element elementor-element-2fbda60 e-flex e-con-boxed e-con e-parent\" data-id=\"2fbda60\" data-element_type=\"container\" data-e-type=\"container\">\n\t\t\t\t\t<div class=\"e-con-inner\">\n\t\t\t\t<div class=\"elementor-element elementor-element-24af1d2 elementor-widget elementor-widget-blfe-post-grid\" data-id=\"24af1d2\" data-element_type=\"widget\" data-e-type=\"widget\" data-settings=\"{&quot;columns&quot;:&quot;3&quot;,&quot;columns_tablet&quot;:&quot;6&quot;,&quot;columns_mobile&quot;:&quot;12&quot;,&quot;hero1_layout_column_gap&quot;:{&quot;unit&quot;:&quot;px&quot;,&quot;size&quot;:30,&quot;sizes&quot;:[]},&quot;hero1_layout_column_gap_tablet&quot;:{&quot;unit&quot;:&quot;px&quot;,&quot;size&quot;:&quot;&quot;,&quot;sizes&quot;:[]},&quot;hero1_layout_column_gap_mobile&quot;:{&quot;unit&quot;:&quot;px&quot;,&quot;size&quot;:&quot;&quot;,&quot;sizes&quot;:[]},&quot;hero1_layout_row_gap&quot;:{&quot;unit&quot;:&quot;px&quot;,&quot;size&quot;:30,&quot;sizes&quot;:[]},&quot;hero1_layout_row_gap_tablet&quot;:{&quot;unit&quot;:&quot;px&quot;,&quot;size&quot;:&quot;&quot;,&quot;sizes&quot;:[]},&quot;hero1_layout_row_gap_mobile&quot;:{&quot;unit&quot;:&quot;px&quot;,&quot;size&quot;:&quot;&quot;,&quot;sizes&quot;:[]}}\" data-widget_type=\"blfe-post-grid.hero1\">\n\t\t\t\t<div class=\"elementor-widget-container\">\n\t\t\t\t\t\n                        <div class=\"blfe-post-grid-container \">\n            \n                <div data-skin=\"hero1\" class=\"blfe-row blfe-posts-inner blfe-hero1 blfe-posts-inner blfe-col-3 blfe-col-tab-6 blfe-col-mob-12     \">\n                            <div class=\"blfe-post-grid-item\">\n            <div class=\"blfe-post-grid-item-inner blfe-modern-zoom\">\n                        <div class=\"blfe-post-grid-bg-image\">\n            <a class=\"blfe-post-grid-image-inner\" href=\"https:\/\/soymigrante.com\/revista\/las-tostadas-de-guatemala-crujiente-y-breve-delicia-con-historia\/\" title=\"Las tostadas de Guatemala: crujiente y breve delicia con historia\" rel=\"nofollow\" target=\"_blank\"><img decoding=\"async\" src=\"https:\/\/soymigrante.com\/revista\/wp-content\/uploads\/2025\/08\/tostadas-5-e1756403998968.jpg\" alt=\"Las tostadas de Guatemala: crujiente y breve delicia con historia\"\/><\/a>        <\/div>\n                        <div class=\"blfe-post-grid-details\">\n                    <div class=\"blfe-post-grid-details-inner\">\n                        <span class=\"blfe-post-category\"><a href=\"https:\/\/soymigrante.com\/revista\/category\/guate-nuestra\/recetas-guatemaltecas\/\">Recetas guatemaltecas<\/a><\/span>                        <h3 class=\"blfe-post-grid-title\">\n            <a href=\"https:\/\/soymigrante.com\/revista\/las-tostadas-de-guatemala-crujiente-y-breve-delicia-con-historia\/\" title=\"Las tostadas de Guatemala: crujiente y breve delicia con historia\" rel=\"nofollow\" target=\"_blank\">Las tostadas de Guatemala: crujiente y breve delicia con historia<\/a>\n            <\/h3>                                                            <div class=\"blfe-post-grid-meta\">\n                <span class=\"blfe-post-grid-time\"><i class=\"fas fa-book-reader\"><\/i>3 Min read<\/span>            <\/div>\n                                                        <\/div>\n                <\/div>\n\n            <\/div>\n        <\/div>\n                <div class=\"blfe-post-grid-item\">\n            <div class=\"blfe-post-grid-item-inner blfe-modern-zoom\">\n                        <div class=\"blfe-post-grid-bg-image\">\n            <a class=\"blfe-post-grid-image-inner\" href=\"https:\/\/soymigrante.com\/revista\/de-la-tierra-de-los-mayas-a-los-laboratorios-de-francia-asi-destaca-yucely-beb\/\" title=\"De la Tierra de los Mayas a los laboratorios de Francia: as\u00ed destaca Yucely Beb\" rel=\"nofollow\" target=\"_blank\"><img decoding=\"async\" src=\"https:\/\/soymigrante.com\/revista\/wp-content\/uploads\/2025\/07\/De-la-cuna-maya-a-los-laboratorios-de-Francia-la-historia-de-Yucely-Beb.webp\" alt=\"De la Tierra de los Mayas a los laboratorios de Francia: as\u00ed destaca Yucely Beb\"\/><\/a>        <\/div>\n                        <div class=\"blfe-post-grid-details\">\n                    <div class=\"blfe-post-grid-details-inner\">\n                        <span class=\"blfe-post-category\"><a href=\"https:\/\/soymigrante.com\/revista\/category\/guate-nuestra\/\">Guate Nuestra<\/a><\/span>                        <h3 class=\"blfe-post-grid-title\">\n            <a href=\"https:\/\/soymigrante.com\/revista\/de-la-tierra-de-los-mayas-a-los-laboratorios-de-francia-asi-destaca-yucely-beb\/\" title=\"De la Tierra de los Mayas a los laboratorios de Francia: as\u00ed destaca Yucely Beb\" rel=\"nofollow\" target=\"_blank\">De la Tierra de los Mayas a los laboratorios de Francia: as\u00ed destaca Yucely Beb<\/a>\n            <\/h3>                                                            <div class=\"blfe-post-grid-meta\">\n                <span class=\"blfe-post-grid-time\"><i class=\"fas fa-book-reader\"><\/i>5 Min read<\/span>            <\/div>\n                                                        <\/div>\n                <\/div>\n\n            <\/div>\n        <\/div>\n                <div class=\"blfe-post-grid-item\">\n            <div class=\"blfe-post-grid-item-inner blfe-modern-zoom\">\n                        <div class=\"blfe-post-grid-bg-image\">\n            <a class=\"blfe-post-grid-image-inner\" href=\"https:\/\/soymigrante.com\/revista\/que-significan-nombres-de-lugares-de-guatemala-letra-p\/\" title=\"\u00bfQu\u00e9 significan  nombres de lugares de Guatemala? Letra P\" rel=\"nofollow\" target=\"_blank\"><img decoding=\"async\" src=\"https:\/\/soymigrante.com\/revista\/wp-content\/uploads\/2026\/03\/significados-nombres-guatemala-letra-P.png\" alt=\"\u00bfQu\u00e9 significan  nombres de lugares de Guatemala? Letra P\"\/><\/a>        <\/div>\n                        <div class=\"blfe-post-grid-details\">\n                    <div class=\"blfe-post-grid-details-inner\">\n                        <span class=\"blfe-post-category\"><a href=\"https:\/\/soymigrante.com\/revista\/category\/guate-nuestra\/nombres-de-guatemala\/\">Nombres de Guatemala<\/a><\/span>                        <h3 class=\"blfe-post-grid-title\">\n            <a href=\"https:\/\/soymigrante.com\/revista\/que-significan-nombres-de-lugares-de-guatemala-letra-p\/\" title=\"\u00bfQu\u00e9 significan  nombres de lugares de Guatemala? Letra P\" rel=\"nofollow\" target=\"_blank\">\u00bfQu\u00e9 significan  nombres de lugares de Guatemala? Letra P<\/a>\n            <\/h3>                                                            <div class=\"blfe-post-grid-meta\">\n                <span class=\"blfe-post-grid-time\"><i class=\"fas fa-book-reader\"><\/i>6 Min read<\/span>            <\/div>\n                                                        <\/div>\n                <\/div>\n\n            <\/div>\n        <\/div>\n                        <\/div>\n\n                        <\/div>\n            \n                        <div class=\"blfe-post-footer\">\n                        <\/div>\n            \t\t\t\t<\/div>\n\t\t\t\t<\/div>\n\t\t\t\t\t<\/div>\n\t\t\t\t<\/div>\n\t\t\t\t<\/div>\n\t\t","protected":false},"excerpt":{"rendered":"<p>Aqu\u00ed algunas claves para estar sereno a pesar de Calmarse y dejar el mal humor es una herramienta en la actualidad para vivir m\u00e1s sereno. En la agitada vida moderna, el mal humor puede aparecer de manera inesperada: el tr\u00e1fico, las largas filas, los contratiempos diarios, o simplemente un d\u00eda complicado. Aunque es normal sentirse [&hellip;]<\/p>\n","protected":false},"author":19,"featured_media":9133,"comment_status":"open","ping_status":"open","sticky":false,"template":"","format":"standard","meta":{"_acf_changed":true,"_eb_attr":"","footnotes":""},"categories":[55],"tags":[],"class_list":["post-9108","post","type-post","status-publish","format-standard","has-post-thumbnail","hentry","category-bienestar"],"acf":[],"aioseo_notices":[],"aioseo_head":"\n\t\t<!-- All in One SEO Pro 4.9.6.2 - aioseo.com -->\n\t<meta name=\"description\" content=\"Los nombres de lugares de nuestra bella Guatemala tienen historias, significados y detalles que forman parte de la identidad multicultural. Te sorprender\u00e1s\" \/>\n\t<meta name=\"robots\" content=\"max-snippet:-1, max-image-preview:large, max-video-preview:-1\" \/>\n\t<meta name=\"author\" content=\"SoyMigrante.com REVISTA\"\/>\n\t<link rel=\"canonical\" href=\"https:\/\/soymigrante.com\/revista\/que-significan-nombres-de-lugares-de-guatemala-letra-p\/\" \/>\n\t<meta name=\"generator\" content=\"All in One SEO Pro (AIOSEO) 4.9.6.2\" \/>\n\n\t\t<link rel=\"preconnect\" href=\"https:\/\/fonts.googleapis.com\" crossorigin>\n<link rel=\"preconnect\" href=\"https:\/\/fonts.gstatic.com\" crossorigin>\n\t\t<meta property=\"og:locale\" content=\"es_ES\" \/>\n\t\t<meta property=\"og:site_name\" content=\"SoyMigrante.com REVISTA \u2013 Nuestra misi\u00f3n es reconocer y dignificar al migrante.\" \/>\n\t\t<meta property=\"og:type\" content=\"article\" \/>\n\t\t<meta property=\"og:title\" content=\"\u00bfQu\u00e9 significan nombres de lugares de Guatemala? Letra P\" \/>\n\t\t<meta property=\"og:description\" content=\"Los nombres de lugares de nuestra bella Guatemala tienen historias, significados y detalles que forman parte de la identidad multicultural. Te sorprender\u00e1s\" \/>\n\t\t<meta property=\"og:url\" content=\"https:\/\/soymigrante.com\/revista\/que-significan-nombres-de-lugares-de-guatemala-letra-p\/\" \/>\n\t\t<meta property=\"og:image\" content=\"https:\/\/soymigrante.com\/revista\/wp-content\/uploads\/2026\/03\/significados-nombres-guatemala-letra-P.png\" \/>\n\t\t<meta property=\"og:image:secure_url\" content=\"https:\/\/soymigrante.com\/revista\/wp-content\/uploads\/2026\/03\/significados-nombres-guatemala-letra-P.png\" \/>\n\t\t<meta property=\"og:image:width\" content=\"2361\" \/>\n\t\t<meta property=\"og:image:height\" content=\"2361\" \/>\n\t\t<meta property=\"article:published_time\" content=\"2026-03-20T14:14:00+00:00\" \/>\n\t\t<meta property=\"article:modified_time\" content=\"2026-04-10T14:51:17+00:00\" \/>\n\t\t<meta property=\"article:publisher\" content=\"https:\/\/www.facebook.com\/soymigrantecom\" \/>\n\t\t<meta name=\"twitter:card\" content=\"summary_large_image\" \/>\n\t\t<meta name=\"twitter:site\" content=\"@SoyMigrante_com\" \/>\n\t\t<meta name=\"twitter:title\" content=\"\u00bfQu\u00e9 significan nombres de lugares de Guatemala? Letra P\" \/>\n\t\t<meta name=\"twitter:description\" content=\"Los nombres de lugares de nuestra bella Guatemala tienen historias, significados y detalles que forman parte de la identidad multicultural. Te sorprender\u00e1s\" \/>\n\t\t<meta name=\"twitter:creator\" content=\"@SoyMigrante_com\" \/>\n\t\t<meta name=\"twitter:image\" content=\"https:\/\/soymigrante.com\/revista\/wp-content\/uploads\/2026\/03\/significados-nombres-guatemala-letra-P.png\" \/>\n\t\t<!-- All in One SEO Pro -->\r\n\t\t<title>\u00bfQu\u00e9 significan nombres de lugares de Guatemala? Letra P<\/title>\n\n","aioseo_head_json":{"title":"\u00bfQu\u00e9 significan nombres de lugares de Guatemala? Letra P","description":"Los nombres de lugares de nuestra bella Guatemala tienen historias, significados y detalles que forman parte de la identidad multicultural. Te sorprender\u00e1s","canonical_url":"https:\/\/soymigrante.com\/revista\/que-significan-nombres-de-lugares-de-guatemala-letra-p\/","robots":"max-snippet:-1, max-image-preview:large, max-video-preview:-1","keywords":"","webmasterTools":{"miscellaneous":"&lt;link rel=\"preconnect\" href=\"https:\/\/fonts.googleapis.com\" crossorigin&gt;\n&lt;link rel=\"preconnect\" href=\"https:\/\/fonts.gstatic.com\" crossorigin&gt;"},"schema":null,"og:locale":"es_ES","og:site_name":"SoyMigrante.com REVISTA \u2013 Nuestra misi\u00f3n es reconocer y dignificar al migrante.","og:type":"article","og:title":"\u00bfQu\u00e9 significan nombres de lugares de Guatemala? Letra P","og:description":"Los nombres de lugares de nuestra bella Guatemala tienen historias, significados y detalles que forman parte de la identidad multicultural. Te sorprender\u00e1s","og:url":"https:\/\/soymigrante.com\/revista\/que-significan-nombres-de-lugares-de-guatemala-letra-p\/","og:image":"https:\/\/soymigrante.com\/revista\/wp-content\/uploads\/2026\/03\/significados-nombres-guatemala-letra-P.png","og:image:secure_url":"https:\/\/soymigrante.com\/revista\/wp-content\/uploads\/2026\/03\/significados-nombres-guatemala-letra-P.png","og:image:width":2361,"og:image:height":2361,"article:published_time":"2026-03-20T14:14:00+00:00","article:modified_time":"2026-04-10T14:51:17+00:00","article:publisher":"https:\/\/www.facebook.com\/soymigrantecom","twitter:card":"summary_large_image","twitter:site":"@SoyMigrante_com","twitter:title":"\u00bfQu\u00e9 significan nombres de lugares de Guatemala? Letra P","twitter:description":"Los nombres de lugares de nuestra bella Guatemala tienen historias, significados y detalles que forman parte de la identidad multicultural. Te sorprender\u00e1s","twitter:creator":"@SoyMigrante_com","twitter:image":"https:\/\/soymigrante.com\/revista\/wp-content\/uploads\/2026\/03\/significados-nombres-guatemala-letra-P.png"},"aioseo_meta_data":{"post_id":"9108","title":"A veces uno se enfada \u00bfc\u00f3mo mantener la serenidad? Claves","description":"Hay ocasiones en que una palabra o una situaci\u00f3n causa molestia, irritaci\u00f3n o enfado. Pero no se arregla mucho actuando bajo esa emoci\u00f3n. Sugerencias para la calma","keywords":null,"keyphrases":{"focus":{"keyphrase":"calmarse","score":51,"analysis":{"keyphraseInTitle":{"score":3,"maxScore":9,"error":1},"keyphraseInDescription":{"score":3,"maxScore":9,"error":1},"keyphraseLength":{"score":9,"maxScore":9,"error":0,"length":1},"keyphraseInURL":{"score":5,"maxScore":5,"error":0},"keyphraseInIntroduction":{"score":3,"maxScore":9,"error":1},"keyphraseInSubHeadings":{"score":3,"maxScore":9,"error":1},"keyphraseInImageAlt":{"score":9,"maxScore":9,"error":0},"keywordDensity":{"score":0,"type":"low","maxScore":9,"error":1}}},"additional":[{"keyphrase":"calmarse","score":53,"analysis":{"keyphraseInDescription":{"score":3,"maxScore":9,"error":1},"keyphraseLength":{"score":9,"maxScore":9,"error":0,"length":1},"keyphraseInIntroduction":{"score":3,"maxScore":9,"error":1},"keyphraseInImageAlt":{"score":9,"maxScore":9,"error":0},"keywordDensity":{"score":0,"type":"low","maxScore":9,"error":1}}},{"keyphrase":"enojo","score":40,"analysis":{"keyphraseInDescription":{"score":3,"maxScore":9,"error":1},"keyphraseLength":{"score":9,"maxScore":9,"error":0,"length":1},"keyphraseInIntroduction":{"score":3,"maxScore":9,"error":1},"keyphraseInImageAlt":{"score":3,"maxScore":9,"error":1},"keywordDensity":{"score":0,"type":"low","maxScore":9,"error":1}}}]},"primary_term":null,"canonical_url":null,"og_title":null,"og_description":null,"og_object_type":"default","og_image_type":"default","og_image_url":null,"og_image_width":null,"og_image_height":null,"og_image_custom_url":null,"og_image_custom_fields":null,"og_video":"","og_custom_url":null,"og_article_section":null,"og_article_tags":null,"twitter_use_og":false,"twitter_card":"default","twitter_image_type":"default","twitter_image_url":null,"twitter_image_custom_url":null,"twitter_image_custom_fields":null,"twitter_title":null,"twitter_description":null,"schema":{"blockGraphs":[],"customGraphs":[],"default":{"data":{"Article":[],"Course":[],"Dataset":[],"FAQPage":[],"Movie":[],"Person":[],"Product":[],"ProductReview":[],"Car":[],"Recipe":[],"Service":[],"SoftwareApplication":[],"WebPage":[]},"graphName":"Article","isEnabled":true},"graphs":[]},"schema_type":"default","schema_type_options":null,"pillar_content":false,"robots_default":true,"robots_noindex":false,"robots_noarchive":false,"robots_nosnippet":false,"robots_nofollow":false,"robots_noimageindex":false,"robots_noodp":false,"robots_notranslate":false,"robots_max_snippet":"-1","robots_max_videopreview":"-1","robots_max_imagepreview":"large","priority":null,"frequency":"default","local_seo":null,"seo_analyzer_scan_date":"2025-10-08 23:00:12","breadcrumb_settings":null,"limit_modified_date":false,"reviewed_by":null,"open_ai":"{\"title\":{\"suggestions\":[],\"usage\":0},\"description\":{\"suggestions\":[],\"usage\":0}}","ai":null,"created":"2024-09-11 20:15:08","updated":"2026-02-04 12:58:46"},"aioseo_breadcrumb":"<div class=\"aioseo-breadcrumbs\"><span class=\"aioseo-breadcrumb\">\n\t<a href=\"https:\/\/soymigrante.com\/revista\" title=\"Home\">Home<\/a>\n<\/span><span class=\"aioseo-breadcrumb-separator\">\u00bb<\/span><span class=\"aioseo-breadcrumb\">\n\t<a href=\"https:\/\/soymigrante.com\/revista\/category\/bienestar\/\" title=\"Bienestar\">Bienestar<\/a>\n<\/span><span class=\"aioseo-breadcrumb-separator\">\u00bb<\/span><span class=\"aioseo-breadcrumb\">\n\tA veces uno se enfada, pero hay que  calmarse: Algunas claves para mantener serenidad\n<\/span><\/div>","aioseo_breadcrumb_json":[{"label":"Home","link":"https:\/\/soymigrante.com\/revista"},{"label":"Bienestar","link":"https:\/\/soymigrante.com\/revista\/category\/bienestar\/"},{"label":"A veces uno se enfada, pero hay que  calmarse: Algunas claves para mantener serenidad","link":"https:\/\/soymigrante.com\/revista\/a-veces-uno-se-enfada-pero-hay-que-calmarse-algunas-claves-para-mantener-serenidad\/"}],"_links":{"self":[{"href":"https:\/\/soymigrante.com\/revista\/wp-json\/wp\/v2\/posts\/9108","targetHints":{"allow":["GET"]}}],"collection":[{"href":"https:\/\/soymigrante.com\/revista\/wp-json\/wp\/v2\/posts"}],"about":[{"href":"https:\/\/soymigrante.com\/revista\/wp-json\/wp\/v2\/types\/post"}],"author":[{"embeddable":true,"href":"https:\/\/soymigrante.com\/revista\/wp-json\/wp\/v2\/users\/19"}],"replies":[{"embeddable":true,"href":"https:\/\/soymigrante.com\/revista\/wp-json\/wp\/v2\/comments?post=9108"}],"version-history":[{"count":0,"href":"https:\/\/soymigrante.com\/revista\/wp-json\/wp\/v2\/posts\/9108\/revisions"}],"wp:featuredmedia":[{"embeddable":true,"href":"https:\/\/soymigrante.com\/revista\/wp-json\/wp\/v2\/media\/9133"}],"wp:attachment":[{"href":"https:\/\/soymigrante.com\/revista\/wp-json\/wp\/v2\/media?parent=9108"}],"wp:term":[{"taxonomy":"category","embeddable":true,"href":"https:\/\/soymigrante.com\/revista\/wp-json\/wp\/v2\/categories?post=9108"},{"taxonomy":"post_tag","embeddable":true,"href":"https:\/\/soymigrante.com\/revista\/wp-json\/wp\/v2\/tags?post=9108"}],"curies":[{"name":"wp","href":"https:\/\/api.w.org\/{rel}","templated":true}]}}