{"id":9097,"date":"2025-01-21T05:00:00","date_gmt":"2025-01-21T11:00:00","guid":{"rendered":"https:\/\/soymigrante.com\/revista\/?p=9097"},"modified":"2025-01-20T22:02:25","modified_gmt":"2025-01-21T04:02:25","slug":"como-apoyar-a-menores-en-caso-de-ausencia-de-padres-migrantes","status":"publish","type":"post","link":"https:\/\/soymigrante.com\/revista\/como-apoyar-a-menores-en-caso-de-ausencia-de-padres-migrantes\/","title":{"rendered":"C\u00f3mo apoyar a menores en caso de ausencia de padres migrantes"},"content":{"rendered":"\t\t<div data-elementor-type=\"wp-post\" data-elementor-id=\"9097\" class=\"elementor elementor-9097\" data-elementor-post-type=\"post\">\n\t\t\t\t<div data-particle_enable=\"false\" data-particle-mobile-disabled=\"false\" class=\"elementor-element elementor-element-bc0f24d e-flex e-con-boxed e-con e-parent\" data-id=\"bc0f24d\" data-element_type=\"container\" data-e-type=\"container\">\n\t\t\t\t\t<div class=\"e-con-inner\">\n\t\t\t\t<div class=\"elementor-element elementor-element-7db3126 elementor-widget elementor-widget-heading\" data-id=\"7db3126\" data-element_type=\"widget\" data-e-type=\"widget\" data-widget_type=\"heading.default\">\n\t\t\t\t\t<h2 class=\"elementor-heading-title elementor-size-default\">Cuando los ni\u00f1os quedan separados de sus padres, ya sea porque estos decidieron migrar a otro pa\u00eds, o porque han sido separados debido a alg\u00fan proceso legal o de deportaci\u00f3n, se produce un impacto muy fuerte: es preciso definir qui\u00e9n se hacer cargo de ellos durante esa ausencia.\n<\/h2>\t\t\t\t<\/div>\n\t\t\t\t\t<\/div>\n\t\t\t\t<\/div>\n\t\t<div data-particle_enable=\"false\" data-particle-mobile-disabled=\"false\" class=\"elementor-element elementor-element-ac516ad e-flex e-con-boxed e-con e-parent\" data-id=\"ac516ad\" data-element_type=\"container\" data-e-type=\"container\">\n\t\t\t\t\t<div class=\"e-con-inner\">\n\t\t\t\t<div class=\"elementor-element elementor-element-66d8f96 elementor-widget elementor-widget-text-editor\" data-id=\"66d8f96\" data-element_type=\"widget\" data-e-type=\"widget\" data-widget_type=\"text-editor.default\">\n\t\t\t\t\t\t\t\t\t<p>Ante la migraci\u00f3n de los padres es fundamental que los cuidadores, familiares y educadores comprendan c\u00f3mo apoyar emocionalmente a los menores para ayudarles a sobrellevar esta dif\u00edcil etapa.<\/p><p>As\u00ed tambi\u00e9n, ante las previsiones de ciertas situaciones como posibles casos de deportaci\u00f3n de migrantes y una eventual separaci\u00f3n de sus hijos, es necesario prepararse, designando a la persona\u00a0 de confianza que se puede hacer cargo de los menores en ausencia de uno o ambos padres.<\/p>\t\t\t\t\t\t\t\t<\/div>\n\t\t\t\t\t<\/div>\n\t\t\t\t<\/div>\n\t\t<div data-particle_enable=\"false\" data-particle-mobile-disabled=\"false\" class=\"elementor-element elementor-element-e4be6fe e-flex e-con-boxed e-con e-parent\" data-id=\"e4be6fe\" data-element_type=\"container\" data-e-type=\"container\">\n\t\t\t\t\t<div class=\"e-con-inner\">\n\t\t\t\t<div class=\"elementor-element elementor-element-f9e10d4 elementor-grid-eael-col-1 elementor-grid-tablet-eael-col-2 elementor-grid-mobile-eael-col-1 elementor-widget elementor-widget-eael-post-grid\" data-id=\"f9e10d4\" data-element_type=\"widget\" data-e-type=\"widget\" data-settings=\"{&quot;eael_post_grid_columns&quot;:&quot;eael-col-1&quot;,&quot;eael_post_grid_columns_tablet&quot;:&quot;eael-col-2&quot;,&quot;eael_post_grid_columns_mobile&quot;:&quot;eael-col-1&quot;}\" data-widget_type=\"eael-post-grid.default\">\n\t\t\t\t\t<div id=\"eael-post-grid-f9e10d4\" class=\"eael-post-grid-container\">\n            <div class=\"eael-post-grid eael-post-appender eael-post-appender-f9e10d4 eael-post-grid-style-one\" data-layout-mode=\"masonry\"><article class=\"eael-grid-post  eael-post-grid-column eael-pg-post-17523 category-lugar-de-voces\" data-id=\"17523\">\n        <div class=\"eael-grid-post-holder\">\n            <div class=\"eael-grid-post-holder-inner\"><div class=\"eael-entry-media\"><div class=\"eael-entry-overlay fade-in\"><i class=\"far fa-hand-pointer\" aria-hidden=\"true\"><\/i><a href=\"https:\/\/soymigrante.com\/revista\/sugerencia-a-migrantes-para-proteger-el-cuidado-de-sus-hijos-menores\/\"><\/a><\/div><div class=\"eael-entry-thumbnail \">\n                <img fetchpriority=\"high\" decoding=\"async\" width=\"954\" height=\"954\" src=\"https:\/\/soymigrante.com\/revista\/wp-content\/uploads\/2024\/12\/MIGRANTE.webp\" class=\"attachment-large size-large wp-image-17529\" alt=\"Ni\u00f1a con figura que muestra amor y protecci\u00f3n, en un estilo de escultura art\u00edstica que refleja valores culturales y familiares.\" srcset=\"https:\/\/soymigrante.com\/revista\/wp-content\/uploads\/2024\/12\/MIGRANTE.webp 954w, https:\/\/soymigrante.com\/revista\/wp-content\/uploads\/2024\/12\/MIGRANTE-300x300.jpg 300w, https:\/\/soymigrante.com\/revista\/wp-content\/uploads\/2024\/12\/MIGRANTE-150x150.jpg 150w, https:\/\/soymigrante.com\/revista\/wp-content\/uploads\/2024\/12\/MIGRANTE-768x768.jpg 768w, https:\/\/soymigrante.com\/revista\/wp-content\/uploads\/2024\/12\/MIGRANTE-75x75.webp 75w, https:\/\/soymigrante.com\/revista\/wp-content\/uploads\/2024\/12\/MIGRANTE-750x750.webp 750w\" sizes=\"(max-width: 954px) 100vw, 954px\" \/>\n            <\/div>\n        <\/div><div class=\"eael-entry-wrapper\"><header class=\"eael-entry-header\"><h2 class=\"eael-entry-title\"><a class=\"eael-grid-post-link\" href=\"https:\/\/soymigrante.com\/revista\/sugerencia-a-migrantes-para-proteger-el-cuidado-de-sus-hijos-menores\/\" title=\"Sugerencia a migrantes indocumentados en USA para proteger el cuidado de sus hijos menores\">Sugerencia a migrantes indocumentados en USA para proteger el cuidado de sus hijos menores<\/a><\/h2><\/header><div class=\"eael-entry-content\">\n                        <div class=\"eael-grid-post-excerpt\"><p>Migrantes en situaci\u00f3n irregular que tienen hijos en EE.UU., deben considerar una carta poder para que un familiar o persona de confianza que sea residente legal pueda tener la custodia...<\/p><a href=\"https:\/\/soymigrante.com\/revista\/sugerencia-a-migrantes-para-proteger-el-cuidado-de-sus-hijos-menores\/\" class=\"eael-post-elements-readmore-btn\">CONOCE SU HISTORIA <\/a><\/div>\n                    <\/div><\/div><\/div>\n        <\/div>\n    <\/article><\/div>\n            <div class=\"clearfix\"><\/div>\n        <\/div>\t\t\t\t<\/div>\n\t\t\t\t\t<\/div>\n\t\t\t\t<\/div>\n\t\t<div data-particle_enable=\"false\" data-particle-mobile-disabled=\"false\" class=\"elementor-element elementor-element-e630865 e-flex e-con-boxed e-con e-parent\" data-id=\"e630865\" data-element_type=\"container\" data-e-type=\"container\">\n\t\t\t\t\t<div class=\"e-con-inner\">\n\t\t\t\t<div class=\"elementor-element elementor-element-d2e6a8a elementor-widget elementor-widget-heading\" data-id=\"d2e6a8a\" data-element_type=\"widget\" data-e-type=\"widget\" data-widget_type=\"heading.default\">\n\t\t\t\t\t<h3 class=\"elementor-heading-title elementor-size-default\">Comprender el impacto emocional<\/h3>\t\t\t\t<\/div>\n\t\t\t\t\t<\/div>\n\t\t\t\t<\/div>\n\t\t<div data-particle_enable=\"false\" data-particle-mobile-disabled=\"false\" class=\"elementor-element elementor-element-01fbae6 e-flex e-con-boxed e-con e-parent\" data-id=\"01fbae6\" data-element_type=\"container\" data-e-type=\"container\">\n\t\t\t\t\t<div class=\"e-con-inner\">\n\t\t\t\t<div class=\"elementor-element elementor-element-0f1a07b elementor-widget elementor-widget-text-editor\" data-id=\"0f1a07b\" data-element_type=\"widget\" data-e-type=\"widget\" data-widget_type=\"text-editor.default\">\n\t\t\t\t\t\t\t\t\t<p>La separaci\u00f3n de los padres por motivos de migraci\u00f3n puede generar en los ni\u00f1os una mezcla de sentimientos como <a href=\"https:\/\/soymigrante.com\/revista\/hay-que-aprender-a-autocontrolar-las-emociones\/\" target=\"_blank\" rel=\"noopener\">tristeza, ansiedad, miedo, y en algunos casos, hasta enojo o culpa.<\/a> El impacto emocional var\u00eda seg\u00fan la edad del ni\u00f1o, su personalidad, y la calidad del v\u00ednculo que tenga con los padres. Algunos ni\u00f1os pueden presentar cambios de comportamiento, dificultades en el rendimiento escolar, y problemas para relacionarse con otros.<\/p><p>Los expertos en psicolog\u00eda infantil recomiendan que los cuidadores se muestren atentos a las se\u00f1ales emocionales que los ni\u00f1os manifiestan. Escuchar activamente y crear un ambiente seguro donde los menores se sientan c\u00f3modos expresando sus sentimientos es crucial para su bienestar emocional.<\/p>\t\t\t\t\t\t\t\t<\/div>\n\t\t\t\t\t<\/div>\n\t\t\t\t<\/div>\n\t\t<div data-particle_enable=\"false\" data-particle-mobile-disabled=\"false\" class=\"elementor-element elementor-element-6f17c32 e-flex e-con-boxed e-con e-parent\" data-id=\"6f17c32\" data-element_type=\"container\" data-e-type=\"container\">\n\t\t\t\t\t<div class=\"e-con-inner\">\n\t\t\t\t<div class=\"elementor-element elementor-element-e66f68e elementor-widget elementor-widget-image\" data-id=\"e66f68e\" data-element_type=\"widget\" data-e-type=\"widget\" data-widget_type=\"image.default\">\n\t\t\t\t\t\t\t\t\t\t\t\t\t\t\t<img decoding=\"async\" width=\"768\" height=\"512\" src=\"https:\/\/soymigrante.com\/revista\/wp-content\/uploads\/2024\/09\/Como-apoyar-a-los-ninos-en-la-ausencia-de-padres-migrantes-1024x682.webp\" class=\"attachment-large size-large wp-image-9102\" alt=\"Ni\u00f1o sonriendo con bicicleta, imagen en blanco y negro, en un contexto de migrantes y temas sociales.\" srcset=\"https:\/\/soymigrante.com\/revista\/wp-content\/uploads\/2024\/09\/Como-apoyar-a-los-ninos-en-la-ausencia-de-padres-migrantes-1024x682.webp 1024w, https:\/\/soymigrante.com\/revista\/wp-content\/uploads\/2024\/09\/Como-apoyar-a-los-ninos-en-la-ausencia-de-padres-migrantes-300x200.webp 300w, https:\/\/soymigrante.com\/revista\/wp-content\/uploads\/2024\/09\/Como-apoyar-a-los-ninos-en-la-ausencia-de-padres-migrantes-768x512.webp 768w, https:\/\/soymigrante.com\/revista\/wp-content\/uploads\/2024\/09\/Como-apoyar-a-los-ninos-en-la-ausencia-de-padres-migrantes-750x500.webp 750w, https:\/\/soymigrante.com\/revista\/wp-content\/uploads\/2024\/09\/Como-apoyar-a-los-ninos-en-la-ausencia-de-padres-migrantes-1140x760.webp 1140w, https:\/\/soymigrante.com\/revista\/wp-content\/uploads\/2024\/09\/Como-apoyar-a-los-ninos-en-la-ausencia-de-padres-migrantes.webp 1280w\" sizes=\"(max-width: 768px) 100vw, 768px\" title=\"Co\u0301mo apoyar a los nin\u0303os en la ausencia de padres migrantes \u2013 SoyMigrante.com REVISTA\" \/>\t\t\t\t\t\t\t\t\t\t\t\t\t\t\t<\/div>\n\t\t\t\t\t<\/div>\n\t\t\t\t<\/div>\n\t\t<div data-particle_enable=\"false\" data-particle-mobile-disabled=\"false\" class=\"elementor-element elementor-element-154eb43 e-flex e-con-boxed e-con e-parent\" data-id=\"154eb43\" data-element_type=\"container\" data-e-type=\"container\">\n\t\t\t\t\t<div class=\"e-con-inner\">\n\t\t\t\t<div class=\"elementor-element elementor-element-35c1b25 elementor-widget elementor-widget-heading\" data-id=\"35c1b25\" data-element_type=\"widget\" data-e-type=\"widget\" data-widget_type=\"heading.default\">\n\t\t\t\t\t<h3 class=\"elementor-heading-title elementor-size-default\">Comunicaci\u00f3n abierta y honesta<\/h3>\t\t\t\t<\/div>\n\t\t\t\t\t<\/div>\n\t\t\t\t<\/div>\n\t\t<div data-particle_enable=\"false\" data-particle-mobile-disabled=\"false\" class=\"elementor-element elementor-element-71663ea e-flex e-con-boxed e-con e-parent\" data-id=\"71663ea\" data-element_type=\"container\" data-e-type=\"container\">\n\t\t\t\t\t<div class=\"e-con-inner\">\n\t\t\t\t<div class=\"elementor-element elementor-element-a6e7a1c elementor-widget elementor-widget-text-editor\" data-id=\"a6e7a1c\" data-element_type=\"widget\" data-e-type=\"widget\" data-widget_type=\"text-editor.default\">\n\t\t\t\t\t\t\t\t\t<p>La comunicaci\u00f3n abierta y honesta es uno de los pilares m\u00e1s importantes para manejar la ausencia de los padres. Los ni\u00f1os necesitan entender, de manera adecuada a su edad, por qu\u00e9 sus padres han tenido que migrar y c\u00f3mo afectar\u00e1 esto a la din\u00e1mica familiar. <a href=\"https:\/\/soymigrante.com\/revista\/hay-que-aprender-a-autocontrolar-las-emociones\/\" target=\"_blank\" rel=\"noopener\">Evitar mentiras o informaci\u00f3n vaga es clave<\/a>, ya que la transparencia ayuda a que los ni\u00f1os se sientan m\u00e1s seguros y comprendan que la situaci\u00f3n no es culpa suya, seg\u00fan la psic\u00f3loga, \u00c1ngela Contreras.<\/p><p>El uso de herramientas visuales o cuentos puede ser \u00fatil, especialmente con los m\u00e1s peque\u00f1os, para explicarles la situaci\u00f3n de una forma que sea comprensible y menos abrumadora.<\/p>\t\t\t\t\t\t\t\t<\/div>\n\t\t\t\t\t<\/div>\n\t\t\t\t<\/div>\n\t\t<div data-particle_enable=\"false\" data-particle-mobile-disabled=\"false\" class=\"elementor-element elementor-element-b5a8c4c e-flex e-con-boxed e-con e-parent\" data-id=\"b5a8c4c\" data-element_type=\"container\" data-e-type=\"container\">\n\t\t\t\t\t<div class=\"e-con-inner\">\n\t\t\t\t<div class=\"elementor-element elementor-element-c516a9a elementor-widget elementor-widget-heading\" data-id=\"c516a9a\" data-element_type=\"widget\" data-e-type=\"widget\" data-widget_type=\"heading.default\">\n\t\t\t\t\t<h3 class=\"elementor-heading-title elementor-size-default\">Mantener el v\u00ednculo emocional<\/h3>\t\t\t\t<\/div>\n\t\t\t\t\t<\/div>\n\t\t\t\t<\/div>\n\t\t<div data-particle_enable=\"false\" data-particle-mobile-disabled=\"false\" class=\"elementor-element elementor-element-0e9574f e-flex e-con-boxed e-con e-parent\" data-id=\"0e9574f\" data-element_type=\"container\" data-e-type=\"container\">\n\t\t\t\t\t<div class=\"e-con-inner\">\n\t\t\t\t<div class=\"elementor-element elementor-element-f0a1967 elementor-widget elementor-widget-text-editor\" data-id=\"f0a1967\" data-element_type=\"widget\" data-e-type=\"widget\" data-widget_type=\"text-editor.default\">\n\t\t\t\t\t\t\t\t\t<p>Aunque la distancia f\u00edsica sea un reto, es esencial mantener el v\u00ednculo emocional con los padres migrantes. La tecnolog\u00eda juega un papel fundamental en este aspecto; <a href=\"https:\/\/soymigrante.com\/revista\/hay-que-aprender-a-autocontrolar-las-emociones\/\" target=\"_blank\" rel=\"noopener\">las videollamadas, los mensajes de voz, y las cartas son formas efectivas de que los ni\u00f1os sientan la presencia de sus padres<\/a> a pesar de la distancia. Establecer un horario regular de comunicaci\u00f3n puede ayudar a los ni\u00f1os a tener un sentido de rutina y estabilidad.<\/p>\t\t\t\t\t\t\t\t<\/div>\n\t\t\t\t\t<\/div>\n\t\t\t\t<\/div>\n\t\t<div data-particle_enable=\"false\" data-particle-mobile-disabled=\"false\" class=\"elementor-element elementor-element-404476b e-flex e-con-boxed e-con e-parent\" data-id=\"404476b\" data-element_type=\"container\" data-e-type=\"container\">\n\t\t\t\t\t<div class=\"e-con-inner\">\n\t\t\t\t<div class=\"elementor-element elementor-element-1c59e7c elementor-widget elementor-widget-image\" data-id=\"1c59e7c\" data-element_type=\"widget\" data-e-type=\"widget\" data-widget_type=\"image.default\">\n\t\t\t\t\t\t\t\t\t\t\t\t\t\t\t<img decoding=\"async\" width=\"768\" height=\"512\" src=\"https:\/\/soymigrante.com\/revista\/wp-content\/uploads\/2024\/09\/Como-apoyar-a-los-ninos-en-la-ausencia-de-padres-migrantes2-1024x683.webp\" class=\"attachment-large size-large wp-image-9101\" alt=\"Oraci\u00f3n de una mujer leyendo la Biblia en la naturaleza, en busca de inspiraci\u00f3n y paz. Silueta de mujer con manos en oraci\u00f3n, en un entorno natural y relajante, promoviendo espiritualidad y fe.\" srcset=\"https:\/\/soymigrante.com\/revista\/wp-content\/uploads\/2024\/09\/Como-apoyar-a-los-ninos-en-la-ausencia-de-padres-migrantes2-1024x683.webp 1024w, https:\/\/soymigrante.com\/revista\/wp-content\/uploads\/2024\/09\/Como-apoyar-a-los-ninos-en-la-ausencia-de-padres-migrantes2-300x200.webp 300w, https:\/\/soymigrante.com\/revista\/wp-content\/uploads\/2024\/09\/Como-apoyar-a-los-ninos-en-la-ausencia-de-padres-migrantes2-768x512.webp 768w, https:\/\/soymigrante.com\/revista\/wp-content\/uploads\/2024\/09\/Como-apoyar-a-los-ninos-en-la-ausencia-de-padres-migrantes2-750x500.webp 750w, https:\/\/soymigrante.com\/revista\/wp-content\/uploads\/2024\/09\/Como-apoyar-a-los-ninos-en-la-ausencia-de-padres-migrantes2-1140x761.webp 1140w, https:\/\/soymigrante.com\/revista\/wp-content\/uploads\/2024\/09\/Como-apoyar-a-los-ninos-en-la-ausencia-de-padres-migrantes2.webp 1280w\" sizes=\"(max-width: 768px) 100vw, 768px\" title=\"Co\u0301mo apoyar a los nin\u0303os en la ausencia de padres migrantes2 \u2013 SoyMigrante.com REVISTA\" \/>\t\t\t\t\t\t\t\t\t\t\t\t\t\t\t<\/div>\n\t\t\t\t\t<\/div>\n\t\t\t\t<\/div>\n\t\t<div data-particle_enable=\"false\" data-particle-mobile-disabled=\"false\" class=\"elementor-element elementor-element-4eff0b6 e-flex e-con-boxed e-con e-parent\" data-id=\"4eff0b6\" data-element_type=\"container\" data-e-type=\"container\">\n\t\t\t\t\t<div class=\"e-con-inner\">\n\t\t\t\t<div class=\"elementor-element elementor-element-68e811a elementor-widget elementor-widget-heading\" data-id=\"68e811a\" data-element_type=\"widget\" data-e-type=\"widget\" data-widget_type=\"heading.default\">\n\t\t\t\t\t<h3 class=\"elementor-heading-title elementor-size-default\">Promover la resiliencia y la autoestima<\/h3>\t\t\t\t<\/div>\n\t\t\t\t\t<\/div>\n\t\t\t\t<\/div>\n\t\t<div data-particle_enable=\"false\" data-particle-mobile-disabled=\"false\" class=\"elementor-element elementor-element-df2e39f e-flex e-con-boxed e-con e-parent\" data-id=\"df2e39f\" data-element_type=\"container\" data-e-type=\"container\">\n\t\t\t\t\t<div class=\"e-con-inner\">\n\t\t\t\t<div class=\"elementor-element elementor-element-440d35e elementor-widget elementor-widget-text-editor\" data-id=\"440d35e\" data-element_type=\"widget\" data-e-type=\"widget\" data-widget_type=\"text-editor.default\">\n\t\t\t\t\t\t\t\t\t<p>Fomentar la resiliencia y la autoestima en los ni\u00f1os es esencial para que puedan enfrentar la ausencia de sus padres de una manera saludable. Actividades como el arte, el deporte, y el juego pueden ayudar a los ni\u00f1os a expresar sus emociones, desarrollar confianza en s\u00ed mismos y aprender a resolver problemas de manera creativa. <a href=\"https:\/\/soymigrante.com\/revista\/hay-que-aprender-a-autocontrolar-las-emociones\/\" target=\"_blank\" rel=\"noopener\">Reconocer y celebrar los logros, por peque\u00f1os que sean<\/a>, tambi\u00e9n es una manera de reforzar la autoestima.<\/p>\t\t\t\t\t\t\t\t<\/div>\n\t\t\t\t\t<\/div>\n\t\t\t\t<\/div>\n\t\t<div data-particle_enable=\"false\" data-particle-mobile-disabled=\"false\" class=\"elementor-element elementor-element-86b2743 e-flex e-con-boxed e-con e-parent\" data-id=\"86b2743\" data-element_type=\"container\" data-e-type=\"container\">\n\t\t\t\t\t<div class=\"e-con-inner\">\n\t\t\t\t<div class=\"elementor-element elementor-element-6043754 elementor-widget elementor-widget-heading\" data-id=\"6043754\" data-element_type=\"widget\" data-e-type=\"widget\" data-widget_type=\"heading.default\">\n\t\t\t\t\t<h3 class=\"elementor-heading-title elementor-size-default\">Buscar ayuda profesional<\/h3>\t\t\t\t<\/div>\n\t\t\t\t\t<\/div>\n\t\t\t\t<\/div>\n\t\t<div data-particle_enable=\"false\" data-particle-mobile-disabled=\"false\" class=\"elementor-element elementor-element-577ffb6 e-flex e-con-boxed e-con e-parent\" data-id=\"577ffb6\" data-element_type=\"container\" data-e-type=\"container\">\n\t\t\t\t\t<div class=\"e-con-inner\">\n\t\t\t\t<div class=\"elementor-element elementor-element-b4a85d0 elementor-widget elementor-widget-text-editor\" data-id=\"b4a85d0\" data-element_type=\"widget\" data-e-type=\"widget\" data-widget_type=\"text-editor.default\">\n\t\t\t\t\t\t\t\t\t<p>En algunos casos, el apoyo emocional de familiares y maestros puede no ser suficiente. Los ni\u00f1os que muestran signos de depresi\u00f3n, ansiedad severa, o conductas regresivas pueden necesitar el acompa\u00f1amiento de un profesional en salud mental. Psic\u00f3logos infantiles o consejeros familiares pueden ofrecer terapias adaptadas que les permitan a los ni\u00f1os procesar la ausencia de sus padres de manera adecuada y desarrollar mecanismos de afrontamiento.<\/p>\t\t\t\t\t\t\t\t<\/div>\n\t\t\t\t\t<\/div>\n\t\t\t\t<\/div>\n\t\t<div data-particle_enable=\"false\" data-particle-mobile-disabled=\"false\" class=\"elementor-element elementor-element-57ecf56 e-flex e-con-boxed e-con e-parent\" data-id=\"57ecf56\" data-element_type=\"container\" data-e-type=\"container\">\n\t\t\t\t\t<div class=\"e-con-inner\">\n\t\t\t\t<div class=\"elementor-element elementor-element-70ca1b2 elementor-widget elementor-widget-heading\" data-id=\"70ca1b2\" data-element_type=\"widget\" data-e-type=\"widget\" data-widget_type=\"heading.default\">\n\t\t\t\t\t<h3 class=\"elementor-heading-title elementor-size-default\">Un enfoque emp\u00e1tico y solidario<\/h3>\t\t\t\t<\/div>\n\t\t\t\t\t<\/div>\n\t\t\t\t<\/div>\n\t\t<div data-particle_enable=\"false\" data-particle-mobile-disabled=\"false\" class=\"elementor-element elementor-element-6b1b6e9 e-flex e-con-boxed e-con e-parent\" data-id=\"6b1b6e9\" data-element_type=\"container\" data-e-type=\"container\">\n\t\t\t\t\t<div class=\"e-con-inner\">\n\t\t\t\t<div class=\"elementor-element elementor-element-a497977 elementor-widget elementor-widget-text-editor\" data-id=\"a497977\" data-element_type=\"widget\" data-e-type=\"widget\" data-widget_type=\"text-editor.default\">\n\t\t\t\t\t\t\t\t\t<p>Abordar la ausencia de los padres debido a la migraci\u00f3n requiere un enfoque emp\u00e1tico y solidario. <a href=\"https:\/\/soymigrante.com\/revista\/hay-que-aprender-a-autocontrolar-las-emociones\/\" target=\"_blank\" rel=\"noopener\">Entender el contexto de cada ni\u00f1o, su entorno familiar, y sus necesidades emocionales es fundamental para ofrecer el apoyo adecuado.<\/a> La comunidad, desde las escuelas hasta los servicios sociales, juega un papel crucial en la protecci\u00f3n y bienestar de estos menores, garantizando que la migraci\u00f3n, aunque dolorosa, no rompa los lazos familiares ni perjudique su desarrollo integral.<\/p>\t\t\t\t\t\t\t\t<\/div>\n\t\t\t\t\t<\/div>\n\t\t\t\t<\/div>\n\t\t<div data-particle_enable=\"false\" data-particle-mobile-disabled=\"false\" class=\"elementor-element elementor-element-956374a e-flex e-con-boxed e-con e-parent\" data-id=\"956374a\" data-element_type=\"container\" data-e-type=\"container\">\n\t\t\t\t\t<div class=\"e-con-inner\">\n\t\t\t\t<div class=\"elementor-element elementor-element-e115a25 elementor-widget elementor-widget-heading\" data-id=\"e115a25\" data-element_type=\"widget\" data-e-type=\"widget\" data-widget_type=\"heading.default\">\n\t\t\t\t\t<h2 class=\"elementor-heading-title elementor-size-default\">Claves para mejorar la vida<\/h2>\t\t\t\t<\/div>\n\t\t\t\t\t<\/div>\n\t\t\t\t<\/div>\n\t\t<div data-particle_enable=\"false\" data-particle-mobile-disabled=\"false\" class=\"elementor-element elementor-element-a446aae e-flex e-con-boxed e-con e-parent\" data-id=\"a446aae\" data-element_type=\"container\" data-e-type=\"container\">\n\t\t\t\t\t<div class=\"e-con-inner\">\n\t\t\t\t<div class=\"elementor-element elementor-element-7273962 elementor-widget elementor-widget-blfe-post-grid\" data-id=\"7273962\" data-element_type=\"widget\" data-e-type=\"widget\" data-settings=\"{&quot;columns&quot;:&quot;3&quot;,&quot;columns_tablet&quot;:&quot;6&quot;,&quot;columns_mobile&quot;:&quot;12&quot;,&quot;hero1_layout_column_gap&quot;:{&quot;unit&quot;:&quot;px&quot;,&quot;size&quot;:30,&quot;sizes&quot;:[]},&quot;hero1_layout_column_gap_tablet&quot;:{&quot;unit&quot;:&quot;px&quot;,&quot;size&quot;:&quot;&quot;,&quot;sizes&quot;:[]},&quot;hero1_layout_column_gap_mobile&quot;:{&quot;unit&quot;:&quot;px&quot;,&quot;size&quot;:&quot;&quot;,&quot;sizes&quot;:[]},&quot;hero1_layout_row_gap&quot;:{&quot;unit&quot;:&quot;px&quot;,&quot;size&quot;:30,&quot;sizes&quot;:[]},&quot;hero1_layout_row_gap_tablet&quot;:{&quot;unit&quot;:&quot;px&quot;,&quot;size&quot;:&quot;&quot;,&quot;sizes&quot;:[]},&quot;hero1_layout_row_gap_mobile&quot;:{&quot;unit&quot;:&quot;px&quot;,&quot;size&quot;:&quot;&quot;,&quot;sizes&quot;:[]}}\" data-widget_type=\"blfe-post-grid.hero1\">\n\t\t\t\t<div class=\"elementor-widget-container\">\n\t\t\t\t\t\n                        <div class=\"blfe-post-grid-container \">\n            \n                <div data-skin=\"hero1\" class=\"blfe-row blfe-posts-inner blfe-hero1 blfe-posts-inner blfe-col-3 blfe-col-tab-6 blfe-col-mob-12     \">\n                            <div class=\"blfe-post-grid-item\">\n            <div class=\"blfe-post-grid-item-inner blfe-modern-zoom\">\n                        <div class=\"blfe-post-grid-bg-image\">\n            <a class=\"blfe-post-grid-image-inner\" href=\"https:\/\/soymigrante.com\/revista\/estrategias-para-fidelizar-clientes-pequenas-acciones-que-te-ayudaran-en-el-comercio-digital\/\" title=\"Estrategias para fidelizar clientes: peque\u00f1as acciones que te ayudar\u00e1n en el comercio digital\" rel=\"nofollow\" target=\"_blank\"><img decoding=\"async\" src=\"https:\/\/soymigrante.com\/revista\/wp-content\/uploads\/2026\/04\/vendedora-soymigrantecom-emprendimiento-emprendedora-comercio-digital.png\" alt=\"Estrategias para fidelizar clientes: peque\u00f1as acciones que te ayudar\u00e1n en el comercio digital\"\/><\/a>        <\/div>\n                        <div class=\"blfe-post-grid-details\">\n                    <div class=\"blfe-post-grid-details-inner\">\n                        <span class=\"blfe-post-category\"><a href=\"https:\/\/soymigrante.com\/revista\/category\/bienestar\/\">Bienestar<\/a><\/span>                        <h3 class=\"blfe-post-grid-title\">\n            <a href=\"https:\/\/soymigrante.com\/revista\/estrategias-para-fidelizar-clientes-pequenas-acciones-que-te-ayudaran-en-el-comercio-digital\/\" title=\"Estrategias para fidelizar clientes: peque\u00f1as acciones que te ayudar\u00e1n en el comercio digital\" rel=\"nofollow\" target=\"_blank\">Estrategias para fidelizar clientes: peque\u00f1as acciones que te ayudar\u00e1n en el comercio digital<\/a>\n            <\/h3>                                                            <div class=\"blfe-post-grid-meta\">\n                <span class=\"blfe-post-grid-time\"><i class=\"fas fa-book-reader\"><\/i>5 Min read<\/span>            <\/div>\n                                                        <\/div>\n                <\/div>\n\n            <\/div>\n        <\/div>\n                <div class=\"blfe-post-grid-item\">\n            <div class=\"blfe-post-grid-item-inner blfe-modern-zoom\">\n                        <div class=\"blfe-post-grid-bg-image\">\n            <a class=\"blfe-post-grid-image-inner\" href=\"https:\/\/soymigrante.com\/revista\/violencia-intrafamiliar-domestica-se-debe-reconocer-y-denunciar-donde-obtener-ayuda-en-estados-unidos\/\" title=\"Violencia intrafamiliar se debe reconocer,  denunciar y frenar \u00bfD\u00f3nde obtener ayuda en Estados Unidos?\" rel=\"nofollow\" target=\"_blank\"><img decoding=\"async\" src=\"https:\/\/soymigrante.com\/revista\/wp-content\/uploads\/2026\/04\/frenar-violencia-domestica-estados-unidos.png\" alt=\"Violencia intrafamiliar se debe reconocer,  denunciar y frenar \u00bfD\u00f3nde obtener ayuda en Estados Unidos?\"\/><\/a>        <\/div>\n                        <div class=\"blfe-post-grid-details\">\n                    <div class=\"blfe-post-grid-details-inner\">\n                        <span class=\"blfe-post-category\"><a href=\"https:\/\/soymigrante.com\/revista\/category\/bienestar\/en-familia\/\">En Familia<\/a><\/span>                        <h3 class=\"blfe-post-grid-title\">\n            <a href=\"https:\/\/soymigrante.com\/revista\/violencia-intrafamiliar-domestica-se-debe-reconocer-y-denunciar-donde-obtener-ayuda-en-estados-unidos\/\" title=\"Violencia intrafamiliar se debe reconocer,  denunciar y frenar \u00bfD\u00f3nde obtener ayuda en Estados Unidos?\" rel=\"nofollow\" target=\"_blank\">Violencia intrafamiliar se debe reconocer,  denunciar y frenar \u00bfD\u00f3nde obtener ayuda en Estados Unidos?<\/a>\n            <\/h3>                                                            <div class=\"blfe-post-grid-meta\">\n                <span class=\"blfe-post-grid-time\"><i class=\"fas fa-book-reader\"><\/i>5 Min read<\/span>            <\/div>\n                                                        <\/div>\n                <\/div>\n\n            <\/div>\n        <\/div>\n                <div class=\"blfe-post-grid-item\">\n            <div class=\"blfe-post-grid-item-inner blfe-modern-zoom\">\n                        <div class=\"blfe-post-grid-bg-image\">\n            <a class=\"blfe-post-grid-image-inner\" href=\"https:\/\/soymigrante.com\/revista\/claves-sobre-primeros-auxilios-psicologicos-para-ayudar-a-alguien-agobiado-por-dolor-miedo-o-angustia\/\" title=\"Claves sobre Primeros Auxilios Psicol\u00f3gicos para ayudar a alguien agobiado por dolor, miedo o angustia\" rel=\"nofollow\" target=\"_blank\"><img decoding=\"async\" src=\"https:\/\/soymigrante.com\/revista\/wp-content\/uploads\/2026\/04\/primeros-auxilios-emocionales.png\" alt=\"Claves sobre Primeros Auxilios Psicol\u00f3gicos para ayudar a alguien agobiado por dolor, miedo o angustia\"\/><\/a>        <\/div>\n                        <div class=\"blfe-post-grid-details\">\n                    <div class=\"blfe-post-grid-details-inner\">\n                        <span class=\"blfe-post-category\"><a href=\"https:\/\/soymigrante.com\/revista\/category\/bienestar\/salud-emocional\/\">Salud Emocional<\/a><\/span>                        <h3 class=\"blfe-post-grid-title\">\n            <a href=\"https:\/\/soymigrante.com\/revista\/claves-sobre-primeros-auxilios-psicologicos-para-ayudar-a-alguien-agobiado-por-dolor-miedo-o-angustia\/\" title=\"Claves sobre Primeros Auxilios Psicol\u00f3gicos para ayudar a alguien agobiado por dolor, miedo o angustia\" rel=\"nofollow\" target=\"_blank\">Claves sobre Primeros Auxilios Psicol\u00f3gicos para ayudar a alguien agobiado por dolor, miedo o angustia<\/a>\n            <\/h3>                                                            <div class=\"blfe-post-grid-meta\">\n                <span class=\"blfe-post-grid-time\"><i class=\"fas fa-book-reader\"><\/i>6 Min read<\/span>            <\/div>\n                                                        <\/div>\n                <\/div>\n\n            <\/div>\n        <\/div>\n                        <\/div>\n\n                        <\/div>\n            \n                        <div class=\"blfe-post-footer\">\n                        <\/div>\n            \t\t\t\t<\/div>\n\t\t\t\t<\/div>\n\t\t\t\t\t<\/div>\n\t\t\t\t<\/div>\n\t\t\t\t<\/div>\n\t\t","protected":false},"excerpt":{"rendered":"<p>Cuando los ni\u00f1os quedan separados de sus padres, ya sea porque estos decidieron migrar a otro pa\u00eds, o porque han sido separados debido a alg\u00fan proceso legal o de deportaci\u00f3n, se produce un impacto muy fuerte: es preciso definir qui\u00e9n se hacer cargo de ellos durante esa ausencia. Ante la migraci\u00f3n de los padres es [&hellip;]<\/p>\n","protected":false},"author":19,"featured_media":21817,"comment_status":"open","ping_status":"open","sticky":false,"template":"","format":"standard","meta":{"_acf_changed":false,"_eb_attr":"","footnotes":""},"categories":[55],"tags":[],"class_list":["post-9097","post","type-post","status-publish","format-standard","has-post-thumbnail","hentry","category-bienestar"],"acf":[],"aioseo_notices":[],"aioseo_head":"\n\t\t<!-- All in One SEO Pro 4.9.6.2 - aioseo.com -->\n\t<meta name=\"description\" content=\"No se necesitan las palabras perfectas cuando alguien se rompe. Quedarse, acompa\u00f1ar y escuchar son los primeros auxilios psicol\u00f3gicos que tienes que conocer.\" \/>\n\t<meta name=\"robots\" content=\"max-snippet:-1, max-image-preview:large, max-video-preview:-1\" \/>\n\t<meta name=\"author\" content=\"Mari\u00e1ngel \u00c1lvarez\"\/>\n\t<link rel=\"canonical\" href=\"https:\/\/soymigrante.com\/revista\/claves-sobre-primeros-auxilios-psicologicos-para-ayudar-a-alguien-agobiado-por-dolor-miedo-o-angustia\/\" \/>\n\t<meta name=\"generator\" content=\"All in One SEO Pro (AIOSEO) 4.9.6.2\" \/>\n\n\t\t<link rel=\"preconnect\" href=\"https:\/\/fonts.googleapis.com\" crossorigin>\n<link rel=\"preconnect\" href=\"https:\/\/fonts.gstatic.com\" crossorigin>\n\t\t<meta property=\"og:locale\" content=\"es_ES\" \/>\n\t\t<meta property=\"og:site_name\" content=\"SoyMigrante.com REVISTA \u2013 Nuestra misi\u00f3n es reconocer y dignificar al migrante.\" \/>\n\t\t<meta property=\"og:type\" content=\"article\" \/>\n\t\t<meta property=\"og:title\" content=\"Saber dar Primeros Auxilios Psicol\u00f3gicos nunca est\u00e1 de m\u00e1s\" \/>\n\t\t<meta property=\"og:description\" content=\"No se necesitan las palabras perfectas cuando alguien se rompe. Quedarse, acompa\u00f1ar y escuchar son los primeros auxilios psicol\u00f3gicos que tienes que conocer.\" \/>\n\t\t<meta property=\"og:url\" content=\"https:\/\/soymigrante.com\/revista\/claves-sobre-primeros-auxilios-psicologicos-para-ayudar-a-alguien-agobiado-por-dolor-miedo-o-angustia\/\" \/>\n\t\t<meta property=\"og:image\" content=\"https:\/\/soymigrante.com\/revista\/wp-content\/uploads\/2026\/04\/primeros-auxilios-emocionales.png\" \/>\n\t\t<meta property=\"og:image:secure_url\" content=\"https:\/\/soymigrante.com\/revista\/wp-content\/uploads\/2026\/04\/primeros-auxilios-emocionales.png\" \/>\n\t\t<meta property=\"og:image:width\" content=\"1024\" \/>\n\t\t<meta property=\"og:image:height\" content=\"1024\" \/>\n\t\t<meta property=\"article:published_time\" content=\"2026-04-07T20:18:15+00:00\" \/>\n\t\t<meta property=\"article:modified_time\" content=\"2026-04-07T21:10:17+00:00\" \/>\n\t\t<meta property=\"article:publisher\" content=\"https:\/\/www.facebook.com\/soymigrantecom\" \/>\n\t\t<meta name=\"twitter:card\" content=\"summary_large_image\" \/>\n\t\t<meta name=\"twitter:site\" content=\"@SoyMigrante_com\" \/>\n\t\t<meta name=\"twitter:title\" content=\"Saber dar Primeros Auxilios Psicol\u00f3gicos nunca est\u00e1 de m\u00e1s\" \/>\n\t\t<meta name=\"twitter:description\" content=\"No se necesitan las palabras perfectas cuando alguien se rompe. Quedarse, acompa\u00f1ar y escuchar son los primeros auxilios psicol\u00f3gicos que tienes que conocer.\" \/>\n\t\t<meta name=\"twitter:creator\" content=\"@SoyMigrante_com\" \/>\n\t\t<meta name=\"twitter:image\" content=\"https:\/\/soymigrante.com\/revista\/wp-content\/uploads\/2026\/04\/primeros-auxilios-emocionales.png\" \/>\n\t\t<!-- All in One SEO Pro -->\r\n\t\t<title>Saber dar Primeros Auxilios Psicol\u00f3gicos nunca est\u00e1 de m\u00e1s<\/title>\n\n","aioseo_head_json":{"title":"Saber dar Primeros Auxilios Psicol\u00f3gicos nunca est\u00e1 de m\u00e1s","description":"No se necesitan las palabras perfectas cuando alguien se rompe. Quedarse, acompa\u00f1ar y escuchar son los primeros auxilios psicol\u00f3gicos que tienes que conocer.","canonical_url":"https:\/\/soymigrante.com\/revista\/claves-sobre-primeros-auxilios-psicologicos-para-ayudar-a-alguien-agobiado-por-dolor-miedo-o-angustia\/","robots":"max-snippet:-1, max-image-preview:large, max-video-preview:-1","keywords":"","webmasterTools":{"miscellaneous":"&lt;link rel=\"preconnect\" href=\"https:\/\/fonts.googleapis.com\" crossorigin&gt;\n&lt;link rel=\"preconnect\" href=\"https:\/\/fonts.gstatic.com\" crossorigin&gt;"},"schema":null,"og:locale":"es_ES","og:site_name":"SoyMigrante.com REVISTA \u2013 Nuestra misi\u00f3n es reconocer y dignificar al migrante.","og:type":"article","og:title":"Saber dar Primeros Auxilios Psicol\u00f3gicos nunca est\u00e1 de m\u00e1s","og:description":"No se necesitan las palabras perfectas cuando alguien se rompe. Quedarse, acompa\u00f1ar y escuchar son los primeros auxilios psicol\u00f3gicos que tienes que conocer.","og:url":"https:\/\/soymigrante.com\/revista\/claves-sobre-primeros-auxilios-psicologicos-para-ayudar-a-alguien-agobiado-por-dolor-miedo-o-angustia\/","og:image":"https:\/\/soymigrante.com\/revista\/wp-content\/uploads\/2026\/04\/primeros-auxilios-emocionales.png","og:image:secure_url":"https:\/\/soymigrante.com\/revista\/wp-content\/uploads\/2026\/04\/primeros-auxilios-emocionales.png","og:image:width":1024,"og:image:height":1024,"article:published_time":"2026-04-07T20:18:15+00:00","article:modified_time":"2026-04-07T21:10:17+00:00","article:publisher":"https:\/\/www.facebook.com\/soymigrantecom","twitter:card":"summary_large_image","twitter:site":"@SoyMigrante_com","twitter:title":"Saber dar Primeros Auxilios Psicol\u00f3gicos nunca est\u00e1 de m\u00e1s","twitter:description":"No se necesitan las palabras perfectas cuando alguien se rompe. Quedarse, acompa\u00f1ar y escuchar son los primeros auxilios psicol\u00f3gicos que tienes que conocer.","twitter:creator":"@SoyMigrante_com","twitter:image":"https:\/\/soymigrante.com\/revista\/wp-content\/uploads\/2026\/04\/primeros-auxilios-emocionales.png"},"aioseo_meta_data":{"post_id":"9097","title":null,"description":"Puede existir situaciones en las cuales haya ausencia de uno o ambos padres. Quienes quedan designados a cargo de su cuidado deben estar preparados.","keywords":null,"keyphrases":{"focus":{"keyphrase":"migrantes","score":74,"analysis":{"keyphraseInTitle":{"score":9,"maxScore":9,"error":0},"keyphraseInDescription":{"score":3,"maxScore":9,"error":1},"keyphraseLength":{"score":9,"maxScore":9,"error":0,"length":1},"keyphraseInURL":{"score":5,"maxScore":5,"error":0},"keyphraseInIntroduction":{"score":3,"maxScore":9,"error":1},"keyphraseInSubHeadings":{"score":3,"maxScore":9,"error":1},"keyphraseInImageAlt":{"score":9,"maxScore":9,"error":0},"keywordDensity":{"type":"best","score":9,"maxScore":9,"error":0}}},"additional":[{"keyphrase":"migrantes","score":73,"analysis":{"keyphraseInDescription":{"score":3,"maxScore":9,"error":1},"keyphraseLength":{"score":9,"maxScore":9,"error":0,"length":1},"keyphraseInIntroduction":{"score":3,"maxScore":9,"error":1},"keyphraseInImageAlt":{"score":9,"maxScore":9,"error":0},"keywordDensity":{"type":"best","score":9,"maxScore":9,"error":0}}}]},"primary_term":null,"canonical_url":null,"og_title":null,"og_description":null,"og_object_type":"default","og_image_type":"default","og_image_url":null,"og_image_width":null,"og_image_height":null,"og_image_custom_url":null,"og_image_custom_fields":null,"og_video":"","og_custom_url":null,"og_article_section":null,"og_article_tags":null,"twitter_use_og":false,"twitter_card":"default","twitter_image_type":"default","twitter_image_url":null,"twitter_image_custom_url":null,"twitter_image_custom_fields":null,"twitter_title":null,"twitter_description":null,"schema":{"blockGraphs":[],"customGraphs":[],"default":{"data":{"Article":[],"Course":[],"Dataset":[],"FAQPage":[],"Movie":[],"Person":[],"Product":[],"ProductReview":[],"Car":[],"Recipe":[],"Service":[],"SoftwareApplication":[],"WebPage":[]},"graphName":"BlogPosting","isEnabled":true},"graphs":[]},"schema_type":"default","schema_type_options":null,"pillar_content":false,"robots_default":true,"robots_noindex":false,"robots_noarchive":false,"robots_nosnippet":false,"robots_nofollow":false,"robots_noimageindex":false,"robots_noodp":false,"robots_notranslate":false,"robots_max_snippet":"-1","robots_max_videopreview":"-1","robots_max_imagepreview":"large","priority":null,"frequency":"default","local_seo":null,"seo_analyzer_scan_date":"2025-10-09 01:58:17","breadcrumb_settings":null,"limit_modified_date":false,"reviewed_by":null,"open_ai":"{\"title\":{\"suggestions\":[],\"usage\":0},\"description\":{\"suggestions\":[],\"usage\":0}}","ai":null,"created":"2024-09-11 19:27:33","updated":"2026-02-04 19:16:29"},"aioseo_breadcrumb":"<div class=\"aioseo-breadcrumbs\"><span class=\"aioseo-breadcrumb\">\n\t<a href=\"https:\/\/soymigrante.com\/revista\" title=\"Home\">Home<\/a>\n<\/span><span class=\"aioseo-breadcrumb-separator\">\u00bb<\/span><span class=\"aioseo-breadcrumb\">\n\t<a href=\"https:\/\/soymigrante.com\/revista\/category\/bienestar\/\" title=\"Bienestar\">Bienestar<\/a>\n<\/span><span class=\"aioseo-breadcrumb-separator\">\u00bb<\/span><span class=\"aioseo-breadcrumb\">\n\tC\u00f3mo apoyar a menores en caso de ausencia de padres migrantes\n<\/span><\/div>","aioseo_breadcrumb_json":[{"label":"Home","link":"https:\/\/soymigrante.com\/revista"},{"label":"Bienestar","link":"https:\/\/soymigrante.com\/revista\/category\/bienestar\/"},{"label":"C\u00f3mo apoyar a menores en caso de ausencia de padres migrantes","link":"https:\/\/soymigrante.com\/revista\/como-apoyar-a-menores-en-caso-de-ausencia-de-padres-migrantes\/"}],"_links":{"self":[{"href":"https:\/\/soymigrante.com\/revista\/wp-json\/wp\/v2\/posts\/9097","targetHints":{"allow":["GET"]}}],"collection":[{"href":"https:\/\/soymigrante.com\/revista\/wp-json\/wp\/v2\/posts"}],"about":[{"href":"https:\/\/soymigrante.com\/revista\/wp-json\/wp\/v2\/types\/post"}],"author":[{"embeddable":true,"href":"https:\/\/soymigrante.com\/revista\/wp-json\/wp\/v2\/users\/19"}],"replies":[{"embeddable":true,"href":"https:\/\/soymigrante.com\/revista\/wp-json\/wp\/v2\/comments?post=9097"}],"version-history":[{"count":0,"href":"https:\/\/soymigrante.com\/revista\/wp-json\/wp\/v2\/posts\/9097\/revisions"}],"wp:featuredmedia":[{"embeddable":true,"href":"https:\/\/soymigrante.com\/revista\/wp-json\/wp\/v2\/media\/21817"}],"wp:attachment":[{"href":"https:\/\/soymigrante.com\/revista\/wp-json\/wp\/v2\/media?parent=9097"}],"wp:term":[{"taxonomy":"category","embeddable":true,"href":"https:\/\/soymigrante.com\/revista\/wp-json\/wp\/v2\/categories?post=9097"},{"taxonomy":"post_tag","embeddable":true,"href":"https:\/\/soymigrante.com\/revista\/wp-json\/wp\/v2\/tags?post=9097"}],"curies":[{"name":"wp","href":"https:\/\/api.w.org\/{rel}","templated":true}]}}