{"id":9025,"date":"2024-09-20T11:15:14","date_gmt":"2024-09-20T17:15:14","guid":{"rendered":"https:\/\/soymigrante.com\/revista\/?p=9025"},"modified":"2025-09-16T06:49:56","modified_gmt":"2025-09-16T12:49:56","slug":"pueblo-poqomam-los-nietos-de-la-luna-estan-presentes-en-4-territorios","status":"publish","type":"post","link":"https:\/\/soymigrante.com\/revista\/pueblo-poqomam-los-nietos-de-la-luna-estan-presentes-en-4-territorios\/","title":{"rendered":"Pueblo Poqomam (Los Nietos de la Luna) radica en cuatro \u00e1reas unidas por un mismo idioma"},"content":{"rendered":"\t\t<div data-elementor-type=\"wp-post\" data-elementor-id=\"9025\" class=\"elementor elementor-9025\" data-elementor-post-type=\"post\">\n\t\t\t\t<div data-particle_enable=\"false\" data-particle-mobile-disabled=\"false\" class=\"elementor-element elementor-element-b1414bf e-flex e-con-boxed e-con e-parent\" data-id=\"b1414bf\" data-element_type=\"container\" data-e-type=\"container\">\n\t\t\t\t\t<div class=\"e-con-inner\">\n\t\t\t\t<div class=\"elementor-element elementor-element-d66260b elementor-widget elementor-widget-heading\" data-id=\"d66260b\" data-element_type=\"widget\" data-e-type=\"widget\" data-widget_type=\"heading.default\">\n\t\t\t\t\t<h2 class=\"elementor-heading-title elementor-size-default\">Hay unos 46,478 guatemaltecos de pueblo Poqoman en cuatro comunidades principales: Chinautla, Pal\u00edn, Jalapa y Mixco.  El t\u00e9rmino <span>Poqomam se deriva de <\/span><span>Poqomaab\u2019 que significa gente de Poqom.<\/span><span>&nbsp;<\/span><\/h2>\t\t\t\t<\/div>\n\t\t\t\t\t<\/div>\n\t\t\t\t<\/div>\n\t\t<div data-particle_enable=\"false\" data-particle-mobile-disabled=\"false\" class=\"elementor-element elementor-element-1baae9d e-flex e-con-boxed e-con e-parent\" data-id=\"1baae9d\" data-element_type=\"container\" data-e-type=\"container\">\n\t\t\t\t\t<div class=\"e-con-inner\">\n\t\t\t\t<div class=\"elementor-element elementor-element-82fdfab elementor-widget elementor-widget-text-editor\" data-id=\"82fdfab\" data-element_type=\"widget\" data-e-type=\"widget\" data-widget_type=\"text-editor.default\">\n\t\t\t\t\t\t\t\t\t<p style=\"text-align: justify\">Alrededor del a\u00f1o 1000 d.C, los\u00a0hablantes del idioma Poqom, ocupaban el territorio de La Verapaz. El \u00fanico documento escrito en Poqom que existe es el T\u00edtulo del Barrio\u00a0 de Santa Ana, fechado en 1565 pero este no contiene referencia a la migraci\u00f3n de estos grupos.\u00a0\u00a0<\/p><p style=\"text-align: justify\"><span style=\"color: var( --e-global-color-text )\">El\u00a0<\/span><span style=\"color: var( --e-global-color-text )\">T\u00edtulo de los Se\u00f1ores de Kaqkoj, encontrado en el a\u00f1o 1785, sin duda copia de\u00a0<\/span><span style=\"color: var( --e-global-color-text )\">un documento m\u00e1s antiguo, dice que los Poqomam tuvieron su origen cerca de San\u00a0<\/span><span style=\"color: var( --e-global-color-text )\">Crist\u00f3bal Kaqkoj, hoy San Crist\u00f3bal Verapaz, de la comunidad Poqomchi.<\/span><\/p><p style=\"text-align: justify\">Hacia 1600, los frailes Dionisio\u00a0de Z\u00fa\u00f1iga y Pedro Mor\u00e1n explican que: \u201cPo\u201d: significaba luna a la que tambi\u00e9n\u00a0se le llama abuela y \u201cMam\u201d, vocablo para definir a un anciano o abuelo.\u00a0 Actualmente la palabra \u201cPoh\u201d se\u00a0 traduce como luna y \u201cMam\u201d, significa nieto, lo\u00a0que en conjunto se traducir\u00eda como \u201cnietos de la luna\u201d.<\/p><p style=\"text-align: justify\"><span style=\"color: var( --e-global-color-text )\">Por aparte fray\u00a0Francisco Xim\u00e9nez, en 1720 escribe en referencia a la migraci\u00f3n de los Poqomam:\u00a0\u201c\u2026antes de la llegada de los espa\u00f1oles, se salieron porque ya no cab\u00edan en la\u00a0Provincia de Cuscatl\u00e1n principal metr\u00f3poli de los abor\u00edgenes\u00a0\u201c<\/span><a href=\"https:\/\/es.wikipedia.org\/wiki\/Pipil\"><span style=\"color: black\">pipil<\/span><\/a><span style=\"color: var( --e-global-color-text )\">\u201d hoy San\u00a0Salvador y se establecieron en Amatitl\u00e1n, San Crist\u00f3bal, Petapa, Mixco, Pinula\u00a0y Chinautla.<\/span><\/p>\t\t\t\t\t\t\t\t<\/div>\n\t\t\t\t\t<\/div>\n\t\t\t\t<\/div>\n\t\t<div data-particle_enable=\"false\" data-particle-mobile-disabled=\"false\" class=\"elementor-element elementor-element-3c0d7dc e-flex e-con-boxed e-con e-parent\" data-id=\"3c0d7dc\" data-element_type=\"container\" data-e-type=\"container\">\n\t\t\t\t\t<div class=\"e-con-inner\">\n\t\t\t\t<div class=\"elementor-element elementor-element-5e2dde1 elementor-widget elementor-widget-heading\" data-id=\"5e2dde1\" data-element_type=\"widget\" data-e-type=\"widget\" data-widget_type=\"heading.default\">\n\t\t\t\t\t<h4 class=\"elementor-heading-title elementor-size-default\">Festejo de Independencia en Pal\u00edn, Escuintla, 2021<\/h4>\t\t\t\t<\/div>\n\t\t\t\t\t<\/div>\n\t\t\t\t<\/div>\n\t\t<div data-particle_enable=\"false\" data-particle-mobile-disabled=\"false\" class=\"elementor-element elementor-element-2f29e72 e-flex e-con-boxed e-con e-parent\" data-id=\"2f29e72\" data-element_type=\"container\" data-e-type=\"container\">\n\t\t\t\t\t<div class=\"e-con-inner\">\n\t\t\t\t<div class=\"elementor-element elementor-element-b69d61f elementor-widget elementor-widget-facebook-embed\" data-id=\"b69d61f\" data-element_type=\"widget\" data-e-type=\"widget\" data-widget_type=\"facebook-embed.default\">\n\t\t\t\t\t<div style=\"min-height: 1px\" class=\"elementor-facebook-widget fb-video\" data-href=\"https:\/\/fb.watch\/uxxm8E7vGd\/\" data-show-text=\"false\" data-allowfullscreen=\"false\" data-autoplay=\"false\" data-show-captions=\"false\"><\/div>\t\t\t\t<\/div>\n\t\t\t\t\t<\/div>\n\t\t\t\t<\/div>\n\t\t<div data-particle_enable=\"false\" data-particle-mobile-disabled=\"false\" class=\"elementor-element elementor-element-e8faf3a e-flex e-con-boxed e-con e-parent\" data-id=\"e8faf3a\" data-element_type=\"container\" data-e-type=\"container\">\n\t\t\t\t\t<div class=\"e-con-inner\">\n\t\t\t\t<div class=\"elementor-element elementor-element-34dc4b7 elementor-widget elementor-widget-heading\" data-id=\"34dc4b7\" data-element_type=\"widget\" data-e-type=\"widget\" data-widget_type=\"heading.default\">\n\t\t\t\t\t<h3 class=\"elementor-heading-title elementor-size-default\">Siempre han luchado por su identidad<\/h3>\t\t\t\t<\/div>\n\t\t\t\t\t<\/div>\n\t\t\t\t<\/div>\n\t\t<div data-particle_enable=\"false\" data-particle-mobile-disabled=\"false\" class=\"elementor-element elementor-element-42bf3b9 e-flex e-con-boxed e-con e-parent\" data-id=\"42bf3b9\" data-element_type=\"container\" data-e-type=\"container\">\n\t\t\t\t\t<div class=\"e-con-inner\">\n\t\t\t\t<div class=\"elementor-element elementor-element-d48d857 elementor-widget elementor-widget-text-editor\" data-id=\"d48d857\" data-element_type=\"widget\" data-e-type=\"widget\" data-widget_type=\"text-editor.default\">\n\t\t\t\t\t\t\t\t\t<p class=\"MsoNormal\" style=\"text-align: justify\">Los Poqomam asentados al sur del r\u00edo Motagua se enfrentaron en defensa de su territorio a Pedro de Alvarado.\u00a0 Como consecuencia de la invasi\u00f3n hispana los poqomam se dispersaron, unos, a Mixco Viejo, como lo menciona el Memorial de Solol\u00e1.\u00a0 los habitantes de esta antigua fortaleza fueron trasladados al actual pueblo de Santo Domingo Mixco, a inmediaciones de la capital de Guatemala.\u00a0\u00a0<\/p><p class=\"MsoNormal\" style=\"text-align: justify\">En tanto como consecuencia de la conquista espa\u00f1ola de Las Verapaces, otros grupos Poqomam se desplazaron a lo largo del r\u00edo Motagua, hasta llegar a Chinautla o bien a los actuales municipios de San Luis Jilotepeque y San Pedro Pinula, del departamento de Jalapa.\u00a0 La poblaci\u00f3n estimada es de 46 mil 478 habitantes.<\/p>\t\t\t\t\t\t\t\t<\/div>\n\t\t\t\t\t<\/div>\n\t\t\t\t<\/div>\n\t\t<div data-particle_enable=\"false\" data-particle-mobile-disabled=\"false\" class=\"elementor-element elementor-element-20cb92f e-flex e-con-boxed e-con e-parent\" data-id=\"20cb92f\" data-element_type=\"container\" data-e-type=\"container\">\n\t\t\t\t\t<div class=\"e-con-inner\">\n\t\t\t\t<div class=\"elementor-element elementor-element-f9e6476 elementor-widget elementor-widget-image\" data-id=\"f9e6476\" data-element_type=\"widget\" data-e-type=\"widget\" data-widget_type=\"image.default\">\n\t\t\t\t\t\t\t\t\t\t\t\t<figure class=\"wp-caption\">\n\t\t\t\t\t\t\t\t\t\t<img fetchpriority=\"high\" decoding=\"async\" width=\"977\" height=\"627\" src=\"https:\/\/soymigrante.com\/revista\/wp-content\/uploads\/2024\/09\/mapa-Linguistico-POQOMAM-Min-Edu.webp\" class=\"attachment-large size-large wp-image-9037\" alt=\"Los principales n\u00facleos de poblaci\u00f3n Poqomam est\u00e1n en Pal\u00edn, Escuintla; Jalapa, Chinautla y Mixco. (Mapa de la Direcci\u00f3n General de Educaci\u00f3n Biling\u00fce Intercultural del Mineduc)\" srcset=\"https:\/\/soymigrante.com\/revista\/wp-content\/uploads\/2024\/09\/mapa-Linguistico-POQOMAM-Min-Edu.webp 977w, https:\/\/soymigrante.com\/revista\/wp-content\/uploads\/2024\/09\/mapa-Linguistico-POQOMAM-Min-Edu-300x193.webp 300w, https:\/\/soymigrante.com\/revista\/wp-content\/uploads\/2024\/09\/mapa-Linguistico-POQOMAM-Min-Edu-768x493.webp 768w, https:\/\/soymigrante.com\/revista\/wp-content\/uploads\/2024\/09\/mapa-Linguistico-POQOMAM-Min-Edu-750x481.webp 750w\" sizes=\"(max-width: 977px) 100vw, 977px\" title=\"Los principales n\u00facleos de poblaci\u00f3n Poqomam est\u00e1n en Pal\u00edn, Escuintla; Jalapa, Chinautla y Mixco. (Mapa de la  Direcci\u00f3n General de Educaci\u00f3n Biling\u00fce Intercultural del Mineduc) \u2013 SoyMigrante.com REVISTA\" \/>\t\t\t\t\t\t\t\t\t\t\t<figcaption class=\"widget-image-caption wp-caption-text\">Los principales n\u00facleos de poblaci\u00f3n Poqomam est\u00e1n en Pal\u00edn, Escuintla; Jalapa, Chinautla y Mixco. (Mapa de la \nDirecci\u00f3n General de Educaci\u00f3n Biling\u00fce Intercultural del Mineduc)<\/figcaption>\n\t\t\t\t\t\t\t\t\t\t<\/figure>\n\t\t\t\t\t\t\t\t\t<\/div>\n\t\t\t\t\t<\/div>\n\t\t\t\t<\/div>\n\t\t<div data-particle_enable=\"false\" data-particle-mobile-disabled=\"false\" class=\"elementor-element elementor-element-36b9d2c e-flex e-con-boxed e-con e-parent\" data-id=\"36b9d2c\" data-element_type=\"container\" data-e-type=\"container\">\n\t\t\t\t\t<div class=\"e-con-inner\">\n\t\t\t\t<div class=\"elementor-element elementor-element-dd85e4d elementor-widget elementor-widget-text-editor\" data-id=\"dd85e4d\" data-element_type=\"widget\" data-e-type=\"widget\" data-widget_type=\"text-editor.default\">\n\t\t\t\t\t\t\t\t\t<p class=\"MsoNormal\" style=\"text-align: justify\">El pueblo Poqomam habita cuatro territorios: Pal\u00edn, Escuintla; los municipios de San Pedro Pinula, San Luis Jilotepeque y San Carlos Alzatate, Jalapa; Chinautla y Mixco, epecificamente en Sacoj Grande.\u00a0<\/p><p class=\"MsoNormal\" style=\"text-align: justify\">En el a\u00f1o 2,000 la Comunidad Ind\u00edgena de Pal\u00edn rescat\u00f3 el T\u00edtulo de Fundaci\u00f3n de ese pueblo, fechado el a\u00f1o 1751. En esta \u00e1rea, l<span style=\"color: var( --e-global-color-text );text-align: var(--text-align)\">os espa\u00f1oles obligaron a los ind\u00edgenas a cambiar sus apellidos originales por apellidos espa\u00f1oles. A pesar de esto a\u00fan existen apellidos ind\u00edgenas: Coj, Toj, Zunun, Coj\u00f3n, Tubac, Concogua, Quispal, Yon, Chocojay, Mita, Chun\u00ed, Malchic, Par, Vol Caniche, Aj\u00edn, Raguay, Pirique, Conguache, Esquit, lscay\u00e1, Cascag\u00fci, Moscut, Sebeyuque.<\/span><span style=\"color: var( --e-global-color-text )\">\u00a0<\/span><\/p>\t\t\t\t\t\t\t\t<\/div>\n\t\t\t\t\t<\/div>\n\t\t\t\t<\/div>\n\t\t<div data-particle_enable=\"false\" data-particle-mobile-disabled=\"false\" class=\"elementor-element elementor-element-f485dcc e-flex e-con-boxed e-con e-parent\" data-id=\"f485dcc\" data-element_type=\"container\" data-e-type=\"container\">\n\t\t\t\t\t<div class=\"e-con-inner\">\n\t\t\t\t<div class=\"elementor-element elementor-element-26012ec elementor-widget elementor-widget-image\" data-id=\"26012ec\" data-element_type=\"widget\" data-e-type=\"widget\" data-widget_type=\"image.default\">\n\t\t\t\t\t\t\t\t\t\t\t\t<figure class=\"wp-caption\">\n\t\t\t\t\t\t\t\t\t\t<img decoding=\"async\" width=\"853\" height=\"1010\" src=\"https:\/\/soymigrante.com\/revista\/wp-content\/uploads\/2024\/09\/pocomam-sonia-gutierrez-raguay-diputada.webp\" class=\"attachment-large size-large wp-image-9038\" alt=\"La \u00fanica diputada maya en el Congreso 2024-2028 es Poqomam: Sonia Guti\u00e9rrez Raguay\" srcset=\"https:\/\/soymigrante.com\/revista\/wp-content\/uploads\/2024\/09\/pocomam-sonia-gutierrez-raguay-diputada.webp 853w, https:\/\/soymigrante.com\/revista\/wp-content\/uploads\/2024\/09\/pocomam-sonia-gutierrez-raguay-diputada-253x300.webp 253w, https:\/\/soymigrante.com\/revista\/wp-content\/uploads\/2024\/09\/pocomam-sonia-gutierrez-raguay-diputada-768x909.webp 768w, https:\/\/soymigrante.com\/revista\/wp-content\/uploads\/2024\/09\/pocomam-sonia-gutierrez-raguay-diputada-750x888.webp 750w\" sizes=\"(max-width: 853px) 100vw, 853px\" title=\"La \u00fanica diputada maya en el Congreso 2024-2028 es Poqomam: Sonia Guti\u00e9rrez Raguay \u2013 SoyMigrante.com REVISTA\" \/>\t\t\t\t\t\t\t\t\t\t\t<figcaption class=\"widget-image-caption wp-caption-text\">La \u00fanica diputada maya en el Congreso 2024-2028 es Poqomam: Sonia Guti\u00e9rrez Raguay<\/figcaption>\n\t\t\t\t\t\t\t\t\t\t<\/figure>\n\t\t\t\t\t\t\t\t\t<\/div>\n\t\t\t\t\t<\/div>\n\t\t\t\t<\/div>\n\t\t<div data-particle_enable=\"false\" data-particle-mobile-disabled=\"false\" class=\"elementor-element elementor-element-c0ecc38 e-flex e-con-boxed e-con e-parent\" data-id=\"c0ecc38\" data-element_type=\"container\" data-e-type=\"container\">\n\t\t\t\t\t<div class=\"e-con-inner\">\n\t\t\t\t<div class=\"elementor-element elementor-element-32e31c4 elementor-widget elementor-widget-text-editor\" data-id=\"32e31c4\" data-element_type=\"widget\" data-e-type=\"widget\" data-widget_type=\"text-editor.default\">\n\t\t\t\t\t\t\t\t\t<p>Actualmente, en el Congreso 2024-2028 solo hay una diputada perteneciente al pueblo maya, y se trata de una integrante del pueblo Poqomam: Sonia Guti\u00e9rrez Raguay, de Pal\u00edn, Escuintla.<\/p>\t\t\t\t\t\t\t\t<\/div>\n\t\t\t\t\t<\/div>\n\t\t\t\t<\/div>\n\t\t<div data-particle_enable=\"false\" data-particle-mobile-disabled=\"false\" class=\"elementor-element elementor-element-6facc15 e-flex e-con-boxed e-con e-parent\" data-id=\"6facc15\" data-element_type=\"container\" data-e-type=\"container\">\n\t\t\t\t\t<div class=\"e-con-inner\">\n\t\t\t\t<div class=\"elementor-element elementor-element-931d3a0 elementor-widget elementor-widget-heading\" data-id=\"931d3a0\" data-element_type=\"widget\" data-e-type=\"widget\" data-widget_type=\"heading.default\">\n\t\t\t\t\t<h3 class=\"elementor-heading-title elementor-size-default\">Vida y valores de la comunidad Poqomam<\/h3>\t\t\t\t<\/div>\n\t\t\t\t\t<\/div>\n\t\t\t\t<\/div>\n\t\t<div data-particle_enable=\"false\" data-particle-mobile-disabled=\"false\" class=\"elementor-element elementor-element-1a15b14 e-flex e-con-boxed e-con e-parent\" data-id=\"1a15b14\" data-element_type=\"container\" data-e-type=\"container\">\n\t\t\t\t\t<div class=\"e-con-inner\">\n\t\t\t\t<div class=\"elementor-element elementor-element-4bfa836 elementor-widget elementor-widget-text-editor\" data-id=\"4bfa836\" data-element_type=\"widget\" data-e-type=\"widget\" data-widget_type=\"text-editor.default\">\n\t\t\t\t\t\t\t\t\t<p class=\"MsoNormal\" style=\"text-align: justify\">Educar a los ni\u00f1os desde el seno del hogar es primordial para los Poqomam.\u00a0 Los padres y abuelos orientan a los ni\u00f1os y j\u00f3venes a quienes dan consejos, se les ense\u00f1a el trabajo agr\u00edcola, las tareas del hogar y familiares y el respeto a la familia. El ni\u00f1o crece en educaci\u00f3n patrilineal y la ni\u00f1a, matrilineal.\u00a0\u00a0<\/p><p class=\"MsoNormal\" style=\"text-align: justify\">El respeto a los mayores de edad es uno de los valores morales m\u00e1s apreciados en la comunidad Poqomam. Adem\u00e1s, se promueve el respeto a la propiedad ajena.<\/p><p class=\"MsoNormal\" style=\"text-align: justify\">\u00a0<\/p>\t\t\t\t\t\t\t\t<\/div>\n\t\t\t\t\t<\/div>\n\t\t\t\t<\/div>\n\t\t<div data-particle_enable=\"false\" data-particle-mobile-disabled=\"false\" class=\"elementor-element elementor-element-b6f21dd e-flex e-con-boxed e-con e-parent\" data-id=\"b6f21dd\" data-element_type=\"container\" data-e-type=\"container\">\n\t\t\t\t\t<div class=\"e-con-inner\">\n\t\t\t\t<div class=\"elementor-element elementor-element-9730a1c elementor-widget elementor-widget-video\" data-id=\"9730a1c\" data-element_type=\"widget\" data-e-type=\"widget\" data-settings=\"{&quot;youtube_url&quot;:&quot;https:\\\/\\\/www.youtube.com\\\/watch?v=6t4SZwjtO9c&quot;,&quot;video_type&quot;:&quot;youtube&quot;,&quot;controls&quot;:&quot;yes&quot;}\" data-widget_type=\"video.default\">\n\t\t\t\t\t\t\t<div class=\"elementor-wrapper elementor-open-inline\">\n\t\t\t<div class=\"elementor-video\"><\/div>\t\t<\/div>\n\t\t\t\t\t\t<\/div>\n\t\t\t\t\t<\/div>\n\t\t\t\t<\/div>\n\t\t<div data-particle_enable=\"false\" data-particle-mobile-disabled=\"false\" class=\"elementor-element elementor-element-ac4fe18 e-flex e-con-boxed e-con e-parent\" data-id=\"ac4fe18\" data-element_type=\"container\" data-e-type=\"container\">\n\t\t\t\t\t<div class=\"e-con-inner\">\n\t\t\t\t<div class=\"elementor-element elementor-element-2f42eed elementor-widget elementor-widget-video\" data-id=\"2f42eed\" data-element_type=\"widget\" data-e-type=\"widget\" data-settings=\"{&quot;youtube_url&quot;:&quot;https:\\\/\\\/www.youtube.com\\\/watch?v=JaQjt2VKPas&quot;,&quot;video_type&quot;:&quot;youtube&quot;,&quot;controls&quot;:&quot;yes&quot;}\" data-widget_type=\"video.default\">\n\t\t\t\t\t\t\t<div class=\"elementor-wrapper elementor-open-inline\">\n\t\t\t<div class=\"elementor-video\"><\/div>\t\t<\/div>\n\t\t\t\t\t\t<\/div>\n\t\t\t\t\t<\/div>\n\t\t\t\t<\/div>\n\t\t<div data-particle_enable=\"false\" data-particle-mobile-disabled=\"false\" class=\"elementor-element elementor-element-2af1777 e-flex e-con-boxed e-con e-parent\" data-id=\"2af1777\" data-element_type=\"container\" data-e-type=\"container\">\n\t\t\t\t\t<div class=\"e-con-inner\">\n\t\t\t\t<div class=\"elementor-element elementor-element-6a30e68 elementor-widget elementor-widget-heading\" data-id=\"6a30e68\" data-element_type=\"widget\" data-e-type=\"widget\" data-widget_type=\"heading.default\">\n\t\t\t\t\t<h3 class=\"elementor-heading-title elementor-size-default\">Indumentaria tradicional del var\u00f3n Poqomam<\/h3>\t\t\t\t<\/div>\n\t\t\t\t\t<\/div>\n\t\t\t\t<\/div>\n\t\t<div data-particle_enable=\"false\" data-particle-mobile-disabled=\"false\" class=\"elementor-element elementor-element-ee9c7cd e-flex e-con-boxed e-con e-parent\" data-id=\"ee9c7cd\" data-element_type=\"container\" data-e-type=\"container\">\n\t\t\t\t\t<div class=\"e-con-inner\">\n\t\t\t\t<div class=\"elementor-element elementor-element-b5ad672 elementor-widget elementor-widget-text-editor\" data-id=\"b5ad672\" data-element_type=\"widget\" data-e-type=\"widget\" data-widget_type=\"text-editor.default\">\n\t\t\t\t\t\t\t\t\t<p class=\"MsoNormal\" style=\"text-align: justify\">\u00a0<\/p><p class=\"MsoNormal\" style=\"text-align: justify\"><span style=\"font-family: Roboto, sans-serif;font-size: 16px;font-style: normal;font-weight: 400;color: var( --e-global-color-text )\">El pantal\u00f3n del hombre se denomina \u201cweex\u201d en idioma Poqomam. \u00a0El traje maya antiguo consist\u00eda en pantal\u00f3n de tela de manta. Estos tambi\u00e9n se usaban como ropa interior solo que de largo hasta la pantorrilla denominados \u201cKut\u201d, serv\u00edan generalmente en el trabajo del campo, para no ensuciar los pantalones blancos.\u00a0<\/span>La faja del hombre es roja, la\u00a0 llaman \u201cch\u2019kol paamis\u201d. Actualmente adornada en los extremos con figuras de \u00e1guilas bic\u00e9falas o signos mayas.\u00a0\u00a0<\/p>\t\t\t\t\t\t\t\t<\/div>\n\t\t\t\t\t<\/div>\n\t\t\t\t<\/div>\n\t\t<div data-particle_enable=\"false\" data-particle-mobile-disabled=\"false\" class=\"elementor-element elementor-element-e3646e8 e-flex e-con-boxed e-con e-parent\" data-id=\"e3646e8\" data-element_type=\"container\" data-e-type=\"container\">\n\t\t\t\t\t<div class=\"e-con-inner\">\n\t\t\t\t<div class=\"elementor-element elementor-element-f3b062f elementor-widget elementor-widget-image\" data-id=\"f3b062f\" data-element_type=\"widget\" data-e-type=\"widget\" data-widget_type=\"image.default\">\n\t\t\t\t\t\t\t\t\t\t\t\t<figure class=\"wp-caption\">\n\t\t\t\t\t\t\t\t\t\t<img decoding=\"async\" width=\"1024\" height=\"682\" src=\"https:\/\/soymigrante.com\/revista\/wp-content\/uploads\/2024\/09\/Palin-Poqomam-1-1024x682.webp\" class=\"attachment-large size-large wp-image-9039\" alt=\"Ancianos de la comunidad Poqomam de Pal\u00edn participan en actividades de la feria patronal, luciendo su emblem\u00e1tica indumentaria. (Foto Edwin Castro)\" srcset=\"https:\/\/soymigrante.com\/revista\/wp-content\/uploads\/2024\/09\/Palin-Poqomam-1-1024x682.webp 1024w, https:\/\/soymigrante.com\/revista\/wp-content\/uploads\/2024\/09\/Palin-Poqomam-1-300x200.webp 300w, https:\/\/soymigrante.com\/revista\/wp-content\/uploads\/2024\/09\/Palin-Poqomam-1-768x512.webp 768w, https:\/\/soymigrante.com\/revista\/wp-content\/uploads\/2024\/09\/Palin-Poqomam-1-750x500.webp 750w, https:\/\/soymigrante.com\/revista\/wp-content\/uploads\/2024\/09\/Palin-Poqomam-1-1140x760.webp 1140w, https:\/\/soymigrante.com\/revista\/wp-content\/uploads\/2024\/09\/Palin-Poqomam-1.webp 1280w\" sizes=\"(max-width: 1024px) 100vw, 1024px\" title=\"Ancianos de la comunidad Poqomam de Pal\u00edn participan en actividades de la feria patronal, luciendo su emblem\u00e1tica indumentaria. (Foto Edwin Castro) \u2013 SoyMigrante.com REVISTA\" \/>\t\t\t\t\t\t\t\t\t\t\t<figcaption class=\"widget-image-caption wp-caption-text\">Ancianos de la comunidad Poqomam de Pal\u00edn participan en actividades de la feria patronal, luciendo su emblem\u00e1tica indumentaria. (Foto Edwin Castro)<\/figcaption>\n\t\t\t\t\t\t\t\t\t\t<\/figure>\n\t\t\t\t\t\t\t\t\t<\/div>\n\t\t\t\t\t<\/div>\n\t\t\t\t<\/div>\n\t\t<div data-particle_enable=\"false\" data-particle-mobile-disabled=\"false\" class=\"elementor-element elementor-element-ddfe81c e-flex e-con-boxed e-con e-parent\" data-id=\"ddfe81c\" data-element_type=\"container\" data-e-type=\"container\">\n\t\t\t\t\t<div class=\"e-con-inner\">\n\t\t\t\t<div class=\"elementor-element elementor-element-cbce241 elementor-widget elementor-widget-text-editor\" data-id=\"cbce241\" data-element_type=\"widget\" data-e-type=\"widget\" data-widget_type=\"text-editor.default\">\n\t\t\t\t\t\t\t\t\t<p style=\"text-align: justify\">\u00a0<\/p><p style=\"text-align: justify\"><span style=\"color: var( --e-global-color-text )\">Este indicador cultural de la indumentaria Poqomam ha resistido muchos ataques e intentos por debilitarlo. Por ejemplo, el 6 de enero de 1882, el Cabildo de Pal\u00edn dictamin\u00f3\u00a0<\/span><span style=\"text-align: var(--text-align)\">\u201cque los hombres ind\u00edgenas deb\u00edan de presentarse con pantalones tipo espa\u00f1ol o se les multar\u00eda con 5 pesos.\u00a0<\/span><span style=\"color: var( --e-global-color-text )\">Se implement\u00f3 el uso de chaqueta negra o azul \u201cKatoon\u201d en Poqoman; su uso se generaliz\u00f3 para asistir a la iglesia y festividades cotidianas. A la fecha perduran.<\/span><\/p>\t\t\t\t\t\t\t\t<\/div>\n\t\t\t\t\t<\/div>\n\t\t\t\t<\/div>\n\t\t<div data-particle_enable=\"false\" data-particle-mobile-disabled=\"false\" class=\"elementor-element elementor-element-0a0e834 e-flex e-con-boxed e-con e-parent\" data-id=\"0a0e834\" data-element_type=\"container\" data-e-type=\"container\">\n\t\t\t\t\t<div class=\"e-con-inner\">\n\t\t\t\t<div class=\"elementor-element elementor-element-2a478c9 elementor-widget elementor-widget-image\" data-id=\"2a478c9\" data-element_type=\"widget\" data-e-type=\"widget\" data-widget_type=\"image.default\">\n\t\t\t\t\t\t\t\t\t\t\t\t<figure class=\"wp-caption\">\n\t\t\t\t\t\t\t\t\t\t<img loading=\"lazy\" decoding=\"async\" width=\"1024\" height=\"682\" src=\"https:\/\/soymigrante.com\/revista\/wp-content\/uploads\/2024\/09\/Palin-Poqomam-4-1024x682.webp\" class=\"attachment-large size-large wp-image-9040\" alt=\"El &quot;mosquito&quot; o gorro ceremonial Poqomam es utilizado en ocasiones muy solemnes y solo por las autoridades espirituales. (Fotograf\u00eda Edwin Castro)\" srcset=\"https:\/\/soymigrante.com\/revista\/wp-content\/uploads\/2024\/09\/Palin-Poqomam-4-1024x682.webp 1024w, https:\/\/soymigrante.com\/revista\/wp-content\/uploads\/2024\/09\/Palin-Poqomam-4-300x200.webp 300w, https:\/\/soymigrante.com\/revista\/wp-content\/uploads\/2024\/09\/Palin-Poqomam-4-768x512.webp 768w, https:\/\/soymigrante.com\/revista\/wp-content\/uploads\/2024\/09\/Palin-Poqomam-4-750x500.webp 750w, https:\/\/soymigrante.com\/revista\/wp-content\/uploads\/2024\/09\/Palin-Poqomam-4-1140x760.webp 1140w, https:\/\/soymigrante.com\/revista\/wp-content\/uploads\/2024\/09\/Palin-Poqomam-4.webp 1280w\" sizes=\"(max-width: 1024px) 100vw, 1024px\" title=\"El &quot;mosquito&quot; o gorro ceremonial Poqomam es utilizado en ocasiones muy solemnes y solo por las autoridades espirituales. (Fotograf\u00eda Edwin Castro) \u2013 SoyMigrante.com REVISTA\" \/>\t\t\t\t\t\t\t\t\t\t\t<figcaption class=\"widget-image-caption wp-caption-text\">El \"mosquito\" o gorro ceremonial Poqomam es utilizado en ocasiones muy solemnes y solo por las autoridades espirituales. (Fotograf\u00eda Edwin Castro)<\/figcaption>\n\t\t\t\t\t\t\t\t\t\t<\/figure>\n\t\t\t\t\t\t\t\t\t<\/div>\n\t\t\t\t\t<\/div>\n\t\t\t\t<\/div>\n\t\t<div data-particle_enable=\"false\" data-particle-mobile-disabled=\"false\" class=\"elementor-element elementor-element-c024cfd e-flex e-con-boxed e-con e-parent\" data-id=\"c024cfd\" data-element_type=\"container\" data-e-type=\"container\">\n\t\t\t\t\t<div class=\"e-con-inner\">\n\t\t\t\t<div class=\"elementor-element elementor-element-059af4b elementor-widget elementor-widget-text-editor\" data-id=\"059af4b\" data-element_type=\"widget\" data-e-type=\"widget\" data-widget_type=\"text-editor.default\">\n\t\t\t\t\t\t\t\t\t<p>Los cofrades portan en la cabeza un pa\u00f1o nombrado\u00a0 \u201cde mosquitos\u201d, con el cual forman un turbante. Consiste en un lienzo elaborado en telar de cintura y brocado de puntitos de colores morado y rojo de donde deriva su nombre.\u00a0\u00a0<\/p><p>Seg\u00fan el pensamiento maya Poqomam, el mosquito fue el mensajero entre Hun Ajpu e Ib\u2019alamke y la abuela Ixmukane, as\u00ed tambi\u00e9n los cofrades son servidores que llevan mensajes a las familias.\u00a0 \u00a0Los hombres de la cofrad\u00eda portan una especie de bufanda llamada \u201ctoalla\u201d. Est\u00e1 adornada con borlas de hilos de colores en los extremos. Esta prenda es s\u00edmbolo de\u00a0 autoridad.<\/p>\t\t\t\t\t\t\t\t<\/div>\n\t\t\t\t\t<\/div>\n\t\t\t\t<\/div>\n\t\t<div data-particle_enable=\"false\" data-particle-mobile-disabled=\"false\" class=\"elementor-element elementor-element-684d326 e-flex e-con-boxed e-con e-parent\" data-id=\"684d326\" data-element_type=\"container\" data-e-type=\"container\">\n\t\t\t\t\t<div class=\"e-con-inner\">\n\t\t\t\t<div class=\"elementor-element elementor-element-fae7233 elementor-widget elementor-widget-heading\" data-id=\"fae7233\" data-element_type=\"widget\" data-e-type=\"widget\" data-widget_type=\"heading.default\">\n\t\t\t\t\t<h3 class=\"elementor-heading-title elementor-size-default\">Indumentaria de la mujer Poqomam<\/h3>\t\t\t\t<\/div>\n\t\t\t\t\t<\/div>\n\t\t\t\t<\/div>\n\t\t<div data-particle_enable=\"false\" data-particle-mobile-disabled=\"false\" class=\"elementor-element elementor-element-cbd5807 e-flex e-con-boxed e-con e-parent\" data-id=\"cbd5807\" data-element_type=\"container\" data-e-type=\"container\">\n\t\t\t\t\t<div class=\"e-con-inner\">\n\t\t\t\t<div class=\"elementor-element elementor-element-8fe43bc elementor-widget elementor-widget-text-editor\" data-id=\"8fe43bc\" data-element_type=\"widget\" data-e-type=\"widget\" data-widget_type=\"text-editor.default\">\n\t\t\t\t\t\t\t\t\t<p>Las mujeres Poqomam de las\u00a0 cofrad\u00edas usan \u201ccorte\u201d o especie de falda llamada \u201cMorga\u201d.\u00a0 Es de color azul se denomina \u201cCh\u2019imil\u201d que significa estrella y por extensi\u00f3n el cielo nocturno.\u00a0 Al participar en los cortejos procesionales e ir a iglesia, las mujeres usaban un pa\u00f1o doblado en tri\u00e1ngulo: un extremo cubr\u00eda la cabeza y las otras dos puntas, sobre los hombros. Actualmente el pa\u00f1o ha ido en deshuso, algunas mujeres lo utilizan solo doblado sobre la cabeza.<\/p>\t\t\t\t\t\t\t\t<\/div>\n\t\t\t\t\t<\/div>\n\t\t\t\t<\/div>\n\t\t<div data-particle_enable=\"false\" data-particle-mobile-disabled=\"false\" class=\"elementor-element elementor-element-969775f e-flex e-con-boxed e-con e-parent\" data-id=\"969775f\" data-element_type=\"container\" data-e-type=\"container\">\n\t\t\t\t\t<div class=\"e-con-inner\">\n\t\t\t\t<div class=\"elementor-element elementor-element-7b99b65 elementor-widget elementor-widget-image\" data-id=\"7b99b65\" data-element_type=\"widget\" data-e-type=\"widget\" data-widget_type=\"image.default\">\n\t\t\t\t\t\t\t\t\t\t\t\t<figure class=\"wp-caption\">\n\t\t\t\t\t\t\t\t\t\t<img loading=\"lazy\" decoding=\"async\" width=\"1024\" height=\"407\" src=\"https:\/\/soymigrante.com\/revista\/wp-content\/uploads\/2024\/09\/tun-poqomam-1024x407.webp\" class=\"attachment-large size-large wp-image-9042\" alt=\"El tocado rojo o Tun es tradicional de la indumentaria Poqomam, especialmente en Mixco. (Fotograf\u00eda Edwin Castro)\" srcset=\"https:\/\/soymigrante.com\/revista\/wp-content\/uploads\/2024\/09\/tun-poqomam-1024x407.webp 1024w, https:\/\/soymigrante.com\/revista\/wp-content\/uploads\/2024\/09\/tun-poqomam-300x119.webp 300w, https:\/\/soymigrante.com\/revista\/wp-content\/uploads\/2024\/09\/tun-poqomam-768x305.webp 768w, https:\/\/soymigrante.com\/revista\/wp-content\/uploads\/2024\/09\/tun-poqomam-750x298.webp 750w, https:\/\/soymigrante.com\/revista\/wp-content\/uploads\/2024\/09\/tun-poqomam.webp 1056w\" sizes=\"(max-width: 1024px) 100vw, 1024px\" title=\"El tocado rojo o Tun es tradicional de la indumentaria Poqomam, especialmente en Mixco. (Fotograf\u00eda Edwin Castro) \u2013 SoyMigrante.com REVISTA\" \/>\t\t\t\t\t\t\t\t\t\t\t<figcaption class=\"widget-image-caption wp-caption-text\">El tocado rojo o Tun es tradicional de la indumentaria Poqomam, especialmente en Mixco. (Fotograf\u00eda Edwin Castro)<\/figcaption>\n\t\t\t\t\t\t\t\t\t\t<\/figure>\n\t\t\t\t\t\t\t\t\t<\/div>\n\t\t\t\t\t<\/div>\n\t\t\t\t<\/div>\n\t\t<div data-particle_enable=\"false\" data-particle-mobile-disabled=\"false\" class=\"elementor-element elementor-element-ab83ee7 e-flex e-con-boxed e-con e-parent\" data-id=\"ab83ee7\" data-element_type=\"container\" data-e-type=\"container\">\n\t\t\t\t\t<div class=\"e-con-inner\">\n\t\t\t\t<div class=\"elementor-element elementor-element-85a4fd0 elementor-widget elementor-widget-text-editor\" data-id=\"85a4fd0\" data-element_type=\"widget\" data-e-type=\"widget\" data-widget_type=\"text-editor.default\">\n\t\t\t\t\t\t\t\t\t<p><span style=\"color: var( --e-global-color-text ); text-align: var(--text-align);\">El Tun adorna la cabeza de\u00a0 la mujer, consiste en varias cintas rojas, de diferente longitud, todas de\u00a0 una pulgada de ancho aproximadamente. Estas cintas forman \u201del tocoyal\u201d anudado sobre la frente de la cabeza de la capitana de una cofrad\u00eda. Representa la serpiente emplumada Gukumatz.<\/span><\/p><p>Los\u00a0 huipiles Poqomam se destacan por incluir figuras del \u00e1guila bic\u00e9fala, pero adem\u00e1s de estos las tejedoras se lucen su habilidad al tejer logrando figuras de casitas, cadenas, tronos, anillos, estrellas, flores, plantas, felinos, pavos, perros, patos, gallinas, figuras geom\u00e9tricas, mosquitos y dise\u00f1os lineales. El huipil de uso diario es de manta blanca adornado con paletones en los extremos.<\/p>\t\t\t\t\t\t\t\t<\/div>\n\t\t\t\t\t<\/div>\n\t\t\t\t<\/div>\n\t\t<div data-particle_enable=\"false\" data-particle-mobile-disabled=\"false\" class=\"elementor-element elementor-element-9e5a90b e-flex e-con-boxed e-con e-parent\" data-id=\"9e5a90b\" data-element_type=\"container\" data-e-type=\"container\">\n\t\t\t\t\t<div class=\"e-con-inner\">\n\t\t\t\t\t<\/div>\n\t\t\t\t<\/div>\n\t\t<div data-particle_enable=\"false\" data-particle-mobile-disabled=\"false\" class=\"elementor-element elementor-element-f0f1b9f e-flex e-con-boxed e-con e-parent\" data-id=\"f0f1b9f\" data-element_type=\"container\" data-e-type=\"container\">\n\t\t\t\t\t<div class=\"e-con-inner\">\n\t\t\t\t<div class=\"elementor-element elementor-element-7593847 elementor-widget elementor-widget-heading\" data-id=\"7593847\" data-element_type=\"widget\" data-e-type=\"widget\" data-widget_type=\"heading.default\">\n\t\t\t\t\t<h2 class=\"elementor-heading-title elementor-size-default\">Tesoro de humanidad y multiculturalidad guatemalteca<\/h2>\t\t\t\t<\/div>\n\t\t\t\t\t<\/div>\n\t\t\t\t<\/div>\n\t\t<div data-particle_enable=\"false\" data-particle-mobile-disabled=\"false\" class=\"elementor-element elementor-element-341430c e-flex e-con-boxed e-con e-parent\" data-id=\"341430c\" data-element_type=\"container\" data-e-type=\"container\">\n\t\t\t\t\t<div class=\"e-con-inner\">\n\t\t\t\t<div class=\"elementor-element elementor-element-f1167dc elementor-widget elementor-widget-blfe-post-grid\" data-id=\"f1167dc\" data-element_type=\"widget\" data-e-type=\"widget\" data-settings=\"{&quot;columns&quot;:&quot;3&quot;,&quot;columns_tablet&quot;:&quot;6&quot;,&quot;columns_mobile&quot;:&quot;12&quot;,&quot;hero1_layout_column_gap&quot;:{&quot;unit&quot;:&quot;px&quot;,&quot;size&quot;:30,&quot;sizes&quot;:[]},&quot;hero1_layout_column_gap_tablet&quot;:{&quot;unit&quot;:&quot;px&quot;,&quot;size&quot;:&quot;&quot;,&quot;sizes&quot;:[]},&quot;hero1_layout_column_gap_mobile&quot;:{&quot;unit&quot;:&quot;px&quot;,&quot;size&quot;:&quot;&quot;,&quot;sizes&quot;:[]},&quot;hero1_layout_row_gap&quot;:{&quot;unit&quot;:&quot;px&quot;,&quot;size&quot;:30,&quot;sizes&quot;:[]},&quot;hero1_layout_row_gap_tablet&quot;:{&quot;unit&quot;:&quot;px&quot;,&quot;size&quot;:&quot;&quot;,&quot;sizes&quot;:[]},&quot;hero1_layout_row_gap_mobile&quot;:{&quot;unit&quot;:&quot;px&quot;,&quot;size&quot;:&quot;&quot;,&quot;sizes&quot;:[]}}\" data-widget_type=\"blfe-post-grid.hero1\">\n\t\t\t\t<div class=\"elementor-widget-container\">\n\t\t\t\t\t\n                        <div class=\"blfe-post-grid-container \">\n            \n                <div data-skin=\"hero1\" class=\"blfe-row blfe-posts-inner blfe-hero1 blfe-posts-inner blfe-col-3 blfe-col-tab-6 blfe-col-mob-12     \">\n                            <div class=\"blfe-post-grid-item\">\n            <div class=\"blfe-post-grid-item-inner blfe-modern-zoom\">\n                        <div class=\"blfe-post-grid-bg-image\">\n            <a class=\"blfe-post-grid-image-inner\" href=\"https:\/\/soymigrante.com\/revista\/san-juan-comalapa-la-cuna-del-arte-popular-en-guatemala\/\" title=\"San Juan Comalapa, la cuna del arte popular en Guatemala\" rel=\"nofollow\" target=\"_blank\"><img decoding=\"async\" src=\"https:\/\/soymigrante.com\/revista\/wp-content\/uploads\/2025\/09\/San-Juan-Comalapa-5-e1757615970442.jpg\" alt=\"San Juan Comalapa, la cuna del arte popular en Guatemala\"\/><\/a>        <\/div>\n                        <div class=\"blfe-post-grid-details\">\n                    <div class=\"blfe-post-grid-details-inner\">\n                        <span class=\"blfe-post-category\"><a href=\"https:\/\/soymigrante.com\/revista\/category\/guate-nuestra\/\">Guate Nuestra<\/a><\/span>                        <h3 class=\"blfe-post-grid-title\">\n            <a href=\"https:\/\/soymigrante.com\/revista\/san-juan-comalapa-la-cuna-del-arte-popular-en-guatemala\/\" title=\"San Juan Comalapa, la cuna del arte popular en Guatemala\" rel=\"nofollow\" target=\"_blank\">San Juan Comalapa, la cuna del arte popular en Guatemala<\/a>\n            <\/h3>                                                            <div class=\"blfe-post-grid-meta\">\n                <span class=\"blfe-post-grid-time\"><i class=\"fas fa-book-reader\"><\/i>4 Min read<\/span>            <\/div>\n                                                        <\/div>\n                <\/div>\n\n            <\/div>\n        <\/div>\n                <div class=\"blfe-post-grid-item\">\n            <div class=\"blfe-post-grid-item-inner blfe-modern-zoom\">\n                        <div class=\"blfe-post-grid-bg-image\">\n            <a class=\"blfe-post-grid-image-inner\" href=\"https:\/\/soymigrante.com\/revista\/pueblo-kubul-vive-en-cubulco-baja-verapaz-y-busca-ser-reconocido-como-el-idioma-maya-23\/\" title=\"Pueblo K&#8217;ub&#8217;ul vive en Cubulco, Baja Verapaz y busca ser reconocido como el idioma maya 23\" rel=\"nofollow\" target=\"_blank\"><img decoding=\"async\" src=\"https:\/\/soymigrante.com\/revista\/wp-content\/uploads\/2025\/02\/pueblo-kubul-idioma-maya-1.webp\" alt=\"Pueblo K&#8217;ub&#8217;ul vive en Cubulco, Baja Verapaz y busca ser reconocido como el idioma maya 23\"\/><\/a>        <\/div>\n                        <div class=\"blfe-post-grid-details\">\n                    <div class=\"blfe-post-grid-details-inner\">\n                        <span class=\"blfe-post-category\"><a href=\"https:\/\/soymigrante.com\/revista\/category\/guate-nuestra\/pueblos-de-guatemala\/\">Pueblos de Guatemala<\/a><\/span>                        <h3 class=\"blfe-post-grid-title\">\n            <a href=\"https:\/\/soymigrante.com\/revista\/pueblo-kubul-vive-en-cubulco-baja-verapaz-y-busca-ser-reconocido-como-el-idioma-maya-23\/\" title=\"Pueblo K&#8217;ub&#8217;ul vive en Cubulco, Baja Verapaz y busca ser reconocido como el idioma maya 23\" rel=\"nofollow\" target=\"_blank\">Pueblo K&#8217;ub&#8217;ul vive en Cubulco, Baja Verapaz y busca ser reconocido como el idioma maya 23<\/a>\n            <\/h3>                                                            <div class=\"blfe-post-grid-meta\">\n                <span class=\"blfe-post-grid-time\"><i class=\"fas fa-book-reader\"><\/i>4 Min read<\/span>            <\/div>\n                                                        <\/div>\n                <\/div>\n\n            <\/div>\n        <\/div>\n                <div class=\"blfe-post-grid-item\">\n            <div class=\"blfe-post-grid-item-inner blfe-modern-zoom\">\n                        <div class=\"blfe-post-grid-bg-image\">\n            <a class=\"blfe-post-grid-image-inner\" href=\"https:\/\/soymigrante.com\/revista\/pueblo-garinagu-garifuna-lleva-mas-de-dos-siglos-en-guatemala\/\" title=\"Pueblo Gar\u00ednagu (Gar\u00edfuna) lleva m\u00e1s de 200 a\u00f1os en Guatemala y el 26 noviembre es su d\u00eda\" rel=\"nofollow\" target=\"_blank\"><img decoding=\"async\" src=\"https:\/\/soymigrante.com\/revista\/wp-content\/uploads\/2024\/09\/garifuna-garinagu.webp\" alt=\"Pueblo Gar\u00ednagu (Gar\u00edfuna) lleva m\u00e1s de 200 a\u00f1os en Guatemala y el 26 noviembre es su d\u00eda\"\/><\/a>        <\/div>\n                        <div class=\"blfe-post-grid-details\">\n                    <div class=\"blfe-post-grid-details-inner\">\n                        <span class=\"blfe-post-category\"><a href=\"https:\/\/soymigrante.com\/revista\/category\/guate-nuestra\/pueblos-de-guatemala\/\">Pueblos de Guatemala<\/a><\/span>                        <h3 class=\"blfe-post-grid-title\">\n            <a href=\"https:\/\/soymigrante.com\/revista\/pueblo-garinagu-garifuna-lleva-mas-de-dos-siglos-en-guatemala\/\" title=\"Pueblo Gar\u00ednagu (Gar\u00edfuna) lleva m\u00e1s de 200 a\u00f1os en Guatemala y el 26 noviembre es su d\u00eda\" rel=\"nofollow\" target=\"_blank\">Pueblo Gar\u00ednagu (Gar\u00edfuna) lleva m\u00e1s de 200 a\u00f1os en Guatemala y el 26 noviembre es su d\u00eda<\/a>\n            <\/h3>                                                            <div class=\"blfe-post-grid-meta\">\n                <span class=\"blfe-post-grid-time\"><i class=\"fas fa-book-reader\"><\/i>8 Min read<\/span>            <\/div>\n                                                        <\/div>\n                <\/div>\n\n            <\/div>\n        <\/div>\n                <div class=\"blfe-post-grid-item\">\n            <div class=\"blfe-post-grid-item-inner blfe-modern-zoom\">\n                        <div class=\"blfe-post-grid-bg-image\">\n            <a class=\"blfe-post-grid-image-inner\" href=\"https:\/\/soymigrante.com\/revista\/etnias-de-guatemala-los-achi\/\" title=\"El pueblo Achi&#8217; es descendiente de los se\u00f1ores Rabinaleb\" rel=\"nofollow\" target=\"_blank\"><img decoding=\"async\" src=\"https:\/\/soymigrante.com\/revista\/wp-content\/uploads\/2024\/08\/Achi-14-La-Conquista-e1724976866589.webp\" alt=\"El pueblo Achi&#8217; es descendiente de los se\u00f1ores Rabinaleb\"\/><\/a>        <\/div>\n                        <div class=\"blfe-post-grid-details\">\n                    <div class=\"blfe-post-grid-details-inner\">\n                        <span class=\"blfe-post-category\"><a href=\"https:\/\/soymigrante.com\/revista\/category\/guate-nuestra\/pueblos-de-guatemala\/\">Pueblos de Guatemala<\/a><\/span>                        <h3 class=\"blfe-post-grid-title\">\n            <a href=\"https:\/\/soymigrante.com\/revista\/etnias-de-guatemala-los-achi\/\" title=\"El pueblo Achi&#8217; es descendiente de los se\u00f1ores Rabinaleb\" rel=\"nofollow\" target=\"_blank\">El pueblo Achi&#8217; es descendiente de los se\u00f1ores Rabinaleb<\/a>\n            <\/h3>                                                            <div class=\"blfe-post-grid-meta\">\n                <span class=\"blfe-post-grid-time\"><i class=\"fas fa-book-reader\"><\/i>7 Min read<\/span>            <\/div>\n                                                        <\/div>\n                <\/div>\n\n            <\/div>\n        <\/div>\n                <div class=\"blfe-post-grid-item\">\n            <div class=\"blfe-post-grid-item-inner blfe-modern-zoom\">\n                        <div class=\"blfe-post-grid-bg-image\">\n            <a class=\"blfe-post-grid-image-inner\" href=\"https:\/\/soymigrante.com\/revista\/etnias-de-guatemala-akateko-el-pueblo-que-vino-de-tenam-y-sigue-floreciendo\/\" title=\"El pueblo Akateko vino de Tenam y sigue floreciendo\" rel=\"nofollow\" target=\"_blank\"><img decoding=\"async\" src=\"https:\/\/soymigrante.com\/revista\/wp-content\/uploads\/2024\/08\/maya-akateko-4.webp\" alt=\"El pueblo Akateko vino de Tenam y sigue floreciendo\"\/><\/a>        <\/div>\n                        <div class=\"blfe-post-grid-details\">\n                    <div class=\"blfe-post-grid-details-inner\">\n                        <span class=\"blfe-post-category\"><a href=\"https:\/\/soymigrante.com\/revista\/category\/guate-nuestra\/pueblos-de-guatemala\/\">Pueblos de Guatemala<\/a><\/span>                        <h3 class=\"blfe-post-grid-title\">\n            <a href=\"https:\/\/soymigrante.com\/revista\/etnias-de-guatemala-akateko-el-pueblo-que-vino-de-tenam-y-sigue-floreciendo\/\" title=\"El pueblo Akateko vino de Tenam y sigue floreciendo\" rel=\"nofollow\" target=\"_blank\">El pueblo Akateko vino de Tenam y sigue floreciendo<\/a>\n            <\/h3>                                                            <div class=\"blfe-post-grid-meta\">\n                <span class=\"blfe-post-grid-time\"><i class=\"fas fa-book-reader\"><\/i>6 Min read<\/span>            <\/div>\n                                                        <\/div>\n                <\/div>\n\n            <\/div>\n        <\/div>\n                <div class=\"blfe-post-grid-item\">\n            <div class=\"blfe-post-grid-item-inner blfe-modern-zoom\">\n                        <div class=\"blfe-post-grid-bg-image\">\n            <a class=\"blfe-post-grid-image-inner\" href=\"https:\/\/soymigrante.com\/revista\/el-pueblo-awakateko-llevan-siglos-al-pie-de-los-cuchumatanes\/\" title=\"El pueblo Awakateko lleva siglos al pie de los Cuchumatanes\" rel=\"nofollow\" target=\"_blank\"><img decoding=\"async\" src=\"https:\/\/soymigrante.com\/revista\/wp-content\/uploads\/2024\/08\/awakateko-1.webp\" alt=\"El pueblo Awakateko lleva siglos al pie de los Cuchumatanes\"\/><\/a>        <\/div>\n                        <div class=\"blfe-post-grid-details\">\n                    <div class=\"blfe-post-grid-details-inner\">\n                        <span class=\"blfe-post-category\"><a href=\"https:\/\/soymigrante.com\/revista\/category\/guate-nuestra\/pueblos-de-guatemala\/\">Pueblos de Guatemala<\/a><\/span>                        <h3 class=\"blfe-post-grid-title\">\n            <a href=\"https:\/\/soymigrante.com\/revista\/el-pueblo-awakateko-llevan-siglos-al-pie-de-los-cuchumatanes\/\" title=\"El pueblo Awakateko lleva siglos al pie de los Cuchumatanes\" rel=\"nofollow\" target=\"_blank\">El pueblo Awakateko lleva siglos al pie de los Cuchumatanes<\/a>\n            <\/h3>                                                            <div class=\"blfe-post-grid-meta\">\n                <span class=\"blfe-post-grid-time\"><i class=\"fas fa-book-reader\"><\/i>6 Min read<\/span>            <\/div>\n                                                        <\/div>\n                <\/div>\n\n            <\/div>\n        <\/div>\n                        <\/div>\n\n                        <\/div>\n            \n                        <div class=\"blfe-post-footer\">\n                        <\/div>\n            \t\t\t\t<\/div>\n\t\t\t\t<\/div>\n\t\t\t\t\t<\/div>\n\t\t\t\t<\/div>\n\t\t\t\t<\/div>\n\t\t","protected":false},"excerpt":{"rendered":"<p>Hay unos 46,478 guatemaltecos de pueblo Poqoman en cuatro comunidades principales: Chinautla, Pal\u00edn, Jalapa y Mixco. El t\u00e9rmino Poqomam se deriva de Poqomaab\u2019 que significa gente de Poqom.&nbsp; Alrededor del a\u00f1o 1000 d.C, los\u00a0hablantes del idioma Poqom, ocupaban el territorio de La Verapaz. El \u00fanico documento escrito en Poqom que existe es el T\u00edtulo del [&hellip;]<\/p>\n","protected":false},"author":17,"featured_media":9034,"comment_status":"open","ping_status":"open","sticky":false,"template":"","format":"standard","meta":{"_acf_changed":false,"_eb_attr":"","footnotes":""},"categories":[125],"tags":[],"class_list":["post-9025","post","type-post","status-publish","format-standard","has-post-thumbnail","hentry","category-pueblos-de-guatemala"],"acf":[],"aioseo_notices":[],"aioseo_head":"\n\t\t<!-- All in One SEO Pro 4.9.6.2 - aioseo.com -->\n\t<meta name=\"description\" content=\"Hay unos 12 mil 600 hablantes del idioma Awakateko, en un territorio de aproximadamente 300 kil\u00f3metros, en Aguacat\u00e1n, Huehuetenango. Mantienen su cultura y ra\u00edces.\" \/>\n\t<meta name=\"robots\" content=\"max-snippet:-1, max-image-preview:large, max-video-preview:-1\" \/>\n\t<meta name=\"author\" content=\"Edwin Castro\"\/>\n\t<link rel=\"canonical\" href=\"https:\/\/soymigrante.com\/revista\/el-pueblo-awakateko-llevan-siglos-al-pie-de-los-cuchumatanes\/\" \/>\n\t<meta name=\"generator\" content=\"All in One SEO Pro (AIOSEO) 4.9.6.2\" \/>\n\n\t\t<link rel=\"preconnect\" href=\"https:\/\/fonts.googleapis.com\" crossorigin>\n<link rel=\"preconnect\" href=\"https:\/\/fonts.gstatic.com\" crossorigin>\n\t\t<meta property=\"og:locale\" content=\"es_ES\" \/>\n\t\t<meta property=\"og:site_name\" content=\"SoyMigrante.com REVISTA \u2013 Nuestra misi\u00f3n es reconocer y dignificar al migrante.\" \/>\n\t\t<meta property=\"og:type\" content=\"article\" \/>\n\t\t<meta property=\"og:title\" content=\"El pueblo Awakateko lleva siglos al pie de los Cuchumatanes\" \/>\n\t\t<meta property=\"og:description\" content=\"Hay unos 12 mil 600 hablantes del idioma Awakateko, en un territorio de aproximadamente 300 kil\u00f3metros, en Aguacat\u00e1n, Huehuetenango. Mantienen su cultura y ra\u00edces.\" \/>\n\t\t<meta property=\"og:url\" content=\"https:\/\/soymigrante.com\/revista\/el-pueblo-awakateko-llevan-siglos-al-pie-de-los-cuchumatanes\/\" \/>\n\t\t<meta property=\"og:image\" content=\"https:\/\/soymigrante.com\/revista\/wp-content\/uploads\/2024\/08\/awakateko-1.webp\" \/>\n\t\t<meta property=\"og:image:secure_url\" content=\"https:\/\/soymigrante.com\/revista\/wp-content\/uploads\/2024\/08\/awakateko-1.webp\" \/>\n\t\t<meta property=\"og:image:width\" content=\"960\" \/>\n\t\t<meta property=\"og:image:height\" content=\"960\" \/>\n\t\t<meta property=\"article:published_time\" content=\"2024-09-20T17:24:50+00:00\" \/>\n\t\t<meta property=\"article:modified_time\" content=\"2025-09-22T04:20:16+00:00\" \/>\n\t\t<meta property=\"article:publisher\" content=\"https:\/\/www.facebook.com\/soymigrantecom\" \/>\n\t\t<meta name=\"twitter:card\" content=\"summary_large_image\" \/>\n\t\t<meta name=\"twitter:site\" content=\"@SoyMigrante_com\" \/>\n\t\t<meta name=\"twitter:title\" content=\"El pueblo Awakateko lleva siglos al pie de los Cuchumatanes\" \/>\n\t\t<meta name=\"twitter:description\" content=\"Hay unos 12 mil 600 hablantes del idioma Awakateko, en un territorio de aproximadamente 300 kil\u00f3metros, en Aguacat\u00e1n, Huehuetenango. Mantienen su cultura y ra\u00edces.\" \/>\n\t\t<meta name=\"twitter:creator\" content=\"@SoyMigrante_com\" \/>\n\t\t<meta name=\"twitter:image\" content=\"https:\/\/soymigrante.com\/revista\/wp-content\/uploads\/2024\/08\/awakateko-1.webp\" \/>\n\t\t<!-- All in One SEO Pro -->\r\n\t\t<title>El pueblo Awakateko lleva siglos al pie de los Cuchumatanes<\/title>\n\n","aioseo_head_json":{"title":"El pueblo Awakateko lleva siglos al pie de los Cuchumatanes","description":"Hay unos 12 mil 600 hablantes del idioma Awakateko, en un territorio de aproximadamente 300 kil\u00f3metros, en Aguacat\u00e1n, Huehuetenango. Mantienen su cultura y ra\u00edces.","canonical_url":"https:\/\/soymigrante.com\/revista\/el-pueblo-awakateko-llevan-siglos-al-pie-de-los-cuchumatanes\/","robots":"max-snippet:-1, max-image-preview:large, max-video-preview:-1","keywords":"","webmasterTools":{"miscellaneous":"&lt;link rel=\"preconnect\" href=\"https:\/\/fonts.googleapis.com\" crossorigin&gt;\n&lt;link rel=\"preconnect\" href=\"https:\/\/fonts.gstatic.com\" crossorigin&gt;"},"schema":null,"og:locale":"es_ES","og:site_name":"SoyMigrante.com REVISTA \u2013 Nuestra misi\u00f3n es reconocer y dignificar al migrante.","og:type":"article","og:title":"El pueblo Awakateko lleva siglos al pie de los Cuchumatanes","og:description":"Hay unos 12 mil 600 hablantes del idioma Awakateko, en un territorio de aproximadamente 300 kil\u00f3metros, en Aguacat\u00e1n, Huehuetenango. Mantienen su cultura y ra\u00edces.","og:url":"https:\/\/soymigrante.com\/revista\/el-pueblo-awakateko-llevan-siglos-al-pie-de-los-cuchumatanes\/","og:image":"https:\/\/soymigrante.com\/revista\/wp-content\/uploads\/2024\/08\/awakateko-1.webp","og:image:secure_url":"https:\/\/soymigrante.com\/revista\/wp-content\/uploads\/2024\/08\/awakateko-1.webp","og:image:width":960,"og:image:height":960,"article:published_time":"2024-09-20T17:24:50+00:00","article:modified_time":"2025-09-22T04:20:16+00:00","article:publisher":"https:\/\/www.facebook.com\/soymigrantecom","twitter:card":"summary_large_image","twitter:site":"@SoyMigrante_com","twitter:title":"El pueblo Awakateko lleva siglos al pie de los Cuchumatanes","twitter:description":"Hay unos 12 mil 600 hablantes del idioma Awakateko, en un territorio de aproximadamente 300 kil\u00f3metros, en Aguacat\u00e1n, Huehuetenango. Mantienen su cultura y ra\u00edces.","twitter:creator":"@SoyMigrante_com","twitter:image":"https:\/\/soymigrante.com\/revista\/wp-content\/uploads\/2024\/08\/awakateko-1.webp"},"aioseo_meta_data":{"post_id":"9025","title":"Pueblo Poqomam habita 4 territorios unidos por un mismo dioma","description":"El t\u00e9rmino Poqomam podr\u00eda significar \"Los hijos de la Luna\". Segun datos oficiales hay 46 mil 478 hablantes que habitan en Chinautla, Pal\u00edn, Mixco y Jalapa.","keywords":null,"keyphrases":{"focus":{"keyphrase":"Poqomam","score":91,"analysis":{"keyphraseInTitle":{"score":9,"maxScore":9,"error":0},"keyphraseInDescription":{"score":9,"maxScore":9,"error":0},"keyphraseLength":{"score":9,"maxScore":9,"error":0,"length":1},"keyphraseInURL":{"score":5,"maxScore":5,"error":0},"keyphraseInIntroduction":{"score":3,"maxScore":9,"error":1},"keyphraseInSubHeadings":{"score":9,"maxScore":9,"error":0},"keyphraseInImageAlt":{"score":9,"maxScore":9,"error":0},"keywordDensity":{"type":"best","score":9,"maxScore":9,"error":0}}},"additional":[{"keyphrase":"Mayas","score":40,"analysis":{"keyphraseInDescription":{"score":3,"maxScore":9,"error":1},"keyphraseLength":{"score":9,"maxScore":9,"error":0,"length":1},"keyphraseInIntroduction":{"score":3,"maxScore":9,"error":1},"keyphraseInImageAlt":{"score":3,"maxScore":9,"error":1},"keywordDensity":{"score":0,"type":"low","maxScore":9,"error":1}}},{"keyphrase":"Guatemala","score":73,"analysis":{"keyphraseInDescription":{"score":3,"maxScore":9,"error":1},"keyphraseLength":{"score":9,"maxScore":9,"error":0,"length":1},"keyphraseInIntroduction":{"score":3,"maxScore":9,"error":1},"keyphraseInImageAlt":{"score":9,"maxScore":9,"error":0},"keywordDensity":{"type":"best","score":9,"maxScore":9,"error":0}}}]},"primary_term":null,"canonical_url":null,"og_title":null,"og_description":null,"og_object_type":"default","og_image_type":"default","og_image_url":null,"og_image_width":null,"og_image_height":null,"og_image_custom_url":null,"og_image_custom_fields":null,"og_video":"","og_custom_url":null,"og_article_section":null,"og_article_tags":null,"twitter_use_og":false,"twitter_card":"default","twitter_image_type":"default","twitter_image_url":null,"twitter_image_custom_url":null,"twitter_image_custom_fields":null,"twitter_title":null,"twitter_description":null,"schema":{"blockGraphs":[],"customGraphs":[],"default":{"data":{"Article":[],"Course":[],"Dataset":[],"FAQPage":[],"Movie":[],"Person":[],"Product":[],"ProductReview":[],"Car":[],"Recipe":[],"Service":[],"SoftwareApplication":[],"WebPage":[]},"graphName":"none","isEnabled":true},"graphs":[]},"schema_type":"default","schema_type_options":null,"pillar_content":false,"robots_default":true,"robots_noindex":false,"robots_noarchive":false,"robots_nosnippet":false,"robots_nofollow":false,"robots_noimageindex":false,"robots_noodp":false,"robots_notranslate":false,"robots_max_snippet":"-1","robots_max_videopreview":"-1","robots_max_imagepreview":"large","priority":null,"frequency":"default","local_seo":null,"seo_analyzer_scan_date":"2025-10-08 23:08:37","breadcrumb_settings":null,"limit_modified_date":false,"reviewed_by":"0","open_ai":"{\"title\":{\"suggestions\":[],\"usage\":0},\"description\":{\"suggestions\":[],\"usage\":0}}","ai":{"faqs":[],"keyPoints":[],"titles":[],"descriptions":[],"socialPosts":{"email":[],"linkedin":[],"twitter":[],"facebook":[],"instagram":[]}},"created":"2024-09-11 15:57:34","updated":"2026-02-04 13:34:03"},"aioseo_breadcrumb":"<div class=\"aioseo-breadcrumbs\"><span class=\"aioseo-breadcrumb\">\n\t<a href=\"https:\/\/soymigrante.com\/revista\" title=\"Home\">Home<\/a>\n<\/span><span class=\"aioseo-breadcrumb-separator\">\u00bb<\/span><span class=\"aioseo-breadcrumb\">\n\t<a href=\"https:\/\/soymigrante.com\/revista\/category\/guate-nuestra\/\" title=\"Guate Nuestra\">Guate Nuestra<\/a>\n<\/span><span class=\"aioseo-breadcrumb-separator\">\u00bb<\/span><span class=\"aioseo-breadcrumb\">\n\t<a href=\"https:\/\/soymigrante.com\/revista\/category\/guate-nuestra\/pueblos-de-guatemala\/\" title=\"Pueblos de Guatemala\">Pueblos de Guatemala<\/a>\n<\/span><span class=\"aioseo-breadcrumb-separator\">\u00bb<\/span><span class=\"aioseo-breadcrumb\">\n\tPueblo Poqomam (Los Nietos de la Luna) radica en cuatro \u00e1reas unidas por un mismo idioma\n<\/span><\/div>","aioseo_breadcrumb_json":[{"label":"Home","link":"https:\/\/soymigrante.com\/revista"},{"label":"Guate Nuestra","link":"https:\/\/soymigrante.com\/revista\/category\/guate-nuestra\/"},{"label":"Pueblos de Guatemala","link":"https:\/\/soymigrante.com\/revista\/category\/guate-nuestra\/pueblos-de-guatemala\/"},{"label":"Pueblo Poqomam (Los Nietos de la Luna) radica en cuatro \u00e1reas unidas por un mismo idioma","link":"https:\/\/soymigrante.com\/revista\/pueblo-poqomam-los-nietos-de-la-luna-estan-presentes-en-4-territorios\/"}],"_links":{"self":[{"href":"https:\/\/soymigrante.com\/revista\/wp-json\/wp\/v2\/posts\/9025","targetHints":{"allow":["GET"]}}],"collection":[{"href":"https:\/\/soymigrante.com\/revista\/wp-json\/wp\/v2\/posts"}],"about":[{"href":"https:\/\/soymigrante.com\/revista\/wp-json\/wp\/v2\/types\/post"}],"author":[{"embeddable":true,"href":"https:\/\/soymigrante.com\/revista\/wp-json\/wp\/v2\/users\/17"}],"replies":[{"embeddable":true,"href":"https:\/\/soymigrante.com\/revista\/wp-json\/wp\/v2\/comments?post=9025"}],"version-history":[{"count":4,"href":"https:\/\/soymigrante.com\/revista\/wp-json\/wp\/v2\/posts\/9025\/revisions"}],"predecessor-version":[{"id":44826,"href":"https:\/\/soymigrante.com\/revista\/wp-json\/wp\/v2\/posts\/9025\/revisions\/44826"}],"wp:featuredmedia":[{"embeddable":true,"href":"https:\/\/soymigrante.com\/revista\/wp-json\/wp\/v2\/media\/9034"}],"wp:attachment":[{"href":"https:\/\/soymigrante.com\/revista\/wp-json\/wp\/v2\/media?parent=9025"}],"wp:term":[{"taxonomy":"category","embeddable":true,"href":"https:\/\/soymigrante.com\/revista\/wp-json\/wp\/v2\/categories?post=9025"},{"taxonomy":"post_tag","embeddable":true,"href":"https:\/\/soymigrante.com\/revista\/wp-json\/wp\/v2\/tags?post=9025"}],"curies":[{"name":"wp","href":"https:\/\/api.w.org\/{rel}","templated":true}]}}