{"id":9010,"date":"2024-09-20T11:15:44","date_gmt":"2024-09-20T17:15:44","guid":{"rendered":"https:\/\/soymigrante.com\/revista\/?p=9010"},"modified":"2025-09-16T09:07:26","modified_gmt":"2025-09-16T15:07:26","slug":"el-pueblo-popti-jakalteko-desciende-de-balunh-qana-y-hun-imox","status":"publish","type":"post","link":"https:\/\/soymigrante.com\/revista\/el-pueblo-popti-jakalteko-desciende-de-balunh-qana-y-hun-imox\/","title":{"rendered":"El pueblo Popt\u00ed (Jakalteko) desciende de B\u2019alunh Q\u2019ana\u2019 y Hun Imox"},"content":{"rendered":"\t\t<div data-elementor-type=\"wp-post\" data-elementor-id=\"9010\" class=\"elementor elementor-9010\" data-elementor-post-type=\"post\">\n\t\t\t\t<div data-particle_enable=\"false\" data-particle-mobile-disabled=\"false\" class=\"elementor-element elementor-element-1d51065 e-flex e-con-boxed e-con e-parent\" data-id=\"1d51065\" data-element_type=\"container\" data-e-type=\"container\">\n\t\t\t\t\t<div class=\"e-con-inner\">\n\t\t\t\t<div class=\"elementor-element elementor-element-192d5fc elementor-widget elementor-widget-heading\" data-id=\"192d5fc\" data-element_type=\"widget\" data-e-type=\"widget\" data-widget_type=\"heading.default\">\n\t\t\t\t\t<h2 class=\"elementor-heading-title elementor-size-default\">Los Popti suman unos 54 mil habitantes en la regi\u00f3n Huista, nombre que proviene del t\u00e9rmino <i>Whuxtaj<\/i>, que significa \"hermano\". Pero su primer y m\u00e1s emblem\u00e1tico territorio es Jacaltenango, Huehuetenango, por lo cual fueron llamados jakaltekos, hasta 1988.<\/h2>\t\t\t\t<\/div>\n\t\t\t\t\t<\/div>\n\t\t\t\t<\/div>\n\t\t<div data-particle_enable=\"false\" data-particle-mobile-disabled=\"false\" class=\"elementor-element elementor-element-e0f9757 e-flex e-con-boxed e-con e-parent\" data-id=\"e0f9757\" data-element_type=\"container\" data-e-type=\"container\">\n\t\t\t\t\t<div class=\"e-con-inner\">\n\t\t\t\t<div class=\"elementor-element elementor-element-ca3b30d elementor-widget elementor-widget-text-editor\" data-id=\"ca3b30d\" data-element_type=\"widget\" data-e-type=\"widget\" data-widget_type=\"text-editor.default\">\n\t\t\t\t\t\t\t\t\t<p style=\"margin-bottom: 0cm; text-align: justify;\">El fundador del\u00a0pueblo maya popti\u2019 fue B\u2019alunh Q\u2019ana\u2019, quien junto a su eposa Hun Imox,\u00a0llegaron procedentes del norte y se establecieron en\u00a0Ajul.\u00a0 Al crecer la poblaci\u00f3n, migrarona un \u00e1rea m\u00e1s grande y plana de clima c\u00e1lido, llamada Meste\u2019.\u00a0 Despu\u00e9s se desplazaron\u00a0a Xajlaj, el actual municipio de Jacaltenango, departamento de Huehuetenango.\u00a0<\/p><p style=\"margin-bottom: 0cm; text-align: justify;\">\u00a0<\/p><p style=\"margin-bottom: 0cm; text-align: justify;\"><span style=\"color: var( --e-global-color-text );\">Otros pobladores\u00a0<\/span><span style=\"color: var( --e-global-color-text );\">decidieron no seguir emigrando por lo que se separaron de su familia y se\u00a0<\/span><span style=\"color: var( --e-global-color-text );\">dirigieron a territorios del actual municipio de Concepci\u00f3n Huista. Un hermano\u00a0<\/span><span style=\"color: var( --e-global-color-text );\">de los pobladores de Concepci\u00f3n decidi\u00f3 establecerse en Iwilaj, actual San\u00a0Antonio Huista.<\/span><\/p><p style=\"margin-bottom: 0cm; text-align: justify;\"><span style=\"color: var( --e-global-color-text );\">\u00a0<\/span><\/p><p style=\"margin-bottom: 0cm; text-align: justify;\"><span style=\"color: var( --e-global-color-text );\">Otro, se fue a Sti\u2019 ha\u2019 que significa \u201cA orillas del r\u00edo\u201d\u00a0<\/span><span style=\"color: var( --e-global-color-text );\">ahora Santa Ana Huista. De la misma manera otro hermano se estableci\u00f3 en San\u00a0<\/span><span style=\"color: var( --e-global-color-text );\">Marcos Huista, y el \u00faltimo a Nent\u00f3n. Jacaltenango no tiene la palabra Huista en\u00a0<\/span><span style=\"color: var( --e-global-color-text );\">su nombre, porque es el primer pueblo, el pueblo paterno.<\/span><\/p><p style=\"margin-bottom: 0cm; text-align: justify;\">\u00a0<\/p>\t\t\t\t\t\t\t\t<\/div>\n\t\t\t\t\t<\/div>\n\t\t\t\t<\/div>\n\t\t<div data-particle_enable=\"false\" data-particle-mobile-disabled=\"false\" class=\"elementor-element elementor-element-6ac9b27 e-flex e-con-boxed e-con e-parent\" data-id=\"6ac9b27\" data-element_type=\"container\" data-e-type=\"container\">\n\t\t\t\t\t<div class=\"e-con-inner\">\n\t\t\t\t<div class=\"elementor-element elementor-element-b09ac51 elementor-widget elementor-widget-image\" data-id=\"b09ac51\" data-element_type=\"widget\" data-e-type=\"widget\" data-widget_type=\"image.default\">\n\t\t\t\t\t\t\t\t\t\t\t\t<figure class=\"wp-caption\">\n\t\t\t\t\t\t\t\t\t\t<img fetchpriority=\"high\" decoding=\"async\" width=\"1024\" height=\"709\" src=\"https:\/\/soymigrante.com\/revista\/wp-content\/uploads\/2024\/09\/popti-o-jakalteko-3-1024x709.webp\" class=\"attachment-large size-large wp-image-9013\" alt=\"Alma Irene Mendoza, de la etnia Popti, originaria de Jacaltenango, Huehuetenango, fue electa Rabin Ajau, o Hija del Rey, en 2022. (Fotograf\u00eda redes sociales Angel Mart\u00edn Tax\/Noticias La Esfinge). rio azul jacaltenango, El pueblo Popt\u00ed (Jakalteko) desciende de B\u2019alunh Q\u2019ana\u2019 y Hun Imox\" srcset=\"https:\/\/soymigrante.com\/revista\/wp-content\/uploads\/2024\/09\/popti-o-jakalteko-3-1024x709.webp 1024w, https:\/\/soymigrante.com\/revista\/wp-content\/uploads\/2024\/09\/popti-o-jakalteko-3-300x208.webp 300w, https:\/\/soymigrante.com\/revista\/wp-content\/uploads\/2024\/09\/popti-o-jakalteko-3-768x532.webp 768w, https:\/\/soymigrante.com\/revista\/wp-content\/uploads\/2024\/09\/popti-o-jakalteko-3-750x519.webp 750w, https:\/\/soymigrante.com\/revista\/wp-content\/uploads\/2024\/09\/popti-o-jakalteko-3-1140x789.webp 1140w, https:\/\/soymigrante.com\/revista\/wp-content\/uploads\/2024\/09\/popti-o-jakalteko-3.webp 1530w\" sizes=\"(max-width: 1024px) 100vw, 1024px\" title=\"Alma Irene Mendoza, de la etnia Popti, originaria de Jacaltenango, Huehuetenango, fue electa Rabin Ajau, o Hija del Rey, en 2022. (Fotograf\u00eda redes sociales Angel Mart\u00edn Tax\/Noticias La Esfinge). rio azul jacaltenango, El pueblo Popt\u00ed (Jakalteko) desciende de B\u2019alunh Q\u2019ana\u2019 y Hun Imox \u2013 SoyMigrante.com REVISTA\" \/>\t\t\t\t\t\t\t\t\t\t\t<figcaption class=\"widget-image-caption wp-caption-text\">Alma Irene Mendoza, de la etnia Popti, originaria de Jacaltenango, Huehuetenango, fue electa Rabin Ajau, o Hija del Rey, en 2022. (Fotograf\u00eda redes sociales Angel Mart\u00edn Tax\/Noticias La Esfinge). rio azul jacaltenango, El pueblo Popt\u00ed (Jakalteko) desciende de B\u2019alunh Q\u2019ana\u2019 y Hun Imox<\/figcaption>\n\t\t\t\t\t\t\t\t\t\t<\/figure>\n\t\t\t\t\t\t\t\t\t<\/div>\n\t\t\t\t\t<\/div>\n\t\t\t\t<\/div>\n\t\t<div data-particle_enable=\"false\" data-particle-mobile-disabled=\"false\" class=\"elementor-element elementor-element-2901202 e-flex e-con-boxed e-con e-parent\" data-id=\"2901202\" data-element_type=\"container\" data-e-type=\"container\">\n\t\t\t\t\t<div class=\"e-con-inner\">\n\t\t\t\t<div class=\"elementor-element elementor-element-8aaec0c elementor-widget elementor-widget-heading\" data-id=\"8aaec0c\" data-element_type=\"widget\" data-e-type=\"widget\" data-widget_type=\"heading.default\">\n\t\t\t\t\t<h2 class=\"elementor-heading-title elementor-size-default\">\"Hermanos\"<\/h2>\t\t\t\t<\/div>\n\t\t\t\t\t<\/div>\n\t\t\t\t<\/div>\n\t\t<div data-particle_enable=\"false\" data-particle-mobile-disabled=\"false\" class=\"elementor-element elementor-element-049c214 e-flex e-con-boxed e-con e-parent\" data-id=\"049c214\" data-element_type=\"container\" data-e-type=\"container\">\n\t\t\t\t\t<div class=\"e-con-inner\">\n\t\t\t\t<div class=\"elementor-element elementor-element-5cf5821 elementor-widget elementor-widget-text-editor\" data-id=\"5cf5821\" data-element_type=\"widget\" data-e-type=\"widget\" data-widget_type=\"text-editor.default\">\n\t\t\t\t\t\t\t\t\t<p>La regi\u00f3n actualmente conocida como &#8220;territorio Huista&#8221; se llama as\u00ed debido a la tradici\u00f3n de unidad del pueblo Popti.\u00a0<span style=\"color: var( --e-global-color-text ); text-align: justify;\">La palabra Huista palabra que deriva del vocablo \u201cWuxthaj\u201d que significa \u201chermano\u201d (Fuente: Estudio monogr\u00e1fico maya popti\u2019 \/ Jakalteko).<\/span><span style=\"color: var( --e-global-color-text ); text-align: justify;\">\u00a0\u00a0<\/span><\/p><p><span style=\"color: var( --e-global-color-text ); text-align: justify;\">Otra fuente indica que cuando se reun\u00edan todos los descendientes de B\u2019alunh Q\u2019ana\u2019 se llamaban unos a otros \u201cWistlan\u201d (hermano) que deriv\u00f3 en \u201cHuista\u201d. Por eso estas poblaciones se les conoce como \u201cpueblos hermanos\u201d.<\/span><span style=\"color: var( --e-global-color-text ); text-align: justify;\">\u00a0\u00a0<\/span><span style=\"color: var( --e-global-color-text ); text-align: justify;\">Actualmente cuando se encuentran dos jakaltekos utilizan este t\u00e9rmino para saludarse.<\/span><\/p><p style=\"text-align: justify;\">La regi\u00f3n Popti\u2019 se ubica en los\u00a0municipios de:\u00a0 Jacaltenango,\u00a0 Concepci\u00f3n Huista, San Antonio Huista, Santa\u00a0Ana Huista y una parte de Nent\u00f3n y La Democracia, todos del departamento de<br \/>Huehuetenango.\u00a0<span style=\"text-indent: -18pt; color: var( --e-global-color-text );\">Ocupa una extensi\u00f3n territorial de 1,572 kil\u00f3metros cuadrados.\u00a0<\/span><span style=\"color: var( --e-global-color-text ); text-indent: -18pt;\">Poblaci\u00f3n aproximada: 54,237 habitantes, seg\u00fan datos del Censo Nacional de Poblaci\u00f3n 2018.<\/span><\/p><p style=\"margin-bottom: 0cm; text-align: justify;\">\u00a0<\/p>\t\t\t\t\t\t\t\t<\/div>\n\t\t\t\t\t<\/div>\n\t\t\t\t<\/div>\n\t\t<div data-particle_enable=\"false\" data-particle-mobile-disabled=\"false\" class=\"elementor-element elementor-element-6b3a1b8 e-flex e-con-boxed e-con e-parent\" data-id=\"6b3a1b8\" data-element_type=\"container\" data-e-type=\"container\">\n\t\t\t\t\t<div class=\"e-con-inner\">\n\t\t\t\t<div class=\"elementor-element elementor-element-c6b936b elementor-widget elementor-widget-image\" data-id=\"c6b936b\" data-element_type=\"widget\" data-e-type=\"widget\" data-widget_type=\"image.default\">\n\t\t\t\t\t\t\t\t\t\t\t\t<figure class=\"wp-caption\">\n\t\t\t\t\t\t\t\t\t\t<img decoding=\"async\" width=\"953\" height=\"663\" src=\"https:\/\/soymigrante.com\/revista\/wp-content\/uploads\/2024\/09\/pueblo-popti.webp\" class=\"attachment-large size-large wp-image-9014\" alt=\"Regi\u00f3n de la comunidad Popt\u00ed, anteriormente Jakalteko, seg\u00fan el mapa de la Direcci\u00f3n General de Educaci\u00f3n Biling\u00fce del Ministerio de Educaci\u00f3n. Mapa. Alma Irene Mendoza, de la etnia Popti, originaria de Jacaltenango, Huehuetenango, fue electa Rabin Ajau, o Hija del Rey, en 2022. (Fotograf\u00eda redes sociales Angel Mart\u00edn Tax\/Noticias La Esfinge). rio azul jacaltenango, El pueblo Popt\u00ed (Jakalteko) desciende de B\u2019alunh Q\u2019ana\u2019 y Hun Imox\" srcset=\"https:\/\/soymigrante.com\/revista\/wp-content\/uploads\/2024\/09\/pueblo-popti.webp 953w, https:\/\/soymigrante.com\/revista\/wp-content\/uploads\/2024\/09\/pueblo-popti-300x209.webp 300w, https:\/\/soymigrante.com\/revista\/wp-content\/uploads\/2024\/09\/pueblo-popti-768x534.webp 768w, https:\/\/soymigrante.com\/revista\/wp-content\/uploads\/2024\/09\/pueblo-popti-750x522.webp 750w\" sizes=\"(max-width: 953px) 100vw, 953px\" title=\"Regi\u00f3n de la comunidad Popt\u00ed, anteriormente Jakalteko, seg\u00fan el mapa de la Direcci\u00f3n General de Educaci\u00f3n Biling\u00fce del Ministerio de Educaci\u00f3n. Mapa. Alma Irene Mendoza, de la etnia Popti, originaria de Jacaltenango, Huehuetenango, fue electa Rabin Ajau, o Hija del Rey, en 2022. (Fotograf\u00eda redes sociales Angel Mart\u00edn Tax\/Noticias La Esfinge). rio azul jacaltenango, El pueblo Popt\u00ed (Jakalteko) desciende de B\u2019alunh Q\u2019ana\u2019 y Hun Imox \u2013 SoyMigrante.com REVISTA\" \/>\t\t\t\t\t\t\t\t\t\t\t<figcaption class=\"widget-image-caption wp-caption-text\">Regi\u00f3n de la comunidad Popt\u00ed, anteriormente Jakalteko, seg\u00fan el mapa de la Direcci\u00f3n General de Educaci\u00f3n Biling\u00fce del Ministerio de Educaci\u00f3n. Mapa. Alma Irene Mendoza, de la etnia Popti, originaria de Jacaltenango, Huehuetenango, fue electa Rabin Ajau, o Hija del Rey, en 2022. (Fotograf\u00eda redes sociales Angel Mart\u00edn Tax\/Noticias La Esfinge). rio azul jacaltenango, El pueblo Popt\u00ed (Jakalteko) desciende de B\u2019alunh Q\u2019ana\u2019 y Hun Imox<\/figcaption>\n\t\t\t\t\t\t\t\t\t\t<\/figure>\n\t\t\t\t\t\t\t\t\t<\/div>\n\t\t\t\t\t<\/div>\n\t\t\t\t<\/div>\n\t\t<div data-particle_enable=\"false\" data-particle-mobile-disabled=\"false\" class=\"elementor-element elementor-element-07b162f e-flex e-con-boxed e-con e-parent\" data-id=\"07b162f\" data-element_type=\"container\" data-e-type=\"container\">\n\t\t\t\t\t<div class=\"e-con-inner\">\n\t\t\t\t<div class=\"elementor-element elementor-element-6a6969b elementor-widget elementor-widget-heading\" data-id=\"6a6969b\" data-element_type=\"widget\" data-e-type=\"widget\" data-widget_type=\"heading.default\">\n\t\t\t\t\t<h2 class=\"elementor-heading-title elementor-size-default\">Vida, tradici\u00f3n e identidad Popti<\/h2>\t\t\t\t<\/div>\n\t\t\t\t\t<\/div>\n\t\t\t\t<\/div>\n\t\t<div data-particle_enable=\"false\" data-particle-mobile-disabled=\"false\" class=\"elementor-element elementor-element-bfcebff e-flex e-con-boxed e-con e-parent\" data-id=\"bfcebff\" data-element_type=\"container\" data-e-type=\"container\">\n\t\t\t\t\t<div class=\"e-con-inner\">\n\t\t\t\t<div class=\"elementor-element elementor-element-db15269 elementor-widget elementor-widget-text-editor\" data-id=\"db15269\" data-element_type=\"widget\" data-e-type=\"widget\" data-widget_type=\"text-editor.default\">\n\t\t\t\t\t\t\t\t\t<p style=\"text-align: justify;\"><span style=\"font-family: Roboto, sans-serif; font-size: 16px; font-style: normal; font-variant-ligatures: normal; font-variant-caps: normal; font-weight: 400; color: var( --e-global-color-text );\">Las personas de la regi\u00f3n Popti\u2019, recib\u00edan dos nombres, uno en castellano para ser inscritos en el Registro Civil y otro en lengua materna con el cual se identificaba a la persona en su comunidad.<\/span><span style=\"font-family: Roboto, sans-serif; font-size: 16px; font-style: normal; font-variant-ligatures: normal; font-variant-caps: normal; font-weight: 400; color: var( --e-global-color-text );\">\u00a0\u00a0<\/span><\/p><p style=\"text-align: justify;\">Actualmente en la cultura Popti\u2019, la concepci\u00f3n del origen del mundo y del hombre est\u00e1 influenciada principalmente por la religi\u00f3n cristiana, pero tambi\u00e9n hay elementos de mezcla o sincretismo, as\u00ed como ciertas ceremonias ancestrales heredadas desde tiempos prehisp\u00e1nicos.<\/p><p style=\"text-align: justify;\">En la educaci\u00f3n oficial hasta hace algunos a\u00f1os se han abierto espacios para que los maestros ense\u00f1en a sus estudiantes los or\u00edgenes, cosmovisi\u00f3n e identidad de su cultura propia.<\/p><p style=\"text-align: justify;\">Tradicionalmente el nacimiento de los ni\u00f1os se celebraba con el ritual \u201cChik\u2019tah\u201d. Despu\u00e9s de dos semanas de nacido era llevado al r\u00edo Yichtenam,\u00a0 en medio del r\u00edo, los padres sosten\u00edan al beb\u00e9, mientras un gu\u00eda espiritual efectuaba un ritual.\u00a0<\/p><p style=\"text-align: justify;\">Al cumplir ocho a\u00f1os, los padres llevaban a su peque\u00f1o hijo al nacimiento del r\u00edo.\u00a0 Ah\u00ed se quemaba copal en un incensario y sobre el humo se mec\u00eda al infante.\u00a0 Este acto se consideraba la presentaci\u00f3n del ni\u00f1o a Ijom Ab\u2019il, el a\u00f1o nuevo maya Popti\u2019 (p\u00e1gina 33. Estudio monogr\u00e1fico Maya Popti&#8217; &#8211; Jakalteko 2016). Por esto mismo, el R\u00edo Azul es tan emblem\u00e1tico y significativo para esta comunidad.\u00a0<\/p><p>\u00a0<\/p><p style=\"text-align: justify;\">\u00a0<\/p>\t\t\t\t\t\t\t\t<\/div>\n\t\t\t\t\t<\/div>\n\t\t\t\t<\/div>\n\t\t<div data-particle_enable=\"false\" data-particle-mobile-disabled=\"false\" class=\"elementor-element elementor-element-d2461c9 e-flex e-con-boxed e-con e-parent\" data-id=\"d2461c9\" data-element_type=\"container\" data-e-type=\"container\">\n\t\t\t\t\t<div class=\"e-con-inner\">\n\t\t\t\t<div class=\"elementor-element elementor-element-3ef39ff elementor-widget elementor-widget-video\" data-id=\"3ef39ff\" data-element_type=\"widget\" data-e-type=\"widget\" data-settings=\"{&quot;youtube_url&quot;:&quot;https:\\\/\\\/www.youtube.com\\\/watch?v=odhrnXTfdJA&quot;,&quot;video_type&quot;:&quot;youtube&quot;,&quot;controls&quot;:&quot;yes&quot;}\" data-widget_type=\"video.default\">\n\t\t\t\t\t\t\t<div class=\"elementor-wrapper elementor-open-inline\">\n\t\t\t<div class=\"elementor-video\"><\/div>\t\t<\/div>\n\t\t\t\t\t\t<\/div>\n\t\t\t\t\t<\/div>\n\t\t\t\t<\/div>\n\t\t<div data-particle_enable=\"false\" data-particle-mobile-disabled=\"false\" class=\"elementor-element elementor-element-f9f5d63 e-flex e-con-boxed e-con e-parent\" data-id=\"f9f5d63\" data-element_type=\"container\" data-e-type=\"container\">\n\t\t\t\t\t<div class=\"e-con-inner\">\n\t\t\t\t<div class=\"elementor-element elementor-element-f6ed67a elementor-widget elementor-widget-heading\" data-id=\"f6ed67a\" data-element_type=\"widget\" data-e-type=\"widget\" data-widget_type=\"heading.default\">\n\t\t\t\t\t<h3 class=\"elementor-heading-title elementor-size-default\">Indumentaria tradicional del var\u00f3n Popti<\/h3>\t\t\t\t<\/div>\n\t\t\t\t\t<\/div>\n\t\t\t\t<\/div>\n\t\t<div data-particle_enable=\"false\" data-particle-mobile-disabled=\"false\" class=\"elementor-element elementor-element-73b93a6 e-flex e-con-boxed e-con e-parent\" data-id=\"73b93a6\" data-element_type=\"container\" data-e-type=\"container\">\n\t\t\t\t\t<div class=\"e-con-inner\">\n\t\t\t\t<div class=\"elementor-element elementor-element-fdfe487 elementor-widget elementor-widget-text-editor\" data-id=\"fdfe487\" data-element_type=\"widget\" data-e-type=\"widget\" data-widget_type=\"text-editor.default\">\n\t\t\t\t\t\t\t\t\t<p style=\"margin-bottom: 0cm; text-align: justify;\">Antiguamente los varones Popt\u00ed\u00a0vest\u00edan pantal\u00f3n y camisa blancos. Usaban<br \/>faja para sostener el pantal\u00f3n, la cual enrollaban a la cintura, esta pieza era<br \/>tejida por las mujeres.\u00a0<\/p><p style=\"margin-bottom: 0cm; text-align: justify;\">Los varones se cubr\u00edan del fr\u00edo con una pieza de tela\u00a0gruesa tejida con lana de oveja conocida como \u201cCapixay\u201d. Esta prenda no ten\u00eda mangas\u00a0solo unas piezas decorativas que colgaban de los hombros. Se cree que en el\u00a0siglo XX se usaba a diario un \u201ccapixay\u201d corto y uno m\u00e1s largo para las\u00a0ceremonias.<\/p><p style=\"margin-bottom: 0cm; text-align: justify;\">\u00a0<\/p><p style=\"margin-bottom: 0cm; text-align: justify;\"><span style=\"color: var( --e-global-color-text );\">El sombrero, \u201cBok\u2019wi\u2019e\u201d,\u00a0<\/span><span style=\"color: var( --e-global-color-text );\">en lengua Popt\u00ed, se elaboraba de palma trenzada. Se elaboraban a mano con pita\u00a0<\/span><span style=\"color: var( --e-global-color-text );\">delgada de fibra de maguey. Este vocablo deriva de las palabras \u201cbok\u2019an\u201d, que\u00a0<\/span><span style=\"color: var( --e-global-color-text );\">significa envolver o proteger con envoltura y \u201cwi\u2019e\u201d, significa cabeza<\/span><span style=\"color: var( --e-global-color-text );\">.\u00a0<\/span><\/p><p style=\"margin-bottom: 0cm; text-align: justify;\"><span style=\"color: var( --e-global-color-text );\">En la cultura Popti\u2019\u00a0<\/span><span style=\"color: var( --e-global-color-text );\">es notoria\u00a0 la p\u00e9rdida de la vestimenta maya en los hombres, sobre todo por presiones y acoso en el trabajo de fincas.<\/span><\/p>\t\t\t\t\t\t\t\t<\/div>\n\t\t\t\t\t<\/div>\n\t\t\t\t<\/div>\n\t\t<div data-particle_enable=\"false\" data-particle-mobile-disabled=\"false\" class=\"elementor-element elementor-element-ea0bbc6 e-flex e-con-boxed e-con e-parent\" data-id=\"ea0bbc6\" data-element_type=\"container\" data-e-type=\"container\">\n\t\t\t\t\t<div class=\"e-con-inner\">\n\t\t\t\t<div class=\"elementor-element elementor-element-201dace elementor-widget elementor-widget-video\" data-id=\"201dace\" data-element_type=\"widget\" data-e-type=\"widget\" data-settings=\"{&quot;youtube_url&quot;:&quot;https:\\\/\\\/www.youtube.com\\\/watch?v=poNjoBMwzMk&quot;,&quot;video_type&quot;:&quot;youtube&quot;,&quot;controls&quot;:&quot;yes&quot;}\" data-widget_type=\"video.default\">\n\t\t\t\t\t\t\t<div class=\"elementor-wrapper elementor-open-inline\">\n\t\t\t<div class=\"elementor-video\"><\/div>\t\t<\/div>\n\t\t\t\t\t\t<\/div>\n\t\t\t\t\t<\/div>\n\t\t\t\t<\/div>\n\t\t<div data-particle_enable=\"false\" data-particle-mobile-disabled=\"false\" class=\"elementor-element elementor-element-b585db1 e-flex e-con-boxed e-con e-parent\" data-id=\"b585db1\" data-element_type=\"container\" data-e-type=\"container\">\n\t\t\t\t\t<div class=\"e-con-inner\">\n\t\t\t\t<div class=\"elementor-element elementor-element-f79268b elementor-widget elementor-widget-heading\" data-id=\"f79268b\" data-element_type=\"widget\" data-e-type=\"widget\" data-widget_type=\"heading.default\">\n\t\t\t\t\t<h3 class=\"elementor-heading-title elementor-size-default\">Indumentaria tradicional de la mujer Popti<\/h3>\t\t\t\t<\/div>\n\t\t\t\t\t<\/div>\n\t\t\t\t<\/div>\n\t\t<div data-particle_enable=\"false\" data-particle-mobile-disabled=\"false\" class=\"elementor-element elementor-element-e2d823d e-flex e-con-boxed e-con e-parent\" data-id=\"e2d823d\" data-element_type=\"container\" data-e-type=\"container\">\n\t\t\t\t\t<div class=\"e-con-inner\">\n\t\t\t\t<div class=\"elementor-element elementor-element-5f802c8 elementor-widget elementor-widget-text-editor\" data-id=\"5f802c8\" data-element_type=\"widget\" data-e-type=\"widget\" data-widget_type=\"text-editor.default\">\n\t\t\t\t\t\t\t\t\t<p style=\"text-align: justify;\">Tradicionalmente la mujer Popt\u00ed usa corte \u201cchanhe\u201d y huipil\u00a0 \u201c kole\u2019 \u201c. El corte es una pieza de tela de 4 a 6 varas de largo y una vara y media de ancho. Las mujeres lo usan para envolverse la parte inferior del cuerpo, de la cintura hacia abajo.\u00a0 Esta pieza antiguamente se tej\u00eda a mano, era de color rojo rayado;\u00a0 verde y negro decorado con figuras de incensarios y franjas verticales color blanco. \u00a0<\/p><p style=\"text-align: justify;\">Actualmente se elaboran en Totonicap\u00e1n y Salcaj\u00e1, Quetzaltenango. Tambi\u00e9n usaron un corte de fondo rojo y franjas angostas verticales colores amarillo, blanco y negro, tejidos en Huehuetenango, cabecera.<\/p><p style=\"text-align: justify;\">El huipil tradicional las mujeres lo tej\u00edan a mano. Era de fondo blanco con filas de puntitos negros y rojos en fila y alternados.\u00a0 Originalmente cada fila constaba de trece puntitos de cada color, que representaban el mismo n\u00famero de meses o ciclos\u00a0 lunares del calendario maya Tzolkin.\u00a0\u00a0<\/p><p style=\"text-align: justify;\">Le llamaban \u201ck\u2019utzb\u2019en\u201d que significa punteado o alternado. Actualmente este huipil perdi\u00f3 el significado.\u00a0 Ahora se usa uno, blanco, elaborado en manta o dacr\u00f3n y encajes.<\/p><p>\u00a0<\/p><p style=\"text-align: justify;\">Para calzado usaban guaraches y caites. Antiguamente usaban cortezas de \u00e1rboles y exist\u00eda un bejuco especial para calzado.<\/p>\t\t\t\t\t\t\t\t<\/div>\n\t\t\t\t\t<\/div>\n\t\t\t\t<\/div>\n\t\t<div data-particle_enable=\"false\" data-particle-mobile-disabled=\"false\" class=\"elementor-element elementor-element-7341ecb e-flex e-con-boxed e-con e-parent\" data-id=\"7341ecb\" data-element_type=\"container\" data-e-type=\"container\">\n\t\t\t\t\t<div class=\"e-con-inner\">\n\t\t\t\t<div class=\"elementor-element elementor-element-ffbf20e elementor-widget elementor-widget-video\" data-id=\"ffbf20e\" data-element_type=\"widget\" data-e-type=\"widget\" data-settings=\"{&quot;youtube_url&quot;:&quot;https:\\\/\\\/www.youtube.com\\\/watch?v=MM9Ln-9K8a0&quot;,&quot;video_type&quot;:&quot;youtube&quot;,&quot;controls&quot;:&quot;yes&quot;}\" data-widget_type=\"video.default\">\n\t\t\t\t\t\t\t<div class=\"elementor-wrapper elementor-open-inline\">\n\t\t\t<div class=\"elementor-video\"><\/div>\t\t<\/div>\n\t\t\t\t\t\t<\/div>\n\t\t\t\t\t<\/div>\n\t\t\t\t<\/div>\n\t\t<div data-particle_enable=\"false\" data-particle-mobile-disabled=\"false\" class=\"elementor-element elementor-element-4bc3b73 e-flex e-con-boxed e-con e-parent\" data-id=\"4bc3b73\" data-element_type=\"container\" data-e-type=\"container\">\n\t\t\t\t\t<div class=\"e-con-inner\">\n\t\t\t\t<div class=\"elementor-element elementor-element-1932ecf elementor-widget elementor-widget-heading\" data-id=\"1932ecf\" data-element_type=\"widget\" data-e-type=\"widget\" data-widget_type=\"heading.default\">\n\t\t\t\t\t<h2 class=\"elementor-heading-title elementor-size-default\">Guatemala es crisol de multiculticulturalidad<\/h2>\t\t\t\t<\/div>\n\t\t\t\t\t<\/div>\n\t\t\t\t<\/div>\n\t\t<div data-particle_enable=\"false\" data-particle-mobile-disabled=\"false\" class=\"elementor-element elementor-element-7556979 e-flex e-con-boxed e-con e-parent\" data-id=\"7556979\" data-element_type=\"container\" data-e-type=\"container\">\n\t\t\t\t\t<div class=\"e-con-inner\">\n\t\t\t\t<div class=\"elementor-element elementor-element-4b48393 elementor-widget elementor-widget-blfe-post-grid\" data-id=\"4b48393\" data-element_type=\"widget\" data-e-type=\"widget\" data-settings=\"{&quot;columns&quot;:&quot;3&quot;,&quot;columns_tablet&quot;:&quot;6&quot;,&quot;columns_mobile&quot;:&quot;12&quot;,&quot;hero1_layout_column_gap&quot;:{&quot;unit&quot;:&quot;px&quot;,&quot;size&quot;:30,&quot;sizes&quot;:[]},&quot;hero1_layout_column_gap_tablet&quot;:{&quot;unit&quot;:&quot;px&quot;,&quot;size&quot;:&quot;&quot;,&quot;sizes&quot;:[]},&quot;hero1_layout_column_gap_mobile&quot;:{&quot;unit&quot;:&quot;px&quot;,&quot;size&quot;:&quot;&quot;,&quot;sizes&quot;:[]},&quot;hero1_layout_row_gap&quot;:{&quot;unit&quot;:&quot;px&quot;,&quot;size&quot;:30,&quot;sizes&quot;:[]},&quot;hero1_layout_row_gap_tablet&quot;:{&quot;unit&quot;:&quot;px&quot;,&quot;size&quot;:&quot;&quot;,&quot;sizes&quot;:[]},&quot;hero1_layout_row_gap_mobile&quot;:{&quot;unit&quot;:&quot;px&quot;,&quot;size&quot;:&quot;&quot;,&quot;sizes&quot;:[]}}\" data-widget_type=\"blfe-post-grid.hero1\">\n\t\t\t\t<div class=\"elementor-widget-container\">\n\t\t\t\t\t\n                        <div class=\"blfe-post-grid-container \">\n            \n                <div data-skin=\"hero1\" class=\"blfe-row blfe-posts-inner blfe-hero1 blfe-posts-inner blfe-col-3 blfe-col-tab-6 blfe-col-mob-12     \">\n                            <div class=\"blfe-post-grid-item\">\n            <div class=\"blfe-post-grid-item-inner blfe-modern-zoom\">\n                        <div class=\"blfe-post-grid-bg-image\">\n            <a class=\"blfe-post-grid-image-inner\" href=\"https:\/\/soymigrante.com\/revista\/tzunun-tzii-es-el-nombre-prehispanico-del-pueblo-uspanteko-y-su-nahual-es-un-colibri\/\" title=\"Tz&#8217;unun Tziij es el nombre prehisp\u00e1nico del pueblo Uspanteko y su nahual es un colibr\u00ed\" rel=\"nofollow\" target=\"_blank\"><img decoding=\"async\" src=\"https:\/\/soymigrante.com\/revista\/wp-content\/uploads\/2024\/09\/uspanteko.webp\" alt=\"Tz&#8217;unun Tziij es el nombre prehisp\u00e1nico del pueblo Uspanteko y su nahual es un colibr\u00ed\"\/><\/a>        <\/div>\n                        <div class=\"blfe-post-grid-details\">\n                    <div class=\"blfe-post-grid-details-inner\">\n                        <span class=\"blfe-post-category\"><a href=\"https:\/\/soymigrante.com\/revista\/category\/guate-nuestra\/pueblos-de-guatemala\/\">Pueblos de Guatemala<\/a><\/span>                        <h3 class=\"blfe-post-grid-title\">\n            <a href=\"https:\/\/soymigrante.com\/revista\/tzunun-tzii-es-el-nombre-prehispanico-del-pueblo-uspanteko-y-su-nahual-es-un-colibri\/\" title=\"Tz&#8217;unun Tziij es el nombre prehisp\u00e1nico del pueblo Uspanteko y su nahual es un colibr\u00ed\" rel=\"nofollow\" target=\"_blank\">Tz&#8217;unun Tziij es el nombre prehisp\u00e1nico del pueblo Uspanteko y su nahual es un colibr\u00ed<\/a>\n            <\/h3>                                                            <div class=\"blfe-post-grid-meta\">\n                <span class=\"blfe-post-grid-time\"><i class=\"fas fa-book-reader\"><\/i>7 Min read<\/span>            <\/div>\n                                                        <\/div>\n                <\/div>\n\n            <\/div>\n        <\/div>\n                <div class=\"blfe-post-grid-item\">\n            <div class=\"blfe-post-grid-item-inner blfe-modern-zoom\">\n                        <div class=\"blfe-post-grid-bg-image\">\n            <a class=\"blfe-post-grid-image-inner\" href=\"https:\/\/soymigrante.com\/revista\/san-juan-comalapa-la-cuna-del-arte-popular-en-guatemala\/\" title=\"San Juan Comalapa, la cuna del arte popular en Guatemala\" rel=\"nofollow\" target=\"_blank\"><img decoding=\"async\" src=\"https:\/\/soymigrante.com\/revista\/wp-content\/uploads\/2025\/09\/San-Juan-Comalapa-5-e1757615970442.jpg\" alt=\"San Juan Comalapa, la cuna del arte popular en Guatemala\"\/><\/a>        <\/div>\n                        <div class=\"blfe-post-grid-details\">\n                    <div class=\"blfe-post-grid-details-inner\">\n                        <span class=\"blfe-post-category\"><a href=\"https:\/\/soymigrante.com\/revista\/category\/guate-nuestra\/\">Guate Nuestra<\/a><\/span>                        <h3 class=\"blfe-post-grid-title\">\n            <a href=\"https:\/\/soymigrante.com\/revista\/san-juan-comalapa-la-cuna-del-arte-popular-en-guatemala\/\" title=\"San Juan Comalapa, la cuna del arte popular en Guatemala\" rel=\"nofollow\" target=\"_blank\">San Juan Comalapa, la cuna del arte popular en Guatemala<\/a>\n            <\/h3>                                                            <div class=\"blfe-post-grid-meta\">\n                <span class=\"blfe-post-grid-time\"><i class=\"fas fa-book-reader\"><\/i>4 Min read<\/span>            <\/div>\n                                                        <\/div>\n                <\/div>\n\n            <\/div>\n        <\/div>\n                <div class=\"blfe-post-grid-item\">\n            <div class=\"blfe-post-grid-item-inner blfe-modern-zoom\">\n                        <div class=\"blfe-post-grid-bg-image\">\n            <a class=\"blfe-post-grid-image-inner\" href=\"https:\/\/soymigrante.com\/revista\/pueblo-xinka-esta-vivo-y-presente-en-el-suroriente-guatemalteco\/\" title=\"Pueblo Xinka est\u00e1 vivo y presente en el suroriente guatemalteco\" rel=\"nofollow\" target=\"_blank\"><img decoding=\"async\" src=\"https:\/\/soymigrante.com\/revista\/wp-content\/uploads\/2024\/09\/xincas.webp\" alt=\"Pueblo Xinka est\u00e1 vivo y presente en el suroriente guatemalteco\"\/><\/a>        <\/div>\n                        <div class=\"blfe-post-grid-details\">\n                    <div class=\"blfe-post-grid-details-inner\">\n                        <span class=\"blfe-post-category\"><a href=\"https:\/\/soymigrante.com\/revista\/category\/guate-nuestra\/pueblos-de-guatemala\/\">Pueblos de Guatemala<\/a><\/span>                        <h3 class=\"blfe-post-grid-title\">\n            <a href=\"https:\/\/soymigrante.com\/revista\/pueblo-xinka-esta-vivo-y-presente-en-el-suroriente-guatemalteco\/\" title=\"Pueblo Xinka est\u00e1 vivo y presente en el suroriente guatemalteco\" rel=\"nofollow\" target=\"_blank\">Pueblo Xinka est\u00e1 vivo y presente en el suroriente guatemalteco<\/a>\n            <\/h3>                                                            <div class=\"blfe-post-grid-meta\">\n                <span class=\"blfe-post-grid-time\"><i class=\"fas fa-book-reader\"><\/i>10 Min read<\/span>            <\/div>\n                                                        <\/div>\n                <\/div>\n\n            <\/div>\n        <\/div>\n                        <\/div>\n\n                        <\/div>\n            \n                        <div class=\"blfe-post-footer\">\n                        <\/div>\n            \t\t\t\t<\/div>\n\t\t\t\t<\/div>\n\t\t\t\t\t<\/div>\n\t\t\t\t<\/div>\n\t\t\t\t<\/div>\n\t\t","protected":false},"excerpt":{"rendered":"<p>Los Popti suman unos 54 mil habitantes en la regi\u00f3n Huista, nombre que proviene del t\u00e9rmino Whuxtaj, que significa &#8220;hermano&#8221;. Pero su primer y m\u00e1s emblem\u00e1tico territorio es Jacaltenango, Huehuetenango, por lo cual fueron llamados jakaltekos, hasta 1988. El fundador del\u00a0pueblo maya popti\u2019 fue B\u2019alunh Q\u2019ana\u2019, quien junto a su eposa Hun Imox,\u00a0llegaron procedentes del [&hellip;]<\/p>\n","protected":false},"author":17,"featured_media":9011,"comment_status":"open","ping_status":"open","sticky":false,"template":"","format":"standard","meta":{"_acf_changed":false,"_eb_attr":"","footnotes":""},"categories":[125],"tags":[],"class_list":["post-9010","post","type-post","status-publish","format-standard","has-post-thumbnail","hentry","category-pueblos-de-guatemala"],"acf":[],"aioseo_notices":[],"aioseo_head":"\n\t\t<!-- All in One SEO Pro 4.9.6.2 - aioseo.com -->\n\t<meta name=\"description\" content=\"Reducci\u00f3n de hablantes y subregistros, accidentales o deliberados, llevaron por d\u00e9cadas a creer ue el pueblo Xinca ya no exist\u00eda. Pero est\u00e1 all\u00ed vivo y presente.\" \/>\n\t<meta name=\"robots\" content=\"max-snippet:-1, max-image-preview:large, max-video-preview:-1\" \/>\n\t<meta name=\"author\" content=\"Edwin Castro\"\/>\n\t<link rel=\"canonical\" href=\"https:\/\/soymigrante.com\/revista\/pueblo-xinka-esta-vivo-y-presente-en-el-suroriente-guatemalteco\/\" \/>\n\t<meta name=\"generator\" content=\"All in One SEO Pro (AIOSEO) 4.9.6.2\" \/>\n\n\t\t<link rel=\"preconnect\" href=\"https:\/\/fonts.googleapis.com\" crossorigin>\n<link rel=\"preconnect\" href=\"https:\/\/fonts.gstatic.com\" crossorigin>\n\t\t<meta property=\"og:locale\" content=\"es_ES\" \/>\n\t\t<meta property=\"og:site_name\" content=\"SoyMigrante.com REVISTA \u2013 Nuestra misi\u00f3n es reconocer y dignificar al migrante.\" \/>\n\t\t<meta property=\"og:type\" content=\"article\" \/>\n\t\t<meta property=\"og:title\" content=\"Pueblo Xinca est\u00e1 presente en el suroriente guatemalteco\" \/>\n\t\t<meta property=\"og:description\" content=\"Reducci\u00f3n de hablantes y subregistros, accidentales o deliberados, llevaron por d\u00e9cadas a creer ue el pueblo Xinca ya no exist\u00eda. Pero est\u00e1 all\u00ed vivo y presente.\" \/>\n\t\t<meta property=\"og:url\" content=\"https:\/\/soymigrante.com\/revista\/pueblo-xinka-esta-vivo-y-presente-en-el-suroriente-guatemalteco\/\" \/>\n\t\t<meta property=\"og:image\" content=\"https:\/\/soymigrante.com\/revista\/wp-content\/uploads\/2024\/09\/xincas.webp\" \/>\n\t\t<meta property=\"og:image:secure_url\" content=\"https:\/\/soymigrante.com\/revista\/wp-content\/uploads\/2024\/09\/xincas.webp\" \/>\n\t\t<meta property=\"og:image:width\" content=\"845\" \/>\n\t\t<meta property=\"og:image:height\" content=\"845\" \/>\n\t\t<meta property=\"article:published_time\" content=\"2024-09-20T17:09:28+00:00\" \/>\n\t\t<meta property=\"article:modified_time\" content=\"2025-09-17T13:44:44+00:00\" \/>\n\t\t<meta property=\"article:publisher\" content=\"https:\/\/www.facebook.com\/soymigrantecom\" \/>\n\t\t<meta name=\"twitter:card\" content=\"summary_large_image\" \/>\n\t\t<meta name=\"twitter:site\" content=\"@SoyMigrante_com\" \/>\n\t\t<meta name=\"twitter:title\" content=\"Pueblo Xinca est\u00e1 presente en el suroriente guatemalteco\" \/>\n\t\t<meta name=\"twitter:description\" content=\"Reducci\u00f3n de hablantes y subregistros, accidentales o deliberados, llevaron por d\u00e9cadas a creer ue el pueblo Xinca ya no exist\u00eda. Pero est\u00e1 all\u00ed vivo y presente.\" \/>\n\t\t<meta name=\"twitter:creator\" content=\"@SoyMigrante_com\" \/>\n\t\t<meta name=\"twitter:image\" content=\"https:\/\/soymigrante.com\/revista\/wp-content\/uploads\/2024\/09\/xincas.webp\" \/>\n\t\t<!-- All in One SEO Pro -->\r\n\t\t<title>Pueblo Xinca est\u00e1 presente en el suroriente guatemalteco<\/title>\n\n","aioseo_head_json":{"title":"Pueblo Xinca est\u00e1 presente en el suroriente guatemalteco","description":"Reducci\u00f3n de hablantes y subregistros, accidentales o deliberados, llevaron por d\u00e9cadas a creer ue el pueblo Xinca ya no exist\u00eda. Pero est\u00e1 all\u00ed vivo y presente.","canonical_url":"https:\/\/soymigrante.com\/revista\/pueblo-xinka-esta-vivo-y-presente-en-el-suroriente-guatemalteco\/","robots":"max-snippet:-1, max-image-preview:large, max-video-preview:-1","keywords":"","webmasterTools":{"miscellaneous":"&lt;link rel=\"preconnect\" href=\"https:\/\/fonts.googleapis.com\" crossorigin&gt;\n&lt;link rel=\"preconnect\" href=\"https:\/\/fonts.gstatic.com\" crossorigin&gt;"},"schema":null,"og:locale":"es_ES","og:site_name":"SoyMigrante.com REVISTA \u2013 Nuestra misi\u00f3n es reconocer y dignificar al migrante.","og:type":"article","og:title":"Pueblo Xinca est\u00e1 presente en el suroriente guatemalteco","og:description":"Reducci\u00f3n de hablantes y subregistros, accidentales o deliberados, llevaron por d\u00e9cadas a creer ue el pueblo Xinca ya no exist\u00eda. Pero est\u00e1 all\u00ed vivo y presente.","og:url":"https:\/\/soymigrante.com\/revista\/pueblo-xinka-esta-vivo-y-presente-en-el-suroriente-guatemalteco\/","og:image":"https:\/\/soymigrante.com\/revista\/wp-content\/uploads\/2024\/09\/xincas.webp","og:image:secure_url":"https:\/\/soymigrante.com\/revista\/wp-content\/uploads\/2024\/09\/xincas.webp","og:image:width":845,"og:image:height":845,"article:published_time":"2024-09-20T17:09:28+00:00","article:modified_time":"2025-09-17T13:44:44+00:00","article:publisher":"https:\/\/www.facebook.com\/soymigrantecom","twitter:card":"summary_large_image","twitter:site":"@SoyMigrante_com","twitter:title":"Pueblo Xinca est\u00e1 presente en el suroriente guatemalteco","twitter:description":"Reducci\u00f3n de hablantes y subregistros, accidentales o deliberados, llevaron por d\u00e9cadas a creer ue el pueblo Xinca ya no exist\u00eda. Pero est\u00e1 all\u00ed vivo y presente.","twitter:creator":"@SoyMigrante_com","twitter:image":"https:\/\/soymigrante.com\/revista\/wp-content\/uploads\/2024\/09\/xincas.webp"},"aioseo_meta_data":{"post_id":"9010","title":"El pueblo Popt\u00ed desciende de B\u2019alunh Q\u2019ana\u2019 y Hun Imox","description":"En 1988 esta comunidad recibi\u00f3 el nombre Popt\u00ed, pues as\u00ed se llamaban en su idioma. Antes de ello se les dec\u00eda Jakalteko, por habitar Jacaltenango, Huehuetenango","keywords":null,"keyphrases":{"focus":{"keyphrase":"Popt\u00ed","score":87,"analysis":{"keyphraseInTitle":{"score":9,"maxScore":9,"error":0},"keyphraseInDescription":{"score":9,"maxScore":9,"error":0},"keyphraseLength":{"score":9,"maxScore":9,"error":0,"length":1},"keyphraseInURL":{"score":5,"maxScore":5,"error":0},"keyphraseInIntroduction":{"score":9,"maxScore":9,"error":0},"keyphraseInSubHeadings":{"score":9,"maxScore":9,"error":0},"keyphraseInImageAlt":{"score":9,"maxScore":9,"error":0},"keywordDensity":{"score":0,"type":"low","maxScore":9,"error":1}}},"additional":[{"keyphrase":"Jakalteko","score":87,"analysis":{"keyphraseInDescription":{"score":9,"maxScore":9,"error":0},"keyphraseLength":{"score":9,"maxScore":9,"error":0,"length":1},"keyphraseInIntroduction":{"score":3,"maxScore":9,"error":1},"keyphraseInImageAlt":{"score":9,"maxScore":9,"error":0},"keywordDensity":{"type":"best","score":9,"maxScore":9,"error":0}}},{"keyphrase":"Pueblos Mayas","score":40,"analysis":{"keyphraseInDescription":{"score":3,"maxScore":9,"error":1},"keyphraseLength":{"score":9,"maxScore":9,"error":0,"length":2},"keyphraseInIntroduction":{"score":3,"maxScore":9,"error":1},"keyphraseInImageAlt":{"score":3,"maxScore":9,"error":1},"keywordDensity":{"score":0,"type":"low","maxScore":9,"error":1}}},{"keyphrase":"Guatemala","score":53,"analysis":{"keyphraseInDescription":{"score":3,"maxScore":9,"error":1},"keyphraseLength":{"score":9,"maxScore":9,"error":0,"length":1},"keyphraseInIntroduction":{"score":3,"maxScore":9,"error":1},"keyphraseInImageAlt":{"score":9,"maxScore":9,"error":0},"keywordDensity":{"score":0,"type":"low","maxScore":9,"error":1}}}]},"primary_term":null,"canonical_url":null,"og_title":null,"og_description":null,"og_object_type":"default","og_image_type":"default","og_image_url":null,"og_image_width":null,"og_image_height":null,"og_image_custom_url":null,"og_image_custom_fields":null,"og_video":"","og_custom_url":null,"og_article_section":null,"og_article_tags":null,"twitter_use_og":false,"twitter_card":"default","twitter_image_type":"default","twitter_image_url":null,"twitter_image_custom_url":null,"twitter_image_custom_fields":null,"twitter_title":null,"twitter_description":null,"schema":{"blockGraphs":[],"customGraphs":[],"default":{"data":{"Article":[],"Course":[],"Dataset":[],"FAQPage":[],"Movie":[],"Person":[],"Product":[],"ProductReview":[],"Car":[],"Recipe":[],"Service":[],"SoftwareApplication":[],"WebPage":[]},"graphName":"none","isEnabled":true},"graphs":[]},"schema_type":"default","schema_type_options":null,"pillar_content":false,"robots_default":true,"robots_noindex":false,"robots_noarchive":false,"robots_nosnippet":false,"robots_nofollow":false,"robots_noimageindex":false,"robots_noodp":false,"robots_notranslate":false,"robots_max_snippet":"-1","robots_max_videopreview":"-1","robots_max_imagepreview":"large","priority":null,"frequency":"default","local_seo":null,"seo_analyzer_scan_date":"2025-10-08 23:08:38","breadcrumb_settings":null,"limit_modified_date":false,"reviewed_by":"0","open_ai":"{\"title\":{\"suggestions\":[],\"usage\":0},\"description\":{\"suggestions\":[],\"usage\":0}}","ai":{"faqs":[],"keyPoints":[],"titles":[],"descriptions":[],"socialPosts":{"email":[],"linkedin":[],"twitter":[],"facebook":[],"instagram":[]}},"created":"2024-09-11 06:06:03","updated":"2026-02-04 13:34:03"},"aioseo_breadcrumb":"<div class=\"aioseo-breadcrumbs\"><span class=\"aioseo-breadcrumb\">\n\t<a href=\"https:\/\/soymigrante.com\/revista\" title=\"Home\">Home<\/a>\n<\/span><span class=\"aioseo-breadcrumb-separator\">\u00bb<\/span><span class=\"aioseo-breadcrumb\">\n\t<a href=\"https:\/\/soymigrante.com\/revista\/category\/guate-nuestra\/\" title=\"Guate Nuestra\">Guate Nuestra<\/a>\n<\/span><span class=\"aioseo-breadcrumb-separator\">\u00bb<\/span><span class=\"aioseo-breadcrumb\">\n\t<a href=\"https:\/\/soymigrante.com\/revista\/category\/guate-nuestra\/pueblos-de-guatemala\/\" title=\"Pueblos de Guatemala\">Pueblos de Guatemala<\/a>\n<\/span><span class=\"aioseo-breadcrumb-separator\">\u00bb<\/span><span class=\"aioseo-breadcrumb\">\n\tEl pueblo Popt\u00ed (Jakalteko) desciende de B\u2019alunh Q\u2019ana\u2019 y Hun Imox\n<\/span><\/div>","aioseo_breadcrumb_json":[{"label":"Home","link":"https:\/\/soymigrante.com\/revista"},{"label":"Guate Nuestra","link":"https:\/\/soymigrante.com\/revista\/category\/guate-nuestra\/"},{"label":"Pueblos de Guatemala","link":"https:\/\/soymigrante.com\/revista\/category\/guate-nuestra\/pueblos-de-guatemala\/"},{"label":"El pueblo Popt\u00ed (Jakalteko) desciende de B\u2019alunh Q\u2019ana\u2019 y Hun Imox","link":"https:\/\/soymigrante.com\/revista\/el-pueblo-popti-jakalteko-desciende-de-balunh-qana-y-hun-imox\/"}],"_links":{"self":[{"href":"https:\/\/soymigrante.com\/revista\/wp-json\/wp\/v2\/posts\/9010","targetHints":{"allow":["GET"]}}],"collection":[{"href":"https:\/\/soymigrante.com\/revista\/wp-json\/wp\/v2\/posts"}],"about":[{"href":"https:\/\/soymigrante.com\/revista\/wp-json\/wp\/v2\/types\/post"}],"author":[{"embeddable":true,"href":"https:\/\/soymigrante.com\/revista\/wp-json\/wp\/v2\/users\/17"}],"replies":[{"embeddable":true,"href":"https:\/\/soymigrante.com\/revista\/wp-json\/wp\/v2\/comments?post=9010"}],"version-history":[{"count":4,"href":"https:\/\/soymigrante.com\/revista\/wp-json\/wp\/v2\/posts\/9010\/revisions"}],"predecessor-version":[{"id":44959,"href":"https:\/\/soymigrante.com\/revista\/wp-json\/wp\/v2\/posts\/9010\/revisions\/44959"}],"wp:featuredmedia":[{"embeddable":true,"href":"https:\/\/soymigrante.com\/revista\/wp-json\/wp\/v2\/media\/9011"}],"wp:attachment":[{"href":"https:\/\/soymigrante.com\/revista\/wp-json\/wp\/v2\/media?parent=9010"}],"wp:term":[{"taxonomy":"category","embeddable":true,"href":"https:\/\/soymigrante.com\/revista\/wp-json\/wp\/v2\/categories?post=9010"},{"taxonomy":"post_tag","embeddable":true,"href":"https:\/\/soymigrante.com\/revista\/wp-json\/wp\/v2\/tags?post=9010"}],"curies":[{"name":"wp","href":"https:\/\/api.w.org\/{rel}","templated":true}]}}