{"id":8985,"date":"2024-09-13T10:36:56","date_gmt":"2024-09-13T16:36:56","guid":{"rendered":"https:\/\/soymigrante.com\/revista\/?p=8985"},"modified":"2024-09-13T10:36:57","modified_gmt":"2024-09-13T16:36:57","slug":"en-que-consiste-el-orgullo-de-ser-guatemalteco-un-tesoro-de-multiculturalidad","status":"publish","type":"post","link":"https:\/\/soymigrante.com\/revista\/en-que-consiste-el-orgullo-de-ser-guatemalteco-un-tesoro-de-multiculturalidad\/","title":{"rendered":"\u00bfEn qu\u00e9 consiste el orgullo de ser guatemalteco?  Un tesoro de multiculturalidad"},"content":{"rendered":"\t\t<div data-elementor-type=\"wp-post\" data-elementor-id=\"8985\" class=\"elementor elementor-8985\" data-elementor-post-type=\"post\">\n\t\t\t\t<div data-particle_enable=\"false\" data-particle-mobile-disabled=\"false\" class=\"elementor-element elementor-element-664f0ee e-flex e-con-boxed e-con e-parent\" data-id=\"664f0ee\" data-element_type=\"container\" data-e-type=\"container\">\n\t\t\t\t\t<div class=\"e-con-inner\">\n\t\t\t\t<div class=\"elementor-element elementor-element-8f29dda elementor-widget elementor-widget-heading\" data-id=\"8f29dda\" data-element_type=\"widget\" data-e-type=\"widget\" data-widget_type=\"heading.default\">\n\t\t\t\t\t<h2 class=\"elementor-heading-title elementor-size-default\">Ser guatemalteco es motivo de orgullo. No es solo una cuesti\u00f3n de nacionalidad, sino de pertenencia a una tierra rica en historia, diversidad cultural, belleza natural y sobre todo, la resiliencia de su gente. \n<\/h2>\t\t\t\t<\/div>\n\t\t\t\t\t<\/div>\n\t\t\t\t<\/div>\n\t\t<div data-particle_enable=\"false\" data-particle-mobile-disabled=\"false\" class=\"elementor-element elementor-element-7ecac32 e-flex e-con-boxed e-con e-parent\" data-id=\"7ecac32\" data-element_type=\"container\" data-e-type=\"container\">\n\t\t\t\t\t<div class=\"e-con-inner\">\n\t\t\t\t<div class=\"elementor-element elementor-element-aa314ab elementor-widget elementor-widget-text-editor\" data-id=\"aa314ab\" data-element_type=\"widget\" data-e-type=\"widget\" data-widget_type=\"text-editor.default\">\n\t\t\t\t\t\t\t\t\t<p>Guatemala, el &#8220;Coraz\u00f3n del Mundo Maya&#8221;, es un pa\u00eds que alberga un legado milenario que ha trascendido siglos, mezcl\u00e1ndose con una identidad mestiza que la hace \u00fanica en el mundo.<\/p><p>Una de las razones m\u00e1s poderosas para sentirse orgulloso de ser guatemalteco es su herencia cultural. Guatemala es hogar de la civilizaci\u00f3n maya, cuyos logros en astronom\u00eda, matem\u00e1ticas, arquitectura y arte siguen sorprendiendo al mundo entero. Lugares emblem\u00e1ticos como <a href=\"https:\/\/soymigrante.com\/revista\/7-datos-que-ya-sabias-o-quiza-no-sobre-el-gran-jaguar-y-tikal\/\" target=\"_blank\" rel=\"noopener\">Tikal<\/a>, <a href=\"https:\/\/soymigrante.com\/revista\/7-curiosidades-del-sitio-arqueologico-maya-quirigua-que-quiza-ya-sabias-o-tal-vez-no\/\" target=\"_blank\" rel=\"noopener\">Quirigu\u00e1<\/a> y Yaxh\u00e1 no solo son destinos tur\u00edsticos, sino testigos silenciosos de un pasado glorioso.<\/p><p>Esta riqueza hist\u00f3rica es complementada por una cultura viva que se manifiesta en las 22 comunidades ling\u00fc\u00edsticas mayas, xincas y gar\u00edfunas que, con sus tradiciones, cosmovisiones, y lenguas, enriquecen la diversidad del pa\u00eds.<\/p>\t\t\t\t\t\t\t\t<\/div>\n\t\t\t\t\t<\/div>\n\t\t\t\t<\/div>\n\t\t<div data-particle_enable=\"false\" data-particle-mobile-disabled=\"false\" class=\"elementor-element elementor-element-7e58315 e-flex e-con-boxed e-con e-parent\" data-id=\"7e58315\" data-element_type=\"container\" data-e-type=\"container\">\n\t\t\t\t\t<div class=\"e-con-inner\">\n\t\t\t\t<div class=\"elementor-element elementor-element-3957dbd elementor-widget elementor-widget-text-editor\" data-id=\"3957dbd\" data-element_type=\"widget\" data-e-type=\"widget\" data-widget_type=\"text-editor.default\">\n\t\t\t\t\t\t\t\t\t<p>El patrimonio cultural de Guatemala no se detiene en sus ra\u00edces mayas. La m\u00fasica, la danza, la gastronom\u00eda, y las expresiones art\u00edsticas reflejan un mosaico vibrante de influencias ind\u00edgenas, africanas y europeas que han dado lugar a una identidad \u00fanica. Celebraciones como la Semana Santa en Antigua Guatemala, declarada Patrimonio Cultural Inmaterial de la Humanidad, y el colorido baile del Rabinal Ach\u00ed, muestran la profunda devoci\u00f3n y creatividad que caracteriza a los guatemaltecos, seg\u00fan el antropologo, Adrian Urizar.<\/p><p><a href=\"https:\/\/soymigrante.com\/revista\/7-datos-que-ya-sabias-o-quiza-no-sobre-el-gran-jaguar-y-tikal\/\" target=\"_blank\" rel=\"noopener\">Aparte de su riqueza cultural, Guatemala es un pa\u00eds de extraordinaria belleza natural<\/a>. Desde los imponentes volcanes que se alzan majestuosos a lo largo de la Sierra Madre, hasta los lagos y r\u00edos que adornan su geograf\u00eda, c<a href=\"https:\/\/soymigrante.com\/revista\/10-pueblos-a-la-orilla-del-lago-de-atitlan-que-debes-descubrir\/\" target=\"_blank\" rel=\"noopener\">omo el lago de Atitl\u00e1n,<\/a> considerado uno de los m\u00e1s bellos del mundo, el pa\u00eds ofrece paisajes que cautivan a propios y extra\u00f1os. Las selvas del Pet\u00e9n, los manglares del Pac\u00edfico, y los m\u00edsticos paisajes del altiplano reflejan una diversidad biol\u00f3gica \u00fanica, donde el esp\u00edritu aventurero encuentra siempre un nuevo horizonte por descubrir.<\/p>\t\t\t\t\t\t\t\t<\/div>\n\t\t\t\t\t<\/div>\n\t\t\t\t<\/div>\n\t\t<div data-particle_enable=\"false\" data-particle-mobile-disabled=\"false\" class=\"elementor-element elementor-element-9444618 e-flex e-con-boxed e-con e-parent\" data-id=\"9444618\" data-element_type=\"container\" data-e-type=\"container\">\n\t\t\t\t\t<div class=\"e-con-inner\">\n\t\t\t\t<div class=\"elementor-element elementor-element-a27ba35 elementor-widget elementor-widget-image\" data-id=\"a27ba35\" data-element_type=\"widget\" data-e-type=\"widget\" data-widget_type=\"image.default\">\n\t\t\t\t\t\t\t\t\t\t\t\t\t\t\t<img fetchpriority=\"high\" decoding=\"async\" width=\"768\" height=\"464\" src=\"https:\/\/soymigrante.com\/revista\/wp-content\/uploads\/2024\/09\/Orgullo-de-ser-guatemalteco-Una-identidad-unica2-1024x618.webp\" class=\"attachment-large size-large wp-image-8987\" alt=\"Paisaje del volc\u00e1n en el mar, con embarcaci\u00f3n y cielo despejado en fondo, representaci\u00f3n de temas migratorios y culturales en Revista SoyMigrante.com.\" srcset=\"https:\/\/soymigrante.com\/revista\/wp-content\/uploads\/2024\/09\/Orgullo-de-ser-guatemalteco-Una-identidad-unica2-1024x618.webp 1024w, https:\/\/soymigrante.com\/revista\/wp-content\/uploads\/2024\/09\/Orgullo-de-ser-guatemalteco-Una-identidad-unica2-300x181.webp 300w, https:\/\/soymigrante.com\/revista\/wp-content\/uploads\/2024\/09\/Orgullo-de-ser-guatemalteco-Una-identidad-unica2-768x464.webp 768w, https:\/\/soymigrante.com\/revista\/wp-content\/uploads\/2024\/09\/Orgullo-de-ser-guatemalteco-Una-identidad-unica2-750x453.webp 750w, https:\/\/soymigrante.com\/revista\/wp-content\/uploads\/2024\/09\/Orgullo-de-ser-guatemalteco-Una-identidad-unica2-1140x688.webp 1140w, https:\/\/soymigrante.com\/revista\/wp-content\/uploads\/2024\/09\/Orgullo-de-ser-guatemalteco-Una-identidad-unica2.webp 1280w\" sizes=\"(max-width: 768px) 100vw, 768px\" title=\"Orgullo de ser guatemalteco Una identidad u\u0301nica2 \u2013 SoyMigrante.com REVISTA\" \/>\t\t\t\t\t\t\t\t\t\t\t\t\t\t\t<\/div>\n\t\t\t\t\t<\/div>\n\t\t\t\t<\/div>\n\t\t<div data-particle_enable=\"false\" data-particle-mobile-disabled=\"false\" class=\"elementor-element elementor-element-ec262b5 e-flex e-con-boxed e-con e-parent\" data-id=\"ec262b5\" data-element_type=\"container\" data-e-type=\"container\">\n\t\t\t\t\t<div class=\"e-con-inner\">\n\t\t\t\t<div class=\"elementor-element elementor-element-bb1674d elementor-widget elementor-widget-text-editor\" data-id=\"bb1674d\" data-element_type=\"widget\" data-e-type=\"widget\" data-widget_type=\"text-editor.default\">\n\t\t\t\t\t\t\t\t\t<p>Sin embargo, el mayor motivo de orgullo para cualquier guatemalteco es su gente.<a href=\"https:\/\/soymigrante.com\/revista\/fotos-de-guatemala-pablo-galindo-refleja-la-magia-de-la-tierra-del-quetzal\/\" target=\"_blank\" rel=\"noopener\"> A lo largo de la historia, los guatemaltecos han enfrentado desaf\u00edos significativos, desde desastres naturales hasta crisis pol\u00edticas y sociales.<\/a> Pero cada vez, la naci\u00f3n ha demostrado una capacidad de resiliencia y solidaridad admirables. La hospitalidad, la calidez, y el esp\u00edritu trabajador son caracter\u00edsticas que definen al guatemalteco. Esta actitud positiva y de lucha es un reflejo de la determinaci\u00f3n de un pueblo que, a pesar de las adversidades, siempre busca superarse, coment\u00f3 en analista en relaciones internacionales, Marco P\u00e9rez.<\/p><p>El orgullo de ser guatemalteco tambi\u00e9n radica en los logros de sus hijos e hijas, quienes han destacado en diversos campos a nivel internacional. Desde premios Nobel, como el de la paz recibido por Rigoberta Mench\u00fa, hasta artistas, deportistas, escritores, cient\u00edficos y emprendedores que han puesto en alto el nombre de Guatemala en el mundo. Cada \u00e9xito de un guatemalteco es un reflejo del talento, la perseverancia y el compromiso con sus ra\u00edces.<\/p>\t\t\t\t\t\t\t\t<\/div>\n\t\t\t\t\t<\/div>\n\t\t\t\t<\/div>\n\t\t<div data-particle_enable=\"false\" data-particle-mobile-disabled=\"false\" class=\"elementor-element elementor-element-3894b86 e-flex e-con-boxed e-con e-parent\" data-id=\"3894b86\" data-element_type=\"container\" data-e-type=\"container\">\n\t\t\t\t\t<div class=\"e-con-inner\">\n\t\t\t\t<div class=\"elementor-element elementor-element-70f9082 elementor-widget elementor-widget-image\" data-id=\"70f9082\" data-element_type=\"widget\" data-e-type=\"widget\" data-widget_type=\"image.default\">\n\t\t\t\t\t\t\t\t\t\t\t\t\t\t\t<img decoding=\"async\" width=\"768\" height=\"432\" src=\"https:\/\/soymigrante.com\/revista\/wp-content\/uploads\/2024\/09\/Orgullo-de-ser-guatemalteco-Una-identidad-unica-1024x576.webp\" class=\"attachment-large size-large wp-image-8988\" alt=\"Majestuosa arquitectura colonial iluminada en la noche en el centro hist\u00f3rico de M\u00e9xico. Edificio hist\u00f3rico con arcos y columnas que refleja tradici\u00f3n y cultura mexicana. Ideal para art\u00edculos sobre patrimonio y turismo en M\u00e9xico.\" srcset=\"https:\/\/soymigrante.com\/revista\/wp-content\/uploads\/2024\/09\/Orgullo-de-ser-guatemalteco-Una-identidad-unica-1024x576.webp 1024w, https:\/\/soymigrante.com\/revista\/wp-content\/uploads\/2024\/09\/Orgullo-de-ser-guatemalteco-Una-identidad-unica-300x169.webp 300w, https:\/\/soymigrante.com\/revista\/wp-content\/uploads\/2024\/09\/Orgullo-de-ser-guatemalteco-Una-identidad-unica-768x432.webp 768w, https:\/\/soymigrante.com\/revista\/wp-content\/uploads\/2024\/09\/Orgullo-de-ser-guatemalteco-Una-identidad-unica-750x422.webp 750w, https:\/\/soymigrante.com\/revista\/wp-content\/uploads\/2024\/09\/Orgullo-de-ser-guatemalteco-Una-identidad-unica-1140x641.webp 1140w, https:\/\/soymigrante.com\/revista\/wp-content\/uploads\/2024\/09\/Orgullo-de-ser-guatemalteco-Una-identidad-unica.webp 1280w\" sizes=\"(max-width: 768px) 100vw, 768px\" title=\"Orgullo de ser guatemalteco Una identidad u\u0301nica \u2013 SoyMigrante.com REVISTA\" \/>\t\t\t\t\t\t\t\t\t\t\t\t\t\t\t<\/div>\n\t\t\t\t\t<\/div>\n\t\t\t\t<\/div>\n\t\t<div data-particle_enable=\"false\" data-particle-mobile-disabled=\"false\" class=\"elementor-element elementor-element-c940f93 e-flex e-con-boxed e-con e-parent\" data-id=\"c940f93\" data-element_type=\"container\" data-e-type=\"container\">\n\t\t\t\t\t<div class=\"e-con-inner\">\n\t\t\t\t<div class=\"elementor-element elementor-element-5049b64 elementor-widget elementor-widget-text-editor\" data-id=\"5049b64\" data-element_type=\"widget\" data-e-type=\"widget\" data-widget_type=\"text-editor.default\">\n\t\t\t\t\t\t\t\t\t<p>Finalmente, sentirse orgulloso de ser guatemalteco es tambi\u00e9n reconocer el potencial del pa\u00eds y la esperanza de un futuro mejor. Cada d\u00eda, millones de guatemaltecos trabajan para construir un pa\u00eds m\u00e1s justo, inclusivo y pr\u00f3spero, donde la riqueza cultural y natural se conserve y las oportunidades se multipliquen. <a href=\"https:\/\/soymigrante.com\/revista\/fotos-de-guatemala-pablo-galindo-refleja-la-magia-de-la-tierra-del-quetzal\/\" target=\"_blank\" rel=\"noopener\">Este orgullo se convierte en un motor de cambio<\/a>, en un deseo de transformar la realidad y honrar a quienes construyeron la patria.<\/p><p>Ser guatemalteco es, en esencia, una celebraci\u00f3n continua de identidad, historia y esperanza. Es entender que, a pesar de los desaf\u00edos, hay razones profundas y aut\u00e9nticas para mirar al futuro con optimismo y orgullo.<\/p>\t\t\t\t\t\t\t\t<\/div>\n\t\t\t\t\t<\/div>\n\t\t\t\t<\/div>\n\t\t<div data-particle_enable=\"false\" data-particle-mobile-disabled=\"false\" class=\"elementor-element elementor-element-5ff9ef8 e-flex e-con-boxed e-con e-parent\" data-id=\"5ff9ef8\" data-element_type=\"container\" data-e-type=\"container\">\n\t\t\t\t\t<div class=\"e-con-inner\">\n\t\t\t\t<div class=\"elementor-element elementor-element-0446c16 elementor-widget elementor-widget-heading\" data-id=\"0446c16\" data-element_type=\"widget\" data-e-type=\"widget\" data-widget_type=\"heading.default\">\n\t\t\t\t\t<h2 class=\"elementor-heading-title elementor-size-default\">Conoce m\u00e1s de Guatemala ac\u00e1...<\/h2>\t\t\t\t<\/div>\n\t\t\t\t\t<\/div>\n\t\t\t\t<\/div>\n\t\t<div data-particle_enable=\"false\" data-particle-mobile-disabled=\"false\" class=\"elementor-element elementor-element-0a27f0a e-flex e-con-boxed e-con e-parent\" data-id=\"0a27f0a\" data-element_type=\"container\" data-e-type=\"container\">\n\t\t\t\t\t<div class=\"e-con-inner\">\n\t\t\t\t<div class=\"elementor-element elementor-element-d4820db elementor-widget elementor-widget-blfe-post-grid\" data-id=\"d4820db\" data-element_type=\"widget\" data-e-type=\"widget\" data-settings=\"{&quot;columns&quot;:&quot;3&quot;,&quot;columns_tablet&quot;:&quot;6&quot;,&quot;columns_mobile&quot;:&quot;12&quot;,&quot;hero2_navigation&quot;:&quot;arrows&quot;,&quot;hero2_layout_column_gap&quot;:{&quot;unit&quot;:&quot;px&quot;,&quot;size&quot;:5,&quot;sizes&quot;:[]},&quot;hero2_layout_column_gap_tablet&quot;:{&quot;unit&quot;:&quot;px&quot;,&quot;size&quot;:&quot;&quot;,&quot;sizes&quot;:[]},&quot;hero2_layout_column_gap_mobile&quot;:{&quot;unit&quot;:&quot;px&quot;,&quot;size&quot;:&quot;&quot;,&quot;sizes&quot;:[]},&quot;hero2_layout_row_gap&quot;:{&quot;unit&quot;:&quot;px&quot;,&quot;size&quot;:5,&quot;sizes&quot;:[]},&quot;hero2_layout_row_gap_tablet&quot;:{&quot;unit&quot;:&quot;px&quot;,&quot;size&quot;:&quot;&quot;,&quot;sizes&quot;:[]},&quot;hero2_layout_row_gap_mobile&quot;:{&quot;unit&quot;:&quot;px&quot;,&quot;size&quot;:&quot;&quot;,&quot;sizes&quot;:[]}}\" data-widget_type=\"blfe-post-grid.hero2\">\n\t\t\t\t<div class=\"elementor-widget-container\">\n\t\t\t\t\t\n                        <div class=\"blfe-post-grid-container \">\n            \n                <div data-skin=\"hero2\" class=\"blfe-row blfe-posts-inner blfe-hero2 blfe-posts-inner blfe-col-3 blfe-col-tab-6 blfe-col-mob-12     \">\n                            <div class=\"blfe-post-grid-item \">\n            <div class=\"blfe-post-grid-item-inner blfe-modern-zoom\">\n                        <div class=\"blfe-post-grid-bg-image\">\n            <a class=\"blfe-post-grid-image-inner\" href=\"https:\/\/soymigrante.com\/revista\/dia-de-la-tierra-todos-los-dias-productos-guatemaltecos-naturales-y-autenticos-en-mercado\/\" title=\"D\u00eda de la Tierra todos los d\u00edas: productos guatemaltecos naturales y aut\u00e9nticos en MERCADO\" rel=\"nofollow\" target=\"_blank\"><img decoding=\"async\" src=\"https:\/\/soymigrante.com\/revista\/wp-content\/uploads\/2026\/04\/DIA-DE-LA-TIERRA-PRODUCTOS-ECOLOGICOS-GUATEMALA-SOYMIGRANTE-MERCADO.png\" alt=\"D\u00eda de la Tierra todos los d\u00edas: productos guatemaltecos naturales y aut\u00e9nticos en MERCADO\"\/><\/a>        <\/div>\n                        <div class=\"blfe-post-grid-details\">\n                    <div class=\"blfe-post-grid-details-inner\">\n                        <span class=\"blfe-post-category\"><a href=\"https:\/\/soymigrante.com\/revista\/category\/guate-nuestra\/\">Guate Nuestra<\/a><\/span>                        <h3 class=\"blfe-post-grid-title\">\n            <a href=\"https:\/\/soymigrante.com\/revista\/dia-de-la-tierra-todos-los-dias-productos-guatemaltecos-naturales-y-autenticos-en-mercado\/\" title=\"D\u00eda de la Tierra todos los d\u00edas: productos guatemaltecos naturales y aut\u00e9nticos en MERCADO\" rel=\"nofollow\" target=\"_blank\">D\u00eda de la Tierra todos los d\u00edas: productos guatemaltecos naturales y aut\u00e9nticos en MERCADO<\/a>\n            <\/h3>                                    <div class=\"blfe-post-grid-meta\">\n                <span class=\"blfe-post-grid-time\"><i class=\"fas fa-book-reader\"><\/i>4 Min read<\/span>            <\/div>\n                                                                                <\/div>\n                <\/div>\n\n            <\/div>\n        <\/div>\n                <div class=\"blfe-post-grid-item \">\n            <div class=\"blfe-post-grid-item-inner blfe-modern-zoom\">\n                        <div class=\"blfe-post-grid-bg-image\">\n            <a class=\"blfe-post-grid-image-inner\" href=\"https:\/\/soymigrante.com\/revista\/refugio-natural-cerca-de-la-capital-la-reserva-ecologica-senderos-de-alux-en-sacatepequez\/\" title=\"Refugio natural cerca de la capital: La reserva ecol\u00f3gica Senderos de Alux en Sacatep\u00e9quez\" rel=\"nofollow\" target=\"_blank\"><img decoding=\"async\" src=\"https:\/\/soymigrante.com\/revista\/wp-content\/uploads\/2026\/04\/parque-ecologico-senderos-de-alux-5.jpg\" alt=\"Refugio natural cerca de la capital: La reserva ecol\u00f3gica Senderos de Alux en Sacatep\u00e9quez\"\/><\/a>        <\/div>\n                        <div class=\"blfe-post-grid-details\">\n                    <div class=\"blfe-post-grid-details-inner\">\n                        <span class=\"blfe-post-category\"><a href=\"https:\/\/soymigrante.com\/revista\/category\/guate-nuestra\/\">Guate Nuestra<\/a><\/span>                        <h3 class=\"blfe-post-grid-title\">\n            <a href=\"https:\/\/soymigrante.com\/revista\/refugio-natural-cerca-de-la-capital-la-reserva-ecologica-senderos-de-alux-en-sacatepequez\/\" title=\"Refugio natural cerca de la capital: La reserva ecol\u00f3gica Senderos de Alux en Sacatep\u00e9quez\" rel=\"nofollow\" target=\"_blank\">Refugio natural cerca de la capital: La reserva ecol\u00f3gica Senderos de Alux en Sacatep\u00e9quez<\/a>\n            <\/h3>                                    <div class=\"blfe-post-grid-meta\">\n                <span class=\"blfe-post-grid-time\"><i class=\"fas fa-book-reader\"><\/i>4 Min read<\/span>            <\/div>\n                                                                                <\/div>\n                <\/div>\n\n            <\/div>\n        <\/div>\n                <div class=\"blfe-post-grid-item \">\n            <div class=\"blfe-post-grid-item-inner blfe-modern-zoom\">\n                        <div class=\"blfe-post-grid-bg-image\">\n            <a class=\"blfe-post-grid-image-inner\" href=\"https:\/\/soymigrante.com\/revista\/libros-guatemaltecos-dia-internacional-del-libro-festeja-inspirate-mercado\/\" title=\"Celebra el D\u00eda del Libro con inspiraci\u00f3n 100% guatemalteca: adquiere, disfruta u obsequia en MERCADO\" rel=\"nofollow\" target=\"_blank\"><img decoding=\"async\" src=\"https:\/\/soymigrante.com\/revista\/wp-content\/uploads\/2026\/04\/DIA-DEL-LIBRO-SOYMIGRANTE-MERCADO.png\" alt=\"Celebra el D\u00eda del Libro con inspiraci\u00f3n 100% guatemalteca: adquiere, disfruta u obsequia en MERCADO\"\/><\/a>        <\/div>\n                        <div class=\"blfe-post-grid-details\">\n                    <div class=\"blfe-post-grid-details-inner\">\n                        <span class=\"blfe-post-category\"><a href=\"https:\/\/soymigrante.com\/revista\/category\/guate-nuestra\/\">Guate Nuestra<\/a><\/span>                        <h3 class=\"blfe-post-grid-title\">\n            <a href=\"https:\/\/soymigrante.com\/revista\/libros-guatemaltecos-dia-internacional-del-libro-festeja-inspirate-mercado\/\" title=\"Celebra el D\u00eda del Libro con inspiraci\u00f3n 100% guatemalteca: adquiere, disfruta u obsequia en MERCADO\" rel=\"nofollow\" target=\"_blank\">Celebra el D\u00eda del Libro con inspiraci\u00f3n 100% guatemalteca: adquiere, disfruta u obsequia en MERCADO<\/a>\n            <\/h3>                                    <div class=\"blfe-post-grid-meta\">\n                <span class=\"blfe-post-grid-time\"><i class=\"fas fa-book-reader\"><\/i>6 Min read<\/span>            <\/div>\n                                                                                <\/div>\n                <\/div>\n\n            <\/div>\n        <\/div>\n                <div class=\"blfe-post-grid-item \">\n            <div class=\"blfe-post-grid-item-inner blfe-modern-zoom\">\n                        <div class=\"blfe-post-grid-bg-image\">\n            <a class=\"blfe-post-grid-image-inner\" href=\"https:\/\/soymigrante.com\/revista\/dia-mundial-del-emprendimiento-16-historias-llenas-de-trabajo-y-creatividad-presentes-en-mercado\/\" title=\"D\u00eda Mundial del Emprendimiento: 16 historias llenas de  trabajo y creatividad presentes en MERCADO\" rel=\"nofollow\" target=\"_blank\"><img decoding=\"async\" src=\"https:\/\/soymigrante.com\/revista\/wp-content\/uploads\/2026\/04\/SOYMIGRANTECOM-MERCADO-DIA-MUNDIAL-DEL-EMPRENDEDOR.png\" alt=\"D\u00eda Mundial del Emprendimiento: 16 historias llenas de  trabajo y creatividad presentes en MERCADO\"\/><\/a>        <\/div>\n                        <div class=\"blfe-post-grid-details\">\n                    <div class=\"blfe-post-grid-details-inner\">\n                        <span class=\"blfe-post-category\"><a href=\"https:\/\/soymigrante.com\/revista\/category\/guate-nuestra\/\">Guate Nuestra<\/a><\/span>                        <h3 class=\"blfe-post-grid-title\">\n            <a href=\"https:\/\/soymigrante.com\/revista\/dia-mundial-del-emprendimiento-16-historias-llenas-de-trabajo-y-creatividad-presentes-en-mercado\/\" title=\"D\u00eda Mundial del Emprendimiento: 16 historias llenas de  trabajo y creatividad presentes en MERCADO\" rel=\"nofollow\" target=\"_blank\">D\u00eda Mundial del Emprendimiento: 16 historias llenas de  trabajo y creatividad presentes en MERCADO<\/a>\n            <\/h3>                                    <div class=\"blfe-post-grid-meta\">\n                <span class=\"blfe-post-grid-time\"><i class=\"fas fa-book-reader\"><\/i>8 Min read<\/span>            <\/div>\n                                                                                <\/div>\n                <\/div>\n\n            <\/div>\n        <\/div>\n                <div class=\"blfe-post-grid-item \">\n            <div class=\"blfe-post-grid-item-inner blfe-modern-zoom\">\n                        <div class=\"blfe-post-grid-bg-image\">\n            <a class=\"blfe-post-grid-image-inner\" href=\"https:\/\/soymigrante.com\/revista\/san-andres-xecul-totonicapan-guatemala-templo-simbologia-guia-significados-sincretismo-maya\/\" title=\"Mira de cerca la ic\u00f3nica iglesia de San Andr\u00e9s Xecul, Totonicap\u00e1n y conoce el significado de su simbolog\u00eda &#8211; Galer\u00eda\" rel=\"nofollow\" target=\"_blank\"><img decoding=\"async\" src=\"https:\/\/soymigrante.com\/revista\/wp-content\/uploads\/2026\/04\/San-Andres-Xecul-totonicapan-guatemala-iglesia-significado-foto-marcos-zarate.jpg\" alt=\"Mira de cerca la ic\u00f3nica iglesia de San Andr\u00e9s Xecul, Totonicap\u00e1n y conoce el significado de su simbolog\u00eda &#8211; Galer\u00eda\"\/><\/a>        <\/div>\n                        <div class=\"blfe-post-grid-details\">\n                    <div class=\"blfe-post-grid-details-inner\">\n                        <span class=\"blfe-post-category\"><a href=\"https:\/\/soymigrante.com\/revista\/category\/guate-nuestra\/arte-cultura\/\">Cultura de Guatemala<\/a><\/span>                        <h3 class=\"blfe-post-grid-title\">\n            <a href=\"https:\/\/soymigrante.com\/revista\/san-andres-xecul-totonicapan-guatemala-templo-simbologia-guia-significados-sincretismo-maya\/\" title=\"Mira de cerca la ic\u00f3nica iglesia de San Andr\u00e9s Xecul, Totonicap\u00e1n y conoce el significado de su simbolog\u00eda &#8211; Galer\u00eda\" rel=\"nofollow\" target=\"_blank\">Mira de cerca la ic\u00f3nica iglesia de San Andr\u00e9s Xecul, Totonicap\u00e1n y conoce el significado de su simbolog\u00eda &#8211; Galer\u00eda<\/a>\n            <\/h3>                                    <div class=\"blfe-post-grid-meta\">\n                <span class=\"blfe-post-grid-time\"><i class=\"fas fa-book-reader\"><\/i>5 Min read<\/span>            <\/div>\n                                                                                <\/div>\n                <\/div>\n\n            <\/div>\n        <\/div>\n                        <\/div>\n\n                        <\/div>\n            \n                        <div class=\"blfe-post-footer\">\n                        <\/div>\n            \t\t\t\t<\/div>\n\t\t\t\t<\/div>\n\t\t\t\t\t<\/div>\n\t\t\t\t<\/div>\n\t\t\t\t<\/div>\n\t\t","protected":false},"excerpt":{"rendered":"<p>Ser guatemalteco es motivo de orgullo. No es solo una cuesti\u00f3n de nacionalidad, sino de pertenencia a una tierra rica en historia, diversidad cultural, belleza natural y sobre todo, la resiliencia de su gente. Guatemala, el &#8220;Coraz\u00f3n del Mundo Maya&#8221;, es un pa\u00eds que alberga un legado milenario que ha trascendido siglos, mezcl\u00e1ndose con una [&hellip;]<\/p>\n","protected":false},"author":19,"featured_media":9225,"comment_status":"open","ping_status":"open","sticky":false,"template":"","format":"standard","meta":{"_acf_changed":false,"_eb_attr":"","footnotes":""},"categories":[58],"tags":[],"class_list":["post-8985","post","type-post","status-publish","format-standard","has-post-thumbnail","hentry","category-guate-nuestra"],"acf":[],"aioseo_notices":[],"aioseo_head":"\n\t\t<!-- All in One SEO Pro 4.9.6.2 - aioseo.com -->\n\t<meta name=\"description\" content=\"Mira muy de cerca la ic\u00f3nica fachada del templo de San Andr\u00e9s Xecul Totonicap\u00e1n y descubre personajes de la espiritualidad cristiana pero tambi\u00e9n del Popol Vuh\" \/>\n\t<meta name=\"robots\" content=\"max-snippet:-1, max-image-preview:large, max-video-preview:-1\" \/>\n\t<meta name=\"author\" content=\"SoyMigrante.com REVISTA\"\/>\n\t<link rel=\"canonical\" href=\"https:\/\/soymigrante.com\/revista\/san-andres-xecul-totonicapan-guatemala-templo-simbologia-guia-significados-sincretismo-maya\/\" \/>\n\t<meta name=\"generator\" content=\"All in One SEO Pro (AIOSEO) 4.9.6.2\" \/>\n\n\t\t<link rel=\"preconnect\" href=\"https:\/\/fonts.googleapis.com\" crossorigin>\n<link rel=\"preconnect\" href=\"https:\/\/fonts.gstatic.com\" crossorigin>\n\t\t<meta property=\"og:locale\" content=\"es_ES\" \/>\n\t\t<meta property=\"og:site_name\" content=\"SoyMigrante.com REVISTA \u2013 Nuestra misi\u00f3n es reconocer y dignificar al migrante.\" \/>\n\t\t<meta property=\"og:type\" content=\"article\" \/>\n\t\t<meta property=\"og:title\" content=\"\u00bfSabes qu\u00e9 significa la fachada del templo San Andr\u00e9s Xecul?\" \/>\n\t\t<meta property=\"og:description\" content=\"Mira muy de cerca la ic\u00f3nica fachada del templo de San Andr\u00e9s Xecul Totonicap\u00e1n y descubre personajes de la espiritualidad cristiana pero tambi\u00e9n del Popol Vuh\" \/>\n\t\t<meta property=\"og:url\" content=\"https:\/\/soymigrante.com\/revista\/san-andres-xecul-totonicapan-guatemala-templo-simbologia-guia-significados-sincretismo-maya\/\" \/>\n\t\t<meta property=\"og:image\" content=\"https:\/\/soymigrante.com\/revista\/wp-content\/uploads\/2026\/04\/San-Andres-Xecul-totonicapan-guatemala-iglesia-significado-foto-marcos-zarate.jpg\" \/>\n\t\t<meta property=\"og:image:secure_url\" content=\"https:\/\/soymigrante.com\/revista\/wp-content\/uploads\/2026\/04\/San-Andres-Xecul-totonicapan-guatemala-iglesia-significado-foto-marcos-zarate.jpg\" \/>\n\t\t<meta property=\"og:image:width\" content=\"1800\" \/>\n\t\t<meta property=\"og:image:height\" content=\"1800\" \/>\n\t\t<meta property=\"article:published_time\" content=\"2026-04-16T22:54:15+00:00\" \/>\n\t\t<meta property=\"article:modified_time\" content=\"2026-04-16T23:35:57+00:00\" \/>\n\t\t<meta property=\"article:publisher\" content=\"https:\/\/www.facebook.com\/soymigrantecom\" \/>\n\t\t<meta name=\"twitter:card\" content=\"summary_large_image\" \/>\n\t\t<meta name=\"twitter:site\" content=\"@SoyMigrante_com\" \/>\n\t\t<meta name=\"twitter:title\" content=\"\u00bfSabes qu\u00e9 significa la fachada del templo San Andr\u00e9s Xecul?\" \/>\n\t\t<meta name=\"twitter:description\" content=\"Mira muy de cerca la ic\u00f3nica fachada del templo de San Andr\u00e9s Xecul Totonicap\u00e1n y descubre personajes de la espiritualidad cristiana pero tambi\u00e9n del Popol Vuh\" \/>\n\t\t<meta name=\"twitter:creator\" content=\"@SoyMigrante_com\" \/>\n\t\t<meta name=\"twitter:image\" content=\"https:\/\/soymigrante.com\/revista\/wp-content\/uploads\/2026\/04\/San-Andres-Xecul-totonicapan-guatemala-iglesia-significado-foto-marcos-zarate.jpg\" \/>\n\t\t<!-- All in One SEO Pro -->\r\n\t\t<title>\u00bfSabes qu\u00e9 significa la fachada del templo San Andr\u00e9s Xecul?<\/title>\n\n","aioseo_head_json":{"title":"\u00bfSabes qu\u00e9 significa la fachada del templo San Andr\u00e9s Xecul?","description":"Mira muy de cerca la ic\u00f3nica fachada del templo de San Andr\u00e9s Xecul Totonicap\u00e1n y descubre personajes de la espiritualidad cristiana pero tambi\u00e9n del Popol Vuh","canonical_url":"https:\/\/soymigrante.com\/revista\/san-andres-xecul-totonicapan-guatemala-templo-simbologia-guia-significados-sincretismo-maya\/","robots":"max-snippet:-1, max-image-preview:large, max-video-preview:-1","keywords":"","webmasterTools":{"miscellaneous":"&lt;link rel=\"preconnect\" href=\"https:\/\/fonts.googleapis.com\" crossorigin&gt;\n&lt;link rel=\"preconnect\" href=\"https:\/\/fonts.gstatic.com\" crossorigin&gt;"},"schema":null,"og:locale":"es_ES","og:site_name":"SoyMigrante.com REVISTA \u2013 Nuestra misi\u00f3n es reconocer y dignificar al migrante.","og:type":"article","og:title":"\u00bfSabes qu\u00e9 significa la fachada del templo San Andr\u00e9s Xecul?","og:description":"Mira muy de cerca la ic\u00f3nica fachada del templo de San Andr\u00e9s Xecul Totonicap\u00e1n y descubre personajes de la espiritualidad cristiana pero tambi\u00e9n del Popol Vuh","og:url":"https:\/\/soymigrante.com\/revista\/san-andres-xecul-totonicapan-guatemala-templo-simbologia-guia-significados-sincretismo-maya\/","og:image":"https:\/\/soymigrante.com\/revista\/wp-content\/uploads\/2026\/04\/San-Andres-Xecul-totonicapan-guatemala-iglesia-significado-foto-marcos-zarate.jpg","og:image:secure_url":"https:\/\/soymigrante.com\/revista\/wp-content\/uploads\/2026\/04\/San-Andres-Xecul-totonicapan-guatemala-iglesia-significado-foto-marcos-zarate.jpg","og:image:width":1800,"og:image:height":1800,"article:published_time":"2026-04-16T22:54:15+00:00","article:modified_time":"2026-04-16T23:35:57+00:00","article:publisher":"https:\/\/www.facebook.com\/soymigrantecom","twitter:card":"summary_large_image","twitter:site":"@SoyMigrante_com","twitter:title":"\u00bfSabes qu\u00e9 significa la fachada del templo San Andr\u00e9s Xecul?","twitter:description":"Mira muy de cerca la ic\u00f3nica fachada del templo de San Andr\u00e9s Xecul Totonicap\u00e1n y descubre personajes de la espiritualidad cristiana pero tambi\u00e9n del Popol Vuh","twitter:creator":"@SoyMigrante_com","twitter:image":"https:\/\/soymigrante.com\/revista\/wp-content\/uploads\/2026\/04\/San-Andres-Xecul-totonicapan-guatemala-iglesia-significado-foto-marcos-zarate.jpg"},"aioseo_meta_data":{"post_id":"8985","title":null,"description":"El orgullo de ser guatemalteco no es solo admirar la belleza del pa\u00eds, sino sentirte honrado de nacer en un lugar con tanta cultura.","keywords":null,"keyphrases":{"focus":{"keyphrase":"orgullo","score":82,"analysis":{"keyphraseInTitle":{"score":9,"maxScore":9,"error":0},"keyphraseInDescription":{"score":9,"maxScore":9,"error":0},"keyphraseLength":{"score":9,"maxScore":9,"error":0,"length":1},"keyphraseInURL":{"score":5,"maxScore":5,"error":0},"keyphraseInIntroduction":{"score":3,"maxScore":9,"error":1},"keyphraseInSubHeadings":{"score":3,"maxScore":9,"error":1},"keyphraseInImageAlt":{"score":9,"maxScore":9,"error":0},"keywordDensity":{"type":"best","score":9,"maxScore":9,"error":0}}},"additional":[{"keyphrase":"orgullo","score":87,"analysis":{"keyphraseInDescription":{"score":9,"maxScore":9,"error":0},"keyphraseLength":{"score":9,"maxScore":9,"error":0,"length":1},"keyphraseInIntroduction":{"score":3,"maxScore":9,"error":1},"keyphraseInImageAlt":{"score":9,"maxScore":9,"error":0},"keywordDensity":{"type":"best","score":9,"maxScore":9,"error":0}}},{"keyphrase":"ser guatemalteco","score":87,"analysis":{"keyphraseInDescription":{"score":9,"maxScore":9,"error":0},"keyphraseLength":{"score":9,"maxScore":9,"error":0,"length":2},"keyphraseInIntroduction":{"score":3,"maxScore":9,"error":1},"keyphraseInImageAlt":{"score":9,"maxScore":9,"error":0},"keywordDensity":{"type":"best","score":9,"maxScore":9,"error":0}}},{"keyphrase":"guatemalteco","score":87,"analysis":{"keyphraseInDescription":{"score":9,"maxScore":9,"error":0},"keyphraseLength":{"score":9,"maxScore":9,"error":0,"length":1},"keyphraseInIntroduction":{"score":3,"maxScore":9,"error":1},"keyphraseInImageAlt":{"score":9,"maxScore":9,"error":0},"keywordDensity":{"type":"best","score":9,"maxScore":9,"error":0}}}]},"primary_term":null,"canonical_url":null,"og_title":null,"og_description":null,"og_object_type":"default","og_image_type":"default","og_image_url":null,"og_image_width":null,"og_image_height":null,"og_image_custom_url":null,"og_image_custom_fields":null,"og_video":"","og_custom_url":null,"og_article_section":null,"og_article_tags":null,"twitter_use_og":false,"twitter_card":"default","twitter_image_type":"default","twitter_image_url":null,"twitter_image_custom_url":null,"twitter_image_custom_fields":null,"twitter_title":null,"twitter_description":null,"schema":{"blockGraphs":[],"customGraphs":[],"default":{"data":{"Article":[],"Course":[],"Dataset":[],"FAQPage":[],"Movie":[],"Person":[],"Product":[],"ProductReview":[],"Car":[],"Recipe":[],"Service":[],"SoftwareApplication":[],"WebPage":[]},"graphName":"Article","isEnabled":true},"graphs":[]},"schema_type":"default","schema_type_options":null,"pillar_content":false,"robots_default":true,"robots_noindex":false,"robots_noarchive":false,"robots_nosnippet":false,"robots_nofollow":false,"robots_noimageindex":false,"robots_noodp":false,"robots_notranslate":false,"robots_max_snippet":"-1","robots_max_videopreview":"-1","robots_max_imagepreview":"large","priority":null,"frequency":"default","local_seo":null,"seo_analyzer_scan_date":"2025-10-08 23:02:28","breadcrumb_settings":null,"limit_modified_date":false,"reviewed_by":null,"open_ai":"{\"title\":{\"suggestions\":[],\"usage\":0},\"description\":{\"suggestions\":[],\"usage\":0}}","ai":null,"created":"2024-09-10 20:21:13","updated":"2026-02-04 13:04:56"},"aioseo_breadcrumb":"<div class=\"aioseo-breadcrumbs\"><span class=\"aioseo-breadcrumb\">\n\t<a href=\"https:\/\/soymigrante.com\/revista\" title=\"Home\">Home<\/a>\n<\/span><span class=\"aioseo-breadcrumb-separator\">\u00bb<\/span><span class=\"aioseo-breadcrumb\">\n\t<a href=\"https:\/\/soymigrante.com\/revista\/category\/guate-nuestra\/\" title=\"Guate Nuestra\">Guate Nuestra<\/a>\n<\/span><span class=\"aioseo-breadcrumb-separator\">\u00bb<\/span><span class=\"aioseo-breadcrumb\">\n\t\u00bfEn qu\u00e9 consiste el orgullo de ser guatemalteco?  Un tesoro de multiculturalidad\n<\/span><\/div>","aioseo_breadcrumb_json":[{"label":"Home","link":"https:\/\/soymigrante.com\/revista"},{"label":"Guate Nuestra","link":"https:\/\/soymigrante.com\/revista\/category\/guate-nuestra\/"},{"label":"\u00bfEn qu\u00e9 consiste el orgullo de ser guatemalteco?  Un tesoro de multiculturalidad","link":"https:\/\/soymigrante.com\/revista\/en-que-consiste-el-orgullo-de-ser-guatemalteco-un-tesoro-de-multiculturalidad\/"}],"_links":{"self":[{"href":"https:\/\/soymigrante.com\/revista\/wp-json\/wp\/v2\/posts\/8985","targetHints":{"allow":["GET"]}}],"collection":[{"href":"https:\/\/soymigrante.com\/revista\/wp-json\/wp\/v2\/posts"}],"about":[{"href":"https:\/\/soymigrante.com\/revista\/wp-json\/wp\/v2\/types\/post"}],"author":[{"embeddable":true,"href":"https:\/\/soymigrante.com\/revista\/wp-json\/wp\/v2\/users\/19"}],"replies":[{"embeddable":true,"href":"https:\/\/soymigrante.com\/revista\/wp-json\/wp\/v2\/comments?post=8985"}],"version-history":[{"count":0,"href":"https:\/\/soymigrante.com\/revista\/wp-json\/wp\/v2\/posts\/8985\/revisions"}],"wp:featuredmedia":[{"embeddable":true,"href":"https:\/\/soymigrante.com\/revista\/wp-json\/wp\/v2\/media\/9225"}],"wp:attachment":[{"href":"https:\/\/soymigrante.com\/revista\/wp-json\/wp\/v2\/media?parent=8985"}],"wp:term":[{"taxonomy":"category","embeddable":true,"href":"https:\/\/soymigrante.com\/revista\/wp-json\/wp\/v2\/categories?post=8985"},{"taxonomy":"post_tag","embeddable":true,"href":"https:\/\/soymigrante.com\/revista\/wp-json\/wp\/v2\/tags?post=8985"}],"curies":[{"name":"wp","href":"https:\/\/api.w.org\/{rel}","templated":true}]}}