{"id":8968,"date":"2024-09-12T12:26:28","date_gmt":"2024-09-12T18:26:28","guid":{"rendered":"https:\/\/soymigrante.com\/revista\/?p=8968"},"modified":"2024-09-12T12:26:29","modified_gmt":"2024-09-12T18:26:29","slug":"fiestas-patrias-de-guatemala-en-usa-desfiles-actos-civicos-y-mas","status":"publish","type":"post","link":"https:\/\/soymigrante.com\/revista\/fiestas-patrias-de-guatemala-en-usa-desfiles-actos-civicos-y-mas\/","title":{"rendered":"Fiestas patrias de Guatemala en USA: desfiles, actos c\u00edvicos y m\u00e1s&#8230;"},"content":{"rendered":"\t\t<div data-elementor-type=\"wp-post\" data-elementor-id=\"8968\" class=\"elementor elementor-8968\" data-elementor-post-type=\"post\">\n\t\t\t\t<div data-particle_enable=\"false\" data-particle-mobile-disabled=\"false\" class=\"elementor-element elementor-element-36bc71f e-flex e-con-boxed e-con e-parent\" data-id=\"36bc71f\" data-element_type=\"container\" data-e-type=\"container\">\n\t\t\t\t\t<div class=\"e-con-inner\">\n\t\t\t\t<div class=\"elementor-element elementor-element-48387b2 elementor-widget elementor-widget-heading\" data-id=\"48387b2\" data-element_type=\"widget\" data-e-type=\"widget\" data-widget_type=\"heading.default\">\n\t\t\t\t\t<h2 class=\"elementor-heading-title elementor-size-default\">Y como dice el Himno Nacional \"Guatemala, tu nombre inmortal\", y as\u00ed es como los guatemaltecos que viven en USA cada 15 de septiembre se hinchan de orgullo e inmortalizan el D\u00eda de Independencia con diferentes actividades patrias.<\/h2>\t\t\t\t<\/div>\n\t\t\t\t\t<\/div>\n\t\t\t\t<\/div>\n\t\t<div data-particle_enable=\"false\" data-particle-mobile-disabled=\"false\" class=\"elementor-element elementor-element-e34e3e9 e-flex e-con-boxed e-con e-parent\" data-id=\"e34e3e9\" data-element_type=\"container\" data-e-type=\"container\">\n\t\t\t\t\t<div class=\"e-con-inner\">\n\t\t\t\t<div class=\"elementor-element elementor-element-5288d2a elementor-widget elementor-widget-text-editor\" data-id=\"5288d2a\" data-element_type=\"widget\" data-e-type=\"widget\" data-widget_type=\"text-editor.default\">\n\t\t\t\t\t\t\t\t\t<p><a style=\"text-align: var(--text-align)\" href=\"https:\/\/soymigrante.com\/revista\/migrantes-indocumentados-aportan-us100-mil-millones-en-impuestos-a-estados-unidos\/\" target=\"_blank\" rel=\"noopener\">Los guatemaltecos<\/a>\u00a0dicen presente cada\u00a0 15 de septiembre en las diferentes comunidades a las que pertenecen en\u00a0<a href=\"https:\/\/soymigrante.com\/revista\/datos-que-quiza-ya-sabias-o-tal-vez-no-de-las-autopistas-estatales-en-usa\/\" target=\"_blank\" rel=\"noopener\">USA<\/a>. Momento propicio para degustar de platillos t\u00edpicos, m\u00fasica, danzas y muchas cosas m\u00e1s aleg\u00f3ricas\u00a0 a Guatemala, para sentirse as\u00ed m\u00e1s cerca de sus ra\u00edces.\u00a0<\/p>\t\t\t\t\t\t\t\t<\/div>\n\t\t\t\t\t<\/div>\n\t\t\t\t<\/div>\n\t\t<div data-particle_enable=\"false\" data-particle-mobile-disabled=\"false\" class=\"elementor-element elementor-element-a9fc7a6 e-flex e-con-boxed e-con e-parent\" data-id=\"a9fc7a6\" data-element_type=\"container\" data-e-type=\"container\">\n\t\t\t\t\t<div class=\"e-con-inner\">\n\t\t\t\t<div class=\"elementor-element elementor-element-d2b78e0 elementor-widget elementor-widget-heading\" data-id=\"d2b78e0\" data-element_type=\"widget\" data-e-type=\"widget\" data-widget_type=\"heading.default\">\n\t\t\t\t\t<h3 class=\"elementor-heading-title elementor-size-default\">\u00a1Qu\u00e9 viva Guatemala!<\/h3>\t\t\t\t<\/div>\n\t\t\t\t\t<\/div>\n\t\t\t\t<\/div>\n\t\t<div data-particle_enable=\"false\" data-particle-mobile-disabled=\"false\" class=\"elementor-element elementor-element-386dba3 e-flex e-con-boxed e-con e-parent\" data-id=\"386dba3\" data-element_type=\"container\" data-e-type=\"container\">\n\t\t\t\t\t<div class=\"e-con-inner\">\n\t\t\t\t<div class=\"elementor-element elementor-element-d266fb2 elementor-widget elementor-widget-text-editor\" data-id=\"d266fb2\" data-element_type=\"widget\" data-e-type=\"widget\" data-widget_type=\"text-editor.default\">\n\t\t\t\t\t\t\t\t\t<p>El Grand Praire celebrar\u00e1 las fiestas patrias de Centroam\u00e9rica\u00a0 y M\u00e9xico el s\u00e1bado 14 de septiembre. Puedes llegar a partir de las 10 horas y disfrutar del desfile, que saldr\u00e1 de Farmers Market St. 120 W Main Street ,Texas.\u00a0<a style=\"text-align: var(--text-align)\" href=\"https:\/\/www.google.com\/maps\/place\/Grand+Prairie+Farmers+Market\/@32.8411547,-97.2064029,11z\/data=!4m10!1m2!2m1!1sFarmers+Market+St.+120+W+Main+Street!3m6!1s0x864e85d506644513:0x57c5d8f6eba990!8m2!3d32.7458203!4d-97.0045509!15sCiRGYXJtZXJzIE1hcmtldCBTdC4gMTIwIFcgTWFpbiBTdHJlZXRaJSIjZmFybWVycyBtYXJrZXQgc3QgMTIwIHcgbWFpbiBzdHJlZXSSAQ5wcm9kdWNlX21hcmtldJoBI0NoWkRTVWhOTUc5blMwVkpRMEZuU1VRd05tOTZVMDEzRUFF4AEA!16s%2Fg%2F1tdy4wmx?entry=ttu&amp;g_ep=EgoyMDI0MDkxMC4wIKXMDSoASAFQAw%3D%3D\" target=\"_blank\" rel=\"noopener\">Ubicaci\u00f3n<\/a><\/p>\t\t\t\t\t\t\t\t<\/div>\n\t\t\t\t\t<\/div>\n\t\t\t\t<\/div>\n\t\t<div data-particle_enable=\"false\" data-particle-mobile-disabled=\"false\" class=\"elementor-element elementor-element-0fea8b4 e-flex e-con-boxed e-con e-parent\" data-id=\"0fea8b4\" data-element_type=\"container\" data-e-type=\"container\">\n\t\t\t\t\t<div class=\"e-con-inner\">\n\t\t\t\t<div class=\"elementor-element elementor-element-fd21fd4 elementor-arrows-position-inside elementor-pagination-position-outside elementor-widget elementor-widget-image-carousel\" data-id=\"fd21fd4\" data-element_type=\"widget\" data-e-type=\"widget\" data-settings=\"{&quot;slides_to_show&quot;:&quot;1&quot;,&quot;navigation&quot;:&quot;both&quot;,&quot;autoplay&quot;:&quot;yes&quot;,&quot;pause_on_hover&quot;:&quot;yes&quot;,&quot;pause_on_interaction&quot;:&quot;yes&quot;,&quot;autoplay_speed&quot;:5000,&quot;infinite&quot;:&quot;yes&quot;,&quot;effect&quot;:&quot;slide&quot;,&quot;speed&quot;:500}\" data-widget_type=\"image-carousel.default\">\n\t\t\t\t\t\t\t<div class=\"elementor-image-carousel-wrapper swiper\" role=\"region\" aria-roledescription=\"carousel\" aria-label=\"Carrusel de im\u00e1genes\" dir=\"ltr\">\n\t\t\t<div class=\"elementor-image-carousel swiper-wrapper\" aria-live=\"off\">\n\t\t\t\t\t\t\t\t<div class=\"swiper-slide\" role=\"group\" aria-roledescription=\"slide\" aria-label=\"1 de 2\"><figure class=\"swiper-slide-inner\"><img decoding=\"async\" class=\"swiper-slide-image\" src=\"https:\/\/soymigrante.com\/revista\/wp-content\/uploads\/2024\/09\/143-768x994.webp\" alt=\"Fiestas patrias en Dallas con eventos tradicionales mexicanas, desfile y cultura hispana. Celebraci\u00f3n del D\u00eda de la Independencia con comunidad hispana en Grand Prairie, Texas.\" \/><\/figure><\/div><div class=\"swiper-slide\" role=\"group\" aria-roledescription=\"slide\" aria-label=\"2 de 2\"><figure class=\"swiper-slide-inner\"><img decoding=\"async\" class=\"swiper-slide-image\" src=\"https:\/\/soymigrante.com\/revista\/wp-content\/uploads\/2024\/09\/142-768x1083.webp\" alt=\"Fiesta patri\u00f3tica en Grand Fiesta Patrias 2024 con desfile, actuaciones y mercado agr\u00edcola en Dallas, celebrando las tradiciones mexicanas el 14 de septiembre con actividades para toda la familia.\" \/><\/figure><\/div>\t\t\t<\/div>\n\t\t\t\t\t\t\t\t\t\t\t\t<div class=\"elementor-swiper-button elementor-swiper-button-prev\" role=\"button\" tabindex=\"0\">\n\t\t\t\t\t\t<i aria-hidden=\"true\" class=\"eicon-chevron-left\"><\/i>\t\t\t\t\t<\/div>\n\t\t\t\t\t<div class=\"elementor-swiper-button elementor-swiper-button-next\" role=\"button\" tabindex=\"0\">\n\t\t\t\t\t\t<i aria-hidden=\"true\" class=\"eicon-chevron-right\"><\/i>\t\t\t\t\t<\/div>\n\t\t\t\t\n\t\t\t\t\t\t\t\t\t<div class=\"swiper-pagination\"><\/div>\n\t\t\t\t\t\t\t\t\t<\/div>\n\t\t\t\t\t\t<\/div>\n\t\t\t\t\t<\/div>\n\t\t\t\t<\/div>\n\t\t<div data-particle_enable=\"false\" data-particle-mobile-disabled=\"false\" class=\"elementor-element elementor-element-7f774ed e-flex e-con-boxed e-con e-parent\" data-id=\"7f774ed\" data-element_type=\"container\" data-e-type=\"container\">\n\t\t\t\t\t<div class=\"e-con-inner\">\n\t\t\t\t<div class=\"elementor-element elementor-element-d9f6d72 elementor-widget elementor-widget-text-editor\" data-id=\"d9f6d72\" data-element_type=\"widget\" data-e-type=\"widget\" data-widget_type=\"text-editor.default\">\n\t\t\t\t\t\t\t\t\t<p>No te pierdas este desfile en la que la comunidad mexicana y la centroamericana unir\u00e1n el amor por sus pa\u00edses para es desfile que ser\u00e1 el domingo 15, en Fort Worth Stockyards, Texas.\u00a0<a style=\"text-align: var(--text-align)\" href=\"https:\/\/www.google.com\/maps\/place\/Fort+Worth+Stockyards\/@32.7893309,-97.3494155,17z\/data=!3m1!5s0x864e76a13855cbcd:0x4a243931cecdbdaf!4m10!1m2!2m1!1sFort+Worth+Stockyards!3m6!1s0x864e76a42759fe4d:0x475f2ff64a820fcb!8m2!3d32.7892754!4d-97.3470204!15sChVGb3J0IFdvcnRoIFN0b2NreWFyZHNaFyIVZm9ydCB3b3J0aCBzdG9ja3lhcmRzkgETaGlzdG9yaWNhbF9sYW5kbWFya5oBJENoZERTVWhOTUc5blMwVkpRMEZuU1VSb09VbGxaSGxuUlJBQuABAA!16zL20vMDVqem0z?entry=ttu&amp;g_ep=EgoyMDI0MDkxMC4wIKXMDSoASAFQAw%3D%3D\" target=\"_blank\" rel=\"noopener\">Ubicaci\u00f3n\u00a0<\/a><\/p>\t\t\t\t\t\t\t\t<\/div>\n\t\t\t\t\t<\/div>\n\t\t\t\t<\/div>\n\t\t<div data-particle_enable=\"false\" data-particle-mobile-disabled=\"false\" class=\"elementor-element elementor-element-5c18ba4 e-flex e-con-boxed e-con e-parent\" data-id=\"5c18ba4\" data-element_type=\"container\" data-e-type=\"container\">\n\t\t\t\t\t<div class=\"e-con-inner\">\n\t\t\t\t<div class=\"elementor-element elementor-element-9d0cc20 elementor-widget elementor-widget-video\" data-id=\"9d0cc20\" data-element_type=\"widget\" data-e-type=\"widget\" data-settings=\"{&quot;video_type&quot;:&quot;videopress&quot;,&quot;controls&quot;:&quot;yes&quot;}\" data-widget_type=\"video.default\">\n\t\t\t\t\thttps:\/\/soymigrante.com\/revista\/wp-content\/uploads\/2024\/09\/desfile-en-Texas.mp4\t\t\t\t<\/div>\n\t\t\t\t\t<\/div>\n\t\t\t\t<\/div>\n\t\t<div data-particle_enable=\"false\" data-particle-mobile-disabled=\"false\" class=\"elementor-element elementor-element-dd4ffe1 e-flex e-con-boxed e-con e-parent\" data-id=\"dd4ffe1\" data-element_type=\"container\" data-e-type=\"container\">\n\t\t\t\t\t<div class=\"e-con-inner\">\n\t\t\t\t<div class=\"elementor-element elementor-element-7404ae1 elementor-widget elementor-widget-text-editor\" data-id=\"7404ae1\" data-element_type=\"widget\" data-e-type=\"widget\" data-widget_type=\"text-editor.default\">\n\t\t\t\t\t\t\t\t\t<p>Si vives en Los Angeles, California, no te pierdas este encuentro futbol\u00edstico de independencia que se celebrar\u00e1 este pr\u00f3ximo fin de semana en el estadio BMO. El costo es de US$20, ni\u00f1os entran gratis. Adem\u00e1s disfrutar\u00e1s de la fiesta chapina y de m\u00fasica guatemalteca.\u00a0<a style=\"text-align: var(--text-align)\" href=\"https:\/\/www.google.com\/maps\/place\/Banc+of+California+Stadium\/@34.0127942,-152.034075,4z\/data=!4m10!1m2!2m1!1sestadio+BMO!3m6!1s0x80c2c808e06dbb59:0xc8caaad992248bdc!8m2!3d34.0127942!4d-118.284075!15sCgtlc3RhZGlvIEJNT1oNIgtlc3RhZGlvIGJtb5IBB3N0YWRpdW3gAQA!16s%2Fg%2F11c3x93lgk?entry=ttu&amp;g_ep=EgoyMDI0MDkxMC4wIKXMDSoASAFQAw%3D%3D\" target=\"_blank\" rel=\"noopener\">Ubicaci\u00f3n\u00a0<\/a><\/p>\t\t\t\t\t\t\t\t<\/div>\n\t\t\t\t\t<\/div>\n\t\t\t\t<\/div>\n\t\t<div data-particle_enable=\"false\" data-particle-mobile-disabled=\"false\" class=\"elementor-element elementor-element-2f5e115 e-flex e-con-boxed e-con e-parent\" data-id=\"2f5e115\" data-element_type=\"container\" data-e-type=\"container\">\n\t\t\t\t\t<div class=\"e-con-inner\">\n\t\t\t\t<div class=\"elementor-element elementor-element-908fd6d elementor-widget elementor-widget-image\" data-id=\"908fd6d\" data-element_type=\"widget\" data-e-type=\"widget\" data-widget_type=\"image.default\">\n\t\t\t\t\t\t\t\t\t\t\t\t\t\t\t<img fetchpriority=\"high\" decoding=\"async\" width=\"768\" height=\"960\" src=\"https:\/\/soymigrante.com\/revista\/wp-content\/uploads\/2024\/09\/futbol-los-angeles-768x960.webp\" class=\"attachment-medium_large size-medium_large wp-image-9159\" alt=\"Feria independencia Banrural 2024 con artistas, m\u00fasica guatemalteca, gastronom\u00eda y actividades culturales en el estadio BMO, promoviendo cultura, entretenimiento y comunidad en Guatemala.\" srcset=\"https:\/\/soymigrante.com\/revista\/wp-content\/uploads\/2024\/09\/futbol-los-angeles-768x960.webp 768w, https:\/\/soymigrante.com\/revista\/wp-content\/uploads\/2024\/09\/futbol-los-angeles-240x300.webp 240w, https:\/\/soymigrante.com\/revista\/wp-content\/uploads\/2024\/09\/futbol-los-angeles-819x1024.webp 819w, https:\/\/soymigrante.com\/revista\/wp-content\/uploads\/2024\/09\/futbol-los-angeles-750x938.webp 750w, https:\/\/soymigrante.com\/revista\/wp-content\/uploads\/2024\/09\/futbol-los-angeles.webp 1080w\" sizes=\"(max-width: 768px) 100vw, 768px\" title=\"futbol los angeles \u2013 SoyMigrante.com REVISTA\" \/>\t\t\t\t\t\t\t\t\t\t\t\t\t\t\t<\/div>\n\t\t\t\t\t<\/div>\n\t\t\t\t<\/div>\n\t\t<div data-particle_enable=\"false\" data-particle-mobile-disabled=\"false\" class=\"elementor-element elementor-element-a4f4736 e-flex e-con-boxed e-con e-parent\" data-id=\"a4f4736\" data-element_type=\"container\" data-e-type=\"container\">\n\t\t\t\t\t<div class=\"e-con-inner\">\n\t\t\t\t<div class=\"elementor-element elementor-element-53011c8 elementor-widget elementor-widget-text-editor\" data-id=\"53011c8\" data-element_type=\"widget\" data-e-type=\"widget\" data-widget_type=\"text-editor.default\">\n\t\t\t\t\t\t\t\t\t<p>Nueva Jersey te espera con un convite folcl\u00f3rico guatemalteco, adem\u00e1s el &#8220;Pescadito&#8221; Ruiz es uno de los invitados a este evento que no te puedes perder. El domingo y el s\u00e1bado el desfile de independencia comenzar\u00e1 en el Franklin Park.\u00a0<a style=\"text-align: var(--text-align)\" href=\"https:\/\/www.google.com\/maps\/place\/Franklin+Park,+Municipio+de+Franklin,+Nueva+Jersey,+EE.+UU.\/@40.4433001,-74.5833298,13z\/data=!4m6!3m5!1s0x89c3c2fe17d1e2e7:0x30191d39f26b93c2!8m2!3d40.4391059!4d-74.5351601!16zL20vMGgzbDN4?entry=ttu&amp;g_ep=EgoyMDI0MDkxMC4wIKXMDSoASAFQAw%3D%3D\" target=\"_blank\" rel=\"noopener\">Ubicaci\u00f3n<\/a><\/p>\t\t\t\t\t\t\t\t<\/div>\n\t\t\t\t<div class=\"elementor-element elementor-element-0a48744 elementor-arrows-position-inside elementor-pagination-position-outside elementor-widget elementor-widget-image-carousel\" data-id=\"0a48744\" data-element_type=\"widget\" data-e-type=\"widget\" data-settings=\"{&quot;slides_to_show&quot;:&quot;1&quot;,&quot;navigation&quot;:&quot;both&quot;,&quot;autoplay&quot;:&quot;yes&quot;,&quot;pause_on_hover&quot;:&quot;yes&quot;,&quot;pause_on_interaction&quot;:&quot;yes&quot;,&quot;autoplay_speed&quot;:5000,&quot;infinite&quot;:&quot;yes&quot;,&quot;effect&quot;:&quot;slide&quot;,&quot;speed&quot;:500}\" data-widget_type=\"image-carousel.default\">\n\t\t\t\t\t\t\t<div class=\"elementor-image-carousel-wrapper swiper\" role=\"region\" aria-roledescription=\"carousel\" aria-label=\"Carrusel de im\u00e1genes\" dir=\"ltr\">\n\t\t\t<div class=\"elementor-image-carousel swiper-wrapper\" aria-live=\"off\">\n\t\t\t\t\t\t\t\t<div class=\"swiper-slide\" role=\"group\" aria-roledescription=\"slide\" aria-label=\"1 de 2\"><figure class=\"swiper-slide-inner\"><img decoding=\"async\" class=\"swiper-slide-image\" src=\"https:\/\/soymigrante.com\/revista\/wp-content\/uploads\/2024\/09\/Columbus-Park-NJ-768x1083.webp\" alt=\"Festivad de Guatemala de independencia en Trenton NJ, evento cultural gratuito con m\u00fasica folcl\u00f3rica y bandas tradicionales para la celebraci\u00f3n del D\u00eda de la Independencia.\" \/><\/figure><\/div><div class=\"swiper-slide\" role=\"group\" aria-roledescription=\"slide\" aria-label=\"2 de 2\"><figure class=\"swiper-slide-inner\"><img decoding=\"async\" class=\"swiper-slide-image\" src=\"https:\/\/soymigrante.com\/revista\/wp-content\/uploads\/2024\/09\/NY-14-768x1086.webp\" alt=\"Fiesta tradicional y festival en Guatemala de independencia 2024 con entretenimiento, m\u00fasica en vivo y desfile cultural en Franklin Park, promoviendo la cultura y comunidad guatemalteca.\" \/><\/figure><\/div>\t\t\t<\/div>\n\t\t\t\t\t\t\t\t\t\t\t\t<div class=\"elementor-swiper-button elementor-swiper-button-prev\" role=\"button\" tabindex=\"0\">\n\t\t\t\t\t\t<i aria-hidden=\"true\" class=\"eicon-chevron-left\"><\/i>\t\t\t\t\t<\/div>\n\t\t\t\t\t<div class=\"elementor-swiper-button elementor-swiper-button-next\" role=\"button\" tabindex=\"0\">\n\t\t\t\t\t\t<i aria-hidden=\"true\" class=\"eicon-chevron-right\"><\/i>\t\t\t\t\t<\/div>\n\t\t\t\t\n\t\t\t\t\t\t\t\t\t<div class=\"swiper-pagination\"><\/div>\n\t\t\t\t\t\t\t\t\t<\/div>\n\t\t\t\t\t\t<\/div>\n\t\t\t\t\t<\/div>\n\t\t\t\t<\/div>\n\t\t<div data-particle_enable=\"false\" data-particle-mobile-disabled=\"false\" class=\"elementor-element elementor-element-9daf0cb e-flex e-con-boxed e-con e-parent\" data-id=\"9daf0cb\" data-element_type=\"container\" data-e-type=\"container\">\n\t\t\t\t\t<div class=\"e-con-inner\">\n\t\t\t\t<div class=\"elementor-element elementor-element-2073ccc elementor-widget elementor-widget-text-editor\" data-id=\"2073ccc\" data-element_type=\"widget\" data-e-type=\"widget\" data-widget_type=\"text-editor.default\">\n\t\t\t\t\t\t\t\t\t<p>Si vives en Austin, Texas aprovecha para degustar algunos antojitos guatemaltecos y tambi\u00e9n para deleitar tu o\u00eddo al son de la marimba. La cita es en el restaurante Rinconcito Chap\u00edn.\u00a0<a style=\"text-align: var(--text-align)\" href=\"https:\/\/www.google.com\/maps\/place\/Restaurante+Rinconcito+Chapin+%23+2\/@30.3589032,-97.7720191,14z\/data=!4m10!1m2!2m1!1srinconcito+chapin+austin+texas!3m6!1s0x8644cb38a6c1ebc7:0x91092f4bc146e2da!8m2!3d30.3589032!4d-97.7390601!15sCh5yaW5jb25jaXRvIGNoYXBpbiBhdXN0aW4gdGV4YXNaICIecmluY29uY2l0byBjaGFwaW4gYXVzdGluIHRleGFzkgEKcmVzdGF1cmFudOABAA!16s%2Fg%2F11v06txhqx?entry=ttu&amp;g_ep=EgoyMDI0MDkxMC4wIKXMDSoASAFQAw%3D%3D\" target=\"_blank\" rel=\"noopener\">Ubicaci\u00f3n<\/a><\/p>\t\t\t\t\t\t\t\t<\/div>\n\t\t\t\t\t<\/div>\n\t\t\t\t<\/div>\n\t\t<div data-particle_enable=\"false\" data-particle-mobile-disabled=\"false\" class=\"elementor-element elementor-element-5d3d320 e-flex e-con-boxed e-con e-parent\" data-id=\"5d3d320\" data-element_type=\"container\" data-e-type=\"container\">\n\t\t\t\t\t<div class=\"e-con-inner\">\n\t\t\t\t<div class=\"elementor-element elementor-element-caa4abd elementor-widget elementor-widget-image\" data-id=\"caa4abd\" data-element_type=\"widget\" data-e-type=\"widget\" data-widget_type=\"image.default\">\n\t\t\t\t\t\t\t\t\t\t\t\t\t\t\t<img decoding=\"async\" width=\"402\" height=\"394\" src=\"https:\/\/soymigrante.com\/revista\/wp-content\/uploads\/2024\/09\/Festejo-chapin.webp\" class=\"attachment-large size-large wp-image-9155\" alt=\"Marimba en vivo en Rinc\u00f3ncito Chap\u00edn celebrando las fiestas patrias en Austin Texas, con reina Quetzal Tec, m\u00fasica en vivo, eventos culturales y gastronom\u00eda tradicional.\" srcset=\"https:\/\/soymigrante.com\/revista\/wp-content\/uploads\/2024\/09\/Festejo-chapin.webp 402w, https:\/\/soymigrante.com\/revista\/wp-content\/uploads\/2024\/09\/Festejo-chapin-300x294.webp 300w, https:\/\/soymigrante.com\/revista\/wp-content\/uploads\/2024\/09\/Festejo-chapin-75x75.webp 75w\" sizes=\"(max-width: 402px) 100vw, 402px\" title=\"Festejo chap\u00edn \u2013 SoyMigrante.com REVISTA\" \/>\t\t\t\t\t\t\t\t\t\t\t\t\t\t\t<\/div>\n\t\t\t\t\t<\/div>\n\t\t\t\t<\/div>\n\t\t<div data-particle_enable=\"false\" data-particle-mobile-disabled=\"false\" class=\"elementor-element elementor-element-f1a6434 e-flex e-con-boxed e-con e-parent\" data-id=\"f1a6434\" data-element_type=\"container\" data-e-type=\"container\">\n\t\t\t\t\t<div class=\"e-con-inner\">\n\t\t\t\t<div class=\"elementor-element elementor-element-b8c6c39 elementor-widget elementor-widget-text-editor\" data-id=\"b8c6c39\" data-element_type=\"widget\" data-e-type=\"widget\" data-widget_type=\"text-editor.default\">\n\t\t\t\t\t\t\t\t\t<p>En <strong>Nueva Jersey<\/strong><strong>,<\/strong>\u00a0la comunidad gar\u00edfuna se ha organizado para celebrar el D\u00eda de Independencia el s\u00e1bado 14 de septiembre. La actividad comenzar\u00e1 a las 12.00 horas. Se izar\u00e1 la bandera, entre otras actividades culturales.\u00a0<a style=\"text-align: var(--text-align)\" href=\"https:\/\/www.google.com\/maps\/search\/city+hall+cerca+de+Paterson,+Nueva+Jersey,+EE.+UU.\/@40.9172464,-74.1744059,17z\/data=!3m1!4b1?entry=ttu&amp;g_ep=EgoyMDI0MDkxMC4wIKXMDSoASAFQAw%3D%3D\" target=\"_blank\" rel=\"noopener\">Ubicaci\u00f3n<\/a><\/p>\t\t\t\t\t\t\t\t<\/div>\n\t\t\t\t\t<\/div>\n\t\t\t\t<\/div>\n\t\t<div data-particle_enable=\"false\" data-particle-mobile-disabled=\"false\" class=\"elementor-element elementor-element-21b2f73 e-flex e-con-boxed e-con e-parent\" data-id=\"21b2f73\" data-element_type=\"container\" data-e-type=\"container\">\n\t\t\t\t\t<div class=\"e-con-inner\">\n\t\t\t\t<div class=\"elementor-element elementor-element-507522e elementor-widget elementor-widget-image\" data-id=\"507522e\" data-element_type=\"widget\" data-e-type=\"widget\" data-widget_type=\"image.default\">\n\t\t\t\t\t\t\t\t\t\t\t\t\t\t\t<img decoding=\"async\" width=\"768\" height=\"994\" src=\"https:\/\/soymigrante.com\/revista\/wp-content\/uploads\/2024\/09\/Nueva-Jersey-independencia-768x994.webp\" class=\"attachment-medium_large size-medium_large wp-image-8969\" alt=\"Celebraci\u00f3n de la independencia de Guatemala, evento cultural, reuni\u00f3n comunitaria, aniversario, festividad nacional, actividades c\u00edvicas y culturales en Paterson, NJ, con participaci\u00f3n de guatemaltecos, comit\u00e9s, y tributos patri\u00f3ticos.\" srcset=\"https:\/\/soymigrante.com\/revista\/wp-content\/uploads\/2024\/09\/Nueva-Jersey-independencia-768x994.webp 768w, https:\/\/soymigrante.com\/revista\/wp-content\/uploads\/2024\/09\/Nueva-Jersey-independencia-232x300.webp 232w, https:\/\/soymigrante.com\/revista\/wp-content\/uploads\/2024\/09\/Nueva-Jersey-independencia-791x1024.webp 791w, https:\/\/soymigrante.com\/revista\/wp-content\/uploads\/2024\/09\/Nueva-Jersey-independencia-1187x1536.webp 1187w, https:\/\/soymigrante.com\/revista\/wp-content\/uploads\/2024\/09\/Nueva-Jersey-independencia-750x971.webp 750w, https:\/\/soymigrante.com\/revista\/wp-content\/uploads\/2024\/09\/Nueva-Jersey-independencia-1140x1476.webp 1140w, https:\/\/soymigrante.com\/revista\/wp-content\/uploads\/2024\/09\/Nueva-Jersey-independencia.webp 1236w\" sizes=\"(max-width: 768px) 100vw, 768px\" title=\"Nueva Jersey independencia \u2013 SoyMigrante.com REVISTA\" \/>\t\t\t\t\t\t\t\t\t\t\t\t\t\t\t<\/div>\n\t\t\t\t\t<\/div>\n\t\t\t\t<\/div>\n\t\t<div data-particle_enable=\"false\" data-particle-mobile-disabled=\"false\" class=\"elementor-element elementor-element-98aff26 e-flex e-con-boxed e-con e-parent\" data-id=\"98aff26\" data-element_type=\"container\" data-e-type=\"container\">\n\t\t\t\t\t<div class=\"e-con-inner\">\n\t\t\t\t<div class=\"elementor-element elementor-element-98a40ff elementor-widget elementor-widget-text-editor\" data-id=\"98a40ff\" data-element_type=\"widget\" data-e-type=\"widget\" data-widget_type=\"text-editor.default\">\n\t\t\t\t\t\t\t\t\t<p>En\u00a0<a href=\"https:\/\/soymigrante.com\/revista\/el-popol-vuh-es-migrante-esta-en-chicago-y-8-datos-que-quiza-no-sabias\/\" target=\"_blank\" rel=\"noopener\">Chicago<\/a><strong>, Illinois,<\/strong> los guatemaltecos se han organizado para celebrar el D\u00eda de Independencia con un desfile que saldr\u00e1 de la Avenida California hacia la Kimball, a partir de las 11.00 horas. Esto ser\u00e1 el domingo.\u00a0<a style=\"text-align: var(--text-align)\" href=\"https:\/\/www.google.com\/maps\/place\/St.+Paul+Woods\/@42.029663,-87.8092819,15z\/data=!3m1!4b1!4m6!3m5!1s0x880fc98bf093e6e7:0x881e64b97ae6a98f!8m2!3d42.0296485!4d-87.7908279!16s%2Fg%2F11ght2db99?entry=ttu&amp;g_ep=EgoyMDI0MDkxMC4wIKXMDSoASAFQAw%3D%3D\" target=\"_blank\" rel=\"noopener\">Ubicaci\u00f3n\u00a0<\/a><\/p>\t\t\t\t\t\t\t\t<\/div>\n\t\t\t\t\t<\/div>\n\t\t\t\t<\/div>\n\t\t<div data-particle_enable=\"false\" data-particle-mobile-disabled=\"false\" class=\"elementor-element elementor-element-f19cd9b e-flex e-con-boxed e-con e-parent\" data-id=\"f19cd9b\" data-element_type=\"container\" data-e-type=\"container\">\n\t\t\t\t\t<div class=\"e-con-inner\">\n\t\t\t\t<div class=\"elementor-element elementor-element-7cd6107 elementor-widget elementor-widget-image\" data-id=\"7cd6107\" data-element_type=\"widget\" data-e-type=\"widget\" data-widget_type=\"image.default\">\n\t\t\t\t\t\t\t\t\t\t\t\t\t\t\t<img loading=\"lazy\" decoding=\"async\" width=\"768\" height=\"986\" src=\"https:\/\/soymigrante.com\/revista\/wp-content\/uploads\/2024\/09\/festival-chapin-illinois-768x986.webp\" class=\"attachment-medium_large size-medium_large wp-image-8970\" alt=\"UNEDICATED: Espectacular cartel de la celebraci\u00f3n del desfile de independencia de Centroam\u00e9rica en Guatemala, promocionado por SoyMigrante.com Revista, con informaci\u00f3n sobre fechas, lugar, artistas invitados y actividades culturales.\" srcset=\"https:\/\/soymigrante.com\/revista\/wp-content\/uploads\/2024\/09\/festival-chapin-illinois-768x986.webp 768w, https:\/\/soymigrante.com\/revista\/wp-content\/uploads\/2024\/09\/festival-chapin-illinois-234x300.webp 234w, https:\/\/soymigrante.com\/revista\/wp-content\/uploads\/2024\/09\/festival-chapin-illinois-797x1024.webp 797w, https:\/\/soymigrante.com\/revista\/wp-content\/uploads\/2024\/09\/festival-chapin-illinois-750x963.webp 750w, https:\/\/soymigrante.com\/revista\/wp-content\/uploads\/2024\/09\/festival-chapin-illinois.webp 1080w\" sizes=\"(max-width: 768px) 100vw, 768px\" title=\"festival chapin illinois \u2013 SoyMigrante.com REVISTA\" \/>\t\t\t\t\t\t\t\t\t\t\t\t\t\t\t<\/div>\n\t\t\t\t\t<\/div>\n\t\t\t\t<\/div>\n\t\t<div data-particle_enable=\"false\" data-particle-mobile-disabled=\"false\" class=\"elementor-element elementor-element-5ec06c3 e-flex e-con-boxed e-con e-parent\" data-id=\"5ec06c3\" data-element_type=\"container\" data-e-type=\"container\">\n\t\t\t\t\t<div class=\"e-con-inner\">\n\t\t\t\t<div class=\"elementor-element elementor-element-6b36588 elementor-widget elementor-widget-text-editor\" data-id=\"6b36588\" data-element_type=\"widget\" data-e-type=\"widget\" data-widget_type=\"text-editor.default\">\n\t\t\t\t\t\t\t\t\t<p>En Los Angeles, el consulado ha organizado un desfile de indumentaria maya el s\u00e1bado 14 de septiembre. La actividad inicia a las 16 horas.\u00a0<a style=\"text-align: var(--text-align)\" href=\"https:\/\/www.google.com\/maps\/place\/Consulado+General+De+Guatemala\/@34.098818,-118.2510799,17z\/data=!3m1!4b1!4m6!3m5!1s0x80c2b882f9b0c3c1:0x21df75c13b6a8c02!8m2!3d34.0988136!4d-118.248505!16s%2Fg%2F1tkc2cdx?entry=ttu&amp;g_ep=EgoyMDI0MDkxMC4wIKXMDSoASAFQAw%3D%3D\" target=\"_blank\" rel=\"noopener\">Ubicaci\u00f3n\u00a0<\/a><\/p>\t\t\t\t\t\t\t\t<\/div>\n\t\t\t\t\t<\/div>\n\t\t\t\t<\/div>\n\t\t<div data-particle_enable=\"false\" data-particle-mobile-disabled=\"false\" class=\"elementor-element elementor-element-6946d19 e-flex e-con-boxed e-con e-parent\" data-id=\"6946d19\" data-element_type=\"container\" data-e-type=\"container\">\n\t\t\t\t\t<div class=\"e-con-inner\">\n\t\t\t\t<div class=\"elementor-element elementor-element-2abd711 elementor-widget elementor-widget-image\" data-id=\"2abd711\" data-element_type=\"widget\" data-e-type=\"widget\" data-widget_type=\"image.default\">\n\t\t\t\t\t\t\t\t\t\t\t\t\t\t\t<img loading=\"lazy\" decoding=\"async\" width=\"768\" height=\"619\" src=\"https:\/\/soymigrante.com\/revista\/wp-content\/uploads\/2024\/09\/consulado-los-angeles-independencia.webp\" class=\"attachment-large size-large wp-image-8971\" alt=\"Izada de la Bandera en Los \u00c1ngeles, EE.UU. - Celebraci\u00f3n oficial del 14 de septiembre con m\u00fasica, bailes y desfile con bandera guatemalteca en el Consulado General de Guatemala.\" srcset=\"https:\/\/soymigrante.com\/revista\/wp-content\/uploads\/2024\/09\/consulado-los-angeles-independencia.webp 835w, https:\/\/soymigrante.com\/revista\/wp-content\/uploads\/2024\/09\/consulado-los-angeles-independencia-300x242.webp 300w, https:\/\/soymigrante.com\/revista\/wp-content\/uploads\/2024\/09\/consulado-los-angeles-independencia-768x619.webp 768w, https:\/\/soymigrante.com\/revista\/wp-content\/uploads\/2024\/09\/consulado-los-angeles-independencia-750x604.webp 750w\" sizes=\"(max-width: 768px) 100vw, 768px\" title=\"consulado los angeles independencia \u2013 SoyMigrante.com REVISTA\" \/>\t\t\t\t\t\t\t\t\t\t\t\t\t\t\t<\/div>\n\t\t\t\t\t<\/div>\n\t\t\t\t<\/div>\n\t\t<div data-particle_enable=\"false\" data-particle-mobile-disabled=\"false\" class=\"elementor-element elementor-element-6ac6693 e-flex e-con-boxed e-con e-parent\" data-id=\"6ac6693\" data-element_type=\"container\" data-e-type=\"container\">\n\t\t\t\t\t<div class=\"e-con-inner\">\n\t\t\t\t<div class=\"elementor-element elementor-element-ae76dc1 elementor-widget elementor-widget-text-editor\" data-id=\"ae76dc1\" data-element_type=\"widget\" data-e-type=\"widget\" data-widget_type=\"text-editor.default\">\n\t\t\t\t\t\t\t\t\t<p>En Gainesville, Georgia, los chapines han organizado un show musical que se celebrar\u00e1 el domingo 15. Los ni\u00f1os menores de 12 a\u00f1os entran gratis.&nbsp;<a href=\"https:\/\/www.google.com\/maps\/place\/920+Main+St+SW,+Gainesville,+GA+30501,+EE.+UU.\/@34.2887722,-83.838693,15z\/data=!3m1!4b1!4m6!3m5!1s0x88f5f6e984b06a6d:0x4965385bb81032f1!8m2!3d34.2887559!4d-83.8202389!16s%2Fg%2F11b8v6m1ly?entry=ttu&amp;g_ep=EgoyMDI0MDkxMC4wIKXMDSoASAFQAw%3D%3D\" target=\"_blank\" style=\"text-align: var(--text-align)\">Ubicaci\u00f3n<\/a><\/p>\t\t\t\t\t\t\t\t<\/div>\n\t\t\t\t\t<\/div>\n\t\t\t\t<\/div>\n\t\t<div data-particle_enable=\"false\" data-particle-mobile-disabled=\"false\" class=\"elementor-element elementor-element-d761216 e-flex e-con-boxed e-con e-parent\" data-id=\"d761216\" data-element_type=\"container\" data-e-type=\"container\">\n\t\t\t\t\t<div class=\"e-con-inner\">\n\t\t\t\t<div class=\"elementor-element elementor-element-0411b6a elementor-widget elementor-widget-image\" data-id=\"0411b6a\" data-element_type=\"widget\" data-e-type=\"widget\" data-widget_type=\"image.default\">\n\t\t\t\t\t\t\t\t\t\t\t\t\t\t\t<img loading=\"lazy\" decoding=\"async\" width=\"768\" height=\"960\" src=\"https:\/\/soymigrante.com\/revista\/wp-content\/uploads\/2024\/09\/Georgia-festival-de-independencia-768x960.webp\" class=\"attachment-medium_large size-medium_large wp-image-8972\" alt=\"Realidad cultural de m\u00fasica mexicana y eventos folcl\u00f3ricos, promoci\u00f3n de artistas y festivales nacionales en Madrid y EE.UU., informaci\u00f3n sobre horarios, artistas invitados y entradas para conciertos tradicionales.\" srcset=\"https:\/\/soymigrante.com\/revista\/wp-content\/uploads\/2024\/09\/Georgia-festival-de-independencia-768x960.webp 768w, https:\/\/soymigrante.com\/revista\/wp-content\/uploads\/2024\/09\/Georgia-festival-de-independencia-240x300.webp 240w, https:\/\/soymigrante.com\/revista\/wp-content\/uploads\/2024\/09\/Georgia-festival-de-independencia-819x1024.webp 819w, https:\/\/soymigrante.com\/revista\/wp-content\/uploads\/2024\/09\/Georgia-festival-de-independencia-750x938.webp 750w, https:\/\/soymigrante.com\/revista\/wp-content\/uploads\/2024\/09\/Georgia-festival-de-independencia.webp 1024w\" sizes=\"(max-width: 768px) 100vw, 768px\" title=\"Georgia festival de independencia \u2013 SoyMigrante.com REVISTA\" \/>\t\t\t\t\t\t\t\t\t\t\t\t\t\t\t<\/div>\n\t\t\t\t\t<\/div>\n\t\t\t\t<\/div>\n\t\t<div data-particle_enable=\"false\" data-particle-mobile-disabled=\"false\" class=\"elementor-element elementor-element-9510f1c e-flex e-con-boxed e-con e-parent\" data-id=\"9510f1c\" data-element_type=\"container\" data-e-type=\"container\">\n\t\t\t\t\t<div class=\"e-con-inner\">\n\t\t\t\t<div class=\"elementor-element elementor-element-6e932a6 elementor-widget elementor-widget-text-editor\" data-id=\"6e932a6\" data-element_type=\"widget\" data-e-type=\"widget\" data-widget_type=\"text-editor.default\">\n\t\t\t\t\t\t\t\t\t<p>En Dallas, Texas la antorcha ser\u00e1 el punto inicial de la fiesta de independencia el viernes 13, a partir de las 19.30 horas. Adem\u00e1s premiar\u00e1n a la mejor indumentaria, as\u00ed que no olvides vestirte con tu mejor gala guatemalteca.\u00a0<a href=\"http:\/\/Ubicaci\u00f3n\" target=\"_blank\" rel=\"noopener\">Ubicaci\u00f3n<\/a>\u00a0<\/p>\t\t\t\t\t\t\t\t<\/div>\n\t\t\t\t\t<\/div>\n\t\t\t\t<\/div>\n\t\t<div data-particle_enable=\"false\" data-particle-mobile-disabled=\"false\" class=\"elementor-element elementor-element-b8ba844 e-flex e-con-boxed e-con e-parent\" data-id=\"b8ba844\" data-element_type=\"container\" data-e-type=\"container\">\n\t\t\t\t\t<div class=\"e-con-inner\">\n\t\t\t\t<div class=\"elementor-element elementor-element-e048a95 elementor-widget elementor-widget-image\" data-id=\"e048a95\" data-element_type=\"widget\" data-e-type=\"widget\" data-widget_type=\"image.default\">\n\t\t\t\t\t\t\t\t\t\t\t\t\t\t\t<img loading=\"lazy\" decoding=\"async\" width=\"768\" height=\"927\" src=\"https:\/\/soymigrante.com\/revista\/wp-content\/uploads\/2024\/09\/Dallas-Texas-848x1024.webp\" class=\"attachment-large size-large wp-image-8973\" alt=\"Llamativo cartel en vivo con una persona con una bandera y fuego en la mano, promoviendo una manifestaci\u00f3n en Dallas TX con informaci\u00f3n del evento.\" srcset=\"https:\/\/soymigrante.com\/revista\/wp-content\/uploads\/2024\/09\/Dallas-Texas-848x1024.webp 848w, https:\/\/soymigrante.com\/revista\/wp-content\/uploads\/2024\/09\/Dallas-Texas-248x300.webp 248w, https:\/\/soymigrante.com\/revista\/wp-content\/uploads\/2024\/09\/Dallas-Texas-768x927.webp 768w, https:\/\/soymigrante.com\/revista\/wp-content\/uploads\/2024\/09\/Dallas-Texas-750x906.webp 750w, https:\/\/soymigrante.com\/revista\/wp-content\/uploads\/2024\/09\/Dallas-Texas.webp 1080w\" sizes=\"(max-width: 768px) 100vw, 768px\" title=\"Dallas Texas \u2013 SoyMigrante.com REVISTA\" \/>\t\t\t\t\t\t\t\t\t\t\t\t\t\t\t<\/div>\n\t\t\t\t\t<\/div>\n\t\t\t\t<\/div>\n\t\t<div data-particle_enable=\"false\" data-particle-mobile-disabled=\"false\" class=\"elementor-element elementor-element-7fec2fd e-flex e-con-boxed e-con e-parent\" data-id=\"7fec2fd\" data-element_type=\"container\" data-e-type=\"container\">\n\t\t\t\t\t<div class=\"e-con-inner\">\n\t\t\t\t<div class=\"elementor-element elementor-element-44f1469 elementor-widget elementor-widget-text-editor\" data-id=\"44f1469\" data-element_type=\"widget\" data-e-type=\"widget\" data-widget_type=\"text-editor.default\">\n\t\t\t\t\t\t\t\t\t<p>La Red Migrante Guatemalteca en <strong>Los Angeles<\/strong> tambi\u00e9n ha organizado la salida de la antorcha chapina. La cita es a las 18 horas.\u00a0<a style=\"text-align: var(--text-align)\" href=\"https:\/\/www.google.com\/maps\/place\/Consulado+General+De+Guatemala\/@34.098818,-118.2510799,17z\/data=!3m1!4b1!4m6!3m5!1s0x80c2b882f9b0c3c1:0x21df75c13b6a8c02!8m2!3d34.0988136!4d-118.248505!16s%2Fg%2F1tkc2cdx?entry=ttu&amp;g_ep=EgoyMDI0MDkxMC4wIKXMDSoASAFQAw%3D%3D\" target=\"_blank\" rel=\"noopener\">Ubicaci\u00f3n\u00a0<\/a><\/p>\t\t\t\t\t\t\t\t<\/div>\n\t\t\t\t\t<\/div>\n\t\t\t\t<\/div>\n\t\t<div data-particle_enable=\"false\" data-particle-mobile-disabled=\"false\" class=\"elementor-element elementor-element-d21358f e-flex e-con-boxed e-con e-parent\" data-id=\"d21358f\" data-element_type=\"container\" data-e-type=\"container\">\n\t\t\t\t\t<div class=\"e-con-inner\">\n\t\t\t\t<div class=\"elementor-element elementor-element-8a962d6 elementor-widget elementor-widget-image\" data-id=\"8a962d6\" data-element_type=\"widget\" data-e-type=\"widget\" data-widget_type=\"image.default\">\n\t\t\t\t\t\t\t\t\t\t\t\t\t\t\t<img loading=\"lazy\" decoding=\"async\" width=\"768\" height=\"932\" src=\"https:\/\/soymigrante.com\/revista\/wp-content\/uploads\/2024\/09\/los-angeles-844x1024.webp\" class=\"attachment-large size-large wp-image-8974\" alt=\"Camino al Consulado General de Los \u00c1ngeles para evento de Antochoa Chapina en septiembre.\" srcset=\"https:\/\/soymigrante.com\/revista\/wp-content\/uploads\/2024\/09\/los-angeles-844x1024.webp 844w, https:\/\/soymigrante.com\/revista\/wp-content\/uploads\/2024\/09\/los-angeles-247x300.webp 247w, https:\/\/soymigrante.com\/revista\/wp-content\/uploads\/2024\/09\/los-angeles-768x932.webp 768w, https:\/\/soymigrante.com\/revista\/wp-content\/uploads\/2024\/09\/los-angeles-750x910.webp 750w, https:\/\/soymigrante.com\/revista\/wp-content\/uploads\/2024\/09\/los-angeles.webp 890w\" sizes=\"(max-width: 768px) 100vw, 768px\" title=\"los angeles \u2013 SoyMigrante.com REVISTA\" \/>\t\t\t\t\t\t\t\t\t\t\t\t\t\t\t<\/div>\n\t\t\t\t\t<\/div>\n\t\t\t\t<\/div>\n\t\t<div data-particle_enable=\"false\" data-particle-mobile-disabled=\"false\" class=\"elementor-element elementor-element-0b0b098 e-flex e-con-boxed e-con e-parent\" data-id=\"0b0b098\" data-element_type=\"container\" data-e-type=\"container\">\n\t\t\t\t\t<div class=\"e-con-inner\">\n\t\t\t\t<div class=\"elementor-element elementor-element-6d8acae elementor-widget elementor-widget-text-editor\" data-id=\"6d8acae\" data-element_type=\"widget\" data-e-type=\"widget\" data-widget_type=\"text-editor.default\">\n\t\t\t\t\t\t\t\t\t<p>En <a href=\"https:\/\/soymigrante.com\/revista\/joyas-mayas-migrantes-el-misterioso-trozo-de-dintel-de-tikal-en-washington\/\" target=\"_blank\" rel=\"noopener\">Washington<\/a>\u00a0debes preparar tu bandera para el desfile guatemalteco que se celebrar\u00e1 a partir de las 10 horas, el s\u00e1bado 14 de septiembre.<\/p>\t\t\t\t\t\t\t\t<\/div>\n\t\t\t\t\t<\/div>\n\t\t\t\t<\/div>\n\t\t<div data-particle_enable=\"false\" data-particle-mobile-disabled=\"false\" class=\"elementor-element elementor-element-9972cee e-flex e-con-boxed e-con e-parent\" data-id=\"9972cee\" data-element_type=\"container\" data-e-type=\"container\">\n\t\t\t\t\t<div class=\"e-con-inner\">\n\t\t\t\t<div class=\"elementor-element elementor-element-fb6529c elementor-widget elementor-widget-image\" data-id=\"fb6529c\" data-element_type=\"widget\" data-e-type=\"widget\" data-widget_type=\"image.default\">\n\t\t\t\t\t\t\t\t\t\t\t\t\t\t\t<img loading=\"lazy\" decoding=\"async\" width=\"768\" height=\"994\" src=\"https:\/\/soymigrante.com\/revista\/wp-content\/uploads\/2024\/09\/washington-768x994.webp\" class=\"attachment-medium_large size-medium_large wp-image-8975\" alt=\"Guatemala en Seattle, desfile patri\u00f3tico, Fiesta Nacional, comunidad guatemalteca en Washington, evento cultural, apoyo migrantes guatemaltecos, celebraci\u00f3n nacional en EE.UU.\" srcset=\"https:\/\/soymigrante.com\/revista\/wp-content\/uploads\/2024\/09\/washington-768x994.webp 768w, https:\/\/soymigrante.com\/revista\/wp-content\/uploads\/2024\/09\/washington-232x300.webp 232w, https:\/\/soymigrante.com\/revista\/wp-content\/uploads\/2024\/09\/washington-791x1024.webp 791w, https:\/\/soymigrante.com\/revista\/wp-content\/uploads\/2024\/09\/washington-750x971.webp 750w, https:\/\/soymigrante.com\/revista\/wp-content\/uploads\/2024\/09\/washington.webp 979w\" sizes=\"(max-width: 768px) 100vw, 768px\" title=\"washington \u2013 SoyMigrante.com REVISTA\" \/>\t\t\t\t\t\t\t\t\t\t\t\t\t\t\t<\/div>\n\t\t\t\t\t<\/div>\n\t\t\t\t<\/div>\n\t\t<div data-particle_enable=\"false\" data-particle-mobile-disabled=\"false\" class=\"elementor-element elementor-element-776ce6b e-flex e-con-boxed e-con e-parent\" data-id=\"776ce6b\" data-element_type=\"container\" data-e-type=\"container\">\n\t\t\t\t\t<div class=\"e-con-inner\">\n\t\t\t\t<div class=\"elementor-element elementor-element-d4eb037 elementor-widget elementor-widget-text-editor\" data-id=\"d4eb037\" data-element_type=\"widget\" data-e-type=\"widget\" data-widget_type=\"text-editor.default\">\n\t\t\t\t\t\t\t\t\t<p>En Hyattsvile, Maryland los guatemaltecos han organizado un baile as\u00ed que no te quedes en casa. La festividad patria comenzar\u00e1 a las 19 horas. Podr\u00e1s disfrutar de la Marimba de Xelaj\u00fa.\u00a0<a style=\"text-align: var(--text-align)\" href=\"https:\/\/www.google.com\/maps\/place\/Hyattsville,+Maryland,+EE.+UU.\/@38.9643914,-77.0297497,13z\/data=!3m1!4b1!4m6!3m5!1s0x89b7c6fc55432d07:0x81d25dc8922db6fa!8m2!3d38.9559442!4d-76.9455301!16zL20vMHR3cnA?entry=ttu&amp;g_ep=EgoyMDI0MDkxMC4wIKXMDSoASAFQAw%3D%3D\" target=\"_blank\" rel=\"noopener\">Ubicaci\u00f3n<\/a><\/p>\t\t\t\t\t\t\t\t<\/div>\n\t\t\t\t\t<\/div>\n\t\t\t\t<\/div>\n\t\t<div data-particle_enable=\"false\" data-particle-mobile-disabled=\"false\" class=\"elementor-element elementor-element-2f7a247 e-flex e-con-boxed e-con e-parent\" data-id=\"2f7a247\" data-element_type=\"container\" data-e-type=\"container\">\n\t\t\t\t\t<div class=\"e-con-inner\">\n\t\t\t\t<div class=\"elementor-element elementor-element-701f293 elementor-widget elementor-widget-image\" data-id=\"701f293\" data-element_type=\"widget\" data-e-type=\"widget\" data-widget_type=\"image.default\">\n\t\t\t\t\t\t\t\t\t\t\t\t\t\t\t<img loading=\"lazy\" decoding=\"async\" width=\"768\" height=\"969\" src=\"https:\/\/soymigrante.com\/revista\/wp-content\/uploads\/2024\/09\/washington2-812x1024.webp\" class=\"attachment-large size-large wp-image-8981\" alt=\"Guatemala bandera conmemorativa y evento musical para celebrar la independencia en Washington D.C. el 15 de septiembre con actividades culturales, comida y baile.\" srcset=\"https:\/\/soymigrante.com\/revista\/wp-content\/uploads\/2024\/09\/washington2-812x1024.webp 812w, https:\/\/soymigrante.com\/revista\/wp-content\/uploads\/2024\/09\/washington2-238x300.webp 238w, https:\/\/soymigrante.com\/revista\/wp-content\/uploads\/2024\/09\/washington2-768x968.webp 768w, https:\/\/soymigrante.com\/revista\/wp-content\/uploads\/2024\/09\/washington2-1218x1536.webp 1218w, https:\/\/soymigrante.com\/revista\/wp-content\/uploads\/2024\/09\/washington2-750x946.webp 750w, https:\/\/soymigrante.com\/revista\/wp-content\/uploads\/2024\/09\/washington2-1140x1437.jpg 1140w, https:\/\/soymigrante.com\/revista\/wp-content\/uploads\/2024\/09\/washington2.webp 1269w\" sizes=\"(max-width: 768px) 100vw, 768px\" title=\"washington2 \u2013 SoyMigrante.com REVISTA\" \/>\t\t\t\t\t\t\t\t\t\t\t\t\t\t\t<\/div>\n\t\t\t\t\t<\/div>\n\t\t\t\t<\/div>\n\t\t<div data-particle_enable=\"false\" data-particle-mobile-disabled=\"false\" class=\"elementor-element elementor-element-99c605f e-flex e-con-boxed e-con e-parent\" data-id=\"99c605f\" data-element_type=\"container\" data-e-type=\"container\">\n\t\t\t\t\t<div class=\"e-con-inner\">\n\t\t\t\t<div class=\"elementor-element elementor-element-2538c45 elementor-widget elementor-widget-text-editor\" data-id=\"2538c45\" data-element_type=\"widget\" data-e-type=\"widget\" data-widget_type=\"text-editor.default\">\n\t\t\t\t\t\t\t\t\t<p>El domingo 22 de septiembre tambi\u00e9n est\u00e1s invitado a participar del desfile hispano en Queens, Nueva York. A partir de las 11 horas.\u00a0<a style=\"text-align: var(--text-align)\" href=\"https:\/\/www.google.com\/maps\/place\/37th+Ave,+Queens,+NY,+EE.+UU.\/@40.7502008,-73.8827017,17z\/data=!3m1!4b1!4m6!3m5!1s0x89c25fa5ec655005:0x1828f8440fc2a1fa!8m2!3d40.7501968!4d-73.8801268!16s%2Fg%2F1tgxjzvx?entry=ttu&amp;g_ep=EgoyMDI0MDkxMC4wIKXMDSoASAFQAw%3D%3D\" target=\"_blank\" rel=\"noopener\">Ubicaci\u00f3n<\/a><\/p>\t\t\t\t\t\t\t\t<\/div>\n\t\t\t\t\t<\/div>\n\t\t\t\t<\/div>\n\t\t<div data-particle_enable=\"false\" data-particle-mobile-disabled=\"false\" class=\"elementor-element elementor-element-63b62b3 e-flex e-con-boxed e-con e-parent\" data-id=\"63b62b3\" data-element_type=\"container\" data-e-type=\"container\">\n\t\t\t\t\t<div class=\"e-con-inner\">\n\t\t\t\t<div class=\"elementor-element elementor-element-01592f7 elementor-widget elementor-widget-image\" data-id=\"01592f7\" data-element_type=\"widget\" data-e-type=\"widget\" data-widget_type=\"image.default\">\n\t\t\t\t\t\t\t\t\t\t\t\t\t\t\t<img loading=\"lazy\" decoding=\"async\" width=\"573\" height=\"778\" src=\"https:\/\/soymigrante.com\/revista\/wp-content\/uploads\/2024\/09\/queens-independencia.webp\" class=\"attachment-medium_large size-medium_large wp-image-8983\" alt=\"Espect\u00e1culo de desfile hispano de Queens en Nueva York, promoviendo la cultura y tradiciones latinoamericanas, con detalles del evento y actividades culturales para celebrar la comunidad hispana.\" srcset=\"https:\/\/soymigrante.com\/revista\/wp-content\/uploads\/2024\/09\/queens-independencia.webp 573w, https:\/\/soymigrante.com\/revista\/wp-content\/uploads\/2024\/09\/queens-independencia-221x300.webp 221w\" sizes=\"(max-width: 573px) 100vw, 573px\" title=\"queens independencia \u2013 SoyMigrante.com REVISTA\" \/>\t\t\t\t\t\t\t\t\t\t\t\t\t\t\t<\/div>\n\t\t\t\t\t<\/div>\n\t\t\t\t<\/div>\n\t\t<div data-particle_enable=\"false\" data-particle-mobile-disabled=\"false\" class=\"elementor-element elementor-element-8bb5672 e-flex e-con-boxed e-con e-parent\" data-id=\"8bb5672\" data-element_type=\"container\" data-e-type=\"container\">\n\t\t\t\t\t<div class=\"e-con-inner\">\n\t\t\t\t<div class=\"elementor-element elementor-element-270092a elementor-widget elementor-widget-text-editor\" data-id=\"270092a\" data-element_type=\"widget\" data-e-type=\"widget\" data-widget_type=\"text-editor.default\">\n\t\t\t\t\t\t\t\t\t<p>En Paterson, Nueva Jersey la comunidad chapina invita a participar en la izada de la bandera de Guatemala. A las 12 horas del pr\u00f3ximo s\u00e1bado.&nbsp;<a href=\"https:\/\/www.google.com\/maps\/place\/Paterson+City+Council\/@40.9172464,-74.1744059,17z\/data=!3m1!5s0x89c2fdcb2492faed:0x3f3d513e72d0e28b!4m10!1m2!2m1!1scity+hall++paterson++new+jersey!3m6!1s0x89c2fdcb3088f637:0x9a4808bcc9b2d715!8m2!3d40.9170633!4d-74.171956!15sCh9jaXR5IGhhbGwgIHBhdGVyc29uICBuZXcgamVyc2V5kgEWY2l0eV9nb3Zlcm5tZW50X29mZmljZeABAA!16s%2Fm%2F0bmc1xy?entry=ttu&amp;g_ep=EgoyMDI0MDkxMC4wIKXMDSoASAFQAw%3D%3D\" target=\"_blank\" style=\"text-align: var(--text-align)\">Ubicaci\u00f3n&nbsp;<\/a><\/p>\t\t\t\t\t\t\t\t<\/div>\n\t\t\t\t\t<\/div>\n\t\t\t\t<\/div>\n\t\t<div data-particle_enable=\"false\" data-particle-mobile-disabled=\"false\" class=\"elementor-element elementor-element-a3af5f5 e-flex e-con-boxed e-con e-parent\" data-id=\"a3af5f5\" data-element_type=\"container\" data-e-type=\"container\">\n\t\t\t\t\t<div class=\"e-con-inner\">\n\t\t\t\t<div class=\"elementor-element elementor-element-8e978c0 elementor-widget elementor-widget-image\" data-id=\"8e978c0\" data-element_type=\"widget\" data-e-type=\"widget\" data-widget_type=\"image.default\">\n\t\t\t\t\t\t\t\t\t\t\t\t\t\t\t<img loading=\"lazy\" decoding=\"async\" width=\"640\" height=\"640\" src=\"https:\/\/soymigrante.com\/revista\/wp-content\/uploads\/2024\/09\/Peterson-Nueva-Jersey.webp\" class=\"attachment-large size-large wp-image-9123\" alt=\"14 de septiembre, evento en City Hall de Paterson, New Jersey, con la bandera de Guatemala ondeando contra un cielo azul.\" srcset=\"https:\/\/soymigrante.com\/revista\/wp-content\/uploads\/2024\/09\/Peterson-Nueva-Jersey.webp 640w, https:\/\/soymigrante.com\/revista\/wp-content\/uploads\/2024\/09\/Peterson-Nueva-Jersey-300x300.webp 300w, https:\/\/soymigrante.com\/revista\/wp-content\/uploads\/2024\/09\/Peterson-Nueva-Jersey-150x150.webp 150w, https:\/\/soymigrante.com\/revista\/wp-content\/uploads\/2024\/09\/Peterson-Nueva-Jersey-75x75.webp 75w\" sizes=\"(max-width: 640px) 100vw, 640px\" title=\"Peterson Nueva Jersey \u2013 SoyMigrante.com REVISTA\" \/>\t\t\t\t\t\t\t\t\t\t\t\t\t\t\t<\/div>\n\t\t\t\t\t<\/div>\n\t\t\t\t<\/div>\n\t\t<div data-particle_enable=\"false\" data-particle-mobile-disabled=\"false\" class=\"elementor-element elementor-element-e5e8160 e-flex e-con-boxed e-con e-parent\" data-id=\"e5e8160\" data-element_type=\"container\" data-e-type=\"container\">\n\t\t\t\t\t<div class=\"e-con-inner\">\n\t\t\t\t<div class=\"elementor-element elementor-element-c85523a elementor-widget elementor-widget-heading\" data-id=\"c85523a\" data-element_type=\"widget\" data-e-type=\"widget\" data-widget_type=\"heading.default\">\n\t\t\t\t\t<h2 class=\"elementor-heading-title elementor-size-default\">Guatemala, un pa\u00eds por descubrir<\/h2>\t\t\t\t<\/div>\n\t\t\t\t\t<\/div>\n\t\t\t\t<\/div>\n\t\t<div data-particle_enable=\"false\" data-particle-mobile-disabled=\"false\" class=\"elementor-element elementor-element-1d2402a e-flex e-con-boxed e-con e-parent\" data-id=\"1d2402a\" data-element_type=\"container\" data-e-type=\"container\">\n\t\t\t\t\t<div class=\"e-con-inner\">\n\t\t\t\t<div class=\"elementor-element elementor-element-b4def65 elementor-grid-eael-col-3 elementor-grid-tablet-eael-col-2 elementor-grid-mobile-eael-col-1 elementor-widget elementor-widget-eael-post-grid\" data-id=\"b4def65\" data-element_type=\"widget\" data-e-type=\"widget\" data-settings=\"{&quot;eael_post_grid_columns&quot;:&quot;eael-col-3&quot;,&quot;eael_post_grid_columns_tablet&quot;:&quot;eael-col-2&quot;,&quot;eael_post_grid_columns_mobile&quot;:&quot;eael-col-1&quot;}\" data-widget_type=\"eael-post-grid.default\">\n\t\t\t\t\t<div id=\"eael-post-grid-b4def65\" class=\"eael-post-grid-container\">\n            <div class=\"eael-post-grid eael-post-appender eael-post-appender-b4def65 eael-post-grid-style-one\" data-layout-mode=\"masonry\"><article class=\"eael-grid-post  eael-post-grid-column eael-pg-post-8938 category-pueblos-de-guatemala\" data-id=\"8938\">\n        <div class=\"eael-grid-post-holder\">\n            <div class=\"eael-grid-post-holder-inner\"><div class=\"eael-entry-media\"><div class=\"eael-entry-overlay fade-in\"><i class=\"far fa-hand-pointer\" aria-hidden=\"true\"><\/i><a href=\"https:\/\/soymigrante.com\/revista\/el-pueblo-mam-brilla-crece-y-se-expresa-fiel-a-sus-raices-de-identidad\/\"><\/a><\/div><div class=\"eael-entry-thumbnail \">\n                <img loading=\"lazy\" decoding=\"async\" width=\"1024\" height=\"1024\" src=\"https:\/\/soymigrante.com\/revista\/wp-content\/uploads\/2024\/09\/mam-1-1024x1024.webp\" class=\"attachment-large size-large wp-image-8942\" alt=\"Colorida mujer ind\u00edgena con traje tradicional en la monta\u00f1a, resaltando la cultura migrante y la diversidad en Am\u00e9rica Latina.\" srcset=\"https:\/\/soymigrante.com\/revista\/wp-content\/uploads\/2024\/09\/mam-1-1024x1024.webp 1024w, https:\/\/soymigrante.com\/revista\/wp-content\/uploads\/2024\/09\/mam-1-300x300.webp 300w, https:\/\/soymigrante.com\/revista\/wp-content\/uploads\/2024\/09\/mam-1-150x150.webp 150w, https:\/\/soymigrante.com\/revista\/wp-content\/uploads\/2024\/09\/mam-1-768x768.webp 768w, https:\/\/soymigrante.com\/revista\/wp-content\/uploads\/2024\/09\/mam-1-1536x1536.webp 1536w, https:\/\/soymigrante.com\/revista\/wp-content\/uploads\/2024\/09\/mam-1-scaled.webp 1920w, https:\/\/soymigrante.com\/revista\/wp-content\/uploads\/2024\/09\/mam-1-75x75.webp 75w, https:\/\/soymigrante.com\/revista\/wp-content\/uploads\/2024\/09\/mam-1-750x750.webp 750w, https:\/\/soymigrante.com\/revista\/wp-content\/uploads\/2024\/09\/mam-1-1140x1140.webp 1140w\" sizes=\"(max-width: 1024px) 100vw, 1024px\" \/>\n            <\/div>\n        <\/div><div class=\"eael-entry-wrapper\"><header class=\"eael-entry-header\"><h2 class=\"eael-entry-title\"><a class=\"eael-grid-post-link\" href=\"https:\/\/soymigrante.com\/revista\/el-pueblo-mam-brilla-crece-y-se-expresa-fiel-a-sus-raices-de-identidad\/\" title=\"El pueblo Mam trabaja, crece y vive fiel a sus ra\u00edces de identidad\">El pueblo Mam trabaja, crece y vive fiel a sus ra\u00edces de identidad<\/a><\/h2><\/header><div class=\"eael-entry-content\">\n                        <div class=\"eael-grid-post-excerpt\"><a href=\"https:\/\/soymigrante.com\/revista\/el-pueblo-mam-brilla-crece-y-se-expresa-fiel-a-sus-raices-de-identidad\/\" class=\"eael-post-elements-readmore-btn\">CONOCE SU HISTORIA <\/a><\/div>\n                    <\/div><\/div><\/div>\n        <\/div>\n    <\/article><article class=\"eael-grid-post  eael-post-grid-column eael-pg-post-8824 category-guate-nuestra\" data-id=\"8824\">\n        <div class=\"eael-grid-post-holder\">\n            <div class=\"eael-grid-post-holder-inner\"><div class=\"eael-entry-media\"><div class=\"eael-entry-overlay fade-in\"><i class=\"far fa-hand-pointer\" aria-hidden=\"true\"><\/i><a href=\"https:\/\/soymigrante.com\/revista\/cinco-parques-tematicos-en-retalhuleu-que-si-o-si-debes-visitar\/\"><\/a><\/div><div class=\"eael-entry-thumbnail \">\n                <img loading=\"lazy\" decoding=\"async\" width=\"1024\" height=\"1024\" src=\"https:\/\/soymigrante.com\/revista\/wp-content\/uploads\/2024\/09\/IMG_2712-copia-1024x1024.webp\" class=\"attachment-large size-large wp-image-8839\" alt=\"Torre de la Independencia en la Ciudad de M\u00e9xico, s\u00edmbolo de historia y cultura mexicana. Ubicaci\u00f3n central, rodeada de \u00e1reas verdes y edificios tradicionales, ideal para visitantes y residentes.\" srcset=\"https:\/\/soymigrante.com\/revista\/wp-content\/uploads\/2024\/09\/IMG_2712-copia-1024x1024.webp 1024w, https:\/\/soymigrante.com\/revista\/wp-content\/uploads\/2024\/09\/IMG_2712-copia-300x300.webp 300w, https:\/\/soymigrante.com\/revista\/wp-content\/uploads\/2024\/09\/IMG_2712-copia-150x150.webp 150w, https:\/\/soymigrante.com\/revista\/wp-content\/uploads\/2024\/09\/IMG_2712-copia-768x768.webp 768w, https:\/\/soymigrante.com\/revista\/wp-content\/uploads\/2024\/09\/IMG_2712-copia-1536x1536.webp 1536w, https:\/\/soymigrante.com\/revista\/wp-content\/uploads\/2024\/09\/IMG_2712-copia.webp 1920w, https:\/\/soymigrante.com\/revista\/wp-content\/uploads\/2024\/09\/IMG_2712-copia-75x75.webp 75w, https:\/\/soymigrante.com\/revista\/wp-content\/uploads\/2024\/09\/IMG_2712-copia-750x750.webp 750w, https:\/\/soymigrante.com\/revista\/wp-content\/uploads\/2024\/09\/IMG_2712-copia-1140x1140.jpg 1140w\" sizes=\"(max-width: 1024px) 100vw, 1024px\" \/>\n            <\/div>\n        <\/div><div class=\"eael-entry-wrapper\"><header class=\"eael-entry-header\"><h2 class=\"eael-entry-title\"><a class=\"eael-grid-post-link\" href=\"https:\/\/soymigrante.com\/revista\/cinco-parques-tematicos-en-retalhuleu-que-si-o-si-debes-visitar\/\" title=\"Cinco parques tem\u00e1ticos en Retalhuleu, que s\u00ed o s\u00ed debes visitar\">Cinco parques tem\u00e1ticos en Retalhuleu, que s\u00ed o s\u00ed debes visitar<\/a><\/h2><\/header><div class=\"eael-entry-content\">\n                        <div class=\"eael-grid-post-excerpt\"><a href=\"https:\/\/soymigrante.com\/revista\/cinco-parques-tematicos-en-retalhuleu-que-si-o-si-debes-visitar\/\" class=\"eael-post-elements-readmore-btn\">CONOCE SU HISTORIA <\/a><\/div>\n                    <\/div><\/div><\/div>\n        <\/div>\n    <\/article><article class=\"eael-grid-post  eael-post-grid-column eael-pg-post-8594 category-guate-nuestra\" data-id=\"8594\">\n        <div class=\"eael-grid-post-holder\">\n            <div class=\"eael-grid-post-holder-inner\"><div class=\"eael-entry-media\"><div class=\"eael-entry-overlay fade-in\"><i class=\"far fa-hand-pointer\" aria-hidden=\"true\"><\/i><a href=\"https:\/\/soymigrante.com\/revista\/10-pueblos-a-la-orilla-del-lago-de-atitlan-que-debes-descubrir\/\"><\/a><\/div><div class=\"eael-entry-thumbnail \">\n                <img loading=\"lazy\" decoding=\"async\" width=\"1024\" height=\"1024\" src=\"https:\/\/soymigrante.com\/revista\/wp-content\/uploads\/2024\/08\/agricultura-san-antonio-palopo-face-soy-migrante-2-1024x1024.webp\" class=\"attachment-large size-large wp-image-8615\" alt=\"Paisaje del Lago de Atitl\u00e1n, volcanes y zonas agr\u00edcolas en Guatemala, turismo y paisaje natural en Centroam\u00e9rica.\" srcset=\"https:\/\/soymigrante.com\/revista\/wp-content\/uploads\/2024\/08\/agricultura-san-antonio-palopo-face-soy-migrante-2-1024x1024.webp 1024w, https:\/\/soymigrante.com\/revista\/wp-content\/uploads\/2024\/08\/agricultura-san-antonio-palopo-face-soy-migrante-2-300x300.webp 300w, https:\/\/soymigrante.com\/revista\/wp-content\/uploads\/2024\/08\/agricultura-san-antonio-palopo-face-soy-migrante-2-150x150.webp 150w, https:\/\/soymigrante.com\/revista\/wp-content\/uploads\/2024\/08\/agricultura-san-antonio-palopo-face-soy-migrante-2-768x768.webp 768w, https:\/\/soymigrante.com\/revista\/wp-content\/uploads\/2024\/08\/agricultura-san-antonio-palopo-face-soy-migrante-2-1536x1536.webp 1536w, https:\/\/soymigrante.com\/revista\/wp-content\/uploads\/2024\/08\/agricultura-san-antonio-palopo-face-soy-migrante-2-75x75.webp 75w, https:\/\/soymigrante.com\/revista\/wp-content\/uploads\/2024\/08\/agricultura-san-antonio-palopo-face-soy-migrante-2-750x750.webp 750w, https:\/\/soymigrante.com\/revista\/wp-content\/uploads\/2024\/08\/agricultura-san-antonio-palopo-face-soy-migrante-2-1140x1140.webp 1140w, https:\/\/soymigrante.com\/revista\/wp-content\/uploads\/2024\/08\/agricultura-san-antonio-palopo-face-soy-migrante-2.webp 1538w\" sizes=\"(max-width: 1024px) 100vw, 1024px\" \/>\n            <\/div>\n        <\/div><div class=\"eael-entry-wrapper\"><header class=\"eael-entry-header\"><h2 class=\"eael-entry-title\"><a class=\"eael-grid-post-link\" href=\"https:\/\/soymigrante.com\/revista\/10-pueblos-a-la-orilla-del-lago-de-atitlan-que-debes-descubrir\/\" title=\"Ocho pueblos a la orilla del lago de Atitl\u00e1n que debes descubrir\">Ocho pueblos a la orilla del lago de Atitl\u00e1n que debes descubrir<\/a><\/h2><\/header><div class=\"eael-entry-content\">\n                        <div class=\"eael-grid-post-excerpt\"><a href=\"https:\/\/soymigrante.com\/revista\/10-pueblos-a-la-orilla-del-lago-de-atitlan-que-debes-descubrir\/\" class=\"eael-post-elements-readmore-btn\">CONOCE SU HISTORIA <\/a><\/div>\n                    <\/div><\/div><\/div>\n        <\/div>\n    <\/article><\/div>\n            <div class=\"clearfix\"><\/div>\n        <\/div>\t\t\t\t<\/div>\n\t\t\t\t\t<\/div>\n\t\t\t\t<\/div>\n\t\t\t\t<\/div>\n\t\t","protected":false},"excerpt":{"rendered":"<p>Y como dice el Himno Nacional &#8220;Guatemala, tu nombre inmortal&#8221;, y as\u00ed es como los guatemaltecos que viven en USA cada 15 de septiembre se hinchan de orgullo e inmortalizan el D\u00eda de Independencia con diferentes actividades patrias. Los guatemaltecos\u00a0dicen presente cada\u00a0 15 de septiembre en las diferentes comunidades a las que pertenecen en\u00a0USA. Momento [&hellip;]<\/p>\n","protected":false},"author":23,"featured_media":9018,"comment_status":"open","ping_status":"open","sticky":false,"template":"","format":"standard","meta":{"_acf_changed":false,"_eb_attr":"","footnotes":""},"categories":[54],"tags":[],"class_list":["post-8968","post","type-post","status-publish","format-standard","has-post-thumbnail","hentry","category-estamos-unidos"],"acf":[],"aioseo_notices":[],"aioseo_head":"\n\t\t<!-- All in One SEO Pro 4.9.6.2 - aioseo.com -->\n\t<meta name=\"description\" content=\"Aunque ya has de conocer esta historia y algunos pueblos de la orilla del lago de Atitl\u00e1n, te compartimos datos de inter\u00e9s para explorar cada uno.\" \/>\n\t<meta name=\"robots\" content=\"max-snippet:-1, max-image-preview:large, max-video-preview:-1\" \/>\n\t<meta name=\"author\" content=\"Beatriz Tercero\"\/>\n\t<link rel=\"canonical\" href=\"https:\/\/soymigrante.com\/revista\/10-pueblos-a-la-orilla-del-lago-de-atitlan-que-debes-descubrir\/\" \/>\n\t<meta name=\"generator\" content=\"All in One SEO Pro (AIOSEO) 4.9.6.2\" \/>\n\n\t\t<link rel=\"preconnect\" href=\"https:\/\/fonts.googleapis.com\" crossorigin>\n<link rel=\"preconnect\" href=\"https:\/\/fonts.gstatic.com\" crossorigin>\n\t\t<meta property=\"og:locale\" content=\"es_ES\" \/>\n\t\t<meta property=\"og:site_name\" content=\"SoyMigrante.com REVISTA \u2013 Nuestra misi\u00f3n es reconocer y dignificar al migrante.\" \/>\n\t\t<meta property=\"og:type\" content=\"article\" \/>\n\t\t<meta property=\"og:title\" content=\"Ocho pueblos a la orilla del lago de Atitl\u00e1n que debes descubrir\" \/>\n\t\t<meta property=\"og:description\" content=\"Aunque ya has de conocer esta historia y algunos pueblos de la orilla del lago de Atitl\u00e1n, te compartimos datos de inter\u00e9s para explorar cada uno.\" \/>\n\t\t<meta property=\"og:url\" content=\"https:\/\/soymigrante.com\/revista\/10-pueblos-a-la-orilla-del-lago-de-atitlan-que-debes-descubrir\/\" \/>\n\t\t<meta property=\"og:image\" content=\"https:\/\/soymigrante.com\/revista\/wp-content\/uploads\/2024\/08\/agricultura-san-antonio-palopo-face-soy-migrante-2.webp\" \/>\n\t\t<meta property=\"og:image:secure_url\" content=\"https:\/\/soymigrante.com\/revista\/wp-content\/uploads\/2024\/08\/agricultura-san-antonio-palopo-face-soy-migrante-2.webp\" \/>\n\t\t<meta property=\"og:image:width\" content=\"1538\" \/>\n\t\t<meta property=\"og:image:height\" content=\"1538\" \/>\n\t\t<meta property=\"article:published_time\" content=\"2024-08-31T16:29:40+00:00\" \/>\n\t\t<meta property=\"article:modified_time\" content=\"2025-01-09T15:18:49+00:00\" \/>\n\t\t<meta property=\"article:publisher\" content=\"https:\/\/www.facebook.com\/soymigrantecom\" \/>\n\t\t<meta name=\"twitter:card\" content=\"summary_large_image\" \/>\n\t\t<meta name=\"twitter:site\" content=\"@SoyMigrante_com\" \/>\n\t\t<meta name=\"twitter:title\" content=\"Ocho pueblos a la orilla del lago de Atitl\u00e1n que debes descubrir\" \/>\n\t\t<meta name=\"twitter:description\" content=\"Aunque ya has de conocer esta historia y algunos pueblos de la orilla del lago de Atitl\u00e1n, te compartimos datos de inter\u00e9s para explorar cada uno.\" \/>\n\t\t<meta name=\"twitter:creator\" content=\"@SoyMigrante_com\" \/>\n\t\t<meta name=\"twitter:image\" content=\"https:\/\/soymigrante.com\/revista\/wp-content\/uploads\/2024\/08\/agricultura-san-antonio-palopo-face-soy-migrante-2.webp\" \/>\n\t\t<!-- All in One SEO Pro -->\r\n\t\t<title>Ocho pueblos a la orilla del lago de Atitl\u00e1n que debes descubrir<\/title>\n\n","aioseo_head_json":{"title":"Ocho pueblos a la orilla del lago de Atitl\u00e1n que debes descubrir","description":"Aunque ya has de conocer esta historia y algunos pueblos de la orilla del lago de Atitl\u00e1n, te compartimos datos de inter\u00e9s para explorar cada uno.","canonical_url":"https:\/\/soymigrante.com\/revista\/10-pueblos-a-la-orilla-del-lago-de-atitlan-que-debes-descubrir\/","robots":"max-snippet:-1, max-image-preview:large, max-video-preview:-1","keywords":"","webmasterTools":{"miscellaneous":"&lt;link rel=\"preconnect\" href=\"https:\/\/fonts.googleapis.com\" crossorigin&gt;\n&lt;link rel=\"preconnect\" href=\"https:\/\/fonts.gstatic.com\" crossorigin&gt;"},"schema":null,"og:locale":"es_ES","og:site_name":"SoyMigrante.com REVISTA \u2013 Nuestra misi\u00f3n es reconocer y dignificar al migrante.","og:type":"article","og:title":"Ocho pueblos a la orilla del lago de Atitl\u00e1n que debes descubrir","og:description":"Aunque ya has de conocer esta historia y algunos pueblos de la orilla del lago de Atitl\u00e1n, te compartimos datos de inter\u00e9s para explorar cada uno.","og:url":"https:\/\/soymigrante.com\/revista\/10-pueblos-a-la-orilla-del-lago-de-atitlan-que-debes-descubrir\/","og:image":"https:\/\/soymigrante.com\/revista\/wp-content\/uploads\/2024\/08\/agricultura-san-antonio-palopo-face-soy-migrante-2.webp","og:image:secure_url":"https:\/\/soymigrante.com\/revista\/wp-content\/uploads\/2024\/08\/agricultura-san-antonio-palopo-face-soy-migrante-2.webp","og:image:width":1538,"og:image:height":1538,"article:published_time":"2024-08-31T16:29:40+00:00","article:modified_time":"2025-01-09T15:18:49+00:00","article:publisher":"https:\/\/www.facebook.com\/soymigrantecom","twitter:card":"summary_large_image","twitter:site":"@SoyMigrante_com","twitter:title":"Ocho pueblos a la orilla del lago de Atitl\u00e1n que debes descubrir","twitter:description":"Aunque ya has de conocer esta historia y algunos pueblos de la orilla del lago de Atitl\u00e1n, te compartimos datos de inter\u00e9s para explorar cada uno.","twitter:creator":"@SoyMigrante_com","twitter:image":"https:\/\/soymigrante.com\/revista\/wp-content\/uploads\/2024\/08\/agricultura-san-antonio-palopo-face-soy-migrante-2.webp"},"aioseo_meta_data":{"post_id":"8968","title":"Chapines celebran por lo alto el D\u00eda de Independencia en USA","description":"Migrantes guatemaltecos en EE.UU. conmemoran las fiestas patrias de Septiembre con diversas actividades que los unen en un solo coraz\u00f3n sin fronteras.","keywords":null,"keyphrases":{"focus":{"keyphrase":"Guatemaltecos","score":68,"analysis":{"keyphraseInTitle":{"score":3,"maxScore":9,"error":1},"keyphraseInDescription":{"score":9,"maxScore":9,"error":0},"keyphraseLength":{"score":9,"maxScore":9,"error":0,"length":1},"keyphraseInURL":{"score":1,"maxScore":5,"error":1},"keyphraseInIntroduction":{"score":9,"maxScore":9,"error":0},"keyphraseInSubHeadings":{"score":3,"maxScore":9,"error":1},"keyphraseInImageAlt":{"score":3,"maxScore":9,"error":1},"keywordDensity":{"type":"best","score":9,"maxScore":9,"error":0}}},"additional":[{"keyphrase":"Fiestas patrias","score":53,"analysis":{"keyphraseInDescription":{"score":9,"maxScore":9,"error":0},"keyphraseLength":{"score":9,"maxScore":9,"error":0,"length":2},"keyphraseInIntroduction":{"score":3,"maxScore":9,"error":1},"keyphraseInImageAlt":{"score":3,"maxScore":9,"error":1},"keywordDensity":{"score":0,"type":"low","maxScore":9,"error":1}}},{"keyphrase":"Septiembre","score":87,"analysis":{"keyphraseInDescription":{"score":9,"maxScore":9,"error":0},"keyphraseLength":{"score":9,"maxScore":9,"error":0,"length":1},"keyphraseInIntroduction":{"score":9,"maxScore":9,"error":0},"keyphraseInImageAlt":{"score":3,"maxScore":9,"error":1},"keywordDensity":{"type":"best","score":9,"maxScore":9,"error":0}}}]},"primary_term":null,"canonical_url":null,"og_title":null,"og_description":null,"og_object_type":"default","og_image_type":"default","og_image_url":null,"og_image_width":null,"og_image_height":null,"og_image_custom_url":null,"og_image_custom_fields":null,"og_video":"","og_custom_url":null,"og_article_section":null,"og_article_tags":null,"twitter_use_og":false,"twitter_card":"default","twitter_image_type":"default","twitter_image_url":null,"twitter_image_custom_url":null,"twitter_image_custom_fields":null,"twitter_title":null,"twitter_description":null,"schema":{"blockGraphs":[],"customGraphs":[],"default":{"data":{"Article":[],"Course":[],"Dataset":[],"FAQPage":[],"Movie":[],"Person":[],"Product":[],"ProductReview":[],"Car":[],"Recipe":[],"Service":[],"SoftwareApplication":[],"WebPage":[]},"graphName":"Article","isEnabled":true},"graphs":[]},"schema_type":"default","schema_type_options":null,"pillar_content":false,"robots_default":true,"robots_noindex":false,"robots_noarchive":false,"robots_nosnippet":false,"robots_nofollow":false,"robots_noimageindex":false,"robots_noodp":false,"robots_notranslate":false,"robots_max_snippet":"-1","robots_max_videopreview":"-1","robots_max_imagepreview":"large","priority":null,"frequency":"default","local_seo":null,"seo_analyzer_scan_date":"2025-10-08 23:02:28","breadcrumb_settings":null,"limit_modified_date":false,"reviewed_by":null,"open_ai":"{\"title\":{\"suggestions\":[],\"usage\":0},\"description\":{\"suggestions\":[],\"usage\":0}}","ai":null,"created":"2024-09-10 16:13:55","updated":"2026-02-04 12:58:47"},"aioseo_breadcrumb":"<div class=\"aioseo-breadcrumbs\"><span class=\"aioseo-breadcrumb\">\n\t<a href=\"https:\/\/soymigrante.com\/revista\" title=\"Home\">Home<\/a>\n<\/span><span class=\"aioseo-breadcrumb-separator\">\u00bb<\/span><span class=\"aioseo-breadcrumb\">\n\t<a href=\"https:\/\/soymigrante.com\/revista\/category\/estamos-unidos\/\" title=\"Estamos Unidos\">Estamos Unidos<\/a>\n<\/span><span class=\"aioseo-breadcrumb-separator\">\u00bb<\/span><span class=\"aioseo-breadcrumb\">\n\tFiestas patrias de Guatemala en USA: desfiles, actos c\u00edvicos y m\u00e1s\u2026\n<\/span><\/div>","aioseo_breadcrumb_json":[{"label":"Home","link":"https:\/\/soymigrante.com\/revista"},{"label":"Estamos Unidos","link":"https:\/\/soymigrante.com\/revista\/category\/estamos-unidos\/"},{"label":"Fiestas patrias de Guatemala en USA: desfiles, actos c\u00edvicos y m\u00e1s&#8230;","link":"https:\/\/soymigrante.com\/revista\/fiestas-patrias-de-guatemala-en-usa-desfiles-actos-civicos-y-mas\/"}],"_links":{"self":[{"href":"https:\/\/soymigrante.com\/revista\/wp-json\/wp\/v2\/posts\/8968","targetHints":{"allow":["GET"]}}],"collection":[{"href":"https:\/\/soymigrante.com\/revista\/wp-json\/wp\/v2\/posts"}],"about":[{"href":"https:\/\/soymigrante.com\/revista\/wp-json\/wp\/v2\/types\/post"}],"author":[{"embeddable":true,"href":"https:\/\/soymigrante.com\/revista\/wp-json\/wp\/v2\/users\/23"}],"replies":[{"embeddable":true,"href":"https:\/\/soymigrante.com\/revista\/wp-json\/wp\/v2\/comments?post=8968"}],"version-history":[{"count":0,"href":"https:\/\/soymigrante.com\/revista\/wp-json\/wp\/v2\/posts\/8968\/revisions"}],"wp:featuredmedia":[{"embeddable":true,"href":"https:\/\/soymigrante.com\/revista\/wp-json\/wp\/v2\/media\/9018"}],"wp:attachment":[{"href":"https:\/\/soymigrante.com\/revista\/wp-json\/wp\/v2\/media?parent=8968"}],"wp:term":[{"taxonomy":"category","embeddable":true,"href":"https:\/\/soymigrante.com\/revista\/wp-json\/wp\/v2\/categories?post=8968"},{"taxonomy":"post_tag","embeddable":true,"href":"https:\/\/soymigrante.com\/revista\/wp-json\/wp\/v2\/tags?post=8968"}],"curies":[{"name":"wp","href":"https:\/\/api.w.org\/{rel}","templated":true}]}}