{"id":8947,"date":"2024-09-10T06:00:00","date_gmt":"2024-09-10T12:00:00","guid":{"rendered":"https:\/\/soymigrante.com\/revista\/?p=8947"},"modified":"2024-11-01T06:31:11","modified_gmt":"2024-11-01T12:31:11","slug":"la-empresaria-francesca-kennedy-y-su-conexion-inquebrantable-con-atitlan","status":"publish","type":"post","link":"https:\/\/soymigrante.com\/revista\/la-empresaria-francesca-kennedy-y-su-conexion-inquebrantable-con-atitlan\/","title":{"rendered":"La empresaria Francesca Kennedy y su conexi\u00f3n inquebrantable con Atitl\u00e1n"},"content":{"rendered":"\t\t<div data-elementor-type=\"wp-post\" data-elementor-id=\"8947\" class=\"elementor elementor-8947\" data-elementor-post-type=\"post\">\n\t\t\t\t<div data-particle_enable=\"false\" data-particle-mobile-disabled=\"false\" class=\"elementor-element elementor-element-b6cfbb6 e-flex e-con-boxed e-con e-parent\" data-id=\"b6cfbb6\" data-element_type=\"container\" data-e-type=\"container\">\n\t\t\t\t\t<div class=\"e-con-inner\">\n\t\t\t\t<div class=\"elementor-element elementor-element-2cd854e elementor-widget elementor-widget-heading\" data-id=\"2cd854e\" data-element_type=\"widget\" data-e-type=\"widget\" data-widget_type=\"heading.default\">\n\t\t\t\t\t<h2 class=\"elementor-heading-title elementor-size-default\">Francesca naci\u00f3 en EE.UU. pero su mam\u00e1 era guatemalteca. Desde ni\u00f1a, cada a\u00f1o viajaba en fin de a\u00f1o  el lago de Atitl\u00e1n, para pasar tiempo con su abuelo, quien le ense\u00f1\u00f3 amar a la Tierra del Quetzal de tal manera que sigue impulsando proyectos de ayuda al pa\u00eds.<\/h2>\t\t\t\t<\/div>\n\t\t\t\t\t<\/div>\n\t\t\t\t<\/div>\n\t\t<div data-particle_enable=\"false\" data-particle-mobile-disabled=\"false\" class=\"elementor-element elementor-element-57aaef0 e-flex e-con-boxed e-con e-parent\" data-id=\"57aaef0\" data-element_type=\"container\" data-e-type=\"container\">\n\t\t\t\t\t<div class=\"e-con-inner\">\n\t\t\t\t<div class=\"elementor-element elementor-element-f7c352b elementor-widget elementor-widget-text-editor\" data-id=\"f7c352b\" data-element_type=\"widget\" data-e-type=\"widget\" data-widget_type=\"text-editor.default\">\n\t\t\t\t\t\t\t\t\t<p>\u00a0Francesca Kennedy es una exitosa empresaria que nunca se olvida del lugar que tanto am\u00f3 su mam\u00e1 y su abuelita. Sol\u00eda pasar sus vacaciones y Navidad en Playa Linda ubicado en el emblem\u00e1tico lago de Atitl\u00e1n, Solol\u00e1.\u00a0<\/p><p><span style=\"color: var( --e-global-color-text );text-align: var(--text-align)\">\u201cMis padres son de Guatemala. Yo nac\u00ed en Pensilvania, EE. UU. pero mi coraz\u00f3n es guatemalteco\u201d, cuenta Kennedy joven empresaria y experta en finanzas, pero a la vez una fuerte iimpulsora de proyectos de beneficio comunitario para mujeres de las proximidades de Atitl\u00e1n.<\/span><\/p>\t\t\t\t\t\t\t\t<\/div>\n\t\t\t\t\t<\/div>\n\t\t\t\t<\/div>\n\t\t<div data-particle_enable=\"false\" data-particle-mobile-disabled=\"false\" class=\"elementor-element elementor-element-159fb4d e-flex e-con-boxed e-con e-parent\" data-id=\"159fb4d\" data-element_type=\"container\" data-e-type=\"container\">\n\t\t\t\t\t<div class=\"e-con-inner\">\n\t\t\t\t<div class=\"elementor-element elementor-element-fefb8b0 elementor-widget elementor-widget-image\" data-id=\"fefb8b0\" data-element_type=\"widget\" data-e-type=\"widget\" data-widget_type=\"image.default\">\n\t\t\t\t\t\t\t\t\t\t\t\t<figure class=\"wp-caption\">\n\t\t\t\t\t\t\t\t\t\t<img fetchpriority=\"high\" decoding=\"async\" width=\"768\" height=\"512\" src=\"https:\/\/soymigrante.com\/revista\/wp-content\/uploads\/2024\/09\/Francesca-Kennedy-Soy-Migrante-Atitlan-1024x682.webp\" class=\"attachment-large size-large wp-image-8950\" alt=\"Amigas disfrutando juntas en un ambiente relajado, mostrando amistad, diversidad y alegr\u00eda, en un entorno con fondo natural y monta\u00f1oso, ideal para reforzar temas sobre comunidad y bienestar.\" srcset=\"https:\/\/soymigrante.com\/revista\/wp-content\/uploads\/2024\/09\/Francesca-Kennedy-Soy-Migrante-Atitlan-1024x682.webp 1024w, https:\/\/soymigrante.com\/revista\/wp-content\/uploads\/2024\/09\/Francesca-Kennedy-Soy-Migrante-Atitlan-300x200.webp 300w, https:\/\/soymigrante.com\/revista\/wp-content\/uploads\/2024\/09\/Francesca-Kennedy-Soy-Migrante-Atitlan-768x512.webp 768w, https:\/\/soymigrante.com\/revista\/wp-content\/uploads\/2024\/09\/Francesca-Kennedy-Soy-Migrante-Atitlan-750x500.webp 750w, https:\/\/soymigrante.com\/revista\/wp-content\/uploads\/2024\/09\/Francesca-Kennedy-Soy-Migrante-Atitlan-1140x760.webp 1140w, https:\/\/soymigrante.com\/revista\/wp-content\/uploads\/2024\/09\/Francesca-Kennedy-Soy-Migrante-Atitlan.webp 1280w\" sizes=\"(max-width: 768px) 100vw, 768px\" title=\"Francesca Kennedy Soy Migrante Atitl\u00e1n \u2013 SoyMigrante.com REVISTA\" \/>\t\t\t\t\t\t\t\t\t\t\t<figcaption class=\"widget-image-caption wp-caption-text\">Fotograf\u00eda de un grupo de mujeres amigas sentadas en una roca o plataforma con vestimenta casual y sonrientes, en un paisaje con monta\u00f1as y vegetaci\u00f3n, transmitiendo uni\u00f3n y diversi\u00f3n en contacto con la naturaleza.<\/figcaption>\n\t\t\t\t\t\t\t\t\t\t<\/figure>\n\t\t\t\t\t\t\t\t\t<\/div>\n\t\t\t\t\t<\/div>\n\t\t\t\t<\/div>\n\t\t<div data-particle_enable=\"false\" data-particle-mobile-disabled=\"false\" class=\"elementor-element elementor-element-a4d6a05 e-flex e-con-boxed e-con e-parent\" data-id=\"a4d6a05\" data-element_type=\"container\" data-e-type=\"container\">\n\t\t\t\t\t<div class=\"e-con-inner\">\n\t\t\t\t<div class=\"elementor-element elementor-element-f433bf4 elementor-widget elementor-widget-heading\" data-id=\"f433bf4\" data-element_type=\"widget\" data-e-type=\"widget\" data-widget_type=\"heading.default\">\n\t\t\t\t\t<h3 class=\"elementor-heading-title elementor-size-default\">Zapatos para ayudar a un lago<\/h3>\t\t\t\t<\/div>\n\t\t\t\t\t<\/div>\n\t\t\t\t<\/div>\n\t\t<div data-particle_enable=\"false\" data-particle-mobile-disabled=\"false\" class=\"elementor-element elementor-element-7f8500b e-flex e-con-boxed e-con e-parent\" data-id=\"7f8500b\" data-element_type=\"container\" data-e-type=\"container\">\n\t\t\t\t\t<div class=\"e-con-inner\">\n\t\t\t\t<div class=\"elementor-element elementor-element-ac501c0 elementor-widget elementor-widget-text-editor\" data-id=\"ac501c0\" data-element_type=\"widget\" data-e-type=\"widget\" data-widget_type=\"text-editor.default\">\n\t\t\t\t\t\t\t\t\t<p>Al preguntarle cu\u00e1l es el motivo por el que ella ha trabajado incansablemente por ayudar a familias de tejedoras en\u00a0<a href=\"https:\/\/soymigrante.com\/revista\/10-pueblos-a-la-orilla-del-lago-de-atitlan-que-debes-descubrir\/\" target=\"_blank\" rel=\"noopener\">Atitl\u00e1n<\/a>, ella responde: \u201cEn una ocasi\u00f3n unas mujeres en el mercado de Atitl\u00e1n me comentaron que estaban preocupadas por la contaminaci\u00f3n del Lago.\u00a0<span style=\"color: var( --e-global-color-text );text-align: var(--text-align)\">Y no sab\u00edan qu\u00e9 hacer, porque ya no llegaba mucho turista. As\u00ed que decid\u00ed comprarle todos los zapatos que ellas vend\u00edan. Me los llev\u00e9 a Estados Unidos, los arregl\u00e9 y mis amigas me compraron todos los zapatos\u201d, recuerda.<\/span><\/p>\t\t\t\t\t\t\t\t<\/div>\n\t\t\t\t\t<\/div>\n\t\t\t\t<\/div>\n\t\t<div data-particle_enable=\"false\" data-particle-mobile-disabled=\"false\" class=\"elementor-element elementor-element-c62a619 e-flex e-con-boxed e-con e-parent\" data-id=\"c62a619\" data-element_type=\"container\" data-e-type=\"container\">\n\t\t\t\t\t<div class=\"e-con-inner\">\n\t\t\t\t<div class=\"elementor-element elementor-element-e5dd0bd elementor-widget elementor-widget-image\" data-id=\"e5dd0bd\" data-element_type=\"widget\" data-e-type=\"widget\" data-widget_type=\"image.default\">\n\t\t\t\t\t\t\t\t\t\t\t\t<figure class=\"wp-caption\">\n\t\t\t\t\t\t\t\t\t\t<img decoding=\"async\" width=\"750\" height=\"750\" src=\"https:\/\/soymigrante.com\/revista\/wp-content\/uploads\/2024\/09\/francesca-kennedy-soy-migrante-atitlan2.webp\" class=\"attachment-large size-large wp-image-8951\" alt=\"Disfruta del verano con estilo en el campo, mujer con sombrero y vestido ligero en naturaleza, enfoque en moda y bienestar, imagen ideal para temas de estilo de vida y viajes rurales en Revista SoyMigrante.com.\" srcset=\"https:\/\/soymigrante.com\/revista\/wp-content\/uploads\/2024\/09\/francesca-kennedy-soy-migrante-atitlan2.webp 750w, https:\/\/soymigrante.com\/revista\/wp-content\/uploads\/2024\/09\/francesca-kennedy-soy-migrante-atitlan2-300x300.webp 300w, https:\/\/soymigrante.com\/revista\/wp-content\/uploads\/2024\/09\/francesca-kennedy-soy-migrante-atitlan2-150x150.webp 150w, https:\/\/soymigrante.com\/revista\/wp-content\/uploads\/2024\/09\/francesca-kennedy-soy-migrante-atitlan2-75x75.webp 75w\" sizes=\"(max-width: 750px) 100vw, 750px\" title=\"francesca kennedy soy migrante atitl\u00e1n2 \u2013 SoyMigrante.com REVISTA\" \/>\t\t\t\t\t\t\t\t\t\t\t<figcaption class=\"widget-image-caption wp-caption-text\">SoyMigrante.com REVISTA, mujer en campo con sombrero y vestido ligero disfrutando del verano, estilo de vida rural y moda veraniega, fotograf\u00eda que resalta bienestar y conexi\u00f3n con la naturaleza.<\/figcaption>\n\t\t\t\t\t\t\t\t\t\t<\/figure>\n\t\t\t\t\t\t\t\t\t<\/div>\n\t\t\t\t\t<\/div>\n\t\t\t\t<\/div>\n\t\t<div data-particle_enable=\"false\" data-particle-mobile-disabled=\"false\" class=\"elementor-element elementor-element-fb2a82f e-flex e-con-boxed e-con e-parent\" data-id=\"fb2a82f\" data-element_type=\"container\" data-e-type=\"container\">\n\t\t\t\t\t<div class=\"e-con-inner\">\n\t\t\t\t<div class=\"elementor-element elementor-element-b394883 elementor-widget elementor-widget-text-editor\" data-id=\"b394883\" data-element_type=\"widget\" data-e-type=\"widget\" data-widget_type=\"text-editor.default\">\n\t\t\t\t\t\t\t\t\t<p>As\u00ed fue como ella vio una oportunidad de ayudar a varias mujeres tejedoras y cre\u00f3 Ix Style, Ix significa agua en idioma maya. A partir de ello, ella gener\u00f3 empleo para mujeres mayas y las sandalias que ella termin\u00f3 de perfeccionar fueron de ventas exitosa pero tuvo un largo camino que recorre.<\/p>\n<p>Estas sandalias que llevaban un sello guatemalteco a<a href=\"https:\/\/soymigrante.com\/revista\/guatemalteco-lidera-a-miles-de-trabajadores-de-entrega-a-domicilio-en-ny\/\" target=\"_blank\"> Nueva York<\/a>&nbsp;llegaron a manos de la reconocida actriz de Hollywood, Gweneth Paltrow, quien viv\u00eda en la famosa ciudad y en la misma \u00e1rea donde resid\u00eda Kennedy. Ix Style comenz\u00f3 a cobrar buena fama pues las sandalias que Kennedy dise\u00f1aba eran consideradas muy muy c\u00f3modas al caminar.<\/p>\t\t\t\t\t\t\t\t<\/div>\n\t\t\t\t\t<\/div>\n\t\t\t\t<\/div>\n\t\t<div data-particle_enable=\"false\" data-particle-mobile-disabled=\"false\" class=\"elementor-element elementor-element-b915b11 e-flex e-con-boxed e-con e-parent\" data-id=\"b915b11\" data-element_type=\"container\" data-e-type=\"container\">\n\t\t\t\t\t<div class=\"e-con-inner\">\n\t\t\t\t<div class=\"elementor-element elementor-element-e66208c elementor-widget elementor-widget-heading\" data-id=\"e66208c\" data-element_type=\"widget\" data-e-type=\"widget\" data-widget_type=\"heading.default\">\n\t\t\t\t\t<h3 class=\"elementor-heading-title elementor-size-default\">El poder de ayudar<\/h3>\t\t\t\t<\/div>\n\t\t\t\t\t<\/div>\n\t\t\t\t<\/div>\n\t\t<div data-particle_enable=\"false\" data-particle-mobile-disabled=\"false\" class=\"elementor-element elementor-element-bf0d4cc e-flex e-con-boxed e-con e-parent\" data-id=\"bf0d4cc\" data-element_type=\"container\" data-e-type=\"container\">\n\t\t\t\t\t<div class=\"e-con-inner\">\n\t\t\t\t<div class=\"elementor-element elementor-element-5097a90 elementor-widget elementor-widget-text-editor\" data-id=\"5097a90\" data-element_type=\"widget\" data-e-type=\"widget\" data-widget_type=\"text-editor.default\">\n\t\t\t\t\t\t\t\t\t<p>Pero para Francesca, alcanzar la influencia que ahora tiene para poder buscar apoyo y ayudar a comunidades de las orillas del lago de\u00a0<a href=\"https:\/\/soymigrante.com\/revista\/atitlan\/\" target=\"_blank\" rel=\"noopener\">Atitl\u00e1n<\/a>, no ha sido una tarea f\u00e1cil. Ha trabajado y participado en concursos. Se ha preparado tambi\u00e9n a nivel econ\u00f3mico y financiero para alcanzar sus metas.<\/p>\t\t\t\t\t\t\t\t<\/div>\n\t\t\t\t\t<\/div>\n\t\t\t\t<\/div>\n\t\t<div data-particle_enable=\"false\" data-particle-mobile-disabled=\"false\" class=\"elementor-element elementor-element-2bc9cdc e-flex e-con-boxed e-con e-parent\" data-id=\"2bc9cdc\" data-element_type=\"container\" data-e-type=\"container\">\n\t\t\t\t\t<div class=\"e-con-inner\">\n\t\t\t\t<div class=\"elementor-element elementor-element-6679caa elementor-widget elementor-widget-video\" data-id=\"6679caa\" data-element_type=\"widget\" data-e-type=\"widget\" data-settings=\"{&quot;youtube_url&quot;:&quot;https:\\\/\\\/www.youtube.com\\\/watch?v=NVZtA4yRAB4&quot;,&quot;lazy_load&quot;:&quot;yes&quot;,&quot;video_type&quot;:&quot;youtube&quot;,&quot;controls&quot;:&quot;yes&quot;}\" data-widget_type=\"video.default\">\n\t\t\t\t\t\t\t<div class=\"elementor-wrapper elementor-open-inline\">\n\t\t\t<div class=\"elementor-video\"><\/div>\t\t<\/div>\n\t\t\t\t\t\t<\/div>\n\t\t\t\t\t<\/div>\n\t\t\t\t<\/div>\n\t\t<div data-particle_enable=\"false\" data-particle-mobile-disabled=\"false\" class=\"elementor-element elementor-element-f32d613 e-flex e-con-boxed e-con e-parent\" data-id=\"f32d613\" data-element_type=\"container\" data-e-type=\"container\">\n\t\t\t\t\t<div class=\"e-con-inner\">\n\t\t\t\t<div class=\"elementor-element elementor-element-caa2f60 elementor-widget elementor-widget-text-editor\" data-id=\"caa2f60\" data-element_type=\"widget\" data-e-type=\"widget\" data-widget_type=\"text-editor.default\">\n\t\t\t\t\t\t\t\t\t<p>Los zapatos confeccionados en alta moda con materia prima de mujeres tejedoras de Solol\u00e1 se vendieron a trav\u00e9s de sitio como Vogue, Top Shop, Antrhopology, incluso a J. Crew. Incluso a trav\u00e9s de un startup fashion. La marca de accesorios para mujer Rebecca Minkoff creyeron en la propuesta de Kennedy e invirtieron en este.<\/p><p>El\u00a0 fin \u00faltimo de Ix Style es lograr que con cada venta de sandalias, el 15% sea destinado para adquirir agua potable a trav\u00e9s de una alianza con Ecofiltro y que los ni\u00f1os del lago de Atitl\u00e1n gocen de ese vital l\u00edquido.<\/p>\t\t\t\t\t\t\t\t<\/div>\n\t\t\t\t\t<\/div>\n\t\t\t\t<\/div>\n\t\t<div data-particle_enable=\"false\" data-particle-mobile-disabled=\"false\" class=\"elementor-element elementor-element-f98404a e-flex e-con-boxed e-con e-parent\" data-id=\"f98404a\" data-element_type=\"container\" data-e-type=\"container\">\n\t\t\t\t\t<div class=\"e-con-inner\">\n\t\t\t\t<div class=\"elementor-element elementor-element-65a3218 elementor-widget elementor-widget-image\" data-id=\"65a3218\" data-element_type=\"widget\" data-e-type=\"widget\" data-widget_type=\"image.default\">\n\t\t\t\t\t\t\t\t\t\t\t\t<figure class=\"wp-caption\">\n\t\t\t\t\t\t\t\t\t\t<img decoding=\"async\" width=\"768\" height=\"576\" src=\"https:\/\/soymigrante.com\/revista\/wp-content\/uploads\/2024\/09\/francesca-kennedy-soy-migrante3-768x576.webp\" class=\"attachment-medium_large size-medium_large wp-image-8959\" alt=\"Donaci\u00f3n de agua para ni\u00f1os por iniciativa internacional para apoyar a comunidades vulnerables. Personas usando mascarillas en acto solidario con enfoque en migrantes y ayuda humanitaria.\" srcset=\"https:\/\/soymigrante.com\/revista\/wp-content\/uploads\/2024\/09\/francesca-kennedy-soy-migrante3-768x576.webp 768w, https:\/\/soymigrante.com\/revista\/wp-content\/uploads\/2024\/09\/francesca-kennedy-soy-migrante3-300x225.webp 300w, https:\/\/soymigrante.com\/revista\/wp-content\/uploads\/2024\/09\/francesca-kennedy-soy-migrante3-750x563.webp 750w, https:\/\/soymigrante.com\/revista\/wp-content\/uploads\/2024\/09\/francesca-kennedy-soy-migrante3.webp 960w\" sizes=\"(max-width: 768px) 100vw, 768px\" title=\"francesca kennedy soy migrante3 \u2013 SoyMigrante.com REVISTA\" \/>\t\t\t\t\t\t\t\t\t\t\t<figcaption class=\"widget-image-caption wp-caption-text\">Acci\u00f3n solidaria con agua para ni\u00f1os, migrantes y comunidades vulnerables en M\u00e9xico, promoviendo la cooperaci\u00f3n internacional y el apoyo a personas en situaci\u00f3n de pobreza y necesidad.<\/figcaption>\n\t\t\t\t\t\t\t\t\t\t<\/figure>\n\t\t\t\t\t\t\t\t\t<\/div>\n\t\t\t\t\t<\/div>\n\t\t\t\t<\/div>\n\t\t<div data-particle_enable=\"false\" data-particle-mobile-disabled=\"false\" class=\"elementor-element elementor-element-9fb1f00 e-flex e-con-boxed e-con e-parent\" data-id=\"9fb1f00\" data-element_type=\"container\" data-e-type=\"container\">\n\t\t\t\t\t<div class=\"e-con-inner\">\n\t\t\t\t<div class=\"elementor-element elementor-element-6625d88 elementor-widget elementor-widget-heading\" data-id=\"6625d88\" data-element_type=\"widget\" data-e-type=\"widget\" data-widget_type=\"heading.default\">\n\t\t\t\t\t<h3 class=\"elementor-heading-title elementor-size-default\">El reto de la pandemia<\/h3>\t\t\t\t<\/div>\n\t\t\t\t\t<\/div>\n\t\t\t\t<\/div>\n\t\t<div data-particle_enable=\"false\" data-particle-mobile-disabled=\"false\" class=\"elementor-element elementor-element-c40fd7c e-flex e-con-boxed e-con e-parent\" data-id=\"c40fd7c\" data-element_type=\"container\" data-e-type=\"container\">\n\t\t\t\t\t<div class=\"e-con-inner\">\n\t\t\t\t<div class=\"elementor-element elementor-element-273bfc1 elementor-widget elementor-widget-text-editor\" data-id=\"273bfc1\" data-element_type=\"widget\" data-e-type=\"widget\" data-widget_type=\"text-editor.default\">\n\t\t\t\t\t\t\t\t\t<p>La pandemia tambi\u00e9n afect\u00f3 a Ix Style, por lo que Kennedy se vio obligada a suspender operaciones de exportaci\u00f3n de materia prima que le proporcionaban varias mujeres tejedoras de Atitl\u00e1n.<\/p><p>Kennedy recuerda que esto afect\u00f3 no solo a su empresa sino tambi\u00e9n a las mujeres que depend\u00edan del trabajo que ella les generaba, pues eran ingresos que el grupo de mujeres tejedoras ten\u00edan para el sustento de sus familias.<\/p><p>\u201cLas aduanas cerraron por el Covid. No pod\u00edamos traer nada a Estados Unidos por ello. As\u00ed que tuvimos que cerrar\u201d, refiere Kennedy con nostalgia.<\/p><p>As\u00ed que ella decidi\u00f3 que con lo que a\u00fan ten\u00edan de materia prima en bodega, fabricar\u00edan mascarillas aleg\u00f3ricas a la indumentaria maya. Todas las ganancias obtenidas fueron destinadas para ayudar a las tejedoras que colaboraban con ella.<\/p><p>Recuerda que, durante la pandemia, los hijos de estos dejaron de obtener comida en las escuelas, por el mismo cierre ante la pandemia. As\u00ed que compraron alimentos y con apoyo del proyecto Bolsas de Esperanza, la ayuda lleg\u00f3 a su destino en Atitl\u00e1n.<\/p>\t\t\t\t\t\t\t\t<\/div>\n\t\t\t\t\t<\/div>\n\t\t\t\t<\/div>\n\t\t<div data-particle_enable=\"false\" data-particle-mobile-disabled=\"false\" class=\"elementor-element elementor-element-e6b4ea6 e-flex e-con-boxed e-con e-parent\" data-id=\"e6b4ea6\" data-element_type=\"container\" data-e-type=\"container\">\n\t\t\t\t\t<div class=\"e-con-inner\">\n\t\t\t\t<div class=\"elementor-element elementor-element-76e8414 elementor-widget elementor-widget-testimonial\" data-id=\"76e8414\" data-element_type=\"widget\" data-e-type=\"widget\" data-widget_type=\"testimonial.default\">\n\t\t\t\t\t\t\t<div class=\"elementor-testimonial-wrapper\">\n\t\t\t\t\t\t\t<div class=\"elementor-testimonial-content\">\"Siento que ayudar a Guatemala a trav\u00e9s de la influencia que se tenga es tambi\u00e9n traer soluciones a este bello pa\u00eds\".-\n<\/div>\n\t\t\t\n\t\t\t\t\t\t<div class=\"elementor-testimonial-meta elementor-has-image elementor-testimonial-image-position-aside\">\n\t\t\t\t<div class=\"elementor-testimonial-meta-inner\">\n\t\t\t\t\t\t\t\t\t\t\t<div class=\"elementor-testimonial-image\">\n\t\t\t\t\t\t\t<img loading=\"lazy\" decoding=\"async\" width=\"720\" height=\"720\" src=\"https:\/\/soymigrante.com\/revista\/wp-content\/uploads\/2024\/09\/Francesca-kennedy-soy-migrante.webp\" class=\"attachment-full size-full wp-image-8949\" alt=\"Autora sonriente con ropa casual y accesorios en aeropuerto, compartiendo contenido relacionado con migraci\u00f3n y cultura en SoyMigrante.com REVISTA.\" title=\"Francesca kennedy soy migrante \u2013 SoyMigrante.com REVISTA\" srcset=\"https:\/\/soymigrante.com\/revista\/wp-content\/uploads\/2024\/09\/Francesca-kennedy-soy-migrante.webp 720w, https:\/\/soymigrante.com\/revista\/wp-content\/uploads\/2024\/09\/Francesca-kennedy-soy-migrante-300x300.webp 300w, https:\/\/soymigrante.com\/revista\/wp-content\/uploads\/2024\/09\/Francesca-kennedy-soy-migrante-150x150.webp 150w, https:\/\/soymigrante.com\/revista\/wp-content\/uploads\/2024\/09\/Francesca-kennedy-soy-migrante-75x75.jpg 75w\" sizes=\"(max-width: 720px) 100vw, 720px\" \/>\t\t\t\t\t\t<\/div>\n\t\t\t\t\t\n\t\t\t\t\t\t\t\t\t\t<div class=\"elementor-testimonial-details\">\n\t\t\t\t\t\t\t\t\t\t\t\t\t\t<div class=\"elementor-testimonial-name\">Francesca Kennedy<\/div>\n\t\t\t\t\t\t\t\t\t\t\t\t\t\t\t\t\t\t\t\t\t\t<div class=\"elementor-testimonial-job\">Empresaria<\/div>\n\t\t\t\t\t\t\t\t\t\t\t\t\t<\/div>\n\t\t\t\t\t\t\t\t\t<\/div>\n\t\t\t<\/div>\n\t\t\t\t\t<\/div>\n\t\t\t\t\t\t<\/div>\n\t\t\t\t\t<\/div>\n\t\t\t\t<\/div>\n\t\t<div data-particle_enable=\"false\" data-particle-mobile-disabled=\"false\" class=\"elementor-element elementor-element-a7eeb87 e-flex e-con-boxed e-con e-parent\" data-id=\"a7eeb87\" data-element_type=\"container\" data-e-type=\"container\">\n\t\t\t\t\t<div class=\"e-con-inner\">\n\t\t\t\t<div class=\"elementor-element elementor-element-e203b7d elementor-widget elementor-widget-heading\" data-id=\"e203b7d\" data-element_type=\"widget\" data-e-type=\"widget\" data-widget_type=\"heading.default\">\n\t\t\t\t\t<h3 class=\"elementor-heading-title elementor-size-default\">Visionarios planes<\/h3>\t\t\t\t<\/div>\n\t\t\t\t\t<\/div>\n\t\t\t\t<\/div>\n\t\t<div data-particle_enable=\"false\" data-particle-mobile-disabled=\"false\" class=\"elementor-element elementor-element-4ca7372 e-flex e-con-boxed e-con e-parent\" data-id=\"4ca7372\" data-element_type=\"container\" data-e-type=\"container\">\n\t\t\t\t\t<div class=\"e-con-inner\">\n\t\t\t\t<div class=\"elementor-element elementor-element-1712d0c elementor-widget elementor-widget-text-editor\" data-id=\"1712d0c\" data-element_type=\"widget\" data-e-type=\"widget\" data-widget_type=\"text-editor.default\">\n\t\t\t\t\t\t\t\t\t<p>Pero a pesar de la pandemia, Francesca espera que para el 2025, Ix Style regrese con m\u00e1s fuerza. Traer\u00e1 un nuevo concepto con la venta de sandalias.<\/p><p>Tambi\u00e9n espera terminar de escribir un libro que junto al reconocido fot\u00f3grafo Steve McCurry, quien ya visit\u00f3 Guatemala gracias a la invitaci\u00f3n de Francesca, en el cual tienen contemplado plasmar la multiculturalidad guatemalteca.\u00a0<\/p><p>McCurry es tan solo una de las personalidades que Francesca ha convencido de conocer Guatemala y as\u00ed tambi\u00e9n buscar financiamiento para proyectos que puedan ayudar a rescatar el lago de Atitl\u00e1n.<\/p><p>Como siempre, Francesca a pesar de tener un hogar en Estados Unidos,\u00a0 constantemente invierte tiempo y dinero para apoyar a varias causas en las comunidades de Atitl\u00e1n.\u00a0<\/p><p>&#8220;Estoy encantado de traer de vuelta a Ix Style, m\u00e1s fuerte y con m\u00e1s prop\u00f3sito que nunca. Esto no es solo un relanzamiento, es un compromiso m\u00e1s profundo para crear productos que realmente marquen una diferencia, tanto para el pueblo de Guatemala como para cada uno de nosotros que buscamos m\u00e1s significado para nuestras vidas&#8221;, refiere Kennedy con mucho entusiasmo.<\/p>\t\t\t\t\t\t\t\t<\/div>\n\t\t\t\t\t<\/div>\n\t\t\t\t<\/div>\n\t\t<div data-particle_enable=\"false\" data-particle-mobile-disabled=\"false\" class=\"elementor-element elementor-element-b15a499 e-flex e-con-boxed e-con e-parent\" data-id=\"b15a499\" data-element_type=\"container\" data-e-type=\"container\">\n\t\t\t\t\t<div class=\"e-con-inner\">\n\t\t\t\t<div class=\"elementor-element elementor-element-7304333 elementor-arrows-position-inside elementor-pagination-position-outside elementor-widget elementor-widget-image-carousel\" data-id=\"7304333\" data-element_type=\"widget\" data-e-type=\"widget\" data-settings=\"{&quot;slides_to_show&quot;:&quot;1&quot;,&quot;navigation&quot;:&quot;both&quot;,&quot;autoplay&quot;:&quot;yes&quot;,&quot;pause_on_hover&quot;:&quot;yes&quot;,&quot;pause_on_interaction&quot;:&quot;yes&quot;,&quot;autoplay_speed&quot;:5000,&quot;infinite&quot;:&quot;yes&quot;,&quot;effect&quot;:&quot;slide&quot;,&quot;speed&quot;:500}\" data-widget_type=\"image-carousel.default\">\n\t\t\t\t\t\t\t<div class=\"elementor-image-carousel-wrapper swiper\" role=\"region\" aria-roledescription=\"carousel\" aria-label=\"Carrusel de im\u00e1genes\" dir=\"ltr\">\n\t\t\t<div class=\"elementor-image-carousel swiper-wrapper\" aria-live=\"off\">\n\t\t\t\t\t\t\t\t<div class=\"swiper-slide\" role=\"group\" aria-roledescription=\"slide\" aria-label=\"1 de 4\"><figure class=\"swiper-slide-inner\"><img decoding=\"async\" class=\"swiper-slide-image\" src=\"https:\/\/soymigrante.com\/revista\/wp-content\/uploads\/2024\/09\/ayuda-francesca-kennedy-soy-migrante4.webp\" alt=\"Elaboraci\u00f3n de alimentos y empaquetado en un centro de distribuci\u00f3n para inmigrantes en situaci\u00f3n de vulnerabilidad en M\u00e9xico. D\u00eda de trabajo en equipo y solidaridad en la comunidad migrante.\" \/><figcaption class=\"elementor-image-carousel-caption\">Trabajadoras migrantes en acci\u00f3n en un almac\u00e9n, preparando alimentos y empaquetando productos para ayudar a la comunidad.<\/figcaption><\/figure><\/div><div class=\"swiper-slide\" role=\"group\" aria-roledescription=\"slide\" aria-label=\"2 de 4\"><figure class=\"swiper-slide-inner\"><img decoding=\"async\" class=\"swiper-slide-image\" src=\"https:\/\/soymigrante.com\/revista\/wp-content\/uploads\/2024\/09\/ayuda-francesca-kennedy-soy-migrante5-768x1024.webp\" alt=\"Celebraci\u00f3n multicultural con ni\u00f1os y una mujer en un entorno al aire libre, promoviendo diversidad y comunidad en el contexto de la revista SoyMigrante.com REVISTA.\" \/><figcaption class=\"elementor-image-carousel-caption\">Ni\u00f1os y mujer en una celebraci\u00f3n multicultural con confetti en un entorno exterior, promoviendo diversidad, comunidad y migraci\u00f3n en la revista SoyMigrante.com REVISTA.<\/figcaption><\/figure><\/div><div class=\"swiper-slide\" role=\"group\" aria-roledescription=\"slide\" aria-label=\"3 de 4\"><figure class=\"swiper-slide-inner\"><img decoding=\"async\" class=\"swiper-slide-image\" src=\"https:\/\/soymigrante.com\/revista\/wp-content\/uploads\/2024\/09\/ayuda-francesca-kennedy-soy-migrante3-1.webp\" alt=\"F\u00e1brica de textiles y costura con empleada cosiendo telas tradicionales mexicanas, foco en producci\u00f3n artesanal, empleo y cultura ind\u00edgena, en un entorno de taller de moda y confecci\u00f3n.\" \/><figcaption class=\"elementor-image-carousel-caption\">Trabajadora artesanal creando prendas textiles en taller de costura, promoviendo cultura y arte,textiles tradicionales en comunidad migrante.<\/figcaption><\/figure><\/div><div class=\"swiper-slide\" role=\"group\" aria-roledescription=\"slide\" aria-label=\"4 de 4\"><figure class=\"swiper-slide-inner\"><img decoding=\"async\" class=\"swiper-slide-image\" src=\"https:\/\/soymigrante.com\/revista\/wp-content\/uploads\/2024\/09\/ayuda-francesca-kennedy-soy-migrante3-2-768x576.webp\" alt=\"Jornada deportiva con futbolistas y ni\u00f1os en el campo, con volc\u00e1n en erupci\u00f3n de fondo, promoviendo integraci\u00f3n y deporte en la comunidad en el marco de SoyMigrante.com Revista.\" \/><figcaption class=\"elementor-image-carousel-caption\">Futbolistas y ni\u00f1os en evento deportivo en un estadio con volc\u00e1n activo en el fondo, resaltando la importancia del deporte para la comunidad migrante y local en el contexto de SoyMigrante.com Revista.<\/figcaption><\/figure><\/div>\t\t\t<\/div>\n\t\t\t\t\t\t\t\t\t\t\t\t<div class=\"elementor-swiper-button elementor-swiper-button-prev\" role=\"button\" tabindex=\"0\">\n\t\t\t\t\t\t<i aria-hidden=\"true\" class=\"eicon-chevron-left\"><\/i>\t\t\t\t\t<\/div>\n\t\t\t\t\t<div class=\"elementor-swiper-button elementor-swiper-button-next\" role=\"button\" tabindex=\"0\">\n\t\t\t\t\t\t<i aria-hidden=\"true\" class=\"eicon-chevron-right\"><\/i>\t\t\t\t\t<\/div>\n\t\t\t\t\n\t\t\t\t\t\t\t\t\t<div class=\"swiper-pagination\"><\/div>\n\t\t\t\t\t\t\t\t\t<\/div>\n\t\t\t\t\t\t<\/div>\n\t\t\t\t\t<\/div>\n\t\t\t\t<\/div>\n\t\t<div data-particle_enable=\"false\" data-particle-mobile-disabled=\"false\" class=\"elementor-element elementor-element-16a9f21 e-flex e-con-boxed e-con e-parent\" data-id=\"16a9f21\" data-element_type=\"container\" data-e-type=\"container\">\n\t\t\t\t\t<div class=\"e-con-inner\">\n\t\t\t\t<div class=\"elementor-element elementor-element-57b1102 elementor-widget elementor-widget-text-editor\" data-id=\"57b1102\" data-element_type=\"widget\" data-e-type=\"widget\" data-widget_type=\"text-editor.default\">\n\t\t\t\t\t\t\t\t\t<p>&#8220;Junto con Ix Style, presento algo nuevo: un Diario de Gratitud, dise\u00f1ado para inspirarte a hacer una pausa, reflexionar y retribuir. Este diario es m\u00e1s que una colecci\u00f3n de p\u00e1ginas: es un recordatorio diario de la abundancia que ya poseemos&#8221;, as\u00ed es como Kennedy anuncia la nueva propuesta una renovaci\u00f3n de ideas para su empresa.<\/p>\t\t\t\t\t\t\t\t<\/div>\n\t\t\t\t\t<\/div>\n\t\t\t\t<\/div>\n\t\t<div data-particle_enable=\"false\" data-particle-mobile-disabled=\"false\" class=\"elementor-element elementor-element-51c220b e-flex e-con-boxed e-con e-parent\" data-id=\"51c220b\" data-element_type=\"container\" data-e-type=\"container\">\n\t\t\t\t\t<div class=\"e-con-inner\">\n\t\t\t\t<div class=\"elementor-element elementor-element-887fa15 elementor-widget elementor-widget-heading\" data-id=\"887fa15\" data-element_type=\"widget\" data-e-type=\"widget\" data-widget_type=\"heading.default\">\n\t\t\t\t\t<h3 class=\"elementor-heading-title elementor-size-default\">Un volc\u00e1n de generosidad<\/h3>\t\t\t\t<\/div>\n\t\t\t\t\t<\/div>\n\t\t\t\t<\/div>\n\t\t<div data-particle_enable=\"false\" data-particle-mobile-disabled=\"false\" class=\"elementor-element elementor-element-e2a8443 e-flex e-con-boxed e-con e-parent\" data-id=\"e2a8443\" data-element_type=\"container\" data-e-type=\"container\">\n\t\t\t\t\t<div class=\"e-con-inner\">\n\t\t\t\t<div class=\"elementor-element elementor-element-40350ff elementor-widget elementor-widget-text-editor\" data-id=\"40350ff\" data-element_type=\"widget\" data-e-type=\"widget\" data-widget_type=\"text-editor.default\">\n\t\t\t\t\t\t\t\t\t<p>Este a\u00f1o, despu\u00e9s de estudiar una maestr\u00eda en Econom\u00eda en Londres, decidi\u00f3 viajar a Guatemala\u00a0 en enero \u00faltimo. Junto a familiares y amigos recaud\u00f3 fondos para regalar pizzas y agua pura a socorristas que ayudaron a contrarrestar el incendio forestal que ocurri\u00f3 en el volc\u00e1n de Agua.<\/p><p>Pero eso no fue todo, Kennedy decidi\u00f3 ayudar al colegio Sue\u00f1os para ense\u00f1arles ingl\u00e9s a los estudiantes de ese centro educativo ubicado en\u00a0<a href=\"https:\/\/soymigrante.com\/revista\/tantas-parejas-suenan-con-celebrar-sus-bodas-en-antigua-guatemala\/\" target=\"_blank\" rel=\"noopener\">Antigua Guatemala<\/a>\u00a0y decidi\u00f3 premiarlos llev\u00e1ndolos a ver un partido de futbol de los Panza Verde, equipo local de Sacatep\u00e9quez.\u00a0<\/p><p>\u00a0Y es justo ese \u00edmpetu altruista de Kennedy lo que la lleva a trabajar por este pa\u00eds y retribuir lo que Guatemala le ofrece en cada oportunidad que tiene.<\/p>\t\t\t\t\t\t\t\t<\/div>\n\t\t\t\t\t<\/div>\n\t\t\t\t<\/div>\n\t\t<div data-particle_enable=\"false\" data-particle-mobile-disabled=\"false\" class=\"elementor-element elementor-element-a9f9181 e-flex e-con-boxed e-con e-parent\" data-id=\"a9f9181\" data-element_type=\"container\" data-e-type=\"container\">\n\t\t\t\t\t<div class=\"e-con-inner\">\n\t\t\t\t<div class=\"elementor-element elementor-element-c509e5e elementor-widget elementor-widget-video\" data-id=\"c509e5e\" data-element_type=\"widget\" data-e-type=\"widget\" data-settings=\"{&quot;video_type&quot;:&quot;hosted&quot;,&quot;controls&quot;:&quot;yes&quot;}\" data-widget_type=\"video.default\">\n\t\t\t\t\t\t\t<div class=\"e-hosted-video elementor-wrapper elementor-open-inline\">\n\t\t\t\t\t<video class=\"elementor-video\" src=\"https:\/\/soymigrante.com\/revista\/wp-content\/uploads\/2024\/09\/Francesca-Kennedy-invito-a-ninos-de-un-colegio-antigueno-a-ver-un-partido-de-futbol-de-los-Panza-Verde.mp4\" controls=\"\" preload=\"metadata\" controlsList=\"nodownload\"><\/video>\n\t\t\t\t<\/div>\n\t\t\t\t\t\t<\/div>\n\t\t\t\t\t<\/div>\n\t\t\t\t<\/div>\n\t\t<div data-particle_enable=\"false\" data-particle-mobile-disabled=\"false\" class=\"elementor-element elementor-element-f7ddfa6 e-flex e-con-boxed e-con e-parent\" data-id=\"f7ddfa6\" data-element_type=\"container\" data-e-type=\"container\">\n\t\t\t\t\t<div class=\"e-con-inner\">\n\t\t\t\t<div class=\"elementor-element elementor-element-27c6254 elementor-widget elementor-widget-text-editor\" data-id=\"27c6254\" data-element_type=\"widget\" data-e-type=\"widget\" data-widget_type=\"text-editor.default\">\n\t\t\t\t\t\t\t\t\t<p>\u201cExtra\u00f1o comer mango con chile y lim\u00f3n, disfrutar de la vista de los volcanes, los atardeceres o sus colores\u201d, comparte con sentimiento Francesca al estar lejos de su familia en Guatemala, pa\u00eds por el que siente tanta conexi\u00f3n, por eso ella es la m\u00e1s guatemalteca de los Kennedy.<\/p>\t\t\t\t\t\t\t\t<\/div>\n\t\t\t\t\t<\/div>\n\t\t\t\t<\/div>\n\t\t<div data-particle_enable=\"false\" data-particle-mobile-disabled=\"false\" class=\"elementor-element elementor-element-f0f42bb e-flex e-con-boxed e-con e-parent\" data-id=\"f0f42bb\" data-element_type=\"container\" data-e-type=\"container\">\n\t\t\t\t\t<div class=\"e-con-inner\">\n\t\t\t\t<div class=\"elementor-element elementor-element-4a5f798 elementor-widget elementor-widget-facebook-page\" data-id=\"4a5f798\" data-element_type=\"widget\" data-e-type=\"widget\" data-widget_type=\"facebook-page.default\">\n\t\t\t\t\t<div class=\"elementor-facebook-widget fb-page\" data-href=\"https:\/\/www.facebook.com\/IxStyle\/photos_by\" data-tabs=\"timeline\" data-height=\"500px\" data-width=\"500px\" data-small-header=\"false\" data-hide-cover=\"false\" data-show-facepile=\"true\" data-hide-cta=\"false\" style=\"min-height: 1px;height:500px\"><\/div>\t\t\t\t<\/div>\n\t\t\t\t\t<\/div>\n\t\t\t\t<\/div>\n\t\t<div data-particle_enable=\"false\" data-particle-mobile-disabled=\"false\" class=\"elementor-element elementor-element-79b2689 e-flex e-con-boxed e-con e-parent\" data-id=\"79b2689\" data-element_type=\"container\" data-e-type=\"container\">\n\t\t\t\t\t<div class=\"e-con-inner\">\n\t\t\t\t<div class=\"elementor-element elementor-element-99342c5 elementor-widget elementor-widget-heading\" data-id=\"99342c5\" data-element_type=\"widget\" data-e-type=\"widget\" data-widget_type=\"heading.default\">\n\t\t\t\t\t<h3 class=\"elementor-heading-title elementor-size-default\">Guatemaltecos que dejan huella en USA<\/h3>\t\t\t\t<\/div>\n\t\t\t\t\t<\/div>\n\t\t\t\t<\/div>\n\t\t<div data-particle_enable=\"false\" data-particle-mobile-disabled=\"false\" class=\"elementor-element elementor-element-d3a9c93 e-flex e-con-boxed e-con e-parent\" data-id=\"d3a9c93\" data-element_type=\"container\" data-e-type=\"container\">\n\t\t\t\t\t<div class=\"e-con-inner\">\n\t\t\t\t<div class=\"elementor-element elementor-element-ff75cbf elementor-grid-eael-col-3 elementor-grid-tablet-eael-col-2 elementor-grid-mobile-eael-col-1 elementor-widget elementor-widget-eael-post-grid\" data-id=\"ff75cbf\" data-element_type=\"widget\" data-e-type=\"widget\" data-settings=\"{&quot;eael_post_grid_columns&quot;:&quot;eael-col-3&quot;,&quot;eael_post_grid_columns_tablet&quot;:&quot;eael-col-2&quot;,&quot;eael_post_grid_columns_mobile&quot;:&quot;eael-col-1&quot;}\" data-widget_type=\"eael-post-grid.default\">\n\t\t\t\t\t<div id=\"eael-post-grid-ff75cbf\" class=\"eael-post-grid-container\">\n            <div class=\"eael-post-grid eael-post-appender eael-post-appender-ff75cbf eael-post-grid-style-one\" data-layout-mode=\"masonry\"><article class=\"eael-grid-post  eael-post-grid-column eael-pg-post-4423 category-exitos\" data-id=\"4423\">\n        <div class=\"eael-grid-post-holder\">\n            <div class=\"eael-grid-post-holder-inner\"><div class=\"eael-entry-media\"><div class=\"eael-entry-overlay fade-in\"><i class=\"far fa-hand-pointer\" aria-hidden=\"true\"><\/i><a href=\"https:\/\/soymigrante.com\/revista\/chef-migrante-guatemalteca-veronica-celada-oklahoma-solidaridad-premiada\/\"><\/a><\/div><div class=\"eael-entry-thumbnail \">\n                <img loading=\"lazy\" decoding=\"async\" width=\"720\" height=\"720\" src=\"https:\/\/soymigrante.com\/revista\/wp-content\/uploads\/2024\/08\/veronica-zelada-cafe.webp\" class=\"attachment-large size-large wp-image-8121\" alt=\"Disfruta del arte y la cultura con una mujer mayor vestida con ropa tradicional mexicana y sombrero colorido, sosteniendo una taza de caf\u00e9 en un fondo rojo.\" srcset=\"https:\/\/soymigrante.com\/revista\/wp-content\/uploads\/2024\/08\/veronica-zelada-cafe.webp 720w, https:\/\/soymigrante.com\/revista\/wp-content\/uploads\/2024\/08\/veronica-zelada-cafe-300x300.webp 300w, https:\/\/soymigrante.com\/revista\/wp-content\/uploads\/2024\/08\/veronica-zelada-cafe-150x150.webp 150w, https:\/\/soymigrante.com\/revista\/wp-content\/uploads\/2024\/08\/veronica-zelada-cafe-75x75.webp 75w\" sizes=\"(max-width: 720px) 100vw, 720px\" \/>\n            <\/div>\n        <\/div><div class=\"eael-entry-wrapper\"><header class=\"eael-entry-header\"><h2 class=\"eael-entry-title\"><a class=\"eael-grid-post-link\" href=\"https:\/\/soymigrante.com\/revista\/chef-migrante-guatemalteca-veronica-celada-oklahoma-solidaridad-premiada\/\" title=\"Chef chapina Ver\u00f3nica Zelada es nominada a Mujer del A\u00f1o 2024 en Oklahoma\">Chef chapina Ver\u00f3nica Zelada es nominada a Mujer del A\u00f1o 2024 en Oklahoma<\/a><\/h2><\/header><div class=\"eael-entry-content\">\n                        <div class=\"eael-grid-post-excerpt\"><a href=\"https:\/\/soymigrante.com\/revista\/chef-migrante-guatemalteca-veronica-celada-oklahoma-solidaridad-premiada\/\" class=\"eael-post-elements-readmore-btn\">CONOCE SU HISTORIA <\/a><\/div>\n                    <\/div><\/div><\/div>\n        <\/div>\n    <\/article><article class=\"eael-grid-post  eael-post-grid-column eael-pg-post-6399 category-exitos\" data-id=\"6399\">\n        <div class=\"eael-grid-post-holder\">\n            <div class=\"eael-grid-post-holder-inner\"><div class=\"eael-entry-media\"><div class=\"eael-entry-overlay fade-in\"><i class=\"far fa-hand-pointer\" aria-hidden=\"true\"><\/i><a href=\"https:\/\/soymigrante.com\/revista\/el-chef-yovany-quisquina-fusiona-sabor-y-exito-en-brooklyn-ny\/\"><\/a><\/div><div class=\"eael-entry-thumbnail \">\n                <img loading=\"lazy\" decoding=\"async\" width=\"1024\" height=\"961\" src=\"https:\/\/soymigrante.com\/revista\/wp-content\/uploads\/2024\/05\/Chef-guatemalteco-Yovany-Quisquina-alcanza-exito-en-Estados-Unidos-6-e1715874690942-1024x961.webp\" class=\"attachment-large size-large wp-image-6400\" alt=\"Reconocimiento de chefs hispanos en Nueva York en SoyMigrante.com REVISTA.\" srcset=\"https:\/\/soymigrante.com\/revista\/wp-content\/uploads\/2024\/05\/Chef-guatemalteco-Yovany-Quisquina-alcanza-exito-en-Estados-Unidos-6-e1715874690942-1024x961.webp 1024w, https:\/\/soymigrante.com\/revista\/wp-content\/uploads\/2024\/05\/Chef-guatemalteco-Yovany-Quisquina-alcanza-exito-en-Estados-Unidos-6-e1715874690942-300x282.webp 300w, https:\/\/soymigrante.com\/revista\/wp-content\/uploads\/2024\/05\/Chef-guatemalteco-Yovany-Quisquina-alcanza-exito-en-Estados-Unidos-6-e1715874690942-768x721.webp 768w, https:\/\/soymigrante.com\/revista\/wp-content\/uploads\/2024\/05\/Chef-guatemalteco-Yovany-Quisquina-alcanza-exito-en-Estados-Unidos-6-e1715874690942-750x704.webp 750w, https:\/\/soymigrante.com\/revista\/wp-content\/uploads\/2024\/05\/Chef-guatemalteco-Yovany-Quisquina-alcanza-exito-en-Estados-Unidos-6-e1715874690942-1140x1070.webp 1140w, https:\/\/soymigrante.com\/revista\/wp-content\/uploads\/2024\/05\/Chef-guatemalteco-Yovany-Quisquina-alcanza-exito-en-Estados-Unidos-6-e1715874690942.webp 1450w\" sizes=\"(max-width: 1024px) 100vw, 1024px\" \/>\n            <\/div>\n        <\/div><div class=\"eael-entry-wrapper\"><header class=\"eael-entry-header\"><h2 class=\"eael-entry-title\"><a class=\"eael-grid-post-link\" href=\"https:\/\/soymigrante.com\/revista\/el-chef-yovany-quisquina-fusiona-sabor-y-exito-en-brooklyn-ny\/\" title=\"El chef Yovany Quisquin\u00e1 fusiona sabor y \u00e9xito en Brooklyn, NY\">El chef Yovany Quisquin\u00e1 fusiona sabor y \u00e9xito en Brooklyn, NY<\/a><\/h2><\/header><div class=\"eael-entry-content\">\n                        <div class=\"eael-grid-post-excerpt\"><a href=\"https:\/\/soymigrante.com\/revista\/el-chef-yovany-quisquina-fusiona-sabor-y-exito-en-brooklyn-ny\/\" class=\"eael-post-elements-readmore-btn\">CONOCE SU HISTORIA <\/a><\/div>\n                    <\/div><\/div><\/div>\n        <\/div>\n    <\/article><article class=\"eael-grid-post  eael-post-grid-column eael-pg-post-1118 category-exitos\" data-id=\"1118\">\n        <div class=\"eael-grid-post-holder\">\n            <div class=\"eael-grid-post-holder-inner\"><div class=\"eael-entry-media\"><div class=\"eael-entry-overlay fade-in\"><i class=\"far fa-hand-pointer\" aria-hidden=\"true\"><\/i><a href=\"https:\/\/soymigrante.com\/revista\/migrante-guatemalteco-julio-cota-es-fotografo-en-nueva-york\/\"><\/a><\/div><div class=\"eael-entry-thumbnail \">\n                <img loading=\"lazy\" decoding=\"async\" width=\"400\" height=\"400\" src=\"https:\/\/soymigrante.com\/revista\/wp-content\/uploads\/2023\/06\/SM_7.webp\" class=\"attachment-large size-large wp-image-1167\" alt=\"Julio Cota fotografo migrante en nueva york\" srcset=\"https:\/\/soymigrante.com\/revista\/wp-content\/uploads\/2023\/06\/SM_7.webp 400w, https:\/\/soymigrante.com\/revista\/wp-content\/uploads\/2023\/06\/SM_7-300x300.webp 300w, https:\/\/soymigrante.com\/revista\/wp-content\/uploads\/2023\/06\/SM_7-150x150.webp 150w, https:\/\/soymigrante.com\/revista\/wp-content\/uploads\/2023\/06\/SM_7-75x75.webp 75w\" sizes=\"(max-width: 400px) 100vw, 400px\" \/>\n            <\/div>\n        <\/div><div class=\"eael-entry-wrapper\"><header class=\"eael-entry-header\"><h2 class=\"eael-entry-title\"><a class=\"eael-grid-post-link\" href=\"https:\/\/soymigrante.com\/revista\/migrante-guatemalteco-julio-cota-es-fotografo-en-nueva-york\/\" title=\"Migrante guatemalteco Julio Cota cuenta historias fotogr\u00e1ficas en Nueva York\">Migrante guatemalteco Julio Cota cuenta historias fotogr\u00e1ficas en Nueva York<\/a><\/h2><\/header><div class=\"eael-entry-content\">\n                        <div class=\"eael-grid-post-excerpt\"><a href=\"https:\/\/soymigrante.com\/revista\/migrante-guatemalteco-julio-cota-es-fotografo-en-nueva-york\/\" class=\"eael-post-elements-readmore-btn\">CONOCE SU HISTORIA <\/a><\/div>\n                    <\/div><\/div><\/div>\n        <\/div>\n    <\/article><\/div>\n            <div class=\"clearfix\"><\/div>\n        <\/div>\t\t\t\t<\/div>\n\t\t\t\t\t<\/div>\n\t\t\t\t<\/div>\n\t\t\t\t<\/div>\n\t\t","protected":false},"excerpt":{"rendered":"<p>Francesca naci\u00f3 en EE.UU. pero su mam\u00e1 era guatemalteca. Desde ni\u00f1a, cada a\u00f1o viajaba en fin de a\u00f1o el lago de Atitl\u00e1n, para pasar tiempo con su abuelo, quien le ense\u00f1\u00f3 amar a la Tierra del Quetzal de tal manera que sigue impulsando proyectos de ayuda al pa\u00eds. \u00a0Francesca Kennedy es una exitosa empresaria que [&hellip;]<\/p>\n","protected":false},"author":23,"featured_media":8964,"comment_status":"open","ping_status":"open","sticky":false,"template":"","format":"standard","meta":{"_acf_changed":false,"_eb_attr":"","footnotes":""},"categories":[50],"tags":[],"class_list":["post-8947","post","type-post","status-publish","format-standard","has-post-thumbnail","hentry","category-exitos"],"acf":[],"aioseo_notices":[],"aioseo_head":"\n\t\t<!-- All in One SEO Pro 4.9.6.2 - aioseo.com -->\n\t<meta name=\"description\" content=\"Julio Cota Julajuj, oriundo del caser\u00edo Tierra Linda departamento de Solol\u00e1, llego a Estados Unidos hace tres a\u00f1os y medio. Este migrante guatemalteco trabaj\u00f3 en un restaurantes, pero su pasi\u00f3n y talento es la fotograf\u00eda. Se siente muy orgulloso de ser migrante y guatemalteco. Desde la tierra del paisaje departamento de Solol\u00e1, Julio a la\" \/>\n\t<meta name=\"robots\" content=\"max-snippet:-1, max-image-preview:large, max-video-preview:-1\" \/>\n\t<meta name=\"author\" content=\"Diana Batz\"\/>\n\t<link rel=\"canonical\" href=\"https:\/\/soymigrante.com\/revista\/migrante-guatemalteco-julio-cota-es-fotografo-en-nueva-york\/\" \/>\n\t<meta name=\"generator\" content=\"All in One SEO Pro (AIOSEO) 4.9.6.2\" \/>\n\n\t\t<link rel=\"preconnect\" href=\"https:\/\/fonts.googleapis.com\" crossorigin>\n<link rel=\"preconnect\" href=\"https:\/\/fonts.gstatic.com\" crossorigin>\n\t\t<meta property=\"og:locale\" content=\"es_ES\" \/>\n\t\t<meta property=\"og:site_name\" content=\"SoyMigrante.com REVISTA \u2013 Nuestra misi\u00f3n es reconocer y dignificar al migrante.\" \/>\n\t\t<meta property=\"og:type\" content=\"article\" \/>\n\t\t<meta property=\"og:title\" content=\"Migrante guatemalteco Julio Cota cuenta historias fotogr\u00e1ficas en Nueva York\" \/>\n\t\t<meta property=\"og:description\" content=\"Julio Cota Julajuj, oriundo del caser\u00edo Tierra Linda departamento de Solol\u00e1, llego a Estados Unidos hace tres a\u00f1os y medio. Este migrante guatemalteco trabaj\u00f3 en un restaurantes, pero su pasi\u00f3n y talento es la fotograf\u00eda. Se siente muy orgulloso de ser migrante y guatemalteco. Desde la tierra del paisaje departamento de Solol\u00e1, Julio a la\" \/>\n\t\t<meta property=\"og:url\" content=\"https:\/\/soymigrante.com\/revista\/migrante-guatemalteco-julio-cota-es-fotografo-en-nueva-york\/\" \/>\n\t\t<meta property=\"og:image\" content=\"https:\/\/soymigrante.com\/revista\/wp-content\/uploads\/2023\/06\/SM_7.webp\" \/>\n\t\t<meta property=\"og:image:secure_url\" content=\"https:\/\/soymigrante.com\/revista\/wp-content\/uploads\/2023\/06\/SM_7.webp\" \/>\n\t\t<meta property=\"og:image:width\" content=\"400\" \/>\n\t\t<meta property=\"og:image:height\" content=\"400\" \/>\n\t\t<meta property=\"article:published_time\" content=\"2023-05-31T21:35:39+00:00\" \/>\n\t\t<meta property=\"article:modified_time\" content=\"2024-11-01T12:54:39+00:00\" \/>\n\t\t<meta property=\"article:publisher\" content=\"https:\/\/www.facebook.com\/soymigrantecom\" \/>\n\t\t<meta name=\"twitter:card\" content=\"summary_large_image\" \/>\n\t\t<meta name=\"twitter:site\" content=\"@SoyMigrante_com\" \/>\n\t\t<meta name=\"twitter:title\" content=\"Migrante guatemalteco Julio Cota cuenta historias fotogr\u00e1ficas en Nueva York\" \/>\n\t\t<meta name=\"twitter:description\" content=\"Julio Cota Julajuj, oriundo del caser\u00edo Tierra Linda departamento de Solol\u00e1, llego a Estados Unidos hace tres a\u00f1os y medio. Este migrante guatemalteco trabaj\u00f3 en un restaurantes, pero su pasi\u00f3n y talento es la fotograf\u00eda. Se siente muy orgulloso de ser migrante y guatemalteco. Desde la tierra del paisaje departamento de Solol\u00e1, Julio a la\" \/>\n\t\t<meta name=\"twitter:creator\" content=\"@SoyMigrante_com\" \/>\n\t\t<meta name=\"twitter:image\" content=\"https:\/\/soymigrante.com\/revista\/wp-content\/uploads\/2023\/06\/SM_7.webp\" \/>\n\t\t<!-- All in One SEO Pro -->\r\n\t\t<title>Migrante guatemalteco Julio Cota cuenta historias fotogr\u00e1ficas en Nueva York<\/title>\n\n","aioseo_head_json":{"title":"Migrante guatemalteco Julio Cota cuenta historias fotogr\u00e1ficas en Nueva York","description":"Julio Cota Julajuj, oriundo del caser\u00edo Tierra Linda departamento de Solol\u00e1, llego a Estados Unidos hace tres a\u00f1os y medio. Este migrante guatemalteco trabaj\u00f3 en un restaurantes, pero su pasi\u00f3n y talento es la fotograf\u00eda. Se siente muy orgulloso de ser migrante y guatemalteco. Desde la tierra del paisaje departamento de Solol\u00e1, Julio a la","canonical_url":"https:\/\/soymigrante.com\/revista\/migrante-guatemalteco-julio-cota-es-fotografo-en-nueva-york\/","robots":"max-snippet:-1, max-image-preview:large, max-video-preview:-1","keywords":"","webmasterTools":{"miscellaneous":"&lt;link rel=\"preconnect\" href=\"https:\/\/fonts.googleapis.com\" crossorigin&gt;\n&lt;link rel=\"preconnect\" href=\"https:\/\/fonts.gstatic.com\" crossorigin&gt;"},"schema":null,"og:locale":"es_ES","og:site_name":"SoyMigrante.com REVISTA \u2013 Nuestra misi\u00f3n es reconocer y dignificar al migrante.","og:type":"article","og:title":"Migrante guatemalteco Julio Cota cuenta historias fotogr\u00e1ficas en Nueva York","og:description":"Julio Cota Julajuj, oriundo del caser\u00edo Tierra Linda departamento de Solol\u00e1, llego a Estados Unidos hace tres a\u00f1os y medio. Este migrante guatemalteco trabaj\u00f3 en un restaurantes, pero su pasi\u00f3n y talento es la fotograf\u00eda. Se siente muy orgulloso de ser migrante y guatemalteco. Desde la tierra del paisaje departamento de Solol\u00e1, Julio a la","og:url":"https:\/\/soymigrante.com\/revista\/migrante-guatemalteco-julio-cota-es-fotografo-en-nueva-york\/","og:image":"https:\/\/soymigrante.com\/revista\/wp-content\/uploads\/2023\/06\/SM_7.webp","og:image:secure_url":"https:\/\/soymigrante.com\/revista\/wp-content\/uploads\/2023\/06\/SM_7.webp","og:image:width":400,"og:image:height":400,"article:published_time":"2023-05-31T21:35:39+00:00","article:modified_time":"2024-11-01T12:54:39+00:00","article:publisher":"https:\/\/www.facebook.com\/soymigrantecom","twitter:card":"summary_large_image","twitter:site":"@SoyMigrante_com","twitter:title":"Migrante guatemalteco Julio Cota cuenta historias fotogr\u00e1ficas en Nueva York","twitter:description":"Julio Cota Julajuj, oriundo del caser\u00edo Tierra Linda departamento de Solol\u00e1, llego a Estados Unidos hace tres a\u00f1os y medio. Este migrante guatemalteco trabaj\u00f3 en un restaurantes, pero su pasi\u00f3n y talento es la fotograf\u00eda. Se siente muy orgulloso de ser migrante y guatemalteco. Desde la tierra del paisaje departamento de Solol\u00e1, Julio a la","twitter:creator":"@SoyMigrante_com","twitter:image":"https:\/\/soymigrante.com\/revista\/wp-content\/uploads\/2023\/06\/SM_7.webp"},"aioseo_meta_data":{"post_id":"8947","title":"Francesca Kennedy y su conexi\u00f3n inquebrantable con Guatemala","description":"Cada a\u00f1o en Acci\u00f3n de Gracias visitaba la casa de su abuelo en el lago de Atitl\u00e1n. As\u00ed naci\u00f3 su af\u00e1n de impulsar desarrollo y la conservaci\u00f3n de esta joya guatemalteca.","keywords":null,"keyphrases":{"focus":{"keyphrase":"Atitl\u00e1n","score":82,"analysis":{"keyphraseInTitle":{"score":3,"maxScore":9,"error":1},"keyphraseInDescription":{"score":9,"maxScore":9,"error":0},"keyphraseLength":{"score":9,"maxScore":9,"error":0,"length":2},"keyphraseInURL":{"score":5,"maxScore":5,"error":0},"keyphraseInIntroduction":{"score":9,"maxScore":9,"error":0},"keyphraseInSubHeadings":{"score":3,"maxScore":9,"error":1},"keyphraseInImageAlt":{"score":9,"maxScore":9,"error":0},"keywordDensity":{"type":"best","score":9,"maxScore":9,"error":0}}},"additional":[{"keyphrase":"Guatemala","score":73,"analysis":{"keyphraseInDescription":{"score":3,"maxScore":9,"error":1},"keyphraseLength":{"score":9,"maxScore":9,"error":0,"length":1},"keyphraseInIntroduction":{"score":3,"maxScore":9,"error":1},"keyphraseInImageAlt":{"score":9,"maxScore":9,"error":0},"keywordDensity":{"type":"best","score":9,"maxScore":9,"error":0}}}]},"primary_term":null,"canonical_url":null,"og_title":null,"og_description":null,"og_object_type":"default","og_image_type":"default","og_image_url":null,"og_image_width":null,"og_image_height":null,"og_image_custom_url":null,"og_image_custom_fields":null,"og_video":"","og_custom_url":null,"og_article_section":null,"og_article_tags":null,"twitter_use_og":false,"twitter_card":"default","twitter_image_type":"default","twitter_image_url":null,"twitter_image_custom_url":null,"twitter_image_custom_fields":null,"twitter_title":null,"twitter_description":null,"schema":{"blockGraphs":[],"customGraphs":[],"default":{"data":{"Article":[],"Course":[],"Dataset":[],"FAQPage":[],"Movie":[],"Person":[],"Product":[],"ProductReview":[],"Car":[],"Recipe":[],"Service":[],"SoftwareApplication":[],"WebPage":[]},"graphName":"Article","isEnabled":true},"graphs":[]},"schema_type":"default","schema_type_options":null,"pillar_content":false,"robots_default":true,"robots_noindex":false,"robots_noarchive":false,"robots_nosnippet":false,"robots_nofollow":false,"robots_noimageindex":false,"robots_noodp":false,"robots_notranslate":false,"robots_max_snippet":"-1","robots_max_videopreview":"-1","robots_max_imagepreview":"large","priority":null,"frequency":"default","local_seo":null,"seo_analyzer_scan_date":"2025-10-08 22:58:20","breadcrumb_settings":null,"limit_modified_date":false,"reviewed_by":null,"open_ai":"{\"title\":{\"suggestions\":[],\"usage\":0},\"description\":{\"suggestions\":[],\"usage\":0}}","ai":null,"created":"2024-09-10 01:35:12","updated":"2026-02-04 12:58:44"},"aioseo_breadcrumb":"<div class=\"aioseo-breadcrumbs\"><span class=\"aioseo-breadcrumb\">\n\t<a href=\"https:\/\/soymigrante.com\/revista\" title=\"Home\">Home<\/a>\n<\/span><span class=\"aioseo-breadcrumb-separator\">\u00bb<\/span><span class=\"aioseo-breadcrumb\">\n\t<a href=\"https:\/\/soymigrante.com\/revista\/category\/exitos\/\" title=\"\u00c9xitos\">\u00c9xitos<\/a>\n<\/span><span class=\"aioseo-breadcrumb-separator\">\u00bb<\/span><span class=\"aioseo-breadcrumb\">\n\tLa empresaria Francesca Kennedy y su conexi\u00f3n inquebrantable con Atitl\u00e1n\n<\/span><\/div>","aioseo_breadcrumb_json":[{"label":"Home","link":"https:\/\/soymigrante.com\/revista"},{"label":"\u00c9xitos","link":"https:\/\/soymigrante.com\/revista\/category\/exitos\/"},{"label":"La empresaria Francesca Kennedy y su conexi\u00f3n inquebrantable con Atitl\u00e1n","link":"https:\/\/soymigrante.com\/revista\/la-empresaria-francesca-kennedy-y-su-conexion-inquebrantable-con-atitlan\/"}],"_links":{"self":[{"href":"https:\/\/soymigrante.com\/revista\/wp-json\/wp\/v2\/posts\/8947","targetHints":{"allow":["GET"]}}],"collection":[{"href":"https:\/\/soymigrante.com\/revista\/wp-json\/wp\/v2\/posts"}],"about":[{"href":"https:\/\/soymigrante.com\/revista\/wp-json\/wp\/v2\/types\/post"}],"author":[{"embeddable":true,"href":"https:\/\/soymigrante.com\/revista\/wp-json\/wp\/v2\/users\/23"}],"replies":[{"embeddable":true,"href":"https:\/\/soymigrante.com\/revista\/wp-json\/wp\/v2\/comments?post=8947"}],"version-history":[{"count":0,"href":"https:\/\/soymigrante.com\/revista\/wp-json\/wp\/v2\/posts\/8947\/revisions"}],"wp:featuredmedia":[{"embeddable":true,"href":"https:\/\/soymigrante.com\/revista\/wp-json\/wp\/v2\/media\/8964"}],"wp:attachment":[{"href":"https:\/\/soymigrante.com\/revista\/wp-json\/wp\/v2\/media?parent=8947"}],"wp:term":[{"taxonomy":"category","embeddable":true,"href":"https:\/\/soymigrante.com\/revista\/wp-json\/wp\/v2\/categories?post=8947"},{"taxonomy":"post_tag","embeddable":true,"href":"https:\/\/soymigrante.com\/revista\/wp-json\/wp\/v2\/tags?post=8947"}],"curies":[{"name":"wp","href":"https:\/\/api.w.org\/{rel}","templated":true}]}}