{"id":8938,"date":"2024-09-20T11:16:41","date_gmt":"2024-09-20T17:16:41","guid":{"rendered":"https:\/\/soymigrante.com\/revista\/?p=8938"},"modified":"2024-10-02T14:38:27","modified_gmt":"2024-10-02T20:38:27","slug":"el-pueblo-mam-brilla-crece-y-se-expresa-fiel-a-sus-raices-de-identidad","status":"publish","type":"post","link":"https:\/\/soymigrante.com\/revista\/el-pueblo-mam-brilla-crece-y-se-expresa-fiel-a-sus-raices-de-identidad\/","title":{"rendered":"El pueblo Mam trabaja, crece y vive fiel a sus ra\u00edces de identidad"},"content":{"rendered":"\t\t<div data-elementor-type=\"wp-post\" data-elementor-id=\"8938\" class=\"elementor elementor-8938\" data-elementor-post-type=\"post\">\n\t\t\t\t<div data-particle_enable=\"false\" data-particle-mobile-disabled=\"false\" class=\"elementor-element elementor-element-2f4945c e-flex e-con-boxed e-con e-parent\" data-id=\"2f4945c\" data-element_type=\"container\" data-e-type=\"container\">\n\t\t\t\t\t<div class=\"e-con-inner\">\n\t\t\t\t<div class=\"elementor-element elementor-element-81b6dfa elementor-widget elementor-widget-heading\" data-id=\"81b6dfa\" data-element_type=\"widget\" data-e-type=\"widget\" data-widget_type=\"heading.default\">\n\t\t\t\t\t<h2 class=\"elementor-heading-title elementor-size-default\">Comunidades Mam han poblado la sierra de Los Cuchumatanes desde hace 2 mil a\u00f1os y su capital hist\u00f3rica fue Xinabajul. Sus expresiones  se han diversificado, pero mantienen su hist\u00f3rico apego a la Tierra, respeto a la comunidad y un gran esp\u00edritu de trabajo.<\/h2>\t\t\t\t<\/div>\n\t\t\t\t\t<\/div>\n\t\t\t\t<\/div>\n\t\t<div data-particle_enable=\"false\" data-particle-mobile-disabled=\"false\" class=\"elementor-element elementor-element-f6b7a52 e-flex e-con-boxed e-con e-parent\" data-id=\"f6b7a52\" data-element_type=\"container\" data-e-type=\"container\">\n\t\t\t\t\t<div class=\"e-con-inner\">\n\t\t\t\t<div class=\"elementor-element elementor-element-1346b7f elementor-widget elementor-widget-text-editor\" data-id=\"1346b7f\" data-element_type=\"widget\" data-e-type=\"widget\" data-widget_type=\"text-editor.default\">\n\t\t\t\t\t\t\t\t\t<p>La comunidad mam ha poblado la sierra de Los Cuchumatanes desde hace 2 mil a\u00f1os aproximadamente. En el a\u00f1o 400 despu\u00e9s de Cristo, la ciudad de Xinabajul,\u00a0 era el centro pol\u00edtico, administrativo, econ\u00f3mico y religioso m\u00e1s importante de la regi\u00f3n.\u00a0\u00a0<span style=\"color: var( --e-global-color-text ); text-align: var(--text-align);\">En el idioma k\u2019iche\u2019 este lugar era llamado Zaculeu, que significa \u201cTierra Blanca\u201d.<\/span><\/p><p>Los mam tambi\u00e9n ocuparon Pujertinamit, Pueblo Viejo Momostenango, Tzabala y Ojertinamit.\u00a0 Sus ciudades o \u201ctinamit\u201d eran amuralladas, rodeadas de monta\u00f1as y barrancos.\u00a0<\/p><p>En 1525 Gonzalo de Alvarado, hermano de Pedro de Alvarado, invadi\u00f3 y atac\u00f3 el territorio que hoy es Huehuetenango cuyo cacique era Kayb\u2019il B\u2019alam, quien con sus tropas y otras provenientes de Todos\u00a0 Santos, Santiago Chimaltenango y San Juan Atit\u00e1n, lograron resistir largamente a la invasi\u00f3n.<\/p><p>Seg\u00fan datos del censo 2018, la poblaci\u00f3n maya Mam de Guatemala es de 590 mil habitantes.<\/p>\t\t\t\t\t\t\t\t<\/div>\n\t\t\t\t\t<\/div>\n\t\t\t\t<\/div>\n\t\t<div data-particle_enable=\"false\" data-particle-mobile-disabled=\"false\" class=\"elementor-element elementor-element-b9f9f64 e-flex e-con-boxed e-con e-parent\" data-id=\"b9f9f64\" data-element_type=\"container\" data-e-type=\"container\">\n\t\t\t\t\t<div class=\"e-con-inner\">\n\t\t\t\t<div class=\"elementor-element elementor-element-e751d38 elementor-widget elementor-widget-image\" data-id=\"e751d38\" data-element_type=\"widget\" data-e-type=\"widget\" data-widget_type=\"image.default\">\n\t\t\t\t\t\t\t\t\t\t\t\t<figure class=\"wp-caption\">\n\t\t\t\t\t\t\t\t\t\t<img fetchpriority=\"high\" decoding=\"async\" width=\"485\" height=\"383\" src=\"https:\/\/soymigrante.com\/revista\/wp-content\/uploads\/2024\/09\/mapa-area-linguista-maya-mam.webp\" class=\"attachment-large size-large wp-image-8943\" alt=\"Amplia variedad de art\u00edculos, entrevistas y noticias sobre migraci\u00f3n y cultura en la revista SoyMigrante.com, una referencia para migrantes y comunidades hispanas en el mundo.\" srcset=\"https:\/\/soymigrante.com\/revista\/wp-content\/uploads\/2024\/09\/mapa-area-linguista-maya-mam.webp 485w, https:\/\/soymigrante.com\/revista\/wp-content\/uploads\/2024\/09\/mapa-area-linguista-maya-mam-300x237.webp 300w\" sizes=\"(max-width: 485px) 100vw, 485px\" title=\"Mapa de la principal \u00e1rea poblada por comunidades del pueblo Mam  (Mapa Direcci\u00f3n General de Educaci\u00f3n Biling\u00fce Intercultural, Mineduc) \u2013 SoyMigrante.com REVISTA\" \/>\t\t\t\t\t\t\t\t\t\t\t<figcaption class=\"widget-image-caption wp-caption-text\">Documentaci\u00f3n completa sobre la situaci\u00f3n migratoria en Honduras con mapas y an\u00e1lisis.<\/figcaption>\n\t\t\t\t\t\t\t\t\t\t<\/figure>\n\t\t\t\t\t\t\t\t\t<\/div>\n\t\t\t\t\t<\/div>\n\t\t\t\t<\/div>\n\t\t<div data-particle_enable=\"false\" data-particle-mobile-disabled=\"false\" class=\"elementor-element elementor-element-6539d58 e-flex e-con-boxed e-con e-parent\" data-id=\"6539d58\" data-element_type=\"container\" data-e-type=\"container\">\n\t\t\t\t\t<div class=\"e-con-inner\">\n\t\t\t\t<div class=\"elementor-element elementor-element-7a37390 elementor-widget elementor-widget-heading\" data-id=\"7a37390\" data-element_type=\"widget\" data-e-type=\"widget\" data-widget_type=\"heading.default\">\n\t\t\t\t\t<h2 class=\"elementor-heading-title elementor-size-default\">Geograf\u00eda de la comunidad Mam<\/h2>\t\t\t\t<\/div>\n\t\t\t\t\t<\/div>\n\t\t\t\t<\/div>\n\t\t<div data-particle_enable=\"false\" data-particle-mobile-disabled=\"false\" class=\"elementor-element elementor-element-10ba70a e-flex e-con-boxed e-con e-parent\" data-id=\"10ba70a\" data-element_type=\"container\" data-e-type=\"container\">\n\t\t\t\t\t<div class=\"e-con-inner\">\n\t\t\t\t<div class=\"elementor-element elementor-element-73a2e8b elementor-tabs-view-vertical elementor-widget elementor-widget-tabs\" data-id=\"73a2e8b\" data-element_type=\"widget\" data-e-type=\"widget\" data-widget_type=\"tabs.default\">\n\t\t\t\t\t\t\t<div class=\"elementor-tabs\">\n\t\t\t<div class=\"elementor-tabs-wrapper\" role=\"tablist\" >\n\t\t\t\t\t\t\t\t\t<div id=\"elementor-tab-title-1211\" class=\"elementor-tab-title elementor-tab-desktop-title\" aria-selected=\"true\" data-tab=\"1\" role=\"tab\" tabindex=\"0\" aria-controls=\"elementor-tab-content-1211\" aria-expanded=\"false\">Huehuetenango<\/div>\n\t\t\t\t\t\t\t\t\t<div id=\"elementor-tab-title-1212\" class=\"elementor-tab-title elementor-tab-desktop-title\" aria-selected=\"false\" data-tab=\"2\" role=\"tab\" tabindex=\"-1\" aria-controls=\"elementor-tab-content-1212\" aria-expanded=\"false\">San Marcos<\/div>\n\t\t\t\t\t\t\t\t\t<div id=\"elementor-tab-title-1213\" class=\"elementor-tab-title elementor-tab-desktop-title\" aria-selected=\"false\" data-tab=\"3\" role=\"tab\" tabindex=\"-1\" aria-controls=\"elementor-tab-content-1213\" aria-expanded=\"false\">Quetzaltenango<\/div>\n\t\t\t\t\t\t\t\t\t<div id=\"elementor-tab-title-1214\" class=\"elementor-tab-title elementor-tab-desktop-title\" aria-selected=\"false\" data-tab=\"4\" role=\"tab\" tabindex=\"-1\" aria-controls=\"elementor-tab-content-1214\" aria-expanded=\"false\">Retalhuleu<\/div>\n\t\t\t\t\t\t\t<\/div>\n\t\t\t<div class=\"elementor-tabs-content-wrapper\" role=\"tablist\" aria-orientation=\"vertical\">\n\t\t\t\t\t\t\t\t\t<div class=\"elementor-tab-title elementor-tab-mobile-title\" aria-selected=\"true\" data-tab=\"1\" role=\"tab\" tabindex=\"0\" aria-controls=\"elementor-tab-content-1211\" aria-expanded=\"false\">Huehuetenango<\/div>\n\t\t\t\t\t<div id=\"elementor-tab-content-1211\" class=\"elementor-tab-content elementor-clearfix\" data-tab=\"1\" role=\"tabpanel\" aria-labelledby=\"elementor-tab-title-1211\" tabindex=\"0\" hidden=\"false\"><p>San Ildefonso Ixtahuac\u00e1n, Cuilco, San Pedro Necta, Todos Santos Cuchumat\u00e1n, San Rafael Petzal, Colotenango, Santa B\u00e1rbara, San Juan Atit\u00e1n, San Gaspar Ixchil, La Libertad, La Democracia, Huehuetenango cabecera, Santiago Chimaltenango y Partes de: Tectit\u00e1n, San Sebasti\u00e1n, Malacatancito, Aguacat\u00e1n, Chiantla, San Juan Ixcoy.<\/p><\/div>\n\t\t\t\t\t\t\t\t\t<div class=\"elementor-tab-title elementor-tab-mobile-title\" aria-selected=\"false\" data-tab=\"2\" role=\"tab\" tabindex=\"-1\" aria-controls=\"elementor-tab-content-1212\" aria-expanded=\"false\">San Marcos<\/div>\n\t\t\t\t\t<div id=\"elementor-tab-content-1212\" class=\"elementor-tab-content elementor-clearfix\" data-tab=\"2\" role=\"tabpanel\" aria-labelledby=\"elementor-tab-title-1212\" tabindex=\"0\" hidden=\"hidden\"><p>San Antonio Sacatep\u00e9quez, San Lorenzo, Tejutla, San Rafael Pie de la Cuesta, San Pedro Sacatep\u00e9quez, La Reforma, El Quetzal, Sibinal, San Jos\u00e9 Ojetenam, Pajapita, San Crist\u00f3bal Cucho, Nuevo Progreso, San Marcos cabecera, Concepci\u00f3n Tutuapa, San Pablo, Ixchigu\u00e1n, San Miguel Ixtahuac\u00e1n, Tacan\u00e1, Tajumulco, Catarina, Esquipulas Palo Gordo, Malacat\u00e1n, R\u00edo Blanco y Comitancillo.<\/p><\/div>\n\t\t\t\t\t\t\t\t\t<div class=\"elementor-tab-title elementor-tab-mobile-title\" aria-selected=\"false\" data-tab=\"3\" role=\"tab\" tabindex=\"-1\" aria-controls=\"elementor-tab-content-1213\" aria-expanded=\"false\">Quetzaltenango<\/div>\n\t\t\t\t\t<div id=\"elementor-tab-content-1213\" class=\"elementor-tab-content elementor-clearfix\" data-tab=\"3\" role=\"tabpanel\" aria-labelledby=\"elementor-tab-title-1213\" tabindex=\"0\" hidden=\"hidden\"><p>San Miguel Sig\u00fcil\u00e1, Concepci\u00f3n Chiquirichapa, G\u00e9nova, El Palmar, San Juan Ostuncalco, Cajol\u00e1, San Mart\u00edn Sacatep\u00e9quez, Colomba, Flores Costa Cuca, Huit\u00e1n, Palestina de los Altos y Cabric\u00e1n.<\/p><\/div>\n\t\t\t\t\t\t\t\t\t<div class=\"elementor-tab-title elementor-tab-mobile-title\" aria-selected=\"false\" data-tab=\"4\" role=\"tab\" tabindex=\"-1\" aria-controls=\"elementor-tab-content-1214\" aria-expanded=\"false\">Retalhuleu<\/div>\n\t\t\t\t\t<div id=\"elementor-tab-content-1214\" class=\"elementor-tab-content elementor-clearfix\" data-tab=\"4\" role=\"tabpanel\" aria-labelledby=\"elementor-tab-title-1214\" tabindex=\"0\" hidden=\"hidden\"><p>Aldea El Xaw, El Asintal; Santa In\u00e9s, Siban\u00e1, San Miguelito, Nueva Cajol\u00e1 y San Roque.<\/p><\/div>\n\t\t\t\t\t\t\t<\/div>\n\t\t<\/div>\n\t\t\t\t\t\t<\/div>\n\t\t\t\t\t<\/div>\n\t\t\t\t<\/div>\n\t\t<div data-particle_enable=\"false\" data-particle-mobile-disabled=\"false\" class=\"elementor-element elementor-element-e123929 e-flex e-con-boxed e-con e-parent\" data-id=\"e123929\" data-element_type=\"container\" data-e-type=\"container\">\n\t\t\t\t\t<div class=\"e-con-inner\">\n\t\t\t\t<div class=\"elementor-element elementor-element-d6893f2 elementor-widget elementor-widget-heading\" data-id=\"d6893f2\" data-element_type=\"widget\" data-e-type=\"widget\" data-widget_type=\"heading.default\">\n\t\t\t\t\t<h2 class=\"elementor-heading-title elementor-size-default\">Identidad Mam se mantiene<\/h2>\t\t\t\t<\/div>\n\t\t\t\t\t<\/div>\n\t\t\t\t<\/div>\n\t\t<div data-particle_enable=\"false\" data-particle-mobile-disabled=\"false\" class=\"elementor-element elementor-element-9d84dd4 e-flex e-con-boxed e-con e-parent\" data-id=\"9d84dd4\" data-element_type=\"container\" data-e-type=\"container\">\n\t\t\t\t\t<div class=\"e-con-inner\">\n\t\t\t\t<div class=\"elementor-element elementor-element-e2819ca elementor-widget elementor-widget-text-editor\" data-id=\"e2819ca\" data-element_type=\"widget\" data-e-type=\"widget\" data-widget_type=\"text-editor.default\">\n\t\t\t\t\t\t\t\t\t<p>Los conquistadores espa\u00f1oles introdujeron formas\u00a0 distintas de\u00a0 administraci\u00f3n en las poblaciones. En 1549, Pedro Ram\u00edrez Qui\u00f1\u00f3nez, orden\u00f3 que las personas que viv\u00edan dispersas se concentraran en pueblos para facilitar el control pol\u00edtico y administrativo. Esto dio como resultado la p\u00e9rdida de una parte de la organizaci\u00f3n social mam.\u00a0\u00a0<\/p><p>Las tierras se repartieron a \u201cencomenderos\u201d, quienes por mandato del Rey deb\u00edan cristianizar a la poblaci\u00f3n, pero al mismo tiempo cobraban tributos y esclavizaban a los ind\u00edgenas.\u00a0<\/p><p>Aunque se produjo una cristianizaci\u00f3n de la poblaci\u00f3n sobrevivieron creencias culturales y religiosas ancestrales, que fueron prohibidas e incluso castigadas. A pesar de esta prohibici\u00f3n sobrevivi\u00f3 el calendario Tzolkin de 18 meses y 260 d\u00edas que hoy rige la\u00a0 actividad agr\u00edcola, de gran significado para la poblaci\u00f3n maya.<\/p><p>Con las divisiones geogr\u00e1ficas creadas en el siglo XIX, el \u00e1rea mam qued\u00f3 dividida entre Huehuetenango, la mayor parte, Totonicap\u00e1n y Quetzaltenango.<\/p><p>\u00a0<\/p>\t\t\t\t\t\t\t\t<\/div>\n\t\t\t\t\t<\/div>\n\t\t\t\t<\/div>\n\t\t<div data-particle_enable=\"false\" data-particle-mobile-disabled=\"false\" class=\"elementor-element elementor-element-300191f e-flex e-con-boxed e-con e-parent\" data-id=\"300191f\" data-element_type=\"container\" data-e-type=\"container\">\n\t\t\t\t\t<div class=\"e-con-inner\">\n\t\t\t\t<div class=\"elementor-element elementor-element-35aa865 elementor-widget elementor-widget-image\" data-id=\"35aa865\" data-element_type=\"widget\" data-e-type=\"widget\" data-widget_type=\"image.default\">\n\t\t\t\t\t\t\t\t\t\t\t\t<figure class=\"wp-caption\">\n\t\t\t\t\t\t\t\t\t\t\t<a href=\"https:\/\/soymigrante.com\/revista\/carrera-de-todos-santos-cuchumatan-un-icono-de-guatemala-y-de-la-cultura-mam\/\">\n\t\t\t\t\t\t\t<img decoding=\"async\" width=\"768\" height=\"768\" src=\"https:\/\/soymigrante.com\/revista\/wp-content\/uploads\/2024\/09\/pueblo-mam-2-1-1024x1024.webp\" class=\"attachment-large size-large wp-image-8944\" alt=\"Caballo y charros en competencia tradicional en festivales mexicanos, reflejando cultura y tradiciones del pa\u00eds.\" srcset=\"https:\/\/soymigrante.com\/revista\/wp-content\/uploads\/2024\/09\/pueblo-mam-2-1-1024x1024.webp 1024w, https:\/\/soymigrante.com\/revista\/wp-content\/uploads\/2024\/09\/pueblo-mam-2-1-300x300.webp 300w, https:\/\/soymigrante.com\/revista\/wp-content\/uploads\/2024\/09\/pueblo-mam-2-1-150x150.webp 150w, https:\/\/soymigrante.com\/revista\/wp-content\/uploads\/2024\/09\/pueblo-mam-2-1-768x768.webp 768w, https:\/\/soymigrante.com\/revista\/wp-content\/uploads\/2024\/09\/pueblo-mam-2-1-75x75.webp 75w, https:\/\/soymigrante.com\/revista\/wp-content\/uploads\/2024\/09\/pueblo-mam-2-1-750x750.webp 750w, https:\/\/soymigrante.com\/revista\/wp-content\/uploads\/2024\/09\/pueblo-mam-2-1-1140x1140.webp 1140w, https:\/\/soymigrante.com\/revista\/wp-content\/uploads\/2024\/09\/pueblo-mam-2-1.webp 1440w\" sizes=\"(max-width: 768px) 100vw, 768px\" title=\"Las tradicionales carreras de caballos en Todos Santos Cuchumat\u00e1n, Huehuetenango, celebradas cada 1 y 2 de noviembre, son un aut\u00e9ntico rito de libertad pues evoca c\u00f3mo los antepasados le quitaron los caballos a los conquistadores. (Fotograf\u00eda ABel Ju\u00e1rez) \u2013 SoyMigrante.com REVISTA\" \/>\t\t\t\t\t\t\t\t<\/a>\n\t\t\t\t\t\t\t\t\t\t\t<figcaption class=\"widget-image-caption wp-caption-text\">Celebraci\u00f3n de identidad cultural mexicana con espect\u00e1culo de caballos y charros en un evento festivo.<\/figcaption>\n\t\t\t\t\t\t\t\t\t\t<\/figure>\n\t\t\t\t\t\t\t\t\t<\/div>\n\t\t\t\t\t<\/div>\n\t\t\t\t<\/div>\n\t\t<div data-particle_enable=\"false\" data-particle-mobile-disabled=\"false\" class=\"elementor-element elementor-element-ae07cbb e-flex e-con-boxed e-con e-parent\" data-id=\"ae07cbb\" data-element_type=\"container\" data-e-type=\"container\">\n\t\t\t\t\t<div class=\"e-con-inner\">\n\t\t\t\t<div class=\"elementor-element elementor-element-b0499f7 elementor-widget elementor-widget-heading\" data-id=\"b0499f7\" data-element_type=\"widget\" data-e-type=\"widget\" data-widget_type=\"heading.default\">\n\t\t\t\t\t<h3 class=\"elementor-heading-title elementor-size-default\">Valores y tradici\u00f3n Mam<\/h3>\t\t\t\t<\/div>\n\t\t\t\t\t<\/div>\n\t\t\t\t<\/div>\n\t\t<div data-particle_enable=\"false\" data-particle-mobile-disabled=\"false\" class=\"elementor-element elementor-element-97c1f1d e-flex e-con-boxed e-con e-parent\" data-id=\"97c1f1d\" data-element_type=\"container\" data-e-type=\"container\">\n\t\t\t\t\t<div class=\"e-con-inner\">\n\t\t\t\t<div class=\"elementor-element elementor-element-ff858a4 elementor-widget elementor-widget-text-editor\" data-id=\"ff858a4\" data-element_type=\"widget\" data-e-type=\"widget\" data-widget_type=\"text-editor.default\">\n\t\t\t\t\t\t\t\t\t<p><span style=\"color: var( --e-global-color-text ); text-align: var(--text-align);\">El matrimonio se considera sagrado en las familias. Los ovios deben cumplir con respeto y obediencia este compromiso. Una pareja se compromete directamente con Dios, con sus padres, abuelos, hermanos, padrinos y con los ancianos.\u00a0\u00a0<\/span><\/p><p>Tradicionalmente un joven que deseaba casarse deb\u00eda pedir permiso a su pap\u00e1, despu\u00e9s lograr autorizaci\u00f3n de los padres de la novia. Si ella aceptaba, se le daba una cantidad de dinero para oficializar el compromiso \u201cjte ch\u2019in we nch\u2019umil\u201d y se acordaba cu\u00e1ndo se iba a realizar la \u201cpedida\u201d.<\/p><p>Hab\u00edan varias visitas. En la primera el novio era acompa\u00f1ado de\u00a0 sus padres, abuelos y algunos t\u00edos. Llevaba pan, panela y dinero para costear los gastos en que incurrir\u00e1 la\u00a0 familia de la novia. En la\u00a0 segunda a visita se fijaba la fecha de la boda y se conced\u00eda permiso al novio para visitar a la enamorada.\u00a0 La ceremonia la presid\u00eda un anciano de reconocida honorabilidad en la comunidad. Los\u00a0 novios de rodillas en el suelo, o\u00edan consejos\u00a0 de\u00a0 familiares que los rodeaban.\u00a0<\/p><p>Desde la antig\u00fcedad cada\u00a0 monta\u00f1a, cerro, cueva\u00a0 o monte tiene un nombre y un esp\u00edritu que los mames llaman \u201cdue\u00f1o\u201d.\u00a0 Los sacerdotes rezan y celebran rituales en estos lugares para pedir ayuda a los esp\u00edritus.\u00a0<\/p><p>A los 20 d\u00edas de nacido un ni\u00f1o un sacerdote maya \u201csembraba\u201d su vida, en el cerro \u201cTwutz anq\u2019b\u2019il\u201d o \u201cTxe Xoch\u201d.\u00a0 En esta ceremonia se rogaba por su protecci\u00f3n, salud y rectitud de la persona y se agradec\u00eda al Dios Mundo la vida de ese ni\u00f1o.\u00a0<\/p><p>\u00a0<\/p>\t\t\t\t\t\t\t\t<\/div>\n\t\t\t\t\t<\/div>\n\t\t\t\t<\/div>\n\t\t<div data-particle_enable=\"false\" data-particle-mobile-disabled=\"false\" class=\"elementor-element elementor-element-b6c2d0c e-flex e-con-boxed e-con e-parent\" data-id=\"b6c2d0c\" data-element_type=\"container\" data-e-type=\"container\">\n\t\t\t\t\t<div class=\"e-con-inner\">\n\t\t\t\t<div class=\"elementor-element elementor-element-2747266 elementor-widget elementor-widget-video\" data-id=\"2747266\" data-element_type=\"widget\" data-e-type=\"widget\" data-settings=\"{&quot;youtube_url&quot;:&quot;https:\\\/\\\/www.youtube.com\\\/watch?v=uUtJQ2CcuC0&quot;,&quot;start&quot;:34,&quot;video_type&quot;:&quot;youtube&quot;,&quot;controls&quot;:&quot;yes&quot;}\" data-widget_type=\"video.default\">\n\t\t\t\t\t\t\t<div class=\"elementor-wrapper elementor-open-inline\">\n\t\t\t<div class=\"elementor-video\"><\/div>\t\t<\/div>\n\t\t\t\t\t\t<\/div>\n\t\t\t\t\t<\/div>\n\t\t\t\t<\/div>\n\t\t<div data-particle_enable=\"false\" data-particle-mobile-disabled=\"false\" class=\"elementor-element elementor-element-aeac139 e-flex e-con-boxed e-con e-parent\" data-id=\"aeac139\" data-element_type=\"container\" data-e-type=\"container\">\n\t\t\t\t\t<div class=\"e-con-inner\">\n\t\t\t\t<div class=\"elementor-element elementor-element-7b42f80 elementor-widget elementor-widget-heading\" data-id=\"7b42f80\" data-element_type=\"widget\" data-e-type=\"widget\" data-widget_type=\"heading.default\">\n\t\t\t\t\t<h3 class=\"elementor-heading-title elementor-size-default\">Indumentaria es s\u00edmbolo de identidad<\/h3>\t\t\t\t<\/div>\n\t\t\t\t\t<\/div>\n\t\t\t\t<\/div>\n\t\t<div data-particle_enable=\"false\" data-particle-mobile-disabled=\"false\" class=\"elementor-element elementor-element-b240b76 e-flex e-con-boxed e-con e-parent\" data-id=\"b240b76\" data-element_type=\"container\" data-e-type=\"container\">\n\t\t\t\t\t<div class=\"e-con-inner\">\n\t\t\t\t<div class=\"elementor-element elementor-element-65c4e98 elementor-widget elementor-widget-text-editor\" data-id=\"65c4e98\" data-element_type=\"widget\" data-e-type=\"widget\" data-widget_type=\"text-editor.default\">\n\t\t\t\t\t\t\t\t\t<p><span style=\"color: var( --e-global-color-text ); text-align: var(--text-align);\">La variedad del traje maya mam es notable. En los \u00faltimos a\u00f1os del siglo XX a\u00fan diez municipios de Huehuetenango conservaban un traje distintivo.\u00a0<\/span><\/p><p>En el municipio de Todos Santos Cuchumat\u00e1n,\u00a0 el traje consiste en camisa de manga larga con cuello ancho que se\u00a0 usa como bufanda para protegerse del fr\u00edo; pantal\u00f3n color rojo con l\u00edneas verticales blancas, sobrepantal\u00f3n de lana que evoca un maxtate y chaqueta tambi\u00e9n de lana, y sombrero de palma con copa en semicircunferencia adornado con una banda azul, dise\u00f1o \u00fanico en todo el pa\u00eds.\u00a0<\/p><p>En San Juan Atit\u00e1n, el traje distintivo consiste en pantal\u00f3n blanco, camisa tipo huipil antes color\u00a0 roja, actualmente, fuxia, manga larga, sobre la cual se usa una especie de chaleco largo de lana negra llamado capixay, pieza derivada de la capa espa\u00f1ola; \u00e9ste se segura a la cintura por medio de una faja. El sombrero de palma de esta comunidad se distingue por su forma de ala plana y copa cil\u00edndrica decorada con un list\u00f3n color negro.<\/p><p>\u00a0<\/p>\t\t\t\t\t\t\t\t<\/div>\n\t\t\t\t\t<\/div>\n\t\t\t\t<\/div>\n\t\t<div data-particle_enable=\"false\" data-particle-mobile-disabled=\"false\" class=\"elementor-element elementor-element-3063174 e-flex e-con-boxed e-con e-parent\" data-id=\"3063174\" data-element_type=\"container\" data-e-type=\"container\">\n\t\t\t\t\t<div class=\"e-con-inner\">\n\t\t\t\t<div class=\"elementor-element elementor-element-2f19e75 elementor-widget elementor-widget-html\" data-id=\"2f19e75\" data-element_type=\"widget\" data-e-type=\"widget\" data-widget_type=\"html.default\">\n\t\t\t\t\t<iframe src=\"https:\/\/www.facebook.com\/plugins\/post.php?href=https%3A%2F%2Fwww.facebook.com%2Flacunadelaculturamayamam%2Fposts%2Fpfbid02uWkEM9k1wLWMNoe6Sk7oXLGny1bWWdrbpheeerHYRUnTnvURota74nU92ZRWkaiAl&show_text=true&width=500\" width=\"500\" height=\"631\" style=\"border:none;overflow:hidden\" scrolling=\"no\" frameborder=\"0\" allowfullscreen=\"true\" allow=\"autoplay; clipboard-write; encrypted-media; picture-in-picture; web-share\"><\/iframe>\t\t\t\t<\/div>\n\t\t\t\t\t<\/div>\n\t\t\t\t<\/div>\n\t\t<div data-particle_enable=\"false\" data-particle-mobile-disabled=\"false\" class=\"elementor-element elementor-element-5cd3e09 e-flex e-con-boxed e-con e-parent\" data-id=\"5cd3e09\" data-element_type=\"container\" data-e-type=\"container\">\n\t\t\t\t\t<div class=\"e-con-inner\">\n\t\t\t\t<div class=\"elementor-element elementor-element-885be5d elementor-widget elementor-widget-text-editor\" data-id=\"885be5d\" data-element_type=\"widget\" data-e-type=\"widget\" data-widget_type=\"text-editor.default\">\n\t\t\t\t\t\t\t\t\t<p>El huipil de las mujeres es, con frecuencia\u00a0 tejido por ellas mismas, aunque hay talleres artesanales especializados. El dise\u00f1o de estas piezas sigue trazos verticales. Actualmente se elabora el de \u201ctres bordados\u201d que incluye un pechera. El \u201ccorte\u201d es un tejido fino que rodea a la mujer desde la cintura hasta los tobillos.\u00a0<\/p><p>En algunas comunidades como Colotenango y Rafael Petzal, eran tejidos en telar de cintura.\u00a0 A principios del siglo XX, era predominante azul, ahora se le han incorporado l\u00edneas y brocados para convertirse predominante color rojo.\u00a0 En el municipio de Todos Santos Cuchumat\u00e1n, las\u00a0 mujeres usan sombrero.<\/p>\t\t\t\t\t\t\t\t<\/div>\n\t\t\t\t\t<\/div>\n\t\t\t\t<\/div>\n\t\t<div data-particle_enable=\"false\" data-particle-mobile-disabled=\"false\" class=\"elementor-element elementor-element-0f70351 e-flex e-con-boxed e-con e-parent\" data-id=\"0f70351\" data-element_type=\"container\" data-e-type=\"container\">\n\t\t\t\t\t<div class=\"e-con-inner\">\n\t\t\t\t<div class=\"elementor-element elementor-element-e1bc7fb elementor-widget elementor-widget-image\" data-id=\"e1bc7fb\" data-element_type=\"widget\" data-e-type=\"widget\" data-widget_type=\"image.default\">\n\t\t\t\t\t\t\t\t\t\t\t\t<figure class=\"wp-caption\">\n\t\t\t\t\t\t\t\t\t\t<img decoding=\"async\" width=\"768\" height=\"768\" src=\"https:\/\/soymigrante.com\/revista\/wp-content\/uploads\/2024\/09\/mam-1-1-1024x1024.webp\" class=\"attachment-large size-large wp-image-8945\" alt=\"Colorida mujer ind\u00edgena en una ceremonia en las monta\u00f1as, vistiendo ropa tradicional en un entorno natural en las tierras altas de Guatemala, s\u00edmbolo de cultura y migraci\u00f3n.\" srcset=\"https:\/\/soymigrante.com\/revista\/wp-content\/uploads\/2024\/09\/mam-1-1-1024x1024.webp 1024w, https:\/\/soymigrante.com\/revista\/wp-content\/uploads\/2024\/09\/mam-1-1-300x300.webp 300w, https:\/\/soymigrante.com\/revista\/wp-content\/uploads\/2024\/09\/mam-1-1-150x150.webp 150w, https:\/\/soymigrante.com\/revista\/wp-content\/uploads\/2024\/09\/mam-1-1-768x768.webp 768w, https:\/\/soymigrante.com\/revista\/wp-content\/uploads\/2024\/09\/mam-1-1-1536x1536.webp 1536w, https:\/\/soymigrante.com\/revista\/wp-content\/uploads\/2024\/09\/mam-1-1-scaled.webp 1920w, https:\/\/soymigrante.com\/revista\/wp-content\/uploads\/2024\/09\/mam-1-1-75x75.webp 75w, https:\/\/soymigrante.com\/revista\/wp-content\/uploads\/2024\/09\/mam-1-1-750x750.jpg 750w\" sizes=\"(max-width: 768px) 100vw, 768px\" title=\"El amor a la Tierra y el respeto a la tradici\u00f3n de los ancestros figuran dentro de los grandes valores de la cultura Mam. (Fotograf\u00eda Abel Ju\u00e1rez) \u2013 SoyMigrante.com REVISTA\" \/>\t\t\t\t\t\t\t\t\t\t\t<figcaption class=\"widget-image-caption wp-caption-text\">Mujer ind\u00edgena con ropa tradicional en paisaje monta\u00f1oso, representando cultura y migraci\u00f3n en Guatemala.<\/figcaption>\n\t\t\t\t\t\t\t\t\t\t<\/figure>\n\t\t\t\t\t\t\t\t\t<\/div>\n\t\t\t\t\t<\/div>\n\t\t\t\t<\/div>\n\t\t<div data-particle_enable=\"false\" data-particle-mobile-disabled=\"false\" class=\"elementor-element elementor-element-b8c5f10 e-flex e-con-boxed e-con e-parent\" data-id=\"b8c5f10\" data-element_type=\"container\" data-e-type=\"container\">\n\t\t\t\t\t<div class=\"e-con-inner\">\n\t\t\t\t<div class=\"elementor-element elementor-element-cd7cf78 elementor-widget elementor-widget-video\" data-id=\"cd7cf78\" data-element_type=\"widget\" data-e-type=\"widget\" data-settings=\"{&quot;youtube_url&quot;:&quot;https:\\\/\\\/www.youtube.com\\\/watch?v=525PdF80URU&quot;,&quot;video_type&quot;:&quot;youtube&quot;,&quot;controls&quot;:&quot;yes&quot;}\" data-widget_type=\"video.default\">\n\t\t\t\t\t\t\t<div class=\"elementor-wrapper elementor-open-inline\">\n\t\t\t<div class=\"elementor-video\"><\/div>\t\t<\/div>\n\t\t\t\t\t\t<\/div>\n\t\t\t\t\t<\/div>\n\t\t\t\t<\/div>\n\t\t<div data-particle_enable=\"false\" data-particle-mobile-disabled=\"false\" class=\"elementor-element elementor-element-2677814 e-flex e-con-boxed e-con e-parent\" data-id=\"2677814\" data-element_type=\"container\" data-e-type=\"container\">\n\t\t\t\t\t<div class=\"e-con-inner\">\n\t\t\t\t<div class=\"elementor-element elementor-element-068c203 elementor-widget elementor-widget-heading\" data-id=\"068c203\" data-element_type=\"widget\" data-e-type=\"widget\" data-widget_type=\"heading.default\">\n\t\t\t\t\t<h3 class=\"elementor-heading-title elementor-size-default\">Identidad mam sin fronteras<\/h3>\t\t\t\t<\/div>\n\t\t\t\t\t<\/div>\n\t\t\t\t<\/div>\n\t\t<div data-particle_enable=\"false\" data-particle-mobile-disabled=\"false\" class=\"elementor-element elementor-element-3d344d5 e-flex e-con-boxed e-con e-parent\" data-id=\"3d344d5\" data-element_type=\"container\" data-e-type=\"container\">\n\t\t\t\t\t<div class=\"e-con-inner\">\n\t\t\t\t<div class=\"elementor-element elementor-element-d1f018f elementor-widget elementor-widget-text-editor\" data-id=\"d1f018f\" data-element_type=\"widget\" data-e-type=\"widget\" data-widget_type=\"text-editor.default\">\n\t\t\t\t\t\t\t\t\t<p>La pobreza, el desempleo y la b\u00fasqueda de nuevas oportunidades ha llevado a muchos integrantes de la comunidad Mam a migrar a Estados Unidos. Seg\u00fan la Red Consular de Guatemala, se registra poblaci\u00f3n Mam en estas localidades:<\/p><p><span style=\"color: var( --e-global-color-text ); text-align: var(--text-align);\">Seattle, Washington;\u00a0<\/span><span style=\"color: var( --e-global-color-text ); text-align: var(--text-align);\">San Francisco, Los \u00c1ngeles y San Bernardino, California;<br \/><\/span><span style=\"color: var( --e-global-color-text ); text-align: var(--text-align);\">Tucson, Arizona;\u00a0<\/span><span style=\"color: var( --e-global-color-text ); text-align: var(--text-align);\">Denver, Colorado;\u00a0<\/span><span style=\"color: var( --e-global-color-text ); text-align: var(--text-align);\">Del R\u00edo, McCallen, Dallas y Houston, Texas.<\/span><\/p><p><span style=\"color: var( --e-global-color-text ); text-align: var(--text-align);\">Tambi\u00e9n en Oklahoma City;\u00a0\u00a0<\/span><span style=\"color: var( --e-global-color-text ); text-align: var(--text-align);\">Chicago, Illinois;\u00a0 A<\/span><span style=\"color: var( --e-global-color-text ); text-align: var(--text-align);\">tlanta, Georgia; M<\/span><span style=\"color: var( --e-global-color-text ); text-align: var(--text-align);\">iami, y Lake Worth Florida; Maryland;\u00a0<\/span><span style=\"color: var( --e-global-color-text ); text-align: var(--text-align);\">Nashville, Tennessee; Ohio;\u00a0 Filadelfia,\u00a0\u00a0<\/span><span style=\"color: var( --e-global-color-text ); text-align: var(--text-align);\">\u00a0Pensilvania; Nueva York, Rhode Island y Nebraska.<\/span><\/p>\t\t\t\t\t\t\t\t<\/div>\n\t\t\t\t\t<\/div>\n\t\t\t\t<\/div>\n\t\t<div data-particle_enable=\"false\" data-particle-mobile-disabled=\"false\" class=\"elementor-element elementor-element-5c950b3 e-flex e-con-boxed e-con e-parent\" data-id=\"5c950b3\" data-element_type=\"container\" data-e-type=\"container\">\n\t\t\t\t\t<div class=\"e-con-inner\">\n\t\t\t\t<div class=\"elementor-element elementor-element-619fba5 elementor-widget elementor-widget-image\" data-id=\"619fba5\" data-element_type=\"widget\" data-e-type=\"widget\" data-widget_type=\"image.default\">\n\t\t\t\t\t\t\t\t\t\t\t\t\t\t\t<img loading=\"lazy\" decoding=\"async\" width=\"768\" height=\"525\" src=\"https:\/\/soymigrante.com\/revista\/wp-content\/uploads\/2024\/06\/Captura-de-pantalla-2024-05-09-172200.webp\" class=\"attachment-large size-large wp-image-6855\" alt=\"Presencia pueblos mayas seg\u00fan red consular en 2024\" srcset=\"https:\/\/soymigrante.com\/revista\/wp-content\/uploads\/2024\/06\/Captura-de-pantalla-2024-05-09-172200.webp 917w, https:\/\/soymigrante.com\/revista\/wp-content\/uploads\/2024\/06\/Captura-de-pantalla-2024-05-09-172200-300x205.webp 300w, https:\/\/soymigrante.com\/revista\/wp-content\/uploads\/2024\/06\/Captura-de-pantalla-2024-05-09-172200-768x525.webp 768w, https:\/\/soymigrante.com\/revista\/wp-content\/uploads\/2024\/06\/Captura-de-pantalla-2024-05-09-172200-750x513.webp 750w\" sizes=\"(max-width: 768px) 100vw, 768px\" title=\"Presencia pueblos mayas seg\u00fan red consular en 2024 \u2013 SoyMigrante.com REVISTA\" \/>\t\t\t\t\t\t\t\t\t\t\t\t\t\t\t<\/div>\n\t\t\t\t\t<\/div>\n\t\t\t\t<\/div>\n\t\t<div data-particle_enable=\"false\" data-particle-mobile-disabled=\"false\" class=\"elementor-element elementor-element-54fadb4 e-flex e-con-boxed e-con e-parent\" data-id=\"54fadb4\" data-element_type=\"container\" data-e-type=\"container\">\n\t\t\t\t\t<div class=\"e-con-inner\">\n\t\t\t\t<div class=\"elementor-element elementor-element-c06ff1b elementor-widget elementor-widget-heading\" data-id=\"c06ff1b\" data-element_type=\"widget\" data-e-type=\"widget\" data-widget_type=\"heading.default\">\n\t\t\t\t\t<h2 class=\"elementor-heading-title elementor-size-default\">Muchos pueblos, una sola Guatemala<\/h2>\t\t\t\t<\/div>\n\t\t\t\t\t<\/div>\n\t\t\t\t<\/div>\n\t\t<div data-particle_enable=\"false\" data-particle-mobile-disabled=\"false\" class=\"elementor-element elementor-element-3f17d78 e-flex e-con-boxed e-con e-parent\" data-id=\"3f17d78\" data-element_type=\"container\" data-e-type=\"container\">\n\t\t\t\t\t<div class=\"e-con-inner\">\n\t\t\t\t<div class=\"elementor-element elementor-element-fe1b0bf elementor-widget elementor-widget-blfe-post-grid\" data-id=\"fe1b0bf\" data-element_type=\"widget\" data-e-type=\"widget\" data-settings=\"{&quot;columns&quot;:&quot;3&quot;,&quot;columns_tablet&quot;:&quot;6&quot;,&quot;columns_mobile&quot;:&quot;12&quot;,&quot;hero1_layout_column_gap&quot;:{&quot;unit&quot;:&quot;px&quot;,&quot;size&quot;:30,&quot;sizes&quot;:[]},&quot;hero1_layout_column_gap_tablet&quot;:{&quot;unit&quot;:&quot;px&quot;,&quot;size&quot;:&quot;&quot;,&quot;sizes&quot;:[]},&quot;hero1_layout_column_gap_mobile&quot;:{&quot;unit&quot;:&quot;px&quot;,&quot;size&quot;:&quot;&quot;,&quot;sizes&quot;:[]},&quot;hero1_layout_row_gap&quot;:{&quot;unit&quot;:&quot;px&quot;,&quot;size&quot;:30,&quot;sizes&quot;:[]},&quot;hero1_layout_row_gap_tablet&quot;:{&quot;unit&quot;:&quot;px&quot;,&quot;size&quot;:&quot;&quot;,&quot;sizes&quot;:[]},&quot;hero1_layout_row_gap_mobile&quot;:{&quot;unit&quot;:&quot;px&quot;,&quot;size&quot;:&quot;&quot;,&quot;sizes&quot;:[]}}\" data-widget_type=\"blfe-post-grid.hero1\">\n\t\t\t\t<div class=\"elementor-widget-container\">\n\t\t\t\t\t\n                        <div class=\"blfe-post-grid-container \">\n            \n                <div data-skin=\"hero1\" class=\"blfe-row blfe-posts-inner blfe-hero1 blfe-posts-inner blfe-col-3 blfe-col-tab-6 blfe-col-mob-12     \">\n                            <div class=\"blfe-post-grid-item\">\n            <div class=\"blfe-post-grid-item-inner blfe-modern-zoom\">\n                        <div class=\"blfe-post-grid-bg-image\">\n            <a class=\"blfe-post-grid-image-inner\" href=\"https:\/\/soymigrante.com\/revista\/pueblo-garinagu-garifuna-lleva-mas-de-dos-siglos-en-guatemala\/\" title=\"Pueblo Gar\u00ednagu (Gar\u00edfuna) lleva m\u00e1s de 200 a\u00f1os en Guatemala y el 26 noviembre es su d\u00eda\" rel=\"nofollow\" target=\"_blank\"><img decoding=\"async\" src=\"https:\/\/soymigrante.com\/revista\/wp-content\/uploads\/2024\/09\/garifuna-garinagu.webp\" alt=\"Pueblo Gar\u00ednagu (Gar\u00edfuna) lleva m\u00e1s de 200 a\u00f1os en Guatemala y el 26 noviembre es su d\u00eda\"\/><\/a>        <\/div>\n                        <div class=\"blfe-post-grid-details\">\n                    <div class=\"blfe-post-grid-details-inner\">\n                        <span class=\"blfe-post-category\"><a href=\"https:\/\/soymigrante.com\/revista\/category\/guate-nuestra\/pueblos-de-guatemala\/\">Pueblos de Guatemala<\/a><\/span>                        <h3 class=\"blfe-post-grid-title\">\n            <a href=\"https:\/\/soymigrante.com\/revista\/pueblo-garinagu-garifuna-lleva-mas-de-dos-siglos-en-guatemala\/\" title=\"Pueblo Gar\u00ednagu (Gar\u00edfuna) lleva m\u00e1s de 200 a\u00f1os en Guatemala y el 26 noviembre es su d\u00eda\" rel=\"nofollow\" target=\"_blank\">Pueblo Gar\u00ednagu (Gar\u00edfuna) lleva m\u00e1s de 200 a\u00f1os en Guatemala y el 26 noviembre es su d\u00eda<\/a>\n            <\/h3>                                                            <div class=\"blfe-post-grid-meta\">\n                <span class=\"blfe-post-grid-time\"><i class=\"fas fa-book-reader\"><\/i>8 Min read<\/span>            <\/div>\n                                                        <\/div>\n                <\/div>\n\n            <\/div>\n        <\/div>\n                <div class=\"blfe-post-grid-item\">\n            <div class=\"blfe-post-grid-item-inner blfe-modern-zoom\">\n                        <div class=\"blfe-post-grid-bg-image\">\n            <a class=\"blfe-post-grid-image-inner\" href=\"https:\/\/soymigrante.com\/revista\/el-pueblo-chorti-es-el-corazon-maya-del-oriente-guatemalteco\/\" title=\"El pueblo Ch&#8217;orti&#8217; es el coraz\u00f3n maya del oriente guatemalteco\" rel=\"nofollow\" target=\"_blank\"><img decoding=\"async\" src=\"https:\/\/soymigrante.com\/revista\/wp-content\/uploads\/2024\/09\/chorti-princesas-2024.webp\" alt=\"El pueblo Ch&#8217;orti&#8217; es el coraz\u00f3n maya del oriente guatemalteco\"\/><\/a>        <\/div>\n                        <div class=\"blfe-post-grid-details\">\n                    <div class=\"blfe-post-grid-details-inner\">\n                        <span class=\"blfe-post-category\"><a href=\"https:\/\/soymigrante.com\/revista\/category\/guate-nuestra\/pueblos-de-guatemala\/\">Pueblos de Guatemala<\/a><\/span>                        <h3 class=\"blfe-post-grid-title\">\n            <a href=\"https:\/\/soymigrante.com\/revista\/el-pueblo-chorti-es-el-corazon-maya-del-oriente-guatemalteco\/\" title=\"El pueblo Ch&#8217;orti&#8217; es el coraz\u00f3n maya del oriente guatemalteco\" rel=\"nofollow\" target=\"_blank\">El pueblo Ch&#8217;orti&#8217; es el coraz\u00f3n maya del oriente guatemalteco<\/a>\n            <\/h3>                                                            <div class=\"blfe-post-grid-meta\">\n                <span class=\"blfe-post-grid-time\"><i class=\"fas fa-book-reader\"><\/i>7 Min read<\/span>            <\/div>\n                                                        <\/div>\n                <\/div>\n\n            <\/div>\n        <\/div>\n                <div class=\"blfe-post-grid-item\">\n            <div class=\"blfe-post-grid-item-inner blfe-modern-zoom\">\n                        <div class=\"blfe-post-grid-bg-image\">\n            <a class=\"blfe-post-grid-image-inner\" href=\"https:\/\/soymigrante.com\/revista\/el-pueblo-mam-brilla-crece-y-se-expresa-fiel-a-sus-raices-de-identidad\/\" title=\"El pueblo Mam trabaja, crece y vive fiel a sus ra\u00edces de identidad\" rel=\"nofollow\" target=\"_blank\"><img decoding=\"async\" src=\"https:\/\/soymigrante.com\/revista\/wp-content\/uploads\/2024\/09\/mam-1-scaled.webp\" alt=\"El pueblo Mam trabaja, crece y vive fiel a sus ra\u00edces de identidad\"\/><\/a>        <\/div>\n                        <div class=\"blfe-post-grid-details\">\n                    <div class=\"blfe-post-grid-details-inner\">\n                        <span class=\"blfe-post-category\"><a href=\"https:\/\/soymigrante.com\/revista\/category\/guate-nuestra\/pueblos-de-guatemala\/\">Pueblos de Guatemala<\/a><\/span>                        <h3 class=\"blfe-post-grid-title\">\n            <a href=\"https:\/\/soymigrante.com\/revista\/el-pueblo-mam-brilla-crece-y-se-expresa-fiel-a-sus-raices-de-identidad\/\" title=\"El pueblo Mam trabaja, crece y vive fiel a sus ra\u00edces de identidad\" rel=\"nofollow\" target=\"_blank\">El pueblo Mam trabaja, crece y vive fiel a sus ra\u00edces de identidad<\/a>\n            <\/h3>                                                            <div class=\"blfe-post-grid-meta\">\n                <span class=\"blfe-post-grid-time\"><i class=\"fas fa-book-reader\"><\/i>7 Min read<\/span>            <\/div>\n                                                        <\/div>\n                <\/div>\n\n            <\/div>\n        <\/div>\n                        <\/div>\n\n                        <\/div>\n            \n                        <div class=\"blfe-post-footer\">\n                        <\/div>\n            \t\t\t\t<\/div>\n\t\t\t\t<\/div>\n\t\t\t\t\t<\/div>\n\t\t\t\t<\/div>\n\t\t\t\t<\/div>\n\t\t","protected":false},"excerpt":{"rendered":"<p>Comunidades Mam han poblado la sierra de Los Cuchumatanes desde hace 2 mil a\u00f1os y su capital hist\u00f3rica fue Xinabajul. Sus expresiones se han diversificado, pero mantienen su hist\u00f3rico apego a la Tierra, respeto a la comunidad y un gran esp\u00edritu de trabajo. La comunidad mam ha poblado la sierra de Los Cuchumatanes desde hace [&hellip;]<\/p>\n","protected":false},"author":17,"featured_media":8942,"comment_status":"open","ping_status":"open","sticky":false,"template":"","format":"standard","meta":{"_acf_changed":false,"_eb_attr":"","footnotes":""},"categories":[125],"tags":[],"class_list":["post-8938","post","type-post","status-publish","format-standard","has-post-thumbnail","hentry","category-pueblos-de-guatemala"],"acf":[],"aioseo_notices":[],"aioseo_head":"\n\t\t<!-- All in One SEO Pro 4.9.6.2 - aioseo.com -->\n\t<meta name=\"description\" content=\"Su capital prehisp\u00e1nica fue Xinabajul y lo sigue siendo. El se\u00f1or\u00edo Mam se extiende por municipios de tres departamentos y m\u00e1s all\u00e1 de las fronteras guatemaltecas.\" \/>\n\t<meta name=\"robots\" content=\"max-snippet:-1, max-image-preview:large, max-video-preview:-1\" \/>\n\t<meta name=\"author\" content=\"Edwin Castro\"\/>\n\t<link rel=\"canonical\" href=\"https:\/\/soymigrante.com\/revista\/el-pueblo-mam-brilla-crece-y-se-expresa-fiel-a-sus-raices-de-identidad\/\" \/>\n\t<meta name=\"generator\" content=\"All in One SEO Pro (AIOSEO) 4.9.6.2\" \/>\n\n\t\t<link rel=\"preconnect\" href=\"https:\/\/fonts.googleapis.com\" crossorigin>\n<link rel=\"preconnect\" href=\"https:\/\/fonts.gstatic.com\" crossorigin>\n\t\t<meta property=\"og:locale\" content=\"es_ES\" \/>\n\t\t<meta property=\"og:site_name\" content=\"SoyMigrante.com REVISTA \u2013 Nuestra misi\u00f3n es reconocer y dignificar al migrante.\" \/>\n\t\t<meta property=\"og:type\" content=\"article\" \/>\n\t\t<meta property=\"og:title\" content=\"El pueblo Mam se mantiene fiel a sus ra\u00edces de identidad\" \/>\n\t\t<meta property=\"og:description\" content=\"Su capital prehisp\u00e1nica fue Xinabajul y lo sigue siendo. El se\u00f1or\u00edo Mam se extiende por municipios de tres departamentos y m\u00e1s all\u00e1 de las fronteras guatemaltecas.\" \/>\n\t\t<meta property=\"og:url\" content=\"https:\/\/soymigrante.com\/revista\/el-pueblo-mam-brilla-crece-y-se-expresa-fiel-a-sus-raices-de-identidad\/\" \/>\n\t\t<meta property=\"og:image\" content=\"https:\/\/soymigrante.com\/revista\/wp-content\/uploads\/2024\/09\/mam-1-scaled.webp\" \/>\n\t\t<meta property=\"og:image:secure_url\" content=\"https:\/\/soymigrante.com\/revista\/wp-content\/uploads\/2024\/09\/mam-1-scaled.webp\" \/>\n\t\t<meta property=\"og:image:width\" content=\"1920\" \/>\n\t\t<meta property=\"og:image:height\" content=\"1920\" \/>\n\t\t<meta property=\"article:published_time\" content=\"2024-09-20T17:16:41+00:00\" \/>\n\t\t<meta property=\"article:modified_time\" content=\"2024-10-02T20:38:27+00:00\" \/>\n\t\t<meta property=\"article:publisher\" content=\"https:\/\/www.facebook.com\/soymigrantecom\" \/>\n\t\t<meta name=\"twitter:card\" content=\"summary_large_image\" \/>\n\t\t<meta name=\"twitter:site\" content=\"@SoyMigrante_com\" \/>\n\t\t<meta name=\"twitter:title\" content=\"El pueblo Mam se mantiene fiel a sus ra\u00edces de identidad\" \/>\n\t\t<meta name=\"twitter:description\" content=\"Su capital prehisp\u00e1nica fue Xinabajul y lo sigue siendo. El se\u00f1or\u00edo Mam se extiende por municipios de tres departamentos y m\u00e1s all\u00e1 de las fronteras guatemaltecas.\" \/>\n\t\t<meta name=\"twitter:creator\" content=\"@SoyMigrante_com\" \/>\n\t\t<meta name=\"twitter:image\" content=\"https:\/\/soymigrante.com\/revista\/wp-content\/uploads\/2024\/09\/mam-1-scaled.webp\" \/>\n\t\t<!-- All in One SEO Pro -->\r\n\t\t<title>El pueblo Mam se mantiene fiel a sus ra\u00edces de identidad<\/title>\n\n","aioseo_head_json":{"title":"El pueblo Mam se mantiene fiel a sus ra\u00edces de identidad","description":"Su capital prehisp\u00e1nica fue Xinabajul y lo sigue siendo. El se\u00f1or\u00edo Mam se extiende por municipios de tres departamentos y m\u00e1s all\u00e1 de las fronteras guatemaltecas.","canonical_url":"https:\/\/soymigrante.com\/revista\/el-pueblo-mam-brilla-crece-y-se-expresa-fiel-a-sus-raices-de-identidad\/","robots":"max-snippet:-1, max-image-preview:large, max-video-preview:-1","keywords":"","webmasterTools":{"miscellaneous":"&lt;link rel=\"preconnect\" href=\"https:\/\/fonts.googleapis.com\" crossorigin&gt;\n&lt;link rel=\"preconnect\" href=\"https:\/\/fonts.gstatic.com\" crossorigin&gt;"},"schema":null,"og:locale":"es_ES","og:site_name":"SoyMigrante.com REVISTA \u2013 Nuestra misi\u00f3n es reconocer y dignificar al migrante.","og:type":"article","og:title":"El pueblo Mam se mantiene fiel a sus ra\u00edces de identidad","og:description":"Su capital prehisp\u00e1nica fue Xinabajul y lo sigue siendo. El se\u00f1or\u00edo Mam se extiende por municipios de tres departamentos y m\u00e1s all\u00e1 de las fronteras guatemaltecas.","og:url":"https:\/\/soymigrante.com\/revista\/el-pueblo-mam-brilla-crece-y-se-expresa-fiel-a-sus-raices-de-identidad\/","og:image":"https:\/\/soymigrante.com\/revista\/wp-content\/uploads\/2024\/09\/mam-1-scaled.webp","og:image:secure_url":"https:\/\/soymigrante.com\/revista\/wp-content\/uploads\/2024\/09\/mam-1-scaled.webp","og:image:width":1920,"og:image:height":1920,"article:published_time":"2024-09-20T17:16:41+00:00","article:modified_time":"2024-10-02T20:38:27+00:00","article:publisher":"https:\/\/www.facebook.com\/soymigrantecom","twitter:card":"summary_large_image","twitter:site":"@SoyMigrante_com","twitter:title":"El pueblo Mam se mantiene fiel a sus ra\u00edces de identidad","twitter:description":"Su capital prehisp\u00e1nica fue Xinabajul y lo sigue siendo. El se\u00f1or\u00edo Mam se extiende por municipios de tres departamentos y m\u00e1s all\u00e1 de las fronteras guatemaltecas.","twitter:creator":"@SoyMigrante_com","twitter:image":"https:\/\/soymigrante.com\/revista\/wp-content\/uploads\/2024\/09\/mam-1-scaled.webp"},"aioseo_meta_data":{"post_id":"8938","title":"El pueblo Mam se mantiene fiel a sus ra\u00edces de identidad","description":"Su capital prehisp\u00e1nica fue Xinabajul y lo sigue siendo. El se\u00f1or\u00edo Mam se extiende por municipios de tres departamentos y m\u00e1s all\u00e1 de las fronteras guatemaltecas.","keywords":null,"keyphrases":{"focus":{"keyphrase":"Mam","score":100,"analysis":{"keyphraseInTitle":{"score":9,"maxScore":9,"error":0},"keyphraseInDescription":{"score":9,"maxScore":9,"error":0},"keyphraseLength":{"score":9,"maxScore":9,"error":0,"length":1},"keyphraseInURL":{"score":5,"maxScore":5,"error":0},"keyphraseInIntroduction":{"score":9,"maxScore":9,"error":0},"keyphraseInSubHeadings":{"score":9,"maxScore":9,"error":0},"keyphraseInImageAlt":{"score":9,"maxScore":9,"error":0},"keywordDensity":{"type":"best","score":9,"maxScore":9,"error":0}}},"additional":[{"keyphrase":"Pueblos de Guatemala","score":40,"analysis":{"keyphraseInDescription":{"score":3,"maxScore":9,"error":1},"keyphraseLength":{"score":9,"maxScore":9,"error":0,"length":3},"keyphraseInIntroduction":{"score":3,"maxScore":9,"error":1},"keyphraseInImageAlt":{"score":3,"maxScore":9,"error":1},"keywordDensity":{"score":0,"type":"low","maxScore":9,"error":1}}}]},"primary_term":null,"canonical_url":null,"og_title":null,"og_description":null,"og_object_type":"default","og_image_type":"default","og_image_url":null,"og_image_width":null,"og_image_height":null,"og_image_custom_url":null,"og_image_custom_fields":null,"og_video":"","og_custom_url":null,"og_article_section":null,"og_article_tags":null,"twitter_use_og":false,"twitter_card":"default","twitter_image_type":"default","twitter_image_url":null,"twitter_image_custom_url":null,"twitter_image_custom_fields":null,"twitter_title":null,"twitter_description":null,"schema":{"blockGraphs":[],"customGraphs":[],"default":{"data":{"Article":[],"Course":[],"Dataset":[],"FAQPage":[],"Movie":[],"Person":[],"Product":[],"ProductReview":[],"Car":[],"Recipe":[],"Service":[],"SoftwareApplication":[],"WebPage":[]},"graphName":"Article","isEnabled":true},"graphs":[]},"schema_type":"default","schema_type_options":null,"pillar_content":false,"robots_default":true,"robots_noindex":false,"robots_noarchive":false,"robots_nosnippet":false,"robots_nofollow":false,"robots_noimageindex":false,"robots_noodp":false,"robots_notranslate":false,"robots_max_snippet":"-1","robots_max_videopreview":"-1","robots_max_imagepreview":"large","priority":null,"frequency":"default","local_seo":null,"seo_analyzer_scan_date":"2025-10-08 23:10:16","breadcrumb_settings":null,"limit_modified_date":false,"reviewed_by":null,"open_ai":"{\"title\":{\"suggestions\":[],\"usage\":0},\"description\":{\"suggestions\":[],\"usage\":0}}","ai":null,"created":"2024-09-09 21:29:41","updated":"2026-02-04 13:34:03"},"aioseo_breadcrumb":"<div class=\"aioseo-breadcrumbs\"><span class=\"aioseo-breadcrumb\">\n\t<a href=\"https:\/\/soymigrante.com\/revista\" title=\"Home\">Home<\/a>\n<\/span><span class=\"aioseo-breadcrumb-separator\">\u00bb<\/span><span class=\"aioseo-breadcrumb\">\n\t<a href=\"https:\/\/soymigrante.com\/revista\/category\/guate-nuestra\/\" title=\"Guate Nuestra\">Guate Nuestra<\/a>\n<\/span><span class=\"aioseo-breadcrumb-separator\">\u00bb<\/span><span class=\"aioseo-breadcrumb\">\n\t<a href=\"https:\/\/soymigrante.com\/revista\/category\/guate-nuestra\/pueblos-de-guatemala\/\" title=\"Pueblos de Guatemala\">Pueblos de Guatemala<\/a>\n<\/span><span class=\"aioseo-breadcrumb-separator\">\u00bb<\/span><span class=\"aioseo-breadcrumb\">\n\tEl pueblo Mam trabaja, crece y vive fiel a sus ra\u00edces de identidad\n<\/span><\/div>","aioseo_breadcrumb_json":[{"label":"Home","link":"https:\/\/soymigrante.com\/revista"},{"label":"Guate Nuestra","link":"https:\/\/soymigrante.com\/revista\/category\/guate-nuestra\/"},{"label":"Pueblos de Guatemala","link":"https:\/\/soymigrante.com\/revista\/category\/guate-nuestra\/pueblos-de-guatemala\/"},{"label":"El pueblo Mam trabaja, crece y vive fiel a sus ra\u00edces de identidad","link":"https:\/\/soymigrante.com\/revista\/el-pueblo-mam-brilla-crece-y-se-expresa-fiel-a-sus-raices-de-identidad\/"}],"_links":{"self":[{"href":"https:\/\/soymigrante.com\/revista\/wp-json\/wp\/v2\/posts\/8938","targetHints":{"allow":["GET"]}}],"collection":[{"href":"https:\/\/soymigrante.com\/revista\/wp-json\/wp\/v2\/posts"}],"about":[{"href":"https:\/\/soymigrante.com\/revista\/wp-json\/wp\/v2\/types\/post"}],"author":[{"embeddable":true,"href":"https:\/\/soymigrante.com\/revista\/wp-json\/wp\/v2\/users\/17"}],"replies":[{"embeddable":true,"href":"https:\/\/soymigrante.com\/revista\/wp-json\/wp\/v2\/comments?post=8938"}],"version-history":[{"count":0,"href":"https:\/\/soymigrante.com\/revista\/wp-json\/wp\/v2\/posts\/8938\/revisions"}],"wp:featuredmedia":[{"embeddable":true,"href":"https:\/\/soymigrante.com\/revista\/wp-json\/wp\/v2\/media\/8942"}],"wp:attachment":[{"href":"https:\/\/soymigrante.com\/revista\/wp-json\/wp\/v2\/media?parent=8938"}],"wp:term":[{"taxonomy":"category","embeddable":true,"href":"https:\/\/soymigrante.com\/revista\/wp-json\/wp\/v2\/categories?post=8938"},{"taxonomy":"post_tag","embeddable":true,"href":"https:\/\/soymigrante.com\/revista\/wp-json\/wp\/v2\/tags?post=8938"}],"curies":[{"name":"wp","href":"https:\/\/api.w.org\/{rel}","templated":true}]}}