{"id":8931,"date":"2024-09-20T11:20:18","date_gmt":"2024-09-20T17:20:18","guid":{"rendered":"https:\/\/soymigrante.com\/revista\/?p=8931"},"modified":"2024-10-02T14:37:23","modified_gmt":"2024-10-02T20:37:23","slug":"el-pueblo-kiche-es-heredero-y-continuador-de-la-tradicion-del-popol-vuh","status":"publish","type":"post","link":"https:\/\/soymigrante.com\/revista\/el-pueblo-kiche-es-heredero-y-continuador-de-la-tradicion-del-popol-vuh\/","title":{"rendered":"El pueblo K&#8217;iche&#8217; es heredero y continuador de la tradici\u00f3n del Popol Vuh"},"content":{"rendered":"\t\t<div data-elementor-type=\"wp-post\" data-elementor-id=\"8931\" class=\"elementor elementor-8931\" data-elementor-post-type=\"post\">\n\t\t\t\t<div data-particle_enable=\"false\" data-particle-mobile-disabled=\"false\" class=\"elementor-element elementor-element-7aca2c4 e-flex e-con-boxed e-con e-parent\" data-id=\"7aca2c4\" data-element_type=\"container\" data-e-type=\"container\">\n\t\t\t\t\t<div class=\"e-con-inner\">\n\t\t\t\t<div class=\"elementor-element elementor-element-f3a5f61 elementor-widget elementor-widget-heading\" data-id=\"f3a5f61\" data-element_type=\"widget\" data-e-type=\"widget\" data-widget_type=\"heading.default\">\n\t\t\t\t\t<h2 class=\"elementor-heading-title elementor-size-default\">Con aproximadamente 1 mill\u00f3n de hablantes, el k'iche' es el segundo idioma maya con mayor poblaci\u00f3n, dentro y fuera de las fronteras. <span style=\"text-align: justify;color: var( --e-global-color-primary )\">Seg\u00fan el Popol <\/span><span style=\"text-align: justify;color: var( --e-global-color-primary )\">Vuh esta comunidad maya proviene de cuatro<\/span><p style=\"margin-bottom:0cm;text-align:justify\">h\u00e9roes formadores: Iqui Balam, Balam Quitz\u00e9, padre del linaje Kawek; Balam Acab, del cual se origin\u00f3 el linaje Nijaib\u2019 y Mahucutah ancestro del linaje Ajaw K\u2019iche\u2019.&nbsp; <\/p>\n\n <\/h2>\t\t\t\t<\/div>\n\t\t\t\t\t<\/div>\n\t\t\t\t<\/div>\n\t\t<div data-particle_enable=\"false\" data-particle-mobile-disabled=\"false\" class=\"elementor-element elementor-element-88f753f e-flex e-con-boxed e-con e-parent\" data-id=\"88f753f\" data-element_type=\"container\" data-e-type=\"container\">\n\t\t\t\t\t<div class=\"e-con-inner\">\n\t\t\t\t<div class=\"elementor-element elementor-element-1cfdc7c elementor-widget elementor-widget-text-editor\" data-id=\"1cfdc7c\" data-element_type=\"widget\" data-e-type=\"widget\" data-widget_type=\"text-editor.default\">\n\t\t\t\t\t\t\t\t\t<p>Libros y libros, estudios, seminarios, investigaciones se han publicado sobre la vasta riqueza del pueblo maya k&#8217;iche, a trav\u00e9s de la historia y en la actualidad. Este es solo un acercamiento para valorar su presencia, al igual que la de todos los pueblos ind\u00edgenas de Guatemala.<\/p><p><span style=\"text-align: justify; color: var( --e-global-color-text );\"><a href=\"https:\/\/soymigrante.com\/revista\/el-popol-vuh-es-migrante-esta-en-chicago-y-8-datos-que-quiza-no-sabias\/\">El Popol Vuh, Libro Sagrado de los K&#8217;iche&#8217;<\/a>, relata el origen de la humanidad y tambi\u00e9n el largo caminar\u00a0<\/span><span style=\"text-align: justify; color: var( --e-global-color-text );\">desde el monte Jaq\u2019awitz, hacia el norte\u00a0<\/span><span style=\"text-align: justify; color: var( --e-global-color-text );\">el actual\u00a0 territorio del departamento de Quich\u00e9; llegaron a Pismachi&#8217; para despu\u00e9s de guerras\u00a0<\/span><span style=\"text-align: justify; color: var( --e-global-color-text );\">y peregrinaciones para establecerse en la zona boscosa de Q<\/span><span style=\"text-align: justify; color: var( --e-global-color-text ); font-family: Arial, sans-serif;\">\ua78c<\/span><span style=\"text-align: justify; color: var( --e-global-color-text );\">umarka&#8217;aj hacia el a\u00f1o 1300.\u00a0<\/span><\/p><p><span style=\"text-align: justify; color: var( --e-global-color-text );\">Q&#8217;umarka&#8217;aj era\u00a0<\/span><span style=\"text-align: justify; color: var( --e-global-color-text );\">\u00a0una gran metr\u00f3poli con templos, palacios y valiosas obras de\u00a0<\/span><span style=\"text-align: justify; color: var( --e-global-color-text );\">arte, a la llegada de los invasores espa\u00f1oles<\/span><span style=\"text-align: justify; color: var( --e-global-color-text );\">.\u00a0<\/span><span style=\"text-align: justify; color: var( --e-global-color-text );\">En las cercan\u00edas de este sitio se fundar\u00eda posteriormente la\u00a0<\/span><span style=\"text-align: justify; color: var( --e-global-color-text );\">ciudad de Santa Cruz del Quich\u00e9.\u00a0<\/span><span style=\"text-align: justify; color: var( --e-global-color-text );\">Estos datos se registran en documentos del\u00a0<\/span><span style=\"text-align: justify; color: var( --e-global-color-text );\">siglo XVI que\u00a0 varios linajes mayas\u00a0 escribieron para registrar su historia, el origen\u00a0<\/span><span style=\"text-align: justify; color: var( --e-global-color-text );\">de poblaciones, forma de vida y presentar reclamos de\u00a0 tierra ante los espa\u00f1oles.\u00a0<\/span><\/p><p><span style=\"text-align: justify; color: var( --e-global-color-text );\">El t\u00e9rmino K\u2019iche\u2019 podr\u00eda provenir <\/span><span style=\"text-align: justify; color: var( --e-global-color-text );\">de los vocablos: \u201ck&#8217;i\u201d que significa \u201cmuchos\u201d y \u201cche\u201d, o de \u201ckechelew\u201d que se <\/span><span style=\"text-align: justify; color: var( --e-global-color-text );\">traduce como \u201cbosque\u201d: Tierra de muchos bosques. El pueblo maya k&#8217;iche tiene un mill\u00f3n de hablantes, seg\u00fan datos del Censo 2018, lo que le convierte en el m\u00e1s numeroso de los pueblos ind\u00edgenas de Guatemala.\u00a0<\/span><\/p>\t\t\t\t\t\t\t\t<\/div>\n\t\t\t\t\t<\/div>\n\t\t\t\t<\/div>\n\t\t<div data-particle_enable=\"false\" data-particle-mobile-disabled=\"false\" class=\"elementor-element elementor-element-e6f7eba e-flex e-con-boxed e-con e-parent\" data-id=\"e6f7eba\" data-element_type=\"container\" data-e-type=\"container\">\n\t\t\t\t\t<div class=\"e-con-inner\">\n\t\t\t\t<div class=\"elementor-element elementor-element-9a3d9c2 elementor-widget elementor-widget-image\" data-id=\"9a3d9c2\" data-element_type=\"widget\" data-e-type=\"widget\" data-widget_type=\"image.default\">\n\t\t\t\t\t\t\t\t\t\t\t\t<figure class=\"wp-caption\">\n\t\t\t\t\t\t\t\t\t\t<img fetchpriority=\"high\" decoding=\"async\" width=\"347\" height=\"232\" src=\"https:\/\/soymigrante.com\/revista\/wp-content\/uploads\/2024\/09\/mapa-pueblo-kiche.webp\" class=\"attachment-large size-large wp-image-8934\" alt=\"Imagen de un mapa de Guatemala que muestra diversas comunidades y zonas multiculturales, destacando \u00e1reas como Ixi y Upataneko. El mapa es relevante para entender la movilidad y comunidades migrantes en Guatemala.\" srcset=\"https:\/\/soymigrante.com\/revista\/wp-content\/uploads\/2024\/09\/mapa-pueblo-kiche.webp 347w, https:\/\/soymigrante.com\/revista\/wp-content\/uploads\/2024\/09\/mapa-pueblo-kiche-300x201.webp 300w\" sizes=\"(max-width: 347px) 100vw, 347px\" title=\"Mapa de distribuci\u00f3n de comunidades de habla maya k&#039;iche, seg\u00fan la Direcci\u00f3n General de Educaci\u00f3n Biling\u00fce del Ministerio de Educaci\u00f3n. \u2013 SoyMigrante.com REVISTA\" \/>\t\t\t\t\t\t\t\t\t\t\t<figcaption class=\"widget-image-caption wp-caption-text\">Mapa de Guatemala resaltando comunidades multiculturales y zonas migrantes en Guatemala, ideal para temas de movilidad, migraci\u00f3n y diversidad cultural en art\u00edculos sobre SoyMigrante.com.<\/figcaption>\n\t\t\t\t\t\t\t\t\t\t<\/figure>\n\t\t\t\t\t\t\t\t\t<\/div>\n\t\t\t\t\t<\/div>\n\t\t\t\t<\/div>\n\t\t<div data-particle_enable=\"false\" data-particle-mobile-disabled=\"false\" class=\"elementor-element elementor-element-6ac7701 e-flex e-con-boxed e-con e-parent\" data-id=\"6ac7701\" data-element_type=\"container\" data-e-type=\"container\">\n\t\t\t\t\t<div class=\"e-con-inner\">\n\t\t\t\t<div class=\"elementor-element elementor-element-bb4c81d elementor-widget elementor-widget-heading\" data-id=\"bb4c81d\" data-element_type=\"widget\" data-e-type=\"widget\" data-widget_type=\"heading.default\">\n\t\t\t\t\t<h2 class=\"elementor-heading-title elementor-size-default\">El territorio k'iche'<\/h2>\t\t\t\t<\/div>\n\t\t\t\t\t<\/div>\n\t\t\t\t<\/div>\n\t\t<div data-particle_enable=\"false\" data-particle-mobile-disabled=\"false\" class=\"elementor-element elementor-element-b337d4f e-flex e-con-boxed e-con e-parent\" data-id=\"b337d4f\" data-element_type=\"container\" data-e-type=\"container\">\n\t\t\t\t\t<div class=\"e-con-inner\">\n\t\t\t\t<div class=\"elementor-element elementor-element-7d8e1a0 elementor-widget elementor-widget-text-editor\" data-id=\"7d8e1a0\" data-element_type=\"widget\" data-e-type=\"widget\" data-widget_type=\"text-editor.default\">\n\t\t\t\t\t\t\t\t\t<p>La confederaci\u00f3n K&#8217;iche ten\u00eda un amplio dominio geogr\u00e1fico desde tiempos prehisp\u00e1nicos y a pesar de la conquista espa\u00f1ola, mantienen su presencia en pr\u00e1cticamente el mismo territorio, aunque la migraci\u00f3n los ha llevado a otras \u00e1reas de Guatemala e incluso a Estados Unidos.<\/p><p>La regi\u00f3n K&#8217;iche es\u00a0<span style=\"color: var( --e-global-color-text ); text-align: var(--text-align);\">una tierra conformada por altas monta\u00f1as, con alturas que est\u00e1n entre los\u00a0<\/span><span style=\"color: var( --e-global-color-text ); text-align: var(--text-align);\">1700 y 2000 metros sobre el nivel del mar, y profundos barrancos, con abundantes bosques de\u00a0<\/span><span style=\"color: var( --e-global-color-text ); text-align: var(--text-align);\">con\u00edferas, robles y encinos.\u00a0<\/span><\/p>\t\t\t\t\t\t\t\t<\/div>\n\t\t\t\t\t<\/div>\n\t\t\t\t<\/div>\n\t\t<div data-particle_enable=\"false\" data-particle-mobile-disabled=\"false\" class=\"elementor-element elementor-element-2915725 e-flex e-con-boxed e-con e-parent\" data-id=\"2915725\" data-element_type=\"container\" data-e-type=\"container\">\n\t\t\t\t\t<div class=\"e-con-inner\">\n\t\t\t\t<div class=\"elementor-element elementor-element-dfc653b elementor-widget elementor-widget-heading\" data-id=\"dfc653b\" data-element_type=\"widget\" data-e-type=\"widget\" data-widget_type=\"heading.default\">\n\t\t\t\t\t<h4 class=\"elementor-heading-title elementor-size-default\">Municipios de mayor\u00eda K'iche'<\/h4>\t\t\t\t<\/div>\n\t\t\t\t\t<\/div>\n\t\t\t\t<\/div>\n\t\t<div data-particle_enable=\"false\" data-particle-mobile-disabled=\"false\" class=\"elementor-element elementor-element-bebfc0b e-flex e-con-boxed e-con e-parent\" data-id=\"bebfc0b\" data-element_type=\"container\" data-e-type=\"container\">\n\t\t\t\t\t<div class=\"e-con-inner\">\n\t\t\t\t<div class=\"elementor-element elementor-element-ea4f234 elementor-tabs-view-vertical elementor-widget elementor-widget-tabs\" data-id=\"ea4f234\" data-element_type=\"widget\" data-e-type=\"widget\" data-widget_type=\"tabs.default\">\n\t\t\t\t\t\t\t<div class=\"elementor-tabs\">\n\t\t\t<div class=\"elementor-tabs-wrapper\" role=\"tablist\" >\n\t\t\t\t\t\t\t\t\t<div id=\"elementor-tab-title-2451\" class=\"elementor-tab-title elementor-tab-desktop-title\" aria-selected=\"true\" data-tab=\"1\" role=\"tab\" tabindex=\"0\" aria-controls=\"elementor-tab-content-2451\" aria-expanded=\"false\">Quich\u00e9<\/div>\n\t\t\t\t\t\t\t\t\t<div id=\"elementor-tab-title-2452\" class=\"elementor-tab-title elementor-tab-desktop-title\" aria-selected=\"false\" data-tab=\"2\" role=\"tab\" tabindex=\"-1\" aria-controls=\"elementor-tab-content-2452\" aria-expanded=\"false\">Quetzaltenango<\/div>\n\t\t\t\t\t\t\t\t\t<div id=\"elementor-tab-title-2453\" class=\"elementor-tab-title elementor-tab-desktop-title\" aria-selected=\"false\" data-tab=\"3\" role=\"tab\" tabindex=\"-1\" aria-controls=\"elementor-tab-content-2453\" aria-expanded=\"false\">Totonicap\u00e1n<\/div>\n\t\t\t\t\t\t\t\t\t<div id=\"elementor-tab-title-2454\" class=\"elementor-tab-title elementor-tab-desktop-title\" aria-selected=\"false\" data-tab=\"4\" role=\"tab\" tabindex=\"-1\" aria-controls=\"elementor-tab-content-2454\" aria-expanded=\"false\">Suchitep\u00e9quez<\/div>\n\t\t\t\t\t\t\t\t\t<div id=\"elementor-tab-title-2455\" class=\"elementor-tab-title elementor-tab-desktop-title\" aria-selected=\"false\" data-tab=\"5\" role=\"tab\" tabindex=\"-1\" aria-controls=\"elementor-tab-content-2455\" aria-expanded=\"false\">Retalhuleu<\/div>\n\t\t\t\t\t\t\t\t\t<div id=\"elementor-tab-title-2456\" class=\"elementor-tab-title elementor-tab-desktop-title\" aria-selected=\"false\" data-tab=\"6\" role=\"tab\" tabindex=\"-1\" aria-controls=\"elementor-tab-content-2456\" aria-expanded=\"false\">Solol\u00e1<\/div>\n\t\t\t\t\t\t\t\t\t<div id=\"elementor-tab-title-2457\" class=\"elementor-tab-title elementor-tab-desktop-title\" aria-selected=\"false\" data-tab=\"7\" role=\"tab\" tabindex=\"-1\" aria-controls=\"elementor-tab-content-2457\" aria-expanded=\"false\">San Marcos<\/div>\n\t\t\t\t\t\t\t<\/div>\n\t\t\t<div class=\"elementor-tabs-content-wrapper\" role=\"tablist\" aria-orientation=\"vertical\">\n\t\t\t\t\t\t\t\t\t<div class=\"elementor-tab-title elementor-tab-mobile-title\" aria-selected=\"true\" data-tab=\"1\" role=\"tab\" tabindex=\"0\" aria-controls=\"elementor-tab-content-2451\" aria-expanded=\"false\">Quich\u00e9<\/div>\n\t\t\t\t\t<div id=\"elementor-tab-content-2451\" class=\"elementor-tab-content elementor-clearfix\" data-tab=\"1\" role=\"tabpanel\" aria-labelledby=\"elementor-tab-title-2451\" tabindex=\"0\" hidden=\"false\"><p>Canill\u00e1, Chicam\u00e1n, Chich\u00e9, Chichicastenango, Chinique, Cun\u00e9n, Joyabaj, Pachalum, Patzit\u00e9, San Andr\u00e9s Sajcabaj\u00e1, San Antonio Ilotenango, San Bartolom\u00e9 Jocotenango, San Pedro Jocopilas, Santa Cruz del Quich\u00e9,\u00a0 Zacualpa, San Miguel Uspant\u00e1n (3 aldeas) y parte de Cotzal, Chajul, Sacapulas y Nebaj.<\/p><\/div>\n\t\t\t\t\t\t\t\t\t<div class=\"elementor-tab-title elementor-tab-mobile-title\" aria-selected=\"false\" data-tab=\"2\" role=\"tab\" tabindex=\"-1\" aria-controls=\"elementor-tab-content-2452\" aria-expanded=\"false\">Quetzaltenango<\/div>\n\t\t\t\t\t<div id=\"elementor-tab-content-2452\" class=\"elementor-tab-content elementor-clearfix\" data-tab=\"2\" role=\"tabpanel\" aria-labelledby=\"elementor-tab-title-2452\" tabindex=\"0\" hidden=\"hidden\"><p>Almolonga, Cantel, El Palmar, La Esperanza, Olintepeque, Xelaj\u00fa, Salcaj\u00e1, San Carlos Sija, San Francisco la Uni\u00f3n, San Mateo, Sibilia y Zunil.<\/p><\/div>\n\t\t\t\t\t\t\t\t\t<div class=\"elementor-tab-title elementor-tab-mobile-title\" aria-selected=\"false\" data-tab=\"3\" role=\"tab\" tabindex=\"-1\" aria-controls=\"elementor-tab-content-2453\" aria-expanded=\"false\">Totonicap\u00e1n<\/div>\n\t\t\t\t\t<div id=\"elementor-tab-content-2453\" class=\"elementor-tab-content elementor-clearfix\" data-tab=\"3\" role=\"tabpanel\" aria-labelledby=\"elementor-tab-title-2453\" tabindex=\"0\" hidden=\"hidden\"><p>Momostenango, San Andr\u00e9s Xecul, San Crist\u00f3bal Totonicap\u00e1n, San Francisco el Alto, Santa Luc\u00eda la Reforma, Santa Mar\u00eda Chiquimula y Totonicap\u00e1n cabecera.<\/p><\/div>\n\t\t\t\t\t\t\t\t\t<div class=\"elementor-tab-title elementor-tab-mobile-title\" aria-selected=\"false\" data-tab=\"4\" role=\"tab\" tabindex=\"-1\" aria-controls=\"elementor-tab-content-2454\" aria-expanded=\"false\">Suchitep\u00e9quez<\/div>\n\t\t\t\t\t<div id=\"elementor-tab-content-2454\" class=\"elementor-tab-content elementor-clearfix\" data-tab=\"4\" role=\"tabpanel\" aria-labelledby=\"elementor-tab-title-2454\" tabindex=\"0\" hidden=\"hidden\"><p>\u00a0Chicacao, Pueblo Nuevo, R\u00edo Bravo,\u00a0 Mazatenango, San Bernardino, San Francisco Zapotitl\u00e1n, San Gabriel, San Jos\u00e9 el \u00cddolo,\u00a0 san Miguel Pan\u00e1n, San Pablo Jocopilas, Santo Tom\u00e1s la\u00a0 Uni\u00f3n, Zunilito y parte de Cuyotenango, Patutul, San Lorenzo, Santa B\u00e1rbara y Santo Domingo Suchitep\u00e9quez.<\/p><\/div>\n\t\t\t\t\t\t\t\t\t<div class=\"elementor-tab-title elementor-tab-mobile-title\" aria-selected=\"false\" data-tab=\"5\" role=\"tab\" tabindex=\"-1\" aria-controls=\"elementor-tab-content-2455\" aria-expanded=\"false\">Retalhuleu<\/div>\n\t\t\t\t\t<div id=\"elementor-tab-content-2455\" class=\"elementor-tab-content elementor-clearfix\" data-tab=\"5\" role=\"tabpanel\" aria-labelledby=\"elementor-tab-title-2455\" tabindex=\"0\" hidden=\"hidden\"><p style=\"margin-bottom: 0cm; text-align: justify;\">El Asintal, Nuevo San Carlos, San Andr\u00e9s Villa Seca, San Felipe Retalhuleu, San Mart\u00edn Zapotitl\u00e1n, San Sebasti\u00e1n, Santa Cruz Mulu\u00e1 y parte de Champerico.<\/p><\/div>\n\t\t\t\t\t\t\t\t\t<div class=\"elementor-tab-title elementor-tab-mobile-title\" aria-selected=\"false\" data-tab=\"6\" role=\"tab\" tabindex=\"-1\" aria-controls=\"elementor-tab-content-2456\" aria-expanded=\"false\">Solol\u00e1<\/div>\n\t\t\t\t\t<div id=\"elementor-tab-content-2456\" class=\"elementor-tab-content elementor-clearfix\" data-tab=\"6\" role=\"tabpanel\" aria-labelledby=\"elementor-tab-title-2456\" tabindex=\"0\" hidden=\"hidden\"><p>Nahual\u00e1, San Juan la Laguna (3 aldeas); Santa Catarina Ixtahuac\u00e1n, Santa Clara la Laguna, Santa Luc\u00eda Utatl\u00e1n, y una parte de Solol\u00e1 cabecera.<\/p><\/div>\n\t\t\t\t\t\t\t\t\t<div class=\"elementor-tab-title elementor-tab-mobile-title\" aria-selected=\"false\" data-tab=\"7\" role=\"tab\" tabindex=\"-1\" aria-controls=\"elementor-tab-content-2457\" aria-expanded=\"false\">San Marcos<\/div>\n\t\t\t\t\t<div id=\"elementor-tab-content-2457\" class=\"elementor-tab-content elementor-clearfix\" data-tab=\"7\" role=\"tabpanel\" aria-labelledby=\"elementor-tab-title-2457\" tabindex=\"0\" hidden=\"hidden\"><p>San Antonio Sacatep\u00e9quez<\/p><p>\u00a0<\/p><\/div>\n\t\t\t\t\t\t\t<\/div>\n\t\t<\/div>\n\t\t\t\t\t\t<\/div>\n\t\t\t\t\t<\/div>\n\t\t\t\t<\/div>\n\t\t<div data-particle_enable=\"false\" data-particle-mobile-disabled=\"false\" class=\"elementor-element elementor-element-7444ecd e-flex e-con-boxed e-con e-parent\" data-id=\"7444ecd\" data-element_type=\"container\" data-e-type=\"container\">\n\t\t\t\t\t<div class=\"e-con-inner\">\n\t\t\t\t<div class=\"elementor-element elementor-element-f8e8119 elementor-widget elementor-widget-video\" data-id=\"f8e8119\" data-element_type=\"widget\" data-e-type=\"widget\" data-settings=\"{&quot;youtube_url&quot;:&quot;https:\\\/\\\/www.youtube.com\\\/watch?v=UuShkhXJufw&quot;,&quot;video_type&quot;:&quot;youtube&quot;,&quot;controls&quot;:&quot;yes&quot;}\" data-widget_type=\"video.default\">\n\t\t\t\t\t\t\t<div class=\"elementor-wrapper elementor-open-inline\">\n\t\t\t<div class=\"elementor-video\"><\/div>\t\t<\/div>\n\t\t\t\t\t\t<\/div>\n\t\t\t\t\t<\/div>\n\t\t\t\t<\/div>\n\t\t<div data-particle_enable=\"false\" data-particle-mobile-disabled=\"false\" class=\"elementor-element elementor-element-3596bc3 e-flex e-con-boxed e-con e-parent\" data-id=\"3596bc3\" data-element_type=\"container\" data-e-type=\"container\">\n\t\t\t\t\t<div class=\"e-con-inner\">\n\t\t\t\t<div class=\"elementor-element elementor-element-d8e8e47 elementor-widget elementor-widget-heading\" data-id=\"d8e8e47\" data-element_type=\"widget\" data-e-type=\"widget\" data-widget_type=\"heading.default\">\n\t\t\t\t\t<h3 class=\"elementor-heading-title elementor-size-default\">Indumentarias tradicionales<\/h3>\t\t\t\t<\/div>\n\t\t\t\t\t<\/div>\n\t\t\t\t<\/div>\n\t\t<div data-particle_enable=\"false\" data-particle-mobile-disabled=\"false\" class=\"elementor-element elementor-element-67798f3 e-flex e-con-boxed e-con e-parent\" data-id=\"67798f3\" data-element_type=\"container\" data-e-type=\"container\">\n\t\t\t\t\t<div class=\"e-con-inner\">\n\t\t\t\t<div class=\"elementor-element elementor-element-f026b92 elementor-widget elementor-widget-text-editor\" data-id=\"f026b92\" data-element_type=\"widget\" data-e-type=\"widget\" data-widget_type=\"text-editor.default\">\n\t\t\t\t\t\t\t\t\t<p style=\"font-style: normal; font-variant-ligatures: normal; font-variant-caps: normal; font-weight: 400; font-size: 16px; font-family: Roboto, sans-serif;\">Es tan amplia la distribuci\u00f3n de comunidades k&#8217;iche&#8217; que existe una gran variedad de indumentarias por municipio. Por ser una identidad tan fuerte, a\u00fan se conserva la indumentaria de los varones en varias localidades, sin embargo son los trajes femeninos los m\u00e1s extendidos.<\/p>\n<p style=\"font-style: normal; font-variant-ligatures: normal; font-variant-caps: normal; font-weight: 400; font-size: 16px; font-family: Roboto, sans-serif;\"><span style=\"color: var( --e-global-color-text ); text-align: justify;\">Existen registros que a mediados del<\/span><span style=\"color: var( --e-global-color-text ); text-align: justify;\">\u00a0\u00a0<\/span><span style=\"color: var( --e-global-color-text ); text-align: justify;\">siglo XX, tanto hombres como mujeres k\u2019iche\u2019 tej\u00edan sus prendas de vestir. En el pasado, los varones usaban pantal\u00f3n corto (calz\u00f3n) blanco, una rodillera o pa\u00f1o de lana caf\u00e9, una faja roja y sandalias o caites de cuero con suelas de hule, aunque la mayor\u00eda andaba descalzo.<\/span><span style=\"color: var( --e-global-color-text ); text-align: justify;\">\u00a0 \u00a0<\/span><\/p>\n\n<div style=\"padding: 0cm 0cm 1pt;   font-style: normal; font-variant-ligatures: normal; font-variant-caps: normal; font-weight: 400; font-size: 16px; font-family: Roboto, sans-serif;\">\n<p style=\"padding: 0cm; text-align: justify;\"><span style=\"color: var( --e-global-color-text );\">En Chichicastenango, los varones visten en d\u00edas de gala una especie de chaqueta cerrada al frente y pantal\u00f3n corto, sostenido con una colorida faja, ambas piezas confeccionadas de lana. En el pecho, espalda y mangas de la chaqueta as\u00ed como en las franjas de tela que penden de la cintura en los laterales del pantal\u00f3n, se bordaban signos distintivos que defin\u00edan el estatus del var\u00f3n ante su familia y en la escala de servicio c\u00edvico religioso en su comunidad. \n\n<\/div>\t\t\t\t\t\t\t\t<\/div>\n\t\t\t\t\t<\/div>\n\t\t\t\t<\/div>\n\t\t<div data-particle_enable=\"false\" data-particle-mobile-disabled=\"false\" class=\"elementor-element elementor-element-f9ca761 e-flex e-con-boxed e-con e-parent\" data-id=\"f9ca761\" data-element_type=\"container\" data-e-type=\"container\">\n\t\t\t\t\t<div class=\"e-con-inner\">\n\t\t\t\t<div class=\"elementor-element elementor-element-fa6ddbe elementor-widget elementor-widget-video\" data-id=\"fa6ddbe\" data-element_type=\"widget\" data-e-type=\"widget\" data-settings=\"{&quot;youtube_url&quot;:&quot;https:\\\/\\\/www.youtube.com\\\/watch?v=7Zsl4rS6--A&quot;,&quot;video_type&quot;:&quot;youtube&quot;,&quot;controls&quot;:&quot;yes&quot;}\" data-widget_type=\"video.default\">\n\t\t\t\t\t\t\t<div class=\"elementor-wrapper elementor-open-inline\">\n\t\t\t<div class=\"elementor-video\"><\/div>\t\t<\/div>\n\t\t\t\t\t\t<\/div>\n\t\t\t\t\t<\/div>\n\t\t\t\t<\/div>\n\t\t<div data-particle_enable=\"false\" data-particle-mobile-disabled=\"false\" class=\"elementor-element elementor-element-bfd59ec e-flex e-con-boxed e-con e-parent\" data-id=\"bfd59ec\" data-element_type=\"container\" data-e-type=\"container\">\n\t\t\t\t\t<div class=\"e-con-inner\">\n\t\t\t\t<div class=\"elementor-element elementor-element-99fd10e elementor-widget elementor-widget-text-editor\" data-id=\"99fd10e\" data-element_type=\"widget\" data-e-type=\"widget\" data-widget_type=\"text-editor.default\">\n\t\t\t\t\t\t\t\t\t<p><span style=\"color: var( --e-global-color-text ); text-align: justify;\">Por\u00a0<\/span><span style=\"color: var( --e-global-color-text ); text-align: justify;\">ejemplo la figura del sol bordado en el pecho de la chaqueta, y el zigzag azu<\/span><span style=\"text-align: justify; color: var( --e-global-color-text );\">en las mangas y hombros, <\/span><span style=\"text-align: justify; color: var( --e-global-color-text );\">\u00a0<\/span><span style=\"text-align: justify; color: var( --e-global-color-text );\">distingu\u00edan a un\u00a0<\/span><span style=\"color: var( --e-global-color-text ); text-align: justify;\">gu\u00eda espiritual o autoridad comunitaria; las figuras bordadas de las piezas laterales\u00a0<\/span><span style=\"text-align: justify; color: var( --e-global-color-text );\">del<\/span><span style=\"text-align: justify; color: var( --e-global-color-text );\">\u00a0 <\/span><span style=\"text-align: justify; color: var( --e-global-color-text );\">pantal\u00f3n diferenciaban la condici\u00f3n\u00a0<\/span><span style=\"color: var( --e-global-color-text ); text-align: justify;\">social de un hombre: los ancianos llevaban bordado un sol muy decorado con\u00a0<\/span><span style=\"color: var( --e-global-color-text ); text-align: justify;\">flores y hojas s\u00edmbolo de una vida realizada y plena.\u00a0<\/span><\/p><p><span style=\"color: var( --e-global-color-text ); text-align: justify;\">Un adulto joven portaba dos\u00a0<\/span><span style=\"color: var( --e-global-color-text ); text-align: justify;\">soles menos ornados, uno encima del otro, s\u00edmbolo que aunque adulto a\u00fan estaba\u00a0<\/span><span style=\"color: var( --e-global-color-text ); text-align: justify;\">subordinado al padre u otro superior. El joven portaba la figura de un sol\u00a0<\/span><span style=\"color: var( --e-global-color-text ); text-align: justify;\">formado por l\u00edneas, el cual se convert\u00eda en un sol pleno al tener esposa e hijos.<\/span><\/p><p style=\"text-align: justify; padding: 0cm;\">\u00a0<\/p>\t\t\t\t\t\t\t\t<\/div>\n\t\t\t\t\t<\/div>\n\t\t\t\t<\/div>\n\t\t<div data-particle_enable=\"false\" data-particle-mobile-disabled=\"false\" class=\"elementor-element elementor-element-f8d5c77 e-flex e-con-boxed e-con e-parent\" data-id=\"f8d5c77\" data-element_type=\"container\" data-e-type=\"container\">\n\t\t\t\t\t<div class=\"e-con-inner\">\n\t\t\t\t<div class=\"elementor-element elementor-element-2a6e873 elementor-widget elementor-widget-video\" data-id=\"2a6e873\" data-element_type=\"widget\" data-e-type=\"widget\" data-settings=\"{&quot;youtube_url&quot;:&quot;https:\\\/\\\/www.youtube.com\\\/watch?v=K3LVEbxcAnI&quot;,&quot;video_type&quot;:&quot;youtube&quot;,&quot;controls&quot;:&quot;yes&quot;}\" data-widget_type=\"video.default\">\n\t\t\t\t\t\t\t<div class=\"elementor-wrapper elementor-open-inline\">\n\t\t\t<div class=\"elementor-video\"><\/div>\t\t<\/div>\n\t\t\t\t\t\t<\/div>\n\t\t\t\t\t<\/div>\n\t\t\t\t<\/div>\n\t\t<div data-particle_enable=\"false\" data-particle-mobile-disabled=\"false\" class=\"elementor-element elementor-element-ec10d8e e-flex e-con-boxed e-con e-parent\" data-id=\"ec10d8e\" data-element_type=\"container\" data-e-type=\"container\">\n\t\t\t\t\t<div class=\"e-con-inner\">\n\t\t\t\t<div class=\"elementor-element elementor-element-032cea1 elementor-widget elementor-widget-facebook-embed\" data-id=\"032cea1\" data-element_type=\"widget\" data-e-type=\"widget\" data-widget_type=\"facebook-embed.default\">\n\t\t\t\t\t<div style=\"min-height: 1px\" class=\"elementor-facebook-widget fb-post\" data-href=\"https:\/\/www.facebook.com\/groups\/788151841954005\/permalink\/1344734879629029\/\" data-show-text=\"true\"><\/div>\t\t\t\t<\/div>\n\t\t\t\t\t<\/div>\n\t\t\t\t<\/div>\n\t\t<div data-particle_enable=\"false\" data-particle-mobile-disabled=\"false\" class=\"elementor-element elementor-element-702cc1b e-flex e-con-boxed e-con e-parent\" data-id=\"702cc1b\" data-element_type=\"container\" data-e-type=\"container\">\n\t\t\t\t\t<div class=\"e-con-inner\">\n\t\t\t\t<div class=\"elementor-element elementor-element-eac1086 elementor-widget elementor-widget-heading\" data-id=\"eac1086\" data-element_type=\"widget\" data-e-type=\"widget\" data-widget_type=\"heading.default\">\n\t\t\t\t\t<h3 class=\"elementor-heading-title elementor-size-default\">Tradici\u00f3n en danzas y morer\u00edas<\/h3>\t\t\t\t<\/div>\n\t\t\t\t\t<\/div>\n\t\t\t\t<\/div>\n\t\t<div data-particle_enable=\"false\" data-particle-mobile-disabled=\"false\" class=\"elementor-element elementor-element-b44b323 e-flex e-con-boxed e-con e-parent\" data-id=\"b44b323\" data-element_type=\"container\" data-e-type=\"container\">\n\t\t\t\t\t<div class=\"e-con-inner\">\n\t\t\t\t<div class=\"elementor-element elementor-element-38fae39 elementor-widget elementor-widget-text-editor\" data-id=\"38fae39\" data-element_type=\"widget\" data-e-type=\"widget\" data-widget_type=\"text-editor.default\">\n\t\t\t\t\t\t\t\t\t<p><span style=\"color: var( --e-global-color-text ); text-align: var(--text-align);\">La comunidad\u00a0 k\u2019iche\u2019 se ubica en la regi\u00f3n cultural guatemalteca en la que se representan con m\u00e1s abundancia y popularidad las danzas tradicionales como: Venados, Los Monos, De los Tuncunes, Tantuques, Toritos, Mexicanos, Vaqueros, Los Pascares, Los Pascarines, La Vaca Mora, Moros y Cristianos, 12 Pares de Francia, La Conquista, El Palo Volador, La Culebra, Xacalcojes, Los Curunes, El Tun Salajch\u00e9, Convite y Gigantes.\u00a0<\/span><\/p>\t\t\t\t\t\t\t\t<\/div>\n\t\t\t\t\t<\/div>\n\t\t\t\t<\/div>\n\t\t<div data-particle_enable=\"false\" data-particle-mobile-disabled=\"false\" class=\"elementor-element elementor-element-b1dcb76 e-flex e-con-boxed e-con e-parent\" data-id=\"b1dcb76\" data-element_type=\"container\" data-e-type=\"container\">\n\t\t\t\t\t<div class=\"e-con-inner\">\n\t\t\t\t<div class=\"elementor-element elementor-element-620ff81 elementor-widget elementor-widget-video\" data-id=\"620ff81\" data-element_type=\"widget\" data-e-type=\"widget\" data-settings=\"{&quot;youtube_url&quot;:&quot;https:\\\/\\\/www.youtube.com\\\/watch?v=JcVECTqsMqE&quot;,&quot;start&quot;:180,&quot;video_type&quot;:&quot;youtube&quot;,&quot;controls&quot;:&quot;yes&quot;}\" data-widget_type=\"video.default\">\n\t\t\t\t\t\t\t<div class=\"elementor-wrapper elementor-open-inline\">\n\t\t\t<div class=\"elementor-video\"><\/div>\t\t<\/div>\n\t\t\t\t\t\t<\/div>\n\t\t\t\t\t<\/div>\n\t\t\t\t<\/div>\n\t\t<div data-particle_enable=\"false\" data-particle-mobile-disabled=\"false\" class=\"elementor-element elementor-element-5c94f3a e-flex e-con-boxed e-con e-parent\" data-id=\"5c94f3a\" data-element_type=\"container\" data-e-type=\"container\">\n\t\t\t\t\t<div class=\"e-con-inner\">\n\t\t\t\t<div class=\"elementor-element elementor-element-660494d elementor-widget elementor-widget-text-editor\" data-id=\"660494d\" data-element_type=\"widget\" data-e-type=\"widget\" data-widget_type=\"text-editor.default\">\n\t\t\t\t\t\t\t\t\t<p><span style=\"color: var( --e-global-color-text ); text-align: var(--text-align);\">Los k\u2019iche\u2019 se destacan en la elaboraci\u00f3n de trajes que visten los integrantes de las danzas tradicionales las\u00a0 cuales se representan durante las fiestas patronales. Estos talleres se conocen como Morer\u00edas. Las m\u00e1s reconocidas se sit\u00faan en Chichicastenango, Quich\u00e9 y San Crist\u00f3bal Totonicap\u00e1n.\u00a0 Los expertos costureros elaboran vestuarios inspirados en los trajes militares espa\u00f1oles del siglo XVII, el atuendo integra capas, cazacas, pecheras, pantalones cortos, sombreros y art\u00edculos que simulan sables y coronas. Los atuendos se complementan con m\u00e1scaras talladas tradicionalmente de \u201cpalo de aguacate\u201d, pero en los \u00faltimos a\u00f1os, moldeadas en fibra de\u00a0 vidrio.<\/span><\/p><div>\u00a0<\/div>\t\t\t\t\t\t\t\t<\/div>\n\t\t\t\t\t<\/div>\n\t\t\t\t<\/div>\n\t\t<div data-particle_enable=\"false\" data-particle-mobile-disabled=\"false\" class=\"elementor-element elementor-element-6e67103 e-flex e-con-boxed e-con e-parent\" data-id=\"6e67103\" data-element_type=\"container\" data-e-type=\"container\">\n\t\t\t\t\t<div class=\"e-con-inner\">\n\t\t\t\t<div class=\"elementor-element elementor-element-5ec2ad4 elementor-widget elementor-widget-facebook-embed\" data-id=\"5ec2ad4\" data-element_type=\"widget\" data-e-type=\"widget\" data-widget_type=\"facebook-embed.default\">\n\t\t\t\t\t<div style=\"min-height: 1px\" class=\"elementor-facebook-widget fb-post\" data-href=\"https:\/\/www.facebook.com\/moreria.santotomas\/posts\/pfbid026auJi4UzBZbkRLraVKsZvroPCkPnNdoFvKKXvPjpUozgjC9n6sR644cw5HLxztUPl\" data-show-text=\"false\"><\/div>\t\t\t\t<\/div>\n\t\t\t\t\t<\/div>\n\t\t\t\t<\/div>\n\t\t<div data-particle_enable=\"false\" data-particle-mobile-disabled=\"false\" class=\"elementor-element elementor-element-0e7f896 e-flex e-con-boxed e-con e-parent\" data-id=\"0e7f896\" data-element_type=\"container\" data-e-type=\"container\">\n\t\t\t\t\t<div class=\"e-con-inner\">\n\t\t\t\t<div class=\"elementor-element elementor-element-9e4827d elementor-widget elementor-widget-heading\" data-id=\"9e4827d\" data-element_type=\"widget\" data-e-type=\"widget\" data-widget_type=\"heading.default\">\n\t\t\t\t\t<h3 class=\"elementor-heading-title elementor-size-default\">Los k'iche' migrantes en EE.UU.<\/h3>\t\t\t\t<\/div>\n\t\t\t\t\t<\/div>\n\t\t\t\t<\/div>\n\t\t<div data-particle_enable=\"false\" data-particle-mobile-disabled=\"false\" class=\"elementor-element elementor-element-70fa1d4 e-flex e-con-boxed e-con e-parent\" data-id=\"70fa1d4\" data-element_type=\"container\" data-e-type=\"container\">\n\t\t\t\t\t<div class=\"e-con-inner\">\n\t\t\t\t<div class=\"elementor-element elementor-element-5cb424c elementor-widget elementor-widget-text-editor\" data-id=\"5cb424c\" data-element_type=\"widget\" data-e-type=\"widget\" data-widget_type=\"text-editor.default\">\n\t\t\t\t\t\t\t\t\t<p>Seg\u00fan el mapa de la red consular de Guatemala, se registra presencia de guatemaltecos k&#8217;iche&#8217;\u00a0 en Estados y ciudades de EE.UU.<\/p><p><span style=\"color: var( --e-global-color-text ); text-align: var(--text-align);\">San Francisco,\u00a0<\/span><span style=\"color: var( --e-global-color-text ); text-align: var(--text-align);\">Los \u00c1ngeles y San Bernardino, California;\u00a0<\/span><span style=\"color: var( --e-global-color-text ); text-align: var(--text-align);\">Tucson, Arizona;\u00a0<\/span><span style=\"color: var( --e-global-color-text ); text-align: var(--text-align);\">Denver, Colorado;\u00a0<\/span><span style=\"color: var( --e-global-color-text ); text-align: var(--text-align);\">Mc Callen, Dallas y Houston, Texas;\u00a0<\/span><span style=\"color: var( --e-global-color-text ); text-align: var(--text-align);\">Oklahoma, City;\u00a0<\/span><span style=\"color: var( --e-global-color-text ); text-align: var(--text-align);\">Chicago, Illinois;\u00a0<\/span><span style=\"color: var( --e-global-color-text ); text-align: var(--text-align);\">Atlanta, Georgia;\u00a0\u00a0<\/span><span style=\"color: var( --e-global-color-text ); text-align: var(--text-align);\">Miami, Florida;\u00a0<\/span><span style=\"color: var( --e-global-color-text ); text-align: var(--text-align);\">Maryland;\u00a0<\/span><span style=\"color: var( --e-global-color-text ); text-align: var(--text-align);\">Raleigh, Carolina del Norte;\u00a0\u00a0<\/span><span style=\"color: var( --e-global-color-text ); text-align: var(--text-align);\">Nashville, Tennessee;\u00a0<\/span><span style=\"color: var( --e-global-color-text ); text-align: var(--text-align);\">Ohio;\u00a0<\/span><span style=\"color: var( --e-global-color-text ); text-align: var(--text-align);\">Philadelphia, Pensilvania;\u00a0 \u00a0<\/span><span style=\"color: var( --e-global-color-text ); text-align: var(--text-align);\">Nueva York;\u00a0<\/span><span style=\"color: var( --e-global-color-text ); text-align: var(--text-align);\">Rhode Island\u00a0 y <\/span><span style=\"color: var( --e-global-color-text ); text-align: var(--text-align);\">Nebraska.<\/span><\/p><div>\u00a0<\/div><p>\u00a0<\/p>\t\t\t\t\t\t\t\t<\/div>\n\t\t\t\t\t<\/div>\n\t\t\t\t<\/div>\n\t\t<div data-particle_enable=\"false\" data-particle-mobile-disabled=\"false\" class=\"elementor-element elementor-element-8cbdafe e-flex e-con-boxed e-con e-parent\" data-id=\"8cbdafe\" data-element_type=\"container\" data-e-type=\"container\">\n\t\t\t\t\t<div class=\"e-con-inner\">\n\t\t\t\t<div class=\"elementor-element elementor-element-548d8ff elementor-widget elementor-widget-image\" data-id=\"548d8ff\" data-element_type=\"widget\" data-e-type=\"widget\" data-widget_type=\"image.default\">\n\t\t\t\t\t\t\t\t\t\t\t\t<figure class=\"wp-caption\">\n\t\t\t\t\t\t\t\t\t\t<img decoding=\"async\" width=\"768\" height=\"768\" src=\"https:\/\/soymigrante.com\/revista\/wp-content\/uploads\/2024\/09\/pueblo-kiche-1024x1024.webp\" class=\"attachment-large size-large wp-image-8932\" alt=\"Tradici\u00f3n cultural del pueblo ind\u00edgena en M\u00e9xico, vestimenta t\u00edpica con mochila y sombrero en un entorno rural.\" srcset=\"https:\/\/soymigrante.com\/revista\/wp-content\/uploads\/2024\/09\/pueblo-kiche-1024x1024.webp 1024w, https:\/\/soymigrante.com\/revista\/wp-content\/uploads\/2024\/09\/pueblo-kiche-300x300.webp 300w, https:\/\/soymigrante.com\/revista\/wp-content\/uploads\/2024\/09\/pueblo-kiche-150x150.webp 150w, https:\/\/soymigrante.com\/revista\/wp-content\/uploads\/2024\/09\/pueblo-kiche-768x768.webp 768w, https:\/\/soymigrante.com\/revista\/wp-content\/uploads\/2024\/09\/pueblo-kiche-75x75.webp 75w, https:\/\/soymigrante.com\/revista\/wp-content\/uploads\/2024\/09\/pueblo-kiche-750x750.webp 750w, https:\/\/soymigrante.com\/revista\/wp-content\/uploads\/2024\/09\/pueblo-kiche-1140x1140.webp 1140w, https:\/\/soymigrante.com\/revista\/wp-content\/uploads\/2024\/09\/pueblo-kiche.webp 1168w\" sizes=\"(max-width: 768px) 100vw, 768px\" title=\"Pueblos de Guatemala k&#039;iche  fotograf\u00eda de Marcos Zarate \u2013 SoyMigrante.com REVISTA\" \/>\t\t\t\t\t\t\t\t\t\t\t<figcaption class=\"widget-image-caption wp-caption-text\">Representaci\u00f3n de cultura ind\u00edgena mexicana con vestimenta tradicional en un contexto rural.<\/figcaption>\n\t\t\t\t\t\t\t\t\t\t<\/figure>\n\t\t\t\t\t\t\t\t\t<\/div>\n\t\t\t\t\t<\/div>\n\t\t\t\t<\/div>\n\t\t<div data-particle_enable=\"false\" data-particle-mobile-disabled=\"false\" class=\"elementor-element elementor-element-ee8fbf1 e-flex e-con-boxed e-con e-parent\" data-id=\"ee8fbf1\" data-element_type=\"container\" data-e-type=\"container\">\n\t\t\t\t\t<div class=\"e-con-inner\">\n\t\t\t\t<div class=\"elementor-element elementor-element-1a835de elementor-widget elementor-widget-heading\" data-id=\"1a835de\" data-element_type=\"widget\" data-e-type=\"widget\" data-widget_type=\"heading.default\">\n\t\t\t\t\t<h2 class=\"elementor-heading-title elementor-size-default\">M\u00e1s de la riqueza multicultural de Guatemala<\/h2>\t\t\t\t<\/div>\n\t\t\t\t\t<\/div>\n\t\t\t\t<\/div>\n\t\t<div data-particle_enable=\"false\" data-particle-mobile-disabled=\"false\" class=\"elementor-element elementor-element-6877ab8 e-flex e-con-boxed e-con e-parent\" data-id=\"6877ab8\" data-element_type=\"container\" data-e-type=\"container\">\n\t\t\t\t\t<div class=\"e-con-inner\">\n\t\t\t\t<div class=\"elementor-element elementor-element-7c95c55 elementor-grid-eael-col-3 elementor-grid-tablet-eael-col-2 elementor-grid-mobile-eael-col-1 elementor-widget elementor-widget-eael-post-grid\" data-id=\"7c95c55\" data-element_type=\"widget\" data-e-type=\"widget\" data-settings=\"{&quot;eael_post_grid_columns&quot;:&quot;eael-col-3&quot;,&quot;eael_post_grid_columns_tablet&quot;:&quot;eael-col-2&quot;,&quot;eael_post_grid_columns_mobile&quot;:&quot;eael-col-1&quot;}\" data-widget_type=\"eael-post-grid.default\">\n\t\t\t\t\t<div id=\"eael-post-grid-7c95c55\" class=\"eael-post-grid-container\">\n            <div class=\"eael-post-grid eael-post-appender eael-post-appender-7c95c55 eael-post-grid-style-one\" data-layout-mode=\"masonry\"><article class=\"eael-grid-post  eael-post-grid-column eael-pg-post-8529 category-pueblos-de-guatemala\" data-id=\"8529\">\n        <div class=\"eael-grid-post-holder\">\n            <div class=\"eael-grid-post-holder-inner\"><div class=\"eael-entry-media\"><div class=\"eael-entry-overlay fade-in\"><i class=\"far fa-hand-pointer\" aria-hidden=\"true\"><\/i><a href=\"https:\/\/soymigrante.com\/revista\/etnias-de-guatemala-los-achi\/\"><\/a><\/div><div class=\"eael-entry-thumbnail \">\n                <img decoding=\"async\" width=\"1024\" height=\"1024\" src=\"https:\/\/soymigrante.com\/revista\/wp-content\/uploads\/2024\/08\/Achi-14-La-Conquista-e1724976866589-1024x1024.webp\" class=\"attachment-large size-large wp-image-8530\" alt=\"La danza de la Conquista de Rabina Baja Verapaz es una de las expresiones tradicionales del pueblo maya Achi\" srcset=\"https:\/\/soymigrante.com\/revista\/wp-content\/uploads\/2024\/08\/Achi-14-La-Conquista-e1724976866589-1024x1024.webp 1024w, https:\/\/soymigrante.com\/revista\/wp-content\/uploads\/2024\/08\/Achi-14-La-Conquista-e1724976866589-300x300.webp 300w, https:\/\/soymigrante.com\/revista\/wp-content\/uploads\/2024\/08\/Achi-14-La-Conquista-e1724976866589-150x150.webp 150w, https:\/\/soymigrante.com\/revista\/wp-content\/uploads\/2024\/08\/Achi-14-La-Conquista-e1724976866589-768x768.webp 768w, https:\/\/soymigrante.com\/revista\/wp-content\/uploads\/2024\/08\/Achi-14-La-Conquista-e1724976866589-75x75.webp 75w, https:\/\/soymigrante.com\/revista\/wp-content\/uploads\/2024\/08\/Achi-14-La-Conquista-e1724976866589-750x750.webp 750w, https:\/\/soymigrante.com\/revista\/wp-content\/uploads\/2024\/08\/Achi-14-La-Conquista-e1724976866589-1140x1140.webp 1140w, https:\/\/soymigrante.com\/revista\/wp-content\/uploads\/2024\/08\/Achi-14-La-Conquista-e1724976866589.webp 1280w\" sizes=\"(max-width: 1024px) 100vw, 1024px\" \/>\n            <\/div>\n        <\/div><div class=\"eael-entry-wrapper\"><header class=\"eael-entry-header\"><h2 class=\"eael-entry-title\"><a class=\"eael-grid-post-link\" href=\"https:\/\/soymigrante.com\/revista\/etnias-de-guatemala-los-achi\/\" title=\"El pueblo Achi&#8217; es descendiente de los se\u00f1ores Rabinaleb\">El pueblo Achi&#8217; es descendiente de los se\u00f1ores Rabinaleb<\/a><\/h2><\/header><div class=\"eael-entry-content\">\n                        <div class=\"eael-grid-post-excerpt\"><a href=\"https:\/\/soymigrante.com\/revista\/etnias-de-guatemala-los-achi\/\" class=\"eael-post-elements-readmore-btn\">CONOCE SU HISTORIA <\/a><\/div>\n                    <\/div><\/div><\/div>\n        <\/div>\n    <\/article><article class=\"eael-grid-post  eael-post-grid-column eael-pg-post-8582 category-pueblos-de-guatemala\" data-id=\"8582\">\n        <div class=\"eael-grid-post-holder\">\n            <div class=\"eael-grid-post-holder-inner\"><div class=\"eael-entry-media\"><div class=\"eael-entry-overlay fade-in\"><i class=\"far fa-hand-pointer\" aria-hidden=\"true\"><\/i><a href=\"https:\/\/soymigrante.com\/revista\/etnias-de-guatemala-akateko-el-pueblo-que-vino-de-tenam-y-sigue-floreciendo\/\"><\/a><\/div><div class=\"eael-entry-thumbnail \">\n                <img loading=\"lazy\" decoding=\"async\" width=\"847\" height=\"847\" src=\"https:\/\/soymigrante.com\/revista\/wp-content\/uploads\/2024\/08\/maya-akateko-4.webp\" class=\"attachment-large size-large wp-image-8583\" alt=\"Jovenes con indumentaria akateko, participando en una celebraci\u00f3n cultural al aire libre en un entorno natural. Idioma y etnia maya akateko o maya akateka\" srcset=\"https:\/\/soymigrante.com\/revista\/wp-content\/uploads\/2024\/08\/maya-akateko-4.webp 847w, https:\/\/soymigrante.com\/revista\/wp-content\/uploads\/2024\/08\/maya-akateko-4-300x300.webp 300w, https:\/\/soymigrante.com\/revista\/wp-content\/uploads\/2024\/08\/maya-akateko-4-150x150.webp 150w, https:\/\/soymigrante.com\/revista\/wp-content\/uploads\/2024\/08\/maya-akateko-4-768x768.webp 768w, https:\/\/soymigrante.com\/revista\/wp-content\/uploads\/2024\/08\/maya-akateko-4-75x75.webp 75w, https:\/\/soymigrante.com\/revista\/wp-content\/uploads\/2024\/08\/maya-akateko-4-750x750.webp 750w\" sizes=\"(max-width: 847px) 100vw, 847px\" \/>\n            <\/div>\n        <\/div><div class=\"eael-entry-wrapper\"><header class=\"eael-entry-header\"><h2 class=\"eael-entry-title\"><a class=\"eael-grid-post-link\" href=\"https:\/\/soymigrante.com\/revista\/etnias-de-guatemala-akateko-el-pueblo-que-vino-de-tenam-y-sigue-floreciendo\/\" title=\"El pueblo Akateko vino de Tenam y sigue floreciendo\">El pueblo Akateko vino de Tenam y sigue floreciendo<\/a><\/h2><\/header><div class=\"eael-entry-content\">\n                        <div class=\"eael-grid-post-excerpt\"><a href=\"https:\/\/soymigrante.com\/revista\/etnias-de-guatemala-akateko-el-pueblo-que-vino-de-tenam-y-sigue-floreciendo\/\" class=\"eael-post-elements-readmore-btn\">CONOCE SU HISTORIA <\/a><\/div>\n                    <\/div><\/div><\/div>\n        <\/div>\n    <\/article><article class=\"eael-grid-post  eael-post-grid-column eael-pg-post-8740 category-pueblos-de-guatemala\" data-id=\"8740\">\n        <div class=\"eael-grid-post-holder\">\n            <div class=\"eael-grid-post-holder-inner\"><div class=\"eael-entry-media\"><div class=\"eael-entry-overlay fade-in\"><i class=\"far fa-hand-pointer\" aria-hidden=\"true\"><\/i><a href=\"https:\/\/soymigrante.com\/revista\/el-pueblo-chuj-tiene-firme-raiz-en-las-montanas-de-huehuetenango\/\"><\/a><\/div><div class=\"eael-entry-thumbnail \">\n                <img loading=\"lazy\" decoding=\"async\" width=\"1024\" height=\"1024\" src=\"https:\/\/soymigrante.com\/revista\/wp-content\/uploads\/2024\/09\/chuj-abel-juarez-1024x1024.webp\" class=\"attachment-large size-large wp-image-8742\" alt=\"El pueblo Chuj tiene firme ra\u00edz en las monta\u00f1as de Huehuetenango. Tejido chuj, g\u00fcipil de San Mateo Ixtat\u00e1n, Huehuetenango. Museo Ixchel del Traje Ind\u00edgena.\" srcset=\"https:\/\/soymigrante.com\/revista\/wp-content\/uploads\/2024\/09\/chuj-abel-juarez-1024x1024.webp 1024w, https:\/\/soymigrante.com\/revista\/wp-content\/uploads\/2024\/09\/chuj-abel-juarez-300x300.webp 300w, https:\/\/soymigrante.com\/revista\/wp-content\/uploads\/2024\/09\/chuj-abel-juarez-150x150.webp 150w, https:\/\/soymigrante.com\/revista\/wp-content\/uploads\/2024\/09\/chuj-abel-juarez-768x768.webp 768w, https:\/\/soymigrante.com\/revista\/wp-content\/uploads\/2024\/09\/chuj-abel-juarez-75x75.webp 75w, https:\/\/soymigrante.com\/revista\/wp-content\/uploads\/2024\/09\/chuj-abel-juarez-750x750.webp 750w, https:\/\/soymigrante.com\/revista\/wp-content\/uploads\/2024\/09\/chuj-abel-juarez-1140x1140.webp 1140w, https:\/\/soymigrante.com\/revista\/wp-content\/uploads\/2024\/09\/chuj-abel-juarez.webp 1367w\" sizes=\"(max-width: 1024px) 100vw, 1024px\" \/>\n            <\/div>\n        <\/div><div class=\"eael-entry-wrapper\"><header class=\"eael-entry-header\"><h2 class=\"eael-entry-title\"><a class=\"eael-grid-post-link\" href=\"https:\/\/soymigrante.com\/revista\/el-pueblo-chuj-tiene-firme-raiz-en-las-montanas-de-huehuetenango\/\" title=\"El pueblo Chuj tiene firme ra\u00edz en las monta\u00f1as de Huehuetenango\">El pueblo Chuj tiene firme ra\u00edz en las monta\u00f1as de Huehuetenango<\/a><\/h2><\/header><div class=\"eael-entry-content\">\n                        <div class=\"eael-grid-post-excerpt\"><a href=\"https:\/\/soymigrante.com\/revista\/el-pueblo-chuj-tiene-firme-raiz-en-las-montanas-de-huehuetenango\/\" class=\"eael-post-elements-readmore-btn\">CONOCE SU HISTORIA <\/a><\/div>\n                    <\/div><\/div><\/div>\n        <\/div>\n    <\/article><\/div>\n            <div class=\"clearfix\"><\/div>\n        <\/div>\t\t\t\t<\/div>\n\t\t\t\t\t<\/div>\n\t\t\t\t<\/div>\n\t\t\t\t<\/div>\n\t\t","protected":false},"excerpt":{"rendered":"<p>Con aproximadamente 1 mill\u00f3n de hablantes, el k&#8217;iche&#8217; es el segundo idioma maya con mayor poblaci\u00f3n, dentro y fuera de las fronteras. Seg\u00fan el Popol Vuh esta comunidad maya proviene de cuatro h\u00e9roes formadores: Iqui Balam, Balam Quitz\u00e9, padre del linaje Kawek; Balam Acab, del cual se origin\u00f3 el linaje Nijaib\u2019 y Mahucutah ancestro del [&hellip;]<\/p>\n","protected":false},"author":17,"featured_media":8932,"comment_status":"open","ping_status":"open","sticky":false,"template":"","format":"standard","meta":{"_acf_changed":true,"_eb_attr":"","footnotes":""},"categories":[125],"tags":[],"class_list":["post-8931","post","type-post","status-publish","format-standard","has-post-thumbnail","hentry","category-pueblos-de-guatemala"],"acf":[],"aioseo_notices":[],"aioseo_head":"\n\t\t<!-- All in One SEO Pro 4.9.6.2 - aioseo.com -->\n\t<meta name=\"description\" content=\"El Chuj es idoma hermano del Q&#039;anjob&#039;al, del cual se separ\u00f3 hace unos 2 mil a\u00f1os. Hay 90 mil pobladores chuj guatemaltecos y otros 10 mil del lado mexicano.\" \/>\n\t<meta name=\"robots\" content=\"max-snippet:-1, max-image-preview:large, max-video-preview:-1\" \/>\n\t<meta name=\"author\" content=\"Edwin Castro\"\/>\n\t<link rel=\"canonical\" href=\"https:\/\/soymigrante.com\/revista\/el-pueblo-chuj-tiene-firme-raiz-en-las-montanas-de-huehuetenango\/\" \/>\n\t<meta name=\"generator\" content=\"All in One SEO Pro (AIOSEO) 4.9.6.2\" \/>\n\n\t\t<link rel=\"preconnect\" href=\"https:\/\/fonts.googleapis.com\" crossorigin>\n<link rel=\"preconnect\" href=\"https:\/\/fonts.gstatic.com\" crossorigin>\n\t\t<meta property=\"og:locale\" content=\"es_ES\" \/>\n\t\t<meta property=\"og:site_name\" content=\"SoyMigrante.com REVISTA \u2013 Nuestra misi\u00f3n es reconocer y dignificar al migrante.\" \/>\n\t\t<meta property=\"og:type\" content=\"article\" \/>\n\t\t<meta property=\"og:title\" content=\"Pueblo Chuj: con firme ra\u00edz en las monta\u00f1as de Huehuetenango\" \/>\n\t\t<meta property=\"og:description\" content=\"El Chuj es idoma hermano del Q&#039;anjob&#039;al, del cual se separ\u00f3 hace unos 2 mil a\u00f1os. Hay 90 mil pobladores chuj guatemaltecos y otros 10 mil del lado mexicano.\" \/>\n\t\t<meta property=\"og:url\" content=\"https:\/\/soymigrante.com\/revista\/el-pueblo-chuj-tiene-firme-raiz-en-las-montanas-de-huehuetenango\/\" \/>\n\t\t<meta property=\"og:image\" content=\"https:\/\/soymigrante.com\/revista\/wp-content\/uploads\/2024\/09\/chuj-abel-juarez.webp\" \/>\n\t\t<meta property=\"og:image:secure_url\" content=\"https:\/\/soymigrante.com\/revista\/wp-content\/uploads\/2024\/09\/chuj-abel-juarez.webp\" \/>\n\t\t<meta property=\"og:image:width\" content=\"1367\" \/>\n\t\t<meta property=\"og:image:height\" content=\"1367\" \/>\n\t\t<meta property=\"article:published_time\" content=\"2024-09-20T17:23:31+00:00\" \/>\n\t\t<meta property=\"article:modified_time\" content=\"2026-04-08T11:48:26+00:00\" \/>\n\t\t<meta property=\"article:publisher\" content=\"https:\/\/www.facebook.com\/soymigrantecom\" \/>\n\t\t<meta name=\"twitter:card\" content=\"summary_large_image\" \/>\n\t\t<meta name=\"twitter:site\" content=\"@SoyMigrante_com\" \/>\n\t\t<meta name=\"twitter:title\" content=\"Pueblo Chuj: con firme ra\u00edz en las monta\u00f1as de Huehuetenango\" \/>\n\t\t<meta name=\"twitter:description\" content=\"El Chuj es idoma hermano del Q&#039;anjob&#039;al, del cual se separ\u00f3 hace unos 2 mil a\u00f1os. Hay 90 mil pobladores chuj guatemaltecos y otros 10 mil del lado mexicano.\" \/>\n\t\t<meta name=\"twitter:creator\" content=\"@SoyMigrante_com\" \/>\n\t\t<meta name=\"twitter:image\" content=\"https:\/\/soymigrante.com\/revista\/wp-content\/uploads\/2024\/09\/chuj-abel-juarez.webp\" \/>\n\t\t<!-- All in One SEO Pro -->\r\n\t\t<title>Pueblo Chuj: con firme ra\u00edz en las monta\u00f1as de Huehuetenango<\/title>\n\n","aioseo_head_json":{"title":"Pueblo Chuj: con firme ra\u00edz en las monta\u00f1as de Huehuetenango","description":"El Chuj es idoma hermano del Q'anjob'al, del cual se separ\u00f3 hace unos 2 mil a\u00f1os. Hay 90 mil pobladores chuj guatemaltecos y otros 10 mil del lado mexicano.","canonical_url":"https:\/\/soymigrante.com\/revista\/el-pueblo-chuj-tiene-firme-raiz-en-las-montanas-de-huehuetenango\/","robots":"max-snippet:-1, max-image-preview:large, max-video-preview:-1","keywords":"","webmasterTools":{"miscellaneous":"&lt;link rel=\"preconnect\" href=\"https:\/\/fonts.googleapis.com\" crossorigin&gt;\n&lt;link rel=\"preconnect\" href=\"https:\/\/fonts.gstatic.com\" crossorigin&gt;"},"schema":null,"og:locale":"es_ES","og:site_name":"SoyMigrante.com REVISTA \u2013 Nuestra misi\u00f3n es reconocer y dignificar al migrante.","og:type":"article","og:title":"Pueblo Chuj: con firme ra\u00edz en las monta\u00f1as de Huehuetenango","og:description":"El Chuj es idoma hermano del Q'anjob'al, del cual se separ\u00f3 hace unos 2 mil a\u00f1os. Hay 90 mil pobladores chuj guatemaltecos y otros 10 mil del lado mexicano.","og:url":"https:\/\/soymigrante.com\/revista\/el-pueblo-chuj-tiene-firme-raiz-en-las-montanas-de-huehuetenango\/","og:image":"https:\/\/soymigrante.com\/revista\/wp-content\/uploads\/2024\/09\/chuj-abel-juarez.webp","og:image:secure_url":"https:\/\/soymigrante.com\/revista\/wp-content\/uploads\/2024\/09\/chuj-abel-juarez.webp","og:image:width":1367,"og:image:height":1367,"article:published_time":"2024-09-20T17:23:31+00:00","article:modified_time":"2026-04-08T11:48:26+00:00","article:publisher":"https:\/\/www.facebook.com\/soymigrantecom","twitter:card":"summary_large_image","twitter:site":"@SoyMigrante_com","twitter:title":"Pueblo Chuj: con firme ra\u00edz en las monta\u00f1as de Huehuetenango","twitter:description":"El Chuj es idoma hermano del Q'anjob'al, del cual se separ\u00f3 hace unos 2 mil a\u00f1os. Hay 90 mil pobladores chuj guatemaltecos y otros 10 mil del lado mexicano.","twitter:creator":"@SoyMigrante_com","twitter:image":"https:\/\/soymigrante.com\/revista\/wp-content\/uploads\/2024\/09\/chuj-abel-juarez.webp"},"aioseo_meta_data":{"post_id":"8931","title":"El pueblo k'iche' es el heredero y continuador del Popol Vuh","description":"Con 1.7 millones de hablantes, el k'iche' es el idioma maya m\u00e1s extendido en Guatemala; su cultura, indumentaria y tradici\u00f3n sobrepasan fronteras.","keywords":null,"keyphrases":{"focus":{"keyphrase":"Pueblos mayas","score":37,"analysis":{"keyphraseInTitle":{"score":3,"maxScore":9,"error":1},"keyphraseInDescription":{"score":3,"maxScore":9,"error":1},"keyphraseLength":{"score":9,"maxScore":9,"error":0,"length":2},"keyphraseInURL":{"score":1,"maxScore":5,"error":1},"keyphraseInIntroduction":{"score":3,"maxScore":9,"error":1},"keyphraseInSubHeadings":{"score":3,"maxScore":9,"error":1},"keyphraseInImageAlt":{"score":3,"maxScore":9,"error":1},"keywordDensity":{"score":0,"type":"low","maxScore":9,"error":1}}},"additional":[]},"primary_term":null,"canonical_url":null,"og_title":null,"og_description":null,"og_object_type":"default","og_image_type":"default","og_image_url":null,"og_image_width":null,"og_image_height":null,"og_image_custom_url":null,"og_image_custom_fields":null,"og_video":"","og_custom_url":null,"og_article_section":null,"og_article_tags":null,"twitter_use_og":false,"twitter_card":"default","twitter_image_type":"default","twitter_image_url":null,"twitter_image_custom_url":null,"twitter_image_custom_fields":null,"twitter_title":null,"twitter_description":null,"schema":{"blockGraphs":[],"customGraphs":[],"default":{"data":{"Article":[],"Course":[],"Dataset":[],"FAQPage":[],"Movie":[],"Person":[],"Product":[],"ProductReview":[],"Car":[],"Recipe":[],"Service":[],"SoftwareApplication":[],"WebPage":[]},"graphName":"Article","isEnabled":true},"graphs":[]},"schema_type":"default","schema_type_options":null,"pillar_content":false,"robots_default":true,"robots_noindex":false,"robots_noarchive":false,"robots_nosnippet":false,"robots_nofollow":false,"robots_noimageindex":false,"robots_noodp":false,"robots_notranslate":false,"robots_max_snippet":"-1","robots_max_videopreview":"-1","robots_max_imagepreview":"large","priority":null,"frequency":"default","local_seo":null,"seo_analyzer_scan_date":"2025-10-08 23:10:17","breadcrumb_settings":null,"limit_modified_date":false,"reviewed_by":null,"open_ai":"{\"title\":{\"suggestions\":[],\"usage\":0},\"description\":{\"suggestions\":[],\"usage\":0}}","ai":null,"created":"2024-09-09 17:53:09","updated":"2026-02-04 13:34:04"},"aioseo_breadcrumb":"<div class=\"aioseo-breadcrumbs\"><span class=\"aioseo-breadcrumb\">\n\t<a href=\"https:\/\/soymigrante.com\/revista\" title=\"Home\">Home<\/a>\n<\/span><span class=\"aioseo-breadcrumb-separator\">\u00bb<\/span><span class=\"aioseo-breadcrumb\">\n\t<a href=\"https:\/\/soymigrante.com\/revista\/category\/guate-nuestra\/\" title=\"Guate Nuestra\">Guate Nuestra<\/a>\n<\/span><span class=\"aioseo-breadcrumb-separator\">\u00bb<\/span><span class=\"aioseo-breadcrumb\">\n\t<a href=\"https:\/\/soymigrante.com\/revista\/category\/guate-nuestra\/pueblos-de-guatemala\/\" title=\"Pueblos de Guatemala\">Pueblos de Guatemala<\/a>\n<\/span><span class=\"aioseo-breadcrumb-separator\">\u00bb<\/span><span class=\"aioseo-breadcrumb\">\n\tEl pueblo K\u2019iche\u2019 es heredero y continuador de la tradici\u00f3n del Popol Vuh\n<\/span><\/div>","aioseo_breadcrumb_json":[{"label":"Home","link":"https:\/\/soymigrante.com\/revista"},{"label":"Guate Nuestra","link":"https:\/\/soymigrante.com\/revista\/category\/guate-nuestra\/"},{"label":"Pueblos de Guatemala","link":"https:\/\/soymigrante.com\/revista\/category\/guate-nuestra\/pueblos-de-guatemala\/"},{"label":"El pueblo K&#8217;iche&#8217; es heredero y continuador de la tradici\u00f3n del Popol Vuh","link":"https:\/\/soymigrante.com\/revista\/el-pueblo-kiche-es-heredero-y-continuador-de-la-tradicion-del-popol-vuh\/"}],"_links":{"self":[{"href":"https:\/\/soymigrante.com\/revista\/wp-json\/wp\/v2\/posts\/8931","targetHints":{"allow":["GET"]}}],"collection":[{"href":"https:\/\/soymigrante.com\/revista\/wp-json\/wp\/v2\/posts"}],"about":[{"href":"https:\/\/soymigrante.com\/revista\/wp-json\/wp\/v2\/types\/post"}],"author":[{"embeddable":true,"href":"https:\/\/soymigrante.com\/revista\/wp-json\/wp\/v2\/users\/17"}],"replies":[{"embeddable":true,"href":"https:\/\/soymigrante.com\/revista\/wp-json\/wp\/v2\/comments?post=8931"}],"version-history":[{"count":0,"href":"https:\/\/soymigrante.com\/revista\/wp-json\/wp\/v2\/posts\/8931\/revisions"}],"wp:featuredmedia":[{"embeddable":true,"href":"https:\/\/soymigrante.com\/revista\/wp-json\/wp\/v2\/media\/8932"}],"wp:attachment":[{"href":"https:\/\/soymigrante.com\/revista\/wp-json\/wp\/v2\/media?parent=8931"}],"wp:term":[{"taxonomy":"category","embeddable":true,"href":"https:\/\/soymigrante.com\/revista\/wp-json\/wp\/v2\/categories?post=8931"},{"taxonomy":"post_tag","embeddable":true,"href":"https:\/\/soymigrante.com\/revista\/wp-json\/wp\/v2\/tags?post=8931"}],"curies":[{"name":"wp","href":"https:\/\/api.w.org\/{rel}","templated":true}]}}