{"id":8924,"date":"2024-11-14T08:18:11","date_gmt":"2024-11-14T14:18:11","guid":{"rendered":"https:\/\/soymigrante.com\/revista\/?p=8924"},"modified":"2024-11-14T08:24:41","modified_gmt":"2024-11-14T14:24:41","slug":"levantarse-temprano-el-secreto-de-una-rutina-exitosa-y-productiva","status":"publish","type":"post","link":"https:\/\/soymigrante.com\/revista\/levantarse-temprano-el-secreto-de-una-rutina-exitosa-y-productiva\/","title":{"rendered":"Levantarse temprano: el secreto de una rutina exitosa y productiva"},"content":{"rendered":"\t\t<div data-elementor-type=\"wp-post\" data-elementor-id=\"8924\" class=\"elementor elementor-8924\" data-elementor-post-type=\"post\">\n\t\t\t\t<div data-particle_enable=\"false\" data-particle-mobile-disabled=\"false\" class=\"elementor-element elementor-element-f360edd e-flex e-con-boxed e-con e-parent\" data-id=\"f360edd\" data-element_type=\"container\" data-e-type=\"container\">\n\t\t\t\t\t<div class=\"e-con-inner\">\n\t\t\t\t<div class=\"elementor-element elementor-element-f5616a7 elementor-widget elementor-widget-heading\" data-id=\"f5616a7\" data-element_type=\"widget\" data-e-type=\"widget\" data-widget_type=\"heading.default\">\n\t\t\t\t\t<h2 class=\"elementor-heading-title elementor-size-default\">Levantarse temprano puede tener sus ventajas, como aprovechar la ma\u00f1ana, caminar, ir por las compras, pero tambi\u00e9n le servir\u00e1 para tener una rutina. \n<\/h2>\t\t\t\t<\/div>\n\t\t\t\t\t<\/div>\n\t\t\t\t<\/div>\n\t\t<div data-particle_enable=\"false\" data-particle-mobile-disabled=\"false\" class=\"elementor-element elementor-element-6b8652d e-flex e-con-boxed e-con e-parent\" data-id=\"6b8652d\" data-element_type=\"container\" data-e-type=\"container\">\n\t\t\t\t\t<div class=\"e-con-inner\">\n\t\t\t\t<div class=\"elementor-element elementor-element-f3e2b6d elementor-widget elementor-widget-text-editor\" data-id=\"f3e2b6d\" data-element_type=\"widget\" data-e-type=\"widget\" data-widget_type=\"text-editor.default\">\n\t\t\t\t\t\t\t\t\t<p>En un mundo cada vez m\u00e1s acelerado y competitivo, la b\u00fasqueda de productividad y bienestar es constante. Mientras algunos encuentran soluciones en complejas t\u00e9cnicas de gesti\u00f3n del tiempo o en el uso de aplicaciones digitales, otros han descubierto que el secreto para tener d\u00edas m\u00e1s productivos y equilibrados est\u00e1 en algo mucho m\u00e1s simple: levantarse temprano y seguir una rutina diaria.<\/p><p>Diversos estudios han demostrado que levantarse temprano est\u00e1 asociado con m\u00faltiples beneficios, tanto f\u00edsicos como mentales. Por ejemplo, un estudio realizado por la Universidad de Harvard encontr\u00f3 que <a href=\"https:\/\/soymigrante.com\/revista\/seis-consejos-para-conseguir-ser-una-persona-puntual\/\" target=\"_blank\" rel=\"noopener\">las personas que se despiertan temprano tienden a ser m\u00e1s proactivas y tienen m\u00e1s \u00e9xit<\/a>o en sus vidas profesionales y personales. Adem\u00e1s, madrugar permite aprovechar mejor la luz natural, lo que ayuda a regular los ritmos circadianos y mejora la calidad del sue\u00f1o nocturno.<\/p>\t\t\t\t\t\t\t\t<\/div>\n\t\t\t\t\t<\/div>\n\t\t\t\t<\/div>\n\t\t<div data-particle_enable=\"false\" data-particle-mobile-disabled=\"false\" class=\"elementor-element elementor-element-a985ea6 e-flex e-con-boxed e-con e-parent\" data-id=\"a985ea6\" data-element_type=\"container\" data-e-type=\"container\">\n\t\t\t\t\t<div class=\"e-con-inner\">\n\t\t\t\t<div class=\"elementor-element elementor-element-9579e79 elementor-widget elementor-widget-text-editor\" data-id=\"9579e79\" data-element_type=\"widget\" data-e-type=\"widget\" data-widget_type=\"text-editor.default\">\n\t\t\t\t\t\t\t\t\t<p>Aquellos que madrugan tambi\u00e9n tienden a disfrutar de una ma\u00f1ana m\u00e1s tranquila y sin distracciones. Este tiempo puede ser utilizado para reflexionar, hacer ejercicio, meditar o simplemente planificar el d\u00eda sin la presi\u00f3n de las tareas diarias o el estr\u00e9s de las urgencias laborales. Esto no solo mejora la salud mental, sino que tambi\u00e9n prepara el cuerpo y la mente para enfrentar el d\u00eda con mayor energ\u00eda y claridad.<\/p>\t\t\t\t\t\t\t\t<\/div>\n\t\t\t\t\t<\/div>\n\t\t\t\t<\/div>\n\t\t<div data-particle_enable=\"false\" data-particle-mobile-disabled=\"false\" class=\"elementor-element elementor-element-c690cee e-flex e-con-boxed e-con e-parent\" data-id=\"c690cee\" data-element_type=\"container\" data-e-type=\"container\">\n\t\t\t\t\t<div class=\"e-con-inner\">\n\t\t\t\t<div class=\"elementor-element elementor-element-b6f6e72 elementor-widget elementor-widget-image\" data-id=\"b6f6e72\" data-element_type=\"widget\" data-e-type=\"widget\" data-widget_type=\"image.default\">\n\t\t\t\t\t\t\t\t\t\t\t\t\t\t\t<img fetchpriority=\"high\" decoding=\"async\" width=\"768\" height=\"512\" src=\"https:\/\/soymigrante.com\/revista\/wp-content\/uploads\/2024\/09\/Levantarse-temprano-el-secreto-de-una-rutina-exitosa-2-1024x683.jpg\" class=\"attachment-large size-large wp-image-8928\" alt=\"Sonrientes madre e hija durmiendo juntas en la cama, disfrutando de un momento de paz y felicidad. Imagen que refleja amor familiar, descanso, bienestar emocional y la importancia del tiempo en familia.\" srcset=\"https:\/\/soymigrante.com\/revista\/wp-content\/uploads\/2024\/09\/Levantarse-temprano-el-secreto-de-una-rutina-exitosa-2-1024x683.jpg 1024w, https:\/\/soymigrante.com\/revista\/wp-content\/uploads\/2024\/09\/Levantarse-temprano-el-secreto-de-una-rutina-exitosa-2-300x200.jpg 300w, https:\/\/soymigrante.com\/revista\/wp-content\/uploads\/2024\/09\/Levantarse-temprano-el-secreto-de-una-rutina-exitosa-2-768x512.jpg 768w, https:\/\/soymigrante.com\/revista\/wp-content\/uploads\/2024\/09\/Levantarse-temprano-el-secreto-de-una-rutina-exitosa-2-1536x1024.jpg 1536w, https:\/\/soymigrante.com\/revista\/wp-content\/uploads\/2024\/09\/Levantarse-temprano-el-secreto-de-una-rutina-exitosa-2-2048x1365.jpg 2048w, https:\/\/soymigrante.com\/revista\/wp-content\/uploads\/2024\/09\/Levantarse-temprano-el-secreto-de-una-rutina-exitosa-2-750x500.jpg 750w, https:\/\/soymigrante.com\/revista\/wp-content\/uploads\/2024\/09\/Levantarse-temprano-el-secreto-de-una-rutina-exitosa-2-1140x760.jpg 1140w\" sizes=\"(max-width: 768px) 100vw, 768px\" title=\"Levantarse temprano: el secreto de una rutina exitosa \u2013 SoyMigrante.com REVISTA\" \/>\t\t\t\t\t\t\t\t\t\t\t\t\t\t\t<\/div>\n\t\t\t\t\t<\/div>\n\t\t\t\t<\/div>\n\t\t<div data-particle_enable=\"false\" data-particle-mobile-disabled=\"false\" class=\"elementor-element elementor-element-6a6852a e-flex e-con-boxed e-con e-parent\" data-id=\"6a6852a\" data-element_type=\"container\" data-e-type=\"container\">\n\t\t\t\t\t<div class=\"e-con-inner\">\n\t\t\t\t<div class=\"elementor-element elementor-element-32fdff9 elementor-widget elementor-widget-heading\" data-id=\"32fdff9\" data-element_type=\"widget\" data-e-type=\"widget\" data-widget_type=\"heading.default\">\n\t\t\t\t\t<h3 class=\"elementor-heading-title elementor-size-default\">Una rutina estable, el complemento perfecto<\/h3>\t\t\t\t<\/div>\n\t\t\t\t\t<\/div>\n\t\t\t\t<\/div>\n\t\t<div data-particle_enable=\"false\" data-particle-mobile-disabled=\"false\" class=\"elementor-element elementor-element-1013569 e-flex e-con-boxed e-con e-parent\" data-id=\"1013569\" data-element_type=\"container\" data-e-type=\"container\">\n\t\t\t\t\t<div class=\"e-con-inner\">\n\t\t\t\t<div class=\"elementor-element elementor-element-2b056e1 elementor-widget elementor-widget-text-editor\" data-id=\"2b056e1\" data-element_type=\"widget\" data-e-type=\"widget\" data-widget_type=\"text-editor.default\">\n\t\t\t\t\t\t\t\t\t<p>Levantarse temprano es solo una parte de la ecuaci\u00f3n. El otro componente clave es establecer una rutina s\u00f3lida que incluya h\u00e1bitos saludables y bien estructurados. Tener una rutina diaria ayuda a reducir la ansiedad y aumenta el sentido de control y predictibilidad, factores que son esenciales para el bienestar mental.<\/p><p><a href=\"https:\/\/soymigrante.com\/revista\/hablarles-a-los-hijos-con-la-verdad-siempre-sera-el-camino\/\" target=\"_blank\" rel=\"noopener\">Una rutina matutina puede incluir desde la pr\u00e1ctica de ejercicio f\u00edsico<\/a>, la lectura de un libro, la planificaci\u00f3n del d\u00eda, hasta el disfrute de un desayuno nutritivo. Lo importante es que estas actividades sean consistentes y alineadas con los objetivos personales de cada individuo. La repetici\u00f3n de estos h\u00e1bitos positivos no solo genera una sensaci\u00f3n de logro, sino que tambi\u00e9n establece un ritmo que facilita la productividad a lo largo del d\u00eda.<\/p>\t\t\t\t\t\t\t\t<\/div>\n\t\t\t\t\t<\/div>\n\t\t\t\t<\/div>\n\t\t<div data-particle_enable=\"false\" data-particle-mobile-disabled=\"false\" class=\"elementor-element elementor-element-aae655f e-flex e-con-boxed e-con e-parent\" data-id=\"aae655f\" data-element_type=\"container\" data-e-type=\"container\">\n\t\t\t\t\t<div class=\"e-con-inner\">\n\t\t\t\t<div class=\"elementor-element elementor-element-2af6595 elementor-widget elementor-widget-image\" data-id=\"2af6595\" data-element_type=\"widget\" data-e-type=\"widget\" data-widget_type=\"image.default\">\n\t\t\t\t\t\t\t\t\t\t\t\t\t\t\t<img decoding=\"async\" width=\"683\" height=\"1024\" src=\"https:\/\/soymigrante.com\/revista\/wp-content\/uploads\/2024\/09\/Levantarse-temprano-el-secreto-de-una-rutina-exitosa-3-683x1024.jpg\" class=\"attachment-large size-large wp-image-8929\" alt=\"Alarmas inteligentes para seguridad, control y tranquilidad en hogares y migrantes. Tecnolog\u00eda innovadora en alarmas y dispositivos conectados, seguridad y protecci\u00f3n familiar.\" srcset=\"https:\/\/soymigrante.com\/revista\/wp-content\/uploads\/2024\/09\/Levantarse-temprano-el-secreto-de-una-rutina-exitosa-3-683x1024.jpg 683w, https:\/\/soymigrante.com\/revista\/wp-content\/uploads\/2024\/09\/Levantarse-temprano-el-secreto-de-una-rutina-exitosa-3-200x300.webp 200w, https:\/\/soymigrante.com\/revista\/wp-content\/uploads\/2024\/09\/Levantarse-temprano-el-secreto-de-una-rutina-exitosa-3-768x1152.jpg 768w, https:\/\/soymigrante.com\/revista\/wp-content\/uploads\/2024\/09\/Levantarse-temprano-el-secreto-de-una-rutina-exitosa-3-1024x1536.jpg 1024w, https:\/\/soymigrante.com\/revista\/wp-content\/uploads\/2024\/09\/Levantarse-temprano-el-secreto-de-una-rutina-exitosa-3-1365x2048.jpg 1365w, https:\/\/soymigrante.com\/revista\/wp-content\/uploads\/2024\/09\/Levantarse-temprano-el-secreto-de-una-rutina-exitosa-3-750x1125.webp 750w, https:\/\/soymigrante.com\/revista\/wp-content\/uploads\/2024\/09\/Levantarse-temprano-el-secreto-de-una-rutina-exitosa-3-1140x1710.jpg 1140w, https:\/\/soymigrante.com\/revista\/wp-content\/uploads\/2024\/09\/Levantarse-temprano-el-secreto-de-una-rutina-exitosa-3-scaled.webp 1280w\" sizes=\"(max-width: 683px) 100vw, 683px\" title=\"Levantarse temprano el secreto de una rutina exitosa 3 \u2013 SoyMigrante.com REVISTA\" \/>\t\t\t\t\t\t\t\t\t\t\t\t\t\t\t<\/div>\n\t\t\t\t\t<\/div>\n\t\t\t\t<\/div>\n\t\t<div data-particle_enable=\"false\" data-particle-mobile-disabled=\"false\" class=\"elementor-element elementor-element-01faf49 e-flex e-con-boxed e-con e-parent\" data-id=\"01faf49\" data-element_type=\"container\" data-e-type=\"container\">\n\t\t\t\t\t<div class=\"e-con-inner\">\n\t\t\t\t<div class=\"elementor-element elementor-element-e97c60b elementor-widget elementor-widget-heading\" data-id=\"e97c60b\" data-element_type=\"widget\" data-e-type=\"widget\" data-widget_type=\"heading.default\">\n\t\t\t\t\t<h3 class=\"elementor-heading-title elementor-size-default\">Casos de \u00e9xito y recomendaciones<\/h3>\t\t\t\t<\/div>\n\t\t\t\t\t<\/div>\n\t\t\t\t<\/div>\n\t\t<div data-particle_enable=\"false\" data-particle-mobile-disabled=\"false\" class=\"elementor-element elementor-element-44ec6f5 e-flex e-con-boxed e-con e-parent\" data-id=\"44ec6f5\" data-element_type=\"container\" data-e-type=\"container\">\n\t\t\t\t\t<div class=\"e-con-inner\">\n\t\t\t\t<div class=\"elementor-element elementor-element-538e9bf elementor-widget elementor-widget-text-editor\" data-id=\"538e9bf\" data-element_type=\"widget\" data-e-type=\"widget\" data-widget_type=\"text-editor.default\">\n\t\t\t\t\t\t\t\t\t<p>Muchas personalidades de \u00e9xito han compartido p\u00fablicamente sus rutinas matutinas, destacando c\u00f3mo est\u00e1s han influido en su rendimiento y \u00e9xito. Por ejemplo, Tim Cook, CEO de Apple, se despierta a las 4:30 a.m. para leer correos electr\u00f3nicos y hacer ejercicio, mientras que Oprah Winfrey inicia su d\u00eda con meditaci\u00f3n y ejercicio f\u00edsico.<\/p><p><a href=\"https:\/\/soymigrante.com\/revista\/no-todos-pensamos-en-una-refaccion-saludable-pero-debemos\/\" target=\"_blank\" rel=\"noopener\">Los expertos recomiendan que, para adoptar una rutina matutina efectiva, se comiencen con peque\u00f1os cambios<\/a> y se establezcan metas realistas. Por ejemplo, comenzar despert\u00e1ndose 15 minutos m\u00e1s temprano cada d\u00eda hasta llegar a la hora deseada o incorporar gradualmente h\u00e1bitos como la meditaci\u00f3n o la lectura. La clave est\u00e1 en la constancia y en encontrar las actividades que mejor se adapten a las necesidades y objetivos personales.<\/p>\t\t\t\t\t\t\t\t<\/div>\n\t\t\t\t\t<\/div>\n\t\t\t\t<\/div>\n\t\t<div data-particle_enable=\"false\" data-particle-mobile-disabled=\"false\" class=\"elementor-element elementor-element-73a2826 e-flex e-con-boxed e-con e-parent\" data-id=\"73a2826\" data-element_type=\"container\" data-e-type=\"container\">\n\t\t\t\t\t<div class=\"e-con-inner\">\n\t\t\t\t<div class=\"elementor-element elementor-element-82d244e elementor-widget elementor-widget-heading\" data-id=\"82d244e\" data-element_type=\"widget\" data-e-type=\"widget\" data-widget_type=\"heading.default\">\n\t\t\t\t\t<h2 class=\"elementor-heading-title elementor-size-default\">Conoce m\u00e1s temas que te pueden interesar...<\/h2>\t\t\t\t<\/div>\n\t\t\t\t\t<\/div>\n\t\t\t\t<\/div>\n\t\t<div data-particle_enable=\"false\" data-particle-mobile-disabled=\"false\" class=\"elementor-element elementor-element-08baebf e-flex e-con-boxed e-con e-parent\" data-id=\"08baebf\" data-element_type=\"container\" data-e-type=\"container\">\n\t\t\t\t\t<div class=\"e-con-inner\">\n\t\t\t\t<div class=\"elementor-element elementor-element-60da6dd elementor-widget elementor-widget-blfe-post-grid\" data-id=\"60da6dd\" data-element_type=\"widget\" data-e-type=\"widget\" data-settings=\"{&quot;columns&quot;:&quot;3&quot;,&quot;columns_tablet&quot;:&quot;6&quot;,&quot;columns_mobile&quot;:&quot;12&quot;,&quot;hero2_navigation&quot;:&quot;arrows&quot;,&quot;hero2_layout_column_gap&quot;:{&quot;unit&quot;:&quot;px&quot;,&quot;size&quot;:5,&quot;sizes&quot;:[]},&quot;hero2_layout_column_gap_tablet&quot;:{&quot;unit&quot;:&quot;px&quot;,&quot;size&quot;:&quot;&quot;,&quot;sizes&quot;:[]},&quot;hero2_layout_column_gap_mobile&quot;:{&quot;unit&quot;:&quot;px&quot;,&quot;size&quot;:&quot;&quot;,&quot;sizes&quot;:[]},&quot;hero2_layout_row_gap&quot;:{&quot;unit&quot;:&quot;px&quot;,&quot;size&quot;:5,&quot;sizes&quot;:[]},&quot;hero2_layout_row_gap_tablet&quot;:{&quot;unit&quot;:&quot;px&quot;,&quot;size&quot;:&quot;&quot;,&quot;sizes&quot;:[]},&quot;hero2_layout_row_gap_mobile&quot;:{&quot;unit&quot;:&quot;px&quot;,&quot;size&quot;:&quot;&quot;,&quot;sizes&quot;:[]}}\" data-widget_type=\"blfe-post-grid.hero2\">\n\t\t\t\t<div class=\"elementor-widget-container\">\n\t\t\t\t\t\n                        <div class=\"blfe-post-grid-container \">\n            \n                <div data-skin=\"hero2\" class=\"blfe-row blfe-posts-inner blfe-hero2 blfe-posts-inner blfe-col-3 blfe-col-tab-6 blfe-col-mob-12     \">\n                            <div class=\"blfe-post-grid-item \">\n            <div class=\"blfe-post-grid-item-inner blfe-modern-zoom\">\n                        <div class=\"blfe-post-grid-bg-image\">\n            <a class=\"blfe-post-grid-image-inner\" href=\"https:\/\/soymigrante.com\/revista\/estrategias-para-fidelizar-clientes-pequenas-acciones-que-te-ayudaran-en-el-comercio-digital\/\" title=\"Estrategias para fidelizar clientes: peque\u00f1as acciones que te ayudar\u00e1n en el comercio digital\" rel=\"nofollow\" target=\"_blank\"><img decoding=\"async\" src=\"https:\/\/soymigrante.com\/revista\/wp-content\/uploads\/2026\/04\/vendedora-soymigrantecom-emprendimiento-emprendedora-comercio-digital.png\" alt=\"Estrategias para fidelizar clientes: peque\u00f1as acciones que te ayudar\u00e1n en el comercio digital\"\/><\/a>        <\/div>\n                        <div class=\"blfe-post-grid-details\">\n                    <div class=\"blfe-post-grid-details-inner\">\n                        <span class=\"blfe-post-category\"><a href=\"https:\/\/soymigrante.com\/revista\/category\/bienestar\/\">Bienestar<\/a><\/span>                        <h3 class=\"blfe-post-grid-title\">\n            <a href=\"https:\/\/soymigrante.com\/revista\/estrategias-para-fidelizar-clientes-pequenas-acciones-que-te-ayudaran-en-el-comercio-digital\/\" title=\"Estrategias para fidelizar clientes: peque\u00f1as acciones que te ayudar\u00e1n en el comercio digital\" rel=\"nofollow\" target=\"_blank\">Estrategias para fidelizar clientes: peque\u00f1as acciones que te ayudar\u00e1n en el comercio digital<\/a>\n            <\/h3>                                    <div class=\"blfe-post-grid-meta\">\n                <span class=\"blfe-post-grid-time\"><i class=\"fas fa-book-reader\"><\/i>5 Min read<\/span>            <\/div>\n                                                                                <\/div>\n                <\/div>\n\n            <\/div>\n        <\/div>\n                <div class=\"blfe-post-grid-item \">\n            <div class=\"blfe-post-grid-item-inner blfe-modern-zoom\">\n                        <div class=\"blfe-post-grid-bg-image\">\n            <a class=\"blfe-post-grid-image-inner\" href=\"https:\/\/soymigrante.com\/revista\/violencia-intrafamiliar-domestica-se-debe-reconocer-y-denunciar-donde-obtener-ayuda-en-estados-unidos\/\" title=\"Violencia intrafamiliar se debe reconocer,  denunciar y frenar \u00bfD\u00f3nde obtener ayuda en Estados Unidos?\" rel=\"nofollow\" target=\"_blank\"><img decoding=\"async\" src=\"https:\/\/soymigrante.com\/revista\/wp-content\/uploads\/2026\/04\/frenar-violencia-domestica-estados-unidos.png\" alt=\"Violencia intrafamiliar se debe reconocer,  denunciar y frenar \u00bfD\u00f3nde obtener ayuda en Estados Unidos?\"\/><\/a>        <\/div>\n                        <div class=\"blfe-post-grid-details\">\n                    <div class=\"blfe-post-grid-details-inner\">\n                        <span class=\"blfe-post-category\"><a href=\"https:\/\/soymigrante.com\/revista\/category\/bienestar\/en-familia\/\">En Familia<\/a><\/span>                        <h3 class=\"blfe-post-grid-title\">\n            <a href=\"https:\/\/soymigrante.com\/revista\/violencia-intrafamiliar-domestica-se-debe-reconocer-y-denunciar-donde-obtener-ayuda-en-estados-unidos\/\" title=\"Violencia intrafamiliar se debe reconocer,  denunciar y frenar \u00bfD\u00f3nde obtener ayuda en Estados Unidos?\" rel=\"nofollow\" target=\"_blank\">Violencia intrafamiliar se debe reconocer,  denunciar y frenar \u00bfD\u00f3nde obtener ayuda en Estados Unidos?<\/a>\n            <\/h3>                                    <div class=\"blfe-post-grid-meta\">\n                <span class=\"blfe-post-grid-time\"><i class=\"fas fa-book-reader\"><\/i>5 Min read<\/span>            <\/div>\n                                                                                <\/div>\n                <\/div>\n\n            <\/div>\n        <\/div>\n                <div class=\"blfe-post-grid-item \">\n            <div class=\"blfe-post-grid-item-inner blfe-modern-zoom\">\n                        <div class=\"blfe-post-grid-bg-image\">\n            <a class=\"blfe-post-grid-image-inner\" href=\"https:\/\/soymigrante.com\/revista\/claves-sobre-primeros-auxilios-psicologicos-para-ayudar-a-alguien-agobiado-por-dolor-miedo-o-angustia\/\" title=\"Claves sobre Primeros Auxilios Psicol\u00f3gicos para ayudar a alguien agobiado por dolor, miedo o angustia\" rel=\"nofollow\" target=\"_blank\"><img decoding=\"async\" src=\"https:\/\/soymigrante.com\/revista\/wp-content\/uploads\/2026\/04\/primeros-auxilios-emocionales.png\" alt=\"Claves sobre Primeros Auxilios Psicol\u00f3gicos para ayudar a alguien agobiado por dolor, miedo o angustia\"\/><\/a>        <\/div>\n                        <div class=\"blfe-post-grid-details\">\n                    <div class=\"blfe-post-grid-details-inner\">\n                        <span class=\"blfe-post-category\"><a href=\"https:\/\/soymigrante.com\/revista\/category\/bienestar\/salud-emocional\/\">Salud Emocional<\/a><\/span>                        <h3 class=\"blfe-post-grid-title\">\n            <a href=\"https:\/\/soymigrante.com\/revista\/claves-sobre-primeros-auxilios-psicologicos-para-ayudar-a-alguien-agobiado-por-dolor-miedo-o-angustia\/\" title=\"Claves sobre Primeros Auxilios Psicol\u00f3gicos para ayudar a alguien agobiado por dolor, miedo o angustia\" rel=\"nofollow\" target=\"_blank\">Claves sobre Primeros Auxilios Psicol\u00f3gicos para ayudar a alguien agobiado por dolor, miedo o angustia<\/a>\n            <\/h3>                                    <div class=\"blfe-post-grid-meta\">\n                <span class=\"blfe-post-grid-time\"><i class=\"fas fa-book-reader\"><\/i>6 Min read<\/span>            <\/div>\n                                                                                <\/div>\n                <\/div>\n\n            <\/div>\n        <\/div>\n                <div class=\"blfe-post-grid-item \">\n            <div class=\"blfe-post-grid-item-inner blfe-modern-zoom\">\n                        <div class=\"blfe-post-grid-bg-image\">\n            <a class=\"blfe-post-grid-image-inner\" href=\"https:\/\/soymigrante.com\/revista\/horario-de-verano-2026-en-usa-cuando-comenzo-y-hasta-cuando-dura\/\" title=\"Horario de verano 2026 en USA: \u00bfCu\u00e1ndo comenz\u00f3 y hasta cuando dura?\" rel=\"nofollow\" target=\"_blank\"><img decoding=\"async\" src=\"https:\/\/soymigrante.com\/revista\/wp-content\/uploads\/2026\/03\/horario-de-verano-estados-unidos-2.png\" alt=\"Horario de verano 2026 en USA: \u00bfCu\u00e1ndo comenz\u00f3 y hasta cuando dura?\"\/><\/a>        <\/div>\n                        <div class=\"blfe-post-grid-details\">\n                    <div class=\"blfe-post-grid-details-inner\">\n                        <span class=\"blfe-post-category\"><a href=\"https:\/\/soymigrante.com\/revista\/category\/bienestar\/\">Bienestar<\/a><\/span>                        <h3 class=\"blfe-post-grid-title\">\n            <a href=\"https:\/\/soymigrante.com\/revista\/horario-de-verano-2026-en-usa-cuando-comenzo-y-hasta-cuando-dura\/\" title=\"Horario de verano 2026 en USA: \u00bfCu\u00e1ndo comenz\u00f3 y hasta cuando dura?\" rel=\"nofollow\" target=\"_blank\">Horario de verano 2026 en USA: \u00bfCu\u00e1ndo comenz\u00f3 y hasta cuando dura?<\/a>\n            <\/h3>                                    <div class=\"blfe-post-grid-meta\">\n                <span class=\"blfe-post-grid-time\"><i class=\"fas fa-book-reader\"><\/i>3 Min read<\/span>            <\/div>\n                                                                                <\/div>\n                <\/div>\n\n            <\/div>\n        <\/div>\n                <div class=\"blfe-post-grid-item \">\n            <div class=\"blfe-post-grid-item-inner blfe-modern-zoom\">\n                        <div class=\"blfe-post-grid-bg-image\">\n            <a class=\"blfe-post-grid-image-inner\" href=\"https:\/\/soymigrante.com\/revista\/piramide-nutricional-sugerencia-chef-guatemalteca-amalia-moreno-damgaard-minesota\/\" title=\"Chef guatemalteca Amalia Moreno-Damgaard, en Minesota, comparte su concepto de pir\u00e1mide nutricional\" rel=\"nofollow\" target=\"_blank\"><img decoding=\"async\" src=\"https:\/\/soymigrante.com\/revista\/wp-content\/uploads\/2026\/01\/amalia-moreno-chef-guatemalteca-piramide-alimenticia-sugerida.png\" alt=\"Chef guatemalteca Amalia Moreno-Damgaard, en Minesota, comparte su concepto de pir\u00e1mide nutricional\"\/><\/a>        <\/div>\n                        <div class=\"blfe-post-grid-details\">\n                    <div class=\"blfe-post-grid-details-inner\">\n                        <span class=\"blfe-post-category\"><a href=\"https:\/\/soymigrante.com\/revista\/category\/bienestar\/\">Bienestar<\/a><\/span>                        <h3 class=\"blfe-post-grid-title\">\n            <a href=\"https:\/\/soymigrante.com\/revista\/piramide-nutricional-sugerencia-chef-guatemalteca-amalia-moreno-damgaard-minesota\/\" title=\"Chef guatemalteca Amalia Moreno-Damgaard, en Minesota, comparte su concepto de pir\u00e1mide nutricional\" rel=\"nofollow\" target=\"_blank\">Chef guatemalteca Amalia Moreno-Damgaard, en Minesota, comparte su concepto de pir\u00e1mide nutricional<\/a>\n            <\/h3>                                    <div class=\"blfe-post-grid-meta\">\n                <span class=\"blfe-post-grid-time\"><i class=\"fas fa-book-reader\"><\/i>4 Min read<\/span>            <\/div>\n                                                                                <\/div>\n                <\/div>\n\n            <\/div>\n        <\/div>\n                        <\/div>\n\n                        <\/div>\n            \n                        <div class=\"blfe-post-footer\">\n                        <\/div>\n            \t\t\t\t<\/div>\n\t\t\t\t<\/div>\n\t\t\t\t\t<\/div>\n\t\t\t\t<\/div>\n\t\t\t\t<\/div>\n\t\t","protected":false},"excerpt":{"rendered":"<p>Levantarse temprano puede tener sus ventajas, como aprovechar la ma\u00f1ana, caminar, ir por las compras, pero tambi\u00e9n le servir\u00e1 para tener una rutina. En un mundo cada vez m\u00e1s acelerado y competitivo, la b\u00fasqueda de productividad y bienestar es constante. Mientras algunos encuentran soluciones en complejas t\u00e9cnicas de gesti\u00f3n del tiempo o en el uso [&hellip;]<\/p>\n","protected":false},"author":19,"featured_media":13231,"comment_status":"open","ping_status":"open","sticky":false,"template":"","format":"standard","meta":{"_acf_changed":false,"_eb_attr":"","footnotes":""},"categories":[55],"tags":[],"class_list":["post-8924","post","type-post","status-publish","format-standard","has-post-thumbnail","hentry","category-bienestar"],"acf":[],"aioseo_notices":[],"aioseo_head":"\n\t\t<!-- All in One SEO Pro 4.9.6.2 - aioseo.com -->\n\t<meta name=\"description\" content=\"Galardonada chef guatemalteca Amalia Moreno-Damgaard, residente en Minesota sugiere una pir\u00e1mide nutricional &quot;con la sabidur\u00eda de la abuela&quot;.\" \/>\n\t<meta name=\"robots\" content=\"max-snippet:-1, max-image-preview:large, max-video-preview:-1\" \/>\n\t<meta name=\"author\" content=\"SoyMigrante.com REVISTA\"\/>\n\t<link rel=\"canonical\" href=\"https:\/\/soymigrante.com\/revista\/piramide-nutricional-sugerencia-chef-guatemalteca-amalia-moreno-damgaard-minesota\/\" \/>\n\t<meta name=\"generator\" content=\"All in One SEO Pro (AIOSEO) 4.9.6.2\" \/>\n\n\t\t<link rel=\"preconnect\" href=\"https:\/\/fonts.googleapis.com\" crossorigin>\n<link rel=\"preconnect\" href=\"https:\/\/fonts.gstatic.com\" crossorigin>\n\t\t<meta property=\"og:locale\" content=\"es_ES\" \/>\n\t\t<meta property=\"og:site_name\" content=\"SoyMigrante.com REVISTA \u2013 Nuestra misi\u00f3n es reconocer y dignificar al migrante.\" \/>\n\t\t<meta property=\"og:type\" content=\"article\" \/>\n\t\t<meta property=\"og:title\" content=\"Chef guatemalteca en Minesota comparte pir\u00e1mide nutricional\" \/>\n\t\t<meta property=\"og:description\" content=\"Galardonada chef guatemalteca Amalia Moreno-Damgaard, residente en Minesota sugiere una pir\u00e1mide nutricional &quot;con la sabidur\u00eda de la abuela&quot;.\" \/>\n\t\t<meta property=\"og:url\" content=\"https:\/\/soymigrante.com\/revista\/piramide-nutricional-sugerencia-chef-guatemalteca-amalia-moreno-damgaard-minesota\/\" \/>\n\t\t<meta property=\"og:image\" content=\"https:\/\/soymigrante.com\/revista\/wp-content\/uploads\/2026\/01\/amalia-moreno-chef-guatemalteca-piramide-alimenticia-sugerida.png\" \/>\n\t\t<meta property=\"og:image:secure_url\" content=\"https:\/\/soymigrante.com\/revista\/wp-content\/uploads\/2026\/01\/amalia-moreno-chef-guatemalteca-piramide-alimenticia-sugerida.png\" \/>\n\t\t<meta property=\"og:image:width\" content=\"421\" \/>\n\t\t<meta property=\"og:image:height\" content=\"416\" \/>\n\t\t<meta property=\"article:published_time\" content=\"2026-01-29T20:36:14+00:00\" \/>\n\t\t<meta property=\"article:modified_time\" content=\"2026-01-30T15:49:53+00:00\" \/>\n\t\t<meta property=\"article:publisher\" content=\"https:\/\/www.facebook.com\/soymigrantecom\" \/>\n\t\t<meta name=\"twitter:card\" content=\"summary_large_image\" \/>\n\t\t<meta name=\"twitter:site\" content=\"@SoyMigrante_com\" \/>\n\t\t<meta name=\"twitter:title\" content=\"Chef guatemalteca en Minesota comparte pir\u00e1mide nutricional\" \/>\n\t\t<meta name=\"twitter:description\" content=\"Galardonada chef guatemalteca Amalia Moreno-Damgaard, residente en Minesota sugiere una pir\u00e1mide nutricional &quot;con la sabidur\u00eda de la abuela&quot;.\" \/>\n\t\t<meta name=\"twitter:creator\" content=\"@SoyMigrante_com\" \/>\n\t\t<meta name=\"twitter:image\" content=\"https:\/\/soymigrante.com\/revista\/wp-content\/uploads\/2026\/01\/amalia-moreno-chef-guatemalteca-piramide-alimenticia-sugerida.png\" \/>\n\t\t<!-- All in One SEO Pro -->\r\n\t\t<title>Chef guatemalteca en Minesota comparte pir\u00e1mide nutricional<\/title>\n\n","aioseo_head_json":{"title":"Chef guatemalteca en Minesota comparte pir\u00e1mide nutricional","description":"Galardonada chef guatemalteca Amalia Moreno-Damgaard, residente en Minesota sugiere una pir\u00e1mide nutricional \"con la sabidur\u00eda de la abuela\".","canonical_url":"https:\/\/soymigrante.com\/revista\/piramide-nutricional-sugerencia-chef-guatemalteca-amalia-moreno-damgaard-minesota\/","robots":"max-snippet:-1, max-image-preview:large, max-video-preview:-1","keywords":"","webmasterTools":{"miscellaneous":"&lt;link rel=\"preconnect\" href=\"https:\/\/fonts.googleapis.com\" crossorigin&gt;\n&lt;link rel=\"preconnect\" href=\"https:\/\/fonts.gstatic.com\" crossorigin&gt;"},"schema":null,"og:locale":"es_ES","og:site_name":"SoyMigrante.com REVISTA \u2013 Nuestra misi\u00f3n es reconocer y dignificar al migrante.","og:type":"article","og:title":"Chef guatemalteca en Minesota comparte pir\u00e1mide nutricional","og:description":"Galardonada chef guatemalteca Amalia Moreno-Damgaard, residente en Minesota sugiere una pir\u00e1mide nutricional &quot;con la sabidur\u00eda de la abuela&quot;.","og:url":"https:\/\/soymigrante.com\/revista\/piramide-nutricional-sugerencia-chef-guatemalteca-amalia-moreno-damgaard-minesota\/","og:image":"https:\/\/soymigrante.com\/revista\/wp-content\/uploads\/2026\/01\/amalia-moreno-chef-guatemalteca-piramide-alimenticia-sugerida.png","og:image:secure_url":"https:\/\/soymigrante.com\/revista\/wp-content\/uploads\/2026\/01\/amalia-moreno-chef-guatemalteca-piramide-alimenticia-sugerida.png","og:image:width":421,"og:image:height":416,"article:published_time":"2026-01-29T20:36:14+00:00","article:modified_time":"2026-01-30T15:49:53+00:00","article:publisher":"https:\/\/www.facebook.com\/soymigrantecom","twitter:card":"summary_large_image","twitter:site":"@SoyMigrante_com","twitter:title":"Chef guatemalteca en Minesota comparte pir\u00e1mide nutricional","twitter:description":"Galardonada chef guatemalteca Amalia Moreno-Damgaard, residente en Minesota sugiere una pir\u00e1mide nutricional &quot;con la sabidur\u00eda de la abuela&quot;.","twitter:creator":"@SoyMigrante_com","twitter:image":"https:\/\/soymigrante.com\/revista\/wp-content\/uploads\/2026\/01\/amalia-moreno-chef-guatemalteca-piramide-alimenticia-sugerida.png"},"aioseo_meta_data":{"post_id":"8924","title":null,"description":"El dicho popular \"Al que madruga, Dios lo ayuda\" es totalmente real y comprobable. Levantarse desde temprano tiene efectos positivos en el desempe\u00f1o personal","keywords":null,"keyphrases":{"focus":{"keyphrase":"levantarse","score":91,"analysis":{"keyphraseInTitle":{"score":9,"maxScore":9,"error":0},"keyphraseInDescription":{"score":9,"maxScore":9,"error":0},"keyphraseLength":{"score":9,"maxScore":9,"error":0,"length":1},"keyphraseInURL":{"score":5,"maxScore":5,"error":0},"keyphraseInIntroduction":{"score":9,"maxScore":9,"error":0},"keyphraseInSubHeadings":{"score":3,"maxScore":9,"error":1},"keyphraseInImageAlt":{"score":9,"maxScore":9,"error":0},"keywordDensity":{"type":"best","score":9,"maxScore":9,"error":0}}},"additional":[{"keyphrase":"levantarse temprano","score":87,"analysis":{"keyphraseInDescription":{"score":3,"maxScore":9,"error":1},"keyphraseLength":{"score":9,"maxScore":9,"error":0,"length":2},"keyphraseInIntroduction":{"score":9,"maxScore":9,"error":0},"keyphraseInImageAlt":{"score":9,"maxScore":9,"error":0},"keywordDensity":{"type":"best","score":9,"maxScore":9,"error":0}}}]},"primary_term":null,"canonical_url":null,"og_title":null,"og_description":null,"og_object_type":"default","og_image_type":"default","og_image_url":null,"og_image_width":null,"og_image_height":null,"og_image_custom_url":null,"og_image_custom_fields":null,"og_video":"","og_custom_url":null,"og_article_section":null,"og_article_tags":null,"twitter_use_og":false,"twitter_card":"default","twitter_image_type":"default","twitter_image_url":null,"twitter_image_custom_url":null,"twitter_image_custom_fields":null,"twitter_title":null,"twitter_description":null,"schema":{"blockGraphs":[],"customGraphs":[],"default":{"data":{"Article":[],"Course":[],"Dataset":[],"FAQPage":[],"Movie":[],"Person":[],"Product":[],"ProductReview":[],"Car":[],"Recipe":[],"Service":[],"SoftwareApplication":[],"WebPage":[]},"graphName":"Article","isEnabled":true},"graphs":[]},"schema_type":"default","schema_type_options":null,"pillar_content":false,"robots_default":true,"robots_noindex":false,"robots_noarchive":false,"robots_nosnippet":false,"robots_nofollow":false,"robots_noimageindex":false,"robots_noodp":false,"robots_notranslate":false,"robots_max_snippet":"-1","robots_max_videopreview":"-1","robots_max_imagepreview":"large","priority":null,"frequency":"default","local_seo":null,"seo_analyzer_scan_date":"2025-10-09 00:16:29","breadcrumb_settings":null,"limit_modified_date":false,"reviewed_by":null,"open_ai":"{\"title\":{\"suggestions\":[],\"usage\":0},\"description\":{\"suggestions\":[],\"usage\":0}}","ai":null,"created":"2024-09-09 15:58:41","updated":"2026-02-04 16:33:43"},"aioseo_breadcrumb":"<div class=\"aioseo-breadcrumbs\"><span class=\"aioseo-breadcrumb\">\n\t<a href=\"https:\/\/soymigrante.com\/revista\" title=\"Home\">Home<\/a>\n<\/span><span class=\"aioseo-breadcrumb-separator\">\u00bb<\/span><span class=\"aioseo-breadcrumb\">\n\t<a href=\"https:\/\/soymigrante.com\/revista\/category\/bienestar\/\" title=\"Bienestar\">Bienestar<\/a>\n<\/span><span class=\"aioseo-breadcrumb-separator\">\u00bb<\/span><span class=\"aioseo-breadcrumb\">\n\tLevantarse temprano: el secreto de una rutina exitosa y productiva\n<\/span><\/div>","aioseo_breadcrumb_json":[{"label":"Home","link":"https:\/\/soymigrante.com\/revista"},{"label":"Bienestar","link":"https:\/\/soymigrante.com\/revista\/category\/bienestar\/"},{"label":"Levantarse temprano: el secreto de una rutina exitosa y productiva","link":"https:\/\/soymigrante.com\/revista\/levantarse-temprano-el-secreto-de-una-rutina-exitosa-y-productiva\/"}],"_links":{"self":[{"href":"https:\/\/soymigrante.com\/revista\/wp-json\/wp\/v2\/posts\/8924","targetHints":{"allow":["GET"]}}],"collection":[{"href":"https:\/\/soymigrante.com\/revista\/wp-json\/wp\/v2\/posts"}],"about":[{"href":"https:\/\/soymigrante.com\/revista\/wp-json\/wp\/v2\/types\/post"}],"author":[{"embeddable":true,"href":"https:\/\/soymigrante.com\/revista\/wp-json\/wp\/v2\/users\/19"}],"replies":[{"embeddable":true,"href":"https:\/\/soymigrante.com\/revista\/wp-json\/wp\/v2\/comments?post=8924"}],"version-history":[{"count":0,"href":"https:\/\/soymigrante.com\/revista\/wp-json\/wp\/v2\/posts\/8924\/revisions"}],"wp:featuredmedia":[{"embeddable":true,"href":"https:\/\/soymigrante.com\/revista\/wp-json\/wp\/v2\/media\/13231"}],"wp:attachment":[{"href":"https:\/\/soymigrante.com\/revista\/wp-json\/wp\/v2\/media?parent=8924"}],"wp:term":[{"taxonomy":"category","embeddable":true,"href":"https:\/\/soymigrante.com\/revista\/wp-json\/wp\/v2\/categories?post=8924"},{"taxonomy":"post_tag","embeddable":true,"href":"https:\/\/soymigrante.com\/revista\/wp-json\/wp\/v2\/tags?post=8924"}],"curies":[{"name":"wp","href":"https:\/\/api.w.org\/{rel}","templated":true}]}}