{"id":891,"date":"2023-05-26T00:05:57","date_gmt":"2023-05-26T00:05:57","guid":{"rendered":"https:\/\/soymigrante.wpengine.com\/?p=891"},"modified":"2024-06-25T16:35:54","modified_gmt":"2024-06-25T22:35:54","slug":"el-migrante-llego-al-limite-de-la-desesperacion-y-tuvo-que-irse","status":"publish","type":"post","link":"https:\/\/soymigrante.com\/revista\/el-migrante-llego-al-limite-de-la-desesperacion-y-tuvo-que-irse\/","title":{"rendered":"El migrante lleg\u00f3 al l\u00edmite de la desesperaci\u00f3n y tuvo que irse"},"content":{"rendered":"\t\t<div data-elementor-type=\"wp-post\" data-elementor-id=\"891\" class=\"elementor elementor-891\" data-elementor-post-type=\"post\">\n\t\t\t\t\t\t<section data-particle_enable=\"false\" data-particle-mobile-disabled=\"false\" class=\"elementor-section elementor-top-section elementor-element elementor-element-6ef58c43 elementor-section-boxed elementor-section-height-default elementor-section-height-default\" data-id=\"6ef58c43\" data-element_type=\"section\" data-e-type=\"section\">\n\t\t\t\t\t\t<div class=\"elementor-container elementor-column-gap-default\">\n\t\t\t\t\t<div class=\"elementor-column elementor-col-100 elementor-top-column elementor-element elementor-element-270f8684\" data-id=\"270f8684\" data-element_type=\"column\" data-e-type=\"column\">\n\t\t\t<div class=\"elementor-widget-wrap elementor-element-populated\">\n\t\t\t\t\t\t<div class=\"elementor-element elementor-element-29491dd elementor-blockquote--skin-border elementor-widget elementor-widget-blockquote\" data-id=\"29491dd\" data-element_type=\"widget\" data-e-type=\"widget\" data-widget_type=\"blockquote.default\">\n\t\t\t\t\t\t\t<blockquote class=\"elementor-blockquote\">\n\t\t\t<p class=\"elementor-blockquote__content\">\n\t\t\t\t<em>Los que se pudrieron en la c\u00e1rceles de Guatemala,<br>M\u00e9xico, Honduras, Nicaragua,<br>por ladrones, por contrabandistas, por estafadores,<br>por hambrientos,<br>los siempre sospechosos de todo.<\/em>\t\t\t<\/p>\n\t\t\t\t\t\t\t<div class=\"e-q-footer\">\n\t\t\t\t\t\t\t\t\t\t\t<cite class=\"elementor-blockquote__author\">Roque Dalton, poema de amor<\/cite>\n\t\t\t\t\t\t\t\t\t\t\t\t\t\t<\/div>\n\t\t\t\t\t<\/blockquote>\n\t\t\t\t\t\t<\/div>\n\t\t\t\t<div class=\"elementor-element elementor-element-1f3f79f elementor-widget elementor-widget-text-editor\" data-id=\"1f3f79f\" data-element_type=\"widget\" data-e-type=\"widget\" data-widget_type=\"text-editor.default\">\n\t\t\t\t\t\t\t\t\t<p><!-- \/wp:paragraph --><!-- wp:paragraph --><\/p>\n<p><strong>Por Leo Sam*<\/strong><\/p>\n<p>Si usted toma el camino de la cabecera departamental de Huehuetenango que conecta con el municipio de Jacaltenango, pero el camino de terracer\u00eda, no la carretera, usted ascender\u00e1 en una cuesta interminable por la sierra de los Cuchumatanes, y llegar\u00e1 un momento en que sentir\u00e1 que puede ver a Dios, tal es la altura. El camino es escabroso.<\/p>\t\t\t\t\t\t\t\t<\/div>\n\t\t\t\t<div class=\"elementor-element elementor-element-cd5195e elementor-widget elementor-widget-image\" data-id=\"cd5195e\" data-element_type=\"widget\" data-e-type=\"widget\" data-widget_type=\"image.default\">\n\t\t\t\t\t\t\t\t\t\t\t\t<figure class=\"wp-caption\">\n\t\t\t\t\t\t\t\t\t\t<img fetchpriority=\"high\" decoding=\"async\" width=\"562\" height=\"822\" src=\"https:\/\/soymigrante.com\/revista\/wp-content\/uploads\/2023\/04\/migracion4.webp\" class=\"attachment-medium_large size-medium_large wp-image-895\" alt=\"La pobreza, la violencia, la falta de oportunidades en su comunidad obligan a muchos guatemaltecos a migrar. (Fotograf\u00eda Pastoral de Movilidad Humana, CEG-Guatemala)\" srcset=\"https:\/\/soymigrante.com\/revista\/wp-content\/uploads\/2023\/04\/migracion4.webp 562w, https:\/\/soymigrante.com\/revista\/wp-content\/uploads\/2023\/04\/migracion4-205x300.webp 205w\" sizes=\"(max-width: 562px) 100vw, 562px\" title=\"migracion4 \u2013 SoyMigrante.com REVISTA\" \/>\t\t\t\t\t\t\t\t\t\t\t<figcaption class=\"widget-image-caption wp-caption-text\">La pobreza, la violencia, la falta de oportunidades en su comunidad obligan a\nmuchos guatemaltecos a migrar. (Fotograf\u00eda Pastoral de Movilidad Humana, CEG-Guatemala)<\/figcaption>\n\t\t\t\t\t\t\t\t\t\t<\/figure>\n\t\t\t\t\t\t\t\t\t<\/div>\n\t\t\t\t<div class=\"elementor-element elementor-element-d2d15d5 elementor-widget elementor-widget-text-editor\" data-id=\"d2d15d5\" data-element_type=\"widget\" data-e-type=\"widget\" data-widget_type=\"text-editor.default\">\n\t\t\t\t\t\t\t\t\t<p>En veh\u00edculo, usted sentir\u00e1 que va en tumbos de piedras y arcilla. Si se topa con otro veh\u00edculo que viene descendiendo casi rozar\u00e1n sus puertas, tendr\u00e1 que retraer su retrovisor y es posible que le vea el iris o las pecas al otro conductor; tan estrecho es el camino. Pero, lo m\u00e1s incre\u00edble: ver\u00e1 a la vera, en las pocas planicies cerca de los desfiladeros, un cord\u00f3n de casa de dos niveles, estilo capitalino, con amplias vidrieras de colores y balaustradas de arquitectura neocl\u00e1sica.<\/p>\n<p>En algunas de esas viviendas, en Todos Santos Cuchumat\u00e1n, est\u00e1n estampadas las banderas de los Estados Unidos. Y los domingos podr\u00e1 ver a los vecinos, vestidos con sus pantalones y camisas de manta blanca con rayas rojas y sombreros de palma bebiendo pl\u00e1cidamente su licor aut\u00f3ctono hasta la borrachera. S\u00ed, son los familiares de los migrantes que hace a\u00f1os se fueron al pa\u00eds del norte y mandaron grandes sumas de dinero para construir esas enormes mansiones.<\/p>\n<p>Las migraciones, es decir el desplazamiento de una regi\u00f3n geogr\u00e1fica a otra, ha sido y es un fen\u00f3meno hist\u00f3rico desde los inicios de la vida en el planeta Tierra. No es una actividad exclusiva de los seres humanos. Hay aves migratorias. Hay desplazamientos de mam\u00edferos, de crust\u00e1ceos \u00a0y golondrinas. En todos esos casos la constante es la necesidad.<\/p>\n<p>Se migra porque se necesita, por diversos motivos. Sabemos por la investigaci\u00f3n hist\u00f3rica y prehist\u00f3rica que, antes de que el ser humano se asentara en poblados fue n\u00f3mada. Sin duda las variaciones clim\u00e1ticas y la b\u00fasqueda de alimento y seguridad lo empujaban a cambiar de lugar de residencia. Y sin duda en esos movimientos migratorios se encontr\u00f3 con grandes dificultades que atentaron contra su seguridad f\u00edsica.<\/p>\t\t\t\t\t\t\t\t<\/div>\n\t\t\t\t<div class=\"elementor-element elementor-element-a017408 elementor-widget elementor-widget-image\" data-id=\"a017408\" data-element_type=\"widget\" data-e-type=\"widget\" data-widget_type=\"image.default\">\n\t\t\t\t\t\t\t\t\t\t\t\t<figure class=\"wp-caption\">\n\t\t\t\t\t\t\t\t\t\t<img decoding=\"async\" width=\"768\" height=\"531\" src=\"https:\/\/soymigrante.com\/revista\/wp-content\/uploads\/2023\/04\/MAPA-MIGRACIONES-CEPAL.webp\" class=\"attachment-large size-large wp-image-892\" alt=\"Rutas migratorias m\u00e1s masivas desde Centro Am\u00e9rica, seg\u00fan un informe de la Comisi\u00f3n Econ\u00f3mica para la Am\u00e9rica Latina (CEPAL) de 2016.\" srcset=\"https:\/\/soymigrante.com\/revista\/wp-content\/uploads\/2023\/04\/MAPA-MIGRACIONES-CEPAL.webp 900w, https:\/\/soymigrante.com\/revista\/wp-content\/uploads\/2023\/04\/MAPA-MIGRACIONES-CEPAL-300x207.webp 300w, https:\/\/soymigrante.com\/revista\/wp-content\/uploads\/2023\/04\/MAPA-MIGRACIONES-CEPAL-768x531.jpg 768w, https:\/\/soymigrante.com\/revista\/wp-content\/uploads\/2023\/04\/MAPA-MIGRACIONES-CEPAL-750x518.webp 750w\" sizes=\"(max-width: 768px) 100vw, 768px\" title=\"MAPA MIGRACIONES CEPAL \u2013 SoyMigrante.com REVISTA\" \/>\t\t\t\t\t\t\t\t\t\t\t<figcaption class=\"widget-image-caption wp-caption-text\">Rutas migratorias m\u00e1s masivas desde Centro Am\u00e9rica, seg\u00fan un informe de la Comisi\u00f3n Econ\u00f3mica\npara la Am\u00e9rica Latina (CEPAL) de 2016.<\/figcaption>\n\t\t\t\t\t\t\t\t\t\t<\/figure>\n\t\t\t\t\t\t\t\t\t<\/div>\n\t\t\t\t<div class=\"elementor-element elementor-element-4e895fe elementor-widget elementor-widget-text-editor\" data-id=\"4e895fe\" data-element_type=\"widget\" data-e-type=\"widget\" data-widget_type=\"text-editor.default\">\n\t\t\t\t\t\t\t\t\t<p>Las migraciones tambi\u00e9n tuvieron otras connotaciones sociales: alguno grupos humanos con vocaci\u00f3n de expansi\u00f3n y esp\u00edritu guerrero migraron para conquistar y apropiarse de poblados y ciudades que no les pertenec\u00edan, y lo hicieron de forma violenta con el asesinato, el saqueo y la apropiaci\u00f3n. En Europa y Asia principalmente, las migraciones de grandes masas humanas es parte de su historia. Las naciones, tal y como las conocemos en la actualidad no siempre fueron las mismas. Los grandes imperios como el Austroh\u00fangaro, el Sacro imperio romano-germ\u00e1nico y el imperio Otomano modificaron varias veces el mapa geopol\u00edtico.<\/p>\n<p>Los pa\u00edses colonialistas como Francia, Inglaterra, Turqu\u00eda, Espa\u00f1a, Portugal y Rusia, invadieron pa\u00edses cercanos y de ultramar, provocando di\u00e1sporas masivas de personas. Los hebreos, alentados por sus l\u00edderes religiosos, ocuparon tierras de otras latitudes y tuvieron que lidiar con otros pueblos como los heteos y los filisteos. Posteriormente, fueron conquistados por el rey Nabucodonosor y obligados a migrar a Babilonia, acontecimiento que tuvo el car\u00e1cter de un ostracismo masivo.<\/p>\t\t\t\t\t\t\t\t<\/div>\n\t\t\t\t<div class=\"elementor-element elementor-element-948c7ce elementor-widget elementor-widget-image\" data-id=\"948c7ce\" data-element_type=\"widget\" data-e-type=\"widget\" data-widget_type=\"image.default\">\n\t\t\t\t\t\t\t\t\t\t\t\t<figure class=\"wp-caption\">\n\t\t\t\t\t\t\t\t\t\t<img decoding=\"async\" width=\"768\" height=\"625\" src=\"https:\/\/soymigrante.com\/revista\/wp-content\/uploads\/2023\/04\/migracion3-1024x833.jpeg\" class=\"attachment-large size-large wp-image-894\" alt=\"Carteles y donativos durante el llamado Via Crucis Migrante, convocado por la Pastoral de Movilidad Humana de la Conferencia Episcopal de Guatemala. (Fotograf\u00eda CEG)\" srcset=\"https:\/\/soymigrante.com\/revista\/wp-content\/uploads\/2023\/04\/migracion3-1024x833.jpeg 1024w, https:\/\/soymigrante.com\/revista\/wp-content\/uploads\/2023\/04\/migracion3-300x244.webp 300w, https:\/\/soymigrante.com\/revista\/wp-content\/uploads\/2023\/04\/migracion3-768x625.jpeg 768w, https:\/\/soymigrante.com\/revista\/wp-content\/uploads\/2023\/04\/migracion3-1536x1249.jpeg 1536w, https:\/\/soymigrante.com\/revista\/wp-content\/uploads\/2023\/04\/migracion3-2048x1666.jpeg 2048w, https:\/\/soymigrante.com\/revista\/wp-content\/uploads\/2023\/04\/migracion3-750x610.webp 750w, https:\/\/soymigrante.com\/revista\/wp-content\/uploads\/2023\/04\/migracion3-1140x927.jpeg 1140w, https:\/\/soymigrante.com\/revista\/wp-content\/uploads\/2023\/04\/migracion3-scaled.webp 1920w\" sizes=\"(max-width: 768px) 100vw, 768px\" title=\"El migrante lleg\u00f3 al l\u00edmite de la desesperaci\u00f3n y tuvo que irse \u2013 SoyMigrante.com REVISTA\" \/>\t\t\t\t\t\t\t\t\t\t\t<figcaption class=\"widget-image-caption wp-caption-text\">Carteles y donativos durante el llamado Via Crucis Migrante, convocado por la Pastoral de Movilidad Humana de la\nConferencia Episcopal de Guatemala. (Fotograf\u00eda CEG)<\/figcaption>\n\t\t\t\t\t\t\t\t\t\t<\/figure>\n\t\t\t\t\t\t\t\t\t<\/div>\n\t\t\t\t<div class=\"elementor-element elementor-element-8b8e160 elementor-widget elementor-widget-heading\" data-id=\"8b8e160\" data-element_type=\"widget\" data-e-type=\"widget\" data-widget_type=\"heading.default\">\n\t\t\t\t\t<h2 class=\"elementor-heading-title elementor-size-default\">Como podemos apreciar, las migraciones no son nada nuevo.<\/h2>\t\t\t\t<\/div>\n\t\t\t\t<div class=\"elementor-element elementor-element-e1449a9 elementor-widget elementor-widget-text-editor\" data-id=\"e1449a9\" data-element_type=\"widget\" data-e-type=\"widget\" data-widget_type=\"text-editor.default\">\n\t\t\t\t\t\t\t\t\t<p>Han ocurrido y seguir\u00e1n ocurriendo porque hay necesidades de migrar. En muchos casos, la migraci\u00f3n tiene el car\u00e1cter de exilio. De hecho, quien migra de un pa\u00eds a otro es, por definici\u00f3n, exiliado. Algunos lo son por voluntad, pero la mayor\u00eda por imperiosa necesidad o por ostracismo, es decir, la expulsi\u00f3n forzada, como ocurri\u00f3 recientemente con un grupo de intelectuales nicarag\u00fcenses expulsados por el r\u00e9gimen de Ortega.<\/p>\n<p>Pero en este ensayo nos vamos a centrar en el migrante \u201ccom\u00fan\u201d, la persona del pueblo que se ve impelida a buscar oportunidades de sobrevivencia y de mejor\u00eda de calidad de vida, porque en su pa\u00eds de origen no existen o son muy precarias, como es el caso de Guatemala y en general del istmo centroamericano, con excepci\u00f3n de Costa Rica.<\/p>\t\t\t\t\t\t\t\t<\/div>\n\t\t\t\t<div class=\"elementor-element elementor-element-31e3d7f elementor-widget elementor-widget-heading\" data-id=\"31e3d7f\" data-element_type=\"widget\" data-e-type=\"widget\" data-widget_type=\"heading.default\">\n\t\t\t\t\t<h2 class=\"elementor-heading-title elementor-size-default\">En este contexto, la pregunta que nos hacemos es \u00bfPor qu\u00e9 se  migra?<\/h2>\t\t\t\t<\/div>\n\t\t\t\t<div class=\"elementor-element elementor-element-03aa00d elementor-widget elementor-widget-text-editor\" data-id=\"03aa00d\" data-element_type=\"widget\" data-e-type=\"widget\" data-widget_type=\"text-editor.default\">\n\t\t\t\t\t\t\t\t\t<p>Nos hemos enterado a trav\u00e9s de los medios masivos de comunicaci\u00f3n y por las redes sociales digitales de los grandes peligros que corren esas personas al querer atravesar el muro y el R\u00edo Bravo, para pasar al otro lado de la frontera mexicana. Constantemente llegan noticias de personas, ni\u00f1os entre ellas, que pierden la vida al intentar pasar al otro lado o en\u00a0 furgones herm\u00e9ticos en donde han sido ocultadas por los coyotes y que mueren asfixiadas. No obstante esas tragedias, la gente sigue migrando. Retar a la muerte parece ser una obligaci\u00f3n. Si uno sabe que al migrar va a ser capturado por la polic\u00eda fronteriza de M\u00e9xico o de los Estados Unidos y deportada en condiciones infrahumanas.<\/p>\t\t\t\t\t\t\t\t<\/div>\n\t\t\t\t<div class=\"elementor-element elementor-element-cd1b927 elementor-widget elementor-widget-heading\" data-id=\"cd1b927\" data-element_type=\"widget\" data-e-type=\"widget\" data-widget_type=\"heading.default\">\n\t\t\t\t\t<h2 class=\"elementor-heading-title elementor-size-default\">\u00bfPor qu\u00e9 intentarlo de nuevo, no una sino diez veces?<\/h2>\t\t\t\t<\/div>\n\t\t\t\t<div class=\"elementor-element elementor-element-a93cbbd elementor-widget elementor-widget-text-editor\" data-id=\"a93cbbd\" data-element_type=\"widget\" data-e-type=\"widget\" data-widget_type=\"text-editor.default\">\n\t\t\t\t\t\t\t\t\t<p>A esa pregunta solo cabe una respuesta: porque es imperativamente necesario: N<em>o hay otra salida.<\/em><\/p>\n<p>El cable noticioso servido por la agencia internacional EFE daba cuenta en d\u00edas recientes del incidente migratorio ocurrido en un centro de detenci\u00f3n de migrantes en Ciudad Ju\u00e1rez, M\u00e9xico, en el que murieron calcinadas 38 personas, la mayor\u00eda de ellos (28) ciudadanos guatemaltecos. Acontecimientos tr\u00e1gicos como ese se supone que deber\u00edan de disuadir a los migrantes que a lo largo de los a\u00f1os, y en grandes masas, atraviesan el istmo o vienen desde Suram\u00e9rica, para que no sigan intentando pasar al pa\u00eds del norte y engrosen la cauda de muerte y desolaci\u00f3n. Pero no es as\u00ed. La migraci\u00f3n no se detiene.<\/p>\n<p>Quienes gozamos de alguna estabilidad econ\u00f3mica pero\u00a0 lidiamos con problemas para llegar a fin de mes, creemos ingenuamente que las personas que migran y se exponen, ellas y sus peque\u00f1os hijos, a esas terribles amenazas, lo hacen por capricho o ambici\u00f3n. Pero no es as\u00ed. Necesitamos la empat\u00eda y la solidaridad para entenderlas y apoyarlas. Algunos esfuerzos se han hecho en ese sentido, por ejemplo con la creaci\u00f3n de casas de migrantes auspiciadas por organizaciones humanitarias y de algunas denominaciones religiosas.<\/p>\n<p>Pero la ola migrante supera ese tesonero trabajo.<\/p>\t\t\t\t\t\t\t\t<\/div>\n\t\t\t\t<div class=\"elementor-element elementor-element-67c10ae elementor-widget elementor-widget-image\" data-id=\"67c10ae\" data-element_type=\"widget\" data-e-type=\"widget\" data-widget_type=\"image.default\">\n\t\t\t\t\t\t\t\t\t\t\t\t<figure class=\"wp-caption\">\n\t\t\t\t\t\t\t\t\t\t<img loading=\"lazy\" decoding=\"async\" width=\"768\" height=\"458\" src=\"https:\/\/soymigrante.com\/revista\/wp-content\/uploads\/2023\/04\/incendio-juarez-google-1024x611.jpg\" class=\"attachment-large size-large wp-image-897\" alt=\"La tragedia en la que murieron migrantes quemados en un refugio de Ciudad Ju\u00e1rez, dio la vuelta al mundo (Fotograf\u00eda: captura de pantalla de Google Im\u00e1genes)\" srcset=\"https:\/\/soymigrante.com\/revista\/wp-content\/uploads\/2023\/04\/incendio-juarez-google-1024x611.jpg 1024w, https:\/\/soymigrante.com\/revista\/wp-content\/uploads\/2023\/04\/incendio-juarez-google-300x179.webp 300w, https:\/\/soymigrante.com\/revista\/wp-content\/uploads\/2023\/04\/incendio-juarez-google-768x459.jpg 768w, https:\/\/soymigrante.com\/revista\/wp-content\/uploads\/2023\/04\/incendio-juarez-google-750x448.webp 750w, https:\/\/soymigrante.com\/revista\/wp-content\/uploads\/2023\/04\/incendio-juarez-google-1140x681.jpg 1140w, https:\/\/soymigrante.com\/revista\/wp-content\/uploads\/2023\/04\/incendio-juarez-google.webp 1442w\" sizes=\"(max-width: 768px) 100vw, 768px\" title=\"incendio-juarez-google \u2013 SoyMigrante.com REVISTA\" \/>\t\t\t\t\t\t\t\t\t\t\t<figcaption class=\"widget-image-caption wp-caption-text\">La tragedia en la que murieron migrantes quemados en un refugio de Ciudad Ju\u00e1rez, dio la vuelta al mundo\n(Fotograf\u00eda: captura de pantalla de Google Im\u00e1genes)<\/figcaption>\n\t\t\t\t\t\t\t\t\t\t<\/figure>\n\t\t\t\t\t\t\t\t\t<\/div>\n\t\t\t\t<div class=\"elementor-element elementor-element-74a1118 elementor-widget elementor-widget-text-editor\" data-id=\"74a1118\" data-element_type=\"widget\" data-e-type=\"widget\" data-widget_type=\"text-editor.default\">\n\t\t\t\t\t\t\t\t\t<p>La violencia pol\u00edtica no ha cesado en Guatemala y otros pa\u00edses del istmo. Las migraciones masivas de guatemaltecos, principalmente de las etnias mayas, dio inicio durante el\u00a0 conflicto armado interno que comenz\u00f3 con el derrocamiento del coronel \u00c1rbenz en 1954, quien hab\u00eda sido electo democr\u00e1ticamente.<\/p>\n<p>No fue un caso aislado. Los gobiernos\u00a0 militares o militaristas en el cono sur que, igual que en Guatemala, utilizaron las mismas pol\u00edticas de tierras arrasadas\u00a0 dieron lugar a movimientos migratorios masivos.<\/p>\t\t\t\t\t\t\t\t<\/div>\n\t\t\t\t<div class=\"elementor-element elementor-element-51163f2 elementor-widget elementor-widget-heading\" data-id=\"51163f2\" data-element_type=\"widget\" data-e-type=\"widget\" data-widget_type=\"heading.default\">\n\t\t\t\t\t<h2 class=\"elementor-heading-title elementor-size-default\">Si las condiciones econ\u00f3micas y pol\u00edticas no cambian, continuar\u00e1n las di\u00e1sporas interminables.<\/h2>\t\t\t\t<\/div>\n\t\t\t\t<div class=\"elementor-element elementor-element-3a97b81 elementor-widget elementor-widget-text-editor\" data-id=\"3a97b81\" data-element_type=\"widget\" data-e-type=\"widget\" data-widget_type=\"text-editor.default\">\n\t\t\t\t\t\t\t\t\t<p>Es inaudito que una potencia econ\u00f3mica contribuya a la conflictividad social de sus aliados lacayos y luego les cierre las puertas. Urge una pol\u00edtica migratoria a nivel global. Esa deber\u00eda de ser una de las prioridades de la Organizaci\u00f3n de las Naciones Unidas-ONU. No es suficiente la existencia de organismos como el Alto Comisionado de las Naciones Unidad para los Refugiados-ACNUR.<\/p>\n<p>El problema es que la ONU est\u00e1 gobernada por los mismos pa\u00edses que crean las crisis. Y esos pa\u00edses y sus autoridades tienen la potestad de imponer sus pol\u00edticas y de vetar las de sus hom\u00f3logos si sus propios intereses est\u00e1n en juego. De ah\u00ed que el ep\u00edteto de \u201cNaciones Unidas\u201d sea solo un acr\u00f3nimo.<\/p>\n<p>A nivel local se pueden implementar medidas e instancias concretas para frenar las migraciones. Pero eso implica voluntad pol\u00edtica seria y sustentable. Problemas que se vienen arrastrando por muchos a\u00f1os como la desnutrici\u00f3n cr\u00f3nica no han sido atendidos con la seriedad que la magnitud del problema reclama. Yo\u00a0 no soy un experto en el tema, pero quiz\u00e1s podr\u00eda crearse un ministerio de pol\u00edtica migratoria y que el ministerio de Desarrollo Social funcione con las competencias que deber\u00eda tener.<\/p>\n<p>Guatemala es un pa\u00eds con una macroeconom\u00eda estable y un una moneda fuerte, en parte gracias al flujo de dinero proveniente de las remesas. Esa realidad nos est\u00e1 diciendo algo. No podemos cruzarnos de brazos ante una realidad\u00a0 migratoria que est\u00e1 cada vez m\u00e1s en crisis.<\/p>\t\t\t\t\t\t\t\t<\/div>\n\t\t\t\t<div class=\"elementor-element elementor-element-e4253fe elementor-widget elementor-widget-image\" data-id=\"e4253fe\" data-element_type=\"widget\" data-e-type=\"widget\" data-widget_type=\"image.default\">\n\t\t\t\t\t\t\t\t\t\t\t\t<figure class=\"wp-caption\">\n\t\t\t\t\t\t\t\t\t\t<img loading=\"lazy\" decoding=\"async\" width=\"768\" height=\"509\" src=\"https:\/\/soymigrante.com\/revista\/wp-content\/uploads\/2023\/04\/migracion5.webp\" class=\"attachment-large size-large wp-image-896\" alt=\"La Casa del MIgrante en Esquipulas, Chiquimula, da alimento y albergue por una noche a migrantes de diversas proveniencias. (Fotograf\u00eda Pastoral de Movilidad Humana CEG)\" srcset=\"https:\/\/soymigrante.com\/revista\/wp-content\/uploads\/2023\/04\/migracion5.webp 1024w, https:\/\/soymigrante.com\/revista\/wp-content\/uploads\/2023\/04\/migracion5-300x199.webp 300w, https:\/\/soymigrante.com\/revista\/wp-content\/uploads\/2023\/04\/migracion5-768x509.jpeg 768w, https:\/\/soymigrante.com\/revista\/wp-content\/uploads\/2023\/04\/migracion5-750x497.webp 750w\" sizes=\"(max-width: 768px) 100vw, 768px\" title=\"La Casa del MIgrante en Esquipulas, Chiquimula \u2013 SoyMigrante.com REVISTA\" \/>\t\t\t\t\t\t\t\t\t\t\t<figcaption class=\"widget-image-caption wp-caption-text\">La Casa del MIgrante en Esquipulas, Chiquimula, da alimento y albergue por una noche a migrantes de diversas proveniencias.\n(Fotograf\u00eda Pastoral de Movilidad Humana CEG)<\/figcaption>\n\t\t\t\t\t\t\t\t\t\t<\/figure>\n\t\t\t\t\t\t\t\t\t<\/div>\n\t\t\t\t<div class=\"elementor-element elementor-element-ec4a321 elementor-widget elementor-widget-heading\" data-id=\"ec4a321\" data-element_type=\"widget\" data-e-type=\"widget\" data-widget_type=\"heading.default\">\n\t\t\t\t\t<h2 class=\"elementor-heading-title elementor-size-default\">No podemos tildar a los migrantes de irresponsables y temerarios.<\/h2>\t\t\t\t<\/div>\n\t\t\t\t<div class=\"elementor-element elementor-element-2f572d2 elementor-widget elementor-widget-text-editor\" data-id=\"2f572d2\" data-element_type=\"widget\" data-e-type=\"widget\" data-widget_type=\"text-editor.default\">\n\t\t\t\t\t\t\t\t\t<p>La situaci\u00f3n debe de analizarse a la luz de las causas profundas que la producen y no mediante una ret\u00f3rica pol\u00edtica ineficaz.<\/p>\n<p>El migrante es la persona que ha llegado al l\u00edmite de la desesperaci\u00f3n y no encuentra otro camino para escapar de la violencia, de la exclusi\u00f3n y del pauperismo, que no sea el escape, la huida y la b\u00fasqueda de la tierra prometida. Intelectuales de la talla de Chomsky han puesto el dedo en la llaga y denunciado p\u00fablicamente la desidia y la incompetencia de los l\u00edderes del mundo, particularmente los de la Uni\u00f3n Americana para resolver el problema migratorio.<\/p>\n<p>Esperemos que en Guatemala, los l\u00edderes pol\u00edticos verdaderos se comprometan a resolver este gran problema y los dem\u00e1s problemas que lo sustentan. Sin embargo, nuestro optimismo se ve muy opacado al ver como en el escenario de la actividad pol\u00edtica lo que sigue predominando es la demagogia y el inter\u00e9s partidista de los poderosos amorales de siempre.<\/p>\t\t\t\t\t\t\t\t<\/div>\n\t\t\t\t<div class=\"elementor-element elementor-element-803ad75 elementor-widget elementor-widget-text-editor\" data-id=\"803ad75\" data-element_type=\"widget\" data-e-type=\"widget\" data-widget_type=\"text-editor.default\">\n\t\t\t\t\t\t\t\t\t<p><em>-Dr. Omar Sandoval (1958). M\u00e9dico internista y escritor. Presidente de la Asociaci\u00f3n de M\u00e9dicos Escritores. \u00a0Miembro del colectivo Cuentistas de Guatemala. Ha escrito y publicado poes\u00eda, ensayo y narrativa<\/em><\/p>\t\t\t\t\t\t\t\t<\/div>\n\t\t\t\t\t<\/div>\n\t\t<\/div>\n\t\t\t\t\t<\/div>\n\t\t<\/section>\n\t\t\t\t<\/div>\n\t\t","protected":false},"excerpt":{"rendered":"<p>Los que se pudrieron en la c\u00e1rceles de Guatemala, M\u00e9xico, Honduras, Nicaragua, por ladrones, por contrabandistas, por estafadores, por hambrientos, los siempre sospechosos de todo. Roque Dalton, poema de amor Por Leo Sam* Si usted toma el camino de la cabecera departamental de Huehuetenango que conecta con el municipio de Jacaltenango, pero el camino de [&hellip;]<\/p>\n","protected":false},"author":1,"featured_media":896,"comment_status":"open","ping_status":"open","sticky":false,"template":"","format":"standard","meta":{"_acf_changed":false,"_eb_attr":"","footnotes":""},"categories":[56],"tags":[],"class_list":["post-891","post","type-post","status-publish","format-standard","has-post-thumbnail","hentry","category-lugar-de-voces"],"acf":[],"aioseo_notices":[],"aioseo_head":"\n\t\t<!-- All in One SEO Pro 4.9.6.2 - aioseo.com -->\n\t<meta name=\"description\" content=\"Los que se pudrieron en la c\u00e1rceles de Guatemala,M\u00e9xico, Honduras, Nicaragua,por ladrones, por contrabandistas, por estafadores,por hambrientos,los siempre sospechosos de todo. Roque Dalton, poema de amor Por Leo Sam* Si usted toma el camino de la cabecera departamental de Huehuetenango que conecta con el municipio de Jacaltenango, pero el camino de terracer\u00eda, no la carretera,\" \/>\n\t<meta name=\"robots\" content=\"max-snippet:-1, max-image-preview:large, max-video-preview:-1\" \/>\n\t<meta name=\"author\" content=\"SoyMigrante.com REVISTA\"\/>\n\t<link rel=\"canonical\" href=\"https:\/\/soymigrante.com\/revista\/el-migrante-llego-al-limite-de-la-desesperacion-y-tuvo-que-irse\/\" \/>\n\t<meta name=\"generator\" content=\"All in One SEO Pro (AIOSEO) 4.9.6.2\" \/>\n\n\t\t<link rel=\"preconnect\" href=\"https:\/\/fonts.googleapis.com\" crossorigin>\n<link rel=\"preconnect\" href=\"https:\/\/fonts.gstatic.com\" crossorigin>\n\t\t<meta property=\"og:locale\" content=\"es_ES\" \/>\n\t\t<meta property=\"og:site_name\" content=\"SoyMigrante.com REVISTA \u2013 Nuestra misi\u00f3n es reconocer y dignificar al migrante.\" \/>\n\t\t<meta property=\"og:type\" content=\"article\" \/>\n\t\t<meta property=\"og:title\" content=\"El migrante lleg\u00f3 al l\u00edmite de la desesperaci\u00f3n y tuvo que irse\" \/>\n\t\t<meta property=\"og:description\" content=\"Los que se pudrieron en la c\u00e1rceles de Guatemala,M\u00e9xico, Honduras, Nicaragua,por ladrones, por contrabandistas, por estafadores,por hambrientos,los siempre sospechosos de todo. Roque Dalton, poema de amor Por Leo Sam* Si usted toma el camino de la cabecera departamental de Huehuetenango que conecta con el municipio de Jacaltenango, pero el camino de terracer\u00eda, no la carretera,\" \/>\n\t\t<meta property=\"og:url\" content=\"https:\/\/soymigrante.com\/revista\/el-migrante-llego-al-limite-de-la-desesperacion-y-tuvo-que-irse\/\" \/>\n\t\t<meta property=\"og:image\" content=\"https:\/\/soymigrante.com\/revista\/wp-content\/uploads\/2023\/04\/migracion5.webp\" \/>\n\t\t<meta property=\"og:image:secure_url\" content=\"https:\/\/soymigrante.com\/revista\/wp-content\/uploads\/2023\/04\/migracion5.webp\" \/>\n\t\t<meta property=\"og:image:width\" content=\"1024\" \/>\n\t\t<meta property=\"og:image:height\" content=\"678\" \/>\n\t\t<meta property=\"article:published_time\" content=\"2023-05-26T00:05:57+00:00\" \/>\n\t\t<meta property=\"article:modified_time\" content=\"2024-06-25T22:35:54+00:00\" \/>\n\t\t<meta property=\"article:publisher\" content=\"https:\/\/www.facebook.com\/soymigrantecom\" \/>\n\t\t<meta name=\"twitter:card\" content=\"summary_large_image\" \/>\n\t\t<meta name=\"twitter:site\" content=\"@SoyMigrante_com\" \/>\n\t\t<meta name=\"twitter:title\" content=\"El migrante lleg\u00f3 al l\u00edmite de la desesperaci\u00f3n y tuvo que irse\" \/>\n\t\t<meta name=\"twitter:description\" content=\"Los que se pudrieron en la c\u00e1rceles de Guatemala,M\u00e9xico, Honduras, Nicaragua,por ladrones, por contrabandistas, por estafadores,por hambrientos,los siempre sospechosos de todo. Roque Dalton, poema de amor Por Leo Sam* Si usted toma el camino de la cabecera departamental de Huehuetenango que conecta con el municipio de Jacaltenango, pero el camino de terracer\u00eda, no la carretera,\" \/>\n\t\t<meta name=\"twitter:creator\" content=\"@SoyMigrante_com\" \/>\n\t\t<meta name=\"twitter:image\" content=\"https:\/\/soymigrante.com\/revista\/wp-content\/uploads\/2023\/04\/migracion5.webp\" \/>\n\t\t<!-- All in One SEO Pro -->\r\n\t\t<title>El migrante lleg\u00f3 al l\u00edmite de la desesperaci\u00f3n y tuvo que irse<\/title>\n\n","aioseo_head_json":{"title":"El migrante lleg\u00f3 al l\u00edmite de la desesperaci\u00f3n y tuvo que irse","description":"Los que se pudrieron en la c\u00e1rceles de Guatemala,M\u00e9xico, Honduras, Nicaragua,por ladrones, por contrabandistas, por estafadores,por hambrientos,los siempre sospechosos de todo. Roque Dalton, poema de amor Por Leo Sam* Si usted toma el camino de la cabecera departamental de Huehuetenango que conecta con el municipio de Jacaltenango, pero el camino de terracer\u00eda, no la carretera,","canonical_url":"https:\/\/soymigrante.com\/revista\/el-migrante-llego-al-limite-de-la-desesperacion-y-tuvo-que-irse\/","robots":"max-snippet:-1, max-image-preview:large, max-video-preview:-1","keywords":"","webmasterTools":{"miscellaneous":"&lt;link rel=\"preconnect\" href=\"https:\/\/fonts.googleapis.com\" crossorigin&gt;\n&lt;link rel=\"preconnect\" href=\"https:\/\/fonts.gstatic.com\" crossorigin&gt;"},"schema":null,"og:locale":"es_ES","og:site_name":"SoyMigrante.com REVISTA \u2013 Nuestra misi\u00f3n es reconocer y dignificar al migrante.","og:type":"article","og:title":"El migrante lleg\u00f3 al l\u00edmite de la desesperaci\u00f3n y tuvo que irse","og:description":"Los que se pudrieron en la c\u00e1rceles de Guatemala,M\u00e9xico, Honduras, Nicaragua,por ladrones, por contrabandistas, por estafadores,por hambrientos,los siempre sospechosos de todo. Roque Dalton, poema de amor Por Leo Sam* Si usted toma el camino de la cabecera departamental de Huehuetenango que conecta con el municipio de Jacaltenango, pero el camino de terracer\u00eda, no la carretera,","og:url":"https:\/\/soymigrante.com\/revista\/el-migrante-llego-al-limite-de-la-desesperacion-y-tuvo-que-irse\/","og:image":"https:\/\/soymigrante.com\/revista\/wp-content\/uploads\/2023\/04\/migracion5.webp","og:image:secure_url":"https:\/\/soymigrante.com\/revista\/wp-content\/uploads\/2023\/04\/migracion5.webp","og:image:width":1024,"og:image:height":678,"article:published_time":"2023-05-26T00:05:57+00:00","article:modified_time":"2024-06-25T22:35:54+00:00","article:publisher":"https:\/\/www.facebook.com\/soymigrantecom","twitter:card":"summary_large_image","twitter:site":"@SoyMigrante_com","twitter:title":"El migrante lleg\u00f3 al l\u00edmite de la desesperaci\u00f3n y tuvo que irse","twitter:description":"Los que se pudrieron en la c\u00e1rceles de Guatemala,M\u00e9xico, Honduras, Nicaragua,por ladrones, por contrabandistas, por estafadores,por hambrientos,los siempre sospechosos de todo. Roque Dalton, poema de amor Por Leo Sam* Si usted toma el camino de la cabecera departamental de Huehuetenango que conecta con el municipio de Jacaltenango, pero el camino de terracer\u00eda, no la carretera,","twitter:creator":"@SoyMigrante_com","twitter:image":"https:\/\/soymigrante.com\/revista\/wp-content\/uploads\/2023\/04\/migracion5.webp"},"aioseo_meta_data":{"post_id":"891","title":null,"description":null,"keywords":null,"keyphrases":{"focus":{"keyphrase":"Migrante","score":82,"analysis":{"keyphraseInTitle":{"score":9,"maxScore":9,"error":0},"keyphraseInDescription":{"score":9,"maxScore":9,"error":0},"keyphraseLength":{"score":9,"maxScore":9,"error":0,"length":1},"keyphraseInURL":{"score":5,"maxScore":5,"error":0},"keyphraseInIntroduction":{"score":3,"maxScore":9,"error":1},"keyphraseInSubHeadings":{"score":3,"maxScore":9,"error":1},"keyphraseInImageAlt":{"score":9,"maxScore":9,"error":0},"keywordDensity":{"type":"best","score":9,"maxScore":9,"error":0}}},"additional":[]},"primary_term":null,"canonical_url":null,"og_title":null,"og_description":null,"og_object_type":"default","og_image_type":"default","og_image_url":null,"og_image_width":null,"og_image_height":null,"og_image_custom_url":null,"og_image_custom_fields":null,"og_video":"","og_custom_url":null,"og_article_section":null,"og_article_tags":null,"twitter_use_og":false,"twitter_card":"default","twitter_image_type":"default","twitter_image_url":null,"twitter_image_custom_url":null,"twitter_image_custom_fields":null,"twitter_title":null,"twitter_description":null,"schema":{"blockGraphs":[],"customGraphs":[],"default":{"data":{"Article":[],"Course":[],"Dataset":[],"FAQPage":[],"Movie":[],"Person":[],"Product":[],"ProductReview":[],"Car":[],"Recipe":[],"Service":[],"SoftwareApplication":[],"WebPage":[]},"graphName":"Article","isEnabled":true},"graphs":[]},"schema_type":"default","schema_type_options":null,"pillar_content":false,"robots_default":true,"robots_noindex":false,"robots_noarchive":false,"robots_nosnippet":false,"robots_nofollow":false,"robots_noimageindex":false,"robots_noodp":false,"robots_notranslate":false,"robots_max_snippet":"-1","robots_max_videopreview":"-1","robots_max_imagepreview":"large","priority":null,"frequency":"default","local_seo":null,"seo_analyzer_scan_date":"2025-10-08 19:40:11","breadcrumb_settings":null,"limit_modified_date":false,"reviewed_by":null,"open_ai":"{\"title\":{\"suggestions\":[],\"usage\":0},\"description\":{\"suggestions\":[],\"usage\":0}}","ai":null,"created":"2023-08-18 12:52:57","updated":"2026-02-04 04:24:58"},"aioseo_breadcrumb":"<div class=\"aioseo-breadcrumbs\"><span class=\"aioseo-breadcrumb\">\n\t<a href=\"https:\/\/soymigrante.com\/revista\" title=\"Home\">Home<\/a>\n<\/span><span class=\"aioseo-breadcrumb-separator\">\u00bb<\/span><span class=\"aioseo-breadcrumb\">\n\t<a href=\"https:\/\/soymigrante.com\/revista\/category\/estamos-unidos\/\" title=\"Estamos Unidos\">Estamos Unidos<\/a>\n<\/span><span class=\"aioseo-breadcrumb-separator\">\u00bb<\/span><span class=\"aioseo-breadcrumb\">\n\t<a href=\"https:\/\/soymigrante.com\/revista\/category\/estamos-unidos\/lugar-de-voces\/\" title=\"Lugar de Voces\">Lugar de Voces<\/a>\n<\/span><span class=\"aioseo-breadcrumb-separator\">\u00bb<\/span><span class=\"aioseo-breadcrumb\">\n\tEl migrante lleg\u00f3 al l\u00edmite de la desesperaci\u00f3n y tuvo que irse\n<\/span><\/div>","aioseo_breadcrumb_json":[{"label":"Home","link":"https:\/\/soymigrante.com\/revista"},{"label":"Estamos Unidos","link":"https:\/\/soymigrante.com\/revista\/category\/estamos-unidos\/"},{"label":"Lugar de Voces","link":"https:\/\/soymigrante.com\/revista\/category\/estamos-unidos\/lugar-de-voces\/"},{"label":"El migrante lleg\u00f3 al l\u00edmite de la desesperaci\u00f3n y tuvo que irse","link":"https:\/\/soymigrante.com\/revista\/el-migrante-llego-al-limite-de-la-desesperacion-y-tuvo-que-irse\/"}],"_links":{"self":[{"href":"https:\/\/soymigrante.com\/revista\/wp-json\/wp\/v2\/posts\/891","targetHints":{"allow":["GET"]}}],"collection":[{"href":"https:\/\/soymigrante.com\/revista\/wp-json\/wp\/v2\/posts"}],"about":[{"href":"https:\/\/soymigrante.com\/revista\/wp-json\/wp\/v2\/types\/post"}],"author":[{"embeddable":true,"href":"https:\/\/soymigrante.com\/revista\/wp-json\/wp\/v2\/users\/1"}],"replies":[{"embeddable":true,"href":"https:\/\/soymigrante.com\/revista\/wp-json\/wp\/v2\/comments?post=891"}],"version-history":[{"count":0,"href":"https:\/\/soymigrante.com\/revista\/wp-json\/wp\/v2\/posts\/891\/revisions"}],"wp:featuredmedia":[{"embeddable":true,"href":"https:\/\/soymigrante.com\/revista\/wp-json\/wp\/v2\/media\/896"}],"wp:attachment":[{"href":"https:\/\/soymigrante.com\/revista\/wp-json\/wp\/v2\/media?parent=891"}],"wp:term":[{"taxonomy":"category","embeddable":true,"href":"https:\/\/soymigrante.com\/revista\/wp-json\/wp\/v2\/categories?post=891"},{"taxonomy":"post_tag","embeddable":true,"href":"https:\/\/soymigrante.com\/revista\/wp-json\/wp\/v2\/tags?post=891"}],"curies":[{"name":"wp","href":"https:\/\/api.w.org\/{rel}","templated":true}]}}