{"id":8882,"date":"2024-09-10T14:13:56","date_gmt":"2024-09-10T20:13:56","guid":{"rendered":"https:\/\/soymigrante.com\/revista\/?p=8882"},"modified":"2024-09-10T14:20:03","modified_gmt":"2024-09-10T20:20:03","slug":"zaculeu-antigua-capital-mam-no-deja-de-sorprender","status":"publish","type":"post","link":"https:\/\/soymigrante.com\/revista\/zaculeu-antigua-capital-mam-no-deja-de-sorprender\/","title":{"rendered":"Zaculeu, antigua capital Mam no deja de sorprender"},"content":{"rendered":"\t\t<div data-elementor-type=\"wp-post\" data-elementor-id=\"8882\" class=\"elementor elementor-8882\" data-elementor-post-type=\"post\">\n\t\t\t\t<div data-particle_enable=\"false\" data-particle-mobile-disabled=\"false\" class=\"elementor-element elementor-element-5599f47 e-flex e-con-boxed e-con e-parent\" data-id=\"5599f47\" data-element_type=\"container\" data-e-type=\"container\">\n\t\t\t\t\t<div class=\"e-con-inner\">\n\t\t\t\t<div class=\"elementor-element elementor-element-3ac4883 elementor-widget elementor-widget-heading\" data-id=\"3ac4883\" data-element_type=\"widget\" data-e-type=\"widget\" data-widget_type=\"heading.default\">\n\t\t\t\t\t<h2 class=\"elementor-heading-title elementor-size-default\">El r\u00edo Selegua o llamado tambi\u00e9n Zaculeu y la aldea del mismo nombre, rodean este sitio arqueol\u00f3gico y hacen de esta ciudad postcl\u00e1sica una zona geogr\u00e1fica especial para los Mam.\n<\/h2>\t\t\t\t<\/div>\n\t\t\t\t\t<\/div>\n\t\t\t\t<\/div>\n\t\t<div data-particle_enable=\"false\" data-particle-mobile-disabled=\"false\" class=\"elementor-element elementor-element-acdafb4 e-flex e-con-boxed e-con e-parent\" data-id=\"acdafb4\" data-element_type=\"container\" data-e-type=\"container\">\n\t\t\t\t\t<div class=\"e-con-inner\">\n\t\t\t\t<div class=\"elementor-element elementor-element-4a3d808 elementor-widget elementor-widget-text-editor\" data-id=\"4a3d808\" data-element_type=\"widget\" data-e-type=\"widget\" data-widget_type=\"text-editor.default\">\n\t\t\t\t\t\t\t\t\t<p><span style=\"font-family: Roboto, sans-serif; font-size: 16px; font-style: normal; font-weight: 400;\">Zaculeu es un testimonio de tiempos esplendorosos de la cultura maya <a href=\"https:\/\/soymigrante.com\/revista\/el-pueblo-mam-brilla-crece-y-se-expresa-fiel-a-sus-raices-de-identidad\/\">Mam<\/a>. Un conjunto de templos, \u00e1reas ceremoniales y juegos de pelota que deslumbran a m\u00e1s de mil a\u00f1os de su per\u00edodo de pleno funcionamiento.<\/span><\/p><p>Se encuentra a 238 kil\u00f3metros de la capital y suele ser lugar de visita para muchas familias de Huehuetenango, as\u00ed como para turistas que desean conocer la monumentalidad de los pobladores <a href=\"https:\/\/soymigrante.com\/revista\/el-pueblo-mam-brilla-crece-y-se-expresa-fiel-a-sus-raices-de-identidad\/\">Mam.<\/a><\/p><p><span style=\"font-family: Roboto, sans-serif; font-size: 16px; font-style: normal; font-weight: 400;\">\u00a0<\/span><\/p>\t\t\t\t\t\t\t\t<\/div>\n\t\t\t\t\t<\/div>\n\t\t\t\t<\/div>\n\t\t<div data-particle_enable=\"false\" data-particle-mobile-disabled=\"false\" class=\"elementor-element elementor-element-d7d41c1 e-flex e-con-boxed e-con e-parent\" data-id=\"d7d41c1\" data-element_type=\"container\" data-e-type=\"container\">\n\t\t\t\t\t<div class=\"e-con-inner\">\n\t\t\t\t<div class=\"elementor-element elementor-element-09c620a elementor-widget elementor-widget-heading\" data-id=\"09c620a\" data-element_type=\"widget\" data-e-type=\"widget\" data-widget_type=\"heading.default\">\n\t\t\t\t\t<h3 class=\"elementor-heading-title elementor-size-default\">Su nombre significa \"Tierra blanca\"<\/h3>\t\t\t\t<\/div>\n\t\t\t\t\t<\/div>\n\t\t\t\t<\/div>\n\t\t<div data-particle_enable=\"false\" data-particle-mobile-disabled=\"false\" class=\"elementor-element elementor-element-36f09cf e-con-full e-flex e-con e-parent\" data-id=\"36f09cf\" data-element_type=\"container\" data-e-type=\"container\">\n\t\t\t\t<div class=\"elementor-element elementor-element-576fac2 elementor-widget elementor-widget-text-editor\" data-id=\"576fac2\" data-element_type=\"widget\" data-e-type=\"widget\" data-widget_type=\"text-editor.default\">\n\t\t\t\t\t\t\t\t\t<p>Zaculeu tuvo su apogeo en el periodo Postcl\u00e1sico Tard\u00edo. Zaculeu en idioma kiche&nbsp; significa Zac \u2013 Blanca, uleu \u2013 tierra (tierra blanca), aunque su nombre original en <a href=\"https:\/\/soymigrante.com\/revista\/el-pueblo-mam-brilla-crece-y-se-expresa-fiel-a-sus-raices-de-identidad\/\">Mam <\/a>fue Xinabajul.&nbsp;<span style=\"font-family: Roboto, sans-serif; font-size: 16px; font-style: normal; font-weight: 400; color: var( --e-global-color-text ); text-align: var(--text-align);\">&nbsp;<\/span><span style=\"font-family: Roboto, sans-serif; font-size: 16px; font-style: normal; font-weight: 400; color: var( --e-global-color-text ); text-align: var(--text-align);\">Fue considerada una ciudadela prehisp\u00e1nica de car\u00e1cter defensivo.<\/span><\/p>\n<p>Fue construida por los Mam a quienes tambi\u00e9n se les atribuye su desarrollo. Alcanz\u00f3 du esplendor entre los a\u00f1os 1,250 y 1524 d. C.<\/p>\n<p>Este sitio&nbsp;<a href=\"https:\/\/soymigrante.com\/revista\/joyas-mayas-migrantes-la-reina-kabel-y-un-enano-estela-de-el-peru-waka-en-cleveland\/\" target=\"_blank\" rel=\"noopener\">arqueol\u00f3gico<\/a>&nbsp;tiene dos zonas. La primera, se adentra a la fortaleza de la misma con templos, juego de pelota, palacios, plazas, entre otros. La segunda, es el \u00e1rea habitacional y campos para actividades agr\u00edcolas.<\/p>\t\t\t\t\t\t\t\t<\/div>\n\t\t\t\t<\/div>\n\t\t<div data-particle_enable=\"false\" data-particle-mobile-disabled=\"false\" class=\"elementor-element elementor-element-03a844e e-flex e-con-boxed e-con e-parent\" data-id=\"03a844e\" data-element_type=\"container\" data-e-type=\"container\">\n\t\t\t\t\t<div class=\"e-con-inner\">\n\t\t\t\t<div class=\"elementor-element elementor-element-9737b6c elementor-widget elementor-widget-video\" data-id=\"9737b6c\" data-element_type=\"widget\" data-e-type=\"widget\" data-settings=\"{&quot;youtube_url&quot;:&quot;https:\\\/\\\/www.youtube.com\\\/watch?v=aCZHmzlGkSw&quot;,&quot;video_type&quot;:&quot;youtube&quot;,&quot;controls&quot;:&quot;yes&quot;}\" data-widget_type=\"video.default\">\n\t\t\t\t\t\t\t<div class=\"elementor-wrapper elementor-open-inline\">\n\t\t\t<div class=\"elementor-video\"><\/div>\t\t<\/div>\n\t\t\t\t\t\t<\/div>\n\t\t\t\t\t<\/div>\n\t\t\t\t<\/div>\n\t\t<div data-particle_enable=\"false\" data-particle-mobile-disabled=\"false\" class=\"elementor-element elementor-element-159265e e-flex e-con-boxed e-con e-parent\" data-id=\"159265e\" data-element_type=\"container\" data-e-type=\"container\">\n\t\t\t\t\t<div class=\"e-con-inner\">\n\t\t\t\t<div class=\"elementor-element elementor-element-eca8bfe elementor-widget elementor-widget-heading\" data-id=\"eca8bfe\" data-element_type=\"widget\" data-e-type=\"widget\" data-widget_type=\"heading.default\">\n\t\t\t\t\t<h3 class=\"elementor-heading-title elementor-size-default\">El poder\u00edo Mam<\/h3>\t\t\t\t<\/div>\n\t\t\t\t\t<\/div>\n\t\t\t\t<\/div>\n\t\t<div data-particle_enable=\"false\" data-particle-mobile-disabled=\"false\" class=\"elementor-element elementor-element-e474e00 e-flex e-con-boxed e-con e-parent\" data-id=\"e474e00\" data-element_type=\"container\" data-e-type=\"container\">\n\t\t\t\t\t<div class=\"e-con-inner\">\n\t\t\t\t<div class=\"elementor-element elementor-element-9b213f2 elementor-widget elementor-widget-text-editor\" data-id=\"9b213f2\" data-element_type=\"widget\" data-e-type=\"widget\" data-widget_type=\"text-editor.default\">\n\t\t\t\t\t\t\t\t\t<p>Esta ciudad gobernada por el Rey Kaibil Balam se amurall\u00f3 contra los espa\u00f1oles, pero en 1526 fue obligado a rendirse y cedi\u00f3 por hambre. El libro de Fuentes Guzm\u00e1n \u201cRecordaci\u00f3n Florida\u201d, refiere que al frente de esa batalla estaba el capit\u00e1n Gonzalo de Alvarado y Ch\u00e1vez, primo hermano de Pedro de Alvarado.<\/p><p>El Mam fue el pueblo m\u00e1s grande, de este se derivaron los dem\u00e1s que se encontraban en la Sierra de los Cuchumatanes, excepto Aguacat\u00e1n y la de los Altos Cuchumatanes como Todo Santos Cuchumat\u00e1n y municipios aleda\u00f1os.<\/p><p>Los mames ten\u00edan su se\u00f1or\u00edo que comprend\u00eda en lo antiguo un vasto territorio: Huehuetenango, Totonicap\u00e1n, Quetzaltenango, San Marcos y la Provincia de Soconusco. Las constantes luchas llevaron a este pueblo a la divisi\u00f3n y fue entonces cuando los Mam abandonaron sus dominios ante la invasi\u00f3n de los\u00a0<a href=\"https:\/\/soymigrante.com\/revista\/chichicastenango-datos-que-quiza-ya-conocias-o-quiza-no\/\" target=\"_blank\" rel=\"noopener\">quich\u00e9s<\/a>\u00a0al mando del rey Quicab.<\/p>\t\t\t\t\t\t\t\t<\/div>\n\t\t\t\t\t<\/div>\n\t\t\t\t<\/div>\n\t\t<div data-particle_enable=\"false\" data-particle-mobile-disabled=\"false\" class=\"elementor-element elementor-element-491db60 e-flex e-con-boxed e-con e-parent\" data-id=\"491db60\" data-element_type=\"container\" data-e-type=\"container\">\n\t\t\t\t\t<div class=\"e-con-inner\">\n\t\t\t\t<div class=\"elementor-element elementor-element-8488282 elementor-widget elementor-widget-video\" data-id=\"8488282\" data-element_type=\"widget\" data-e-type=\"widget\" data-settings=\"{&quot;youtube_url&quot;:&quot;https:\\\/\\\/www.youtube.com\\\/watch?v=pYsFr44Cn00&quot;,&quot;video_type&quot;:&quot;youtube&quot;,&quot;controls&quot;:&quot;yes&quot;}\" data-widget_type=\"video.default\">\n\t\t\t\t\t\t\t<div class=\"elementor-wrapper elementor-open-inline\">\n\t\t\t<div class=\"elementor-video\"><\/div>\t\t<\/div>\n\t\t\t\t\t\t<\/div>\n\t\t\t\t\t<\/div>\n\t\t\t\t<\/div>\n\t\t<div data-particle_enable=\"false\" data-particle-mobile-disabled=\"false\" class=\"elementor-element elementor-element-a703c10 e-flex e-con-boxed e-con e-parent\" data-id=\"a703c10\" data-element_type=\"container\" data-e-type=\"container\">\n\t\t\t\t\t<div class=\"e-con-inner\">\n\t\t\t\t<div class=\"elementor-element elementor-element-afe259b elementor-widget elementor-widget-heading\" data-id=\"afe259b\" data-element_type=\"widget\" data-e-type=\"widget\" data-widget_type=\"heading.default\">\n\t\t\t\t\t<h3 class=\"elementor-heading-title elementor-size-default\">Centro Ceremonial<\/h3>\t\t\t\t<\/div>\n\t\t\t\t\t<\/div>\n\t\t\t\t<\/div>\n\t\t<div data-particle_enable=\"false\" data-particle-mobile-disabled=\"false\" class=\"elementor-element elementor-element-bd98959 e-flex e-con-boxed e-con e-parent\" data-id=\"bd98959\" data-element_type=\"container\" data-e-type=\"container\">\n\t\t\t\t\t<div class=\"e-con-inner\">\n\t\t\t\t<div class=\"elementor-element elementor-element-a7b8733 elementor-widget elementor-widget-text-editor\" data-id=\"a7b8733\" data-element_type=\"widget\" data-e-type=\"widget\" data-widget_type=\"text-editor.default\">\n\t\t\t\t\t\t\t\t\t<p>La arquitectura de Zaculeu hay influencia tula, se puede observar en la banqueta-altar, lo que indica influencias mexicanas. La construcci\u00f3n de estructuras circulares en la parte posterior de los edificios es otro de los rasgos.<\/p><p>En la \u00faltima fase de construcci\u00f3n de Zaculeu utilizaron lajas de pizarra y granito recubiertas de estuco. En la c\u00faspide se edific\u00f3 un templo con recintos interiores y puertas abiertas hacia el exterior, limitadas por columnas cil\u00edndricas.\u00a0<\/p><p>Un dato curioso es que durante las excavaciones en lugar se hall\u00f3 la representaci\u00f3n de una mariposa hecha en tumbaga, combinaci\u00f3n de oro y cobre laminada.<\/p>\t\t\t\t\t\t\t\t<\/div>\n\t\t\t\t\t<\/div>\n\t\t\t\t<\/div>\n\t\t<div data-particle_enable=\"false\" data-particle-mobile-disabled=\"false\" class=\"elementor-element elementor-element-427014b e-flex e-con-boxed e-con e-parent\" data-id=\"427014b\" data-element_type=\"container\" data-e-type=\"container\">\n\t\t\t\t\t<div class=\"e-con-inner\">\n\t\t\t\t<div class=\"elementor-element elementor-element-697abda elementor-widget elementor-widget-image\" data-id=\"697abda\" data-element_type=\"widget\" data-e-type=\"widget\" data-widget_type=\"image.default\">\n\t\t\t\t\t\t\t\t\t\t\t\t\t\t\t<img fetchpriority=\"high\" decoding=\"async\" width=\"696\" height=\"366\" src=\"https:\/\/soymigrante.com\/revista\/wp-content\/uploads\/2024\/09\/Ilustracion-No-8-Templo-2-de-Iximche-con-bloque-de-sacrificio-al-frente.webp\" class=\"attachment-large size-large wp-image-8891\" alt=\"Piezas arqueol\u00f3gicas en una excavaci\u00f3n, cultura antigua, historia y patrimonio cultural.\" srcset=\"https:\/\/soymigrante.com\/revista\/wp-content\/uploads\/2024\/09\/Ilustracion-No-8-Templo-2-de-Iximche-con-bloque-de-sacrificio-al-frente.webp 696w, https:\/\/soymigrante.com\/revista\/wp-content\/uploads\/2024\/09\/Ilustracion-No-8-Templo-2-de-Iximche-con-bloque-de-sacrificio-al-frente-300x158.webp 300w\" sizes=\"(max-width: 696px) 100vw, 696px\" title=\"Ilustraci\u00f3n No 8 Templo 2 de Iximch\u00e9 con bloque de sacrificio al frente \u2013 SoyMigrante.com REVISTA\" \/>\t\t\t\t\t\t\t\t\t\t\t\t\t\t\t<\/div>\n\t\t\t\t\t<\/div>\n\t\t\t\t<\/div>\n\t\t<div data-particle_enable=\"false\" data-particle-mobile-disabled=\"false\" class=\"elementor-element elementor-element-bae9c18 e-flex e-con-boxed e-con e-parent\" data-id=\"bae9c18\" data-element_type=\"container\" data-e-type=\"container\">\n\t\t\t\t\t<div class=\"e-con-inner\">\n\t\t\t\t<div class=\"elementor-element elementor-element-b133d25 elementor-widget elementor-widget-heading\" data-id=\"b133d25\" data-element_type=\"widget\" data-e-type=\"widget\" data-widget_type=\"heading.default\">\n\t\t\t\t\t<h3 class=\"elementor-heading-title elementor-size-default\">Un lugar funerario y de sacrificios<\/h3>\t\t\t\t<\/div>\n\t\t\t\t\t<\/div>\n\t\t\t\t<\/div>\n\t\t<div data-particle_enable=\"false\" data-particle-mobile-disabled=\"false\" class=\"elementor-element elementor-element-d605b28 e-flex e-con-boxed e-con e-parent\" data-id=\"d605b28\" data-element_type=\"container\" data-e-type=\"container\">\n\t\t\t\t\t<div class=\"e-con-inner\">\n\t\t\t\t<div class=\"elementor-element elementor-element-fea1faa elementor-widget elementor-widget-text-editor\" data-id=\"fea1faa\" data-element_type=\"widget\" data-e-type=\"widget\" data-widget_type=\"text-editor.default\">\n\t\t\t\t\t\t\t\t\t<p>Zaculeu fue testigo de la inhumaci\u00f3n de sus habitantes, que se efectuaron en los cementerios ubicados en los alrededores cerca de los grupos habitacionales.<\/p><p>Los entierros reales o de linaje presentaban las piernas plegadas contra el pecho, los brazos cruzados, el cr\u00e1neo deformado artificialmente y dientes con desgastes selectivos.<\/p><p>Seg\u00fan investigaciones de Navarrete (1999), existen dos ejemplos de bloques de sacrificios frente a los templos pero que \u00fanicamente aparece este rasgo, de manera completa, en el Templo 2, de Iximch\u00e9.<br \/><br \/><\/p>\t\t\t\t\t\t\t\t<\/div>\n\t\t\t\t\t<\/div>\n\t\t\t\t<\/div>\n\t\t<div data-particle_enable=\"false\" data-particle-mobile-disabled=\"false\" class=\"elementor-element elementor-element-b56684f e-flex e-con-boxed e-con e-parent\" data-id=\"b56684f\" data-element_type=\"container\" data-e-type=\"container\">\n\t\t\t\t\t<div class=\"e-con-inner\">\n\t\t\t\t<div class=\"elementor-element elementor-element-f34ab80 elementor-widget elementor-widget-image\" data-id=\"f34ab80\" data-element_type=\"widget\" data-e-type=\"widget\" data-widget_type=\"image.default\">\n\t\t\t\t\t\t\t\t\t\t\t\t<figure class=\"wp-caption\">\n\t\t\t\t\t\t\t\t\t\t<img decoding=\"async\" width=\"556\" height=\"292\" src=\"https:\/\/soymigrante.com\/revista\/wp-content\/uploads\/2024\/09\/Ornamentos-de-Tumbaga.webp\" class=\"attachment-large size-large wp-image-8897\" alt=\"Pastel ind\u00edgena con dise\u00f1o abstracto y s\u00edmbolos culturales, representando la diversidad y ra\u00edces ancestrales mexicanas.\" srcset=\"https:\/\/soymigrante.com\/revista\/wp-content\/uploads\/2024\/09\/Ornamentos-de-Tumbaga.webp 556w, https:\/\/soymigrante.com\/revista\/wp-content\/uploads\/2024\/09\/Ornamentos-de-Tumbaga-300x158.webp 300w\" sizes=\"(max-width: 556px) 100vw, 556px\" title=\"Ornamentos de Tumbaga \u2013 SoyMigrante.com REVISTA\" \/>\t\t\t\t\t\t\t\t\t\t\t<figcaption class=\"widget-image-caption wp-caption-text\">Primer plano de un pastel ind\u00edgena con motivos culturales, resaltando la riqueza art\u00edstica y la identidad ancestral en la gastronom\u00eda tradicional mexicana.<\/figcaption>\n\t\t\t\t\t\t\t\t\t\t<\/figure>\n\t\t\t\t\t\t\t\t\t<\/div>\n\t\t\t\t\t<\/div>\n\t\t\t\t<\/div>\n\t\t<div data-particle_enable=\"false\" data-particle-mobile-disabled=\"false\" class=\"elementor-element elementor-element-c353d7b e-flex e-con-boxed e-con e-parent\" data-id=\"c353d7b\" data-element_type=\"container\" data-e-type=\"container\">\n\t\t\t\t\t<div class=\"e-con-inner\">\n\t\t\t\t<div class=\"elementor-element elementor-element-d8ce576 elementor-widget elementor-widget-heading\" data-id=\"d8ce576\" data-element_type=\"widget\" data-e-type=\"widget\" data-widget_type=\"heading.default\">\n\t\t\t\t\t<h3 class=\"elementor-heading-title elementor-size-default\">Zaculeu, testigo de grandes combates<\/h3>\t\t\t\t<\/div>\n\t\t\t\t\t<\/div>\n\t\t\t\t<\/div>\n\t\t<div data-particle_enable=\"false\" data-particle-mobile-disabled=\"false\" class=\"elementor-element elementor-element-a83b4b0 e-flex e-con-boxed e-con e-parent\" data-id=\"a83b4b0\" data-element_type=\"container\" data-e-type=\"container\">\n\t\t\t\t\t<div class=\"e-con-inner\">\n\t\t\t\t<div class=\"elementor-element elementor-element-b1bc4c4 elementor-widget elementor-widget-text-editor\" data-id=\"b1bc4c4\" data-element_type=\"widget\" data-e-type=\"widget\" data-widget_type=\"text-editor.default\">\n\t\t\t\t\t\t\t\t\t<p>\u00a0<\/p><p>La poblaci\u00f3n mam enfrent\u00f3 tres grandes luchas contra los espa\u00f1oles que deseaban conquistar el poder\u00edo mam. De estas se derivaron 8 grandes batallas. Las cercan\u00edas de Zaculeu fue testigo del peor conflicto. Y en 1525 la ciudad de Zaculeu cae, para ese entonces la mitad\u00a0 oeste de la Sierra de los Cuchumatanes estaba bajo dominio espa\u00f1ol.\u00a0<\/p><p>Las\u00a0<a href=\"https:\/\/soymigrante.com\/revista\/el-pueblo-chuj-tiene-firme-raiz-en-las-montanas-de-huehuetenango\/\" target=\"_blank\" rel=\"noopener\">regiones<\/a>\u00a0de los ixiles y la de los uspantecos fueron sitios que los espa\u00f1oles no pudieron conquistar.<\/p>\t\t\t\t\t\t\t\t<\/div>\n\t\t\t\t\t<\/div>\n\t\t\t\t<\/div>\n\t\t<div data-particle_enable=\"false\" data-particle-mobile-disabled=\"false\" class=\"elementor-element elementor-element-906d0ca e-flex e-con-boxed e-con e-parent\" data-id=\"906d0ca\" data-element_type=\"container\" data-e-type=\"container\">\n\t\t\t\t\t<div class=\"e-con-inner\">\n\t\t\t\t<div class=\"elementor-element elementor-element-3f22803 elementor-widget elementor-widget-image\" data-id=\"3f22803\" data-element_type=\"widget\" data-e-type=\"widget\" data-widget_type=\"image.default\">\n\t\t\t\t\t\t\t\t\t\t\t\t<figure class=\"wp-caption\">\n\t\t\t\t\t\t\t\t\t\t<img decoding=\"async\" width=\"428\" height=\"481\" src=\"https:\/\/soymigrante.com\/revista\/wp-content\/uploads\/2024\/09\/Dibujo-No-1-Cripta-funeraria-descubierta-en-la-Estructura-4-de-Zaculeu-fechada-para-la-Fase-Qankyak.webp\" class=\"attachment-large size-large wp-image-8892\" alt=\"Jarr\u00f3n y herramientas de talla de piedra sobre un fondo de antigua estructura de piedra, representando trabajo artesanal y cultura tradicional.\" srcset=\"https:\/\/soymigrante.com\/revista\/wp-content\/uploads\/2024\/09\/Dibujo-No-1-Cripta-funeraria-descubierta-en-la-Estructura-4-de-Zaculeu-fechada-para-la-Fase-Qankyak.webp 428w, https:\/\/soymigrante.com\/revista\/wp-content\/uploads\/2024\/09\/Dibujo-No-1-Cripta-funeraria-descubierta-en-la-Estructura-4-de-Zaculeu-fechada-para-la-Fase-Qankyak-267x300.webp 267w\" sizes=\"(max-width: 428px) 100vw, 428px\" title=\"Dibujo No 1 Cripta funeraria descubierta en la Estructura 4 de Zaculeu fechada para la Fase Qankyak \u2013 SoyMigrante.com REVISTA\" \/>\t\t\t\t\t\t\t\t\t\t\t<figcaption class=\"widget-image-caption wp-caption-text\">Jarr\u00f3n y herramientas de talla de piedra en una estructura de piedra antigua, simbolizando artesan\u00eda, cultura tradicional y patrimonio hist\u00f3rico mexicano.<\/figcaption>\n\t\t\t\t\t\t\t\t\t\t<\/figure>\n\t\t\t\t\t\t\t\t\t<\/div>\n\t\t\t\t\t<\/div>\n\t\t\t\t<\/div>\n\t\t<div data-particle_enable=\"false\" data-particle-mobile-disabled=\"false\" class=\"elementor-element elementor-element-fbf7d76 e-flex e-con-boxed e-con e-parent\" data-id=\"fbf7d76\" data-element_type=\"container\" data-e-type=\"container\">\n\t\t\t\t\t<div class=\"e-con-inner\">\n\t\t\t\t<div class=\"elementor-element elementor-element-f166a42 elementor-widget elementor-widget-heading\" data-id=\"f166a42\" data-element_type=\"widget\" data-e-type=\"widget\" data-widget_type=\"heading.default\">\n\t\t\t\t\t<h3 class=\"elementor-heading-title elementor-size-default\">Visita el museo de Zaculeu<\/h3>\t\t\t\t<\/div>\n\t\t\t\t\t<\/div>\n\t\t\t\t<\/div>\n\t\t<div data-particle_enable=\"false\" data-particle-mobile-disabled=\"false\" class=\"elementor-element elementor-element-3395959 e-flex e-con-boxed e-con e-parent\" data-id=\"3395959\" data-element_type=\"container\" data-e-type=\"container\">\n\t\t\t\t\t<div class=\"e-con-inner\">\n\t\t\t\t<div class=\"elementor-element elementor-element-6f482a9 elementor-widget elementor-widget-text-editor\" data-id=\"6f482a9\" data-element_type=\"widget\" data-e-type=\"widget\" data-widget_type=\"text-editor.default\">\n\t\t\t\t\t\t\t\t\t<p>Todo lo que hemos descrito sobre Zaculeu lo puedes encontrar en el Museo del sitio arqueol\u00f3gico Zaculeu, que te ayudar\u00e1 a interpretar la riqueza del pueblo Mam, que un d\u00eda habit\u00f3 en esta emblem\u00e1tica ciudad.\u00a0<\/p><p>Puede conocer objetos localizados sobre entierros de cer\u00e1mica y diversos objetos. Conocer m\u00e1s sobre el comercio que se desarroll\u00f3 en esa ciudad, entre otros datos.<br \/>Puedes visitarlo de lunes a domingo en horarios de 8 a 12 horas. Y de 14 a 18 horas. El costo para visitas nacionales es de Q5 y para extranjeros, de Q25. Estudiantes tiene acceso gratis.<\/p><h6><em>Con informaci\u00f3n de Zaculeu, ciudad postcl\u00e1sica por Patricia del \u00c1guila y el Sistema de Informaci\u00f3n Cultural del MCD.<\/em><\/h6>\t\t\t\t\t\t\t\t<\/div>\n\t\t\t\t\t<\/div>\n\t\t\t\t<\/div>\n\t\t<div data-particle_enable=\"false\" data-particle-mobile-disabled=\"false\" class=\"elementor-element elementor-element-7f48871 e-flex e-con-boxed e-con e-parent\" data-id=\"7f48871\" data-element_type=\"container\" data-e-type=\"container\">\n\t\t\t\t\t<div class=\"e-con-inner\">\n\t\t\t\t<div class=\"elementor-element elementor-element-c474897 elementor-widget elementor-widget-heading\" data-id=\"c474897\" data-element_type=\"widget\" data-e-type=\"widget\" data-widget_type=\"heading.default\">\n\t\t\t\t\t<h2 class=\"elementor-heading-title elementor-size-default\">Cultura maya por descubrir<\/h2>\t\t\t\t<\/div>\n\t\t\t\t<div class=\"elementor-element elementor-element-23807f3 elementor-grid-eael-col-3 elementor-grid-tablet-eael-col-2 elementor-grid-mobile-eael-col-1 elementor-widget elementor-widget-eael-post-grid\" data-id=\"23807f3\" data-element_type=\"widget\" data-e-type=\"widget\" data-settings=\"{&quot;eael_post_grid_columns&quot;:&quot;eael-col-3&quot;,&quot;eael_post_grid_columns_tablet&quot;:&quot;eael-col-2&quot;,&quot;eael_post_grid_columns_mobile&quot;:&quot;eael-col-1&quot;}\" data-widget_type=\"eael-post-grid.default\">\n\t\t\t\t\t<div id=\"eael-post-grid-23807f3\" class=\"eael-post-grid-container\">\n            <div class=\"eael-post-grid eael-post-appender eael-post-appender-23807f3 eael-post-grid-style-one\" data-layout-mode=\"masonry\"><article class=\"eael-grid-post  eael-post-grid-column eael-pg-post-8594 category-guate-nuestra\" data-id=\"8594\">\n        <div class=\"eael-grid-post-holder\">\n            <div class=\"eael-grid-post-holder-inner\"><div class=\"eael-entry-media\"><div class=\"eael-entry-overlay fade-in\"><i class=\"far fa-hand-pointer\" aria-hidden=\"true\"><\/i><a href=\"https:\/\/soymigrante.com\/revista\/10-pueblos-a-la-orilla-del-lago-de-atitlan-que-debes-descubrir\/\"><\/a><\/div><div class=\"eael-entry-thumbnail \">\n                <img loading=\"lazy\" decoding=\"async\" width=\"1024\" height=\"1024\" src=\"https:\/\/soymigrante.com\/revista\/wp-content\/uploads\/2024\/08\/agricultura-san-antonio-palopo-face-soy-migrante-2-1024x1024.webp\" class=\"attachment-large size-large wp-image-8615\" alt=\"Paisaje del Lago de Atitl\u00e1n, volcanes y zonas agr\u00edcolas en Guatemala, turismo y paisaje natural en Centroam\u00e9rica.\" srcset=\"https:\/\/soymigrante.com\/revista\/wp-content\/uploads\/2024\/08\/agricultura-san-antonio-palopo-face-soy-migrante-2-1024x1024.webp 1024w, https:\/\/soymigrante.com\/revista\/wp-content\/uploads\/2024\/08\/agricultura-san-antonio-palopo-face-soy-migrante-2-300x300.webp 300w, https:\/\/soymigrante.com\/revista\/wp-content\/uploads\/2024\/08\/agricultura-san-antonio-palopo-face-soy-migrante-2-150x150.webp 150w, https:\/\/soymigrante.com\/revista\/wp-content\/uploads\/2024\/08\/agricultura-san-antonio-palopo-face-soy-migrante-2-768x768.webp 768w, https:\/\/soymigrante.com\/revista\/wp-content\/uploads\/2024\/08\/agricultura-san-antonio-palopo-face-soy-migrante-2-1536x1536.webp 1536w, https:\/\/soymigrante.com\/revista\/wp-content\/uploads\/2024\/08\/agricultura-san-antonio-palopo-face-soy-migrante-2-75x75.webp 75w, https:\/\/soymigrante.com\/revista\/wp-content\/uploads\/2024\/08\/agricultura-san-antonio-palopo-face-soy-migrante-2-750x750.webp 750w, https:\/\/soymigrante.com\/revista\/wp-content\/uploads\/2024\/08\/agricultura-san-antonio-palopo-face-soy-migrante-2-1140x1140.webp 1140w, https:\/\/soymigrante.com\/revista\/wp-content\/uploads\/2024\/08\/agricultura-san-antonio-palopo-face-soy-migrante-2.webp 1538w\" sizes=\"(max-width: 1024px) 100vw, 1024px\" \/>\n            <\/div>\n        <\/div><div class=\"eael-entry-wrapper\"><header class=\"eael-entry-header\"><h2 class=\"eael-entry-title\"><a class=\"eael-grid-post-link\" href=\"https:\/\/soymigrante.com\/revista\/10-pueblos-a-la-orilla-del-lago-de-atitlan-que-debes-descubrir\/\" title=\"Ocho pueblos a la orilla del lago de Atitl\u00e1n que debes descubrir\">Ocho pueblos a la orilla del lago de Atitl\u00e1n que debes descubrir<\/a><\/h2><\/header><div class=\"eael-entry-content\">\n                        <div class=\"eael-grid-post-excerpt\"><a href=\"https:\/\/soymigrante.com\/revista\/10-pueblos-a-la-orilla-del-lago-de-atitlan-que-debes-descubrir\/\" class=\"eael-post-elements-readmore-btn\">CONOCE SU HISTORIA <\/a><\/div>\n                    <\/div><\/div><\/div>\n        <\/div>\n    <\/article><article class=\"eael-grid-post  eael-post-grid-column eael-pg-post-5641 category-guate-nuestra\" data-id=\"5641\">\n        <div class=\"eael-grid-post-holder\">\n            <div class=\"eael-grid-post-holder-inner\"><div class=\"eael-entry-media\"><div class=\"eael-entry-overlay fade-in\"><i class=\"far fa-hand-pointer\" aria-hidden=\"true\"><\/i><a href=\"https:\/\/soymigrante.com\/revista\/semana-santa-guatemalteca-via-crucis-infantil-huehuetenango\/\"><\/a><\/div><div class=\"eael-entry-thumbnail \">\n                <img loading=\"lazy\" decoding=\"async\" width=\"596\" height=\"526\" src=\"https:\/\/soymigrante.com\/revista\/wp-content\/uploads\/2024\/03\/fffdff.webp\" class=\"attachment-large size-large wp-image-5658\" alt=\"\" srcset=\"https:\/\/soymigrante.com\/revista\/wp-content\/uploads\/2024\/03\/fffdff.webp 596w, https:\/\/soymigrante.com\/revista\/wp-content\/uploads\/2024\/03\/fffdff-300x265.webp 300w\" sizes=\"(max-width: 596px) 100vw, 596px\" \/>\n            <\/div>\n        <\/div><div class=\"eael-entry-wrapper\"><header class=\"eael-entry-header\"><h2 class=\"eael-entry-title\"><a class=\"eael-grid-post-link\" href=\"https:\/\/soymigrante.com\/revista\/semana-santa-guatemalteca-via-crucis-infantil-huehuetenango\/\" title=\"Semana Santa guatemalteca: V\u00eda Crucis infantil en Huehuetenango\">Semana Santa guatemalteca: V\u00eda Crucis infantil en Huehuetenango<\/a><\/h2><\/header><div class=\"eael-entry-content\">\n                        <div class=\"eael-grid-post-excerpt\"><a href=\"https:\/\/soymigrante.com\/revista\/semana-santa-guatemalteca-via-crucis-infantil-huehuetenango\/\" class=\"eael-post-elements-readmore-btn\">CONOCE SU HISTORIA <\/a><\/div>\n                    <\/div><\/div><\/div>\n        <\/div>\n    <\/article><article class=\"eael-grid-post  eael-post-grid-column eael-pg-post-2997 category-exitos\" data-id=\"2997\">\n        <div class=\"eael-grid-post-holder\">\n            <div class=\"eael-grid-post-holder-inner\"><div class=\"eael-entry-media\"><div class=\"eael-entry-overlay fade-in\"><i class=\"far fa-hand-pointer\" aria-hidden=\"true\"><\/i><a href=\"https:\/\/soymigrante.com\/revista\/espiritualidad-maya-kaqchiqel-tambien-es-migrante-en-new-jersey\/\"><\/a><\/div><div class=\"eael-entry-thumbnail \">\n                <img loading=\"lazy\" decoding=\"async\" width=\"805\" height=\"558\" src=\"https:\/\/soymigrante.com\/revista\/wp-content\/uploads\/2023\/10\/efren.webp\" class=\"attachment-large size-large wp-image-2999\" alt=\"\" srcset=\"https:\/\/soymigrante.com\/revista\/wp-content\/uploads\/2023\/10\/efren.webp 805w, https:\/\/soymigrante.com\/revista\/wp-content\/uploads\/2023\/10\/efren-300x208.webp 300w, https:\/\/soymigrante.com\/revista\/wp-content\/uploads\/2023\/10\/efren-768x532.webp 768w, https:\/\/soymigrante.com\/revista\/wp-content\/uploads\/2023\/10\/efren-750x520.webp 750w\" sizes=\"(max-width: 805px) 100vw, 805px\" \/>\n            <\/div>\n        <\/div><div class=\"eael-entry-wrapper\"><header class=\"eael-entry-header\"><h2 class=\"eael-entry-title\"><a class=\"eael-grid-post-link\" href=\"https:\/\/soymigrante.com\/revista\/espiritualidad-maya-kaqchiqel-tambien-es-migrante-en-new-jersey\/\" title=\"Espiritualidad maya kaqchikel tambi\u00e9n es migrante en New Jersey junto a Efr\u00e9n Mej\u00eda\">Espiritualidad maya kaqchikel tambi\u00e9n es migrante en New Jersey junto a Efr\u00e9n Mej\u00eda<\/a><\/h2><\/header><div class=\"eael-entry-content\">\n                        <div class=\"eael-grid-post-excerpt\"><a href=\"https:\/\/soymigrante.com\/revista\/espiritualidad-maya-kaqchiqel-tambien-es-migrante-en-new-jersey\/\" class=\"eael-post-elements-readmore-btn\">CONOCE SU HISTORIA <\/a><\/div>\n                    <\/div><\/div><\/div>\n        <\/div>\n    <\/article><\/div>\n            <div class=\"clearfix\"><\/div>\n        <\/div>\t\t\t\t<\/div>\n\t\t\t\t\t<\/div>\n\t\t\t\t<\/div>\n\t\t\t\t<\/div>\n\t\t","protected":false},"excerpt":{"rendered":"<p>El r\u00edo Selegua o llamado tambi\u00e9n Zaculeu y la aldea del mismo nombre, rodean este sitio arqueol\u00f3gico y hacen de esta ciudad postcl\u00e1sica una zona geogr\u00e1fica especial para los Mam. Zaculeu es un testimonio de tiempos esplendorosos de la cultura maya Mam. Un conjunto de templos, \u00e1reas ceremoniales y juegos de pelota que deslumbran a [&hellip;]<\/p>\n","protected":false},"author":23,"featured_media":8887,"comment_status":"open","ping_status":"open","sticky":false,"template":"","format":"standard","meta":{"_acf_changed":false,"_eb_attr":"","footnotes":""},"categories":[58],"tags":[],"class_list":["post-8882","post","type-post","status-publish","format-standard","has-post-thumbnail","hentry","category-guate-nuestra"],"acf":[],"aioseo_notices":[],"aioseo_head":"\n\t\t<!-- All in One SEO Pro 4.9.6.2 - aioseo.com -->\n\t<meta name=\"description\" content=\"Padre, hijo, nieto, esposo y sobre todo guatemalteco originario de San Mart\u00edn Jilotepeque, Chimaltenango, el migrante Efren Mej\u00eda, radicado en New Jersey promueve los valores de la cultura maya k&#039;aqchiq&#039;el Migrante con ra\u00edz de identidad El fuego encendido. Un gu\u00eda espiritual eleva oraciones al Coraz\u00f3n del Cielo. Incienso, velas Parece una ceremonia maya en alg\u00fan\" \/>\n\t<meta name=\"robots\" content=\"max-snippet:-1, max-image-preview:large, max-video-preview:-1\" \/>\n\t<meta name=\"author\" content=\"Beatriz Tercero\"\/>\n\t<link rel=\"canonical\" href=\"https:\/\/soymigrante.com\/revista\/zaculeu-antigua-capital-mam-no-deja-de-sorprender\/\" \/>\n\t<meta name=\"generator\" content=\"All in One SEO Pro (AIOSEO) 4.9.6.2\" \/>\n\n\t\t<link rel=\"preconnect\" href=\"https:\/\/fonts.googleapis.com\" crossorigin>\n<link rel=\"preconnect\" href=\"https:\/\/fonts.gstatic.com\" crossorigin>\n\t\t<meta property=\"og:locale\" content=\"es_ES\" \/>\n\t\t<meta property=\"og:site_name\" content=\"SoyMigrante.com REVISTA \u2013 Nuestra misi\u00f3n es reconocer y dignificar al migrante.\" \/>\n\t\t<meta property=\"og:type\" content=\"article\" \/>\n\t\t<meta property=\"og:title\" content=\"Zaculeu, capital del se\u00f1or\u00edo Mam sigue deslumbrando\" \/>\n\t\t<meta property=\"og:description\" content=\"El r\u00edo Selegua y la aldea del mismo nombre, rodean este sitio arqueol\u00f3gico y hacen de esta ciudad postcl\u00e1sica emblema de la cultura Mam.\" \/>\n\t\t<meta property=\"og:url\" content=\"https:\/\/soymigrante.com\/revista\/zaculeu-antigua-capital-mam-no-deja-de-sorprender\/\" \/>\n\t\t<meta property=\"og:image\" content=\"https:\/\/soymigrante.com\/revista\/wp-content\/uploads\/2024\/09\/Zaculue2.webp\" \/>\n\t\t<meta property=\"og:image:secure_url\" content=\"https:\/\/soymigrante.com\/revista\/wp-content\/uploads\/2024\/09\/Zaculue2.webp\" \/>\n\t\t<meta property=\"og:image:width\" content=\"1080\" \/>\n\t\t<meta property=\"og:image:height\" content=\"1080\" \/>\n\t\t<meta property=\"article:published_time\" content=\"2024-09-10T20:13:56+00:00\" \/>\n\t\t<meta property=\"article:modified_time\" content=\"2024-09-10T20:20:03+00:00\" \/>\n\t\t<meta property=\"article:publisher\" content=\"https:\/\/www.facebook.com\/soymigrantecom\" \/>\n\t\t<meta name=\"twitter:card\" content=\"summary_large_image\" \/>\n\t\t<meta name=\"twitter:site\" content=\"@SoyMigrante_com\" \/>\n\t\t<meta name=\"twitter:title\" content=\"Zaculeu, capital del se\u00f1or\u00edo Mam sigue deslumbrando\" \/>\n\t\t<meta name=\"twitter:description\" content=\"El r\u00edo Selegua y la aldea del mismo nombre, rodean este sitio arqueol\u00f3gico y hacen de esta ciudad postcl\u00e1sica emblema de la cultura Mam.\" \/>\n\t\t<meta name=\"twitter:creator\" content=\"@SoyMigrante_com\" \/>\n\t\t<meta name=\"twitter:image\" content=\"https:\/\/soymigrante.com\/revista\/wp-content\/uploads\/2024\/09\/Zaculue2.webp\" \/>\n\t\t<!-- All in One SEO Pro -->\r\n\t\t<title>Zaculeu, capital del se\u00f1or\u00edo Mam sigue deslumbrando<\/title>\n\n","aioseo_head_json":{"title":"Zaculeu, capital del se\u00f1or\u00edo Mam sigue deslumbrando","description":"El r\u00edo Selegua y la aldea del mismo nombre, rodean este sitio arqueol\u00f3gico y hacen de esta ciudad postcl\u00e1sica emblema de la cultura Mam.","canonical_url":"https:\/\/soymigrante.com\/revista\/zaculeu-antigua-capital-mam-no-deja-de-sorprender\/","robots":"max-snippet:-1, max-image-preview:large, max-video-preview:-1","keywords":"","webmasterTools":{"miscellaneous":"&lt;link rel=\"preconnect\" href=\"https:\/\/fonts.googleapis.com\" crossorigin&gt;\n&lt;link rel=\"preconnect\" href=\"https:\/\/fonts.gstatic.com\" crossorigin&gt;"},"schema":null,"og:locale":"es_ES","og:site_name":"SoyMigrante.com REVISTA \u2013 Nuestra misi\u00f3n es reconocer y dignificar al migrante.","og:type":"article","og:title":"Zaculeu, capital del se\u00f1or\u00edo Mam sigue deslumbrando","og:description":"El r\u00edo Selegua y la aldea del mismo nombre, rodean este sitio arqueol\u00f3gico y hacen de esta ciudad postcl\u00e1sica emblema de la cultura Mam.","og:url":"https:\/\/soymigrante.com\/revista\/zaculeu-antigua-capital-mam-no-deja-de-sorprender\/","og:image":"https:\/\/soymigrante.com\/revista\/wp-content\/uploads\/2024\/09\/Zaculue2.webp","og:image:secure_url":"https:\/\/soymigrante.com\/revista\/wp-content\/uploads\/2024\/09\/Zaculue2.webp","og:image:width":1080,"og:image:height":1080,"article:published_time":"2024-09-10T20:13:56+00:00","article:modified_time":"2024-09-10T20:20:03+00:00","article:publisher":"https:\/\/www.facebook.com\/soymigrantecom","twitter:card":"summary_large_image","twitter:site":"@SoyMigrante_com","twitter:title":"Zaculeu, capital del se\u00f1or\u00edo Mam sigue deslumbrando","twitter:description":"El r\u00edo Selegua y la aldea del mismo nombre, rodean este sitio arqueol\u00f3gico y hacen de esta ciudad postcl\u00e1sica emblema de la cultura Mam.","twitter:creator":"@SoyMigrante_com","twitter:image":"https:\/\/soymigrante.com\/revista\/wp-content\/uploads\/2024\/09\/Zaculue2.webp"},"aioseo_meta_data":{"post_id":"8882","title":"Zaculeu, capital del se\u00f1or\u00edo Mam sigue deslumbrando","description":"El r\u00edo Selegua y la aldea del mismo nombre, rodean este sitio arqueol\u00f3gico y hacen de esta ciudad postcl\u00e1sica emblema de la cultura Mam.","keywords":null,"keyphrases":{"focus":{"keyphrase":"Zaculeu","score":82,"analysis":{"keyphraseInTitle":{"score":9,"maxScore":9,"error":0},"keyphraseInDescription":{"score":3,"maxScore":9,"error":1},"keyphraseLength":{"score":9,"maxScore":9,"error":0,"length":1},"keyphraseInURL":{"score":5,"maxScore":5,"error":0},"keyphraseInIntroduction":{"score":9,"maxScore":9,"error":0},"keyphraseInSubHeadings":{"score":3,"maxScore":9,"error":1},"keyphraseInImageAlt":{"score":9,"maxScore":9,"error":0},"keywordDensity":{"type":"best","score":9,"maxScore":9,"error":0}}},"additional":[{"keyphrase":"Maya","score":53,"analysis":{"keyphraseInDescription":{"score":3,"maxScore":9,"error":1},"keyphraseLength":{"score":9,"maxScore":9,"error":0,"length":1},"keyphraseInIntroduction":{"score":3,"maxScore":9,"error":1},"keyphraseInImageAlt":{"score":9,"maxScore":9,"error":0},"keywordDensity":{"score":0,"type":"low","maxScore":9,"error":1}}},{"keyphrase":"Huehuetenango","score":40,"analysis":{"keyphraseInDescription":{"score":3,"maxScore":9,"error":1},"keyphraseLength":{"score":9,"maxScore":9,"error":0,"length":1},"keyphraseInIntroduction":{"score":3,"maxScore":9,"error":1},"keyphraseInImageAlt":{"score":3,"maxScore":9,"error":1},"keywordDensity":{"score":0,"type":"low","maxScore":9,"error":1}}},{"keyphrase":"patrimonio","score":40,"analysis":{"keyphraseInDescription":{"score":3,"maxScore":9,"error":1},"keyphraseLength":{"score":9,"maxScore":9,"error":0,"length":1},"keyphraseInIntroduction":{"score":3,"maxScore":9,"error":1},"keyphraseInImageAlt":{"score":3,"maxScore":9,"error":1},"keywordDensity":{"score":0,"type":"low","maxScore":9,"error":1}}}]},"primary_term":null,"canonical_url":null,"og_title":null,"og_description":null,"og_object_type":"default","og_image_type":"default","og_image_url":null,"og_image_width":null,"og_image_height":null,"og_image_custom_url":null,"og_image_custom_fields":null,"og_video":"","og_custom_url":null,"og_article_section":null,"og_article_tags":null,"twitter_use_og":false,"twitter_card":"default","twitter_image_type":"default","twitter_image_url":null,"twitter_image_custom_url":null,"twitter_image_custom_fields":null,"twitter_title":null,"twitter_description":null,"schema":{"blockGraphs":[],"customGraphs":[],"default":{"data":{"Article":[],"Course":[],"Dataset":[],"FAQPage":[],"Movie":[],"Person":[],"Product":[],"ProductReview":[],"Car":[],"Recipe":[],"Service":[],"SoftwareApplication":[],"WebPage":[]},"graphName":"Article","isEnabled":true},"graphs":[]},"schema_type":"default","schema_type_options":null,"pillar_content":false,"robots_default":true,"robots_noindex":false,"robots_noarchive":false,"robots_nosnippet":false,"robots_nofollow":false,"robots_noimageindex":false,"robots_noodp":false,"robots_notranslate":false,"robots_max_snippet":"-1","robots_max_videopreview":"-1","robots_max_imagepreview":"large","priority":null,"frequency":"default","local_seo":null,"seo_analyzer_scan_date":"2025-10-08 23:00:10","breadcrumb_settings":null,"limit_modified_date":false,"reviewed_by":null,"open_ai":"{\"title\":{\"suggestions\":[],\"usage\":0},\"description\":{\"suggestions\":[],\"usage\":0}}","ai":null,"created":"2024-09-06 17:05:03","updated":"2026-02-04 12:58:44"},"aioseo_breadcrumb":"<div class=\"aioseo-breadcrumbs\"><span class=\"aioseo-breadcrumb\">\n\t<a href=\"https:\/\/soymigrante.com\/revista\" title=\"Home\">Home<\/a>\n<\/span><span class=\"aioseo-breadcrumb-separator\">\u00bb<\/span><span class=\"aioseo-breadcrumb\">\n\t<a href=\"https:\/\/soymigrante.com\/revista\/category\/guate-nuestra\/\" title=\"Guate Nuestra\">Guate Nuestra<\/a>\n<\/span><span class=\"aioseo-breadcrumb-separator\">\u00bb<\/span><span class=\"aioseo-breadcrumb\">\n\tZaculeu, antigua capital Mam no deja de sorprender\n<\/span><\/div>","aioseo_breadcrumb_json":[{"label":"Home","link":"https:\/\/soymigrante.com\/revista"},{"label":"Guate Nuestra","link":"https:\/\/soymigrante.com\/revista\/category\/guate-nuestra\/"},{"label":"Zaculeu, antigua capital Mam no deja de sorprender","link":"https:\/\/soymigrante.com\/revista\/zaculeu-antigua-capital-mam-no-deja-de-sorprender\/"}],"_links":{"self":[{"href":"https:\/\/soymigrante.com\/revista\/wp-json\/wp\/v2\/posts\/8882","targetHints":{"allow":["GET"]}}],"collection":[{"href":"https:\/\/soymigrante.com\/revista\/wp-json\/wp\/v2\/posts"}],"about":[{"href":"https:\/\/soymigrante.com\/revista\/wp-json\/wp\/v2\/types\/post"}],"author":[{"embeddable":true,"href":"https:\/\/soymigrante.com\/revista\/wp-json\/wp\/v2\/users\/23"}],"replies":[{"embeddable":true,"href":"https:\/\/soymigrante.com\/revista\/wp-json\/wp\/v2\/comments?post=8882"}],"version-history":[{"count":0,"href":"https:\/\/soymigrante.com\/revista\/wp-json\/wp\/v2\/posts\/8882\/revisions"}],"wp:featuredmedia":[{"embeddable":true,"href":"https:\/\/soymigrante.com\/revista\/wp-json\/wp\/v2\/media\/8887"}],"wp:attachment":[{"href":"https:\/\/soymigrante.com\/revista\/wp-json\/wp\/v2\/media?parent=8882"}],"wp:term":[{"taxonomy":"category","embeddable":true,"href":"https:\/\/soymigrante.com\/revista\/wp-json\/wp\/v2\/categories?post=8882"},{"taxonomy":"post_tag","embeddable":true,"href":"https:\/\/soymigrante.com\/revista\/wp-json\/wp\/v2\/tags?post=8882"}],"curies":[{"name":"wp","href":"https:\/\/api.w.org\/{rel}","templated":true}]}}