{"id":8856,"date":"2024-09-20T11:20:47","date_gmt":"2024-09-20T17:20:47","guid":{"rendered":"https:\/\/soymigrante.com\/revista\/?p=8856"},"modified":"2024-10-02T14:36:57","modified_gmt":"2024-10-02T20:36:57","slug":"el-pueblo-kaqchikel-abarca-a-1-millon-68-mil-guatemaltecos","status":"publish","type":"post","link":"https:\/\/soymigrante.com\/revista\/el-pueblo-kaqchikel-abarca-a-1-millon-68-mil-guatemaltecos\/","title":{"rendered":"El pueblo Kaqchikel abarca a 1 mill\u00f3n 68 mil guatemaltecos"},"content":{"rendered":"\t\t<div data-elementor-type=\"wp-post\" data-elementor-id=\"8856\" class=\"elementor elementor-8856\" data-elementor-post-type=\"post\">\n\t\t\t\t<div data-particle_enable=\"false\" data-particle-mobile-disabled=\"false\" class=\"elementor-element elementor-element-c17c5e9 e-flex e-con-boxed e-con e-parent\" data-id=\"c17c5e9\" data-element_type=\"container\" data-e-type=\"container\">\n\t\t\t\t\t<div class=\"e-con-inner\">\n\t\t\t\t<div class=\"elementor-element elementor-element-e92446c elementor-widget elementor-widget-heading\" data-id=\"e92446c\" data-element_type=\"widget\" data-e-type=\"widget\" data-widget_type=\"heading.default\">\n\t\t\t\t\t<h2 class=\"elementor-heading-title elementor-size-default\">La palabra kaqchikel se origina de los vocablos: \u201ckaq\u201d que significa color rojo; \u201cchi\u201d autoridad, b\u00e1culo, idioma o boca y \u201ckel\u201d, grupo de personas con identidad y autonom\u00eda, seg\u00fan ling\u00fcistas e historiadores.\n\n<\/h2>\t\t\t\t<\/div>\n\t\t\t\t\t<\/div>\n\t\t\t\t<\/div>\n\t\t<div data-particle_enable=\"false\" data-particle-mobile-disabled=\"false\" class=\"elementor-element elementor-element-17eff9d e-flex e-con-boxed e-con e-parent\" data-id=\"17eff9d\" data-element_type=\"container\" data-e-type=\"container\">\n\t\t\t\t\t<div class=\"e-con-inner\">\n\t\t\t\t<div class=\"elementor-element elementor-element-c840799 elementor-widget elementor-widget-text-editor\" data-id=\"c840799\" data-element_type=\"widget\" data-e-type=\"widget\" data-widget_type=\"text-editor.default\">\n\t\t\t\t\t\t\t\t\t<p>El nombre de la comunidad kaqchikel se registra en el \u201cMemorial de Tecp\u00e1n Atitl\u00e1n\u201d, manuscrito elaborado a mediados del siglo XVI con caracteres latinos. Cita: \u201cFue pues, un \u00e1rbol rojo nuestro bord\u00f3n de donde tomamos al pasar de la puerta de Tul\u00e1n, y por ese motivo nos llamaron gente\u00a0<a href=\"https:\/\/soymigrante.com\/revista\/recetas-chapinas-subanik-comida-ceremonial-de-los-reyes\/\" target=\"_blank\" rel=\"noopener\">kaqchikel<\/a>. \u00a1Oh hijos m\u00edos! Dijeron Q\u2019aq\u2019awitz y Saqtekaw.\u00a0<\/p><p>La parte de ese \u00e1rbol, nuestro b\u00e1culo, fue introducido en la arena del mar y pronto el mar se separ\u00f3 de la arena, y para esto sirvi\u00f3 el \u00e1rbol que trajimos de Tul\u00e1n\u201d.<\/p><p><span style=\"color: var( --e-global-color-text );text-align: var(--text-align)\">En los Anales de los Caqchikeles se menciona que una ciudad llamada Tul\u00e1n fue el punto de partida del cual emigr\u00f3 esta comunidad \u00e9tnica, rumbo al <a href=\"https:\/\/soymigrante.com\/revista\/frontera-de-ee-uu-y-mexico-considerada-la-mas-peligrosa-del-mundo\/\">sur de M\u00e9xico<\/a> y Guatemala. Este lugar se ha identificado, en los tiempos modernos, con la Tula del estado de Hidalgo, donde existen las ruinas de la capital de Quetzalcoatl, rey de la naci\u00f3n tolteca.<\/span><\/p><div>\u00a0<\/div>\t\t\t\t\t\t\t\t<\/div>\n\t\t\t\t\t<\/div>\n\t\t\t\t<\/div>\n\t\t<div data-particle_enable=\"false\" data-particle-mobile-disabled=\"false\" class=\"elementor-element elementor-element-f348a56 e-flex e-con-boxed e-con e-parent\" data-id=\"f348a56\" data-element_type=\"container\" data-e-type=\"container\">\n\t\t\t\t\t<div class=\"e-con-inner\">\n\t\t\t\t<div class=\"elementor-element elementor-element-7bbe129 elementor-widget elementor-widget-video\" data-id=\"7bbe129\" data-element_type=\"widget\" data-e-type=\"widget\" data-settings=\"{&quot;youtube_url&quot;:&quot;https:\\\/\\\/youtu.be\\\/pfsoo1gQE1I&quot;,&quot;video_type&quot;:&quot;youtube&quot;,&quot;controls&quot;:&quot;yes&quot;}\" data-widget_type=\"video.default\">\n\t\t\t\t\t\t\t<div class=\"elementor-wrapper elementor-open-inline\">\n\t\t\t<div class=\"elementor-video\"><\/div>\t\t<\/div>\n\t\t\t\t\t\t<\/div>\n\t\t\t\t\t<\/div>\n\t\t\t\t<\/div>\n\t\t<div data-particle_enable=\"false\" data-particle-mobile-disabled=\"false\" class=\"elementor-element elementor-element-6d63710 e-flex e-con-boxed e-con e-parent\" data-id=\"6d63710\" data-element_type=\"container\" data-e-type=\"container\">\n\t\t\t\t\t<div class=\"e-con-inner\">\n\t\t\t\t<div class=\"elementor-element elementor-element-30e8a0b elementor-widget elementor-widget-heading\" data-id=\"30e8a0b\" data-element_type=\"widget\" data-e-type=\"widget\" data-widget_type=\"heading.default\">\n\t\t\t\t\t<h3 class=\"elementor-heading-title elementor-size-default\">Territorio kaqchikel<\/h3>\t\t\t\t<\/div>\n\t\t\t\t\t<\/div>\n\t\t\t\t<\/div>\n\t\t<div data-particle_enable=\"false\" data-particle-mobile-disabled=\"false\" class=\"elementor-element elementor-element-8482f9c e-flex e-con-boxed e-con e-parent\" data-id=\"8482f9c\" data-element_type=\"container\" data-e-type=\"container\">\n\t\t\t\t\t<div class=\"e-con-inner\">\n\t\t\t\t<div class=\"elementor-element elementor-element-eabbb0e elementor-widget elementor-widget-text-editor\" data-id=\"eabbb0e\" data-element_type=\"widget\" data-e-type=\"widget\" data-widget_type=\"text-editor.default\">\n\t\t\t\t\t\t\t\t\t<p>Esta \u00e1rea no ha variado significativamente desde el siglo XVI, excepto que en la actualidad adem\u00e1s se habla el castellano. Integran la regi\u00f3n kaqchikel 52 municipios de varios departamentos de Guatemala:<\/p><p>\u00a0<\/p>\t\t\t\t\t\t\t\t<\/div>\n\t\t\t\t\t<\/div>\n\t\t\t\t<\/div>\n\t\t<div data-particle_enable=\"false\" data-particle-mobile-disabled=\"false\" class=\"elementor-element elementor-element-c9e4632 e-flex e-con-boxed e-con e-parent\" data-id=\"c9e4632\" data-element_type=\"container\" data-e-type=\"container\">\n\t\t\t\t\t<div class=\"e-con-inner\">\n\t\t\t\t<div class=\"elementor-element elementor-element-6c89fc2 elementor-tabs-view-vertical elementor-widget__width-inherit elementor-invisible elementor-widget elementor-widget-tabs\" data-id=\"6c89fc2\" data-element_type=\"widget\" data-e-type=\"widget\" data-settings=\"{&quot;_animation&quot;:&quot;fadeInRight&quot;}\" data-widget_type=\"tabs.default\">\n\t\t\t\t\t\t\t<div class=\"elementor-tabs\">\n\t\t\t<div class=\"elementor-tabs-wrapper\" role=\"tablist\" >\n\t\t\t\t\t\t\t\t\t<div id=\"elementor-tab-title-1131\" class=\"elementor-tab-title elementor-tab-desktop-title\" aria-selected=\"true\" data-tab=\"1\" role=\"tab\" tabindex=\"0\" aria-controls=\"elementor-tab-content-1131\" aria-expanded=\"false\">Guatemala<\/div>\n\t\t\t\t\t\t\t\t\t<div id=\"elementor-tab-title-1132\" class=\"elementor-tab-title elementor-tab-desktop-title\" aria-selected=\"false\" data-tab=\"2\" role=\"tab\" tabindex=\"-1\" aria-controls=\"elementor-tab-content-1132\" aria-expanded=\"false\">Sacatep\u00e9quez<\/div>\n\t\t\t\t\t\t\t\t\t<div id=\"elementor-tab-title-1133\" class=\"elementor-tab-title elementor-tab-desktop-title\" aria-selected=\"false\" data-tab=\"3\" role=\"tab\" tabindex=\"-1\" aria-controls=\"elementor-tab-content-1133\" aria-expanded=\"false\">Chimaltenango<\/div>\n\t\t\t\t\t\t\t\t\t<div id=\"elementor-tab-title-1134\" class=\"elementor-tab-title elementor-tab-desktop-title\" aria-selected=\"false\" data-tab=\"4\" role=\"tab\" tabindex=\"-1\" aria-controls=\"elementor-tab-content-1134\" aria-expanded=\"false\">Baja Verapaz<\/div>\n\t\t\t\t\t\t\t\t\t<div id=\"elementor-tab-title-1135\" class=\"elementor-tab-title elementor-tab-desktop-title\" aria-selected=\"false\" data-tab=\"5\" role=\"tab\" tabindex=\"-1\" aria-controls=\"elementor-tab-content-1135\" aria-expanded=\"false\">Solol\u00e1<\/div>\n\t\t\t\t\t\t\t\t\t<div id=\"elementor-tab-title-1136\" class=\"elementor-tab-title elementor-tab-desktop-title\" aria-selected=\"false\" data-tab=\"6\" role=\"tab\" tabindex=\"-1\" aria-controls=\"elementor-tab-content-1136\" aria-expanded=\"false\">Escuintla<\/div>\n\t\t\t\t\t\t\t\t\t<div id=\"elementor-tab-title-1137\" class=\"elementor-tab-title elementor-tab-desktop-title\" aria-selected=\"false\" data-tab=\"7\" role=\"tab\" tabindex=\"-1\" aria-controls=\"elementor-tab-content-1137\" aria-expanded=\"false\">Suchitep\u00e9quez<\/div>\n\t\t\t\t\t\t\t<\/div>\n\t\t\t<div class=\"elementor-tabs-content-wrapper\" role=\"tablist\" aria-orientation=\"vertical\">\n\t\t\t\t\t\t\t\t\t<div class=\"elementor-tab-title elementor-tab-mobile-title\" aria-selected=\"true\" data-tab=\"1\" role=\"tab\" tabindex=\"0\" aria-controls=\"elementor-tab-content-1131\" aria-expanded=\"false\">Guatemala<\/div>\n\t\t\t\t\t<div id=\"elementor-tab-content-1131\" class=\"elementor-tab-content elementor-clearfix\" data-tab=\"1\" role=\"tabpanel\" aria-labelledby=\"elementor-tab-title-1131\" tabindex=\"0\" hidden=\"false\"><p>1- Chuarrancho<br \/>2- San Raymundo<br \/>3- San Pedro Ayampuc<br \/>4- San Pedro Sacatep\u00e9quez<br \/>5- San Juan Sacatep\u00e9quez<\/p><\/div>\n\t\t\t\t\t\t\t\t\t<div class=\"elementor-tab-title elementor-tab-mobile-title\" aria-selected=\"false\" data-tab=\"2\" role=\"tab\" tabindex=\"-1\" aria-controls=\"elementor-tab-content-1132\" aria-expanded=\"false\">Sacatep\u00e9quez<\/div>\n\t\t\t\t\t<div id=\"elementor-tab-content-1132\" class=\"elementor-tab-content elementor-clearfix\" data-tab=\"2\" role=\"tabpanel\" aria-labelledby=\"elementor-tab-title-1132\" tabindex=\"0\" hidden=\"hidden\"><h6>6- Santo Domingo Xenacoj<br \/>7- Santiago Sacatep\u00e9quez<br \/>8- San Lucas Sacatep\u00e9quez<br \/>9- Sumpango<br \/>10- Jocotenango<br \/>11- San Bartolom\u00e9 Milpas Altas<br \/>12- Alotenango<br \/>13- Pastores<br \/>14- San Miguel Due\u00f1as<br \/>15- Santa Mar\u00eda de Jes\u00fas<br \/>16- Santa Catarina Barahona<br \/>17- Santa Luc\u00eda Milpas Altas<br \/>18- San Antonio Aguas Calientes<br \/>19- Magdalena Milpas Altas<br \/>20- Ciudad Vieja<br \/>21- Antigua Guatemala<\/h6><\/div>\n\t\t\t\t\t\t\t\t\t<div class=\"elementor-tab-title elementor-tab-mobile-title\" aria-selected=\"false\" data-tab=\"3\" role=\"tab\" tabindex=\"-1\" aria-controls=\"elementor-tab-content-1133\" aria-expanded=\"false\">Chimaltenango<\/div>\n\t\t\t\t\t<div id=\"elementor-tab-content-1133\" class=\"elementor-tab-content elementor-clearfix\" data-tab=\"3\" role=\"tabpanel\" aria-labelledby=\"elementor-tab-title-1133\" tabindex=\"0\" hidden=\"hidden\"><p>22- Tecp\u00e1n Guatemala<br \/>23- Santa Apolonia<br \/>24- San Jos\u00e9 Poaquil<br \/>25- San Mar\u00edn Jilotepeque<br \/>26- San Bernardino Patz\u00fan<br \/>27- San Juan Comalapa<br \/>28- Chimaltenango cabecera<br \/>29- Santa Cruz Balany\u00e1<br \/>30- Zaragoza<br \/>31- El Tejar<br \/>32- Santiago Patizic\u00eda<br \/>33- Pochuta<br \/>34- Acatenango<br \/>35- San Andr\u00e9s Itzapa<br \/>36- Santos Inocentes de Parramos<br \/>37- Yepocapa.<\/p><\/div>\n\t\t\t\t\t\t\t\t\t<div class=\"elementor-tab-title elementor-tab-mobile-title\" aria-selected=\"false\" data-tab=\"4\" role=\"tab\" tabindex=\"-1\" aria-controls=\"elementor-tab-content-1134\" aria-expanded=\"false\">Baja Verapaz<\/div>\n\t\t\t\t\t<div id=\"elementor-tab-content-1134\" class=\"elementor-tab-content elementor-clearfix\" data-tab=\"4\" role=\"tabpanel\" aria-labelledby=\"elementor-tab-title-1134\" tabindex=\"0\" hidden=\"hidden\"><p>38- Granados<br \/>39- El Chol<br \/><br \/><\/p><\/div>\n\t\t\t\t\t\t\t\t\t<div class=\"elementor-tab-title elementor-tab-mobile-title\" aria-selected=\"false\" data-tab=\"5\" role=\"tab\" tabindex=\"-1\" aria-controls=\"elementor-tab-content-1135\" aria-expanded=\"false\">Solol\u00e1<\/div>\n\t\t\t\t\t<div id=\"elementor-tab-content-1135\" class=\"elementor-tab-content elementor-clearfix\" data-tab=\"5\" role=\"tabpanel\" aria-labelledby=\"elementor-tab-title-1135\" tabindex=\"0\" hidden=\"hidden\"><p>40- San Marcos la Laguna<br \/>41- Panajachel<br \/>42- San Jos\u00e9 Chacay\u00e1<br \/>43- Santa Cruz la Laguna<br \/>44- Concepci\u00f3n<br \/>45- Santa Catarina Palop\u00f3<br \/>46- San Lucas Tolim\u00e1n<br \/>47- Solol\u00e1 cabecera<br \/>48- San Andr\u00e9s Semetabaj<\/p><\/div>\n\t\t\t\t\t\t\t\t\t<div class=\"elementor-tab-title elementor-tab-mobile-title\" aria-selected=\"false\" data-tab=\"6\" role=\"tab\" tabindex=\"-1\" aria-controls=\"elementor-tab-content-1136\" aria-expanded=\"false\">Escuintla<\/div>\n\t\t\t\t\t<div id=\"elementor-tab-content-1136\" class=\"elementor-tab-content elementor-clearfix\" data-tab=\"6\" role=\"tabpanel\" aria-labelledby=\"elementor-tab-title-1136\" tabindex=\"0\" hidden=\"hidden\"><p>49- Santa Luc\u00eda Cotzumalguapa<\/p><\/div>\n\t\t\t\t\t\t\t\t\t<div class=\"elementor-tab-title elementor-tab-mobile-title\" aria-selected=\"false\" data-tab=\"7\" role=\"tab\" tabindex=\"-1\" aria-controls=\"elementor-tab-content-1137\" aria-expanded=\"false\">Suchitep\u00e9quez<\/div>\n\t\t\t\t\t<div id=\"elementor-tab-content-1137\" class=\"elementor-tab-content elementor-clearfix\" data-tab=\"7\" role=\"tabpanel\" aria-labelledby=\"elementor-tab-title-1137\" tabindex=\"0\" hidden=\"hidden\"><p>50- San Antonio Suchitep\u00e9quez<br \/>51- San Juan Bautista,<br \/>52- Patulul.<\/p><\/div>\n\t\t\t\t\t\t\t<\/div>\n\t\t<\/div>\n\t\t\t\t\t\t<\/div>\n\t\t\t\t\t<\/div>\n\t\t\t\t<\/div>\n\t\t<div data-particle_enable=\"false\" data-particle-mobile-disabled=\"false\" class=\"elementor-element elementor-element-5e50b98 e-flex e-con-boxed e-con e-parent\" data-id=\"5e50b98\" data-element_type=\"container\" data-e-type=\"container\">\n\t\t\t\t\t<div class=\"e-con-inner\">\n\t\t\t\t<div class=\"elementor-element elementor-element-7914dbe elementor-widget elementor-widget-text-editor\" data-id=\"7914dbe\" data-element_type=\"widget\" data-e-type=\"widget\" data-widget_type=\"text-editor.default\">\n\t\t\t\t\t\t\t\t\t<p>La regi\u00f3n kaqchikel ocupa una extensi\u00f3n territorial de 4,537 kil\u00f3metros cuadrados.<\/p><p>Poblaci\u00f3n aproximada: 1 mill\u00f3n 068 mil 356<\/p>\t\t\t\t\t\t\t\t<\/div>\n\t\t\t\t\t<\/div>\n\t\t\t\t<\/div>\n\t\t<div data-particle_enable=\"false\" data-particle-mobile-disabled=\"false\" class=\"elementor-element elementor-element-76c3002 e-flex e-con-boxed e-con e-parent\" data-id=\"76c3002\" data-element_type=\"container\" data-e-type=\"container\">\n\t\t\t\t\t<div class=\"e-con-inner\">\n\t\t\t\t<div class=\"elementor-element elementor-element-3896045 elementor-widget elementor-widget-image\" data-id=\"3896045\" data-element_type=\"widget\" data-e-type=\"widget\" data-widget_type=\"image.default\">\n\t\t\t\t\t\t\t\t\t\t\t\t<figure class=\"wp-caption\">\n\t\t\t\t\t\t\t\t\t\t<img fetchpriority=\"high\" decoding=\"async\" width=\"768\" height=\"573\" src=\"https:\/\/soymigrante.com\/revista\/wp-content\/uploads\/2024\/09\/mapa-Linguistico-KAQCHIKEL-Ministerio-de-Educacion.webp\" class=\"attachment-large size-large wp-image-8860\" alt=\"Lengua ind\u00edgena mapa de Xink\u00e1 en el occidente de Honduras, importante para el estudio de las lenguas nativas en Centroam\u00e9rica.\" srcset=\"https:\/\/soymigrante.com\/revista\/wp-content\/uploads\/2024\/09\/mapa-Linguistico-KAQCHIKEL-Ministerio-de-Educacion.webp 795w, https:\/\/soymigrante.com\/revista\/wp-content\/uploads\/2024\/09\/mapa-Linguistico-KAQCHIKEL-Ministerio-de-Educacion-300x224.webp 300w, https:\/\/soymigrante.com\/revista\/wp-content\/uploads\/2024\/09\/mapa-Linguistico-KAQCHIKEL-Ministerio-de-Educacion-768x573.webp 768w, https:\/\/soymigrante.com\/revista\/wp-content\/uploads\/2024\/09\/mapa-Linguistico-KAQCHIKEL-Ministerio-de-Educacion-750x559.webp 750w\" sizes=\"(max-width: 768px) 100vw, 768px\" title=\"mapa Linguistico KAQCHIKEL Ministerio de Educaci\u00f3n \u2013 SoyMigrante.com REVISTA\" \/>\t\t\t\t\t\t\t\t\t\t\t<figcaption class=\"widget-image-caption wp-caption-text\">Pintura de la distribuci\u00f3n del idioma Xink\u00e1 en la regi\u00f3n occidental de Honduras, resaltando su importancia cultural y ling\u00fc\u00edstica para las comunidades ind\u00edgenas en Centroam\u00e9rica.<\/figcaption>\n\t\t\t\t\t\t\t\t\t\t<\/figure>\n\t\t\t\t\t\t\t\t\t<\/div>\n\t\t\t\t\t<\/div>\n\t\t\t\t<\/div>\n\t\t<div data-particle_enable=\"false\" data-particle-mobile-disabled=\"false\" class=\"elementor-element elementor-element-9093d7c e-flex e-con-boxed e-con e-parent\" data-id=\"9093d7c\" data-element_type=\"container\" data-e-type=\"container\">\n\t\t\t\t\t<div class=\"e-con-inner\">\n\t\t\t\t<div class=\"elementor-element elementor-element-60c0cce elementor-widget elementor-widget-text-editor\" data-id=\"60c0cce\" data-element_type=\"widget\" data-e-type=\"widget\" data-widget_type=\"text-editor.default\">\n\t\t\t\t\t\t\t\t\t<p>En Estados Unidos se registra presencia kaqchikel en:<\/p><p>1 Seattle, Washington<br \/>2 San Francisco,\u00a0<a href=\"https:\/\/soymigrante.com\/revista\/chapines-prefieren-california-vivir-trabajo-cuantos-guatemaltecos\/\" target=\"_blank\" rel=\"noopener\">California<\/a><br \/>3 San Bernardino, California<br \/>4 Phoenix, Arizona<br \/>5 Tucson, Arizona<br \/>6 Del R\u00edo, Texas<br \/>7 Mc Callen, Texas<br \/>8 Dallas, Texas<br \/>9 Houston, Texas<br \/>10 Oklahoma city<br \/>11 Chicago, Illinois<br \/>12\u00a0<a href=\"https:\/\/soymigrante.com\/revista\/consulado-de-guatemala-en-atlanta-hoarios-ubicacion\/\" target=\"_blank\" rel=\"noopener\">Atlanta<\/a>, Giorgia <br \/>13 Nashville, Tennessee<br \/>14 Riverhead,\u00a0<a href=\"https:\/\/soymigrante.com\/revista\/rosario-rodriguez-cineasta-guatemalteca-nueva-york\/\" target=\"_blank\" rel=\"noopener\">Nueva York<\/a><br \/>15 New York city<\/p>\t\t\t\t\t\t\t\t<\/div>\n\t\t\t\t\t<\/div>\n\t\t\t\t<\/div>\n\t\t<div data-particle_enable=\"false\" data-particle-mobile-disabled=\"false\" class=\"elementor-element elementor-element-e0a8586 e-flex e-con-boxed e-con e-parent\" data-id=\"e0a8586\" data-element_type=\"container\" data-e-type=\"container\">\n\t\t\t\t\t<div class=\"e-con-inner\">\n\t\t\t\t<div class=\"elementor-element elementor-element-e5d73c7 elementor-widget elementor-widget-image\" data-id=\"e5d73c7\" data-element_type=\"widget\" data-e-type=\"widget\" data-widget_type=\"image.default\">\n\t\t\t\t\t\t\t\t\t\t\t\t<figure class=\"wp-caption\">\n\t\t\t\t\t\t\t\t\t\t<img decoding=\"async\" width=\"768\" height=\"1073\" src=\"https:\/\/soymigrante.com\/revista\/wp-content\/uploads\/2024\/09\/1-Chuarrancho-Guatemala-768x1073.webp\" class=\"attachment-medium_large size-medium_large wp-image-8863\" alt=\"Artesan\u00eda y cultura ind\u00edgena en M\u00e9xico, mostrando mujeres con vestimentas tradicionales en un mercado local. Fotograf\u00eda que refleja la riqueza cultural y el legado de las comunidades ind\u00edgenas mexicanas.\" srcset=\"https:\/\/soymigrante.com\/revista\/wp-content\/uploads\/2024\/09\/1-Chuarrancho-Guatemala-768x1073.webp 768w, https:\/\/soymigrante.com\/revista\/wp-content\/uploads\/2024\/09\/1-Chuarrancho-Guatemala-215x300.webp 215w, https:\/\/soymigrante.com\/revista\/wp-content\/uploads\/2024\/09\/1-Chuarrancho-Guatemala-733x1024.webp 733w, https:\/\/soymigrante.com\/revista\/wp-content\/uploads\/2024\/09\/1-Chuarrancho-Guatemala-1099x1536.webp 1099w, https:\/\/soymigrante.com\/revista\/wp-content\/uploads\/2024\/09\/1-Chuarrancho-Guatemala-scaled.webp 1374w, https:\/\/soymigrante.com\/revista\/wp-content\/uploads\/2024\/09\/1-Chuarrancho-Guatemala-360x504.webp 360w, https:\/\/soymigrante.com\/revista\/wp-content\/uploads\/2024\/09\/1-Chuarrancho-Guatemala-750x1048.webp 750w, https:\/\/soymigrante.com\/revista\/wp-content\/uploads\/2024\/09\/1-Chuarrancho-Guatemala-1140x1593.webp 1140w\" sizes=\"(max-width: 768px) 100vw, 768px\" title=\"1- Chuarrancho Guatemala \u2013 SoyMigrante.com REVISTA\" \/>\t\t\t\t\t\t\t\t\t\t\t<figcaption class=\"widget-image-caption wp-caption-text\">Municipio de Chuarrancho, departamento de Guatemala. Foto: Acuarela de Carmen Pettersen<\/figcaption>\n\t\t\t\t\t\t\t\t\t\t<\/figure>\n\t\t\t\t\t\t\t\t\t<\/div>\n\t\t\t\t\t<\/div>\n\t\t\t\t<\/div>\n\t\t<div data-particle_enable=\"false\" data-particle-mobile-disabled=\"false\" class=\"elementor-element elementor-element-5448b45 e-flex e-con-boxed e-con e-parent\" data-id=\"5448b45\" data-element_type=\"container\" data-e-type=\"container\">\n\t\t\t\t\t<div class=\"e-con-inner\">\n\t\t\t\t<div class=\"elementor-element elementor-element-a44872f elementor-widget elementor-widget-text-editor\" data-id=\"a44872f\" data-element_type=\"widget\" data-e-type=\"widget\" data-widget_type=\"text-editor.default\">\n\t\t\t\t\t\t\t\t\t<p>Los kaqchikel se organizaban en cuatro \u201cchinamit\u201d \u00f3 \u201cchimitales\u201d que eran clanes o linajes, grupos organizados por parentesco en la sociedad prehisp\u00e1nicas, aunque para los investigadores el \u201cchinamit\u201d era un territorio en el que se viv\u00edan personas no necesariamente emparentadas entre s\u00ed.\u00a0<\/p><p>Estos eran: Sotz\u2019il, derivado del vocablo Sotz\u2019 que significa \u201cmurci\u00e9lago\u201d s\u00edmbolo de toda la etnia kaqchikel; el segundo linaje era Kaqchikel Xahil, la palabra kaqchikel deriva de \u201ckaqa\u00b4 \u201d que se traduce como color rojo y \u201cche\u201d, \u00e1rbol. Xahil, deriva de \u201cxah\u201d que se traduce como \u201cbailar\u201d, probablemente eran los encargados de las danzas sagradas; Tukuche\u2019 y Chajoma que en lengua n\u00e1hualt significa \u201clos de ocote\u201d \u00f3 Aqajal, que significa \u201clos de las colmenas\u201d.<\/p>\t\t\t\t\t\t\t\t<\/div>\n\t\t\t\t\t<\/div>\n\t\t\t\t<\/div>\n\t\t<div data-particle_enable=\"false\" data-particle-mobile-disabled=\"false\" class=\"elementor-element elementor-element-1da8890 e-flex e-con-boxed e-con e-parent\" data-id=\"1da8890\" data-element_type=\"container\" data-e-type=\"container\">\n\t\t\t\t\t<div class=\"e-con-inner\">\n\t\t\t\t<div class=\"elementor-element elementor-element-4576608 elementor-widget elementor-widget-image\" data-id=\"4576608\" data-element_type=\"widget\" data-e-type=\"widget\" data-widget_type=\"image.default\">\n\t\t\t\t\t\t\t\t\t\t\t\t<figure class=\"wp-caption\">\n\t\t\t\t\t\t\t\t\t\t<img decoding=\"async\" width=\"768\" height=\"1152\" src=\"https:\/\/soymigrante.com\/revista\/wp-content\/uploads\/2024\/09\/Don-Pedro-Om-primer-alcalde-de-la-cofradia-de-Santa-Maria-de-Solola-cabecera-viste-traje-ceremonial-768x1152.webp\" class=\"attachment-medium_large size-medium_large wp-image-8862\" alt=\"Vestido tradicional de textiles coloridos de M\u00e9xico, mujer ind\u00edgena sonriendo con manos en postura de agradecimiento o oraci\u00f3n, cultura y identidad ind\u00edgena en un entorno urbano.\" srcset=\"https:\/\/soymigrante.com\/revista\/wp-content\/uploads\/2024\/09\/Don-Pedro-Om-primer-alcalde-de-la-cofradia-de-Santa-Maria-de-Solola-cabecera-viste-traje-ceremonial-768x1152.webp 768w, https:\/\/soymigrante.com\/revista\/wp-content\/uploads\/2024\/09\/Don-Pedro-Om-primer-alcalde-de-la-cofradia-de-Santa-Maria-de-Solola-cabecera-viste-traje-ceremonial-200x300.webp 200w, https:\/\/soymigrante.com\/revista\/wp-content\/uploads\/2024\/09\/Don-Pedro-Om-primer-alcalde-de-la-cofradia-de-Santa-Maria-de-Solola-cabecera-viste-traje-ceremonial-682x1024.webp 682w, https:\/\/soymigrante.com\/revista\/wp-content\/uploads\/2024\/09\/Don-Pedro-Om-primer-alcalde-de-la-cofradia-de-Santa-Maria-de-Solola-cabecera-viste-traje-ceremonial-750x1125.webp 750w, https:\/\/soymigrante.com\/revista\/wp-content\/uploads\/2024\/09\/Don-Pedro-Om-primer-alcalde-de-la-cofradia-de-Santa-Maria-de-Solola-cabecera-viste-traje-ceremonial.webp 853w\" sizes=\"(max-width: 768px) 100vw, 768px\" title=\"Don Pedro Om primer alcalde de la cofrad\u00eda de Santa Mar\u00eda de Solol\u00e1 cabecera viste traje ceremonial \u2013 SoyMigrante.com REVISTA\" \/>\t\t\t\t\t\t\t\t\t\t\t<figcaption class=\"widget-image-caption wp-caption-text\">Mujer ind\u00edgena con vestimenta tradicional colorida en imagen de la revista SoyMigrante; celebrando cultura y diversidad latinoamericana.<\/figcaption>\n\t\t\t\t\t\t\t\t\t\t<\/figure>\n\t\t\t\t\t\t\t\t\t<\/div>\n\t\t\t\t\t<\/div>\n\t\t\t\t<\/div>\n\t\t<div data-particle_enable=\"false\" data-particle-mobile-disabled=\"false\" class=\"elementor-element elementor-element-de5c39f e-flex e-con-boxed e-con e-parent\" data-id=\"de5c39f\" data-element_type=\"container\" data-e-type=\"container\">\n\t\t\t\t\t<div class=\"e-con-inner\">\n\t\t\t\t<div class=\"elementor-element elementor-element-3b9afec elementor-widget elementor-widget-text-editor\" data-id=\"3b9afec\" data-element_type=\"widget\" data-e-type=\"widget\" data-widget_type=\"text-editor.default\">\n\t\t\t\t\t\t\t\t\t<p>Los Sotz\u2019il y Kaqchikel se establecieron en los alrededores de Tecp\u00e1n, con Iximch\u00e9 como capital; dominaban las orillas norte y este del lago Atitl\u00e1n. Los Aqajal ocupaban parte del valle de Motagua hasta San Mart\u00edn Jilotepeque, dominaron el actual Mixco Viejo despu\u00e9s de vencer a los Pokomam y acentaron su capital en ese lugar.\u00a0<\/p><p>Los Tukuche\u2019 tambi\u00e9n viv\u00edan en Iximch\u00e9, en 1493 se sublevaron pero fueron vencidos y expulsados de esa ciudad, no hay documentos antiguos que refieran la ubicaci\u00f3n geogr\u00e1fica del este linaje. Los Chajoma se dispersaron en los valles de Jilotepeque y Sacatep\u00e9quez territorio en el que se concentraron en pueblos como Sumpango, Jilotepeque y los cuatro que conservan el nombre Sacatep\u00e9quez:\u00a0<a href=\"https:\/\/soymigrante.com\/revista\/san-juan-es-la-fiesta-patronal-en-15-municipios-en-guatemala\/\" target=\"_blank\" rel=\"noopener\">San Juan,<\/a>\u00a0San Pedro, Santiago y San Lucas.<\/p>\t\t\t\t\t\t\t\t<\/div>\n\t\t\t\t\t<\/div>\n\t\t\t\t<\/div>\n\t\t<div data-particle_enable=\"false\" data-particle-mobile-disabled=\"false\" class=\"elementor-element elementor-element-40195a9 e-flex e-con-boxed e-con e-parent\" data-id=\"40195a9\" data-element_type=\"container\" data-e-type=\"container\">\n\t\t\t\t\t<div class=\"e-con-inner\">\n\t\t\t\t<div class=\"elementor-element elementor-element-f3cfd30 elementor-widget elementor-widget-text-editor\" data-id=\"f3cfd30\" data-element_type=\"widget\" data-e-type=\"widget\" data-widget_type=\"text-editor.default\">\n\t\t\t\t\t\t\t\t\t<p>El origen de la palabra lximch\u00e9 corresponde al nombre del \u00e1rbol que en Guatemala y Yucat\u00e1n es conocido como \u201cram\u00f3n\u201d (Brosimium alicastrum). Cuando escaseaba el ma\u00edz, el fruto del ram\u00f3n era consumido por la gente, en tanto que el ganado era alimentado con sus hojas.\u00a0<\/p><p>Muy probablemente esto explica que en forma literal, ixim che&#8217; quiere decir &#8220;\u00e1rbol de ma\u00edz&#8221;. Por aparte, el nombre n\u00e1huatl de lximch\u00e9 Tecp\u00e1n Quahtemallan, significa &#8220;lugar de \u00e1rboles o palacio del lugar de \u00e1rboles&#8221;.<\/p>\t\t\t\t\t\t\t\t<\/div>\n\t\t\t\t\t<\/div>\n\t\t\t\t<\/div>\n\t\t<div data-particle_enable=\"false\" data-particle-mobile-disabled=\"false\" class=\"elementor-element elementor-element-c147dcd e-flex e-con-boxed e-con e-parent\" data-id=\"c147dcd\" data-element_type=\"container\" data-e-type=\"container\">\n\t\t\t\t\t<div class=\"e-con-inner\">\n\t\t\t\t<div class=\"elementor-element elementor-element-348b016 elementor-widget elementor-widget-facebook-embed\" data-id=\"348b016\" data-element_type=\"widget\" data-e-type=\"widget\" data-widget_type=\"facebook-embed.default\">\n\t\t\t\t\t<div style=\"min-height: 1px\" class=\"elementor-facebook-widget fb-post\" data-href=\"https:\/\/www.facebook.com\/100007373388306\/videos\/4630369427050474\" data-show-text=\"false\"><\/div>\t\t\t\t<\/div>\n\t\t\t\t\t<\/div>\n\t\t\t\t<\/div>\n\t\t<div data-particle_enable=\"false\" data-particle-mobile-disabled=\"false\" class=\"elementor-element elementor-element-1cdb212 e-flex e-con-boxed e-con e-parent\" data-id=\"1cdb212\" data-element_type=\"container\" data-e-type=\"container\">\n\t\t\t\t\t<div class=\"e-con-inner\">\n\t\t\t\t<div class=\"elementor-element elementor-element-31c21f2 elementor-widget elementor-widget-text-editor\" data-id=\"31c21f2\" data-element_type=\"widget\" data-e-type=\"widget\" data-widget_type=\"text-editor.default\">\n\t\t\t\t\t\t\t\t\t<p>En 1524 con la llegada de los espa\u00f1oles empieza el sometimiento de los se\u00f1ores de lximch\u00e9 quienes despu\u00e9s de entregar la mitad de un elevado tributo en oro exigido por Pedro de Alvarado, dirigidos por el AhpoSotz&#8217;il Cahi-lmox, \u201cSinac\u00e1n\u201d en las cr\u00f3nicas espa\u00f1olas, decidieron luchar contra los espa\u00f1oles en combates que duraron seis a\u00f1os. <\/p>\t\t\t\t\t\t\t\t<\/div>\n\t\t\t\t\t<\/div>\n\t\t\t\t<\/div>\n\t\t<div data-particle_enable=\"false\" data-particle-mobile-disabled=\"false\" class=\"elementor-element elementor-element-f15538f e-flex e-con-boxed e-con e-parent\" data-id=\"f15538f\" data-element_type=\"container\" data-e-type=\"container\">\n\t\t\t\t\t<div class=\"e-con-inner\">\n\t\t\t\t<div class=\"elementor-element elementor-element-bad42e7 elementor-widget elementor-widget-heading\" data-id=\"bad42e7\" data-element_type=\"widget\" data-e-type=\"widget\" data-widget_type=\"heading.default\">\n\t\t\t\t\t<h2 class=\"elementor-heading-title elementor-size-default\">Atuendo ancestral<\/h2>\t\t\t\t<\/div>\n\t\t\t\t\t<\/div>\n\t\t\t\t<\/div>\n\t\t<div data-particle_enable=\"false\" data-particle-mobile-disabled=\"false\" class=\"elementor-element elementor-element-fe1b587 e-flex e-con-boxed e-con e-parent\" data-id=\"fe1b587\" data-element_type=\"container\" data-e-type=\"container\">\n\t\t\t\t\t<div class=\"e-con-inner\">\n\t\t\t\t<div class=\"elementor-element elementor-element-fec3ebe elementor-widget elementor-widget-text-editor\" data-id=\"fec3ebe\" data-element_type=\"widget\" data-e-type=\"widget\" data-widget_type=\"text-editor.default\">\n\t\t\t\t\t\t\t\t\t<p>La comunidad kaqchikel es una con m\u00e1s variedad y que mejor conserva el uso del traje maya tradicional. Las actuales indumentarias son la fusi\u00f3n de prendas de vestir precolombinas entre las que destacan el wex (especie de pantal\u00f3n), fajas y faldillas mayas y la vestimenta del siglo XVII de agricultores y artesanos espa\u00f1oles.<\/p>\t\t\t\t\t\t\t\t<\/div>\n\t\t\t\t\t<\/div>\n\t\t\t\t<\/div>\n\t\t<div data-particle_enable=\"false\" data-particle-mobile-disabled=\"false\" class=\"elementor-element elementor-element-e601877 e-flex e-con-boxed e-con e-parent\" data-id=\"e601877\" data-element_type=\"container\" data-e-type=\"container\">\n\t\t\t\t\t<div class=\"e-con-inner\">\n\t\t\t\t<div class=\"elementor-element elementor-element-d86e75b elementor-widget elementor-widget-image\" data-id=\"d86e75b\" data-element_type=\"widget\" data-e-type=\"widget\" data-widget_type=\"image.default\">\n\t\t\t\t\t\t\t\t\t\t\t\t\t\t\t<img loading=\"lazy\" decoding=\"async\" width=\"768\" height=\"1152\" src=\"https:\/\/soymigrante.com\/revista\/wp-content\/uploads\/2024\/09\/8-Patzun-Bernardino-Teleguario-768x1152.webp\" class=\"attachment-medium_large size-medium_large wp-image-8861\" alt=\"Anciano ind\u00edgena mexicano con vestimenta tradicional en su tierra cosechando cultura en M\u00e9xico.\" srcset=\"https:\/\/soymigrante.com\/revista\/wp-content\/uploads\/2024\/09\/8-Patzun-Bernardino-Teleguario-768x1152.webp 768w, https:\/\/soymigrante.com\/revista\/wp-content\/uploads\/2024\/09\/8-Patzun-Bernardino-Teleguario-200x300.webp 200w, https:\/\/soymigrante.com\/revista\/wp-content\/uploads\/2024\/09\/8-Patzun-Bernardino-Teleguario-683x1024.webp 683w, https:\/\/soymigrante.com\/revista\/wp-content\/uploads\/2024\/09\/8-Patzun-Bernardino-Teleguario-1024x1536.webp 1024w, https:\/\/soymigrante.com\/revista\/wp-content\/uploads\/2024\/09\/8-Patzun-Bernardino-Teleguario.webp 1280w, https:\/\/soymigrante.com\/revista\/wp-content\/uploads\/2024\/09\/8-Patzun-Bernardino-Teleguario-750x1125.webp 750w, https:\/\/soymigrante.com\/revista\/wp-content\/uploads\/2024\/09\/8-Patzun-Bernardino-Teleguario-1140x1710.webp 1140w\" sizes=\"(max-width: 768px) 100vw, 768px\" title=\"8- Patz\u00fan Bernardino Teleguario \u2013 SoyMigrante.com REVISTA\" \/>\t\t\t\t\t\t\t\t\t\t\t\t\t\t\t<\/div>\n\t\t\t\t\t<\/div>\n\t\t\t\t<\/div>\n\t\t<div data-particle_enable=\"false\" data-particle-mobile-disabled=\"false\" class=\"elementor-element elementor-element-5590100 e-flex e-con-boxed e-con e-parent\" data-id=\"5590100\" data-element_type=\"container\" data-e-type=\"container\">\n\t\t\t\t\t<div class=\"e-con-inner\">\n\t\t\t\t<div class=\"elementor-element elementor-element-23a5c68 elementor-widget elementor-widget-text-editor\" data-id=\"23a5c68\" data-element_type=\"widget\" data-e-type=\"widget\" data-widget_type=\"text-editor.default\">\n\t\t\t\t\t\t\t\t\t<p>Todas estas prendas se confeccionan de piezas de tela elaboradas en el telar de cintura. El traje masculino de la cabecera de Solol\u00e1, destaca por su n\u00famero de piezas, colorido y por \u201cla rodillera\u201d o \u201cxerca\u201d, es una prenda de lana que los hombres portan alrededor de la cintura, sobre el \u201cwex\u201d o pantal\u00f3n. En San Antonio Palop\u00f3 el \u201cwex\u201d es muy corto, similar a una pantaloneta, por lo que queda totalmente oculto por la \u201crodillera\u201d, por lo que los desconocedores de este atuendo creen que los nativos no usan pantal\u00f3n.<\/p>\t\t\t\t\t\t\t\t<\/div>\n\t\t\t\t\t<\/div>\n\t\t\t\t<\/div>\n\t\t<div data-particle_enable=\"false\" data-particle-mobile-disabled=\"false\" class=\"elementor-element elementor-element-6fb9ccd e-flex e-con-boxed e-con e-parent\" data-id=\"6fb9ccd\" data-element_type=\"container\" data-e-type=\"container\">\n\t\t\t\t\t<div class=\"e-con-inner\">\n\t\t\t\t<div class=\"elementor-element elementor-element-cf7b6b0 elementor-widget elementor-widget-text-editor\" data-id=\"cf7b6b0\" data-element_type=\"widget\" data-e-type=\"widget\" data-widget_type=\"text-editor.default\">\n\t\t\t\t\t\t\t\t\t<p>En el \u00e1rea de Chimaltenango, a finales del siglo XX los varones se distingu\u00edan por vestir pantal\u00f3n blanco y una \u201cxerca\u201d o \u201crodillera\u201d que cubr\u00eda la parte frontal de las piernas. Se sosten\u00eda con una faja de 3 metros de longitud. Para protegerse de las bajas temperaturas de la zoan usaban chaqueta de lana azul o negra, abiertas al frente.\u00a0<\/p><p>El sombrero de palma era de uso generalizado al igual que las sandalias de cuero con suela de hule de neum\u00e1tico. Actualmente este calzado se sustituy\u00f3 por zapatos de materiales sint\u00e9ticos y de dise\u00f1o deportivo.<\/p><p>\u00a0<\/p>\t\t\t\t\t\t\t\t<\/div>\n\t\t\t\t\t<\/div>\n\t\t\t\t<\/div>\n\t\t<div data-particle_enable=\"false\" data-particle-mobile-disabled=\"false\" class=\"elementor-element elementor-element-a6cc182 e-flex e-con-boxed e-con e-parent\" data-id=\"a6cc182\" data-element_type=\"container\" data-e-type=\"container\">\n\t\t\t\t\t<div class=\"e-con-inner\">\n\t\t\t\t<div class=\"elementor-element elementor-element-b6e38ed elementor-widget elementor-widget-video\" data-id=\"b6e38ed\" data-element_type=\"widget\" data-e-type=\"widget\" data-settings=\"{&quot;youtube_url&quot;:&quot;https:\\\/\\\/youtu.be\\\/_N5bYSj_Whk&quot;,&quot;video_type&quot;:&quot;youtube&quot;,&quot;controls&quot;:&quot;yes&quot;}\" data-widget_type=\"video.default\">\n\t\t\t\t\t\t\t<div class=\"elementor-wrapper elementor-open-inline\">\n\t\t\t<div class=\"elementor-video\"><\/div>\t\t<\/div>\n\t\t\t\t\t\t<\/div>\n\t\t\t\t\t<\/div>\n\t\t\t\t<\/div>\n\t\t<div data-particle_enable=\"false\" data-particle-mobile-disabled=\"false\" class=\"elementor-element elementor-element-7647c9d e-flex e-con-boxed e-con e-parent\" data-id=\"7647c9d\" data-element_type=\"container\" data-e-type=\"container\">\n\t\t\t\t\t<div class=\"e-con-inner\">\n\t\t\t\t<div class=\"elementor-element elementor-element-ec7ba96 elementor-widget elementor-widget-text-editor\" data-id=\"ec7ba96\" data-element_type=\"widget\" data-e-type=\"widget\" data-widget_type=\"text-editor.default\">\n\t\t\t\t\t\t\t\t\t<p>Numerosas mujeres de la regi\u00f3n kaqchikel a\u00fan portan con orgullo su traje maya tradicional, consistente en huipil \u201cpot\u201d que cubre la parte superior del cuerpo. Se complementa con una pieza de tela denominada \u201ccorte\u201d, que es una especie de falda, que sujetan con un faja alrededor de la cintura.\u00a0<\/p><p>La variedad de colores y decorados de los huipiles es variada. Tradicionalmente los huipiles se adornan con brocados o bordados de figuras que evocan la fauna y flora local, as\u00ed como astros y deidades antiguas.<\/p>\t\t\t\t\t\t\t\t<\/div>\n\t\t\t\t\t<\/div>\n\t\t\t\t<\/div>\n\t\t<div data-particle_enable=\"false\" data-particle-mobile-disabled=\"false\" class=\"elementor-element elementor-element-7132ed0 e-flex e-con-boxed e-con e-parent\" data-id=\"7132ed0\" data-element_type=\"container\" data-e-type=\"container\">\n\t\t\t\t\t<div class=\"e-con-inner\">\n\t\t\t\t<div class=\"elementor-element elementor-element-539a591 elementor-widget elementor-widget-heading\" data-id=\"539a591\" data-element_type=\"widget\" data-e-type=\"widget\" data-widget_type=\"heading.default\">\n\t\t\t\t\t<h2 class=\"elementor-heading-title elementor-size-default\">Danzas tradicionales<\/h2>\t\t\t\t<\/div>\n\t\t\t\t\t<\/div>\n\t\t\t\t<\/div>\n\t\t<div data-particle_enable=\"false\" data-particle-mobile-disabled=\"false\" class=\"elementor-element elementor-element-a27ba1a e-flex e-con-boxed e-con e-parent\" data-id=\"a27ba1a\" data-element_type=\"container\" data-e-type=\"container\">\n\t\t\t\t\t<div class=\"e-con-inner\">\n\t\t\t\t<div class=\"elementor-element elementor-element-5cad992 elementor-widget elementor-widget-text-editor\" data-id=\"5cad992\" data-element_type=\"widget\" data-e-type=\"widget\" data-widget_type=\"text-editor.default\">\n\t\t\t\t\t\t\t\t\t<p>El \u00e1rea kaqchikel es rica en expresiones culturales, y numerosas danzas tradicionales se representan, entre ellas est\u00e1n: Toritos, Venados, Mexicanos, Los negritos, Moros y cristianos, La conquista, Los 24 diablos.<\/p><p>\u00a0<\/p>\t\t\t\t\t\t\t\t<\/div>\n\t\t\t\t\t<\/div>\n\t\t\t\t<\/div>\n\t\t<div data-particle_enable=\"false\" data-particle-mobile-disabled=\"false\" class=\"elementor-element elementor-element-d04d5aa e-flex e-con-boxed e-con e-parent\" data-id=\"d04d5aa\" data-element_type=\"container\" data-e-type=\"container\">\n\t\t\t\t\t<div class=\"e-con-inner\">\n\t\t\t\t<div class=\"elementor-element elementor-element-9a4186d elementor-widget elementor-widget-video\" data-id=\"9a4186d\" data-element_type=\"widget\" data-e-type=\"widget\" data-settings=\"{&quot;youtube_url&quot;:&quot;https:\\\/\\\/youtu.be\\\/Yp08XJfy8Mo&quot;,&quot;video_type&quot;:&quot;youtube&quot;,&quot;controls&quot;:&quot;yes&quot;}\" data-widget_type=\"video.default\">\n\t\t\t\t\t\t\t<div class=\"elementor-wrapper elementor-open-inline\">\n\t\t\t<div class=\"elementor-video\"><\/div>\t\t<\/div>\n\t\t\t\t\t\t<\/div>\n\t\t\t\t\t<\/div>\n\t\t\t\t<\/div>\n\t\t<div data-particle_enable=\"false\" data-particle-mobile-disabled=\"false\" class=\"elementor-element elementor-element-c493222 e-flex e-con-boxed e-con e-parent\" data-id=\"c493222\" data-element_type=\"container\" data-e-type=\"container\">\n\t\t\t\t\t<div class=\"e-con-inner\">\n\t\t\t\t<div class=\"elementor-element elementor-element-e375a45 elementor-widget elementor-widget-heading\" data-id=\"e375a45\" data-element_type=\"widget\" data-e-type=\"widget\" data-widget_type=\"heading.default\">\n\t\t\t\t\t<h3 class=\"elementor-heading-title elementor-size-default\">Los pueblos guatemaltecos llenos de historia<\/h3>\t\t\t\t<\/div>\n\t\t\t\t\t<\/div>\n\t\t\t\t<\/div>\n\t\t<div data-particle_enable=\"false\" data-particle-mobile-disabled=\"false\" class=\"elementor-element elementor-element-e2afee9 e-flex e-con-boxed e-con e-parent\" data-id=\"e2afee9\" data-element_type=\"container\" data-e-type=\"container\">\n\t\t\t\t\t<div class=\"e-con-inner\">\n\t\t\t\t<div class=\"elementor-element elementor-element-88bec04 elementor-grid-eael-col-3 elementor-grid-tablet-eael-col-2 elementor-grid-mobile-eael-col-1 elementor-widget elementor-widget-eael-post-grid\" data-id=\"88bec04\" data-element_type=\"widget\" data-e-type=\"widget\" data-settings=\"{&quot;eael_post_grid_columns&quot;:&quot;eael-col-3&quot;,&quot;eael_post_grid_columns_tablet&quot;:&quot;eael-col-2&quot;,&quot;eael_post_grid_columns_mobile&quot;:&quot;eael-col-1&quot;}\" data-widget_type=\"eael-post-grid.default\">\n\t\t\t\t\t<div id=\"eael-post-grid-88bec04\" class=\"eael-post-grid-container\">\n            <div class=\"eael-post-grid eael-post-appender eael-post-appender-88bec04 eael-post-grid-style-one\" data-layout-mode=\"masonry\"><article class=\"eael-grid-post  eael-post-grid-column eael-pg-post-8529 category-pueblos-de-guatemala\" data-id=\"8529\">\n        <div class=\"eael-grid-post-holder\">\n            <div class=\"eael-grid-post-holder-inner\"><div class=\"eael-entry-media\"><div class=\"eael-entry-overlay fade-in\"><i class=\"far fa-hand-pointer\" aria-hidden=\"true\"><\/i><a href=\"https:\/\/soymigrante.com\/revista\/etnias-de-guatemala-los-achi\/\"><\/a><\/div><div class=\"eael-entry-thumbnail \">\n                <img loading=\"lazy\" decoding=\"async\" width=\"1024\" height=\"1024\" src=\"https:\/\/soymigrante.com\/revista\/wp-content\/uploads\/2024\/08\/Achi-14-La-Conquista-e1724976866589-1024x1024.webp\" class=\"attachment-large size-large wp-image-8530\" alt=\"La danza de la Conquista de Rabina Baja Verapaz es una de las expresiones tradicionales del pueblo maya Achi\" srcset=\"https:\/\/soymigrante.com\/revista\/wp-content\/uploads\/2024\/08\/Achi-14-La-Conquista-e1724976866589-1024x1024.webp 1024w, https:\/\/soymigrante.com\/revista\/wp-content\/uploads\/2024\/08\/Achi-14-La-Conquista-e1724976866589-300x300.webp 300w, https:\/\/soymigrante.com\/revista\/wp-content\/uploads\/2024\/08\/Achi-14-La-Conquista-e1724976866589-150x150.webp 150w, https:\/\/soymigrante.com\/revista\/wp-content\/uploads\/2024\/08\/Achi-14-La-Conquista-e1724976866589-768x768.webp 768w, https:\/\/soymigrante.com\/revista\/wp-content\/uploads\/2024\/08\/Achi-14-La-Conquista-e1724976866589-75x75.webp 75w, https:\/\/soymigrante.com\/revista\/wp-content\/uploads\/2024\/08\/Achi-14-La-Conquista-e1724976866589-750x750.webp 750w, https:\/\/soymigrante.com\/revista\/wp-content\/uploads\/2024\/08\/Achi-14-La-Conquista-e1724976866589-1140x1140.webp 1140w, https:\/\/soymigrante.com\/revista\/wp-content\/uploads\/2024\/08\/Achi-14-La-Conquista-e1724976866589.webp 1280w\" sizes=\"(max-width: 1024px) 100vw, 1024px\" \/>\n            <\/div>\n        <\/div><div class=\"eael-entry-wrapper\"><header class=\"eael-entry-header\"><h2 class=\"eael-entry-title\"><a class=\"eael-grid-post-link\" href=\"https:\/\/soymigrante.com\/revista\/etnias-de-guatemala-los-achi\/\" title=\"El pueblo Achi&#8217; es descendiente de los se\u00f1ores Rabinaleb\">El pueblo Achi&#8217; es descendiente de los se\u00f1ores Rabinaleb<\/a><\/h2><\/header><div class=\"eael-entry-content\">\n                        <div class=\"eael-grid-post-excerpt\"><a href=\"https:\/\/soymigrante.com\/revista\/etnias-de-guatemala-los-achi\/\" class=\"eael-post-elements-readmore-btn\">CONOCE SU HISTORIA <\/a><\/div>\n                    <\/div><\/div><\/div>\n        <\/div>\n    <\/article><article class=\"eael-grid-post  eael-post-grid-column eael-pg-post-8563 category-pueblos-de-guatemala\" data-id=\"8563\">\n        <div class=\"eael-grid-post-holder\">\n            <div class=\"eael-grid-post-holder-inner\"><div class=\"eael-entry-media\"><div class=\"eael-entry-overlay fade-in\"><i class=\"far fa-hand-pointer\" aria-hidden=\"true\"><\/i><a href=\"https:\/\/soymigrante.com\/revista\/el-pueblo-awakateko-llevan-siglos-al-pie-de-los-cuchumatanes\/\"><\/a><\/div><div class=\"eael-entry-thumbnail \">\n                <img loading=\"lazy\" decoding=\"async\" width=\"960\" height=\"960\" src=\"https:\/\/soymigrante.com\/revista\/wp-content\/uploads\/2024\/08\/awakateko-1.webp\" class=\"attachment-large size-large wp-image-8565\" alt=\"El pueblo Awakateko lleva siglos al pie de los Cuchumatanes\" srcset=\"https:\/\/soymigrante.com\/revista\/wp-content\/uploads\/2024\/08\/awakateko-1.webp 960w, https:\/\/soymigrante.com\/revista\/wp-content\/uploads\/2024\/08\/awakateko-1-300x300.webp 300w, https:\/\/soymigrante.com\/revista\/wp-content\/uploads\/2024\/08\/awakateko-1-150x150.webp 150w, https:\/\/soymigrante.com\/revista\/wp-content\/uploads\/2024\/08\/awakateko-1-768x768.webp 768w, https:\/\/soymigrante.com\/revista\/wp-content\/uploads\/2024\/08\/awakateko-1-75x75.webp 75w, https:\/\/soymigrante.com\/revista\/wp-content\/uploads\/2024\/08\/awakateko-1-750x750.webp 750w\" sizes=\"(max-width: 960px) 100vw, 960px\" \/>\n            <\/div>\n        <\/div><div class=\"eael-entry-wrapper\"><header class=\"eael-entry-header\"><h2 class=\"eael-entry-title\"><a class=\"eael-grid-post-link\" href=\"https:\/\/soymigrante.com\/revista\/el-pueblo-awakateko-llevan-siglos-al-pie-de-los-cuchumatanes\/\" title=\"El pueblo Awakateko lleva siglos al pie de los Cuchumatanes\">El pueblo Awakateko lleva siglos al pie de los Cuchumatanes<\/a><\/h2><\/header><div class=\"eael-entry-content\">\n                        <div class=\"eael-grid-post-excerpt\"><a href=\"https:\/\/soymigrante.com\/revista\/el-pueblo-awakateko-llevan-siglos-al-pie-de-los-cuchumatanes\/\" class=\"eael-post-elements-readmore-btn\">CONOCE SU HISTORIA <\/a><\/div>\n                    <\/div><\/div><\/div>\n        <\/div>\n    <\/article><article class=\"eael-grid-post  eael-post-grid-column eael-pg-post-8651 category-pueblos-de-guatemala\" data-id=\"8651\">\n        <div class=\"eael-grid-post-holder\">\n            <div class=\"eael-grid-post-holder-inner\"><div class=\"eael-entry-media\"><div class=\"eael-entry-overlay fade-in\"><i class=\"far fa-hand-pointer\" aria-hidden=\"true\"><\/i><a href=\"https:\/\/soymigrante.com\/revista\/el-pueblo-chorti-es-el-corazon-maya-del-oriente-guatemalteco\/\"><\/a><\/div><div class=\"eael-entry-thumbnail \">\n                <img loading=\"lazy\" decoding=\"async\" width=\"1024\" height=\"1024\" src=\"https:\/\/soymigrante.com\/revista\/wp-content\/uploads\/2024\/09\/chorti-princesas-2024-1024x1024.webp\" class=\"attachment-large size-large wp-image-8655\" alt=\"Comunidad ind\u00edgena en M\u00e9xico con trajes tradicionales y cultura ancestral, representando diversidad cultural y tradiciones en M\u00e9xico.\" srcset=\"https:\/\/soymigrante.com\/revista\/wp-content\/uploads\/2024\/09\/chorti-princesas-2024-1024x1024.webp 1024w, https:\/\/soymigrante.com\/revista\/wp-content\/uploads\/2024\/09\/chorti-princesas-2024-300x300.webp 300w, https:\/\/soymigrante.com\/revista\/wp-content\/uploads\/2024\/09\/chorti-princesas-2024-150x150.webp 150w, https:\/\/soymigrante.com\/revista\/wp-content\/uploads\/2024\/09\/chorti-princesas-2024-768x768.webp 768w, https:\/\/soymigrante.com\/revista\/wp-content\/uploads\/2024\/09\/chorti-princesas-2024-75x75.webp 75w, https:\/\/soymigrante.com\/revista\/wp-content\/uploads\/2024\/09\/chorti-princesas-2024-750x750.webp 750w, https:\/\/soymigrante.com\/revista\/wp-content\/uploads\/2024\/09\/chorti-princesas-2024-1140x1140.webp 1140w, https:\/\/soymigrante.com\/revista\/wp-content\/uploads\/2024\/09\/chorti-princesas-2024.webp 1374w\" sizes=\"(max-width: 1024px) 100vw, 1024px\" \/>\n            <\/div>\n        <\/div><div class=\"eael-entry-wrapper\"><header class=\"eael-entry-header\"><h2 class=\"eael-entry-title\"><a class=\"eael-grid-post-link\" href=\"https:\/\/soymigrante.com\/revista\/el-pueblo-chorti-es-el-corazon-maya-del-oriente-guatemalteco\/\" title=\"El pueblo Ch&#8217;orti&#8217; es el coraz\u00f3n maya del oriente guatemalteco\">El pueblo Ch&#8217;orti&#8217; es el coraz\u00f3n maya del oriente guatemalteco<\/a><\/h2><\/header><div class=\"eael-entry-content\">\n                        <div class=\"eael-grid-post-excerpt\"><a href=\"https:\/\/soymigrante.com\/revista\/el-pueblo-chorti-es-el-corazon-maya-del-oriente-guatemalteco\/\" class=\"eael-post-elements-readmore-btn\">CONOCE SU HISTORIA <\/a><\/div>\n                    <\/div><\/div><\/div>\n        <\/div>\n    <\/article><\/div>\n            <div class=\"clearfix\"><\/div>\n        <\/div>\t\t\t\t<\/div>\n\t\t\t\t\t<\/div>\n\t\t\t\t<\/div>\n\t\t\t\t<\/div>\n\t\t","protected":false},"excerpt":{"rendered":"<p>La palabra kaqchikel se origina de los vocablos: \u201ckaq\u201d que significa color rojo; \u201cchi\u201d autoridad, b\u00e1culo, idioma o boca y \u201ckel\u201d, grupo de personas con identidad y autonom\u00eda, seg\u00fan ling\u00fcistas e historiadores. El nombre de la comunidad kaqchikel se registra en el \u201cMemorial de Tecp\u00e1n Atitl\u00e1n\u201d, manuscrito elaborado a mediados del siglo XVI con caracteres [&hellip;]<\/p>\n","protected":false},"author":17,"featured_media":8865,"comment_status":"open","ping_status":"open","sticky":false,"template":"","format":"standard","meta":{"_acf_changed":false,"_eb_attr":"","footnotes":""},"categories":[125],"tags":[],"class_list":["post-8856","post","type-post","status-publish","format-standard","has-post-thumbnail","hentry","category-pueblos-de-guatemala"],"acf":[],"aioseo_notices":[],"aioseo_head":"\n\t\t<!-- All in One SEO Pro 4.9.6.2 - aioseo.com -->\n\t<meta name=\"description\" content=\"Aunque habitan en Guatemala y Honduras, solo en pueblos como Jocot\u00e1n o Camot\u00e1n se habla a\u00fan el ch&#039;orti, considerado uno de los idiomas mayas m\u00e1s antiguos.\" \/>\n\t<meta name=\"robots\" content=\"max-snippet:-1, max-image-preview:large, max-video-preview:-1\" \/>\n\t<meta name=\"author\" content=\"Edwin Castro\"\/>\n\t<link rel=\"canonical\" href=\"https:\/\/soymigrante.com\/revista\/el-pueblo-chorti-es-el-corazon-maya-del-oriente-guatemalteco\/\" \/>\n\t<meta name=\"generator\" content=\"All in One SEO Pro (AIOSEO) 4.9.6.2\" \/>\n\n\t\t<link rel=\"preconnect\" href=\"https:\/\/fonts.googleapis.com\" crossorigin>\n<link rel=\"preconnect\" href=\"https:\/\/fonts.gstatic.com\" crossorigin>\n\t\t<meta property=\"og:locale\" content=\"es_ES\" \/>\n\t\t<meta property=\"og:site_name\" content=\"SoyMigrante.com REVISTA \u2013 Nuestra misi\u00f3n es reconocer y dignificar al migrante.\" \/>\n\t\t<meta property=\"og:type\" content=\"article\" \/>\n\t\t<meta property=\"og:title\" content=\"Los ch&#039;orti&#039; son el coraz\u00f3n maya del oriente guatemalteco\" \/>\n\t\t<meta property=\"og:description\" content=\"Aunque habitan en Guatemala y Honduras, solo en pueblos como Jocot\u00e1n o Camot\u00e1n se habla a\u00fan el ch&#039;orti, considerado uno de los idiomas mayas m\u00e1s antiguos.\" \/>\n\t\t<meta property=\"og:url\" content=\"https:\/\/soymigrante.com\/revista\/el-pueblo-chorti-es-el-corazon-maya-del-oriente-guatemalteco\/\" \/>\n\t\t<meta property=\"og:image\" content=\"https:\/\/soymigrante.com\/revista\/wp-content\/uploads\/2024\/09\/chorti-princesas-2024.webp\" \/>\n\t\t<meta property=\"og:image:secure_url\" content=\"https:\/\/soymigrante.com\/revista\/wp-content\/uploads\/2024\/09\/chorti-princesas-2024.webp\" \/>\n\t\t<meta property=\"og:image:width\" content=\"1374\" \/>\n\t\t<meta property=\"og:image:height\" content=\"1374\" \/>\n\t\t<meta property=\"article:published_time\" content=\"2024-09-20T17:24:03+00:00\" \/>\n\t\t<meta property=\"article:modified_time\" content=\"2025-10-01T18:12:14+00:00\" \/>\n\t\t<meta property=\"article:publisher\" content=\"https:\/\/www.facebook.com\/soymigrantecom\" \/>\n\t\t<meta name=\"twitter:card\" content=\"summary_large_image\" \/>\n\t\t<meta name=\"twitter:site\" content=\"@SoyMigrante_com\" \/>\n\t\t<meta name=\"twitter:title\" content=\"Los ch&#039;orti&#039; son el coraz\u00f3n maya del oriente guatemalteco\" \/>\n\t\t<meta name=\"twitter:description\" content=\"Aunque habitan en Guatemala y Honduras, solo en pueblos como Jocot\u00e1n o Camot\u00e1n se habla a\u00fan el ch&#039;orti, considerado uno de los idiomas mayas m\u00e1s antiguos.\" \/>\n\t\t<meta name=\"twitter:creator\" content=\"@SoyMigrante_com\" \/>\n\t\t<meta name=\"twitter:image\" content=\"https:\/\/soymigrante.com\/revista\/wp-content\/uploads\/2024\/09\/chorti-princesas-2024.webp\" \/>\n\t\t<!-- All in One SEO Pro -->\r\n\t\t<title>Los ch'orti' son el coraz\u00f3n maya del oriente guatemalteco<\/title>\n\n","aioseo_head_json":{"title":"Los ch'orti' son el coraz\u00f3n maya del oriente guatemalteco","description":"Aunque habitan en Guatemala y Honduras, solo en pueblos como Jocot\u00e1n o Camot\u00e1n se habla a\u00fan el ch'orti, considerado uno de los idiomas mayas m\u00e1s antiguos.","canonical_url":"https:\/\/soymigrante.com\/revista\/el-pueblo-chorti-es-el-corazon-maya-del-oriente-guatemalteco\/","robots":"max-snippet:-1, max-image-preview:large, max-video-preview:-1","keywords":"","webmasterTools":{"miscellaneous":"&lt;link rel=\"preconnect\" href=\"https:\/\/fonts.googleapis.com\" crossorigin&gt;\n&lt;link rel=\"preconnect\" href=\"https:\/\/fonts.gstatic.com\" crossorigin&gt;"},"schema":null,"og:locale":"es_ES","og:site_name":"SoyMigrante.com REVISTA \u2013 Nuestra misi\u00f3n es reconocer y dignificar al migrante.","og:type":"article","og:title":"Los ch'orti' son el coraz\u00f3n maya del oriente guatemalteco","og:description":"Aunque habitan en Guatemala y Honduras, solo en pueblos como Jocot\u00e1n o Camot\u00e1n se habla a\u00fan el ch'orti, considerado uno de los idiomas mayas m\u00e1s antiguos.","og:url":"https:\/\/soymigrante.com\/revista\/el-pueblo-chorti-es-el-corazon-maya-del-oriente-guatemalteco\/","og:image":"https:\/\/soymigrante.com\/revista\/wp-content\/uploads\/2024\/09\/chorti-princesas-2024.webp","og:image:secure_url":"https:\/\/soymigrante.com\/revista\/wp-content\/uploads\/2024\/09\/chorti-princesas-2024.webp","og:image:width":1374,"og:image:height":1374,"article:published_time":"2024-09-20T17:24:03+00:00","article:modified_time":"2025-10-01T18:12:14+00:00","article:publisher":"https:\/\/www.facebook.com\/soymigrantecom","twitter:card":"summary_large_image","twitter:site":"@SoyMigrante_com","twitter:title":"Los ch'orti' son el coraz\u00f3n maya del oriente guatemalteco","twitter:description":"Aunque habitan en Guatemala y Honduras, solo en pueblos como Jocot\u00e1n o Camot\u00e1n se habla a\u00fan el ch'orti, considerado uno de los idiomas mayas m\u00e1s antiguos.","twitter:creator":"@SoyMigrante_com","twitter:image":"https:\/\/soymigrante.com\/revista\/wp-content\/uploads\/2024\/09\/chorti-princesas-2024.webp"},"aioseo_meta_data":{"post_id":"8856","title":"El pueblo kaq'chikel","description":"La palabra kaqchikel se origina de los vocablos: \u201ckaq\u201d que significa color rojo; \u201cchi\u201d autoridad, b\u00e1culo, idioma o boca y \u201ckel\u201d, grupo de personas con identidad","keywords":null,"keyphrases":{"focus":{"keyphrase":"kaq'chikel","score":51,"analysis":{"keyphraseInTitle":{"score":9,"maxScore":9,"error":0},"keyphraseInDescription":{"score":3,"maxScore":9,"error":1},"keyphraseLength":{"score":9,"maxScore":9,"error":0,"length":1},"keyphraseInURL":{"score":5,"maxScore":5,"error":0},"keyphraseInIntroduction":{"score":3,"maxScore":9,"error":1},"keyphraseInSubHeadings":{"score":3,"maxScore":9,"error":1},"keyphraseInImageAlt":{"score":3,"maxScore":9,"error":1},"keywordDensity":{"score":0,"type":"low","maxScore":9,"error":1}}},"additional":[{"keyphrase":"pueblos mayas","score":40,"analysis":{"keyphraseInDescription":{"score":3,"maxScore":9,"error":1},"keyphraseLength":{"score":9,"maxScore":9,"error":0,"length":2},"keyphraseInIntroduction":{"score":3,"maxScore":9,"error":1},"keyphraseInImageAlt":{"score":3,"maxScore":9,"error":1},"keywordDensity":{"score":0,"type":"low","maxScore":9,"error":1}}},{"keyphrase":"Guatemala","score":73,"analysis":{"keyphraseInDescription":{"score":3,"maxScore":9,"error":1},"keyphraseLength":{"score":9,"maxScore":9,"error":0,"length":1},"keyphraseInIntroduction":{"score":3,"maxScore":9,"error":1},"keyphraseInImageAlt":{"score":9,"maxScore":9,"error":0},"keywordDensity":{"type":"best","score":9,"maxScore":9,"error":0}}},{"keyphrase":"etnias","score":53,"analysis":{"keyphraseInDescription":{"score":3,"maxScore":9,"error":1},"keyphraseLength":{"score":9,"maxScore":9,"error":0,"length":1},"keyphraseInIntroduction":{"score":3,"maxScore":9,"error":1},"keyphraseInImageAlt":{"score":9,"maxScore":9,"error":0},"keywordDensity":{"score":0,"type":"low","maxScore":9,"error":1}}}]},"primary_term":null,"canonical_url":null,"og_title":null,"og_description":null,"og_object_type":"default","og_image_type":"default","og_image_url":null,"og_image_width":null,"og_image_height":null,"og_image_custom_url":null,"og_image_custom_fields":null,"og_video":"","og_custom_url":null,"og_article_section":null,"og_article_tags":null,"twitter_use_og":false,"twitter_card":"default","twitter_image_type":"default","twitter_image_url":null,"twitter_image_custom_url":null,"twitter_image_custom_fields":null,"twitter_title":null,"twitter_description":null,"schema":{"blockGraphs":[],"customGraphs":[],"default":{"data":{"Article":[],"Course":[],"Dataset":[],"FAQPage":[],"Movie":[],"Person":[],"Product":[],"ProductReview":[],"Car":[],"Recipe":[],"Service":[],"SoftwareApplication":[],"WebPage":[]},"graphName":"Article","isEnabled":true},"graphs":[]},"schema_type":"default","schema_type_options":null,"pillar_content":false,"robots_default":true,"robots_noindex":false,"robots_noarchive":false,"robots_nosnippet":false,"robots_nofollow":false,"robots_noimageindex":false,"robots_noodp":false,"robots_notranslate":false,"robots_max_snippet":"-1","robots_max_videopreview":"-1","robots_max_imagepreview":"large","priority":null,"frequency":"default","local_seo":null,"seo_analyzer_scan_date":"2025-10-08 23:10:17","breadcrumb_settings":null,"limit_modified_date":false,"reviewed_by":null,"open_ai":"{\"title\":{\"suggestions\":[],\"usage\":0},\"description\":{\"suggestions\":[],\"usage\":0}}","ai":null,"created":"2024-09-05 19:54:41","updated":"2026-02-04 13:34:04"},"aioseo_breadcrumb":"<div class=\"aioseo-breadcrumbs\"><span class=\"aioseo-breadcrumb\">\n\t<a href=\"https:\/\/soymigrante.com\/revista\" title=\"Home\">Home<\/a>\n<\/span><span class=\"aioseo-breadcrumb-separator\">\u00bb<\/span><span class=\"aioseo-breadcrumb\">\n\t<a href=\"https:\/\/soymigrante.com\/revista\/category\/guate-nuestra\/\" title=\"Guate Nuestra\">Guate Nuestra<\/a>\n<\/span><span class=\"aioseo-breadcrumb-separator\">\u00bb<\/span><span class=\"aioseo-breadcrumb\">\n\t<a href=\"https:\/\/soymigrante.com\/revista\/category\/guate-nuestra\/pueblos-de-guatemala\/\" title=\"Pueblos de Guatemala\">Pueblos de Guatemala<\/a>\n<\/span><span class=\"aioseo-breadcrumb-separator\">\u00bb<\/span><span class=\"aioseo-breadcrumb\">\n\tEl pueblo Kaqchikel abarca a 1 mill\u00f3n 68 mil guatemaltecos\n<\/span><\/div>","aioseo_breadcrumb_json":[{"label":"Home","link":"https:\/\/soymigrante.com\/revista"},{"label":"Guate Nuestra","link":"https:\/\/soymigrante.com\/revista\/category\/guate-nuestra\/"},{"label":"Pueblos de Guatemala","link":"https:\/\/soymigrante.com\/revista\/category\/guate-nuestra\/pueblos-de-guatemala\/"},{"label":"El pueblo Kaqchikel abarca a 1 mill\u00f3n 68 mil guatemaltecos","link":"https:\/\/soymigrante.com\/revista\/el-pueblo-kaqchikel-abarca-a-1-millon-68-mil-guatemaltecos\/"}],"_links":{"self":[{"href":"https:\/\/soymigrante.com\/revista\/wp-json\/wp\/v2\/posts\/8856","targetHints":{"allow":["GET"]}}],"collection":[{"href":"https:\/\/soymigrante.com\/revista\/wp-json\/wp\/v2\/posts"}],"about":[{"href":"https:\/\/soymigrante.com\/revista\/wp-json\/wp\/v2\/types\/post"}],"author":[{"embeddable":true,"href":"https:\/\/soymigrante.com\/revista\/wp-json\/wp\/v2\/users\/17"}],"replies":[{"embeddable":true,"href":"https:\/\/soymigrante.com\/revista\/wp-json\/wp\/v2\/comments?post=8856"}],"version-history":[{"count":0,"href":"https:\/\/soymigrante.com\/revista\/wp-json\/wp\/v2\/posts\/8856\/revisions"}],"wp:featuredmedia":[{"embeddable":true,"href":"https:\/\/soymigrante.com\/revista\/wp-json\/wp\/v2\/media\/8865"}],"wp:attachment":[{"href":"https:\/\/soymigrante.com\/revista\/wp-json\/wp\/v2\/media?parent=8856"}],"wp:term":[{"taxonomy":"category","embeddable":true,"href":"https:\/\/soymigrante.com\/revista\/wp-json\/wp\/v2\/categories?post=8856"},{"taxonomy":"post_tag","embeddable":true,"href":"https:\/\/soymigrante.com\/revista\/wp-json\/wp\/v2\/tags?post=8856"}],"curies":[{"name":"wp","href":"https:\/\/api.w.org\/{rel}","templated":true}]}}