{"id":8837,"date":"2024-09-20T11:22:05","date_gmt":"2024-09-20T17:22:05","guid":{"rendered":"https:\/\/soymigrante.com\/revista\/?p=8837"},"modified":"2024-10-02T14:50:42","modified_gmt":"2024-10-02T20:50:42","slug":"el-pueblo-ixil-habito-las-tierras-bajas-de-el-mirador-peten","status":"publish","type":"post","link":"https:\/\/soymigrante.com\/revista\/el-pueblo-ixil-habito-las-tierras-bajas-de-el-mirador-peten\/","title":{"rendered":"El pueblo Ixil habit\u00f3 las tierras bajas de El Mirador, Pet\u00e9n"},"content":{"rendered":"\t\t<div data-elementor-type=\"wp-post\" data-elementor-id=\"8837\" class=\"elementor elementor-8837\" data-elementor-post-type=\"post\">\n\t\t\t\t<div data-particle_enable=\"false\" data-particle-mobile-disabled=\"false\" class=\"elementor-element elementor-element-548735d e-flex e-con-boxed e-con e-parent\" data-id=\"548735d\" data-element_type=\"container\" data-e-type=\"container\">\n\t\t\t\t\t<div class=\"e-con-inner\">\n\t\t\t\t<div class=\"elementor-element elementor-element-10bd1dc elementor-widget elementor-widget-heading\" data-id=\"10bd1dc\" data-element_type=\"widget\" data-e-type=\"widget\" data-widget_type=\"heading.default\">\n\t\t\t\t\t<h2 class=\"elementor-heading-title elementor-size-default\">La poblaci\u00f3n Ixil desciende de los antiguos mayas provenientes de las tierras bajas de El Mirador, Pet\u00e9n. Este grupo habit\u00f3 las faldas del cerro Ilom, 500 a\u00f1os antes de Cristo.\n\n<\/h2>\t\t\t\t<\/div>\n\t\t\t\t\t<\/div>\n\t\t\t\t<\/div>\n\t\t<div data-particle_enable=\"false\" data-particle-mobile-disabled=\"false\" class=\"elementor-element elementor-element-c0eddde e-flex e-con-boxed e-con e-parent\" data-id=\"c0eddde\" data-element_type=\"container\" data-e-type=\"container\">\n\t\t\t\t\t<div class=\"e-con-inner\">\n\t\t\t\t<div class=\"elementor-element elementor-element-2a14439 elementor-widget elementor-widget-text-editor\" data-id=\"2a14439\" data-element_type=\"widget\" data-e-type=\"widget\" data-widget_type=\"text-editor.default\">\n\t\t\t\t\t\t\t\t\t<p>El idioma Ixil es parte del grupo conformado por el Awakateko y Mam y m\u00e1s relacionado con el Tektiteko. Se cree que se separaron hace aproximadamente 1,500 a\u00f1os. La palabra \u201cIxil\u201d se traduce como \u201cdesgranar el ma\u00edz\u201d.\u00a0<\/p><p>Los abuelos ixiles prohib\u00edan \u201caporrear\u201d el ma\u00edz, porque golpearlo consideraban un acto de desprecio a lo sagrado, por esto se acostumbraba desgranarlo con las manos. Durante esta actividad se seleccionaban mazorcas y las colocaban en un altar adornado con flores, quemaban incienso y encend\u00edan velas durante nueve d\u00edas, porque el ma\u00edz es vida y alimenta a la gente.<\/p>\t\t\t\t\t\t\t\t<\/div>\n\t\t\t\t\t<\/div>\n\t\t\t\t<\/div>\n\t\t<div data-particle_enable=\"false\" data-particle-mobile-disabled=\"false\" class=\"elementor-element elementor-element-f56b659 e-flex e-con-boxed e-con e-parent\" data-id=\"f56b659\" data-element_type=\"container\" data-e-type=\"container\">\n\t\t\t\t\t<div class=\"e-con-inner\">\n\t\t\t\t<div class=\"elementor-element elementor-element-6f507d1 elementor-widget elementor-widget-video\" data-id=\"6f507d1\" data-element_type=\"widget\" data-e-type=\"widget\" data-settings=\"{&quot;youtube_url&quot;:&quot;https:\\\/\\\/youtu.be\\\/6Z7x_CnfGiw&quot;,&quot;video_type&quot;:&quot;youtube&quot;,&quot;controls&quot;:&quot;yes&quot;}\" data-widget_type=\"video.default\">\n\t\t\t\t\t\t\t<div class=\"elementor-wrapper elementor-open-inline\">\n\t\t\t<div class=\"elementor-video\"><\/div>\t\t<\/div>\n\t\t\t\t\t\t<\/div>\n\t\t\t\t\t<\/div>\n\t\t\t\t<\/div>\n\t\t<div data-particle_enable=\"false\" data-particle-mobile-disabled=\"false\" class=\"elementor-element elementor-element-5224bb5 e-flex e-con-boxed e-con e-parent\" data-id=\"5224bb5\" data-element_type=\"container\" data-e-type=\"container\">\n\t\t\t\t\t<div class=\"e-con-inner\">\n\t\t\t\t<div class=\"elementor-element elementor-element-a2a716c elementor-widget elementor-widget-text-editor\" data-id=\"a2a716c\" data-element_type=\"widget\" data-e-type=\"widget\" data-widget_type=\"text-editor.default\">\n\t\t\t\t\t\t\t\t\t<p>Se cree que los pobladores emigraron a otras regiones como consecuencia de epidemias. Se dirigieron a tres puntos diferentes: unos, al sur occidente a orillas de una laguna llamada Naab\u2019a\u2019 actualmente\u00a0<a href=\"https:\/\/soymigrante.com\/revista\/chichicastenango-datos-que-quiza-ya-conocias-o-quiza-no\/\" target=\"_blank\" rel=\"noopener\">Nebaj<\/a>; otros llegaron a la zona c\u00e1lida suroriental Tz\u2019a\u2019la Vitz, ahora Cotzal y el tercer grupo se estableci\u00f3 en la parte central de este territorio, Xo\u2019l laq jul, actual Chajul.<\/p><p>La incursi\u00f3n espa\u00f1ola en la regi\u00f3n Ixil se produjo hacia 1529-30, despu\u00e9s que el altiplano y centro de Guatemala se hallaba bajo el poder de los conquistadores. La primera expedici\u00f3n lleg\u00f3 a Nebaj y Chajul y un ataque a Uspant\u00e1n que fracas\u00f3 al inicio, pero r\u00e1pidamente los hispanos dominaron. En las monta\u00f1as ixiles hubo dos combates en los que participaron entre 4,000 a 5,000 guerreros de Nebaj, que no lograron detener a los espa\u00f1oles procedentes de Sacapulas.<\/p><p>\u00a0<\/p>\t\t\t\t\t\t\t\t<\/div>\n\t\t\t\t\t<\/div>\n\t\t\t\t<\/div>\n\t\t<div data-particle_enable=\"false\" data-particle-mobile-disabled=\"false\" class=\"elementor-element elementor-element-6f3ad31 e-flex e-con-boxed e-con e-parent\" data-id=\"6f3ad31\" data-element_type=\"container\" data-e-type=\"container\">\n\t\t\t\t\t<div class=\"e-con-inner\">\n\t\t\t\t<div class=\"elementor-element elementor-element-1410ba5 elementor-widget elementor-widget-image\" data-id=\"1410ba5\" data-element_type=\"widget\" data-e-type=\"widget\" data-widget_type=\"image.default\">\n\t\t\t\t\t\t\t\t\t\t\t\t<figure class=\"wp-caption\">\n\t\t\t\t\t\t\t\t\t\t<img fetchpriority=\"high\" decoding=\"async\" width=\"517\" height=\"259\" src=\"https:\/\/soymigrante.com\/revista\/wp-content\/uploads\/2024\/09\/centro-ceremonial-chajul-ixil.webp\" class=\"attachment-large size-large wp-image-8850\" alt=\"Estado rural con vivienda tradicional en un entorno natural en Am\u00e9rica Latina, representando aspectos culturales y de vida rural.\" srcset=\"https:\/\/soymigrante.com\/revista\/wp-content\/uploads\/2024\/09\/centro-ceremonial-chajul-ixil.webp 517w, https:\/\/soymigrante.com\/revista\/wp-content\/uploads\/2024\/09\/centro-ceremonial-chajul-ixil-300x150.webp 300w, https:\/\/soymigrante.com\/revista\/wp-content\/uploads\/2024\/09\/centro-ceremonial-chajul-ixil-360x180.webp 360w\" sizes=\"(max-width: 517px) 100vw, 517px\" \/>\t\t\t\t\t\t\t\t\t\t\t<figcaption class=\"widget-image-caption wp-caption-text\">Revista SoyMigrante publica art\u00edculos sobre vida rural, cultura y migraci\u00f3n en regiones latinoamericanas.<\/figcaption>\n\t\t\t\t\t\t\t\t\t\t<\/figure>\n\t\t\t\t\t\t\t\t\t<\/div>\n\t\t\t\t\t<\/div>\n\t\t\t\t<\/div>\n\t\t<div data-particle_enable=\"false\" data-particle-mobile-disabled=\"false\" class=\"elementor-element elementor-element-5b66d4c e-flex e-con-boxed e-con e-parent\" data-id=\"5b66d4c\" data-element_type=\"container\" data-e-type=\"container\">\n\t\t\t\t\t<div class=\"e-con-inner\">\n\t\t\t\t<div class=\"elementor-element elementor-element-ad69b6d elementor-widget elementor-widget-text-editor\" data-id=\"ad69b6d\" data-element_type=\"widget\" data-e-type=\"widget\" data-widget_type=\"text-editor.default\">\n\t\t\t\t\t\t\t\t\t<p>Despu\u00e9s de estas derrotas los ixiles de Chajul se refugiaron en las monta\u00f1as para defenderse, mientras los de Cotzal se unieron a uno de los reyes de Uspant\u00e1n que a\u00fan resist\u00eda a los espa\u00f1oles, lucharon junto a ellos pero fueron vencidos por los castellanos. Los ixiles pasaron a ser tributarios de la Corona espa\u00f1ola, lo que deriv\u00f3 en esclavitud y trabajos forzosos obligatorios.<\/p><p>Las tierras y los habitantes fueron divididos en grandes espacios llamados encomiendas y distribuidos entre los espa\u00f1oles. Los ixiles quedaron bajo las \u00f3rdenes del \u201cencomendero\u201d, encargado de dirigir los trabajos, cristianizarlos, recoger los impuestos y \u201cprotegerlos\u201d, pero en realidad los nativos fueron sometidos a todo tipo de abusos y atrocidades.<\/p>\t\t\t\t\t\t\t\t<\/div>\n\t\t\t\t\t<\/div>\n\t\t\t\t<\/div>\n\t\t<div data-particle_enable=\"false\" data-particle-mobile-disabled=\"false\" class=\"elementor-element elementor-element-07e685f e-flex e-con-boxed e-con e-parent\" data-id=\"07e685f\" data-element_type=\"container\" data-e-type=\"container\">\n\t\t\t\t\t<div class=\"e-con-inner\">\n\t\t\t\t<div class=\"elementor-element elementor-element-3294e13 elementor-widget elementor-widget-text-editor\" data-id=\"3294e13\" data-element_type=\"widget\" data-e-type=\"widget\" data-widget_type=\"text-editor.default\">\n\t\t\t\t\t\t\t\t\t<p>Lorem ipsum dolor sit amet, consectetur adipiscing elit. Ut elit tellus, luctus nec ullamcorper mattis, pulvinar dapibus leo.<\/p>\t\t\t\t\t\t\t\t<\/div>\n\t\t\t\t\t<\/div>\n\t\t\t\t<\/div>\n\t\t<div data-particle_enable=\"false\" data-particle-mobile-disabled=\"false\" class=\"elementor-element elementor-element-eca83c3 e-flex e-con-boxed e-con e-parent\" data-id=\"eca83c3\" data-element_type=\"container\" data-e-type=\"container\">\n\t\t\t\t\t<div class=\"e-con-inner\">\n\t\t\t\t<div class=\"elementor-element elementor-element-15b6cc7 elementor-widget elementor-widget-video\" data-id=\"15b6cc7\" data-element_type=\"widget\" data-e-type=\"widget\" data-settings=\"{&quot;youtube_url&quot;:&quot;https:\\\/\\\/youtu.be\\\/3pdgeMoX39A&quot;,&quot;video_type&quot;:&quot;youtube&quot;,&quot;controls&quot;:&quot;yes&quot;}\" data-widget_type=\"video.default\">\n\t\t\t\t\t\t\t<div class=\"elementor-wrapper elementor-open-inline\">\n\t\t\t<div class=\"elementor-video\"><\/div>\t\t<\/div>\n\t\t\t\t\t\t<\/div>\n\t\t\t\t\t<\/div>\n\t\t\t\t<\/div>\n\t\t<div data-particle_enable=\"false\" data-particle-mobile-disabled=\"false\" class=\"elementor-element elementor-element-46d1735 e-flex e-con-boxed e-con e-parent\" data-id=\"46d1735\" data-element_type=\"container\" data-e-type=\"container\">\n\t\t\t\t\t<div class=\"e-con-inner\">\n\t\t\t\t<div class=\"elementor-element elementor-element-37a11f1 elementor-widget elementor-widget-text-editor\" data-id=\"37a11f1\" data-element_type=\"widget\" data-e-type=\"widget\" data-widget_type=\"text-editor.default\">\n\t\t\t\t\t\t\t\t\t<p>La fundaci\u00f3n de los pueblos ixiles se considera fue hacia 1553, fecha de la construcci\u00f3n del Convento de Sacapulas por los frailes dominicos seg\u00fan describe Juan Antonio de Remesal. Se implantaron otras costumbres, se propag\u00f3 el cristianismo y la devoci\u00f3n a santos cat\u00f3licos. Se denomin\u00f3 a San Gaspar, uno de los Reyes Magos, santo patrono de Chajul; a San Juan Bautista, de Cotzal y a la Virgen Mar\u00eda de la Asunci\u00f3n como protectora de Nebaj.<\/p><p>En el periodo liberal del expresidente Justo Rufino Barrios (1,873 &#8211; 1,885) los ixiles fueron presionados por reclutadores y habilitadores para trabajar en la bocacosta en el corte del caf\u00e9 en el que participaban familias completas y a las que se les prohib\u00eda hablar su propio idioma.<\/p><p>\u00a0<\/p>\t\t\t\t\t\t\t\t<\/div>\n\t\t\t\t\t<\/div>\n\t\t\t\t<\/div>\n\t\t<div data-particle_enable=\"false\" data-particle-mobile-disabled=\"false\" class=\"elementor-element elementor-element-611331c e-flex e-con-boxed e-con e-parent\" data-id=\"611331c\" data-element_type=\"container\" data-e-type=\"container\">\n\t\t\t\t\t<div class=\"e-con-inner\">\n\t\t\t\t<div class=\"elementor-element elementor-element-49d7e2e elementor-widget elementor-widget-image\" data-id=\"49d7e2e\" data-element_type=\"widget\" data-e-type=\"widget\" data-widget_type=\"image.default\">\n\t\t\t\t\t\t\t\t\t\t\t\t<figure class=\"wp-caption\">\n\t\t\t\t\t\t\t\t\t\t<img decoding=\"async\" width=\"633\" height=\"474\" src=\"https:\/\/soymigrante.com\/revista\/wp-content\/uploads\/2024\/09\/pueblo-ixil-ceremonia-ano-nuevo.webp\" class=\"attachment-large size-large wp-image-8848\" alt=\"Ofrenda ritual en un acto ancestral ind\u00edgena con comunidad reunida, llevando a cabo ceremonias tradicionales en un paisaje natural.\" srcset=\"https:\/\/soymigrante.com\/revista\/wp-content\/uploads\/2024\/09\/pueblo-ixil-ceremonia-ano-nuevo.webp 633w, https:\/\/soymigrante.com\/revista\/wp-content\/uploads\/2024\/09\/pueblo-ixil-ceremonia-ano-nuevo-300x225.webp 300w\" sizes=\"(max-width: 633px) 100vw, 633px\" \/>\t\t\t\t\t\t\t\t\t\t\t<figcaption class=\"widget-image-caption wp-caption-text\">Ceremonia ancestral ind\u00edgena con comunidad reunida realizando ofrenda en acto cultural en un entorno natural.<\/figcaption>\n\t\t\t\t\t\t\t\t\t\t<\/figure>\n\t\t\t\t\t\t\t\t\t<\/div>\n\t\t\t\t\t<\/div>\n\t\t\t\t<\/div>\n\t\t<div data-particle_enable=\"false\" data-particle-mobile-disabled=\"false\" class=\"elementor-element elementor-element-58338fa e-flex e-con-boxed e-con e-parent\" data-id=\"58338fa\" data-element_type=\"container\" data-e-type=\"container\">\n\t\t\t\t\t<div class=\"e-con-inner\">\n\t\t\t\t<div class=\"elementor-element elementor-element-14eba7e elementor-widget elementor-widget-text-editor\" data-id=\"14eba7e\" data-element_type=\"widget\" data-e-type=\"widget\" data-widget_type=\"text-editor.default\">\n\t\t\t\t\t\t\t\t\t<p>Durante el conflicto armado interno (1963-1996) el ej\u00e9rcito guatemalteco y la guerrilla arrasaron con muchas poblaciones de esta \u00e1rea, lo que oblig\u00f3 a miles de ixiles a huir, unos se refugiaron en las monta\u00f1as, otros se desplazaron a territorio mexicano y muchos se trasladaron a la capital de Guatemala.\u00a0<\/p><p>Otros quedaron en el \u00e1rea ixil atrapados entre los planes contrainsurgentes de los gobiernos militares. Al culminar la guerra y con los acuerdos de paz firmados en 1996, algunos pobladores retornaron al \u00e1rea ixil. En los \u00faltimos a\u00f1os han trabajado en reconstruir y rescatar los pilares de su cultura ancestral con esperanza y esfuerzo.<\/p>\t\t\t\t\t\t\t\t<\/div>\n\t\t\t\t\t<\/div>\n\t\t\t\t<\/div>\n\t\t<div data-particle_enable=\"false\" data-particle-mobile-disabled=\"false\" class=\"elementor-element elementor-element-64903a4 e-flex e-con-boxed e-con e-parent\" data-id=\"64903a4\" data-element_type=\"container\" data-e-type=\"container\">\n\t\t\t\t\t<div class=\"e-con-inner\">\n\t\t\t\t<div class=\"elementor-element elementor-element-aa13713 elementor-widget elementor-widget-heading\" data-id=\"aa13713\" data-element_type=\"widget\" data-e-type=\"widget\" data-widget_type=\"heading.default\">\n\t\t\t\t\t<h3 class=\"elementor-heading-title elementor-size-default\">Su territorio<\/h3>\t\t\t\t<\/div>\n\t\t\t\t\t<\/div>\n\t\t\t\t<\/div>\n\t\t<div data-particle_enable=\"false\" data-particle-mobile-disabled=\"false\" class=\"elementor-element elementor-element-0554f91 e-flex e-con-boxed e-con e-parent\" data-id=\"0554f91\" data-element_type=\"container\" data-e-type=\"container\">\n\t\t\t\t\t<div class=\"e-con-inner\">\n\t\t\t\t<div class=\"elementor-element elementor-element-10a31ab elementor-widget elementor-widget-text-editor\" data-id=\"10a31ab\" data-element_type=\"widget\" data-e-type=\"widget\" data-widget_type=\"text-editor.default\">\n\t\t\t\t\t\t\t\t\t<p>La regi\u00f3n ixil se ubica en los actuales municipios de San Juan Cotzal, Santa Mar\u00eda Nebaj y San Gaspar Chajul, departamento de Quich\u00e9, Guatemala.\u00a0<span style=\"color: var( --e-global-color-text );text-align: var(--text-align)\">Ocupa una extensi\u00f3n territorial de: 2,313 kil\u00f3metros cuadrados\u00a0<\/span><span style=\"color: var( --e-global-color-text );text-align: var(--text-align)\">Poblaci\u00f3n aproximada: 133,329 habitantes, seg\u00fan\u00a0<\/span><span style=\"color: var( --e-global-color-text );text-align: var(--text-align)\">\u00a0XII Censo Nacional de Poblaci\u00f3n y VII de Vivienda. 2018<\/span><\/p>\t\t\t\t\t\t\t\t<\/div>\n\t\t\t\t\t<\/div>\n\t\t\t\t<\/div>\n\t\t<div data-particle_enable=\"false\" data-particle-mobile-disabled=\"false\" class=\"elementor-element elementor-element-f39f8ea e-flex e-con-boxed e-con e-parent\" data-id=\"f39f8ea\" data-element_type=\"container\" data-e-type=\"container\">\n\t\t\t\t\t<div class=\"e-con-inner\">\n\t\t\t\t<div class=\"elementor-element elementor-element-296bd3b elementor-widget elementor-widget-image\" data-id=\"296bd3b\" data-element_type=\"widget\" data-e-type=\"widget\" data-widget_type=\"image.default\">\n\t\t\t\t\t\t\t\t\t\t\t\t<figure class=\"wp-caption\">\n\t\t\t\t\t\t\t\t\t\t<img decoding=\"async\" width=\"1024\" height=\"492\" src=\"https:\/\/soymigrante.com\/revista\/wp-content\/uploads\/2024\/09\/mapa-linguistico-Ixil-Ministerio-Educacion-1024x492.webp\" class=\"attachment-large size-large wp-image-8840\" alt=\"Q\u00faich\u00e9 y Alta Verapaz: mapas de la cultura ind\u00edgena en Guatemala, resaltando regiones como Huehuetenango, Baja Verapaz, y Quich\u00e9, con \u00e9nfasis en diversidad cultural y ling\u00fc\u00edstica.\" srcset=\"https:\/\/soymigrante.com\/revista\/wp-content\/uploads\/2024\/09\/mapa-linguistico-Ixil-Ministerio-Educacion-1024x492.webp 1024w, https:\/\/soymigrante.com\/revista\/wp-content\/uploads\/2024\/09\/mapa-linguistico-Ixil-Ministerio-Educacion-300x144.webp 300w, https:\/\/soymigrante.com\/revista\/wp-content\/uploads\/2024\/09\/mapa-linguistico-Ixil-Ministerio-Educacion-768x369.webp 768w, https:\/\/soymigrante.com\/revista\/wp-content\/uploads\/2024\/09\/mapa-linguistico-Ixil-Ministerio-Educacion-750x360.webp 750w, https:\/\/soymigrante.com\/revista\/wp-content\/uploads\/2024\/09\/mapa-linguistico-Ixil-Ministerio-Educacion-1140x548.webp 1140w, https:\/\/soymigrante.com\/revista\/wp-content\/uploads\/2024\/09\/mapa-linguistico-Ixil-Ministerio-Educacion.webp 1517w\" sizes=\"(max-width: 1024px) 100vw, 1024px\" \/>\t\t\t\t\t\t\t\t\t\t\t<figcaption class=\"widget-image-caption wp-caption-text\">Diversidad cultural ind\u00edgena en Guatemala, destacando regiones como Quich\u00e9, Alta Verapaz, Huehuetenango y Baja Verapaz, enfocada en comunidades ind\u00edgenas y lenguas originarias.<\/figcaption>\n\t\t\t\t\t\t\t\t\t\t<\/figure>\n\t\t\t\t\t\t\t\t\t<\/div>\n\t\t\t\t\t<\/div>\n\t\t\t\t<\/div>\n\t\t<div data-particle_enable=\"false\" data-particle-mobile-disabled=\"false\" class=\"elementor-element elementor-element-5323470 e-flex e-con-boxed e-con e-parent\" data-id=\"5323470\" data-element_type=\"container\" data-e-type=\"container\">\n\t\t\t\t\t<div class=\"e-con-inner\">\n\t\t\t\t<div class=\"elementor-element elementor-element-11f5527 elementor-widget elementor-widget-text-editor\" data-id=\"11f5527\" data-element_type=\"widget\" data-e-type=\"widget\" data-widget_type=\"text-editor.default\">\n\t\t\t\t\t\t\t\t\t<p><span style=\"color: var( --e-global-color-text );text-align: var(--text-align)\">En Estados Unidos se registra presencia ixil en:<\/span><\/p>\n<p><a style=\"text-align: var(--text-align)\" href=\"https:\/\/soymigrante.com\/revista\/semana-del-guatemalteco-l-a-los-5-homenajeados-del-2024\/\" target=\"_blank\" rel=\"noopener\">Los \u00c1ngeles<\/a>, California<br>Phoenix,&nbsp;<a href=\"https:\/\/soymigrante.com\/revista\/consulado-de-guatemala-en-arizona-ubicacion-contacto\/\" target=\"_blank\">Arizona<\/a><br>Del R\u00edo,&nbsp;<a href=\"https:\/\/soymigrante.com\/revista\/historia-migrante-juan-guarcas-quiche-chef-exitoso-restaurant-texas\/\" target=\"_blank\">Texas<\/a><br>Mc Callen, Texas<br>Oklahoma<br><a href=\"https:\/\/soymigrante.com\/revista\/el-popol-vuh-es-migrante-esta-en-chicago-y-8-datos-que-quiza-no-sabias\/\" target=\"_blank\">Chicago<\/a>, Illinois<br>Atlanta, Giorgia<br>Miami, Florida<br>Maryland<br>Raleigh, Carolina del Norte<\/p>\t\t\t\t\t\t\t\t<\/div>\n\t\t\t\t\t<\/div>\n\t\t\t\t<\/div>\n\t\t<div data-particle_enable=\"false\" data-particle-mobile-disabled=\"false\" class=\"elementor-element elementor-element-5bba2e0 e-flex e-con-boxed e-con e-parent\" data-id=\"5bba2e0\" data-element_type=\"container\" data-e-type=\"container\">\n\t\t\t\t\t<div class=\"e-con-inner\">\n\t\t\t\t<div class=\"elementor-element elementor-element-37089a1 elementor-widget elementor-widget-video\" data-id=\"37089a1\" data-element_type=\"widget\" data-e-type=\"widget\" data-settings=\"{&quot;youtube_url&quot;:&quot;https:\\\/\\\/youtu.be\\\/Mgt2IKtECWU&quot;,&quot;video_type&quot;:&quot;youtube&quot;,&quot;controls&quot;:&quot;yes&quot;}\" data-widget_type=\"video.default\">\n\t\t\t\t\t\t\t<div class=\"elementor-wrapper elementor-open-inline\">\n\t\t\t<div class=\"elementor-video\"><\/div>\t\t<\/div>\n\t\t\t\t\t\t<\/div>\n\t\t\t\t\t<\/div>\n\t\t\t\t<\/div>\n\t\t<div data-particle_enable=\"false\" data-particle-mobile-disabled=\"false\" class=\"elementor-element elementor-element-b259fd4 e-flex e-con-boxed e-con e-parent\" data-id=\"b259fd4\" data-element_type=\"container\" data-e-type=\"container\">\n\t\t\t\t\t<div class=\"e-con-inner\">\n\t\t\t\t<div class=\"elementor-element elementor-element-6a0883d elementor-widget elementor-widget-heading\" data-id=\"6a0883d\" data-element_type=\"widget\" data-e-type=\"widget\" data-widget_type=\"heading.default\">\n\t\t\t\t\t<h2 class=\"elementor-heading-title elementor-size-default\">As\u00ed se vive en la comunidad Ixil<\/h2>\t\t\t\t<\/div>\n\t\t\t\t\t<\/div>\n\t\t\t\t<\/div>\n\t\t<div data-particle_enable=\"false\" data-particle-mobile-disabled=\"false\" class=\"elementor-element elementor-element-d09027a e-flex e-con-boxed e-con e-parent\" data-id=\"d09027a\" data-element_type=\"container\" data-e-type=\"container\">\n\t\t\t\t\t<div class=\"e-con-inner\">\n\t\t\t\t<div class=\"elementor-element elementor-element-2614d9a elementor-widget elementor-widget-text-editor\" data-id=\"2614d9a\" data-element_type=\"widget\" data-e-type=\"widget\" data-widget_type=\"text-editor.default\">\n\t\t\t\t\t\t\t\t\t<p>La familia es extendida, compuesta por los abuelos, padres, hijos e hijas con sus respectivas parejas, y los nietos. Todos viven en el mismo sitio, aunque cada familia tiene su propia casa. El var\u00f3n de m\u00e1s edad, el abuelo o el bisabuelo, es el jefe del grupo familiar hasta su muerte, cuando lo sustituye el hijo mayor. Tradicionalmente los ixiles heredan sus nombres a sus hijos y nietos, conocidos como tocayos o \u201cch\u2019e\u2019x\u201d.<\/p><p>La vida matrimonial entre hombre y mujer se basa en una relaci\u00f3n armoniosa, solidaria y de complementariedad de uno para el otro. La orientaci\u00f3n para el joven que contrae matrimonio gira en torno a pr\u00e1cticas como: no golpear a la esposa, respetarla, cuidarla y atenderla, no andar con otras mujeres, dar buen ejemplo en todo lugar. Adem\u00e1s al enfermar los suegros ayudarlos y atenderlos, y promover la uni\u00f3n familiar. Tradicionalmente los ixiles no acostumbran realizar \u201cla luna de miel\u201d, sino m\u00e1s bien el comienzo es asumir las responsabilidades propias diarias de la vida.<\/p>\t\t\t\t\t\t\t\t<\/div>\n\t\t\t\t\t<\/div>\n\t\t\t\t<\/div>\n\t\t<div data-particle_enable=\"false\" data-particle-mobile-disabled=\"false\" class=\"elementor-element elementor-element-e3dbb59 e-flex e-con-boxed e-con e-parent\" data-id=\"e3dbb59\" data-element_type=\"container\" data-e-type=\"container\">\n\t\t\t\t\t<div class=\"e-con-inner\">\n\t\t\t\t<div class=\"elementor-element elementor-element-870be45 elementor-widget elementor-widget-image\" data-id=\"870be45\" data-element_type=\"widget\" data-e-type=\"widget\" data-widget_type=\"image.default\">\n\t\t\t\t\t\t\t\t\t\t\t\t<figure class=\"wp-caption\">\n\t\t\t\t\t\t\t\t\t\t<img loading=\"lazy\" decoding=\"async\" width=\"515\" height=\"476\" src=\"https:\/\/soymigrante.com\/revista\/wp-content\/uploads\/2024\/09\/pueblo-ixil.webp\" class=\"attachment-large size-large wp-image-8847\" alt=\"Mujeres ind\u00edgenas con trajes tradicionales en un paisaje rural, reflejando cultura y diversidad de M\u00e9xico.\" srcset=\"https:\/\/soymigrante.com\/revista\/wp-content\/uploads\/2024\/09\/pueblo-ixil.webp 515w, https:\/\/soymigrante.com\/revista\/wp-content\/uploads\/2024\/09\/pueblo-ixil-300x277.webp 300w\" sizes=\"(max-width: 515px) 100vw, 515px\" \/>\t\t\t\t\t\t\t\t\t\t\t<figcaption class=\"widget-image-caption wp-caption-text\">Tres mujeres ind\u00edgenas vestidas con traje t\u00edpico en un entorno natural, mostrando cultura, identidad y tradici\u00f3n en M\u00e9xico.<\/figcaption>\n\t\t\t\t\t\t\t\t\t\t<\/figure>\n\t\t\t\t\t\t\t\t\t<\/div>\n\t\t\t\t\t<\/div>\n\t\t\t\t<\/div>\n\t\t<div data-particle_enable=\"false\" data-particle-mobile-disabled=\"false\" class=\"elementor-element elementor-element-398664b e-flex e-con-boxed e-con e-parent\" data-id=\"398664b\" data-element_type=\"container\" data-e-type=\"container\">\n\t\t\t\t\t<div class=\"e-con-inner\">\n\t\t\t\t<div class=\"elementor-element elementor-element-0ca1c6c elementor-widget elementor-widget-text-editor\" data-id=\"0ca1c6c\" data-element_type=\"widget\" data-e-type=\"widget\" data-widget_type=\"text-editor.default\">\n\t\t\t\t\t\t\t\t\t<p>Como consecuencia de la migraci\u00f3n hacia los Estados Unidos, algunos j\u00f3venes toman la decisi\u00f3n de conformar su familia sin estar presente en el momento en que el compromiso se oficializa. La ausencia no impide realizar los ritos tradicionales y normas para que la se\u00f1orita viva en la casa de sus suegros, como es la costumbre. En otros casos el ausente es el padre de la novia.<\/p><p>Antes del conflicto armado, el Consejo de Principales era considerado la m\u00e1xima autoridad, integrado por veinte ancianos de reconocida honorabilidad, reputaci\u00f3n y trabajo comunitario, n\u00famero significativo en el Calendario Maya, pero las organizaciones pol\u00edticas partidistas han incidido en la p\u00e9rdida de estos valores.<\/p>\t\t\t\t\t\t\t\t<\/div>\n\t\t\t\t\t<\/div>\n\t\t\t\t<\/div>\n\t\t<div data-particle_enable=\"false\" data-particle-mobile-disabled=\"false\" class=\"elementor-element elementor-element-574cbf3 e-flex e-con-boxed e-con e-parent\" data-id=\"574cbf3\" data-element_type=\"container\" data-e-type=\"container\">\n\t\t\t\t\t<div class=\"e-con-inner\">\n\t\t\t\t<div class=\"elementor-element elementor-element-afb6ebb elementor-widget elementor-widget-heading\" data-id=\"afb6ebb\" data-element_type=\"widget\" data-e-type=\"widget\" data-widget_type=\"heading.default\">\n\t\t\t\t\t<h2 class=\"elementor-heading-title elementor-size-default\">Atuendo ancestral<\/h2>\t\t\t\t<\/div>\n\t\t\t\t\t<\/div>\n\t\t\t\t<\/div>\n\t\t<div data-particle_enable=\"false\" data-particle-mobile-disabled=\"false\" class=\"elementor-element elementor-element-8283a65 e-flex e-con-boxed e-con e-parent\" data-id=\"8283a65\" data-element_type=\"container\" data-e-type=\"container\">\n\t\t\t\t\t<div class=\"e-con-inner\">\n\t\t\t\t<div class=\"elementor-element elementor-element-e971018 elementor-widget elementor-widget-text-editor\" data-id=\"e971018\" data-element_type=\"widget\" data-e-type=\"widget\" data-widget_type=\"text-editor.default\">\n\t\t\t\t\t\t\t\t\t<p>La\u00a0<a href=\"https:\/\/soymigrante.com\/revista\/indumentaria-maya-de-guatemala-simbolo-nacional-multicultural\/\" target=\"_blank\" rel=\"noopener\">indumentaria<\/a>\u00a0diaria de los hombres de los tres municipios ixil, actualmente es de fabricaci\u00f3n industrial, como consecuencia de la influencia masiva del comercio y de la moda. Tradicionalmente los pantalones y camisas eran tejidas en telar de cintura, por mujeres ixiles. De color blanca la camisa usada en Nebaj y azul, en Cotzal y Chajul. El Pantal\u00f3n color blanco ahora es de telas industriales. En la actualidad pocos hombres mayores de edad usan esta indumentaria. El sombrero de palma adornado con list\u00f3n negro, es de uso generalizada entre los varones.<\/p><p>La indumentaria de los integrantes de las cofrad\u00edas consiste en: pantal\u00f3n blanco confeccionado de hilo marcas \u201cmish\u201d o el conocido como \u201calem\u00e1n\u201d. En la cintura colocan una faja roja con figuras bordadas similares a los huipiles, en los extremos la faja tiene flecos trenzados o borlas.\u00a0<\/p><p>\u00a0<\/p>\t\t\t\t\t\t\t\t<\/div>\n\t\t\t\t\t<\/div>\n\t\t\t\t<\/div>\n\t\t<div data-particle_enable=\"false\" data-particle-mobile-disabled=\"false\" class=\"elementor-element elementor-element-79fc00f e-flex e-con-boxed e-con e-parent\" data-id=\"79fc00f\" data-element_type=\"container\" data-e-type=\"container\">\n\t\t\t\t\t<div class=\"e-con-inner\">\n\t\t\t\t<div class=\"elementor-element elementor-element-162642a elementor-widget elementor-widget-image\" data-id=\"162642a\" data-element_type=\"widget\" data-e-type=\"widget\" data-widget_type=\"image.default\">\n\t\t\t\t\t\t\t\t\t\t\t\t<figure class=\"wp-caption\">\n\t\t\t\t\t\t\t\t\t\t<img loading=\"lazy\" decoding=\"async\" width=\"768\" height=\"1035\" src=\"https:\/\/soymigrante.com\/revista\/wp-content\/uploads\/2024\/09\/Foto-1-Traje-Maya-IXIL-Carmen-Pettersen-768x1035.webp\" class=\"attachment-medium_large size-medium_large wp-image-8845\" alt=\"Honores tradicionales de una pareja ind\u00edgena en vestimenta tradicional, en un entorno rural con valla de madera, representando cultura mexicana y ra\u00edces ancestrales.\" srcset=\"https:\/\/soymigrante.com\/revista\/wp-content\/uploads\/2024\/09\/Foto-1-Traje-Maya-IXIL-Carmen-Pettersen-768x1035.webp 768w, https:\/\/soymigrante.com\/revista\/wp-content\/uploads\/2024\/09\/Foto-1-Traje-Maya-IXIL-Carmen-Pettersen-223x300.webp 223w, https:\/\/soymigrante.com\/revista\/wp-content\/uploads\/2024\/09\/Foto-1-Traje-Maya-IXIL-Carmen-Pettersen-760x1024.webp 760w, https:\/\/soymigrante.com\/revista\/wp-content\/uploads\/2024\/09\/Foto-1-Traje-Maya-IXIL-Carmen-Pettersen-1140x1536.webp 1140w, https:\/\/soymigrante.com\/revista\/wp-content\/uploads\/2024\/09\/Foto-1-Traje-Maya-IXIL-Carmen-Pettersen-1520x2048.jpg 1520w, https:\/\/soymigrante.com\/revista\/wp-content\/uploads\/2024\/09\/Foto-1-Traje-Maya-IXIL-Carmen-Pettersen-750x1010.webp 750w, https:\/\/soymigrante.com\/revista\/wp-content\/uploads\/2024\/09\/Foto-1-Traje-Maya-IXIL-Carmen-Pettersen-scaled.webp 1425w\" sizes=\"(max-width: 768px) 100vw, 768px\" \/>\t\t\t\t\t\t\t\t\t\t\t<figcaption class=\"widget-image-caption wp-caption-text\">Retrato de una pareja ind\u00edgena con vestimenta y adornos tradicionales, simbolizando cultura, identidad y ra\u00edces mexicanas, en un ambiente rural y natural.<\/figcaption>\n\t\t\t\t\t\t\t\t\t\t<\/figure>\n\t\t\t\t\t\t\t\t\t<\/div>\n\t\t\t\t\t<\/div>\n\t\t\t\t<\/div>\n\t\t<div data-particle_enable=\"false\" data-particle-mobile-disabled=\"false\" class=\"elementor-element elementor-element-867a53a e-flex e-con-boxed e-con e-parent\" data-id=\"867a53a\" data-element_type=\"container\" data-e-type=\"container\">\n\t\t\t\t\t<div class=\"e-con-inner\">\n\t\t\t\t<div class=\"elementor-element elementor-element-3386cfa elementor-widget elementor-widget-text-editor\" data-id=\"3386cfa\" data-element_type=\"widget\" data-e-type=\"widget\" data-widget_type=\"text-editor.default\">\n\t\t\t\t\t\t\t\t\t<p>El \u201ccot\u00f3n\u201d es una chaqueta actualmente de tipo occidental, color rojo, con pu\u00f1os y solapas negras, elaborada a base de lana de oveja. La usan la mayor\u00eda de los hombres, especialmente en fiestas familiares, celebraciones religiosas, ceremonias mayas y actos p\u00fablicos.\u00a0<\/p><p>Tradicionalmente se calzaban sandalias de cuero con suelas de hule de neum\u00e1ticos reciclados, estos han sido sustituidos por zapatos deportivos pl\u00e1sticos o \u201cde vestir\u201d de otros materiales sint\u00e9ticos.<\/p>\t\t\t\t\t\t\t\t<\/div>\n\t\t\t\t\t<\/div>\n\t\t\t\t<\/div>\n\t\t<div data-particle_enable=\"false\" data-particle-mobile-disabled=\"false\" class=\"elementor-element elementor-element-6c9b1c6 e-flex e-con-boxed e-con e-parent\" data-id=\"6c9b1c6\" data-element_type=\"container\" data-e-type=\"container\">\n\t\t\t\t\t<div class=\"e-con-inner\">\n\t\t\t\t<div class=\"elementor-element elementor-element-3987187 elementor-widget elementor-widget-text-editor\" data-id=\"3987187\" data-element_type=\"widget\" data-e-type=\"widget\" data-widget_type=\"text-editor.default\">\n\t\t\t\t\t\t\t\t\t<p>Las mujeres conservan m\u00e1s su indumentaria maya. Ellas dise\u00f1an su propio huipil, arte heredado de las abuelas, madres y t\u00edas. En Nebaj el huipil es de fondo color blanco, con dise\u00f1os brocados de figuras humanas, aves, jaguares, \u00e1guilas y caballos entre otros. Incluyen la figura del colibr\u00ed, vinculada a la leyenda de un joven enamorado que se transform\u00f3 en este p\u00e1jaro para estar junto a su amada.\u00a0<\/p><p>El corte (especie de falda) es de color rojo con delgadas franjas verticales con segmentos negros, amarillos y blancos. El corte lo sujetan por medio de una faja enrollada a la cintura. El cabello lo trenzan con una llamativa cinta bordada de diferentes colores que enrollada representa una serpiente.<\/p><p>\u00a0<\/p>\t\t\t\t\t\t\t\t<\/div>\n\t\t\t\t\t<\/div>\n\t\t\t\t<\/div>\n\t\t<div data-particle_enable=\"false\" data-particle-mobile-disabled=\"false\" class=\"elementor-element elementor-element-e45b637 e-flex e-con-boxed e-con e-parent\" data-id=\"e45b637\" data-element_type=\"container\" data-e-type=\"container\">\n\t\t\t\t\t<div class=\"e-con-inner\">\n\t\t\t\t<div class=\"elementor-element elementor-element-8b5defa elementor-widget elementor-widget-image\" data-id=\"8b5defa\" data-element_type=\"widget\" data-e-type=\"widget\" data-widget_type=\"image.default\">\n\t\t\t\t\t\t\t\t\t\t\t\t<figure class=\"wp-caption\">\n\t\t\t\t\t\t\t\t\t\t<img loading=\"lazy\" decoding=\"async\" width=\"899\" height=\"611\" src=\"https:\/\/soymigrante.com\/revista\/wp-content\/uploads\/2024\/09\/Foto-2-traje-maya-femenino-IXIL.webp\" class=\"attachment-large size-large wp-image-8844\" alt=\"Vestimenta tradicional ind\u00edgena mexicana, mujer y ni\u00f1os en trajes t\u00edpicos de Cotzal, Chajul y Nebaj en Guatemala, reflejando cultura y cultura ancestral en festividades.\" srcset=\"https:\/\/soymigrante.com\/revista\/wp-content\/uploads\/2024\/09\/Foto-2-traje-maya-femenino-IXIL.webp 899w, https:\/\/soymigrante.com\/revista\/wp-content\/uploads\/2024\/09\/Foto-2-traje-maya-femenino-IXIL-300x204.webp 300w, https:\/\/soymigrante.com\/revista\/wp-content\/uploads\/2024\/09\/Foto-2-traje-maya-femenino-IXIL-768x522.webp 768w, https:\/\/soymigrante.com\/revista\/wp-content\/uploads\/2024\/09\/Foto-2-traje-maya-femenino-IXIL-750x510.webp 750w\" sizes=\"(max-width: 899px) 100vw, 899px\" \/>\t\t\t\t\t\t\t\t\t\t\t<figcaption class=\"widget-image-caption wp-caption-text\">Trajes folkl\u00f3ricos de Guatemala y M\u00e9xico, representaci\u00f3n cultural, indumentaria tradicional y etnia, en celebraci\u00f3n y rituales, mujeres y ni\u00f1os con vestimenta aut\u00f3ctona.<\/figcaption>\n\t\t\t\t\t\t\t\t\t\t<\/figure>\n\t\t\t\t\t\t\t\t\t<\/div>\n\t\t\t\t\t<\/div>\n\t\t\t\t<\/div>\n\t\t<div data-particle_enable=\"false\" data-particle-mobile-disabled=\"false\" class=\"elementor-element elementor-element-6a179c0 e-flex e-con-boxed e-con e-parent\" data-id=\"6a179c0\" data-element_type=\"container\" data-e-type=\"container\">\n\t\t\t\t\t<div class=\"e-con-inner\">\n\t\t\t\t<div class=\"elementor-element elementor-element-3d1994a elementor-widget elementor-widget-text-editor\" data-id=\"3d1994a\" data-element_type=\"widget\" data-e-type=\"widget\" data-widget_type=\"text-editor.default\">\n\t\t\t\t\t\t\t\t\t<p>En el municipio de Chajul las mujeres usan huipil de color blanco con figuras color morado bordadas a mano, entre las que resaltan \u00e1guilas bic\u00e9falas. El cuello es redondo con peque\u00f1os picos bordados.<\/p><p>El corte (especie de falda), es de color rojo obscuro con delgadas franjas blancas, negras y moradas que forman cuadros y dise\u00f1os verticales. Sostienen el corte, con una faja bordada con la figura estilizada de un rayo, en vivos colores. El cabello lo trenzan con una cinta muy colorida con dos borlas de lana en los extremos, que quedan en la parte frontal de la cabeza. Usan perraje y collares (chachal) en los que sobresalen monedas antiguas de plata.<\/p><p>En Cotzal, el huipil es de un fino tejido elaborado en telar de cintura. Es de color verde con diversos brocados de figuras de \u00e1rboles, monta\u00f1as y flores. El cuello es redondo, la orilla bordada a mano. El corte (especie de falda) es de dise\u00f1o \u201cjaspeado\u201d en hilos de tonalidades verdes y azules, blanco y negro. La faja se decora con los mismos colores y dise\u00f1os del huipil. En el cabello las mujeres de Cotzal llevan una cinta menos llamativa que la usada por las mujeres de los pueblos hermanos. Portan un collar de plata con una moneda grande al frente.<\/p>\t\t\t\t\t\t\t\t<\/div>\n\t\t\t\t\t<\/div>\n\t\t\t\t<\/div>\n\t\t<div data-particle_enable=\"false\" data-particle-mobile-disabled=\"false\" class=\"elementor-element elementor-element-9bad18d e-flex e-con-boxed e-con e-parent\" data-id=\"9bad18d\" data-element_type=\"container\" data-e-type=\"container\">\n\t\t\t\t\t<div class=\"e-con-inner\">\n\t\t\t\t<div class=\"elementor-element elementor-element-f182734 elementor-widget elementor-widget-image\" data-id=\"f182734\" data-element_type=\"widget\" data-e-type=\"widget\" data-widget_type=\"image.default\">\n\t\t\t\t\t\t\t\t\t\t\t\t<figure class=\"wp-caption\">\n\t\t\t\t\t\t\t\t\t\t<img loading=\"lazy\" decoding=\"async\" width=\"768\" height=\"1004\" src=\"https:\/\/soymigrante.com\/revista\/wp-content\/uploads\/2024\/09\/Foto-3-Nebaj-Ixil-Carmen-Pettersen-768x1004.webp\" class=\"attachment-medium_large size-medium_large wp-image-8843\" alt=\"- Mujer ind\u00edgena en vestimenta tradicional con accesorios coloridos, sentada en banco de madera.\" srcset=\"https:\/\/soymigrante.com\/revista\/wp-content\/uploads\/2024\/09\/Foto-3-Nebaj-Ixil-Carmen-Pettersen-768x1004.webp 768w, https:\/\/soymigrante.com\/revista\/wp-content\/uploads\/2024\/09\/Foto-3-Nebaj-Ixil-Carmen-Pettersen-230x300.webp 230w, https:\/\/soymigrante.com\/revista\/wp-content\/uploads\/2024\/09\/Foto-3-Nebaj-Ixil-Carmen-Pettersen-784x1024.webp 784w, https:\/\/soymigrante.com\/revista\/wp-content\/uploads\/2024\/09\/Foto-3-Nebaj-Ixil-Carmen-Pettersen-1175x1536.webp 1175w, https:\/\/soymigrante.com\/revista\/wp-content\/uploads\/2024\/09\/Foto-3-Nebaj-Ixil-Carmen-Pettersen-scaled.webp 1469w, https:\/\/soymigrante.com\/revista\/wp-content\/uploads\/2024\/09\/Foto-3-Nebaj-Ixil-Carmen-Pettersen-750x980.webp 750w, https:\/\/soymigrante.com\/revista\/wp-content\/uploads\/2024\/09\/Foto-3-Nebaj-Ixil-Carmen-Pettersen-1140x1490.webp 1140w\" sizes=\"(max-width: 768px) 100vw, 768px\" \/>\t\t\t\t\t\t\t\t\t\t\t<figcaption class=\"widget-image-caption wp-caption-text\">- Retrato de una mujer ind\u00edgena con vestimenta y adornos culturales, reflejando identidad y ra\u00edces culturales.<\/figcaption>\n\t\t\t\t\t\t\t\t\t\t<\/figure>\n\t\t\t\t\t\t\t\t\t<\/div>\n\t\t\t\t\t<\/div>\n\t\t\t\t<\/div>\n\t\t<div data-particle_enable=\"false\" data-particle-mobile-disabled=\"false\" class=\"elementor-element elementor-element-4aeb0b4 e-flex e-con-boxed e-con e-parent\" data-id=\"4aeb0b4\" data-element_type=\"container\" data-e-type=\"container\">\n\t\t\t\t\t<div class=\"e-con-inner\">\n\t\t\t\t<div class=\"elementor-element elementor-element-a4c9eaf elementor-widget elementor-widget-heading\" data-id=\"a4c9eaf\" data-element_type=\"widget\" data-e-type=\"widget\" data-widget_type=\"heading.default\">\n\t\t\t\t\t<h3 class=\"elementor-heading-title elementor-size-default\">Danzas tradicionales<\/h3>\t\t\t\t<\/div>\n\t\t\t\t\t<\/div>\n\t\t\t\t<\/div>\n\t\t<div data-particle_enable=\"false\" data-particle-mobile-disabled=\"false\" class=\"elementor-element elementor-element-2ac0c83 e-flex e-con-boxed e-con e-parent\" data-id=\"2ac0c83\" data-element_type=\"container\" data-e-type=\"container\">\n\t\t\t\t\t<div class=\"e-con-inner\">\n\t\t\t\t<div class=\"elementor-element elementor-element-5daa1dc elementor-widget elementor-widget-text-editor\" data-id=\"5daa1dc\" data-element_type=\"widget\" data-e-type=\"widget\" data-widget_type=\"text-editor.default\">\n\t\t\t\t\t\t\t\t\t<p><strong>B\u2019ixaal tetz Txaatavatz:<\/strong> es un baile ritual. En las ceremonias mayas acompa\u00f1a los ritos para pedir protecci\u00f3n y agradecer la vida, salud, la siembra de la milpa, la bendici\u00f3n de una nueva casa, el bienestar familiar. Tambi\u00e9n se baila en la fiesta patronal, en la toma de posesi\u00f3n de los alcaldes auxiliares y municipales. Por norma, el gu\u00eda espiritual, los encargados de la ceremonia y los ancianos dan inicio al baile. Primero solamente los hombres, despu\u00e9s las mujeres. El prop\u00f3sito de este ritual es propiciar alegr\u00eda, convivencia, paz y tranquilidad entre los miembros de una familia o de la comunidad.<\/p><p><strong>Baile de la Conquista:<\/strong> se representa durante la fiesta patronal de cada municipio ixil. En Nebaj, se puede observar del 7 al 15 de agosto; en Chajul, del 25 a 15 de enero y en Cotzal, del 25 de mayo al 24 de junio. Escenifica la lucha de resistencia del pueblo maya encabezada por Tec\u00fan Um\u00e1n y sus guerreros frente a la invasi\u00f3n espa\u00f1ola. Este baile se realiza con m\u00fasica de chirim\u00eda y tambor.\u00a0<\/p>\t\t\t\t\t\t\t\t<\/div>\n\t\t\t\t\t<\/div>\n\t\t\t\t<\/div>\n\t\t<div data-particle_enable=\"false\" data-particle-mobile-disabled=\"false\" class=\"elementor-element elementor-element-4810e70 e-flex e-con-boxed e-con e-parent\" data-id=\"4810e70\" data-element_type=\"container\" data-e-type=\"container\">\n\t\t\t\t\t<div class=\"e-con-inner\">\n\t\t\t\t<div class=\"elementor-element elementor-element-ae80aae elementor-widget elementor-widget-text-editor\" data-id=\"ae80aae\" data-element_type=\"widget\" data-e-type=\"widget\" data-widget_type=\"text-editor.default\">\n\t\t\t\t\t\t\t\t\t<p><strong>B\u2019ixaal Moronka\u2019, o Baile de la Chavela:<\/strong> representa que varios espa\u00f1oles desean cazar venados. Para eso deciden que los acompa\u00f1e un anciano cacique del pueblo. Este se niega porque sabe que el venado es un animal sagrado, pero al final accede. Salen con armas y perros y cazan varios ciervos, entrada la noche reparten el producto de la cacer\u00eda. Cuando el viejo regresa a su casa se da cuenta que su esposa Chabela ha sido raptada por espa\u00f1oles que no participaron en la cacer\u00eda. El cacique llora desconsolado y pide ayuda a los pobladores. Este baile es una s\u00e1tira al comportamiento de los conquistadores, se representa al comp\u00e1s de la m\u00fasica de viol\u00edn y guitarra, durante la fiesta del Corpus Christi en Nebaj.<\/p><p><strong>Convite:<\/strong> este baile es reciente de realizaci\u00f3n, su prop\u00f3sito es divertir a la poblaci\u00f3n durante las fiestas patronales.<\/p>\t\t\t\t\t\t\t\t<\/div>\n\t\t\t\t\t<\/div>\n\t\t\t\t<\/div>\n\t\t<div data-particle_enable=\"false\" data-particle-mobile-disabled=\"false\" class=\"elementor-element elementor-element-bacd383 e-flex e-con-boxed e-con e-parent\" data-id=\"bacd383\" data-element_type=\"container\" data-e-type=\"container\">\n\t\t\t\t\t<div class=\"e-con-inner\">\n\t\t\t\t<div class=\"elementor-element elementor-element-ac01ca2 elementor-widget elementor-widget-heading\" data-id=\"ac01ca2\" data-element_type=\"widget\" data-e-type=\"widget\" data-widget_type=\"heading.default\">\n\t\t\t\t\t<h2 class=\"elementor-heading-title elementor-size-default\">La pluriculturalidad de Guatemala <\/h2>\t\t\t\t<\/div>\n\t\t\t\t\t<\/div>\n\t\t\t\t<\/div>\n\t\t<div data-particle_enable=\"false\" data-particle-mobile-disabled=\"false\" class=\"elementor-element elementor-element-4fdda23 e-flex e-con-boxed e-con e-parent\" data-id=\"4fdda23\" data-element_type=\"container\" data-e-type=\"container\">\n\t\t\t\t\t<div class=\"e-con-inner\">\n\t\t\t\t<div class=\"elementor-element elementor-element-b1f3ee0 elementor-grid-eael-col-3 elementor-grid-tablet-eael-col-2 elementor-grid-mobile-eael-col-1 elementor-widget elementor-widget-eael-post-grid\" data-id=\"b1f3ee0\" data-element_type=\"widget\" data-e-type=\"widget\" data-settings=\"{&quot;eael_post_grid_columns&quot;:&quot;eael-col-3&quot;,&quot;eael_post_grid_columns_tablet&quot;:&quot;eael-col-2&quot;,&quot;eael_post_grid_columns_mobile&quot;:&quot;eael-col-1&quot;}\" data-widget_type=\"eael-post-grid.default\">\n\t\t\t\t\t<div id=\"eael-post-grid-b1f3ee0\" class=\"eael-post-grid-container\">\n            <div class=\"eael-post-grid eael-post-appender eael-post-appender-b1f3ee0 eael-post-grid-style-one\" data-layout-mode=\"masonry\"><article class=\"eael-grid-post  eael-post-grid-column eael-pg-post-8529 category-pueblos-de-guatemala\" data-id=\"8529\">\n        <div class=\"eael-grid-post-holder\">\n            <div class=\"eael-grid-post-holder-inner\"><div class=\"eael-entry-media\"><div class=\"eael-entry-overlay fade-in\"><i class=\"far fa-hand-pointer\" aria-hidden=\"true\"><\/i><a href=\"https:\/\/soymigrante.com\/revista\/etnias-de-guatemala-los-achi\/\"><\/a><\/div><div class=\"eael-entry-thumbnail \">\n                <img loading=\"lazy\" decoding=\"async\" width=\"1024\" height=\"1024\" src=\"https:\/\/soymigrante.com\/revista\/wp-content\/uploads\/2024\/08\/Achi-14-La-Conquista-e1724976866589-1024x1024.webp\" class=\"attachment-large size-large wp-image-8530\" alt=\"La danza de la Conquista de Rabina Baja Verapaz es una de las expresiones tradicionales del pueblo maya Achi\" srcset=\"https:\/\/soymigrante.com\/revista\/wp-content\/uploads\/2024\/08\/Achi-14-La-Conquista-e1724976866589-1024x1024.webp 1024w, https:\/\/soymigrante.com\/revista\/wp-content\/uploads\/2024\/08\/Achi-14-La-Conquista-e1724976866589-300x300.webp 300w, https:\/\/soymigrante.com\/revista\/wp-content\/uploads\/2024\/08\/Achi-14-La-Conquista-e1724976866589-150x150.webp 150w, https:\/\/soymigrante.com\/revista\/wp-content\/uploads\/2024\/08\/Achi-14-La-Conquista-e1724976866589-768x768.webp 768w, https:\/\/soymigrante.com\/revista\/wp-content\/uploads\/2024\/08\/Achi-14-La-Conquista-e1724976866589-75x75.webp 75w, https:\/\/soymigrante.com\/revista\/wp-content\/uploads\/2024\/08\/Achi-14-La-Conquista-e1724976866589-750x750.webp 750w, https:\/\/soymigrante.com\/revista\/wp-content\/uploads\/2024\/08\/Achi-14-La-Conquista-e1724976866589-1140x1140.webp 1140w, https:\/\/soymigrante.com\/revista\/wp-content\/uploads\/2024\/08\/Achi-14-La-Conquista-e1724976866589.webp 1280w\" sizes=\"(max-width: 1024px) 100vw, 1024px\" \/>\n            <\/div>\n        <\/div><div class=\"eael-entry-wrapper\"><header class=\"eael-entry-header\"><h2 class=\"eael-entry-title\"><a class=\"eael-grid-post-link\" href=\"https:\/\/soymigrante.com\/revista\/etnias-de-guatemala-los-achi\/\" title=\"El pueblo Achi&#8217; es descendiente de los se\u00f1ores Rabinaleb\">El pueblo Achi&#8217; es descendiente de los se\u00f1ores Rabinaleb<\/a><\/h2><\/header><div class=\"eael-entry-content\">\n                        <div class=\"eael-grid-post-excerpt\"><a href=\"https:\/\/soymigrante.com\/revista\/etnias-de-guatemala-los-achi\/\" class=\"eael-post-elements-readmore-btn\">CONOCE SU HISTORIA <\/a><\/div>\n                    <\/div><\/div><\/div>\n        <\/div>\n    <\/article><article class=\"eael-grid-post  eael-post-grid-column eael-pg-post-8563 category-pueblos-de-guatemala\" data-id=\"8563\">\n        <div class=\"eael-grid-post-holder\">\n            <div class=\"eael-grid-post-holder-inner\"><div class=\"eael-entry-media\"><div class=\"eael-entry-overlay fade-in\"><i class=\"far fa-hand-pointer\" aria-hidden=\"true\"><\/i><a href=\"https:\/\/soymigrante.com\/revista\/el-pueblo-awakateko-llevan-siglos-al-pie-de-los-cuchumatanes\/\"><\/a><\/div><div class=\"eael-entry-thumbnail \">\n                <img loading=\"lazy\" decoding=\"async\" width=\"960\" height=\"960\" src=\"https:\/\/soymigrante.com\/revista\/wp-content\/uploads\/2024\/08\/awakateko-1.webp\" class=\"attachment-large size-large wp-image-8565\" alt=\"El pueblo Awakateko lleva siglos al pie de los Cuchumatanes\" srcset=\"https:\/\/soymigrante.com\/revista\/wp-content\/uploads\/2024\/08\/awakateko-1.webp 960w, https:\/\/soymigrante.com\/revista\/wp-content\/uploads\/2024\/08\/awakateko-1-300x300.webp 300w, https:\/\/soymigrante.com\/revista\/wp-content\/uploads\/2024\/08\/awakateko-1-150x150.webp 150w, https:\/\/soymigrante.com\/revista\/wp-content\/uploads\/2024\/08\/awakateko-1-768x768.webp 768w, https:\/\/soymigrante.com\/revista\/wp-content\/uploads\/2024\/08\/awakateko-1-75x75.webp 75w, https:\/\/soymigrante.com\/revista\/wp-content\/uploads\/2024\/08\/awakateko-1-750x750.webp 750w\" sizes=\"(max-width: 960px) 100vw, 960px\" \/>\n            <\/div>\n        <\/div><div class=\"eael-entry-wrapper\"><header class=\"eael-entry-header\"><h2 class=\"eael-entry-title\"><a class=\"eael-grid-post-link\" href=\"https:\/\/soymigrante.com\/revista\/el-pueblo-awakateko-llevan-siglos-al-pie-de-los-cuchumatanes\/\" title=\"El pueblo Awakateko lleva siglos al pie de los Cuchumatanes\">El pueblo Awakateko lleva siglos al pie de los Cuchumatanes<\/a><\/h2><\/header><div class=\"eael-entry-content\">\n                        <div class=\"eael-grid-post-excerpt\"><a href=\"https:\/\/soymigrante.com\/revista\/el-pueblo-awakateko-llevan-siglos-al-pie-de-los-cuchumatanes\/\" class=\"eael-post-elements-readmore-btn\">CONOCE SU HISTORIA <\/a><\/div>\n                    <\/div><\/div><\/div>\n        <\/div>\n    <\/article><article class=\"eael-grid-post  eael-post-grid-column eael-pg-post-8651 category-pueblos-de-guatemala\" data-id=\"8651\">\n        <div class=\"eael-grid-post-holder\">\n            <div class=\"eael-grid-post-holder-inner\"><div class=\"eael-entry-media\"><div class=\"eael-entry-overlay fade-in\"><i class=\"far fa-hand-pointer\" aria-hidden=\"true\"><\/i><a href=\"https:\/\/soymigrante.com\/revista\/el-pueblo-chorti-es-el-corazon-maya-del-oriente-guatemalteco\/\"><\/a><\/div><div class=\"eael-entry-thumbnail \">\n                <img loading=\"lazy\" decoding=\"async\" width=\"1024\" height=\"1024\" src=\"https:\/\/soymigrante.com\/revista\/wp-content\/uploads\/2024\/09\/chorti-princesas-2024-1024x1024.webp\" class=\"attachment-large size-large wp-image-8655\" alt=\"Comunidad ind\u00edgena en M\u00e9xico con trajes tradicionales y cultura ancestral, representando diversidad cultural y tradiciones en M\u00e9xico.\" srcset=\"https:\/\/soymigrante.com\/revista\/wp-content\/uploads\/2024\/09\/chorti-princesas-2024-1024x1024.webp 1024w, https:\/\/soymigrante.com\/revista\/wp-content\/uploads\/2024\/09\/chorti-princesas-2024-300x300.webp 300w, https:\/\/soymigrante.com\/revista\/wp-content\/uploads\/2024\/09\/chorti-princesas-2024-150x150.webp 150w, https:\/\/soymigrante.com\/revista\/wp-content\/uploads\/2024\/09\/chorti-princesas-2024-768x768.webp 768w, https:\/\/soymigrante.com\/revista\/wp-content\/uploads\/2024\/09\/chorti-princesas-2024-75x75.webp 75w, https:\/\/soymigrante.com\/revista\/wp-content\/uploads\/2024\/09\/chorti-princesas-2024-750x750.webp 750w, https:\/\/soymigrante.com\/revista\/wp-content\/uploads\/2024\/09\/chorti-princesas-2024-1140x1140.webp 1140w, https:\/\/soymigrante.com\/revista\/wp-content\/uploads\/2024\/09\/chorti-princesas-2024.webp 1374w\" sizes=\"(max-width: 1024px) 100vw, 1024px\" \/>\n            <\/div>\n        <\/div><div class=\"eael-entry-wrapper\"><header class=\"eael-entry-header\"><h2 class=\"eael-entry-title\"><a class=\"eael-grid-post-link\" href=\"https:\/\/soymigrante.com\/revista\/el-pueblo-chorti-es-el-corazon-maya-del-oriente-guatemalteco\/\" title=\"El pueblo Ch&#8217;orti&#8217; es el coraz\u00f3n maya del oriente guatemalteco\">El pueblo Ch&#8217;orti&#8217; es el coraz\u00f3n maya del oriente guatemalteco<\/a><\/h2><\/header><div class=\"eael-entry-content\">\n                        <div class=\"eael-grid-post-excerpt\"><a href=\"https:\/\/soymigrante.com\/revista\/el-pueblo-chorti-es-el-corazon-maya-del-oriente-guatemalteco\/\" class=\"eael-post-elements-readmore-btn\">CONOCE SU HISTORIA <\/a><\/div>\n                    <\/div><\/div><\/div>\n        <\/div>\n    <\/article><\/div>\n            <div class=\"clearfix\"><\/div>\n        <\/div>\t\t\t\t<\/div>\n\t\t\t\t\t<\/div>\n\t\t\t\t<\/div>\n\t\t\t\t<\/div>\n\t\t","protected":false},"excerpt":{"rendered":"<p>La poblaci\u00f3n Ixil desciende de los antiguos mayas provenientes de las tierras bajas de El Mirador, Pet\u00e9n. Este grupo habit\u00f3 las faldas del cerro Ilom, 500 a\u00f1os antes de Cristo. El idioma Ixil es parte del grupo conformado por el Awakateko y Mam y m\u00e1s relacionado con el Tektiteko. Se cree que se separaron hace [&hellip;]<\/p>\n","protected":false},"author":17,"featured_media":8855,"comment_status":"open","ping_status":"open","sticky":false,"template":"","format":"standard","meta":{"_acf_changed":false,"_eb_attr":"","footnotes":""},"categories":[125],"tags":[],"class_list":["post-8837","post","type-post","status-publish","format-standard","has-post-thumbnail","hentry","category-pueblos-de-guatemala"],"acf":[],"aioseo_notices":[],"aioseo_head":"\n\t\t<!-- All in One SEO Pro 4.9.6.2 - aioseo.com -->\n\t<meta name=\"description\" content=\"Aunque habitan en Guatemala y Honduras, solo en pueblos como Jocot\u00e1n o Camot\u00e1n se habla a\u00fan el ch&#039;orti, considerado uno de los idiomas mayas m\u00e1s antiguos.\" \/>\n\t<meta name=\"robots\" content=\"max-snippet:-1, max-image-preview:large, max-video-preview:-1\" \/>\n\t<meta name=\"author\" content=\"Edwin Castro\"\/>\n\t<link rel=\"canonical\" href=\"https:\/\/soymigrante.com\/revista\/el-pueblo-chorti-es-el-corazon-maya-del-oriente-guatemalteco\/\" \/>\n\t<meta name=\"generator\" content=\"All in One SEO Pro (AIOSEO) 4.9.6.2\" \/>\n\n\t\t<link rel=\"preconnect\" href=\"https:\/\/fonts.googleapis.com\" crossorigin>\n<link rel=\"preconnect\" href=\"https:\/\/fonts.gstatic.com\" crossorigin>\n\t\t<meta property=\"og:locale\" content=\"es_ES\" \/>\n\t\t<meta property=\"og:site_name\" content=\"SoyMigrante.com REVISTA \u2013 Nuestra misi\u00f3n es reconocer y dignificar al migrante.\" \/>\n\t\t<meta property=\"og:type\" content=\"article\" \/>\n\t\t<meta property=\"og:title\" content=\"Los ch&#039;orti&#039; son el coraz\u00f3n maya del oriente guatemalteco\" \/>\n\t\t<meta property=\"og:description\" content=\"Aunque habitan en Guatemala y Honduras, solo en pueblos como Jocot\u00e1n o Camot\u00e1n se habla a\u00fan el ch&#039;orti, considerado uno de los idiomas mayas m\u00e1s antiguos.\" \/>\n\t\t<meta property=\"og:url\" content=\"https:\/\/soymigrante.com\/revista\/el-pueblo-chorti-es-el-corazon-maya-del-oriente-guatemalteco\/\" \/>\n\t\t<meta property=\"og:image\" content=\"https:\/\/soymigrante.com\/revista\/wp-content\/uploads\/2024\/09\/chorti-princesas-2024.webp\" \/>\n\t\t<meta property=\"og:image:secure_url\" content=\"https:\/\/soymigrante.com\/revista\/wp-content\/uploads\/2024\/09\/chorti-princesas-2024.webp\" \/>\n\t\t<meta property=\"og:image:width\" content=\"1374\" \/>\n\t\t<meta property=\"og:image:height\" content=\"1374\" \/>\n\t\t<meta property=\"article:published_time\" content=\"2024-09-20T17:24:03+00:00\" \/>\n\t\t<meta property=\"article:modified_time\" content=\"2025-10-01T18:12:14+00:00\" \/>\n\t\t<meta property=\"article:publisher\" content=\"https:\/\/www.facebook.com\/soymigrantecom\" \/>\n\t\t<meta name=\"twitter:card\" content=\"summary_large_image\" \/>\n\t\t<meta name=\"twitter:site\" content=\"@SoyMigrante_com\" \/>\n\t\t<meta name=\"twitter:title\" content=\"Los ch&#039;orti&#039; son el coraz\u00f3n maya del oriente guatemalteco\" \/>\n\t\t<meta name=\"twitter:description\" content=\"Aunque habitan en Guatemala y Honduras, solo en pueblos como Jocot\u00e1n o Camot\u00e1n se habla a\u00fan el ch&#039;orti, considerado uno de los idiomas mayas m\u00e1s antiguos.\" \/>\n\t\t<meta name=\"twitter:creator\" content=\"@SoyMigrante_com\" \/>\n\t\t<meta name=\"twitter:image\" content=\"https:\/\/soymigrante.com\/revista\/wp-content\/uploads\/2024\/09\/chorti-princesas-2024.webp\" \/>\n\t\t<!-- All in One SEO Pro -->\r\n\t\t<title>Los ch'orti' son el coraz\u00f3n maya del oriente guatemalteco<\/title>\n\n","aioseo_head_json":{"title":"Los ch'orti' son el coraz\u00f3n maya del oriente guatemalteco","description":"Aunque habitan en Guatemala y Honduras, solo en pueblos como Jocot\u00e1n o Camot\u00e1n se habla a\u00fan el ch'orti, considerado uno de los idiomas mayas m\u00e1s antiguos.","canonical_url":"https:\/\/soymigrante.com\/revista\/el-pueblo-chorti-es-el-corazon-maya-del-oriente-guatemalteco\/","robots":"max-snippet:-1, max-image-preview:large, max-video-preview:-1","keywords":"","webmasterTools":{"miscellaneous":"&lt;link rel=\"preconnect\" href=\"https:\/\/fonts.googleapis.com\" crossorigin&gt;\n&lt;link rel=\"preconnect\" href=\"https:\/\/fonts.gstatic.com\" crossorigin&gt;"},"schema":null,"og:locale":"es_ES","og:site_name":"SoyMigrante.com REVISTA \u2013 Nuestra misi\u00f3n es reconocer y dignificar al migrante.","og:type":"article","og:title":"Los ch'orti' son el coraz\u00f3n maya del oriente guatemalteco","og:description":"Aunque habitan en Guatemala y Honduras, solo en pueblos como Jocot\u00e1n o Camot\u00e1n se habla a\u00fan el ch'orti, considerado uno de los idiomas mayas m\u00e1s antiguos.","og:url":"https:\/\/soymigrante.com\/revista\/el-pueblo-chorti-es-el-corazon-maya-del-oriente-guatemalteco\/","og:image":"https:\/\/soymigrante.com\/revista\/wp-content\/uploads\/2024\/09\/chorti-princesas-2024.webp","og:image:secure_url":"https:\/\/soymigrante.com\/revista\/wp-content\/uploads\/2024\/09\/chorti-princesas-2024.webp","og:image:width":1374,"og:image:height":1374,"article:published_time":"2024-09-20T17:24:03+00:00","article:modified_time":"2025-10-01T18:12:14+00:00","article:publisher":"https:\/\/www.facebook.com\/soymigrantecom","twitter:card":"summary_large_image","twitter:site":"@SoyMigrante_com","twitter:title":"Los ch'orti' son el coraz\u00f3n maya del oriente guatemalteco","twitter:description":"Aunque habitan en Guatemala y Honduras, solo en pueblos como Jocot\u00e1n o Camot\u00e1n se habla a\u00fan el ch'orti, considerado uno de los idiomas mayas m\u00e1s antiguos.","twitter:creator":"@SoyMigrante_com","twitter:image":"https:\/\/soymigrante.com\/revista\/wp-content\/uploads\/2024\/09\/chorti-princesas-2024.webp"},"aioseo_meta_data":{"post_id":"8837","title":"El pueblo Ixil que habit\u00f3 en las tierras bajas en Pet\u00e9n","description":"La poblaci\u00f3n Ixil desciende de los antiguos mayas provenientes de las tierras bajas de El Mirador, Pet\u00e9n.","keywords":null,"keyphrases":{"focus":{"keyphrase":"Pueblo Ixil","score":60,"analysis":{"keyphraseInTitle":{"score":9,"maxScore":9,"error":0},"keyphraseInDescription":{"score":3,"maxScore":9,"error":1},"keyphraseLength":{"score":9,"maxScore":9,"error":0,"length":2},"keyphraseInURL":{"score":5,"maxScore":5,"error":0},"keyphraseInIntroduction":{"score":3,"maxScore":9,"error":1},"keyphraseInSubHeadings":{"score":3,"maxScore":9,"error":1},"keyphraseInImageAlt":{"score":9,"maxScore":9,"error":0},"keywordDensity":{"score":0,"type":"low","maxScore":9,"error":1}}},"additional":[{"keyphrase":"El Mirador Peten","score":40,"analysis":{"keyphraseInDescription":{"score":3,"maxScore":9,"error":1},"keyphraseLength":{"score":9,"maxScore":9,"error":0,"length":3},"keyphraseInIntroduction":{"score":3,"maxScore":9,"error":1},"keyphraseInImageAlt":{"score":3,"maxScore":9,"error":1},"keywordDensity":{"score":0,"type":"low","maxScore":9,"error":1}}},{"keyphrase":"pueblos mayas","score":40,"analysis":{"keyphraseInDescription":{"score":3,"maxScore":9,"error":1},"keyphraseLength":{"score":9,"maxScore":9,"error":0,"length":2},"keyphraseInIntroduction":{"score":3,"maxScore":9,"error":1},"keyphraseInImageAlt":{"score":3,"maxScore":9,"error":1},"keywordDensity":{"score":0,"type":"low","maxScore":9,"error":1}}},{"keyphrase":"Soy Guatemalteco","score":40,"analysis":{"keyphraseInDescription":{"score":3,"maxScore":9,"error":1},"keyphraseLength":{"score":9,"maxScore":9,"error":0,"length":2},"keyphraseInIntroduction":{"score":3,"maxScore":9,"error":1},"keyphraseInImageAlt":{"score":3,"maxScore":9,"error":1},"keywordDensity":{"score":0,"type":"low","maxScore":9,"error":1}}}]},"primary_term":null,"canonical_url":null,"og_title":null,"og_description":null,"og_object_type":"default","og_image_type":"default","og_image_url":null,"og_image_width":null,"og_image_height":null,"og_image_custom_url":null,"og_image_custom_fields":null,"og_video":"","og_custom_url":null,"og_article_section":null,"og_article_tags":null,"twitter_use_og":false,"twitter_card":"default","twitter_image_type":"default","twitter_image_url":null,"twitter_image_custom_url":null,"twitter_image_custom_fields":null,"twitter_title":null,"twitter_description":null,"schema":{"blockGraphs":[],"customGraphs":[],"default":{"data":{"Article":[],"Course":[],"Dataset":[],"FAQPage":[],"Movie":[],"Person":[],"Product":[],"ProductReview":[],"Car":[],"Recipe":[],"Service":[],"SoftwareApplication":[],"WebPage":[]},"graphName":"Article","isEnabled":true},"graphs":[]},"schema_type":"default","schema_type_options":null,"pillar_content":false,"robots_default":true,"robots_noindex":false,"robots_noarchive":false,"robots_nosnippet":false,"robots_nofollow":false,"robots_noimageindex":false,"robots_noodp":false,"robots_notranslate":false,"robots_max_snippet":"-1","robots_max_videopreview":"-1","robots_max_imagepreview":"large","priority":null,"frequency":"default","local_seo":null,"seo_analyzer_scan_date":"2025-10-08 23:13:10","breadcrumb_settings":null,"limit_modified_date":false,"reviewed_by":null,"open_ai":"{\"title\":{\"suggestions\":[],\"usage\":0},\"description\":{\"suggestions\":[],\"usage\":0}}","ai":null,"created":"2024-09-05 17:15:48","updated":"2026-02-04 13:34:04"},"aioseo_breadcrumb":"<div class=\"aioseo-breadcrumbs\"><span class=\"aioseo-breadcrumb\">\n\t<a href=\"https:\/\/soymigrante.com\/revista\" title=\"Home\">Home<\/a>\n<\/span><span class=\"aioseo-breadcrumb-separator\">\u00bb<\/span><span class=\"aioseo-breadcrumb\">\n\t<a href=\"https:\/\/soymigrante.com\/revista\/category\/guate-nuestra\/\" title=\"Guate Nuestra\">Guate Nuestra<\/a>\n<\/span><span class=\"aioseo-breadcrumb-separator\">\u00bb<\/span><span class=\"aioseo-breadcrumb\">\n\t<a href=\"https:\/\/soymigrante.com\/revista\/category\/guate-nuestra\/pueblos-de-guatemala\/\" title=\"Pueblos de Guatemala\">Pueblos de Guatemala<\/a>\n<\/span><span class=\"aioseo-breadcrumb-separator\">\u00bb<\/span><span class=\"aioseo-breadcrumb\">\n\tEl pueblo Ixil habit\u00f3 las tierras bajas de El Mirador, Pet\u00e9n\n<\/span><\/div>","aioseo_breadcrumb_json":[{"label":"Home","link":"https:\/\/soymigrante.com\/revista"},{"label":"Guate Nuestra","link":"https:\/\/soymigrante.com\/revista\/category\/guate-nuestra\/"},{"label":"Pueblos de Guatemala","link":"https:\/\/soymigrante.com\/revista\/category\/guate-nuestra\/pueblos-de-guatemala\/"},{"label":"El pueblo Ixil habit\u00f3 las tierras bajas de El Mirador, Pet\u00e9n","link":"https:\/\/soymigrante.com\/revista\/el-pueblo-ixil-habito-las-tierras-bajas-de-el-mirador-peten\/"}],"_links":{"self":[{"href":"https:\/\/soymigrante.com\/revista\/wp-json\/wp\/v2\/posts\/8837","targetHints":{"allow":["GET"]}}],"collection":[{"href":"https:\/\/soymigrante.com\/revista\/wp-json\/wp\/v2\/posts"}],"about":[{"href":"https:\/\/soymigrante.com\/revista\/wp-json\/wp\/v2\/types\/post"}],"author":[{"embeddable":true,"href":"https:\/\/soymigrante.com\/revista\/wp-json\/wp\/v2\/users\/17"}],"replies":[{"embeddable":true,"href":"https:\/\/soymigrante.com\/revista\/wp-json\/wp\/v2\/comments?post=8837"}],"version-history":[{"count":0,"href":"https:\/\/soymigrante.com\/revista\/wp-json\/wp\/v2\/posts\/8837\/revisions"}],"wp:featuredmedia":[{"embeddable":true,"href":"https:\/\/soymigrante.com\/revista\/wp-json\/wp\/v2\/media\/8855"}],"wp:attachment":[{"href":"https:\/\/soymigrante.com\/revista\/wp-json\/wp\/v2\/media?parent=8837"}],"wp:term":[{"taxonomy":"category","embeddable":true,"href":"https:\/\/soymigrante.com\/revista\/wp-json\/wp\/v2\/categories?post=8837"},{"taxonomy":"post_tag","embeddable":true,"href":"https:\/\/soymigrante.com\/revista\/wp-json\/wp\/v2\/tags?post=8837"}],"curies":[{"name":"wp","href":"https:\/\/api.w.org\/{rel}","templated":true}]}}