{"id":8770,"date":"2024-09-20T11:22:32","date_gmt":"2024-09-20T17:22:32","guid":{"rendered":"https:\/\/soymigrante.com\/revista\/?p=8770"},"modified":"2025-09-16T09:11:11","modified_gmt":"2025-09-16T15:11:11","slug":"el-itza-es-el-idioma-maya-que-lucha-por-sobrevivir","status":"publish","type":"post","link":"https:\/\/soymigrante.com\/revista\/el-itza-es-el-idioma-maya-que-lucha-por-sobrevivir\/","title":{"rendered":"El Itza&#8217; es el idioma maya que lucha por sobrevivir"},"content":{"rendered":"\t\t<div data-elementor-type=\"wp-post\" data-elementor-id=\"8770\" class=\"elementor elementor-8770\" data-elementor-post-type=\"post\">\n\t\t\t\t<div data-particle_enable=\"false\" data-particle-mobile-disabled=\"false\" class=\"elementor-element elementor-element-2422490 e-flex e-con-boxed e-con e-parent\" data-id=\"2422490\" data-element_type=\"container\" data-e-type=\"container\">\n\t\t\t\t\t<div class=\"e-con-inner\">\n\t\t\t\t<div class=\"elementor-element elementor-element-fbb1ea0 elementor-widget elementor-widget-heading\" data-id=\"fbb1ea0\" data-element_type=\"widget\" data-e-type=\"widget\" data-widget_type=\"heading.default\">\n\t\t\t\t\t<h2 class=\"elementor-heading-title elementor-size-default\">El territorio Itza' se concentra en San Jos\u00e9, Pet\u00e9n y municipios cercanos al lago Pet\u00e9n Itz\u00e1; hay esfuerzos para mantener vigente este idioma, pero la cantidad de hablantes se ha reducido y los adultos mayores anhelan que los j\u00f3venes aprendan a hablarlo.<\/h2>\t\t\t\t<\/div>\n\t\t\t\t\t<\/div>\n\t\t\t\t<\/div>\n\t\t<div data-particle_enable=\"false\" data-particle-mobile-disabled=\"false\" class=\"elementor-element elementor-element-f3bf5ae e-flex e-con-boxed e-con e-parent\" data-id=\"f3bf5ae\" data-element_type=\"container\" data-e-type=\"container\">\n\t\t\t\t\t<div class=\"e-con-inner\">\n\t\t\t\t<div class=\"elementor-element elementor-element-3b31516 elementor-widget elementor-widget-text-editor\" data-id=\"3b31516\" data-element_type=\"widget\" data-e-type=\"widget\" data-widget_type=\"text-editor.default\">\n\t\t\t\t\t\t\t\t\t<p>Seg\u00fan el censo 2018 hab\u00eda unas 2 mil personas guatemaltecas que se identificaban como pertenecientes a la etnia Itza&#8217;. Al menos 450 de ellas se ubicaban en Pet\u00e9n, 200 en la ciudad de Guatemala, 100 en Alta Verapaz y luego en peque\u00f1os grupos en los departamentos.\u00a0<\/p><p><span style=\"color: var( --e-global-color-text ); text-align: var(--text-align);\">Sin embargo, en t\u00e9rminos reales, los hablantes de este idioma no sobrepasan los 20, la mayor\u00eda de ellos adultos mayores, de los cuales han fallecido varios. La Academia de Lenguas Mayas ha tratado de difundir la pr\u00e1ctica de este idioma, pero ha sido dif\u00edcil. La plaza de coordinador de la Comunidad Ling\u00fc\u00edstica Itza ha sido anunciada desde junio 2024 y en este septiembre, a\u00fan no se ocupa.\u00a0 Los esfuerzos contin\u00faan. Esta es una historia del origen y evoluci\u00f3n de este idioma maya guatemalteco.<\/span><\/p>\t\t\t\t\t\t\t\t<\/div>\n\t\t\t\t\t<\/div>\n\t\t\t\t<\/div>\n\t\t<div data-particle_enable=\"false\" data-particle-mobile-disabled=\"false\" class=\"elementor-element elementor-element-7553684 e-flex e-con-boxed e-con e-parent\" data-id=\"7553684\" data-element_type=\"container\" data-e-type=\"container\">\n\t\t\t\t\t<div class=\"e-con-inner\">\n\t\t\t\t<div class=\"elementor-element elementor-element-e2102c5 elementor-widget elementor-widget-image\" data-id=\"e2102c5\" data-element_type=\"widget\" data-e-type=\"widget\" data-widget_type=\"image.default\">\n\t\t\t\t\t\t\t\t\t\t\t\t\t\t\t<img fetchpriority=\"high\" decoding=\"async\" width=\"847\" height=\"502\" src=\"https:\/\/soymigrante.com\/revista\/wp-content\/uploads\/2024\/09\/Captura-de-pantalla-2024-09-03-221404.webp\" class=\"attachment-large size-large wp-image-8777\" alt=\"El Itza&#039; es el idioma maya que lucha por sobrevivir\" srcset=\"https:\/\/soymigrante.com\/revista\/wp-content\/uploads\/2024\/09\/Captura-de-pantalla-2024-09-03-221404.webp 847w, https:\/\/soymigrante.com\/revista\/wp-content\/uploads\/2024\/09\/Captura-de-pantalla-2024-09-03-221404-300x178.webp 300w, https:\/\/soymigrante.com\/revista\/wp-content\/uploads\/2024\/09\/Captura-de-pantalla-2024-09-03-221404-768x455.webp 768w, https:\/\/soymigrante.com\/revista\/wp-content\/uploads\/2024\/09\/Captura-de-pantalla-2024-09-03-221404-750x445.webp 750w\" sizes=\"(max-width: 847px) 100vw, 847px\" title=\"El \u00e1rae pr\u00f3xima al lago Pet\u00e9n Itz\u00e1 es el principal n\u00facleo de pobladores Itza. (Mapa LIng\u00dcistico de Academia de Lenguas Mayas) \u2013 SoyMigrante.com REVISTA\" \/>\t\t\t\t\t\t\t\t\t\t\t\t\t\t\t<\/div>\n\t\t\t\t\t<\/div>\n\t\t\t\t<\/div>\n\t\t<div data-particle_enable=\"false\" data-particle-mobile-disabled=\"false\" class=\"elementor-element elementor-element-8ef6e03 e-flex e-con-boxed e-con e-parent\" data-id=\"8ef6e03\" data-element_type=\"container\" data-e-type=\"container\">\n\t\t\t\t\t<div class=\"e-con-inner\">\n\t\t\t\t<div class=\"elementor-element elementor-element-e9ac27c elementor-widget elementor-widget-text-editor\" data-id=\"e9ac27c\" data-element_type=\"widget\" data-e-type=\"widget\" data-widget_type=\"text-editor.default\">\n\t\t\t\t\t\t\t\t\t<p>\u00a0<\/p><p>A principios del siglo XV, el dirigente del poblado Tikul Chichen Itzaj de la dinast\u00eda de los Kanek,\u00a0<span style=\"color: var( --e-global-color-text ); text-align: var(--text-align);\">pobl\u00f3 los alrededores del lago Pet\u00e9n Itz\u00e1, junto a un grupo de su gente. Su prop\u00f3sito era\u00a0<\/span><span style=\"color: var( --e-global-color-text ); text-align: var(--text-align);\">protegerse de las profec\u00edas de los Chilam B\u2019alam de Chumayel, quienes predijeron, con cien\u00a0<\/span><span style=\"color: var( --e-global-color-text ); text-align: var(--text-align);\">a\u00f1os de anticipaci\u00f3n, la invasi\u00f3n, de estos se\u00f1or\u00edos, por grupos de hombres blancos y barbudos,\u00a0<\/span><span style=\"color: var( --e-global-color-text ); text-align: var(--text-align);\">que llegar\u00edan a destruir creencias y a exterminarles con fuego y sangre.<\/span><\/p><p><span style=\"color: var( --e-global-color-text ); text-align: var(--text-align);\">En 1525, Hern\u00e1n Cort\u00e9s, en su viaje de M\u00e9xico a Honduras, atraves\u00f3 el territorio de los ltza\u2019, que\u00a0<\/span><span style=\"color: var( --e-global-color-text ); text-align: var(--text-align);\">lo recibieron en el poblado de Tayasal, situada en una isla del gran lago de Pet\u00e9n ltz\u00e1. All\u00ed\u00a0<\/span><span style=\"color: var( --e-global-color-text ); text-align: var(--text-align);\">abandon\u00f3 Cort\u00e9s un caballo herido o enfermo, lo que dio lugar a la leyenda del \u201cTzimin tun\u201d.\u00a0<\/span><span style=\"color: var( --e-global-color-text ); text-align: var(--text-align);\">Durante los cien a\u00f1os siguientes los espa\u00f1oles no tuvieron m\u00e1s contacto con los ltza\u2019, que\u00a0<\/span><span style=\"color: var( --e-global-color-text ); text-align: var(--text-align);\">ten\u00edan fama de guerreros.<\/span><\/p>\t\t\t\t\t\t\t\t<\/div>\n\t\t\t\t\t<\/div>\n\t\t\t\t<\/div>\n\t\t<div data-particle_enable=\"false\" data-particle-mobile-disabled=\"false\" class=\"elementor-element elementor-element-85dab78 e-flex e-con-boxed e-con e-parent\" data-id=\"85dab78\" data-element_type=\"container\" data-e-type=\"container\">\n\t\t\t\t\t<div class=\"e-con-inner\">\n\t\t\t\t<div class=\"elementor-element elementor-element-e5a7036 elementor-widget elementor-widget-video\" data-id=\"e5a7036\" data-element_type=\"widget\" data-e-type=\"widget\" data-settings=\"{&quot;youtube_url&quot;:&quot;https:\\\/\\\/www.youtube.com\\\/watch?v=8mUDZr3ZpiY&quot;,&quot;start&quot;:0,&quot;end&quot;:210,&quot;video_type&quot;:&quot;youtube&quot;,&quot;controls&quot;:&quot;yes&quot;}\" data-widget_type=\"video.default\">\n\t\t\t\t\t\t\t<div class=\"elementor-wrapper elementor-open-inline\">\n\t\t\t<div class=\"elementor-video\"><\/div>\t\t<\/div>\n\t\t\t\t\t\t<\/div>\n\t\t\t\t\t<\/div>\n\t\t\t\t<\/div>\n\t\t<div data-particle_enable=\"false\" data-particle-mobile-disabled=\"false\" class=\"elementor-element elementor-element-ad595eb e-flex e-con-boxed e-con e-parent\" data-id=\"ad595eb\" data-element_type=\"container\" data-e-type=\"container\">\n\t\t\t\t\t<div class=\"e-con-inner\">\n\t\t\t\t<div class=\"elementor-element elementor-element-f1a01c5 elementor-widget elementor-widget-heading\" data-id=\"f1a01c5\" data-element_type=\"widget\" data-e-type=\"widget\" data-widget_type=\"heading.default\">\n\t\t\t\t\t<h3 class=\"elementor-heading-title elementor-size-default\">La violencia y la intolerancia acallaron un idioma<\/h3>\t\t\t\t<\/div>\n\t\t\t\t\t<\/div>\n\t\t\t\t<\/div>\n\t\t<div data-particle_enable=\"false\" data-particle-mobile-disabled=\"false\" class=\"elementor-element elementor-element-a2d13e3 e-flex e-con-boxed e-con e-parent\" data-id=\"a2d13e3\" data-element_type=\"container\" data-e-type=\"container\">\n\t\t\t\t\t<div class=\"e-con-inner\">\n\t\t\t\t<div class=\"elementor-element elementor-element-6c18989 elementor-widget elementor-widget-text-editor\" data-id=\"6c18989\" data-element_type=\"widget\" data-e-type=\"widget\" data-widget_type=\"text-editor.default\">\n\t\t\t\t\t\t\t\t\t<p>En el siglo XVII en la regi\u00f3n maya Itza\u2019 el idioma lo hablaban todos: ni\u00f1os, j\u00f3venes, adultos y ancianos, estos pobladores practicaban sus costumbres, tradiciones, gastronom\u00eda, y cosmovisi\u00f3n propia.\u00a0 Eran guerreros celosos de su territorio.\u00a0\u00a0\u00a0<\/p><p>La presencia de los espa\u00f1oles redujo la poblaci\u00f3n Itza\u2019, por medio de la evangelizaci\u00f3n y trabajos forzados. Concentraron a las familias en los pueblos de \u201cCh\u00e4k\u00e4n Itza\u2019 \u201d, actual municipio San Andr\u00e9s e \u201cIx Tutzil\u201d, hoy municipio de San Jos\u00e9.<\/p>\t\t\t\t\t\t\t\t<\/div>\n\t\t\t\t\t<\/div>\n\t\t\t\t<\/div>\n\t\t<div data-particle_enable=\"false\" data-particle-mobile-disabled=\"false\" class=\"elementor-element elementor-element-b223547 e-flex e-con-boxed e-con e-parent\" data-id=\"b223547\" data-element_type=\"container\" data-e-type=\"container\">\n\t\t\t\t\t<div class=\"e-con-inner\">\n\t\t\t\t<div class=\"elementor-element elementor-element-0707db9 elementor-widget elementor-widget-image\" data-id=\"0707db9\" data-element_type=\"widget\" data-e-type=\"widget\" data-widget_type=\"image.default\">\n\t\t\t\t\t\t\t\t\t\t\t\t<figure class=\"wp-caption\">\n\t\t\t\t\t\t\t\t\t\t<img decoding=\"async\" width=\"1024\" height=\"768\" src=\"https:\/\/soymigrante.com\/revista\/wp-content\/uploads\/2024\/09\/maya-itza-5-1024x768.webp\" class=\"attachment-large size-large wp-image-8775\" alt=\"El Itza&#039; es el idioma maya que lucha por sobrevivir\" srcset=\"https:\/\/soymigrante.com\/revista\/wp-content\/uploads\/2024\/09\/maya-itza-5-1024x768.webp 1024w, https:\/\/soymigrante.com\/revista\/wp-content\/uploads\/2024\/09\/maya-itza-5-300x225.webp 300w, https:\/\/soymigrante.com\/revista\/wp-content\/uploads\/2024\/09\/maya-itza-5-768x576.webp 768w, https:\/\/soymigrante.com\/revista\/wp-content\/uploads\/2024\/09\/maya-itza-5-1536x1152.webp 1536w, https:\/\/soymigrante.com\/revista\/wp-content\/uploads\/2024\/09\/maya-itza-5-750x563.webp 750w, https:\/\/soymigrante.com\/revista\/wp-content\/uploads\/2024\/09\/maya-itza-5-1140x855.webp 1140w, https:\/\/soymigrante.com\/revista\/wp-content\/uploads\/2024\/09\/maya-itza-5.webp 1920w\" sizes=\"(max-width: 1024px) 100vw, 1024px\" title=\"Existen  proyectos de la comunidad ling\u00fc\u00edstica Itza para evitalizar el idioma e impulsar sus tradiciones entre la ni\u00f1ez y juventud. Sin embargo, la cantidad de hablantes de Itza&#039; sigue reduci\u00e9ndose. (Fotograf\u00eda Comunidad Itza) \u2013 SoyMigrante.com REVISTA\" \/>\t\t\t\t\t\t\t\t\t\t\t<figcaption class=\"widget-image-caption wp-caption-text\">El Itza' es el idioma maya que lucha por sobrevivir<\/figcaption>\n\t\t\t\t\t\t\t\t\t\t<\/figure>\n\t\t\t\t\t\t\t\t\t<\/div>\n\t\t\t\t\t<\/div>\n\t\t\t\t<\/div>\n\t\t<div data-particle_enable=\"false\" data-particle-mobile-disabled=\"false\" class=\"elementor-element elementor-element-085ec04 e-flex e-con-boxed e-con e-parent\" data-id=\"085ec04\" data-element_type=\"container\" data-e-type=\"container\">\n\t\t\t\t\t<div class=\"e-con-inner\">\n\t\t\t\t<div class=\"elementor-element elementor-element-9971c88 elementor-widget elementor-widget-heading\" data-id=\"9971c88\" data-element_type=\"widget\" data-e-type=\"widget\" data-widget_type=\"heading.default\">\n\t\t\t\t\t<h3 class=\"elementor-heading-title elementor-size-default\">Cientos de a\u00f1os de agresi\u00f3n contra el Itza<\/h3>\t\t\t\t<\/div>\n\t\t\t\t\t<\/div>\n\t\t\t\t<\/div>\n\t\t<div data-particle_enable=\"false\" data-particle-mobile-disabled=\"false\" class=\"elementor-element elementor-element-fb1fc0b e-flex e-con-boxed e-con e-parent\" data-id=\"fb1fc0b\" data-element_type=\"container\" data-e-type=\"container\">\n\t\t\t\t\t<div class=\"e-con-inner\">\n\t\t\t\t<div class=\"elementor-element elementor-element-1d90e03 elementor-widget elementor-widget-text-editor\" data-id=\"1d90e03\" data-element_type=\"widget\" data-e-type=\"widget\" data-widget_type=\"text-editor.default\">\n\t\t\t\t\t\t\t\t\t<p>A Inicios del siglo XX el entonces presidente de Guatemala, Manuel Estrada Cabrera, orden\u00f3 que los nativos itza\u2019 transportaran carga empleando el \u201cmecapal\u201d, sin pago alguno ni proporcionarles alimentos; los nativos eran castigados si se negaban, por lo que muchos emigraron a Belice, en donde se hablaba ingl\u00e9s.<\/p><p>En 1935 el 100 por ciento de la poblaci\u00f3n del municipio de San Jos\u00e9, hablaba idioma itza\u2019. Federico Ponce Vaidez, entonces jefe pol\u00edtico departamental de Pet\u00e9n, prohibi\u00f3 definitivamente que los ni\u00f1os hablar\u00e1n su idioma en la escuela.\u00a0\u00a0<\/p><p>Esta decisi\u00f3n deriv\u00f3 del argumento de la maestra Socorro Leal de Ocha\u00e9ta, de que no pod\u00eda dar clases a los infantes porque no entend\u00edan el castellano. Tambi\u00e9n se prohibi\u00f3 a los padres comunicarse con sus hijos en el idioma materno.\u00a0<span style=\"color: var( --e-global-color-text ); text-align: var(--text-align);\">\u00a0<\/span><\/p><p>\u00a0<\/p><p>Los escolares que eran sorprendidos comunic\u00e1ndose en lengua Itza\u2019, eran sometidos a castigos como: arrodillarlos a orillas de la playa bajo el sol sobre granos de ma\u00edz y sostener una piedra en cada mano con los brazos extendidos, durante todo el periodo de clases;\u00a0 golpes con una regla de madera, azotes en p\u00fablico o se les obligaba ir al campo a recolectar chiles, ayotes y otras hortalizas\u00a0 para consumo de la maestra.\u00a0<\/p><p>Por el contrario se premiaba con dulces a los ni\u00f1os que mejor hablaran el castellano. A los padres de familia se le impon\u00edan multas en dinero que en ocasiones no pod\u00edan pagar y terminaban en la c\u00e1rcel.\u00a0\u00a0<\/p><p>Todo esto contrasta con los intentos actuales de fomentar el uso del idioma Itza&#8217;, sobre todo con el apoyo de la Academia de Lenguas Mayas de Guatemala. Ni\u00f1os y j\u00f3venes estudiantes de la regi\u00f3n Itza\u00b4participan en actividades educativas y concursos de canto o literatura, que buscan mantener con vida esta lengua.<\/p>\t\t\t\t\t\t\t\t<\/div>\n\t\t\t\t\t<\/div>\n\t\t\t\t<\/div>\n\t\t<div data-particle_enable=\"false\" data-particle-mobile-disabled=\"false\" class=\"elementor-element elementor-element-bd14598 e-flex e-con-boxed e-con e-parent\" data-id=\"bd14598\" data-element_type=\"container\" data-e-type=\"container\">\n\t\t\t\t\t<div class=\"e-con-inner\">\n\t\t\t\t<div class=\"elementor-element elementor-element-7ac13b0 elementor-widget elementor-widget-image\" data-id=\"7ac13b0\" data-element_type=\"widget\" data-e-type=\"widget\" data-widget_type=\"image.default\">\n\t\t\t\t\t\t\t\t\t\t\t\t<figure class=\"wp-caption\">\n\t\t\t\t\t\t\t\t\t\t<img decoding=\"async\" width=\"1024\" height=\"769\" src=\"https:\/\/soymigrante.com\/revista\/wp-content\/uploads\/2024\/09\/maya-itza-6-1024x769.webp\" class=\"attachment-large size-large wp-image-8778\" alt=\"El Itza&#039; es el idioma maya que lucha por sobrevivir\" srcset=\"https:\/\/soymigrante.com\/revista\/wp-content\/uploads\/2024\/09\/maya-itza-6-1024x769.webp 1024w, https:\/\/soymigrante.com\/revista\/wp-content\/uploads\/2024\/09\/maya-itza-6-300x225.webp 300w, https:\/\/soymigrante.com\/revista\/wp-content\/uploads\/2024\/09\/maya-itza-6-768x577.webp 768w, https:\/\/soymigrante.com\/revista\/wp-content\/uploads\/2024\/09\/maya-itza-6-1536x1154.webp 1536w, https:\/\/soymigrante.com\/revista\/wp-content\/uploads\/2024\/09\/maya-itza-6-750x563.webp 750w, https:\/\/soymigrante.com\/revista\/wp-content\/uploads\/2024\/09\/maya-itza-6-1140x856.webp 1140w, https:\/\/soymigrante.com\/revista\/wp-content\/uploads\/2024\/09\/maya-itza-6.webp 1920w\" sizes=\"(max-width: 1024px) 100vw, 1024px\" title=\"Cert\u00e1menes de baile y relatos de la tradici\u00f3n Itza&#039; figuran dentro de las estrategias para tratar de mantener vivo este idioma. (Foto Academia de Lenguas Mayas Comunidad Itza) \u2013 SoyMigrante.com REVISTA\" \/>\t\t\t\t\t\t\t\t\t\t\t<figcaption class=\"widget-image-caption wp-caption-text\">El Itza' es el idioma maya que lucha por sobrevivir<\/figcaption>\n\t\t\t\t\t\t\t\t\t\t<\/figure>\n\t\t\t\t\t\t\t\t\t<\/div>\n\t\t\t\t\t<\/div>\n\t\t\t\t<\/div>\n\t\t<div data-particle_enable=\"false\" data-particle-mobile-disabled=\"false\" class=\"elementor-element elementor-element-68a1498 e-flex e-con-boxed e-con e-parent\" data-id=\"68a1498\" data-element_type=\"container\" data-e-type=\"container\">\n\t\t\t\t\t<div class=\"e-con-inner\">\n\t\t\t\t<div class=\"elementor-element elementor-element-5547a0f elementor-widget elementor-widget-heading\" data-id=\"5547a0f\" data-element_type=\"widget\" data-e-type=\"widget\" data-widget_type=\"heading.default\">\n\t\t\t\t\t<h4 class=\"elementor-heading-title elementor-size-default\">El fot\u00f3grafo guatemalteco Carlos L\u00f3pez Ayerdi efectu\u00f3 un magn\u00edfico trabajo al registrar a ancianos hablantes de Itza'<\/h4>\t\t\t\t<\/div>\n\t\t\t\t\t<\/div>\n\t\t\t\t<\/div>\n\t\t<div data-particle_enable=\"false\" data-particle-mobile-disabled=\"false\" class=\"elementor-element elementor-element-a84442d e-flex e-con-boxed e-con e-parent\" data-id=\"a84442d\" data-element_type=\"container\" data-e-type=\"container\">\n\t\t\t\t\t<div class=\"e-con-inner\">\n\t\t\t\t<div class=\"elementor-element elementor-element-ecf3cd4 elementor-widget elementor-widget-video\" data-id=\"ecf3cd4\" data-element_type=\"widget\" data-e-type=\"widget\" data-settings=\"{&quot;youtube_url&quot;:&quot;https:\\\/\\\/www.youtube.com\\\/watch?app=desktop&amp;v=ag4bWPfZ9PI&quot;,&quot;video_type&quot;:&quot;youtube&quot;,&quot;controls&quot;:&quot;yes&quot;}\" data-widget_type=\"video.default\">\n\t\t\t\t\t\t\t<div class=\"elementor-wrapper elementor-open-inline\">\n\t\t\t<div class=\"elementor-video\"><\/div>\t\t<\/div>\n\t\t\t\t\t\t<\/div>\n\t\t\t\t\t<\/div>\n\t\t\t\t<\/div>\n\t\t<div data-particle_enable=\"false\" data-particle-mobile-disabled=\"false\" class=\"elementor-element elementor-element-d2817e3 e-flex e-con-boxed e-con e-parent\" data-id=\"d2817e3\" data-element_type=\"container\" data-e-type=\"container\">\n\t\t\t\t\t<div class=\"e-con-inner\">\n\t\t\t\t<div class=\"elementor-element elementor-element-163d68b elementor-widget elementor-widget-heading\" data-id=\"163d68b\" data-element_type=\"widget\" data-e-type=\"widget\" data-widget_type=\"heading.default\">\n\t\t\t\t\t<h2 class=\"elementor-heading-title elementor-size-default\">Los a\u00f1os pesan sobre Itza' hablantes<\/h2>\t\t\t\t<\/div>\n\t\t\t\t\t<\/div>\n\t\t\t\t<\/div>\n\t\t<div data-particle_enable=\"false\" data-particle-mobile-disabled=\"false\" class=\"elementor-element elementor-element-86c0c71 e-flex e-con-boxed e-con e-parent\" data-id=\"86c0c71\" data-element_type=\"container\" data-e-type=\"container\">\n\t\t\t\t\t<div class=\"e-con-inner\">\n\t\t\t\t<div class=\"elementor-element elementor-element-5b7b332 elementor-widget elementor-widget-text-editor\" data-id=\"5b7b332\" data-element_type=\"widget\" data-e-type=\"widget\" data-widget_type=\"text-editor.default\">\n\t\t\t\t\t\t\t\t\t<p>El \u00faltimo basti\u00f3n del pueblo maya Itza\u2019 se encuentra en el municipio de San Jos\u00e9, Pet\u00e9n. El n\u00famero de hablantes se hab\u00eda reducido a 35 personas todos mayores de 60 a\u00f1os, seg\u00fan investigaci\u00f3n y censo realizado por Marcos Joel Santiago Cortez, en 2010.\u00a0<\/p><p>\u00a0Pero desde 1991 a iniciativa de la antrop\u00f3loga Linda Barrios se fund\u00f3 junto a pobladores de este municipio el Proyecto de Rescate del Idioma Maya Itza\u2019 , PRIMI, cuyo objetivo fue impartir clases en idioma Itza\u2019, para lo cual se le ense\u00f1\u00f3 este idioma a los maestros de escuelas de primaria y secundaria del municipio de San Jos\u00e9, ense\u00f1anza a cargo de un grupo de ancianos de la localidad.\u00a0 Actualmente la Academia de las Lenguas Mayas de Guatemala promueve acciones de rescate para este idioma nativo<\/p>\t\t\t\t\t\t\t\t<\/div>\n\t\t\t\t\t<\/div>\n\t\t\t\t<\/div>\n\t\t<div data-particle_enable=\"false\" data-particle-mobile-disabled=\"false\" class=\"elementor-element elementor-element-7f6c7df e-flex e-con-boxed e-con e-parent\" data-id=\"7f6c7df\" data-element_type=\"container\" data-e-type=\"container\">\n\t\t\t\t\t<div class=\"e-con-inner\">\n\t\t\t\t<div class=\"elementor-element elementor-element-c6842fb elementor-widget elementor-widget-heading\" data-id=\"c6842fb\" data-element_type=\"widget\" data-e-type=\"widget\" data-widget_type=\"heading.default\">\n\t\t\t\t\t<h4 class=\"elementor-heading-title elementor-size-default\">Irma Chayax es una de las \u00faltimas personas que hablan el idioma Itza' a la perfecci\u00f3n: anima a los ni\u00f1os a aprenderlo<\/h4>\t\t\t\t<\/div>\n\t\t\t\t\t<\/div>\n\t\t\t\t<\/div>\n\t\t<div data-particle_enable=\"false\" data-particle-mobile-disabled=\"false\" class=\"elementor-element elementor-element-1384c4a e-flex e-con-boxed e-con e-parent\" data-id=\"1384c4a\" data-element_type=\"container\" data-e-type=\"container\">\n\t\t\t\t\t<div class=\"e-con-inner\">\n\t\t\t\t<div class=\"elementor-element elementor-element-e407294 elementor-widget elementor-widget-facebook-embed\" data-id=\"e407294\" data-element_type=\"widget\" data-e-type=\"widget\" data-widget_type=\"facebook-embed.default\">\n\t\t\t\t\t<div style=\"min-height: 1px\" class=\"elementor-facebook-widget fb-video\" data-href=\"https:\/\/www.facebook.com\/reel\/280474828060619\" data-show-text=\"false\" data-allowfullscreen=\"false\" data-autoplay=\"false\" data-show-captions=\"false\"><\/div>\t\t\t\t<\/div>\n\t\t\t\t\t<\/div>\n\t\t\t\t<\/div>\n\t\t<div data-particle_enable=\"false\" data-particle-mobile-disabled=\"false\" class=\"elementor-element elementor-element-7b097e1 e-flex e-con-boxed e-con e-parent\" data-id=\"7b097e1\" data-element_type=\"container\" data-e-type=\"container\">\n\t\t\t\t\t<div class=\"e-con-inner\">\n\t\t\t\t<div class=\"elementor-element elementor-element-25994dd elementor-widget elementor-widget-heading\" data-id=\"25994dd\" data-element_type=\"widget\" data-e-type=\"widget\" data-widget_type=\"heading.default\">\n\t\t\t\t\t<h2 class=\"elementor-heading-title elementor-size-default\">Indumentaria tradicional Itza'<\/h2>\t\t\t\t<\/div>\n\t\t\t\t\t<\/div>\n\t\t\t\t<\/div>\n\t\t<div data-particle_enable=\"false\" data-particle-mobile-disabled=\"false\" class=\"elementor-element elementor-element-f255de3 e-flex e-con-boxed e-con e-parent\" data-id=\"f255de3\" data-element_type=\"container\" data-e-type=\"container\">\n\t\t\t\t\t<div class=\"e-con-inner\">\n\t\t\t\t<div class=\"elementor-element elementor-element-d8388f3 elementor-widget elementor-widget-text-editor\" data-id=\"d8388f3\" data-element_type=\"widget\" data-e-type=\"widget\" data-widget_type=\"text-editor.default\">\n\t\t\t\t\t\t\t\t\t<p class=\"MsoNormal\">Opinan los abuelos que el traje regional maya Itza\u2019, est\u00e1 en desuso por causas como: prohibici\u00f3n de su uso en las escuelas de gobiernos pasados; por verg\u00fcenza y desprecio, por el cambio de religi\u00f3n, por la transculturaci\u00f3n y discriminaci\u00f3n. A pesar de esto en los \u00faltimos a\u00f1os ha habido inter\u00e9s en revalorar esta indumentaria.<\/p><p class=\"MsoNormal\">La poblaci\u00f3n prehisp\u00e1nica se cubr\u00eda con el \u201cex\u201d o \u201cmaxtate\u201d elaborado de una tira de tela que pasaba entre los muslos y se amarraba sobre la cintura. La mujer se vest\u00eda generalmente con un huipil. Para dormir o cubrirse del fr\u00edo, llevaban, hombre y mujer, una manta de algod\u00f3n.\u00a0\u00a0<\/p><p class=\"MsoNormal\"><span style=\"color: var( --e-global-color-text ); text-align: var(--text-align);\">En Maya itza\u2019 la palabra \u201cnok\u2019\u201d designa la vestimenta, elaborada de manta blanca. El traje tradicional masculino era totalmente blanco, sin adornos.\u00a0\u00a0<\/span><\/p><p class=\"MsoNormal\"><span style=\"color: var( --e-global-color-text ); text-align: var(--text-align);\">Ahora ha variado a camisa de manga corta , denomina \u201ckot\u00f3n\u201d con cuello redondo, bordada de peque\u00f1as figuras de rombos y figuras inspiradas en la naturaleza. \u00a0El pantal\u00f3n de manga larga se sostiene a la cintura por medio de dos cintas delgadas denominadas \u201ckaxi\u201d.<\/span><\/p><p class=\"MsoNormal\">Las mujeres usan una especia de huipil de color blanco, con cuello cuadrado, decorado tambi\u00e9n con peque\u00f1os bordados en cruceta de hilo negro, tambi\u00e9n con figuras de la fauna o flora local. \u00a0\u00a0Se \u00a0complementa con una \u201cnawa\u201d (enagua) o falda amplia que llega al tobillo, tambi\u00e9n decorada con figuras bordadas.\u00a0\u00a0<\/p><p class=\"MsoNormal\">\u00a0<\/p>\t\t\t\t\t\t\t\t<\/div>\n\t\t\t\t\t<\/div>\n\t\t\t\t<\/div>\n\t\t<div data-particle_enable=\"false\" data-particle-mobile-disabled=\"false\" class=\"elementor-element elementor-element-1f9d32b e-flex e-con-boxed e-con e-parent\" data-id=\"1f9d32b\" data-element_type=\"container\" data-e-type=\"container\">\n\t\t\t\t\t<div class=\"e-con-inner\">\n\t\t\t\t<div class=\"elementor-element elementor-element-dcca1d4 elementor-widget elementor-widget-image\" data-id=\"dcca1d4\" data-element_type=\"widget\" data-e-type=\"widget\" data-widget_type=\"image.default\">\n\t\t\t\t\t\t\t\t\t\t\t\t\t\t\t<img loading=\"lazy\" decoding=\"async\" width=\"1024\" height=\"683\" src=\"https:\/\/soymigrante.com\/revista\/wp-content\/uploads\/2024\/09\/maya-itza-4-1024x683.webp\" class=\"attachment-large size-large wp-image-8776\" alt=\"Do\u00f1a Irma Chayax participa en actividades escolares y juveniles en las cuales se promueve el uso y recuperaci\u00f3n del idioma Itza&#039;. Fotrograf\u00eda Academia de Lenguas Mayas, comunidad Itza&#039;.. El Itza&#039; es el idioma maya que lucha por sobrevivir\" srcset=\"https:\/\/soymigrante.com\/revista\/wp-content\/uploads\/2024\/09\/maya-itza-4-1024x683.webp 1024w, https:\/\/soymigrante.com\/revista\/wp-content\/uploads\/2024\/09\/maya-itza-4-300x200.webp 300w, https:\/\/soymigrante.com\/revista\/wp-content\/uploads\/2024\/09\/maya-itza-4-768x512.webp 768w, https:\/\/soymigrante.com\/revista\/wp-content\/uploads\/2024\/09\/maya-itza-4-1536x1024.webp 1536w, https:\/\/soymigrante.com\/revista\/wp-content\/uploads\/2024\/09\/maya-itza-4-750x500.webp 750w, https:\/\/soymigrante.com\/revista\/wp-content\/uploads\/2024\/09\/maya-itza-4-1140x760.jpg 1140w, https:\/\/soymigrante.com\/revista\/wp-content\/uploads\/2024\/09\/maya-itza-4.webp 1920w\" sizes=\"(max-width: 1024px) 100vw, 1024px\" title=\"Do\u00f1a Irma Chayax participa en actividades escolares y juveniles en las cuales se promueve el uso y recuperaci\u00f3n del idioma Itza&#039;. Fotrograf\u00eda Academia de Lenguas Mayas, comunidad Itza&#039;.. El Itza&#039; es el idioma maya que lucha por sobrevivir \u2013 SoyMigrante.com REVISTA\" \/>\t\t\t\t\t\t\t\t\t\t\t\t\t\t\t<\/div>\n\t\t\t\t\t<\/div>\n\t\t\t\t<\/div>\n\t\t<div data-particle_enable=\"false\" data-particle-mobile-disabled=\"false\" class=\"elementor-element elementor-element-e101eda e-flex e-con-boxed e-con e-parent\" data-id=\"e101eda\" data-element_type=\"container\" data-e-type=\"container\">\n\t\t\t\t\t<div class=\"e-con-inner\">\n\t\t\t\t<div class=\"elementor-element elementor-element-2d6beac elementor-widget elementor-widget-heading\" data-id=\"2d6beac\" data-element_type=\"widget\" data-e-type=\"widget\" data-widget_type=\"heading.default\">\n\t\t\t\t\t<h3 class=\"elementor-heading-title elementor-size-default\">Tradiciones sobreviven<\/h3>\t\t\t\t<\/div>\n\t\t\t\t\t<\/div>\n\t\t\t\t<\/div>\n\t\t<div data-particle_enable=\"false\" data-particle-mobile-disabled=\"false\" class=\"elementor-element elementor-element-9747d23 e-flex e-con-boxed e-con e-parent\" data-id=\"9747d23\" data-element_type=\"container\" data-e-type=\"container\">\n\t\t\t\t\t<div class=\"e-con-inner\">\n\t\t\t\t<div class=\"elementor-element elementor-element-4504650 elementor-widget elementor-widget-text-editor\" data-id=\"4504650\" data-element_type=\"widget\" data-e-type=\"widget\" data-widget_type=\"text-editor.default\">\n\t\t\t\t\t\t\t\t\t<p class=\"MsoNormal\"><span style=\"color: #ff0000;\">\u00a0<\/span><span style=\"color: var( --e-global-color-text ); text-align: var(--text-align);\">El 1 y 2 de noviembre, fechas en que la iglesia cat\u00f3lica celebra el d\u00eda de todos los santos y difuntos, respectivamente, se realiza el ritual de las \u201csantas calaveras\u201d. Son tres partes del cr\u00e1neos que en procesi\u00f3n recorren el pueblo con la creencia de que alejan los malos esp\u00edritus y otros males. El cortejo se detiene en las casas previamente programadas en las que se hacen rogativas.<\/span><\/p>\t\t\t\t\t\t\t\t<\/div>\n\t\t\t\t\t<\/div>\n\t\t\t\t<\/div>\n\t\t<div data-particle_enable=\"false\" data-particle-mobile-disabled=\"false\" class=\"elementor-element elementor-element-53c529b e-flex e-con-boxed e-con e-parent\" data-id=\"53c529b\" data-element_type=\"container\" data-e-type=\"container\">\n\t\t\t\t\t<div class=\"e-con-inner\">\n\t\t\t\t<div class=\"elementor-element elementor-element-34dabe2 elementor-widget elementor-widget-facebook-page\" data-id=\"34dabe2\" data-element_type=\"widget\" data-e-type=\"widget\" data-widget_type=\"facebook-page.default\">\n\t\t\t\t\t<div class=\"elementor-facebook-widget fb-page\" data-href=\"https:\/\/www.facebook.com\/ukajilxotanmayaitza\" data-tabs=\"timeline\" data-height=\"500px\" data-width=\"500px\" data-small-header=\"false\" data-hide-cover=\"false\" data-show-facepile=\"true\" data-hide-cta=\"false\" style=\"min-height: 1px;height:500px\"><\/div>\t\t\t\t<\/div>\n\t\t\t\t\t<\/div>\n\t\t\t\t<\/div>\n\t\t<div data-particle_enable=\"false\" data-particle-mobile-disabled=\"false\" class=\"elementor-element elementor-element-2dee0dc e-flex e-con-boxed e-con e-parent\" data-id=\"2dee0dc\" data-element_type=\"container\" data-e-type=\"container\">\n\t\t\t\t\t<div class=\"e-con-inner\">\n\t\t\t\t<div class=\"elementor-element elementor-element-d268197 elementor-widget elementor-widget-text-editor\" data-id=\"d268197\" data-element_type=\"widget\" data-e-type=\"widget\" data-widget_type=\"text-editor.default\">\n\t\t\t\t\t\t\t\t\t<p class=\"MsoNormal\"><span style=\"color: var( --e-global-color-text ); text-align: var(--text-align);\">En cada una de estas viviendas se invita a las personas a comer tamales, bollo y beber \u201cixpaz\u00e1\u201d o atol de ma\u00edz. Los que reciben las calaveras se compromete a recibirlas durante tres a\u00f1os consecutivos. \u00a0\u00a0Los ni\u00f1os acompa\u00f1an la procesi\u00f3n, ellos portar frutas como cidras y toronjas vaciadas y ahora hasta pelotas pl\u00e1sticas, a las que perforan ojos, nariz y boca y en su interior colocan una veladora encendida.\u00a0 Esta ceremonia es \u00fanica del municipio de San Jos\u00e9.<\/span><\/p><p class=\"MsoNormal\">\u00a0<\/p><p class=\"MsoNormal\">La gastronom\u00eda del lugar se basa en ma\u00edz, alimento sagrado maya. Con este grano se elaboran:<\/p><p class=\"MsoNormal\">Bollos: masa de ma\u00edz cocida con sal y aceite a la cual se le agrega una salsa de tomate, achiote, chile, aun trocito de carne de pollo o cerdo, y se envuelve en hoja de pl\u00e1tano o \u201cmax\u00e1n\u201d.<\/p><p class=\"MsoNormal\">\u00a0<\/p><p class=\"MsoNormal\">\u00a0<\/p>\t\t\t\t\t\t\t\t<\/div>\n\t\t\t\t\t<\/div>\n\t\t\t\t<\/div>\n\t\t<div data-particle_enable=\"false\" data-particle-mobile-disabled=\"false\" class=\"elementor-element elementor-element-20b7dc9 e-flex e-con-boxed e-con e-parent\" data-id=\"20b7dc9\" data-element_type=\"container\" data-e-type=\"container\">\n\t\t\t\t\t<div class=\"e-con-inner\">\n\t\t\t\t<div class=\"elementor-element elementor-element-61a2e36 elementor-widget elementor-widget-video\" data-id=\"61a2e36\" data-element_type=\"widget\" data-e-type=\"widget\" data-settings=\"{&quot;youtube_url&quot;:&quot;https:\\\/\\\/www.youtube.com\\\/watch?v=tEfG28nqSlo&quot;,&quot;video_type&quot;:&quot;youtube&quot;,&quot;controls&quot;:&quot;yes&quot;}\" data-widget_type=\"video.default\">\n\t\t\t\t\t\t\t<div class=\"elementor-wrapper elementor-open-inline\">\n\t\t\t<div class=\"elementor-video\"><\/div>\t\t<\/div>\n\t\t\t\t\t\t<\/div>\n\t\t\t\t\t<\/div>\n\t\t\t\t<\/div>\n\t\t<div data-particle_enable=\"false\" data-particle-mobile-disabled=\"false\" class=\"elementor-element elementor-element-4101830 e-flex e-con-boxed e-con e-parent\" data-id=\"4101830\" data-element_type=\"container\" data-e-type=\"container\">\n\t\t\t\t\t<div class=\"e-con-inner\">\n\t\t\t\t<div class=\"elementor-element elementor-element-1f0e45f elementor-widget elementor-widget-heading\" data-id=\"1f0e45f\" data-element_type=\"widget\" data-e-type=\"widget\" data-widget_type=\"heading.default\">\n\t\t\t\t\t<h2 class=\"elementor-heading-title elementor-size-default\">Conoce m\u00e1s sobre la multiculturalidad guatemalteca<\/h2>\t\t\t\t<\/div>\n\t\t\t\t\t<\/div>\n\t\t\t\t<\/div>\n\t\t<div data-particle_enable=\"false\" data-particle-mobile-disabled=\"false\" class=\"elementor-element elementor-element-0fdc6d2 e-flex e-con-boxed e-con e-parent\" data-id=\"0fdc6d2\" data-element_type=\"container\" data-e-type=\"container\">\n\t\t\t\t\t<div class=\"e-con-inner\">\n\t\t\t\t<div class=\"elementor-element elementor-element-c8515d7 elementor-grid-eael-col-3 elementor-grid-tablet-eael-col-2 elementor-grid-mobile-eael-col-1 elementor-widget elementor-widget-eael-post-grid\" data-id=\"c8515d7\" data-element_type=\"widget\" data-e-type=\"widget\" data-settings=\"{&quot;eael_post_grid_columns&quot;:&quot;eael-col-3&quot;,&quot;eael_post_grid_columns_tablet&quot;:&quot;eael-col-2&quot;,&quot;eael_post_grid_columns_mobile&quot;:&quot;eael-col-1&quot;}\" data-widget_type=\"eael-post-grid.default\">\n\t\t\t\t\t<div id=\"eael-post-grid-c8515d7\" class=\"eael-post-grid-container\">\n            <div class=\"eael-post-grid eael-post-appender eael-post-appender-c8515d7 eael-post-grid-style-one\" data-layout-mode=\"masonry\"><article class=\"eael-grid-post  eael-post-grid-column eael-pg-post-44439 category-guate-nuestra-pueblos-de-guatemala\" data-id=\"44439\">\n        <div class=\"eael-grid-post-holder\">\n            <div class=\"eael-grid-post-holder-inner\"><div class=\"eael-entry-media\"><div class=\"eael-entry-overlay fade-in\"><i class=\"far fa-hand-pointer\" aria-hidden=\"true\"><\/i><a href=\"https:\/\/soymigrante.com\/revista\/san-juan-comalapa-la-cuna-del-arte-popular-en-guatemala\/\"><\/a><\/div><div class=\"eael-entry-thumbnail \">\n                <img loading=\"lazy\" decoding=\"async\" width=\"674\" height=\"674\" src=\"https:\/\/soymigrante.com\/revista\/wp-content\/uploads\/2025\/09\/San-Juan-Comalapa-5-e1757615970442.jpg\" class=\"attachment-large size-large wp-image-44440\" alt=\"San Juan Comalapa, la cuna del arte en Guatemala\" srcset=\"https:\/\/soymigrante.com\/revista\/wp-content\/uploads\/2025\/09\/San-Juan-Comalapa-5-e1757615970442.jpg 674w, https:\/\/soymigrante.com\/revista\/wp-content\/uploads\/2025\/09\/San-Juan-Comalapa-5-e1757615970442-300x300.jpg 300w, https:\/\/soymigrante.com\/revista\/wp-content\/uploads\/2025\/09\/San-Juan-Comalapa-5-e1757615970442-150x150.jpg 150w, https:\/\/soymigrante.com\/revista\/wp-content\/uploads\/2025\/09\/San-Juan-Comalapa-5-e1757615970442-75x75.jpg 75w\" sizes=\"(max-width: 674px) 100vw, 674px\" \/>\n            <\/div>\n        <\/div><div class=\"eael-entry-wrapper\"><header class=\"eael-entry-header\"><h2 class=\"eael-entry-title\"><a class=\"eael-grid-post-link\" href=\"https:\/\/soymigrante.com\/revista\/san-juan-comalapa-la-cuna-del-arte-popular-en-guatemala\/\" title=\"San Juan Comalapa, la cuna del arte popular en Guatemala\">San Juan Comalapa, la cuna del arte popular en Guatemala<\/a><\/h2><\/header><div class=\"eael-entry-content\">\n                        <div class=\"eael-grid-post-excerpt\"><a href=\"https:\/\/soymigrante.com\/revista\/san-juan-comalapa-la-cuna-del-arte-popular-en-guatemala\/\" class=\"eael-post-elements-readmore-btn\">CONOCE SU HISTORIA <\/a><\/div>\n                    <\/div><\/div><\/div>\n        <\/div>\n    <\/article><article class=\"eael-grid-post  eael-post-grid-column eael-pg-post-24000 category-pueblos-de-guatemala\" data-id=\"24000\">\n        <div class=\"eael-grid-post-holder\">\n            <div class=\"eael-grid-post-holder-inner\"><div class=\"eael-entry-media\"><div class=\"eael-entry-overlay fade-in\"><i class=\"far fa-hand-pointer\" aria-hidden=\"true\"><\/i><a href=\"https:\/\/soymigrante.com\/revista\/pueblo-kubul-vive-en-cubulco-baja-verapaz-y-busca-ser-reconocido-como-el-idioma-maya-23\/\"><\/a><\/div><div class=\"eael-entry-thumbnail \">\n                <img loading=\"lazy\" decoding=\"async\" width=\"589\" height=\"589\" src=\"https:\/\/soymigrante.com\/revista\/wp-content\/uploads\/2025\/02\/pueblo-kubul-idioma-maya-1.webp\" class=\"attachment-large size-large wp-image-24002\" alt=\"J\u00f3venes con traje t\u00edpico ind\u00edgena en un evento cultural en un ambiente urbano, destacando la identidad y tradici\u00f3n mexicana, promoviendo orgullo cultural y diversidad en la comunidad.\" srcset=\"https:\/\/soymigrante.com\/revista\/wp-content\/uploads\/2025\/02\/pueblo-kubul-idioma-maya-1.webp 589w, https:\/\/soymigrante.com\/revista\/wp-content\/uploads\/2025\/02\/pueblo-kubul-idioma-maya-1-300x300.jpg 300w, https:\/\/soymigrante.com\/revista\/wp-content\/uploads\/2025\/02\/pueblo-kubul-idioma-maya-1-150x150.jpg 150w, https:\/\/soymigrante.com\/revista\/wp-content\/uploads\/2025\/02\/pueblo-kubul-idioma-maya-1-75x75.webp 75w\" sizes=\"(max-width: 589px) 100vw, 589px\" \/>\n            <\/div>\n        <\/div><div class=\"eael-entry-wrapper\"><header class=\"eael-entry-header\"><h2 class=\"eael-entry-title\"><a class=\"eael-grid-post-link\" href=\"https:\/\/soymigrante.com\/revista\/pueblo-kubul-vive-en-cubulco-baja-verapaz-y-busca-ser-reconocido-como-el-idioma-maya-23\/\" title=\"Pueblo K&#8217;ub&#8217;ul vive en Cubulco, Baja Verapaz y busca ser reconocido como el idioma maya 23\">Pueblo K&#8217;ub&#8217;ul vive en Cubulco, Baja Verapaz y busca ser reconocido como el idioma maya 23<\/a><\/h2><\/header><div class=\"eael-entry-content\">\n                        <div class=\"eael-grid-post-excerpt\"><a href=\"https:\/\/soymigrante.com\/revista\/pueblo-kubul-vive-en-cubulco-baja-verapaz-y-busca-ser-reconocido-como-el-idioma-maya-23\/\" class=\"eael-post-elements-readmore-btn\">CONOCE SU HISTORIA <\/a><\/div>\n                    <\/div><\/div><\/div>\n        <\/div>\n    <\/article><article class=\"eael-grid-post  eael-post-grid-column eael-pg-post-8709 category-pueblos-de-guatemala\" data-id=\"8709\">\n        <div class=\"eael-grid-post-holder\">\n            <div class=\"eael-grid-post-holder-inner\"><div class=\"eael-entry-media\"><div class=\"eael-entry-overlay fade-in\"><i class=\"far fa-hand-pointer\" aria-hidden=\"true\"><\/i><a href=\"https:\/\/soymigrante.com\/revista\/pueblo-garinagu-garifuna-lleva-mas-de-dos-siglos-en-guatemala\/\"><\/a><\/div><div class=\"eael-entry-thumbnail \">\n                <img loading=\"lazy\" decoding=\"async\" width=\"664\" height=\"664\" src=\"https:\/\/soymigrante.com\/revista\/wp-content\/uploads\/2024\/09\/garifuna-garinagu.webp\" class=\"attachment-large size-large wp-image-8710\" alt=\"Trabajador migrante en manifestaci\u00f3n, derechos laborales, emigrantes, igualdad social, protesta migrante.\" srcset=\"https:\/\/soymigrante.com\/revista\/wp-content\/uploads\/2024\/09\/garifuna-garinagu.webp 664w, https:\/\/soymigrante.com\/revista\/wp-content\/uploads\/2024\/09\/garifuna-garinagu-300x300.webp 300w, https:\/\/soymigrante.com\/revista\/wp-content\/uploads\/2024\/09\/garifuna-garinagu-150x150.webp 150w, https:\/\/soymigrante.com\/revista\/wp-content\/uploads\/2024\/09\/garifuna-garinagu-75x75.webp 75w\" sizes=\"(max-width: 664px) 100vw, 664px\" \/>\n            <\/div>\n        <\/div><div class=\"eael-entry-wrapper\"><header class=\"eael-entry-header\"><h2 class=\"eael-entry-title\"><a class=\"eael-grid-post-link\" href=\"https:\/\/soymigrante.com\/revista\/pueblo-garinagu-garifuna-lleva-mas-de-dos-siglos-en-guatemala\/\" title=\"Pueblo Gar\u00ednagu (Gar\u00edfuna) lleva m\u00e1s de 200 a\u00f1os en Guatemala y el 26 noviembre es su d\u00eda\">Pueblo Gar\u00ednagu (Gar\u00edfuna) lleva m\u00e1s de 200 a\u00f1os en Guatemala y el 26 noviembre es su d\u00eda<\/a><\/h2><\/header><div class=\"eael-entry-content\">\n                        <div class=\"eael-grid-post-excerpt\"><a href=\"https:\/\/soymigrante.com\/revista\/pueblo-garinagu-garifuna-lleva-mas-de-dos-siglos-en-guatemala\/\" class=\"eael-post-elements-readmore-btn\">CONOCE SU HISTORIA <\/a><\/div>\n                    <\/div><\/div><\/div>\n        <\/div>\n    <\/article><\/div>\n            <div class=\"clearfix\"><\/div>\n        <\/div>            <div class=\"eael-load-more-button-wrap eael-force-hide\">\n                <button class=\"eael-load-more-button\" id=\"eael-load-more-btn-c8515d7\" data-widget-id=\"c8515d7\" data-widget=\"c8515d7\" data-page-id=\"8770\" data-template=\"{&quot;dir&quot;:&quot;lite&quot;,&quot;file_name&quot;:&quot;one.php&quot;,&quot;name&quot;:&quot;Post-Grid&quot;}\" data-class=\"Essential_Addons_Elementor\\Elements\\Post_Grid\" data-layout=\"masonry\" data-page=\"1\" data-args=\"orderby=date&amp;order=desc&amp;ignore_sticky_posts=1&amp;post_status=publish&amp;posts_per_page=3&amp;offset=0&amp;post_type=post&amp;tax_query%5B0%5D%5Btaxonomy%5D=category&amp;tax_query%5B0%5D%5Bfield%5D=term_id&amp;tax_query%5B0%5D%5Bterms%5D%5B0%5D=125&amp;tax_query%5Brelation%5D=AND\" data-max-page=\"9\">\n                    <span class=\"eael-btn-loader button__loader\"><\/span>\n                    <span class=\"eael_load_more_text\">Load More<\/span>\n                <\/button>\n            <\/div>\n            \t\t\t\t<\/div>\n\t\t\t\t\t<\/div>\n\t\t\t\t<\/div>\n\t\t\t\t<\/div>\n\t\t","protected":false},"excerpt":{"rendered":"<p>El territorio Itza&#8217; se concentra en San Jos\u00e9, Pet\u00e9n y municipios cercanos al lago Pet\u00e9n Itz\u00e1; hay esfuerzos para mantener vigente este idioma, pero la cantidad de hablantes se ha reducido y los adultos mayores anhelan que los j\u00f3venes aprendan a hablarlo. Seg\u00fan el censo 2018 hab\u00eda unas 2 mil personas guatemaltecas que se identificaban [&hellip;]<\/p>\n","protected":false},"author":17,"featured_media":8771,"comment_status":"open","ping_status":"open","sticky":false,"template":"","format":"standard","meta":{"_acf_changed":false,"_eb_attr":"","footnotes":""},"categories":[125],"tags":[],"class_list":["post-8770","post","type-post","status-publish","format-standard","has-post-thumbnail","hentry","category-pueblos-de-guatemala"],"acf":[],"aioseo_notices":[],"aioseo_head":"\n\t\t<!-- All in One SEO Pro 4.9.6.2 - aioseo.com -->\n\t<meta name=\"description\" content=\"En 1802 el pueblo Gar\u00ednagu o Gar\u00edfuna lleg\u00f3 las costas de Centroam\u00e9rica. En Guatemala su n\u00facleo es Livingston, Izabal. Celebran su d\u00eda cada 26 de noviembre.\" \/>\n\t<meta name=\"robots\" content=\"max-snippet:-1, max-image-preview:large, max-video-preview:-1\" \/>\n\t<meta name=\"author\" content=\"Edwin Castro\"\/>\n\t<link rel=\"canonical\" href=\"https:\/\/soymigrante.com\/revista\/pueblo-garinagu-garifuna-lleva-mas-de-dos-siglos-en-guatemala\/\" \/>\n\t<meta name=\"generator\" content=\"All in One SEO Pro (AIOSEO) 4.9.6.2\" \/>\n\n\t\t<link rel=\"preconnect\" href=\"https:\/\/fonts.googleapis.com\" crossorigin>\n<link rel=\"preconnect\" href=\"https:\/\/fonts.gstatic.com\" crossorigin>\n\t\t<meta property=\"og:locale\" content=\"es_ES\" \/>\n\t\t<meta property=\"og:site_name\" content=\"SoyMigrante.com REVISTA \u2013 Nuestra misi\u00f3n es reconocer y dignificar al migrante.\" \/>\n\t\t<meta property=\"og:type\" content=\"article\" \/>\n\t\t<meta property=\"og:title\" content=\"Pueblo Gar\u00ednagu (Gar\u00edfuna) lleva m\u00e1s de 200 a\u00f1os en Guatemala\" \/>\n\t\t<meta property=\"og:description\" content=\"En 1802 el pueblo Gar\u00ednagu o Gar\u00edfuna lleg\u00f3 las costas de Centroam\u00e9rica. En Guatemala su n\u00facleo es Livingston, Izabal. Celebran su d\u00eda cada 26 de noviembre.\" \/>\n\t\t<meta property=\"og:url\" content=\"https:\/\/soymigrante.com\/revista\/pueblo-garinagu-garifuna-lleva-mas-de-dos-siglos-en-guatemala\/\" \/>\n\t\t<meta property=\"og:image\" content=\"https:\/\/soymigrante.com\/revista\/wp-content\/uploads\/2024\/09\/garifuna-garinagu.webp\" \/>\n\t\t<meta property=\"og:image:secure_url\" content=\"https:\/\/soymigrante.com\/revista\/wp-content\/uploads\/2024\/09\/garifuna-garinagu.webp\" \/>\n\t\t<meta property=\"og:image:width\" content=\"664\" \/>\n\t\t<meta property=\"og:image:height\" content=\"664\" \/>\n\t\t<meta property=\"article:published_time\" content=\"2024-11-26T17:36:28+00:00\" \/>\n\t\t<meta property=\"article:modified_time\" content=\"2024-11-26T17:36:29+00:00\" \/>\n\t\t<meta property=\"article:publisher\" content=\"https:\/\/www.facebook.com\/soymigrantecom\" \/>\n\t\t<meta name=\"twitter:card\" content=\"summary_large_image\" \/>\n\t\t<meta name=\"twitter:site\" content=\"@SoyMigrante_com\" \/>\n\t\t<meta name=\"twitter:title\" content=\"Pueblo Gar\u00ednagu (Gar\u00edfuna) lleva m\u00e1s de 200 a\u00f1os en Guatemala\" \/>\n\t\t<meta name=\"twitter:description\" content=\"En 1802 el pueblo Gar\u00ednagu o Gar\u00edfuna lleg\u00f3 las costas de Centroam\u00e9rica. En Guatemala su n\u00facleo es Livingston, Izabal. Celebran su d\u00eda cada 26 de noviembre.\" \/>\n\t\t<meta name=\"twitter:creator\" content=\"@SoyMigrante_com\" \/>\n\t\t<meta name=\"twitter:image\" content=\"https:\/\/soymigrante.com\/revista\/wp-content\/uploads\/2024\/09\/garifuna-garinagu.webp\" \/>\n\t\t<!-- All in One SEO Pro -->\r\n\t\t<title>Pueblo Gar\u00ednagu (Gar\u00edfuna) lleva m\u00e1s de 200 a\u00f1os en Guatemala<\/title>\n\n","aioseo_head_json":{"title":"Pueblo Gar\u00ednagu (Gar\u00edfuna) lleva m\u00e1s de 200 a\u00f1os en Guatemala","description":"En 1802 el pueblo Gar\u00ednagu o Gar\u00edfuna lleg\u00f3 las costas de Centroam\u00e9rica. En Guatemala su n\u00facleo es Livingston, Izabal. Celebran su d\u00eda cada 26 de noviembre.","canonical_url":"https:\/\/soymigrante.com\/revista\/pueblo-garinagu-garifuna-lleva-mas-de-dos-siglos-en-guatemala\/","robots":"max-snippet:-1, max-image-preview:large, max-video-preview:-1","keywords":"","webmasterTools":{"miscellaneous":"&lt;link rel=\"preconnect\" href=\"https:\/\/fonts.googleapis.com\" crossorigin&gt;\n&lt;link rel=\"preconnect\" href=\"https:\/\/fonts.gstatic.com\" crossorigin&gt;"},"schema":null,"og:locale":"es_ES","og:site_name":"SoyMigrante.com REVISTA \u2013 Nuestra misi\u00f3n es reconocer y dignificar al migrante.","og:type":"article","og:title":"Pueblo Gar\u00ednagu (Gar\u00edfuna) lleva m\u00e1s de 200 a\u00f1os en Guatemala","og:description":"En 1802 el pueblo Gar\u00ednagu o Gar\u00edfuna lleg\u00f3 las costas de Centroam\u00e9rica. En Guatemala su n\u00facleo es Livingston, Izabal. Celebran su d\u00eda cada 26 de noviembre.","og:url":"https:\/\/soymigrante.com\/revista\/pueblo-garinagu-garifuna-lleva-mas-de-dos-siglos-en-guatemala\/","og:image":"https:\/\/soymigrante.com\/revista\/wp-content\/uploads\/2024\/09\/garifuna-garinagu.webp","og:image:secure_url":"https:\/\/soymigrante.com\/revista\/wp-content\/uploads\/2024\/09\/garifuna-garinagu.webp","og:image:width":664,"og:image:height":664,"article:published_time":"2024-11-26T17:36:28+00:00","article:modified_time":"2024-11-26T17:36:29+00:00","article:publisher":"https:\/\/www.facebook.com\/soymigrantecom","twitter:card":"summary_large_image","twitter:site":"@SoyMigrante_com","twitter:title":"Pueblo Gar\u00ednagu (Gar\u00edfuna) lleva m\u00e1s de 200 a\u00f1os en Guatemala","twitter:description":"En 1802 el pueblo Gar\u00ednagu o Gar\u00edfuna lleg\u00f3 las costas de Centroam\u00e9rica. En Guatemala su n\u00facleo es Livingston, Izabal. Celebran su d\u00eda cada 26 de noviembre.","twitter:creator":"@SoyMigrante_com","twitter:image":"https:\/\/soymigrante.com\/revista\/wp-content\/uploads\/2024\/09\/garifuna-garinagu.webp"},"aioseo_meta_data":{"post_id":"8770","title":"El Itza' es el idioma maya que lucha por seguir vivo","description":"La reducci\u00f3n del n\u00famero de hablantes y la edad avanzada de muchos de ellos ponen en riesgo la sobrevivencia del Izta. Se hacen esfuerzos para mantenerlo vivo.","keywords":null,"keyphrases":{"focus":{"keyphrase":"Itza","score":91,"analysis":{"keyphraseInTitle":{"score":9,"maxScore":9,"error":0},"keyphraseInDescription":{"score":3,"maxScore":9,"error":1},"keyphraseLength":{"score":9,"maxScore":9,"error":0,"length":1},"keyphraseInURL":{"score":5,"maxScore":5,"error":0},"keyphraseInIntroduction":{"score":9,"maxScore":9,"error":0},"keyphraseInSubHeadings":{"score":9,"maxScore":9,"error":0},"keyphraseInImageAlt":{"score":9,"maxScore":9,"error":0},"keywordDensity":{"type":"best","score":9,"maxScore":9,"error":0}}},"additional":[{"keyphrase":"Idioma maya","score":53,"analysis":{"keyphraseInDescription":{"score":3,"maxScore":9,"error":1},"keyphraseLength":{"score":9,"maxScore":9,"error":0,"length":2},"keyphraseInIntroduction":{"score":3,"maxScore":9,"error":1},"keyphraseInImageAlt":{"score":9,"maxScore":9,"error":0},"keywordDensity":{"score":0,"type":"low","maxScore":9,"error":1}}},{"keyphrase":"Guatemala","score":53,"analysis":{"keyphraseInDescription":{"score":3,"maxScore":9,"error":1},"keyphraseLength":{"score":9,"maxScore":9,"error":0,"length":1},"keyphraseInIntroduction":{"score":9,"maxScore":9,"error":0},"keyphraseInImageAlt":{"score":3,"maxScore":9,"error":1},"keywordDensity":{"score":0,"type":"low","maxScore":9,"error":1}}}]},"primary_term":null,"canonical_url":null,"og_title":null,"og_description":null,"og_object_type":"default","og_image_type":"default","og_image_url":null,"og_image_width":null,"og_image_height":null,"og_image_custom_url":null,"og_image_custom_fields":null,"og_video":"","og_custom_url":null,"og_article_section":null,"og_article_tags":null,"twitter_use_og":false,"twitter_card":"default","twitter_image_type":"default","twitter_image_url":null,"twitter_image_custom_url":null,"twitter_image_custom_fields":null,"twitter_title":null,"twitter_description":null,"schema":{"blockGraphs":[],"customGraphs":[],"default":{"data":{"Article":[],"Course":[],"Dataset":[],"FAQPage":[],"Movie":[],"Person":[],"Product":[],"ProductReview":[],"Car":[],"Recipe":[],"Service":[],"SoftwareApplication":[],"WebPage":[]},"graphName":"none","isEnabled":true},"graphs":[]},"schema_type":"default","schema_type_options":null,"pillar_content":false,"robots_default":true,"robots_noindex":false,"robots_noarchive":false,"robots_nosnippet":false,"robots_nofollow":false,"robots_noimageindex":false,"robots_noodp":false,"robots_notranslate":false,"robots_max_snippet":"-1","robots_max_videopreview":"-1","robots_max_imagepreview":"large","priority":null,"frequency":"default","local_seo":null,"seo_analyzer_scan_date":"2025-10-08 23:13:10","breadcrumb_settings":null,"limit_modified_date":false,"reviewed_by":"0","open_ai":"{\"title\":{\"suggestions\":[],\"usage\":0},\"description\":{\"suggestions\":[],\"usage\":0}}","ai":{"faqs":[],"keyPoints":[],"titles":[],"descriptions":[],"socialPosts":{"email":[],"linkedin":[],"twitter":[],"facebook":[],"instagram":[]}},"created":"2024-09-04 04:03:46","updated":"2026-02-04 13:34:04"},"aioseo_breadcrumb":"<div class=\"aioseo-breadcrumbs\"><span class=\"aioseo-breadcrumb\">\n\t<a href=\"https:\/\/soymigrante.com\/revista\" title=\"Home\">Home<\/a>\n<\/span><span class=\"aioseo-breadcrumb-separator\">\u00bb<\/span><span class=\"aioseo-breadcrumb\">\n\t<a href=\"https:\/\/soymigrante.com\/revista\/category\/guate-nuestra\/\" title=\"Guate Nuestra\">Guate Nuestra<\/a>\n<\/span><span class=\"aioseo-breadcrumb-separator\">\u00bb<\/span><span class=\"aioseo-breadcrumb\">\n\t<a href=\"https:\/\/soymigrante.com\/revista\/category\/guate-nuestra\/pueblos-de-guatemala\/\" title=\"Pueblos de Guatemala\">Pueblos de Guatemala<\/a>\n<\/span><span class=\"aioseo-breadcrumb-separator\">\u00bb<\/span><span class=\"aioseo-breadcrumb\">\n\tEl Itza\u2019 es el idioma maya que lucha por sobrevivir\n<\/span><\/div>","aioseo_breadcrumb_json":[{"label":"Home","link":"https:\/\/soymigrante.com\/revista"},{"label":"Guate Nuestra","link":"https:\/\/soymigrante.com\/revista\/category\/guate-nuestra\/"},{"label":"Pueblos de Guatemala","link":"https:\/\/soymigrante.com\/revista\/category\/guate-nuestra\/pueblos-de-guatemala\/"},{"label":"El Itza&#8217; es el idioma maya que lucha por sobrevivir","link":"https:\/\/soymigrante.com\/revista\/el-itza-es-el-idioma-maya-que-lucha-por-sobrevivir\/"}],"_links":{"self":[{"href":"https:\/\/soymigrante.com\/revista\/wp-json\/wp\/v2\/posts\/8770","targetHints":{"allow":["GET"]}}],"collection":[{"href":"https:\/\/soymigrante.com\/revista\/wp-json\/wp\/v2\/posts"}],"about":[{"href":"https:\/\/soymigrante.com\/revista\/wp-json\/wp\/v2\/types\/post"}],"author":[{"embeddable":true,"href":"https:\/\/soymigrante.com\/revista\/wp-json\/wp\/v2\/users\/17"}],"replies":[{"embeddable":true,"href":"https:\/\/soymigrante.com\/revista\/wp-json\/wp\/v2\/comments?post=8770"}],"version-history":[{"count":4,"href":"https:\/\/soymigrante.com\/revista\/wp-json\/wp\/v2\/posts\/8770\/revisions"}],"predecessor-version":[{"id":44963,"href":"https:\/\/soymigrante.com\/revista\/wp-json\/wp\/v2\/posts\/8770\/revisions\/44963"}],"wp:featuredmedia":[{"embeddable":true,"href":"https:\/\/soymigrante.com\/revista\/wp-json\/wp\/v2\/media\/8771"}],"wp:attachment":[{"href":"https:\/\/soymigrante.com\/revista\/wp-json\/wp\/v2\/media?parent=8770"}],"wp:term":[{"taxonomy":"category","embeddable":true,"href":"https:\/\/soymigrante.com\/revista\/wp-json\/wp\/v2\/categories?post=8770"},{"taxonomy":"post_tag","embeddable":true,"href":"https:\/\/soymigrante.com\/revista\/wp-json\/wp\/v2\/tags?post=8770"}],"curies":[{"name":"wp","href":"https:\/\/api.w.org\/{rel}","templated":true}]}}