{"id":8757,"date":"2024-09-07T15:05:00","date_gmt":"2024-09-07T21:05:00","guid":{"rendered":"https:\/\/soymigrante.com\/revista\/?p=8757"},"modified":"2024-09-07T10:13:05","modified_gmt":"2024-09-07T16:13:05","slug":"asi-refleja-quiche-tierra-de-eternos-celajes-el-lente-de-peter-hernandez","status":"publish","type":"post","link":"https:\/\/soymigrante.com\/revista\/asi-refleja-quiche-tierra-de-eternos-celajes-el-lente-de-peter-hernandez\/","title":{"rendered":"As\u00ed refleja Quich\u00e9, tierra de eternos celajes,  el lente de Peter Hern\u00e1ndez"},"content":{"rendered":"\t\t<div data-elementor-type=\"wp-post\" data-elementor-id=\"8757\" class=\"elementor elementor-8757\" data-elementor-post-type=\"post\">\n\t\t\t\t<div data-particle_enable=\"false\" data-particle-mobile-disabled=\"false\" class=\"elementor-element elementor-element-c66294b e-flex e-con-boxed e-con e-parent\" data-id=\"c66294b\" data-element_type=\"container\" data-e-type=\"container\">\n\t\t\t\t\t<div class=\"e-con-inner\">\n\t\t\t\t<div class=\"elementor-element elementor-element-6960056 elementor-widget elementor-widget-heading\" data-id=\"6960056\" data-element_type=\"widget\" data-e-type=\"widget\" data-widget_type=\"heading.default\">\n\t\t\t\t\t<h2 class=\"elementor-heading-title elementor-size-default\">As\u00ed es como se le conoce a la cabecera departamental del Quich\u00e9: \u201cLa tierra de los eternos celajes\u201d. <\/h2>\t\t\t\t<\/div>\n\t\t\t\t\t<\/div>\n\t\t\t\t<\/div>\n\t\t<div data-particle_enable=\"false\" data-particle-mobile-disabled=\"false\" class=\"elementor-element elementor-element-5429077 e-flex e-con-boxed e-con e-parent\" data-id=\"5429077\" data-element_type=\"container\" data-e-type=\"container\">\n\t\t\t\t\t<div class=\"e-con-inner\">\n\t\t\t\t<div class=\"elementor-element elementor-element-35f6833 elementor-widget elementor-widget-text-editor\" data-id=\"35f6833\" data-element_type=\"widget\" data-e-type=\"widget\" data-widget_type=\"text-editor.default\">\n\t\t\t\t\t\t\t\t\t<p>Peter Hern\u00e1ndez, a sus 28 a\u00f1os, lleva cuatro a\u00f1os construyendo el sue\u00f1o de fotografiar la tierra que lo ha visto crecer: Santa Cruz del Quich\u00e9.<\/p><p><span style=\"font-family: Roboto, sans-serif;font-size: 16px;font-style: normal;font-weight: 400;color: var( --e-global-color-text );text-align: var(--text-align)\">Peter recuerda que adquirir una c\u00e1mara profesional fotogr\u00e1fica estaba muy lejos de sus posibilidades.\u00a0<\/span>Sin embargo, un buen amigo de su infancia que migr\u00f3 a Estados Unidos confi\u00f3 en su talento y le apoy\u00f3 para comprar esa c\u00e1mara, que tiempo despu\u00e9s con el fruto de su trabajo y abriendo caminos a mejores oportunidades laborales, le pudo pagar y ahora tambi\u00e9n ha podido comprar m\u00e1s equipo para sus grabaciones.<\/p><p>\u00a0<\/p>\t\t\t\t\t\t\t\t<\/div>\n\t\t\t\t\t<\/div>\n\t\t\t\t<\/div>\n\t\t<div data-particle_enable=\"false\" data-particle-mobile-disabled=\"false\" class=\"elementor-element elementor-element-0e78d15 e-flex e-con-boxed e-con e-parent\" data-id=\"0e78d15\" data-element_type=\"container\" data-e-type=\"container\">\n\t\t\t\t\t<div class=\"e-con-inner\">\n\t\t\t\t<div class=\"elementor-element elementor-element-e157dd6 elementor-arrows-position-inside elementor-pagination-position-outside elementor-widget elementor-widget-image-carousel\" data-id=\"e157dd6\" data-element_type=\"widget\" data-e-type=\"widget\" data-settings=\"{&quot;slides_to_show&quot;:&quot;1&quot;,&quot;navigation&quot;:&quot;both&quot;,&quot;autoplay&quot;:&quot;yes&quot;,&quot;pause_on_hover&quot;:&quot;yes&quot;,&quot;pause_on_interaction&quot;:&quot;yes&quot;,&quot;autoplay_speed&quot;:5000,&quot;infinite&quot;:&quot;yes&quot;,&quot;effect&quot;:&quot;slide&quot;,&quot;speed&quot;:500}\" data-widget_type=\"image-carousel.default\">\n\t\t\t\t\t\t\t<div class=\"elementor-image-carousel-wrapper swiper\" role=\"region\" aria-roledescription=\"carousel\" aria-label=\"Carrusel de im\u00e1genes\" dir=\"ltr\">\n\t\t\t<div class=\"elementor-image-carousel swiper-wrapper\" aria-live=\"off\">\n\t\t\t\t\t\t\t\t<div class=\"swiper-slide\" role=\"group\" aria-roledescription=\"slide\" aria-label=\"1 de 1\"><figure class=\"swiper-slide-inner\"><img decoding=\"async\" class=\"swiper-slide-image\" src=\"https:\/\/soymigrante.com\/revista\/wp-content\/uploads\/2024\/09\/hermana-Peter-Hernandez-quiche-soy-migrante-768x1153.webp\" alt=\"Ni\u00f1a ind\u00edgena con vestimenta tradicional moliendo ma\u00edz en un molino de mano, en un entorno rural, promoviendo la cultura y tradici\u00f3n ind\u00edgena en M\u00e9xico.\" \/><\/figure><\/div>\t\t\t<\/div>\n\t\t\t\t\t<\/div>\n\t\t\t\t\t\t<\/div>\n\t\t\t\t\t<\/div>\n\t\t\t\t<\/div>\n\t\t<div data-particle_enable=\"false\" data-particle-mobile-disabled=\"false\" class=\"elementor-element elementor-element-28e5124 e-flex e-con-boxed e-con e-parent\" data-id=\"28e5124\" data-element_type=\"container\" data-e-type=\"container\">\n\t\t\t\t\t<div class=\"e-con-inner\">\n\t\t\t\t<div class=\"elementor-element elementor-element-9dc405e elementor-widget elementor-widget-text-editor\" data-id=\"9dc405e\" data-element_type=\"widget\" data-e-type=\"widget\" data-widget_type=\"text-editor.default\">\n\t\t\t\t\t\t\t\t\t<p>Peter Hern\u00e1ndez gan\u00f3 con esta primera fotograf\u00eda el concurso nacional\u00a0 &#8220;La resistencia y lucha de las Mujeres Ind\u00edgenas de\u00a0<a href=\"https:\/\/soymigrante.com\/revista\/10-pueblos-a-la-orilla-del-lago-de-atitlan-que-debes-descubrir\/\" target=\"_blank\" rel=\"noopener\">Guatemala<\/a>&#8220;, donde se observa a su hermana peque\u00f1a haciendo uso de una piedra, una herramienta ancestral con la que la poblaci\u00f3n\u00a0<a href=\"https:\/\/soymigrante.com\/revista\/10-piezas-de-marimba-de-guatemala-para-bailar-y-recordar-tus-raices\/\" target=\"_blank\" rel=\"noopener\">maya quich\u00e9<\/a>\u00a0muele semillas y, en este caso, ma\u00edz para alimentar a los animales de granja.\u00a0<\/p>\t\t\t\t\t\t\t\t<\/div>\n\t\t\t\t\t<\/div>\n\t\t\t\t<\/div>\n\t\t<div data-particle_enable=\"false\" data-particle-mobile-disabled=\"false\" class=\"elementor-element elementor-element-ead7698 e-flex e-con-boxed e-con e-parent\" data-id=\"ead7698\" data-element_type=\"container\" data-e-type=\"container\">\n\t\t\t\t\t<div class=\"e-con-inner\">\n\t\t\t\t<div class=\"elementor-element elementor-element-31302dd elementor-arrows-position-inside elementor-pagination-position-outside elementor-widget elementor-widget-image-carousel\" data-id=\"31302dd\" data-element_type=\"widget\" data-e-type=\"widget\" data-settings=\"{&quot;slides_to_show&quot;:&quot;1&quot;,&quot;navigation&quot;:&quot;both&quot;,&quot;autoplay&quot;:&quot;yes&quot;,&quot;pause_on_hover&quot;:&quot;yes&quot;,&quot;pause_on_interaction&quot;:&quot;yes&quot;,&quot;autoplay_speed&quot;:5000,&quot;infinite&quot;:&quot;yes&quot;,&quot;effect&quot;:&quot;slide&quot;,&quot;speed&quot;:500}\" data-widget_type=\"image-carousel.default\">\n\t\t\t\t\t\t\t<div class=\"elementor-image-carousel-wrapper swiper\" role=\"region\" aria-roledescription=\"carousel\" aria-label=\"Carrusel de im\u00e1genes\" dir=\"ltr\">\n\t\t\t<div class=\"elementor-image-carousel swiper-wrapper\" aria-live=\"off\">\n\t\t\t\t\t\t\t\t<div class=\"swiper-slide\" role=\"group\" aria-roledescription=\"slide\" aria-label=\"1 de 6\"><figure class=\"swiper-slide-inner\"><img decoding=\"async\" class=\"swiper-slide-image\" src=\"https:\/\/soymigrante.com\/revista\/wp-content\/uploads\/2024\/09\/peter-hernandez-soy-migrante7-768x1151.webp\" alt=\"Coloridos paraguas y decoraci\u00f3n en honor a la cultura y tradiciones de Oaxaca, en un evento que celebra la comunidad migrante.\" \/><\/figure><\/div><div class=\"swiper-slide\" role=\"group\" aria-roledescription=\"slide\" aria-label=\"2 de 6\"><figure class=\"swiper-slide-inner\"><img decoding=\"async\" class=\"swiper-slide-image\" src=\"https:\/\/soymigrante.com\/revista\/wp-content\/uploads\/2024\/09\/Peter-Hernandez-Quiche-soy-migrante11-768x1152.webp\" alt=\"Luces de ferias con noria iluminada en la noche, entretenimiento y diversi\u00f3n en festivales, entorno de feria con gente disfrutando atracciones y ambiente festivo vivo en un parque de diversiones nocturno.\" \/><\/figure><\/div><div class=\"swiper-slide\" role=\"group\" aria-roledescription=\"slide\" aria-label=\"3 de 6\"><figure class=\"swiper-slide-inner\"><img decoding=\"async\" class=\"swiper-slide-image\" src=\"https:\/\/soymigrante.com\/revista\/wp-content\/uploads\/2024\/09\/Peter-Hernandez-Quiche-soy-migrante12-768x1152.webp\" alt=\"Espectacular mujer disfrazada de carnaval con vestuario tradicional lleno de detalles y plumas azules, participando en un desfile cultural y folkl\u00f3rico en las calles de M\u00e9xico.\" \/><\/figure><\/div><div class=\"swiper-slide\" role=\"group\" aria-roledescription=\"slide\" aria-label=\"4 de 6\"><figure class=\"swiper-slide-inner\"><img decoding=\"async\" class=\"swiper-slide-image\" src=\"https:\/\/soymigrante.com\/revista\/wp-content\/uploads\/2024\/09\/Peter-Hernandez-Quiche-soy-migrante6-768x1152.webp\" alt=\"Vendedora de colores y tradici\u00f3n en la fiesta de La Flor del C\u00e1liz en Iz\u00facar de Matamoros, Puebla.\" \/><\/figure><\/div><div class=\"swiper-slide\" role=\"group\" aria-roledescription=\"slide\" aria-label=\"5 de 6\"><figure class=\"swiper-slide-inner\"><img decoding=\"async\" class=\"swiper-slide-image\" src=\"https:\/\/soymigrante.com\/revista\/wp-content\/uploads\/2024\/09\/peter-hernandez-soy-migrante-768x1151.webp\" alt=\"Vestido de carnaval colorido con detalles de plumas y accesorios llamativos, participantes en desfile en la calle.\" \/><\/figure><\/div><div class=\"swiper-slide\" role=\"group\" aria-roledescription=\"slide\" aria-label=\"6 de 6\"><figure class=\"swiper-slide-inner\"><img decoding=\"async\" class=\"swiper-slide-image\" src=\"https:\/\/soymigrante.com\/revista\/wp-content\/uploads\/2024\/09\/Peter-Hernandez-Quiche-soy-migrante3-768x1152.webp\" alt=\"M\u00e1scara tradicional mexicana en festival cultural con vestimenta colorida y accesorios ornamentales.\" \/><\/figure><\/div>\t\t\t<\/div>\n\t\t\t\t\t\t\t\t\t\t\t\t<div class=\"elementor-swiper-button elementor-swiper-button-prev\" role=\"button\" tabindex=\"0\">\n\t\t\t\t\t\t<i aria-hidden=\"true\" class=\"eicon-chevron-left\"><\/i>\t\t\t\t\t<\/div>\n\t\t\t\t\t<div class=\"elementor-swiper-button elementor-swiper-button-next\" role=\"button\" tabindex=\"0\">\n\t\t\t\t\t\t<i aria-hidden=\"true\" class=\"eicon-chevron-right\"><\/i>\t\t\t\t\t<\/div>\n\t\t\t\t\n\t\t\t\t\t\t\t\t\t<div class=\"swiper-pagination\"><\/div>\n\t\t\t\t\t\t\t\t\t<\/div>\n\t\t\t\t\t\t<\/div>\n\t\t\t\t\t<\/div>\n\t\t\t\t<\/div>\n\t\t<div data-particle_enable=\"false\" data-particle-mobile-disabled=\"false\" class=\"elementor-element elementor-element-8306649 e-flex e-con-boxed e-con e-parent\" data-id=\"8306649\" data-element_type=\"container\" data-e-type=\"container\">\n\t\t\t\t\t<div class=\"e-con-inner\">\n\t\t\t\t<div class=\"elementor-element elementor-element-65d6b93 elementor-widget elementor-widget-text-editor\" data-id=\"65d6b93\" data-element_type=\"widget\" data-e-type=\"widget\" data-widget_type=\"text-editor.default\">\n\t\t\t\t\t\t\t\t\t<p>Hern\u00e1ndez se caracteriza por fotografiar paisajes, la fiesta patronal de Santa Cruz del\u00a0<a href=\"https:\/\/soymigrante.com\/revista\/chichicastenango-datos-que-quiza-ya-conocias-o-quiza-no\/\" target=\"_blank\" rel=\"noopener\">Quich\u00e9<\/a>, pero, sobre todo, la realidad en la que \u00e9l mismo vivi\u00f3 en su infancia y adolescencia.\u00a0<\/p>\t\t\t\t\t\t\t\t<\/div>\n\t\t\t\t\t<\/div>\n\t\t\t\t<\/div>\n\t\t<div data-particle_enable=\"false\" data-particle-mobile-disabled=\"false\" class=\"elementor-element elementor-element-5c6fc66 e-flex e-con-boxed e-con e-parent\" data-id=\"5c6fc66\" data-element_type=\"container\" data-e-type=\"container\">\n\t\t\t\t\t<div class=\"e-con-inner\">\n\t\t\t\t<div class=\"elementor-element elementor-element-3e937f3 elementor-arrows-position-inside elementor-pagination-position-outside elementor-widget elementor-widget-image-carousel\" data-id=\"3e937f3\" data-element_type=\"widget\" data-e-type=\"widget\" data-settings=\"{&quot;slides_to_show&quot;:&quot;1&quot;,&quot;navigation&quot;:&quot;both&quot;,&quot;autoplay&quot;:&quot;yes&quot;,&quot;pause_on_hover&quot;:&quot;yes&quot;,&quot;pause_on_interaction&quot;:&quot;yes&quot;,&quot;autoplay_speed&quot;:5000,&quot;infinite&quot;:&quot;yes&quot;,&quot;effect&quot;:&quot;slide&quot;,&quot;speed&quot;:500}\" data-widget_type=\"image-carousel.default\">\n\t\t\t\t\t\t\t<div class=\"elementor-image-carousel-wrapper swiper\" role=\"region\" aria-roledescription=\"carousel\" aria-label=\"Carrusel de im\u00e1genes\" dir=\"ltr\">\n\t\t\t<div class=\"elementor-image-carousel swiper-wrapper\" aria-live=\"off\">\n\t\t\t\t\t\t\t\t<div class=\"swiper-slide\" role=\"group\" aria-roledescription=\"slide\" aria-label=\"1 de 3\"><figure class=\"swiper-slide-inner\"><img decoding=\"async\" class=\"swiper-slide-image\" src=\"https:\/\/soymigrante.com\/revista\/wp-content\/uploads\/2024\/09\/peter-hernandez-soy-migrante3-683x1024.webp\" alt=\"Colorido puesto de vendedores con objetos artesanales en una feria callejera en M\u00e9xico, mostrando cultura popular, artesan\u00eda y tradiciones mexicanas.\" \/><\/figure><\/div><div class=\"swiper-slide\" role=\"group\" aria-roledescription=\"slide\" aria-label=\"2 de 3\"><figure class=\"swiper-slide-inner\"><img decoding=\"async\" class=\"swiper-slide-image\" src=\"https:\/\/soymigrante.com\/revista\/wp-content\/uploads\/2024\/09\/Peter-Hernandez-soy-migrante13-1-694x1024.webp\" alt=\"Vendedores ambulantes en un mercado callejero con ni\u00f1os, mostrando la cultura popular y la vida cotidiana en Latinoam\u00e9rica.\" \/><\/figure><\/div><div class=\"swiper-slide\" role=\"group\" aria-roledescription=\"slide\" aria-label=\"3 de 3\"><figure class=\"swiper-slide-inner\"><img decoding=\"async\" class=\"swiper-slide-image\" src=\"https:\/\/soymigrante.com\/revista\/wp-content\/uploads\/2024\/09\/Peter-Hernandez-Quiche-soy-migrante7-1-850x1024.webp\" alt=\"Ni\u00f1o migrante cargando le\u00f1a en un paisaje rural, s\u00edmbolo de movilidad y desaf\u00edos en la migraci\u00f3n infantil.\" \/><\/figure><\/div>\t\t\t<\/div>\n\t\t\t\t\t\t\t\t\t\t\t\t<div class=\"elementor-swiper-button elementor-swiper-button-prev\" role=\"button\" tabindex=\"0\">\n\t\t\t\t\t\t<i aria-hidden=\"true\" class=\"eicon-chevron-left\"><\/i>\t\t\t\t\t<\/div>\n\t\t\t\t\t<div class=\"elementor-swiper-button elementor-swiper-button-next\" role=\"button\" tabindex=\"0\">\n\t\t\t\t\t\t<i aria-hidden=\"true\" class=\"eicon-chevron-right\"><\/i>\t\t\t\t\t<\/div>\n\t\t\t\t\n\t\t\t\t\t\t\t\t\t<div class=\"swiper-pagination\"><\/div>\n\t\t\t\t\t\t\t\t\t<\/div>\n\t\t\t\t\t\t<\/div>\n\t\t\t\t\t<\/div>\n\t\t\t\t<\/div>\n\t\t<div data-particle_enable=\"false\" data-particle-mobile-disabled=\"false\" class=\"elementor-element elementor-element-a6366ed e-flex e-con-boxed e-con e-parent\" data-id=\"a6366ed\" data-element_type=\"container\" data-e-type=\"container\">\n\t\t\t\t\t<div class=\"e-con-inner\">\n\t\t\t\t<div class=\"elementor-element elementor-element-8b94845 elementor-widget elementor-widget-text-editor\" data-id=\"8b94845\" data-element_type=\"widget\" data-e-type=\"widget\" data-widget_type=\"text-editor.default\">\n\t\t\t\t\t\t\t\t\t<p>Mientras capta el color de las ferias&nbsp;<a href=\"https:\/\/soymigrante.com\/revista\/chef-manuel-tol-domina-el-idioma-del-sabor-en-miami\/\" target=\"_blank\" rel=\"noopener\">quichelenses<\/a>,&nbsp;Peter aprovecha para fotograf\u00edas a los vendedores ambulantes de la festividad. \u201cDurante dos a\u00f1os he grabado consecutivamente a los convites, pero, sobre todo, me llama la atenci\u00f3n los vendedores ambulantes porque considero que pasan desapercibidos&#8221;, refiere.<\/p>\t\t\t\t\t\t\t\t<\/div>\n\t\t\t\t\t<\/div>\n\t\t\t\t<\/div>\n\t\t<div data-particle_enable=\"false\" data-particle-mobile-disabled=\"false\" class=\"elementor-element elementor-element-997a32e e-flex e-con-boxed e-con e-parent\" data-id=\"997a32e\" data-element_type=\"container\" data-e-type=\"container\">\n\t\t\t\t\t<div class=\"e-con-inner\">\n\t\t\t\t<div class=\"elementor-element elementor-element-cfcb3c6 elementor-arrows-position-inside elementor-pagination-position-outside elementor-widget elementor-widget-image-carousel\" data-id=\"cfcb3c6\" data-element_type=\"widget\" data-e-type=\"widget\" data-settings=\"{&quot;slides_to_show&quot;:&quot;1&quot;,&quot;navigation&quot;:&quot;both&quot;,&quot;autoplay&quot;:&quot;yes&quot;,&quot;pause_on_hover&quot;:&quot;yes&quot;,&quot;pause_on_interaction&quot;:&quot;yes&quot;,&quot;autoplay_speed&quot;:5000,&quot;infinite&quot;:&quot;yes&quot;,&quot;effect&quot;:&quot;slide&quot;,&quot;speed&quot;:500}\" data-widget_type=\"image-carousel.default\">\n\t\t\t\t\t\t\t<div class=\"elementor-image-carousel-wrapper swiper\" role=\"region\" aria-roledescription=\"carousel\" aria-label=\"Carrusel de im\u00e1genes\" dir=\"ltr\">\n\t\t\t<div class=\"elementor-image-carousel swiper-wrapper\" aria-live=\"off\">\n\t\t\t\t\t\t\t\t<div class=\"swiper-slide\" role=\"group\" aria-roledescription=\"slide\" aria-label=\"1 de 10\"><figure class=\"swiper-slide-inner\"><img decoding=\"async\" class=\"swiper-slide-image\" src=\"https:\/\/soymigrante.com\/revista\/wp-content\/uploads\/2024\/09\/peter-hernandez-quiche-soy-migrante15-2-683x1024.webp\" alt=\"Autob\u00fas de transporte de migrantes en ruta, decorado con motivos tradicionales, viajes y cultura, con montones de equipaje en el techo, en un entorno monta\u00f1oso en M\u00e9xico.\" \/><\/figure><\/div><div class=\"swiper-slide\" role=\"group\" aria-roledescription=\"slide\" aria-label=\"2 de 10\"><figure class=\"swiper-slide-inner\"><img decoding=\"async\" class=\"swiper-slide-image\" src=\"https:\/\/soymigrante.com\/revista\/wp-content\/uploads\/2024\/09\/Peter-Hernandez-soy-migrante9-2-705x1024.webp\" alt=\"Bandera de Guatemala, ni\u00f1a con vestido tradicional, mostrando orgullo y alegr\u00eda, en un entorno natural, s\u00edmbolo de identidad y cultura guatemalteca, en la revista SoyMigrante.com REVISTA.\" \/><\/figure><\/div><div class=\"swiper-slide\" role=\"group\" aria-roledescription=\"slide\" aria-label=\"3 de 10\"><figure class=\"swiper-slide-inner\"><img decoding=\"async\" class=\"swiper-slide-image\" src=\"https:\/\/soymigrante.com\/revista\/wp-content\/uploads\/2024\/09\/Peter-Hernandez-Quiche-soy-migrante4-2-700x1024.webp\" alt=\"Brotes de ma\u00edz creciendo bajo la lluvia, simbolizando esperanza y sostenibilidad en la agricultura.\" \/><\/figure><\/div><div class=\"swiper-slide\" role=\"group\" aria-roledescription=\"slide\" aria-label=\"4 de 10\"><figure class=\"swiper-slide-inner\"><img decoding=\"async\" class=\"swiper-slide-image\" src=\"https:\/\/soymigrante.com\/revista\/wp-content\/uploads\/2024\/09\/Peter-Hernandez-soy-migrante10-1-683x1024.webp\" alt=\"Atardecer con nubes coloridas sobre un paisaje natural, ideal para temas de migrantes, vida y esperanza en la revista SoyMigrante.com REVISTA.\" \/><\/figure><\/div><div class=\"swiper-slide\" role=\"group\" aria-roledescription=\"slide\" aria-label=\"5 de 10\"><figure class=\"swiper-slide-inner\"><img decoding=\"async\" class=\"swiper-slide-image\" src=\"https:\/\/soymigrante.com\/revista\/wp-content\/uploads\/2024\/09\/peter-hernandez-quiche-soy-migrante14-1-682x1024.webp\" alt=\"Ni\u00f1a ind\u00edgena con sombrero tradicional en campo rural, s\u00edmbolo de migrantes y cultura en Am\u00e9rica Latina.\" \/><\/figure><\/div><div class=\"swiper-slide\" role=\"group\" aria-roledescription=\"slide\" aria-label=\"6 de 10\"><figure class=\"swiper-slide-inner\"><img decoding=\"async\" class=\"swiper-slide-image\" src=\"https:\/\/soymigrante.com\/revista\/wp-content\/uploads\/2024\/09\/Peter-Hernandez-soy-migrante14-1-683x1024.webp\" alt=\"Verde, oscuro, hojas de ma\u00edz bajo nubes grises, ambiente de campo agr\u00edcola en d\u00eda lluvioso, enfoque cercano, agricultura sostenible, clima h\u00famedo, cultivo de ma\u00edz enojado, campos en sombra, naturaleza,.\" \/><\/figure><\/div><div class=\"swiper-slide\" role=\"group\" aria-roledescription=\"slide\" aria-label=\"7 de 10\"><figure class=\"swiper-slide-inner\"><img decoding=\"async\" class=\"swiper-slide-image\" src=\"https:\/\/soymigrante.com\/revista\/wp-content\/uploads\/2024\/09\/Peter-Hernandez-Quiche-soy-migrante5-1-683x1024.webp\" alt=\"Barcos de madera en la orilla de un lago con reflejo del cielo nublado y sol brillante, en un entorno natural hermoso, representando la tranquilidad y conexi\u00f3n con la naturaleza.\" \/><\/figure><\/div><div class=\"swiper-slide\" role=\"group\" aria-roledescription=\"slide\" aria-label=\"8 de 10\"><figure class=\"swiper-slide-inner\"><img decoding=\"async\" class=\"swiper-slide-image\" src=\"https:\/\/soymigrante.com\/revista\/wp-content\/uploads\/2024\/09\/Peter-Hernandez-soy-migrante16-700x1024.webp\" alt=\"Paisaje rural con monta\u00f1as y campos verdes en vista a\u00e9rea en San Miguel de Allende, cultura mexicana, agricultura, naturaleza, turismo, vida campestre.\" \/><\/figure><\/div><div class=\"swiper-slide\" role=\"group\" aria-roledescription=\"slide\" aria-label=\"9 de 10\"><figure class=\"swiper-slide-inner\"><img decoding=\"async\" class=\"swiper-slide-image\" src=\"https:\/\/soymigrante.com\/revista\/wp-content\/uploads\/2024\/09\/peter-hernandez-quiche-soy-migrante16-2-662x1024.webp\" alt=\"Camino en una v\u00eda urbana con tr\u00e1fico y construcci\u00f3n vial, con colinas y paisaje rural en el fondo, relevante para contenido sobre infraestructura, movilidad y desarrollo en Ecuador.\" \/><\/figure><\/div><div class=\"swiper-slide\" role=\"group\" aria-roledescription=\"slide\" aria-label=\"10 de 10\"><figure class=\"swiper-slide-inner\"><img decoding=\"async\" class=\"swiper-slide-image\" src=\"https:\/\/soymigrante.com\/revista\/wp-content\/uploads\/2024\/09\/Peter-Hernandez-Quiche-soy-migrante8-1-683x1024.webp\" alt=\"Cielo estrellado sobre un paisaje rural con \u00e1rboles y cultivos en la noche, ideales para art\u00edculos sobre migrantes y temas rurales.\" \/><\/figure><\/div>\t\t\t<\/div>\n\t\t\t\t\t\t\t\t\t\t\t\t<div class=\"elementor-swiper-button elementor-swiper-button-prev\" role=\"button\" tabindex=\"0\">\n\t\t\t\t\t\t<i aria-hidden=\"true\" class=\"eicon-chevron-left\"><\/i>\t\t\t\t\t<\/div>\n\t\t\t\t\t<div class=\"elementor-swiper-button elementor-swiper-button-next\" role=\"button\" tabindex=\"0\">\n\t\t\t\t\t\t<i aria-hidden=\"true\" class=\"eicon-chevron-right\"><\/i>\t\t\t\t\t<\/div>\n\t\t\t\t\n\t\t\t\t\t\t\t\t\t<div class=\"swiper-pagination\"><\/div>\n\t\t\t\t\t\t\t\t\t<\/div>\n\t\t\t\t\t\t<\/div>\n\t\t\t\t\t<\/div>\n\t\t\t\t<\/div>\n\t\t<div data-particle_enable=\"false\" data-particle-mobile-disabled=\"false\" class=\"elementor-element elementor-element-bfb1ef4 e-flex e-con-boxed e-con e-parent\" data-id=\"bfb1ef4\" data-element_type=\"container\" data-e-type=\"container\">\n\t\t\t\t\t<div class=\"e-con-inner\">\n\t\t\t\t<div class=\"elementor-element elementor-element-07306b5 elementor-widget elementor-widget-heading\" data-id=\"07306b5\" data-element_type=\"widget\" data-e-type=\"widget\" data-widget_type=\"heading.default\">\n\t\t\t\t\t<h3 class=\"elementor-heading-title elementor-size-default\">Opciones para que conozcas Guatemala<\/h3>\t\t\t\t<\/div>\n\t\t\t\t\t<\/div>\n\t\t\t\t<\/div>\n\t\t<div data-particle_enable=\"false\" data-particle-mobile-disabled=\"false\" class=\"elementor-element elementor-element-81eea7e e-flex e-con-boxed e-con e-parent\" data-id=\"81eea7e\" data-element_type=\"container\" data-e-type=\"container\">\n\t\t\t\t\t<div class=\"e-con-inner\">\n\t\t\t\t<div class=\"elementor-element elementor-element-2f172db elementor-grid-eael-col-3 elementor-grid-tablet-eael-col-2 elementor-grid-mobile-eael-col-1 elementor-widget elementor-widget-eael-post-grid\" data-id=\"2f172db\" data-element_type=\"widget\" data-e-type=\"widget\" data-settings=\"{&quot;eael_post_grid_columns&quot;:&quot;eael-col-3&quot;,&quot;eael_post_grid_columns_tablet&quot;:&quot;eael-col-2&quot;,&quot;eael_post_grid_columns_mobile&quot;:&quot;eael-col-1&quot;}\" data-widget_type=\"eael-post-grid.default\">\n\t\t\t\t\t<div id=\"eael-post-grid-2f172db\" class=\"eael-post-grid-container\">\n            <div class=\"eael-post-grid eael-post-appender eael-post-appender-2f172db eael-post-grid-style-one\" data-layout-mode=\"masonry\"><article class=\"eael-grid-post  eael-post-grid-column eael-pg-post-8594 category-guate-nuestra\" data-id=\"8594\">\n        <div class=\"eael-grid-post-holder\">\n            <div class=\"eael-grid-post-holder-inner\"><div class=\"eael-entry-media\"><div class=\"eael-entry-overlay fade-in\"><i class=\"far fa-hand-pointer\" aria-hidden=\"true\"><\/i><a href=\"https:\/\/soymigrante.com\/revista\/10-pueblos-a-la-orilla-del-lago-de-atitlan-que-debes-descubrir\/\"><\/a><\/div><div class=\"eael-entry-thumbnail \">\n                <img fetchpriority=\"high\" decoding=\"async\" width=\"1024\" height=\"1024\" src=\"https:\/\/soymigrante.com\/revista\/wp-content\/uploads\/2024\/08\/agricultura-san-antonio-palopo-face-soy-migrante-2-1024x1024.webp\" class=\"attachment-large size-large wp-image-8615\" alt=\"Paisaje del Lago de Atitl\u00e1n, volcanes y zonas agr\u00edcolas en Guatemala, turismo y paisaje natural en Centroam\u00e9rica.\" srcset=\"https:\/\/soymigrante.com\/revista\/wp-content\/uploads\/2024\/08\/agricultura-san-antonio-palopo-face-soy-migrante-2-1024x1024.webp 1024w, https:\/\/soymigrante.com\/revista\/wp-content\/uploads\/2024\/08\/agricultura-san-antonio-palopo-face-soy-migrante-2-300x300.webp 300w, https:\/\/soymigrante.com\/revista\/wp-content\/uploads\/2024\/08\/agricultura-san-antonio-palopo-face-soy-migrante-2-150x150.webp 150w, https:\/\/soymigrante.com\/revista\/wp-content\/uploads\/2024\/08\/agricultura-san-antonio-palopo-face-soy-migrante-2-768x768.webp 768w, https:\/\/soymigrante.com\/revista\/wp-content\/uploads\/2024\/08\/agricultura-san-antonio-palopo-face-soy-migrante-2-1536x1536.webp 1536w, https:\/\/soymigrante.com\/revista\/wp-content\/uploads\/2024\/08\/agricultura-san-antonio-palopo-face-soy-migrante-2-75x75.webp 75w, https:\/\/soymigrante.com\/revista\/wp-content\/uploads\/2024\/08\/agricultura-san-antonio-palopo-face-soy-migrante-2-750x750.webp 750w, https:\/\/soymigrante.com\/revista\/wp-content\/uploads\/2024\/08\/agricultura-san-antonio-palopo-face-soy-migrante-2-1140x1140.webp 1140w, https:\/\/soymigrante.com\/revista\/wp-content\/uploads\/2024\/08\/agricultura-san-antonio-palopo-face-soy-migrante-2.webp 1538w\" sizes=\"(max-width: 1024px) 100vw, 1024px\" \/>\n            <\/div>\n        <\/div><div class=\"eael-entry-wrapper\"><header class=\"eael-entry-header\"><h2 class=\"eael-entry-title\"><a class=\"eael-grid-post-link\" href=\"https:\/\/soymigrante.com\/revista\/10-pueblos-a-la-orilla-del-lago-de-atitlan-que-debes-descubrir\/\" title=\"Ocho pueblos a la orilla del lago de Atitl\u00e1n que debes descubrir\">Ocho pueblos a la orilla del lago de Atitl\u00e1n que debes descubrir<\/a><\/h2><\/header><div class=\"eael-entry-content\">\n                        <div class=\"eael-grid-post-excerpt\"><a href=\"https:\/\/soymigrante.com\/revista\/10-pueblos-a-la-orilla-del-lago-de-atitlan-que-debes-descubrir\/\" class=\"eael-post-elements-readmore-btn\">CONOCE SU HISTORIA <\/a><\/div>\n                    <\/div><\/div><\/div>\n        <\/div>\n    <\/article><article class=\"eael-grid-post  eael-post-grid-column eael-pg-post-8462 category-guate-nuestra\" data-id=\"8462\">\n        <div class=\"eael-grid-post-holder\">\n            <div class=\"eael-grid-post-holder-inner\"><div class=\"eael-entry-media\"><div class=\"eael-entry-overlay fade-in\"><i class=\"far fa-hand-pointer\" aria-hidden=\"true\"><\/i><a href=\"https:\/\/soymigrante.com\/revista\/chichicastenango-datos-que-quiza-ya-conocias-o-quiza-no\/\"><\/a><\/div><div class=\"eael-entry-thumbnail \">\n                <img decoding=\"async\" width=\"785\" height=\"786\" src=\"https:\/\/soymigrante.com\/revista\/wp-content\/uploads\/2024\/08\/Captura-de-pantalla-2024-08-28-143219.webp\" class=\"attachment-large size-large wp-image-8489\" alt=\"Fuego en las escaleras de una iglesia durante un ritual religioso en contexto migrante en Am\u00e9rica Latina.\" srcset=\"https:\/\/soymigrante.com\/revista\/wp-content\/uploads\/2024\/08\/Captura-de-pantalla-2024-08-28-143219.webp 785w, https:\/\/soymigrante.com\/revista\/wp-content\/uploads\/2024\/08\/Captura-de-pantalla-2024-08-28-143219-300x300.webp 300w, https:\/\/soymigrante.com\/revista\/wp-content\/uploads\/2024\/08\/Captura-de-pantalla-2024-08-28-143219-150x150.webp 150w, https:\/\/soymigrante.com\/revista\/wp-content\/uploads\/2024\/08\/Captura-de-pantalla-2024-08-28-143219-768x769.webp 768w, https:\/\/soymigrante.com\/revista\/wp-content\/uploads\/2024\/08\/Captura-de-pantalla-2024-08-28-143219-75x75.webp 75w, https:\/\/soymigrante.com\/revista\/wp-content\/uploads\/2024\/08\/Captura-de-pantalla-2024-08-28-143219-750x751.webp 750w\" sizes=\"(max-width: 785px) 100vw, 785px\" \/>\n            <\/div>\n        <\/div><div class=\"eael-entry-wrapper\"><header class=\"eael-entry-header\"><h2 class=\"eael-entry-title\"><a class=\"eael-grid-post-link\" href=\"https:\/\/soymigrante.com\/revista\/chichicastenango-datos-que-quiza-ya-conocias-o-quiza-no\/\" title=\"Chichicastenango : Datos que quiz\u00e1 ya conoc\u00edas (o quiz\u00e1 no)\">Chichicastenango : Datos que quiz\u00e1 ya conoc\u00edas (o quiz\u00e1 no)<\/a><\/h2><\/header><div class=\"eael-entry-content\">\n                        <div class=\"eael-grid-post-excerpt\"><a href=\"https:\/\/soymigrante.com\/revista\/chichicastenango-datos-que-quiza-ya-conocias-o-quiza-no\/\" class=\"eael-post-elements-readmore-btn\">CONOCE SU HISTORIA <\/a><\/div>\n                    <\/div><\/div><\/div>\n        <\/div>\n    <\/article><article class=\"eael-grid-post  eael-post-grid-column eael-pg-post-8355 category-guate-nuestra\" data-id=\"8355\">\n        <div class=\"eael-grid-post-holder\">\n            <div class=\"eael-grid-post-holder-inner\"><div class=\"eael-entry-media\"><div class=\"eael-entry-overlay fade-in\"><i class=\"far fa-hand-pointer\" aria-hidden=\"true\"><\/i><a href=\"https:\/\/soymigrante.com\/revista\/fotos-de-guatemala-pablo-galindo-refleja-la-magia-de-la-tierra-del-quetzal\/\"><\/a><\/div><div class=\"eael-entry-thumbnail \">\n                <img decoding=\"async\" width=\"1024\" height=\"1024\" src=\"https:\/\/soymigrante.com\/revista\/wp-content\/uploads\/2024\/08\/volcanes-pablo-galindo-soy-migrante3-1-1024x1024.webp\" class=\"attachment-large size-large wp-image-8385\" alt=\"Vista del volc\u00e1n en erupci\u00f3n con columnas de humo y lava illuminated por la noche, s\u00edmbolo del poder de la naturaleza y la actividad volc\u00e1nica en Am\u00e9rica Central.\" srcset=\"https:\/\/soymigrante.com\/revista\/wp-content\/uploads\/2024\/08\/volcanes-pablo-galindo-soy-migrante3-1-1024x1024.webp 1024w, https:\/\/soymigrante.com\/revista\/wp-content\/uploads\/2024\/08\/volcanes-pablo-galindo-soy-migrante3-1-300x300.webp 300w, https:\/\/soymigrante.com\/revista\/wp-content\/uploads\/2024\/08\/volcanes-pablo-galindo-soy-migrante3-1-150x150.webp 150w, https:\/\/soymigrante.com\/revista\/wp-content\/uploads\/2024\/08\/volcanes-pablo-galindo-soy-migrante3-1-768x768.webp 768w, https:\/\/soymigrante.com\/revista\/wp-content\/uploads\/2024\/08\/volcanes-pablo-galindo-soy-migrante3-1-75x75.webp 75w, https:\/\/soymigrante.com\/revista\/wp-content\/uploads\/2024\/08\/volcanes-pablo-galindo-soy-migrante3-1-750x750.webp 750w, https:\/\/soymigrante.com\/revista\/wp-content\/uploads\/2024\/08\/volcanes-pablo-galindo-soy-migrante3-1-1140x1140.webp 1140w, https:\/\/soymigrante.com\/revista\/wp-content\/uploads\/2024\/08\/volcanes-pablo-galindo-soy-migrante3-1.webp 1440w\" sizes=\"(max-width: 1024px) 100vw, 1024px\" \/>\n            <\/div>\n        <\/div><div class=\"eael-entry-wrapper\"><header class=\"eael-entry-header\"><h2 class=\"eael-entry-title\"><a class=\"eael-grid-post-link\" href=\"https:\/\/soymigrante.com\/revista\/fotos-de-guatemala-pablo-galindo-refleja-la-magia-de-la-tierra-del-quetzal\/\" title=\"Fotos de Guatemala :  Pablo Galindo refleja la magia de la tierra del Quetzal\">Fotos de Guatemala :  Pablo Galindo refleja la magia de la tierra del Quetzal<\/a><\/h2><\/header><div class=\"eael-entry-content\">\n                        <div class=\"eael-grid-post-excerpt\"><a href=\"https:\/\/soymigrante.com\/revista\/fotos-de-guatemala-pablo-galindo-refleja-la-magia-de-la-tierra-del-quetzal\/\" class=\"eael-post-elements-readmore-btn\">CONOCE SU HISTORIA <\/a><\/div>\n                    <\/div><\/div><\/div>\n        <\/div>\n    <\/article><\/div>\n            <div class=\"clearfix\"><\/div>\n        <\/div>\t\t\t\t<\/div>\n\t\t\t\t\t<\/div>\n\t\t\t\t<\/div>\n\t\t\t\t<\/div>\n\t\t","protected":false},"excerpt":{"rendered":"<p>As\u00ed es como se le conoce a la cabecera departamental del Quich\u00e9: \u201cLa tierra de los eternos celajes\u201d. Peter Hern\u00e1ndez, a sus 28 a\u00f1os, lleva cuatro a\u00f1os construyendo el sue\u00f1o de fotografiar la tierra que lo ha visto crecer: Santa Cruz del Quich\u00e9. Peter recuerda que adquirir una c\u00e1mara profesional fotogr\u00e1fica estaba muy lejos de [&hellip;]<\/p>\n","protected":false},"author":23,"featured_media":8818,"comment_status":"open","ping_status":"open","sticky":false,"template":"","format":"standard","meta":{"_acf_changed":false,"_eb_attr":"","footnotes":""},"categories":[58],"tags":[],"class_list":["post-8757","post","type-post","status-publish","format-standard","has-post-thumbnail","hentry","category-guate-nuestra"],"acf":[],"aioseo_notices":[],"aioseo_head":"\n\t\t<!-- All in One SEO Pro 4.9.6.2 - aioseo.com -->\n\t<meta name=\"description\" content=\"Parajes naturales como el lago de Atitl\u00e1n, Tikal o Huehuetenango deslumbran gracias al talento del fot\u00f3grafo Pablo Galindo. Conoce y sorpr\u00e9ndete con sus im\u00e1genes.\" \/>\n\t<meta name=\"robots\" content=\"max-snippet:-1, max-image-preview:large, max-video-preview:-1\" \/>\n\t<meta name=\"author\" content=\"Beatriz Tercero\"\/>\n\t<link rel=\"canonical\" href=\"https:\/\/soymigrante.com\/revista\/fotos-de-guatemala-pablo-galindo-refleja-la-magia-de-la-tierra-del-quetzal\/\" \/>\n\t<meta name=\"generator\" content=\"All in One SEO Pro (AIOSEO) 4.9.6.2\" \/>\n\n\t\t<link rel=\"preconnect\" href=\"https:\/\/fonts.googleapis.com\" crossorigin>\n<link rel=\"preconnect\" href=\"https:\/\/fonts.gstatic.com\" crossorigin>\n\t\t<meta property=\"og:locale\" content=\"es_ES\" \/>\n\t\t<meta property=\"og:site_name\" content=\"SoyMigrante.com REVISTA \u2013 Nuestra misi\u00f3n es reconocer y dignificar al migrante.\" \/>\n\t\t<meta property=\"og:type\" content=\"article\" \/>\n\t\t<meta property=\"og:title\" content=\"Fotos de Guatemala: la magia del lente de Pablo Galindo\" \/>\n\t\t<meta property=\"og:description\" content=\"Parajes naturales como el lago de Atitl\u00e1n, Tikal o Huehuetenango deslumbran gracias al talento del fot\u00f3grafo Pablo Galindo. Conoce y sorpr\u00e9ndete con sus im\u00e1genes.\" \/>\n\t\t<meta property=\"og:url\" content=\"https:\/\/soymigrante.com\/revista\/fotos-de-guatemala-pablo-galindo-refleja-la-magia-de-la-tierra-del-quetzal\/\" \/>\n\t\t<meta property=\"og:image\" content=\"https:\/\/soymigrante.com\/revista\/wp-content\/uploads\/2024\/08\/volcanes-pablo-galindo-soy-migrante3-1.webp\" \/>\n\t\t<meta property=\"og:image:secure_url\" content=\"https:\/\/soymigrante.com\/revista\/wp-content\/uploads\/2024\/08\/volcanes-pablo-galindo-soy-migrante3-1.webp\" \/>\n\t\t<meta property=\"og:image:width\" content=\"1440\" \/>\n\t\t<meta property=\"og:image:height\" content=\"1440\" \/>\n\t\t<meta property=\"article:published_time\" content=\"2024-08-28T12:00:00+00:00\" \/>\n\t\t<meta property=\"article:modified_time\" content=\"2024-08-28T04:15:42+00:00\" \/>\n\t\t<meta property=\"article:publisher\" content=\"https:\/\/www.facebook.com\/soymigrantecom\" \/>\n\t\t<meta name=\"twitter:card\" content=\"summary_large_image\" \/>\n\t\t<meta name=\"twitter:site\" content=\"@SoyMigrante_com\" \/>\n\t\t<meta name=\"twitter:title\" content=\"Fotos de Guatemala: la magia del lente de Pablo Galindo\" \/>\n\t\t<meta name=\"twitter:description\" content=\"Parajes naturales como el lago de Atitl\u00e1n, Tikal o Huehuetenango deslumbran gracias al talento del fot\u00f3grafo Pablo Galindo. Conoce y sorpr\u00e9ndete con sus im\u00e1genes.\" \/>\n\t\t<meta name=\"twitter:creator\" content=\"@SoyMigrante_com\" \/>\n\t\t<meta name=\"twitter:image\" content=\"https:\/\/soymigrante.com\/revista\/wp-content\/uploads\/2024\/08\/volcanes-pablo-galindo-soy-migrante3-1.webp\" \/>\n\t\t<!-- All in One SEO Pro -->\r\n\t\t<title>Fotos de Guatemala: la magia del lente de Pablo Galindo<\/title>\n\n","aioseo_head_json":{"title":"Fotos de Guatemala: la magia del lente de Pablo Galindo","description":"Parajes naturales como el lago de Atitl\u00e1n, Tikal o Huehuetenango deslumbran gracias al talento del fot\u00f3grafo Pablo Galindo. Conoce y sorpr\u00e9ndete con sus im\u00e1genes.","canonical_url":"https:\/\/soymigrante.com\/revista\/fotos-de-guatemala-pablo-galindo-refleja-la-magia-de-la-tierra-del-quetzal\/","robots":"max-snippet:-1, max-image-preview:large, max-video-preview:-1","keywords":"","webmasterTools":{"miscellaneous":"&lt;link rel=\"preconnect\" href=\"https:\/\/fonts.googleapis.com\" crossorigin&gt;\n&lt;link rel=\"preconnect\" href=\"https:\/\/fonts.gstatic.com\" crossorigin&gt;"},"schema":null,"og:locale":"es_ES","og:site_name":"SoyMigrante.com REVISTA \u2013 Nuestra misi\u00f3n es reconocer y dignificar al migrante.","og:type":"article","og:title":"Fotos de Guatemala: la magia del lente de Pablo Galindo","og:description":"Parajes naturales como el lago de Atitl\u00e1n, Tikal o Huehuetenango deslumbran gracias al talento del fot\u00f3grafo Pablo Galindo. Conoce y sorpr\u00e9ndete con sus im\u00e1genes.","og:url":"https:\/\/soymigrante.com\/revista\/fotos-de-guatemala-pablo-galindo-refleja-la-magia-de-la-tierra-del-quetzal\/","og:image":"https:\/\/soymigrante.com\/revista\/wp-content\/uploads\/2024\/08\/volcanes-pablo-galindo-soy-migrante3-1.webp","og:image:secure_url":"https:\/\/soymigrante.com\/revista\/wp-content\/uploads\/2024\/08\/volcanes-pablo-galindo-soy-migrante3-1.webp","og:image:width":1440,"og:image:height":1440,"article:published_time":"2024-08-28T12:00:00+00:00","article:modified_time":"2024-08-28T04:15:42+00:00","article:publisher":"https:\/\/www.facebook.com\/soymigrantecom","twitter:card":"summary_large_image","twitter:site":"@SoyMigrante_com","twitter:title":"Fotos de Guatemala: la magia del lente de Pablo Galindo","twitter:description":"Parajes naturales como el lago de Atitl\u00e1n, Tikal o Huehuetenango deslumbran gracias al talento del fot\u00f3grafo Pablo Galindo. Conoce y sorpr\u00e9ndete con sus im\u00e1genes.","twitter:creator":"@SoyMigrante_com","twitter:image":"https:\/\/soymigrante.com\/revista\/wp-content\/uploads\/2024\/08\/volcanes-pablo-galindo-soy-migrante3-1.webp"},"aioseo_meta_data":{"post_id":"8757","title":"Quich\u00e9 es retratado por el fot\u00f3grafo Peter Hern\u00e1ndez","description":"As\u00ed capta los paisajes admirables de Santa Cruz del Quich\u00e9 y alrededores el fot\u00f3grafo Peter Hern\u00e1ndez con cari\u00f1o y creatividad.","keywords":null,"keyphrases":{"focus":{"keyphrase":"Santa Cruz del Quich\u00e9","score":76,"analysis":{"keyphraseInTitle":{"score":3,"maxScore":9,"error":1},"keyphraseInDescription":{"score":9,"maxScore":9,"error":0},"keyphraseLength":{"score":9,"maxScore":9,"error":0,"length":4},"keyphraseInURL":{"score":1,"maxScore":5,"error":1},"keyphraseInIntroduction":{"score":9,"maxScore":9,"error":0},"keyphraseInSubHeadings":{"score":3,"maxScore":9,"error":1},"keyphraseInImageAlt":{"score":9,"maxScore":9,"error":0},"keywordDensity":{"type":"best","score":9,"maxScore":9,"error":0}}},"additional":[{"keyphrase":"Quich\u00e9","score":100,"analysis":{"keyphraseInDescription":{"score":9,"maxScore":9,"error":0},"keyphraseLength":{"score":9,"maxScore":9,"error":0,"length":1},"keyphraseInIntroduction":{"score":9,"maxScore":9,"error":0},"keyphraseInImageAlt":{"score":9,"maxScore":9,"error":0},"keywordDensity":{"type":"best","score":9,"maxScore":9,"error":0}}},{"keyphrase":"Guatemala","score":60,"analysis":{"keyphraseInDescription":{"score":3,"maxScore":9,"error":1},"keyphraseLength":{"score":9,"maxScore":9,"error":0,"length":1},"keyphraseInIntroduction":{"score":3,"maxScore":9,"error":1},"keyphraseInImageAlt":{"score":3,"maxScore":9,"error":1},"keywordDensity":{"type":"best","score":9,"maxScore":9,"error":0}}},{"keyphrase":"Fotograf\u00edas de Guatemala","score":40,"analysis":{"keyphraseInDescription":{"score":3,"maxScore":9,"error":1},"keyphraseLength":{"score":9,"maxScore":9,"error":0,"length":4},"keyphraseInIntroduction":{"score":3,"maxScore":9,"error":1},"keyphraseInImageAlt":{"score":3,"maxScore":9,"error":1},"keywordDensity":{"score":0,"type":"low","maxScore":9,"error":1}}}]},"primary_term":null,"canonical_url":null,"og_title":null,"og_description":null,"og_object_type":"default","og_image_type":"default","og_image_url":null,"og_image_width":null,"og_image_height":null,"og_image_custom_url":null,"og_image_custom_fields":null,"og_video":"","og_custom_url":null,"og_article_section":null,"og_article_tags":null,"twitter_use_og":false,"twitter_card":"default","twitter_image_type":"default","twitter_image_url":null,"twitter_image_custom_url":null,"twitter_image_custom_fields":null,"twitter_title":null,"twitter_description":null,"schema":{"blockGraphs":[],"customGraphs":[],"default":{"data":{"Article":[],"Course":[],"Dataset":[],"FAQPage":[],"Movie":[],"Person":[],"Product":[],"ProductReview":[],"Car":[],"Recipe":[],"Service":[],"SoftwareApplication":[],"WebPage":[]},"graphName":"Article","isEnabled":true},"graphs":[]},"schema_type":"default","schema_type_options":null,"pillar_content":false,"robots_default":true,"robots_noindex":false,"robots_noarchive":false,"robots_nosnippet":false,"robots_nofollow":false,"robots_noimageindex":false,"robots_noodp":false,"robots_notranslate":false,"robots_max_snippet":"-1","robots_max_videopreview":"-1","robots_max_imagepreview":"large","priority":null,"frequency":"default","local_seo":null,"seo_analyzer_scan_date":"2025-10-08 22:58:17","breadcrumb_settings":null,"limit_modified_date":false,"reviewed_by":null,"open_ai":"{\"title\":{\"suggestions\":[],\"usage\":0},\"description\":{\"suggestions\":[],\"usage\":0}}","ai":null,"created":"2024-09-03 20:55:23","updated":"2026-02-04 12:55:56"},"aioseo_breadcrumb":"<div class=\"aioseo-breadcrumbs\"><span class=\"aioseo-breadcrumb\">\n\t<a href=\"https:\/\/soymigrante.com\/revista\" title=\"Home\">Home<\/a>\n<\/span><span class=\"aioseo-breadcrumb-separator\">\u00bb<\/span><span class=\"aioseo-breadcrumb\">\n\t<a href=\"https:\/\/soymigrante.com\/revista\/category\/guate-nuestra\/\" title=\"Guate Nuestra\">Guate Nuestra<\/a>\n<\/span><span class=\"aioseo-breadcrumb-separator\">\u00bb<\/span><span class=\"aioseo-breadcrumb\">\n\tAs\u00ed refleja Quich\u00e9, tierra de eternos celajes,  el lente de Peter Hern\u00e1ndez\n<\/span><\/div>","aioseo_breadcrumb_json":[{"label":"Home","link":"https:\/\/soymigrante.com\/revista"},{"label":"Guate Nuestra","link":"https:\/\/soymigrante.com\/revista\/category\/guate-nuestra\/"},{"label":"As\u00ed refleja Quich\u00e9, tierra de eternos celajes,  el lente de Peter Hern\u00e1ndez","link":"https:\/\/soymigrante.com\/revista\/asi-refleja-quiche-tierra-de-eternos-celajes-el-lente-de-peter-hernandez\/"}],"_links":{"self":[{"href":"https:\/\/soymigrante.com\/revista\/wp-json\/wp\/v2\/posts\/8757","targetHints":{"allow":["GET"]}}],"collection":[{"href":"https:\/\/soymigrante.com\/revista\/wp-json\/wp\/v2\/posts"}],"about":[{"href":"https:\/\/soymigrante.com\/revista\/wp-json\/wp\/v2\/types\/post"}],"author":[{"embeddable":true,"href":"https:\/\/soymigrante.com\/revista\/wp-json\/wp\/v2\/users\/23"}],"replies":[{"embeddable":true,"href":"https:\/\/soymigrante.com\/revista\/wp-json\/wp\/v2\/comments?post=8757"}],"version-history":[{"count":0,"href":"https:\/\/soymigrante.com\/revista\/wp-json\/wp\/v2\/posts\/8757\/revisions"}],"wp:featuredmedia":[{"embeddable":true,"href":"https:\/\/soymigrante.com\/revista\/wp-json\/wp\/v2\/media\/8818"}],"wp:attachment":[{"href":"https:\/\/soymigrante.com\/revista\/wp-json\/wp\/v2\/media?parent=8757"}],"wp:term":[{"taxonomy":"category","embeddable":true,"href":"https:\/\/soymigrante.com\/revista\/wp-json\/wp\/v2\/categories?post=8757"},{"taxonomy":"post_tag","embeddable":true,"href":"https:\/\/soymigrante.com\/revista\/wp-json\/wp\/v2\/tags?post=8757"}],"curies":[{"name":"wp","href":"https:\/\/api.w.org\/{rel}","templated":true}]}}