{"id":8740,"date":"2024-09-20T11:23:31","date_gmt":"2024-09-20T17:23:31","guid":{"rendered":"https:\/\/soymigrante.com\/revista\/?p=8740"},"modified":"2026-04-27T19:02:10","modified_gmt":"2026-04-28T01:02:10","slug":"el-pueblo-chuj-tiene-firme-raiz-en-las-montanas-de-huehuetenango","status":"publish","type":"post","link":"https:\/\/soymigrante.com\/revista\/el-pueblo-chuj-tiene-firme-raiz-en-las-montanas-de-huehuetenango\/","title":{"rendered":"El pueblo Chuj tiene firme ra\u00edz en las monta\u00f1as de Huehuetenango"},"content":{"rendered":"\t\t<div data-elementor-type=\"wp-post\" data-elementor-id=\"8740\" class=\"elementor elementor-8740\" data-elementor-post-type=\"post\">\n\t\t\t\t<div data-particle_enable=\"false\" data-particle-mobile-disabled=\"false\" class=\"elementor-element elementor-element-cd23717 e-flex e-con-boxed e-con e-parent\" data-id=\"cd23717\" data-element_type=\"container\" data-e-type=\"container\">\n\t\t\t\t\t<div class=\"e-con-inner\">\n\t\t\t\t<div class=\"elementor-element elementor-element-82be3eb elementor-widget elementor-widget-heading\" data-id=\"82be3eb\" data-element_type=\"widget\" data-e-type=\"widget\" data-widget_type=\"heading.default\">\n\t\t\t\t\t<h2 class=\"elementor-heading-title elementor-size-default\">La comunidad ling\u00fcistica Maya Chuj tiene unos 91 mil hablantes en Guatemala, muchos de ellos en los municipios de San Mateo Ixtat\u00e1n y San Rafael Coat\u00e1n, Huehuetenango. Pero tambi\u00e9n  hay Chuj en M\u00e9xico y EE.UU., donde  luchan por mantener su identidad.<\/h2>\t\t\t\t<\/div>\n\t\t\t\t<div class=\"elementor-element elementor-element-7668648 elementor-widget elementor-widget-html\" data-id=\"7668648\" data-element_type=\"widget\" data-e-type=\"widget\" data-widget_type=\"html.default\">\n\t\t\t\t\t<div id=\"buzzsprout-player-19087373\"><\/div><script src=\"https:\/\/www.buzzsprout.com\/2444168\/episodes\/19087373-el-universo-cultural-del-pueblo-maya-chuj-pueblos-de-guatemala.js?container_id=buzzsprout-player-19087373&player=small\" type=\"text\/javascript\" charset=\"utf-8\"><\/script>\t\t\t\t<\/div>\n\t\t\t\t\t<\/div>\n\t\t\t\t<\/div>\n\t\t<div data-particle_enable=\"false\" data-particle-mobile-disabled=\"false\" class=\"elementor-element elementor-element-b408c8d e-flex e-con-boxed e-con e-parent\" data-id=\"b408c8d\" data-element_type=\"container\" data-e-type=\"container\">\n\t\t\t\t\t<div class=\"e-con-inner\">\n\t\t\t\t<div class=\"elementor-element elementor-element-42a8e1d elementor-widget elementor-widget-text-editor\" data-id=\"42a8e1d\" data-element_type=\"widget\" data-e-type=\"widget\" data-widget_type=\"text-editor.default\">\n\t\t\t\t\t\t\t\t\t<p>La regi\u00f3n Chuj ocupa un \u00e1rea monta\u00f1osa, escarpada, de clima es fr\u00edo, bosques h\u00famedos y suelos poco f\u00e9rtiles, del departamento de Huehuetenango, regi\u00f3n noroccidental de Guatemala.<\/p><p>Cuentan los abuelos que los primeros pobladores de la comunidad Chuj eran integrantes de varios grupos, entre los cuales estaban los Ixtatanecos y los Coatanecos, que se conjugaron con otros pueblos provenientes del norte. Hace unos 2 mil a\u00f1os, el idioma Chuj se separ\u00f3 del <a href=\"https:\/\/soymigrante.com\/revista\/el-pueblo-qanjobal-tiene-el-corazon-en-jolom-konob\/\">Q&#8217;anjob&#8217;al<\/a>. Tienen un tronco com\u00fan, pero son totalmente distintos y por lo tanto se convirtieron en comunidades separadas.\u00a0<\/p><p style=\"text-align: justify;\"><span style=\"color: var( --e-global-color-text );\">El pueblo Chuj est\u00e1 rodeado e incluso comparte vida con pueblos que hablan los idiomas <a href=\"https:\/\/soymigrante.com\/revista\/etnias-de-guatemala-akateko-el-pueblo-que-vino-de-tenam-y-sigue-floreciendo\/\">Akateko<\/a>, <a href=\"https:\/\/soymigrante.com\/revista\/el-pueblo-qanjobal-tiene-el-corazon-en-jolom-konob\/\">Q&#8217;anjob&#8217;al<\/a> y <a href=\"https:\/\/soymigrante.com\/revista\/el-pueblo-popti-jakalteko-desciende-de-balunh-qana-y-hun-imox\/\">Popti&#8217; (o Jakalteko)<\/a> diferentes pero de origen com\u00fan y relacionados entre s\u00ed. Los Chuj tambi\u00e9n tienen presencia en Chiapas, M\u00e9xico.<\/span><\/p>\t\t\t\t\t\t\t\t<\/div>\n\t\t\t\t\t<\/div>\n\t\t\t\t<\/div>\n\t\t<div data-particle_enable=\"false\" data-particle-mobile-disabled=\"false\" class=\"elementor-element elementor-element-49a63b3 e-flex e-con-boxed e-con e-parent\" data-id=\"49a63b3\" data-element_type=\"container\" data-e-type=\"container\">\n\t\t\t\t\t<div class=\"e-con-inner\">\n\t\t\t\t<div class=\"elementor-element elementor-element-bf7c77d elementor-widget elementor-widget-image\" data-id=\"bf7c77d\" data-element_type=\"widget\" data-e-type=\"widget\" data-widget_type=\"image.default\">\n\t\t\t\t\t\t\t\t\t\t\t\t<figure class=\"wp-caption\">\n\t\t\t\t\t\t\t\t\t\t<img fetchpriority=\"high\" decoding=\"async\" width=\"415\" height=\"248\" src=\"https:\/\/soymigrante.com\/revista\/wp-content\/uploads\/2024\/09\/mapa-chuj.webp\" class=\"attachment-large size-large wp-image-8743\" alt=\"Regi\u00f3n que abarca la comunidad chuj seg\u00fan el Mapa Ling\u00fc\u00edstico de la Direcci\u00f3n General de Educaci\u00f3n Biling\u00fce Intercultural, del Mineduc.\" srcset=\"https:\/\/soymigrante.com\/revista\/wp-content\/uploads\/2024\/09\/mapa-chuj.webp 415w, https:\/\/soymigrante.com\/revista\/wp-content\/uploads\/2024\/09\/mapa-chuj-300x179.webp 300w\" sizes=\"(max-width: 415px) 100vw, 415px\" title=\"Regi\u00f3n que abarca la comunidad chuj seg\u00fan el Mapa Ling\u00fc\u00edstico de la Direcci\u00f3n General de Educaci\u00f3n Biling\u00fce Intercultural, del Mineduc. \u2013 SoyMigrante.com REVISTA\" \/>\t\t\t\t\t\t\t\t\t\t\t<figcaption class=\"widget-image-caption wp-caption-text\">Regi\u00f3n que abarca la comunidad chuj seg\u00fan el Mapa Ling\u00fc\u00edstico de la Direcci\u00f3n General de Educaci\u00f3n Biling\u00fce Intercultural, del Mineduc.<\/figcaption>\n\t\t\t\t\t\t\t\t\t\t<\/figure>\n\t\t\t\t\t\t\t\t\t<\/div>\n\t\t\t\t\t<\/div>\n\t\t\t\t<\/div>\n\t\t<div data-particle_enable=\"false\" data-particle-mobile-disabled=\"false\" class=\"elementor-element elementor-element-05787ba e-flex e-con-boxed e-con e-parent\" data-id=\"05787ba\" data-element_type=\"container\" data-e-type=\"container\">\n\t\t\t\t\t<div class=\"e-con-inner\">\n\t\t\t\t<div class=\"elementor-element elementor-element-41662c6 elementor-widget elementor-widget-heading\" data-id=\"41662c6\" data-element_type=\"widget\" data-e-type=\"widget\" data-widget_type=\"heading.default\">\n\t\t\t\t\t<h5 class=\"elementor-heading-title elementor-size-default\">Sitio prehisp\u00e1nico evidencia la antig\u00fcedad de la presencia chuj<\/h5>\t\t\t\t<\/div>\n\t\t\t\t\t<\/div>\n\t\t\t\t<\/div>\n\t\t<div data-particle_enable=\"false\" data-particle-mobile-disabled=\"false\" class=\"elementor-element elementor-element-53125d6 e-flex e-con-boxed e-con e-parent\" data-id=\"53125d6\" data-element_type=\"container\" data-e-type=\"container\">\n\t\t\t\t\t<div class=\"e-con-inner\">\n\t\t\t\t<div class=\"elementor-element elementor-element-fd46158 elementor-arrows-position-inside elementor-pagination-position-outside elementor-widget elementor-widget-image-carousel\" data-id=\"fd46158\" data-element_type=\"widget\" data-e-type=\"widget\" data-settings=\"{&quot;slides_to_show&quot;:&quot;1&quot;,&quot;navigation&quot;:&quot;both&quot;,&quot;autoplay&quot;:&quot;yes&quot;,&quot;pause_on_hover&quot;:&quot;yes&quot;,&quot;pause_on_interaction&quot;:&quot;yes&quot;,&quot;autoplay_speed&quot;:5000,&quot;infinite&quot;:&quot;yes&quot;,&quot;effect&quot;:&quot;slide&quot;,&quot;speed&quot;:500}\" data-widget_type=\"image-carousel.default\">\n\t\t\t\t\t\t\t<div class=\"elementor-image-carousel-wrapper swiper\" role=\"region\" aria-roledescription=\"carousel\" aria-label=\"Image Carousel\" dir=\"ltr\">\n\t\t\t<div class=\"elementor-image-carousel swiper-wrapper\" aria-live=\"off\">\n\t\t\t\t\t\t\t\t<div class=\"swiper-slide\" role=\"group\" aria-roledescription=\"slide\" aria-label=\"1 de 5\"><a data-elementor-open-lightbox=\"yes\" data-elementor-lightbox-slideshow=\"fd46158\" data-elementor-lightbox-title=\"Sitio arqueol\u00f3gico en las proximidades de San Mateo Ixtat\u00e1n, que se presume fue un asentamiento  prehisp\u00e1nico chuj. Nunca ha sido debidamente estudiado a pesar de su conservaci\u00f3n y evidente importancia.l (Fotos Abel Ju\u00e1rez)1\" data-elementor-lightbox-description=\"Sitio arqueol\u00f3gico en las proximidades de San Mateo Ixtat\u00e1n, que se presume fue un asentamiento  prehisp\u00e1nico chuj. Nunca ha sido debidamente estudiado a pesar de su conservaci\u00f3n y evidente importancia.l (Fotos Abel Ju\u00e1rez)\" data-e-action-hash=\"#elementor-action%3Aaction%3Dlightbox%26settings%3DeyJpZCI6ODc1MiwidXJsIjoiaHR0cHM6XC9cL3NveW1pZ3JhbnRlLmNvbVwvcmV2aXN0YVwvd3AtY29udGVudFwvdXBsb2Fkc1wvMjAyNFwvMDlcL0RTQ18zNzMzLTEtc2NhbGVkLndlYnAiLCJzbGlkZXNob3ciOiJmZDQ2MTU4In0%3D\" href=\"https:\/\/soymigrante.com\/revista\/wp-content\/uploads\/2024\/09\/DSC_3733-1-scaled.webp\"><figure class=\"swiper-slide-inner\"><img decoding=\"async\" class=\"swiper-slide-image\" src=\"https:\/\/soymigrante.com\/revista\/wp-content\/uploads\/2024\/09\/DSC_3733-1-1024x681.webp\" alt=\"Sitio arqueol\u00f3gico en las proximidades de San Mateo Ixtat\u00e1n, que se presume fue un asentamiento prehisp\u00e1nico chuj. Nunca ha sido debidamente estudiado a pesar de su conservaci\u00f3n y evidente importancia.l (Fotos Abel Ju\u00e1rez)1\" \/><figcaption class=\"elementor-image-carousel-caption\">Sitio arqueol\u00f3gico en las proximidades de San Mateo Ixtat\u00e1n, que se presume fue un asentamiento  prehisp\u00e1nico chuj. Nunca ha sido debidamente estudiado a pesar de su conservaci\u00f3n y evidente importancia.l (Fotos Abel Ju\u00e1rez)1<\/figcaption><\/figure><\/a><\/div><div class=\"swiper-slide\" role=\"group\" aria-roledescription=\"slide\" aria-label=\"2 de 5\"><a data-elementor-open-lightbox=\"yes\" data-elementor-lightbox-slideshow=\"fd46158\" data-elementor-lightbox-title=\"Sitio arqueol\u00f3gico en las proximidades de San Mateo Ixtat\u00e1n, que se presume fue un asentamiento  prehisp\u00e1nico chuj. Nunca ha sido debidamente estudiado a pesar de su conservaci\u00f3n y evidente importancia.l (Fotos Abel Ju\u00e1rez)\" data-elementor-lightbox-description=\"Sitio arqueol\u00f3gico en las proximidades de San Mateo Ixtat\u00e1n, que se presume fue un asentamiento  prehisp\u00e1nico chuj. Nunca ha sido debidamente estudiado a pesar de su conservaci\u00f3n y evidente importancia.l (Fotos Abel Ju\u00e1rez)\" data-e-action-hash=\"#elementor-action%3Aaction%3Dlightbox%26settings%3DeyJpZCI6ODc1MCwidXJsIjoiaHR0cHM6XC9cL3NveW1pZ3JhbnRlLmNvbVwvcmV2aXN0YVwvd3AtY29udGVudFwvdXBsb2Fkc1wvMjAyNFwvMDlcL0RTQ18zNzI5LXNjYWxlZC53ZWJwIiwic2xpZGVzaG93IjoiZmQ0NjE1OCJ9\" href=\"https:\/\/soymigrante.com\/revista\/wp-content\/uploads\/2024\/09\/DSC_3729-scaled.webp\"><figure class=\"swiper-slide-inner\"><img decoding=\"async\" class=\"swiper-slide-image\" src=\"https:\/\/soymigrante.com\/revista\/wp-content\/uploads\/2024\/09\/DSC_3729-1024x681.webp\" alt=\"Sitio arqueol\u00f3gico en las proximidades de San Mateo Ixtat\u00e1n, que se presume fue un asentamiento prehisp\u00e1nico chuj. Nunca ha sido debidamente estudiado a pesar de su conservaci\u00f3n y evidente importancia.l (Fotos Abel Ju\u00e1rez)\" \/><figcaption class=\"elementor-image-carousel-caption\">Sitio arqueol\u00f3gico en las proximidades de San Mateo Ixtat\u00e1n, que se presume fue un asentamiento  prehisp\u00e1nico chuj. Nunca ha sido debidamente estudiado a pesar de su conservaci\u00f3n y evidente importancia.l (Fotos Abel Ju\u00e1rez)<\/figcaption><\/figure><\/a><\/div><div class=\"swiper-slide\" role=\"group\" aria-roledescription=\"slide\" aria-label=\"3 de 5\"><a data-elementor-open-lightbox=\"yes\" data-elementor-lightbox-slideshow=\"fd46158\" data-elementor-lightbox-title=\"Sitio arqueol\u00f3gico en las proximidades de San Mateo Ixtat\u00e1n, que se presume fue un asentamiento  prehisp\u00e1nico chuj. Nunca ha sido debidamente estudiado a pesar de su conservaci\u00f3n y evidente importancia.l (Fotos Abel Ju\u00e1rez)\" data-elementor-lightbox-description=\"Sitio arqueol\u00f3gico en las proximidades de San Mateo Ixtat\u00e1n, que se presume fue un asentamiento  prehisp\u00e1nico chuj. Nunca ha sido debidamente estudiado a pesar de su conservaci\u00f3n y evidente importancia.l (Fotos Abel Ju\u00e1rez)\" data-e-action-hash=\"#elementor-action%3Aaction%3Dlightbox%26settings%3DeyJpZCI6ODc1MSwidXJsIjoiaHR0cHM6XC9cL3NveW1pZ3JhbnRlLmNvbVwvcmV2aXN0YVwvd3AtY29udGVudFwvdXBsb2Fkc1wvMjAyNFwvMDlcL0RTQ18zNzMwLXNjYWxlZC53ZWJwIiwic2xpZGVzaG93IjoiZmQ0NjE1OCJ9\" href=\"https:\/\/soymigrante.com\/revista\/wp-content\/uploads\/2024\/09\/DSC_3730-scaled.webp\"><figure class=\"swiper-slide-inner\"><img decoding=\"async\" class=\"swiper-slide-image\" src=\"https:\/\/soymigrante.com\/revista\/wp-content\/uploads\/2024\/09\/DSC_3730-1024x681.webp\" alt=\"Sitio arqueol\u00f3gico en las proximidades de San Mateo Ixtat\u00e1n, que se presume fue un asentamiento prehisp\u00e1nico chuj. Nunca ha sido debidamente estudiado a pesar de su conservaci\u00f3n y evidente importancia.l (Fotos Abel Ju\u00e1rez)\" \/><figcaption class=\"elementor-image-carousel-caption\">Sitio arqueol\u00f3gico en las proximidades de San Mateo Ixtat\u00e1n, que se presume fue un asentamiento  prehisp\u00e1nico chuj. Nunca ha sido debidamente estudiado a pesar de su conservaci\u00f3n y evidente importancia.l (Fotos Abel Ju\u00e1rez)<\/figcaption><\/figure><\/a><\/div><div class=\"swiper-slide\" role=\"group\" aria-roledescription=\"slide\" aria-label=\"4 de 5\"><a data-elementor-open-lightbox=\"yes\" data-elementor-lightbox-slideshow=\"fd46158\" data-elementor-lightbox-title=\"Sitio arqueol\u00f3gico en las proximidades de San Mateo Ixtat\u00e1n, que se presume fue un asentamiento  prehisp\u00e1nico chuj. Nunca ha sido debidamente estudiado a pesar de su conservaci\u00f3n y evidente importancia.l (Fotos Abel Ju\u00e1rez)\" data-elementor-lightbox-description=\"Sitio arqueol\u00f3gico en las proximidades de San Mateo Ixtat\u00e1n, que se presume fue un asentamiento  prehisp\u00e1nico chuj. Nunca ha sido debidamente estudiado a pesar de su conservaci\u00f3n y evidente importancia.l (Fotos Abel Ju\u00e1rez)\" data-e-action-hash=\"#elementor-action%3Aaction%3Dlightbox%26settings%3DeyJpZCI6ODc0OSwidXJsIjoiaHR0cHM6XC9cL3NveW1pZ3JhbnRlLmNvbVwvcmV2aXN0YVwvd3AtY29udGVudFwvdXBsb2Fkc1wvMjAyNFwvMDlcL0RTQ18zNzAyLXNjYWxlZC53ZWJwIiwic2xpZGVzaG93IjoiZmQ0NjE1OCJ9\" href=\"https:\/\/soymigrante.com\/revista\/wp-content\/uploads\/2024\/09\/DSC_3702-scaled.webp\"><figure class=\"swiper-slide-inner\"><img decoding=\"async\" class=\"swiper-slide-image\" src=\"https:\/\/soymigrante.com\/revista\/wp-content\/uploads\/2024\/09\/DSC_3702-1024x681.webp\" alt=\"Sitio arqueol\u00f3gico en las proximidades de San Mateo Ixtat\u00e1n, que se presume fue un asentamiento prehisp\u00e1nico chuj. Nunca ha sido debidamente estudiado a pesar de su conservaci\u00f3n y evidente importancia.l (Fotos Abel Ju\u00e1rez)\" \/><figcaption class=\"elementor-image-carousel-caption\">Sitio arqueol\u00f3gico en las proximidades de San Mateo Ixtat\u00e1n, que se presume fue un asentamiento  prehisp\u00e1nico chuj. Nunca ha sido debidamente estudiado a pesar de su conservaci\u00f3n y evidente importancia.l (Fotos Abel Ju\u00e1rez)<\/figcaption><\/figure><\/a><\/div><div class=\"swiper-slide\" role=\"group\" aria-roledescription=\"slide\" aria-label=\"5 de 5\"><a data-elementor-open-lightbox=\"yes\" data-elementor-lightbox-slideshow=\"fd46158\" data-elementor-lightbox-title=\"Sitio arqueol\u00f3gico en las proximidades de San Mateo Ixtat\u00e1n, que se presume fue un asentamiento  prehisp\u00e1nico chuj. Nunca ha sido debidamente estudiado a pesar de su conservaci\u00f3n y evidente importancia.l (Fotos Abel Ju\u00e1rez)\" data-elementor-lightbox-description=\"Sitio arqueol\u00f3gico en las proximidades de San Mateo Ixtat\u00e1n, que se presume fue un asentamiento  prehisp\u00e1nico chuj. Nunca ha sido debidamente estudiado a pesar de su conservaci\u00f3n y evidente importancia.l (Fotos Abel Ju\u00e1rez)\" data-e-action-hash=\"#elementor-action%3Aaction%3Dlightbox%26settings%3DeyJpZCI6ODc0OCwidXJsIjoiaHR0cHM6XC9cL3NveW1pZ3JhbnRlLmNvbVwvcmV2aXN0YVwvd3AtY29udGVudFwvdXBsb2Fkc1wvMjAyNFwvMDlcL0RTQ18zNzAxLXNjYWxlZC53ZWJwIiwic2xpZGVzaG93IjoiZmQ0NjE1OCJ9\" href=\"https:\/\/soymigrante.com\/revista\/wp-content\/uploads\/2024\/09\/DSC_3701-scaled.webp\"><figure class=\"swiper-slide-inner\"><img decoding=\"async\" class=\"swiper-slide-image\" src=\"https:\/\/soymigrante.com\/revista\/wp-content\/uploads\/2024\/09\/DSC_3701-1024x681.webp\" alt=\"Sitio arqueol\u00f3gico en las proximidades de San Mateo Ixtat\u00e1n, que se presume fue un asentamiento prehisp\u00e1nico chuj. Nunca ha sido debidamente estudiado a pesar de su conservaci\u00f3n y evidente importancia.l (Fotos Abel Ju\u00e1rez)\" \/><figcaption class=\"elementor-image-carousel-caption\">Sitio arqueol\u00f3gico en las proximidades de San Mateo Ixtat\u00e1n, que se presume fue un asentamiento  prehisp\u00e1nico chuj. Nunca ha sido debidamente estudiado a pesar de su conservaci\u00f3n y evidente importancia.l (Fotos Abel Ju\u00e1rez)<\/figcaption><\/figure><\/a><\/div>\t\t\t<\/div>\n\t\t\t\t\t\t\t\t\t\t\t\t<div class=\"elementor-swiper-button elementor-swiper-button-prev\" role=\"button\" tabindex=\"0\">\n\t\t\t\t\t\t<i aria-hidden=\"true\" class=\"eicon-chevron-left\"><\/i>\t\t\t\t\t<\/div>\n\t\t\t\t\t<div class=\"elementor-swiper-button elementor-swiper-button-next\" role=\"button\" tabindex=\"0\">\n\t\t\t\t\t\t<i aria-hidden=\"true\" class=\"eicon-chevron-right\"><\/i>\t\t\t\t\t<\/div>\n\t\t\t\t\n\t\t\t\t\t\t\t\t\t<div class=\"swiper-pagination\"><\/div>\n\t\t\t\t\t\t\t\t\t<\/div>\n\t\t\t\t\t\t<\/div>\n\t\t\t\t\t<\/div>\n\t\t\t\t<\/div>\n\t\t<div data-particle_enable=\"false\" data-particle-mobile-disabled=\"false\" class=\"elementor-element elementor-element-3448b1d e-flex e-con-boxed e-con e-parent\" data-id=\"3448b1d\" data-element_type=\"container\" data-e-type=\"container\">\n\t\t\t\t\t<div class=\"e-con-inner\">\n\t\t\t\t<div class=\"elementor-element elementor-element-2004ba1 elementor-widget elementor-widget-heading\" data-id=\"2004ba1\" data-element_type=\"widget\" data-e-type=\"widget\" data-widget_type=\"heading.default\">\n\t\t\t\t\t<h2 class=\"elementor-heading-title elementor-size-default\">N\u00facleo geogr\u00e1fico del pueblo chuj<\/h2>\t\t\t\t<\/div>\n\t\t\t\t\t<\/div>\n\t\t\t\t<\/div>\n\t\t<div data-particle_enable=\"false\" data-particle-mobile-disabled=\"false\" class=\"elementor-element elementor-element-2b3fdc6 e-flex e-con-boxed e-con e-parent\" data-id=\"2b3fdc6\" data-element_type=\"container\" data-e-type=\"container\">\n\t\t\t\t\t<div class=\"e-con-inner\">\n\t\t\t\t<div class=\"elementor-element elementor-element-5b36867 elementor-widget elementor-widget-text-editor\" data-id=\"5b36867\" data-element_type=\"widget\" data-e-type=\"widget\" data-widget_type=\"text-editor.default\">\n\t\t\t\t\t\t\t\t\t<p>Territorial,ente, la comunidad chuj tiene su principal n\u00facleo en\u00a0 los municipios de San Mateo lxtat\u00e1n,\u00a0San Sebasti\u00e1n Coat\u00e1n y\u00a0\u00a0algunas aldeas de Nent\u00f3n, Huehuetenango, abarcando una extensi\u00f3n territorial de 730 kil\u00f3metros.<\/p><p>Su poblaci\u00f3n estimada segun datos del Censo Nacional de Poblaci\u00f3n y Vivienda 2008, es de 91 mil 391 hablantes. Se debe tomar en cuenta que hay desplazamientos migratorios hacia territorio mexicano, en donde habita una comunidad de unos 8 mil chuj, que quedaron all\u00ed desde la divisi\u00f3n lim\u00edtrofe entre Guatemala y M\u00e9xico establecida en 1882. En tiempos del Conflicto Armado Interno tambi\u00e9n hubo migraci\u00f3n a M\u00e9xico para escapar de la violencia.<\/p><p>En Estados Unidos se registra presencia Chuj, en las ciudades de: Phoenix, Arizona; Del R\u00edo y McAllen, Texas;\u00a0 Chicago, Illinois; Atlanta, <a href=\"https:\/\/es.wikipedia.org\/wiki\/Georgia_(Estados_Unidos)\">Georgia<\/a>; Raleigh, \u00a0<a title=\"Carolina del Norte\" href=\"https:\/\/es.wikipedia.org\/wiki\/Carolina_del_Norte\">Carolina del Norte<\/a>\u00a0 y Nashville, Tennessee, segun datos de la Red Consular guatemalteca.<\/p>\t\t\t\t\t\t\t\t<\/div>\n\t\t\t\t\t<\/div>\n\t\t\t\t<\/div>\n\t\t<div data-particle_enable=\"false\" data-particle-mobile-disabled=\"false\" class=\"elementor-element elementor-element-2f0e532 e-flex e-con-boxed e-con e-parent\" data-id=\"2f0e532\" data-element_type=\"container\" data-e-type=\"container\">\n\t\t\t\t\t<div class=\"e-con-inner\">\n\t\t\t\t<div class=\"elementor-element elementor-element-fcb8e4a elementor-widget elementor-widget-image\" data-id=\"fcb8e4a\" data-element_type=\"widget\" data-e-type=\"widget\" data-widget_type=\"image.default\">\n\t\t\t\t\t\t\t\t\t\t\t\t<figure class=\"wp-caption\">\n\t\t\t\t\t\t\t\t\t\t<img decoding=\"async\" width=\"960\" height=\"720\" src=\"https:\/\/soymigrante.com\/revista\/wp-content\/uploads\/2024\/09\/maya-chuj-guatemala.webp\" class=\"attachment-large size-large wp-image-8744\" alt=\"La comunidad Chuj de la Academia de Lenguas Mayas de Guatemala efect\u00faa constantes actividades de impulso al idioma, fortalecimiento de identidad y est\u00edmulo a la expresi\u00f3n art\u00edstica en este idioma. (Fotograf\u00eda redes sociales Academia de Lenguas Mayas)\" srcset=\"https:\/\/soymigrante.com\/revista\/wp-content\/uploads\/2024\/09\/maya-chuj-guatemala.webp 960w, https:\/\/soymigrante.com\/revista\/wp-content\/uploads\/2024\/09\/maya-chuj-guatemala-300x225.webp 300w, https:\/\/soymigrante.com\/revista\/wp-content\/uploads\/2024\/09\/maya-chuj-guatemala-768x576.webp 768w, https:\/\/soymigrante.com\/revista\/wp-content\/uploads\/2024\/09\/maya-chuj-guatemala-750x563.webp 750w\" sizes=\"(max-width: 960px) 100vw, 960px\" title=\"La comunidad Chuj de la Academia de Lenguas Mayas de Guatemala efect\u00faa constantes actividades de impulso al idioma, fortalecimiento de identidad y est\u00edmulo a la expresi\u00f3n art\u00edstica en este idioma. (Fotograf\u00eda redes sociales  Academia de Lenguas Mayas) \u2013 SoyMigrante.com REVISTA\" \/>\t\t\t\t\t\t\t\t\t\t\t<figcaption class=\"widget-image-caption wp-caption-text\">La comunidad Chuj de la Academia de Lenguas Mayas de Guatemala efect\u00faa constantes actividades de impulso al idioma, fortalecimiento de identidad y est\u00edmulo a la expresi\u00f3n art\u00edstica en este idioma. (Fotograf\u00eda redes sociales  Academia de Lenguas Mayas)<\/figcaption>\n\t\t\t\t\t\t\t\t\t\t<\/figure>\n\t\t\t\t\t\t\t\t\t<\/div>\n\t\t\t\t\t<\/div>\n\t\t\t\t<\/div>\n\t\t<div data-particle_enable=\"false\" data-particle-mobile-disabled=\"false\" class=\"elementor-element elementor-element-26294e6 e-flex e-con-boxed e-con e-parent\" data-id=\"26294e6\" data-element_type=\"container\" data-e-type=\"container\">\n\t\t\t\t\t<div class=\"e-con-inner\">\n\t\t\t\t<div class=\"elementor-element elementor-element-95df8df elementor-widget elementor-widget-heading\" data-id=\"95df8df\" data-element_type=\"widget\" data-e-type=\"widget\" data-widget_type=\"heading.default\">\n\t\t\t\t\t<h2 class=\"elementor-heading-title elementor-size-default\">Vida diaria y valores del pueblo chuj<\/h2>\t\t\t\t<\/div>\n\t\t\t\t\t<\/div>\n\t\t\t\t<\/div>\n\t\t<div data-particle_enable=\"false\" data-particle-mobile-disabled=\"false\" class=\"elementor-element elementor-element-b906920 e-flex e-con-boxed e-con e-parent\" data-id=\"b906920\" data-element_type=\"container\" data-e-type=\"container\">\n\t\t\t\t\t<div class=\"e-con-inner\">\n\t\t\t\t<div class=\"elementor-element elementor-element-40c1ecf elementor-widget elementor-widget-text-editor\" data-id=\"40c1ecf\" data-element_type=\"widget\" data-e-type=\"widget\" data-widget_type=\"text-editor.default\">\n\t\t\t\t\t\t\t\t\t<p>La familia Chuj se destaca por su uni\u00f3n familiar, hay relaci\u00f3n cercana de abuelos, padres, hijos solteros, hijos reci\u00e9n casados y nietos. El jefe de la familia es el var\u00f3n de mayor edad. Cuando un hijo se casa el padre le ayuda a construir una vivienda propia y le cede un pedazo de terreno, si el padre lo posee.<\/p><p>Cuando mueren los abuelos y padres, es el hijo mayor contrae la responsabilidad de velar por la uni\u00f3n familiar. Cada vez m\u00e1s en la actualidad algunos hijos prefieren separarse y formar un nuevo n\u00facleo familiar. Esta situaci\u00f3n se ha incrementado a ra\u00edz de la migraci\u00f3n hacia Estados Unidos.<\/p><p>El matrimonio se considera sagrado, algunas familias practican las antiguos ceremonias para casarse. Los esposos se deben respetar toda la vida compromiso contra\u00eddo ante los padres, abuelos, hermanos, padrinos y ancianos de la comunidad, porque el respeto\u00a0 y obediencia a los mayores de edad es principal valor moral de la familia.\u00a0 Como en la antig\u00fcedad muchas familias viven dispersas, pero se re\u00fanen paro resolver problemas, paro ayudarse en el trabajo y celebrar fiestas entre otras actividades.<\/p>\t\t\t\t\t\t\t\t<\/div>\n\t\t\t\t\t<\/div>\n\t\t\t\t<\/div>\n\t\t<div data-particle_enable=\"false\" data-particle-mobile-disabled=\"false\" class=\"elementor-element elementor-element-95c5806 e-flex e-con-boxed e-con e-parent\" data-id=\"95c5806\" data-element_type=\"container\" data-e-type=\"container\">\n\t\t\t\t\t<div class=\"e-con-inner\">\n\t\t\t\t<div class=\"elementor-element elementor-element-770cc56 elementor-widget elementor-widget-video\" data-id=\"770cc56\" data-element_type=\"widget\" data-e-type=\"widget\" data-settings=\"{&quot;youtube_url&quot;:&quot;https:\\\/\\\/www.youtube.com\\\/watch?v=Fho2XU0EahA&quot;,&quot;video_type&quot;:&quot;youtube&quot;,&quot;controls&quot;:&quot;yes&quot;}\" data-widget_type=\"video.default\">\n\t\t\t\t\t\t\t<div class=\"elementor-wrapper elementor-open-inline\">\n\t\t\t<div class=\"elementor-video\"><\/div>\t\t<\/div>\n\t\t\t\t\t\t<\/div>\n\t\t\t\t\t<\/div>\n\t\t\t\t<\/div>\n\t\t<div data-particle_enable=\"false\" data-particle-mobile-disabled=\"false\" class=\"elementor-element elementor-element-a6c8a0f e-flex e-con-boxed e-con e-parent\" data-id=\"a6c8a0f\" data-element_type=\"container\" data-e-type=\"container\">\n\t\t\t\t\t<div class=\"e-con-inner\">\n\t\t\t\t<div class=\"elementor-element elementor-element-d102fd9 elementor-widget elementor-widget-heading\" data-id=\"d102fd9\" data-element_type=\"widget\" data-e-type=\"widget\" data-widget_type=\"heading.default\">\n\t\t\t\t\t<h2 class=\"elementor-heading-title elementor-size-default\">Tradiciones de la comunidad chuj<\/h2>\t\t\t\t<\/div>\n\t\t\t\t\t<\/div>\n\t\t\t\t<\/div>\n\t\t<div data-particle_enable=\"false\" data-particle-mobile-disabled=\"false\" class=\"elementor-element elementor-element-62fc3d3 e-flex e-con-boxed e-con e-parent\" data-id=\"62fc3d3\" data-element_type=\"container\" data-e-type=\"container\">\n\t\t\t\t\t<div class=\"e-con-inner\">\n\t\t\t\t<div class=\"elementor-element elementor-element-afe7b6d elementor-widget elementor-widget-text-editor\" data-id=\"afe7b6d\" data-element_type=\"widget\" data-e-type=\"widget\" data-widget_type=\"text-editor.default\">\n\t\t\t\t\t\t\t\t\t<p>Durante el siglo XX los ancianos se encargaban de rezar y hacer sacrificios para propiciar\u00a0 \u00a0abundancia de cosechas, protecci\u00f3n y bendici\u00f3n poro el pueblo. Las ceremonias se realizaban al pie de las cruces, en el templo, y altares en los cerros. Los ritos se celebraban en los cuatro \u00a0cuatro puntos, los puntos sagrados se denominaban: Bobi, Chikin Witz, Xulem K&#8217;een y Xmiim.<\/p><p>En la comunidad Chuj se celebra el Hoye k\u2019u.\u00a0 Son los cinco d\u00edas complemento de los 18 meses de 20 d\u00edas del calendario maya Chol Ab\u2019 .\u00a0 Es el Wayeb, para otras poblaciones mayas.<\/p><p>Es un tiempo que se considera sagrado, son d\u00edas para la oraci\u00f3n, ofrenda, reflexi\u00f3n y agradecimiento, as\u00ed como propiciatorio para pedir al Creador, protecci\u00f3n parar las personas as\u00ed como abundantes y buenos frutos, milpas y otros cultivos.<\/p>\t\t\t\t\t\t\t\t<\/div>\n\t\t\t\t\t<\/div>\n\t\t\t\t<\/div>\n\t\t<div data-particle_enable=\"false\" data-particle-mobile-disabled=\"false\" class=\"elementor-element elementor-element-5583dce e-flex e-con-boxed e-con e-parent\" data-id=\"5583dce\" data-element_type=\"container\" data-e-type=\"container\">\n\t\t\t\t\t<div class=\"e-con-inner\">\n\t\t\t\t<div class=\"elementor-element elementor-element-b42f156 elementor-widget elementor-widget-facebook-page\" data-id=\"b42f156\" data-element_type=\"widget\" data-e-type=\"widget\" data-widget_type=\"facebook-page.default\">\n\t\t\t\t\t<div class=\"elementor-facebook-widget fb-page\" data-href=\"https:\/\/www.facebook.com\/chujalmg\" data-tabs=\"timeline\" data-height=\"500px\" data-width=\"500px\" data-small-header=\"false\" data-hide-cover=\"false\" data-show-facepile=\"true\" data-hide-cta=\"false\" style=\"min-height: 1px;height:500px\"><\/div>\t\t\t\t<\/div>\n\t\t\t\t\t<\/div>\n\t\t\t\t<\/div>\n\t\t<div data-particle_enable=\"false\" data-particle-mobile-disabled=\"false\" class=\"elementor-element elementor-element-0dd75cc e-flex e-con-boxed e-con e-parent\" data-id=\"0dd75cc\" data-element_type=\"container\" data-e-type=\"container\">\n\t\t\t\t\t<div class=\"e-con-inner\">\n\t\t\t\t<div class=\"elementor-element elementor-element-5aeb1f9 elementor-widget elementor-widget-heading\" data-id=\"5aeb1f9\" data-element_type=\"widget\" data-e-type=\"widget\" data-widget_type=\"heading.default\">\n\t\t\t\t\t<h2 class=\"elementor-heading-title elementor-size-default\">Indumentaria tradicional del var\u00f3n chuj<\/h2>\t\t\t\t<\/div>\n\t\t\t\t\t<\/div>\n\t\t\t\t<\/div>\n\t\t<div data-particle_enable=\"false\" data-particle-mobile-disabled=\"false\" class=\"elementor-element elementor-element-a6b386c e-flex e-con-boxed e-con e-parent\" data-id=\"a6b386c\" data-element_type=\"container\" data-e-type=\"container\">\n\t\t\t\t\t<div class=\"e-con-inner\">\n\t\t\t\t<div class=\"elementor-element elementor-element-5f49712 elementor-widget elementor-widget-text-editor\" data-id=\"5f49712\" data-element_type=\"widget\" data-e-type=\"widget\" data-widget_type=\"text-editor.default\">\n\t\t\t\t\t\t\t\t\t<p>Muchos hombres usan todav\u00eda el tradicional \u201ccapixay\u201d, una prenda de vestir que proteje del clima fr\u00edo de la regi\u00f3n. Esta es una especie de carpa corta, que tambi\u00e9n cubre el frente del cuerpo. Se confecciona con dos piezas de lana negra unida por los lados, las mangas las forman piezas rectangulares que no est\u00e1n cerradas y permiten que los brazos salgan por la bocamanga.<\/p><p>Es una prenda com\u00fan con otras etnias como la Q&#8217;anjob&#8217;al, pero con leves variantes en dise\u00f1o y decoraci\u00f3n.\u00a0Es elaborada con lana extra\u00edda de ovejas que se cr\u00edan en la regi\u00f3n, generalmente elaborado por el hombre que lo usa.\u00a0 Se teje en telar de pie.\u00a0<\/p><p>La camisa, durante el siglo XX, era de manta blanca con cuello redondo o cuadrado. El pantal\u00f3n tambi\u00e9n era de manta, este se confecciona actualmente de variedad de telas industriales blancas.<\/p>\t\t\t\t\t\t\t\t<\/div>\n\t\t\t\t\t<\/div>\n\t\t\t\t<\/div>\n\t\t<div data-particle_enable=\"false\" data-particle-mobile-disabled=\"false\" class=\"elementor-element elementor-element-5ffd245 e-flex e-con-boxed e-con e-parent\" data-id=\"5ffd245\" data-element_type=\"container\" data-e-type=\"container\">\n\t\t\t\t\t<div class=\"e-con-inner\">\n\t\t\t\t<div class=\"elementor-element elementor-element-e38abf7 elementor-widget elementor-widget-image\" data-id=\"e38abf7\" data-element_type=\"widget\" data-e-type=\"widget\" data-widget_type=\"image.default\">\n\t\t\t\t\t\t\t\t\t\t\t\t<figure class=\"wp-caption\">\n\t\t\t\t\t\t\t\t\t\t<img decoding=\"async\" width=\"684\" height=\"1024\" src=\"https:\/\/soymigrante.com\/revista\/wp-content\/uploads\/2024\/09\/San-Mateo-Ixtatan-Huehuetenango-684x1024.webp\" class=\"attachment-large size-large wp-image-8753\" alt=\"El capixay es una prenda varonil que el pueblo chuj comparte con pueblos como el Q\u00e1njob&#039;al, aunque con detalles de bordado y dise\u00f1o levemente distintos. (Fotograf\u00eda Abel Juarez)\" srcset=\"https:\/\/soymigrante.com\/revista\/wp-content\/uploads\/2024\/09\/San-Mateo-Ixtatan-Huehuetenango-684x1024.webp 684w, https:\/\/soymigrante.com\/revista\/wp-content\/uploads\/2024\/09\/San-Mateo-Ixtatan-Huehuetenango-200x300.webp 200w, https:\/\/soymigrante.com\/revista\/wp-content\/uploads\/2024\/09\/San-Mateo-Ixtatan-Huehuetenango-768x1150.webp 768w, https:\/\/soymigrante.com\/revista\/wp-content\/uploads\/2024\/09\/San-Mateo-Ixtatan-Huehuetenango-1025x1536.webp 1025w, https:\/\/soymigrante.com\/revista\/wp-content\/uploads\/2024\/09\/San-Mateo-Ixtatan-Huehuetenango-scaled.webp 1282w, https:\/\/soymigrante.com\/revista\/wp-content\/uploads\/2024\/09\/San-Mateo-Ixtatan-Huehuetenango-750x1123.webp 750w, https:\/\/soymigrante.com\/revista\/wp-content\/uploads\/2024\/09\/San-Mateo-Ixtatan-Huehuetenango-1140x1708.webp 1140w\" sizes=\"(max-width: 684px) 100vw, 684px\" title=\"El capixay es una prenda varonil que el pueblo chuj comparte con pueblos como el Q\u00e1njob&#039;al, aunque con detalles de bordado y dise\u00f1o levemente distintos. (Fotograf\u00eda Abel Juarez) \u2013 SoyMigrante.com REVISTA\" \/>\t\t\t\t\t\t\t\t\t\t\t<figcaption class=\"widget-image-caption wp-caption-text\">El capixay es una prenda varonil que el pueblo chuj comparte con pueblos como el Q\u00e1njob'al, aunque con detalles de bordado y dise\u00f1o levemente distintos. (Fotograf\u00eda Abel Juarez)<\/figcaption>\n\t\t\t\t\t\t\t\t\t\t<\/figure>\n\t\t\t\t\t\t\t\t\t<\/div>\n\t\t\t\t\t<\/div>\n\t\t\t\t<\/div>\n\t\t<div data-particle_enable=\"false\" data-particle-mobile-disabled=\"false\" class=\"elementor-element elementor-element-b75a10e e-flex e-con-boxed e-con e-parent\" data-id=\"b75a10e\" data-element_type=\"container\" data-e-type=\"container\">\n\t\t\t\t\t<div class=\"e-con-inner\">\n\t\t\t\t<div class=\"elementor-element elementor-element-89c5f1a elementor-widget elementor-widget-heading\" data-id=\"89c5f1a\" data-element_type=\"widget\" data-e-type=\"widget\" data-widget_type=\"heading.default\">\n\t\t\t\t\t<h2 class=\"elementor-heading-title elementor-size-default\">Indumentaria tradicional de la mujer chuj<\/h2>\t\t\t\t<\/div>\n\t\t\t\t\t<\/div>\n\t\t\t\t<\/div>\n\t\t<div data-particle_enable=\"false\" data-particle-mobile-disabled=\"false\" class=\"elementor-element elementor-element-a0df64b e-flex e-con-boxed e-con e-parent\" data-id=\"a0df64b\" data-element_type=\"container\" data-e-type=\"container\">\n\t\t\t\t\t<div class=\"e-con-inner\">\n\t\t\t\t<div class=\"elementor-element elementor-element-b910c06 elementor-widget elementor-widget-text-editor\" data-id=\"b910c06\" data-element_type=\"widget\" data-e-type=\"widget\" data-widget_type=\"text-editor.default\">\n\t\t\t\t\t\t\t\t\t<p>Las mujeres visten corte (especie de falda larga) color rojo con rayas blancas, verdes y negras. El corte se sujeta a la cintura por medio de una faja. El huipil o \u201cnip\u201d es de dise\u00f1o, tama\u00f1o y de colorido admirables. El huipil ceremonial o \u201ck\u2019apak nip\u201d,\u00a0 se confecciona con siete varas de manta blanca que se disponen en varias capas de esta tela, \u201cre\u00fane bordados de lana a mano de \u00a0seis figuras de estrellas alrededor del cuello, cuatro de las cuales se relacionan con los puntos cardinales.\n\n<p>\u201cOtros bordados representan caminos, nubes, monta\u00f1as, luci\u00e9rnagas, venados, flores, mariposas, aves, jaguares, y hasta perros, s\u00edmbolos de la flora y la fauna que es debemos respetar y cuidar.\u201d describe la se\u00f1ora Olga Par Jorge, bordadora.\n\n<p>Se calcula que la elaboraci\u00f3n de este huipil puede llevar de 9 meses a 1 a\u00f1o. Basta indicar que se invierten dos d\u00edas de trabajo para dibujar las formas de animales y flores y otras que integra el dise\u00f1o. Este huipil lo usan las mujeres embarazadas, y al nacer el ni\u00f1o tambi\u00e9n esta t\u00e9rmica prenda de vestir cubre al infante del fr\u00edo y al amamantarlo. Durante la segunda parte el siglo XX se le agreg\u00f3 a esta vestimenta un cuello o pechera de encajes de diversos colores.\t\t\t\t\t\t\t\t<\/div>\n\t\t\t\t\t<\/div>\n\t\t\t\t<\/div>\n\t\t<div data-particle_enable=\"false\" data-particle-mobile-disabled=\"false\" class=\"elementor-element elementor-element-de8f948 e-flex e-con-boxed e-con e-parent\" data-id=\"de8f948\" data-element_type=\"container\" data-e-type=\"container\">\n\t\t\t\t\t<div class=\"e-con-inner\">\n\t\t\t\t<div class=\"elementor-element elementor-element-4d17569 elementor-arrows-position-inside elementor-pagination-position-outside elementor-widget elementor-widget-image-carousel\" data-id=\"4d17569\" data-element_type=\"widget\" data-e-type=\"widget\" data-settings=\"{&quot;slides_to_show&quot;:&quot;1&quot;,&quot;navigation&quot;:&quot;both&quot;,&quot;autoplay&quot;:&quot;yes&quot;,&quot;pause_on_hover&quot;:&quot;yes&quot;,&quot;pause_on_interaction&quot;:&quot;yes&quot;,&quot;autoplay_speed&quot;:5000,&quot;infinite&quot;:&quot;yes&quot;,&quot;effect&quot;:&quot;slide&quot;,&quot;speed&quot;:500}\" data-widget_type=\"image-carousel.default\">\n\t\t\t\t\t\t\t<div class=\"elementor-image-carousel-wrapper swiper\" role=\"region\" aria-roledescription=\"carousel\" aria-label=\"Image Carousel\" dir=\"ltr\">\n\t\t\t<div class=\"elementor-image-carousel swiper-wrapper\" aria-live=\"off\">\n\t\t\t\t\t\t\t\t<div class=\"swiper-slide\" role=\"group\" aria-roledescription=\"slide\" aria-label=\"1 de 2\"><figure class=\"swiper-slide-inner\"><img decoding=\"async\" class=\"swiper-slide-image\" src=\"https:\/\/soymigrante.com\/revista\/wp-content\/uploads\/2024\/09\/chuj-684x1024.webp\" alt=\"chujLa tradici\u00f3n de la indumentaria chuj se ha mantenido m\u00e1s entre las mujeres, debido a que ellas mismas bordan sus g\u00fcipiles: un trabajo que puede llevar hasta un a\u00f1o. (Fotograf\u00eda Abel Ju\u00e1rez)\" \/><figcaption class=\"elementor-image-carousel-caption\">chujLa tradici\u00f3n de la indumentaria chuj se ha mantenido m\u00e1s entre las mujeres, debido a que ellas mismas bordan sus g\u00fcipiles: un trabajo que puede llevar hasta un a\u00f1o. (Fotograf\u00eda Abel Ju\u00e1rez)<\/figcaption><\/figure><\/div><div class=\"swiper-slide\" role=\"group\" aria-roledescription=\"slide\" aria-label=\"2 de 2\"><figure class=\"swiper-slide-inner\"><img decoding=\"async\" class=\"swiper-slide-image\" src=\"https:\/\/soymigrante.com\/revista\/wp-content\/uploads\/2024\/09\/chuj-abel-juarez-1-684x1024.webp\" alt=\"El g\u00fcipil chuj de San Mateo Ixtat\u00e1n es uno de los m\u00e1s deslumbrantes de la indumentaria tradicional maya guatemalteca. (Fotograf\u00eda Abel Ju\u00e1rez)\" \/><figcaption class=\"elementor-image-carousel-caption\">El g\u00fcipil chuj de San Mateo Ixtat\u00e1n es uno de los m\u00e1s deslumbrantes de la indumentaria tradicional maya guatemalteca. (Fotograf\u00eda Abel Ju\u00e1rez)<\/figcaption><\/figure><\/div>\t\t\t<\/div>\n\t\t\t\t\t\t\t\t\t\t\t\t<div class=\"elementor-swiper-button elementor-swiper-button-prev\" role=\"button\" tabindex=\"0\">\n\t\t\t\t\t\t<i aria-hidden=\"true\" class=\"eicon-chevron-left\"><\/i>\t\t\t\t\t<\/div>\n\t\t\t\t\t<div class=\"elementor-swiper-button elementor-swiper-button-next\" role=\"button\" tabindex=\"0\">\n\t\t\t\t\t\t<i aria-hidden=\"true\" class=\"eicon-chevron-right\"><\/i>\t\t\t\t\t<\/div>\n\t\t\t\t\n\t\t\t\t\t\t\t\t\t<div class=\"swiper-pagination\"><\/div>\n\t\t\t\t\t\t\t\t\t<\/div>\n\t\t\t\t\t\t<\/div>\n\t\t\t\t\t<\/div>\n\t\t\t\t<\/div>\n\t\t<div data-particle_enable=\"false\" data-particle-mobile-disabled=\"false\" class=\"elementor-element elementor-element-82f58bb e-flex e-con-boxed e-con e-parent\" data-id=\"82f58bb\" data-element_type=\"container\" data-e-type=\"container\">\n\t\t\t\t\t<div class=\"e-con-inner\">\n\t\t\t\t<div class=\"elementor-element elementor-element-7c21a7e elementor-widget elementor-widget-video\" data-id=\"7c21a7e\" data-element_type=\"widget\" data-e-type=\"widget\" data-settings=\"{&quot;youtube_url&quot;:&quot;https:\\\/\\\/www.youtube.com\\\/watch?v=M1s7tQfyCgQ&quot;,&quot;video_type&quot;:&quot;youtube&quot;,&quot;controls&quot;:&quot;yes&quot;}\" data-widget_type=\"video.default\">\n\t\t\t\t\t\t\t<div class=\"elementor-wrapper elementor-open-inline\">\n\t\t\t<div class=\"elementor-video\"><\/div>\t\t<\/div>\n\t\t\t\t\t\t<\/div>\n\t\t\t\t\t<\/div>\n\t\t\t\t<\/div>\n\t\t<div data-particle_enable=\"false\" data-particle-mobile-disabled=\"false\" class=\"elementor-element elementor-element-7d21648 e-flex e-con-boxed e-con e-parent\" data-id=\"7d21648\" data-element_type=\"container\" data-e-type=\"container\">\n\t\t\t\t\t<div class=\"e-con-inner\">\n\t\t\t\t<div class=\"elementor-element elementor-element-6583dc0 elementor-grid-eael-col-3 elementor-grid-tablet-eael-col-2 elementor-grid-mobile-eael-col-1 elementor-widget elementor-widget-eael-post-grid\" data-id=\"6583dc0\" data-element_type=\"widget\" data-e-type=\"widget\" data-settings=\"{&quot;eael_post_grid_columns&quot;:&quot;eael-col-3&quot;,&quot;eael_post_grid_columns_tablet&quot;:&quot;eael-col-2&quot;,&quot;eael_post_grid_columns_mobile&quot;:&quot;eael-col-1&quot;}\" data-widget_type=\"eael-post-grid.default\">\n\t\t\t\t\t<div id=\"eael-post-grid-6583dc0\" class=\"eael-post-grid-container\">\n            <div class=\"eael-post-grid eael-post-appender eael-post-appender-6583dc0 eael-post-grid-style-one\" data-layout-mode=\"masonry\"><article class=\"eael-grid-post  eael-post-grid-column eael-pg-post-2390 category-guate-nuestra tags-danzas-de-guatemala\" data-id=\"2390\">\n        <div class=\"eael-grid-post-holder\">\n            <div class=\"eael-grid-post-holder-inner\"><div class=\"eael-entry-media\"><div class=\"eael-entry-overlay fade-in\"><i class=\"far fa-hand-pointer\" aria-hidden=\"true\"><\/i><a href=\"https:\/\/soymigrante.com\/revista\/guatemala-danza-el-baile-de-la-paach-de-san-marcos-es-patrimonio-de-la-humanidad\/\"><\/a><\/div><div class=\"eael-entry-thumbnail \">\n                <img loading=\"lazy\" decoding=\"async\" width=\"1000\" height=\"636\" src=\"https:\/\/soymigrante.com\/revista\/wp-content\/uploads\/2023\/09\/03672-HUG.webp\" class=\"attachment-large size-large wp-image-2424\" alt=\"La percusi\u00f3n del tambor abre paso al recorrido de los ancianos, padrinos y comunidad, en camino a la Casa de la Paazh (Fotograf\u00eda Archivo FLAAR-Unesco)\" srcset=\"https:\/\/soymigrante.com\/revista\/wp-content\/uploads\/2023\/09\/03672-HUG.webp 1000w, https:\/\/soymigrante.com\/revista\/wp-content\/uploads\/2023\/09\/03672-HUG-300x191.webp 300w, https:\/\/soymigrante.com\/revista\/wp-content\/uploads\/2023\/09\/03672-HUG-768x488.webp 768w, https:\/\/soymigrante.com\/revista\/wp-content\/uploads\/2023\/09\/03672-HUG-750x477.webp 750w\" sizes=\"(max-width: 1000px) 100vw, 1000px\" \/>\n            <\/div>\n        <\/div><div class=\"eael-entry-wrapper\"><header class=\"eael-entry-header\"><h2 class=\"eael-entry-title\"><a class=\"eael-grid-post-link\" href=\"https:\/\/soymigrante.com\/revista\/guatemala-danza-el-baile-de-la-paach-de-san-marcos-es-patrimonio-de-la-humanidad\/\" title=\"Danzas de Guatemala: El baile de La Paach, de San Marcos es Patrimonio de la Humanidad\">Danzas de Guatemala: El baile de La Paach, de San Marcos es Patrimonio de la Humanidad<\/a><\/h2><\/header><div class=\"eael-entry-content\">\n                        <div class=\"eael-grid-post-excerpt\"><a href=\"https:\/\/soymigrante.com\/revista\/guatemala-danza-el-baile-de-la-paach-de-san-marcos-es-patrimonio-de-la-humanidad\/\" class=\"eael-post-elements-readmore-btn\">CONOCE SU HISTORIA <\/a><\/div>\n                    <\/div><\/div><\/div>\n        <\/div>\n    <\/article><article class=\"eael-grid-post  eael-post-grid-column eael-pg-post-6853 category-estamos-unidos\" data-id=\"6853\">\n        <div class=\"eael-grid-post-holder\">\n            <div class=\"eael-grid-post-holder-inner\"><div class=\"eael-entry-media\"><div class=\"eael-entry-overlay fade-in\"><i class=\"far fa-hand-pointer\" aria-hidden=\"true\"><\/i><a href=\"https:\/\/soymigrante.com\/revista\/pueblos-mayas-migrantes-fortalecen-su-identidad-en-usa\/\"><\/a><\/div><div class=\"eael-entry-thumbnail \">\n                <img loading=\"lazy\" decoding=\"async\" width=\"1024\" height=\"1024\" src=\"https:\/\/soymigrante.com\/revista\/wp-content\/uploads\/2024\/06\/308795749_3429886927300826_7022547667218469045_n-1024x1024.webp\" class=\"attachment-large size-large wp-image-6854\" alt=\"Ejemplo de hijas migrantes con vestimenta t\u00edpica durante una manifestaci\u00f3n en una calle de ciudad estadounidense.\" srcset=\"https:\/\/soymigrante.com\/revista\/wp-content\/uploads\/2024\/06\/308795749_3429886927300826_7022547667218469045_n-1024x1024.webp 1024w, https:\/\/soymigrante.com\/revista\/wp-content\/uploads\/2024\/06\/308795749_3429886927300826_7022547667218469045_n-300x300.webp 300w, https:\/\/soymigrante.com\/revista\/wp-content\/uploads\/2024\/06\/308795749_3429886927300826_7022547667218469045_n-150x150.webp 150w, https:\/\/soymigrante.com\/revista\/wp-content\/uploads\/2024\/06\/308795749_3429886927300826_7022547667218469045_n-768x768.webp 768w, https:\/\/soymigrante.com\/revista\/wp-content\/uploads\/2024\/06\/308795749_3429886927300826_7022547667218469045_n-75x75.webp 75w, https:\/\/soymigrante.com\/revista\/wp-content\/uploads\/2024\/06\/308795749_3429886927300826_7022547667218469045_n-750x750.webp 750w, https:\/\/soymigrante.com\/revista\/wp-content\/uploads\/2024\/06\/308795749_3429886927300826_7022547667218469045_n-1140x1140.webp 1140w, https:\/\/soymigrante.com\/revista\/wp-content\/uploads\/2024\/06\/308795749_3429886927300826_7022547667218469045_n.webp 1326w\" sizes=\"(max-width: 1024px) 100vw, 1024px\" \/>\n            <\/div>\n        <\/div><div class=\"eael-entry-wrapper\"><header class=\"eael-entry-header\"><h2 class=\"eael-entry-title\"><a class=\"eael-grid-post-link\" href=\"https:\/\/soymigrante.com\/revista\/pueblos-mayas-migrantes-fortalecen-su-identidad-en-usa\/\" title=\"Mapa refleja comunidades mayas migrantes en USA\">Mapa refleja comunidades mayas migrantes en USA<\/a><\/h2><\/header><div class=\"eael-entry-content\">\n                        <div class=\"eael-grid-post-excerpt\"><a href=\"https:\/\/soymigrante.com\/revista\/pueblos-mayas-migrantes-fortalecen-su-identidad-en-usa\/\" class=\"eael-post-elements-readmore-btn\">CONOCE SU HISTORIA <\/a><\/div>\n                    <\/div><\/div><\/div>\n        <\/div>\n    <\/article><article class=\"eael-grid-post  eael-post-grid-column eael-pg-post-1536 category-guate-nuestra\" data-id=\"1536\">\n        <div class=\"eael-grid-post-holder\">\n            <div class=\"eael-grid-post-holder-inner\"><div class=\"eael-entry-media\"><div class=\"eael-entry-overlay fade-in\"><i class=\"far fa-hand-pointer\" aria-hidden=\"true\"><\/i><a href=\"https:\/\/soymigrante.com\/revista\/7-datos-que-ya-sabias-o-quiza-no-sobre-el-gran-jaguar-y-tikal\/\"><\/a><\/div><div class=\"eael-entry-thumbnail \">\n                <img loading=\"lazy\" decoding=\"async\" width=\"1024\" height=\"475\" src=\"https:\/\/soymigrante.com\/revista\/wp-content\/uploads\/2023\/06\/Captura-de-pantalla-2023-06-21-143338-1024x475.webp\" class=\"attachment-large size-large wp-image-1538\" alt=\"Tikal: 7 datos que ya sab\u00edas (o quiz\u00e1 no) sobre el Templo I o Gran Jaguar\" srcset=\"https:\/\/soymigrante.com\/revista\/wp-content\/uploads\/2023\/06\/Captura-de-pantalla-2023-06-21-143338-1024x475.webp 1024w, https:\/\/soymigrante.com\/revista\/wp-content\/uploads\/2023\/06\/Captura-de-pantalla-2023-06-21-143338-300x139.webp 300w, https:\/\/soymigrante.com\/revista\/wp-content\/uploads\/2023\/06\/Captura-de-pantalla-2023-06-21-143338-768x356.webp 768w, https:\/\/soymigrante.com\/revista\/wp-content\/uploads\/2023\/06\/Captura-de-pantalla-2023-06-21-143338-750x348.webp 750w, https:\/\/soymigrante.com\/revista\/wp-content\/uploads\/2023\/06\/Captura-de-pantalla-2023-06-21-143338-1140x529.webp 1140w, https:\/\/soymigrante.com\/revista\/wp-content\/uploads\/2023\/06\/Captura-de-pantalla-2023-06-21-143338.webp 1427w\" sizes=\"(max-width: 1024px) 100vw, 1024px\" \/>\n            <\/div>\n        <\/div><div class=\"eael-entry-wrapper\"><header class=\"eael-entry-header\"><h2 class=\"eael-entry-title\"><a class=\"eael-grid-post-link\" href=\"https:\/\/soymigrante.com\/revista\/7-datos-que-ya-sabias-o-quiza-no-sobre-el-gran-jaguar-y-tikal\/\" title=\"Tikal: 7 datos que ya sab\u00edas (o quiz\u00e1 no) sobre el Templo I o Gran Jaguar\">Tikal: 7 datos que ya sab\u00edas (o quiz\u00e1 no) sobre el Templo I o Gran Jaguar<\/a><\/h2><\/header><div class=\"eael-entry-content\">\n                        <div class=\"eael-grid-post-excerpt\"><a href=\"https:\/\/soymigrante.com\/revista\/7-datos-que-ya-sabias-o-quiza-no-sobre-el-gran-jaguar-y-tikal\/\" class=\"eael-post-elements-readmore-btn\">CONOCE SU HISTORIA <\/a><\/div>\n                    <\/div><\/div><\/div>\n        <\/div>\n    <\/article><\/div>\n            <div class=\"clearfix\"><\/div>\n        <\/div>\t\t\t\t<\/div>\n\t\t\t\t\t<\/div>\n\t\t\t\t<\/div>\n\t\t\t\t<\/div>\n\t\t","protected":false},"excerpt":{"rendered":"<p>La comunidad ling\u00fcistica Maya Chuj tiene unos 91 mil hablantes en Guatemala, muchos de ellos en los municipios de San Mateo Ixtat\u00e1n y San Rafael Coat\u00e1n, Huehuetenango. Pero tambi\u00e9n hay Chuj en M\u00e9xico y EE.UU., donde luchan por mantener su identidad. La regi\u00f3n Chuj ocupa un \u00e1rea monta\u00f1osa, escarpada, de clima es fr\u00edo, bosques h\u00famedos [&hellip;]<\/p>\n","protected":false},"author":17,"featured_media":8742,"comment_status":"open","ping_status":"open","sticky":false,"template":"","format":"standard","meta":{"_acf_changed":false,"_eb_attr":"","footnotes":""},"categories":[125],"tags":[],"class_list":["post-8740","post","type-post","status-publish","format-standard","has-post-thumbnail","hentry","category-pueblos-de-guatemala"],"acf":[],"aioseo_notices":[],"aioseo_head":"\n\t\t<!-- All in One SEO Pro 4.9.6.2 - aioseo.com -->\n\t<meta name=\"description\" content=\"\u00cdcono mundial, Patrimonio Cultural de la Humanidad de la Humanidad desde 1979, Tikal a\u00fan refleja la magnificencia maya prehisp\u00e1nica e inspira recuerdos en muchos migrantes guatemaltecos. El Templo I de Tikal, m\u00e1s conocido como El Gran Jaguar, es uno de los \u00edconos mundiales de Guatemala y de la legendaria ciudad maya, enclavada en el centro\" \/>\n\t<meta name=\"robots\" content=\"max-snippet:-1, max-image-preview:large, max-video-preview:-1\" \/>\n\t<meta name=\"author\" content=\"Gustavo Montenegro\"\/>\n\t<link rel=\"canonical\" href=\"https:\/\/soymigrante.com\/revista\/7-datos-que-ya-sabias-o-quiza-no-sobre-el-gran-jaguar-y-tikal\/\" \/>\n\t<meta name=\"generator\" content=\"All in One SEO Pro (AIOSEO) 4.9.6.2\" \/>\n\n\t\t<link rel=\"preconnect\" href=\"https:\/\/fonts.googleapis.com\" crossorigin>\n<link rel=\"preconnect\" href=\"https:\/\/fonts.gstatic.com\" crossorigin>\n\t\t<meta property=\"og:locale\" content=\"es_ES\" \/>\n\t\t<meta property=\"og:site_name\" content=\"SoyMigrante.com REVISTA \u2013 Nuestra misi\u00f3n es reconocer y dignificar al migrante.\" \/>\n\t\t<meta property=\"og:type\" content=\"article\" \/>\n\t\t<meta property=\"og:title\" content=\"Tikal: 7 datos que ya sab\u00edas (o quiz\u00e1 no) sobre el Templo I o Gran Jaguar\" \/>\n\t\t<meta property=\"og:description\" content=\"\u00cdcono mundial, Patrimonio Cultural de la Humanidad de la Humanidad desde 1979, Tikal a\u00fan refleja la magnificencia maya prehisp\u00e1nica e inspira recuerdos en muchos migrantes guatemaltecos. El Templo I de Tikal, m\u00e1s conocido como El Gran Jaguar, es uno de los \u00edconos mundiales de Guatemala y de la legendaria ciudad maya, enclavada en el centro\" \/>\n\t\t<meta property=\"og:url\" content=\"https:\/\/soymigrante.com\/revista\/7-datos-que-ya-sabias-o-quiza-no-sobre-el-gran-jaguar-y-tikal\/\" \/>\n\t\t<meta property=\"og:image\" content=\"https:\/\/soymigrante.com\/revista\/wp-content\/uploads\/2023\/06\/Captura-de-pantalla-2023-06-21-143338.webp\" \/>\n\t\t<meta property=\"og:image:secure_url\" content=\"https:\/\/soymigrante.com\/revista\/wp-content\/uploads\/2023\/06\/Captura-de-pantalla-2023-06-21-143338.webp\" \/>\n\t\t<meta property=\"og:image:width\" content=\"1427\" \/>\n\t\t<meta property=\"og:image:height\" content=\"662\" \/>\n\t\t<meta property=\"article:published_time\" content=\"2023-06-22T20:28:51+00:00\" \/>\n\t\t<meta property=\"article:modified_time\" content=\"2025-09-15T23:22:23+00:00\" \/>\n\t\t<meta property=\"article:publisher\" content=\"https:\/\/www.facebook.com\/soymigrantecom\" \/>\n\t\t<meta name=\"twitter:card\" content=\"summary_large_image\" \/>\n\t\t<meta name=\"twitter:site\" content=\"@SoyMigrante_com\" \/>\n\t\t<meta name=\"twitter:title\" content=\"Tikal: 7 datos que ya sab\u00edas (o quiz\u00e1 no) sobre el Templo I o Gran Jaguar\" \/>\n\t\t<meta name=\"twitter:description\" content=\"\u00cdcono mundial, Patrimonio Cultural de la Humanidad de la Humanidad desde 1979, Tikal a\u00fan refleja la magnificencia maya prehisp\u00e1nica e inspira recuerdos en muchos migrantes guatemaltecos. El Templo I de Tikal, m\u00e1s conocido como El Gran Jaguar, es uno de los \u00edconos mundiales de Guatemala y de la legendaria ciudad maya, enclavada en el centro\" \/>\n\t\t<meta name=\"twitter:creator\" content=\"@SoyMigrante_com\" \/>\n\t\t<meta name=\"twitter:image\" content=\"https:\/\/soymigrante.com\/revista\/wp-content\/uploads\/2023\/06\/Captura-de-pantalla-2023-06-21-143338.webp\" \/>\n\t\t<!-- All in One SEO Pro -->\r\n\t\t<title>Tikal: 7 datos que ya sab\u00edas (o quiz\u00e1 no) sobre el Templo I o Gran Jaguar<\/title>\n\n","aioseo_head_json":{"title":"Tikal: 7 datos que ya sab\u00edas (o quiz\u00e1 no) sobre el Templo I o Gran Jaguar","description":"\u00cdcono mundial, Patrimonio Cultural de la Humanidad de la Humanidad desde 1979, Tikal a\u00fan refleja la magnificencia maya prehisp\u00e1nica e inspira recuerdos en muchos migrantes guatemaltecos. El Templo I de Tikal, m\u00e1s conocido como El Gran Jaguar, es uno de los \u00edconos mundiales de Guatemala y de la legendaria ciudad maya, enclavada en el centro","canonical_url":"https:\/\/soymigrante.com\/revista\/7-datos-que-ya-sabias-o-quiza-no-sobre-el-gran-jaguar-y-tikal\/","robots":"max-snippet:-1, max-image-preview:large, max-video-preview:-1","keywords":"","webmasterTools":{"miscellaneous":"&lt;link rel=\"preconnect\" href=\"https:\/\/fonts.googleapis.com\" crossorigin&gt;\n&lt;link rel=\"preconnect\" href=\"https:\/\/fonts.gstatic.com\" crossorigin&gt;"},"schema":null,"og:locale":"es_ES","og:site_name":"SoyMigrante.com REVISTA \u2013 Nuestra misi\u00f3n es reconocer y dignificar al migrante.","og:type":"article","og:title":"Tikal: 7 datos que ya sab\u00edas (o quiz\u00e1 no) sobre el Templo I o Gran Jaguar","og:description":"\u00cdcono mundial, Patrimonio Cultural de la Humanidad de la Humanidad desde 1979, Tikal a\u00fan refleja la magnificencia maya prehisp\u00e1nica e inspira recuerdos en muchos migrantes guatemaltecos. El Templo I de Tikal, m\u00e1s conocido como El Gran Jaguar, es uno de los \u00edconos mundiales de Guatemala y de la legendaria ciudad maya, enclavada en el centro","og:url":"https:\/\/soymigrante.com\/revista\/7-datos-que-ya-sabias-o-quiza-no-sobre-el-gran-jaguar-y-tikal\/","og:image":"https:\/\/soymigrante.com\/revista\/wp-content\/uploads\/2023\/06\/Captura-de-pantalla-2023-06-21-143338.webp","og:image:secure_url":"https:\/\/soymigrante.com\/revista\/wp-content\/uploads\/2023\/06\/Captura-de-pantalla-2023-06-21-143338.webp","og:image:width":1427,"og:image:height":662,"article:published_time":"2023-06-22T20:28:51+00:00","article:modified_time":"2025-09-15T23:22:23+00:00","article:publisher":"https:\/\/www.facebook.com\/soymigrantecom","twitter:card":"summary_large_image","twitter:site":"@SoyMigrante_com","twitter:title":"Tikal: 7 datos que ya sab\u00edas (o quiz\u00e1 no) sobre el Templo I o Gran Jaguar","twitter:description":"\u00cdcono mundial, Patrimonio Cultural de la Humanidad de la Humanidad desde 1979, Tikal a\u00fan refleja la magnificencia maya prehisp\u00e1nica e inspira recuerdos en muchos migrantes guatemaltecos. El Templo I de Tikal, m\u00e1s conocido como El Gran Jaguar, es uno de los \u00edconos mundiales de Guatemala y de la legendaria ciudad maya, enclavada en el centro","twitter:creator":"@SoyMigrante_com","twitter:image":"https:\/\/soymigrante.com\/revista\/wp-content\/uploads\/2023\/06\/Captura-de-pantalla-2023-06-21-143338.webp"},"aioseo_meta_data":{"post_id":"8740","title":"Pueblo Chuj: con firme ra\u00edz en las monta\u00f1as de Huehuetenango","description":"El Chuj es idoma hermano del Q'anjob'al, del cual se separ\u00f3 hace unos 2 mil a\u00f1os. Hay 90 mil pobladores chuj guatemaltecos y otros 10 mil del lado mexicano.","keywords":null,"keyphrases":{"focus":{"keyphrase":"Pueblo","score":74,"analysis":{"keyphraseInTitle":{"score":9,"maxScore":9,"error":0},"keyphraseInDescription":{"score":3,"maxScore":9,"error":1},"keyphraseLength":{"score":9,"maxScore":9,"error":0,"length":1},"keyphraseInURL":{"score":5,"maxScore":5,"error":0},"keyphraseInIntroduction":{"score":3,"maxScore":9,"error":1},"keyphraseInSubHeadings":{"score":3,"maxScore":9,"error":1},"keyphraseInImageAlt":{"score":9,"maxScore":9,"error":0},"keywordDensity":{"type":"best","score":9,"maxScore":9,"error":0}}},"additional":[{"keyphrase":"Chuj","score":100,"analysis":{"keyphraseInDescription":{"score":9,"maxScore":9,"error":0},"keyphraseLength":{"score":9,"maxScore":9,"error":0,"length":1},"keyphraseInIntroduction":{"score":9,"maxScore":9,"error":0},"keyphraseInImageAlt":{"score":9,"maxScore":9,"error":0},"keywordDensity":{"type":"best","score":9,"maxScore":9,"error":0}}},{"keyphrase":"Mayas","score":53,"analysis":{"keyphraseInDescription":{"score":3,"maxScore":9,"error":1},"keyphraseLength":{"score":9,"maxScore":9,"error":0,"length":1},"keyphraseInIntroduction":{"score":3,"maxScore":9,"error":1},"keyphraseInImageAlt":{"score":9,"maxScore":9,"error":0},"keywordDensity":{"score":0,"type":"low","maxScore":9,"error":1}}}]},"primary_term":null,"canonical_url":null,"og_title":null,"og_description":null,"og_object_type":"default","og_image_type":"default","og_image_url":null,"og_image_width":null,"og_image_height":null,"og_image_custom_url":null,"og_image_custom_fields":null,"og_video":"","og_custom_url":null,"og_article_section":null,"og_article_tags":null,"twitter_use_og":false,"twitter_card":"default","twitter_image_type":"default","twitter_image_url":null,"twitter_image_custom_url":null,"twitter_image_custom_fields":null,"twitter_title":null,"twitter_description":null,"schema":{"blockGraphs":[],"customGraphs":[],"default":{"data":{"Article":[],"Course":[],"Dataset":[],"FAQPage":[],"Movie":[],"Person":[],"Product":[],"ProductReview":[],"Car":[],"Recipe":[],"Service":[],"SoftwareApplication":[],"WebPage":[]},"graphName":"none","isEnabled":true},"graphs":[]},"schema_type":"default","schema_type_options":null,"pillar_content":false,"robots_default":true,"robots_noindex":false,"robots_noarchive":false,"robots_nosnippet":false,"robots_nofollow":false,"robots_noimageindex":false,"robots_noodp":false,"robots_notranslate":false,"robots_max_snippet":"-1","robots_max_videopreview":"-1","robots_max_imagepreview":"large","priority":null,"frequency":"default","local_seo":null,"seo_analyzer_scan_date":null,"breadcrumb_settings":null,"limit_modified_date":false,"reviewed_by":"0","open_ai":"{\"title\":{\"suggestions\":[],\"usage\":0},\"description\":{\"suggestions\":[],\"usage\":0}}","ai":{"faqs":[],"keyPoints":[],"titles":[],"descriptions":[],"socialPosts":{"email":[],"linkedin":[],"twitter":[],"facebook":[],"instagram":[]}},"created":"2024-09-03 18:15:13","updated":"2026-04-28 01:14:06"},"aioseo_breadcrumb":"<div class=\"aioseo-breadcrumbs\"><span class=\"aioseo-breadcrumb\">\n\t<a href=\"https:\/\/soymigrante.com\/revista\" title=\"Home\">Home<\/a>\n<\/span><span class=\"aioseo-breadcrumb-separator\">\u00bb<\/span><span class=\"aioseo-breadcrumb\">\n\t<a href=\"https:\/\/soymigrante.com\/revista\/category\/guate-nuestra\/\" title=\"Guate Nuestra\">Guate Nuestra<\/a>\n<\/span><span class=\"aioseo-breadcrumb-separator\">\u00bb<\/span><span class=\"aioseo-breadcrumb\">\n\t<a href=\"https:\/\/soymigrante.com\/revista\/category\/guate-nuestra\/pueblos-de-guatemala\/\" title=\"Pueblos de Guatemala\">Pueblos de Guatemala<\/a>\n<\/span><span class=\"aioseo-breadcrumb-separator\">\u00bb<\/span><span class=\"aioseo-breadcrumb\">\n\tEl pueblo Chuj tiene firme ra\u00edz en las monta\u00f1as de Huehuetenango\n<\/span><\/div>","aioseo_breadcrumb_json":[{"label":"Home","link":"https:\/\/soymigrante.com\/revista"},{"label":"Guate Nuestra","link":"https:\/\/soymigrante.com\/revista\/category\/guate-nuestra\/"},{"label":"Pueblos de Guatemala","link":"https:\/\/soymigrante.com\/revista\/category\/guate-nuestra\/pueblos-de-guatemala\/"},{"label":"El pueblo Chuj tiene firme ra\u00edz en las monta\u00f1as de Huehuetenango","link":"https:\/\/soymigrante.com\/revista\/el-pueblo-chuj-tiene-firme-raiz-en-las-montanas-de-huehuetenango\/"}],"_links":{"self":[{"href":"https:\/\/soymigrante.com\/revista\/wp-json\/wp\/v2\/posts\/8740","targetHints":{"allow":["GET"]}}],"collection":[{"href":"https:\/\/soymigrante.com\/revista\/wp-json\/wp\/v2\/posts"}],"about":[{"href":"https:\/\/soymigrante.com\/revista\/wp-json\/wp\/v2\/types\/post"}],"author":[{"embeddable":true,"href":"https:\/\/soymigrante.com\/revista\/wp-json\/wp\/v2\/users\/17"}],"replies":[{"embeddable":true,"href":"https:\/\/soymigrante.com\/revista\/wp-json\/wp\/v2\/comments?post=8740"}],"version-history":[{"count":10,"href":"https:\/\/soymigrante.com\/revista\/wp-json\/wp\/v2\/posts\/8740\/revisions"}],"predecessor-version":[{"id":55544,"href":"https:\/\/soymigrante.com\/revista\/wp-json\/wp\/v2\/posts\/8740\/revisions\/55544"}],"wp:featuredmedia":[{"embeddable":true,"href":"https:\/\/soymigrante.com\/revista\/wp-json\/wp\/v2\/media\/8742"}],"wp:attachment":[{"href":"https:\/\/soymigrante.com\/revista\/wp-json\/wp\/v2\/media?parent=8740"}],"wp:term":[{"taxonomy":"category","embeddable":true,"href":"https:\/\/soymigrante.com\/revista\/wp-json\/wp\/v2\/categories?post=8740"},{"taxonomy":"post_tag","embeddable":true,"href":"https:\/\/soymigrante.com\/revista\/wp-json\/wp\/v2\/tags?post=8740"}],"curies":[{"name":"wp","href":"https:\/\/api.w.org\/{rel}","templated":true}]}}