{"id":8709,"date":"2024-11-26T11:36:28","date_gmt":"2024-11-26T17:36:28","guid":{"rendered":"https:\/\/soymigrante.com\/revista\/?p=8709"},"modified":"2024-11-26T11:36:29","modified_gmt":"2024-11-26T17:36:29","slug":"pueblo-garinagu-garifuna-lleva-mas-de-dos-siglos-en-guatemala","status":"publish","type":"post","link":"https:\/\/soymigrante.com\/revista\/pueblo-garinagu-garifuna-lleva-mas-de-dos-siglos-en-guatemala\/","title":{"rendered":"Pueblo Gar\u00ednagu (Gar\u00edfuna) lleva m\u00e1s de 200 a\u00f1os en Guatemala y el 26 noviembre es su d\u00eda"},"content":{"rendered":"\t\t<div data-elementor-type=\"wp-post\" data-elementor-id=\"8709\" class=\"elementor elementor-8709\" data-elementor-post-type=\"post\">\n\t\t\t\t<div data-particle_enable=\"false\" data-particle-mobile-disabled=\"false\" class=\"elementor-element elementor-element-42feade e-flex e-con-boxed e-con e-parent\" data-id=\"42feade\" data-element_type=\"container\" data-e-type=\"container\">\n\t\t\t\t\t<div class=\"e-con-inner\">\n\t\t\t\t<div class=\"elementor-element elementor-element-88c4797 elementor-widget elementor-widget-heading\" data-id=\"88c4797\" data-element_type=\"widget\" data-e-type=\"widget\" data-widget_type=\"heading.default\">\n\t\t\t\t\t<h2 class=\"elementor-heading-title elementor-size-default\"><span style=\"font-size: 31.2px\">Desde 1802 el pueblo Gar\u00edfuna ha habitado las costas de Centroam\u00e9rica e islas del Caribe. En Guatemala se ubican en Labuga, es decir Livingston, Izabal, desde donde han migrado aotras regiones del pa\u00eds y tambi\u00e9n a EE.UU, especialmente a Nueva York.<\/span><\/h2>\t\t\t\t<\/div>\n\t\t\t\t\t<\/div>\n\t\t\t\t<\/div>\n\t\t<div data-particle_enable=\"false\" data-particle-mobile-disabled=\"false\" class=\"elementor-element elementor-element-d076ab4 e-flex e-con-boxed e-con e-parent\" data-id=\"d076ab4\" data-element_type=\"container\" data-e-type=\"container\">\n\t\t\t\t\t<div class=\"e-con-inner\">\n\t\t\t\t<div class=\"elementor-element elementor-element-c99799c elementor-widget elementor-widget-text-editor\" data-id=\"c99799c\" data-element_type=\"widget\" data-e-type=\"widget\" data-widget_type=\"text-editor.default\">\n\t\t\t\t\t\t\t\t\t<p>Hay que aclarar de entrada dos palabras.\u00a0El t\u00e9rmino Gar\u00edfuna hace alusi\u00f3n al idioma y la persona individual, mientras que Gar\u00ednagu es un plural para referirse a la comunidad, seg\u00fan explica el antrop\u00f3logo Alfonso Arrivillaga Cort\u00e9s acerca del nombre del pueblo afrodescendiente guatemalteco cuyo principal n\u00facleo de poblaci\u00f3n es L\u00edvingston, Izabal que en este 2024 cumple 222 a\u00f1os de estar en Guatemala.<\/p><p>Muy posiblemente su indicador cultural m\u00e1s conocido es su m\u00fasica y danzas, con ritmo vibrante y animoso que transmite siempre tanta energ\u00eda vital; junto con u idioma fueron declarados Patrimonio Cultural Intengible de la Humanidad en 2008 por la Organizaci\u00f3n de Naciones Unidas para la Ciencia y la Cultura, UNESCO. Y a\u00fan as\u00ed los Gar\u00ednagu son mucho m\u00e1s que eso: son una comunidad de gran uni\u00f3n, profundo valor de solidaridad y generosidad, as\u00ed como con fuertes lazos culturales y ra\u00edces hist\u00f3ricas.\u00a0 \u00a0<\/p><p>Seg\u00fan cuentan los habitantes de Livingston, el fundador del pueblo \u201cGar\u00ednagu\u201d fue Marcos S\u00e1nchez D\u00edaz, quien lleg\u00f3 en el a\u00f1o 1802 y en 1832 recibi\u00f3 los t\u00edtulos de propiedad de 50 manzanas de terreno. Cada 26 de noviembre se celebra la fiesta de Yurumein, que conmemora su llegada.<\/p>\t\t\t\t\t\t\t\t<\/div>\n\t\t\t\t\t<\/div>\n\t\t\t\t<\/div>\n\t\t<div data-particle_enable=\"false\" data-particle-mobile-disabled=\"false\" class=\"elementor-element elementor-element-cb00bfa e-flex e-con-boxed e-con e-parent\" data-id=\"cb00bfa\" data-element_type=\"container\" data-e-type=\"container\">\n\t\t\t\t\t<div class=\"e-con-inner\">\n\t\t\t\t<div class=\"elementor-element elementor-element-4f0b4bf elementor-widget elementor-widget-image\" data-id=\"4f0b4bf\" data-element_type=\"widget\" data-e-type=\"widget\" data-widget_type=\"image.default\">\n\t\t\t\t\t\t\t\t\t\t\t\t\t\t\t<img fetchpriority=\"high\" decoding=\"async\" width=\"589\" height=\"356\" src=\"https:\/\/soymigrante.com\/revista\/wp-content\/uploads\/2024\/09\/Imagen3.webp\" class=\"attachment-large size-large wp-image-8725\" alt=\"Barco con migrantes navegando por un r\u00edo en Colombia, tem\u00e1tica migratoria, transporte de migrantes, situaci\u00f3n migratoria, SoyMigrante.com REVISTA.\" srcset=\"https:\/\/soymigrante.com\/revista\/wp-content\/uploads\/2024\/09\/Imagen3.webp 589w, https:\/\/soymigrante.com\/revista\/wp-content\/uploads\/2024\/09\/Imagen3-300x181.webp 300w\" sizes=\"(max-width: 589px) 100vw, 589px\" \/>\t\t\t\t\t\t\t\t\t\t\t\t\t\t\t<\/div>\n\t\t\t\t\t<\/div>\n\t\t\t\t<\/div>\n\t\t<div data-particle_enable=\"false\" data-particle-mobile-disabled=\"false\" class=\"elementor-element elementor-element-2180757 e-flex e-con-boxed e-con e-parent\" data-id=\"2180757\" data-element_type=\"container\" data-e-type=\"container\">\n\t\t\t\t\t<div class=\"e-con-inner\">\n\t\t\t\t<div class=\"elementor-element elementor-element-d37b04a elementor-widget elementor-widget-heading\" data-id=\"d37b04a\" data-element_type=\"widget\" data-e-type=\"widget\" data-widget_type=\"heading.default\">\n\t\t\t\t\t<h3 class=\"elementor-heading-title elementor-size-default\">Una historia de libertad<\/h3>\t\t\t\t<\/div>\n\t\t\t\t\t<\/div>\n\t\t\t\t<\/div>\n\t\t<div data-particle_enable=\"false\" data-particle-mobile-disabled=\"false\" class=\"elementor-element elementor-element-d99c518 e-flex e-con-boxed e-con e-parent\" data-id=\"d99c518\" data-element_type=\"container\" data-e-type=\"container\">\n\t\t\t\t\t<div class=\"e-con-inner\">\n\t\t\t\t<div class=\"elementor-element elementor-element-ac29938 elementor-widget elementor-widget-text-editor\" data-id=\"ac29938\" data-element_type=\"widget\" data-e-type=\"widget\" data-widget_type=\"text-editor.default\">\n\t\t\t\t\t\t\t\t\t<p><span style=\"color: var( --e-global-color-text ); text-align: var(--text-align);\">La historia de los Gar\u00ednagu (t\u00e9rmino colectivo en el idioma Gar\u00edfuna) se origin\u00f3 en el mar Caribe en las Antillas Menores, en el siglo XIV, con los grupos Caribe (kali&#8217;\u00f1a)\u00a0 y Arawak (i\u00f1eri), provenientes del territorio del Amazonas. De esta relaci\u00f3n nacieron los denominados \u201cCaribe\u00f1os Isle\u00f1os\u201d o \u201cCaribe\u00f1os Arawacos\u201d .\u00a0<\/span><\/p><p><span style=\"color: var( --e-global-color-text ); text-align: var(--text-align);\">En el siglo XVI la isla San Vicente y otras cercanas eran \u00e1reas donde viv\u00edan en paz. Los originarios de \u00c1frica e isle\u00f1os originarios optaron por una alianza para defenderse de los ataques de invasores ingleses y franceses.\u00a0 Se fusion\u00f3 la cultura africana con el idioma caribe\u00f1o y germina la mezcla biol\u00f3gica que los europeos llamaron \u201ccaribe-negros\u201d.<\/span><\/p><p><span style=\"color: var( --e-global-color-text ); text-align: var(--text-align);\">A mediados del siglo XVIII estos pobladores ten\u00edan el control casi absoluto de la isla de San Vicente, la cual denominaban \u201cYurumein\u201d y se distingu\u00edan por su prosperidad. Libraron fuertes batallas para conservar su territorio, en esta lucha se menciona al gran jefe Satuye, hoy h\u00e9roe mitol\u00f3gico del pueblo gar\u00edfuna.<\/span><\/p>\t\t\t\t\t\t\t\t<\/div>\n\t\t\t\t\t<\/div>\n\t\t\t\t<\/div>\n\t\t<div data-particle_enable=\"false\" data-particle-mobile-disabled=\"false\" class=\"elementor-element elementor-element-6740b76 e-flex e-con-boxed e-con e-parent\" data-id=\"6740b76\" data-element_type=\"container\" data-e-type=\"container\">\n\t\t\t\t\t<div class=\"e-con-inner\">\n\t\t\t\t<div class=\"elementor-element elementor-element-4185272 elementor-widget elementor-widget-video\" data-id=\"4185272\" data-element_type=\"widget\" data-e-type=\"widget\" data-settings=\"{&quot;youtube_url&quot;:&quot;https:\\\/\\\/www.youtube.com\\\/watch?v=rpNEc_ufN7s&quot;,&quot;video_type&quot;:&quot;youtube&quot;,&quot;controls&quot;:&quot;yes&quot;}\" data-widget_type=\"video.default\">\n\t\t\t\t\t\t\t<div class=\"elementor-wrapper elementor-open-inline\">\n\t\t\t<div class=\"elementor-video\"><\/div>\t\t<\/div>\n\t\t\t\t\t\t<\/div>\n\t\t\t\t\t<\/div>\n\t\t\t\t<\/div>\n\t\t<div data-particle_enable=\"false\" data-particle-mobile-disabled=\"false\" class=\"elementor-element elementor-element-f36058a e-flex e-con-boxed e-con e-parent\" data-id=\"f36058a\" data-element_type=\"container\" data-e-type=\"container\">\n\t\t\t\t\t<div class=\"e-con-inner\">\n\t\t\t\t<div class=\"elementor-element elementor-element-d04e26c elementor-widget elementor-widget-heading\" data-id=\"d04e26c\" data-element_type=\"widget\" data-e-type=\"widget\" data-widget_type=\"heading.default\">\n\t\t\t\t\t<h3 class=\"elementor-heading-title elementor-size-default\">Siempre libres<\/h3>\t\t\t\t<\/div>\n\t\t\t\t\t<\/div>\n\t\t\t\t<\/div>\n\t\t<div data-particle_enable=\"false\" data-particle-mobile-disabled=\"false\" class=\"elementor-element elementor-element-7860bbb e-flex e-con-boxed e-con e-parent\" data-id=\"7860bbb\" data-element_type=\"container\" data-e-type=\"container\">\n\t\t\t\t\t<div class=\"e-con-inner\">\n\t\t\t\t<div class=\"elementor-element elementor-element-7df8953 elementor-widget elementor-widget-text-editor\" data-id=\"7df8953\" data-element_type=\"widget\" data-e-type=\"widget\" data-widget_type=\"text-editor.default\">\n\t\t\t\t\t\t\t\t\t<p><span style=\"color: var( --e-global-color-text ); text-align: var(--text-align);\">En otras palabras los Gar\u00ednagu nunca fueron esclavos y en 1797, ante la invasi\u00f3n, se embarcaron y por fin llegaron a la isla de Roat\u00e1n, Honduras, y en 1801 de asentaron en las costas de Belice, Guatemala, Honduras e incluso parte de Nicaragua. Trabajaron como madereros en la explotaci\u00f3n de caoba y el palo de tinte o de Campeche.\u00a0\u00a0<\/span><\/p><p>Uno de sus principales enclaves es \u201cLabuga\u201d (\u201cLa boca\u201d), situado en la desembocadura del R\u00edo Dulce y el actual centro urbano Livingston.\u00a0\u00a0<span style=\"color: var( --e-global-color-text ); text-align: var(--text-align);\">Aunque ya estaban establecidos en esa zona al fundarse Puerto Barrios,\u00a0 fueron reubicados en el barrio El Rastro. La expansi\u00f3n de este grupo continu\u00f3 con el auge de la marina mercante, la construcci\u00f3n de l\u00edneas f\u00e9rrreas y de muelles. Este contacto naviero, hizo que empezara una migraci\u00f3n a Nueva York, en 1960.\u00a0<\/span><\/p><p>\u00a0<\/p>\t\t\t\t\t\t\t\t<\/div>\n\t\t\t\t\t<\/div>\n\t\t\t\t<\/div>\n\t\t<div data-particle_enable=\"false\" data-particle-mobile-disabled=\"false\" class=\"elementor-element elementor-element-d7c564f e-flex e-con-boxed e-con e-parent\" data-id=\"d7c564f\" data-element_type=\"container\" data-e-type=\"container\">\n\t\t\t\t\t<div class=\"e-con-inner\">\n\t\t\t\t<div class=\"elementor-element elementor-element-bf427a5 elementor-widget elementor-widget-video\" data-id=\"bf427a5\" data-element_type=\"widget\" data-e-type=\"widget\" data-settings=\"{&quot;youtube_url&quot;:&quot;https:\\\/\\\/www.youtube.com\\\/watch?v=5dzX6Sg802c&amp;t=408s&quot;,&quot;start&quot;:85,&quot;video_type&quot;:&quot;youtube&quot;,&quot;controls&quot;:&quot;yes&quot;}\" data-widget_type=\"video.default\">\n\t\t\t\t\t\t\t<div class=\"elementor-wrapper elementor-open-inline\">\n\t\t\t<div class=\"elementor-video\"><\/div>\t\t<\/div>\n\t\t\t\t\t\t<\/div>\n\t\t\t\t\t<\/div>\n\t\t\t\t<\/div>\n\t\t<div data-particle_enable=\"false\" data-particle-mobile-disabled=\"false\" class=\"elementor-element elementor-element-1726d35 e-flex e-con-boxed e-con e-parent\" data-id=\"1726d35\" data-element_type=\"container\" data-e-type=\"container\">\n\t\t\t\t\t<div class=\"e-con-inner\">\n\t\t\t\t<div class=\"elementor-element elementor-element-148bcc8 elementor-widget elementor-widget-heading\" data-id=\"148bcc8\" data-element_type=\"widget\" data-e-type=\"widget\" data-widget_type=\"heading.default\">\n\t\t\t\t\t<h3 class=\"elementor-heading-title elementor-size-default\">Territorio emblem\u00e1tico en el Caribe<\/h3>\t\t\t\t<\/div>\n\t\t\t\t\t<\/div>\n\t\t\t\t<\/div>\n\t\t<div data-particle_enable=\"false\" data-particle-mobile-disabled=\"false\" class=\"elementor-element elementor-element-fcfc7bc e-flex e-con-boxed e-con e-parent\" data-id=\"fcfc7bc\" data-element_type=\"container\" data-e-type=\"container\">\n\t\t\t\t\t<div class=\"e-con-inner\">\n\t\t\t\t<div class=\"elementor-element elementor-element-f0573a8 elementor-widget elementor-widget-text-editor\" data-id=\"f0573a8\" data-element_type=\"widget\" data-e-type=\"widget\" data-widget_type=\"text-editor.default\">\n\t\t\t\t\t\t\t\t\t<p><span style=\"color: var( --e-global-color-text ); text-align: var(--text-align);\">Los Gar\u00edganu, es el grupo poblacional con m\u00e1s presencia en Centroam\u00e9rica, diseminado en las costas atl\u00e1nticas de Belice, Guatemala, Honduras y Nicaragua.\u00a0\u00a0<\/span><span style=\"color: var( --e-global-color-text ); text-align: var(--text-align);\">En Guatemala, desde 1805, la poblaci\u00f3n Gar\u00edfuna se sit\u00faa en Puerto Barrios, Livingston, El Estor, Morales y Los Amates, departamento de Izabal.<\/span><\/p><p>\u00a0<\/p><p>Livingston fue la cabecera departamental de Izabal y puerto de primera categor\u00eda de la costa atl\u00e1ntica de Guatemala antes de la construcci\u00f3n de Puerto Barrios a finales del siglo XIX y del puerto Santo Tom\u00e1s de Castilla en la d\u00e9cada de 1970.<\/p><p>\u00a0<\/p><p>La idea de nombrar Livingston a este lugar se origina de la decisi\u00f3n del gobierno guatemalteco de rendir honor a Edward Livingston legislador estadounidense que redact\u00f3 el C\u00f3digo Civil de Luisiana, en 1825, y cuyas leyes, traducidas al espa\u00f1ol por Jos\u00e9 Francisco Barrundia, quiso adoptar en Guatemala el presidente liberal doctor Mariano G\u00e1lvez, pero fracas\u00f3 en ese intento.<\/p><p>\u00a0<\/p><p>La principal comunidad Gar\u00edfuna de Livingston ocupa una extensi\u00f3n territorial de aproximadamente 20 kil\u00f3metros cuadrados, con una poblaci\u00f3n de 19 mil 529 habitantes. Sin embargo, habitan tambi\u00e9n en la capital de Guatemala.<\/p><p>\u00a0<\/p>\t\t\t\t\t\t\t\t<\/div>\n\t\t\t\t\t<\/div>\n\t\t\t\t<\/div>\n\t\t<div data-particle_enable=\"false\" data-particle-mobile-disabled=\"false\" class=\"elementor-element elementor-element-cdbc6ef e-flex e-con-boxed e-con e-parent\" data-id=\"cdbc6ef\" data-element_type=\"container\" data-e-type=\"container\">\n\t\t\t\t\t<div class=\"e-con-inner\">\n\t\t\t\t<div class=\"elementor-element elementor-element-2c4272d elementor-widget elementor-widget-image\" data-id=\"2c4272d\" data-element_type=\"widget\" data-e-type=\"widget\" data-widget_type=\"image.default\">\n\t\t\t\t\t\t\t\t\t\t\t\t\t\t\t<img decoding=\"async\" width=\"650\" height=\"382\" src=\"https:\/\/soymigrante.com\/revista\/wp-content\/uploads\/2024\/09\/Captura-de-pantalla-2024-09-02-230641.webp\" class=\"attachment-large size-large wp-image-8727\" alt=\"Navegaci\u00f3n en la ruta migratoria desde Belice, Guatemala, Honduras y Nicaragua hacia EE.UU. con detalles de rutas y pasos en el mapa.\" srcset=\"https:\/\/soymigrante.com\/revista\/wp-content\/uploads\/2024\/09\/Captura-de-pantalla-2024-09-02-230641.webp 650w, https:\/\/soymigrante.com\/revista\/wp-content\/uploads\/2024\/09\/Captura-de-pantalla-2024-09-02-230641-300x176.webp 300w\" sizes=\"(max-width: 650px) 100vw, 650px\" \/>\t\t\t\t\t\t\t\t\t\t\t\t\t\t\t<\/div>\n\t\t\t\t\t<\/div>\n\t\t\t\t<\/div>\n\t\t<div data-particle_enable=\"false\" data-particle-mobile-disabled=\"false\" class=\"elementor-element elementor-element-c544ca3 e-flex e-con-boxed e-con e-parent\" data-id=\"c544ca3\" data-element_type=\"container\" data-e-type=\"container\">\n\t\t\t\t\t<div class=\"e-con-inner\">\n\t\t\t\t<div class=\"elementor-element elementor-element-3af18d3 elementor-widget elementor-widget-heading\" data-id=\"3af18d3\" data-element_type=\"widget\" data-e-type=\"widget\" data-widget_type=\"heading.default\">\n\t\t\t\t\t<h2 class=\"elementor-heading-title elementor-size-default\">Vida y cultura del gar\u00edfuna<\/h2>\t\t\t\t<\/div>\n\t\t\t\t\t<\/div>\n\t\t\t\t<\/div>\n\t\t<div data-particle_enable=\"false\" data-particle-mobile-disabled=\"false\" class=\"elementor-element elementor-element-1f6a514 e-flex e-con-boxed e-con e-parent\" data-id=\"1f6a514\" data-element_type=\"container\" data-e-type=\"container\">\n\t\t\t\t\t<div class=\"e-con-inner\">\n\t\t\t\t<div class=\"elementor-element elementor-element-5a56804 elementor-widget elementor-widget-text-editor\" data-id=\"5a56804\" data-element_type=\"widget\" data-e-type=\"widget\" data-widget_type=\"text-editor.default\">\n\t\t\t\t\t\t\t\t\t<p><span style=\"color: var( --e-global-color-text ); text-align: var(--text-align);\">\u00a0Los \u201cGar\u00ednagu\u201d Se identifican con una vida ritual de reverencia a la naturaleza y creencias sobrenaturales. Es primordial la funci\u00f3n de la mujer en la familia y en la sociedad. En la madre descansa la transmisi\u00f3n del idioma, la sabidur\u00eda ancestral y tradiciones para practicar el culto a los ancestros.\u00a0<\/span><\/p><p>Este rol de la mujer se ha ampliado con el fen\u00f3meno de la migraci\u00f3n. Otro miembro importante de atenci\u00f3n a la familia es el t\u00edo en la l\u00ednea materna.\u00a0<span style=\"color: var( --e-global-color-text ); text-align: var(--text-align);\">Otros grupos sociales importantes son las hermandades, agrupaciones religiosas encargadas del culto a los santos y Jesucristo.<\/span><\/p><p>\u00a0<\/p>\t\t\t\t\t\t\t\t<\/div>\n\t\t\t\t\t<\/div>\n\t\t\t\t<\/div>\n\t\t<div data-particle_enable=\"false\" data-particle-mobile-disabled=\"false\" class=\"elementor-element elementor-element-795afbc e-flex e-con-boxed e-con e-parent\" data-id=\"795afbc\" data-element_type=\"container\" data-e-type=\"container\">\n\t\t\t\t\t<div class=\"e-con-inner\">\n\t\t\t\t<div class=\"elementor-element elementor-element-8261f23 elementor-widget elementor-widget-video\" data-id=\"8261f23\" data-element_type=\"widget\" data-e-type=\"widget\" data-settings=\"{&quot;youtube_url&quot;:&quot;https:\\\/\\\/www.youtube.com\\\/watch?v=V59Nu0hLBlk&quot;,&quot;video_type&quot;:&quot;youtube&quot;,&quot;controls&quot;:&quot;yes&quot;}\" data-widget_type=\"video.default\">\n\t\t\t\t\t\t\t<div class=\"elementor-wrapper elementor-open-inline\">\n\t\t\t<div class=\"elementor-video\"><\/div>\t\t<\/div>\n\t\t\t\t\t\t<\/div>\n\t\t\t\t\t<\/div>\n\t\t\t\t<\/div>\n\t\t<div data-particle_enable=\"false\" data-particle-mobile-disabled=\"false\" class=\"elementor-element elementor-element-44b76ee e-flex e-con-boxed e-con e-parent\" data-id=\"44b76ee\" data-element_type=\"container\" data-e-type=\"container\">\n\t\t\t\t\t<div class=\"e-con-inner\">\n\t\t\t\t<div class=\"elementor-element elementor-element-045bb65 elementor-widget elementor-widget-heading\" data-id=\"045bb65\" data-element_type=\"widget\" data-e-type=\"widget\" data-widget_type=\"heading.default\">\n\t\t\t\t\t<h2 class=\"elementor-heading-title elementor-size-default\">Indumentaria tradicional gar\u00ednagu<\/h2>\t\t\t\t<\/div>\n\t\t\t\t\t<\/div>\n\t\t\t\t<\/div>\n\t\t<div data-particle_enable=\"false\" data-particle-mobile-disabled=\"false\" class=\"elementor-element elementor-element-8d8eaf6 e-flex e-con-boxed e-con e-parent\" data-id=\"8d8eaf6\" data-element_type=\"container\" data-e-type=\"container\">\n\t\t\t\t\t<div class=\"e-con-inner\">\n\t\t\t\t<div class=\"elementor-element elementor-element-f956585 elementor-widget elementor-widget-text-editor\" data-id=\"f956585\" data-element_type=\"widget\" data-e-type=\"widget\" data-widget_type=\"text-editor.default\">\n\t\t\t\t\t\t\t\t\t<p><span style=\"color: var( --e-global-color-text ); text-align: var(--text-align);\">\u00a0La vestimenta tradicional del hombre consta de una camisa elaborada con manta o tela de cuadros. El pantal\u00f3n es de manta u otra tela. Regularmente calzan sandalias pl\u00e1sticas o de hule.\u00a0<\/span><\/p><p>La indumentaria de la mujer consta de vestido, faldas y blusas regularmente holgadas, elaboradas de tela comercial en variedad de colores y dise\u00f1os contempor\u00e1neos entre el que resalta la tela cuadriculada. En las ceremonias cubren su cabeza con una manta peque\u00f1a.\u00a0<\/p><p>A diferencia de los grupos mayas de Mesoam\u00e9rica, los Gar\u00ednagu no cuentan con una tradici\u00f3n textil. Como consecuencia del contacto con los conquistadores optaron por la indumentaria a la usanza occidental.<\/p><p>\u00a0<\/p>\t\t\t\t\t\t\t\t<\/div>\n\t\t\t\t\t<\/div>\n\t\t\t\t<\/div>\n\t\t<div data-particle_enable=\"false\" data-particle-mobile-disabled=\"false\" class=\"elementor-element elementor-element-6642478 e-flex e-con-boxed e-con e-parent\" data-id=\"6642478\" data-element_type=\"container\" data-e-type=\"container\">\n\t\t\t\t\t<div class=\"e-con-inner\">\n\t\t\t\t<div class=\"elementor-element elementor-element-c2a34cf elementor-grid-eael-col-1 elementor-grid-tablet-eael-col-2 elementor-grid-mobile-eael-col-1 elementor-widget elementor-widget-eael-post-grid\" data-id=\"c2a34cf\" data-element_type=\"widget\" data-e-type=\"widget\" data-settings=\"{&quot;eael_post_grid_columns&quot;:&quot;eael-col-1&quot;,&quot;eael_post_grid_columns_tablet&quot;:&quot;eael-col-2&quot;,&quot;eael_post_grid_columns_mobile&quot;:&quot;eael-col-1&quot;}\" data-widget_type=\"eael-post-grid.default\">\n\t\t\t\t\t<div id=\"eael-post-grid-c2a34cf\" class=\"eael-post-grid-container\">\n            <div class=\"eael-post-grid eael-post-appender eael-post-appender-c2a34cf eael-post-grid-style-one\" data-layout-mode=\"masonry\"><article class=\"eael-grid-post  eael-post-grid-column eael-pg-post-2581 category-guate-nuestra tags-danzas-de-guatemala\" data-id=\"2581\">\n        <div class=\"eael-grid-post-holder\">\n            <div class=\"eael-grid-post-holder-inner\"><div class=\"eael-entry-media\"><div class=\"eael-entry-overlay fade-in\"><i class=\"far fa-hand-pointer\" aria-hidden=\"true\"><\/i><a href=\"https:\/\/soymigrante.com\/revista\/guatemala-danza-yancunu-es-un-baile-garifuna-que-evoca-a-un-pueblo-migrante-en-lucha-por-su-libertad\/\"><\/a><\/div><div class=\"eael-entry-thumbnail \">\n                <img decoding=\"async\" width=\"960\" height=\"540\" src=\"https:\/\/soymigrante.com\/revista\/wp-content\/uploads\/2023\/09\/yancunu-en-el-bronx-2020.jpg\" class=\"attachment-large size-large wp-image-2583\" alt=\"Baile de Yancun\u00fa o Wuaranagu\u00e1, en un parque de el barrio de el Bronx, Nueva York, efectuado en 2020.\" srcset=\"https:\/\/soymigrante.com\/revista\/wp-content\/uploads\/2023\/09\/yancunu-en-el-bronx-2020.jpg 960w, https:\/\/soymigrante.com\/revista\/wp-content\/uploads\/2023\/09\/yancunu-en-el-bronx-2020-300x169.webp 300w, https:\/\/soymigrante.com\/revista\/wp-content\/uploads\/2023\/09\/yancunu-en-el-bronx-2020-768x432.webp 768w, https:\/\/soymigrante.com\/revista\/wp-content\/uploads\/2023\/09\/yancunu-en-el-bronx-2020-750x422.webp 750w\" sizes=\"(max-width: 960px) 100vw, 960px\" \/>\n            <\/div>\n        <\/div><div class=\"eael-entry-wrapper\"><header class=\"eael-entry-header\"><h2 class=\"eael-entry-title\"><a class=\"eael-grid-post-link\" href=\"https:\/\/soymigrante.com\/revista\/guatemala-danza-yancunu-es-un-baile-garifuna-que-evoca-a-un-pueblo-migrante-en-lucha-por-su-libertad\/\" title=\"Danzas de Guatemala: Yancun\u00fa es un baile gar\u00edfuna para expresar libertad\">Danzas de Guatemala: Yancun\u00fa es un baile gar\u00edfuna para expresar libertad<\/a><\/h2><\/header><div class=\"eael-entry-content\">\n                        <div class=\"eael-grid-post-excerpt\"><a href=\"https:\/\/soymigrante.com\/revista\/guatemala-danza-yancunu-es-un-baile-garifuna-que-evoca-a-un-pueblo-migrante-en-lucha-por-su-libertad\/\" class=\"eael-post-elements-readmore-btn\">CONOCE SU HISTORIA <\/a><\/div>\n                    <\/div><\/div><\/div>\n        <\/div>\n    <\/article><\/div>\n            <div class=\"clearfix\"><\/div>\n        <\/div>\t\t\t\t<\/div>\n\t\t\t\t\t<\/div>\n\t\t\t\t<\/div>\n\t\t<div data-particle_enable=\"false\" data-particle-mobile-disabled=\"false\" class=\"elementor-element elementor-element-c7829cf e-flex e-con-boxed e-con e-parent\" data-id=\"c7829cf\" data-element_type=\"container\" data-e-type=\"container\">\n\t\t\t\t\t<div class=\"e-con-inner\">\n\t\t\t\t<div class=\"elementor-element elementor-element-d6ad107 elementor-widget elementor-widget-heading\" data-id=\"d6ad107\" data-element_type=\"widget\" data-e-type=\"widget\" data-widget_type=\"heading.default\">\n\t\t\t\t\t<h2 class=\"elementor-heading-title elementor-size-default\">Danzas emblem\u00e1ticas del gar\u00edfuna<\/h2>\t\t\t\t<\/div>\n\t\t\t\t\t<\/div>\n\t\t\t\t<\/div>\n\t\t<div data-particle_enable=\"false\" data-particle-mobile-disabled=\"false\" class=\"elementor-element elementor-element-5d0f563 e-flex e-con-boxed e-con e-parent\" data-id=\"5d0f563\" data-element_type=\"container\" data-e-type=\"container\">\n\t\t\t\t\t<div class=\"e-con-inner\">\n\t\t\t\t<div class=\"elementor-element elementor-element-9113e9a elementor-widget elementor-widget-text-editor\" data-id=\"9113e9a\" data-element_type=\"widget\" data-e-type=\"widget\" data-widget_type=\"text-editor.default\">\n\t\t\t\t\t\t\t\t\t<p><span style=\"color: var( --e-global-color-text ); text-align: var(--text-align);\">Entre los principales ritmos de la danza gar\u00edfuna est\u00e1n:\u00a0 el jungujugu, la chumba, la parranda, la punta, el yancun\u00fa y la punta rock.\u00a0<\/span><\/p><p>Los ritmos se originan de varios tambores o \u201cgarawoun\u201d, sonajas o \u201cs\u00edsiras\u201d y un juego de caparazones de tortuga. Recientemente algunos han integrado a estos grupos guitarra y bajo el\u00e9ctrico. Actualmente existen conjuntos populares que combinan la percusi\u00f3n tradicional gar\u00edfuna con instrumentos electr\u00f3nicos, trompeta y bater\u00eda.\u00a0<\/p><p>Los cantos tradicionalmente est\u00e1n a cargo de la mujeres, es evocaci\u00f3n de la organizaci\u00f3n matriarcal africana. Las canciones presentan estructura de estrofa-estribillo y el estribillo lo repite un coro\u00a0 En ellos se mencionan costumbres, valores, creencias y ambiente natural Gar\u00ednagu.\u00a0<\/p><p>Como parte de los rituales\u00a0 se representa el \u201cYurumein\u201d, que narra la historia y dispersi\u00f3n de este grupo desde sus or\u00edgenes africanos<\/p><p>El Yancun\u00fa o Wanaragua es una danza masculina gar\u00edfuna de origen guerrero, evoca la resistencia de los antepasados ante los europeos en la isla Yurumein, actual San Vicente.\u00a0 La danza evoca la \u00e9poca de los esclavos en plantaciones antillanas del siglo XVIII y la tradici\u00f3n oral refiere que las mujeres \u201cGar\u00ednagu\u201d eran secuestradas y ultrajadas por los invasores.\u00a0<\/p><p><span style=\"color: var( --e-global-color-text ); text-align: var(--text-align);\">Los hombres idearon y decidieron disfrazarse con vestimentas y m\u00e1scaras femeninas para bailar, atraer al enemigo, sorprenderlo y as\u00ed neutralizarlo. Es por ello que el Yancun\u00fa mezcla movimientos suaves y sensuales y vigorosos y hasta en\u00e9rgicos, evocando esos momentos antiguos.\u00a0<\/span><\/p><p>\u00a0<\/p>\t\t\t\t\t\t\t\t<\/div>\n\t\t\t\t\t<\/div>\n\t\t\t\t<\/div>\n\t\t<div data-particle_enable=\"false\" data-particle-mobile-disabled=\"false\" class=\"elementor-element elementor-element-59d6159 e-flex e-con-boxed e-con e-parent\" data-id=\"59d6159\" data-element_type=\"container\" data-e-type=\"container\">\n\t\t\t\t\t<div class=\"e-con-inner\">\n\t\t\t\t<div class=\"elementor-element elementor-element-929d748 elementor-widget elementor-widget-video\" data-id=\"929d748\" data-element_type=\"widget\" data-e-type=\"widget\" data-settings=\"{&quot;youtube_url&quot;:&quot;https:\\\/\\\/www.youtube.com\\\/watch?v=UDgmGAsIqqs&quot;,&quot;video_type&quot;:&quot;youtube&quot;,&quot;controls&quot;:&quot;yes&quot;}\" data-widget_type=\"video.default\">\n\t\t\t\t\t\t\t<div class=\"elementor-wrapper elementor-open-inline\">\n\t\t\t<div class=\"elementor-video\"><\/div>\t\t<\/div>\n\t\t\t\t\t\t<\/div>\n\t\t\t\t\t<\/div>\n\t\t\t\t<\/div>\n\t\t<div data-particle_enable=\"false\" data-particle-mobile-disabled=\"false\" class=\"elementor-element elementor-element-3b39c9a e-flex e-con-boxed e-con e-parent\" data-id=\"3b39c9a\" data-element_type=\"container\" data-e-type=\"container\">\n\t\t\t\t\t<div class=\"e-con-inner\">\n\t\t\t\t<div class=\"elementor-element elementor-element-0b7ad34 elementor-widget elementor-widget-heading\" data-id=\"0b7ad34\" data-element_type=\"widget\" data-e-type=\"widget\" data-widget_type=\"heading.default\">\n\t\t\t\t\t<h2 class=\"elementor-heading-title elementor-size-default\">Presencia gar\u00edfuna en USA<\/h2>\t\t\t\t<\/div>\n\t\t\t\t\t<\/div>\n\t\t\t\t<\/div>\n\t\t<div data-particle_enable=\"false\" data-particle-mobile-disabled=\"false\" class=\"elementor-element elementor-element-c1b866c e-flex e-con-boxed e-con e-parent\" data-id=\"c1b866c\" data-element_type=\"container\" data-e-type=\"container\">\n\t\t\t\t\t<div class=\"e-con-inner\">\n\t\t\t\t<div class=\"elementor-element elementor-element-54bce4b elementor-widget elementor-widget-text-editor\" data-id=\"54bce4b\" data-element_type=\"widget\" data-e-type=\"widget\" data-widget_type=\"text-editor.default\">\n\t\t\t\t\t\t\t\t\t<p>La migraci\u00f3n hacia Estados Unidos tambi\u00e9n ha abarcado a la etnia Gar\u00ednagu. Se estima que actualmente viven entre 8 y 10 mil guatemaltecos Gar\u00ednagu en Nueva York, sobre todo en el \u00e1rea del Bronx.\u00a0<\/p><p>Las oportunidades de estudio y superaci\u00f3n han llevado a que muchos de ellos instalen prosperos negociosy emprendimientos. Asimismo han surgido organizaciones que prestan asesor\u00eda migratoria, apoyo educativo, organizan conmemoraciones y efect\u00faan proyectos de ayuda educativa o generaci\u00f3n de oportunidades laborales en L\u00edvingston, Izabal.<\/p>\t\t\t\t\t\t\t\t<\/div>\n\t\t\t\t\t<\/div>\n\t\t\t\t<\/div>\n\t\t<div data-particle_enable=\"false\" data-particle-mobile-disabled=\"false\" class=\"elementor-element elementor-element-7f5a74a e-flex e-con-boxed e-con e-parent\" data-id=\"7f5a74a\" data-element_type=\"container\" data-e-type=\"container\">\n\t\t\t\t\t<div class=\"e-con-inner\">\n\t\t\t\t<div class=\"elementor-element elementor-element-dec5c35 elementor-widget elementor-widget-image\" data-id=\"dec5c35\" data-element_type=\"widget\" data-e-type=\"widget\" data-widget_type=\"image.default\">\n\t\t\t\t\t\t\t\t\t\t\t\t\t\t\t<img loading=\"lazy\" decoding=\"async\" width=\"604\" height=\"604\" src=\"https:\/\/soymigrante.com\/revista\/wp-content\/uploads\/2024\/09\/308630706_131877106255793_8607766422805047144_n.webp\" class=\"attachment-large size-large wp-image-8731\" alt=\"Diversas manos entrelazadas con banderas de Guatemala y Estados Unidos, simbolizando la uni\u00f3n y colaboraci\u00f3n entre migrantes y comunidades latinas en EE. UU. Revista SoyMigrante.com.\" srcset=\"https:\/\/soymigrante.com\/revista\/wp-content\/uploads\/2024\/09\/308630706_131877106255793_8607766422805047144_n.webp 604w, https:\/\/soymigrante.com\/revista\/wp-content\/uploads\/2024\/09\/308630706_131877106255793_8607766422805047144_n-300x300.webp 300w, https:\/\/soymigrante.com\/revista\/wp-content\/uploads\/2024\/09\/308630706_131877106255793_8607766422805047144_n-150x150.webp 150w, https:\/\/soymigrante.com\/revista\/wp-content\/uploads\/2024\/09\/308630706_131877106255793_8607766422805047144_n-75x75.webp 75w\" sizes=\"(max-width: 604px) 100vw, 604px\" \/>\t\t\t\t\t\t\t\t\t\t\t\t\t\t\t<\/div>\n\t\t\t\t\t<\/div>\n\t\t\t\t<\/div>\n\t\t<div data-particle_enable=\"false\" data-particle-mobile-disabled=\"false\" class=\"elementor-element elementor-element-9aed557 e-flex e-con-boxed e-con e-parent\" data-id=\"9aed557\" data-element_type=\"container\" data-e-type=\"container\">\n\t\t\t\t\t<div class=\"e-con-inner\">\n\t\t\t\t<div class=\"elementor-element elementor-element-9bc83e5 elementor-widget elementor-widget-heading\" data-id=\"9bc83e5\" data-element_type=\"widget\" data-e-type=\"widget\" data-widget_type=\"heading.default\">\n\t\t\t\t\t<h2 class=\"elementor-heading-title elementor-size-default\">Historias de \u00e9xito gar\u00edfuna en EE.UU:<\/h2>\t\t\t\t<\/div>\n\t\t\t\t\t<\/div>\n\t\t\t\t<\/div>\n\t\t<div data-particle_enable=\"false\" data-particle-mobile-disabled=\"false\" class=\"elementor-element elementor-element-f380ec3 e-flex e-con-boxed e-con e-parent\" data-id=\"f380ec3\" data-element_type=\"container\" data-e-type=\"container\">\n\t\t\t\t\t<div class=\"e-con-inner\">\n\t\t\t\t<div class=\"elementor-element elementor-element-64289dd elementor-grid-eael-col-3 elementor-grid-tablet-eael-col-2 elementor-grid-mobile-eael-col-1 elementor-widget elementor-widget-eael-post-grid\" data-id=\"64289dd\" data-element_type=\"widget\" data-e-type=\"widget\" data-settings=\"{&quot;eael_post_grid_columns&quot;:&quot;eael-col-3&quot;,&quot;eael_post_grid_columns_tablet&quot;:&quot;eael-col-2&quot;,&quot;eael_post_grid_columns_mobile&quot;:&quot;eael-col-1&quot;}\" data-widget_type=\"eael-post-grid.default\">\n\t\t\t\t\t<div id=\"eael-post-grid-64289dd\" class=\"eael-post-grid-container\">\n            <div class=\"eael-post-grid eael-post-appender eael-post-appender-64289dd eael-post-grid-style-one\" data-layout-mode=\"masonry\"><article class=\"eael-grid-post  eael-post-grid-column eael-pg-post-6678 category-exitos\" data-id=\"6678\">\n        <div class=\"eael-grid-post-holder\">\n            <div class=\"eael-grid-post-holder-inner\"><div class=\"eael-entry-media\"><div class=\"eael-entry-overlay fade-in\"><i class=\"far fa-hand-pointer\" aria-hidden=\"true\"><\/i><a href=\"https:\/\/soymigrante.com\/revista\/asi-cambio-de-pies-a-cabeza-el-sueno-de-gilroy-alvarez\/\"><\/a><\/div><div class=\"eael-entry-thumbnail \">\n                <img loading=\"lazy\" decoding=\"async\" width=\"1024\" height=\"1024\" src=\"https:\/\/soymigrante.com\/revista\/wp-content\/uploads\/2024\/05\/Gilroy-Alvarez-dfdf-1024x1024.webp\" class=\"attachment-large size-large wp-image-6679\" alt=\"Vendedor de bienes ra\u00edces mostrando un cartel de propiedad en venta con enfoque en la comunidad migrante en EE. UU. y servicios de inmobiliaria.\" srcset=\"https:\/\/soymigrante.com\/revista\/wp-content\/uploads\/2024\/05\/Gilroy-Alvarez-dfdf-1024x1024.webp 1024w, https:\/\/soymigrante.com\/revista\/wp-content\/uploads\/2024\/05\/Gilroy-Alvarez-dfdf-300x300.webp 300w, https:\/\/soymigrante.com\/revista\/wp-content\/uploads\/2024\/05\/Gilroy-Alvarez-dfdf-150x150.webp 150w, https:\/\/soymigrante.com\/revista\/wp-content\/uploads\/2024\/05\/Gilroy-Alvarez-dfdf-768x768.webp 768w, https:\/\/soymigrante.com\/revista\/wp-content\/uploads\/2024\/05\/Gilroy-Alvarez-dfdf-75x75.webp 75w, https:\/\/soymigrante.com\/revista\/wp-content\/uploads\/2024\/05\/Gilroy-Alvarez-dfdf-750x750.webp 750w, https:\/\/soymigrante.com\/revista\/wp-content\/uploads\/2024\/05\/Gilroy-Alvarez-dfdf-1140x1140.webp 1140w, https:\/\/soymigrante.com\/revista\/wp-content\/uploads\/2024\/05\/Gilroy-Alvarez-dfdf.webp 1366w\" sizes=\"(max-width: 1024px) 100vw, 1024px\" \/>\n            <\/div>\n        <\/div><div class=\"eael-entry-wrapper\"><header class=\"eael-entry-header\"><h2 class=\"eael-entry-title\"><a class=\"eael-grid-post-link\" href=\"https:\/\/soymigrante.com\/revista\/asi-cambio-de-pies-a-cabeza-el-sueno-de-gilroy-alvarez\/\" title=\"As\u00ed cambi\u00f3 de pies a cabeza el sue\u00f1o de Gilroy \u00c1lvarez\">As\u00ed cambi\u00f3 de pies a cabeza el sue\u00f1o de Gilroy \u00c1lvarez<\/a><\/h2><\/header><div class=\"eael-entry-content\">\n                        <div class=\"eael-grid-post-excerpt\"><a href=\"https:\/\/soymigrante.com\/revista\/asi-cambio-de-pies-a-cabeza-el-sueno-de-gilroy-alvarez\/\" class=\"eael-post-elements-readmore-btn\">CONOCE SU HISTORIA <\/a><\/div>\n                    <\/div><\/div><\/div>\n        <\/div>\n    <\/article><article class=\"eael-grid-post  eael-post-grid-column eael-pg-post-5483 category-exitos\" data-id=\"5483\">\n        <div class=\"eael-grid-post-holder\">\n            <div class=\"eael-grid-post-holder-inner\"><div class=\"eael-entry-media\"><div class=\"eael-entry-overlay fade-in\"><i class=\"far fa-hand-pointer\" aria-hidden=\"true\"><\/i><a href=\"https:\/\/soymigrante.com\/revista\/guatemalteca-ejercito-estados-unidos-garifuna-prueba\/\"><\/a><\/div><div class=\"eael-entry-thumbnail \">\n                <img loading=\"lazy\" decoding=\"async\" width=\"825\" height=\"693\" src=\"https:\/\/soymigrante.com\/revista\/wp-content\/uploads\/2024\/03\/geramycita.webp\" class=\"attachment-large size-large wp-image-5484\" alt=\"Migrante guatemalteca gar\u00edfuna Geramy Oliva se alista en el Ej\u00e9rcito de Estados Unidos\" srcset=\"https:\/\/soymigrante.com\/revista\/wp-content\/uploads\/2024\/03\/geramycita.webp 825w, https:\/\/soymigrante.com\/revista\/wp-content\/uploads\/2024\/03\/geramycita-300x252.webp 300w, https:\/\/soymigrante.com\/revista\/wp-content\/uploads\/2024\/03\/geramycita-768x645.webp 768w, https:\/\/soymigrante.com\/revista\/wp-content\/uploads\/2024\/03\/geramycita-750x630.webp 750w\" sizes=\"(max-width: 825px) 100vw, 825px\" \/>\n            <\/div>\n        <\/div><div class=\"eael-entry-wrapper\"><header class=\"eael-entry-header\"><h2 class=\"eael-entry-title\"><a class=\"eael-grid-post-link\" href=\"https:\/\/soymigrante.com\/revista\/guatemalteca-ejercito-estados-unidos-garifuna-prueba\/\" title=\"Migrante gar\u00edfuna Geramy Oliva venci\u00f3 retos para entrar al Ej\u00e9rcito de EE.UU.\">Migrante gar\u00edfuna Geramy Oliva venci\u00f3 retos para entrar al Ej\u00e9rcito de EE.UU.<\/a><\/h2><\/header><div class=\"eael-entry-content\">\n                        <div class=\"eael-grid-post-excerpt\"><a href=\"https:\/\/soymigrante.com\/revista\/guatemalteca-ejercito-estados-unidos-garifuna-prueba\/\" class=\"eael-post-elements-readmore-btn\">CONOCE SU HISTORIA <\/a><\/div>\n                    <\/div><\/div><\/div>\n        <\/div>\n    <\/article><article class=\"eael-grid-post  eael-post-grid-column eael-pg-post-2639 category-exitos\" data-id=\"2639\">\n        <div class=\"eael-grid-post-holder\">\n            <div class=\"eael-grid-post-holder-inner\"><div class=\"eael-entry-media\"><div class=\"eael-entry-overlay fade-in\"><i class=\"far fa-hand-pointer\" aria-hidden=\"true\"><\/i><a href=\"https:\/\/soymigrante.com\/revista\/empresario-migrante-guatemalteco-arnold-ciego-impulsa-identidad-garifuna-desde-bronx-ny\/\"><\/a><\/div><div class=\"eael-entry-thumbnail \">\n                <img loading=\"lazy\" decoding=\"async\" width=\"810\" height=\"552\" src=\"https:\/\/soymigrante.com\/revista\/wp-content\/uploads\/2023\/09\/arnold-ciego-e1695409486578.webp\" class=\"attachment-large size-large wp-image-2640\" alt=\"Arnold Ciego migrante gar\u00edfuna guatemalteco presta sus servicios de asesor\u00eda tributaria en el barrio del Bronx, en Nueva York.\" srcset=\"https:\/\/soymigrante.com\/revista\/wp-content\/uploads\/2023\/09\/arnold-ciego-e1695409486578.webp 810w, https:\/\/soymigrante.com\/revista\/wp-content\/uploads\/2023\/09\/arnold-ciego-e1695409486578-300x204.webp 300w, https:\/\/soymigrante.com\/revista\/wp-content\/uploads\/2023\/09\/arnold-ciego-e1695409486578-768x523.webp 768w, https:\/\/soymigrante.com\/revista\/wp-content\/uploads\/2023\/09\/arnold-ciego-e1695409486578-750x511.webp 750w\" sizes=\"(max-width: 810px) 100vw, 810px\" \/>\n            <\/div>\n        <\/div><div class=\"eael-entry-wrapper\"><header class=\"eael-entry-header\"><h2 class=\"eael-entry-title\"><a class=\"eael-grid-post-link\" href=\"https:\/\/soymigrante.com\/revista\/empresario-migrante-guatemalteco-arnold-ciego-impulsa-identidad-garifuna-desde-bronx-ny\/\" title=\"Empresario migrante gar\u00edfuna guatemalteco Arnold Ciego exalta su identidad desde el Bronx, NY\">Empresario migrante gar\u00edfuna guatemalteco Arnold Ciego exalta su identidad desde el Bronx, NY<\/a><\/h2><\/header><div class=\"eael-entry-content\">\n                        <div class=\"eael-grid-post-excerpt\"><a href=\"https:\/\/soymigrante.com\/revista\/empresario-migrante-guatemalteco-arnold-ciego-impulsa-identidad-garifuna-desde-bronx-ny\/\" class=\"eael-post-elements-readmore-btn\">CONOCE SU HISTORIA <\/a><\/div>\n                    <\/div><\/div><\/div>\n        <\/div>\n    <\/article><\/div>\n            <div class=\"clearfix\"><\/div>\n        <\/div>\t\t\t\t<\/div>\n\t\t\t\t\t<\/div>\n\t\t\t\t<\/div>\n\t\t\t\t<\/div>\n\t\t","protected":false},"excerpt":{"rendered":"<p>Desde 1802 el pueblo Gar\u00edfuna ha habitado las costas de Centroam\u00e9rica e islas del Caribe. En Guatemala se ubican en Labuga, es decir Livingston, Izabal, desde donde han migrado aotras regiones del pa\u00eds y tambi\u00e9n a EE.UU, especialmente a Nueva York. Hay que aclarar de entrada dos palabras.\u00a0El t\u00e9rmino Gar\u00edfuna hace alusi\u00f3n al idioma y [&hellip;]<\/p>\n","protected":false},"author":17,"featured_media":8710,"comment_status":"open","ping_status":"open","sticky":false,"template":"","format":"standard","meta":{"_acf_changed":false,"_eb_attr":"","footnotes":""},"categories":[125],"tags":[],"class_list":["post-8709","post","type-post","status-publish","format-standard","has-post-thumbnail","hentry","category-pueblos-de-guatemala"],"acf":[],"aioseo_notices":[],"aioseo_head":"\n\t\t<!-- All in One SEO Pro 4.9.6.2 - aioseo.com -->\n\t<meta name=\"description\" content=\"Experto en contabilidad y asesor\u00eda tributaria en Estados Unidos, pero tambi\u00e9n predicador, activista, padre y esposo, Arnold Ciego impulsa la mejora de la comunidad gar\u00edfuna migrante en el Bronx y en su natal Livingston, Izabal. A trav\u00e9s de su canal de Youtube, el migrante guatemalteco Arnold Ciego efect\u00faa entrevistas y en este video espec\u00edfico, exalta Trabaja en su firma de contabilidad y es activista de los derechos y la cultura de la comunidad migrante gar\u00edfuna de Guatemala, Honduras y Belice\" \/>\n\t<meta name=\"robots\" content=\"max-snippet:-1, max-image-preview:large, max-video-preview:-1\" \/>\n\t<meta name=\"author\" content=\"Gustavo Montenegro\"\/>\n\t<link rel=\"canonical\" href=\"https:\/\/soymigrante.com\/revista\/empresario-migrante-guatemalteco-arnold-ciego-impulsa-identidad-garifuna-desde-bronx-ny\/\" \/>\n\t<meta name=\"generator\" content=\"All in One SEO Pro (AIOSEO) 4.9.6.2\" \/>\n\n\t\t<link rel=\"preconnect\" href=\"https:\/\/fonts.googleapis.com\" crossorigin>\n<link rel=\"preconnect\" href=\"https:\/\/fonts.gstatic.com\" crossorigin>\n\t\t<meta property=\"og:locale\" content=\"es_ES\" \/>\n\t\t<meta property=\"og:site_name\" content=\"SoyMigrante.com REVISTA \u2013 Nuestra misi\u00f3n es reconocer y dignificar al migrante.\" \/>\n\t\t<meta property=\"og:type\" content=\"article\" \/>\n\t\t<meta property=\"og:title\" content=\"Empresario migrante gar\u00edfuna guatemalteco Arnold Ciego exalta su identidad desde el Bronx, NY\" \/>\n\t\t<meta property=\"og:description\" content=\"Experto en contabilidad y asesor\u00eda tributaria en Estados Unidos, pero tambi\u00e9n predicador, activista, padre y esposo, Arnold Ciego impulsa la mejora de la comunidad gar\u00edfuna migrante en el Bronx y en su natal Livingston, Izabal. A trav\u00e9s de su canal de Youtube, el migrante guatemalteco Arnold Ciego efect\u00faa entrevistas y en este video espec\u00edfico, exalta Trabaja en su firma de contabilidad y es activista de los derechos y la cultura de la comunidad migrante gar\u00edfuna de Guatemala, Honduras y Belice\" \/>\n\t\t<meta property=\"og:url\" content=\"https:\/\/soymigrante.com\/revista\/empresario-migrante-guatemalteco-arnold-ciego-impulsa-identidad-garifuna-desde-bronx-ny\/\" \/>\n\t\t<meta property=\"og:image\" content=\"https:\/\/soymigrante.com\/revista\/wp-content\/uploads\/2023\/09\/arnold-ciego-e1695409486578.webp\" \/>\n\t\t<meta property=\"og:image:secure_url\" content=\"https:\/\/soymigrante.com\/revista\/wp-content\/uploads\/2023\/09\/arnold-ciego-e1695409486578.webp\" \/>\n\t\t<meta property=\"og:image:width\" content=\"810\" \/>\n\t\t<meta property=\"og:image:height\" content=\"552\" \/>\n\t\t<meta property=\"article:published_time\" content=\"2023-09-22T18:54:42+00:00\" \/>\n\t\t<meta property=\"article:modified_time\" content=\"2024-07-30T16:19:41+00:00\" \/>\n\t\t<meta property=\"article:publisher\" content=\"https:\/\/www.facebook.com\/soymigrantecom\" \/>\n\t\t<meta name=\"twitter:card\" content=\"summary_large_image\" \/>\n\t\t<meta name=\"twitter:site\" content=\"@SoyMigrante_com\" \/>\n\t\t<meta name=\"twitter:title\" content=\"Empresario migrante gar\u00edfuna guatemalteco Arnold Ciego exalta su identidad desde el Bronx, NY\" \/>\n\t\t<meta name=\"twitter:description\" content=\"Experto en contabilidad y asesor\u00eda tributaria en Estados Unidos, pero tambi\u00e9n predicador, activista, padre y esposo, Arnold Ciego impulsa la mejora de la comunidad gar\u00edfuna migrante en el Bronx y en su natal Livingston, Izabal. A trav\u00e9s de su canal de Youtube, el migrante guatemalteco Arnold Ciego efect\u00faa entrevistas y en este video espec\u00edfico, exalta Trabaja en su firma de contabilidad y es activista de los derechos y la cultura de la comunidad migrante gar\u00edfuna de Guatemala, Honduras y Belice\" \/>\n\t\t<meta name=\"twitter:creator\" content=\"@SoyMigrante_com\" \/>\n\t\t<meta name=\"twitter:image\" content=\"https:\/\/soymigrante.com\/revista\/wp-content\/uploads\/2023\/09\/arnold-ciego-e1695409486578.webp\" \/>\n\t\t<!-- All in One SEO Pro -->\r\n\t\t<title>Empresario migrante gar\u00edfuna guatemalteco Arnold Ciego exalta su identidad desde el Bronx, NY<\/title>\n\n","aioseo_head_json":{"title":"Empresario migrante gar\u00edfuna guatemalteco Arnold Ciego exalta su identidad desde el Bronx, NY","description":"Experto en contabilidad y asesor\u00eda tributaria en Estados Unidos, pero tambi\u00e9n predicador, activista, padre y esposo, Arnold Ciego impulsa la mejora de la comunidad gar\u00edfuna migrante en el Bronx y en su natal Livingston, Izabal. A trav\u00e9s de su canal de Youtube, el migrante guatemalteco Arnold Ciego efect\u00faa entrevistas y en este video espec\u00edfico, exalta Trabaja en su firma de contabilidad y es activista de los derechos y la cultura de la comunidad migrante gar\u00edfuna de Guatemala, Honduras y Belice","canonical_url":"https:\/\/soymigrante.com\/revista\/empresario-migrante-guatemalteco-arnold-ciego-impulsa-identidad-garifuna-desde-bronx-ny\/","robots":"max-snippet:-1, max-image-preview:large, max-video-preview:-1","keywords":"","webmasterTools":{"miscellaneous":"&lt;link rel=\"preconnect\" href=\"https:\/\/fonts.googleapis.com\" crossorigin&gt;\n&lt;link rel=\"preconnect\" href=\"https:\/\/fonts.gstatic.com\" crossorigin&gt;"},"schema":null,"og:locale":"es_ES","og:site_name":"SoyMigrante.com REVISTA \u2013 Nuestra misi\u00f3n es reconocer y dignificar al migrante.","og:type":"article","og:title":"Empresario migrante gar\u00edfuna guatemalteco Arnold Ciego exalta su identidad desde el Bronx, NY","og:description":"Experto en contabilidad y asesor\u00eda tributaria en Estados Unidos, pero tambi\u00e9n predicador, activista, padre y esposo, Arnold Ciego impulsa la mejora de la comunidad gar\u00edfuna migrante en el Bronx y en su natal Livingston, Izabal. A trav\u00e9s de su canal de Youtube, el migrante guatemalteco Arnold Ciego efect\u00faa entrevistas y en este video espec\u00edfico, exalta Trabaja en su firma de contabilidad y es activista de los derechos y la cultura de la comunidad migrante gar\u00edfuna de Guatemala, Honduras y Belice","og:url":"https:\/\/soymigrante.com\/revista\/empresario-migrante-guatemalteco-arnold-ciego-impulsa-identidad-garifuna-desde-bronx-ny\/","og:image":"https:\/\/soymigrante.com\/revista\/wp-content\/uploads\/2023\/09\/arnold-ciego-e1695409486578.webp","og:image:secure_url":"https:\/\/soymigrante.com\/revista\/wp-content\/uploads\/2023\/09\/arnold-ciego-e1695409486578.webp","og:image:width":810,"og:image:height":552,"article:published_time":"2023-09-22T18:54:42+00:00","article:modified_time":"2024-07-30T16:19:41+00:00","article:publisher":"https:\/\/www.facebook.com\/soymigrantecom","twitter:card":"summary_large_image","twitter:site":"@SoyMigrante_com","twitter:title":"Empresario migrante gar\u00edfuna guatemalteco Arnold Ciego exalta su identidad desde el Bronx, NY","twitter:description":"Experto en contabilidad y asesor\u00eda tributaria en Estados Unidos, pero tambi\u00e9n predicador, activista, padre y esposo, Arnold Ciego impulsa la mejora de la comunidad gar\u00edfuna migrante en el Bronx y en su natal Livingston, Izabal. A trav\u00e9s de su canal de Youtube, el migrante guatemalteco Arnold Ciego efect\u00faa entrevistas y en este video espec\u00edfico, exalta Trabaja en su firma de contabilidad y es activista de los derechos y la cultura de la comunidad migrante gar\u00edfuna de Guatemala, Honduras y Belice","twitter:creator":"@SoyMigrante_com","twitter:image":"https:\/\/soymigrante.com\/revista\/wp-content\/uploads\/2023\/09\/arnold-ciego-e1695409486578.webp"},"aioseo_meta_data":{"post_id":"8709","title":"Pueblo Gar\u00ednagu (Gar\u00edfuna) lleva m\u00e1s de 200 a\u00f1os en Guatemala","description":"En 1802 el pueblo Gar\u00ednagu o Gar\u00edfuna lleg\u00f3 las costas de Centroam\u00e9rica. En Guatemala su n\u00facleo es Livingston, Izabal. Celebran su d\u00eda cada 26 de noviembre.","keywords":null,"keyphrases":{"focus":{"keyphrase":"Gar\u00edfuna","score":100,"analysis":{"keyphraseInTitle":{"score":9,"maxScore":9,"error":0},"keyphraseInDescription":{"score":9,"maxScore":9,"error":0},"keyphraseLength":{"score":9,"maxScore":9,"error":0,"length":2},"keyphraseInURL":{"score":5,"maxScore":5,"error":0},"keyphraseInIntroduction":{"score":9,"maxScore":9,"error":0},"keyphraseInSubHeadings":{"score":9,"maxScore":9,"error":0},"keyphraseInImageAlt":{"score":9,"maxScore":9,"error":0},"keywordDensity":{"type":"best","score":9,"maxScore":9,"error":0}}},"additional":[{"keyphrase":"Gar\u00edfuna","score":100,"analysis":{"keyphraseInDescription":{"score":9,"maxScore":9,"error":0},"keyphraseLength":{"score":9,"maxScore":9,"error":0,"length":2},"keyphraseInIntroduction":{"score":9,"maxScore":9,"error":0},"keyphraseInImageAlt":{"score":9,"maxScore":9,"error":0},"keywordDensity":{"type":"best","score":9,"maxScore":9,"error":0}}},{"keyphrase":"Gar\u00ednagu","score":100,"analysis":{"keyphraseInDescription":{"score":9,"maxScore":9,"error":0},"keyphraseLength":{"score":9,"maxScore":9,"error":0,"length":2},"keyphraseInIntroduction":{"score":9,"maxScore":9,"error":0},"keyphraseInImageAlt":{"score":9,"maxScore":9,"error":0},"keywordDensity":{"type":"best","score":9,"maxScore":9,"error":0}}},{"keyphrase":"Pueblo Gar\u00ednagu","score":53,"analysis":{"keyphraseInDescription":{"score":9,"maxScore":9,"error":0},"keyphraseLength":{"score":9,"maxScore":9,"error":0,"length":3},"keyphraseInIntroduction":{"score":3,"maxScore":9,"error":1},"keyphraseInImageAlt":{"score":3,"maxScore":9,"error":1},"keywordDensity":{"score":0,"type":"low","maxScore":9,"error":1}}},{"keyphrase":"Guatemala","score":100,"analysis":{"keyphraseInDescription":{"score":9,"maxScore":9,"error":0},"keyphraseLength":{"score":9,"maxScore":9,"error":0,"length":1},"keyphraseInIntroduction":{"score":9,"maxScore":9,"error":0},"keyphraseInImageAlt":{"score":9,"maxScore":9,"error":0},"keywordDensity":{"type":"best","score":9,"maxScore":9,"error":0}}}]},"primary_term":null,"canonical_url":null,"og_title":null,"og_description":null,"og_object_type":"default","og_image_type":"default","og_image_url":null,"og_image_width":null,"og_image_height":null,"og_image_custom_url":null,"og_image_custom_fields":null,"og_video":"","og_custom_url":null,"og_article_section":null,"og_article_tags":null,"twitter_use_og":false,"twitter_card":"default","twitter_image_type":"default","twitter_image_url":null,"twitter_image_custom_url":null,"twitter_image_custom_fields":null,"twitter_title":null,"twitter_description":null,"schema":{"blockGraphs":[],"customGraphs":[],"default":{"data":{"Article":[],"Course":[],"Dataset":[],"FAQPage":[],"Movie":[],"Person":[],"Product":[],"ProductReview":[],"Car":[],"Recipe":[],"Service":[],"SoftwareApplication":[],"WebPage":[]},"graphName":"Article","isEnabled":true},"graphs":[]},"schema_type":"default","schema_type_options":null,"pillar_content":false,"robots_default":true,"robots_noindex":false,"robots_noarchive":false,"robots_nosnippet":false,"robots_nofollow":false,"robots_noimageindex":false,"robots_noodp":false,"robots_notranslate":false,"robots_max_snippet":"-1","robots_max_videopreview":"-1","robots_max_imagepreview":"large","priority":null,"frequency":"default","local_seo":null,"seo_analyzer_scan_date":"2025-10-09 00:33:10","breadcrumb_settings":null,"limit_modified_date":false,"reviewed_by":null,"open_ai":"{\"title\":{\"suggestions\":[],\"usage\":0},\"description\":{\"suggestions\":[],\"usage\":0}}","ai":null,"created":"2024-09-03 04:19:38","updated":"2026-02-04 16:44:14"},"aioseo_breadcrumb":"<div class=\"aioseo-breadcrumbs\"><span class=\"aioseo-breadcrumb\">\n\t<a href=\"https:\/\/soymigrante.com\/revista\" title=\"Home\">Home<\/a>\n<\/span><span class=\"aioseo-breadcrumb-separator\">\u00bb<\/span><span class=\"aioseo-breadcrumb\">\n\t<a href=\"https:\/\/soymigrante.com\/revista\/category\/guate-nuestra\/\" title=\"Guate Nuestra\">Guate Nuestra<\/a>\n<\/span><span class=\"aioseo-breadcrumb-separator\">\u00bb<\/span><span class=\"aioseo-breadcrumb\">\n\t<a href=\"https:\/\/soymigrante.com\/revista\/category\/guate-nuestra\/pueblos-de-guatemala\/\" title=\"Pueblos de Guatemala\">Pueblos de Guatemala<\/a>\n<\/span><span class=\"aioseo-breadcrumb-separator\">\u00bb<\/span><span class=\"aioseo-breadcrumb\">\n\tPueblo Gar\u00ednagu (Gar\u00edfuna) lleva m\u00e1s de 200 a\u00f1os en Guatemala y el 26 noviembre es su d\u00eda\n<\/span><\/div>","aioseo_breadcrumb_json":[{"label":"Home","link":"https:\/\/soymigrante.com\/revista"},{"label":"Guate Nuestra","link":"https:\/\/soymigrante.com\/revista\/category\/guate-nuestra\/"},{"label":"Pueblos de Guatemala","link":"https:\/\/soymigrante.com\/revista\/category\/guate-nuestra\/pueblos-de-guatemala\/"},{"label":"Pueblo Gar\u00ednagu (Gar\u00edfuna) lleva m\u00e1s de 200 a\u00f1os en Guatemala y el 26 noviembre es su d\u00eda","link":"https:\/\/soymigrante.com\/revista\/pueblo-garinagu-garifuna-lleva-mas-de-dos-siglos-en-guatemala\/"}],"_links":{"self":[{"href":"https:\/\/soymigrante.com\/revista\/wp-json\/wp\/v2\/posts\/8709","targetHints":{"allow":["GET"]}}],"collection":[{"href":"https:\/\/soymigrante.com\/revista\/wp-json\/wp\/v2\/posts"}],"about":[{"href":"https:\/\/soymigrante.com\/revista\/wp-json\/wp\/v2\/types\/post"}],"author":[{"embeddable":true,"href":"https:\/\/soymigrante.com\/revista\/wp-json\/wp\/v2\/users\/17"}],"replies":[{"embeddable":true,"href":"https:\/\/soymigrante.com\/revista\/wp-json\/wp\/v2\/comments?post=8709"}],"version-history":[{"count":0,"href":"https:\/\/soymigrante.com\/revista\/wp-json\/wp\/v2\/posts\/8709\/revisions"}],"wp:featuredmedia":[{"embeddable":true,"href":"https:\/\/soymigrante.com\/revista\/wp-json\/wp\/v2\/media\/8710"}],"wp:attachment":[{"href":"https:\/\/soymigrante.com\/revista\/wp-json\/wp\/v2\/media?parent=8709"}],"wp:term":[{"taxonomy":"category","embeddable":true,"href":"https:\/\/soymigrante.com\/revista\/wp-json\/wp\/v2\/categories?post=8709"},{"taxonomy":"post_tag","embeddable":true,"href":"https:\/\/soymigrante.com\/revista\/wp-json\/wp\/v2\/tags?post=8709"}],"curies":[{"name":"wp","href":"https:\/\/api.w.org\/{rel}","templated":true}]}}