{"id":8708,"date":"2025-06-07T14:38:02","date_gmt":"2025-06-07T20:38:02","guid":{"rendered":"https:\/\/soymigrante.com\/revista\/?p=8708"},"modified":"2025-08-27T11:15:31","modified_gmt":"2025-08-27T17:15:31","slug":"en-usa-no-hay-tantos-feriados-nacionales-como-en-guatemala-pero-los-hay-conoce-cuando-y-por-que","status":"publish","type":"post","link":"https:\/\/soymigrante.com\/revista\/en-usa-no-hay-tantos-feriados-nacionales-como-en-guatemala-pero-los-hay-conoce-cuando-y-por-que\/","title":{"rendered":"\u00bfQu\u00e9 d\u00edas son de asueto o descanso en Estados Unidos?"},"content":{"rendered":"\t\t<div data-elementor-type=\"wp-post\" data-elementor-id=\"8708\" class=\"elementor elementor-8708\" data-elementor-post-type=\"post\">\n\t\t\t\t<div data-particle_enable=\"false\" data-particle-mobile-disabled=\"false\" class=\"elementor-element elementor-element-56e6004 e-flex e-con-boxed e-con e-parent\" data-id=\"56e6004\" data-element_type=\"container\" data-e-type=\"container\">\n\t\t\t\t\t<div class=\"e-con-inner\">\n\t\t\t\t<div class=\"elementor-element elementor-element-5af3b5c elementor-widget elementor-widget-heading\" data-id=\"5af3b5c\" data-element_type=\"widget\" data-e-type=\"widget\" data-widget_type=\"heading.default\">\n\t\t\t\t\t<h2 class=\"elementor-heading-title elementor-size-default\">A excepci\u00f3n del A\u00f1o Nuevo, las fechas de feriado en Estados Unidos pr\u00e1cticamente no coinciden con las de Guatemala. \u00bfQu\u00e9 d\u00edas se consideran de posible descanso o asueto a nivel nacional en la Uni\u00f3n Americana?\n<\/h2>\t\t\t\t<\/div>\n\t\t\t\t\t<\/div>\n\t\t\t\t<\/div>\n\t\t<div data-particle_enable=\"false\" data-particle-mobile-disabled=\"false\" class=\"elementor-element elementor-element-efe033e e-flex e-con-boxed e-con e-parent\" data-id=\"efe033e\" data-element_type=\"container\" data-e-type=\"container\">\n\t\t\t\t\t<div class=\"e-con-inner\">\n\t\t\t\t<div class=\"elementor-element elementor-element-2483d71 elementor-widget elementor-widget-text-editor\" data-id=\"2483d71\" data-element_type=\"widget\" data-e-type=\"widget\" data-widget_type=\"text-editor.default\">\n\t\t\t\t\t\t\t\t\t<p>Los d\u00edas reconocidos como feriados o conmemoraciones federales son de descanso obligatorio y remunerado en Estados Unidos.\u00a0 Muchos de estos d\u00edas de descanso se desconocen en Guatemala porque aluden a situaciones, fechas o personajes que forman parte de la historia estadounidense.\u00a0\u00a0<br \/>Estas son las conmemoraciones que son feriado en Estados Unidos:<\/p>\t\t\t\t\t\t\t\t<\/div>\n\t\t\t\t\t<\/div>\n\t\t\t\t<\/div>\n\t\t<div data-particle_enable=\"false\" data-particle-mobile-disabled=\"false\" class=\"elementor-element elementor-element-5264e46 e-flex e-con-boxed e-con e-parent\" data-id=\"5264e46\" data-element_type=\"container\" data-e-type=\"container\">\n\t\t\t\t\t<div class=\"e-con-inner\">\n\t\t\t\t<div class=\"elementor-element elementor-element-bfb6665 elementor-widget elementor-widget-heading\" data-id=\"bfb6665\" data-element_type=\"widget\" data-e-type=\"widget\" data-widget_type=\"heading.default\">\n\t\t\t\t\t<h3 class=\"elementor-heading-title elementor-size-default\">A\u00f1o Nuevo: 1 de enero<\/h3>\t\t\t\t<\/div>\n\t\t\t\t\t<\/div>\n\t\t\t\t<\/div>\n\t\t<div data-particle_enable=\"false\" data-particle-mobile-disabled=\"false\" class=\"elementor-element elementor-element-0f9d1b6 e-flex e-con-boxed e-con e-parent\" data-id=\"0f9d1b6\" data-element_type=\"container\" data-e-type=\"container\">\n\t\t\t\t\t<div class=\"e-con-inner\">\n\t\t\t\t<div class=\"elementor-element elementor-element-e85319c elementor-widget elementor-widget-text-editor\" data-id=\"e85319c\" data-element_type=\"widget\" data-e-type=\"widget\" data-widget_type=\"text-editor.default\">\n\t\t\t\t\t\t\t\t\t<p>El Congreso de Estados Unidos lo declar\u00f3 como feriado federal en 1,870. As\u00ed Estados Unidos se suma a la celebraci\u00f3n de A\u00f1o Nuevo como el resto del mundo.<\/p><p>Adem\u00e1s, el acto tradicional y reconocido internacionalmente es el conteo regresivo para el 1 de enero en el Time Square de <a href=\"https:\/\/soymigrante.com\/revista\/migrantes-guatemaltecos-exigen-respeto-a-la-democracia\/\">Nueva York<\/a>, as\u00ed como el desfile de Pasadena, California, ambos eventos son transmitidos por televisi\u00f3n.<\/p>\t\t\t\t\t\t\t\t<\/div>\n\t\t\t\t\t<\/div>\n\t\t\t\t<\/div>\n\t\t<div data-particle_enable=\"false\" data-particle-mobile-disabled=\"false\" class=\"elementor-element elementor-element-ef648b5 e-flex e-con-boxed e-con e-parent\" data-id=\"ef648b5\" data-element_type=\"container\" data-e-type=\"container\">\n\t\t\t\t\t<div class=\"e-con-inner\">\n\t\t\t\t<div class=\"elementor-element elementor-element-85be0a4 elementor-widget elementor-widget-image\" data-id=\"85be0a4\" data-element_type=\"widget\" data-e-type=\"widget\" data-widget_type=\"image.default\">\n\t\t\t\t\t\t\t\t\t\t\t\t\t\t\t<img fetchpriority=\"high\" decoding=\"async\" width=\"768\" height=\"512\" src=\"https:\/\/soymigrante.com\/revista\/wp-content\/uploads\/2024\/09\/Time-Square-Ano-Nuevo-1024x683.webp\" class=\"attachment-large size-large wp-image-8715\" alt=\"American flags en Times Square con confeti y luces de ne\u00f3n en la noche.\" srcset=\"https:\/\/soymigrante.com\/revista\/wp-content\/uploads\/2024\/09\/Time-Square-Ano-Nuevo-1024x683.webp 1024w, https:\/\/soymigrante.com\/revista\/wp-content\/uploads\/2024\/09\/Time-Square-Ano-Nuevo-300x200.webp 300w, https:\/\/soymigrante.com\/revista\/wp-content\/uploads\/2024\/09\/Time-Square-Ano-Nuevo-768x512.webp 768w, https:\/\/soymigrante.com\/revista\/wp-content\/uploads\/2024\/09\/Time-Square-Ano-Nuevo-1536x1024.webp 1536w, https:\/\/soymigrante.com\/revista\/wp-content\/uploads\/2024\/09\/Time-Square-Ano-Nuevo-scaled.webp 1920w, https:\/\/soymigrante.com\/revista\/wp-content\/uploads\/2024\/09\/Time-Square-Ano-Nuevo-750x500.webp 750w, https:\/\/soymigrante.com\/revista\/wp-content\/uploads\/2024\/09\/Time-Square-Ano-Nuevo-1140x760.webp 1140w\" sizes=\"(max-width: 768px) 100vw, 768px\" title=\"Time Square A\u00f1o Nuevo \u2013 SoyMigrante.com REVISTA\" \/>\t\t\t\t\t\t\t\t\t\t\t\t\t\t\t<\/div>\n\t\t\t\t\t<\/div>\n\t\t\t\t<\/div>\n\t\t<div data-particle_enable=\"false\" data-particle-mobile-disabled=\"false\" class=\"elementor-element elementor-element-5990697 e-flex e-con-boxed e-con e-parent\" data-id=\"5990697\" data-element_type=\"container\" data-e-type=\"container\">\n\t\t\t\t\t<div class=\"e-con-inner\">\n\t\t\t\t<div class=\"elementor-element elementor-element-7d2039c elementor-widget elementor-widget-heading\" data-id=\"7d2039c\" data-element_type=\"widget\" data-e-type=\"widget\" data-widget_type=\"heading.default\">\n\t\t\t\t\t<h3 class=\"elementor-heading-title elementor-size-default\">Tercer lunes de enero: D\u00eda de Martin Luther King<\/h3>\t\t\t\t<\/div>\n\t\t\t\t\t<\/div>\n\t\t\t\t<\/div>\n\t\t<div data-particle_enable=\"false\" data-particle-mobile-disabled=\"false\" class=\"elementor-element elementor-element-a77ce63 e-flex e-con-boxed e-con e-parent\" data-id=\"a77ce63\" data-element_type=\"container\" data-e-type=\"container\">\n\t\t\t\t\t<div class=\"e-con-inner\">\n\t\t\t\t<div class=\"elementor-element elementor-element-8f0efe7 elementor-widget elementor-widget-text-editor\" data-id=\"8f0efe7\" data-element_type=\"widget\" data-e-type=\"widget\" data-widget_type=\"text-editor.default\">\n\t\t\t\t\t\t\t\t\t<p>Se conmemora el legado de Martin Luther King, Jr. Su lucha fue velar por el fin de la desigualdad racial. En realidad, <b>se celebra el tercer lunes de enero<\/b> desde 1,983. El 15 de enero es la fecha de nacimiento de MLK Jr. Es por ello que la festividad se celebra cerca a su natalicio.<\/p>\t\t\t\t\t\t\t\t<\/div>\n\t\t\t\t\t<\/div>\n\t\t\t\t<\/div>\n\t\t<div data-particle_enable=\"false\" data-particle-mobile-disabled=\"false\" class=\"elementor-element elementor-element-1e2a855 e-flex e-con-boxed e-con e-parent\" data-id=\"1e2a855\" data-element_type=\"container\" data-e-type=\"container\">\n\t\t\t\t\t<div class=\"e-con-inner\">\n\t\t\t\t<div class=\"elementor-element elementor-element-1ca029c elementor-widget elementor-widget-image\" data-id=\"1ca029c\" data-element_type=\"widget\" data-e-type=\"widget\" data-widget_type=\"image.default\">\n\t\t\t\t\t\t\t\t\t\t\t\t\t\t\t<img decoding=\"async\" width=\"768\" height=\"512\" src=\"https:\/\/soymigrante.com\/revista\/wp-content\/uploads\/2024\/09\/Martin-Luther-King-USA-1024x683.webp\" class=\"attachment-large size-large wp-image-8717\" alt=\"L\u00e1mina con silueta de multitudes celebrando el D\u00eda de Martin Luther King, con s\u00edmbolos del pa\u00eds estadounidense y banderas, resaltando la historia y lucha por derechos civiles en EE.UU.\" srcset=\"https:\/\/soymigrante.com\/revista\/wp-content\/uploads\/2024\/09\/Martin-Luther-King-USA-1024x683.webp 1024w, https:\/\/soymigrante.com\/revista\/wp-content\/uploads\/2024\/09\/Martin-Luther-King-USA-300x200.webp 300w, https:\/\/soymigrante.com\/revista\/wp-content\/uploads\/2024\/09\/Martin-Luther-King-USA-768x512.webp 768w, https:\/\/soymigrante.com\/revista\/wp-content\/uploads\/2024\/09\/Martin-Luther-King-USA-1536x1024.webp 1536w, https:\/\/soymigrante.com\/revista\/wp-content\/uploads\/2024\/09\/Martin-Luther-King-USA-scaled.webp 1920w, https:\/\/soymigrante.com\/revista\/wp-content\/uploads\/2024\/09\/Martin-Luther-King-USA-750x500.webp 750w, https:\/\/soymigrante.com\/revista\/wp-content\/uploads\/2024\/09\/Martin-Luther-King-USA-1140x760.jpg 1140w\" sizes=\"(max-width: 768px) 100vw, 768px\" title=\"Martin Luther King USA \u2013 SoyMigrante.com REVISTA\" \/>\t\t\t\t\t\t\t\t\t\t\t\t\t\t\t<\/div>\n\t\t\t\t\t<\/div>\n\t\t\t\t<\/div>\n\t\t<div data-particle_enable=\"false\" data-particle-mobile-disabled=\"false\" class=\"elementor-element elementor-element-b6adb81 e-flex e-con-boxed e-con e-parent\" data-id=\"b6adb81\" data-element_type=\"container\" data-e-type=\"container\">\n\t\t\t\t\t<div class=\"e-con-inner\">\n\t\t\t\t<div class=\"elementor-element elementor-element-127ce72 elementor-widget elementor-widget-heading\" data-id=\"127ce72\" data-element_type=\"widget\" data-e-type=\"widget\" data-widget_type=\"heading.default\">\n\t\t\t\t\t<h3 class=\"elementor-heading-title elementor-size-default\">Tercer lunes de febrero: D\u00eda de los Presidentes<\/h3>\t\t\t\t<\/div>\n\t\t\t\t\t<\/div>\n\t\t\t\t<\/div>\n\t\t<div data-particle_enable=\"false\" data-particle-mobile-disabled=\"false\" class=\"elementor-element elementor-element-742801a e-flex e-con-boxed e-con e-parent\" data-id=\"742801a\" data-element_type=\"container\" data-e-type=\"container\">\n\t\t\t\t\t<div class=\"e-con-inner\">\n\t\t\t\t<div class=\"elementor-element elementor-element-c0a6c20 elementor-widget elementor-widget-text-editor\" data-id=\"c0a6c20\" data-element_type=\"widget\" data-e-type=\"widget\" data-widget_type=\"text-editor.default\">\n\t\t\t\t\t\t\t\t\t<p>Este es un feriado federal que se da desde 1,885. Se conmemora <strong>el tercer lunes de febrero.\u00a0<\/strong>Este d\u00eda surgi\u00f3 en conmemoraci\u00f3n del natalicio del entonces presidente de EE. UU., George Washington, pero desde 1,771 se conmemora en ese d\u00eda a los presidentes estadounidenses.<\/p>\t\t\t\t\t\t\t\t<\/div>\n\t\t\t\t\t<\/div>\n\t\t\t\t<\/div>\n\t\t<div data-particle_enable=\"false\" data-particle-mobile-disabled=\"false\" class=\"elementor-element elementor-element-f20ad87 e-flex e-con-boxed e-con e-parent\" data-id=\"f20ad87\" data-element_type=\"container\" data-e-type=\"container\">\n\t\t\t\t\t<div class=\"e-con-inner\">\n\t\t\t\t<div class=\"elementor-element elementor-element-566029f elementor-widget elementor-widget-image\" data-id=\"566029f\" data-element_type=\"widget\" data-e-type=\"widget\" data-widget_type=\"image.default\">\n\t\t\t\t\t\t\t\t\t\t\t\t\t\t\t<img decoding=\"async\" width=\"768\" height=\"512\" src=\"https:\/\/soymigrante.com\/revista\/wp-content\/uploads\/2024\/09\/Dia-de-los-Presidentes-USA-1024x683.webp\" class=\"attachment-large size-large wp-image-8716\" alt=\"Celebraci\u00f3n del D\u00eda de los Presidentes en EE.UU. con ilustraci\u00f3n de figuras emblem\u00e1ticas, bandera y confeti, destacando la importancia del liderazgo en la historia estadounidense.\" srcset=\"https:\/\/soymigrante.com\/revista\/wp-content\/uploads\/2024\/09\/Dia-de-los-Presidentes-USA-1024x683.webp 1024w, https:\/\/soymigrante.com\/revista\/wp-content\/uploads\/2024\/09\/Dia-de-los-Presidentes-USA-300x200.webp 300w, https:\/\/soymigrante.com\/revista\/wp-content\/uploads\/2024\/09\/Dia-de-los-Presidentes-USA-768x512.webp 768w, https:\/\/soymigrante.com\/revista\/wp-content\/uploads\/2024\/09\/Dia-de-los-Presidentes-USA-1536x1024.webp 1536w, https:\/\/soymigrante.com\/revista\/wp-content\/uploads\/2024\/09\/Dia-de-los-Presidentes-USA-scaled.webp 1920w, https:\/\/soymigrante.com\/revista\/wp-content\/uploads\/2024\/09\/Dia-de-los-Presidentes-USA-750x500.webp 750w, https:\/\/soymigrante.com\/revista\/wp-content\/uploads\/2024\/09\/Dia-de-los-Presidentes-USA-1140x760.jpg 1140w\" sizes=\"(max-width: 768px) 100vw, 768px\" title=\"D\u00eda de los Presidentes USA \u2013 SoyMigrante.com REVISTA\" \/>\t\t\t\t\t\t\t\t\t\t\t\t\t\t\t<\/div>\n\t\t\t\t\t<\/div>\n\t\t\t\t<\/div>\n\t\t<div data-particle_enable=\"false\" data-particle-mobile-disabled=\"false\" class=\"elementor-element elementor-element-46e7fc6 e-flex e-con-boxed e-con e-parent\" data-id=\"46e7fc6\" data-element_type=\"container\" data-e-type=\"container\">\n\t\t\t\t\t<div class=\"e-con-inner\">\n\t\t\t\t<div class=\"elementor-element elementor-element-2ca88fb elementor-widget elementor-widget-heading\" data-id=\"2ca88fb\" data-element_type=\"widget\" data-e-type=\"widget\" data-widget_type=\"heading.default\">\n\t\t\t\t\t<h3 class=\"elementor-heading-title elementor-size-default\">\u00daltimo lunes de mayo: Conmemoraci\u00f3n de los Ca\u00eddos<\/h3>\t\t\t\t<\/div>\n\t\t\t\t\t<\/div>\n\t\t\t\t<\/div>\n\t\t<div data-particle_enable=\"false\" data-particle-mobile-disabled=\"false\" class=\"elementor-element elementor-element-502c2b9 e-flex e-con-boxed e-con e-parent\" data-id=\"502c2b9\" data-element_type=\"container\" data-e-type=\"container\">\n\t\t\t\t\t<div class=\"e-con-inner\">\n\t\t\t\t<div class=\"elementor-element elementor-element-95d7ac7 elementor-widget elementor-widget-text-editor\" data-id=\"95d7ac7\" data-element_type=\"widget\" data-e-type=\"widget\" data-widget_type=\"text-editor.default\">\n\t\t\t\t\t\t\t\t\t<p>Desde 1,971, este se celebra <b>cada \u00faltimo lunes de mayo<\/b>. Antes de la Primera Guerra Mundial, este d\u00eda se honraba la memoria de quienes murieron en la Guerra Civil, pero despu\u00e9s de a partir de la primera se conmemora a quienes han muerto en servicio por su pa\u00eds. El Cementerio Nacional de Arlington,\u00a0<a href=\"https:\/\/soymigrante.com\/revista\/helados-sin-fronteras-y-mucho-mas-logran-los-migrantes-marleny-y-elias\/\" target=\"_blank\" rel=\"noopener\">Virginia<\/a>, es el escenario oficial para conmemorar este d\u00eda. Y ese d\u00eda (Memorial Day) a las 15 horas se hace un minuto de silencio.<\/p>\t\t\t\t\t\t\t\t<\/div>\n\t\t\t\t\t<\/div>\n\t\t\t\t<\/div>\n\t\t<div data-particle_enable=\"false\" data-particle-mobile-disabled=\"false\" class=\"elementor-element elementor-element-8c4fc8c e-flex e-con-boxed e-con e-parent\" data-id=\"8c4fc8c\" data-element_type=\"container\" data-e-type=\"container\">\n\t\t\t\t\t<div class=\"e-con-inner\">\n\t\t\t\t<div class=\"elementor-element elementor-element-dd1810c elementor-widget elementor-widget-image\" data-id=\"dd1810c\" data-element_type=\"widget\" data-e-type=\"widget\" data-widget_type=\"image.default\">\n\t\t\t\t\t\t\t\t\t\t\t\t\t\t\t<img loading=\"lazy\" decoding=\"async\" width=\"768\" height=\"512\" src=\"https:\/\/soymigrante.com\/revista\/wp-content\/uploads\/2024\/09\/Memorial-Day-USA-1024x683.webp\" class=\"attachment-large size-large wp-image-8714\" alt=\"Flor y tumba con flores rojas, blancas y azules en un cementerio, en conmemoraci\u00f3n y homenaje a migrantes fallecidos en su camino.\" srcset=\"https:\/\/soymigrante.com\/revista\/wp-content\/uploads\/2024\/09\/Memorial-Day-USA-1024x683.webp 1024w, https:\/\/soymigrante.com\/revista\/wp-content\/uploads\/2024\/09\/Memorial-Day-USA-300x200.webp 300w, https:\/\/soymigrante.com\/revista\/wp-content\/uploads\/2024\/09\/Memorial-Day-USA-768x512.webp 768w, https:\/\/soymigrante.com\/revista\/wp-content\/uploads\/2024\/09\/Memorial-Day-USA-1536x1024.webp 1536w, https:\/\/soymigrante.com\/revista\/wp-content\/uploads\/2024\/09\/Memorial-Day-USA-scaled.webp 1920w, https:\/\/soymigrante.com\/revista\/wp-content\/uploads\/2024\/09\/Memorial-Day-USA-750x500.webp 750w, https:\/\/soymigrante.com\/revista\/wp-content\/uploads\/2024\/09\/Memorial-Day-USA-1140x760.webp 1140w\" sizes=\"(max-width: 768px) 100vw, 768px\" title=\"Memorial Day USA \u2013 SoyMigrante.com REVISTA\" \/>\t\t\t\t\t\t\t\t\t\t\t\t\t\t\t<\/div>\n\t\t\t\t\t<\/div>\n\t\t\t\t<\/div>\n\t\t<div data-particle_enable=\"false\" data-particle-mobile-disabled=\"false\" class=\"elementor-element elementor-element-6757451 e-flex e-con-boxed e-con e-parent\" data-id=\"6757451\" data-element_type=\"container\" data-e-type=\"container\">\n\t\t\t\t\t<div class=\"e-con-inner\">\n\t\t\t\t<div class=\"elementor-element elementor-element-97ae726 elementor-widget elementor-widget-heading\" data-id=\"97ae726\" data-element_type=\"widget\" data-e-type=\"widget\" data-widget_type=\"heading.default\">\n\t\t\t\t\t<h3 class=\"elementor-heading-title elementor-size-default\">19 de junio, D\u00eda de la Liberaci\u00f3n (Juneteenth)<\/h3>\t\t\t\t<\/div>\n\t\t\t\t\t<\/div>\n\t\t\t\t<\/div>\n\t\t<div data-particle_enable=\"false\" data-particle-mobile-disabled=\"false\" class=\"elementor-element elementor-element-626b2a6 e-flex e-con-boxed e-con e-parent\" data-id=\"626b2a6\" data-element_type=\"container\" data-e-type=\"container\">\n\t\t\t\t\t<div class=\"e-con-inner\">\n\t\t\t\t<div class=\"elementor-element elementor-element-1c64f5a elementor-widget elementor-widget-text-editor\" data-id=\"1c64f5a\" data-element_type=\"widget\" data-e-type=\"widget\" data-widget_type=\"text-editor.default\">\n\t\t\t\t\t\t\t\t\t<p>Juneteenth proviene de June: junio y de nineteenth: 19, se conmemora el fin de la esclavitud. Si este d\u00eda cae fin de semana se corre o adelante para un d\u00eda h\u00e1bil. Fue Abraham Lincoln quien decret\u00f3 el fin de la esclavitud el 22 de septiembre de 1,862, durante la Guerra Civil.\u00a0<a href=\"https:\/\/soymigrante.com\/revista\/historia-migrante-juan-guarcas-quiche-chef-exitoso-restaurant-texas\/\" target=\"_blank\" rel=\"noopener\">Texas<\/a>\u00a0fue el \u00fanico estado, en ese entonces, que ignor\u00f3 la proclamaci\u00f3n. Tres a\u00f1os despu\u00e9s un general lleg\u00f3 para informar a la poblaci\u00f3n de esa medida, para hacer respetar la medida.<\/p>\t\t\t\t\t\t\t\t<\/div>\n\t\t\t\t\t<\/div>\n\t\t\t\t<\/div>\n\t\t<div data-particle_enable=\"false\" data-particle-mobile-disabled=\"false\" class=\"elementor-element elementor-element-71e77cf e-flex e-con-boxed e-con e-parent\" data-id=\"71e77cf\" data-element_type=\"container\" data-e-type=\"container\">\n\t\t\t\t\t<div class=\"e-con-inner\">\n\t\t\t\t<div class=\"elementor-element elementor-element-184397f elementor-widget elementor-widget-image\" data-id=\"184397f\" data-element_type=\"widget\" data-e-type=\"widget\" data-widget_type=\"image.default\">\n\t\t\t\t\t\t\t\t\t\t\t\t\t\t\t<img loading=\"lazy\" decoding=\"async\" width=\"768\" height=\"512\" src=\"https:\/\/soymigrante.com\/revista\/wp-content\/uploads\/2024\/09\/Juneteenth-1024x683.webp\" class=\"attachment-large size-large wp-image-8720\" alt=\"J\u00f3venes celebrando el D\u00eda de Juneteenth, con pancartas y actitud de protesta, en un dise\u00f1o gr\u00e1fico con colores vibrantes, destacando la importancia del mes de junio para la comunidad afroamericana y la historia de derechos civiles.\" srcset=\"https:\/\/soymigrante.com\/revista\/wp-content\/uploads\/2024\/09\/Juneteenth-1024x683.webp 1024w, https:\/\/soymigrante.com\/revista\/wp-content\/uploads\/2024\/09\/Juneteenth-300x200.webp 300w, https:\/\/soymigrante.com\/revista\/wp-content\/uploads\/2024\/09\/Juneteenth-768x512.webp 768w, https:\/\/soymigrante.com\/revista\/wp-content\/uploads\/2024\/09\/Juneteenth-1536x1024.webp 1536w, https:\/\/soymigrante.com\/revista\/wp-content\/uploads\/2024\/09\/Juneteenth-scaled.webp 1920w, https:\/\/soymigrante.com\/revista\/wp-content\/uploads\/2024\/09\/Juneteenth-750x500.webp 750w, https:\/\/soymigrante.com\/revista\/wp-content\/uploads\/2024\/09\/Juneteenth-1140x760.webp 1140w\" sizes=\"(max-width: 768px) 100vw, 768px\" title=\"Juneteenth \u2013 SoyMigrante.com REVISTA\" \/>\t\t\t\t\t\t\t\t\t\t\t\t\t\t\t<\/div>\n\t\t\t\t\t<\/div>\n\t\t\t\t<\/div>\n\t\t<div data-particle_enable=\"false\" data-particle-mobile-disabled=\"false\" class=\"elementor-element elementor-element-8973243 e-flex e-con-boxed e-con e-parent\" data-id=\"8973243\" data-element_type=\"container\" data-e-type=\"container\">\n\t\t\t\t\t<div class=\"e-con-inner\">\n\t\t\t\t<div class=\"elementor-element elementor-element-94ff4c4 elementor-widget elementor-widget-heading\" data-id=\"94ff4c4\" data-element_type=\"widget\" data-e-type=\"widget\" data-widget_type=\"heading.default\">\n\t\t\t\t\t<h3 class=\"elementor-heading-title elementor-size-default\">4 de julio, D\u00eda de la Independencia<\/h3>\t\t\t\t<\/div>\n\t\t\t\t\t<\/div>\n\t\t\t\t<\/div>\n\t\t<div data-particle_enable=\"false\" data-particle-mobile-disabled=\"false\" class=\"elementor-element elementor-element-1058a74 e-flex e-con-boxed e-con e-parent\" data-id=\"1058a74\" data-element_type=\"container\" data-e-type=\"container\">\n\t\t\t\t\t<div class=\"e-con-inner\">\n\t\t\t\t<div class=\"elementor-element elementor-element-5aff350 elementor-widget elementor-widget-text-editor\" data-id=\"5aff350\" data-element_type=\"widget\" data-e-type=\"widget\" data-widget_type=\"text-editor.default\">\n\t\t\t\t\t\t\t\t\t<p>Este feriado federal fue ratificado el 28 de junio de 1,870. Estados Unidos estuvo dividido por 13 colonias bajo el poder de Gran Breta\u00f1a, pero\u00a0<a href=\"https:\/\/soymigrante.com\/revista\/los-migrantes-tambien-pueden-vivir-un-feliz-4-de-julio\/\" target=\"_blank\" rel=\"noopener\">el 4 de julio<\/a>\u00a0de 1,776 estas firmaron la Declaraci\u00f3n de Independencia y Estados Unidos pas\u00f3 a ser un pa\u00eds independiente. As\u00ed que es tradici\u00f3n celebrar el d\u00eda en familia acompa\u00f1ado de una buena barbacoa.<\/p>\t\t\t\t\t\t\t\t<\/div>\n\t\t\t\t\t<\/div>\n\t\t\t\t<\/div>\n\t\t<div data-particle_enable=\"false\" data-particle-mobile-disabled=\"false\" class=\"elementor-element elementor-element-c96dd68 e-flex e-con-boxed e-con e-parent\" data-id=\"c96dd68\" data-element_type=\"container\" data-e-type=\"container\">\n\t\t\t\t\t<div class=\"e-con-inner\">\n\t\t\t\t<div class=\"elementor-element elementor-element-156fa3f elementor-widget elementor-widget-image\" data-id=\"156fa3f\" data-element_type=\"widget\" data-e-type=\"widget\" data-widget_type=\"image.default\">\n\t\t\t\t\t\t\t\t\t\t\t\t\t\t\t<img loading=\"lazy\" decoding=\"async\" width=\"768\" height=\"512\" src=\"https:\/\/soymigrante.com\/revista\/wp-content\/uploads\/2024\/09\/Dia-de-Independencia-USA2-1024x683.webp\" class=\"attachment-large size-large wp-image-8719\" alt=\"Espect\u00e1culo de fuegos artificiales en la noche de A\u00f1o Nuevo en Nueva York con la bandera de Estados Unidos ondeando en primer plano, celebraci\u00f3n y patriotismo.\" srcset=\"https:\/\/soymigrante.com\/revista\/wp-content\/uploads\/2024\/09\/Dia-de-Independencia-USA2-1024x683.webp 1024w, https:\/\/soymigrante.com\/revista\/wp-content\/uploads\/2024\/09\/Dia-de-Independencia-USA2-300x200.webp 300w, https:\/\/soymigrante.com\/revista\/wp-content\/uploads\/2024\/09\/Dia-de-Independencia-USA2-768x512.webp 768w, https:\/\/soymigrante.com\/revista\/wp-content\/uploads\/2024\/09\/Dia-de-Independencia-USA2-1536x1024.webp 1536w, https:\/\/soymigrante.com\/revista\/wp-content\/uploads\/2024\/09\/Dia-de-Independencia-USA2-scaled.webp 1920w, https:\/\/soymigrante.com\/revista\/wp-content\/uploads\/2024\/09\/Dia-de-Independencia-USA2-750x500.webp 750w, https:\/\/soymigrante.com\/revista\/wp-content\/uploads\/2024\/09\/Dia-de-Independencia-USA2-1140x760.webp 1140w\" sizes=\"(max-width: 768px) 100vw, 768px\" title=\"D\u00eda de Independencia USA2 \u2013 SoyMigrante.com REVISTA\" \/>\t\t\t\t\t\t\t\t\t\t\t\t\t\t\t<\/div>\n\t\t\t\t\t<\/div>\n\t\t\t\t<\/div>\n\t\t<div data-particle_enable=\"false\" data-particle-mobile-disabled=\"false\" class=\"elementor-element elementor-element-691b7ad e-flex e-con-boxed e-con e-parent\" data-id=\"691b7ad\" data-element_type=\"container\" data-e-type=\"container\">\n\t\t\t\t\t<div class=\"e-con-inner\">\n\t\t\t\t<div class=\"elementor-element elementor-element-c0f59d6 elementor-widget elementor-widget-heading\" data-id=\"c0f59d6\" data-element_type=\"widget\" data-e-type=\"widget\" data-widget_type=\"heading.default\">\n\t\t\t\t\t<h3 class=\"elementor-heading-title elementor-size-default\">2 de septiembre, D\u00eda del Trabajo <\/h3>\t\t\t\t<\/div>\n\t\t\t\t\t<\/div>\n\t\t\t\t<\/div>\n\t\t<div data-particle_enable=\"false\" data-particle-mobile-disabled=\"false\" class=\"elementor-element elementor-element-5ccdb50 e-flex e-con-boxed e-con e-parent\" data-id=\"5ccdb50\" data-element_type=\"container\" data-e-type=\"container\">\n\t\t\t\t\t<div class=\"e-con-inner\">\n\t\t\t\t<div class=\"elementor-element elementor-element-90544f5 elementor-widget elementor-widget-text-editor\" data-id=\"90544f5\" data-element_type=\"widget\" data-e-type=\"widget\" data-widget_type=\"text-editor.default\">\n\t\t\t\t\t\t\t\t\t<p>Los primeros sindicatos estadounidenses propusieron en 1,882 crear un feriado para reconocer la fuerza laboral. En 1,894, el Congreso de EE. UU. decreta que cada primer lunes de septiembre sea feriado federal y as\u00ed dignificar al trabajador en ese pa\u00eds.<\/p><p>\u00a0<\/p>\t\t\t\t\t\t\t\t<\/div>\n\t\t\t\t\t<\/div>\n\t\t\t\t<\/div>\n\t\t<div data-particle_enable=\"false\" data-particle-mobile-disabled=\"false\" class=\"elementor-element elementor-element-35358ce e-flex e-con-boxed e-con e-parent\" data-id=\"35358ce\" data-element_type=\"container\" data-e-type=\"container\">\n\t\t\t\t\t<div class=\"e-con-inner\">\n\t\t\t\t<div class=\"elementor-element elementor-element-78deae8 elementor-widget elementor-widget-image\" data-id=\"78deae8\" data-element_type=\"widget\" data-e-type=\"widget\" data-widget_type=\"image.default\">\n\t\t\t\t\t\t\t\t\t\t\t\t\t\t\t<img loading=\"lazy\" decoding=\"async\" width=\"768\" height=\"512\" src=\"https:\/\/soymigrante.com\/revista\/wp-content\/uploads\/2024\/09\/Dia-laboral-usa-1024x683.webp\" class=\"attachment-large size-large wp-image-8713\" alt=\"Trabajador y trabajadora con casco y guantes en celebraci\u00f3n del D\u00eda del Trabajo con banderas de Estados Unidos en fondo urbano.\" srcset=\"https:\/\/soymigrante.com\/revista\/wp-content\/uploads\/2024\/09\/Dia-laboral-usa-1024x683.webp 1024w, https:\/\/soymigrante.com\/revista\/wp-content\/uploads\/2024\/09\/Dia-laboral-usa-300x200.webp 300w, https:\/\/soymigrante.com\/revista\/wp-content\/uploads\/2024\/09\/Dia-laboral-usa-768x512.webp 768w, https:\/\/soymigrante.com\/revista\/wp-content\/uploads\/2024\/09\/Dia-laboral-usa-1536x1024.webp 1536w, https:\/\/soymigrante.com\/revista\/wp-content\/uploads\/2024\/09\/Dia-laboral-usa-scaled.webp 1920w, https:\/\/soymigrante.com\/revista\/wp-content\/uploads\/2024\/09\/Dia-laboral-usa-750x500.webp 750w, https:\/\/soymigrante.com\/revista\/wp-content\/uploads\/2024\/09\/Dia-laboral-usa-1140x760.webp 1140w\" sizes=\"(max-width: 768px) 100vw, 768px\" title=\"D\u00eda laboral usa \u2013 SoyMigrante.com REVISTA\" \/>\t\t\t\t\t\t\t\t\t\t\t\t\t\t\t<\/div>\n\t\t\t\t\t<\/div>\n\t\t\t\t<\/div>\n\t\t<div data-particle_enable=\"false\" data-particle-mobile-disabled=\"false\" class=\"elementor-element elementor-element-ab9e7eb e-flex e-con-boxed e-con e-parent\" data-id=\"ab9e7eb\" data-element_type=\"container\" data-e-type=\"container\">\n\t\t\t\t\t<div class=\"e-con-inner\">\n\t\t\t\t<div class=\"elementor-element elementor-element-6063dd8 elementor-widget elementor-widget-heading\" data-id=\"6063dd8\" data-element_type=\"widget\" data-e-type=\"widget\" data-widget_type=\"heading.default\">\n\t\t\t\t\t<h3 class=\"elementor-heading-title elementor-size-default\">14 de octubre, Columbus Day<\/h3>\t\t\t\t<\/div>\n\t\t\t\t\t<\/div>\n\t\t\t\t<\/div>\n\t\t<div data-particle_enable=\"false\" data-particle-mobile-disabled=\"false\" class=\"elementor-element elementor-element-a90ef38 e-flex e-con-boxed e-con e-parent\" data-id=\"a90ef38\" data-element_type=\"container\" data-e-type=\"container\">\n\t\t\t\t\t<div class=\"e-con-inner\">\n\t\t\t\t<div class=\"elementor-element elementor-element-e194834 elementor-widget elementor-widget-text-editor\" data-id=\"e194834\" data-element_type=\"widget\" data-e-type=\"widget\" data-widget_type=\"text-editor.default\">\n\t\t\t\t\t\t\t\t\t<p>En el D\u00eda de la Raza, Estados Unidos conmemora la llegada de Crist\u00f3bal Col\u00f3n a la isla de San Salvador en las Bahamas, actualmente isla de Watling. Aunque en muchos otros pa\u00edses de Am\u00e9rica se celebra cada 12 de octubre.<\/p>\t\t\t\t\t\t\t\t<\/div>\n\t\t\t\t\t<\/div>\n\t\t\t\t<\/div>\n\t\t<div data-particle_enable=\"false\" data-particle-mobile-disabled=\"false\" class=\"elementor-element elementor-element-2db0448 e-flex e-con-boxed e-con e-parent\" data-id=\"2db0448\" data-element_type=\"container\" data-e-type=\"container\">\n\t\t\t\t\t<div class=\"e-con-inner\">\n\t\t\t\t<div class=\"elementor-element elementor-element-a7eb8aa elementor-widget elementor-widget-image\" data-id=\"a7eb8aa\" data-element_type=\"widget\" data-e-type=\"widget\" data-widget_type=\"image.default\">\n\t\t\t\t\t\t\t\t\t\t\t\t\t\t\t<img loading=\"lazy\" decoding=\"async\" width=\"768\" height=\"512\" src=\"https:\/\/soymigrante.com\/revista\/wp-content\/uploads\/2024\/09\/Dia-de-la-Raza-USA-1024x683.webp\" class=\"attachment-large size-large wp-image-8712\" alt=\"Barcos hist\u00f3ricos con banderas de EE.UU. y Europa en una ilustraci\u00f3n para conmemorar Columbus Day, celebraci\u00f3n de la historia y cultura de los inmigrantes en Estados Unidos.\" srcset=\"https:\/\/soymigrante.com\/revista\/wp-content\/uploads\/2024\/09\/Dia-de-la-Raza-USA-1024x683.webp 1024w, https:\/\/soymigrante.com\/revista\/wp-content\/uploads\/2024\/09\/Dia-de-la-Raza-USA-300x200.webp 300w, https:\/\/soymigrante.com\/revista\/wp-content\/uploads\/2024\/09\/Dia-de-la-Raza-USA-768x512.webp 768w, https:\/\/soymigrante.com\/revista\/wp-content\/uploads\/2024\/09\/Dia-de-la-Raza-USA-1536x1024.webp 1536w, https:\/\/soymigrante.com\/revista\/wp-content\/uploads\/2024\/09\/Dia-de-la-Raza-USA-scaled.webp 1920w, https:\/\/soymigrante.com\/revista\/wp-content\/uploads\/2024\/09\/Dia-de-la-Raza-USA-750x500.webp 750w, https:\/\/soymigrante.com\/revista\/wp-content\/uploads\/2024\/09\/Dia-de-la-Raza-USA-1140x760.webp 1140w\" sizes=\"(max-width: 768px) 100vw, 768px\" title=\"D\u00eda de la Raza USA \u2013 SoyMigrante.com REVISTA\" \/>\t\t\t\t\t\t\t\t\t\t\t\t\t\t\t<\/div>\n\t\t\t\t\t<\/div>\n\t\t\t\t<\/div>\n\t\t<div data-particle_enable=\"false\" data-particle-mobile-disabled=\"false\" class=\"elementor-element elementor-element-d20b9de e-flex e-con-boxed e-con e-parent\" data-id=\"d20b9de\" data-element_type=\"container\" data-e-type=\"container\">\n\t\t\t\t\t<div class=\"e-con-inner\">\n\t\t\t\t<div class=\"elementor-element elementor-element-9e33962 elementor-widget elementor-widget-heading\" data-id=\"9e33962\" data-element_type=\"widget\" data-e-type=\"widget\" data-widget_type=\"heading.default\">\n\t\t\t\t\t<h3 class=\"elementor-heading-title elementor-size-default\">11 de noviembre, D\u00eda de los Veteranos<\/h3>\t\t\t\t<\/div>\n\t\t\t\t\t<\/div>\n\t\t\t\t<\/div>\n\t\t<div data-particle_enable=\"false\" data-particle-mobile-disabled=\"false\" class=\"elementor-element elementor-element-79cf737 e-flex e-con-boxed e-con e-parent\" data-id=\"79cf737\" data-element_type=\"container\" data-e-type=\"container\">\n\t\t\t\t\t<div class=\"e-con-inner\">\n\t\t\t\t<div class=\"elementor-element elementor-element-1a5ec88 elementor-widget elementor-widget-text-editor\" data-id=\"1a5ec88\" data-element_type=\"widget\" data-e-type=\"widget\" data-widget_type=\"text-editor.default\">\n\t\t\t\t\t\t\t\t\t<p>El 11 de noviembre de 1,919 fue declarado como el D\u00eda del Amisticio para rendir homenaje murieron en la Primera Guerra Mundial. Fue hasta 1938 que se declar\u00f3 d\u00eda de feriado federal. Y en 1,954 pas\u00f3 a llamarse D\u00eda de los Veteranos.<\/p>\t\t\t\t\t\t\t\t<\/div>\n\t\t\t\t\t<\/div>\n\t\t\t\t<\/div>\n\t\t<div data-particle_enable=\"false\" data-particle-mobile-disabled=\"false\" class=\"elementor-element elementor-element-4172507 e-flex e-con-boxed e-con e-parent\" data-id=\"4172507\" data-element_type=\"container\" data-e-type=\"container\">\n\t\t\t\t\t<div class=\"e-con-inner\">\n\t\t\t\t<div class=\"elementor-element elementor-element-036880d elementor-widget elementor-widget-image\" data-id=\"036880d\" data-element_type=\"widget\" data-e-type=\"widget\" data-widget_type=\"image.default\">\n\t\t\t\t\t\t\t\t\t\t\t\t\t\t\t<img loading=\"lazy\" decoding=\"async\" width=\"768\" height=\"768\" src=\"https:\/\/soymigrante.com\/revista\/wp-content\/uploads\/2024\/09\/Dia-del-Veterano-USA-1024x1024.webp\" class=\"attachment-large size-large wp-image-8711\" alt=\"H\u00e9roe militar en ceremonia con fondo tricolor en conmemoraci\u00f3n del D\u00eda de los Veteranos.\" srcset=\"https:\/\/soymigrante.com\/revista\/wp-content\/uploads\/2024\/09\/Dia-del-Veterano-USA-1024x1024.webp 1024w, https:\/\/soymigrante.com\/revista\/wp-content\/uploads\/2024\/09\/Dia-del-Veterano-USA-300x300.webp 300w, https:\/\/soymigrante.com\/revista\/wp-content\/uploads\/2024\/09\/Dia-del-Veterano-USA-150x150.webp 150w, https:\/\/soymigrante.com\/revista\/wp-content\/uploads\/2024\/09\/Dia-del-Veterano-USA-768x768.webp 768w, https:\/\/soymigrante.com\/revista\/wp-content\/uploads\/2024\/09\/Dia-del-Veterano-USA.webp 1920w\" sizes=\"(max-width: 768px) 100vw, 768px\" title=\"D\u00eda del Veterano USA \u2013 SoyMigrante.com REVISTA\" \/>\t\t\t\t\t\t\t\t\t\t\t\t\t\t\t<\/div>\n\t\t\t\t\t<\/div>\n\t\t\t\t<\/div>\n\t\t<div data-particle_enable=\"false\" data-particle-mobile-disabled=\"false\" class=\"elementor-element elementor-element-e2beb01 e-flex e-con-boxed e-con e-parent\" data-id=\"e2beb01\" data-element_type=\"container\" data-e-type=\"container\">\n\t\t\t\t\t<div class=\"e-con-inner\">\n\t\t\t\t<div class=\"elementor-element elementor-element-ecf0dff elementor-widget elementor-widget-heading\" data-id=\"ecf0dff\" data-element_type=\"widget\" data-e-type=\"widget\" data-widget_type=\"heading.default\">\n\t\t\t\t\t<h3 class=\"elementor-heading-title elementor-size-default\">D\u00eda de Acci\u00f3n de Gracias (Thanksgiving)<\/h3>\t\t\t\t<\/div>\n\t\t\t\t\t<\/div>\n\t\t\t\t<\/div>\n\t\t<div data-particle_enable=\"false\" data-particle-mobile-disabled=\"false\" class=\"elementor-element elementor-element-229d645 e-flex e-con-boxed e-con e-parent\" data-id=\"229d645\" data-element_type=\"container\" data-e-type=\"container\">\n\t\t\t\t\t<div class=\"e-con-inner\">\n\t\t\t\t<div class=\"elementor-element elementor-element-9f94ed9 elementor-widget elementor-widget-text-editor\" data-id=\"9f94ed9\" data-element_type=\"widget\" data-e-type=\"widget\" data-widget_type=\"text-editor.default\">\n\t\t\t\t\t\t\t\t\t<p>Esta festividad tiene su origen en la celebraci\u00f3n que los colonos ingleses mantuvieron durante tres d\u00edas con nativos en\u00a0<a href=\"https:\/\/soymigrante.com\/revista\/licencia-conducir-migrantes-massachussets\/\" target=\"_blank\" rel=\"noopener\">Massachusetts<\/a>, para agradecer por la primera cosecha. De los colonos que hab\u00edan llegado en 1,620 en el barco <em>Mayflower<\/em>, solo la mitad sobrevivi\u00f3 al primer invierno. Al a\u00f1o siguiente gracias a esa cosecha decidieron agradecer compartiendo pavo, calabaza y frutas secas.\u00a0<\/p><p>En 1,789 fue declarada fecha nacional el D\u00eda de Acci\u00f3n de Gracias, durante el gobierno de George Washington. Fue hasta 1941, que el Congreso decret\u00f3 que <strong>cada cuarto jueves de noviembre<\/strong> se considerara feriado federal.<\/p>\t\t\t\t\t\t\t\t<\/div>\n\t\t\t\t\t<\/div>\n\t\t\t\t<\/div>\n\t\t<div data-particle_enable=\"false\" data-particle-mobile-disabled=\"false\" class=\"elementor-element elementor-element-d194235 e-flex e-con-boxed e-con e-parent\" data-id=\"d194235\" data-element_type=\"container\" data-e-type=\"container\">\n\t\t\t\t\t<div class=\"e-con-inner\">\n\t\t\t\t<div class=\"elementor-element elementor-element-1eff4a1 elementor-widget elementor-widget-image\" data-id=\"1eff4a1\" data-element_type=\"widget\" data-e-type=\"widget\" data-widget_type=\"image.default\">\n\t\t\t\t\t\t\t\t\t\t\t\t\t\t\t<img loading=\"lazy\" decoding=\"async\" width=\"768\" height=\"389\" src=\"https:\/\/soymigrante.com\/revista\/wp-content\/uploads\/2024\/09\/thanksgiving-usa2.webp\" class=\"attachment-large size-large wp-image-8724\" alt=\"Panor\u00e1mica de celebraciones de Acci\u00f3n de Gracias con comidas tradicionales y decoraciones tem\u00e1ticas, resaltando gratitud y uni\u00f3n familiar, ideal para contenidos de Revista SoyMigrante.com.\" srcset=\"https:\/\/soymigrante.com\/revista\/wp-content\/uploads\/2024\/09\/thanksgiving-usa2.webp 900w, https:\/\/soymigrante.com\/revista\/wp-content\/uploads\/2024\/09\/thanksgiving-usa2-300x152.webp 300w, https:\/\/soymigrante.com\/revista\/wp-content\/uploads\/2024\/09\/thanksgiving-usa2-768x389.webp 768w, https:\/\/soymigrante.com\/revista\/wp-content\/uploads\/2024\/09\/thanksgiving-usa2-750x380.webp 750w\" sizes=\"(max-width: 768px) 100vw, 768px\" title=\"thanksgiving usa2 \u2013 SoyMigrante.com REVISTA\" \/>\t\t\t\t\t\t\t\t\t\t\t\t\t\t\t<\/div>\n\t\t\t\t\t<\/div>\n\t\t\t\t<\/div>\n\t\t<div data-particle_enable=\"false\" data-particle-mobile-disabled=\"false\" class=\"elementor-element elementor-element-1a6775e e-flex e-con-boxed e-con e-parent\" data-id=\"1a6775e\" data-element_type=\"container\" data-e-type=\"container\">\n\t\t\t\t\t<div class=\"e-con-inner\">\n\t\t\t\t<div class=\"elementor-element elementor-element-6b59ff7 elementor-widget elementor-widget-heading\" data-id=\"6b59ff7\" data-element_type=\"widget\" data-e-type=\"widget\" data-widget_type=\"heading.default\">\n\t\t\t\t\t<h3 class=\"elementor-heading-title elementor-size-default\">24 de diciembre, Navidad<\/h3>\t\t\t\t<\/div>\n\t\t\t\t\t<\/div>\n\t\t\t\t<\/div>\n\t\t<div data-particle_enable=\"false\" data-particle-mobile-disabled=\"false\" class=\"elementor-element elementor-element-6d7e1b9 e-flex e-con-boxed e-con e-parent\" data-id=\"6d7e1b9\" data-element_type=\"container\" data-e-type=\"container\">\n\t\t\t\t\t<div class=\"e-con-inner\">\n\t\t\t\t<div class=\"elementor-element elementor-element-58861b9 elementor-widget elementor-widget-text-editor\" data-id=\"58861b9\" data-element_type=\"widget\" data-e-type=\"widget\" data-widget_type=\"text-editor.default\">\n\t\t\t\t\t\t\t\t\t<p>Este d\u00eda no solamente se conmemora en Estados Unidos pero en este pa\u00eds es tradici\u00f3n comer pavo o jam\u00f3n en la noche de Navidad acompa\u00f1ado de pur\u00e9 y como bebida el ponche de huevos \u2013eggnog\u2013. Tambi\u00e9n se desprende la creencia de que Santa Claus llega a los hogares a dejar los juguetes para los ni\u00f1os y los regalos son abiertos la ma\u00f1ana del 25.<\/p>\t\t\t\t\t\t\t\t<\/div>\n\t\t\t\t\t<\/div>\n\t\t\t\t<\/div>\n\t\t<div data-particle_enable=\"false\" data-particle-mobile-disabled=\"false\" class=\"elementor-element elementor-element-dd7905a e-flex e-con-boxed e-con e-parent\" data-id=\"dd7905a\" data-element_type=\"container\" data-e-type=\"container\">\n\t\t\t\t\t<div class=\"e-con-inner\">\n\t\t\t\t<div class=\"elementor-element elementor-element-1bc9957 elementor-widget elementor-widget-image\" data-id=\"1bc9957\" data-element_type=\"widget\" data-e-type=\"widget\" data-widget_type=\"image.default\">\n\t\t\t\t\t\t\t\t\t\t\t\t\t\t\t<img loading=\"lazy\" decoding=\"async\" width=\"740\" height=\"740\" src=\"https:\/\/soymigrante.com\/revista\/wp-content\/uploads\/2024\/09\/navidad.webp\" class=\"attachment-large size-large wp-image-8726\" alt=\"Familia en Navidad con \u00e1rbol decorado, regalos y mu\u00f1eco de nieve en un escenario nevado, representando la celebraci\u00f3n navide\u00f1a y la uni\u00f3n familiar.\" srcset=\"https:\/\/soymigrante.com\/revista\/wp-content\/uploads\/2024\/09\/navidad.webp 740w, https:\/\/soymigrante.com\/revista\/wp-content\/uploads\/2024\/09\/navidad-300x300.webp 300w, https:\/\/soymigrante.com\/revista\/wp-content\/uploads\/2024\/09\/navidad-150x150.webp 150w, https:\/\/soymigrante.com\/revista\/wp-content\/uploads\/2024\/09\/navidad-75x75.webp 75w\" sizes=\"(max-width: 740px) 100vw, 740px\" title=\"navidad \u2013 SoyMigrante.com REVISTA\" \/>\t\t\t\t\t\t\t\t\t\t\t\t\t\t\t<\/div>\n\t\t\t\t\t<\/div>\n\t\t\t\t<\/div>\n\t\t<div data-particle_enable=\"false\" data-particle-mobile-disabled=\"false\" class=\"elementor-element elementor-element-0270db4 e-flex e-con-boxed e-con e-parent\" data-id=\"0270db4\" data-element_type=\"container\" data-e-type=\"container\">\n\t\t\t\t\t<div class=\"e-con-inner\">\n\t\t\t\t<div class=\"elementor-element elementor-element-d58954a elementor-widget elementor-widget-heading\" data-id=\"d58954a\" data-element_type=\"widget\" data-e-type=\"widget\" data-widget_type=\"heading.default\">\n\t\t\t\t\t<h3 class=\"elementor-heading-title elementor-size-default\">A\u00f1o de elecciones presidenciales<\/h3>\t\t\t\t<\/div>\n\t\t\t\t\t<\/div>\n\t\t\t\t<\/div>\n\t\t<div data-particle_enable=\"false\" data-particle-mobile-disabled=\"false\" class=\"elementor-element elementor-element-cfe583e e-flex e-con-boxed e-con e-parent\" data-id=\"cfe583e\" data-element_type=\"container\" data-e-type=\"container\">\n\t\t\t\t\t<div class=\"e-con-inner\">\n\t\t\t\t<div class=\"elementor-element elementor-element-5774c0f elementor-widget elementor-widget-text-editor\" data-id=\"5774c0f\" data-element_type=\"widget\" data-e-type=\"widget\" data-widget_type=\"text-editor.default\">\n\t\t\t\t\t\t\t\t\t<p><span style=\"font-family: Roboto, sans-serif;font-size: 16px;font-style: normal;font-weight: 400;color: var( --e-global-color-text );text-align: var(--text-align)\">Este a\u00f1o los estadounidenses celebrar\u00e1n elecciones el 5 de noviembre.<\/span><span style=\"font-family: Roboto, sans-serif;font-size: 16px;font-style: normal;font-weight: 400;color: var( --e-global-color-text );text-align: var(--text-align)\">\u00a0\u00a0<\/span><span style=\"color: var( --e-global-color-text );text-align: var(--text-align)\">Actualmente el Gobierno de EE. UU. no considera como feriado federal el D\u00eda de <a href=\"https:\/\/soymigrante.com\/revista\/elecciones-usa-posturas-tema-migratorio-democratas-republicanos\/\">Elecciones<\/a> Presidenciales. Sin embargo, 11 de los 50 estados s\u00ed lo toman como feriado, estos son:<\/span><\/p><ol><li>Delaware<\/li><li>llinois<\/li><li>Luisiana<\/li><li>Hawai<\/li><li>West Virginia<\/li><li>Kentucky<\/li><li>New Jersey<\/li><li>Ohio<\/li><li>Montana<\/li><li>Virginia<\/li><li>Nueva York\u00a0<\/li><\/ol><div>En el caso de Puerto Rico, este es considerado territorio estadounidense pero la poblaci\u00f3n boricua no vota ese d\u00eda.<\/div>\t\t\t\t\t\t\t\t<\/div>\n\t\t\t\t\t<\/div>\n\t\t\t\t<\/div>\n\t\t<div data-particle_enable=\"false\" data-particle-mobile-disabled=\"false\" class=\"elementor-element elementor-element-482a066 e-flex e-con-boxed e-con e-parent\" data-id=\"482a066\" data-element_type=\"container\" data-e-type=\"container\">\n\t\t\t\t\t<div class=\"e-con-inner\">\n\t\t\t\t<div class=\"elementor-element elementor-element-cb82c45 elementor-widget elementor-widget-heading\" data-id=\"cb82c45\" data-element_type=\"widget\" data-e-type=\"widget\" data-widget_type=\"heading.default\">\n\t\t\t\t\t<h3 class=\"elementor-heading-title elementor-size-default\">Lo que debes saber si vives en USA<\/h3>\t\t\t\t<\/div>\n\t\t\t\t\t<\/div>\n\t\t\t\t<\/div>\n\t\t<div data-particle_enable=\"false\" data-particle-mobile-disabled=\"false\" class=\"elementor-element elementor-element-4deb7d7 e-flex e-con-boxed e-con e-parent\" data-id=\"4deb7d7\" data-element_type=\"container\" data-e-type=\"container\">\n\t\t\t\t\t<div class=\"e-con-inner\">\n\t\t\t\t<div class=\"elementor-element elementor-element-5694064 elementor-grid-eael-col-3 elementor-grid-tablet-eael-col-2 elementor-grid-mobile-eael-col-1 elementor-widget elementor-widget-eael-post-grid\" data-id=\"5694064\" data-element_type=\"widget\" data-e-type=\"widget\" data-settings=\"{&quot;eael_post_grid_columns&quot;:&quot;eael-col-3&quot;,&quot;eael_post_grid_columns_tablet&quot;:&quot;eael-col-2&quot;,&quot;eael_post_grid_columns_mobile&quot;:&quot;eael-col-1&quot;}\" data-widget_type=\"eael-post-grid.default\">\n\t\t\t\t\t<div id=\"eael-post-grid-5694064\" class=\"eael-post-grid-container\">\n            <div class=\"eael-post-grid eael-post-appender eael-post-appender-5694064 eael-post-grid-style-one\" data-layout-mode=\"masonry\"><article class=\"eael-grid-post  eael-post-grid-column eael-pg-post-8058 category-bienestar\" data-id=\"8058\">\n        <div class=\"eael-grid-post-holder\">\n            <div class=\"eael-grid-post-holder-inner\"><div class=\"eael-entry-media\"><div class=\"eael-entry-overlay fade-in\"><i class=\"far fa-hand-pointer\" aria-hidden=\"true\"><\/i><a href=\"https:\/\/soymigrante.com\/revista\/datos-que-quiza-ya-sabias-o-tal-vez-no-de-las-autopistas-estatales-en-usa\/\"><\/a><\/div><div class=\"eael-entry-thumbnail \">\n                <img loading=\"lazy\" decoding=\"async\" width=\"1024\" height=\"1024\" src=\"https:\/\/soymigrante.com\/revista\/wp-content\/uploads\/2024\/08\/carreteras-americanas-soy-migrante-1024x1024.webp\" class=\"attachment-large size-large wp-image-8059\" alt=\"Bandera de EE.UU. ondeando en una autopista con ciudad en el fondo, s\u00edmbolo de migraci\u00f3n y cultura estadounidense, imagen representativa para la revista SoyMigrante.com REVISTA.\" srcset=\"https:\/\/soymigrante.com\/revista\/wp-content\/uploads\/2024\/08\/carreteras-americanas-soy-migrante-1024x1024.webp 1024w, https:\/\/soymigrante.com\/revista\/wp-content\/uploads\/2024\/08\/carreteras-americanas-soy-migrante-300x300.webp 300w, https:\/\/soymigrante.com\/revista\/wp-content\/uploads\/2024\/08\/carreteras-americanas-soy-migrante-150x150.webp 150w, https:\/\/soymigrante.com\/revista\/wp-content\/uploads\/2024\/08\/carreteras-americanas-soy-migrante-768x768.webp 768w, https:\/\/soymigrante.com\/revista\/wp-content\/uploads\/2024\/08\/carreteras-americanas-soy-migrante-1536x1536.webp 1536w, https:\/\/soymigrante.com\/revista\/wp-content\/uploads\/2024\/08\/carreteras-americanas-soy-migrante-scaled.webp 1920w, https:\/\/soymigrante.com\/revista\/wp-content\/uploads\/2024\/08\/carreteras-americanas-soy-migrante-75x75.webp 75w, https:\/\/soymigrante.com\/revista\/wp-content\/uploads\/2024\/08\/carreteras-americanas-soy-migrante-750x750.webp 750w, https:\/\/soymigrante.com\/revista\/wp-content\/uploads\/2024\/08\/carreteras-americanas-soy-migrante-1140x1140.webp 1140w\" sizes=\"(max-width: 1024px) 100vw, 1024px\" \/>\n            <\/div>\n        <\/div><div class=\"eael-entry-wrapper\"><header class=\"eael-entry-header\"><h2 class=\"eael-entry-title\"><a class=\"eael-grid-post-link\" href=\"https:\/\/soymigrante.com\/revista\/datos-que-quiza-ya-sabias-o-tal-vez-no-de-las-autopistas-estatales-en-usa\/\" title=\"Datos que quiz\u00e1 ya sab\u00edas (o tal vez no) de las autopistas estatales en USA\">Datos que quiz\u00e1 ya sab\u00edas (o tal vez no) de las autopistas estatales en USA<\/a><\/h2><\/header><div class=\"eael-entry-content\">\n                        <div class=\"eael-grid-post-excerpt\"><a href=\"https:\/\/soymigrante.com\/revista\/datos-que-quiza-ya-sabias-o-tal-vez-no-de-las-autopistas-estatales-en-usa\/\" class=\"eael-post-elements-readmore-btn\">CONOCE SU HISTORIA <\/a><\/div>\n                    <\/div><\/div><\/div>\n        <\/div>\n    <\/article><article class=\"eael-grid-post  eael-post-grid-column eael-pg-post-8160 category-guate-nuestra\" data-id=\"8160\">\n        <div class=\"eael-grid-post-holder\">\n            <div class=\"eael-grid-post-holder-inner\"><div class=\"eael-entry-media\"><div class=\"eael-entry-overlay fade-in\"><i class=\"far fa-hand-pointer\" aria-hidden=\"true\"><\/i><a href=\"https:\/\/soymigrante.com\/revista\/las-encomiendas-son-retacitos-de-guatemala-que-van-a-usa-sugerencias-para-envio\/\"><\/a><\/div><div class=\"eael-entry-thumbnail \">\n                <img loading=\"lazy\" decoding=\"async\" width=\"672\" height=\"672\" src=\"https:\/\/soymigrante.com\/revista\/wp-content\/uploads\/2024\/08\/encomiendas.webp\" class=\"attachment-large size-large wp-image-8244\" alt=\"Emprendedor preparando entrega de productos en un taller de empaquetado artesanal.\" srcset=\"https:\/\/soymigrante.com\/revista\/wp-content\/uploads\/2024\/08\/encomiendas.webp 672w, https:\/\/soymigrante.com\/revista\/wp-content\/uploads\/2024\/08\/encomiendas-300x300.webp 300w, https:\/\/soymigrante.com\/revista\/wp-content\/uploads\/2024\/08\/encomiendas-150x150.webp 150w, https:\/\/soymigrante.com\/revista\/wp-content\/uploads\/2024\/08\/encomiendas-75x75.webp 75w\" sizes=\"(max-width: 672px) 100vw, 672px\" \/>\n            <\/div>\n        <\/div><div class=\"eael-entry-wrapper\"><header class=\"eael-entry-header\"><h2 class=\"eael-entry-title\"><a class=\"eael-grid-post-link\" href=\"https:\/\/soymigrante.com\/revista\/las-encomiendas-son-retacitos-de-guatemala-que-van-a-usa-sugerencias-para-envio\/\" title=\"Las encomiendas son retacitos de Guatemala que van a USA: sugerencias para env\u00edo\">Las encomiendas son retacitos de Guatemala que van a USA: sugerencias para env\u00edo<\/a><\/h2><\/header><div class=\"eael-entry-content\">\n                        <div class=\"eael-grid-post-excerpt\"><a href=\"https:\/\/soymigrante.com\/revista\/las-encomiendas-son-retacitos-de-guatemala-que-van-a-usa-sugerencias-para-envio\/\" class=\"eael-post-elements-readmore-btn\">CONOCE SU HISTORIA <\/a><\/div>\n                    <\/div><\/div><\/div>\n        <\/div>\n    <\/article><article class=\"eael-grid-post  eael-post-grid-column eael-pg-post-6853 category-estamos-unidos\" data-id=\"6853\">\n        <div class=\"eael-grid-post-holder\">\n            <div class=\"eael-grid-post-holder-inner\"><div class=\"eael-entry-media\"><div class=\"eael-entry-overlay fade-in\"><i class=\"far fa-hand-pointer\" aria-hidden=\"true\"><\/i><a href=\"https:\/\/soymigrante.com\/revista\/pueblos-mayas-migrantes-fortalecen-su-identidad-en-usa\/\"><\/a><\/div><div class=\"eael-entry-thumbnail \">\n                <img loading=\"lazy\" decoding=\"async\" width=\"1024\" height=\"1024\" src=\"https:\/\/soymigrante.com\/revista\/wp-content\/uploads\/2024\/06\/308795749_3429886927300826_7022547667218469045_n-1024x1024.webp\" class=\"attachment-large size-large wp-image-6854\" alt=\"Ejemplo de hijas migrantes con vestimenta t\u00edpica durante una manifestaci\u00f3n en una calle de ciudad estadounidense.\" srcset=\"https:\/\/soymigrante.com\/revista\/wp-content\/uploads\/2024\/06\/308795749_3429886927300826_7022547667218469045_n-1024x1024.webp 1024w, https:\/\/soymigrante.com\/revista\/wp-content\/uploads\/2024\/06\/308795749_3429886927300826_7022547667218469045_n-300x300.webp 300w, https:\/\/soymigrante.com\/revista\/wp-content\/uploads\/2024\/06\/308795749_3429886927300826_7022547667218469045_n-150x150.webp 150w, https:\/\/soymigrante.com\/revista\/wp-content\/uploads\/2024\/06\/308795749_3429886927300826_7022547667218469045_n-768x768.webp 768w, https:\/\/soymigrante.com\/revista\/wp-content\/uploads\/2024\/06\/308795749_3429886927300826_7022547667218469045_n-75x75.webp 75w, https:\/\/soymigrante.com\/revista\/wp-content\/uploads\/2024\/06\/308795749_3429886927300826_7022547667218469045_n-750x750.webp 750w, https:\/\/soymigrante.com\/revista\/wp-content\/uploads\/2024\/06\/308795749_3429886927300826_7022547667218469045_n-1140x1140.webp 1140w, https:\/\/soymigrante.com\/revista\/wp-content\/uploads\/2024\/06\/308795749_3429886927300826_7022547667218469045_n.webp 1326w\" sizes=\"(max-width: 1024px) 100vw, 1024px\" \/>\n            <\/div>\n        <\/div><div class=\"eael-entry-wrapper\"><header class=\"eael-entry-header\"><h2 class=\"eael-entry-title\"><a class=\"eael-grid-post-link\" href=\"https:\/\/soymigrante.com\/revista\/pueblos-mayas-migrantes-fortalecen-su-identidad-en-usa\/\" title=\"Mapa refleja comunidades mayas migrantes en USA\">Mapa refleja comunidades mayas migrantes en USA<\/a><\/h2><\/header><div class=\"eael-entry-content\">\n                        <div class=\"eael-grid-post-excerpt\"><a href=\"https:\/\/soymigrante.com\/revista\/pueblos-mayas-migrantes-fortalecen-su-identidad-en-usa\/\" class=\"eael-post-elements-readmore-btn\">CONOCE SU HISTORIA <\/a><\/div>\n                    <\/div><\/div><\/div>\n        <\/div>\n    <\/article><\/div>\n            <div class=\"clearfix\"><\/div>\n        <\/div>\t\t\t\t<\/div>\n\t\t\t\t\t<\/div>\n\t\t\t\t<\/div>\n\t\t\t\t<\/div>\n\t\t","protected":false},"excerpt":{"rendered":"<p>A excepci\u00f3n del A\u00f1o Nuevo, las fechas de feriado en Estados Unidos pr\u00e1cticamente no coinciden con las de Guatemala. \u00bfQu\u00e9 d\u00edas se consideran de posible descanso o asueto a nivel nacional en la Uni\u00f3n Americana? Los d\u00edas reconocidos como feriados o conmemoraciones federales son de descanso obligatorio y remunerado en Estados Unidos.\u00a0 Muchos de estos [&hellip;]<\/p>\n","protected":false},"author":23,"featured_media":32236,"comment_status":"open","ping_status":"open","sticky":false,"template":"","format":"standard","meta":{"_acf_changed":false,"_eb_attr":"","footnotes":""},"categories":[54],"tags":[],"class_list":["post-8708","post","type-post","status-publish","format-standard","has-post-thumbnail","hentry","category-estamos-unidos"],"acf":[],"aioseo_notices":[],"aioseo_head":"\n\t\t<!-- All in One SEO Pro 4.9.6.2 - aioseo.com -->\n\t<meta name=\"description\" content=\"Los pueblos mayas de Guatemala se integran en ciudades y Estados de USA. Expertos explican esta fortaleza y persistencia cultural lejos de la tierra de origen.\" \/>\n\t<meta name=\"robots\" content=\"max-snippet:-1, max-image-preview:large, max-video-preview:-1\" \/>\n\t<meta name=\"author\" content=\"Gustavo Montenegro\"\/>\n\t<link rel=\"canonical\" href=\"https:\/\/soymigrante.com\/revista\/pueblos-mayas-migrantes-fortalecen-su-identidad-en-usa\/\" \/>\n\t<meta name=\"generator\" content=\"All in One SEO Pro (AIOSEO) 4.9.6.2\" \/>\n\n\t\t<link rel=\"preconnect\" href=\"https:\/\/fonts.googleapis.com\" crossorigin>\n<link rel=\"preconnect\" href=\"https:\/\/fonts.gstatic.com\" crossorigin>\n\t\t<meta property=\"og:locale\" content=\"es_ES\" \/>\n\t\t<meta property=\"og:site_name\" content=\"SoyMigrante.com REVISTA \u2013 Nuestra misi\u00f3n es reconocer y dignificar al migrante.\" \/>\n\t\t<meta property=\"og:type\" content=\"article\" \/>\n\t\t<meta property=\"og:title\" content=\"Mapa refleja comunidades mayas migrantes en USA\" \/>\n\t\t<meta property=\"og:description\" content=\"Los pueblos mayas de Guatemala se integran en ciudades y Estados de USA. Expertos explican esta fortaleza y persistencia cultural lejos de la tierra de origen.\" \/>\n\t\t<meta property=\"og:url\" content=\"https:\/\/soymigrante.com\/revista\/pueblos-mayas-migrantes-fortalecen-su-identidad-en-usa\/\" \/>\n\t\t<meta property=\"og:image\" content=\"https:\/\/soymigrante.com\/revista\/wp-content\/uploads\/2024\/06\/308795749_3429886927300826_7022547667218469045_n.webp\" \/>\n\t\t<meta property=\"og:image:secure_url\" content=\"https:\/\/soymigrante.com\/revista\/wp-content\/uploads\/2024\/06\/308795749_3429886927300826_7022547667218469045_n.webp\" \/>\n\t\t<meta property=\"og:image:width\" content=\"1326\" \/>\n\t\t<meta property=\"og:image:height\" content=\"1326\" \/>\n\t\t<meta property=\"article:published_time\" content=\"2024-06-14T02:54:24+00:00\" \/>\n\t\t<meta property=\"article:modified_time\" content=\"2024-11-01T11:54:03+00:00\" \/>\n\t\t<meta property=\"article:publisher\" content=\"https:\/\/www.facebook.com\/soymigrantecom\" \/>\n\t\t<meta name=\"twitter:card\" content=\"summary_large_image\" \/>\n\t\t<meta name=\"twitter:site\" content=\"@SoyMigrante_com\" \/>\n\t\t<meta name=\"twitter:title\" content=\"Mapa refleja comunidades mayas migrantes en USA\" \/>\n\t\t<meta name=\"twitter:description\" content=\"Los pueblos mayas de Guatemala se integran en ciudades y Estados de USA. Expertos explican esta fortaleza y persistencia cultural lejos de la tierra de origen.\" \/>\n\t\t<meta name=\"twitter:creator\" content=\"@SoyMigrante_com\" \/>\n\t\t<meta name=\"twitter:image\" content=\"https:\/\/soymigrante.com\/revista\/wp-content\/uploads\/2024\/06\/308795749_3429886927300826_7022547667218469045_n.webp\" \/>\n\t\t<!-- All in One SEO Pro -->\r\n\t\t<title>Mapa refleja comunidades mayas migrantes en USA<\/title>\n\n","aioseo_head_json":{"title":"Mapa refleja comunidades mayas migrantes en USA","description":"Los pueblos mayas de Guatemala se integran en ciudades y Estados de USA. Expertos explican esta fortaleza y persistencia cultural lejos de la tierra de origen.","canonical_url":"https:\/\/soymigrante.com\/revista\/pueblos-mayas-migrantes-fortalecen-su-identidad-en-usa\/","robots":"max-snippet:-1, max-image-preview:large, max-video-preview:-1","keywords":"","webmasterTools":{"miscellaneous":"&lt;link rel=\"preconnect\" href=\"https:\/\/fonts.googleapis.com\" crossorigin&gt;\n&lt;link rel=\"preconnect\" href=\"https:\/\/fonts.gstatic.com\" crossorigin&gt;"},"schema":null,"og:locale":"es_ES","og:site_name":"SoyMigrante.com REVISTA \u2013 Nuestra misi\u00f3n es reconocer y dignificar al migrante.","og:type":"article","og:title":"Mapa refleja comunidades mayas migrantes en USA","og:description":"Los pueblos mayas de Guatemala se integran en ciudades y Estados de USA. Expertos explican esta fortaleza y persistencia cultural lejos de la tierra de origen.","og:url":"https:\/\/soymigrante.com\/revista\/pueblos-mayas-migrantes-fortalecen-su-identidad-en-usa\/","og:image":"https:\/\/soymigrante.com\/revista\/wp-content\/uploads\/2024\/06\/308795749_3429886927300826_7022547667218469045_n.webp","og:image:secure_url":"https:\/\/soymigrante.com\/revista\/wp-content\/uploads\/2024\/06\/308795749_3429886927300826_7022547667218469045_n.webp","og:image:width":1326,"og:image:height":1326,"article:published_time":"2024-06-14T02:54:24+00:00","article:modified_time":"2024-11-01T11:54:03+00:00","article:publisher":"https:\/\/www.facebook.com\/soymigrantecom","twitter:card":"summary_large_image","twitter:site":"@SoyMigrante_com","twitter:title":"Mapa refleja comunidades mayas migrantes en USA","twitter:description":"Los pueblos mayas de Guatemala se integran en ciudades y Estados de USA. Expertos explican esta fortaleza y persistencia cultural lejos de la tierra de origen.","twitter:creator":"@SoyMigrante_com","twitter:image":"https:\/\/soymigrante.com\/revista\/wp-content\/uploads\/2024\/06\/308795749_3429886927300826_7022547667218469045_n.webp"},"aioseo_meta_data":{"post_id":"8708","title":"D\u00edas feriados en Estados Unidos: te contamos fechas y origen","description":"Los feriados federales en USA existen: son conmemoraciones a nivel nacional que usualmente son d\u00eda de descanso. Algunos tienen fecha fija, otros no.","keywords":null,"keyphrases":{"focus":{"keyphrase":"Feriados federales","score":46,"analysis":{"keyphraseInTitle":{"score":3,"maxScore":9,"error":1},"keyphraseInDescription":{"score":9,"maxScore":9,"error":0},"keyphraseLength":{"score":9,"maxScore":9,"error":0,"length":2},"keyphraseInURL":{"score":1,"maxScore":5,"error":1},"keyphraseInIntroduction":{"score":3,"maxScore":9,"error":1},"keyphraseInSubHeadings":{"score":3,"maxScore":9,"error":1},"keyphraseInImageAlt":{"score":3,"maxScore":9,"error":1},"keywordDensity":{"score":0,"type":"low","maxScore":9,"error":1}}},"additional":[{"keyphrase":"Feriados","score":67,"analysis":{"keyphraseInDescription":{"score":9,"maxScore":9,"error":0},"keyphraseLength":{"score":9,"maxScore":9,"error":0,"length":1},"keyphraseInIntroduction":{"score":9,"maxScore":9,"error":0},"keyphraseInImageAlt":{"score":3,"maxScore":9,"error":1},"keywordDensity":{"score":0,"type":"low","maxScore":9,"error":1}}},{"keyphrase":"Thanksgiving","score":40,"analysis":{"keyphraseInDescription":{"score":3,"maxScore":9,"error":1},"keyphraseLength":{"score":9,"maxScore":9,"error":0,"length":1},"keyphraseInIntroduction":{"score":3,"maxScore":9,"error":1},"keyphraseInImageAlt":{"score":3,"maxScore":9,"error":1},"keywordDensity":{"score":0,"type":"low","maxScore":9,"error":1}}},{"keyphrase":"Elecciones Presidenciales USA","score":40,"analysis":{"keyphraseInDescription":{"score":3,"maxScore":9,"error":1},"keyphraseLength":{"score":9,"maxScore":9,"error":0,"length":3},"keyphraseInIntroduction":{"score":3,"maxScore":9,"error":1},"keyphraseInImageAlt":{"score":3,"maxScore":9,"error":1},"keywordDensity":{"score":0,"type":"low","maxScore":9,"error":1}}},{"keyphrase":"Feriados federales","score":53,"analysis":{"keyphraseInDescription":{"score":9,"maxScore":9,"error":0},"keyphraseLength":{"score":9,"maxScore":9,"error":0,"length":2},"keyphraseInIntroduction":{"score":3,"maxScore":9,"error":1},"keyphraseInImageAlt":{"score":3,"maxScore":9,"error":1},"keywordDensity":{"score":0,"type":"low","maxScore":9,"error":1}}},{"keyphrase":"Feriados en Estados Unidos","score":40,"analysis":{"keyphraseInDescription":{"score":3,"maxScore":9,"error":1},"keyphraseLength":{"score":9,"maxScore":9,"error":0,"length":4},"keyphraseInIntroduction":{"score":3,"maxScore":9,"error":1},"keyphraseInImageAlt":{"score":3,"maxScore":9,"error":1},"keywordDensity":{"score":0,"type":"low","maxScore":9,"error":1}}}]},"primary_term":null,"canonical_url":null,"og_title":null,"og_description":null,"og_object_type":"default","og_image_type":"default","og_image_url":null,"og_image_width":null,"og_image_height":null,"og_image_custom_url":null,"og_image_custom_fields":null,"og_video":"","og_custom_url":null,"og_article_section":null,"og_article_tags":null,"twitter_use_og":false,"twitter_card":"default","twitter_image_type":"default","twitter_image_url":null,"twitter_image_custom_url":null,"twitter_image_custom_fields":null,"twitter_title":null,"twitter_description":null,"schema":{"blockGraphs":[],"customGraphs":[],"default":{"data":{"Article":[],"Course":[],"Dataset":[],"FAQPage":[],"Movie":[],"Person":[],"Product":[],"ProductReview":[],"Car":[],"Recipe":[],"Service":[],"SoftwareApplication":[],"WebPage":[]},"graphName":"none","isEnabled":true},"graphs":[]},"schema_type":"default","schema_type_options":null,"pillar_content":false,"robots_default":true,"robots_noindex":false,"robots_noarchive":false,"robots_nosnippet":false,"robots_nofollow":false,"robots_noimageindex":false,"robots_noodp":false,"robots_notranslate":false,"robots_max_snippet":"-1","robots_max_videopreview":"-1","robots_max_imagepreview":"large","priority":null,"frequency":"default","local_seo":null,"seo_analyzer_scan_date":"2025-10-09 05:44:16","breadcrumb_settings":null,"limit_modified_date":false,"reviewed_by":"0","open_ai":"{\"title\":{\"suggestions\":[],\"usage\":0},\"description\":{\"suggestions\":[],\"usage\":0}}","ai":null,"created":"2024-09-03 03:47:23","updated":"2026-02-05 00:51:29"},"aioseo_breadcrumb":"<div class=\"aioseo-breadcrumbs\"><span class=\"aioseo-breadcrumb\">\n\t<a href=\"https:\/\/soymigrante.com\/revista\" title=\"Home\">Home<\/a>\n<\/span><span class=\"aioseo-breadcrumb-separator\">\u00bb<\/span><span class=\"aioseo-breadcrumb\">\n\t<a href=\"https:\/\/soymigrante.com\/revista\/category\/estamos-unidos\/\" title=\"Estamos Unidos\">Estamos Unidos<\/a>\n<\/span><span class=\"aioseo-breadcrumb-separator\">\u00bb<\/span><span class=\"aioseo-breadcrumb\">\n\t\u00bfQu\u00e9 d\u00edas son de asueto o descanso en Estados Unidos?\n<\/span><\/div>","aioseo_breadcrumb_json":[{"label":"Home","link":"https:\/\/soymigrante.com\/revista"},{"label":"Estamos Unidos","link":"https:\/\/soymigrante.com\/revista\/category\/estamos-unidos\/"},{"label":"\u00bfQu\u00e9 d\u00edas son de asueto o descanso en Estados Unidos?","link":"https:\/\/soymigrante.com\/revista\/en-usa-no-hay-tantos-feriados-nacionales-como-en-guatemala-pero-los-hay-conoce-cuando-y-por-que\/"}],"_links":{"self":[{"href":"https:\/\/soymigrante.com\/revista\/wp-json\/wp\/v2\/posts\/8708","targetHints":{"allow":["GET"]}}],"collection":[{"href":"https:\/\/soymigrante.com\/revista\/wp-json\/wp\/v2\/posts"}],"about":[{"href":"https:\/\/soymigrante.com\/revista\/wp-json\/wp\/v2\/types\/post"}],"author":[{"embeddable":true,"href":"https:\/\/soymigrante.com\/revista\/wp-json\/wp\/v2\/users\/23"}],"replies":[{"embeddable":true,"href":"https:\/\/soymigrante.com\/revista\/wp-json\/wp\/v2\/comments?post=8708"}],"version-history":[{"count":9,"href":"https:\/\/soymigrante.com\/revista\/wp-json\/wp\/v2\/posts\/8708\/revisions"}],"predecessor-version":[{"id":35845,"href":"https:\/\/soymigrante.com\/revista\/wp-json\/wp\/v2\/posts\/8708\/revisions\/35845"}],"wp:featuredmedia":[{"embeddable":true,"href":"https:\/\/soymigrante.com\/revista\/wp-json\/wp\/v2\/media\/32236"}],"wp:attachment":[{"href":"https:\/\/soymigrante.com\/revista\/wp-json\/wp\/v2\/media?parent=8708"}],"wp:term":[{"taxonomy":"category","embeddable":true,"href":"https:\/\/soymigrante.com\/revista\/wp-json\/wp\/v2\/categories?post=8708"},{"taxonomy":"post_tag","embeddable":true,"href":"https:\/\/soymigrante.com\/revista\/wp-json\/wp\/v2\/tags?post=8708"}],"curies":[{"name":"wp","href":"https:\/\/api.w.org\/{rel}","templated":true}]}}