{"id":8704,"date":"2024-09-04T10:00:00","date_gmt":"2024-09-04T16:00:00","guid":{"rendered":"https:\/\/soymigrante.com\/revista\/?p=8704"},"modified":"2024-09-03T22:58:33","modified_gmt":"2024-09-04T04:58:33","slug":"hay-que-aprender-a-autocontrolar-las-emociones","status":"publish","type":"post","link":"https:\/\/soymigrante.com\/revista\/hay-que-aprender-a-autocontrolar-las-emociones\/","title":{"rendered":"Hay que aprender a autocontrolar las emociones"},"content":{"rendered":"\t\t<div data-elementor-type=\"wp-post\" data-elementor-id=\"8704\" class=\"elementor elementor-8704\" data-elementor-post-type=\"post\">\n\t\t\t\t<div data-particle_enable=\"false\" data-particle-mobile-disabled=\"false\" class=\"elementor-element elementor-element-bae0f7c e-flex e-con-boxed e-con e-parent\" data-id=\"bae0f7c\" data-element_type=\"container\" data-e-type=\"container\">\n\t\t\t\t\t<div class=\"e-con-inner\">\n\t\t\t\t<div class=\"elementor-element elementor-element-9b5b4af elementor-widget elementor-widget-heading\" data-id=\"9b5b4af\" data-element_type=\"widget\" data-e-type=\"widget\" data-widget_type=\"heading.default\">\n\t\t\t\t\t<h2 class=\"elementor-heading-title elementor-size-default\">Aprender a gestionar las emociones puede parecer f\u00e1cil, pero podr\u00eda ser lo opuesto al tener que manejar los impulsos y la negatividad. <\/h2>\t\t\t\t<\/div>\n\t\t\t\t\t<\/div>\n\t\t\t\t<\/div>\n\t\t<div data-particle_enable=\"false\" data-particle-mobile-disabled=\"false\" class=\"elementor-element elementor-element-60d4e48 e-flex e-con-boxed e-con e-parent\" data-id=\"60d4e48\" data-element_type=\"container\" data-e-type=\"container\">\n\t\t\t\t\t<div class=\"e-con-inner\">\n\t\t\t\t<div class=\"elementor-element elementor-element-8a2c46e elementor-widget elementor-widget-text-editor\" data-id=\"8a2c46e\" data-element_type=\"widget\" data-e-type=\"widget\" data-widget_type=\"text-editor.default\">\n\t\t\t\t\t\t\t\t\t<p>El autocontrol emocional consiste en gestionar nuestros sentimientos y comportamientos. A trav\u00e9s del control de las emociones positivas y negativas podemos experimentarlas y expresarlas adecuadamente. Da igual la edad, ya que es necesario en cualquier etapa de nuestra vida.<\/p><p>Para la psic\u00f3loga \u00c1ngela Contreras, este autocontrol no es f\u00e1cil, aunque se diga lo contrario. <br \/>La profesional da una serie de recomendaciones para aprender a gestionar las emociones y no perder el control.<\/p><p>\u00a0<\/p>\t\t\t\t\t\t\t\t<\/div>\n\t\t\t\t\t<\/div>\n\t\t\t\t<\/div>\n\t\t<div data-particle_enable=\"false\" data-particle-mobile-disabled=\"false\" class=\"elementor-element elementor-element-f6a4cc3 e-flex e-con-boxed e-con e-parent\" data-id=\"f6a4cc3\" data-element_type=\"container\" data-e-type=\"container\">\n\t\t\t\t\t<div class=\"e-con-inner\">\n\t\t\t\t<div class=\"elementor-element elementor-element-8b0dcbe elementor-widget elementor-widget-text-editor\" data-id=\"8b0dcbe\" data-element_type=\"widget\" data-e-type=\"widget\" data-widget_type=\"text-editor.default\">\n\t\t\t\t\t\t\t\t\t<p><strong>El autocontrol emocional contra la impulsividad<\/strong><\/p><p>\u00bfAlguna vez te has guiado por un impulso sin hacer caso de la raz\u00f3n? A largo plazo, la dificultad por controlar las conductas impulsivas generan otros comportamientos de riesgo. Esto sucede porque al tratarse de un impulso, la mente no aprende de lo sucedido. No lo interiorizamos y no somos conscientes de hasta d\u00f3nde nos puede llevar esta falta de control. Ahora bien, no todas las conductas impulsivas tienen porque ser negativas. <a href=\"https:\/\/soymigrante.com\/revista\/consejos-para-ayudar-a-enfrentar-el-duelo-migratorio-en-ninos\/\" target=\"_blank\" rel=\"noopener\">Algunas act\u00faan como mecanismo de defensa y nos sirven como alerta de un peligro real.<\/a><\/p><p>Para controlar nuestras actitudes impulsivas es necesario tener autocontrol emocional. La clave est\u00e1 en la forma c\u00f3mo interpretamos nuestras emociones. Seg\u00fan el modo en que reaccionamos frente a una emoci\u00f3n, nos condicionar\u00e1 en c\u00f3mo actuar\u00e1 est\u00e1 sobre nosotros. Y eso no es todo, ya que la mala regulaci\u00f3n d\u00e9 las respuestas emocionales conlleva ansiedad o depresi\u00f3n. <a href=\"https:\/\/soymigrante.com\/revista\/hablarles-a-los-hijos-con-la-verdad-siempre-sera-el-camino\/\" target=\"_blank\" rel=\"noopener\">Por tanto, debemos prevenir y aprender a actuar antes que las emociones nos invadan.<\/a> Saber identificar los s\u00edntomas, entender nuestro estado de \u00e1nimo y despu\u00e9s proceder.<\/p>\t\t\t\t\t\t\t\t<\/div>\n\t\t\t\t\t<\/div>\n\t\t\t\t<\/div>\n\t\t<div data-particle_enable=\"false\" data-particle-mobile-disabled=\"false\" class=\"elementor-element elementor-element-4b69ac6 e-flex e-con-boxed e-con e-parent\" data-id=\"4b69ac6\" data-element_type=\"container\" data-e-type=\"container\">\n\t\t\t\t\t<div class=\"e-con-inner\">\n\t\t\t\t<div class=\"elementor-element elementor-element-9d6db0b elementor-widget elementor-widget-text-editor\" data-id=\"9d6db0b\" data-element_type=\"widget\" data-e-type=\"widget\" data-widget_type=\"text-editor.default\">\n\t\t\t\t\t\t\t\t\t<p><strong>Beneficios del autocontrol<\/strong><\/p><p>Como hemos mencionado anteriormente, para controlar las emociones necesitamos conocernos a nosotros mismos. <br \/>Adem\u00e1s, el control que aplicamos sobre nuestras emociones tiene beneficios. <\/p>\t\t\t\t\t\t\t\t<\/div>\n\t\t\t\t\t<\/div>\n\t\t\t\t<\/div>\n\t\t<div data-particle_enable=\"false\" data-particle-mobile-disabled=\"false\" class=\"elementor-element elementor-element-2bd787b e-flex e-con-boxed e-con e-parent\" data-id=\"2bd787b\" data-element_type=\"container\" data-e-type=\"container\">\n\t\t\t\t\t<div class=\"e-con-inner\">\n\t\t\t\t<div class=\"elementor-element elementor-element-4e16afe elementor-widget elementor-widget-image\" data-id=\"4e16afe\" data-element_type=\"widget\" data-e-type=\"widget\" data-widget_type=\"image.default\">\n\t\t\t\t\t\t\t\t\t\t\t\t\t\t\t<img fetchpriority=\"high\" decoding=\"async\" width=\"768\" height=\"512\" src=\"https:\/\/soymigrante.com\/revista\/wp-content\/uploads\/2024\/09\/Aprender-a-autocontrolar-las-emociones2-1024x682.webp\" class=\"attachment-large size-large wp-image-8706\" alt=\"Persona de espaldas mirando un lago oscuro y nublado, simbolizando reflexi\u00f3n y b\u00fasqueda de identidad en contextos de migraci\u00f3n.\" srcset=\"https:\/\/soymigrante.com\/revista\/wp-content\/uploads\/2024\/09\/Aprender-a-autocontrolar-las-emociones2-1024x682.webp 1024w, https:\/\/soymigrante.com\/revista\/wp-content\/uploads\/2024\/09\/Aprender-a-autocontrolar-las-emociones2-300x200.webp 300w, https:\/\/soymigrante.com\/revista\/wp-content\/uploads\/2024\/09\/Aprender-a-autocontrolar-las-emociones2-768x512.webp 768w, https:\/\/soymigrante.com\/revista\/wp-content\/uploads\/2024\/09\/Aprender-a-autocontrolar-las-emociones2-750x500.webp 750w, https:\/\/soymigrante.com\/revista\/wp-content\/uploads\/2024\/09\/Aprender-a-autocontrolar-las-emociones2-1140x760.webp 1140w, https:\/\/soymigrante.com\/revista\/wp-content\/uploads\/2024\/09\/Aprender-a-autocontrolar-las-emociones2.webp 1280w\" sizes=\"(max-width: 768px) 100vw, 768px\" title=\"Aprender a autocontrolar las emociones \u2013 SoyMigrante.com REVISTA\" \/>\t\t\t\t\t\t\t\t\t\t\t\t\t\t\t<\/div>\n\t\t\t\t\t<\/div>\n\t\t\t\t<\/div>\n\t\t<div data-particle_enable=\"false\" data-particle-mobile-disabled=\"false\" class=\"elementor-element elementor-element-50909f0 e-flex e-con-boxed e-con e-parent\" data-id=\"50909f0\" data-element_type=\"container\" data-e-type=\"container\">\n\t\t\t\t\t<div class=\"e-con-inner\">\n\t\t\t\t<div class=\"elementor-element elementor-element-d779123 elementor-widget elementor-widget-text-editor\" data-id=\"d779123\" data-element_type=\"widget\" data-e-type=\"widget\" data-widget_type=\"text-editor.default\">\n\t\t\t\t\t\t\t\t\t<p><strong>Estos son los beneficios m\u00e1s importantes:<\/strong><\/p><p>Mejora el bienestar emocional.<br \/>Sube la autoestima.<br \/>Aumenta la concentraci\u00f3n.<br \/>Ayuda en la toma de decisiones.<br \/>Permite controlar el estr\u00e9s en situaciones de bajo presi\u00f3n.<br \/>Ayuda a mantener la calma y pensar con mayor claridad.<br \/>Permite hacer frente a situaciones dif\u00edciles con eficiencia.<br \/>Consejos para saber controlar las emociones<br \/>Sabemos que mantener las emociones a raya es dif\u00edcil. Hay ocasiones que es irremediable evitar un estado emocional negativo, ya sea tristeza, enfado o nervios. Si quieres corregirlo, aqu\u00ed te dejamos unas cuantas t\u00e9cnicas que pueden ayudarte a detener o frenar alguna reacci\u00f3n negativa.<\/p>\t\t\t\t\t\t\t\t<\/div>\n\t\t\t\t\t<\/div>\n\t\t\t\t<\/div>\n\t\t<div data-particle_enable=\"false\" data-particle-mobile-disabled=\"false\" class=\"elementor-element elementor-element-308a616 e-flex e-con-boxed e-con e-parent\" data-id=\"308a616\" data-element_type=\"container\" data-e-type=\"container\">\n\t\t\t\t\t<div class=\"e-con-inner\">\n\t\t\t\t<div class=\"elementor-element elementor-element-143bd3e elementor-widget elementor-widget-text-editor\" data-id=\"143bd3e\" data-element_type=\"widget\" data-e-type=\"widget\" data-widget_type=\"text-editor.default\">\n\t\t\t\t\t\t\t\t\t<p><strong>Reafirmaci\u00f3n<\/strong><br \/>Es una de las mejores estrategias para gestionar las emociones. Consiste en reducir el significado negativo de lo que ha provocado esa emoci\u00f3n. Apl\u00edcalo cuando la intensidad de tus emociones sea baja, ya que tendr\u00e1s tiempo para buscar un punto de vista distinto de la situaci\u00f3n.<\/p>\t\t\t\t\t\t\t\t<\/div>\n\t\t\t\t\t<\/div>\n\t\t\t\t<\/div>\n\t\t<div data-particle_enable=\"false\" data-particle-mobile-disabled=\"false\" class=\"elementor-element elementor-element-8e91935 e-flex e-con-boxed e-con e-parent\" data-id=\"8e91935\" data-element_type=\"container\" data-e-type=\"container\">\n\t\t\t\t\t<div class=\"e-con-inner\">\n\t\t\t\t<div class=\"elementor-element elementor-element-87a52e3 elementor-widget elementor-widget-text-editor\" data-id=\"87a52e3\" data-element_type=\"widget\" data-e-type=\"widget\" data-widget_type=\"text-editor.default\">\n\t\t\t\t\t\t\t\t\t<p><strong>Distracci\u00f3n<\/strong><br \/>Se trata de desvincularse de la emoci\u00f3n negativa y dirigir la atenci\u00f3n hacia pensamientos neutrales. Suele funcionar en momentos puntuales para evitar perder el control. Esta t\u00e9cnica tambi\u00e9n acostumbra a utilizarse para calmar a los ni\u00f1os cuando tienen un berrinche.<\/p>\t\t\t\t\t\t\t\t<\/div>\n\t\t\t\t\t<\/div>\n\t\t\t\t<\/div>\n\t\t<div data-particle_enable=\"false\" data-particle-mobile-disabled=\"false\" class=\"elementor-element elementor-element-82c2391 e-flex e-con-boxed e-con e-parent\" data-id=\"82c2391\" data-element_type=\"container\" data-e-type=\"container\">\n\t\t\t\t\t<div class=\"e-con-inner\">\n\t\t\t\t<div class=\"elementor-element elementor-element-0cea5e1 elementor-widget elementor-widget-text-editor\" data-id=\"0cea5e1\" data-element_type=\"widget\" data-e-type=\"widget\" data-widget_type=\"text-editor.default\">\n\t\t\t\t\t\t\t\t\t<p><strong> Posp\u00f3n tus preocupaciones<\/strong><br \/>Si dejamos de preocuparnos por lo que nos inquieta durante unas horas, las emociones regresaran con una intensidad menor. <a href=\"https:\/\/soymigrante.com\/revista\/cambios-que-enfrentan-hijos-de-migrantes-al-partir-a-estados-unidos\/\" target=\"_blank\" rel=\"noopener\">Date permiso para preocuparte m\u00e1s tarde y desv\u00eda la atenci\u00f3n hacia pensamientos positivos el resto del d\u00eda.<\/a><\/p>\t\t\t\t\t\t\t\t<\/div>\n\t\t\t\t\t<\/div>\n\t\t\t\t<\/div>\n\t\t<div data-particle_enable=\"false\" data-particle-mobile-disabled=\"false\" class=\"elementor-element elementor-element-aabca44 e-flex e-con-boxed e-con e-parent\" data-id=\"aabca44\" data-element_type=\"container\" data-e-type=\"container\">\n\t\t\t\t\t<div class=\"e-con-inner\">\n\t\t\t\t<div class=\"elementor-element elementor-element-cdb0a4d elementor-widget elementor-widget-text-editor\" data-id=\"cdb0a4d\" data-element_type=\"widget\" data-e-type=\"widget\" data-widget_type=\"text-editor.default\">\n\t\t\t\t\t\t\t\t\t<p><strong>Encuentra el porqu\u00e9 de tus emociones<\/strong><br \/>A largo plazo lo que te ayudar\u00e1 es aprender a reconocer tus emociones y saber por qu\u00e9 te ocurren. No luches contra ellas y se honest\u00f3 contigo sobre el porqu\u00e9. Saber la verdad de tus sentimientos te ayudar\u00e1 a controlarte.<\/p>\t\t\t\t\t\t\t\t<\/div>\n\t\t\t\t\t<\/div>\n\t\t\t\t<\/div>\n\t\t<div data-particle_enable=\"false\" data-particle-mobile-disabled=\"false\" class=\"elementor-element elementor-element-f53ec97 e-flex e-con-boxed e-con e-parent\" data-id=\"f53ec97\" data-element_type=\"container\" data-e-type=\"container\">\n\t\t\t\t\t<div class=\"e-con-inner\">\n\t\t\t\t<div class=\"elementor-element elementor-element-46169f7 elementor-widget elementor-widget-heading\" data-id=\"46169f7\" data-element_type=\"widget\" data-e-type=\"widget\" data-widget_type=\"heading.default\">\n\t\t\t\t\t<h2 class=\"elementor-heading-title elementor-size-default\">Conoce m\u00e1s de Guatemala ac\u00e1...<\/h2>\t\t\t\t<\/div>\n\t\t\t\t\t<\/div>\n\t\t\t\t<\/div>\n\t\t<div data-particle_enable=\"false\" data-particle-mobile-disabled=\"false\" class=\"elementor-element elementor-element-27e8f52 e-flex e-con-boxed e-con e-parent\" data-id=\"27e8f52\" data-element_type=\"container\" data-e-type=\"container\">\n\t\t\t\t\t<div class=\"e-con-inner\">\n\t\t\t\t<div class=\"elementor-element elementor-element-09a328c elementor-widget elementor-widget-blfe-post-grid\" data-id=\"09a328c\" data-element_type=\"widget\" data-e-type=\"widget\" data-settings=\"{&quot;columns&quot;:&quot;3&quot;,&quot;columns_tablet&quot;:&quot;6&quot;,&quot;columns_mobile&quot;:&quot;12&quot;,&quot;hero2_navigation&quot;:&quot;arrows&quot;,&quot;hero2_layout_column_gap&quot;:{&quot;unit&quot;:&quot;px&quot;,&quot;size&quot;:5,&quot;sizes&quot;:[]},&quot;hero2_layout_column_gap_tablet&quot;:{&quot;unit&quot;:&quot;px&quot;,&quot;size&quot;:&quot;&quot;,&quot;sizes&quot;:[]},&quot;hero2_layout_column_gap_mobile&quot;:{&quot;unit&quot;:&quot;px&quot;,&quot;size&quot;:&quot;&quot;,&quot;sizes&quot;:[]},&quot;hero2_layout_row_gap&quot;:{&quot;unit&quot;:&quot;px&quot;,&quot;size&quot;:5,&quot;sizes&quot;:[]},&quot;hero2_layout_row_gap_tablet&quot;:{&quot;unit&quot;:&quot;px&quot;,&quot;size&quot;:&quot;&quot;,&quot;sizes&quot;:[]},&quot;hero2_layout_row_gap_mobile&quot;:{&quot;unit&quot;:&quot;px&quot;,&quot;size&quot;:&quot;&quot;,&quot;sizes&quot;:[]}}\" data-widget_type=\"blfe-post-grid.hero2\">\n\t\t\t\t<div class=\"elementor-widget-container\">\n\t\t\t\t\t\n                        <div class=\"blfe-post-grid-container \">\n            \n                <div data-skin=\"hero2\" class=\"blfe-row blfe-posts-inner blfe-hero2 blfe-posts-inner blfe-col-3 blfe-col-tab-6 blfe-col-mob-12     \">\n                            <div class=\"blfe-post-grid-item \">\n            <div class=\"blfe-post-grid-item-inner blfe-modern-zoom\">\n                        <div class=\"blfe-post-grid-bg-image\">\n            <a class=\"blfe-post-grid-image-inner\" href=\"https:\/\/soymigrante.com\/revista\/dia-de-la-tierra-todos-los-dias-productos-guatemaltecos-naturales-y-autenticos-en-mercado\/\" title=\"D\u00eda de la Tierra todos los d\u00edas: productos guatemaltecos naturales y aut\u00e9nticos en MERCADO\" rel=\"nofollow\" target=\"_blank\"><img decoding=\"async\" src=\"https:\/\/soymigrante.com\/revista\/wp-content\/uploads\/2026\/04\/DIA-DE-LA-TIERRA-PRODUCTOS-ECOLOGICOS-GUATEMALA-SOYMIGRANTE-MERCADO.png\" alt=\"D\u00eda de la Tierra todos los d\u00edas: productos guatemaltecos naturales y aut\u00e9nticos en MERCADO\"\/><\/a>        <\/div>\n                        <div class=\"blfe-post-grid-details\">\n                    <div class=\"blfe-post-grid-details-inner\">\n                        <span class=\"blfe-post-category\"><a href=\"https:\/\/soymigrante.com\/revista\/category\/guate-nuestra\/\">Guate Nuestra<\/a><\/span>                        <h3 class=\"blfe-post-grid-title\">\n            <a href=\"https:\/\/soymigrante.com\/revista\/dia-de-la-tierra-todos-los-dias-productos-guatemaltecos-naturales-y-autenticos-en-mercado\/\" title=\"D\u00eda de la Tierra todos los d\u00edas: productos guatemaltecos naturales y aut\u00e9nticos en MERCADO\" rel=\"nofollow\" target=\"_blank\">D\u00eda de la Tierra todos los d\u00edas: productos guatemaltecos naturales y aut\u00e9nticos en MERCADO<\/a>\n            <\/h3>                                    <div class=\"blfe-post-grid-meta\">\n                <span class=\"blfe-post-grid-time\"><i class=\"fas fa-book-reader\"><\/i>4 Min read<\/span>            <\/div>\n                                                                                <\/div>\n                <\/div>\n\n            <\/div>\n        <\/div>\n                <div class=\"blfe-post-grid-item \">\n            <div class=\"blfe-post-grid-item-inner blfe-modern-zoom\">\n                        <div class=\"blfe-post-grid-bg-image\">\n            <a class=\"blfe-post-grid-image-inner\" href=\"https:\/\/soymigrante.com\/revista\/refugio-natural-cerca-de-la-capital-la-reserva-ecologica-senderos-de-alux-en-sacatepequez\/\" title=\"Refugio natural cerca de la capital: La reserva ecol\u00f3gica Senderos de Alux en Sacatep\u00e9quez\" rel=\"nofollow\" target=\"_blank\"><img decoding=\"async\" src=\"https:\/\/soymigrante.com\/revista\/wp-content\/uploads\/2026\/04\/parque-ecologico-senderos-de-alux-5.jpg\" alt=\"Refugio natural cerca de la capital: La reserva ecol\u00f3gica Senderos de Alux en Sacatep\u00e9quez\"\/><\/a>        <\/div>\n                        <div class=\"blfe-post-grid-details\">\n                    <div class=\"blfe-post-grid-details-inner\">\n                        <span class=\"blfe-post-category\"><a href=\"https:\/\/soymigrante.com\/revista\/category\/guate-nuestra\/\">Guate Nuestra<\/a><\/span>                        <h3 class=\"blfe-post-grid-title\">\n            <a href=\"https:\/\/soymigrante.com\/revista\/refugio-natural-cerca-de-la-capital-la-reserva-ecologica-senderos-de-alux-en-sacatepequez\/\" title=\"Refugio natural cerca de la capital: La reserva ecol\u00f3gica Senderos de Alux en Sacatep\u00e9quez\" rel=\"nofollow\" target=\"_blank\">Refugio natural cerca de la capital: La reserva ecol\u00f3gica Senderos de Alux en Sacatep\u00e9quez<\/a>\n            <\/h3>                                    <div class=\"blfe-post-grid-meta\">\n                <span class=\"blfe-post-grid-time\"><i class=\"fas fa-book-reader\"><\/i>4 Min read<\/span>            <\/div>\n                                                                                <\/div>\n                <\/div>\n\n            <\/div>\n        <\/div>\n                <div class=\"blfe-post-grid-item \">\n            <div class=\"blfe-post-grid-item-inner blfe-modern-zoom\">\n                        <div class=\"blfe-post-grid-bg-image\">\n            <a class=\"blfe-post-grid-image-inner\" href=\"https:\/\/soymigrante.com\/revista\/libros-guatemaltecos-dia-internacional-del-libro-festeja-inspirate-mercado\/\" title=\"Celebra el D\u00eda del Libro con inspiraci\u00f3n 100% guatemalteca: adquiere, disfruta u obsequia en MERCADO\" rel=\"nofollow\" target=\"_blank\"><img decoding=\"async\" src=\"https:\/\/soymigrante.com\/revista\/wp-content\/uploads\/2026\/04\/DIA-DEL-LIBRO-SOYMIGRANTE-MERCADO.png\" alt=\"Celebra el D\u00eda del Libro con inspiraci\u00f3n 100% guatemalteca: adquiere, disfruta u obsequia en MERCADO\"\/><\/a>        <\/div>\n                        <div class=\"blfe-post-grid-details\">\n                    <div class=\"blfe-post-grid-details-inner\">\n                        <span class=\"blfe-post-category\"><a href=\"https:\/\/soymigrante.com\/revista\/category\/guate-nuestra\/\">Guate Nuestra<\/a><\/span>                        <h3 class=\"blfe-post-grid-title\">\n            <a href=\"https:\/\/soymigrante.com\/revista\/libros-guatemaltecos-dia-internacional-del-libro-festeja-inspirate-mercado\/\" title=\"Celebra el D\u00eda del Libro con inspiraci\u00f3n 100% guatemalteca: adquiere, disfruta u obsequia en MERCADO\" rel=\"nofollow\" target=\"_blank\">Celebra el D\u00eda del Libro con inspiraci\u00f3n 100% guatemalteca: adquiere, disfruta u obsequia en MERCADO<\/a>\n            <\/h3>                                    <div class=\"blfe-post-grid-meta\">\n                <span class=\"blfe-post-grid-time\"><i class=\"fas fa-book-reader\"><\/i>6 Min read<\/span>            <\/div>\n                                                                                <\/div>\n                <\/div>\n\n            <\/div>\n        <\/div>\n                <div class=\"blfe-post-grid-item \">\n            <div class=\"blfe-post-grid-item-inner blfe-modern-zoom\">\n                        <div class=\"blfe-post-grid-bg-image\">\n            <a class=\"blfe-post-grid-image-inner\" href=\"https:\/\/soymigrante.com\/revista\/dia-mundial-del-emprendimiento-16-historias-llenas-de-trabajo-y-creatividad-presentes-en-mercado\/\" title=\"D\u00eda Mundial del Emprendimiento: 16 historias llenas de  trabajo y creatividad presentes en MERCADO\" rel=\"nofollow\" target=\"_blank\"><img decoding=\"async\" src=\"https:\/\/soymigrante.com\/revista\/wp-content\/uploads\/2026\/04\/SOYMIGRANTECOM-MERCADO-DIA-MUNDIAL-DEL-EMPRENDEDOR.png\" alt=\"D\u00eda Mundial del Emprendimiento: 16 historias llenas de  trabajo y creatividad presentes en MERCADO\"\/><\/a>        <\/div>\n                        <div class=\"blfe-post-grid-details\">\n                    <div class=\"blfe-post-grid-details-inner\">\n                        <span class=\"blfe-post-category\"><a href=\"https:\/\/soymigrante.com\/revista\/category\/guate-nuestra\/\">Guate Nuestra<\/a><\/span>                        <h3 class=\"blfe-post-grid-title\">\n            <a href=\"https:\/\/soymigrante.com\/revista\/dia-mundial-del-emprendimiento-16-historias-llenas-de-trabajo-y-creatividad-presentes-en-mercado\/\" title=\"D\u00eda Mundial del Emprendimiento: 16 historias llenas de  trabajo y creatividad presentes en MERCADO\" rel=\"nofollow\" target=\"_blank\">D\u00eda Mundial del Emprendimiento: 16 historias llenas de  trabajo y creatividad presentes en MERCADO<\/a>\n            <\/h3>                                    <div class=\"blfe-post-grid-meta\">\n                <span class=\"blfe-post-grid-time\"><i class=\"fas fa-book-reader\"><\/i>8 Min read<\/span>            <\/div>\n                                                                                <\/div>\n                <\/div>\n\n            <\/div>\n        <\/div>\n                <div class=\"blfe-post-grid-item \">\n            <div class=\"blfe-post-grid-item-inner blfe-modern-zoom\">\n                        <div class=\"blfe-post-grid-bg-image\">\n            <a class=\"blfe-post-grid-image-inner\" href=\"https:\/\/soymigrante.com\/revista\/san-andres-xecul-totonicapan-guatemala-templo-simbologia-guia-significados-sincretismo-maya\/\" title=\"Mira de cerca la ic\u00f3nica iglesia de San Andr\u00e9s Xecul, Totonicap\u00e1n y conoce el significado de su simbolog\u00eda &#8211; Galer\u00eda\" rel=\"nofollow\" target=\"_blank\"><img decoding=\"async\" src=\"https:\/\/soymigrante.com\/revista\/wp-content\/uploads\/2026\/04\/San-Andres-Xecul-totonicapan-guatemala-iglesia-significado-foto-marcos-zarate.jpg\" alt=\"Mira de cerca la ic\u00f3nica iglesia de San Andr\u00e9s Xecul, Totonicap\u00e1n y conoce el significado de su simbolog\u00eda &#8211; Galer\u00eda\"\/><\/a>        <\/div>\n                        <div class=\"blfe-post-grid-details\">\n                    <div class=\"blfe-post-grid-details-inner\">\n                        <span class=\"blfe-post-category\"><a href=\"https:\/\/soymigrante.com\/revista\/category\/guate-nuestra\/arte-cultura\/\">Cultura de Guatemala<\/a><\/span>                        <h3 class=\"blfe-post-grid-title\">\n            <a href=\"https:\/\/soymigrante.com\/revista\/san-andres-xecul-totonicapan-guatemala-templo-simbologia-guia-significados-sincretismo-maya\/\" title=\"Mira de cerca la ic\u00f3nica iglesia de San Andr\u00e9s Xecul, Totonicap\u00e1n y conoce el significado de su simbolog\u00eda &#8211; Galer\u00eda\" rel=\"nofollow\" target=\"_blank\">Mira de cerca la ic\u00f3nica iglesia de San Andr\u00e9s Xecul, Totonicap\u00e1n y conoce el significado de su simbolog\u00eda &#8211; Galer\u00eda<\/a>\n            <\/h3>                                    <div class=\"blfe-post-grid-meta\">\n                <span class=\"blfe-post-grid-time\"><i class=\"fas fa-book-reader\"><\/i>5 Min read<\/span>            <\/div>\n                                                                                <\/div>\n                <\/div>\n\n            <\/div>\n        <\/div>\n                        <\/div>\n\n                        <\/div>\n            \n                        <div class=\"blfe-post-footer\">\n                        <\/div>\n            \t\t\t\t<\/div>\n\t\t\t\t<\/div>\n\t\t\t\t\t<\/div>\n\t\t\t\t<\/div>\n\t\t\t\t<\/div>\n\t\t","protected":false},"excerpt":{"rendered":"<p>Aprender a gestionar las emociones puede parecer f\u00e1cil, pero podr\u00eda ser lo opuesto al tener que manejar los impulsos y la negatividad. El autocontrol emocional consiste en gestionar nuestros sentimientos y comportamientos. A trav\u00e9s del control de las emociones positivas y negativas podemos experimentarlas y expresarlas adecuadamente. Da igual la edad, ya que es necesario [&hellip;]<\/p>\n","protected":false},"author":19,"featured_media":8780,"comment_status":"open","ping_status":"open","sticky":false,"template":"","format":"standard","meta":{"_acf_changed":false,"_eb_attr":"","footnotes":""},"categories":[55],"tags":[],"class_list":["post-8704","post","type-post","status-publish","format-standard","has-post-thumbnail","hentry","category-bienestar"],"acf":[],"aioseo_notices":[],"aioseo_head":"\n\t\t<!-- All in One SEO Pro 4.9.6.2 - aioseo.com -->\n\t<meta name=\"description\" content=\"Mira muy de cerca la ic\u00f3nica fachada del templo de San Andr\u00e9s Xecul Totonicap\u00e1n y descubre personajes de la espiritualidad cristiana pero tambi\u00e9n del Popol Vuh\" \/>\n\t<meta name=\"robots\" content=\"max-snippet:-1, max-image-preview:large, max-video-preview:-1\" \/>\n\t<meta name=\"author\" content=\"SoyMigrante.com REVISTA\"\/>\n\t<link rel=\"canonical\" href=\"https:\/\/soymigrante.com\/revista\/san-andres-xecul-totonicapan-guatemala-templo-simbologia-guia-significados-sincretismo-maya\/\" \/>\n\t<meta name=\"generator\" content=\"All in One SEO Pro (AIOSEO) 4.9.6.2\" \/>\n\n\t\t<link rel=\"preconnect\" href=\"https:\/\/fonts.googleapis.com\" crossorigin>\n<link rel=\"preconnect\" href=\"https:\/\/fonts.gstatic.com\" crossorigin>\n\t\t<meta property=\"og:locale\" content=\"es_ES\" \/>\n\t\t<meta property=\"og:site_name\" content=\"SoyMigrante.com REVISTA \u2013 Nuestra misi\u00f3n es reconocer y dignificar al migrante.\" \/>\n\t\t<meta property=\"og:type\" content=\"article\" \/>\n\t\t<meta property=\"og:title\" content=\"\u00bfSabes qu\u00e9 significa la fachada del templo San Andr\u00e9s Xecul?\" \/>\n\t\t<meta property=\"og:description\" content=\"Mira muy de cerca la ic\u00f3nica fachada del templo de San Andr\u00e9s Xecul Totonicap\u00e1n y descubre personajes de la espiritualidad cristiana pero tambi\u00e9n del Popol Vuh\" \/>\n\t\t<meta property=\"og:url\" content=\"https:\/\/soymigrante.com\/revista\/san-andres-xecul-totonicapan-guatemala-templo-simbologia-guia-significados-sincretismo-maya\/\" \/>\n\t\t<meta property=\"og:image\" content=\"https:\/\/soymigrante.com\/revista\/wp-content\/uploads\/2026\/04\/San-Andres-Xecul-totonicapan-guatemala-iglesia-significado-foto-marcos-zarate.jpg\" \/>\n\t\t<meta property=\"og:image:secure_url\" content=\"https:\/\/soymigrante.com\/revista\/wp-content\/uploads\/2026\/04\/San-Andres-Xecul-totonicapan-guatemala-iglesia-significado-foto-marcos-zarate.jpg\" \/>\n\t\t<meta property=\"og:image:width\" content=\"1800\" \/>\n\t\t<meta property=\"og:image:height\" content=\"1800\" \/>\n\t\t<meta property=\"article:published_time\" content=\"2026-04-16T22:54:15+00:00\" \/>\n\t\t<meta property=\"article:modified_time\" content=\"2026-04-16T23:35:57+00:00\" \/>\n\t\t<meta property=\"article:publisher\" content=\"https:\/\/www.facebook.com\/soymigrantecom\" \/>\n\t\t<meta name=\"twitter:card\" content=\"summary_large_image\" \/>\n\t\t<meta name=\"twitter:site\" content=\"@SoyMigrante_com\" \/>\n\t\t<meta name=\"twitter:title\" content=\"\u00bfSabes qu\u00e9 significa la fachada del templo San Andr\u00e9s Xecul?\" \/>\n\t\t<meta name=\"twitter:description\" content=\"Mira muy de cerca la ic\u00f3nica fachada del templo de San Andr\u00e9s Xecul Totonicap\u00e1n y descubre personajes de la espiritualidad cristiana pero tambi\u00e9n del Popol Vuh\" \/>\n\t\t<meta name=\"twitter:creator\" content=\"@SoyMigrante_com\" \/>\n\t\t<meta name=\"twitter:image\" content=\"https:\/\/soymigrante.com\/revista\/wp-content\/uploads\/2026\/04\/San-Andres-Xecul-totonicapan-guatemala-iglesia-significado-foto-marcos-zarate.jpg\" \/>\n\t\t<!-- All in One SEO Pro -->\r\n\t\t<title>\u00bfSabes qu\u00e9 significa la fachada del templo San Andr\u00e9s Xecul?<\/title>\n\n","aioseo_head_json":{"title":"\u00bfSabes qu\u00e9 significa la fachada del templo San Andr\u00e9s Xecul?","description":"Mira muy de cerca la ic\u00f3nica fachada del templo de San Andr\u00e9s Xecul Totonicap\u00e1n y descubre personajes de la espiritualidad cristiana pero tambi\u00e9n del Popol Vuh","canonical_url":"https:\/\/soymigrante.com\/revista\/san-andres-xecul-totonicapan-guatemala-templo-simbologia-guia-significados-sincretismo-maya\/","robots":"max-snippet:-1, max-image-preview:large, max-video-preview:-1","keywords":"","webmasterTools":{"miscellaneous":"&lt;link rel=\"preconnect\" href=\"https:\/\/fonts.googleapis.com\" crossorigin&gt;\n&lt;link rel=\"preconnect\" href=\"https:\/\/fonts.gstatic.com\" crossorigin&gt;"},"schema":null,"og:locale":"es_ES","og:site_name":"SoyMigrante.com REVISTA \u2013 Nuestra misi\u00f3n es reconocer y dignificar al migrante.","og:type":"article","og:title":"\u00bfSabes qu\u00e9 significa la fachada del templo San Andr\u00e9s Xecul?","og:description":"Mira muy de cerca la ic\u00f3nica fachada del templo de San Andr\u00e9s Xecul Totonicap\u00e1n y descubre personajes de la espiritualidad cristiana pero tambi\u00e9n del Popol Vuh","og:url":"https:\/\/soymigrante.com\/revista\/san-andres-xecul-totonicapan-guatemala-templo-simbologia-guia-significados-sincretismo-maya\/","og:image":"https:\/\/soymigrante.com\/revista\/wp-content\/uploads\/2026\/04\/San-Andres-Xecul-totonicapan-guatemala-iglesia-significado-foto-marcos-zarate.jpg","og:image:secure_url":"https:\/\/soymigrante.com\/revista\/wp-content\/uploads\/2026\/04\/San-Andres-Xecul-totonicapan-guatemala-iglesia-significado-foto-marcos-zarate.jpg","og:image:width":1800,"og:image:height":1800,"article:published_time":"2026-04-16T22:54:15+00:00","article:modified_time":"2026-04-16T23:35:57+00:00","article:publisher":"https:\/\/www.facebook.com\/soymigrantecom","twitter:card":"summary_large_image","twitter:site":"@SoyMigrante_com","twitter:title":"\u00bfSabes qu\u00e9 significa la fachada del templo San Andr\u00e9s Xecul?","twitter:description":"Mira muy de cerca la ic\u00f3nica fachada del templo de San Andr\u00e9s Xecul Totonicap\u00e1n y descubre personajes de la espiritualidad cristiana pero tambi\u00e9n del Popol Vuh","twitter:creator":"@SoyMigrante_com","twitter:image":"https:\/\/soymigrante.com\/revista\/wp-content\/uploads\/2026\/04\/San-Andres-Xecul-totonicapan-guatemala-iglesia-significado-foto-marcos-zarate.jpg"},"aioseo_meta_data":{"post_id":"8704","title":null,"description":"\u00bfHas o\u00eddo decir: Que la emoci\u00f3n no te gane? Puede ser un buen consejo para el \u00e1mbito familiar, laboral o de estudios. Te explicamos c\u00f3mo se puede lograr","keywords":null,"keyphrases":{"focus":{"keyphrase":"emociones","score":91,"analysis":{"keyphraseInTitle":{"score":9,"maxScore":9,"error":0},"keyphraseInDescription":{"score":3,"maxScore":9,"error":1},"keyphraseLength":{"score":9,"maxScore":9,"error":0,"length":1},"keyphraseInURL":{"score":5,"maxScore":5,"error":0},"keyphraseInIntroduction":{"score":9,"maxScore":9,"error":0},"keyphraseInSubHeadings":{"score":9,"maxScore":9,"error":0},"keyphraseInImageAlt":{"score":9,"maxScore":9,"error":0},"keywordDensity":{"type":"best","score":9,"maxScore":9,"error":0}}},"additional":[{"keyphrase":"emociones","score":87,"analysis":{"keyphraseInDescription":{"score":3,"maxScore":9,"error":1},"keyphraseLength":{"score":9,"maxScore":9,"error":0,"length":1},"keyphraseInIntroduction":{"score":9,"maxScore":9,"error":0},"keyphraseInImageAlt":{"score":9,"maxScore":9,"error":0},"keywordDensity":{"type":"best","score":9,"maxScore":9,"error":0}}}]},"primary_term":null,"canonical_url":null,"og_title":null,"og_description":null,"og_object_type":"default","og_image_type":"default","og_image_url":null,"og_image_width":null,"og_image_height":null,"og_image_custom_url":null,"og_image_custom_fields":null,"og_video":"","og_custom_url":null,"og_article_section":null,"og_article_tags":null,"twitter_use_og":false,"twitter_card":"default","twitter_image_type":"default","twitter_image_url":null,"twitter_image_custom_url":null,"twitter_image_custom_fields":null,"twitter_title":null,"twitter_description":null,"schema":{"blockGraphs":[],"customGraphs":[],"default":{"data":{"Article":[],"Course":[],"Dataset":[],"FAQPage":[],"Movie":[],"Person":[],"Product":[],"ProductReview":[],"Car":[],"Recipe":[],"Service":[],"SoftwareApplication":[],"WebPage":[]},"graphName":"Article","isEnabled":true},"graphs":[]},"schema_type":"default","schema_type_options":null,"pillar_content":false,"robots_default":true,"robots_noindex":false,"robots_noarchive":false,"robots_nosnippet":false,"robots_nofollow":false,"robots_noimageindex":false,"robots_noodp":false,"robots_notranslate":false,"robots_max_snippet":"-1","robots_max_videopreview":"-1","robots_max_imagepreview":"large","priority":null,"frequency":"default","local_seo":null,"seo_analyzer_scan_date":"2025-10-08 22:55:13","breadcrumb_settings":null,"limit_modified_date":false,"reviewed_by":null,"open_ai":"{\"title\":{\"suggestions\":[],\"usage\":0},\"description\":{\"suggestions\":[],\"usage\":0}}","ai":null,"created":"2024-09-02 23:41:43","updated":"2026-02-04 12:55:55"},"aioseo_breadcrumb":"<div class=\"aioseo-breadcrumbs\"><span class=\"aioseo-breadcrumb\">\n\t<a href=\"https:\/\/soymigrante.com\/revista\" title=\"Home\">Home<\/a>\n<\/span><span class=\"aioseo-breadcrumb-separator\">\u00bb<\/span><span class=\"aioseo-breadcrumb\">\n\t<a href=\"https:\/\/soymigrante.com\/revista\/category\/bienestar\/\" title=\"Bienestar\">Bienestar<\/a>\n<\/span><span class=\"aioseo-breadcrumb-separator\">\u00bb<\/span><span class=\"aioseo-breadcrumb\">\n\tHay que aprender a autocontrolar las emociones\n<\/span><\/div>","aioseo_breadcrumb_json":[{"label":"Home","link":"https:\/\/soymigrante.com\/revista"},{"label":"Bienestar","link":"https:\/\/soymigrante.com\/revista\/category\/bienestar\/"},{"label":"Hay que aprender a autocontrolar las emociones","link":"https:\/\/soymigrante.com\/revista\/hay-que-aprender-a-autocontrolar-las-emociones\/"}],"_links":{"self":[{"href":"https:\/\/soymigrante.com\/revista\/wp-json\/wp\/v2\/posts\/8704","targetHints":{"allow":["GET"]}}],"collection":[{"href":"https:\/\/soymigrante.com\/revista\/wp-json\/wp\/v2\/posts"}],"about":[{"href":"https:\/\/soymigrante.com\/revista\/wp-json\/wp\/v2\/types\/post"}],"author":[{"embeddable":true,"href":"https:\/\/soymigrante.com\/revista\/wp-json\/wp\/v2\/users\/19"}],"replies":[{"embeddable":true,"href":"https:\/\/soymigrante.com\/revista\/wp-json\/wp\/v2\/comments?post=8704"}],"version-history":[{"count":0,"href":"https:\/\/soymigrante.com\/revista\/wp-json\/wp\/v2\/posts\/8704\/revisions"}],"wp:featuredmedia":[{"embeddable":true,"href":"https:\/\/soymigrante.com\/revista\/wp-json\/wp\/v2\/media\/8780"}],"wp:attachment":[{"href":"https:\/\/soymigrante.com\/revista\/wp-json\/wp\/v2\/media?parent=8704"}],"wp:term":[{"taxonomy":"category","embeddable":true,"href":"https:\/\/soymigrante.com\/revista\/wp-json\/wp\/v2\/categories?post=8704"},{"taxonomy":"post_tag","embeddable":true,"href":"https:\/\/soymigrante.com\/revista\/wp-json\/wp\/v2\/tags?post=8704"}],"curies":[{"name":"wp","href":"https:\/\/api.w.org\/{rel}","templated":true}]}}