{"id":8692,"date":"2024-09-02T15:41:32","date_gmt":"2024-09-02T21:41:32","guid":{"rendered":"https:\/\/soymigrante.com\/revista\/?p=8692"},"modified":"2024-09-25T15:09:42","modified_gmt":"2024-09-25T21:09:42","slug":"leonel-arenas-conecta-a-migrantes-en-connecticut-con-nobles-causas","status":"publish","type":"post","link":"https:\/\/soymigrante.com\/revista\/leonel-arenas-conecta-a-migrantes-en-connecticut-con-nobles-causas\/","title":{"rendered":"Leonel Arenas conecta a migrantes en Connecticut con nobles causas"},"content":{"rendered":"\t\t<div data-elementor-type=\"wp-post\" data-elementor-id=\"8692\" class=\"elementor elementor-8692\" data-elementor-post-type=\"post\">\n\t\t\t\t<div data-particle_enable=\"false\" data-particle-mobile-disabled=\"false\" class=\"elementor-element elementor-element-9d2cd54 e-flex e-con-boxed e-con e-parent\" data-id=\"9d2cd54\" data-element_type=\"container\" data-e-type=\"container\">\n\t\t\t\t\t<div class=\"e-con-inner\">\n\t\t\t\t<div class=\"elementor-element elementor-element-ce218d2 elementor-widget elementor-widget-heading\" data-id=\"ce218d2\" data-element_type=\"widget\" data-e-type=\"widget\" data-widget_type=\"heading.default\">\n\t\t\t\t\t<h2 class=\"elementor-heading-title elementor-size-default\">El guatemalteco Leonel Arenas organiza un certamen de belleza guatemalteca en Connecticut, pero tambi\u00e9n reune donativos de la comunidad migrante para regalar  pasteles, juguetes, frutas o v\u00edveres en el D\u00eda del Ni\u00f1o o Navidad en su natal La Gomera, Escuintla. Y lo hace sin pregonarlo. Pero por eso  lo contamos aqu\u00ed. <\/h2>\t\t\t\t<\/div>\n\t\t\t\t\t<\/div>\n\t\t\t\t<\/div>\n\t\t<div data-particle_enable=\"false\" data-particle-mobile-disabled=\"false\" class=\"elementor-element elementor-element-a1264e9 e-flex e-con-boxed e-con e-parent\" data-id=\"a1264e9\" data-element_type=\"container\" data-e-type=\"container\">\n\t\t\t\t\t<div class=\"e-con-inner\">\n\t\t\t\t<div class=\"elementor-element elementor-element-0796b10 elementor-widget elementor-widget-text-editor\" data-id=\"0796b10\" data-element_type=\"widget\" data-e-type=\"widget\" data-widget_type=\"text-editor.default\">\n\t\t\t\t\t\t\t\t\t<p>&#8220;De ni\u00f1o viv\u00ed muchas carencias. Yo vengo de la pobreza extrema. Por eso yo digo:\u00a0 Si ahora estoy en un pa\u00eds donde hay, donde las personas dan, no pienso solo en\u00a0 m\u00ed, sino que estoy enfocado en ayudar a aquellos que est\u00e1n sufriendo lo que yo sufr\u00ed&#8221;, dice Leonel Arenas, migrante guatemalteco originario de La Gomera, Escuintla y radicado desde 1998 en Connecticut, EE.UU.<\/p><p>Leonel cuenta sin ambages, que se desempe\u00f1a en el \u00e1rea de limpieza de edificios pr\u00e1cticamente desde su llegada a EE.UU. &#8220;<span style=\"color: var( --e-global-color-text ); text-align: var(--text-align);\">Mi \u00e1rea de trabajo y lo digo con mucho orgullo es el \u00e1rea de la limpieza de oficinas. He trabajado en eso pr\u00e1cticamente desde que vine, porque no vale un t\u00edtulo ni universitario que uno traiga de su pa\u00eds&#8221;.<\/span><\/p><p><span style=\"color: var( --e-global-color-text ); text-align: var(--text-align);\">Leonel tuvo una primera estad\u00eda de 1993 a 1995, debido tragedias de violencia que enlutaron a su familia. Regres\u00f3, al pa\u00eds para ayudarlos, apoyar a sus sobrinos&#8230; pero en 1998 volvi\u00f3 a la Uni\u00f3n Americana.\u00a0<\/span><\/p><p><span style=\"color: var( --e-global-color-text ); text-align: var(--text-align);\">&#8220;En ese 1998 conoc\u00ed una Uni\u00f3n<\/span><span style=\"color: var( --e-global-color-text ); text-align: var(--text-align);\">\u00a0de trabajadores de limpieza, de la cual llegu\u00e9 a ser l\u00edder. Logramos tener un mejor contrato, con mejores beneficios. Estuve varios a\u00f1os en el 32BJ Uni\u00f3n. &#8220;Nos dieron mejor salario, m\u00e1s seguridad en el trabajo, m\u00e1s respeto en el trato, beneficios de salud, vacaciones, permiso por enfermedad&#8221;.<\/span><\/p>\t\t\t\t\t\t\t\t<\/div>\n\t\t\t\t\t<\/div>\n\t\t\t\t<\/div>\n\t\t<div data-particle_enable=\"false\" data-particle-mobile-disabled=\"false\" class=\"elementor-element elementor-element-48571e3 e-flex e-con-boxed e-con e-parent\" data-id=\"48571e3\" data-element_type=\"container\" data-e-type=\"container\">\n\t\t\t\t\t<div class=\"e-con-inner\">\n\t\t\t\t<div class=\"elementor-element elementor-element-33e7b93 elementor-widget elementor-widget-image\" data-id=\"33e7b93\" data-element_type=\"widget\" data-e-type=\"widget\" data-widget_type=\"image.default\">\n\t\t\t\t\t\t\t\t\t\t\t\t<figure class=\"wp-caption\">\n\t\t\t\t\t\t\t\t\t\t<img fetchpriority=\"high\" decoding=\"async\" width=\"768\" height=\"574\" src=\"https:\/\/soymigrante.com\/revista\/wp-content\/uploads\/2024\/09\/903139_608275805867481_66350617_o-1024x765.webp\" class=\"attachment-large size-large wp-image-8698\" alt=\"Manifestante en protesta pol\u00edtica hablando en una conferencia en exteriores, con un grupo diverso de asistentes y un cartel que dice &quot;PS4D&quot;.\" srcset=\"https:\/\/soymigrante.com\/revista\/wp-content\/uploads\/2024\/09\/903139_608275805867481_66350617_o-1024x765.webp 1024w, https:\/\/soymigrante.com\/revista\/wp-content\/uploads\/2024\/09\/903139_608275805867481_66350617_o-300x224.webp 300w, https:\/\/soymigrante.com\/revista\/wp-content\/uploads\/2024\/09\/903139_608275805867481_66350617_o-768x574.webp 768w, https:\/\/soymigrante.com\/revista\/wp-content\/uploads\/2024\/09\/903139_608275805867481_66350617_o-750x560.webp 750w, https:\/\/soymigrante.com\/revista\/wp-content\/uploads\/2024\/09\/903139_608275805867481_66350617_o-1140x851.webp 1140w, https:\/\/soymigrante.com\/revista\/wp-content\/uploads\/2024\/09\/903139_608275805867481_66350617_o.webp 1296w\" sizes=\"(max-width: 768px) 100vw, 768px\" title=\"En 2013, como parte de un sindicato de trabajadores de limpieza, Leonel Arenas apoy\u00f3 normativas para mejora salarial, derechos laborales y tambi\u00e9n legislaci\u00f3n de conducci\u00f3n segura, en Connecticut. Foto de 2013 frente al Congreso de Connecticut. (Foto FB Leonel Arenas) \u2013 SoyMigrante.com REVISTA\" \/>\t\t\t\t\t\t\t\t\t\t\t<figcaption class=\"widget-image-caption wp-caption-text\">Protesta y discurso pol\u00edtico en la v\u00eda p\u00fablica, imagen que refleja movilizaci\u00f3n social y participaci\u00f3n democr\u00e1tica en un acto de expresi\u00f3n ciudadana.<\/figcaption>\n\t\t\t\t\t\t\t\t\t\t<\/figure>\n\t\t\t\t\t\t\t\t\t<\/div>\n\t\t\t\t\t<\/div>\n\t\t\t\t<\/div>\n\t\t<div data-particle_enable=\"false\" data-particle-mobile-disabled=\"false\" class=\"elementor-element elementor-element-a9d402a e-flex e-con-boxed e-con e-parent\" data-id=\"a9d402a\" data-element_type=\"container\" data-e-type=\"container\">\n\t\t\t\t\t<div class=\"e-con-inner\">\n\t\t\t\t<div class=\"elementor-element elementor-element-2d75816 elementor-widget elementor-widget-heading\" data-id=\"2d75816\" data-element_type=\"widget\" data-e-type=\"widget\" data-widget_type=\"heading.default\">\n\t\t\t\t\t<h3 class=\"elementor-heading-title elementor-size-default\">Solidario con su pueblo y sus compatriotas<\/h3>\t\t\t\t<\/div>\n\t\t\t\t\t<\/div>\n\t\t\t\t<\/div>\n\t\t<div data-particle_enable=\"false\" data-particle-mobile-disabled=\"false\" class=\"elementor-element elementor-element-5df02a7 e-flex e-con-boxed e-con e-parent\" data-id=\"5df02a7\" data-element_type=\"container\" data-e-type=\"container\">\n\t\t\t\t\t<div class=\"e-con-inner\">\n\t\t\t\t<div class=\"elementor-element elementor-element-8601f72 elementor-widget elementor-widget-text-editor\" data-id=\"8601f72\" data-element_type=\"widget\" data-e-type=\"widget\" data-widget_type=\"text-editor.default\">\n\t\t\t\t\t\t\t\t\t<p>Gracias a la confianza generada en la comunidad, Leonel impulsa colectas de recursos para la compra de escritorios y \u00fatiles escolares para escuelas de La Gomera, Escuintla; tambi\u00e9n juguetes y pasteles para el D\u00eda del Ni\u00f1o.\u00a0<\/p><p>&#8220;El a\u00f1o pasado regalamos 400 pasteles, para que cada\u00a0 ni\u00f1o tuviera la oportunidad de ser feliz en su d\u00eda&#8221;, cuenta. &#8220;S\u00e9 que es un gesto sencillo, que no resuelve los problemas, pero es un abrazo para ellos de la comunidad guatemalteca. Porque no es Leonel Arenas el que da esos regalos: son todos los guatemaltecos que se solidarizan desde Stamford, Connecticut&#8221;, expresa.<\/p>\t\t\t\t\t\t\t\t<\/div>\n\t\t\t\t\t<\/div>\n\t\t\t\t<\/div>\n\t\t<div data-particle_enable=\"false\" data-particle-mobile-disabled=\"false\" class=\"elementor-element elementor-element-68d53eb e-flex e-con-boxed e-con e-parent\" data-id=\"68d53eb\" data-element_type=\"container\" data-e-type=\"container\">\n\t\t\t\t\t<div class=\"e-con-inner\">\n\t\t\t\t<div class=\"elementor-element elementor-element-b0e7456 elementor-widget elementor-widget-facebook-embed\" data-id=\"b0e7456\" data-element_type=\"widget\" data-e-type=\"widget\" data-widget_type=\"facebook-embed.default\">\n\t\t\t\t\t<div style=\"min-height: 1px\" class=\"elementor-facebook-widget fb-video\" data-href=\"https:\/\/fb.watch\/ulUiS2d-jp\/\" data-show-text=\"false\" data-allowfullscreen=\"false\" data-autoplay=\"false\" data-show-captions=\"false\"><\/div>\t\t\t\t<\/div>\n\t\t\t\t\t<\/div>\n\t\t\t\t<\/div>\n\t\t<div data-particle_enable=\"false\" data-particle-mobile-disabled=\"false\" class=\"elementor-element elementor-element-a8d81c6 e-flex e-con-boxed e-con e-parent\" data-id=\"a8d81c6\" data-element_type=\"container\" data-e-type=\"container\">\n\t\t\t\t\t<div class=\"e-con-inner\">\n\t\t\t\t<div class=\"elementor-element elementor-element-c70be4e elementor-widget elementor-widget-heading\" data-id=\"c70be4e\" data-element_type=\"widget\" data-e-type=\"widget\" data-widget_type=\"heading.default\">\n\t\t\t\t\t<h3 class=\"elementor-heading-title elementor-size-default\">Conectados con causas nobles<\/h3>\t\t\t\t<\/div>\n\t\t\t\t\t<\/div>\n\t\t\t\t<\/div>\n\t\t<div data-particle_enable=\"false\" data-particle-mobile-disabled=\"false\" class=\"elementor-element elementor-element-48cdfb7 e-flex e-con-boxed e-con e-parent\" data-id=\"48cdfb7\" data-element_type=\"container\" data-e-type=\"container\">\n\t\t\t\t\t<div class=\"e-con-inner\">\n\t\t\t\t<div class=\"elementor-element elementor-element-0ccb158 elementor-widget elementor-widget-text-editor\" data-id=\"0ccb158\" data-element_type=\"widget\" data-e-type=\"widget\" data-widget_type=\"text-editor.default\">\n\t\t\t\t\t\t\t\t\t<p><span style=\"color: var( --e-global-color-text ); text-align: var(--text-align);\">Dentro de las causas que se ha podido apoyar, a trav\u00e9s del entusiasmo de Arenas, figuran necesidades de guatemaltecos en EE.UU. y tambi\u00e9n en Escuintla. La motivaci\u00f3n surgi\u00f3 a partir del fallecimiento de una familiar de Arenas.\u00a0<\/span><\/p><p><span style=\"color: var( --e-global-color-text ); text-align: var(--text-align);\">&#8220;Mi hermana falleci\u00f3 hace siete a\u00f1os de c\u00e1ncer, pero a ra\u00edz de eso me qued\u00e9 pensando cu\u00e1ntas personas hay enfermas o con un hijo en el hospital. Por eso exponemos las causas a los migrantes y si alguien desea colaborar, reunimos la ayuda y la entregamos&#8221;, explica, Leonel.\u00a0<\/span><\/p><p><span style=\"color: var( --e-global-color-text ); text-align: var(--text-align);\">Entre los apoyos m\u00e1s frecuentes est\u00e1n:<\/span><\/p><ul><li><span style=\"color: var( --e-global-color-text ); text-align: var(--text-align);\">Donaci\u00f3n de sillas de ruedas para personas discapacitadas o adultos mayores<\/span><\/li><li>Entrega de v\u00edveres a adultos mayores de escasos recursos<\/li><li>Colectas para agilizar la repatriaci\u00f3n de restos de migrantes guatemaltecos fallecidos en EE.UU.<\/li><li>Donaci\u00f3n de pr\u00f3tesis a personas que sufrieron accidentes<\/li><li>Donaci\u00f3n de medicinas a pacientes de enfermedades cr\u00f3nicas en La Gomera.<\/li><li>Ayuda para tratamientos m\u00e9dicos e intervenciones quir\u00fargicas&#8230; y m\u00e1s. Todo se ase por puro altruismo y humanidad, sin ning\u00fan inter\u00e9s pol\u00edtico.<\/li><\/ul><p>&#8220;En ocasiones se han acercado algunos candidatos o alcaldes para tratar de ver c\u00f3mo\u00a0 logran asociarse a estos apoyos, pero es algo apol\u00edtico, sin inter\u00e9s y totalmente voluntario&#8221;, explica Leonel Arenas.\u00a0<\/p><p>&#8220;Todo esto no lo hago para presumir, sino para servir. Si lo divulgamos en las redes sociales es para que los donantes vean a donde va su bondad, y a muchos les conmueve ver la alegr\u00eda que da su conaci\u00f3n&#8221;.<\/p>\t\t\t\t\t\t\t\t<\/div>\n\t\t\t\t\t<\/div>\n\t\t\t\t<\/div>\n\t\t<div data-particle_enable=\"false\" data-particle-mobile-disabled=\"false\" class=\"elementor-element elementor-element-eee36f7 e-flex e-con-boxed e-con e-parent\" data-id=\"eee36f7\" data-element_type=\"container\" data-e-type=\"container\">\n\t\t\t\t\t<div class=\"e-con-inner\">\n\t\t\t\t<div class=\"elementor-element elementor-element-4cfa64e elementor-widget elementor-widget-image\" data-id=\"4cfa64e\" data-element_type=\"widget\" data-e-type=\"widget\" data-widget_type=\"image.default\">\n\t\t\t\t\t\t\t\t\t\t\t\t<figure class=\"wp-caption\">\n\t\t\t\t\t\t\t\t\t\t<img decoding=\"async\" width=\"768\" height=\"432\" src=\"https:\/\/soymigrante.com\/revista\/wp-content\/uploads\/2024\/09\/leonel-arenas-migrante-3.webp\" class=\"attachment-large size-large wp-image-8699\" alt=\"Celebraci\u00f3n infantil con globos y decoraciones coloridas en un espacio al aire libre, ni\u00f1os disfrutando de la fiesta, ambiente festivo y alegre con mesas decoradas y actividades para ni\u00f1os.\" srcset=\"https:\/\/soymigrante.com\/revista\/wp-content\/uploads\/2024\/09\/leonel-arenas-migrante-3.webp 960w, https:\/\/soymigrante.com\/revista\/wp-content\/uploads\/2024\/09\/leonel-arenas-migrante-3-300x169.webp 300w, https:\/\/soymigrante.com\/revista\/wp-content\/uploads\/2024\/09\/leonel-arenas-migrante-3-768x432.webp 768w, https:\/\/soymigrante.com\/revista\/wp-content\/uploads\/2024\/09\/leonel-arenas-migrante-3-750x422.webp 750w\" sizes=\"(max-width: 768px) 100vw, 768px\" title=\"Festejo del D\u00eda del Ni\u00f1o en 2023, en una escuela de La Gomera, Escuintla, organizado con apoyo de migrantes guatemaltecos en Connecticut, que conf\u00edan en la total integridad del guatemalteco Leonel Arenas. \u2013 SoyMigrante.com REVISTA\" \/>\t\t\t\t\t\t\t\t\t\t\t<figcaption class=\"widget-image-caption wp-caption-text\">Fiesta infantil con ni\u00f1os, globos y decoraciones alegres en un espacio al aire libre, celebraci\u00f3n con m\u00fasica y diversi\u00f3n para los m\u00e1s peque\u00f1os.<\/figcaption>\n\t\t\t\t\t\t\t\t\t\t<\/figure>\n\t\t\t\t\t\t\t\t\t<\/div>\n\t\t\t\t\t<\/div>\n\t\t\t\t<\/div>\n\t\t<div data-particle_enable=\"false\" data-particle-mobile-disabled=\"false\" class=\"elementor-element elementor-element-793078a e-flex e-con-boxed e-con e-parent\" data-id=\"793078a\" data-element_type=\"container\" data-e-type=\"container\">\n\t\t\t\t\t<div class=\"e-con-inner\">\n\t\t\t\t<div class=\"elementor-element elementor-element-9fea79b elementor-widget elementor-widget-heading\" data-id=\"9fea79b\" data-element_type=\"widget\" data-e-type=\"widget\" data-widget_type=\"heading.default\">\n\t\t\t\t\t<h3 class=\"elementor-heading-title elementor-size-default\">Apoyo a la comunidad migrante<\/h3>\t\t\t\t<\/div>\n\t\t\t\t\t<\/div>\n\t\t\t\t<\/div>\n\t\t<div data-particle_enable=\"false\" data-particle-mobile-disabled=\"false\" class=\"elementor-element elementor-element-b28b87d e-flex e-con-boxed e-con e-parent\" data-id=\"b28b87d\" data-element_type=\"container\" data-e-type=\"container\">\n\t\t\t\t\t<div class=\"e-con-inner\">\n\t\t\t\t<div class=\"elementor-element elementor-element-a15a29a elementor-widget elementor-widget-text-editor\" data-id=\"a15a29a\" data-element_type=\"widget\" data-e-type=\"widget\" data-widget_type=\"text-editor.default\">\n\t\t\t\t\t\t\t\t\t<p>En junio de 2024, cuando un grupo de migrantes guatemaltecos acudi\u00f3 a visitar oficinas de congresistas y asesores en Washington D.C., a fin de fortalecer la solicitud de Estatus de Protecci\u00f3n Temporal, o TPS, para Guatemala, Leonel Arenas particip\u00f3 junto a otros l\u00edderes de varios Estados.\u00a0<\/p><p>&#8220;Haber estado en el Sindicato o Uni\u00f3n como aqu\u00ed se le llama, me abri\u00f3 muchas oportunidades, conoc\u00ed personas y eso es importante a la hora de impulsar una causa como el TPS&#8221;, dice.<\/p><p>Considera que los guatemaltecos migrantes se merecen un TPS, porque en mayor\u00eda llegan a aportar, esforzarse y progresar.\u00a0<\/p><p>&#8220;Uno como guatemalteco viene a desenvolverse. Hay muchas oportunidades de crecer aqu\u00ed y solo dependen de\u00a0<span style=\"color: var( --e-global-color-text ); text-align: var(--text-align);\">las ganas que le quiera echar porque hay algunas personas, que lamentablemente vienen a perder su tiempo e involucrarse en cosas indebidas. Pero la mayor\u00eda viene a trabajar&#8221;, expone con franqueza.<\/span><\/p>\t\t\t\t\t\t\t\t<\/div>\n\t\t\t\t\t<\/div>\n\t\t\t\t<\/div>\n\t\t<div data-particle_enable=\"false\" data-particle-mobile-disabled=\"false\" class=\"elementor-element elementor-element-fad8d6d e-flex e-con-boxed e-con e-parent\" data-id=\"fad8d6d\" data-element_type=\"container\" data-e-type=\"container\">\n\t\t\t\t\t<div class=\"e-con-inner\">\n\t\t\t\t<div class=\"elementor-element elementor-element-75150c6 elementor-arrows-position-inside elementor-pagination-position-outside elementor-widget elementor-widget-image-carousel\" data-id=\"75150c6\" data-element_type=\"widget\" data-e-type=\"widget\" data-settings=\"{&quot;slides_to_show&quot;:&quot;1&quot;,&quot;navigation&quot;:&quot;both&quot;,&quot;autoplay&quot;:&quot;yes&quot;,&quot;pause_on_hover&quot;:&quot;yes&quot;,&quot;pause_on_interaction&quot;:&quot;yes&quot;,&quot;autoplay_speed&quot;:5000,&quot;infinite&quot;:&quot;yes&quot;,&quot;effect&quot;:&quot;slide&quot;,&quot;speed&quot;:500}\" data-widget_type=\"image-carousel.default\">\n\t\t\t\t\t\t\t<div class=\"elementor-image-carousel-wrapper swiper\" role=\"region\" aria-roledescription=\"carousel\" aria-label=\"Carrusel de im\u00e1genes\" dir=\"ltr\">\n\t\t\t<div class=\"elementor-image-carousel swiper-wrapper\" aria-live=\"off\">\n\t\t\t\t\t\t\t\t<div class=\"swiper-slide\" role=\"group\" aria-roledescription=\"slide\" aria-label=\"1 de 2\"><figure class=\"swiper-slide-inner\"><img decoding=\"async\" class=\"swiper-slide-image\" src=\"https:\/\/soymigrante.com\/revista\/wp-content\/uploads\/2024\/09\/leonel-arenas-migrante-4-e1727933055294-1024x647.webp\" alt=\"Obreros migrantes apoyando derechos laborales en manifestaci\u00f3n en Washington.\" \/><figcaption class=\"elementor-image-carousel-caption\">Celebraci\u00f3n de cultura y derechos de inmigrantes migrantes en evento en Washington, con participaci\u00f3n de comunidades latinoamericanas.<\/figcaption><\/figure><\/div><div class=\"swiper-slide\" role=\"group\" aria-roledescription=\"slide\" aria-label=\"2 de 2\"><figure class=\"swiper-slide-inner\"><img decoding=\"async\" class=\"swiper-slide-image\" src=\"https:\/\/soymigrante.com\/revista\/wp-content\/uploads\/2024\/09\/leonel-arenas-migrante-5-1024x768.webp\" alt=\"Migrantes guatemaltecos participando en una manifestaci\u00f3n en Washington, destacando la comunidad guatemalteca en el extranjero y sus derechos.\" \/><figcaption class=\"elementor-image-carousel-caption\">Protesta de la comunidad guatemalteca en Washington, D.C., para defender los derechos de migrantes y fortalecer la identidad cultural entre la di\u00e1spora.<\/figcaption><\/figure><\/div>\t\t\t<\/div>\n\t\t\t\t\t\t\t\t\t\t\t\t<div class=\"elementor-swiper-button elementor-swiper-button-prev\" role=\"button\" tabindex=\"0\">\n\t\t\t\t\t\t<i aria-hidden=\"true\" class=\"eicon-chevron-left\"><\/i>\t\t\t\t\t<\/div>\n\t\t\t\t\t<div class=\"elementor-swiper-button elementor-swiper-button-next\" role=\"button\" tabindex=\"0\">\n\t\t\t\t\t\t<i aria-hidden=\"true\" class=\"eicon-chevron-right\"><\/i>\t\t\t\t\t<\/div>\n\t\t\t\t\n\t\t\t\t\t\t\t\t\t<div class=\"swiper-pagination\"><\/div>\n\t\t\t\t\t\t\t\t\t<\/div>\n\t\t\t\t\t\t<\/div>\n\t\t\t\t\t<\/div>\n\t\t\t\t<\/div>\n\t\t<div data-particle_enable=\"false\" data-particle-mobile-disabled=\"false\" class=\"elementor-element elementor-element-01a25ca e-flex e-con-boxed e-con e-parent\" data-id=\"01a25ca\" data-element_type=\"container\" data-e-type=\"container\">\n\t\t\t\t\t<div class=\"e-con-inner\">\n\t\t\t\t<div class=\"elementor-element elementor-element-2f4c9dc elementor-widget elementor-widget-heading\" data-id=\"2f4c9dc\" data-element_type=\"widget\" data-e-type=\"widget\" data-widget_type=\"heading.default\">\n\t\t\t\t\t<h3 class=\"elementor-heading-title elementor-size-default\">\u00bfY el certamen de belleza?<\/h3>\t\t\t\t<\/div>\n\t\t\t\t\t<\/div>\n\t\t\t\t<\/div>\n\t\t<div data-particle_enable=\"false\" data-particle-mobile-disabled=\"false\" class=\"elementor-element elementor-element-d2c7b49 e-flex e-con-boxed e-con e-parent\" data-id=\"d2c7b49\" data-element_type=\"container\" data-e-type=\"container\">\n\t\t\t\t\t<div class=\"e-con-inner\">\n\t\t\t\t<div class=\"elementor-element elementor-element-fadb4b3 elementor-widget elementor-widget-text-editor\" data-id=\"fadb4b3\" data-element_type=\"widget\" data-e-type=\"widget\" data-widget_type=\"text-editor.default\">\n\t\t\t\t\t\t\t\t\t<p>Con motivo de las fiestas patrias guatemaltecas de septiembre, Leonel empez\u00f3 a organizar en 2013 un evento de belleza para la mujer guatemalteca migrante. El pr\u00f3ximo 8 de septiembre ser\u00e1 la velada 2024, en la que se elegir\u00e1 a Se\u00f1ora Independencia Guatemala, Se\u00f1orita Cultura Guatemala y ni\u00f1a Monja Blanca.<\/p><p>&#8220;Por varios a\u00f1os lo organizamos con un grupo, pero a la larga yo terminaba haciendo de todo: conseguir a las candidatas, las coronas, las bandas, los premios, los cantantes&#8230; todo. Y este a\u00f1o seguimos, estamos enlos preparativos. Esta velada se hace una semana antes del\u00a0<span style=\"color: var( --e-global-color-text ); text-align: var(--text-align);\">15 de septiembre.\u00a0 Estamos montando el show y ultimando detalles&#8221;, explica\u00a0 Leonel.<\/span><\/p><p><span style=\"color: var( --e-global-color-text ); text-align: var(--text-align);\">Este a\u00f1o, dentro del acto c\u00edvico, durante la elecci\u00f3n, se entregar\u00e1 un reconocimiento al Comisionado de Polic\u00eda de la ciudad de Stamford, por su aporte a la comunidad.<\/span><\/p>\t\t\t\t\t\t\t\t<\/div>\n\t\t\t\t\t<\/div>\n\t\t\t\t<\/div>\n\t\t<div data-particle_enable=\"false\" data-particle-mobile-disabled=\"false\" class=\"elementor-element elementor-element-9d7d505 e-flex e-con-boxed e-con e-parent\" data-id=\"9d7d505\" data-element_type=\"container\" data-e-type=\"container\">\n\t\t\t\t\t<div class=\"e-con-inner\">\n\t\t\t\t<div class=\"elementor-element elementor-element-7623dbb elementor-invisible elementor-widget elementor-widget-image\" data-id=\"7623dbb\" data-element_type=\"widget\" data-e-type=\"widget\" data-settings=\"{&quot;motion_fx_motion_fx_mouse&quot;:&quot;yes&quot;,&quot;motion_fx_tilt_effect&quot;:&quot;yes&quot;,&quot;motion_fx_tilt_direction&quot;:&quot;negative&quot;,&quot;motion_fx_tilt_speed&quot;:{&quot;unit&quot;:&quot;px&quot;,&quot;size&quot;:1.1,&quot;sizes&quot;:[]},&quot;_animation&quot;:&quot;fadeInDown&quot;}\" data-widget_type=\"image.default\">\n\t\t\t\t\t\t\t\t\t\t\t\t<figure class=\"wp-caption\">\n\t\t\t\t\t\t\t\t\t\t<img decoding=\"async\" width=\"720\" height=\"960\" src=\"https:\/\/soymigrante.com\/revista\/wp-content\/uploads\/2024\/09\/leonel-arenas-migrante.webp\" class=\"attachment-large size-large wp-image-9741\" alt=\"Bandera de Guatemala, hombre con traje y saco con banda presidencial, en ciudad con edificios modernos y comida callejera, celebrando la cultura guatemalteca en el extranjero, revista SoyMigrante.com REVISTA.\" srcset=\"https:\/\/soymigrante.com\/revista\/wp-content\/uploads\/2024\/09\/leonel-arenas-migrante.webp 720w, https:\/\/soymigrante.com\/revista\/wp-content\/uploads\/2024\/09\/leonel-arenas-migrante-225x300.webp 225w\" sizes=\"(max-width: 720px) 100vw, 720px\" title=\"Esta imagen es muy importante porque marca el momento en que Leonel Arenas fue reconocido con la orden Don Quijote, en Nueva York, por sus esfuerzos y aportes en favor de la comunidad hispana.  Bajo este galard\u00f3n particip\u00f3 en el Desfile de la Hispanidad en 2019 \u2013 SoyMigrante.com REVISTA\" \/>\t\t\t\t\t\t\t\t\t\t\t<figcaption class=\"widget-image-caption wp-caption-text\">Guatemala, celebraci\u00f3n cultural, emigrantes, comunidad guatemalteca en el extranjero, orgullo nacional.<\/figcaption>\n\t\t\t\t\t\t\t\t\t\t<\/figure>\n\t\t\t\t\t\t\t\t\t<\/div>\n\t\t\t\t\t<\/div>\n\t\t\t\t<\/div>\n\t\t<div data-particle_enable=\"false\" data-particle-mobile-disabled=\"false\" class=\"elementor-element elementor-element-324fdc9 e-flex e-con-boxed e-con e-parent\" data-id=\"324fdc9\" data-element_type=\"container\" data-e-type=\"container\">\n\t\t\t\t\t<div class=\"e-con-inner\">\n\t\t\t\t<div class=\"elementor-element elementor-element-fc3bf29 elementor-widget elementor-widget-heading\" data-id=\"fc3bf29\" data-element_type=\"widget\" data-e-type=\"widget\" data-widget_type=\"heading.default\">\n\t\t\t\t\t<h3 class=\"elementor-heading-title elementor-size-default\">El sue\u00f1o m\u00e1s grande de Leonel<\/h3>\t\t\t\t<\/div>\n\t\t\t\t\t<\/div>\n\t\t\t\t<\/div>\n\t\t<div data-particle_enable=\"false\" data-particle-mobile-disabled=\"false\" class=\"elementor-element elementor-element-3394943 e-flex e-con-boxed e-con e-parent\" data-id=\"3394943\" data-element_type=\"container\" data-e-type=\"container\">\n\t\t\t\t\t<div class=\"e-con-inner\">\n\t\t\t\t<div class=\"elementor-element elementor-element-ed256a1 elementor-widget elementor-widget-text-editor\" data-id=\"ed256a1\" data-element_type=\"widget\" data-e-type=\"widget\" data-widget_type=\"text-editor.default\">\n\t\t\t\t\t\t\t\t\t<p>Adem\u00e1s de continuar integrando a la comunidad guatemalteca y generando acciones de uni\u00f3n, Leonel Arenas tiene un gran sue\u00f1o:\u00a0<\/p><p>&#8220;V<span style=\"text-align: var(--text-align);\">olver a mi pa\u00eds y poder irme a disfrutar a mi familia, a mis amigos, porque pues ya son 26 a\u00f1os en Estados Unidos. Lamentablemente, pues todav\u00eda sin poder viajar. Entonces ese es uno de mis sue\u00f1os. Recientemente recib\u00ed a mi hija de Guatemala que ten\u00eda 26 a\u00f1os de no verla. La dej\u00e9 de 12 a\u00f1os. Logr\u00f3 que le dieran su visa y ahora tiene 38. Me d\u00ed cuenta c\u00f3mo el tiempo pasa tan r\u00e1pido y ese es el gran costo que tiene la vida, el sacrificio migrante&#8221;.<\/span><\/p><div><span style=\"color: var( --e-global-color-text ); text-align: var(--text-align);\">\u00a0<\/span><\/div>\t\t\t\t\t\t\t\t<\/div>\n\t\t\t\t\t<\/div>\n\t\t\t\t<\/div>\n\t\t<div data-particle_enable=\"false\" data-particle-mobile-disabled=\"false\" class=\"elementor-element elementor-element-421a885 e-flex e-con-boxed e-con e-parent\" data-id=\"421a885\" data-element_type=\"container\" data-e-type=\"container\">\n\t\t\t\t\t<div class=\"e-con-inner\">\n\t\t\t\t<div class=\"elementor-element elementor-element-ae1d48f elementor-widget elementor-widget-heading\" data-id=\"ae1d48f\" data-element_type=\"widget\" data-e-type=\"widget\" data-widget_type=\"heading.default\">\n\t\t\t\t\t<h4 class=\"elementor-heading-title elementor-size-default\">Se reuni\u00f3 con su hija despu\u00e9s de 26 a\u00f1os y conoci\u00f3 a sus nietas<\/h4>\t\t\t\t<\/div>\n\t\t\t\t\t<\/div>\n\t\t\t\t<\/div>\n\t\t<div data-particle_enable=\"false\" data-particle-mobile-disabled=\"false\" class=\"elementor-element elementor-element-b0b201f e-flex e-con-boxed e-con e-parent\" data-id=\"b0b201f\" data-element_type=\"container\" data-e-type=\"container\">\n\t\t\t\t\t<div class=\"e-con-inner\">\n\t\t\t\t<div class=\"elementor-element elementor-element-ed0e1d0 elementor-widget elementor-widget-image\" data-id=\"ed0e1d0\" data-element_type=\"widget\" data-e-type=\"widget\" data-widget_type=\"image.default\">\n\t\t\t\t\t\t\t\t\t\t\t\t\t\t\t<img loading=\"lazy\" decoding=\"async\" width=\"768\" height=\"1024\" src=\"https:\/\/soymigrante.com\/revista\/wp-content\/uploads\/2024\/09\/leonel-arenas-768x1024.webp\" class=\"attachment-large size-large wp-image-8703\" alt=\"Sonriente grupo de migrantes en aeropuerto, recibiendo a sus seres queridos con flores y globos en un emotivo reencuentro. Emociones y uni\u00f3n familiar en el contexto de la migraci\u00f3n y la bienvenida.\" srcset=\"https:\/\/soymigrante.com\/revista\/wp-content\/uploads\/2024\/09\/leonel-arenas-768x1024.webp 768w, https:\/\/soymigrante.com\/revista\/wp-content\/uploads\/2024\/09\/leonel-arenas-225x300.webp 225w, https:\/\/soymigrante.com\/revista\/wp-content\/uploads\/2024\/09\/leonel-arenas-1152x1536.webp 1152w, https:\/\/soymigrante.com\/revista\/wp-content\/uploads\/2024\/09\/leonel-arenas-750x1000.webp 750w, https:\/\/soymigrante.com\/revista\/wp-content\/uploads\/2024\/09\/leonel-arenas-1140x1520.webp 1140w, https:\/\/soymigrante.com\/revista\/wp-content\/uploads\/2024\/09\/leonel-arenas.webp 1200w\" sizes=\"(max-width: 768px) 100vw, 768px\" title=\"Cuando Leonel Arenas sali\u00f3 de Guatemala su hija ten\u00eda 12 a\u00f1os. Este a\u00f1o pudo reencontrarse por fin con ella. Han pasado 26 a\u00f1os... as\u00ed que no vino sola, sino con sus nietas a quienes pudo conocer y abrazar. \u2013 SoyMigrante.com REVISTA\" \/>\t\t\t\t\t\t\t\t\t\t\t\t\t\t\t<\/div>\n\t\t\t\t\t<\/div>\n\t\t\t\t<\/div>\n\t\t<div data-particle_enable=\"false\" data-particle-mobile-disabled=\"false\" class=\"elementor-element elementor-element-61b5d1b e-flex e-con-boxed e-con e-parent\" data-id=\"61b5d1b\" data-element_type=\"container\" data-e-type=\"container\">\n\t\t\t\t\t<div class=\"e-con-inner\">\n\t\t\t\t<div class=\"elementor-element elementor-element-794eea1 elementor-widget elementor-widget-text-editor\" data-id=\"794eea1\" data-element_type=\"widget\" data-e-type=\"widget\" data-widget_type=\"text-editor.default\">\n\t\t\t\t\t\t\t\t\t<p>Mientras tanto Leonel ARenas sigue adelante, impulsando los valores guatemaltecos, la unidad entre hispanos y la hermandad entre migrantes. Con frecuencia anuncia las fechas de consulados m\u00f3viles en Connecticut, impulsa la participaci\u00f3n en actividades c\u00edvicas y sobre todo, sigue demostrando su gran amor por Guatemala.<\/p>\t\t\t\t\t\t\t\t<\/div>\n\t\t\t\t\t<\/div>\n\t\t\t\t<\/div>\n\t\t<div data-particle_enable=\"false\" data-particle-mobile-disabled=\"false\" class=\"elementor-element elementor-element-c5836ee e-flex e-con-boxed e-con e-parent\" data-id=\"c5836ee\" data-element_type=\"container\" data-e-type=\"container\">\n\t\t\t\t\t<div class=\"e-con-inner\">\n\t\t\t\t<div class=\"elementor-element elementor-element-1848d70 elementor-widget elementor-widget-video\" data-id=\"1848d70\" data-element_type=\"widget\" data-e-type=\"widget\" data-settings=\"{&quot;youtube_url&quot;:&quot;https:\\\/\\\/www.youtube.com\\\/watch?v=_ujFC8VW1kU&quot;,&quot;video_type&quot;:&quot;youtube&quot;,&quot;controls&quot;:&quot;yes&quot;}\" data-widget_type=\"video.default\">\n\t\t\t\t\t\t\t<div class=\"elementor-wrapper elementor-open-inline\">\n\t\t\t<div class=\"elementor-video\"><\/div>\t\t<\/div>\n\t\t\t\t\t\t<\/div>\n\t\t\t\t\t<\/div>\n\t\t\t\t<\/div>\n\t\t<div data-particle_enable=\"false\" data-particle-mobile-disabled=\"false\" class=\"elementor-element elementor-element-a432257 e-flex e-con-boxed e-con e-parent\" data-id=\"a432257\" data-element_type=\"container\" data-e-type=\"container\">\n\t\t\t\t\t<div class=\"e-con-inner\">\n\t\t\t\t<div class=\"elementor-element elementor-element-7b46337 elementor-widget elementor-widget-heading\" data-id=\"7b46337\" data-element_type=\"widget\" data-e-type=\"widget\" data-widget_type=\"heading.default\">\n\t\t\t\t\t<h2 class=\"elementor-heading-title elementor-size-default\">Cada historia es una inspiraci\u00f3n de valor<\/h2>\t\t\t\t<\/div>\n\t\t\t\t\t<\/div>\n\t\t\t\t<\/div>\n\t\t<div data-particle_enable=\"false\" data-particle-mobile-disabled=\"false\" class=\"elementor-element elementor-element-629ccd9 e-flex e-con-boxed e-con e-parent\" data-id=\"629ccd9\" data-element_type=\"container\" data-e-type=\"container\">\n\t\t\t\t\t<div class=\"e-con-inner\">\n\t\t\t\t<div class=\"elementor-element elementor-element-f49a928 elementor-grid-eael-col-3 elementor-grid-tablet-eael-col-2 elementor-grid-mobile-eael-col-1 elementor-widget elementor-widget-eael-post-grid\" data-id=\"f49a928\" data-element_type=\"widget\" data-e-type=\"widget\" data-settings=\"{&quot;eael_post_grid_columns&quot;:&quot;eael-col-3&quot;,&quot;eael_post_grid_columns_tablet&quot;:&quot;eael-col-2&quot;,&quot;eael_post_grid_columns_mobile&quot;:&quot;eael-col-1&quot;}\" data-widget_type=\"eael-post-grid.default\">\n\t\t\t\t\t<div id=\"eael-post-grid-f49a928\" class=\"eael-post-grid-container\">\n            <div class=\"eael-post-grid eael-post-appender eael-post-appender-f49a928 eael-post-grid-style-one\" data-layout-mode=\"masonry\"><article class=\"eael-grid-post  eael-post-grid-column eael-pg-post-4423 category-exitos\" data-id=\"4423\">\n        <div class=\"eael-grid-post-holder\">\n            <div class=\"eael-grid-post-holder-inner\"><div class=\"eael-entry-media\"><div class=\"eael-entry-overlay fade-in\"><i class=\"far fa-hand-pointer\" aria-hidden=\"true\"><\/i><a href=\"https:\/\/soymigrante.com\/revista\/chef-migrante-guatemalteca-veronica-celada-oklahoma-solidaridad-premiada\/\"><\/a><\/div><div class=\"eael-entry-thumbnail \">\n                <img loading=\"lazy\" decoding=\"async\" width=\"720\" height=\"720\" src=\"https:\/\/soymigrante.com\/revista\/wp-content\/uploads\/2024\/08\/veronica-zelada-cafe.webp\" class=\"attachment-large size-large wp-image-8121\" alt=\"Disfruta del arte y la cultura con una mujer mayor vestida con ropa tradicional mexicana y sombrero colorido, sosteniendo una taza de caf\u00e9 en un fondo rojo.\" srcset=\"https:\/\/soymigrante.com\/revista\/wp-content\/uploads\/2024\/08\/veronica-zelada-cafe.webp 720w, https:\/\/soymigrante.com\/revista\/wp-content\/uploads\/2024\/08\/veronica-zelada-cafe-300x300.webp 300w, https:\/\/soymigrante.com\/revista\/wp-content\/uploads\/2024\/08\/veronica-zelada-cafe-150x150.webp 150w, https:\/\/soymigrante.com\/revista\/wp-content\/uploads\/2024\/08\/veronica-zelada-cafe-75x75.webp 75w\" sizes=\"(max-width: 720px) 100vw, 720px\" \/>\n            <\/div>\n        <\/div><div class=\"eael-entry-wrapper\"><header class=\"eael-entry-header\"><h2 class=\"eael-entry-title\"><a class=\"eael-grid-post-link\" href=\"https:\/\/soymigrante.com\/revista\/chef-migrante-guatemalteca-veronica-celada-oklahoma-solidaridad-premiada\/\" title=\"Chef chapina Ver\u00f3nica Zelada es nominada a Mujer del A\u00f1o 2024 en Oklahoma\">Chef chapina Ver\u00f3nica Zelada es nominada a Mujer del A\u00f1o 2024 en Oklahoma<\/a><\/h2><\/header><div class=\"eael-entry-content\">\n                        <div class=\"eael-grid-post-excerpt\"><a href=\"https:\/\/soymigrante.com\/revista\/chef-migrante-guatemalteca-veronica-celada-oklahoma-solidaridad-premiada\/\" class=\"eael-post-elements-readmore-btn\">CONOCE SU HISTORIA <\/a><\/div>\n                    <\/div><\/div><\/div>\n        <\/div>\n    <\/article><article class=\"eael-grid-post  eael-post-grid-column eael-pg-post-3582 category-exitos\" data-id=\"3582\">\n        <div class=\"eael-grid-post-holder\">\n            <div class=\"eael-grid-post-holder-inner\"><div class=\"eael-entry-media\"><div class=\"eael-entry-overlay fade-in\"><i class=\"far fa-hand-pointer\" aria-hidden=\"true\"><\/i><a href=\"https:\/\/soymigrante.com\/revista\/musico-actor-guatemalteco-migrante-en-nueva-york-domingo-lemus\/\"><\/a><\/div><div class=\"eael-entry-thumbnail \">\n                <img loading=\"lazy\" decoding=\"async\" width=\"855\" height=\"755\" src=\"https:\/\/soymigrante.com\/revista\/wp-content\/uploads\/2023\/12\/minguito.webp\" class=\"attachment-large size-large wp-image-3599\" alt=\"\" srcset=\"https:\/\/soymigrante.com\/revista\/wp-content\/uploads\/2023\/12\/minguito.webp 855w, https:\/\/soymigrante.com\/revista\/wp-content\/uploads\/2023\/12\/minguito-300x265.webp 300w, https:\/\/soymigrante.com\/revista\/wp-content\/uploads\/2023\/12\/minguito-768x678.webp 768w, https:\/\/soymigrante.com\/revista\/wp-content\/uploads\/2023\/12\/minguito-750x662.jpg 750w\" sizes=\"(max-width: 855px) 100vw, 855px\" \/>\n            <\/div>\n        <\/div><div class=\"eael-entry-wrapper\"><header class=\"eael-entry-header\"><h2 class=\"eael-entry-title\"><a class=\"eael-grid-post-link\" href=\"https:\/\/soymigrante.com\/revista\/musico-actor-guatemalteco-migrante-en-nueva-york-domingo-lemus\/\" title=\"\u201cTodos somos migrantes\u201d: Domingo Lemus, cineasta y m\u00fasico en NY\">\u201cTodos somos migrantes\u201d: Domingo Lemus, cineasta y m\u00fasico en NY<\/a><\/h2><\/header><div class=\"eael-entry-content\">\n                        <div class=\"eael-grid-post-excerpt\"><a href=\"https:\/\/soymigrante.com\/revista\/musico-actor-guatemalteco-migrante-en-nueva-york-domingo-lemus\/\" class=\"eael-post-elements-readmore-btn\">CONOCE SU HISTORIA <\/a><\/div>\n                    <\/div><\/div><\/div>\n        <\/div>\n    <\/article><article class=\"eael-grid-post  eael-post-grid-column eael-pg-post-2623 category-exitos\" data-id=\"2623\">\n        <div class=\"eael-grid-post-holder\">\n            <div class=\"eael-grid-post-holder-inner\"><div class=\"eael-entry-media\"><div class=\"eael-entry-overlay fade-in\"><i class=\"far fa-hand-pointer\" aria-hidden=\"true\"><\/i><a href=\"https:\/\/soymigrante.com\/revista\/maestra-guatemalteca-orienta-a-migrantes-en-oklahoma-e-e-u-u\/\"><\/a><\/div><div class=\"eael-entry-thumbnail \">\n                <img loading=\"lazy\" decoding=\"async\" width=\"960\" height=\"953\" src=\"https:\/\/soymigrante.com\/revista\/wp-content\/uploads\/2023\/09\/Saidy-fue-electa-como-senora-Guatemala-en-Oklahoma-cargo-que-obtuvo-por-su-proyeccion-social-con-la-comunidad.webp\" class=\"attachment-large size-large wp-image-2631\" alt=\"Saidy fue electa como se\u00f1ora Guatemala en Oklahoma cargo que obtuvo por su proyecci\u00f3n social con la comunidad\" srcset=\"https:\/\/soymigrante.com\/revista\/wp-content\/uploads\/2023\/09\/Saidy-fue-electa-como-senora-Guatemala-en-Oklahoma-cargo-que-obtuvo-por-su-proyeccion-social-con-la-comunidad.webp 960w, https:\/\/soymigrante.com\/revista\/wp-content\/uploads\/2023\/09\/Saidy-fue-electa-como-senora-Guatemala-en-Oklahoma-cargo-que-obtuvo-por-su-proyeccion-social-con-la-comunidad-300x298.webp 300w, https:\/\/soymigrante.com\/revista\/wp-content\/uploads\/2023\/09\/Saidy-fue-electa-como-senora-Guatemala-en-Oklahoma-cargo-que-obtuvo-por-su-proyeccion-social-con-la-comunidad-150x150.webp 150w, https:\/\/soymigrante.com\/revista\/wp-content\/uploads\/2023\/09\/Saidy-fue-electa-como-senora-Guatemala-en-Oklahoma-cargo-que-obtuvo-por-su-proyeccion-social-con-la-comunidad-768x762.webp 768w, https:\/\/soymigrante.com\/revista\/wp-content\/uploads\/2023\/09\/Saidy-fue-electa-como-senora-Guatemala-en-Oklahoma-cargo-que-obtuvo-por-su-proyeccion-social-con-la-comunidad-75x75.webp 75w, https:\/\/soymigrante.com\/revista\/wp-content\/uploads\/2023\/09\/Saidy-fue-electa-como-senora-Guatemala-en-Oklahoma-cargo-que-obtuvo-por-su-proyeccion-social-con-la-comunidad-750x745.webp 750w\" sizes=\"(max-width: 960px) 100vw, 960px\" \/>\n            <\/div>\n        <\/div><div class=\"eael-entry-wrapper\"><header class=\"eael-entry-header\"><h2 class=\"eael-entry-title\"><a class=\"eael-grid-post-link\" href=\"https:\/\/soymigrante.com\/revista\/maestra-guatemalteca-orienta-a-migrantes-en-oklahoma-e-e-u-u\/\" title=\"Maestra y migrante guatemalteca Saidy Orellana orienta a compatriotas en Oklahoma, E.E.U.U.\">Maestra y migrante guatemalteca Saidy Orellana orienta a compatriotas en Oklahoma, E.E.U.U.<\/a><\/h2><\/header><div class=\"eael-entry-content\">\n                        <div class=\"eael-grid-post-excerpt\"><a href=\"https:\/\/soymigrante.com\/revista\/maestra-guatemalteca-orienta-a-migrantes-en-oklahoma-e-e-u-u\/\" class=\"eael-post-elements-readmore-btn\">CONOCE SU HISTORIA <\/a><\/div>\n                    <\/div><\/div><\/div>\n        <\/div>\n    <\/article><\/div>\n            <div class=\"clearfix\"><\/div>\n        <\/div>\t\t\t\t<\/div>\n\t\t\t\t\t<\/div>\n\t\t\t\t<\/div>\n\t\t\t\t<\/div>\n\t\t","protected":false},"excerpt":{"rendered":"<p>El guatemalteco Leonel Arenas organiza un certamen de belleza guatemalteca en Connecticut, pero tambi\u00e9n reune donativos de la comunidad migrante para regalar pasteles, juguetes, frutas o v\u00edveres en el D\u00eda del Ni\u00f1o o Navidad en su natal La Gomera, Escuintla. Y lo hace sin pregonarlo. Pero por eso lo contamos aqu\u00ed. &#8220;De ni\u00f1o viv\u00ed muchas [&hellip;]<\/p>\n","protected":false},"author":7,"featured_media":8693,"comment_status":"open","ping_status":"open","sticky":false,"template":"","format":"standard","meta":{"_acf_changed":false,"_eb_attr":"","footnotes":""},"categories":[50],"tags":[],"class_list":["post-8692","post","type-post","status-publish","format-standard","has-post-thumbnail","hentry","category-exitos"],"acf":[],"aioseo_notices":[],"aioseo_head":"\n\t\t<!-- All in One SEO Pro 4.9.6.2 - aioseo.com -->\n\t<meta name=\"description\" content=\"Saidy Herrera, migrante guatemalteca preserva la historia y la identidad con ense\u00f1anza y amor al pr\u00f3jimo. Es originaria de la zona 5 de la ciudad de capital Guatemala y hace 30 a\u00f1os reside en Oklahoma, Estados Unidos. Ense\u00f1anza para la comunidad Saidy Herrera Orellana es originaria de la zona 5 de la ciudad de Guatemala, Saidy migrante guatemalteca preserva la historia y la identidad con ense\u00f1anza y amor al pr\u00f3jimo, es originaria de la capital Guatemala.\" \/>\n\t<meta name=\"robots\" content=\"max-snippet:-1, max-image-preview:large, max-video-preview:-1\" \/>\n\t<meta name=\"author\" content=\"Diana Batz\"\/>\n\t<link rel=\"canonical\" href=\"https:\/\/soymigrante.com\/revista\/maestra-guatemalteca-orienta-a-migrantes-en-oklahoma-e-e-u-u\/\" \/>\n\t<meta name=\"generator\" content=\"All in One SEO Pro (AIOSEO) 4.9.6.2\" \/>\n\n\t\t<link rel=\"preconnect\" href=\"https:\/\/fonts.googleapis.com\" crossorigin>\n<link rel=\"preconnect\" href=\"https:\/\/fonts.gstatic.com\" crossorigin>\n\t\t<meta property=\"og:locale\" content=\"es_ES\" \/>\n\t\t<meta property=\"og:site_name\" content=\"SoyMigrante.com REVISTA \u2013 Nuestra misi\u00f3n es reconocer y dignificar al migrante.\" \/>\n\t\t<meta property=\"og:type\" content=\"article\" \/>\n\t\t<meta property=\"og:title\" content=\"Maestra y migrante guatemalteca Saidy Orellana orienta a compatriotas en Oklahoma, E.E.U.U.\" \/>\n\t\t<meta property=\"og:description\" content=\"Saidy Herrera, migrante guatemalteca preserva la historia y la identidad con ense\u00f1anza y amor al pr\u00f3jimo. Es originaria de la zona 5 de la ciudad de capital Guatemala y hace 30 a\u00f1os reside en Oklahoma, Estados Unidos. Ense\u00f1anza para la comunidad Saidy Herrera Orellana es originaria de la zona 5 de la ciudad de Guatemala, Saidy migrante guatemalteca preserva la historia y la identidad con ense\u00f1anza y amor al pr\u00f3jimo, es originaria de la capital Guatemala.\" \/>\n\t\t<meta property=\"og:url\" content=\"https:\/\/soymigrante.com\/revista\/maestra-guatemalteca-orienta-a-migrantes-en-oklahoma-e-e-u-u\/\" \/>\n\t\t<meta property=\"og:image\" content=\"https:\/\/soymigrante.com\/revista\/wp-content\/uploads\/2023\/09\/Saidy-fue-electa-como-senora-Guatemala-en-Oklahoma-cargo-que-obtuvo-por-su-proyeccion-social-con-la-comunidad.webp\" \/>\n\t\t<meta property=\"og:image:secure_url\" content=\"https:\/\/soymigrante.com\/revista\/wp-content\/uploads\/2023\/09\/Saidy-fue-electa-como-senora-Guatemala-en-Oklahoma-cargo-que-obtuvo-por-su-proyeccion-social-con-la-comunidad.webp\" \/>\n\t\t<meta property=\"og:image:width\" content=\"960\" \/>\n\t\t<meta property=\"og:image:height\" content=\"953\" \/>\n\t\t<meta property=\"article:published_time\" content=\"2023-09-21T20:34:41+00:00\" \/>\n\t\t<meta property=\"article:modified_time\" content=\"2024-07-30T16:34:42+00:00\" \/>\n\t\t<meta property=\"article:publisher\" content=\"https:\/\/www.facebook.com\/soymigrantecom\" \/>\n\t\t<meta name=\"twitter:card\" content=\"summary_large_image\" \/>\n\t\t<meta name=\"twitter:site\" content=\"@SoyMigrante_com\" \/>\n\t\t<meta name=\"twitter:title\" content=\"Maestra y migrante guatemalteca Saidy Orellana orienta a compatriotas en Oklahoma, E.E.U.U.\" \/>\n\t\t<meta name=\"twitter:description\" content=\"Saidy Herrera, migrante guatemalteca preserva la historia y la identidad con ense\u00f1anza y amor al pr\u00f3jimo. Es originaria de la zona 5 de la ciudad de capital Guatemala y hace 30 a\u00f1os reside en Oklahoma, Estados Unidos. Ense\u00f1anza para la comunidad Saidy Herrera Orellana es originaria de la zona 5 de la ciudad de Guatemala, Saidy migrante guatemalteca preserva la historia y la identidad con ense\u00f1anza y amor al pr\u00f3jimo, es originaria de la capital Guatemala.\" \/>\n\t\t<meta name=\"twitter:creator\" content=\"@SoyMigrante_com\" \/>\n\t\t<meta name=\"twitter:image\" content=\"https:\/\/soymigrante.com\/revista\/wp-content\/uploads\/2023\/09\/Saidy-fue-electa-como-senora-Guatemala-en-Oklahoma-cargo-que-obtuvo-por-su-proyeccion-social-con-la-comunidad.webp\" \/>\n\t\t<!-- All in One SEO Pro -->\r\n\t\t<title>Maestra y migrante guatemalteca Saidy Orellana orienta a compatriotas en Oklahoma, E.E.U.U.<\/title>\n\n","aioseo_head_json":{"title":"Maestra y migrante guatemalteca Saidy Orellana orienta a compatriotas en Oklahoma, E.E.U.U.","description":"Saidy Herrera, migrante guatemalteca preserva la historia y la identidad con ense\u00f1anza y amor al pr\u00f3jimo. Es originaria de la zona 5 de la ciudad de capital Guatemala y hace 30 a\u00f1os reside en Oklahoma, Estados Unidos. Ense\u00f1anza para la comunidad Saidy Herrera Orellana es originaria de la zona 5 de la ciudad de Guatemala, Saidy migrante guatemalteca preserva la historia y la identidad con ense\u00f1anza y amor al pr\u00f3jimo, es originaria de la capital Guatemala.","canonical_url":"https:\/\/soymigrante.com\/revista\/maestra-guatemalteca-orienta-a-migrantes-en-oklahoma-e-e-u-u\/","robots":"max-snippet:-1, max-image-preview:large, max-video-preview:-1","keywords":"","webmasterTools":{"miscellaneous":"&lt;link rel=\"preconnect\" href=\"https:\/\/fonts.googleapis.com\" crossorigin&gt;\n&lt;link rel=\"preconnect\" href=\"https:\/\/fonts.gstatic.com\" crossorigin&gt;"},"schema":null,"og:locale":"es_ES","og:site_name":"SoyMigrante.com REVISTA \u2013 Nuestra misi\u00f3n es reconocer y dignificar al migrante.","og:type":"article","og:title":"Maestra y migrante guatemalteca Saidy Orellana orienta a compatriotas en Oklahoma, E.E.U.U.","og:description":"Saidy Herrera, migrante guatemalteca preserva la historia y la identidad con ense\u00f1anza y amor al pr\u00f3jimo. Es originaria de la zona 5 de la ciudad de capital Guatemala y hace 30 a\u00f1os reside en Oklahoma, Estados Unidos. Ense\u00f1anza para la comunidad Saidy Herrera Orellana es originaria de la zona 5 de la ciudad de Guatemala, Saidy migrante guatemalteca preserva la historia y la identidad con ense\u00f1anza y amor al pr\u00f3jimo, es originaria de la capital Guatemala.","og:url":"https:\/\/soymigrante.com\/revista\/maestra-guatemalteca-orienta-a-migrantes-en-oklahoma-e-e-u-u\/","og:image":"https:\/\/soymigrante.com\/revista\/wp-content\/uploads\/2023\/09\/Saidy-fue-electa-como-senora-Guatemala-en-Oklahoma-cargo-que-obtuvo-por-su-proyeccion-social-con-la-comunidad.webp","og:image:secure_url":"https:\/\/soymigrante.com\/revista\/wp-content\/uploads\/2023\/09\/Saidy-fue-electa-como-senora-Guatemala-en-Oklahoma-cargo-que-obtuvo-por-su-proyeccion-social-con-la-comunidad.webp","og:image:width":960,"og:image:height":953,"article:published_time":"2023-09-21T20:34:41+00:00","article:modified_time":"2024-07-30T16:34:42+00:00","article:publisher":"https:\/\/www.facebook.com\/soymigrantecom","twitter:card":"summary_large_image","twitter:site":"@SoyMigrante_com","twitter:title":"Maestra y migrante guatemalteca Saidy Orellana orienta a compatriotas en Oklahoma, E.E.U.U.","twitter:description":"Saidy Herrera, migrante guatemalteca preserva la historia y la identidad con ense\u00f1anza y amor al pr\u00f3jimo. Es originaria de la zona 5 de la ciudad de capital Guatemala y hace 30 a\u00f1os reside en Oklahoma, Estados Unidos. Ense\u00f1anza para la comunidad Saidy Herrera Orellana es originaria de la zona 5 de la ciudad de Guatemala, Saidy migrante guatemalteca preserva la historia y la identidad con ense\u00f1anza y amor al pr\u00f3jimo, es originaria de la capital Guatemala.","twitter:creator":"@SoyMigrante_com","twitter:image":"https:\/\/soymigrante.com\/revista\/wp-content\/uploads\/2023\/09\/Saidy-fue-electa-como-senora-Guatemala-en-Oklahoma-cargo-que-obtuvo-por-su-proyeccion-social-con-la-comunidad.webp"},"aioseo_meta_data":{"post_id":"8692","title":"Leonel Arenas conecta a migrantes en Connecticut con nobles causas","description":"Originario de La Gomera, Escuintla, Guatemala, Leonel padeci\u00f3 la pobreza. Se solidariza con la ni\u00f1ez de su municipio, pero tambi\u00e9n con la comunidad migrante. Esta es su historia.","keywords":null,"keyphrases":{"focus":{"keyphrase":"Migrante","score":81,"analysis":{"keyphraseInTitle":{"score":3,"maxScore":9,"error":1},"keyphraseInDescription":{"score":9,"maxScore":9,"error":0},"keyphraseLength":{"score":9,"maxScore":9,"error":0,"length":1},"keyphraseInURL":{"score":5,"maxScore":5,"error":0}}},"additional":[{"keyphrase":"Historia migrante","score":67,"analysis":{"keyphraseInDescription":{"score":3,"maxScore":9,"error":1},"keyphraseLength":{"score":9,"maxScore":9,"error":0,"length":2}}},{"keyphrase":"Guatemala","score":100,"analysis":{"keyphraseInDescription":{"score":9,"maxScore":9,"error":0},"keyphraseLength":{"score":9,"maxScore":9,"error":0,"length":1}}}]},"primary_term":null,"canonical_url":null,"og_title":null,"og_description":null,"og_object_type":"default","og_image_type":"default","og_image_url":null,"og_image_width":null,"og_image_height":null,"og_image_custom_url":null,"og_image_custom_fields":null,"og_video":"","og_custom_url":null,"og_article_section":null,"og_article_tags":null,"twitter_use_og":false,"twitter_card":"default","twitter_image_type":"default","twitter_image_url":null,"twitter_image_custom_url":null,"twitter_image_custom_fields":null,"twitter_title":null,"twitter_description":null,"schema":{"blockGraphs":[],"customGraphs":[],"default":{"data":{"Article":[],"Course":[],"Dataset":[],"FAQPage":[],"Movie":[],"Person":[],"Product":[],"ProductReview":[],"Car":[],"Recipe":[],"Service":[],"SoftwareApplication":[],"WebPage":[]},"graphName":"Article","isEnabled":true},"graphs":[]},"schema_type":"default","schema_type_options":null,"pillar_content":false,"robots_default":true,"robots_noindex":false,"robots_noarchive":false,"robots_nosnippet":false,"robots_nofollow":false,"robots_noimageindex":false,"robots_noodp":false,"robots_notranslate":false,"robots_max_snippet":"-1","robots_max_videopreview":"-1","robots_max_imagepreview":"large","priority":null,"frequency":"default","local_seo":null,"seo_analyzer_scan_date":"2025-10-08 22:53:12","breadcrumb_settings":null,"limit_modified_date":false,"reviewed_by":null,"open_ai":"{\"title\":{\"suggestions\":[],\"usage\":0},\"description\":{\"suggestions\":[],\"usage\":0}}","ai":null,"created":"2024-09-02 20:31:25","updated":"2026-02-04 12:54:55"},"aioseo_breadcrumb":"<div class=\"aioseo-breadcrumbs\"><span class=\"aioseo-breadcrumb\">\n\t<a href=\"https:\/\/soymigrante.com\/revista\" title=\"Home\">Home<\/a>\n<\/span><span class=\"aioseo-breadcrumb-separator\">\u00bb<\/span><span class=\"aioseo-breadcrumb\">\n\t<a href=\"https:\/\/soymigrante.com\/revista\/category\/exitos\/\" title=\"\u00c9xitos\">\u00c9xitos<\/a>\n<\/span><span class=\"aioseo-breadcrumb-separator\">\u00bb<\/span><span class=\"aioseo-breadcrumb\">\n\tLeonel Arenas conecta a migrantes en Connecticut con nobles causas\n<\/span><\/div>","aioseo_breadcrumb_json":[{"label":"Home","link":"https:\/\/soymigrante.com\/revista"},{"label":"\u00c9xitos","link":"https:\/\/soymigrante.com\/revista\/category\/exitos\/"},{"label":"Leonel Arenas conecta a migrantes en Connecticut con nobles causas","link":"https:\/\/soymigrante.com\/revista\/leonel-arenas-conecta-a-migrantes-en-connecticut-con-nobles-causas\/"}],"_links":{"self":[{"href":"https:\/\/soymigrante.com\/revista\/wp-json\/wp\/v2\/posts\/8692","targetHints":{"allow":["GET"]}}],"collection":[{"href":"https:\/\/soymigrante.com\/revista\/wp-json\/wp\/v2\/posts"}],"about":[{"href":"https:\/\/soymigrante.com\/revista\/wp-json\/wp\/v2\/types\/post"}],"author":[{"embeddable":true,"href":"https:\/\/soymigrante.com\/revista\/wp-json\/wp\/v2\/users\/7"}],"replies":[{"embeddable":true,"href":"https:\/\/soymigrante.com\/revista\/wp-json\/wp\/v2\/comments?post=8692"}],"version-history":[{"count":0,"href":"https:\/\/soymigrante.com\/revista\/wp-json\/wp\/v2\/posts\/8692\/revisions"}],"wp:featuredmedia":[{"embeddable":true,"href":"https:\/\/soymigrante.com\/revista\/wp-json\/wp\/v2\/media\/8693"}],"wp:attachment":[{"href":"https:\/\/soymigrante.com\/revista\/wp-json\/wp\/v2\/media?parent=8692"}],"wp:term":[{"taxonomy":"category","embeddable":true,"href":"https:\/\/soymigrante.com\/revista\/wp-json\/wp\/v2\/categories?post=8692"},{"taxonomy":"post_tag","embeddable":true,"href":"https:\/\/soymigrante.com\/revista\/wp-json\/wp\/v2\/tags?post=8692"}],"curies":[{"name":"wp","href":"https:\/\/api.w.org\/{rel}","templated":true}]}}