{"id":8667,"date":"2024-09-02T12:43:25","date_gmt":"2024-09-02T18:43:25","guid":{"rendered":"https:\/\/soymigrante.com\/revista\/?p=8667"},"modified":"2024-11-01T13:45:21","modified_gmt":"2024-11-01T19:45:21","slug":"invitados-al-festival-guatemala-2024-en-rhode-island","status":"publish","type":"post","link":"https:\/\/soymigrante.com\/revista\/invitados-al-festival-guatemala-2024-en-rhode-island\/","title":{"rendered":"Invitados  al Festival Guatemala 2024 en Rhode Island"},"content":{"rendered":"\t\t<div data-elementor-type=\"wp-post\" data-elementor-id=\"8667\" class=\"elementor elementor-8667\" data-elementor-post-type=\"post\">\n\t\t\t\t<div data-particle_enable=\"false\" data-particle-mobile-disabled=\"false\" class=\"elementor-element elementor-element-cfc2041 e-flex e-con-boxed e-con e-parent\" data-id=\"cfc2041\" data-element_type=\"container\" data-e-type=\"container\">\n\t\t\t\t\t<div class=\"e-con-inner\">\n\t\t\t\t<div class=\"elementor-element elementor-element-362ba65 elementor-widget elementor-widget-heading\" data-id=\"362ba65\" data-element_type=\"widget\" data-e-type=\"widget\" data-widget_type=\"heading.default\">\n\t\t\t\t\t<h2 class=\"elementor-heading-title elementor-size-default\">El pr\u00f3ximo 8 de septiembre a partir de las 12:00 horas el Centro Guatemalteco en New England en Providence, Rhode Island, te espera con los brazos abiertos para celebrar el Festival Guatemala  durante el mes de independencia. He aqu\u00ed los detalles.<\/h2>\t\t\t\t<\/div>\n\t\t\t\t\t<\/div>\n\t\t\t\t<\/div>\n\t\t<div data-particle_enable=\"false\" data-particle-mobile-disabled=\"false\" class=\"elementor-element elementor-element-9780afa e-flex e-con-boxed e-con e-parent\" data-id=\"9780afa\" data-element_type=\"container\" data-e-type=\"container\">\n\t\t\t\t\t<div class=\"e-con-inner\">\n\t\t\t\t<div class=\"elementor-element elementor-element-52ce0d6 elementor-widget elementor-widget-text-editor\" data-id=\"52ce0d6\" data-element_type=\"widget\" data-e-type=\"widget\" data-widget_type=\"text-editor.default\">\n\t\t\t\t\t\t\t\t\t<p>El mes de Independencia guatemalteca motiva a muchas organizaciones de connacionales migrantes en EE.UU. a festejar la identidad multicultural de la Tierra del Quetzal. Y el Centro Guatemalteco de New England en Providence, Rhode Island no es la excepci\u00f3n:L para ello convocan al Festival Guatemala este 8 de septiembre\u00a0<\/p><p>La actividad tendr\u00e1 lugar en el Templo de la M\u00fasica parque Roger Williams donde se llenar\u00e1 de color, costumbres y tradiciones guatemaltecas que como cada a\u00f1o decenas de connacionales se dan cita para fomentar las\u00a0<a style=\"text-align: var(--text-align);\" href=\"https:\/\/soymigrante.com\/revista\/porque-nos-dicen-chapines-a-los-guatemaltecos\/\" target=\"_blank\" rel=\"noopener\">ra\u00edces chapinas.<\/a><\/p>\t\t\t\t\t\t\t\t<\/div>\n\t\t\t\t\t<\/div>\n\t\t\t\t<\/div>\n\t\t<div data-particle_enable=\"false\" data-particle-mobile-disabled=\"false\" class=\"elementor-element elementor-element-6be8aaa e-flex e-con-boxed e-con e-parent\" data-id=\"6be8aaa\" data-element_type=\"container\" data-e-type=\"container\">\n\t\t\t\t\t<div class=\"e-con-inner\">\n\t\t\t\t<div class=\"elementor-element elementor-element-87a4916 elementor-widget elementor-widget-heading\" data-id=\"87a4916\" data-element_type=\"widget\" data-e-type=\"widget\" data-widget_type=\"heading.default\">\n\t\t\t\t\t<h3 class=\"elementor-heading-title elementor-size-default\">Qu\u00e9 esperar<\/h3>\t\t\t\t<\/div>\n\t\t\t\t\t<\/div>\n\t\t\t\t<\/div>\n\t\t<div data-particle_enable=\"false\" data-particle-mobile-disabled=\"false\" class=\"elementor-element elementor-element-4615e72 e-con-full e-flex e-con e-parent\" data-id=\"4615e72\" data-element_type=\"container\" data-e-type=\"container\">\n\t\t\t\t<div class=\"elementor-element elementor-element-6168f94 elementor-widget elementor-widget-text-editor\" data-id=\"6168f94\" data-element_type=\"widget\" data-e-type=\"widget\" data-widget_type=\"text-editor.default\">\n\t\t\t\t\t\t\t\t\t<p>Definitivamente es una actividad familiar as\u00ed que habr\u00e1 mucho entretenimiento para compartir.\u00a0<\/p><p>Habr\u00e1 actividades gratis para ni\u00f1os, danzas folcl\u00f3ricas. Y la m\u00fasica local e internacional no puede faltar.\u00a0<a href=\"https:\/\/soymigrante.com\/revista\/festival-chapin-de-los-angeles-2024-sera-encuentro-de-hermandad-y-tradicion\/\" target=\"_blank\" rel=\"noopener\">Guatemala<\/a>\u00a0estar\u00e1 presente a trav\u00e9s de la marimba Orquesta Maderas del Volc\u00e1n, Elizabeth Azurdia, Rony L\u00f3pez y los V\u00e9rsatil, entre otros. A la actividad tambi\u00e9n ha sido invitado un artista sorpresa.<\/p><p>Adem\u00e1s, la animaci\u00f3n del evento estar\u00e1 a cargo del Lobo Siciliano y el locutor guatemalteco V\u00edctor Garc\u00eda.\u00a0<\/p><p><span style=\"color: var( --e-global-color-text );text-align: var(--text-align)\">En el festival puedes aprovechar para resolver dudas en los stands sobre programas de salud, seguro m\u00e9dico, medicina preventiva, programas educacionales, <a href=\"https:\/\/soymigrante.com\/revista\/pasaporte-guatemalteco-en-ee-uu-como-tramitarlo-y-en-que-consulados-se-imprime\/\">entre otros.<\/a><\/span><\/p>\t\t\t\t\t\t\t\t<\/div>\n\t\t\t\t<\/div>\n\t\t<div data-particle_enable=\"false\" data-particle-mobile-disabled=\"false\" class=\"elementor-element elementor-element-6ab5422 e-flex e-con-boxed e-con e-parent\" data-id=\"6ab5422\" data-element_type=\"container\" data-e-type=\"container\">\n\t\t\t\t\t<div class=\"e-con-inner\">\n\t\t\t\t<div class=\"elementor-element elementor-element-cf1f335 elementor-widget elementor-widget-image\" data-id=\"cf1f335\" data-element_type=\"widget\" data-e-type=\"widget\" data-widget_type=\"image.default\">\n\t\t\t\t\t\t\t\t\t\t\t\t\t\t\t<img fetchpriority=\"high\" decoding=\"async\" width=\"768\" height=\"960\" src=\"https:\/\/soymigrante.com\/revista\/wp-content\/uploads\/2024\/09\/festival-guatemala-rhode-island-2024-819x1024.webp\" class=\"attachment-large size-large wp-image-8671\" alt=\"Festival Guatemala 2024, m\u00fasica en vivo y cultura en el Roger Williams Park, con artistas locales e internacionales, comidas t\u00edpicas, sorteos y actividades para toda la familia.\" srcset=\"https:\/\/soymigrante.com\/revista\/wp-content\/uploads\/2024\/09\/festival-guatemala-rhode-island-2024-819x1024.webp 819w, https:\/\/soymigrante.com\/revista\/wp-content\/uploads\/2024\/09\/festival-guatemala-rhode-island-2024-240x300.webp 240w, https:\/\/soymigrante.com\/revista\/wp-content\/uploads\/2024\/09\/festival-guatemala-rhode-island-2024-768x960.webp 768w, https:\/\/soymigrante.com\/revista\/wp-content\/uploads\/2024\/09\/festival-guatemala-rhode-island-2024-750x938.webp 750w, https:\/\/soymigrante.com\/revista\/wp-content\/uploads\/2024\/09\/festival-guatemala-rhode-island-2024.webp 1024w\" sizes=\"(max-width: 768px) 100vw, 768px\" title=\"festival guatemala rhode island 2024 \u2013 SoyMigrante.com REVISTA\" \/>\t\t\t\t\t\t\t\t\t\t\t\t\t\t\t<\/div>\n\t\t\t\t\t<\/div>\n\t\t\t\t<\/div>\n\t\t<div data-particle_enable=\"false\" data-particle-mobile-disabled=\"false\" class=\"elementor-element elementor-element-57e282f e-flex e-con-boxed e-con e-parent\" data-id=\"57e282f\" data-element_type=\"container\" data-e-type=\"container\">\n\t\t\t\t\t<div class=\"e-con-inner\">\n\t\t\t\t<div class=\"elementor-element elementor-element-2cb9cc7 elementor-widget elementor-widget-heading\" data-id=\"2cb9cc7\" data-element_type=\"widget\" data-e-type=\"widget\" data-widget_type=\"heading.default\">\n\t\t\t\t\t<h2 class=\"elementor-heading-title elementor-size-default\">Hermandad hispana y migrante<\/h2>\t\t\t\t<\/div>\n\t\t\t\t\t<\/div>\n\t\t\t\t<\/div>\n\t\t<div data-particle_enable=\"false\" data-particle-mobile-disabled=\"false\" class=\"elementor-element elementor-element-fd3b360 e-flex e-con-boxed e-con e-parent\" data-id=\"fd3b360\" data-element_type=\"container\" data-e-type=\"container\">\n\t\t\t\t\t<div class=\"e-con-inner\">\n\t\t\t\t<div class=\"elementor-element elementor-element-6a80168 elementor-widget elementor-widget-text-editor\" data-id=\"6a80168\" data-element_type=\"widget\" data-e-type=\"widget\" data-widget_type=\"text-editor.default\">\n\t\t\t\t\t\t\t\t\t<p>Al festival han sido invitados desde Chile los Campeones Nacionales de Cueca Chilena 2024 Alonso y Michelle, en la categor\u00eda Adulto Joven, quienes tendr\u00e1n a su cargo un baile rom\u00e1ntico.<\/p><p><span style=\"color: var( --e-global-color-text );text-align: var(--text-align)\">Tambi\u00e9n participar\u00e1 Morenada Boliviana San Bartolom\u00e9, este equipo de baile a trav\u00e9s de sus danzas muestra la cultura occidental de Bolivia.<\/span><\/p><p>Recuerda, el Centro del\u00a0<a href=\"https:\/\/soymigrante.com\/revista\/historico-la-ciudad-de-los-angeles-proclama-la-semana-del-guatemalteco\/\" target=\"_blank\" rel=\"noopener\">Guatemalteco<\/a>\u00a0en\u00a0<a href=\"https:\/\/soymigrante.com\/revista\/consulado-de-guatemala-en-rhode-island\/\" target=\"_blank\" rel=\"noopener\">Rhode Island<\/a>\u00a0te hace la cordial invitaci\u00f3n para que no te quedes en casa este 8 de septiembre. El festival ser\u00e1 de las 12:00 a las 19:00 horas. Recuerda que habr\u00e1 exquisita comida y\u00a0<a style=\"text-align: var(--text-align)\" href=\"https:\/\/soymigrante.com\/revista\/comida-guatemalteca-en-usa-restaurantes-con-antojitos-chapines\/\" target=\"_blank\" rel=\"noopener\">antojitos chapines.<\/a>\u00a0La entrada es gratuita.<\/p>\t\t\t\t\t\t\t\t<\/div>\n\t\t\t\t\t<\/div>\n\t\t\t\t<\/div>\n\t\t<div data-particle_enable=\"false\" data-particle-mobile-disabled=\"false\" class=\"elementor-element elementor-element-149bc7d e-flex e-con-boxed e-con e-parent\" data-id=\"149bc7d\" data-element_type=\"container\" data-e-type=\"container\">\n\t\t\t\t\t<div class=\"e-con-inner\">\n\t\t\t\t<div class=\"elementor-element elementor-element-f0aff15 elementor-arrows-position-inside elementor-pagination-position-outside elementor-widget elementor-widget-image-carousel\" data-id=\"f0aff15\" data-element_type=\"widget\" data-e-type=\"widget\" data-settings=\"{&quot;slides_to_show&quot;:&quot;1&quot;,&quot;navigation&quot;:&quot;both&quot;,&quot;autoplay&quot;:&quot;yes&quot;,&quot;pause_on_hover&quot;:&quot;yes&quot;,&quot;pause_on_interaction&quot;:&quot;yes&quot;,&quot;autoplay_speed&quot;:5000,&quot;infinite&quot;:&quot;yes&quot;,&quot;effect&quot;:&quot;slide&quot;,&quot;speed&quot;:500}\" data-widget_type=\"image-carousel.default\">\n\t\t\t\t\t\t\t<div class=\"elementor-image-carousel-wrapper swiper\" role=\"region\" aria-roledescription=\"carousel\" aria-label=\"Carrusel de im\u00e1genes\" dir=\"ltr\">\n\t\t\t<div class=\"elementor-image-carousel swiper-wrapper\" aria-live=\"off\">\n\t\t\t\t\t\t\t\t<div class=\"swiper-slide\" role=\"group\" aria-roledescription=\"slide\" aria-label=\"1 de 8\"><figure class=\"swiper-slide-inner\"><img decoding=\"async\" class=\"swiper-slide-image\" src=\"https:\/\/soymigrante.com\/revista\/wp-content\/uploads\/2024\/09\/Festival-Guatemala7.webp\" alt=\"Espect\u00e1culo de danzas tradicionales mexicanas en celebraci\u00f3n cultural, mostrando vestuarios coloridos y expresiones culturales de la comunidad migrante en Estados Unidos.\" \/><\/figure><\/div><div class=\"swiper-slide\" role=\"group\" aria-roledescription=\"slide\" aria-label=\"2 de 8\"><figure class=\"swiper-slide-inner\"><img decoding=\"async\" class=\"swiper-slide-image\" src=\"https:\/\/soymigrante.com\/revista\/wp-content\/uploads\/2024\/09\/festival-guatemala1-768x1024.webp\" alt=\"Festival Guatemala 2024 Foto: Centro Guatemalteco\" \/><\/figure><\/div><div class=\"swiper-slide\" role=\"group\" aria-roledescription=\"slide\" aria-label=\"3 de 8\"><figure class=\"swiper-slide-inner\"><img decoding=\"async\" class=\"swiper-slide-image\" src=\"https:\/\/soymigrante.com\/revista\/wp-content\/uploads\/2024\/09\/Festival-Guatemala8-768x960.webp\" alt=\"Alto texto: Pareja en trajes tradicionales mexicanos celebrando cultura y festividades con vestimenta folkl\u00f3rica en parque al aire libre.\" \/><\/figure><\/div><div class=\"swiper-slide\" role=\"group\" aria-roledescription=\"slide\" aria-label=\"4 de 8\"><figure class=\"swiper-slide-inner\"><img decoding=\"async\" class=\"swiper-slide-image\" src=\"https:\/\/soymigrante.com\/revista\/wp-content\/uploads\/2024\/09\/Festival-Guatemala6-768x852.webp\" alt=\"Groupe de musiciens mexicains en costume traditionnel lors d\u2019un \u00e9v\u00e9nement en soir\u00e9e, illustrant la culture et la musique mexicaine.\" \/><\/figure><\/div><div class=\"swiper-slide\" role=\"group\" aria-roledescription=\"slide\" aria-label=\"5 de 8\"><figure class=\"swiper-slide-inner\"><img decoding=\"async\" class=\"swiper-slide-image\" src=\"https:\/\/soymigrante.com\/revista\/wp-content\/uploads\/2024\/09\/festival-guatemala5-768x960.webp\" alt=\"Rony L\u00f3pez y Los Vers\u00e1til en vivo tocando m\u00fasica en un evento cultural, mostrando talento musical y diversidad cultural en la revista SoyMigrante.com REVISTA.\" \/><\/figure><\/div><div class=\"swiper-slide\" role=\"group\" aria-roledescription=\"slide\" aria-label=\"6 de 8\"><figure class=\"swiper-slide-inner\"><img decoding=\"async\" class=\"swiper-slide-image\" src=\"https:\/\/soymigrante.com\/revista\/wp-content\/uploads\/2024\/09\/festival-guatemala4-768x960.webp\" alt=\"Joven cantante en escenario con gafas de sol, camiseta de estilo urbano y accesorios de moda, en un ambiente de concierto con luces de escenario, en la revista SoyMigrante.com REVISTA.\" \/><\/figure><\/div><div class=\"swiper-slide\" role=\"group\" aria-roledescription=\"slide\" aria-label=\"7 de 8\"><figure class=\"swiper-slide-inner\"><img decoding=\"async\" class=\"swiper-slide-image\" src=\"https:\/\/soymigrante.com\/revista\/wp-content\/uploads\/2024\/09\/festival-guatemala3-768x960.webp\" alt=\"SoyMigrante.com REVISTA: Destacada imagen de Ashly Soto, joven mexicana con cabello rizado y sonrisa brillante, vestida con ropa tradicional mexicana, resaltando la cultura y el orgullo migrante.\" \/><\/figure><\/div><div class=\"swiper-slide\" role=\"group\" aria-roledescription=\"slide\" aria-label=\"8 de 8\"><figure class=\"swiper-slide-inner\"><img decoding=\"async\" class=\"swiper-slide-image\" src=\"https:\/\/soymigrante.com\/revista\/wp-content\/uploads\/2024\/09\/festival-guatemala2-768x955.webp\" alt=\"Marimba orquesta Maderas del Volc\u00e1n en concierto en Guatemala con invitado especial Mois\u00e9s Rodr\u00edguez, evento musical de fusion latinoamericana en Templo de la M\u00fasica Providence Rhode Island 2024.\" \/><\/figure><\/div>\t\t\t<\/div>\n\t\t\t\t\t\t\t\t\t\t\t\t<div class=\"elementor-swiper-button elementor-swiper-button-prev\" role=\"button\" tabindex=\"0\">\n\t\t\t\t\t\t<i aria-hidden=\"true\" class=\"eicon-chevron-left\"><\/i>\t\t\t\t\t<\/div>\n\t\t\t\t\t<div class=\"elementor-swiper-button elementor-swiper-button-next\" role=\"button\" tabindex=\"0\">\n\t\t\t\t\t\t<i aria-hidden=\"true\" class=\"eicon-chevron-right\"><\/i>\t\t\t\t\t<\/div>\n\t\t\t\t\n\t\t\t\t\t\t\t\t\t<div class=\"swiper-pagination\"><\/div>\n\t\t\t\t\t\t\t\t\t<\/div>\n\t\t\t\t\t\t<\/div>\n\t\t\t\t\t<\/div>\n\t\t\t\t<\/div>\n\t\t<div data-particle_enable=\"false\" data-particle-mobile-disabled=\"false\" class=\"elementor-element elementor-element-402d127 e-flex e-con-boxed e-con e-parent\" data-id=\"402d127\" data-element_type=\"container\" data-e-type=\"container\">\n\t\t\t\t\t<div class=\"e-con-inner\">\n\t\t\t\t<div class=\"elementor-element elementor-element-1eaae81 elementor-widget elementor-widget-heading\" data-id=\"1eaae81\" data-element_type=\"widget\" data-e-type=\"widget\" data-widget_type=\"heading.default\">\n\t\t\t\t\t<h3 class=\"elementor-heading-title elementor-size-default\">Aqu\u00ed un mapa de la ubicaci\u00f3n del evento<\/h3>\t\t\t\t<\/div>\n\t\t\t\t\t<\/div>\n\t\t\t\t<\/div>\n\t\t<div data-particle_enable=\"false\" data-particle-mobile-disabled=\"false\" class=\"elementor-element elementor-element-442ad98 e-flex e-con-boxed e-con e-parent\" data-id=\"442ad98\" data-element_type=\"container\" data-e-type=\"container\">\n\t\t\t\t\t<div class=\"e-con-inner\">\n\t\t\t\t<div class=\"elementor-element elementor-element-73a815c elementor-widget elementor-widget-google_maps\" data-id=\"73a815c\" data-element_type=\"widget\" data-e-type=\"widget\" data-widget_type=\"google_maps.default\">\n\t\t\t\t\t\t\t<div class=\"elementor-custom-embed\">\n\t\t\t<iframe loading=\"lazy\"\n\t\t\t\t\tsrc=\"https:\/\/maps.google.com\/maps?q=Templo%20de%20la%20M%C3%BAsica%20parque%20Roger%20Williams&#038;t=m&#038;z=10&#038;output=embed&#038;iwloc=near\"\n\t\t\t\t\ttitle=\"Templo de la M\u00fasica parque Roger Williams\"\n\t\t\t\t\taria-label=\"Templo de la M\u00fasica parque Roger Williams\"\n\t\t\t><\/iframe>\n\t\t<\/div>\n\t\t\t\t\t\t<\/div>\n\t\t\t\t\t<\/div>\n\t\t\t\t<\/div>\n\t\t<div data-particle_enable=\"false\" data-particle-mobile-disabled=\"false\" class=\"elementor-element elementor-element-c593162 e-flex e-con-boxed e-con e-parent\" data-id=\"c593162\" data-element_type=\"container\" data-e-type=\"container\">\n\t\t\t\t\t<div class=\"e-con-inner\">\n\t\t\t\t<div class=\"elementor-element elementor-element-33640fb elementor-widget elementor-widget-text-editor\" data-id=\"33640fb\" data-element_type=\"widget\" data-e-type=\"widget\" data-widget_type=\"text-editor.default\">\n\t\t\t\t\t\t\t\t\t<p>Agradecemos a Tiana Ochoa, miembro del Centro de Guatemaltecos en Providence, Rhode Island, por la informaci\u00f3n acerca de este evento. A trav\u00e9s de un video ella invita a los guatemaltecos de dicho Estado y alrededores a participar en este encuentro dxe hermandad.\u00a0<\/p>\t\t\t\t\t\t\t\t<\/div>\n\t\t\t\t\t<\/div>\n\t\t\t\t<\/div>\n\t\t<div data-particle_enable=\"false\" data-particle-mobile-disabled=\"false\" class=\"elementor-element elementor-element-4f04842 e-flex e-con-boxed e-con e-parent\" data-id=\"4f04842\" data-element_type=\"container\" data-e-type=\"container\">\n\t\t\t\t\t<div class=\"e-con-inner\">\n\t\t\t\t<div class=\"elementor-element elementor-element-7ac5dbb elementor-widget elementor-widget-video\" data-id=\"7ac5dbb\" data-element_type=\"widget\" data-e-type=\"widget\" data-settings=\"{&quot;video_type&quot;:&quot;hosted&quot;,&quot;controls&quot;:&quot;yes&quot;}\" data-widget_type=\"video.default\">\n\t\t\t\t\t\t\t<div class=\"e-hosted-video elementor-wrapper elementor-open-inline\">\n\t\t\t\t\t<video class=\"elementor-video\" src=\"https:\/\/soymigrante.com\/revista\/wp-content\/uploads\/2024\/09\/Festival-Guatemala-Tiana-Ochoa.mp4\" controls=\"\" preload=\"metadata\" controlsList=\"nodownload\"><\/video>\n\t\t\t\t<\/div>\n\t\t\t\t\t\t<\/div>\n\t\t\t\t\t<\/div>\n\t\t\t\t<\/div>\n\t\t<div data-particle_enable=\"false\" data-particle-mobile-disabled=\"false\" class=\"elementor-element elementor-element-ece4676 e-flex e-con-boxed e-con e-parent\" data-id=\"ece4676\" data-element_type=\"container\" data-e-type=\"container\">\n\t\t\t\t\t<div class=\"e-con-inner\">\n\t\t\t\t<div class=\"elementor-element elementor-element-e69006b elementor-widget elementor-widget-heading\" data-id=\"e69006b\" data-element_type=\"widget\" data-e-type=\"widget\" data-widget_type=\"heading.default\">\n\t\t\t\t\t<h3 class=\"elementor-heading-title elementor-size-default\">No dejes de leer estos art\u00edculos<\/h3>\t\t\t\t<\/div>\n\t\t\t\t\t<\/div>\n\t\t\t\t<\/div>\n\t\t<div data-particle_enable=\"false\" data-particle-mobile-disabled=\"false\" class=\"elementor-element elementor-element-38fa7b3 e-flex e-con-boxed e-con e-parent\" data-id=\"38fa7b3\" data-element_type=\"container\" data-e-type=\"container\">\n\t\t\t\t\t<div class=\"e-con-inner\">\n\t\t\t\t<div class=\"elementor-element elementor-element-6faae30 elementor-grid-eael-col-3 elementor-grid-tablet-eael-col-2 elementor-grid-mobile-eael-col-1 elementor-widget elementor-widget-eael-post-grid\" data-id=\"6faae30\" data-element_type=\"widget\" data-e-type=\"widget\" data-settings=\"{&quot;eael_post_grid_columns&quot;:&quot;eael-col-3&quot;,&quot;eael_post_grid_columns_tablet&quot;:&quot;eael-col-2&quot;,&quot;eael_post_grid_columns_mobile&quot;:&quot;eael-col-1&quot;}\" data-widget_type=\"eael-post-grid.default\">\n\t\t\t\t\t<div id=\"eael-post-grid-6faae30\" class=\"eael-post-grid-container\">\n            <div class=\"eael-post-grid eael-post-appender eael-post-appender-6faae30 eael-post-grid-style-one\" data-layout-mode=\"masonry\"><article class=\"eael-grid-post  eael-post-grid-column eael-pg-post-378 category-guate-nuestra\" data-id=\"378\">\n        <div class=\"eael-grid-post-holder\">\n            <div class=\"eael-grid-post-holder-inner\"><div class=\"eael-entry-media\"><div class=\"eael-entry-overlay fade-in\"><i class=\"far fa-hand-pointer\" aria-hidden=\"true\"><\/i><a href=\"https:\/\/soymigrante.com\/revista\/chapines-nos-dicen-pero-de-donde-proviene-esta-expresion\/\"><\/a><\/div><div class=\"eael-entry-thumbnail \">\n                <img decoding=\"async\" width=\"1024\" height=\"1024\" src=\"https:\/\/soymigrante.com\/revista\/wp-content\/uploads\/2024\/11\/tiana-ochoa-lider-migrante-rhode-island-5-e1734361323429-1024x1024.webp\" class=\"attachment-large size-large wp-image-11993\" alt=\"Celebraci\u00f3n de migrantes en un evento cultural, con banderas de Estados Unidos, Guatemala, y Cuba, mostrando orgullo y comunidad en un ambiente festivo y multicultural.\" srcset=\"https:\/\/soymigrante.com\/revista\/wp-content\/uploads\/2024\/11\/tiana-ochoa-lider-migrante-rhode-island-5-e1734361323429-1024x1024.webp 1024w, https:\/\/soymigrante.com\/revista\/wp-content\/uploads\/2024\/11\/tiana-ochoa-lider-migrante-rhode-island-5-e1734361323429-300x300.webp 300w, https:\/\/soymigrante.com\/revista\/wp-content\/uploads\/2024\/11\/tiana-ochoa-lider-migrante-rhode-island-5-e1734361323429-150x150.webp 150w, https:\/\/soymigrante.com\/revista\/wp-content\/uploads\/2024\/11\/tiana-ochoa-lider-migrante-rhode-island-5-e1734361323429-768x768.webp 768w, https:\/\/soymigrante.com\/revista\/wp-content\/uploads\/2024\/11\/tiana-ochoa-lider-migrante-rhode-island-5-e1734361323429-75x75.webp 75w, https:\/\/soymigrante.com\/revista\/wp-content\/uploads\/2024\/11\/tiana-ochoa-lider-migrante-rhode-island-5-e1734361323429-750x750.webp 750w, https:\/\/soymigrante.com\/revista\/wp-content\/uploads\/2024\/11\/tiana-ochoa-lider-migrante-rhode-island-5-e1734361323429-1140x1140.webp 1140w, https:\/\/soymigrante.com\/revista\/wp-content\/uploads\/2024\/11\/tiana-ochoa-lider-migrante-rhode-island-5-e1734361323429.webp 1370w\" sizes=\"(max-width: 1024px) 100vw, 1024px\" \/>\n            <\/div>\n        <\/div><div class=\"eael-entry-wrapper\"><header class=\"eael-entry-header\"><h2 class=\"eael-entry-title\"><a class=\"eael-grid-post-link\" href=\"https:\/\/soymigrante.com\/revista\/chapines-nos-dicen-pero-de-donde-proviene-esta-expresion\/\" title=\"\u00bfQu\u00e9 significa la palabra chap\u00edn y de donde viene?\">\u00bfQu\u00e9 significa la palabra chap\u00edn y de donde viene?<\/a><\/h2><\/header><div class=\"eael-entry-content\">\n                        <div class=\"eael-grid-post-excerpt\"><a href=\"https:\/\/soymigrante.com\/revista\/chapines-nos-dicen-pero-de-donde-proviene-esta-expresion\/\" class=\"eael-post-elements-readmore-btn\">CONOCE SU HISTORIA <\/a><\/div>\n                    <\/div><\/div><\/div>\n        <\/div>\n    <\/article><article class=\"eael-grid-post  eael-post-grid-column eael-pg-post-8299 category-estamos-unidos\" data-id=\"8299\">\n        <div class=\"eael-grid-post-holder\">\n            <div class=\"eael-grid-post-holder-inner\"><div class=\"eael-entry-media\"><div class=\"eael-entry-overlay fade-in\"><i class=\"far fa-hand-pointer\" aria-hidden=\"true\"><\/i><a href=\"https:\/\/soymigrante.com\/revista\/semana-del-guatemalteco-l-a-los-5-homenajeados-del-2024\/\"><\/a><\/div><div class=\"eael-entry-thumbnail \">\n                <img decoding=\"async\" width=\"445\" height=\"445\" src=\"https:\/\/soymigrante.com\/revista\/wp-content\/uploads\/2024\/08\/quetzalino.webp\" class=\"attachment-large size-large wp-image-8354\" alt=\"Colibr\u00ed h\u00edbrido con colores vibrantes posado en un \u00e1rbol en un entorno natural, resaltando la biodiversidad y las especies \u00fanicas en la naturaleza.\" srcset=\"https:\/\/soymigrante.com\/revista\/wp-content\/uploads\/2024\/08\/quetzalino.webp 445w, https:\/\/soymigrante.com\/revista\/wp-content\/uploads\/2024\/08\/quetzalino-300x300.webp 300w, https:\/\/soymigrante.com\/revista\/wp-content\/uploads\/2024\/08\/quetzalino-150x150.webp 150w, https:\/\/soymigrante.com\/revista\/wp-content\/uploads\/2024\/08\/quetzalino-75x75.webp 75w\" sizes=\"(max-width: 445px) 100vw, 445px\" \/>\n            <\/div>\n        <\/div><div class=\"eael-entry-wrapper\"><header class=\"eael-entry-header\"><h2 class=\"eael-entry-title\"><a class=\"eael-grid-post-link\" href=\"https:\/\/soymigrante.com\/revista\/semana-del-guatemalteco-l-a-los-5-homenajeados-del-2024\/\" title=\"Los 5 homenajeados en la Semana del Guatemalteco de Los Angeles\">Los 5 homenajeados en la Semana del Guatemalteco de Los Angeles<\/a><\/h2><\/header><div class=\"eael-entry-content\">\n                        <div class=\"eael-grid-post-excerpt\"><a href=\"https:\/\/soymigrante.com\/revista\/semana-del-guatemalteco-l-a-los-5-homenajeados-del-2024\/\" class=\"eael-post-elements-readmore-btn\">CONOCE SU HISTORIA <\/a><\/div>\n                    <\/div><\/div><\/div>\n        <\/div>\n    <\/article><article class=\"eael-grid-post  eael-post-grid-column eael-pg-post-5623 category-recursos-migratorios\" data-id=\"5623\">\n        <div class=\"eael-grid-post-holder\">\n            <div class=\"eael-grid-post-holder-inner\"><div class=\"eael-entry-media\"><div class=\"eael-entry-overlay fade-in\"><i class=\"far fa-hand-pointer\" aria-hidden=\"true\"><\/i><a href=\"https:\/\/soymigrante.com\/revista\/consulado-de-guatemala-en-rhode-island\/\"><\/a><\/div><div class=\"eael-entry-thumbnail \">\n                <img loading=\"lazy\" decoding=\"async\" width=\"1024\" height=\"349\" src=\"https:\/\/soymigrante.com\/revista\/wp-content\/uploads\/2024\/03\/Consulado-de-Guatemala-en-Rhode-Island-esta-ubicado-en-la-ciudad-de-Providence.-Atiende-8-de-la-manana-a-15-horas-de-lunes-viernes.--1024x349.webp\" class=\"attachment-large size-large wp-image-5624\" alt=\"Consulado de Guatemala en Rhode Island est\u00e1 ubicado en la ciudad de Providence. Atiende 8 de la ma\u00f1ana a 15 horas de lunes viernes.\" srcset=\"https:\/\/soymigrante.com\/revista\/wp-content\/uploads\/2024\/03\/Consulado-de-Guatemala-en-Rhode-Island-esta-ubicado-en-la-ciudad-de-Providence.-Atiende-8-de-la-manana-a-15-horas-de-lunes-viernes.--1024x349.webp 1024w, https:\/\/soymigrante.com\/revista\/wp-content\/uploads\/2024\/03\/Consulado-de-Guatemala-en-Rhode-Island-esta-ubicado-en-la-ciudad-de-Providence.-Atiende-8-de-la-manana-a-15-horas-de-lunes-viernes.--300x102.webp 300w, https:\/\/soymigrante.com\/revista\/wp-content\/uploads\/2024\/03\/Consulado-de-Guatemala-en-Rhode-Island-esta-ubicado-en-la-ciudad-de-Providence.-Atiende-8-de-la-manana-a-15-horas-de-lunes-viernes.--768x262.webp 768w, https:\/\/soymigrante.com\/revista\/wp-content\/uploads\/2024\/03\/Consulado-de-Guatemala-en-Rhode-Island-esta-ubicado-en-la-ciudad-de-Providence.-Atiende-8-de-la-manana-a-15-horas-de-lunes-viernes.--1536x524.webp 1536w, https:\/\/soymigrante.com\/revista\/wp-content\/uploads\/2024\/03\/Consulado-de-Guatemala-en-Rhode-Island-esta-ubicado-en-la-ciudad-de-Providence.-Atiende-8-de-la-manana-a-15-horas-de-lunes-viernes.--750x256.webp 750w, https:\/\/soymigrante.com\/revista\/wp-content\/uploads\/2024\/03\/Consulado-de-Guatemala-en-Rhode-Island-esta-ubicado-en-la-ciudad-de-Providence.-Atiende-8-de-la-manana-a-15-horas-de-lunes-viernes.--1140x389.webp 1140w, https:\/\/soymigrante.com\/revista\/wp-content\/uploads\/2024\/03\/Consulado-de-Guatemala-en-Rhode-Island-esta-ubicado-en-la-ciudad-de-Providence.-Atiende-8-de-la-manana-a-15-horas-de-lunes-viernes.-.webp 1920w\" sizes=\"(max-width: 1024px) 100vw, 1024px\" \/>\n            <\/div>\n        <\/div><div class=\"eael-entry-wrapper\"><header class=\"eael-entry-header\"><h2 class=\"eael-entry-title\"><a class=\"eael-grid-post-link\" href=\"https:\/\/soymigrante.com\/revista\/consulado-de-guatemala-en-rhode-island\/\" title=\"Consulado de Guatemala en Rhode Island: ubicaci\u00f3n y horario\">Consulado de Guatemala en Rhode Island: ubicaci\u00f3n y horario<\/a><\/h2><\/header><div class=\"eael-entry-content\">\n                        <div class=\"eael-grid-post-excerpt\"><a href=\"https:\/\/soymigrante.com\/revista\/consulado-de-guatemala-en-rhode-island\/\" class=\"eael-post-elements-readmore-btn\">CONOCE SU HISTORIA <\/a><\/div>\n                    <\/div><\/div><\/div>\n        <\/div>\n    <\/article><\/div>\n            <div class=\"clearfix\"><\/div>\n        <\/div>\t\t\t\t<\/div>\n\t\t\t\t\t<\/div>\n\t\t\t\t<\/div>\n\t\t\t\t<\/div>\n\t\t","protected":false},"excerpt":{"rendered":"<p>El pr\u00f3ximo 8 de septiembre a partir de las 12:00 horas el Centro Guatemalteco en New England en Providence, Rhode Island, te espera con los brazos abiertos para celebrar el Festival Guatemala durante el mes de independencia. He aqu\u00ed los detalles. El mes de Independencia guatemalteca motiva a muchas organizaciones de connacionales migrantes en EE.UU. [&hellip;]<\/p>\n","protected":false},"author":23,"featured_media":8684,"comment_status":"open","ping_status":"open","sticky":false,"template":"","format":"standard","meta":{"_acf_changed":false,"_eb_attr":"","footnotes":""},"categories":[54],"tags":[],"class_list":["post-8667","post","type-post","status-publish","format-standard","has-post-thumbnail","hentry","category-estamos-unidos"],"acf":[],"aioseo_notices":[],"aioseo_head":"\n\t\t<!-- All in One SEO Pro 4.9.6.2 - aioseo.com -->\n\t<meta name=\"description\" content=\"Tan solo en la ciudad de Providence, Rhode Island est\u00e1n radicados unos 25 mil guatemaltecos. En dicha localidad se ubica un consulado de Guatemala para atender tr\u00e1mites. En ciudades de Rhode Island existe una vibrante comunidad de guatemaltecos. Tan solo el Providence se calcula que hay 25 mil connacionales; si se suman otras ciudades, en\" \/>\n\t<meta name=\"robots\" content=\"max-snippet:-1, max-image-preview:large, max-video-preview:-1\" \/>\n\t<meta name=\"author\" content=\"Beatriz Tercero\"\/>\n\t<link rel=\"canonical\" href=\"https:\/\/soymigrante.com\/revista\/invitados-al-festival-guatemala-2024-en-rhode-island\/\" \/>\n\t<meta name=\"generator\" content=\"All in One SEO Pro (AIOSEO) 4.9.6.2\" \/>\n\n\t\t<link rel=\"preconnect\" href=\"https:\/\/fonts.googleapis.com\" crossorigin>\n<link rel=\"preconnect\" href=\"https:\/\/fonts.gstatic.com\" crossorigin>\n\t\t<meta property=\"og:locale\" content=\"es_ES\" \/>\n\t\t<meta property=\"og:site_name\" content=\"SoyMigrante.com REVISTA \u2013 Nuestra misi\u00f3n es reconocer y dignificar al migrante.\" \/>\n\t\t<meta property=\"og:type\" content=\"article\" \/>\n\t\t<meta property=\"og:title\" content=\"El Festival Guatemala de independencia en Rhode Island\" \/>\n\t\t<meta property=\"og:description\" content=\"El pr\u00f3ximo 8 de septiembre la comunidad guatemalteca del Centro Guatemalteco en New England en Providence, Rhode Island, te espera con los brazos abiertos.\" \/>\n\t\t<meta property=\"og:url\" content=\"https:\/\/soymigrante.com\/revista\/invitados-al-festival-guatemala-2024-en-rhode-island\/\" \/>\n\t\t<meta property=\"og:image\" content=\"https:\/\/soymigrante.com\/revista\/wp-content\/uploads\/2024\/09\/festival-guatemala-rhode.webp\" \/>\n\t\t<meta property=\"og:image:secure_url\" content=\"https:\/\/soymigrante.com\/revista\/wp-content\/uploads\/2024\/09\/festival-guatemala-rhode.webp\" \/>\n\t\t<meta property=\"og:image:width\" content=\"748\" \/>\n\t\t<meta property=\"og:image:height\" content=\"748\" \/>\n\t\t<meta property=\"article:published_time\" content=\"2024-09-02T18:43:25+00:00\" \/>\n\t\t<meta property=\"article:modified_time\" content=\"2024-11-01T19:45:21+00:00\" \/>\n\t\t<meta property=\"article:publisher\" content=\"https:\/\/www.facebook.com\/soymigrantecom\" \/>\n\t\t<meta name=\"twitter:card\" content=\"summary_large_image\" \/>\n\t\t<meta name=\"twitter:site\" content=\"@SoyMigrante_com\" \/>\n\t\t<meta name=\"twitter:title\" content=\"El Festival Guatemala de independencia en Rhode Island\" \/>\n\t\t<meta name=\"twitter:description\" content=\"El pr\u00f3ximo 8 de septiembre la comunidad guatemalteca del Centro Guatemalteco en New England en Providence, Rhode Island, te espera con los brazos abiertos.\" \/>\n\t\t<meta name=\"twitter:creator\" content=\"@SoyMigrante_com\" \/>\n\t\t<meta name=\"twitter:image\" content=\"https:\/\/soymigrante.com\/revista\/wp-content\/uploads\/2024\/09\/festival-guatemala-rhode.webp\" \/>\n\t\t<!-- All in One SEO Pro -->\r\n\t\t<title>El Festival Guatemala de independencia en Rhode Island<\/title>\n\n","aioseo_head_json":{"title":"El Festival Guatemala de independencia en Rhode Island","description":"El pr\u00f3ximo 8 de septiembre la comunidad guatemalteca del Centro Guatemalteco en New England en Providence, Rhode Island, te espera con los brazos abiertos.","canonical_url":"https:\/\/soymigrante.com\/revista\/invitados-al-festival-guatemala-2024-en-rhode-island\/","robots":"max-snippet:-1, max-image-preview:large, max-video-preview:-1","keywords":"","webmasterTools":{"miscellaneous":"&lt;link rel=\"preconnect\" href=\"https:\/\/fonts.googleapis.com\" crossorigin&gt;\n&lt;link rel=\"preconnect\" href=\"https:\/\/fonts.gstatic.com\" crossorigin&gt;"},"schema":null,"og:locale":"es_ES","og:site_name":"SoyMigrante.com REVISTA \u2013 Nuestra misi\u00f3n es reconocer y dignificar al migrante.","og:type":"article","og:title":"El Festival Guatemala de independencia en Rhode Island","og:description":"El pr\u00f3ximo 8 de septiembre la comunidad guatemalteca del Centro Guatemalteco en New England en Providence, Rhode Island, te espera con los brazos abiertos.","og:url":"https:\/\/soymigrante.com\/revista\/invitados-al-festival-guatemala-2024-en-rhode-island\/","og:image":"https:\/\/soymigrante.com\/revista\/wp-content\/uploads\/2024\/09\/festival-guatemala-rhode.webp","og:image:secure_url":"https:\/\/soymigrante.com\/revista\/wp-content\/uploads\/2024\/09\/festival-guatemala-rhode.webp","og:image:width":748,"og:image:height":748,"article:published_time":"2024-09-02T18:43:25+00:00","article:modified_time":"2024-11-01T19:45:21+00:00","article:publisher":"https:\/\/www.facebook.com\/soymigrantecom","twitter:card":"summary_large_image","twitter:site":"@SoyMigrante_com","twitter:title":"El Festival Guatemala de independencia en Rhode Island","twitter:description":"El pr\u00f3ximo 8 de septiembre la comunidad guatemalteca del Centro Guatemalteco en New England en Providence, Rhode Island, te espera con los brazos abiertos.","twitter:creator":"@SoyMigrante_com","twitter:image":"https:\/\/soymigrante.com\/revista\/wp-content\/uploads\/2024\/09\/festival-guatemala-rhode.webp"},"aioseo_meta_data":{"post_id":"8667","title":"El Festival Guatemala de independencia en Rhode Island","description":"El pr\u00f3ximo 8 de septiembre la comunidad guatemalteca del Centro Guatemalteco en New England en Providence, Rhode Island, te espera con los brazos abiertos.","keywords":null,"keyphrases":{"focus":{"keyphrase":"Festival Guatemala","score":60,"analysis":{"keyphraseInTitle":{"score":9,"maxScore":9,"error":0},"keyphraseInDescription":{"score":3,"maxScore":9,"error":1},"keyphraseLength":{"score":9,"maxScore":9,"error":0,"length":2},"keyphraseInURL":{"score":5,"maxScore":5,"error":0},"keyphraseInIntroduction":{"score":3,"maxScore":9,"error":1},"keyphraseInSubHeadings":{"score":3,"maxScore":9,"error":1},"keyphraseInImageAlt":{"score":9,"maxScore":9,"error":0},"keywordDensity":{"score":0,"type":"low","maxScore":9,"error":1}}},"additional":[{"keyphrase":"festival chap\u00edn","score":40,"analysis":{"keyphraseInDescription":{"score":3,"maxScore":9,"error":1},"keyphraseLength":{"score":9,"maxScore":9,"error":0,"length":3},"keyphraseInIntroduction":{"score":3,"maxScore":9,"error":1},"keyphraseInImageAlt":{"score":3,"maxScore":9,"error":1},"keywordDensity":{"score":0,"type":"low","maxScore":9,"error":1}}},{"keyphrase":"soy guatemalteco","score":40,"analysis":{"keyphraseInDescription":{"score":3,"maxScore":9,"error":1},"keyphraseLength":{"score":9,"maxScore":9,"error":0,"length":2},"keyphraseInIntroduction":{"score":3,"maxScore":9,"error":1},"keyphraseInImageAlt":{"score":3,"maxScore":9,"error":1},"keywordDensity":{"score":0,"type":"low","maxScore":9,"error":1}}},{"keyphrase":"Providence, Rhode Island","score":87,"analysis":{"keyphraseInDescription":{"score":9,"maxScore":9,"error":0},"keyphraseLength":{"score":9,"maxScore":9,"error":0,"length":3},"keyphraseInIntroduction":{"score":3,"maxScore":9,"error":1},"keyphraseInImageAlt":{"score":9,"maxScore":9,"error":0},"keywordDensity":{"type":"best","score":9,"maxScore":9,"error":0}}}]},"primary_term":null,"canonical_url":null,"og_title":null,"og_description":null,"og_object_type":"default","og_image_type":"default","og_image_url":null,"og_image_width":null,"og_image_height":null,"og_image_custom_url":null,"og_image_custom_fields":null,"og_video":"","og_custom_url":null,"og_article_section":null,"og_article_tags":null,"twitter_use_og":false,"twitter_card":"default","twitter_image_type":"default","twitter_image_url":null,"twitter_image_custom_url":null,"twitter_image_custom_fields":null,"twitter_title":null,"twitter_description":null,"schema":{"blockGraphs":[],"customGraphs":[],"default":{"data":{"Article":[],"Course":[],"Dataset":[],"FAQPage":[],"Movie":[],"Person":[],"Product":[],"ProductReview":[],"Car":[],"Recipe":[],"Service":[],"SoftwareApplication":[],"WebPage":[]},"graphName":"Article","isEnabled":true},"graphs":[]},"schema_type":"default","schema_type_options":null,"pillar_content":false,"robots_default":true,"robots_noindex":false,"robots_noarchive":false,"robots_nosnippet":false,"robots_nofollow":false,"robots_noimageindex":false,"robots_noodp":false,"robots_notranslate":false,"robots_max_snippet":"-1","robots_max_videopreview":"-1","robots_max_imagepreview":"large","priority":null,"frequency":"default","local_seo":null,"seo_analyzer_scan_date":"2025-10-08 22:53:10","breadcrumb_settings":null,"limit_modified_date":false,"reviewed_by":null,"open_ai":"{\"title\":{\"suggestions\":[],\"usage\":0},\"description\":{\"suggestions\":[],\"usage\":0}}","ai":null,"created":"2024-09-02 16:00:59","updated":"2026-02-04 12:54:55"},"aioseo_breadcrumb":"<div class=\"aioseo-breadcrumbs\"><span class=\"aioseo-breadcrumb\">\n\t<a href=\"https:\/\/soymigrante.com\/revista\" title=\"Home\">Home<\/a>\n<\/span><span class=\"aioseo-breadcrumb-separator\">\u00bb<\/span><span class=\"aioseo-breadcrumb\">\n\t<a href=\"https:\/\/soymigrante.com\/revista\/category\/estamos-unidos\/\" title=\"Estamos Unidos\">Estamos Unidos<\/a>\n<\/span><span class=\"aioseo-breadcrumb-separator\">\u00bb<\/span><span class=\"aioseo-breadcrumb\">\n\tInvitados  al Festival Guatemala 2024 en Rhode Island\n<\/span><\/div>","aioseo_breadcrumb_json":[{"label":"Home","link":"https:\/\/soymigrante.com\/revista"},{"label":"Estamos Unidos","link":"https:\/\/soymigrante.com\/revista\/category\/estamos-unidos\/"},{"label":"Invitados  al Festival Guatemala 2024 en Rhode Island","link":"https:\/\/soymigrante.com\/revista\/invitados-al-festival-guatemala-2024-en-rhode-island\/"}],"_links":{"self":[{"href":"https:\/\/soymigrante.com\/revista\/wp-json\/wp\/v2\/posts\/8667","targetHints":{"allow":["GET"]}}],"collection":[{"href":"https:\/\/soymigrante.com\/revista\/wp-json\/wp\/v2\/posts"}],"about":[{"href":"https:\/\/soymigrante.com\/revista\/wp-json\/wp\/v2\/types\/post"}],"author":[{"embeddable":true,"href":"https:\/\/soymigrante.com\/revista\/wp-json\/wp\/v2\/users\/23"}],"replies":[{"embeddable":true,"href":"https:\/\/soymigrante.com\/revista\/wp-json\/wp\/v2\/comments?post=8667"}],"version-history":[{"count":0,"href":"https:\/\/soymigrante.com\/revista\/wp-json\/wp\/v2\/posts\/8667\/revisions"}],"wp:featuredmedia":[{"embeddable":true,"href":"https:\/\/soymigrante.com\/revista\/wp-json\/wp\/v2\/media\/8684"}],"wp:attachment":[{"href":"https:\/\/soymigrante.com\/revista\/wp-json\/wp\/v2\/media?parent=8667"}],"wp:term":[{"taxonomy":"category","embeddable":true,"href":"https:\/\/soymigrante.com\/revista\/wp-json\/wp\/v2\/categories?post=8667"},{"taxonomy":"post_tag","embeddable":true,"href":"https:\/\/soymigrante.com\/revista\/wp-json\/wp\/v2\/tags?post=8667"}],"curies":[{"name":"wp","href":"https:\/\/api.w.org\/{rel}","templated":true}]}}