{"id":8629,"date":"2024-08-30T17:10:20","date_gmt":"2024-08-30T23:10:20","guid":{"rendered":"https:\/\/soymigrante.com\/revista\/?p=8629"},"modified":"2025-08-27T11:13:27","modified_gmt":"2025-08-27T17:13:27","slug":"consejos-para-ayudar-a-enfrentar-el-duelo-migratorio-en-ninos","status":"publish","type":"post","link":"https:\/\/soymigrante.com\/revista\/consejos-para-ayudar-a-enfrentar-el-duelo-migratorio-en-ninos\/","title":{"rendered":"Consejos para ayudar a enfrentar el duelo migratorio en ni\u00f1os"},"content":{"rendered":"\t\t<div data-elementor-type=\"wp-post\" data-elementor-id=\"8629\" class=\"elementor elementor-8629\" data-elementor-post-type=\"post\">\n\t\t\t\t<div data-particle_enable=\"false\" data-particle-mobile-disabled=\"false\" class=\"elementor-element elementor-element-4106122 e-flex e-con-boxed e-con e-parent\" data-id=\"4106122\" data-element_type=\"container\" data-e-type=\"container\">\n\t\t\t\t\t<div class=\"e-con-inner\">\n\t\t\t\t<div class=\"elementor-element elementor-element-268eebe elementor-widget elementor-widget-heading\" data-id=\"268eebe\" data-element_type=\"widget\" data-e-type=\"widget\" data-widget_type=\"heading.default\">\n\t\t\t\t\t<h2 class=\"elementor-heading-title elementor-size-default\">Ante la falta de oportunidades, trabajo o ayuda social en varios pa\u00edses, las personas se ven forzadas a migrar, pero eso puede causar un impacto en las personas cercanas, especialmente los ni\u00f1os, tanto si migran juntos como si se quedna en el pa\u00eds. Estas son algunas claves para enfrentarlo.\n\n<\/h2>\t\t\t\t<\/div>\n\t\t\t\t\t<\/div>\n\t\t\t\t<\/div>\n\t\t<div data-particle_enable=\"false\" data-particle-mobile-disabled=\"false\" class=\"elementor-element elementor-element-538da66 e-flex e-con-boxed e-con e-parent\" data-id=\"538da66\" data-element_type=\"container\" data-e-type=\"container\">\n\t\t\t\t\t<div class=\"e-con-inner\">\n\t\t\t\t<div class=\"elementor-element elementor-element-ef24493 elementor-widget elementor-widget-text-editor\" data-id=\"ef24493\" data-element_type=\"widget\" data-e-type=\"widget\" data-widget_type=\"text-editor.default\">\n\t\t\t\t\t\t\t\t\t<p><a href=\"https:\/\/soymigrante.com\/revista\/cambios-que-enfrentan-hijos-de-migrantes-al-partir-a-estados-unidos\/\" target=\"_blank\" rel=\"noopener\">En Guatemala hay algunos ni\u00f1os, ni\u00f1as y adolescentes<\/a> que tienen a uno o dos padres fuera y que fueron dejados al cuidado de los abuelos, alguna t\u00eda, hermanos o dem\u00e1s familiares, lo que podr\u00eda desencadenar en los peque\u00f1os varios s\u00edntomas <a href=\"https:\/\/soymigrante.com\/revista\/oracion-del-migrante-en-ruta-estados-unidos\/\" target=\"_blank\" rel=\"noopener\">relacionados con el duelo migratorio.<\/a><\/p><p>La psic\u00f3loga Mar\u00eda G\u00f3mez, destaca que el apoyo de los padres es fundamental para enfrentar el duelo migratorio de los hijos que se quedan bajo el cuidado de alg\u00fan familiar o se van con ellos.<\/p>\t\t\t\t\t\t\t\t<\/div>\n\t\t\t\t\t<\/div>\n\t\t\t\t<\/div>\n\t\t<div data-particle_enable=\"false\" data-particle-mobile-disabled=\"false\" class=\"elementor-element elementor-element-fcefa68 e-flex e-con-boxed e-con e-parent\" data-id=\"fcefa68\" data-element_type=\"container\" data-e-type=\"container\">\n\t\t\t\t\t<div class=\"e-con-inner\">\n\t\t\t\t<div class=\"elementor-element elementor-element-433320a elementor-widget elementor-widget-heading\" data-id=\"433320a\" data-element_type=\"widget\" data-e-type=\"widget\" data-widget_type=\"heading.default\">\n\t\t\t\t\t<h3 class=\"elementor-heading-title elementor-size-default\">\u00bfQu\u00e9 es el duelo migratorio?<\/h3>\t\t\t\t<\/div>\n\t\t\t\t\t<\/div>\n\t\t\t\t<\/div>\n\t\t<div data-particle_enable=\"false\" data-particle-mobile-disabled=\"false\" class=\"elementor-element elementor-element-1f8c9b4 e-flex e-con-boxed e-con e-parent\" data-id=\"1f8c9b4\" data-element_type=\"container\" data-e-type=\"container\">\n\t\t\t\t\t<div class=\"e-con-inner\">\n\t\t\t\t<div class=\"elementor-element elementor-element-3354acd elementor-widget elementor-widget-text-editor\" data-id=\"3354acd\" data-element_type=\"widget\" data-e-type=\"widget\" data-widget_type=\"text-editor.default\">\n\t\t\t\t\t\t\t\t\t<p>Mar\u00eda explica que el duelo migratorio conduce a una situaci\u00f3n de duelo emocional. \u201cEl duelo migratorio es una p\u00e9rdida psicol\u00f3gica y social que, aunque es diferente a una p\u00e9rdida f\u00edsica, presenta los mismos s\u00edntomas y etapas, ya que igualmente es un duelo emocional\u201d.<\/p><p>Este duelo es considerado altamente riesgoso, porque puede afectar la salud mental del ni\u00f1o, ya que se ve en una situaci\u00f3n de abandono, deprimido, porque teme no volver a ver a sus padres, y esto va dejando marcas importantes en su autoestima.<\/p><p><a href=\"https:\/\/soymigrante.com\/revista\/algunas-claves-sobre-el-cuidado-de-los-ninos-de-cero-a-5-anos\/\" target=\"_blank\" rel=\"noopener\">Los ni\u00f1os son la prioridad de los padres<\/a> y por ello se les debe prestar atenci\u00f3n a sus comportamientos y a sus cuidados.<\/p><p>Es por esto que, recomienda las siguientes claves:<\/p>\t\t\t\t\t\t\t\t<\/div>\n\t\t\t\t\t<\/div>\n\t\t\t\t<\/div>\n\t\t<div data-particle_enable=\"false\" data-particle-mobile-disabled=\"false\" class=\"elementor-element elementor-element-1471707 e-flex e-con-boxed e-con e-parent\" data-id=\"1471707\" data-element_type=\"container\" data-e-type=\"container\">\n\t\t\t\t\t<div class=\"e-con-inner\">\n\t\t\t\t<div class=\"elementor-element elementor-element-e74ac78 elementor-widget elementor-widget-text-editor\" data-id=\"e74ac78\" data-element_type=\"widget\" data-e-type=\"widget\" data-widget_type=\"text-editor.default\">\n\t\t\t\t\t\t\t\t\t<p><strong>1. Ser sinceros<\/strong><\/p><p>Es importante decirle a tus hijos informaci\u00f3n real; es decir, no crear expectativas muy elevadas en cuanto a los cambios que est\u00e1n por venir. \u201cEn ni\u00f1os grandes, m\u00e1s que todo es importante no llevarlos con las excusas de que son unas vacaciones\u201d.<\/p><p>Tambi\u00e9n se les debe trasmitir seguridad, es importante participarles que vendr\u00e1n cambios, pero que todo podr\u00e1n superarlo si permanecen unidos y se apoyan.<\/p>\t\t\t\t\t\t\t\t<\/div>\n\t\t\t\t\t<\/div>\n\t\t\t\t<\/div>\n\t\t<div data-particle_enable=\"false\" data-particle-mobile-disabled=\"false\" class=\"elementor-element elementor-element-8d6fdaf e-flex e-con-boxed e-con e-parent\" data-id=\"8d6fdaf\" data-element_type=\"container\" data-e-type=\"container\">\n\t\t\t\t\t<div class=\"e-con-inner\">\n\t\t\t\t<div class=\"elementor-element elementor-element-5c565c6 elementor-widget elementor-widget-text-editor\" data-id=\"5c565c6\" data-element_type=\"widget\" data-e-type=\"widget\" data-widget_type=\"text-editor.default\">\n\t\t\t\t\t\t\t\t\t<p><strong>2. Ser comprensivos sobre los desaf\u00edos emocionales<\/strong><\/p><p>Se refiere a evitar juzgar o desestimar cualquier expresi\u00f3n emocional de los hijos. \u201cPor ejemplo, los ni\u00f1os peque\u00f1os podr\u00edan llorar, porque deben dejar su habitaci\u00f3n, o expresar rabia, porque no podr\u00e1n llevarse todo, en el caso del adolescente podr\u00eda aislarse o mostrarse defensivo, porque dejar\u00e1 a sus amigos\u201d.<\/p>\t\t\t\t\t\t\t\t<\/div>\n\t\t\t\t\t<\/div>\n\t\t\t\t<\/div>\n\t\t<div data-particle_enable=\"false\" data-particle-mobile-disabled=\"false\" class=\"elementor-element elementor-element-a57d4b9 e-flex e-con-boxed e-con e-parent\" data-id=\"a57d4b9\" data-element_type=\"container\" data-e-type=\"container\">\n\t\t\t\t\t<div class=\"e-con-inner\">\n\t\t\t\t<div class=\"elementor-element elementor-element-b12ab6a elementor-widget elementor-widget-text-editor\" data-id=\"b12ab6a\" data-element_type=\"widget\" data-e-type=\"widget\" data-widget_type=\"text-editor.default\">\n\t\t\t\t\t\t\t\t\t<p><strong>3. Aumentar la comunicaci\u00f3n<\/strong><\/p><p>La psic\u00f3loga manifiesta que, en este punto, es importante brindarles informaci\u00f3n del nuevo pa\u00eds o lugar al que ir\u00e1n, es decir, cu\u00e1les son sus costumbres, idioma y normas de conducta, \u201ca los m\u00e1s grandes se les puede comentar sobre los avances para concretar el viaje. De esta forma, podemos sondear puntos de vista e inclusive sus temores y miedos\u201d.<\/p>\t\t\t\t\t\t\t\t<\/div>\n\t\t\t\t\t<\/div>\n\t\t\t\t<\/div>\n\t\t<div data-particle_enable=\"false\" data-particle-mobile-disabled=\"false\" class=\"elementor-element elementor-element-bc4e38f e-flex e-con-boxed e-con e-parent\" data-id=\"bc4e38f\" data-element_type=\"container\" data-e-type=\"container\">\n\t\t\t\t\t<div class=\"e-con-inner\">\n\t\t\t\t<div class=\"elementor-element elementor-element-c62c0ef elementor-widget elementor-widget-image\" data-id=\"c62c0ef\" data-element_type=\"widget\" data-e-type=\"widget\" data-widget_type=\"image.default\">\n\t\t\t\t\t\t\t\t\t\t\t\t\t\t\t<img fetchpriority=\"high\" decoding=\"async\" width=\"683\" height=\"1024\" src=\"https:\/\/soymigrante.com\/revista\/wp-content\/uploads\/2024\/08\/Consejos-para-ayudar-a-enfrentar-el-duelo-migratorio-en-ninos-683x1024.webp\" class=\"attachment-large size-large wp-image-8631\" alt=\"Emigrantes conversando en un espacio interior, sobre migraci\u00f3n y derechos, en el contexto de la comunidad migrante en un ambiente moderno y acogedor.\" srcset=\"https:\/\/soymigrante.com\/revista\/wp-content\/uploads\/2024\/08\/Consejos-para-ayudar-a-enfrentar-el-duelo-migratorio-en-ninos-683x1024.webp 683w, https:\/\/soymigrante.com\/revista\/wp-content\/uploads\/2024\/08\/Consejos-para-ayudar-a-enfrentar-el-duelo-migratorio-en-ninos-200x300.webp 200w, https:\/\/soymigrante.com\/revista\/wp-content\/uploads\/2024\/08\/Consejos-para-ayudar-a-enfrentar-el-duelo-migratorio-en-ninos-768x1152.webp 768w, https:\/\/soymigrante.com\/revista\/wp-content\/uploads\/2024\/08\/Consejos-para-ayudar-a-enfrentar-el-duelo-migratorio-en-ninos-1024x1536.webp 1024w, https:\/\/soymigrante.com\/revista\/wp-content\/uploads\/2024\/08\/Consejos-para-ayudar-a-enfrentar-el-duelo-migratorio-en-ninos-scaled.webp 1280w, https:\/\/soymigrante.com\/revista\/wp-content\/uploads\/2024\/08\/Consejos-para-ayudar-a-enfrentar-el-duelo-migratorio-en-ninos-750x1125.webp 750w, https:\/\/soymigrante.com\/revista\/wp-content\/uploads\/2024\/08\/Consejos-para-ayudar-a-enfrentar-el-duelo-migratorio-en-ninos-1140x1710.webp 1140w\" sizes=\"(max-width: 683px) 100vw, 683px\" title=\"Consejos para ayudar a enfrentar el duelo migratorio en ni\u00f1os \u2013 SoyMigrante.com REVISTA\" \/>\t\t\t\t\t\t\t\t\t\t\t\t\t\t\t<\/div>\n\t\t\t\t\t<\/div>\n\t\t\t\t<\/div>\n\t\t<div data-particle_enable=\"false\" data-particle-mobile-disabled=\"false\" class=\"elementor-element elementor-element-b1d79f4 e-flex e-con-boxed e-con e-parent\" data-id=\"b1d79f4\" data-element_type=\"container\" data-e-type=\"container\">\n\t\t\t\t\t<div class=\"e-con-inner\">\n\t\t\t\t<div class=\"elementor-element elementor-element-df560bb elementor-widget elementor-widget-text-editor\" data-id=\"df560bb\" data-element_type=\"widget\" data-e-type=\"widget\" data-widget_type=\"text-editor.default\">\n\t\t\t\t\t\t\t\t\t<p><strong>4. Contener sus miedos<\/strong><\/p><p>En este punto es primordial ser emp\u00e1tico y escuchar de forma activa las opiniones de tus hijos, brind\u00e1ndole respuestas c\u00e1lidas ante sus preocupaciones.<\/p>\t\t\t\t\t\t\t\t<\/div>\n\t\t\t\t\t<\/div>\n\t\t\t\t<\/div>\n\t\t<div data-particle_enable=\"false\" data-particle-mobile-disabled=\"false\" class=\"elementor-element elementor-element-e8dca81 e-flex e-con-boxed e-con e-parent\" data-id=\"e8dca81\" data-element_type=\"container\" data-e-type=\"container\">\n\t\t\t\t\t<div class=\"e-con-inner\">\n\t\t\t\t<div class=\"elementor-element elementor-element-6c97fc4 elementor-widget elementor-widget-text-editor\" data-id=\"6c97fc4\" data-element_type=\"widget\" data-e-type=\"widget\" data-widget_type=\"text-editor.default\">\n\t\t\t\t\t\t\t\t\t<p><strong>5. Observar los s\u00edntomas<\/strong><\/p><p>G\u00f3mez recomienda a los padres y cuidadores a estar muy atentos a los cambios de humor del ni\u00f1o, sobre todo cuando se vuelven muy llorones, irritables, rabiosos e impulsivos.<\/p><p>Tambi\u00e9n indica mirar las alteraciones del estado de \u00e1nimo y del sue\u00f1o que, seg\u00fan la experta, pueden venir acompa\u00f1ados de pesadillas o de insomnio, sentimientos de abatimiento, falta de inter\u00e9s y de apetito, \u201cestos s\u00edntomas pueden estar presente mientras el ni\u00f1o reorganiza su mundo interior, e internaliza la p\u00e9rdida; pero si persisten por m\u00e1s de seis meses y aumentan su intensidad y frecuencia, ser\u00e1 preciso buscar ayuda, porque podr\u00edamos estar ante un duelo complicado, que requiere de una debida orientaci\u00f3n\u201d.<\/p><p>\u00a0<\/p>\t\t\t\t\t\t\t\t<\/div>\n\t\t\t\t\t<\/div>\n\t\t\t\t<\/div>\n\t\t<div data-particle_enable=\"false\" data-particle-mobile-disabled=\"false\" class=\"elementor-element elementor-element-8ba195e e-flex e-con-boxed e-con e-parent\" data-id=\"8ba195e\" data-element_type=\"container\" data-e-type=\"container\">\n\t\t\t\t\t<div class=\"e-con-inner\">\n\t\t\t\t<div class=\"elementor-element elementor-element-207330b elementor-widget elementor-widget-heading\" data-id=\"207330b\" data-element_type=\"widget\" data-e-type=\"widget\" data-widget_type=\"heading.default\">\n\t\t\t\t\t<h2 class=\"elementor-heading-title elementor-size-default\">Conoce m\u00e1s de Guatemala ac\u00e1...<\/h2>\t\t\t\t<\/div>\n\t\t\t\t\t<\/div>\n\t\t\t\t<\/div>\n\t\t<div data-particle_enable=\"false\" data-particle-mobile-disabled=\"false\" class=\"elementor-element elementor-element-b36a223 e-flex e-con-boxed e-con e-parent\" data-id=\"b36a223\" data-element_type=\"container\" data-e-type=\"container\">\n\t\t\t\t\t<div class=\"e-con-inner\">\n\t\t\t\t<div class=\"elementor-element elementor-element-7be2e9d elementor-widget elementor-widget-blfe-post-grid\" data-id=\"7be2e9d\" data-element_type=\"widget\" data-e-type=\"widget\" data-settings=\"{&quot;columns&quot;:&quot;3&quot;,&quot;columns_tablet&quot;:&quot;6&quot;,&quot;columns_mobile&quot;:&quot;12&quot;,&quot;hero2_navigation&quot;:&quot;arrows&quot;,&quot;hero2_layout_column_gap&quot;:{&quot;unit&quot;:&quot;px&quot;,&quot;size&quot;:5,&quot;sizes&quot;:[]},&quot;hero2_layout_column_gap_tablet&quot;:{&quot;unit&quot;:&quot;px&quot;,&quot;size&quot;:&quot;&quot;,&quot;sizes&quot;:[]},&quot;hero2_layout_column_gap_mobile&quot;:{&quot;unit&quot;:&quot;px&quot;,&quot;size&quot;:&quot;&quot;,&quot;sizes&quot;:[]},&quot;hero2_layout_row_gap&quot;:{&quot;unit&quot;:&quot;px&quot;,&quot;size&quot;:5,&quot;sizes&quot;:[]},&quot;hero2_layout_row_gap_tablet&quot;:{&quot;unit&quot;:&quot;px&quot;,&quot;size&quot;:&quot;&quot;,&quot;sizes&quot;:[]},&quot;hero2_layout_row_gap_mobile&quot;:{&quot;unit&quot;:&quot;px&quot;,&quot;size&quot;:&quot;&quot;,&quot;sizes&quot;:[]}}\" data-widget_type=\"blfe-post-grid.hero2\">\n\t\t\t\t<div class=\"elementor-widget-container\">\n\t\t\t\t\t\n                        <div class=\"blfe-post-grid-container \">\n            \n                <div data-skin=\"hero2\" class=\"blfe-row blfe-posts-inner blfe-hero2 blfe-posts-inner blfe-col-3 blfe-col-tab-6 blfe-col-mob-12     \">\n                            <div class=\"blfe-post-grid-item \">\n            <div class=\"blfe-post-grid-item-inner blfe-modern-zoom\">\n                        <div class=\"blfe-post-grid-bg-image\">\n            <a class=\"blfe-post-grid-image-inner\" href=\"https:\/\/soymigrante.com\/revista\/dia-de-la-tierra-todos-los-dias-productos-guatemaltecos-naturales-y-autenticos-en-mercado\/\" title=\"D\u00eda de la Tierra todos los d\u00edas: productos guatemaltecos naturales y aut\u00e9nticos en MERCADO\" rel=\"nofollow\" target=\"_blank\"><img decoding=\"async\" src=\"https:\/\/soymigrante.com\/revista\/wp-content\/uploads\/2026\/04\/DIA-DE-LA-TIERRA-PRODUCTOS-ECOLOGICOS-GUATEMALA-SOYMIGRANTE-MERCADO.png\" alt=\"D\u00eda de la Tierra todos los d\u00edas: productos guatemaltecos naturales y aut\u00e9nticos en MERCADO\"\/><\/a>        <\/div>\n                        <div class=\"blfe-post-grid-details\">\n                    <div class=\"blfe-post-grid-details-inner\">\n                        <span class=\"blfe-post-category\"><a href=\"https:\/\/soymigrante.com\/revista\/category\/guate-nuestra\/\">Guate Nuestra<\/a><\/span>                        <h3 class=\"blfe-post-grid-title\">\n            <a href=\"https:\/\/soymigrante.com\/revista\/dia-de-la-tierra-todos-los-dias-productos-guatemaltecos-naturales-y-autenticos-en-mercado\/\" title=\"D\u00eda de la Tierra todos los d\u00edas: productos guatemaltecos naturales y aut\u00e9nticos en MERCADO\" rel=\"nofollow\" target=\"_blank\">D\u00eda de la Tierra todos los d\u00edas: productos guatemaltecos naturales y aut\u00e9nticos en MERCADO<\/a>\n            <\/h3>                                    <div class=\"blfe-post-grid-meta\">\n                <span class=\"blfe-post-grid-time\"><i class=\"fas fa-book-reader\"><\/i>4 Min read<\/span>            <\/div>\n                                                                                <\/div>\n                <\/div>\n\n            <\/div>\n        <\/div>\n                <div class=\"blfe-post-grid-item \">\n            <div class=\"blfe-post-grid-item-inner blfe-modern-zoom\">\n                        <div class=\"blfe-post-grid-bg-image\">\n            <a class=\"blfe-post-grid-image-inner\" href=\"https:\/\/soymigrante.com\/revista\/refugio-natural-cerca-de-la-capital-la-reserva-ecologica-senderos-de-alux-en-sacatepequez\/\" title=\"Refugio natural cerca de la capital: La reserva ecol\u00f3gica Senderos de Alux en Sacatep\u00e9quez\" rel=\"nofollow\" target=\"_blank\"><img decoding=\"async\" src=\"https:\/\/soymigrante.com\/revista\/wp-content\/uploads\/2026\/04\/parque-ecologico-senderos-de-alux-5.jpg\" alt=\"Refugio natural cerca de la capital: La reserva ecol\u00f3gica Senderos de Alux en Sacatep\u00e9quez\"\/><\/a>        <\/div>\n                        <div class=\"blfe-post-grid-details\">\n                    <div class=\"blfe-post-grid-details-inner\">\n                        <span class=\"blfe-post-category\"><a href=\"https:\/\/soymigrante.com\/revista\/category\/guate-nuestra\/\">Guate Nuestra<\/a><\/span>                        <h3 class=\"blfe-post-grid-title\">\n            <a href=\"https:\/\/soymigrante.com\/revista\/refugio-natural-cerca-de-la-capital-la-reserva-ecologica-senderos-de-alux-en-sacatepequez\/\" title=\"Refugio natural cerca de la capital: La reserva ecol\u00f3gica Senderos de Alux en Sacatep\u00e9quez\" rel=\"nofollow\" target=\"_blank\">Refugio natural cerca de la capital: La reserva ecol\u00f3gica Senderos de Alux en Sacatep\u00e9quez<\/a>\n            <\/h3>                                    <div class=\"blfe-post-grid-meta\">\n                <span class=\"blfe-post-grid-time\"><i class=\"fas fa-book-reader\"><\/i>4 Min read<\/span>            <\/div>\n                                                                                <\/div>\n                <\/div>\n\n            <\/div>\n        <\/div>\n                <div class=\"blfe-post-grid-item \">\n            <div class=\"blfe-post-grid-item-inner blfe-modern-zoom\">\n                        <div class=\"blfe-post-grid-bg-image\">\n            <a class=\"blfe-post-grid-image-inner\" href=\"https:\/\/soymigrante.com\/revista\/libros-guatemaltecos-dia-internacional-del-libro-festeja-inspirate-mercado\/\" title=\"Celebra el D\u00eda del Libro con inspiraci\u00f3n 100% guatemalteca: adquiere, disfruta u obsequia en MERCADO\" rel=\"nofollow\" target=\"_blank\"><img decoding=\"async\" src=\"https:\/\/soymigrante.com\/revista\/wp-content\/uploads\/2026\/04\/DIA-DEL-LIBRO-SOYMIGRANTE-MERCADO.png\" alt=\"Celebra el D\u00eda del Libro con inspiraci\u00f3n 100% guatemalteca: adquiere, disfruta u obsequia en MERCADO\"\/><\/a>        <\/div>\n                        <div class=\"blfe-post-grid-details\">\n                    <div class=\"blfe-post-grid-details-inner\">\n                        <span class=\"blfe-post-category\"><a href=\"https:\/\/soymigrante.com\/revista\/category\/guate-nuestra\/\">Guate Nuestra<\/a><\/span>                        <h3 class=\"blfe-post-grid-title\">\n            <a href=\"https:\/\/soymigrante.com\/revista\/libros-guatemaltecos-dia-internacional-del-libro-festeja-inspirate-mercado\/\" title=\"Celebra el D\u00eda del Libro con inspiraci\u00f3n 100% guatemalteca: adquiere, disfruta u obsequia en MERCADO\" rel=\"nofollow\" target=\"_blank\">Celebra el D\u00eda del Libro con inspiraci\u00f3n 100% guatemalteca: adquiere, disfruta u obsequia en MERCADO<\/a>\n            <\/h3>                                    <div class=\"blfe-post-grid-meta\">\n                <span class=\"blfe-post-grid-time\"><i class=\"fas fa-book-reader\"><\/i>6 Min read<\/span>            <\/div>\n                                                                                <\/div>\n                <\/div>\n\n            <\/div>\n        <\/div>\n                <div class=\"blfe-post-grid-item \">\n            <div class=\"blfe-post-grid-item-inner blfe-modern-zoom\">\n                        <div class=\"blfe-post-grid-bg-image\">\n            <a class=\"blfe-post-grid-image-inner\" href=\"https:\/\/soymigrante.com\/revista\/dia-mundial-del-emprendimiento-16-historias-llenas-de-trabajo-y-creatividad-presentes-en-mercado\/\" title=\"D\u00eda Mundial del Emprendimiento: 16 historias llenas de  trabajo y creatividad presentes en MERCADO\" rel=\"nofollow\" target=\"_blank\"><img decoding=\"async\" src=\"https:\/\/soymigrante.com\/revista\/wp-content\/uploads\/2026\/04\/SOYMIGRANTECOM-MERCADO-DIA-MUNDIAL-DEL-EMPRENDEDOR.png\" alt=\"D\u00eda Mundial del Emprendimiento: 16 historias llenas de  trabajo y creatividad presentes en MERCADO\"\/><\/a>        <\/div>\n                        <div class=\"blfe-post-grid-details\">\n                    <div class=\"blfe-post-grid-details-inner\">\n                        <span class=\"blfe-post-category\"><a href=\"https:\/\/soymigrante.com\/revista\/category\/guate-nuestra\/\">Guate Nuestra<\/a><\/span>                        <h3 class=\"blfe-post-grid-title\">\n            <a href=\"https:\/\/soymigrante.com\/revista\/dia-mundial-del-emprendimiento-16-historias-llenas-de-trabajo-y-creatividad-presentes-en-mercado\/\" title=\"D\u00eda Mundial del Emprendimiento: 16 historias llenas de  trabajo y creatividad presentes en MERCADO\" rel=\"nofollow\" target=\"_blank\">D\u00eda Mundial del Emprendimiento: 16 historias llenas de  trabajo y creatividad presentes en MERCADO<\/a>\n            <\/h3>                                    <div class=\"blfe-post-grid-meta\">\n                <span class=\"blfe-post-grid-time\"><i class=\"fas fa-book-reader\"><\/i>8 Min read<\/span>            <\/div>\n                                                                                <\/div>\n                <\/div>\n\n            <\/div>\n        <\/div>\n                <div class=\"blfe-post-grid-item \">\n            <div class=\"blfe-post-grid-item-inner blfe-modern-zoom\">\n                        <div class=\"blfe-post-grid-bg-image\">\n            <a class=\"blfe-post-grid-image-inner\" href=\"https:\/\/soymigrante.com\/revista\/san-andres-xecul-totonicapan-guatemala-templo-simbologia-guia-significados-sincretismo-maya\/\" title=\"Mira de cerca la ic\u00f3nica iglesia de San Andr\u00e9s Xecul, Totonicap\u00e1n y conoce el significado de su simbolog\u00eda &#8211; Galer\u00eda\" rel=\"nofollow\" target=\"_blank\"><img decoding=\"async\" src=\"https:\/\/soymigrante.com\/revista\/wp-content\/uploads\/2026\/04\/San-Andres-Xecul-totonicapan-guatemala-iglesia-significado-foto-marcos-zarate.jpg\" alt=\"Mira de cerca la ic\u00f3nica iglesia de San Andr\u00e9s Xecul, Totonicap\u00e1n y conoce el significado de su simbolog\u00eda &#8211; Galer\u00eda\"\/><\/a>        <\/div>\n                        <div class=\"blfe-post-grid-details\">\n                    <div class=\"blfe-post-grid-details-inner\">\n                        <span class=\"blfe-post-category\"><a href=\"https:\/\/soymigrante.com\/revista\/category\/guate-nuestra\/arte-cultura\/\">Cultura de Guatemala<\/a><\/span>                        <h3 class=\"blfe-post-grid-title\">\n            <a href=\"https:\/\/soymigrante.com\/revista\/san-andres-xecul-totonicapan-guatemala-templo-simbologia-guia-significados-sincretismo-maya\/\" title=\"Mira de cerca la ic\u00f3nica iglesia de San Andr\u00e9s Xecul, Totonicap\u00e1n y conoce el significado de su simbolog\u00eda &#8211; Galer\u00eda\" rel=\"nofollow\" target=\"_blank\">Mira de cerca la ic\u00f3nica iglesia de San Andr\u00e9s Xecul, Totonicap\u00e1n y conoce el significado de su simbolog\u00eda &#8211; Galer\u00eda<\/a>\n            <\/h3>                                    <div class=\"blfe-post-grid-meta\">\n                <span class=\"blfe-post-grid-time\"><i class=\"fas fa-book-reader\"><\/i>5 Min read<\/span>            <\/div>\n                                                                                <\/div>\n                <\/div>\n\n            <\/div>\n        <\/div>\n                        <\/div>\n\n                        <\/div>\n            \n                        <div class=\"blfe-post-footer\">\n                        <\/div>\n            \t\t\t\t<\/div>\n\t\t\t\t<\/div>\n\t\t\t\t\t<\/div>\n\t\t\t\t<\/div>\n\t\t\t\t<\/div>\n\t\t","protected":false},"excerpt":{"rendered":"<p>Ante la falta de oportunidades, trabajo o ayuda social en varios pa\u00edses, las personas se ven forzadas a migrar, pero eso puede causar un impacto en las personas cercanas, especialmente los ni\u00f1os, tanto si migran juntos como si se quedna en el pa\u00eds. Estas son algunas claves para enfrentarlo. En Guatemala hay algunos ni\u00f1os, ni\u00f1as [&hellip;]<\/p>\n","protected":false},"author":19,"featured_media":8630,"comment_status":"open","ping_status":"open","sticky":false,"template":"","format":"standard","meta":{"_acf_changed":false,"_eb_attr":"","footnotes":""},"categories":[259],"tags":[260],"class_list":["post-8629","post","type-post","status-publish","format-standard","has-post-thumbnail","hentry","category-salud-emocional","tag-salud-emocional"],"acf":[],"aioseo_notices":[],"aioseo_head":"\n\t\t<!-- All in One SEO Pro 4.9.6.2 - aioseo.com -->\n\t<meta name=\"description\" content=\"Mira muy de cerca la ic\u00f3nica fachada del templo de San Andr\u00e9s Xecul Totonicap\u00e1n y descubre personajes de la espiritualidad cristiana pero tambi\u00e9n del Popol Vuh\" \/>\n\t<meta name=\"robots\" content=\"max-snippet:-1, max-image-preview:large, max-video-preview:-1\" \/>\n\t<meta name=\"author\" content=\"SoyMigrante.com REVISTA\"\/>\n\t<link rel=\"canonical\" href=\"https:\/\/soymigrante.com\/revista\/san-andres-xecul-totonicapan-guatemala-templo-simbologia-guia-significados-sincretismo-maya\/\" \/>\n\t<meta name=\"generator\" content=\"All in One SEO Pro (AIOSEO) 4.9.6.2\" \/>\n\n\t\t<link rel=\"preconnect\" href=\"https:\/\/fonts.googleapis.com\" crossorigin>\n<link rel=\"preconnect\" href=\"https:\/\/fonts.gstatic.com\" crossorigin>\n\t\t<meta property=\"og:locale\" content=\"es_ES\" \/>\n\t\t<meta property=\"og:site_name\" content=\"SoyMigrante.com REVISTA \u2013 Nuestra misi\u00f3n es reconocer y dignificar al migrante.\" \/>\n\t\t<meta property=\"og:type\" content=\"article\" \/>\n\t\t<meta property=\"og:title\" content=\"\u00bfSabes qu\u00e9 significa la fachada del templo San Andr\u00e9s Xecul?\" \/>\n\t\t<meta property=\"og:description\" content=\"Mira muy de cerca la ic\u00f3nica fachada del templo de San Andr\u00e9s Xecul Totonicap\u00e1n y descubre personajes de la espiritualidad cristiana pero tambi\u00e9n del Popol Vuh\" \/>\n\t\t<meta property=\"og:url\" content=\"https:\/\/soymigrante.com\/revista\/san-andres-xecul-totonicapan-guatemala-templo-simbologia-guia-significados-sincretismo-maya\/\" \/>\n\t\t<meta property=\"og:image\" content=\"https:\/\/soymigrante.com\/revista\/wp-content\/uploads\/2026\/04\/San-Andres-Xecul-totonicapan-guatemala-iglesia-significado-foto-marcos-zarate.jpg\" \/>\n\t\t<meta property=\"og:image:secure_url\" content=\"https:\/\/soymigrante.com\/revista\/wp-content\/uploads\/2026\/04\/San-Andres-Xecul-totonicapan-guatemala-iglesia-significado-foto-marcos-zarate.jpg\" \/>\n\t\t<meta property=\"og:image:width\" content=\"1800\" \/>\n\t\t<meta property=\"og:image:height\" content=\"1800\" \/>\n\t\t<meta property=\"article:published_time\" content=\"2026-04-16T22:54:15+00:00\" \/>\n\t\t<meta property=\"article:modified_time\" content=\"2026-04-16T23:35:57+00:00\" \/>\n\t\t<meta property=\"article:publisher\" content=\"https:\/\/www.facebook.com\/soymigrantecom\" \/>\n\t\t<meta name=\"twitter:card\" content=\"summary_large_image\" \/>\n\t\t<meta name=\"twitter:site\" content=\"@SoyMigrante_com\" \/>\n\t\t<meta name=\"twitter:title\" content=\"\u00bfSabes qu\u00e9 significa la fachada del templo San Andr\u00e9s Xecul?\" \/>\n\t\t<meta name=\"twitter:description\" content=\"Mira muy de cerca la ic\u00f3nica fachada del templo de San Andr\u00e9s Xecul Totonicap\u00e1n y descubre personajes de la espiritualidad cristiana pero tambi\u00e9n del Popol Vuh\" \/>\n\t\t<meta name=\"twitter:creator\" content=\"@SoyMigrante_com\" \/>\n\t\t<meta name=\"twitter:image\" content=\"https:\/\/soymigrante.com\/revista\/wp-content\/uploads\/2026\/04\/San-Andres-Xecul-totonicapan-guatemala-iglesia-significado-foto-marcos-zarate.jpg\" \/>\n\t\t<!-- All in One SEO Pro -->\r\n\t\t<title>\u00bfSabes qu\u00e9 significa la fachada del templo San Andr\u00e9s Xecul?<\/title>\n\n","aioseo_head_json":{"title":"\u00bfSabes qu\u00e9 significa la fachada del templo San Andr\u00e9s Xecul?","description":"Mira muy de cerca la ic\u00f3nica fachada del templo de San Andr\u00e9s Xecul Totonicap\u00e1n y descubre personajes de la espiritualidad cristiana pero tambi\u00e9n del Popol Vuh","canonical_url":"https:\/\/soymigrante.com\/revista\/san-andres-xecul-totonicapan-guatemala-templo-simbologia-guia-significados-sincretismo-maya\/","robots":"max-snippet:-1, max-image-preview:large, max-video-preview:-1","keywords":"","webmasterTools":{"miscellaneous":"&lt;link rel=\"preconnect\" href=\"https:\/\/fonts.googleapis.com\" crossorigin&gt;\n&lt;link rel=\"preconnect\" href=\"https:\/\/fonts.gstatic.com\" crossorigin&gt;"},"schema":null,"og:locale":"es_ES","og:site_name":"SoyMigrante.com REVISTA \u2013 Nuestra misi\u00f3n es reconocer y dignificar al migrante.","og:type":"article","og:title":"\u00bfSabes qu\u00e9 significa la fachada del templo San Andr\u00e9s Xecul?","og:description":"Mira muy de cerca la ic\u00f3nica fachada del templo de San Andr\u00e9s Xecul Totonicap\u00e1n y descubre personajes de la espiritualidad cristiana pero tambi\u00e9n del Popol Vuh","og:url":"https:\/\/soymigrante.com\/revista\/san-andres-xecul-totonicapan-guatemala-templo-simbologia-guia-significados-sincretismo-maya\/","og:image":"https:\/\/soymigrante.com\/revista\/wp-content\/uploads\/2026\/04\/San-Andres-Xecul-totonicapan-guatemala-iglesia-significado-foto-marcos-zarate.jpg","og:image:secure_url":"https:\/\/soymigrante.com\/revista\/wp-content\/uploads\/2026\/04\/San-Andres-Xecul-totonicapan-guatemala-iglesia-significado-foto-marcos-zarate.jpg","og:image:width":1800,"og:image:height":1800,"article:published_time":"2026-04-16T22:54:15+00:00","article:modified_time":"2026-04-16T23:35:57+00:00","article:publisher":"https:\/\/www.facebook.com\/soymigrantecom","twitter:card":"summary_large_image","twitter:site":"@SoyMigrante_com","twitter:title":"\u00bfSabes qu\u00e9 significa la fachada del templo San Andr\u00e9s Xecul?","twitter:description":"Mira muy de cerca la ic\u00f3nica fachada del templo de San Andr\u00e9s Xecul Totonicap\u00e1n y descubre personajes de la espiritualidad cristiana pero tambi\u00e9n del Popol Vuh","twitter:creator":"@SoyMigrante_com","twitter:image":"https:\/\/soymigrante.com\/revista\/wp-content\/uploads\/2026\/04\/San-Andres-Xecul-totonicapan-guatemala-iglesia-significado-foto-marcos-zarate.jpg"},"aioseo_meta_data":{"post_id":"8629","title":null,"description":null,"keywords":null,"keyphrases":{"focus":{"keyphrase":"Consejos","score":60,"analysis":{"keyphraseInTitle":{"score":9,"maxScore":9,"error":0},"keyphraseInDescription":{"score":3,"maxScore":9,"error":1},"keyphraseLength":{"score":9,"maxScore":9,"error":0,"length":1},"keyphraseInURL":{"score":5,"maxScore":5,"error":0},"keyphraseInIntroduction":{"score":3,"maxScore":9,"error":1},"keyphraseInSubHeadings":{"score":3,"maxScore":9,"error":1},"keyphraseInImageAlt":{"score":9,"maxScore":9,"error":0},"keywordDensity":{"score":0,"type":"low","maxScore":9,"error":1}}},"additional":[{"keyphrase":"consejos","score":53,"analysis":{"keyphraseInDescription":{"score":3,"maxScore":9,"error":1},"keyphraseLength":{"score":9,"maxScore":9,"error":0,"length":1},"keyphraseInIntroduction":{"score":3,"maxScore":9,"error":1},"keyphraseInImageAlt":{"score":9,"maxScore":9,"error":0},"keywordDensity":{"score":0,"type":"low","maxScore":9,"error":1}}}]},"primary_term":null,"canonical_url":null,"og_title":null,"og_description":null,"og_object_type":"default","og_image_type":"default","og_image_url":null,"og_image_width":null,"og_image_height":null,"og_image_custom_url":null,"og_image_custom_fields":null,"og_video":"","og_custom_url":null,"og_article_section":null,"og_article_tags":null,"twitter_use_og":false,"twitter_card":"default","twitter_image_type":"default","twitter_image_url":null,"twitter_image_custom_url":null,"twitter_image_custom_fields":null,"twitter_title":null,"twitter_description":null,"schema":{"blockGraphs":[],"customGraphs":[],"default":{"data":{"Article":[],"Course":[],"Dataset":[],"FAQPage":[],"Movie":[],"Person":[],"Product":[],"ProductReview":[],"Car":[],"Recipe":[],"Service":[],"SoftwareApplication":[],"WebPage":[]},"graphName":"none","isEnabled":true},"graphs":[]},"schema_type":"default","schema_type_options":null,"pillar_content":false,"robots_default":true,"robots_noindex":false,"robots_noarchive":false,"robots_nosnippet":false,"robots_nofollow":false,"robots_noimageindex":false,"robots_noodp":false,"robots_notranslate":false,"robots_max_snippet":"-1","robots_max_videopreview":"-1","robots_max_imagepreview":"large","priority":null,"frequency":"default","local_seo":null,"seo_analyzer_scan_date":"2025-10-08 22:51:20","breadcrumb_settings":null,"limit_modified_date":false,"reviewed_by":"0","open_ai":"{\"title\":{\"suggestions\":[],\"usage\":0},\"description\":{\"suggestions\":[],\"usage\":0}}","ai":{"faqs":[],"keyPoints":[],"titles":[],"descriptions":[],"socialPosts":{"email":[],"linkedin":[],"twitter":[],"facebook":[],"instagram":[]}},"created":"2024-08-30 22:31:28","updated":"2026-02-04 12:54:54"},"aioseo_breadcrumb":"<div class=\"aioseo-breadcrumbs\"><span class=\"aioseo-breadcrumb\">\n\t<a href=\"https:\/\/soymigrante.com\/revista\" title=\"Home\">Home<\/a>\n<\/span><span class=\"aioseo-breadcrumb-separator\">\u00bb<\/span><span class=\"aioseo-breadcrumb\">\n\t<a href=\"https:\/\/soymigrante.com\/revista\/category\/bienestar\/\" title=\"Bienestar\">Bienestar<\/a>\n<\/span><span class=\"aioseo-breadcrumb-separator\">\u00bb<\/span><span class=\"aioseo-breadcrumb\">\n\t<a href=\"https:\/\/soymigrante.com\/revista\/category\/bienestar\/salud-emocional\/\" title=\"Salud Emocional\">Salud Emocional<\/a>\n<\/span><span class=\"aioseo-breadcrumb-separator\">\u00bb<\/span><span class=\"aioseo-breadcrumb\">\n\tConsejos para ayudar a enfrentar el duelo migratorio en ni\u00f1os\n<\/span><\/div>","aioseo_breadcrumb_json":[{"label":"Home","link":"https:\/\/soymigrante.com\/revista"},{"label":"Bienestar","link":"https:\/\/soymigrante.com\/revista\/category\/bienestar\/"},{"label":"Salud Emocional","link":"https:\/\/soymigrante.com\/revista\/category\/bienestar\/salud-emocional\/"},{"label":"Consejos para ayudar a enfrentar el duelo migratorio en ni\u00f1os","link":"https:\/\/soymigrante.com\/revista\/consejos-para-ayudar-a-enfrentar-el-duelo-migratorio-en-ninos\/"}],"_links":{"self":[{"href":"https:\/\/soymigrante.com\/revista\/wp-json\/wp\/v2\/posts\/8629","targetHints":{"allow":["GET"]}}],"collection":[{"href":"https:\/\/soymigrante.com\/revista\/wp-json\/wp\/v2\/posts"}],"about":[{"href":"https:\/\/soymigrante.com\/revista\/wp-json\/wp\/v2\/types\/post"}],"author":[{"embeddable":true,"href":"https:\/\/soymigrante.com\/revista\/wp-json\/wp\/v2\/users\/19"}],"replies":[{"embeddable":true,"href":"https:\/\/soymigrante.com\/revista\/wp-json\/wp\/v2\/comments?post=8629"}],"version-history":[{"count":1,"href":"https:\/\/soymigrante.com\/revista\/wp-json\/wp\/v2\/posts\/8629\/revisions"}],"predecessor-version":[{"id":42839,"href":"https:\/\/soymigrante.com\/revista\/wp-json\/wp\/v2\/posts\/8629\/revisions\/42839"}],"wp:featuredmedia":[{"embeddable":true,"href":"https:\/\/soymigrante.com\/revista\/wp-json\/wp\/v2\/media\/8630"}],"wp:attachment":[{"href":"https:\/\/soymigrante.com\/revista\/wp-json\/wp\/v2\/media?parent=8629"}],"wp:term":[{"taxonomy":"category","embeddable":true,"href":"https:\/\/soymigrante.com\/revista\/wp-json\/wp\/v2\/categories?post=8629"},{"taxonomy":"post_tag","embeddable":true,"href":"https:\/\/soymigrante.com\/revista\/wp-json\/wp\/v2\/tags?post=8629"}],"curies":[{"name":"wp","href":"https:\/\/api.w.org\/{rel}","templated":true}]}}