{"id":8616,"date":"2024-09-20T11:24:25","date_gmt":"2024-09-20T17:24:25","guid":{"rendered":"https:\/\/soymigrante.com\/revista\/?p=8616"},"modified":"2025-09-25T08:56:29","modified_gmt":"2025-09-25T14:56:29","slug":"el-pueblo-chalchiteko-es-antiquisimo-pero-fue-reconocido-oficialmente-hasta-el-2003","status":"publish","type":"post","link":"https:\/\/soymigrante.com\/revista\/el-pueblo-chalchiteko-es-antiquisimo-pero-fue-reconocido-oficialmente-hasta-el-2003\/","title":{"rendered":"El pueblo Chalchiteko es  antiqu\u00edsimo pero fue reconocido oficialmente hasta el 2003"},"content":{"rendered":"\t\t<div data-elementor-type=\"wp-post\" data-elementor-id=\"8616\" class=\"elementor elementor-8616\" data-elementor-post-type=\"post\">\n\t\t\t\t<div data-particle_enable=\"false\" data-particle-mobile-disabled=\"false\" class=\"elementor-element elementor-element-75b2db9 e-flex e-con-boxed e-con e-parent\" data-id=\"75b2db9\" data-element_type=\"container\" data-e-type=\"container\">\n\t\t\t\t\t<div class=\"e-con-inner\">\n\t\t\t\t<div class=\"elementor-element elementor-element-12dfdcd elementor-widget elementor-widget-heading\" data-id=\"12dfdcd\" data-element_type=\"widget\" data-e-type=\"widget\" data-widget_type=\"heading.default\">\n\t\t\t\t\t<h2 class=\"elementor-heading-title elementor-size-default\"><span style=\"font-size: 31.2px\">Los chalchitekos se establecieron cerca de los r\u00edos San Juan y Blanco Chiquito, Huehuetenango. Edificaron ciudades prehisp\u00e1nicas como Xo\u2019ltxun y Pueblo Viejo, pero a pesar de su larga historia su idioma e identidad solo fueron reconocidos oficialmente hasta 2003.<\/span><\/h2>\t\t\t\t<\/div>\n\t\t\t\t<div class=\"elementor-element elementor-element-ecf617e elementor-widget elementor-widget-html\" data-id=\"ecf617e\" data-element_type=\"widget\" data-e-type=\"widget\" data-widget_type=\"html.default\">\n\t\t\t\t\t<div id=\"buzzsprout-player-17905158\"><\/div><script src=\"https:\/\/www.buzzsprout.com\/2444168\/episodes\/17905158-pueblo-maya-chalchiteko-identidad-cultura-y-vision.js?container_id=buzzsprout-player-17905158&player=small\" type=\"text\/javascript\" charset=\"utf-8\"><\/script>\t\t\t\t<\/div>\n\t\t\t\t\t<\/div>\n\t\t\t\t<\/div>\n\t\t<div data-particle_enable=\"false\" data-particle-mobile-disabled=\"false\" class=\"elementor-element elementor-element-04d267c e-flex e-con-boxed e-con e-parent\" data-id=\"04d267c\" data-element_type=\"container\" data-e-type=\"container\">\n\t\t\t\t\t<div class=\"e-con-inner\">\n\t\t\t\t<div class=\"elementor-element elementor-element-00d655d elementor-widget elementor-widget-text-editor\" data-id=\"00d655d\" data-element_type=\"widget\" data-e-type=\"widget\" data-widget_type=\"text-editor.default\">\n\t\t\t\t\t\t\t\t\t<p>El pueblo maya chalchiteko erigi\u00f3 conjuntos prehisp\u00e1nicos que inclu\u00edan juegos de pelota, es decir, constitu\u00edan comunidades relevantes y respetadas. Su idioma sobrevivi\u00f3 a pesar de que el antiguo municipio de Chalchit\u00e1n, Huehuetenango, fue suprimido y se integr\u00f3 como un barrio del municipio de Aguacat\u00e1n, el 27 de febrero de 1891.&nbsp;<\/p>\n<p>El entonces presidente de la Rep\u00fablica, Manuel Lisandro Barillas, concedi\u00f3 la autorizaci\u00f3n por una raz\u00f3n equivocada: \u201cEstar fundados en la identidad de costumbres e intereses que existe entre los dos, en que las localidades de esos municipios son dos barrios de una misma poblaci\u00f3n\u201d.&nbsp;<\/p>\n<p>Eran dos idiomas distintos, dos identidades mayas distintas. No fue sino hasta el 3 de junio de 2003, que el Congreso de la Rep\u00fablica de Guatemala oficializ\u00f3 la existencia del pueblo y el idioma maya chalchiteko.<\/p>\t\t\t\t\t\t\t\t<\/div>\n\t\t\t\t\t<\/div>\n\t\t\t\t<\/div>\n\t\t<div data-particle_enable=\"false\" data-particle-mobile-disabled=\"false\" class=\"elementor-element elementor-element-f50b460 e-flex e-con-boxed e-con e-parent\" data-id=\"f50b460\" data-element_type=\"container\" data-e-type=\"container\">\n\t\t\t\t\t<div class=\"e-con-inner\">\n\t\t\t\t<div class=\"elementor-element elementor-element-19bb089 elementor-widget elementor-widget-image\" data-id=\"19bb089\" data-element_type=\"widget\" data-e-type=\"widget\" data-widget_type=\"image.default\">\n\t\t\t\t\t\t\t\t\t\t\t\t\t\t\t<img fetchpriority=\"high\" decoding=\"async\" width=\"770\" height=\"695\" src=\"https:\/\/soymigrante.com\/revista\/wp-content\/uploads\/2024\/08\/mapa-municipios-HUEHUETENANGO-Mi-Guate-PL.webp\" class=\"attachment-large size-large wp-image-8632\" alt=\"Aguacat\u00e1n y Malacatancito en el mapa de Guatemala, resaltando la poblaci\u00f3n Chilchiteka, en un estilo cartogr\u00e1fico con detalles geogr\u00e1ficos y marcadores de localidades clave.\" srcset=\"https:\/\/soymigrante.com\/revista\/wp-content\/uploads\/2024\/08\/mapa-municipios-HUEHUETENANGO-Mi-Guate-PL.webp 770w, https:\/\/soymigrante.com\/revista\/wp-content\/uploads\/2024\/08\/mapa-municipios-HUEHUETENANGO-Mi-Guate-PL-300x271.webp 300w, https:\/\/soymigrante.com\/revista\/wp-content\/uploads\/2024\/08\/mapa-municipios-HUEHUETENANGO-Mi-Guate-PL-768x693.webp 768w, https:\/\/soymigrante.com\/revista\/wp-content\/uploads\/2024\/08\/mapa-municipios-HUEHUETENANGO-Mi-Guate-PL-750x677.webp 750w\" sizes=\"(max-width: 770px) 100vw, 770px\" title=\"Una infundada decisi\u00f3n presidencial llev\u00f3 a eliminar el municipio de Chalchit\u00e1n para convertirlo en barrio de Agacat\u00e1n, Huehuetenango. A pesar de eso, la identidad maya chalchiteka sobrevivi\u00f3 por m\u00e1s de un siglo hasta lograr ser reconocida oficialmente en 2003 por el Estado de Guatemala \u2013 SoyMigrante.com REVISTA\" \/>\t\t\t\t\t\t\t\t\t\t\t\t\t\t\t<\/div>\n\t\t\t\t\t<\/div>\n\t\t\t\t<\/div>\n\t\t<div data-particle_enable=\"false\" data-particle-mobile-disabled=\"false\" class=\"elementor-element elementor-element-2fe97a1 e-flex e-con-boxed e-con e-parent\" data-id=\"2fe97a1\" data-element_type=\"container\" data-e-type=\"container\">\n\t\t\t\t\t<div class=\"e-con-inner\">\n\t\t\t\t<div class=\"elementor-element elementor-element-e317b83 elementor-widget elementor-widget-image\" data-id=\"e317b83\" data-element_type=\"widget\" data-e-type=\"widget\" data-widget_type=\"image.default\">\n\t\t\t\t\t\t\t\t\t\t\t\t<figure class=\"wp-caption\">\n\t\t\t\t\t\t\t\t\t\t\t<a href=\"https:\/\/www.facebook.com\/profile.php?id=100046245666226\">\n\t\t\t\t\t\t\t<img decoding=\"async\" width=\"792\" height=\"1024\" src=\"https:\/\/soymigrante.com\/revista\/wp-content\/uploads\/2024\/08\/etnias-de-guatemala-chalchiteko-1-792x1024.webp\" class=\"attachment-large size-large wp-image-8633\" alt=\"Mapa de idiomas mayas de Guatemala centrado en la lengua aguacate, ilustrando las regiones y dialectos propios de la comunidad maya en diferentes zonas de Guatemala.\" srcset=\"https:\/\/soymigrante.com\/revista\/wp-content\/uploads\/2024\/08\/etnias-de-guatemala-chalchiteko-1-792x1024.webp 792w, https:\/\/soymigrante.com\/revista\/wp-content\/uploads\/2024\/08\/etnias-de-guatemala-chalchiteko-1-232x300.webp 232w, https:\/\/soymigrante.com\/revista\/wp-content\/uploads\/2024\/08\/etnias-de-guatemala-chalchiteko-1-768x994.webp 768w, https:\/\/soymigrante.com\/revista\/wp-content\/uploads\/2024\/08\/etnias-de-guatemala-chalchiteko-1-1187x1536.webp 1187w, https:\/\/soymigrante.com\/revista\/wp-content\/uploads\/2024\/08\/etnias-de-guatemala-chalchiteko-1-750x970.webp 750w, https:\/\/soymigrante.com\/revista\/wp-content\/uploads\/2024\/08\/etnias-de-guatemala-chalchiteko-1-1140x1475.webp 1140w, https:\/\/soymigrante.com\/revista\/wp-content\/uploads\/2024\/08\/etnias-de-guatemala-chalchiteko-1.webp 1484w\" sizes=\"(max-width: 792px) 100vw, 792px\" title=\"En este mapa del municipio de Aguacat\u00e1n puede observarse el \u00e1rea de poblaci\u00f3n chalchiteka. Mapa de la Academia de Lenguas Mayas de Guatemala. \u2013 SoyMigrante.com REVISTA\" \/>\t\t\t\t\t\t\t\t<\/a>\n\t\t\t\t\t\t\t\t\t\t\t<figcaption class=\"widget-image-caption wp-caption-text\">Mapa de lenguas mayas en Guatemala, con enfoque en el idioma aguacate, destacando las regiones donde se habla en Chiantla, Huehuetenango, Sacapulas, Quich\u00e9 y otros municipios.<\/figcaption>\n\t\t\t\t\t\t\t\t\t\t<\/figure>\n\t\t\t\t\t\t\t\t\t<\/div>\n\t\t\t\t\t<\/div>\n\t\t\t\t<\/div>\n\t\t<div data-particle_enable=\"false\" data-particle-mobile-disabled=\"false\" class=\"elementor-element elementor-element-b5e4c1b e-flex e-con-boxed e-con e-parent\" data-id=\"b5e4c1b\" data-element_type=\"container\" data-e-type=\"container\">\n\t\t\t\t\t<div class=\"e-con-inner\">\n\t\t\t\t<div class=\"elementor-element elementor-element-41f33f6 elementor-widget elementor-widget-heading\" data-id=\"41f33f6\" data-element_type=\"widget\" data-e-type=\"widget\" data-widget_type=\"heading.default\">\n\t\t\t\t\t<h2 class=\"elementor-heading-title elementor-size-default\">\"Tierra de jade\" o \"Hijos de tigre\"<\/h2>\t\t\t\t<\/div>\n\t\t\t\t\t<\/div>\n\t\t\t\t<\/div>\n\t\t<div data-particle_enable=\"false\" data-particle-mobile-disabled=\"false\" class=\"elementor-element elementor-element-cef3879 e-flex e-con-boxed e-con e-parent\" data-id=\"cef3879\" data-element_type=\"container\" data-e-type=\"container\">\n\t\t\t\t\t<div class=\"e-con-inner\">\n\t\t\t\t<div class=\"elementor-element elementor-element-516eac9 elementor-widget elementor-widget-text-editor\" data-id=\"516eac9\" data-element_type=\"widget\" data-e-type=\"widget\" data-widget_type=\"text-editor.default\">\n\t\t\t\t\t\t\t\t\t<p><span style=\"color: var( --e-global-color-text ); text-align: var(--text-align);\">El vocablo Chalchit\u00e1n proviene de los vocablos nahualt \u201cchalchihuitl\u201d que se traduce como \u201cjade o piedras verdes y \u201ctlan\u201d, lugar de abundancia, que se traducir\u00eda como: \u201cLugar de jade\u201d.<\/span><\/p><p>Otra versi\u00f3n indica que el t\u00e9rmino \u201cchalchitli\u201d, de origen n\u00e1huatl, significa \u201cfiguras de peque\u00f1as deidades\u201d derivado de que en Pichiquil, lugar cercano a Chalchit\u00e1n, donde el investigador Manuel Garc\u00eda Elgueta practic\u00f3 excavaciones por primera vez y extrajo muchas vasijas, peque\u00f1as efigies y otros restos, que exhibi\u00f3 en la Exposici\u00f3n Internacional de Chicago en 1892. (Diccionario Geogr\u00e1fico Nacional.\u00a0 Tomo 1)<\/p><div><span style=\"color: var( --e-global-color-text ); text-align: var(--text-align);\">Una tradici\u00f3n oral refiere que los chalchitekos utilizaban pieles de jaguar para asustar a rivales y tambi\u00e9n a fieras. Por ello en ciertas tradiciones tambi\u00e9n se les conoce como los hijos de tigre.<\/span><\/div>\t\t\t\t\t\t\t\t<\/div>\n\t\t\t\t\t<\/div>\n\t\t\t\t<\/div>\n\t\t<div data-particle_enable=\"false\" data-particle-mobile-disabled=\"false\" class=\"elementor-element elementor-element-bd28768 e-flex e-con-boxed e-con e-parent\" data-id=\"bd28768\" data-element_type=\"container\" data-e-type=\"container\">\n\t\t\t\t\t<div class=\"e-con-inner\">\n\t\t\t\t<div class=\"elementor-element elementor-element-bd27a24 elementor-widget elementor-widget-video\" data-id=\"bd27a24\" data-element_type=\"widget\" data-e-type=\"widget\" data-settings=\"{&quot;youtube_url&quot;:&quot;https:\\\/\\\/www.youtube.com\\\/watch?v=_LNnsg5L-Gc&quot;,&quot;video_type&quot;:&quot;youtube&quot;,&quot;controls&quot;:&quot;yes&quot;}\" data-widget_type=\"video.default\">\n\t\t\t\t\t\t\t<div class=\"elementor-wrapper elementor-open-inline\">\n\t\t\t<div class=\"elementor-video\"><\/div>\t\t<\/div>\n\t\t\t\t\t\t<\/div>\n\t\t\t\t\t<\/div>\n\t\t\t\t<\/div>\n\t\t<div data-particle_enable=\"false\" data-particle-mobile-disabled=\"false\" class=\"elementor-element elementor-element-8292b7a e-flex e-con-boxed e-con e-parent\" data-id=\"8292b7a\" data-element_type=\"container\" data-e-type=\"container\">\n\t\t\t\t\t<div class=\"e-con-inner\">\n\t\t\t\t<div class=\"elementor-element elementor-element-6b2f1f7 elementor-widget elementor-widget-heading\" data-id=\"6b2f1f7\" data-element_type=\"widget\" data-e-type=\"widget\" data-widget_type=\"heading.default\">\n\t\t\t\t\t<h2 class=\"elementor-heading-title elementor-size-default\">Identidad chalchiteka desaf\u00eda al tiempo<\/h2>\t\t\t\t<\/div>\n\t\t\t\t\t<\/div>\n\t\t\t\t<\/div>\n\t\t<div data-particle_enable=\"false\" data-particle-mobile-disabled=\"false\" class=\"elementor-element elementor-element-6c78cab e-flex e-con-boxed e-con e-parent\" data-id=\"6c78cab\" data-element_type=\"container\" data-e-type=\"container\">\n\t\t\t\t\t<div class=\"e-con-inner\">\n\t\t\t\t<div class=\"elementor-element elementor-element-ff830a8 elementor-widget elementor-widget-text-editor\" data-id=\"ff830a8\" data-element_type=\"widget\" data-e-type=\"widget\" data-widget_type=\"text-editor.default\">\n\t\t\t\t\t\t\t\t\t<p><span style=\"color: var( --e-global-color-text ); text-align: var(--text-align);\">\u201cSurgi\u00f3 la luz, vino la vida, as\u00ed aparecieron los chalchitekos. Agradecimos al creador, nos organizamos y vivimos en comunidad\u2026\u201d. Tradici\u00f3n oral de Chalchit\u00e1n.\u00a0<\/span><\/p><p>El idioma maya Chalchiteko como tal, fue reconocido oficialmente por el Estado de Guatemala por medio del Decreto Legislativo 24-2003, del 10 de junio de 2003, seg\u00fan la Comunidad Ling\u00fc\u00edstica Chalchiteka de la ALMG.\u00a0 Este idioma pertenece a la rama Mam, de ah\u00ed algunas similitudes, pero no son iguales.<\/p><p>Actualmente la poblaci\u00f3n Chalchiteca, se sit\u00faa en el municipio de Aguacat\u00e1n y parte de Chiantla, municipios de Huehuetenango y Tambi\u00e9n en Cun\u00e9n, Quich\u00e9.\u00a0\u00a0<span style=\"color: var( --e-global-color-text ); text-align: var(--text-align);\">Ocupa una extensi\u00f3n territorial aproximada de: 240 kil\u00f3metros cuadrados.<\/span><\/p><p><span style=\"color: var( --e-global-color-text ); text-align: var(--text-align);\">Poblaci\u00f3n aproximada de hablantes chalchitekos: 33,641 habitantes, seg\u00fan el Censo Nacional de Poblaci\u00f3n 2018. La Academia de Lenguas Mayas de Guatemala tiene una comunidad chalchiteka que efect\u00faa grandes esfuerzos por promover el uso del idioma y reforzar las costumbres y valores en la ni\u00f1ez y juventud de las comunidades.<\/span><\/p><div>\u00a0<\/div>\t\t\t\t\t\t\t\t<\/div>\n\t\t\t\t\t<\/div>\n\t\t\t\t<\/div>\n\t\t<div data-particle_enable=\"false\" data-particle-mobile-disabled=\"false\" class=\"elementor-element elementor-element-cb6a4fb e-flex e-con-boxed e-con e-parent\" data-id=\"cb6a4fb\" data-element_type=\"container\" data-e-type=\"container\">\n\t\t\t\t\t<div class=\"e-con-inner\">\n\t\t\t\t<div class=\"elementor-element elementor-element-9670bf6 elementor-widget elementor-widget-facebook-page\" data-id=\"9670bf6\" data-element_type=\"widget\" data-e-type=\"widget\" data-widget_type=\"facebook-page.default\">\n\t\t\t\t\t<div class=\"elementor-facebook-widget fb-page\" data-href=\"https:\/\/www.facebook.com\/profile.php?id=100046245666226&amp;sk=photos_by\" data-tabs=\"timeline\" data-height=\"500px\" data-width=\"500px\" data-small-header=\"false\" data-hide-cover=\"false\" data-show-facepile=\"true\" data-hide-cta=\"false\" style=\"min-height: 1px;height:500px\"><\/div>\t\t\t\t<\/div>\n\t\t\t\t\t<\/div>\n\t\t\t\t<\/div>\n\t\t<div data-particle_enable=\"false\" data-particle-mobile-disabled=\"false\" class=\"elementor-element elementor-element-17bcd7f e-flex e-con-boxed e-con e-parent\" data-id=\"17bcd7f\" data-element_type=\"container\" data-e-type=\"container\">\n\t\t\t\t\t<div class=\"e-con-inner\">\n\t\t\t\t<div class=\"elementor-element elementor-element-f933458 elementor-widget elementor-widget-heading\" data-id=\"f933458\" data-element_type=\"widget\" data-e-type=\"widget\" data-widget_type=\"heading.default\">\n\t\t\t\t\t<h2 class=\"elementor-heading-title elementor-size-default\">Indumentaria tradicional chalchiteka<\/h2>\t\t\t\t<\/div>\n\t\t\t\t\t<\/div>\n\t\t\t\t<\/div>\n\t\t<div data-particle_enable=\"false\" data-particle-mobile-disabled=\"false\" class=\"elementor-element elementor-element-76aa717 e-flex e-con-boxed e-con e-parent\" data-id=\"76aa717\" data-element_type=\"container\" data-e-type=\"container\">\n\t\t\t\t\t<div class=\"e-con-inner\">\n\t\t\t\t<div class=\"elementor-element elementor-element-6f96b24 elementor-widget elementor-widget-text-editor\" data-id=\"6f96b24\" data-element_type=\"widget\" data-e-type=\"widget\" data-widget_type=\"text-editor.default\">\n\t\t\t\t\t\t\t\t\t<p>La indumentaria tradicional masculina chalchiteka se utiliza muy poco. En la actualidad pr\u00e1cticamente solo algunos gu\u00edas espirituales visten pantal\u00f3n blanco y faja durante sus ceremonias ancestrales.<\/p><p>Las mujeres chalchitekas conservan la vestimenta maya tradicional. El traje est\u00e1 compuesto\u00a0 por un huipil, una pieza de tela que cubre las extremidades inferiores llamada \u201ccorte\u201d,\u00a0 faja para sostener el corte y accesorios para el cabello como la cinta.\u00a0\u00a0<\/p><p>Actualmente el huipil es de color blanco con encajes de flores y bordados de diversos colores. Anteriormente llevada bordadas figuras de animales en la parte del pecho.\u00a0<span style=\"color: var( --e-global-color-text ); text-align: var(--text-align);\">En el siglo XX las chalchitecas vest\u00edan un \u201ccorte\u201d de color azul. Actualmente es de color negro con delgadas franjas horizontales rojas, rosadas, verdes, amarillas, anaranjadas y azules.\u00a0<\/span><\/p><p>Las mujeres usan en la cabeza una cinta bordada, elaborada en telar de cintura, la cual trenzan al cabello y acomodan al frente.\u00a0<\/p>\t\t\t\t\t\t\t\t<\/div>\n\t\t\t\t\t<\/div>\n\t\t\t\t<\/div>\n\t\t<div data-particle_enable=\"false\" data-particle-mobile-disabled=\"false\" class=\"elementor-element elementor-element-5b97b9b e-flex e-con-boxed e-con e-parent\" data-id=\"5b97b9b\" data-element_type=\"container\" data-e-type=\"container\">\n\t\t\t\t\t<div class=\"e-con-inner\">\n\t\t\t\t<div class=\"elementor-element elementor-element-dc22192 elementor-arrows-position-inside elementor-pagination-position-outside elementor-widget elementor-widget-image-carousel\" data-id=\"dc22192\" data-element_type=\"widget\" data-e-type=\"widget\" data-settings=\"{&quot;slides_to_show&quot;:&quot;1&quot;,&quot;autoplay_speed&quot;:500,&quot;navigation&quot;:&quot;both&quot;,&quot;autoplay&quot;:&quot;yes&quot;,&quot;pause_on_hover&quot;:&quot;yes&quot;,&quot;pause_on_interaction&quot;:&quot;yes&quot;,&quot;infinite&quot;:&quot;yes&quot;,&quot;effect&quot;:&quot;slide&quot;,&quot;speed&quot;:500}\" data-widget_type=\"image-carousel.default\">\n\t\t\t\t\t\t\t<div class=\"elementor-image-carousel-wrapper swiper\" role=\"region\" aria-roledescription=\"carousel\" aria-label=\"Image Carousel\" dir=\"ltr\">\n\t\t\t<div class=\"elementor-image-carousel swiper-wrapper\" aria-live=\"off\">\n\t\t\t\t\t\t\t\t<div class=\"swiper-slide\" role=\"group\" aria-roledescription=\"slide\" aria-label=\"1 de 7\"><figure class=\"swiper-slide-inner\"><img decoding=\"async\" class=\"swiper-slide-image\" src=\"https:\/\/soymigrante.com\/revista\/wp-content\/uploads\/2024\/08\/etnias-de-guatemala-chalchiteko-2.webp\" alt=\"El pueblo Chalchiteko es antiqu\u00edsimo pero fue reconocido oficialmente hasta el 2003\" \/><figcaption class=\"elementor-image-carousel-caption\">El pueblo Chalchiteko es  antiqu\u00edsimo pero fue reconocido oficialmente hasta el 2003<\/figcaption><\/figure><\/div><div class=\"swiper-slide\" role=\"group\" aria-roledescription=\"slide\" aria-label=\"2 de 7\"><figure class=\"swiper-slide-inner\"><img decoding=\"async\" class=\"swiper-slide-image\" src=\"https:\/\/soymigrante.com\/revista\/wp-content\/uploads\/2024\/08\/etnias-de-guatemala-chalchiteko-5-1024x1024.webp\" alt=\"El pueblo Chalchiteko es antiqu\u00edsimo pero fue reconocido oficialmente hasta el 2003\" \/><figcaption class=\"elementor-image-carousel-caption\">El pueblo Chalchiteko es  antiqu\u00edsimo pero fue reconocido oficialmente hasta el 2003<\/figcaption><\/figure><\/div><div class=\"swiper-slide\" role=\"group\" aria-roledescription=\"slide\" aria-label=\"3 de 7\"><figure class=\"swiper-slide-inner\"><img decoding=\"async\" class=\"swiper-slide-image\" src=\"https:\/\/soymigrante.com\/revista\/wp-content\/uploads\/2024\/08\/etnias-de-guatemala-chalchiteko-7-1024x1024.webp\" alt=\"El pueblo Chalchiteko es antiqu\u00edsimo pero fue reconocido oficialmente hasta el 2003\" \/><figcaption class=\"elementor-image-carousel-caption\">El pueblo Chalchiteko es  antiqu\u00edsimo pero fue reconocido oficialmente hasta el 2003<\/figcaption><\/figure><\/div><div class=\"swiper-slide\" role=\"group\" aria-roledescription=\"slide\" aria-label=\"4 de 7\"><figure class=\"swiper-slide-inner\"><img decoding=\"async\" class=\"swiper-slide-image\" src=\"https:\/\/soymigrante.com\/revista\/wp-content\/uploads\/2024\/08\/etnias-de-guatemala-chalchiteko-8-1024x1024.webp\" alt=\"El pueblo Chalchiteko es antiqu\u00edsimo pero fue reconocido oficialmente hasta el 2003\" \/><figcaption class=\"elementor-image-carousel-caption\">El pueblo Chalchiteko es  antiqu\u00edsimo pero fue reconocido oficialmente hasta el 2003<\/figcaption><\/figure><\/div><div class=\"swiper-slide\" role=\"group\" aria-roledescription=\"slide\" aria-label=\"5 de 7\"><figure class=\"swiper-slide-inner\"><img decoding=\"async\" class=\"swiper-slide-image\" src=\"https:\/\/soymigrante.com\/revista\/wp-content\/uploads\/2024\/08\/etnias-de-guatemala-chalchiteko-10-1024x1024.webp\" alt=\"El pueblo Chalchiteko es antiqu\u00edsimo pero fue reconocido oficialmente hasta el 2003\" \/><figcaption class=\"elementor-image-carousel-caption\">El pueblo Chalchiteko es  antiqu\u00edsimo pero fue reconocido oficialmente hasta el 2003<\/figcaption><\/figure><\/div><div class=\"swiper-slide\" role=\"group\" aria-roledescription=\"slide\" aria-label=\"6 de 7\"><figure class=\"swiper-slide-inner\"><img decoding=\"async\" class=\"swiper-slide-image\" src=\"https:\/\/soymigrante.com\/revista\/wp-content\/uploads\/2024\/08\/etnias-de-guatemala-chalchiteko-3-1.webp\" alt=\"El pueblo Chalchiteko es antiqu\u00edsimo pero fue reconocido oficialmente hasta el 2003\" \/><figcaption class=\"elementor-image-carousel-caption\">El pueblo Chalchiteko es  antiqu\u00edsimo pero fue reconocido oficialmente hasta el 2003<\/figcaption><\/figure><\/div><div class=\"swiper-slide\" role=\"group\" aria-roledescription=\"slide\" aria-label=\"7 de 7\"><figure class=\"swiper-slide-inner\"><img decoding=\"async\" class=\"swiper-slide-image\" src=\"https:\/\/soymigrante.com\/revista\/wp-content\/uploads\/2024\/08\/etnias-de-guatemala-chalchiteko-4.webp\" alt=\"El pueblo Chalchiteko es antiqu\u00edsimo pero fue reconocido oficialmente hasta el 2003\" \/><figcaption class=\"elementor-image-carousel-caption\">El pueblo Chalchiteko es  antiqu\u00edsimo pero fue reconocido oficialmente hasta el 2003<\/figcaption><\/figure><\/div>\t\t\t<\/div>\n\t\t\t\t\t\t\t\t\t\t\t\t<div class=\"elementor-swiper-button elementor-swiper-button-prev\" role=\"button\" tabindex=\"0\">\n\t\t\t\t\t\t<i aria-hidden=\"true\" class=\"eicon-chevron-left\"><\/i>\t\t\t\t\t<\/div>\n\t\t\t\t\t<div class=\"elementor-swiper-button elementor-swiper-button-next\" role=\"button\" tabindex=\"0\">\n\t\t\t\t\t\t<i aria-hidden=\"true\" class=\"eicon-chevron-right\"><\/i>\t\t\t\t\t<\/div>\n\t\t\t\t\n\t\t\t\t\t\t\t\t\t<div class=\"swiper-pagination\"><\/div>\n\t\t\t\t\t\t\t\t\t<\/div>\n\t\t\t\t\t\t<\/div>\n\t\t\t\t\t<\/div>\n\t\t\t\t<\/div>\n\t\t<div data-particle_enable=\"false\" data-particle-mobile-disabled=\"false\" class=\"elementor-element elementor-element-d2099ba e-flex e-con-boxed e-con e-parent\" data-id=\"d2099ba\" data-element_type=\"container\" data-e-type=\"container\">\n\t\t\t\t\t<div class=\"e-con-inner\">\n\t\t\t\t<div class=\"elementor-element elementor-element-792a722 elementor-widget elementor-widget-heading\" data-id=\"792a722\" data-element_type=\"widget\" data-e-type=\"widget\" data-widget_type=\"heading.default\">\n\t\t\t\t\t<h2 class=\"elementor-heading-title elementor-size-default\">Valores, tradici\u00f3n y cosmovisi\u00f3n<\/h2>\t\t\t\t<\/div>\n\t\t\t\t\t<\/div>\n\t\t\t\t<\/div>\n\t\t<div data-particle_enable=\"false\" data-particle-mobile-disabled=\"false\" class=\"elementor-element elementor-element-f62187e e-flex e-con-boxed e-con e-parent\" data-id=\"f62187e\" data-element_type=\"container\" data-e-type=\"container\">\n\t\t\t\t\t<div class=\"e-con-inner\">\n\t\t\t\t<div class=\"elementor-element elementor-element-edf73ec elementor-widget elementor-widget-text-editor\" data-id=\"edf73ec\" data-element_type=\"widget\" data-e-type=\"widget\" data-widget_type=\"text-editor.default\">\n\t\t\t\t\t\t\t\t\t<p><span style=\"color: var( --e-global-color-text ); text-align: var(--text-align);\">Para los chalchitecos la Madre Tierra sustenta la vida de acuerdo a la sabidur\u00eda del Creador. El aire es el soplo de vida, el medio de comunicaci\u00f3n con los ancestros y liberador de los males que aquejan a la Tierra. El fuego ceremonial es un medio de comunicaci\u00f3n entre los vivientes y los esp\u00edritus de los antepasados, es el elemento de ofrenda para agradecer todo lo recibido para la subsistencia.\u00a0<\/span><\/p><p>El agua es el elemento indispensable para el ser humano, alimenta el cuerpo, a la naturaleza y a la comunidad que ha sobrevivido gracias a la existencia de los r\u00edos.\u00a0 \u00a0<\/p><p>\u00a0<\/p><p>\u00a0<\/p>\t\t\t\t\t\t\t\t<\/div>\n\t\t\t\t\t<\/div>\n\t\t\t\t<\/div>\n\t\t<div data-particle_enable=\"false\" data-particle-mobile-disabled=\"false\" class=\"elementor-element elementor-element-97282a1 e-flex e-con-boxed e-con e-parent\" data-id=\"97282a1\" data-element_type=\"container\" data-e-type=\"container\">\n\t\t\t\t\t<div class=\"e-con-inner\">\n\t\t\t\t<div class=\"elementor-element elementor-element-5eace88 elementor-widget elementor-widget-heading\" data-id=\"5eace88\" data-element_type=\"widget\" data-e-type=\"widget\" data-widget_type=\"heading.default\">\n\t\t\t\t\t<h4 class=\"elementor-heading-title elementor-size-default\">Nombres de frutas en chalchiteko<\/h4>\t\t\t\t<\/div>\n\t\t\t\t\t<\/div>\n\t\t\t\t<\/div>\n\t\t<div data-particle_enable=\"false\" data-particle-mobile-disabled=\"false\" class=\"elementor-element elementor-element-0c0d03b e-flex e-con-boxed e-con e-parent\" data-id=\"0c0d03b\" data-element_type=\"container\" data-e-type=\"container\">\n\t\t\t\t\t<div class=\"e-con-inner\">\n\t\t\t\t<div class=\"elementor-element elementor-element-4adb860 elementor-widget elementor-widget-video\" data-id=\"4adb860\" data-element_type=\"widget\" data-e-type=\"widget\" data-settings=\"{&quot;youtube_url&quot;:&quot;https:\\\/\\\/www.youtube.com\\\/watch?v=ls_NYZGoXfs&quot;,&quot;start&quot;:25,&quot;video_type&quot;:&quot;youtube&quot;,&quot;controls&quot;:&quot;yes&quot;}\" data-widget_type=\"video.default\">\n\t\t\t\t\t\t\t<div class=\"elementor-wrapper elementor-open-inline\">\n\t\t\t<div class=\"elementor-video\"><\/div>\t\t<\/div>\n\t\t\t\t\t\t<\/div>\n\t\t\t\t\t<\/div>\n\t\t\t\t<\/div>\n\t\t<div data-particle_enable=\"false\" data-particle-mobile-disabled=\"false\" class=\"elementor-element elementor-element-1897660 e-flex e-con-boxed e-con e-parent\" data-id=\"1897660\" data-element_type=\"container\" data-e-type=\"container\">\n\t\t\t\t\t<div class=\"e-con-inner\">\n\t\t\t\t<div class=\"elementor-element elementor-element-386ce58 elementor-widget elementor-widget-text-editor\" data-id=\"386ce58\" data-element_type=\"widget\" data-e-type=\"widget\" data-widget_type=\"text-editor.default\">\n\t\t\t\t\t\t\t\t\t<p><span style=\"color: var( --e-global-color-text ); text-align: var(--text-align);\">El Sol es el ser divino principal y padre, sin su luz no hay vida, es elemento primordial en el calendario ceremonial maya. La luna es la madre y los eclipses son observados por los \u201cajpom\u201d o gu\u00edas espirituales mayas para interpretar lo que suceder\u00e1 durante el a\u00f1o.\u00a0<\/span><\/p><p>Las estrellas son importantes desde que los chalchitekos se establecieron en Xo\u2019ltxun (ciudad entre piedras de cal),\u00a0 centro astron\u00f3mico de importancia para la comunidad.\u00a0<\/p><p>\u00a0<\/p>\t\t\t\t\t\t\t\t<\/div>\n\t\t\t\t\t<\/div>\n\t\t\t\t<\/div>\n\t\t<div data-particle_enable=\"false\" data-particle-mobile-disabled=\"false\" class=\"elementor-element elementor-element-d784b82 e-flex e-con-boxed e-con e-parent\" data-id=\"d784b82\" data-element_type=\"container\" data-e-type=\"container\">\n\t\t\t\t\t<div class=\"e-con-inner\">\n\t\t\t\t<div class=\"elementor-element elementor-element-f5c63a8 elementor-widget elementor-widget-video\" data-id=\"f5c63a8\" data-element_type=\"widget\" data-e-type=\"widget\" data-settings=\"{&quot;youtube_url&quot;:&quot;https:\\\/\\\/www.youtube.com\\\/watch?v=GckZ7Sh-CXQ&quot;,&quot;video_type&quot;:&quot;youtube&quot;,&quot;controls&quot;:&quot;yes&quot;}\" data-widget_type=\"video.default\">\n\t\t\t\t\t\t\t<div class=\"elementor-wrapper elementor-open-inline\">\n\t\t\t<div class=\"elementor-video\"><\/div>\t\t<\/div>\n\t\t\t\t\t\t<\/div>\n\t\t\t\t\t<\/div>\n\t\t\t\t<\/div>\n\t\t<div data-particle_enable=\"false\" data-particle-mobile-disabled=\"false\" class=\"elementor-element elementor-element-a0b0a55 e-flex e-con-boxed e-con e-parent\" data-id=\"a0b0a55\" data-element_type=\"container\" data-e-type=\"container\">\n\t\t\t\t\t<div class=\"e-con-inner\">\n\t\t\t\t<div class=\"elementor-element elementor-element-5690bdd elementor-widget elementor-widget-heading\" data-id=\"5690bdd\" data-element_type=\"widget\" data-e-type=\"widget\" data-widget_type=\"heading.default\">\n\t\t\t\t\t<h2 class=\"elementor-heading-title elementor-size-default\">Multiculturalidad es nuestro tesoro<\/h2>\t\t\t\t<\/div>\n\t\t\t\t\t<\/div>\n\t\t\t\t<\/div>\n\t\t<div data-particle_enable=\"false\" data-particle-mobile-disabled=\"false\" class=\"elementor-element elementor-element-e71f185 e-flex e-con-boxed e-con e-parent\" data-id=\"e71f185\" data-element_type=\"container\" data-e-type=\"container\">\n\t\t\t\t\t<div class=\"e-con-inner\">\n\t\t\t\t<div class=\"elementor-element elementor-element-c9d6578 elementor-grid-eael-col-3 elementor-grid-tablet-eael-col-2 elementor-grid-mobile-eael-col-1 elementor-widget elementor-widget-eael-post-grid\" data-id=\"c9d6578\" data-element_type=\"widget\" data-e-type=\"widget\" data-settings=\"{&quot;eael_post_grid_columns&quot;:&quot;eael-col-3&quot;,&quot;eael_post_grid_columns_tablet&quot;:&quot;eael-col-2&quot;,&quot;eael_post_grid_columns_mobile&quot;:&quot;eael-col-1&quot;}\" data-widget_type=\"eael-post-grid.default\">\n\t\t\t\t\t<div id=\"eael-post-grid-c9d6578\" class=\"eael-post-grid-container\">\n            <div class=\"eael-post-grid eael-post-appender eael-post-appender-c9d6578 eael-post-grid-style-one\" data-layout-mode=\"masonry\"><article class=\"eael-grid-post  eael-post-grid-column eael-pg-post-2505 category-guate-nuestra tags-danzas-de-guatemala\" data-id=\"2505\">\n        <div class=\"eael-grid-post-holder\">\n            <div class=\"eael-grid-post-holder-inner\"><div class=\"eael-entry-media\"><div class=\"eael-entry-overlay fade-in\"><i class=\"far fa-hand-pointer\" aria-hidden=\"true\"><\/i><a href=\"https:\/\/soymigrante.com\/revista\/guatemala-danza-una-legendaria-batalla-de-moros-y-cristianos-en-la-cual-hay-a-veces-un-divertido-mico\/\"><\/a><\/div><div class=\"eael-entry-thumbnail \">\n                <img decoding=\"async\" width=\"1024\" height=\"574\" src=\"https:\/\/soymigrante.com\/revista\/wp-content\/uploads\/2023\/09\/BAILE-MOROS-Y-CRISTIANOS-SAN-LUCAS-FACEBOOOK-1024x574.jpg\" class=\"attachment-large size-large wp-image-2507\" alt=\"Baile de moros y cristianos en san lucas - Existen en Guatemala varias representaciones de esta tradici\u00f3n espa\u00f1ola que b\u00e1sicamente buscaba indoctrinar a las poblaciones. (Fotograf\u00eda publicada originalmente en el Facebook Baile Moros y Cristianos San Lucas Sac.)\" srcset=\"https:\/\/soymigrante.com\/revista\/wp-content\/uploads\/2023\/09\/BAILE-MOROS-Y-CRISTIANOS-SAN-LUCAS-FACEBOOOK-1024x574.jpg 1024w, https:\/\/soymigrante.com\/revista\/wp-content\/uploads\/2023\/09\/BAILE-MOROS-Y-CRISTIANOS-SAN-LUCAS-FACEBOOOK-300x168.jpg 300w, https:\/\/soymigrante.com\/revista\/wp-content\/uploads\/2023\/09\/BAILE-MOROS-Y-CRISTIANOS-SAN-LUCAS-FACEBOOOK-768x431.jpg 768w, https:\/\/soymigrante.com\/revista\/wp-content\/uploads\/2023\/09\/BAILE-MOROS-Y-CRISTIANOS-SAN-LUCAS-FACEBOOOK-750x421.webp 750w, https:\/\/soymigrante.com\/revista\/wp-content\/uploads\/2023\/09\/BAILE-MOROS-Y-CRISTIANOS-SAN-LUCAS-FACEBOOOK-1140x639.webp 1140w, https:\/\/soymigrante.com\/revista\/wp-content\/uploads\/2023\/09\/BAILE-MOROS-Y-CRISTIANOS-SAN-LUCAS-FACEBOOOK.webp 1280w\" sizes=\"(max-width: 1024px) 100vw, 1024px\" \/>\n            <\/div>\n        <\/div><div class=\"eael-entry-wrapper\"><header class=\"eael-entry-header\"><h2 class=\"eael-entry-title\"><a class=\"eael-grid-post-link\" href=\"https:\/\/soymigrante.com\/revista\/guatemala-danza-una-legendaria-batalla-de-moros-y-cristianos-en-la-cual-hay-a-veces-un-divertido-mico\/\" title=\"Danzas de Guatemala: el Baile de Moros y Cristianos, una batalla legendaria\">Danzas de Guatemala: el Baile de Moros y Cristianos, una batalla legendaria<\/a><\/h2><\/header><div class=\"eael-entry-content\">\n                        <div class=\"eael-grid-post-excerpt\"><a href=\"https:\/\/soymigrante.com\/revista\/guatemala-danza-una-legendaria-batalla-de-moros-y-cristianos-en-la-cual-hay-a-veces-un-divertido-mico\/\" class=\"eael-post-elements-readmore-btn\">CONOCE SU HISTORIA <\/a><\/div>\n                    <\/div><\/div><\/div>\n        <\/div>\n    <\/article><article class=\"eael-grid-post  eael-post-grid-column eael-pg-post-7346 category-guate-nuestra tags-joyas-mayas-migrantes\" data-id=\"7346\">\n        <div class=\"eael-grid-post-holder\">\n            <div class=\"eael-grid-post-holder-inner\"><div class=\"eael-entry-media\"><div class=\"eael-entry-overlay fade-in\"><i class=\"far fa-hand-pointer\" aria-hidden=\"true\"><\/i><a href=\"https:\/\/soymigrante.com\/revista\/piezas-mayas-en-usa-estela-11-de-piedras-negras-se-conserva-en-houston\/\"><\/a><\/div><div class=\"eael-entry-thumbnail \">\n                <img loading=\"lazy\" decoding=\"async\" width=\"252\" height=\"252\" src=\"https:\/\/soymigrante.com\/revista\/wp-content\/uploads\/2024\/07\/joyas-mayas-estela-de-piedras-negras-guatemala.webp\" class=\"attachment-large size-large wp-image-7351\" alt=\"Arte prehisp\u00e1nico en piedra con detalladas esculturas de rostro humano y motivos geometricos, representando la riqueza cultural de las civilizaciones antiguas en Mesoam\u00e9rica.\" srcset=\"https:\/\/soymigrante.com\/revista\/wp-content\/uploads\/2024\/07\/joyas-mayas-estela-de-piedras-negras-guatemala.webp 252w, https:\/\/soymigrante.com\/revista\/wp-content\/uploads\/2024\/07\/joyas-mayas-estela-de-piedras-negras-guatemala-150x150.webp 150w, https:\/\/soymigrante.com\/revista\/wp-content\/uploads\/2024\/07\/joyas-mayas-estela-de-piedras-negras-guatemala-75x75.webp 75w\" sizes=\"(max-width: 252px) 100vw, 252px\" \/>\n            <\/div>\n        <\/div><div class=\"eael-entry-wrapper\"><header class=\"eael-entry-header\"><h2 class=\"eael-entry-title\"><a class=\"eael-grid-post-link\" href=\"https:\/\/soymigrante.com\/revista\/piezas-mayas-en-usa-estela-11-de-piedras-negras-se-conserva-en-houston\/\" title=\"Joyas mayas migrantes: Estela 11 de Piedras Negras se conserva en Houston\">Joyas mayas migrantes: Estela 11 de Piedras Negras se conserva en Houston<\/a><\/h2><\/header><div class=\"eael-entry-content\">\n                        <div class=\"eael-grid-post-excerpt\"><a href=\"https:\/\/soymigrante.com\/revista\/piezas-mayas-en-usa-estela-11-de-piedras-negras-se-conserva-en-houston\/\" class=\"eael-post-elements-readmore-btn\">CONOCE SU HISTORIA <\/a><\/div>\n                    <\/div><\/div><\/div>\n        <\/div>\n    <\/article><article class=\"eael-grid-post  eael-post-grid-column eael-pg-post-1536 category-guate-nuestra\" data-id=\"1536\">\n        <div class=\"eael-grid-post-holder\">\n            <div class=\"eael-grid-post-holder-inner\"><div class=\"eael-entry-media\"><div class=\"eael-entry-overlay fade-in\"><i class=\"far fa-hand-pointer\" aria-hidden=\"true\"><\/i><a href=\"https:\/\/soymigrante.com\/revista\/7-datos-que-ya-sabias-o-quiza-no-sobre-el-gran-jaguar-y-tikal\/\"><\/a><\/div><div class=\"eael-entry-thumbnail \">\n                <img loading=\"lazy\" decoding=\"async\" width=\"1024\" height=\"475\" src=\"https:\/\/soymigrante.com\/revista\/wp-content\/uploads\/2023\/06\/Captura-de-pantalla-2023-06-21-143338-1024x475.webp\" class=\"attachment-large size-large wp-image-1538\" alt=\"Tikal: 7 datos que ya sab\u00edas (o quiz\u00e1 no) sobre el Templo I o Gran Jaguar\" srcset=\"https:\/\/soymigrante.com\/revista\/wp-content\/uploads\/2023\/06\/Captura-de-pantalla-2023-06-21-143338-1024x475.webp 1024w, https:\/\/soymigrante.com\/revista\/wp-content\/uploads\/2023\/06\/Captura-de-pantalla-2023-06-21-143338-300x139.webp 300w, https:\/\/soymigrante.com\/revista\/wp-content\/uploads\/2023\/06\/Captura-de-pantalla-2023-06-21-143338-768x356.webp 768w, https:\/\/soymigrante.com\/revista\/wp-content\/uploads\/2023\/06\/Captura-de-pantalla-2023-06-21-143338-750x348.webp 750w, https:\/\/soymigrante.com\/revista\/wp-content\/uploads\/2023\/06\/Captura-de-pantalla-2023-06-21-143338-1140x529.webp 1140w, https:\/\/soymigrante.com\/revista\/wp-content\/uploads\/2023\/06\/Captura-de-pantalla-2023-06-21-143338.webp 1427w\" sizes=\"(max-width: 1024px) 100vw, 1024px\" \/>\n            <\/div>\n        <\/div><div class=\"eael-entry-wrapper\"><header class=\"eael-entry-header\"><h2 class=\"eael-entry-title\"><a class=\"eael-grid-post-link\" href=\"https:\/\/soymigrante.com\/revista\/7-datos-que-ya-sabias-o-quiza-no-sobre-el-gran-jaguar-y-tikal\/\" title=\"Tikal: 7 datos que ya sab\u00edas (o quiz\u00e1 no) sobre el Templo I o Gran Jaguar\">Tikal: 7 datos que ya sab\u00edas (o quiz\u00e1 no) sobre el Templo I o Gran Jaguar<\/a><\/h2><\/header><div class=\"eael-entry-content\">\n                        <div class=\"eael-grid-post-excerpt\"><a href=\"https:\/\/soymigrante.com\/revista\/7-datos-que-ya-sabias-o-quiza-no-sobre-el-gran-jaguar-y-tikal\/\" class=\"eael-post-elements-readmore-btn\">CONOCE SU HISTORIA <\/a><\/div>\n                    <\/div><\/div><\/div>\n        <\/div>\n    <\/article><\/div>\n            <div class=\"clearfix\"><\/div>\n        <\/div>\t\t\t\t<\/div>\n\t\t\t\t\t<\/div>\n\t\t\t\t<\/div>\n\t\t\t\t<\/div>\n\t\t","protected":false},"excerpt":{"rendered":"<p>Los chalchitekos se establecieron cerca de los r\u00edos San Juan y Blanco Chiquito, Huehuetenango. Edificaron ciudades prehisp\u00e1nicas como Xo\u2019ltxun y Pueblo Viejo, pero a pesar de su larga historia su idioma e identidad solo fueron reconocidos oficialmente hasta 2003. El pueblo maya chalchiteko erigi\u00f3 conjuntos prehisp\u00e1nicos que inclu\u00edan juegos de pelota, es decir, constitu\u00edan comunidades [&hellip;]<\/p>\n","protected":false},"author":17,"featured_media":8617,"comment_status":"open","ping_status":"open","sticky":false,"template":"","format":"standard","meta":{"_acf_changed":false,"_eb_attr":"","footnotes":""},"categories":[125],"tags":[],"class_list":["post-8616","post","type-post","status-publish","format-standard","has-post-thumbnail","hentry","category-pueblos-de-guatemala"],"acf":[],"aioseo_notices":[],"aioseo_head":"\n\t\t<!-- All in One SEO Pro 4.9.6.2 - aioseo.com -->\n\t<meta name=\"description\" content=\"\u00cdcono mundial, Patrimonio Cultural de la Humanidad de la Humanidad desde 1979, Tikal a\u00fan refleja la magnificencia maya prehisp\u00e1nica e inspira recuerdos en muchos migrantes guatemaltecos. El Templo I de Tikal, m\u00e1s conocido como El Gran Jaguar, es uno de los \u00edconos mundiales de Guatemala y de la legendaria ciudad maya, enclavada en el centro\" \/>\n\t<meta name=\"robots\" content=\"max-snippet:-1, max-image-preview:large, max-video-preview:-1\" \/>\n\t<meta name=\"author\" content=\"Gustavo Montenegro\"\/>\n\t<link rel=\"canonical\" href=\"https:\/\/soymigrante.com\/revista\/7-datos-que-ya-sabias-o-quiza-no-sobre-el-gran-jaguar-y-tikal\/\" \/>\n\t<meta name=\"generator\" content=\"All in One SEO Pro (AIOSEO) 4.9.6.2\" \/>\n\n\t\t<link rel=\"preconnect\" href=\"https:\/\/fonts.googleapis.com\" crossorigin>\n<link rel=\"preconnect\" href=\"https:\/\/fonts.gstatic.com\" crossorigin>\n\t\t<meta property=\"og:locale\" content=\"es_ES\" \/>\n\t\t<meta property=\"og:site_name\" content=\"SoyMigrante.com REVISTA \u2013 Nuestra misi\u00f3n es reconocer y dignificar al migrante.\" \/>\n\t\t<meta property=\"og:type\" content=\"article\" \/>\n\t\t<meta property=\"og:title\" content=\"Tikal: 7 datos que ya sab\u00edas (o quiz\u00e1 no) sobre el Templo I o Gran Jaguar\" \/>\n\t\t<meta property=\"og:description\" content=\"\u00cdcono mundial, Patrimonio Cultural de la Humanidad de la Humanidad desde 1979, Tikal a\u00fan refleja la magnificencia maya prehisp\u00e1nica e inspira recuerdos en muchos migrantes guatemaltecos. El Templo I de Tikal, m\u00e1s conocido como El Gran Jaguar, es uno de los \u00edconos mundiales de Guatemala y de la legendaria ciudad maya, enclavada en el centro\" \/>\n\t\t<meta property=\"og:url\" content=\"https:\/\/soymigrante.com\/revista\/7-datos-que-ya-sabias-o-quiza-no-sobre-el-gran-jaguar-y-tikal\/\" \/>\n\t\t<meta property=\"og:image\" content=\"https:\/\/soymigrante.com\/revista\/wp-content\/uploads\/2023\/06\/Captura-de-pantalla-2023-06-21-143338.webp\" \/>\n\t\t<meta property=\"og:image:secure_url\" content=\"https:\/\/soymigrante.com\/revista\/wp-content\/uploads\/2023\/06\/Captura-de-pantalla-2023-06-21-143338.webp\" \/>\n\t\t<meta property=\"og:image:width\" content=\"1427\" \/>\n\t\t<meta property=\"og:image:height\" content=\"662\" \/>\n\t\t<meta property=\"article:published_time\" content=\"2023-06-22T20:28:51+00:00\" \/>\n\t\t<meta property=\"article:modified_time\" content=\"2025-09-15T23:22:23+00:00\" \/>\n\t\t<meta property=\"article:publisher\" content=\"https:\/\/www.facebook.com\/soymigrantecom\" \/>\n\t\t<meta name=\"twitter:card\" content=\"summary_large_image\" \/>\n\t\t<meta name=\"twitter:site\" content=\"@SoyMigrante_com\" \/>\n\t\t<meta name=\"twitter:title\" content=\"Tikal: 7 datos que ya sab\u00edas (o quiz\u00e1 no) sobre el Templo I o Gran Jaguar\" \/>\n\t\t<meta name=\"twitter:description\" content=\"\u00cdcono mundial, Patrimonio Cultural de la Humanidad de la Humanidad desde 1979, Tikal a\u00fan refleja la magnificencia maya prehisp\u00e1nica e inspira recuerdos en muchos migrantes guatemaltecos. El Templo I de Tikal, m\u00e1s conocido como El Gran Jaguar, es uno de los \u00edconos mundiales de Guatemala y de la legendaria ciudad maya, enclavada en el centro\" \/>\n\t\t<meta name=\"twitter:creator\" content=\"@SoyMigrante_com\" \/>\n\t\t<meta name=\"twitter:image\" content=\"https:\/\/soymigrante.com\/revista\/wp-content\/uploads\/2023\/06\/Captura-de-pantalla-2023-06-21-143338.webp\" \/>\n\t\t<!-- All in One SEO Pro -->\r\n\t\t<title>Tikal: 7 datos que ya sab\u00edas (o quiz\u00e1 no) sobre el Templo I o Gran Jaguar<\/title>\n\n","aioseo_head_json":{"title":"Tikal: 7 datos que ya sab\u00edas (o quiz\u00e1 no) sobre el Templo I o Gran Jaguar","description":"\u00cdcono mundial, Patrimonio Cultural de la Humanidad de la Humanidad desde 1979, Tikal a\u00fan refleja la magnificencia maya prehisp\u00e1nica e inspira recuerdos en muchos migrantes guatemaltecos. El Templo I de Tikal, m\u00e1s conocido como El Gran Jaguar, es uno de los \u00edconos mundiales de Guatemala y de la legendaria ciudad maya, enclavada en el centro","canonical_url":"https:\/\/soymigrante.com\/revista\/7-datos-que-ya-sabias-o-quiza-no-sobre-el-gran-jaguar-y-tikal\/","robots":"max-snippet:-1, max-image-preview:large, max-video-preview:-1","keywords":"","webmasterTools":{"miscellaneous":"&lt;link rel=\"preconnect\" href=\"https:\/\/fonts.googleapis.com\" crossorigin&gt;\n&lt;link rel=\"preconnect\" href=\"https:\/\/fonts.gstatic.com\" crossorigin&gt;"},"schema":null,"og:locale":"es_ES","og:site_name":"SoyMigrante.com REVISTA \u2013 Nuestra misi\u00f3n es reconocer y dignificar al migrante.","og:type":"article","og:title":"Tikal: 7 datos que ya sab\u00edas (o quiz\u00e1 no) sobre el Templo I o Gran Jaguar","og:description":"\u00cdcono mundial, Patrimonio Cultural de la Humanidad de la Humanidad desde 1979, Tikal a\u00fan refleja la magnificencia maya prehisp\u00e1nica e inspira recuerdos en muchos migrantes guatemaltecos. El Templo I de Tikal, m\u00e1s conocido como El Gran Jaguar, es uno de los \u00edconos mundiales de Guatemala y de la legendaria ciudad maya, enclavada en el centro","og:url":"https:\/\/soymigrante.com\/revista\/7-datos-que-ya-sabias-o-quiza-no-sobre-el-gran-jaguar-y-tikal\/","og:image":"https:\/\/soymigrante.com\/revista\/wp-content\/uploads\/2023\/06\/Captura-de-pantalla-2023-06-21-143338.webp","og:image:secure_url":"https:\/\/soymigrante.com\/revista\/wp-content\/uploads\/2023\/06\/Captura-de-pantalla-2023-06-21-143338.webp","og:image:width":1427,"og:image:height":662,"article:published_time":"2023-06-22T20:28:51+00:00","article:modified_time":"2025-09-15T23:22:23+00:00","article:publisher":"https:\/\/www.facebook.com\/soymigrantecom","twitter:card":"summary_large_image","twitter:site":"@SoyMigrante_com","twitter:title":"Tikal: 7 datos que ya sab\u00edas (o quiz\u00e1 no) sobre el Templo I o Gran Jaguar","twitter:description":"\u00cdcono mundial, Patrimonio Cultural de la Humanidad de la Humanidad desde 1979, Tikal a\u00fan refleja la magnificencia maya prehisp\u00e1nica e inspira recuerdos en muchos migrantes guatemaltecos. El Templo I de Tikal, m\u00e1s conocido como El Gran Jaguar, es uno de los \u00edconos mundiales de Guatemala y de la legendaria ciudad maya, enclavada en el centro","twitter:creator":"@SoyMigrante_com","twitter:image":"https:\/\/soymigrante.com\/revista\/wp-content\/uploads\/2023\/06\/Captura-de-pantalla-2023-06-21-143338.webp"},"aioseo_meta_data":{"post_id":"8616","title":"Chalchiteko es antiqu\u00edsimo pero fue reconocido hasta 2003","description":"Chalchit\u00e1n era un pueblo aparte, pero por razones pol\u00edticas fue declarado como un barrio de Aguacat\u00e1n, Huehuetenango. A\u00fan as\u00ed el chalchiteko sobrevivi\u00f3 al tiempo.","keywords":null,"keyphrases":{"focus":{"keyphrase":"Maya","score":68,"analysis":{"keyphraseInTitle":{"score":3,"maxScore":9,"error":1},"keyphraseInDescription":{"score":3,"maxScore":9,"error":1},"keyphraseLength":{"score":9,"maxScore":9,"error":0,"length":1},"keyphraseInURL":{"score":1,"maxScore":5,"error":1},"keyphraseInIntroduction":{"score":9,"maxScore":9,"error":0},"keyphraseInSubHeadings":{"score":3,"maxScore":9,"error":1},"keyphraseInImageAlt":{"score":9,"maxScore":9,"error":0},"keywordDensity":{"type":"best","score":9,"maxScore":9,"error":0}}},"additional":[{"keyphrase":"chalchiteko","score":87,"analysis":{"keyphraseInDescription":{"score":9,"maxScore":9,"error":0},"keyphraseLength":{"score":9,"maxScore":9,"error":0,"length":1},"keyphraseInIntroduction":{"score":9,"maxScore":9,"error":0},"keyphraseInImageAlt":{"score":3,"maxScore":9,"error":1},"keywordDensity":{"type":"best","score":9,"maxScore":9,"error":0}}}]},"primary_term":null,"canonical_url":null,"og_title":null,"og_description":null,"og_object_type":"default","og_image_type":"default","og_image_url":null,"og_image_width":null,"og_image_height":null,"og_image_custom_url":null,"og_image_custom_fields":null,"og_video":"","og_custom_url":null,"og_article_section":null,"og_article_tags":null,"twitter_use_og":false,"twitter_card":"default","twitter_image_type":"default","twitter_image_url":null,"twitter_image_custom_url":null,"twitter_image_custom_fields":null,"twitter_title":null,"twitter_description":null,"schema":{"blockGraphs":[],"customGraphs":[],"default":{"data":{"Article":[],"Course":[],"Dataset":[],"FAQPage":[],"Movie":[],"Person":[],"Product":[],"ProductReview":[],"Car":[],"Recipe":[],"Service":[],"SoftwareApplication":[],"WebPage":[]},"graphName":"none","isEnabled":true},"graphs":[]},"schema_type":"default","schema_type_options":null,"pillar_content":false,"robots_default":true,"robots_noindex":false,"robots_noarchive":false,"robots_nosnippet":false,"robots_nofollow":false,"robots_noimageindex":false,"robots_noodp":false,"robots_notranslate":false,"robots_max_snippet":"-1","robots_max_videopreview":"-1","robots_max_imagepreview":"large","priority":null,"frequency":"default","local_seo":null,"seo_analyzer_scan_date":"2025-10-08 23:13:11","breadcrumb_settings":null,"limit_modified_date":false,"reviewed_by":"0","open_ai":"{\"title\":{\"suggestions\":[],\"usage\":0},\"description\":{\"suggestions\":[],\"usage\":0}}","ai":{"faqs":[],"keyPoints":[],"titles":[],"descriptions":[],"socialPosts":{"email":[],"linkedin":[],"twitter":[],"facebook":[],"instagram":[]}},"created":"2024-08-30 21:40:46","updated":"2026-02-04 13:35:42"},"aioseo_breadcrumb":"<div class=\"aioseo-breadcrumbs\"><span class=\"aioseo-breadcrumb\">\n\t<a href=\"https:\/\/soymigrante.com\/revista\" title=\"Home\">Home<\/a>\n<\/span><span class=\"aioseo-breadcrumb-separator\">\u00bb<\/span><span class=\"aioseo-breadcrumb\">\n\t<a href=\"https:\/\/soymigrante.com\/revista\/category\/guate-nuestra\/\" title=\"Guate Nuestra\">Guate Nuestra<\/a>\n<\/span><span class=\"aioseo-breadcrumb-separator\">\u00bb<\/span><span class=\"aioseo-breadcrumb\">\n\t<a href=\"https:\/\/soymigrante.com\/revista\/category\/guate-nuestra\/pueblos-de-guatemala\/\" title=\"Pueblos de Guatemala\">Pueblos de Guatemala<\/a>\n<\/span><span class=\"aioseo-breadcrumb-separator\">\u00bb<\/span><span class=\"aioseo-breadcrumb\">\n\tEl pueblo Chalchiteko es  antiqu\u00edsimo pero fue reconocido oficialmente hasta el 2003\n<\/span><\/div>","aioseo_breadcrumb_json":[{"label":"Home","link":"https:\/\/soymigrante.com\/revista"},{"label":"Guate Nuestra","link":"https:\/\/soymigrante.com\/revista\/category\/guate-nuestra\/"},{"label":"Pueblos de Guatemala","link":"https:\/\/soymigrante.com\/revista\/category\/guate-nuestra\/pueblos-de-guatemala\/"},{"label":"El pueblo Chalchiteko es  antiqu\u00edsimo pero fue reconocido oficialmente hasta el 2003","link":"https:\/\/soymigrante.com\/revista\/el-pueblo-chalchiteko-es-antiquisimo-pero-fue-reconocido-oficialmente-hasta-el-2003\/"}],"_links":{"self":[{"href":"https:\/\/soymigrante.com\/revista\/wp-json\/wp\/v2\/posts\/8616","targetHints":{"allow":["GET"]}}],"collection":[{"href":"https:\/\/soymigrante.com\/revista\/wp-json\/wp\/v2\/posts"}],"about":[{"href":"https:\/\/soymigrante.com\/revista\/wp-json\/wp\/v2\/types\/post"}],"author":[{"embeddable":true,"href":"https:\/\/soymigrante.com\/revista\/wp-json\/wp\/v2\/users\/17"}],"replies":[{"embeddable":true,"href":"https:\/\/soymigrante.com\/revista\/wp-json\/wp\/v2\/comments?post=8616"}],"version-history":[{"count":7,"href":"https:\/\/soymigrante.com\/revista\/wp-json\/wp\/v2\/posts\/8616\/revisions"}],"predecessor-version":[{"id":45991,"href":"https:\/\/soymigrante.com\/revista\/wp-json\/wp\/v2\/posts\/8616\/revisions\/45991"}],"wp:featuredmedia":[{"embeddable":true,"href":"https:\/\/soymigrante.com\/revista\/wp-json\/wp\/v2\/media\/8617"}],"wp:attachment":[{"href":"https:\/\/soymigrante.com\/revista\/wp-json\/wp\/v2\/media?parent=8616"}],"wp:term":[{"taxonomy":"category","embeddable":true,"href":"https:\/\/soymigrante.com\/revista\/wp-json\/wp\/v2\/categories?post=8616"},{"taxonomy":"post_tag","embeddable":true,"href":"https:\/\/soymigrante.com\/revista\/wp-json\/wp\/v2\/tags?post=8616"}],"curies":[{"name":"wp","href":"https:\/\/api.w.org\/{rel}","templated":true}]}}