{"id":8528,"date":"2026-04-15T15:14:47","date_gmt":"2026-04-15T21:14:47","guid":{"rendered":"https:\/\/soymigrante.com\/revista\/?p=8528"},"modified":"2026-04-15T15:14:57","modified_gmt":"2026-04-15T21:14:57","slug":"7-curiosidades-del-sitio-arqueologico-maya-quirigua-que-quiza-ya-sabias-o-tal-vez-no","status":"publish","type":"post","link":"https:\/\/soymigrante.com\/revista\/7-curiosidades-del-sitio-arqueologico-maya-quirigua-que-quiza-ya-sabias-o-tal-vez-no\/","title":{"rendered":"El majestuoso sitio arqueol\u00f3gico maya de Quirigu\u00e1: 7 detalles que tal vez ya conoc\u00edas (o quiz\u00e1 no)"},"content":{"rendered":"\t\t<div data-elementor-type=\"wp-post\" data-elementor-id=\"8528\" class=\"elementor elementor-8528\" data-elementor-post-type=\"post\">\n\t\t\t\t<div data-particle_enable=\"false\" data-particle-mobile-disabled=\"false\" class=\"elementor-element elementor-element-df5d143 e-flex e-con-boxed e-con e-parent\" data-id=\"df5d143\" data-element_type=\"container\" data-e-type=\"container\">\n\t\t\t\t\t<div class=\"e-con-inner\">\n\t\t\t\t<div class=\"elementor-element elementor-element-fe4dc9b elementor-widget elementor-widget-heading\" data-id=\"fe4dc9b\" data-element_type=\"widget\" data-e-type=\"widget\" data-widget_type=\"heading.default\">\n\t\t\t\t\t<h2 class=\"elementor-heading-title elementor-size-default\">El sitio arqueol\u00f3gico de Quirigu\u00e1, ubicado en el departamento de Izabal, est\u00e1 a unas 4 horas de la ciudad de Guatemala si tomas la ruta CA-9.<\/h2>\t\t\t\t<\/div>\n\t\t\t\t\t<\/div>\n\t\t\t\t<\/div>\n\t\t<div data-particle_enable=\"false\" data-particle-mobile-disabled=\"false\" class=\"elementor-element elementor-element-87be59f e-flex e-con-boxed e-con e-parent\" data-id=\"87be59f\" data-element_type=\"container\" data-e-type=\"container\">\n\t\t\t\t\t<div class=\"e-con-inner\">\n\t\t\t\t<div class=\"elementor-element elementor-element-bc066d6 elementor-widget elementor-widget-text-editor\" data-id=\"bc066d6\" data-element_type=\"widget\" data-e-type=\"widget\" data-widget_type=\"text-editor.default\">\n\t\t\t\t\t\t\t\t\t<p><a href=\"https:\/\/es.wikipedia.org\/wiki\/Quirigu%C3%A1\" target=\"_blank\" rel=\"noopener\">Quirigu\u00e1<\/a> es uno de los grandes sitios arqueol\u00f3gicos de la civilizaci\u00f3n maya en Guatemala. Se localiza en el valle del r\u00edo Motagua, en <a href=\"https:\/\/soymigrante.com\/revista\/departamentos-de-guatemala-izabal-es-la-puerta-del-caribe\/\">Izabal,<\/a> Guatemala. De hecho su ubicaci\u00f3n es como un puerto fluvial en ruta a las tierras bajas. Fue redescubierto en 1840 por el explorador <a href=\"https:\/\/es.wikipedia.org\/wiki\/John_Lloyd_Stephens\" target=\"_blank\" rel=\"noopener\">John Lloyd Stephens<\/a> y documentado junto al dibujante <a href=\"https:\/\/es.wikipedia.org\/wiki\/Frederick_Catherwood\" target=\"_blank\" rel=\"noopener\">Frederick Catherwood<\/a>. Su ocupaci\u00f3n data aproximadamente del a\u00f1o 200 d.C., alcanzando su auge entre los siglos VIII y IX.<\/p><p>Quirigu\u00e1 fue clave por su ubicaci\u00f3n estrat\u00e9gica en una ruta comercial que conectaba el Altiplano con el Caribe, facilitando el intercambio de jade, obsidiana y otros bienes. El r\u00edo Motagua nace en <a href=\"https:\/\/soymigrante.com\/revista\/departamentos-de-guatemala-quiche-tierra-de-rios-arboles-montanas-y-el-popol-vuh\/\">Quich\u00e9 <\/a>y recorre m\u00e1s de 200 kil\u00f3metros.\u00a0\u00a0<\/p><p>Quirigu\u00e1 destaca por sus monumentales estelas esculpidas, consideradas entre las m\u00e1s altas del mundo maya. Adem\u00e1s, logr\u00f3 independencia pol\u00edtica de <a href=\"https:\/\/es.wikipedia.org\/wiki\/Cop%C3%A1n\" target=\"_blank\" rel=\"noopener\">Cop\u00e1n<\/a> en el 738 d.C., consolid\u00e1ndose como un importante centro pol\u00edtico, econ\u00f3mico y ceremonial. Sus esculturas zoomorfas, enormes bloques tallados con formas de animales m\u00edticos, reflejan una cosmovisi\u00f3n compleja ligada al poder y la religi\u00f3n. Es Patrimonio Mundial de la <a href=\"https:\/\/es.wikipedia.org\/wiki\/Unesco\" target=\"_blank\" rel=\"noopener\">UNESCO<\/a>. Y vale la pena visitarlo, sobre todo para los <a href=\"https:\/\/soymigrante.com\/revista\/pueblos-mayas-migrantes-fortalecen-su-identidad-en-usa\/\">migrantes guatemaltecos que tienen la oportunidad de volver a viajar a la patria a reconocer sus ra\u00edces.<\/a><\/p>\t\t\t\t\t\t\t\t<\/div>\n\t\t\t\t\t<\/div>\n\t\t\t\t<\/div>\n\t\t<div data-particle_enable=\"false\" data-particle-mobile-disabled=\"false\" class=\"elementor-element elementor-element-dc001b7 e-flex e-con-boxed e-con e-parent\" data-id=\"dc001b7\" data-element_type=\"container\" data-e-type=\"container\">\n\t\t\t\t\t<div class=\"e-con-inner\">\n\t\t\t\t<div class=\"elementor-element elementor-element-a38deb4 elementor-widget elementor-widget-html\" data-id=\"a38deb4\" data-element_type=\"widget\" data-e-type=\"widget\" data-widget_type=\"html.default\">\n\t\t\t\t\t<iframe src=\"https:\/\/www.google.com\/maps\/embed?pb=!4v1776279813036!6m8!1m7!1saKzcrgvBhGER5YfGHEbc2w!2m2!1d15.27025989486077!2d-89.04028545321127!3f131.5033982089046!4f2.098942596063395!5f0.7820865974627469\" width=\"600\" height=\"450\" style=\"border:0;\" allowfullscreen=\"\" loading=\"lazy\" referrerpolicy=\"no-referrer-when-downgrade\"><\/iframe>\t\t\t\t<\/div>\n\t\t\t\t\t<\/div>\n\t\t\t\t<\/div>\n\t\t<div data-particle_enable=\"false\" data-particle-mobile-disabled=\"false\" class=\"elementor-element elementor-element-5f9b205 e-flex e-con-boxed e-con e-parent\" data-id=\"5f9b205\" data-element_type=\"container\" data-e-type=\"container\">\n\t\t\t\t\t<div class=\"e-con-inner\">\n\t\t\t\t<div class=\"elementor-element elementor-element-d9422a8 elementor-widget elementor-widget-heading\" data-id=\"d9422a8\" data-element_type=\"widget\" data-e-type=\"widget\" data-widget_type=\"heading.default\">\n\t\t\t\t\t<h3 class=\"elementor-heading-title elementor-size-default\">7. No se llamaba Quirigu\u00e1: ten\u00eda otro nombre<\/h3>\t\t\t\t<\/div>\n\t\t\t\t\t<\/div>\n\t\t\t\t<\/div>\n\t\t<div data-particle_enable=\"false\" data-particle-mobile-disabled=\"false\" class=\"elementor-element elementor-element-5d67b9e e-flex e-con-boxed e-con e-parent\" data-id=\"5d67b9e\" data-element_type=\"container\" data-e-type=\"container\">\n\t\t\t\t\t<div class=\"e-con-inner\">\n\t\t\t\t<div class=\"elementor-element elementor-element-a92131c elementor-widget elementor-widget-text-editor\" data-id=\"a92131c\" data-element_type=\"widget\" data-e-type=\"widget\" data-widget_type=\"text-editor.default\">\n\t\t\t\t\t\t\t\t\t<p>En la actualidad este fue nombrado as\u00ed por la aldea Quirigu\u00e1 de sus cercan\u00edas. El lugar antiguamente fue llamado Ik\u2019 Naahb\u2019, en espa\u00f1ol \u201clugar del pozo oscuro\u201d. Aunque data del siglo II,\u00a0<span style=\"text-align: var(--text-align);\">Quirigu\u00e1 fue fundada oficialmente en el a\u00f1o 426 d. C. posiblemente por pobladores provenientes de Tikal, que estaba en apogeo.<\/span><\/p><div><span style=\"color: var( --e-global-color-text ); text-align: var(--text-align);\">El sitio fue inicialmente descubierto por don Juan Payes y Font alrededor de 1798, qui\u00e9n adquiri\u00f3 gran parte del terreno que conformada parte de Los Amates hasta el r\u00edo Motagua.<\/span><\/div>\t\t\t\t\t\t\t\t<\/div>\n\t\t\t\t\t<\/div>\n\t\t\t\t<\/div>\n\t\t<div data-particle_enable=\"false\" data-particle-mobile-disabled=\"false\" class=\"elementor-element elementor-element-518edef e-flex e-con-boxed e-con e-parent\" data-id=\"518edef\" data-element_type=\"container\" data-e-type=\"container\">\n\t\t\t\t\t<div class=\"e-con-inner\">\n\t\t\t\t<div class=\"elementor-element elementor-element-9ec12e0 elementor-widget elementor-widget-image\" data-id=\"9ec12e0\" data-element_type=\"widget\" data-e-type=\"widget\" data-widget_type=\"image.default\">\n\t\t\t\t\t\t\t\t\t\t\t\t<figure class=\"wp-caption\">\n\t\t\t\t\t\t\t\t\t\t<img fetchpriority=\"high\" decoding=\"async\" width=\"600\" height=\"330\" src=\"https:\/\/soymigrante.com\/revista\/wp-content\/uploads\/2024\/08\/Figura-5-monumento-B-Maudslay-1883-quirigua-mcd-soy-migrante.webp\" class=\"attachment-large size-large wp-image-8544\" alt=\"Fotograf\u00eda de Alfred P. Maudslay, de fines del siglo XIX, en la que se aprecia el tama\u00f1o de las esculturas zoomorfas, es decir, con formas que aluden animales.\" srcset=\"https:\/\/soymigrante.com\/revista\/wp-content\/uploads\/2024\/08\/Figura-5-monumento-B-Maudslay-1883-quirigua-mcd-soy-migrante.webp 600w, https:\/\/soymigrante.com\/revista\/wp-content\/uploads\/2024\/08\/Figura-5-monumento-B-Maudslay-1883-quirigua-mcd-soy-migrante-300x165.webp 300w\" sizes=\"(max-width: 600px) 100vw, 600px\" title=\"Fotograf\u00eda de Alfred P. Maudslay, de fines del siglo XIX, en la que se aprecia el tama\u00f1o de las esculturas zoomorfas, es decir, con formas que aluden animales. \u2013 SoyMigrante.com REVISTA\" \/>\t\t\t\t\t\t\t\t\t\t\t<figcaption class=\"widget-image-caption wp-caption-text\">Fotograf\u00eda de Alfred P. Maudslay, de fines del siglo XIX, en la que se aprecia el tama\u00f1o de las esculturas zoomorfas, es decir, con formas que aluden animales.<\/figcaption>\n\t\t\t\t\t\t\t\t\t\t<\/figure>\n\t\t\t\t\t\t\t\t\t<\/div>\n\t\t\t\t\t<\/div>\n\t\t\t\t<\/div>\n\t\t<div data-particle_enable=\"false\" data-particle-mobile-disabled=\"false\" class=\"elementor-element elementor-element-96fcf78 e-flex e-con-boxed e-con e-parent\" data-id=\"96fcf78\" data-element_type=\"container\" data-e-type=\"container\">\n\t\t\t\t\t<div class=\"e-con-inner\">\n\t\t\t\t<div class=\"elementor-element elementor-element-0ab2822 elementor-widget elementor-widget-heading\" data-id=\"0ab2822\" data-element_type=\"widget\" data-e-type=\"widget\" data-widget_type=\"heading.default\">\n\t\t\t\t\t<h3 class=\"elementor-heading-title elementor-size-default\">6. Redescubierto hace menos de 200 a\u00f1os<\/h3>\t\t\t\t<\/div>\n\t\t\t\t\t<\/div>\n\t\t\t\t<\/div>\n\t\t<div data-particle_enable=\"false\" data-particle-mobile-disabled=\"false\" class=\"elementor-element elementor-element-544df07 e-flex e-con-boxed e-con e-parent\" data-id=\"544df07\" data-element_type=\"container\" data-e-type=\"container\">\n\t\t\t\t\t<div class=\"e-con-inner\">\n\t\t\t\t<div class=\"elementor-element elementor-element-b458adb elementor-widget elementor-widget-text-editor\" data-id=\"b458adb\" data-element_type=\"widget\" data-e-type=\"widget\" data-widget_type=\"text-editor.default\">\n\t\t\t\t\t\t\t\t\t<p>A pesar del descubrimiento de los monumentos, no fue sino hasta en 1840 que gracias a una publicaci\u00f3n del&nbsp; medio nacional El Tiempo, que&nbsp; se inform\u00f3 de la visita del se\u00f1or Frederick Catherwood a Quirigu\u00e1.<\/p>\n<p>Pero un a\u00f1os despu\u00e9s ese dato formaba parte de la obra \u201cIncidentes de Viaje por Centroam\u00e9rica,&nbsp;<a href=\"https:\/\/soymigrante.com\/revista\/evita-cometer-estos-errores-al-solicitar-visa-mexicana-o-permiso-tvr\/\" target=\"_blank\" rel=\"noopener\">Chiapas y Yucat\u00e1n<\/a>\u201d escrita por John L. Stephens, donde describ\u00eda Quirigu\u00e1 y fue gracias a esa publicaci\u00f3n donde se conocieron los primeros dibujos de las estelas del sitio, que siguen deslumbrando y son<a href=\"https:\/\/soymigrante.com\/revista\/7-datos-de-antigua-guatemala-que-seguro-ya-sabias-o-quiza-no\/\"> Patrimonio de la Humanidad.&nbsp;<\/a><\/p>\t\t\t\t\t\t\t\t<\/div>\n\t\t\t\t\t<\/div>\n\t\t\t\t<\/div>\n\t\t<div data-particle_enable=\"false\" data-particle-mobile-disabled=\"false\" class=\"elementor-element elementor-element-61d170c e-flex e-con-boxed e-con e-parent\" data-id=\"61d170c\" data-element_type=\"container\" data-e-type=\"container\">\n\t\t\t\t\t<div class=\"e-con-inner\">\n\t\t\t\t<div class=\"elementor-element elementor-element-80c48d5 elementor-widget elementor-widget-image\" data-id=\"80c48d5\" data-element_type=\"widget\" data-e-type=\"widget\" data-widget_type=\"image.default\">\n\t\t\t\t\t\t\t\t\t\t\t\t\t\t\t<img decoding=\"async\" width=\"581\" height=\"1024\" src=\"https:\/\/soymigrante.com\/revista\/wp-content\/uploads\/2024\/09\/quirigua-dibujos-de-catherwood-581x1024.webp\" class=\"attachment-large size-large wp-image-55021\" alt=\"quirigua dibujos de catherwood\" srcset=\"https:\/\/soymigrante.com\/revista\/wp-content\/uploads\/2024\/09\/quirigua-dibujos-de-catherwood-581x1024.webp 581w, https:\/\/soymigrante.com\/revista\/wp-content\/uploads\/2024\/09\/quirigua-dibujos-de-catherwood-170x300.webp 170w, https:\/\/soymigrante.com\/revista\/wp-content\/uploads\/2024\/09\/quirigua-dibujos-de-catherwood.webp 725w\" sizes=\"(max-width: 581px) 100vw, 581px\" title=\"quirigua dibujos de catherwood \u2013 SoyMigrante.com REVISTA\" \/>\t\t\t\t\t\t\t\t\t\t\t\t\t\t\t<\/div>\n\t\t\t\t\t<\/div>\n\t\t\t\t<\/div>\n\t\t<div data-particle_enable=\"false\" data-particle-mobile-disabled=\"false\" class=\"elementor-element elementor-element-d181f48 e-flex e-con-boxed e-con e-parent\" data-id=\"d181f48\" data-element_type=\"container\" data-e-type=\"container\">\n\t\t\t\t\t<div class=\"e-con-inner\">\n\t\t\t\t<div class=\"elementor-element elementor-element-409b8f6 elementor-widget elementor-widget-image\" data-id=\"409b8f6\" data-element_type=\"widget\" data-e-type=\"widget\" data-widget_type=\"image.default\">\n\t\t\t\t\t\t\t\t\t\t\t\t<figure class=\"wp-caption\">\n\t\t\t\t\t\t\t\t\t\t<img decoding=\"async\" width=\"570\" height=\"1024\" src=\"https:\/\/soymigrante.com\/revista\/wp-content\/uploads\/2024\/09\/quirigua-dibujos-de-catherwood-1-570x1024.webp\" class=\"attachment-large size-large wp-image-55022\" alt=\"Dibujos de estelas y monumentos zoomorfos (con formas de animales) dibujados por Frederick Catherwood.\" srcset=\"https:\/\/soymigrante.com\/revista\/wp-content\/uploads\/2024\/09\/quirigua-dibujos-de-catherwood-1-570x1024.webp 570w, https:\/\/soymigrante.com\/revista\/wp-content\/uploads\/2024\/09\/quirigua-dibujos-de-catherwood-1-167x300.webp 167w, https:\/\/soymigrante.com\/revista\/wp-content\/uploads\/2024\/09\/quirigua-dibujos-de-catherwood-1.webp 709w\" sizes=\"(max-width: 570px) 100vw, 570px\" title=\"Dibujos de estelas y monumentos zoomorfos (con formas de animales)  dibujados por Frederick Catherwood. \u2013 SoyMigrante.com REVISTA\" \/>\t\t\t\t\t\t\t\t\t\t\t<figcaption class=\"widget-image-caption wp-caption-text\">Dibujos de estelas y monumentos zoomorfos (con formas de animales)  dibujados por Frederick Catherwood.<\/figcaption>\n\t\t\t\t\t\t\t\t\t\t<\/figure>\n\t\t\t\t\t\t\t\t\t<\/div>\n\t\t\t\t\t<\/div>\n\t\t\t\t<\/div>\n\t\t<div data-particle_enable=\"false\" data-particle-mobile-disabled=\"false\" class=\"elementor-element elementor-element-d938beb e-flex e-con-boxed e-con e-parent\" data-id=\"d938beb\" data-element_type=\"container\" data-e-type=\"container\">\n\t\t\t\t\t<div class=\"e-con-inner\">\n\t\t\t\t<div class=\"elementor-element elementor-element-7bb5c25 elementor-widget elementor-widget-heading\" data-id=\"7bb5c25\" data-element_type=\"widget\" data-e-type=\"widget\" data-widget_type=\"heading.default\">\n\t\t\t\t\t<h3 class=\"elementor-heading-title elementor-size-default\">5. Un terreno que fue vendido<\/h3>\t\t\t\t<\/div>\n\t\t\t\t\t<\/div>\n\t\t\t\t<\/div>\n\t\t<div data-particle_enable=\"false\" data-particle-mobile-disabled=\"false\" class=\"elementor-element elementor-element-2f0ab32 e-flex e-con-boxed e-con e-parent\" data-id=\"2f0ab32\" data-element_type=\"container\" data-e-type=\"container\">\n\t\t\t\t\t<div class=\"e-con-inner\">\n\t\t\t\t<div class=\"elementor-element elementor-element-dd69a46 elementor-widget elementor-widget-text-editor\" data-id=\"dd69a46\" data-element_type=\"widget\" data-e-type=\"widget\" data-widget_type=\"text-editor.default\">\n\t\t\t\t\t\t\t\t\t<p>S\u00ed. Siendo un valioso sitio arqueol\u00f3gico, que en su momento a\u00fan no estaba totalmente explorado,\u00a0 los hijos de Payes Font vendieron el \u00e1rea a la empresa americana United Fruit Company.<\/p><p>Para conservar la zona arqueol\u00f3gica, en 1910 esta empresa elabor\u00f3 un convenio y as\u00ed poder destinar cierta proporci\u00f3n de terreno para su resguardo o conservaci\u00f3n. Posteriormente, el \u00e1rea qued\u00f3 bajo resguardo del Estado y se convirti\u00f3 en un parque arqueol\u00f3gico.<\/p>\t\t\t\t\t\t\t\t<\/div>\n\t\t\t\t\t<\/div>\n\t\t\t\t<\/div>\n\t\t<div data-particle_enable=\"false\" data-particle-mobile-disabled=\"false\" class=\"elementor-element elementor-element-2e1eef3 e-flex e-con-boxed e-con e-parent\" data-id=\"2e1eef3\" data-element_type=\"container\" data-e-type=\"container\">\n\t\t\t\t\t<div class=\"e-con-inner\">\n\t\t\t\t<div class=\"elementor-element elementor-element-31f379e elementor-widget elementor-widget-image\" data-id=\"31f379e\" data-element_type=\"widget\" data-e-type=\"widget\" data-widget_type=\"image.default\">\n\t\t\t\t\t\t\t\t\t\t\t\t<figure class=\"wp-caption\">\n\t\t\t\t\t\t\t\t\t\t<img loading=\"lazy\" decoding=\"async\" width=\"567\" height=\"332\" src=\"https:\/\/soymigrante.com\/revista\/wp-content\/uploads\/2024\/08\/Gran-plaza-de-quirigua-soy-migrante-mcd.webp\" class=\"attachment-large size-large wp-image-8542\" alt=\"Grupo de edificios y estructuras en un entorno natural, con caminos y \u00e1reas abiertas, en un dise\u00f1o de paisajismo. Solo una representaci\u00f3n digital, posiblemente para un proyecto o desarrollo urbano.\" srcset=\"https:\/\/soymigrante.com\/revista\/wp-content\/uploads\/2024\/08\/Gran-plaza-de-quirigua-soy-migrante-mcd.webp 567w, https:\/\/soymigrante.com\/revista\/wp-content\/uploads\/2024\/08\/Gran-plaza-de-quirigua-soy-migrante-mcd-300x176.webp 300w\" sizes=\"(max-width: 567px) 100vw, 567px\" title=\"Gran plaza de quirigua soy migrante mcd \u2013 SoyMigrante.com REVISTA\" \/>\t\t\t\t\t\t\t\t\t\t\t<figcaption class=\"widget-image-caption wp-caption-text\">Revista SoyMigrante.com presenta una visi\u00f3n del futuro con un dise\u00f1o innovador de espacios urbanos en una comunidad o proyecto de infraestructura.<\/figcaption>\n\t\t\t\t\t\t\t\t\t\t<\/figure>\n\t\t\t\t\t\t\t\t\t<\/div>\n\t\t\t\t\t<\/div>\n\t\t\t\t<\/div>\n\t\t<div data-particle_enable=\"false\" data-particle-mobile-disabled=\"false\" class=\"elementor-element elementor-element-3f06795 e-flex e-con-boxed e-con e-parent\" data-id=\"3f06795\" data-element_type=\"container\" data-e-type=\"container\">\n\t\t\t\t\t<div class=\"e-con-inner\">\n\t\t\t\t<div class=\"elementor-element elementor-element-00ee06f elementor-widget elementor-widget-heading\" data-id=\"00ee06f\" data-element_type=\"widget\" data-e-type=\"widget\" data-widget_type=\"heading.default\">\n\t\t\t\t\t<h3 class=\"elementor-heading-title elementor-size-default\">4. La exploraci\u00f3n del sitio tard\u00f3 mucho en llegar<\/h3>\t\t\t\t<\/div>\n\t\t\t\t\t<\/div>\n\t\t\t\t<\/div>\n\t\t<div data-particle_enable=\"false\" data-particle-mobile-disabled=\"false\" class=\"elementor-element elementor-element-d629d8f e-flex e-con-boxed e-con e-parent\" data-id=\"d629d8f\" data-element_type=\"container\" data-e-type=\"container\">\n\t\t\t\t\t<div class=\"e-con-inner\">\n\t\t\t\t<div class=\"elementor-element elementor-element-4fcb686 elementor-widget elementor-widget-text-editor\" data-id=\"4fcb686\" data-element_type=\"widget\" data-e-type=\"widget\" data-widget_type=\"text-editor.default\">\n\t\t\t\t\t\t\t\t\t<p>Aproximadamente se cree que fue entre 1881 y 1883, desde que fue descubierta, que Quirigu\u00e1 fue explorada por el arque\u00f3logo ingl\u00e9s Alfred Percival Maudslay.<\/p><p>Como buen explorador,\u00a0<a href=\"https:\/\/soymigrante.com\/revista\/fotos-de-guatemala-pablo-galindo-refleja-la-magia-de-la-tierra-del-quetzal\/\" target=\"_blank\" rel=\"noopener\">fotografi\u00f3<\/a>, dibuj\u00f3 e incluso hizo moldes para extraer copias que luego fueron exhibidas en Estados Unidos e Inglaterra.<\/p><p>Gracias al trabajo del arque\u00f3logo y epigrafista canadiense David Kalley, se conoci\u00f3 m\u00e1s sobre los gobernantes de este lugar al efectuar un hist\u00f3rico listado de estos.<\/p>\t\t\t\t\t\t\t\t<\/div>\n\t\t\t\t\t<\/div>\n\t\t\t\t<\/div>\n\t\t<div data-particle_enable=\"false\" data-particle-mobile-disabled=\"false\" class=\"elementor-element elementor-element-7779bc7 e-flex e-con-boxed e-con e-parent\" data-id=\"7779bc7\" data-element_type=\"container\" data-e-type=\"container\">\n\t\t\t\t\t<div class=\"e-con-inner\">\n\t\t\t\t<div class=\"elementor-element elementor-element-690aa1a elementor-widget elementor-widget-image\" data-id=\"690aa1a\" data-element_type=\"widget\" data-e-type=\"widget\" data-widget_type=\"image.default\">\n\t\t\t\t\t\t\t\t\t\t\t\t\t\t\t<img loading=\"lazy\" decoding=\"async\" width=\"481\" height=\"440\" src=\"https:\/\/soymigrante.com\/revista\/wp-content\/uploads\/2024\/08\/quirigua-estelas-1883-mcd-soy-migrante-.webp\" class=\"attachment-large size-large wp-image-8555\" alt=\"Ancora non ho una URL o immagine specifica da analizzare. Per favore, carica o descrivi l&#039;immagine di cui hai bisogno.\" srcset=\"https:\/\/soymigrante.com\/revista\/wp-content\/uploads\/2024\/08\/quirigua-estelas-1883-mcd-soy-migrante-.webp 481w, https:\/\/soymigrante.com\/revista\/wp-content\/uploads\/2024\/08\/quirigua-estelas-1883-mcd-soy-migrante--300x274.webp 300w\" sizes=\"(max-width: 481px) 100vw, 481px\" title=\"quirigua estelas 1883 mcd soy migrante \u2013 SoyMigrante.com REVISTA\" \/>\t\t\t\t\t\t\t\t\t\t\t\t\t\t\t<\/div>\n\t\t\t\t\t<\/div>\n\t\t\t\t<\/div>\n\t\t<div data-particle_enable=\"false\" data-particle-mobile-disabled=\"false\" class=\"elementor-element elementor-element-0910f38 e-flex e-con-boxed e-con e-parent\" data-id=\"0910f38\" data-element_type=\"container\" data-e-type=\"container\">\n\t\t\t\t\t<div class=\"e-con-inner\">\n\t\t\t\t<div class=\"elementor-element elementor-element-287adcd elementor-widget elementor-widget-heading\" data-id=\"287adcd\" data-element_type=\"widget\" data-e-type=\"widget\" data-widget_type=\"heading.default\">\n\t\t\t\t\t<h3 class=\"elementor-heading-title elementor-size-default\">3. Primeras excavaciones con aportes americanos<\/h3>\t\t\t\t<\/div>\n\t\t\t\t\t<\/div>\n\t\t\t\t<\/div>\n\t\t<div data-particle_enable=\"false\" data-particle-mobile-disabled=\"false\" class=\"elementor-element elementor-element-33a038b e-flex e-con-boxed e-con e-parent\" data-id=\"33a038b\" data-element_type=\"container\" data-e-type=\"container\">\n\t\t\t\t\t<div class=\"e-con-inner\">\n\t\t\t\t<div class=\"elementor-element elementor-element-3393a68 elementor-widget elementor-widget-text-editor\" data-id=\"3393a68\" data-element_type=\"widget\" data-e-type=\"widget\" data-widget_type=\"text-editor.default\">\n\t\t\t\t\t\t\t\t\t<p>La Universidad de Pensilvania,\u00a0<a href=\"https:\/\/soymigrante.com\/revista\/como-comprar-vuelos-baratos-para-viajar-de-ee-uu-a-guatemala\/\" target=\"_blank\" rel=\"noopener\">EE. UU.<\/a>, efectu\u00f3 las primeras investigaciones que permitieron excavar y restaurar por primera vez el lugar, un trabajo hecho por Robert Sharer y Christopher Jones. Wendy Ashmore hizo el patr\u00f3n del asentamiento del sitio que sirvi\u00f3 para estudiar el desarrollo de la ciudad maya y el valle del r\u00edo Motagua.\u00a0<\/p><p>Fue Matthew Looper quien document\u00f3 y estudi\u00f3 los jerogl\u00edficos y en la actualidad no existe informaci\u00f3n m\u00e1s completa que la que \u00e9l hizo.<\/p>\t\t\t\t\t\t\t\t<\/div>\n\t\t\t\t\t<\/div>\n\t\t\t\t<\/div>\n\t\t<div data-particle_enable=\"false\" data-particle-mobile-disabled=\"false\" class=\"elementor-element elementor-element-abf539d e-flex e-con-boxed e-con e-parent\" data-id=\"abf539d\" data-element_type=\"container\" data-e-type=\"container\">\n\t\t\t\t\t<div class=\"e-con-inner\">\n\t\t\t\t<div class=\"elementor-element elementor-element-2cd3e50 elementor-widget elementor-widget-html\" data-id=\"2cd3e50\" data-element_type=\"widget\" data-e-type=\"widget\" data-widget_type=\"html.default\">\n\t\t\t\t\t<iframe width=\"560\" height=\"415\" src=\"https:\/\/www.youtube.com\/embed\/hrgxDuhVhbg?si=e6CBI6zP3L89Kb8S\" title=\"YouTube video player\" frameborder=\"0\" allow=\"accelerometer; autoplay; clipboard-write; encrypted-media; gyroscope; picture-in-picture; web-share\" referrerpolicy=\"strict-origin-when-cross-origin\" allowfullscreen><\/iframe>\t\t\t\t<\/div>\n\t\t\t\t\t<\/div>\n\t\t\t\t<\/div>\n\t\t<div data-particle_enable=\"false\" data-particle-mobile-disabled=\"false\" class=\"elementor-element elementor-element-7eece37 e-flex e-con-boxed e-con e-parent\" data-id=\"7eece37\" data-element_type=\"container\" data-e-type=\"container\">\n\t\t\t\t\t<div class=\"e-con-inner\">\n\t\t\t\t<div class=\"elementor-element elementor-element-59b2efa elementor-widget elementor-widget-heading\" data-id=\"59b2efa\" data-element_type=\"widget\" data-e-type=\"widget\" data-widget_type=\"heading.default\">\n\t\t\t\t\t<h3 class=\"elementor-heading-title elementor-size-default\">2. El rostro m\u00e1s repetido en Quirigu\u00e1 <\/h3>\t\t\t\t<\/div>\n\t\t\t\t\t<\/div>\n\t\t\t\t<\/div>\n\t\t<div data-particle_enable=\"false\" data-particle-mobile-disabled=\"false\" class=\"elementor-element elementor-element-73cc1a7 e-flex e-con-boxed e-con e-parent\" data-id=\"73cc1a7\" data-element_type=\"container\" data-e-type=\"container\">\n\t\t\t\t\t<div class=\"e-con-inner\">\n\t\t\t\t<div class=\"elementor-element elementor-element-f64d392 elementor-widget elementor-widget-text-editor\" data-id=\"f64d392\" data-element_type=\"widget\" data-e-type=\"widget\" data-widget_type=\"text-editor.default\">\n\t\t\t\t\t\t\t\t\t<p>Existe un episodio en la historia de Quirigu\u00e1, que fue decisivo en el desarrollo de este sitio como un verdadero enclave estrat\u00e9gico. Quirigu\u00e1 -dependiente de Tikal- viv\u00eda\u00a0 bajo el constante asedio de otra ciudad rival, Cop\u00e1n -que era fiel a otro centro de poder, Calakmul- . Sin embargo, el gobernante de Quirigu\u00e1, llamado\u00a0K\u2019ahk\u2019 Tiliw Chan Yopaat (el dios Yopaat quema el fuego del cielo), consigui\u00f3 capturar al de Cop\u00e1n y orden\u00f3 su decapitaci\u00f3n en la Gran Plaza de Quirigu\u00e1.<\/p><p>Este hecho traer\u00eda la independencia econ\u00f3mica y pol\u00edtica a esta ciudad\u00a0 ser\u00eda recordado muchos a\u00f1os despu\u00e9s en varios monumentos del sitio. En el a\u00f1o 746 DC K\u2019ahk\u2019 Tiliw Chan Yopaat inicia un ambicioso programa escult\u00f3rico erigiendo monumentos con su rostro. De las 17 estelas que hay en Quirigu\u00e1, 10 tienen el rostro de<span style=\"font-family: Roboto, sans-serif; font-size: 22px; font-style: normal; font-variant-ligatures: normal; font-variant-caps: normal; font-weight: 400;\">\u00a0<\/span><span style=\"font-family: Roboto, sans-serif; font-size: 22px; font-style: normal; font-variant-ligatures: normal; font-variant-caps: normal; font-weight: 400;\">K\u2019ahk\u2019 Tiliw Chan Yopaat<\/span><\/p>\t\t\t\t\t\t\t\t<\/div>\n\t\t\t\t\t<\/div>\n\t\t\t\t<\/div>\n\t\t<div data-particle_enable=\"false\" data-particle-mobile-disabled=\"false\" class=\"elementor-element elementor-element-d1863f3 e-flex e-con-boxed e-con e-parent\" data-id=\"d1863f3\" data-element_type=\"container\" data-e-type=\"container\">\n\t\t\t\t\t<div class=\"e-con-inner\">\n\t\t\t\t<div class=\"elementor-element elementor-element-ea2d8c2 elementor-widget elementor-widget-image\" data-id=\"ea2d8c2\" data-element_type=\"widget\" data-e-type=\"widget\" data-widget_type=\"image.default\">\n\t\t\t\t\t\t\t\t\t\t\t\t<figure class=\"wp-caption\">\n\t\t\t\t\t\t\t\t\t\t<img loading=\"lazy\" decoding=\"async\" width=\"537\" height=\"545\" src=\"https:\/\/soymigrante.com\/revista\/wp-content\/uploads\/2024\/09\/gobernante-de-quirigua-1.png\" class=\"attachment-large size-large wp-image-55024\" alt=\"Despu\u00e9s de derrotar al gobernante de la ciudad rival, Cop\u00e1n, y de ordenar su ejecuci\u00f3n p\u00fablica, el gobernante de Quirigu\u00e1 K\u2019ahk\u2019 Tiliw Chan Yopaat orden\u00f3 erigir estelas con su rostro, de las cuales hay 10 en todo el parque Quirigu\u00e1.\" srcset=\"https:\/\/soymigrante.com\/revista\/wp-content\/uploads\/2024\/09\/gobernante-de-quirigua-1.png 537w, https:\/\/soymigrante.com\/revista\/wp-content\/uploads\/2024\/09\/gobernante-de-quirigua-1-296x300.png 296w, https:\/\/soymigrante.com\/revista\/wp-content\/uploads\/2024\/09\/gobernante-de-quirigua-1-75x75.png 75w\" sizes=\"(max-width: 537px) 100vw, 537px\" title=\"Despu\u00e9s de derrotar  al gobernante de la ciudad rival, Cop\u00e1n, y de ordenar su ejecuci\u00f3n p\u00fablica, el gobernante de Quirigu\u00e1 K\u2019ahk\u2019 Tiliw Chan Yopaat orden\u00f3 erigir estelas con su rostro, de las cuales hay 10 en todo el parque Quirigu\u00e1. \u2013 SoyMigrante.com REVISTA\" \/>\t\t\t\t\t\t\t\t\t\t\t<figcaption class=\"widget-image-caption wp-caption-text\">Despu\u00e9s de derrotar  al gobernante de la ciudad rival, Cop\u00e1n, y de ordenar su ejecuci\u00f3n p\u00fablica, el gobernante de Quirigu\u00e1 K\u2019ahk\u2019 Tiliw Chan Yopaat orden\u00f3 erigir estelas con su rostro, de las cuales hay 10 en todo el parque Quirigu\u00e1.<\/figcaption>\n\t\t\t\t\t\t\t\t\t\t<\/figure>\n\t\t\t\t\t\t\t\t\t<\/div>\n\t\t\t\t\t<\/div>\n\t\t\t\t<\/div>\n\t\t<div data-particle_enable=\"false\" data-particle-mobile-disabled=\"false\" class=\"elementor-element elementor-element-d47f2de e-flex e-con-boxed e-con e-parent\" data-id=\"d47f2de\" data-element_type=\"container\" data-e-type=\"container\">\n\t\t\t\t\t<div class=\"e-con-inner\">\n\t\t\t\t<div class=\"elementor-element elementor-element-26f4ea2 elementor-widget elementor-widget-heading\" data-id=\"26f4ea2\" data-element_type=\"widget\" data-e-type=\"widget\" data-widget_type=\"heading.default\">\n\t\t\t\t\t<h3 class=\"elementor-heading-title elementor-size-default\">1. Una inundaci\u00f3n lo mantuvo oculto por siglos<\/h3>\t\t\t\t<\/div>\n\t\t\t\t\t<\/div>\n\t\t\t\t<\/div>\n\t\t<div data-particle_enable=\"false\" data-particle-mobile-disabled=\"false\" class=\"elementor-element elementor-element-a337428 e-flex e-con-boxed e-con e-parent\" data-id=\"a337428\" data-element_type=\"container\" data-e-type=\"container\">\n\t\t\t\t\t<div class=\"e-con-inner\">\n\t\t\t\t<div class=\"elementor-element elementor-element-6701b80 elementor-widget elementor-widget-text-editor\" data-id=\"6701b80\" data-element_type=\"widget\" data-e-type=\"widget\" data-widget_type=\"text-editor.default\">\n\t\t\t\t\t\t\t\t\t<p><span style=\"text-align: var(--text-align)\">Se cree que una inundaci\u00f3n causada por un hurac\u00e1n devast\u00f3 la ciudad de Quirigu\u00e1 enterrando la superficie. Esto habr\u00eda ocurrido a finales del siglo VI o principios del VII. Derivado de ello, se cree que un nuevo centro administrativo y ceremonial fue construido. Actualmente se trata del Parque Arqueol\u00f3gico Quirigu\u00e1.\u00a0<\/span><\/p><p>Quirigu\u00e1 est\u00e1 conformado por plazas ceremoniales y residenciales como la Gran Plaza, Plaza del Juego, Grupo Este, Grupo Sur y Acr\u00f3polis.\u00a0<\/p><div>\u00a0<\/div>\t\t\t\t\t\t\t\t<\/div>\n\t\t\t\t\t<\/div>\n\t\t\t\t<\/div>\n\t\t<div data-particle_enable=\"false\" data-particle-mobile-disabled=\"false\" class=\"elementor-element elementor-element-272e2f5 e-flex e-con-boxed e-con e-parent\" data-id=\"272e2f5\" data-element_type=\"container\" data-e-type=\"container\">\n\t\t\t\t\t<div class=\"e-con-inner\">\n\t\t\t\t<div class=\"elementor-element elementor-element-25564e4 elementor-widget elementor-widget-image\" data-id=\"25564e4\" data-element_type=\"widget\" data-e-type=\"widget\" data-widget_type=\"image.default\">\n\t\t\t\t\t\t\t\t\t\t\t\t<figure class=\"wp-caption\">\n\t\t\t\t\t\t\t\t\t\t<img loading=\"lazy\" decoding=\"async\" width=\"1024\" height=\"774\" src=\"https:\/\/soymigrante.com\/revista\/wp-content\/uploads\/2023\/09\/Captura-de-pantalla-2023-09-14-192340-1024x774.webp\" class=\"attachment-large size-large wp-image-2604\" alt=\"La familia Letr\u00e1n Mart\u00ednez en una de las escalinatas del sitio arqueol\u00f3gico de Quirigu\u00e1, en Izabal, Guatemala.\" srcset=\"https:\/\/soymigrante.com\/revista\/wp-content\/uploads\/2023\/09\/Captura-de-pantalla-2023-09-14-192340-1024x774.webp 1024w, https:\/\/soymigrante.com\/revista\/wp-content\/uploads\/2023\/09\/Captura-de-pantalla-2023-09-14-192340-300x227.webp 300w, https:\/\/soymigrante.com\/revista\/wp-content\/uploads\/2023\/09\/Captura-de-pantalla-2023-09-14-192340-768x580.webp 768w, https:\/\/soymigrante.com\/revista\/wp-content\/uploads\/2023\/09\/Captura-de-pantalla-2023-09-14-192340-750x567.webp 750w, https:\/\/soymigrante.com\/revista\/wp-content\/uploads\/2023\/09\/Captura-de-pantalla-2023-09-14-192340-1140x862.webp 1140w, https:\/\/soymigrante.com\/revista\/wp-content\/uploads\/2023\/09\/Captura-de-pantalla-2023-09-14-192340.webp 1257w\" sizes=\"(max-width: 1024px) 100vw, 1024px\" title=\"La familia Letr\u00e1n Mart\u00ednez en una de las escalinatas del sitio arqueol\u00f3gico de Quirigu\u00e1, en Izabal, Guatemala. \u2013 SoyMigrante.com REVISTA\" \/>\t\t\t\t\t\t\t\t\t\t\t<figcaption class=\"widget-image-caption wp-caption-text\">La familia migrante Letr\u00e1n Mart\u00ednez en una de las escalinatas del sitio arqueol\u00f3gico de Quirigu\u00e1, en Izabal, Guatemala.<\/figcaption>\n\t\t\t\t\t\t\t\t\t\t<\/figure>\n\t\t\t\t\t\t\t\t\t<\/div>\n\t\t\t\t\t<\/div>\n\t\t\t\t<\/div>\n\t\t<div data-particle_enable=\"false\" data-particle-mobile-disabled=\"false\" class=\"elementor-element elementor-element-61c6384 e-flex e-con-boxed e-con e-parent\" data-id=\"61c6384\" data-element_type=\"container\" data-e-type=\"container\">\n\t\t\t\t\t<div class=\"e-con-inner\">\n\t\t\t\t<div class=\"elementor-element elementor-element-df44f45 elementor-widget elementor-widget-heading\" data-id=\"df44f45\" data-element_type=\"widget\" data-e-type=\"widget\" data-widget_type=\"heading.default\">\n\t\t\t\t\t<h3 class=\"elementor-heading-title elementor-size-default\">Descubre Guatemala en estos art\u00edculos<\/h3>\t\t\t\t<\/div>\n\t\t\t\t\t<\/div>\n\t\t\t\t<\/div>\n\t\t<div data-particle_enable=\"false\" data-particle-mobile-disabled=\"false\" class=\"elementor-element elementor-element-50b0cc1 e-flex e-con-boxed e-con e-parent\" data-id=\"50b0cc1\" data-element_type=\"container\" data-e-type=\"container\">\n\t\t\t\t\t<div class=\"e-con-inner\">\n\t\t\t\t<div class=\"elementor-element elementor-element-f0c4f19 elementor-grid-eael-col-3 elementor-grid-tablet-eael-col-2 elementor-grid-mobile-eael-col-1 elementor-widget elementor-widget-eael-post-grid\" data-id=\"f0c4f19\" data-element_type=\"widget\" data-e-type=\"widget\" data-settings=\"{&quot;eael_post_grid_columns&quot;:&quot;eael-col-3&quot;,&quot;eael_post_grid_columns_tablet&quot;:&quot;eael-col-2&quot;,&quot;eael_post_grid_columns_mobile&quot;:&quot;eael-col-1&quot;}\" data-widget_type=\"eael-post-grid.default\">\n\t\t\t\t\t<div id=\"eael-post-grid-f0c4f19\" class=\"eael-post-grid-container\">\n            <div class=\"eael-post-grid eael-post-appender eael-post-appender-f0c4f19 eael-post-grid-style-one\" data-layout-mode=\"masonry\"><article class=\"eael-grid-post  eael-post-grid-column eael-pg-post-363 category-guate-nuestra\" data-id=\"363\">\n        <div class=\"eael-grid-post-holder\">\n            <div class=\"eael-grid-post-holder-inner\"><div class=\"eael-entry-media\"><div class=\"eael-entry-overlay fade-in\"><i class=\"far fa-hand-pointer\" aria-hidden=\"true\"><\/i><a href=\"https:\/\/soymigrante.com\/revista\/atitlan-lago-de-atitlan\/\"><\/a><\/div><div class=\"eael-entry-thumbnail \">\n                <img loading=\"lazy\" decoding=\"async\" width=\"1024\" height=\"683\" src=\"https:\/\/soymigrante.com\/revista\/wp-content\/uploads\/2023\/03\/2-LAGO-ATITLAN-FOTO-ABEL-JUAREZ-1-1024x683.jpeg\" class=\"attachment-large size-large wp-image-681\" alt=\"\" srcset=\"https:\/\/soymigrante.com\/revista\/wp-content\/uploads\/2023\/03\/2-LAGO-ATITLAN-FOTO-ABEL-JUAREZ-1-1024x683.jpeg 1024w, https:\/\/soymigrante.com\/revista\/wp-content\/uploads\/2023\/03\/2-LAGO-ATITLAN-FOTO-ABEL-JUAREZ-1-300x200.webp 300w, https:\/\/soymigrante.com\/revista\/wp-content\/uploads\/2023\/03\/2-LAGO-ATITLAN-FOTO-ABEL-JUAREZ-1-768x512.jpeg 768w, https:\/\/soymigrante.com\/revista\/wp-content\/uploads\/2023\/03\/2-LAGO-ATITLAN-FOTO-ABEL-JUAREZ-1-1536x1024.jpeg 1536w, https:\/\/soymigrante.com\/revista\/wp-content\/uploads\/2023\/03\/2-LAGO-ATITLAN-FOTO-ABEL-JUAREZ-1-2048x1365.jpeg 2048w, https:\/\/soymigrante.com\/revista\/wp-content\/uploads\/2023\/03\/2-LAGO-ATITLAN-FOTO-ABEL-JUAREZ-1-750x500.webp 750w, https:\/\/soymigrante.com\/revista\/wp-content\/uploads\/2023\/03\/2-LAGO-ATITLAN-FOTO-ABEL-JUAREZ-1-1140x760.jpeg 1140w, https:\/\/soymigrante.com\/revista\/wp-content\/uploads\/2023\/03\/2-LAGO-ATITLAN-FOTO-ABEL-JUAREZ-1-600x400.jpeg 600w, https:\/\/soymigrante.com\/revista\/wp-content\/uploads\/2023\/03\/2-LAGO-ATITLAN-FOTO-ABEL-JUAREZ-1.webp 1920w\" sizes=\"(max-width: 1024px) 100vw, 1024px\" \/>\n            <\/div>\n        <\/div><div class=\"eael-entry-wrapper\"><header class=\"eael-entry-header\"><h2 class=\"eael-entry-title\"><a class=\"eael-grid-post-link\" href=\"https:\/\/soymigrante.com\/revista\/atitlan-lago-de-atitlan\/\" title=\"\u00bfQu\u00e9 profundidad tiene el lago de Atitl\u00e1n?&#8230; y otras preguntas con respuesta fascinante\">\u00bfQu\u00e9 profundidad tiene el lago de Atitl\u00e1n?&#8230; y otras preguntas con respuesta fascinante<\/a><\/h2><\/header><div class=\"eael-entry-content\">\n                        <div class=\"eael-grid-post-excerpt\"><a href=\"https:\/\/soymigrante.com\/revista\/atitlan-lago-de-atitlan\/\" class=\"eael-post-elements-readmore-btn\">CONOCE SU HISTORIA <\/a><\/div>\n                    <\/div><\/div><\/div>\n        <\/div>\n    <\/article><article class=\"eael-grid-post  eael-post-grid-column eael-pg-post-8513 category-guate-nuestra\" data-id=\"8513\">\n        <div class=\"eael-grid-post-holder\">\n            <div class=\"eael-grid-post-holder-inner\"><div class=\"eael-entry-media\"><div class=\"eael-entry-overlay fade-in\"><i class=\"far fa-hand-pointer\" aria-hidden=\"true\"><\/i><a href=\"https:\/\/soymigrante.com\/revista\/10-piezas-de-marimba-de-guatemala-para-bailar-y-recordar-tus-raices\/\"><\/a><\/div><div class=\"eael-entry-thumbnail \">\n                <img loading=\"lazy\" decoding=\"async\" width=\"960\" height=\"958\" src=\"https:\/\/soymigrante.com\/revista\/wp-content\/uploads\/2023\/12\/marimba-maya-awal.webp\" class=\"attachment-large size-large wp-image-3657\" alt=\"\" srcset=\"https:\/\/soymigrante.com\/revista\/wp-content\/uploads\/2023\/12\/marimba-maya-awal.webp 960w, https:\/\/soymigrante.com\/revista\/wp-content\/uploads\/2023\/12\/marimba-maya-awal-300x300.webp 300w, https:\/\/soymigrante.com\/revista\/wp-content\/uploads\/2023\/12\/marimba-maya-awal-150x150.webp 150w, https:\/\/soymigrante.com\/revista\/wp-content\/uploads\/2023\/12\/marimba-maya-awal-768x766.webp 768w, https:\/\/soymigrante.com\/revista\/wp-content\/uploads\/2023\/12\/marimba-maya-awal-75x75.webp 75w, https:\/\/soymigrante.com\/revista\/wp-content\/uploads\/2023\/12\/marimba-maya-awal-750x748.jpg 750w, https:\/\/soymigrante.com\/revista\/wp-content\/uploads\/2023\/12\/marimba-maya-awal-600x600.jpg 600w\" sizes=\"(max-width: 960px) 100vw, 960px\" \/>\n            <\/div>\n        <\/div><div class=\"eael-entry-wrapper\"><header class=\"eael-entry-header\"><h2 class=\"eael-entry-title\"><a class=\"eael-grid-post-link\" href=\"https:\/\/soymigrante.com\/revista\/10-piezas-de-marimba-de-guatemala-para-bailar-y-recordar-tus-raices\/\" title=\"Marimba de Guatemala: Diez melod\u00edas  que despiertan recuerdos y emociones\">Marimba de Guatemala: Diez melod\u00edas  que despiertan recuerdos y emociones<\/a><\/h2><\/header><div class=\"eael-entry-content\">\n                        <div class=\"eael-grid-post-excerpt\"><a href=\"https:\/\/soymigrante.com\/revista\/10-piezas-de-marimba-de-guatemala-para-bailar-y-recordar-tus-raices\/\" class=\"eael-post-elements-readmore-btn\">CONOCE SU HISTORIA <\/a><\/div>\n                    <\/div><\/div><\/div>\n        <\/div>\n    <\/article><article class=\"eael-grid-post  eael-post-grid-column eael-pg-post-7795 category-guate-nuestra tags-joyas-mayas-migrantes\" data-id=\"7795\">\n        <div class=\"eael-grid-post-holder\">\n            <div class=\"eael-grid-post-holder-inner\"><div class=\"eael-entry-media\"><div class=\"eael-entry-overlay fade-in\"><i class=\"far fa-hand-pointer\" aria-hidden=\"true\"><\/i><a href=\"https:\/\/soymigrante.com\/revista\/joyas-mayas-migrantes-el-misterioso-trozo-de-dintel-de-tikal-en-washington\/\"><\/a><\/div><div class=\"eael-entry-thumbnail \">\n                <img loading=\"lazy\" decoding=\"async\" width=\"605\" height=\"605\" src=\"https:\/\/soymigrante.com\/revista\/wp-content\/uploads\/2024\/08\/dintel-maya-tikal.webp\" class=\"attachment-large size-large wp-image-7797\" alt=\"Rostro de piedra y dibujo esquem\u00e1tico, representaci\u00f3n art\u00edstica en la revista SoyMigrante.com sobre cultura y patrimonio.\" srcset=\"https:\/\/soymigrante.com\/revista\/wp-content\/uploads\/2024\/08\/dintel-maya-tikal.webp 605w, https:\/\/soymigrante.com\/revista\/wp-content\/uploads\/2024\/08\/dintel-maya-tikal-300x300.webp 300w, https:\/\/soymigrante.com\/revista\/wp-content\/uploads\/2024\/08\/dintel-maya-tikal-150x150.webp 150w, https:\/\/soymigrante.com\/revista\/wp-content\/uploads\/2024\/08\/dintel-maya-tikal-75x75.webp 75w\" sizes=\"(max-width: 605px) 100vw, 605px\" \/>\n            <\/div>\n        <\/div><div class=\"eael-entry-wrapper\"><header class=\"eael-entry-header\"><h2 class=\"eael-entry-title\"><a class=\"eael-grid-post-link\" href=\"https:\/\/soymigrante.com\/revista\/joyas-mayas-migrantes-el-misterioso-trozo-de-dintel-de-tikal-en-washington\/\" title=\"Joyas mayas migrantes: El misterioso trozo de dintel de Tikal en Washington\">Joyas mayas migrantes: El misterioso trozo de dintel de Tikal en Washington<\/a><\/h2><\/header><div class=\"eael-entry-content\">\n                        <div class=\"eael-grid-post-excerpt\"><a href=\"https:\/\/soymigrante.com\/revista\/joyas-mayas-migrantes-el-misterioso-trozo-de-dintel-de-tikal-en-washington\/\" class=\"eael-post-elements-readmore-btn\">CONOCE SU HISTORIA <\/a><\/div>\n                    <\/div><\/div><\/div>\n        <\/div>\n    <\/article><\/div>\n            <div class=\"clearfix\"><\/div>\n        <\/div>\t\t\t\t<\/div>\n\t\t\t\t\t<\/div>\n\t\t\t\t<\/div>\n\t\t\t\t<\/div>\n\t\t","protected":false},"excerpt":{"rendered":"<p>El sitio arqueol\u00f3gico de Quirigu\u00e1, ubicado en el departamento de Izabal, est\u00e1 a unas 4 horas de la ciudad de Guatemala si tomas la ruta CA-9. Quirigu\u00e1 es uno de los grandes sitios arqueol\u00f3gicos de la civilizaci\u00f3n maya en Guatemala. Se localiza en el valle del r\u00edo Motagua, en Izabal, Guatemala. De hecho su ubicaci\u00f3n [&hellip;]<\/p>\n","protected":false},"author":1,"featured_media":8889,"comment_status":"open","ping_status":"open","sticky":false,"template":"","format":"standard","meta":{"_acf_changed":false,"_eb_attr":"","footnotes":""},"categories":[58],"tags":[],"class_list":["post-8528","post","type-post","status-publish","format-standard","has-post-thumbnail","hentry","category-guate-nuestra"],"acf":[],"aioseo_notices":[],"aioseo_head":"\n\t\t<!-- All in One SEO Pro 4.9.6.2 - aioseo.com -->\n\t<meta name=\"description\" content=\"Los dinteles de madera grabada est\u00e1n entre las reliquias mayas m\u00e1s escasas. El fragmento &quot;Wailes&quot; estuvo en el templo I de Tikal. Esta es la historia\" \/>\n\t<meta name=\"robots\" content=\"max-snippet:-1, max-image-preview:large, max-video-preview:-1\" \/>\n\t<meta name=\"author\" content=\"Gustavo Montenegro\"\/>\n\t<link rel=\"canonical\" href=\"https:\/\/soymigrante.com\/revista\/joyas-mayas-migrantes-el-misterioso-trozo-de-dintel-de-tikal-en-washington\/\" \/>\n\t<meta name=\"generator\" content=\"All in One SEO Pro (AIOSEO) 4.9.6.2\" \/>\n\n\t\t<link rel=\"preconnect\" href=\"https:\/\/fonts.googleapis.com\" crossorigin>\n<link rel=\"preconnect\" href=\"https:\/\/fonts.gstatic.com\" crossorigin>\n\t\t<meta property=\"og:locale\" content=\"es_ES\" \/>\n\t\t<meta property=\"og:site_name\" content=\"SoyMigrante.com REVISTA \u2013 Nuestra misi\u00f3n es reconocer y dignificar al migrante.\" \/>\n\t\t<meta property=\"og:type\" content=\"article\" \/>\n\t\t<meta property=\"og:title\" content=\"Joyas mayas migrantes: Trozo de dintel de Tikal del Smithsonian\" \/>\n\t\t<meta property=\"og:description\" content=\"Los dinteles de madera grabada est\u00e1n entre las reliquias mayas m\u00e1s escasas. El fragmento &quot;Wailes&quot; estuvo en el templo I de Tikal. Esta es la historia\" \/>\n\t\t<meta property=\"og:url\" content=\"https:\/\/soymigrante.com\/revista\/joyas-mayas-migrantes-el-misterioso-trozo-de-dintel-de-tikal-en-washington\/\" \/>\n\t\t<meta property=\"og:image\" content=\"https:\/\/soymigrante.com\/revista\/wp-content\/uploads\/2024\/08\/dintel-maya-tikal.webp\" \/>\n\t\t<meta property=\"og:image:secure_url\" content=\"https:\/\/soymigrante.com\/revista\/wp-content\/uploads\/2024\/08\/dintel-maya-tikal.webp\" \/>\n\t\t<meta property=\"og:image:width\" content=\"605\" \/>\n\t\t<meta property=\"og:image:height\" content=\"605\" \/>\n\t\t<meta property=\"article:published_time\" content=\"2024-08-05T21:16:56+00:00\" \/>\n\t\t<meta property=\"article:modified_time\" content=\"2025-05-22T21:12:42+00:00\" \/>\n\t\t<meta property=\"article:publisher\" content=\"https:\/\/www.facebook.com\/soymigrantecom\" \/>\n\t\t<meta name=\"twitter:card\" content=\"summary_large_image\" \/>\n\t\t<meta name=\"twitter:site\" content=\"@SoyMigrante_com\" \/>\n\t\t<meta name=\"twitter:title\" content=\"Joyas mayas migrantes: Trozo de dintel de Tikal del Smithsonian\" \/>\n\t\t<meta name=\"twitter:description\" content=\"Los dinteles de madera grabada est\u00e1n entre las reliquias mayas m\u00e1s escasas. El fragmento &quot;Wailes&quot; estuvo en el templo I de Tikal. Esta es la historia\" \/>\n\t\t<meta name=\"twitter:creator\" content=\"@SoyMigrante_com\" \/>\n\t\t<meta name=\"twitter:image\" content=\"https:\/\/soymigrante.com\/revista\/wp-content\/uploads\/2024\/08\/dintel-maya-tikal.webp\" \/>\n\t\t<!-- All in One SEO Pro -->\r\n\t\t<title>Joyas mayas migrantes: Trozo de dintel de Tikal del Smithsonian<\/title>\n\n","aioseo_head_json":{"title":"Joyas mayas migrantes: Trozo de dintel de Tikal del Smithsonian","description":"Los dinteles de madera grabada est\u00e1n entre las reliquias mayas m\u00e1s escasas. El fragmento \"Wailes\" estuvo en el templo I de Tikal. Esta es la historia","canonical_url":"https:\/\/soymigrante.com\/revista\/joyas-mayas-migrantes-el-misterioso-trozo-de-dintel-de-tikal-en-washington\/","robots":"max-snippet:-1, max-image-preview:large, max-video-preview:-1","keywords":"","webmasterTools":{"miscellaneous":"&lt;link rel=\"preconnect\" href=\"https:\/\/fonts.googleapis.com\" crossorigin&gt;\n&lt;link rel=\"preconnect\" href=\"https:\/\/fonts.gstatic.com\" crossorigin&gt;"},"schema":null,"og:locale":"es_ES","og:site_name":"SoyMigrante.com REVISTA \u2013 Nuestra misi\u00f3n es reconocer y dignificar al migrante.","og:type":"article","og:title":"Joyas mayas migrantes: Trozo de dintel de Tikal del Smithsonian","og:description":"Los dinteles de madera grabada est\u00e1n entre las reliquias mayas m\u00e1s escasas. El fragmento &quot;Wailes&quot; estuvo en el templo I de Tikal. Esta es la historia","og:url":"https:\/\/soymigrante.com\/revista\/joyas-mayas-migrantes-el-misterioso-trozo-de-dintel-de-tikal-en-washington\/","og:image":"https:\/\/soymigrante.com\/revista\/wp-content\/uploads\/2024\/08\/dintel-maya-tikal.webp","og:image:secure_url":"https:\/\/soymigrante.com\/revista\/wp-content\/uploads\/2024\/08\/dintel-maya-tikal.webp","og:image:width":605,"og:image:height":605,"article:published_time":"2024-08-05T21:16:56+00:00","article:modified_time":"2025-05-22T21:12:42+00:00","article:publisher":"https:\/\/www.facebook.com\/soymigrantecom","twitter:card":"summary_large_image","twitter:site":"@SoyMigrante_com","twitter:title":"Joyas mayas migrantes: Trozo de dintel de Tikal del Smithsonian","twitter:description":"Los dinteles de madera grabada est\u00e1n entre las reliquias mayas m\u00e1s escasas. El fragmento &quot;Wailes&quot; estuvo en el templo I de Tikal. Esta es la historia","twitter:creator":"@SoyMigrante_com","twitter:image":"https:\/\/soymigrante.com\/revista\/wp-content\/uploads\/2024\/08\/dintel-maya-tikal.webp"},"aioseo_meta_data":{"post_id":"8528","title":"Quirigu\u00e1 es un sitio maya enigm\u00e1tico: 7 datos interesantes","description":"En el sitio Quirigu\u00e1 se encuentra la estela maya m\u00e1s alta pero hay mucho m\u00e1s por ver y descubrir en este Patrimonio Cultural de la Humanidad en Izabal","keywords":null,"keyphrases":{"focus":{"keyphrase":"Quirigua de Guatemala","score":37,"analysis":{"keyphraseInTitle":{"score":3,"maxScore":9,"error":1},"keyphraseInDescription":{"score":3,"maxScore":9,"error":1},"keyphraseLength":{"score":9,"maxScore":9,"error":0,"length":3},"keyphraseInURL":{"score":1,"maxScore":5,"error":1},"keyphraseInIntroduction":{"score":3,"maxScore":9,"error":1},"keyphraseInSubHeadings":{"score":3,"maxScore":9,"error":1},"keyphraseInImageAlt":{"score":3,"maxScore":9,"error":1},"keywordDensity":{"score":0,"type":"low","maxScore":9,"error":1}}},"additional":[{"keyphrase":"sitio arqueol\u00f3gico","score":53,"analysis":{"keyphraseInDescription":{"score":3,"maxScore":9,"error":1},"keyphraseLength":{"score":9,"maxScore":9,"error":0,"length":3},"keyphraseInIntroduction":{"score":3,"maxScore":9,"error":1},"keyphraseInImageAlt":{"score":9,"maxScore":9,"error":0},"keywordDensity":{"score":0,"type":"low","maxScore":9,"error":1}}},{"keyphrase":"sitio maya","score":40,"analysis":{"keyphraseInDescription":{"score":3,"maxScore":9,"error":1},"keyphraseLength":{"score":9,"maxScore":9,"error":0,"length":2},"keyphraseInIntroduction":{"score":3,"maxScore":9,"error":1},"keyphraseInImageAlt":{"score":3,"maxScore":9,"error":1},"keywordDensity":{"score":0,"type":"low","maxScore":9,"error":1}}},{"keyphrase":"estelas mayas","score":40,"analysis":{"keyphraseInDescription":{"score":3,"maxScore":9,"error":1},"keyphraseLength":{"score":9,"maxScore":9,"error":0,"length":2},"keyphraseInIntroduction":{"score":3,"maxScore":9,"error":1},"keyphraseInImageAlt":{"score":3,"maxScore":9,"error":1},"keywordDensity":{"score":0,"type":"low","maxScore":9,"error":1}}}]},"primary_term":null,"canonical_url":null,"og_title":null,"og_description":null,"og_object_type":"default","og_image_type":"default","og_image_url":null,"og_image_width":null,"og_image_height":null,"og_image_custom_url":null,"og_image_custom_fields":null,"og_video":"","og_custom_url":null,"og_article_section":null,"og_article_tags":null,"twitter_use_og":false,"twitter_card":"default","twitter_image_type":"default","twitter_image_url":null,"twitter_image_custom_url":null,"twitter_image_custom_fields":null,"twitter_title":null,"twitter_description":null,"schema":{"blockGraphs":[],"customGraphs":[],"default":{"data":{"Article":[],"Course":[],"Dataset":[],"FAQPage":[],"Movie":[],"Person":[],"Product":[],"ProductReview":[],"Car":[],"Recipe":[],"Service":[],"SoftwareApplication":[],"WebPage":[]},"graphName":"NewsArticle","isEnabled":true},"graphs":[]},"schema_type":"default","schema_type_options":null,"pillar_content":false,"robots_default":true,"robots_noindex":false,"robots_noarchive":false,"robots_nosnippet":false,"robots_nofollow":false,"robots_noimageindex":false,"robots_noodp":false,"robots_notranslate":false,"robots_max_snippet":"-1","robots_max_videopreview":"-1","robots_max_imagepreview":"large","priority":null,"frequency":"default","local_seo":null,"seo_analyzer_scan_date":null,"breadcrumb_settings":null,"limit_modified_date":false,"reviewed_by":"0","open_ai":"{\"title\":{\"suggestions\":[],\"usage\":0},\"description\":{\"suggestions\":[],\"usage\":0}}","ai":{"faqs":[],"keyPoints":[],"schemas":[],"titles":[],"descriptions":[],"socialPosts":{"email":[],"linkedin":[],"twitter":[],"facebook":[],"instagram":[]}},"created":"2024-08-29 23:55:15","updated":"2026-04-15 22:09:55"},"aioseo_breadcrumb":"<div class=\"aioseo-breadcrumbs\"><span class=\"aioseo-breadcrumb\">\n\t<a href=\"https:\/\/soymigrante.com\/revista\" title=\"Home\">Home<\/a>\n<\/span><span class=\"aioseo-breadcrumb-separator\">\u00bb<\/span><span class=\"aioseo-breadcrumb\">\n\t<a href=\"https:\/\/soymigrante.com\/revista\/category\/guate-nuestra\/\" title=\"Guate Nuestra\">Guate Nuestra<\/a>\n<\/span><span class=\"aioseo-breadcrumb-separator\">\u00bb<\/span><span class=\"aioseo-breadcrumb\">\n\tEl majestuoso sitio arqueol\u00f3gico maya de Quirigu\u00e1: 7 detalles que tal vez ya conoc\u00edas (o quiz\u00e1 no)\n<\/span><\/div>","aioseo_breadcrumb_json":[{"label":"Home","link":"https:\/\/soymigrante.com\/revista"},{"label":"Guate Nuestra","link":"https:\/\/soymigrante.com\/revista\/category\/guate-nuestra\/"},{"label":"El majestuoso sitio arqueol\u00f3gico maya de Quirigu\u00e1: 7 detalles que tal vez ya conoc\u00edas (o quiz\u00e1 no)","link":"https:\/\/soymigrante.com\/revista\/7-curiosidades-del-sitio-arqueologico-maya-quirigua-que-quiza-ya-sabias-o-tal-vez-no\/"}],"_links":{"self":[{"href":"https:\/\/soymigrante.com\/revista\/wp-json\/wp\/v2\/posts\/8528","targetHints":{"allow":["GET"]}}],"collection":[{"href":"https:\/\/soymigrante.com\/revista\/wp-json\/wp\/v2\/posts"}],"about":[{"href":"https:\/\/soymigrante.com\/revista\/wp-json\/wp\/v2\/types\/post"}],"author":[{"embeddable":true,"href":"https:\/\/soymigrante.com\/revista\/wp-json\/wp\/v2\/users\/1"}],"replies":[{"embeddable":true,"href":"https:\/\/soymigrante.com\/revista\/wp-json\/wp\/v2\/comments?post=8528"}],"version-history":[{"count":5,"href":"https:\/\/soymigrante.com\/revista\/wp-json\/wp\/v2\/posts\/8528\/revisions"}],"predecessor-version":[{"id":55028,"href":"https:\/\/soymigrante.com\/revista\/wp-json\/wp\/v2\/posts\/8528\/revisions\/55028"}],"wp:featuredmedia":[{"embeddable":true,"href":"https:\/\/soymigrante.com\/revista\/wp-json\/wp\/v2\/media\/8889"}],"wp:attachment":[{"href":"https:\/\/soymigrante.com\/revista\/wp-json\/wp\/v2\/media?parent=8528"}],"wp:term":[{"taxonomy":"category","embeddable":true,"href":"https:\/\/soymigrante.com\/revista\/wp-json\/wp\/v2\/categories?post=8528"},{"taxonomy":"post_tag","embeddable":true,"href":"https:\/\/soymigrante.com\/revista\/wp-json\/wp\/v2\/tags?post=8528"}],"curies":[{"name":"wp","href":"https:\/\/api.w.org\/{rel}","templated":true}]}}