{"id":8513,"date":"2025-02-09T17:39:16","date_gmt":"2025-02-09T23:39:16","guid":{"rendered":"https:\/\/soymigrante.com\/revista\/?p=8513"},"modified":"2025-02-13T14:21:48","modified_gmt":"2025-02-13T20:21:48","slug":"10-piezas-de-marimba-de-guatemala-para-bailar-y-recordar-tus-raices","status":"publish","type":"post","link":"https:\/\/soymigrante.com\/revista\/10-piezas-de-marimba-de-guatemala-para-bailar-y-recordar-tus-raices\/","title":{"rendered":"Marimba de Guatemala: Diez melod\u00edas  que despiertan recuerdos y emociones"},"content":{"rendered":"\t\t<div data-elementor-type=\"wp-post\" data-elementor-id=\"8513\" class=\"elementor elementor-8513\" data-elementor-post-type=\"post\">\n\t\t\t\t<div data-particle_enable=\"false\" data-particle-mobile-disabled=\"false\" class=\"elementor-element elementor-element-bb81006 e-flex e-con-boxed e-con e-parent\" data-id=\"bb81006\" data-element_type=\"container\" data-e-type=\"container\">\n\t\t\t\t\t<div class=\"e-con-inner\">\n\t\t\t\t<div class=\"elementor-element elementor-element-c597f8a elementor-widget elementor-widget-heading\" data-id=\"c597f8a\" data-element_type=\"widget\" data-e-type=\"widget\" data-widget_type=\"heading.default\">\n\t\t\t\t\t<h2 class=\"elementor-heading-title elementor-size-default\">Algo muy entra\u00f1able y simb\u00f3lico para un guatemalteco es el sonido de la marimba. Escucharla a la hora del almuerzo es una tradici\u00f3n. Tambi\u00e9n es com\u00fan escucharla en cumplea\u00f1os, festividades patrias e incluso bodas. <\/h2>\t\t\t\t<\/div>\n\t\t\t\t\t<\/div>\n\t\t\t\t<\/div>\n\t\t<div data-particle_enable=\"false\" data-particle-mobile-disabled=\"false\" class=\"elementor-element elementor-element-a2d3756 e-flex e-con-boxed e-con e-parent\" data-id=\"a2d3756\" data-element_type=\"container\" data-e-type=\"container\">\n\t\t\t\t\t<div class=\"e-con-inner\">\n\t\t\t\t<div class=\"elementor-element elementor-element-25a0784 elementor-widget elementor-widget-text-editor\" data-id=\"25a0784\" data-element_type=\"widget\" data-e-type=\"widget\" data-widget_type=\"text-editor.default\">\n\t\t\t\t\t\t\t\t\t<p>No importa ni el lugar, ni la hora. Para que recuerdes un pedacito de esta tierra y su marimba, te compartimos estas 10 piezas de marimba de Guatemala que no deben faltar en tu playlist.<\/p><p><a href=\"https:\/\/soymigrante.com\/revista\/marimba-guatemalteca-simbolo-patrio-datos-quiza-no-sabias-o-tal-vez-si\/\">La marimba es instrumento s\u00edmbolo nacional desde 1999, pero la identidad con sus sonidos viene de mucho antes.<\/a><\/p><p>\u00a0<\/p>\t\t\t\t\t\t\t\t<\/div>\n\t\t\t\t\t<\/div>\n\t\t\t\t<\/div>\n\t\t<div data-particle_enable=\"false\" data-particle-mobile-disabled=\"false\" class=\"elementor-element elementor-element-16cf61f e-flex e-con-boxed e-con e-parent\" data-id=\"16cf61f\" data-element_type=\"container\" data-e-type=\"container\">\n\t\t\t\t\t<div class=\"e-con-inner\">\n\t\t\t\t<div class=\"elementor-element elementor-element-ec5489d elementor-widget elementor-widget-heading\" data-id=\"ec5489d\" data-element_type=\"widget\" data-e-type=\"widget\" data-widget_type=\"heading.default\">\n\t\t\t\t\t<h3 class=\"elementor-heading-title elementor-size-default\">1. Ferrocarril de los Altos<\/h3>\t\t\t\t<\/div>\n\t\t\t\t\t<\/div>\n\t\t\t\t<\/div>\n\t\t<div data-particle_enable=\"false\" data-particle-mobile-disabled=\"false\" class=\"elementor-element elementor-element-199ebd8 e-flex e-con-boxed e-con e-parent\" data-id=\"199ebd8\" data-element_type=\"container\" data-e-type=\"container\">\n\t\t\t\t\t<div class=\"e-con-inner\">\n\t\t\t\t<div class=\"elementor-element elementor-element-dbaa37e elementor-widget elementor-widget-text-editor\" data-id=\"dbaa37e\" data-element_type=\"widget\" data-e-type=\"widget\" data-widget_type=\"text-editor.default\">\n\t\t\t\t\t\t\t\t\t<p>Esta es una melod\u00eda compuesta por Domingo Bethancourt. El trayecto de Ferrocarril de los Altos, inaugurado el 30 de marzo de 1930, entre Retalhuleu y <a href=\"https:\/\/soymigrante.com\/revista\/quetzaltenango-500-15-datos-que-quiza-ya-sabias-o-tal-vez-no\/\">Quetzaltenang<\/a>o fue la ocasi\u00f3n para que surgiera esa famosa melod\u00eda.&nbsp;<\/p>\t\t\t\t\t\t\t\t<\/div>\n\t\t\t\t\t<\/div>\n\t\t\t\t<\/div>\n\t\t<div data-particle_enable=\"false\" data-particle-mobile-disabled=\"false\" class=\"elementor-element elementor-element-e85062d e-flex e-con-boxed e-con e-parent\" data-id=\"e85062d\" data-element_type=\"container\" data-e-type=\"container\">\n\t\t\t\t\t<div class=\"e-con-inner\">\n\t\t\t\t<div class=\"elementor-element elementor-element-eb9802c elementor-widget elementor-widget-video\" data-id=\"eb9802c\" data-element_type=\"widget\" data-e-type=\"widget\" data-settings=\"{&quot;youtube_url&quot;:&quot;https:\\\/\\\/www.youtube.com\\\/watch?v=9MkqnFfmXLI&quot;,&quot;video_type&quot;:&quot;youtube&quot;,&quot;controls&quot;:&quot;yes&quot;}\" data-widget_type=\"video.default\">\n\t\t\t\t\t\t\t<div class=\"elementor-wrapper elementor-open-inline\">\n\t\t\t<div class=\"elementor-video\"><\/div>\t\t<\/div>\n\t\t\t\t\t\t<\/div>\n\t\t\t\t\t<\/div>\n\t\t\t\t<\/div>\n\t\t<div data-particle_enable=\"false\" data-particle-mobile-disabled=\"false\" class=\"elementor-element elementor-element-8672a6e e-flex e-con-boxed e-con e-parent\" data-id=\"8672a6e\" data-element_type=\"container\" data-e-type=\"container\">\n\t\t\t\t\t<div class=\"e-con-inner\">\n\t\t\t\t<div class=\"elementor-element elementor-element-3836efd elementor-widget elementor-widget-heading\" data-id=\"3836efd\" data-element_type=\"widget\" data-e-type=\"widget\" data-widget_type=\"heading.default\">\n\t\t\t\t\t<h3 class=\"elementor-heading-title elementor-size-default\">2. Cobanerita<\/h3>\t\t\t\t<\/div>\n\t\t\t\t\t<\/div>\n\t\t\t\t<\/div>\n\t\t<div data-particle_enable=\"false\" data-particle-mobile-disabled=\"false\" class=\"elementor-element elementor-element-848e2cd e-flex e-con-boxed e-con e-parent\" data-id=\"848e2cd\" data-element_type=\"container\" data-e-type=\"container\">\n\t\t\t\t\t<div class=\"e-con-inner\">\n\t\t\t\t<div class=\"elementor-element elementor-element-3b6dbad elementor-widget elementor-widget-text-editor\" data-id=\"3b6dbad\" data-element_type=\"widget\" data-e-type=\"widget\" data-widget_type=\"text-editor.default\">\n\t\t\t\t\t\t\t\t\t<p>Orlando Men\u00e9ndez Lechuga es el autor y compositor. Un homenaje a Cob\u00e1n, Alta Verapaz. Interpretada originalmente por la\u00a0 Marimba Ecos del Pac\u00edfico.<\/p>\t\t\t\t\t\t\t\t<\/div>\n\t\t\t\t\t<\/div>\n\t\t\t\t<\/div>\n\t\t<div data-particle_enable=\"false\" data-particle-mobile-disabled=\"false\" class=\"elementor-element elementor-element-8de5287 e-flex e-con-boxed e-con e-parent\" data-id=\"8de5287\" data-element_type=\"container\" data-e-type=\"container\">\n\t\t\t\t\t<div class=\"e-con-inner\">\n\t\t\t\t<div class=\"elementor-element elementor-element-f08aaab elementor-widget elementor-widget-video\" data-id=\"f08aaab\" data-element_type=\"widget\" data-e-type=\"widget\" data-settings=\"{&quot;youtube_url&quot;:&quot;https:\\\/\\\/www.youtube.com\\\/watch?v=BpdyAu5Nwjc&quot;,&quot;video_type&quot;:&quot;youtube&quot;,&quot;controls&quot;:&quot;yes&quot;}\" data-widget_type=\"video.default\">\n\t\t\t\t\t\t\t<div class=\"elementor-wrapper elementor-open-inline\">\n\t\t\t<div class=\"elementor-video\"><\/div>\t\t<\/div>\n\t\t\t\t\t\t<\/div>\n\t\t\t\t\t<\/div>\n\t\t\t\t<\/div>\n\t\t<div data-particle_enable=\"false\" data-particle-mobile-disabled=\"false\" class=\"elementor-element elementor-element-00dc0e6 e-flex e-con-boxed e-con e-parent\" data-id=\"00dc0e6\" data-element_type=\"container\" data-e-type=\"container\">\n\t\t\t\t\t<div class=\"e-con-inner\">\n\t\t\t\t<div class=\"elementor-element elementor-element-3f8afb8 elementor-widget elementor-widget-heading\" data-id=\"3f8afb8\" data-element_type=\"widget\" data-e-type=\"widget\" data-widget_type=\"heading.default\">\n\t\t\t\t\t<h3 class=\"elementor-heading-title elementor-size-default\">3. Bailando con la llorona<\/h3>\t\t\t\t<\/div>\n\t\t\t\t\t<\/div>\n\t\t\t\t<\/div>\n\t\t<div data-particle_enable=\"false\" data-particle-mobile-disabled=\"false\" class=\"elementor-element elementor-element-fdcf330 e-flex e-con-boxed e-con e-parent\" data-id=\"fdcf330\" data-element_type=\"container\" data-e-type=\"container\">\n\t\t\t\t\t<div class=\"e-con-inner\">\n\t\t\t\t<div class=\"elementor-element elementor-element-0d8ad2c elementor-widget elementor-widget-text-editor\" data-id=\"0d8ad2c\" data-element_type=\"widget\" data-e-type=\"widget\" data-widget_type=\"text-editor.default\">\n\t\t\t\t\t\t\t\t\t<p>Guillermo de Le\u00f3n Ruiz el el autor y compositor de esta melod\u00eda. En el 2022 recibi\u00f3 un reconocimiento por su trayectoria, quien hasta entonces hab\u00eda compuesto m\u00e1s de 350\u00a0<a style=\"text-align: var(--text-align)\" href=\"https:\/\/soymigrante.com\/revista\/malacates-rinde-tributo-a-la-marimba-guatemalteca-en-nueva-produccion\/\" target=\"_blank\" rel=\"noopener\">melod\u00edas.\u00a0<\/a><\/p>\t\t\t\t\t\t\t\t<\/div>\n\t\t\t\t\t<\/div>\n\t\t\t\t<\/div>\n\t\t<div data-particle_enable=\"false\" data-particle-mobile-disabled=\"false\" class=\"elementor-element elementor-element-e9882c2 e-flex e-con-boxed e-con e-parent\" data-id=\"e9882c2\" data-element_type=\"container\" data-e-type=\"container\">\n\t\t\t\t\t<div class=\"e-con-inner\">\n\t\t\t\t<div class=\"elementor-element elementor-element-ba466eb elementor-widget elementor-widget-video\" data-id=\"ba466eb\" data-element_type=\"widget\" data-e-type=\"widget\" data-settings=\"{&quot;youtube_url&quot;:&quot;https:\\\/\\\/www.youtube.com\\\/watch?v=O1Jk2hX9kBk&quot;,&quot;video_type&quot;:&quot;youtube&quot;,&quot;controls&quot;:&quot;yes&quot;}\" data-widget_type=\"video.default\">\n\t\t\t\t\t\t\t<div class=\"elementor-wrapper elementor-open-inline\">\n\t\t\t<div class=\"elementor-video\"><\/div>\t\t<\/div>\n\t\t\t\t\t\t<\/div>\n\t\t\t\t\t<\/div>\n\t\t\t\t<\/div>\n\t\t<div data-particle_enable=\"false\" data-particle-mobile-disabled=\"false\" class=\"elementor-element elementor-element-b01793e e-flex e-con-boxed e-con e-parent\" data-id=\"b01793e\" data-element_type=\"container\" data-e-type=\"container\">\n\t\t\t\t\t<div class=\"e-con-inner\">\n\t\t\t\t<div class=\"elementor-element elementor-element-db49a25 elementor-widget elementor-widget-heading\" data-id=\"db49a25\" data-element_type=\"widget\" data-e-type=\"widget\" data-widget_type=\"heading.default\">\n\t\t\t\t\t<h3 class=\"elementor-heading-title elementor-size-default\">4. Danz\u00f3n<\/h3>\t\t\t\t<\/div>\n\t\t\t\t\t<\/div>\n\t\t\t\t<\/div>\n\t\t<div data-particle_enable=\"false\" data-particle-mobile-disabled=\"false\" class=\"elementor-element elementor-element-6328e87 e-flex e-con-boxed e-con e-parent\" data-id=\"6328e87\" data-element_type=\"container\" data-e-type=\"container\">\n\t\t\t\t\t<div class=\"e-con-inner\">\n\t\t\t\t<div class=\"elementor-element elementor-element-94f6b54 elementor-widget elementor-widget-text-editor\" data-id=\"94f6b54\" data-element_type=\"widget\" data-e-type=\"widget\" data-widget_type=\"text-editor.default\">\n\t\t\t\t\t\t\t\t\t<p>Belarmino Manuel Molina,\u00a0 sanjuanero de coraz\u00f3n, es el autor de esta melod\u00eda que fue compuesta con ritmos del Danz\u00f3n, que tiene su origen en Cuba.\u00a0<\/p>\t\t\t\t\t\t\t\t<\/div>\n\t\t\t\t\t<\/div>\n\t\t\t\t<\/div>\n\t\t<div data-particle_enable=\"false\" data-particle-mobile-disabled=\"false\" class=\"elementor-element elementor-element-fe53051 e-flex e-con-boxed e-con e-parent\" data-id=\"fe53051\" data-element_type=\"container\" data-e-type=\"container\">\n\t\t\t\t\t<div class=\"e-con-inner\">\n\t\t\t\t<div class=\"elementor-element elementor-element-98c9317 elementor-widget elementor-widget-video\" data-id=\"98c9317\" data-element_type=\"widget\" data-e-type=\"widget\" data-settings=\"{&quot;youtube_url&quot;:&quot;https:\\\/\\\/www.youtube.com\\\/watch?v=1fVp2DamoTw&quot;,&quot;video_type&quot;:&quot;youtube&quot;,&quot;controls&quot;:&quot;yes&quot;}\" data-widget_type=\"video.default\">\n\t\t\t\t\t\t\t<div class=\"elementor-wrapper elementor-open-inline\">\n\t\t\t<div class=\"elementor-video\"><\/div>\t\t<\/div>\n\t\t\t\t\t\t<\/div>\n\t\t\t\t\t<\/div>\n\t\t\t\t<\/div>\n\t\t<div data-particle_enable=\"false\" data-particle-mobile-disabled=\"false\" class=\"elementor-element elementor-element-7f35918 e-flex e-con-boxed e-con e-parent\" data-id=\"7f35918\" data-element_type=\"container\" data-e-type=\"container\">\n\t\t\t\t\t<div class=\"e-con-inner\">\n\t\t\t\t<div class=\"elementor-element elementor-element-b12a095 elementor-widget elementor-widget-heading\" data-id=\"b12a095\" data-element_type=\"widget\" data-e-type=\"widget\" data-widget_type=\"heading.default\">\n\t\t\t\t\t<h3 class=\"elementor-heading-title elementor-size-default\">5. Las chancletas de Nayo Capero<\/h3>\t\t\t\t<\/div>\n\t\t\t\t\t<\/div>\n\t\t\t\t<\/div>\n\t\t<div data-particle_enable=\"false\" data-particle-mobile-disabled=\"false\" class=\"elementor-element elementor-element-e607025 e-flex e-con-boxed e-con e-parent\" data-id=\"e607025\" data-element_type=\"container\" data-e-type=\"container\">\n\t\t\t\t\t<div class=\"e-con-inner\">\n\t\t\t\t<div class=\"elementor-element elementor-element-68f18fa elementor-widget elementor-widget-text-editor\" data-id=\"68f18fa\" data-element_type=\"widget\" data-e-type=\"widget\" data-widget_type=\"text-editor.default\">\n\t\t\t\t\t\t\t\t\t<p>Melod\u00eda creada por el compositor Guillermo de Le\u00f3n Ruiz, mismo que cre\u00f3 Bailando con la Llorona. De Le\u00f3n se inspir\u00f3 cuando se encontraba en el restaurante El Z\u00f3calo, ubicado en la Ciudad de Guatemala.<\/p>\t\t\t\t\t\t\t\t<\/div>\n\t\t\t\t\t<\/div>\n\t\t\t\t<\/div>\n\t\t<div data-particle_enable=\"false\" data-particle-mobile-disabled=\"false\" class=\"elementor-element elementor-element-4a891e0 e-flex e-con-boxed e-con e-parent\" data-id=\"4a891e0\" data-element_type=\"container\" data-e-type=\"container\">\n\t\t\t\t\t<div class=\"e-con-inner\">\n\t\t\t\t<div class=\"elementor-element elementor-element-2b9883b elementor-widget elementor-widget-video\" data-id=\"2b9883b\" data-element_type=\"widget\" data-e-type=\"widget\" data-settings=\"{&quot;youtube_url&quot;:&quot;https:\\\/\\\/www.youtube.com\\\/watch?v=NQKDUmlQ8Tw&quot;,&quot;video_type&quot;:&quot;youtube&quot;,&quot;controls&quot;:&quot;yes&quot;}\" data-widget_type=\"video.default\">\n\t\t\t\t\t\t\t<div class=\"elementor-wrapper elementor-open-inline\">\n\t\t\t<div class=\"elementor-video\"><\/div>\t\t<\/div>\n\t\t\t\t\t\t<\/div>\n\t\t\t\t\t<\/div>\n\t\t\t\t<\/div>\n\t\t<div data-particle_enable=\"false\" data-particle-mobile-disabled=\"false\" class=\"elementor-element elementor-element-300750a e-flex e-con-boxed e-con e-parent\" data-id=\"300750a\" data-element_type=\"container\" data-e-type=\"container\">\n\t\t\t\t\t<div class=\"e-con-inner\">\n\t\t\t\t<div class=\"elementor-element elementor-element-a37bbc8 elementor-widget elementor-widget-heading\" data-id=\"a37bbc8\" data-element_type=\"widget\" data-e-type=\"widget\" data-widget_type=\"heading.default\">\n\t\t\t\t\t<h3 class=\"elementor-heading-title elementor-size-default\">6. Noche entre ruinas <\/h3>\t\t\t\t<\/div>\n\t\t\t\t\t<\/div>\n\t\t\t\t<\/div>\n\t\t<div data-particle_enable=\"false\" data-particle-mobile-disabled=\"false\" class=\"elementor-element elementor-element-ec9abe0 e-flex e-con-boxed e-con e-parent\" data-id=\"ec9abe0\" data-element_type=\"container\" data-e-type=\"container\">\n\t\t\t\t\t<div class=\"e-con-inner\">\n\t\t\t\t<div class=\"elementor-element elementor-element-57480cc elementor-widget elementor-widget-text-editor\" data-id=\"57480cc\" data-element_type=\"widget\" data-e-type=\"widget\" data-widget_type=\"text-editor.default\">\n\t\t\t\t\t\t\t\t\t<p>Autor: el quetzalteco Mariano Valverde. Una melod\u00eda que conmemora el terremoto registrado en el a\u00f1o 1902 en la ciudad de Quetzaltenano.\u00a0 A Valverde se le atribuye la composici\u00f3n de al menos 200 melod\u00edas.<\/p>\t\t\t\t\t\t\t\t<\/div>\n\t\t\t\t\t<\/div>\n\t\t\t\t<\/div>\n\t\t<div data-particle_enable=\"false\" data-particle-mobile-disabled=\"false\" class=\"elementor-element elementor-element-0e20e57 e-flex e-con-boxed e-con e-parent\" data-id=\"0e20e57\" data-element_type=\"container\" data-e-type=\"container\">\n\t\t\t\t\t<div class=\"e-con-inner\">\n\t\t\t\t<div class=\"elementor-element elementor-element-fd2a026 elementor-widget elementor-widget-video\" data-id=\"fd2a026\" data-element_type=\"widget\" data-e-type=\"widget\" data-settings=\"{&quot;youtube_url&quot;:&quot;https:\\\/\\\/www.youtube.com\\\/watch?v=giekEkZ7KW0&quot;,&quot;video_type&quot;:&quot;youtube&quot;,&quot;controls&quot;:&quot;yes&quot;}\" data-widget_type=\"video.default\">\n\t\t\t\t\t\t\t<div class=\"elementor-wrapper elementor-open-inline\">\n\t\t\t<div class=\"elementor-video\"><\/div>\t\t<\/div>\n\t\t\t\t\t\t<\/div>\n\t\t\t\t\t<\/div>\n\t\t\t\t<\/div>\n\t\t<div data-particle_enable=\"false\" data-particle-mobile-disabled=\"false\" class=\"elementor-element elementor-element-5822db0 e-flex e-con-boxed e-con e-parent\" data-id=\"5822db0\" data-element_type=\"container\" data-e-type=\"container\">\n\t\t\t\t\t<div class=\"e-con-inner\">\n\t\t\t\t<div class=\"elementor-element elementor-element-e4afd58 elementor-widget elementor-widget-heading\" data-id=\"e4afd58\" data-element_type=\"widget\" data-e-type=\"widget\" data-widget_type=\"heading.default\">\n\t\t\t\t\t<h3 class=\"elementor-heading-title elementor-size-default\">7. L\u00e1grimas de Thelma<\/h3>\t\t\t\t<\/div>\n\t\t\t\t\t<\/div>\n\t\t\t\t<\/div>\n\t\t<div data-particle_enable=\"false\" data-particle-mobile-disabled=\"false\" class=\"elementor-element elementor-element-83d181f e-flex e-con-boxed e-con e-parent\" data-id=\"83d181f\" data-element_type=\"container\" data-e-type=\"container\">\n\t\t\t\t\t<div class=\"e-con-inner\">\n\t\t\t\t<div class=\"elementor-element elementor-element-1bf23d6 elementor-widget elementor-widget-text-editor\" data-id=\"1bf23d6\" data-element_type=\"widget\" data-e-type=\"widget\" data-widget_type=\"text-editor.default\">\n\t\t\t\t\t\t\t\t\t<p>Gumercindo Palacios Flores, de origen&nbsp;<a href=\"https:\/\/soymigrante.com\/revista\/llamas-de-los-cuchumatanes-migraron-hace-23-anos-a-guatemala\/\" target=\"_blank\">huehueteco<\/a>, es el autor de esta melod\u00eda. Palacios para hacer esta melod\u00eda se habr\u00eda inspirado en una reina de belleza quetzalteca. Simboliza la ruptura de una relaci\u00f3n.<\/p>\t\t\t\t\t\t\t\t<\/div>\n\t\t\t\t\t<\/div>\n\t\t\t\t<\/div>\n\t\t<div data-particle_enable=\"false\" data-particle-mobile-disabled=\"false\" class=\"elementor-element elementor-element-ba11e41 e-flex e-con-boxed e-con e-parent\" data-id=\"ba11e41\" data-element_type=\"container\" data-e-type=\"container\">\n\t\t\t\t\t<div class=\"e-con-inner\">\n\t\t\t\t<div class=\"elementor-element elementor-element-9eae3ad elementor-widget elementor-widget-video\" data-id=\"9eae3ad\" data-element_type=\"widget\" data-e-type=\"widget\" data-settings=\"{&quot;youtube_url&quot;:&quot;https:\\\/\\\/www.youtube.com\\\/watch?v=b729KnEQqx8&quot;,&quot;video_type&quot;:&quot;youtube&quot;,&quot;controls&quot;:&quot;yes&quot;}\" data-widget_type=\"video.default\">\n\t\t\t\t\t\t\t<div class=\"elementor-wrapper elementor-open-inline\">\n\t\t\t<div class=\"elementor-video\"><\/div>\t\t<\/div>\n\t\t\t\t\t\t<\/div>\n\t\t\t\t\t<\/div>\n\t\t\t\t<\/div>\n\t\t<div data-particle_enable=\"false\" data-particle-mobile-disabled=\"false\" class=\"elementor-element elementor-element-2606dc1 e-flex e-con-boxed e-con e-parent\" data-id=\"2606dc1\" data-element_type=\"container\" data-e-type=\"container\">\n\t\t\t\t\t<div class=\"e-con-inner\">\n\t\t\t\t<div class=\"elementor-element elementor-element-31c973b elementor-widget elementor-widget-heading\" data-id=\"31c973b\" data-element_type=\"widget\" data-e-type=\"widget\" data-widget_type=\"heading.default\">\n\t\t\t\t\t<h3 class=\"elementor-heading-title elementor-size-default\">8. Un vals para mi madre<\/h3>\t\t\t\t<\/div>\n\t\t\t\t\t<\/div>\n\t\t\t\t<\/div>\n\t\t<div data-particle_enable=\"false\" data-particle-mobile-disabled=\"false\" class=\"elementor-element elementor-element-daead23 e-flex e-con-boxed e-con e-parent\" data-id=\"daead23\" data-element_type=\"container\" data-e-type=\"container\">\n\t\t\t\t\t<div class=\"e-con-inner\">\n\t\t\t\t<div class=\"elementor-element elementor-element-1852024 elementor-widget elementor-widget-text-editor\" data-id=\"1852024\" data-element_type=\"widget\" data-e-type=\"widget\" data-widget_type=\"text-editor.default\">\n\t\t\t\t\t\t\t\t\t<p>Esta melod\u00eda fue compuesta por<span style=\"text-align: var(--text-align)\">\u00a0Santiago Pivaral Caravantes e interpretada por Paco C\u00e1ceres. La madre de Pivaral es la protagonista de este vals, do\u00f1a Rafaela viuda de Pivaral, originaria de Santa Rosa.<\/span><\/p><div><span style=\"color: var( --e-global-color-text );text-align: var(--text-align)\">\u00a0<\/span><\/div>\t\t\t\t\t\t\t\t<\/div>\n\t\t\t\t\t<\/div>\n\t\t\t\t<\/div>\n\t\t<div data-particle_enable=\"false\" data-particle-mobile-disabled=\"false\" class=\"elementor-element elementor-element-f1cff4b e-flex e-con-boxed e-con e-parent\" data-id=\"f1cff4b\" data-element_type=\"container\" data-e-type=\"container\">\n\t\t\t\t\t<div class=\"e-con-inner\">\n\t\t\t\t<div class=\"elementor-element elementor-element-712e633 elementor-widget elementor-widget-video\" data-id=\"712e633\" data-element_type=\"widget\" data-e-type=\"widget\" data-settings=\"{&quot;youtube_url&quot;:&quot;https:\\\/\\\/www.youtube.com\\\/watch?v=plLhSMWe5U4&quot;,&quot;video_type&quot;:&quot;youtube&quot;,&quot;controls&quot;:&quot;yes&quot;}\" data-widget_type=\"video.default\">\n\t\t\t\t\t\t\t<div class=\"elementor-wrapper elementor-open-inline\">\n\t\t\t<div class=\"elementor-video\"><\/div>\t\t<\/div>\n\t\t\t\t\t\t<\/div>\n\t\t\t\t\t<\/div>\n\t\t\t\t<\/div>\n\t\t<div data-particle_enable=\"false\" data-particle-mobile-disabled=\"false\" class=\"elementor-element elementor-element-fd84488 e-flex e-con-boxed e-con e-parent\" data-id=\"fd84488\" data-element_type=\"container\" data-e-type=\"container\">\n\t\t\t\t\t<div class=\"e-con-inner\">\n\t\t\t\t<div class=\"elementor-element elementor-element-23b76ca elementor-widget elementor-widget-heading\" data-id=\"23b76ca\" data-element_type=\"widget\" data-e-type=\"widget\" data-widget_type=\"heading.default\">\n\t\t\t\t\t<h3 class=\"elementor-heading-title elementor-size-default\">9. El rey quich\u00e9<\/h3>\t\t\t\t<\/div>\n\t\t\t\t\t<\/div>\n\t\t\t\t<\/div>\n\t\t<div data-particle_enable=\"false\" data-particle-mobile-disabled=\"false\" class=\"elementor-element elementor-element-bc14a21 e-flex e-con-boxed e-con e-parent\" data-id=\"bc14a21\" data-element_type=\"container\" data-e-type=\"container\">\n\t\t\t\t\t<div class=\"e-con-inner\">\n\t\t\t\t<div class=\"elementor-element elementor-element-5dd8549 elementor-widget elementor-widget-text-editor\" data-id=\"5dd8549\" data-element_type=\"widget\" data-e-type=\"widget\" data-widget_type=\"text-editor.default\">\n\t\t\t\t\t\t\t\t\t<p>Daniel Hurtado es el compositor de este son. Un homenaje a Tec\u00fan Um\u00e1n, el valiente guerrero\u00a0<a href=\"https:\/\/soymigrante.com\/revista\/musica-tradicional-de-guatemala-tipica-maya-marimba-guatemalteca\/\" target=\"_blank\" rel=\"noopener\">maya quich\u00e9\u00a0<\/a><span style=\"color: var( --e-global-color-text );text-align: var(--text-align)\"><em>Tonatiuh<\/em> -el sol<\/span><span style=\"font-family: Roboto, sans-serif;font-size: 16px;font-style: normal;font-weight: 400;color: var( --e-global-color-text );text-align: var(--text-align)\">&#8211;<\/span><span style=\"color: var( --e-global-color-text );text-align: var(--text-align)\">.<\/span><\/p>\t\t\t\t\t\t\t\t<\/div>\n\t\t\t\t\t<\/div>\n\t\t\t\t<\/div>\n\t\t<div data-particle_enable=\"false\" data-particle-mobile-disabled=\"false\" class=\"elementor-element elementor-element-e14d4ad e-flex e-con-boxed e-con e-parent\" data-id=\"e14d4ad\" data-element_type=\"container\" data-e-type=\"container\">\n\t\t\t\t\t<div class=\"e-con-inner\">\n\t\t\t\t<div class=\"elementor-element elementor-element-75be3ed elementor-widget elementor-widget-video\" data-id=\"75be3ed\" data-element_type=\"widget\" data-e-type=\"widget\" data-settings=\"{&quot;youtube_url&quot;:&quot;https:\\\/\\\/www.youtube.com\\\/watch?v=plLhSMWe5U4&quot;,&quot;video_type&quot;:&quot;youtube&quot;,&quot;controls&quot;:&quot;yes&quot;}\" data-widget_type=\"video.default\">\n\t\t\t\t\t\t\t<div class=\"elementor-wrapper elementor-open-inline\">\n\t\t\t<div class=\"elementor-video\"><\/div>\t\t<\/div>\n\t\t\t\t\t\t<\/div>\n\t\t\t\t\t<\/div>\n\t\t\t\t<\/div>\n\t\t<div data-particle_enable=\"false\" data-particle-mobile-disabled=\"false\" class=\"elementor-element elementor-element-1507cb3 e-flex e-con-boxed e-con e-parent\" data-id=\"1507cb3\" data-element_type=\"container\" data-e-type=\"container\">\n\t\t\t\t\t<div class=\"e-con-inner\">\n\t\t\t\t<div class=\"elementor-element elementor-element-81c47e7 elementor-widget elementor-widget-heading\" data-id=\"81c47e7\" data-element_type=\"widget\" data-e-type=\"widget\" data-widget_type=\"heading.default\">\n\t\t\t\t\t<h3 class=\"elementor-heading-title elementor-size-default\">10. Mi lupita<\/h3>\t\t\t\t<\/div>\n\t\t\t\t\t<\/div>\n\t\t\t\t<\/div>\n\t\t<div data-particle_enable=\"false\" data-particle-mobile-disabled=\"false\" class=\"elementor-element elementor-element-cb80038 e-flex e-con-boxed e-con e-parent\" data-id=\"cb80038\" data-element_type=\"container\" data-e-type=\"container\">\n\t\t\t\t\t<div class=\"e-con-inner\">\n\t\t\t\t<div class=\"elementor-element elementor-element-a0d6ada elementor-widget elementor-widget-text-editor\" data-id=\"a0d6ada\" data-element_type=\"widget\" data-e-type=\"widget\" data-widget_type=\"text-editor.default\">\n\t\t\t\t\t\t\t\t\t<p>Mario Margarito Tactic, originario de San Juan Sacatep\u00e9quez, es el compositor. Un dato curioso de esta melod\u00eda es lo que motiv\u00f3 a Tactic a crearla. Para evitar ser castigado por el coronel de apellido Garc\u00eda Gir\u00f3n, decidi\u00f3 crear esta pieza con el nombre de la hija de Garc\u00eda.<\/p>\t\t\t\t\t\t\t\t<\/div>\n\t\t\t\t\t<\/div>\n\t\t\t\t<\/div>\n\t\t<div data-particle_enable=\"false\" data-particle-mobile-disabled=\"false\" class=\"elementor-element elementor-element-a274e59 e-flex e-con-boxed e-con e-parent\" data-id=\"a274e59\" data-element_type=\"container\" data-e-type=\"container\">\n\t\t\t\t\t<div class=\"e-con-inner\">\n\t\t\t\t<div class=\"elementor-element elementor-element-c3715af elementor-widget elementor-widget-video\" data-id=\"c3715af\" data-element_type=\"widget\" data-e-type=\"widget\" data-settings=\"{&quot;youtube_url&quot;:&quot;https:\\\/\\\/www.youtube.com\\\/watch?v=c-W7Y299Mag&quot;,&quot;video_type&quot;:&quot;youtube&quot;,&quot;controls&quot;:&quot;yes&quot;}\" data-widget_type=\"video.default\">\n\t\t\t\t\t\t\t<div class=\"elementor-wrapper elementor-open-inline\">\n\t\t\t<div class=\"elementor-video\"><\/div>\t\t<\/div>\n\t\t\t\t\t\t<\/div>\n\t\t\t\t\t<\/div>\n\t\t\t\t<\/div>\n\t\t<div data-particle_enable=\"false\" data-particle-mobile-disabled=\"false\" class=\"elementor-element elementor-element-6a087d5 e-flex e-con-boxed e-con e-parent\" data-id=\"6a087d5\" data-element_type=\"container\" data-e-type=\"container\">\n\t\t\t\t\t<div class=\"e-con-inner\">\n\t\t\t\t<div class=\"elementor-element elementor-element-82b2b83 elementor-widget elementor-widget-heading\" data-id=\"82b2b83\" data-element_type=\"widget\" data-e-type=\"widget\" data-widget_type=\"heading.default\">\n\t\t\t\t\t<h3 class=\"elementor-heading-title elementor-size-default\">Lee m\u00e1s sobre la cultura guatemalteca<\/h3>\t\t\t\t<\/div>\n\t\t\t\t\t<\/div>\n\t\t\t\t<\/div>\n\t\t<div data-particle_enable=\"false\" data-particle-mobile-disabled=\"false\" class=\"elementor-element elementor-element-0cdba0a e-flex e-con-boxed e-con e-parent\" data-id=\"0cdba0a\" data-element_type=\"container\" data-e-type=\"container\">\n\t\t\t\t\t<div class=\"e-con-inner\">\n\t\t\t\t<div class=\"elementor-element elementor-element-571d350 elementor-grid-eael-col-3 elementor-grid-tablet-eael-col-2 elementor-grid-mobile-eael-col-1 elementor-widget elementor-widget-eael-post-grid\" data-id=\"571d350\" data-element_type=\"widget\" data-e-type=\"widget\" data-settings=\"{&quot;eael_post_grid_columns&quot;:&quot;eael-col-3&quot;,&quot;eael_post_grid_columns_tablet&quot;:&quot;eael-col-2&quot;,&quot;eael_post_grid_columns_mobile&quot;:&quot;eael-col-1&quot;}\" data-widget_type=\"eael-post-grid.default\">\n\t\t\t\t\t<div id=\"eael-post-grid-571d350\" class=\"eael-post-grid-container\">\n            <div class=\"eael-post-grid eael-post-appender eael-post-appender-571d350 eael-post-grid-style-one\" data-layout-mode=\"masonry\"><article class=\"eael-grid-post  eael-post-grid-column eael-pg-post-1716 category-guate-nuestra\" data-id=\"1716\">\n        <div class=\"eael-grid-post-holder\">\n            <div class=\"eael-grid-post-holder-inner\"><div class=\"eael-entry-media\"><div class=\"eael-entry-overlay fade-in\"><i class=\"far fa-hand-pointer\" aria-hidden=\"true\"><\/i><a href=\"https:\/\/soymigrante.com\/revista\/cultura-migrante-tigre-lazo-baile\/\"><\/a><\/div><div class=\"eael-entry-thumbnail \">\n                <img fetchpriority=\"high\" decoding=\"async\" width=\"1024\" height=\"731\" src=\"https:\/\/soymigrante.com\/revista\/wp-content\/uploads\/2023\/07\/seuimiento-monos-y-tigres-1024x731.webp\" class=\"attachment-large size-large wp-image-1735\" alt=\"\" srcset=\"https:\/\/soymigrante.com\/revista\/wp-content\/uploads\/2023\/07\/seuimiento-monos-y-tigres-1024x731.webp 1024w, https:\/\/soymigrante.com\/revista\/wp-content\/uploads\/2023\/07\/seuimiento-monos-y-tigres-300x214.webp 300w, https:\/\/soymigrante.com\/revista\/wp-content\/uploads\/2023\/07\/seuimiento-monos-y-tigres-768x549.webp 768w, https:\/\/soymigrante.com\/revista\/wp-content\/uploads\/2023\/07\/seuimiento-monos-y-tigres-120x86.webp 120w, https:\/\/soymigrante.com\/revista\/wp-content\/uploads\/2023\/07\/seuimiento-monos-y-tigres-350x250.webp 350w, https:\/\/soymigrante.com\/revista\/wp-content\/uploads\/2023\/07\/seuimiento-monos-y-tigres-750x536.webp 750w, https:\/\/soymigrante.com\/revista\/wp-content\/uploads\/2023\/07\/seuimiento-monos-y-tigres-1140x814.webp 1140w, https:\/\/soymigrante.com\/revista\/wp-content\/uploads\/2023\/07\/seuimiento-monos-y-tigres.webp 1512w\" sizes=\"(max-width: 1024px) 100vw, 1024px\" \/>\n            <\/div>\n        <\/div><div class=\"eael-entry-wrapper\"><header class=\"eael-entry-header\"><h2 class=\"eael-entry-title\"><a class=\"eael-grid-post-link\" href=\"https:\/\/soymigrante.com\/revista\/cultura-migrante-tigre-lazo-baile\/\" title=\"Recordando el Tigre, Lazo y Baile: Tradiciones Migrantes\">Recordando el Tigre, Lazo y Baile: Tradiciones Migrantes<\/a><\/h2><\/header><div class=\"eael-entry-content\">\n                        <div class=\"eael-grid-post-excerpt\"><a href=\"https:\/\/soymigrante.com\/revista\/cultura-migrante-tigre-lazo-baile\/\" class=\"eael-post-elements-readmore-btn\">CONOCE SU HISTORIA <\/a><\/div>\n                    <\/div><\/div><\/div>\n        <\/div>\n    <\/article><article class=\"eael-grid-post  eael-post-grid-column eael-pg-post-1365 category-exitos\" data-id=\"1365\">\n        <div class=\"eael-grid-post-holder\">\n            <div class=\"eael-grid-post-holder-inner\"><div class=\"eael-entry-media\"><div class=\"eael-entry-overlay fade-in\"><i class=\"far fa-hand-pointer\" aria-hidden=\"true\"><\/i><a href=\"https:\/\/soymigrante.com\/revista\/encomiendas-llevan-a-migrantes-guatemaltecos-el-sabor-y-el-amor-de-su-tierra\/\"><\/a><\/div><div class=\"eael-entry-thumbnail \">\n                <img decoding=\"async\" width=\"1024\" height=\"679\" src=\"https:\/\/soymigrante.com\/revista\/wp-content\/uploads\/2023\/06\/Servicio-de-encomiendas-conecta-a-guatemaltecos-en-Estados-Unidos-con-el-sabor-de-su-pueblo-5-1024x679.webp\" class=\"attachment-large size-large wp-image-1402\" alt=\"\" srcset=\"https:\/\/soymigrante.com\/revista\/wp-content\/uploads\/2023\/06\/Servicio-de-encomiendas-conecta-a-guatemaltecos-en-Estados-Unidos-con-el-sabor-de-su-pueblo-5-1024x679.webp 1024w, https:\/\/soymigrante.com\/revista\/wp-content\/uploads\/2023\/06\/Servicio-de-encomiendas-conecta-a-guatemaltecos-en-Estados-Unidos-con-el-sabor-de-su-pueblo-5-300x199.webp 300w, https:\/\/soymigrante.com\/revista\/wp-content\/uploads\/2023\/06\/Servicio-de-encomiendas-conecta-a-guatemaltecos-en-Estados-Unidos-con-el-sabor-de-su-pueblo-5-768x509.webp 768w, https:\/\/soymigrante.com\/revista\/wp-content\/uploads\/2023\/06\/Servicio-de-encomiendas-conecta-a-guatemaltecos-en-Estados-Unidos-con-el-sabor-de-su-pueblo-5-750x497.webp 750w, https:\/\/soymigrante.com\/revista\/wp-content\/uploads\/2023\/06\/Servicio-de-encomiendas-conecta-a-guatemaltecos-en-Estados-Unidos-con-el-sabor-de-su-pueblo-5-1140x756.webp 1140w, https:\/\/soymigrante.com\/revista\/wp-content\/uploads\/2023\/06\/Servicio-de-encomiendas-conecta-a-guatemaltecos-en-Estados-Unidos-con-el-sabor-de-su-pueblo-5.webp 1398w\" sizes=\"(max-width: 1024px) 100vw, 1024px\" \/>\n            <\/div>\n        <\/div><div class=\"eael-entry-wrapper\"><header class=\"eael-entry-header\"><h2 class=\"eael-entry-title\"><a class=\"eael-grid-post-link\" href=\"https:\/\/soymigrante.com\/revista\/encomiendas-llevan-a-migrantes-guatemaltecos-el-sabor-y-el-amor-de-su-tierra\/\" title=\"Encomiendas llevan a migrantes guatemaltecos el sabor y el amor de su tierra\">Encomiendas llevan a migrantes guatemaltecos el sabor y el amor de su tierra<\/a><\/h2><\/header><div class=\"eael-entry-content\">\n                        <div class=\"eael-grid-post-excerpt\"><a href=\"https:\/\/soymigrante.com\/revista\/encomiendas-llevan-a-migrantes-guatemaltecos-el-sabor-y-el-amor-de-su-tierra\/\" class=\"eael-post-elements-readmore-btn\">CONOCE SU HISTORIA <\/a><\/div>\n                    <\/div><\/div><\/div>\n        <\/div>\n    <\/article><article class=\"eael-grid-post  eael-post-grid-column eael-pg-post-1387 category-guate-nuestra\" data-id=\"1387\">\n        <div class=\"eael-grid-post-holder\">\n            <div class=\"eael-grid-post-holder-inner\"><div class=\"eael-entry-media\"><div class=\"eael-entry-overlay fade-in\"><i class=\"far fa-hand-pointer\" aria-hidden=\"true\"><\/i><a href=\"https:\/\/soymigrante.com\/revista\/siete-amaneceres-increibles-fotografiados-en-guatemala\/\"><\/a><\/div><div class=\"eael-entry-thumbnail \">\n                <img decoding=\"async\" width=\"1024\" height=\"684\" src=\"https:\/\/soymigrante.com\/revista\/wp-content\/uploads\/2023\/06\/Vistas-de-amaneceres-en-Guatemala-por-el-fotografo-Abel-Juarez-3-1024x684.webp\" class=\"attachment-large size-large wp-image-1390\" alt=\"Vistas de amaneceres en Guatemala por el fot\u00f3grafo Abel Ju\u00e1rez (3)\" srcset=\"https:\/\/soymigrante.com\/revista\/wp-content\/uploads\/2023\/06\/Vistas-de-amaneceres-en-Guatemala-por-el-fotografo-Abel-Juarez-3-1024x684.webp 1024w, https:\/\/soymigrante.com\/revista\/wp-content\/uploads\/2023\/06\/Vistas-de-amaneceres-en-Guatemala-por-el-fotografo-Abel-Juarez-3-300x200.webp 300w, https:\/\/soymigrante.com\/revista\/wp-content\/uploads\/2023\/06\/Vistas-de-amaneceres-en-Guatemala-por-el-fotografo-Abel-Juarez-3-768x513.webp 768w, https:\/\/soymigrante.com\/revista\/wp-content\/uploads\/2023\/06\/Vistas-de-amaneceres-en-Guatemala-por-el-fotografo-Abel-Juarez-3-1536x1025.webp 1536w, https:\/\/soymigrante.com\/revista\/wp-content\/uploads\/2023\/06\/Vistas-de-amaneceres-en-Guatemala-por-el-fotografo-Abel-Juarez-3-750x501.webp 750w, https:\/\/soymigrante.com\/revista\/wp-content\/uploads\/2023\/06\/Vistas-de-amaneceres-en-Guatemala-por-el-fotografo-Abel-Juarez-3-1140x761.webp 1140w, https:\/\/soymigrante.com\/revista\/wp-content\/uploads\/2023\/06\/Vistas-de-amaneceres-en-Guatemala-por-el-fotografo-Abel-Juarez-3-600x400.webp 600w, https:\/\/soymigrante.com\/revista\/wp-content\/uploads\/2023\/06\/Vistas-de-amaneceres-en-Guatemala-por-el-fotografo-Abel-Juarez-3.webp 1600w\" sizes=\"(max-width: 1024px) 100vw, 1024px\" \/>\n            <\/div>\n        <\/div><div class=\"eael-entry-wrapper\"><header class=\"eael-entry-header\"><h2 class=\"eael-entry-title\"><a class=\"eael-grid-post-link\" href=\"https:\/\/soymigrante.com\/revista\/siete-amaneceres-increibles-fotografiados-en-guatemala\/\" title=\"Solamente en Guatemala: 5 amaneceres y 2 atardeceres incre\u00edbles\">Solamente en Guatemala: 5 amaneceres y 2 atardeceres incre\u00edbles<\/a><\/h2><\/header><div class=\"eael-entry-content\">\n                        <div class=\"eael-grid-post-excerpt\"><a href=\"https:\/\/soymigrante.com\/revista\/siete-amaneceres-increibles-fotografiados-en-guatemala\/\" class=\"eael-post-elements-readmore-btn\">CONOCE SU HISTORIA <\/a><\/div>\n                    <\/div><\/div><\/div>\n        <\/div>\n    <\/article><\/div>\n            <div class=\"clearfix\"><\/div>\n        <\/div>\t\t\t\t<\/div>\n\t\t\t\t\t<\/div>\n\t\t\t\t<\/div>\n\t\t\t\t<\/div>\n\t\t","protected":false},"excerpt":{"rendered":"<p>Algo muy entra\u00f1able y simb\u00f3lico para un guatemalteco es el sonido de la marimba. Escucharla a la hora del almuerzo es una tradici\u00f3n. Tambi\u00e9n es com\u00fan escucharla en cumplea\u00f1os, festividades patrias e incluso bodas. No importa ni el lugar, ni la hora. Para que recuerdes un pedacito de esta tierra y su marimba, te compartimos [&hellip;]<\/p>\n","protected":false},"author":23,"featured_media":3657,"comment_status":"open","ping_status":"open","sticky":false,"template":"","format":"standard","meta":{"_acf_changed":true,"_eb_attr":"","footnotes":""},"categories":[58],"tags":[],"class_list":["post-8513","post","type-post","status-publish","format-standard","has-post-thumbnail","hentry","category-guate-nuestra"],"acf":[],"aioseo_notices":[],"aioseo_head":"\n\t\t<!-- All in One SEO Pro 4.9.6.2 - aioseo.com -->\n\t<meta name=\"description\" content=\"&quot;\u00a1Salve, mi Patria querida, mi dulce Guatemala, salve! Delicia y amor de mi vida, mi fuente y origen&quot;: las palabras del gran poeta guatemalteco Rafael Land\u00edvar (1731-1793) saltan a la mente al observar estos siete instantes captados por el fot\u00f3grafo Abel Ju\u00e1rez. Libertad y silencio en la Pe\u00f1a Blanca La Pe\u00f1a Blanca es una formaci\u00f3n\" \/>\n\t<meta name=\"robots\" content=\"max-snippet:-1, max-image-preview:large, max-video-preview:-1\" \/>\n\t<meta name=\"author\" content=\"SoyMigrante.com REVISTA\"\/>\n\t<link rel=\"canonical\" href=\"https:\/\/soymigrante.com\/revista\/siete-amaneceres-increibles-fotografiados-en-guatemala\/\" \/>\n\t<meta name=\"generator\" content=\"All in One SEO Pro (AIOSEO) 4.9.6.2\" \/>\n\n\t\t<link rel=\"preconnect\" href=\"https:\/\/fonts.googleapis.com\" crossorigin>\n<link rel=\"preconnect\" href=\"https:\/\/fonts.gstatic.com\" crossorigin>\n\t\t<meta property=\"og:locale\" content=\"es_ES\" \/>\n\t\t<meta property=\"og:site_name\" content=\"SoyMigrante.com REVISTA \u2013 Nuestra misi\u00f3n es reconocer y dignificar al migrante.\" \/>\n\t\t<meta property=\"og:type\" content=\"article\" \/>\n\t\t<meta property=\"og:title\" content=\"Solamente en Guatemala: 5 amaneceres y 2 atardeceres incre\u00edbles\" \/>\n\t\t<meta property=\"og:description\" content=\"&quot;\u00a1Salve, mi Patria querida, mi dulce Guatemala, salve! Delicia y amor de mi vida, mi fuente y origen&quot;: las palabras del gran poeta guatemalteco Rafael Land\u00edvar (1731-1793) saltan a la mente al observar estos siete instantes captados por el fot\u00f3grafo Abel Ju\u00e1rez. Libertad y silencio en la Pe\u00f1a Blanca La Pe\u00f1a Blanca es una formaci\u00f3n\" \/>\n\t\t<meta property=\"og:url\" content=\"https:\/\/soymigrante.com\/revista\/siete-amaneceres-increibles-fotografiados-en-guatemala\/\" \/>\n\t\t<meta property=\"og:image\" content=\"https:\/\/soymigrante.com\/revista\/wp-content\/uploads\/2023\/06\/Vistas-de-amaneceres-en-Guatemala-por-el-fotografo-Abel-Juarez-3.webp\" \/>\n\t\t<meta property=\"og:image:secure_url\" content=\"https:\/\/soymigrante.com\/revista\/wp-content\/uploads\/2023\/06\/Vistas-de-amaneceres-en-Guatemala-por-el-fotografo-Abel-Juarez-3.webp\" \/>\n\t\t<meta property=\"og:image:width\" content=\"1600\" \/>\n\t\t<meta property=\"og:image:height\" content=\"1068\" \/>\n\t\t<meta property=\"article:published_time\" content=\"2023-06-15T01:19:22+00:00\" \/>\n\t\t<meta property=\"article:modified_time\" content=\"2025-08-01T01:55:50+00:00\" \/>\n\t\t<meta property=\"article:publisher\" content=\"https:\/\/www.facebook.com\/soymigrantecom\" \/>\n\t\t<meta name=\"twitter:card\" content=\"summary_large_image\" \/>\n\t\t<meta name=\"twitter:site\" content=\"@SoyMigrante_com\" \/>\n\t\t<meta name=\"twitter:title\" content=\"Solamente en Guatemala: 5 amaneceres y 2 atardeceres incre\u00edbles\" \/>\n\t\t<meta name=\"twitter:description\" content=\"&quot;\u00a1Salve, mi Patria querida, mi dulce Guatemala, salve! Delicia y amor de mi vida, mi fuente y origen&quot;: las palabras del gran poeta guatemalteco Rafael Land\u00edvar (1731-1793) saltan a la mente al observar estos siete instantes captados por el fot\u00f3grafo Abel Ju\u00e1rez. Libertad y silencio en la Pe\u00f1a Blanca La Pe\u00f1a Blanca es una formaci\u00f3n\" \/>\n\t\t<meta name=\"twitter:creator\" content=\"@SoyMigrante_com\" \/>\n\t\t<meta name=\"twitter:image\" content=\"https:\/\/soymigrante.com\/revista\/wp-content\/uploads\/2023\/06\/Vistas-de-amaneceres-en-Guatemala-por-el-fotografo-Abel-Juarez-3.webp\" \/>\n\t\t<!-- All in One SEO Pro -->\r\n\t\t<title>Solamente en Guatemala: 5 amaneceres y 2 atardeceres incre\u00edbles<\/title>\n\n","aioseo_head_json":{"title":"Solamente en Guatemala: 5 amaneceres y 2 atardeceres incre\u00edbles","description":"\"\u00a1Salve, mi Patria querida, mi dulce Guatemala, salve! Delicia y amor de mi vida, mi fuente y origen\": las palabras del gran poeta guatemalteco Rafael Land\u00edvar (1731-1793) saltan a la mente al observar estos siete instantes captados por el fot\u00f3grafo Abel Ju\u00e1rez. Libertad y silencio en la Pe\u00f1a Blanca La Pe\u00f1a Blanca es una formaci\u00f3n","canonical_url":"https:\/\/soymigrante.com\/revista\/siete-amaneceres-increibles-fotografiados-en-guatemala\/","robots":"max-snippet:-1, max-image-preview:large, max-video-preview:-1","keywords":"","webmasterTools":{"miscellaneous":"&lt;link rel=\"preconnect\" href=\"https:\/\/fonts.googleapis.com\" crossorigin&gt;\n&lt;link rel=\"preconnect\" href=\"https:\/\/fonts.gstatic.com\" crossorigin&gt;"},"schema":null,"og:locale":"es_ES","og:site_name":"SoyMigrante.com REVISTA \u2013 Nuestra misi\u00f3n es reconocer y dignificar al migrante.","og:type":"article","og:title":"Solamente en Guatemala: 5 amaneceres y 2 atardeceres incre\u00edbles","og:description":"&quot;\u00a1Salve, mi Patria querida, mi dulce Guatemala, salve! Delicia y amor de mi vida, mi fuente y origen&quot;: las palabras del gran poeta guatemalteco Rafael Land\u00edvar (1731-1793) saltan a la mente al observar estos siete instantes captados por el fot\u00f3grafo Abel Ju\u00e1rez. Libertad y silencio en la Pe\u00f1a Blanca La Pe\u00f1a Blanca es una formaci\u00f3n","og:url":"https:\/\/soymigrante.com\/revista\/siete-amaneceres-increibles-fotografiados-en-guatemala\/","og:image":"https:\/\/soymigrante.com\/revista\/wp-content\/uploads\/2023\/06\/Vistas-de-amaneceres-en-Guatemala-por-el-fotografo-Abel-Juarez-3.webp","og:image:secure_url":"https:\/\/soymigrante.com\/revista\/wp-content\/uploads\/2023\/06\/Vistas-de-amaneceres-en-Guatemala-por-el-fotografo-Abel-Juarez-3.webp","og:image:width":1600,"og:image:height":1068,"article:published_time":"2023-06-15T01:19:22+00:00","article:modified_time":"2025-08-01T01:55:50+00:00","article:publisher":"https:\/\/www.facebook.com\/soymigrantecom","twitter:card":"summary_large_image","twitter:site":"@SoyMigrante_com","twitter:title":"Solamente en Guatemala: 5 amaneceres y 2 atardeceres incre\u00edbles","twitter:description":"&quot;\u00a1Salve, mi Patria querida, mi dulce Guatemala, salve! Delicia y amor de mi vida, mi fuente y origen&quot;: las palabras del gran poeta guatemalteco Rafael Land\u00edvar (1731-1793) saltan a la mente al observar estos siete instantes captados por el fot\u00f3grafo Abel Ju\u00e1rez. Libertad y silencio en la Pe\u00f1a Blanca La Pe\u00f1a Blanca es una formaci\u00f3n","twitter:creator":"@SoyMigrante_com","twitter:image":"https:\/\/soymigrante.com\/revista\/wp-content\/uploads\/2023\/06\/Vistas-de-amaneceres-en-Guatemala-por-el-fotografo-Abel-Juarez-3.webp"},"aioseo_meta_data":{"post_id":"8513","title":null,"description":"El sonido de la marimba guatemalteca sencillamente \u00fanico en el mundo. Este instrumento fue considerado s\u00edmbolo patrio en 1999. Estas son 10 melod\u00edas inolvidables.","keywords":null,"keyphrases":{"focus":{"keyphrase":"Marimba","score":82,"analysis":{"keyphraseInTitle":{"score":9,"maxScore":9,"error":0},"keyphraseInDescription":{"score":9,"maxScore":9,"error":0},"keyphraseLength":{"score":9,"maxScore":9,"error":0,"length":1},"keyphraseInURL":{"score":5,"maxScore":5,"error":0},"keyphraseInIntroduction":{"score":9,"maxScore":9,"error":0},"keyphraseInSubHeadings":{"score":3,"maxScore":9,"error":1},"keyphraseInImageAlt":{"score":3,"maxScore":9,"error":1},"keywordDensity":{"type":"best","score":9,"maxScore":9,"error":0}}},"additional":[{"keyphrase":"Guatemala","score":73,"analysis":{"keyphraseInDescription":{"score":3,"maxScore":9,"error":1},"keyphraseLength":{"score":9,"maxScore":9,"error":0,"length":1},"keyphraseInIntroduction":{"score":9,"maxScore":9,"error":0},"keyphraseInImageAlt":{"score":3,"maxScore":9,"error":1},"keywordDensity":{"type":"best","score":9,"maxScore":9,"error":0}}}]},"primary_term":null,"canonical_url":null,"og_title":null,"og_description":null,"og_object_type":"default","og_image_type":"default","og_image_url":null,"og_image_width":null,"og_image_height":null,"og_image_custom_url":null,"og_image_custom_fields":null,"og_video":"","og_custom_url":null,"og_article_section":null,"og_article_tags":null,"twitter_use_og":false,"twitter_card":"default","twitter_image_type":"default","twitter_image_url":null,"twitter_image_custom_url":null,"twitter_image_custom_fields":null,"twitter_title":null,"twitter_description":null,"schema":{"blockGraphs":[],"customGraphs":[],"default":{"data":{"Article":[],"Course":[],"Dataset":[],"FAQPage":[],"Movie":[],"Person":[],"Product":[],"ProductReview":[],"Car":[],"Recipe":[],"Service":[],"SoftwareApplication":[],"WebPage":[]},"graphName":"Article","isEnabled":true},"graphs":[]},"schema_type":"default","schema_type_options":null,"pillar_content":false,"robots_default":true,"robots_noindex":false,"robots_noarchive":false,"robots_nosnippet":false,"robots_nofollow":false,"robots_noimageindex":false,"robots_noodp":false,"robots_notranslate":false,"robots_max_snippet":"-1","robots_max_videopreview":"-1","robots_max_imagepreview":"large","priority":null,"frequency":"default","local_seo":null,"seo_analyzer_scan_date":"2025-10-09 02:33:13","breadcrumb_settings":null,"limit_modified_date":false,"reviewed_by":null,"open_ai":"{\"title\":{\"suggestions\":[],\"usage\":0},\"description\":{\"suggestions\":[],\"usage\":0}}","ai":null,"created":"2024-08-29 17:44:57","updated":"2026-02-04 21:12:32"},"aioseo_breadcrumb":"<div class=\"aioseo-breadcrumbs\"><span class=\"aioseo-breadcrumb\">\n\t<a href=\"https:\/\/soymigrante.com\/revista\" title=\"Home\">Home<\/a>\n<\/span><span class=\"aioseo-breadcrumb-separator\">\u00bb<\/span><span class=\"aioseo-breadcrumb\">\n\t<a href=\"https:\/\/soymigrante.com\/revista\/category\/guate-nuestra\/\" title=\"Guate Nuestra\">Guate Nuestra<\/a>\n<\/span><span class=\"aioseo-breadcrumb-separator\">\u00bb<\/span><span class=\"aioseo-breadcrumb\">\n\tMarimba de Guatemala: Diez melod\u00edas  que despiertan recuerdos y emociones\n<\/span><\/div>","aioseo_breadcrumb_json":[{"label":"Home","link":"https:\/\/soymigrante.com\/revista"},{"label":"Guate Nuestra","link":"https:\/\/soymigrante.com\/revista\/category\/guate-nuestra\/"},{"label":"Marimba de Guatemala: Diez melod\u00edas  que despiertan recuerdos y emociones","link":"https:\/\/soymigrante.com\/revista\/10-piezas-de-marimba-de-guatemala-para-bailar-y-recordar-tus-raices\/"}],"_links":{"self":[{"href":"https:\/\/soymigrante.com\/revista\/wp-json\/wp\/v2\/posts\/8513","targetHints":{"allow":["GET"]}}],"collection":[{"href":"https:\/\/soymigrante.com\/revista\/wp-json\/wp\/v2\/posts"}],"about":[{"href":"https:\/\/soymigrante.com\/revista\/wp-json\/wp\/v2\/types\/post"}],"author":[{"embeddable":true,"href":"https:\/\/soymigrante.com\/revista\/wp-json\/wp\/v2\/users\/23"}],"replies":[{"embeddable":true,"href":"https:\/\/soymigrante.com\/revista\/wp-json\/wp\/v2\/comments?post=8513"}],"version-history":[{"count":0,"href":"https:\/\/soymigrante.com\/revista\/wp-json\/wp\/v2\/posts\/8513\/revisions"}],"wp:featuredmedia":[{"embeddable":true,"href":"https:\/\/soymigrante.com\/revista\/wp-json\/wp\/v2\/media\/3657"}],"wp:attachment":[{"href":"https:\/\/soymigrante.com\/revista\/wp-json\/wp\/v2\/media?parent=8513"}],"wp:term":[{"taxonomy":"category","embeddable":true,"href":"https:\/\/soymigrante.com\/revista\/wp-json\/wp\/v2\/categories?post=8513"},{"taxonomy":"post_tag","embeddable":true,"href":"https:\/\/soymigrante.com\/revista\/wp-json\/wp\/v2\/tags?post=8513"}],"curies":[{"name":"wp","href":"https:\/\/api.w.org\/{rel}","templated":true}]}}