{"id":8492,"date":"2024-08-29T11:12:20","date_gmt":"2024-08-29T17:12:20","guid":{"rendered":"https:\/\/soymigrante.com\/revista\/?p=8492"},"modified":"2024-11-01T02:02:38","modified_gmt":"2024-11-01T08:02:38","slug":"como-comprar-vuelos-baratos-para-viajar-de-ee-uu-a-guatemala","status":"publish","type":"post","link":"https:\/\/soymigrante.com\/revista\/como-comprar-vuelos-baratos-para-viajar-de-ee-uu-a-guatemala\/","title":{"rendered":"Algunos tips para hallar vuelos m\u00e1s baratos de EE. UU. a Guatemala"},"content":{"rendered":"\t\t<div data-elementor-type=\"wp-post\" data-elementor-id=\"8492\" class=\"elementor elementor-8492\" data-elementor-post-type=\"post\">\n\t\t\t\t<div data-particle_enable=\"false\" data-particle-mobile-disabled=\"false\" class=\"elementor-element elementor-element-be553a3 e-flex e-con-boxed e-con e-parent\" data-id=\"be553a3\" data-element_type=\"container\" data-e-type=\"container\">\n\t\t\t\t\t<div class=\"e-con-inner\">\n\t\t\t\t<div class=\"elementor-element elementor-element-644e857 elementor-widget elementor-widget-heading\" data-id=\"644e857\" data-element_type=\"widget\" data-e-type=\"widget\" data-widget_type=\"heading.default\">\n\t\t\t\t\t<h2 class=\"elementor-heading-title elementor-size-default\">Es importante tomar en cuenta las condiciones que tengas para viajar: debes evaluar  la \u00e9poca, la antelaci\u00f3n y ciertas restricciones. Estas recomendaciones tambi\u00e9n te pueden servir para un destino Guatemala a EE. UU.<\/h2>\t\t\t\t<\/div>\n\t\t\t\t\t<\/div>\n\t\t\t\t<\/div>\n\t\t<div data-particle_enable=\"false\" data-particle-mobile-disabled=\"false\" class=\"elementor-element elementor-element-e6dbb24 e-flex e-con-boxed e-con e-parent\" data-id=\"e6dbb24\" data-element_type=\"container\" data-e-type=\"container\">\n\t\t\t\t\t<div class=\"e-con-inner\">\n\t\t\t\t<div class=\"elementor-element elementor-element-789dc7e elementor-widget elementor-widget-text-editor\" data-id=\"789dc7e\" data-element_type=\"widget\" data-e-type=\"widget\" data-widget_type=\"text-editor.default\">\n\t\t\t\t\t\t\t\t\t<p>Qui\u00e9n no desea ahorrarse un poco de dinero, para poder tener algo m\u00e1s de&nbsp; efectivo disponible para gastar despu\u00e9s.&nbsp; A veces, se busca un precio m\u00e1s bajo porque se viaja con familiares o bien en ciertas condiciones, sin equipaje, por ejemplo.<\/p><p>En todo caso, esa b\u00fasqueda tiene una buena herramienta en ciertos sitios digitales que ofrecen precisamente eso: vuelos baratos. Pero nunca hay que olvidar que a veces barato significa ciertas condiciones. Estas son algunas claves para lograr ese ahorro sin sacrificar tanto.<\/p>\t\t\t\t\t\t\t\t<\/div>\n\t\t\t\t\t<\/div>\n\t\t\t\t<\/div>\n\t\t<div data-particle_enable=\"false\" data-particle-mobile-disabled=\"false\" class=\"elementor-element elementor-element-2ae32ab e-flex e-con-boxed e-con e-parent\" data-id=\"2ae32ab\" data-element_type=\"container\" data-e-type=\"container\">\n\t\t\t\t\t<div class=\"e-con-inner\">\n\t\t\t\t<div class=\"elementor-element elementor-element-d1c7d51 elementor-widget elementor-widget-heading\" data-id=\"d1c7d51\" data-element_type=\"widget\" data-e-type=\"widget\" data-widget_type=\"heading.default\">\n\t\t\t\t\t<h3 class=\"elementor-heading-title elementor-size-default\">Buscando en el radar <\/h3>\t\t\t\t<\/div>\n\t\t\t\t\t<\/div>\n\t\t\t\t<\/div>\n\t\t<div data-particle_enable=\"false\" data-particle-mobile-disabled=\"false\" class=\"elementor-element elementor-element-01752b5 e-flex e-con-boxed e-con e-parent\" data-id=\"01752b5\" data-element_type=\"container\" data-e-type=\"container\">\n\t\t\t\t\t<div class=\"e-con-inner\">\n\t\t\t\t<div class=\"elementor-element elementor-element-07d2839 elementor-widget elementor-widget-text-editor\" data-id=\"07d2839\" data-element_type=\"widget\" data-e-type=\"widget\" data-widget_type=\"text-editor.default\">\n\t\t\t\t\t\t\t\t\t<ul><li>Puedes navegar por el sitio flightconnections.com, para que puedas comenzar a elegir las conexiones que hay de EE. UU. a\u00a0<a href=\"https:\/\/soymigrante.com\/revista\/chichicastenango-datos-que-quiza-ya-conocias-o-quiza-no\/\" target=\"_blank\" rel=\"noopener\">Guatemala<\/a>\u00a0o\u00a0<a href=\"https:\/\/soymigrante.com\/revista\/esposos-migrantes-estilistas-guatemaltecos\/\" target=\"_blank\" rel=\"noopener\">viceversa.\u00a0<\/a><\/li><li>Este sitio te ofrece datos de vuelos directos o indirectos.<\/li><li>Despu\u00e9s ve al sitio de\u00a0<a href=\"https:\/\/www.flightconnections.com\/es\" target=\"_blank\" rel=\"noopener\">googleflight.com<\/a>. Debes ingresar los datos de la ciudad hacia tu destino. Incluso a la hora de buscar la fecha en la que deseas viajar. Google te indica los precios de vuelos seg\u00fan el d\u00eda a elegir, para que as\u00ed puedas hacer cuentas seg\u00fan tu presupuesto.<\/li><\/ul>\t\t\t\t\t\t\t\t<\/div>\n\t\t\t\t\t<\/div>\n\t\t\t\t<\/div>\n\t\t<div data-particle_enable=\"false\" data-particle-mobile-disabled=\"false\" class=\"elementor-element elementor-element-3d6b425 e-flex e-con-boxed e-con e-parent\" data-id=\"3d6b425\" data-element_type=\"container\" data-e-type=\"container\">\n\t\t\t\t\t<div class=\"e-con-inner\">\n\t\t\t\t<div class=\"elementor-element elementor-element-bd7d397 animated-fast elementor-invisible elementor-widget elementor-widget-image\" data-id=\"bd7d397\" data-element_type=\"widget\" data-e-type=\"widget\" data-settings=\"{&quot;motion_fx_motion_fx_scrolling&quot;:&quot;yes&quot;,&quot;motion_fx_motion_fx_mouse&quot;:&quot;yes&quot;,&quot;_animation&quot;:&quot;fadeInDown&quot;,&quot;motion_fx_devices&quot;:[&quot;desktop&quot;,&quot;tablet&quot;,&quot;mobile&quot;]}\" data-widget_type=\"image.default\">\n\t\t\t\t\t\t\t\t\t\t\t\t\t\t\t<img fetchpriority=\"high\" decoding=\"async\" width=\"768\" height=\"356\" src=\"https:\/\/soymigrante.com\/revista\/wp-content\/uploads\/2024\/08\/vuelos-baratos-soy-migrante-guatemala-1024x474.webp\" class=\"attachment-large size-large wp-image-8498\" alt=\"Viaje en avi\u00f3n de Houston a Guatemala, mostrando rutas directas y aeropuertos en un mapa interactivo para planificar vuelos internacionales eficientes.\" srcset=\"https:\/\/soymigrante.com\/revista\/wp-content\/uploads\/2024\/08\/vuelos-baratos-soy-migrante-guatemala-1024x474.webp 1024w, https:\/\/soymigrante.com\/revista\/wp-content\/uploads\/2024\/08\/vuelos-baratos-soy-migrante-guatemala-300x139.webp 300w, https:\/\/soymigrante.com\/revista\/wp-content\/uploads\/2024\/08\/vuelos-baratos-soy-migrante-guatemala-768x355.webp 768w, https:\/\/soymigrante.com\/revista\/wp-content\/uploads\/2024\/08\/vuelos-baratos-soy-migrante-guatemala-750x347.webp 750w, https:\/\/soymigrante.com\/revista\/wp-content\/uploads\/2024\/08\/vuelos-baratos-soy-migrante-guatemala-1140x528.webp 1140w, https:\/\/soymigrante.com\/revista\/wp-content\/uploads\/2024\/08\/vuelos-baratos-soy-migrante-guatemala.webp 1316w\" sizes=\"(max-width: 768px) 100vw, 768px\" title=\"vuelos baratos soy migrante guatemala \u2013 SoyMigrante.com REVISTA\" \/>\t\t\t\t\t\t\t\t\t\t\t\t\t\t\t<\/div>\n\t\t\t\t\t<\/div>\n\t\t\t\t<\/div>\n\t\t<div data-particle_enable=\"false\" data-particle-mobile-disabled=\"false\" class=\"elementor-element elementor-element-0bf68a4 e-flex e-con-boxed e-con e-parent\" data-id=\"0bf68a4\" data-element_type=\"container\" data-e-type=\"container\">\n\t\t\t\t\t<div class=\"e-con-inner\">\n\t\t\t\t<div class=\"elementor-element elementor-element-725519c elementor-widget elementor-widget-text-editor\" data-id=\"725519c\" data-element_type=\"widget\" data-e-type=\"widget\" data-widget_type=\"text-editor.default\">\n\t\t\t\t\t\t\t\t\t<ul><li>\u00a0Al ir al buscador autom\u00e1ticamente te dirigir\u00e1 a la base de vuelos y las aerol\u00edneas disponibles seg\u00fan los datos que ingresaste. Elige la de tu preferencia.<\/li><li>Ac\u00e1 es importante comenzar a evaluar las condiciones que cada aerol\u00ednea tiene para el vuelo de tu inter\u00e9s.\u00a0<\/li><\/ul>\t\t\t\t\t\t\t\t<\/div>\n\t\t\t\t\t<\/div>\n\t\t\t\t<\/div>\n\t\t<div data-particle_enable=\"false\" data-particle-mobile-disabled=\"false\" class=\"elementor-element elementor-element-343f56e e-flex e-con-boxed e-con e-parent\" data-id=\"343f56e\" data-element_type=\"container\" data-e-type=\"container\">\n\t\t\t\t\t<div class=\"e-con-inner\">\n\t\t\t\t<div class=\"elementor-element elementor-element-12f9560 elementor-invisible elementor-widget elementor-widget-image\" data-id=\"12f9560\" data-element_type=\"widget\" data-e-type=\"widget\" data-settings=\"{&quot;motion_fx_motion_fx_scrolling&quot;:&quot;yes&quot;,&quot;motion_fx_motion_fx_mouse&quot;:&quot;yes&quot;,&quot;_animation&quot;:&quot;fadeInRight&quot;,&quot;motion_fx_devices&quot;:[&quot;desktop&quot;,&quot;tablet&quot;,&quot;mobile&quot;]}\" data-widget_type=\"image.default\">\n\t\t\t\t\t\t\t\t\t\t\t\t\t\t\t<img decoding=\"async\" width=\"768\" height=\"305\" src=\"https:\/\/soymigrante.com\/revista\/wp-content\/uploads\/2024\/08\/vuelos-baratos-google-soy-migrante-equipaje-1024x406.webp\" class=\"attachment-large size-large wp-image-8495\" alt=\"Vuelo Houston a Ciudad de Guatemala, aerol\u00edneas Spirit y Aerom\u00e9xico, tarifas econ\u00f3micas, vuelos directos con escala, informaci\u00f3n de precios, emisiones y equipaje incluido, reserva de vuelos internacionales.\" srcset=\"https:\/\/soymigrante.com\/revista\/wp-content\/uploads\/2024\/08\/vuelos-baratos-google-soy-migrante-equipaje-1024x406.webp 1024w, https:\/\/soymigrante.com\/revista\/wp-content\/uploads\/2024\/08\/vuelos-baratos-google-soy-migrante-equipaje-300x119.webp 300w, https:\/\/soymigrante.com\/revista\/wp-content\/uploads\/2024\/08\/vuelos-baratos-google-soy-migrante-equipaje-768x304.webp 768w, https:\/\/soymigrante.com\/revista\/wp-content\/uploads\/2024\/08\/vuelos-baratos-google-soy-migrante-equipaje-750x297.webp 750w, https:\/\/soymigrante.com\/revista\/wp-content\/uploads\/2024\/08\/vuelos-baratos-google-soy-migrante-equipaje.webp 1077w\" sizes=\"(max-width: 768px) 100vw, 768px\" title=\"vuelos baratos google soy migrante equipaje \u2013 SoyMigrante.com REVISTA\" \/>\t\t\t\t\t\t\t\t\t\t\t\t\t\t\t<\/div>\n\t\t\t\t\t<\/div>\n\t\t\t\t<\/div>\n\t\t<div data-particle_enable=\"false\" data-particle-mobile-disabled=\"false\" class=\"elementor-element elementor-element-ca9ab3e e-flex e-con-boxed e-con e-parent\" data-id=\"ca9ab3e\" data-element_type=\"container\" data-e-type=\"container\">\n\t\t\t\t\t<div class=\"e-con-inner\">\n\t\t\t\t<div class=\"elementor-element elementor-element-26a9cc0 elementor-widget elementor-widget-heading\" data-id=\"26a9cc0\" data-element_type=\"widget\" data-e-type=\"widget\" data-widget_type=\"heading.default\">\n\t\t\t\t\t<h3 class=\"elementor-heading-title elementor-size-default\">A menudo lo barato trae condiciones<\/h3>\t\t\t\t<\/div>\n\t\t\t\t\t<\/div>\n\t\t\t\t<\/div>\n\t\t<div data-particle_enable=\"false\" data-particle-mobile-disabled=\"false\" class=\"elementor-element elementor-element-bd12b69 e-flex e-con-boxed e-con e-parent\" data-id=\"bd12b69\" data-element_type=\"container\" data-e-type=\"container\">\n\t\t\t\t\t<div class=\"e-con-inner\">\n\t\t\t\t<div class=\"elementor-element elementor-element-7904f4c elementor-widget elementor-widget-text-editor\" data-id=\"7904f4c\" data-element_type=\"widget\" data-e-type=\"widget\" data-widget_type=\"text-editor.default\">\n\t\t\t\t\t\t\t\t\t<p>Es v\u00e1lido emocionarte por ver precios bastante accesibles, pero lee las condiciones que cada aerol\u00ednea tiene:<\/p>\n<ul>\n<li>&nbsp;Spirit y Volaris son algunas aerol\u00edneas que manejan vuelos de bajo costo.&nbsp;<\/li>\n<li>Cuando un boleto es m\u00e1s barato pueda que la aerol\u00ednea haga varias escalas.<\/li>\n<li>Algunas aerol\u00edneas de bajo costo te separan los boletos de ida y vuelta, es decir que una compa\u00f1\u00eda se encargar\u00e1 de conectar tu vuelo, pero ambos boletos ser\u00e1n de aerol\u00edneas diferentes.&nbsp;<\/li>\n<li>En temporada alta de viajes como Navidad o A\u00f1o Nuevo, los precios se disparan, incluso el doble del costo, o para fechas de alguna festividad importante. Lo recomendable es comprar el boleto unos tres meses antes como m\u00ednimo.<\/li>\n<li>Algunos buenos son m\u00e1s baratos porque&nbsp; hacen escala nocturna que puede ser de m\u00e1s de 10 horas. Regularmente las escalas pueden ser de 5 a 7 horas.<\/li>\n<\/ul>\t\t\t\t\t\t\t\t<\/div>\n\t\t\t\t\t<\/div>\n\t\t\t\t<\/div>\n\t\t<div data-particle_enable=\"false\" data-particle-mobile-disabled=\"false\" class=\"elementor-element elementor-element-b10ffea e-flex e-con-boxed e-con e-parent\" data-id=\"b10ffea\" data-element_type=\"container\" data-e-type=\"container\">\n\t\t\t\t\t<div class=\"e-con-inner\">\n\t\t\t\t<div class=\"elementor-element elementor-element-7cc79fc animated-fast elementor-invisible elementor-widget elementor-widget-image\" data-id=\"7cc79fc\" data-element_type=\"widget\" data-e-type=\"widget\" data-settings=\"{&quot;motion_fx_motion_fx_mouse&quot;:&quot;yes&quot;,&quot;_animation&quot;:&quot;fadeInUp&quot;}\" data-widget_type=\"image.default\">\n\t\t\t\t\t\t\t\t\t\t\t\t<figure class=\"wp-caption\">\n\t\t\t\t\t\t\t\t\t\t<img decoding=\"async\" width=\"768\" height=\"412\" src=\"https:\/\/soymigrante.com\/revista\/wp-content\/uploads\/2024\/08\/vuelos-baratos-google-soy-migrante-guatemala-1024x549.webp\" class=\"attachment-large size-large wp-image-8497\" alt=\"Vuelo econ\u00f3mico desde Houston - Encuentra las mejores ofertas de vuelos en SoyMigrante.com REVISTA.\" srcset=\"https:\/\/soymigrante.com\/revista\/wp-content\/uploads\/2024\/08\/vuelos-baratos-google-soy-migrante-guatemala-1024x549.webp 1024w, https:\/\/soymigrante.com\/revista\/wp-content\/uploads\/2024\/08\/vuelos-baratos-google-soy-migrante-guatemala-300x161.webp 300w, https:\/\/soymigrante.com\/revista\/wp-content\/uploads\/2024\/08\/vuelos-baratos-google-soy-migrante-guatemala-768x412.webp 768w, https:\/\/soymigrante.com\/revista\/wp-content\/uploads\/2024\/08\/vuelos-baratos-google-soy-migrante-guatemala-750x402.webp 750w, https:\/\/soymigrante.com\/revista\/wp-content\/uploads\/2024\/08\/vuelos-baratos-google-soy-migrante-guatemala.webp 1030w\" sizes=\"(max-width: 768px) 100vw, 768px\" title=\"vuelos baratos google soy migrante guatemala \u2013 SoyMigrante.com REVISTA\" \/>\t\t\t\t\t\t\t\t\t\t\t<figcaption class=\"widget-image-caption wp-caption-text\">Vuelos econ\u00f3micos desde Houston en SoyMigrante.com Revista, ofertas de vuelos y consejos para migrantes.<\/figcaption>\n\t\t\t\t\t\t\t\t\t\t<\/figure>\n\t\t\t\t\t\t\t\t\t<\/div>\n\t\t\t\t\t<\/div>\n\t\t\t\t<\/div>\n\t\t<div data-particle_enable=\"false\" data-particle-mobile-disabled=\"false\" class=\"elementor-element elementor-element-0b43fe1 e-flex e-con-boxed e-con e-parent\" data-id=\"0b43fe1\" data-element_type=\"container\" data-e-type=\"container\">\n\t\t\t\t\t<div class=\"e-con-inner\">\n\t\t\t\t<div class=\"elementor-element elementor-element-ca80866 elementor-widget elementor-widget-text-editor\" data-id=\"ca80866\" data-element_type=\"widget\" data-e-type=\"widget\" data-widget_type=\"text-editor.default\">\n\t\t\t\t\t\t\t\t\t<ul><li>Algunas aerol\u00edneas te advierten que los asientos son peque\u00f1os, no son reclinables.<\/li><li>En el servicio en aerol\u00edneas de bajo costo, el wifi a veces es un servicio extra por el que debes pagar. Otros no lo tienen.\u00a0<\/li><li>Verifica si ya est\u00e1 incluido el precio de\u00a0<a style=\"text-align: var(--text-align)\" href=\"https:\/\/soymigrante.com\/revista\/que-cosas-puedo-llevar-en-mi-maleta-de-mano\/\" target=\"_blank\" rel=\"noopener\">equipaje<\/a><span style=\"color: var( --e-global-color-text );text-align: var(--text-align)\">\u00a0o si hay una tarifa adicional. En los aeropuertos estos costos se pueden elevar.<\/span><\/li><li>Tambi\u00e9n revisa si la aerol\u00ednea tiene beneficio reembolsable ante cualquier eventualidad o no.<\/li><\/ul>\t\t\t\t\t\t\t\t<\/div>\n\t\t\t\t\t<\/div>\n\t\t\t\t<\/div>\n\t\t<div data-particle_enable=\"false\" data-particle-mobile-disabled=\"false\" class=\"elementor-element elementor-element-a993bca e-flex e-con-boxed e-con e-parent\" data-id=\"a993bca\" data-element_type=\"container\" data-e-type=\"container\">\n\t\t\t\t\t<div class=\"e-con-inner\">\n\t\t\t\t<div class=\"elementor-element elementor-element-724fc0d elementor-invisible elementor-widget elementor-widget-image\" data-id=\"724fc0d\" data-element_type=\"widget\" data-e-type=\"widget\" data-settings=\"{&quot;_animation&quot;:&quot;zoomIn&quot;}\" data-widget_type=\"image.default\">\n\t\t\t\t\t\t\t\t\t\t\t\t<figure class=\"wp-caption\">\n\t\t\t\t\t\t\t\t\t\t<img loading=\"lazy\" decoding=\"async\" width=\"768\" height=\"390\" src=\"https:\/\/soymigrante.com\/revista\/wp-content\/uploads\/2024\/08\/vuelos-baratos-google-soy-migrante-2-1024x520.webp\" class=\"attachment-large size-large wp-image-8496\" alt=\"Vuelos selectados con impacto ambiental, emisiones de CO2 y planificaci\u00f3n de viajes a Miami y Miami International, destacado en contenido sobre movilidad sostenible y turismo responsable.\" srcset=\"https:\/\/soymigrante.com\/revista\/wp-content\/uploads\/2024\/08\/vuelos-baratos-google-soy-migrante-2-1024x520.webp 1024w, https:\/\/soymigrante.com\/revista\/wp-content\/uploads\/2024\/08\/vuelos-baratos-google-soy-migrante-2-300x152.webp 300w, https:\/\/soymigrante.com\/revista\/wp-content\/uploads\/2024\/08\/vuelos-baratos-google-soy-migrante-2-768x390.webp 768w, https:\/\/soymigrante.com\/revista\/wp-content\/uploads\/2024\/08\/vuelos-baratos-google-soy-migrante-2-750x381.webp 750w, https:\/\/soymigrante.com\/revista\/wp-content\/uploads\/2024\/08\/vuelos-baratos-google-soy-migrante-2.webp 1069w\" sizes=\"(max-width: 768px) 100vw, 768px\" title=\"vuelos baratos google soy migrante 2 \u2013 SoyMigrante.com REVISTA\" \/>\t\t\t\t\t\t\t\t\t\t\t<figcaption class=\"widget-image-caption wp-caption-text\">Ruta de vuelos y detalles de emisiones de CO2 para viajeros que valoran opciones ecol\u00f3gicas en migraci\u00f3n y turismo.<\/figcaption>\n\t\t\t\t\t\t\t\t\t\t<\/figure>\n\t\t\t\t\t\t\t\t\t<\/div>\n\t\t\t\t\t<\/div>\n\t\t\t\t<\/div>\n\t\t<div data-particle_enable=\"false\" data-particle-mobile-disabled=\"false\" class=\"elementor-element elementor-element-46382f0 e-flex e-con-boxed e-con e-parent\" data-id=\"46382f0\" data-element_type=\"container\" data-e-type=\"container\">\n\t\t\t\t\t<div class=\"e-con-inner\">\n\t\t\t\t<div class=\"elementor-element elementor-element-4abe930 elementor-widget elementor-widget-heading\" data-id=\"4abe930\" data-element_type=\"widget\" data-e-type=\"widget\" data-widget_type=\"heading.default\">\n\t\t\t\t\t<h3 class=\"elementor-heading-title elementor-size-default\">Tipo de vuelo<\/h3>\t\t\t\t<\/div>\n\t\t\t\t\t<\/div>\n\t\t\t\t<\/div>\n\t\t<div data-particle_enable=\"false\" data-particle-mobile-disabled=\"false\" class=\"elementor-element elementor-element-799b479 e-flex e-con-boxed e-con e-parent\" data-id=\"799b479\" data-element_type=\"container\" data-e-type=\"container\">\n\t\t\t\t\t<div class=\"e-con-inner\">\n\t\t\t\t<div class=\"elementor-element elementor-element-4d4bfae elementor-widget elementor-widget-text-editor\" data-id=\"4d4bfae\" data-element_type=\"widget\" data-e-type=\"widget\" data-widget_type=\"text-editor.default\">\n\t\t\t\t\t\t\t\t\t<p>Toma en cuenta que un el costo entre un vuelo directo e indirecto tambi\u00e9n es un factor que puede elevar el costo. Son los vuelos indirectos (con escala) los m\u00e1s econ\u00f3micos.<br \/>Los Angeles, California, es una de las ciudades principales de Estados Unidos que m\u00e1s vuelos directos tiene con Guatemala, seg\u00fan Flight Connections.\u00a0<\/p><p>Otras ciudades que tienen vuelos directos\u00a0<a href=\"https:\/\/soymigrante.com\/revista\/musica-tradicional-de-guatemala-tipica-maya-marimba-guatemalteca\/\" target=\"_blank\" rel=\"noopener\">Houston<\/a>, Miami, Dallas,\u00a0<a href=\"https:\/\/soymigrante.com\/revista\/palo-volador-de-cubulco-llega-a-nueva-york-en-fotos-de-santiago-billy\/\" target=\"_blank\" rel=\"noopener\">Nueva York<\/a>, Fort Lauderdale, Atlanta, Washington D. C. y Chicago,<\/p>\t\t\t\t\t\t\t\t<\/div>\n\t\t\t\t\t<\/div>\n\t\t\t\t<\/div>\n\t\t<div data-particle_enable=\"false\" data-particle-mobile-disabled=\"false\" class=\"elementor-element elementor-element-e8bd775 e-flex e-con-boxed e-con e-parent\" data-id=\"e8bd775\" data-element_type=\"container\" data-e-type=\"container\">\n\t\t\t\t\t<div class=\"e-con-inner\">\n\t\t\t\t<div class=\"elementor-element elementor-element-bb47263 elementor-widget elementor-widget-text-editor\" data-id=\"bb47263\" data-element_type=\"widget\" data-e-type=\"widget\" data-widget_type=\"text-editor.default\">\n\t\t\t\t\t\t\t\t\t<p>Otra manera de buscar vuelos baratos ya sea de Guatemala\u00a0<a href=\"https:\/\/soymigrante.com\/revista\/visas-para-estados-unidos-cuantos-tipos-hay\/\" target=\"_blank\" rel=\"noopener\">a EE. UU.<\/a>\u00a0o viceversa es encontrar esos vuelos en p\u00e1ginas como Kayak, esta incluso tiene una app que puedes descargar en tu tel\u00e9fono.<\/p>\t\t\t\t\t\t\t\t<\/div>\n\t\t\t\t\t<\/div>\n\t\t\t\t<\/div>\n\t\t<div data-particle_enable=\"false\" data-particle-mobile-disabled=\"false\" class=\"elementor-element elementor-element-639c6f9 e-flex e-con-boxed e-con e-parent\" data-id=\"639c6f9\" data-element_type=\"container\" data-e-type=\"container\">\n\t\t\t\t\t<div class=\"e-con-inner\">\n\t\t\t\t<div class=\"elementor-element elementor-element-b2657c7 elementor-widget elementor-widget-heading\" data-id=\"b2657c7\" data-element_type=\"widget\" data-e-type=\"widget\" data-widget_type=\"heading.default\">\n\t\t\t\t\t<h3 class=\"elementor-heading-title elementor-size-default\">Guatemala es un para\u00edso natural para visitar<\/h3>\t\t\t\t<\/div>\n\t\t\t\t\t<\/div>\n\t\t\t\t<\/div>\n\t\t<div data-particle_enable=\"false\" data-particle-mobile-disabled=\"false\" class=\"elementor-element elementor-element-5f56ba2 e-flex e-con-boxed e-con e-parent\" data-id=\"5f56ba2\" data-element_type=\"container\" data-e-type=\"container\">\n\t\t\t\t\t<div class=\"e-con-inner\">\n\t\t\t\t<div class=\"elementor-element elementor-element-e7336e8 elementor-grid-eael-col-3 elementor-grid-tablet-eael-col-2 elementor-grid-mobile-eael-col-1 elementor-widget elementor-widget-eael-post-grid\" data-id=\"e7336e8\" data-element_type=\"widget\" data-e-type=\"widget\" data-settings=\"{&quot;eael_post_grid_columns&quot;:&quot;eael-col-3&quot;,&quot;eael_post_grid_columns_tablet&quot;:&quot;eael-col-2&quot;,&quot;eael_post_grid_columns_mobile&quot;:&quot;eael-col-1&quot;}\" data-widget_type=\"eael-post-grid.default\">\n\t\t\t\t\t<div id=\"eael-post-grid-e7336e8\" class=\"eael-post-grid-container\">\n            <div class=\"eael-post-grid eael-post-appender eael-post-appender-e7336e8 eael-post-grid-style-one\" data-layout-mode=\"masonry\"><article class=\"eael-grid-post  eael-post-grid-column eael-pg-post-8355 category-guate-nuestra\" data-id=\"8355\">\n        <div class=\"eael-grid-post-holder\">\n            <div class=\"eael-grid-post-holder-inner\"><div class=\"eael-entry-media\"><div class=\"eael-entry-overlay fade-in\"><i class=\"far fa-hand-pointer\" aria-hidden=\"true\"><\/i><a href=\"https:\/\/soymigrante.com\/revista\/fotos-de-guatemala-pablo-galindo-refleja-la-magia-de-la-tierra-del-quetzal\/\"><\/a><\/div><div class=\"eael-entry-thumbnail \">\n                <img loading=\"lazy\" decoding=\"async\" width=\"1024\" height=\"1024\" src=\"https:\/\/soymigrante.com\/revista\/wp-content\/uploads\/2024\/08\/volcanes-pablo-galindo-soy-migrante3-1-1024x1024.webp\" class=\"attachment-large size-large wp-image-8385\" alt=\"Vista del volc\u00e1n en erupci\u00f3n con columnas de humo y lava illuminated por la noche, s\u00edmbolo del poder de la naturaleza y la actividad volc\u00e1nica en Am\u00e9rica Central.\" srcset=\"https:\/\/soymigrante.com\/revista\/wp-content\/uploads\/2024\/08\/volcanes-pablo-galindo-soy-migrante3-1-1024x1024.webp 1024w, https:\/\/soymigrante.com\/revista\/wp-content\/uploads\/2024\/08\/volcanes-pablo-galindo-soy-migrante3-1-300x300.webp 300w, https:\/\/soymigrante.com\/revista\/wp-content\/uploads\/2024\/08\/volcanes-pablo-galindo-soy-migrante3-1-150x150.webp 150w, https:\/\/soymigrante.com\/revista\/wp-content\/uploads\/2024\/08\/volcanes-pablo-galindo-soy-migrante3-1-768x768.webp 768w, https:\/\/soymigrante.com\/revista\/wp-content\/uploads\/2024\/08\/volcanes-pablo-galindo-soy-migrante3-1-75x75.webp 75w, https:\/\/soymigrante.com\/revista\/wp-content\/uploads\/2024\/08\/volcanes-pablo-galindo-soy-migrante3-1-750x750.webp 750w, https:\/\/soymigrante.com\/revista\/wp-content\/uploads\/2024\/08\/volcanes-pablo-galindo-soy-migrante3-1-1140x1140.webp 1140w, https:\/\/soymigrante.com\/revista\/wp-content\/uploads\/2024\/08\/volcanes-pablo-galindo-soy-migrante3-1.webp 1440w\" sizes=\"(max-width: 1024px) 100vw, 1024px\" \/>\n            <\/div>\n        <\/div><div class=\"eael-entry-wrapper\"><header class=\"eael-entry-header\"><h2 class=\"eael-entry-title\"><a class=\"eael-grid-post-link\" href=\"https:\/\/soymigrante.com\/revista\/fotos-de-guatemala-pablo-galindo-refleja-la-magia-de-la-tierra-del-quetzal\/\" title=\"Fotos de Guatemala :  Pablo Galindo refleja la magia de la tierra del Quetzal\">Fotos de Guatemala :  Pablo Galindo refleja la magia de la tierra del Quetzal<\/a><\/h2><\/header><div class=\"eael-entry-content\">\n                        <div class=\"eael-grid-post-excerpt\"><a href=\"https:\/\/soymigrante.com\/revista\/fotos-de-guatemala-pablo-galindo-refleja-la-magia-de-la-tierra-del-quetzal\/\" class=\"eael-post-elements-readmore-btn\">CONOCE SU HISTORIA <\/a><\/div>\n                    <\/div><\/div><\/div>\n        <\/div>\n    <\/article><article class=\"eael-grid-post  eael-post-grid-column eael-pg-post-7839 category-exitos\" data-id=\"7839\">\n        <div class=\"eael-grid-post-holder\">\n            <div class=\"eael-grid-post-holder-inner\"><div class=\"eael-entry-media\"><div class=\"eael-entry-overlay fade-in\"><i class=\"far fa-hand-pointer\" aria-hidden=\"true\"><\/i><a href=\"https:\/\/soymigrante.com\/revista\/donde-el-fotografo-missael-sian-pone-el-ojo-pone-la-magia\/\"><\/a><\/div><div class=\"eael-entry-thumbnail \">\n                <img loading=\"lazy\" decoding=\"async\" width=\"1024\" height=\"1024\" src=\"https:\/\/soymigrante.com\/revista\/wp-content\/uploads\/2024\/08\/missael-1024x1024.webp\" class=\"attachment-large size-large wp-image-7856\" alt=\"Personaje con c\u00e1mara de fotos en silencio, disfrutando del atardecer en un paisaje natural, simbolizando la creatividad, la libertad y la exploraci\u00f3n en el \u00e1mbito de la migraci\u00f3n y la cultura.\" srcset=\"https:\/\/soymigrante.com\/revista\/wp-content\/uploads\/2024\/08\/missael-1024x1024.webp 1024w, https:\/\/soymigrante.com\/revista\/wp-content\/uploads\/2024\/08\/missael-300x300.webp 300w, https:\/\/soymigrante.com\/revista\/wp-content\/uploads\/2024\/08\/missael-150x150.webp 150w, https:\/\/soymigrante.com\/revista\/wp-content\/uploads\/2024\/08\/missael-768x768.webp 768w, https:\/\/soymigrante.com\/revista\/wp-content\/uploads\/2024\/08\/missael-75x75.webp 75w, https:\/\/soymigrante.com\/revista\/wp-content\/uploads\/2024\/08\/missael-750x750.webp 750w, https:\/\/soymigrante.com\/revista\/wp-content\/uploads\/2024\/08\/missael-1140x1140.webp 1140w, https:\/\/soymigrante.com\/revista\/wp-content\/uploads\/2024\/08\/missael.webp 1208w\" sizes=\"(max-width: 1024px) 100vw, 1024px\" \/>\n            <\/div>\n        <\/div><div class=\"eael-entry-wrapper\"><header class=\"eael-entry-header\"><h2 class=\"eael-entry-title\"><a class=\"eael-grid-post-link\" href=\"https:\/\/soymigrante.com\/revista\/donde-el-fotografo-missael-sian-pone-el-ojo-pone-la-magia\/\" title=\"Donde pone el ojo, pone la magia: el fot\u00f3grafo guatemalteco Missael Sian\">Donde pone el ojo, pone la magia: el fot\u00f3grafo guatemalteco Missael Sian<\/a><\/h2><\/header><div class=\"eael-entry-content\">\n                        <div class=\"eael-grid-post-excerpt\"><a href=\"https:\/\/soymigrante.com\/revista\/donde-el-fotografo-missael-sian-pone-el-ojo-pone-la-magia\/\" class=\"eael-post-elements-readmore-btn\">CONOCE SU HISTORIA <\/a><\/div>\n                    <\/div><\/div><\/div>\n        <\/div>\n    <\/article><article class=\"eael-grid-post  eael-post-grid-column eael-pg-post-1387 category-guate-nuestra\" data-id=\"1387\">\n        <div class=\"eael-grid-post-holder\">\n            <div class=\"eael-grid-post-holder-inner\"><div class=\"eael-entry-media\"><div class=\"eael-entry-overlay fade-in\"><i class=\"far fa-hand-pointer\" aria-hidden=\"true\"><\/i><a href=\"https:\/\/soymigrante.com\/revista\/siete-amaneceres-increibles-fotografiados-en-guatemala\/\"><\/a><\/div><div class=\"eael-entry-thumbnail \">\n                <img loading=\"lazy\" decoding=\"async\" width=\"1024\" height=\"684\" src=\"https:\/\/soymigrante.com\/revista\/wp-content\/uploads\/2023\/06\/Vistas-de-amaneceres-en-Guatemala-por-el-fotografo-Abel-Juarez-3-1024x684.webp\" class=\"attachment-large size-large wp-image-1390\" alt=\"Vistas de amaneceres en Guatemala por el fot\u00f3grafo Abel Ju\u00e1rez (3)\" srcset=\"https:\/\/soymigrante.com\/revista\/wp-content\/uploads\/2023\/06\/Vistas-de-amaneceres-en-Guatemala-por-el-fotografo-Abel-Juarez-3-1024x684.webp 1024w, https:\/\/soymigrante.com\/revista\/wp-content\/uploads\/2023\/06\/Vistas-de-amaneceres-en-Guatemala-por-el-fotografo-Abel-Juarez-3-300x200.webp 300w, https:\/\/soymigrante.com\/revista\/wp-content\/uploads\/2023\/06\/Vistas-de-amaneceres-en-Guatemala-por-el-fotografo-Abel-Juarez-3-768x513.webp 768w, https:\/\/soymigrante.com\/revista\/wp-content\/uploads\/2023\/06\/Vistas-de-amaneceres-en-Guatemala-por-el-fotografo-Abel-Juarez-3-1536x1025.webp 1536w, https:\/\/soymigrante.com\/revista\/wp-content\/uploads\/2023\/06\/Vistas-de-amaneceres-en-Guatemala-por-el-fotografo-Abel-Juarez-3-750x501.webp 750w, https:\/\/soymigrante.com\/revista\/wp-content\/uploads\/2023\/06\/Vistas-de-amaneceres-en-Guatemala-por-el-fotografo-Abel-Juarez-3-1140x761.webp 1140w, https:\/\/soymigrante.com\/revista\/wp-content\/uploads\/2023\/06\/Vistas-de-amaneceres-en-Guatemala-por-el-fotografo-Abel-Juarez-3-600x400.webp 600w, https:\/\/soymigrante.com\/revista\/wp-content\/uploads\/2023\/06\/Vistas-de-amaneceres-en-Guatemala-por-el-fotografo-Abel-Juarez-3.webp 1600w\" sizes=\"(max-width: 1024px) 100vw, 1024px\" \/>\n            <\/div>\n        <\/div><div class=\"eael-entry-wrapper\"><header class=\"eael-entry-header\"><h2 class=\"eael-entry-title\"><a class=\"eael-grid-post-link\" href=\"https:\/\/soymigrante.com\/revista\/siete-amaneceres-increibles-fotografiados-en-guatemala\/\" title=\"Solamente en Guatemala: 5 amaneceres y 2 atardeceres incre\u00edbles\">Solamente en Guatemala: 5 amaneceres y 2 atardeceres incre\u00edbles<\/a><\/h2><\/header><div class=\"eael-entry-content\">\n                        <div class=\"eael-grid-post-excerpt\"><a href=\"https:\/\/soymigrante.com\/revista\/siete-amaneceres-increibles-fotografiados-en-guatemala\/\" class=\"eael-post-elements-readmore-btn\">CONOCE SU HISTORIA <\/a><\/div>\n                    <\/div><\/div><\/div>\n        <\/div>\n    <\/article><\/div>\n            <div class=\"clearfix\"><\/div>\n        <\/div>\t\t\t\t<\/div>\n\t\t\t\t\t<\/div>\n\t\t\t\t<\/div>\n\t\t\t\t<\/div>\n\t\t","protected":false},"excerpt":{"rendered":"<p>Es importante tomar en cuenta las condiciones que tengas para viajar: debes evaluar la \u00e9poca, la antelaci\u00f3n y ciertas restricciones. Estas recomendaciones tambi\u00e9n te pueden servir para un destino Guatemala a EE. UU. Qui\u00e9n no desea ahorrarse un poco de dinero, para poder tener algo m\u00e1s de&nbsp; efectivo disponible para gastar despu\u00e9s.&nbsp; A veces, se [&hellip;]<\/p>\n","protected":false},"author":23,"featured_media":8494,"comment_status":"open","ping_status":"open","sticky":false,"template":"","format":"standard","meta":{"_acf_changed":false,"_eb_attr":"","footnotes":""},"categories":[59],"tags":[],"class_list":["post-8492","post","type-post","status-publish","format-standard","has-post-thumbnail","hentry","category-recursos-migratorios"],"acf":[],"aioseo_notices":[],"aioseo_head":"\n\t\t<!-- All in One SEO Pro 4.9.6.2 - aioseo.com -->\n\t<meta name=\"description\" content=\"&quot;\u00a1Salve, mi Patria querida, mi dulce Guatemala, salve! Delicia y amor de mi vida, mi fuente y origen&quot;: las palabras del gran poeta guatemalteco Rafael Land\u00edvar (1731-1793) saltan a la mente al observar estos siete instantes captados por el fot\u00f3grafo Abel Ju\u00e1rez. Libertad y silencio en la Pe\u00f1a Blanca La Pe\u00f1a Blanca es una formaci\u00f3n\" \/>\n\t<meta name=\"robots\" content=\"max-snippet:-1, max-image-preview:large, max-video-preview:-1\" \/>\n\t<meta name=\"author\" content=\"SoyMigrante.com REVISTA\"\/>\n\t<link rel=\"canonical\" href=\"https:\/\/soymigrante.com\/revista\/siete-amaneceres-increibles-fotografiados-en-guatemala\/\" \/>\n\t<meta name=\"generator\" content=\"All in One SEO Pro (AIOSEO) 4.9.6.2\" \/>\n\n\t\t<link rel=\"preconnect\" href=\"https:\/\/fonts.googleapis.com\" crossorigin>\n<link rel=\"preconnect\" href=\"https:\/\/fonts.gstatic.com\" crossorigin>\n\t\t<meta property=\"og:locale\" content=\"es_ES\" \/>\n\t\t<meta property=\"og:site_name\" content=\"SoyMigrante.com REVISTA \u2013 Nuestra misi\u00f3n es reconocer y dignificar al migrante.\" \/>\n\t\t<meta property=\"og:type\" content=\"article\" \/>\n\t\t<meta property=\"og:title\" content=\"Solamente en Guatemala: 5 amaneceres y 2 atardeceres incre\u00edbles\" \/>\n\t\t<meta property=\"og:description\" content=\"&quot;\u00a1Salve, mi Patria querida, mi dulce Guatemala, salve! Delicia y amor de mi vida, mi fuente y origen&quot;: las palabras del gran poeta guatemalteco Rafael Land\u00edvar (1731-1793) saltan a la mente al observar estos siete instantes captados por el fot\u00f3grafo Abel Ju\u00e1rez. Libertad y silencio en la Pe\u00f1a Blanca La Pe\u00f1a Blanca es una formaci\u00f3n\" \/>\n\t\t<meta property=\"og:url\" content=\"https:\/\/soymigrante.com\/revista\/siete-amaneceres-increibles-fotografiados-en-guatemala\/\" \/>\n\t\t<meta property=\"og:image\" content=\"https:\/\/soymigrante.com\/revista\/wp-content\/uploads\/2023\/06\/Vistas-de-amaneceres-en-Guatemala-por-el-fotografo-Abel-Juarez-3.webp\" \/>\n\t\t<meta property=\"og:image:secure_url\" content=\"https:\/\/soymigrante.com\/revista\/wp-content\/uploads\/2023\/06\/Vistas-de-amaneceres-en-Guatemala-por-el-fotografo-Abel-Juarez-3.webp\" \/>\n\t\t<meta property=\"og:image:width\" content=\"1600\" \/>\n\t\t<meta property=\"og:image:height\" content=\"1068\" \/>\n\t\t<meta property=\"article:published_time\" content=\"2023-06-15T01:19:22+00:00\" \/>\n\t\t<meta property=\"article:modified_time\" content=\"2025-08-01T01:55:50+00:00\" \/>\n\t\t<meta property=\"article:publisher\" content=\"https:\/\/www.facebook.com\/soymigrantecom\" \/>\n\t\t<meta name=\"twitter:card\" content=\"summary_large_image\" \/>\n\t\t<meta name=\"twitter:site\" content=\"@SoyMigrante_com\" \/>\n\t\t<meta name=\"twitter:title\" content=\"Solamente en Guatemala: 5 amaneceres y 2 atardeceres incre\u00edbles\" \/>\n\t\t<meta name=\"twitter:description\" content=\"&quot;\u00a1Salve, mi Patria querida, mi dulce Guatemala, salve! Delicia y amor de mi vida, mi fuente y origen&quot;: las palabras del gran poeta guatemalteco Rafael Land\u00edvar (1731-1793) saltan a la mente al observar estos siete instantes captados por el fot\u00f3grafo Abel Ju\u00e1rez. Libertad y silencio en la Pe\u00f1a Blanca La Pe\u00f1a Blanca es una formaci\u00f3n\" \/>\n\t\t<meta name=\"twitter:creator\" content=\"@SoyMigrante_com\" \/>\n\t\t<meta name=\"twitter:image\" content=\"https:\/\/soymigrante.com\/revista\/wp-content\/uploads\/2023\/06\/Vistas-de-amaneceres-en-Guatemala-por-el-fotografo-Abel-Juarez-3.webp\" \/>\n\t\t<!-- All in One SEO Pro -->\r\n\t\t<title>Solamente en Guatemala: 5 amaneceres y 2 atardeceres incre\u00edbles<\/title>\n\n","aioseo_head_json":{"title":"Solamente en Guatemala: 5 amaneceres y 2 atardeceres incre\u00edbles","description":"\"\u00a1Salve, mi Patria querida, mi dulce Guatemala, salve! Delicia y amor de mi vida, mi fuente y origen\": las palabras del gran poeta guatemalteco Rafael Land\u00edvar (1731-1793) saltan a la mente al observar estos siete instantes captados por el fot\u00f3grafo Abel Ju\u00e1rez. Libertad y silencio en la Pe\u00f1a Blanca La Pe\u00f1a Blanca es una formaci\u00f3n","canonical_url":"https:\/\/soymigrante.com\/revista\/siete-amaneceres-increibles-fotografiados-en-guatemala\/","robots":"max-snippet:-1, max-image-preview:large, max-video-preview:-1","keywords":"","webmasterTools":{"miscellaneous":"&lt;link rel=\"preconnect\" href=\"https:\/\/fonts.googleapis.com\" crossorigin&gt;\n&lt;link rel=\"preconnect\" href=\"https:\/\/fonts.gstatic.com\" crossorigin&gt;"},"schema":null,"og:locale":"es_ES","og:site_name":"SoyMigrante.com REVISTA \u2013 Nuestra misi\u00f3n es reconocer y dignificar al migrante.","og:type":"article","og:title":"Solamente en Guatemala: 5 amaneceres y 2 atardeceres incre\u00edbles","og:description":"&quot;\u00a1Salve, mi Patria querida, mi dulce Guatemala, salve! Delicia y amor de mi vida, mi fuente y origen&quot;: las palabras del gran poeta guatemalteco Rafael Land\u00edvar (1731-1793) saltan a la mente al observar estos siete instantes captados por el fot\u00f3grafo Abel Ju\u00e1rez. Libertad y silencio en la Pe\u00f1a Blanca La Pe\u00f1a Blanca es una formaci\u00f3n","og:url":"https:\/\/soymigrante.com\/revista\/siete-amaneceres-increibles-fotografiados-en-guatemala\/","og:image":"https:\/\/soymigrante.com\/revista\/wp-content\/uploads\/2023\/06\/Vistas-de-amaneceres-en-Guatemala-por-el-fotografo-Abel-Juarez-3.webp","og:image:secure_url":"https:\/\/soymigrante.com\/revista\/wp-content\/uploads\/2023\/06\/Vistas-de-amaneceres-en-Guatemala-por-el-fotografo-Abel-Juarez-3.webp","og:image:width":1600,"og:image:height":1068,"article:published_time":"2023-06-15T01:19:22+00:00","article:modified_time":"2025-08-01T01:55:50+00:00","article:publisher":"https:\/\/www.facebook.com\/soymigrantecom","twitter:card":"summary_large_image","twitter:site":"@SoyMigrante_com","twitter:title":"Solamente en Guatemala: 5 amaneceres y 2 atardeceres incre\u00edbles","twitter:description":"&quot;\u00a1Salve, mi Patria querida, mi dulce Guatemala, salve! Delicia y amor de mi vida, mi fuente y origen&quot;: las palabras del gran poeta guatemalteco Rafael Land\u00edvar (1731-1793) saltan a la mente al observar estos siete instantes captados por el fot\u00f3grafo Abel Ju\u00e1rez. Libertad y silencio en la Pe\u00f1a Blanca La Pe\u00f1a Blanca es una formaci\u00f3n","twitter:creator":"@SoyMigrante_com","twitter:image":"https:\/\/soymigrante.com\/revista\/wp-content\/uploads\/2023\/06\/Vistas-de-amaneceres-en-Guatemala-por-el-fotografo-Abel-Juarez-3.webp"},"aioseo_meta_data":{"post_id":"8492","title":"Vuelos a mejor precios: algunas claves a tener presentes","description":"Aparte de sondear sitios con ese nombre, es posible tener ciertas estrategias de b\u00fasqueda para lograr mejores precios en vuelos de USA a Guatemala. Estas son.","keywords":null,"keyphrases":{"focus":{"keyphrase":"vuelos m\u00e1s baratos","score":37,"analysis":{"keyphraseInTitle":{"score":3,"maxScore":9,"error":1},"keyphraseInDescription":{"score":3,"maxScore":9,"error":1},"keyphraseLength":{"score":9,"maxScore":9,"error":0,"length":4},"keyphraseInURL":{"score":1,"maxScore":5,"error":1},"keyphraseInIntroduction":{"score":3,"maxScore":9,"error":1},"keyphraseInSubHeadings":{"score":3,"maxScore":9,"error":1},"keyphraseInImageAlt":{"score":3,"maxScore":9,"error":1},"keywordDensity":{"score":0,"type":"low","maxScore":9,"error":1}}},"additional":[{"keyphrase":"boletos baratos","score":40,"analysis":{"keyphraseInDescription":{"score":3,"maxScore":9,"error":1},"keyphraseLength":{"score":9,"maxScore":9,"error":0,"length":2},"keyphraseInIntroduction":{"score":3,"maxScore":9,"error":1},"keyphraseInImageAlt":{"score":3,"maxScore":9,"error":1},"keywordDensity":{"score":0,"type":"low","maxScore":9,"error":1}}},{"keyphrase":"soy guatemalteco","score":40,"analysis":{"keyphraseInDescription":{"score":3,"maxScore":9,"error":1},"keyphraseLength":{"score":9,"maxScore":9,"error":0,"length":2},"keyphraseInIntroduction":{"score":3,"maxScore":9,"error":1},"keyphraseInImageAlt":{"score":3,"maxScore":9,"error":1},"keywordDensity":{"score":0,"type":"low","maxScore":9,"error":1}}},{"keyphrase":"viajes baratos","score":40,"analysis":{"keyphraseInDescription":{"score":3,"maxScore":9,"error":1},"keyphraseLength":{"score":9,"maxScore":9,"error":0,"length":2},"keyphraseInIntroduction":{"score":3,"maxScore":9,"error":1},"keyphraseInImageAlt":{"score":3,"maxScore":9,"error":1},"keywordDensity":{"score":0,"type":"low","maxScore":9,"error":1}}}]},"primary_term":null,"canonical_url":null,"og_title":null,"og_description":null,"og_object_type":"default","og_image_type":"default","og_image_url":null,"og_image_width":null,"og_image_height":null,"og_image_custom_url":null,"og_image_custom_fields":null,"og_video":"","og_custom_url":null,"og_article_section":null,"og_article_tags":null,"twitter_use_og":false,"twitter_card":"default","twitter_image_type":"default","twitter_image_url":null,"twitter_image_custom_url":null,"twitter_image_custom_fields":null,"twitter_title":null,"twitter_description":null,"schema":{"blockGraphs":[],"customGraphs":[],"default":{"data":{"Article":[],"Course":[],"Dataset":[],"FAQPage":[],"Movie":[],"Person":[],"Product":[],"ProductReview":[],"Car":[],"Recipe":[],"Service":[],"SoftwareApplication":[],"WebPage":[]},"graphName":"Article","isEnabled":true},"graphs":[]},"schema_type":"default","schema_type_options":null,"pillar_content":false,"robots_default":true,"robots_noindex":false,"robots_noarchive":false,"robots_nosnippet":false,"robots_nofollow":false,"robots_noimageindex":false,"robots_noodp":false,"robots_notranslate":false,"robots_max_snippet":"-1","robots_max_videopreview":"-1","robots_max_imagepreview":"large","priority":null,"frequency":"default","local_seo":null,"seo_analyzer_scan_date":"2025-10-08 22:49:24","breadcrumb_settings":null,"limit_modified_date":false,"reviewed_by":null,"open_ai":"{\"title\":{\"suggestions\":[],\"usage\":0},\"description\":{\"suggestions\":[],\"usage\":0}}","ai":null,"created":"2024-08-28 21:36:59","updated":"2026-02-04 12:51:54"},"aioseo_breadcrumb":"<div class=\"aioseo-breadcrumbs\"><span class=\"aioseo-breadcrumb\">\n\t<a href=\"https:\/\/soymigrante.com\/revista\" title=\"Home\">Home<\/a>\n<\/span><span class=\"aioseo-breadcrumb-separator\">\u00bb<\/span><span class=\"aioseo-breadcrumb\">\n\t<a href=\"https:\/\/soymigrante.com\/revista\/category\/recursos-migratorios\/\" title=\"Recursos Migratorios\">Recursos Migratorios<\/a>\n<\/span><span class=\"aioseo-breadcrumb-separator\">\u00bb<\/span><span class=\"aioseo-breadcrumb\">\n\tAlgunos tips para hallar vuelos m\u00e1s baratos de EE. UU. a Guatemala\n<\/span><\/div>","aioseo_breadcrumb_json":[{"label":"Home","link":"https:\/\/soymigrante.com\/revista"},{"label":"Recursos Migratorios","link":"https:\/\/soymigrante.com\/revista\/category\/recursos-migratorios\/"},{"label":"Algunos tips para hallar vuelos m\u00e1s baratos de EE. UU. a Guatemala","link":"https:\/\/soymigrante.com\/revista\/como-comprar-vuelos-baratos-para-viajar-de-ee-uu-a-guatemala\/"}],"_links":{"self":[{"href":"https:\/\/soymigrante.com\/revista\/wp-json\/wp\/v2\/posts\/8492","targetHints":{"allow":["GET"]}}],"collection":[{"href":"https:\/\/soymigrante.com\/revista\/wp-json\/wp\/v2\/posts"}],"about":[{"href":"https:\/\/soymigrante.com\/revista\/wp-json\/wp\/v2\/types\/post"}],"author":[{"embeddable":true,"href":"https:\/\/soymigrante.com\/revista\/wp-json\/wp\/v2\/users\/23"}],"replies":[{"embeddable":true,"href":"https:\/\/soymigrante.com\/revista\/wp-json\/wp\/v2\/comments?post=8492"}],"version-history":[{"count":0,"href":"https:\/\/soymigrante.com\/revista\/wp-json\/wp\/v2\/posts\/8492\/revisions"}],"wp:featuredmedia":[{"embeddable":true,"href":"https:\/\/soymigrante.com\/revista\/wp-json\/wp\/v2\/media\/8494"}],"wp:attachment":[{"href":"https:\/\/soymigrante.com\/revista\/wp-json\/wp\/v2\/media?parent=8492"}],"wp:term":[{"taxonomy":"category","embeddable":true,"href":"https:\/\/soymigrante.com\/revista\/wp-json\/wp\/v2\/categories?post=8492"},{"taxonomy":"post_tag","embeddable":true,"href":"https:\/\/soymigrante.com\/revista\/wp-json\/wp\/v2\/tags?post=8492"}],"curies":[{"name":"wp","href":"https:\/\/api.w.org\/{rel}","templated":true}]}}