{"id":8462,"date":"2024-08-28T14:39:27","date_gmt":"2024-08-28T20:39:27","guid":{"rendered":"https:\/\/soymigrante.com\/revista\/?p=8462"},"modified":"2024-11-01T05:54:00","modified_gmt":"2024-11-01T11:54:00","slug":"chichicastenango-datos-que-quiza-ya-conocias-o-quiza-no","status":"publish","type":"post","link":"https:\/\/soymigrante.com\/revista\/chichicastenango-datos-que-quiza-ya-conocias-o-quiza-no\/","title":{"rendered":"Chichicastenango : Datos que quiz\u00e1 ya conoc\u00edas (o quiz\u00e1 no)"},"content":{"rendered":"\t\t<div data-elementor-type=\"wp-post\" data-elementor-id=\"8462\" class=\"elementor elementor-8462\" data-elementor-post-type=\"post\">\n\t\t\t\t<div data-particle_enable=\"false\" data-particle-mobile-disabled=\"false\" class=\"elementor-element elementor-element-4a70d4c e-flex e-con-boxed e-con e-parent\" data-id=\"4a70d4c\" data-element_type=\"container\" data-e-type=\"container\">\n\t\t\t\t\t<div class=\"e-con-inner\">\n\t\t\t\t<div class=\"elementor-element elementor-element-55302b9 elementor-widget elementor-widget-heading\" data-id=\"55302b9\" data-element_type=\"widget\" data-e-type=\"widget\" data-widget_type=\"heading.default\">\n\t\t\t\t\t<h2 class=\"elementor-heading-title elementor-size-default\">Chichicastenango est\u00e1 a 145 kil\u00f3metros desde la capital de Guatemala. Fue fundada por poblaci\u00f3n de la antigua capital k'iche' Q\u2019umark'aj y actualmente es uno de los n\u00facleos tur\u00edsticos m\u00e1s importantes de Quich\u00e9.\n<\/h2>\t\t\t\t<\/div>\n\t\t\t\t\t<\/div>\n\t\t\t\t<\/div>\n\t\t<div data-particle_enable=\"false\" data-particle-mobile-disabled=\"false\" class=\"elementor-element elementor-element-bceb052 e-flex e-con-boxed e-con e-parent\" data-id=\"bceb052\" data-element_type=\"container\" data-e-type=\"container\">\n\t\t\t\t\t<div class=\"e-con-inner\">\n\t\t\t\t<div class=\"elementor-element elementor-element-f160786 elementor-widget elementor-widget-text-editor\" data-id=\"f160786\" data-element_type=\"widget\" data-e-type=\"widget\" data-widget_type=\"text-editor.default\">\n\t\t\t\t\t\t\t\t\t<p>Antes de la conquista espa\u00f1ola se le conoc\u00eda como Chiviar, pero durante esa etapa de la historia espa\u00f1ol en Guatemala, se adopt\u00f3 el nombre proveniente de Chug\u00fcilia.<\/p><p>Chichicastenango es adem\u00e1s uno de los sitios tur\u00edsticos m\u00e1s visitados de Guatemala debido a su mercado de artesan\u00edas, a sus tradiciones ancestrales y tambi\u00e9n a la historia que encierran sus calles y su plaza mayor.<\/p><p>Estos son algunos detalles que quiz\u00e1 ya conoc\u00edas o tal vez no.<\/p>\t\t\t\t\t\t\t\t<\/div>\n\t\t\t\t\t<\/div>\n\t\t\t\t<\/div>\n\t\t<div data-particle_enable=\"false\" data-particle-mobile-disabled=\"false\" class=\"elementor-element elementor-element-812ec5b e-flex e-con-boxed e-con e-parent\" data-id=\"812ec5b\" data-element_type=\"container\" data-e-type=\"container\">\n\t\t\t\t\t<div class=\"e-con-inner\">\n\t\t\t\t<div class=\"elementor-element elementor-element-e543af9 elementor-widget elementor-widget-heading\" data-id=\"e543af9\" data-element_type=\"widget\" data-e-type=\"widget\" data-widget_type=\"heading.default\">\n\t\t\t\t\t<h3 class=\"elementor-heading-title elementor-size-default\">Un pueblo sincr\u00e9tico<\/h3>\t\t\t\t<\/div>\n\t\t\t\t\t<\/div>\n\t\t\t\t<\/div>\n\t\t<div data-particle_enable=\"false\" data-particle-mobile-disabled=\"false\" class=\"elementor-element elementor-element-784f5c9 e-flex e-con-boxed e-con e-parent\" data-id=\"784f5c9\" data-element_type=\"container\" data-e-type=\"container\">\n\t\t\t\t\t<div class=\"e-con-inner\">\n\t\t\t\t<div class=\"elementor-element elementor-element-c349bb3 elementor-widget elementor-widget-text-editor\" data-id=\"c349bb3\" data-element_type=\"widget\" data-e-type=\"widget\" data-widget_type=\"text-editor.default\">\n\t\t\t\t\t\t\t\t\t<p>Su poblaci\u00f3n se caracteriza por la pr\u00e1ctica de ritos sincr\u00e9ticos es decir maya-cat\u00f3licos. Durante la conquista espa\u00f1ola se intent\u00f3 imponer el catolicismo, sin embargo esto dio vida a una nueva mezcla de ritos cat\u00f3licos y mayas. <br \/>Chichicastenango es uno de los principales destinos tur\u00edsticos en Guatemala por su cosmovisi\u00f3n maya. <br \/>Su poblaci\u00f3n maya acostumbra a efectuar sus ritos mayas frente a la fachada de la iglesia Santo Tom\u00e1s a trav\u00e9s de peque\u00f1os altares. Los chamanes, como se les conoce a aquellos que lideran ceremonias, son los que lideran este tipo de pr\u00e1cticas sincr\u00e9ticas sobre todo en sitios sagrados de los mayas, donde la divinidad maya es el centro de sus ritos. <\/p>\t\t\t\t\t\t\t\t<\/div>\n\t\t\t\t\t<\/div>\n\t\t\t\t<\/div>\n\t\t<div data-particle_enable=\"false\" data-particle-mobile-disabled=\"false\" class=\"elementor-element elementor-element-3baf71a e-flex e-con-boxed e-con e-parent\" data-id=\"3baf71a\" data-element_type=\"container\" data-e-type=\"container\">\n\t\t\t\t\t<div class=\"e-con-inner\">\n\t\t\t\t<div class=\"elementor-element elementor-element-f55fd98 elementor-widget elementor-widget-video\" data-id=\"f55fd98\" data-element_type=\"widget\" data-e-type=\"widget\" data-settings=\"{&quot;youtube_url&quot;:&quot;https:\\\/\\\/www.youtube.com\\\/watch?v=kzErSAwcCcc&quot;,&quot;video_type&quot;:&quot;youtube&quot;,&quot;controls&quot;:&quot;yes&quot;}\" data-widget_type=\"video.default\">\n\t\t\t\t\t\t\t<div class=\"elementor-wrapper elementor-open-inline\">\n\t\t\t<div class=\"elementor-video\"><\/div>\t\t<\/div>\n\t\t\t\t\t\t<\/div>\n\t\t\t\t\t<\/div>\n\t\t\t\t<\/div>\n\t\t<div data-particle_enable=\"false\" data-particle-mobile-disabled=\"false\" class=\"elementor-element elementor-element-3adf341 e-flex e-con-boxed e-con e-parent\" data-id=\"3adf341\" data-element_type=\"container\" data-e-type=\"container\">\n\t\t\t\t\t<div class=\"e-con-inner\">\n\t\t\t\t<div class=\"elementor-element elementor-element-0f84938 elementor-widget elementor-widget-heading\" data-id=\"0f84938\" data-element_type=\"widget\" data-e-type=\"widget\" data-widget_type=\"heading.default\">\n\t\t\t\t\t<h3 class=\"elementor-heading-title elementor-size-default\">Mercado de referencia maya<\/h3>\t\t\t\t<\/div>\n\t\t\t\t\t<\/div>\n\t\t\t\t<\/div>\n\t\t<div data-particle_enable=\"false\" data-particle-mobile-disabled=\"false\" class=\"elementor-element elementor-element-74f7ea7 e-flex e-con-boxed e-con e-parent\" data-id=\"74f7ea7\" data-element_type=\"container\" data-e-type=\"container\">\n\t\t\t\t\t<div class=\"e-con-inner\">\n\t\t\t\t<div class=\"elementor-element elementor-element-9ee52b5 elementor-widget elementor-widget-text-editor\" data-id=\"9ee52b5\" data-element_type=\"widget\" data-e-type=\"widget\" data-widget_type=\"text-editor.default\">\n\t\t\t\t\t\t\t\t\t<p>Tiene uno de los mercados m\u00e1s representativos de Guatemala. Jueves y domingos es el d\u00eda en el que puedes apreciar los olores, sabores y colores locales.\u00a0 Prepara tu bolsa ya que podr\u00e1s comprar\u00a0<a href=\"https:\/\/soymigrante.com\/revista\/mercado-artesanias-en-guatemala-ubicaciones-y-horarios\/\" target=\"_blank\" rel=\"noopener\">artesan\u00eda<\/a>\u00a0local, objetos tallados en madera e incluso m\u00e1scaras, plantas medicinales, flores, entre otros.<\/p><p>La actividad comercial representa para este pueblo una reflexi\u00f3n llena de su cultura y tradici\u00f3n maya.\u00a0<\/p><p>Adem\u00e1s de comprar algo local tambi\u00e9n puedes apreciar el\u00a0<a href=\"https:\/\/soymigrante.com\/revista\/el-traductor-que-contribuye-a-preservar-idiomas-mayas-en-internet\/\" target=\"_blank\" rel=\"noopener\">idioma maya\u00a0<\/a>quich\u00e9. Y si levantas la mirada ver\u00e1s que este se encuentra\u00a0 rodeado de monta\u00f1as, aunque con el pasar del tiempo la urbanizaci\u00f3n ha cobrado vida. Tambi\u00e9n es un reencuentro con la cultura maya.\u00a0<\/p><div>\u00a0<\/div>\t\t\t\t\t\t\t\t<\/div>\n\t\t\t\t\t<\/div>\n\t\t\t\t<\/div>\n\t\t<div data-particle_enable=\"false\" data-particle-mobile-disabled=\"false\" class=\"elementor-element elementor-element-bf2ed25 e-flex e-con-boxed e-con e-parent\" data-id=\"bf2ed25\" data-element_type=\"container\" data-e-type=\"container\">\n\t\t\t\t\t<div class=\"e-con-inner\">\n\t\t\t\t<div class=\"elementor-element elementor-element-29fa39d elementor-widget elementor-widget-video\" data-id=\"29fa39d\" data-element_type=\"widget\" data-e-type=\"widget\" data-settings=\"{&quot;youtube_url&quot;:&quot;https:\\\/\\\/www.youtube.com\\\/watch?v=Yd9Uw8GY3co&quot;,&quot;video_type&quot;:&quot;youtube&quot;,&quot;controls&quot;:&quot;yes&quot;}\" data-widget_type=\"video.default\">\n\t\t\t\t\t\t\t<div class=\"elementor-wrapper elementor-open-inline\">\n\t\t\t<div class=\"elementor-video\"><\/div>\t\t<\/div>\n\t\t\t\t\t\t<\/div>\n\t\t\t\t\t<\/div>\n\t\t\t\t<\/div>\n\t\t<div data-particle_enable=\"false\" data-particle-mobile-disabled=\"false\" class=\"elementor-element elementor-element-a235aea e-flex e-con-boxed e-con e-parent\" data-id=\"a235aea\" data-element_type=\"container\" data-e-type=\"container\">\n\t\t\t\t\t<div class=\"e-con-inner\">\n\t\t\t\t<div class=\"elementor-element elementor-element-3d5be7e elementor-widget elementor-widget-heading\" data-id=\"3d5be7e\" data-element_type=\"widget\" data-e-type=\"widget\" data-widget_type=\"heading.default\">\n\t\t\t\t\t<h3 class=\"elementor-heading-title elementor-size-default\">Aqu\u00ed surgi\u00f3 el Popol Vuh<\/h3>\t\t\t\t<\/div>\n\t\t\t\t\t<\/div>\n\t\t\t\t<\/div>\n\t\t<div data-particle_enable=\"false\" data-particle-mobile-disabled=\"false\" class=\"elementor-element elementor-element-5711eec e-flex e-con-boxed e-con e-parent\" data-id=\"5711eec\" data-element_type=\"container\" data-e-type=\"container\">\n\t\t\t\t\t<div class=\"e-con-inner\">\n\t\t\t\t<div class=\"elementor-element elementor-element-6661ac7 elementor-widget elementor-widget-text-editor\" data-id=\"6661ac7\" data-element_type=\"widget\" data-e-type=\"widget\" data-widget_type=\"text-editor.default\">\n\t\t\t\t\t\t\t\t\t<p>S\u00ed, fue en Santo Tom\u00e1s de Chichicastenango donde se descubri\u00f3 el libro sagrado de los mayas, el <a href=\"https:\/\/soymigrante.com\/revista\/el-popol-vuh-es-migrante-esta-en-chicago-y-8-datos-que-quiza-no-sabias\/\">Popol-Vuh.<\/a> Este es un escrito que nos hace descubrir la civilizaci\u00f3n maya a trav\u00e9s de la mitolog\u00eda, de alguna forma po\u00e9tica.<\/p><p><span style=\"color: var( --e-global-color-text );text-align: var(--text-align)\">Los protagonistas del Popol-Vuh son Hunahp\u00fa y Xbalanqu\u00e9, considerados dioses gemelos. El texto original, escrito en quich\u00e9, habr\u00eda desaparecido en el siglo XVI.<\/span><\/p><p>Si vives en Chicago, puedes visitar la Biblioteca Newberry donde est\u00e1 expuesto el texto transcrito m\u00e1s antiguo del Popol-Vuh.<\/p>\t\t\t\t\t\t\t\t<\/div>\n\t\t\t\t\t<\/div>\n\t\t\t\t<\/div>\n\t\t<div data-particle_enable=\"false\" data-particle-mobile-disabled=\"false\" class=\"elementor-element elementor-element-e189aa0 e-flex e-con-boxed e-con e-parent\" data-id=\"e189aa0\" data-element_type=\"container\" data-e-type=\"container\">\n\t\t\t\t\t<div class=\"e-con-inner\">\n\t\t\t\t<div class=\"elementor-element elementor-element-4d8d31a elementor-grid-eael-col-1 elementor-grid-tablet-eael-col-2 elementor-grid-mobile-eael-col-1 elementor-widget elementor-widget-eael-post-grid\" data-id=\"4d8d31a\" data-element_type=\"widget\" data-e-type=\"widget\" data-settings=\"{&quot;eael_post_grid_columns&quot;:&quot;eael-col-1&quot;,&quot;eael_post_grid_columns_tablet&quot;:&quot;eael-col-2&quot;,&quot;eael_post_grid_columns_mobile&quot;:&quot;eael-col-1&quot;}\" data-widget_type=\"eael-post-grid.default\">\n\t\t\t\t\t<div id=\"eael-post-grid-4d8d31a\" class=\"eael-post-grid-container\">\n            <div class=\"eael-post-grid eael-post-appender eael-post-appender-4d8d31a eael-post-grid-style-one\" data-layout-mode=\"masonry\"><article class=\"eael-grid-post  eael-post-grid-column eael-pg-post-5754 category-guate-nuestra\" data-id=\"5754\">\n        <div class=\"eael-grid-post-holder\">\n            <div class=\"eael-grid-post-holder-inner\"><div class=\"eael-entry-media\"><div class=\"eael-entry-overlay fade-in\"><i class=\"far fa-hand-pointer\" aria-hidden=\"true\"><\/i><a href=\"https:\/\/soymigrante.com\/revista\/el-popol-vuh-es-migrante-esta-en-chicago-y-8-datos-que-quiza-no-sabias\/\"><\/a><\/div><div class=\"eael-entry-thumbnail \">\n                <img fetchpriority=\"high\" decoding=\"async\" width=\"805\" height=\"805\" src=\"https:\/\/soymigrante.com\/revista\/wp-content\/uploads\/2025\/05\/popol-vuh-feature-image.webp\" class=\"attachment-large size-large wp-image-35111\" alt=\"Popol Vuh, acuarela del maestro Maugdo V\u00e1squez. \u00bfEn donde est\u00e1 el manuscrito original del Popol Vuh, libro del pueblo maya k&#039;iche&#039; y Patrimonio Cultural de Guatemala?\" srcset=\"https:\/\/soymigrante.com\/revista\/wp-content\/uploads\/2025\/05\/popol-vuh-feature-image.webp 805w, https:\/\/soymigrante.com\/revista\/wp-content\/uploads\/2025\/05\/popol-vuh-feature-image-300x300.jpg 300w, https:\/\/soymigrante.com\/revista\/wp-content\/uploads\/2025\/05\/popol-vuh-feature-image-150x150.jpg 150w, https:\/\/soymigrante.com\/revista\/wp-content\/uploads\/2025\/05\/popol-vuh-feature-image-768x768.jpg 768w, https:\/\/soymigrante.com\/revista\/wp-content\/uploads\/2025\/05\/popol-vuh-feature-image-75x75.webp 75w, https:\/\/soymigrante.com\/revista\/wp-content\/uploads\/2025\/05\/popol-vuh-feature-image-750x750.jpg 750w\" sizes=\"(max-width: 805px) 100vw, 805px\" \/>\n            <\/div>\n        <\/div><div class=\"eael-entry-wrapper\"><header class=\"eael-entry-header\"><h2 class=\"eael-entry-title\"><a class=\"eael-grid-post-link\" href=\"https:\/\/soymigrante.com\/revista\/el-popol-vuh-es-migrante-esta-en-chicago-y-8-datos-que-quiza-no-sabias\/\" title=\"\u00bfEn donde est\u00e1  el manuscrito original del Popol Vuh, libro del pueblo maya k&#8217;iche&#8217; y Patrimonio Cultural de Guatemala?\">\u00bfEn donde est\u00e1  el manuscrito original del Popol Vuh, libro del pueblo maya k&#8217;iche&#8217; y Patrimonio Cultural de Guatemala?<\/a><\/h2><\/header><div class=\"eael-entry-content\">\n                        <div class=\"eael-grid-post-excerpt\"><a href=\"https:\/\/soymigrante.com\/revista\/el-popol-vuh-es-migrante-esta-en-chicago-y-8-datos-que-quiza-no-sabias\/\" class=\"eael-post-elements-readmore-btn\">CONOCE SU HISTORIA <\/a><\/div>\n                    <\/div><\/div><\/div>\n        <\/div>\n    <\/article><\/div>\n            <div class=\"clearfix\"><\/div>\n        <\/div>\t\t\t\t<\/div>\n\t\t\t\t\t<\/div>\n\t\t\t\t<\/div>\n\t\t<div data-particle_enable=\"false\" data-particle-mobile-disabled=\"false\" class=\"elementor-element elementor-element-c5393be e-flex e-con-boxed e-con e-parent\" data-id=\"c5393be\" data-element_type=\"container\" data-e-type=\"container\">\n\t\t\t\t\t<div class=\"e-con-inner\">\n\t\t\t\t<div class=\"elementor-element elementor-element-33c7054 elementor-widget elementor-widget-heading\" data-id=\"33c7054\" data-element_type=\"widget\" data-e-type=\"widget\" data-widget_type=\"heading.default\">\n\t\t\t\t\t<h3 class=\"elementor-heading-title elementor-size-default\">Festividad fusiona religion maya y cristianismo<\/h3>\t\t\t\t<\/div>\n\t\t\t\t\t<\/div>\n\t\t\t\t<\/div>\n\t\t<div data-particle_enable=\"false\" data-particle-mobile-disabled=\"false\" class=\"elementor-element elementor-element-c6237de e-flex e-con-boxed e-con e-parent\" data-id=\"c6237de\" data-element_type=\"container\" data-e-type=\"container\">\n\t\t\t\t\t<div class=\"e-con-inner\">\n\t\t\t\t<div class=\"elementor-element elementor-element-da75de3 elementor-widget elementor-widget-text-editor\" data-id=\"da75de3\" data-element_type=\"widget\" data-e-type=\"widget\" data-widget_type=\"text-editor.default\">\n\t\t\t\t\t\t\t\t\t<p>Cada 21 de diciembre marca el comienzo de una semana llena de folclor, ceremonias, entre otros, para celebrar a Santo Tom\u00e1s, patrono de<a href=\"https:\/\/soymigrante.com\/revista\/guatemala-danza-el-palo-volador-en-joyabaj-cubulco-o-chichicastenango-siempre-es-memorable\/\" target=\"_blank\" rel=\"noopener\"> Chichicastenango<\/a>. Es ah\u00ed donde la reconocida iglesia cat\u00f3lica se convierte en el escenario perfecto que se fusiona con el mercado.<\/p><p>La iglesia de Santo Tom\u00e1s fue construida aproximadamente en el siglo XVI. Y tuvo reparaciones bajo la orden dominica con el apoyo de algunos poblados. En el terremoto de 1976 esta registr\u00f3 da\u00f1os. Los trabajos de reconstrucci\u00f3n finalizaron en 1982. Tiene caracter\u00edsticas barrocas en su interior.<\/p><p>En 1970 fue considerado Monumento Hist\u00f3rico de la \u00c9poca Hisp\u00e1nica. Y en el 2007 fue catalogada como Patrimonio Cultural.<\/p><p>Adem\u00e1s, puedes descubrir\u00a0<a href=\"https:\/\/soymigrante.com\/revista\/chef-manuel-tol-domina-el-idioma-del-sabor-en-miami\/\" target=\"_blank\" rel=\"noopener\">el saz\u00f3n ancestral\u00a0<\/a>de Chichicastenango.\u00a0<\/p>\t\t\t\t\t\t\t\t<\/div>\n\t\t\t\t\t<\/div>\n\t\t\t\t<\/div>\n\t\t<div data-particle_enable=\"false\" data-particle-mobile-disabled=\"false\" class=\"elementor-element elementor-element-7f55f30 e-flex e-con-boxed e-con e-parent\" data-id=\"7f55f30\" data-element_type=\"container\" data-e-type=\"container\">\n\t\t\t\t\t<div class=\"e-con-inner\">\n\t\t\t\t<div class=\"elementor-element elementor-element-5d6bd92 elementor-widget elementor-widget-image\" data-id=\"5d6bd92\" data-element_type=\"widget\" data-e-type=\"widget\" data-widget_type=\"image.default\">\n\t\t\t\t\t\t\t\t\t\t\t\t<figure class=\"wp-caption\">\n\t\t\t\t\t\t\t\t\t\t<img decoding=\"async\" width=\"768\" height=\"1024\" src=\"https:\/\/soymigrante.com\/revista\/wp-content\/uploads\/2024\/08\/IMG_20180520_122831-768x1024.webp\" class=\"attachment-large size-large wp-image-8482\" alt=\"Catedral colonial en Antigua Guatemala con visitantes y ofrendas florales en los escalones, reflejando cultura migrante y tradiciones en Am\u00e9rica Central.\" srcset=\"https:\/\/soymigrante.com\/revista\/wp-content\/uploads\/2024\/08\/IMG_20180520_122831-768x1024.webp 768w, https:\/\/soymigrante.com\/revista\/wp-content\/uploads\/2024\/08\/IMG_20180520_122831-225x300.webp 225w, https:\/\/soymigrante.com\/revista\/wp-content\/uploads\/2024\/08\/IMG_20180520_122831-1152x1536.webp 1152w, https:\/\/soymigrante.com\/revista\/wp-content\/uploads\/2024\/08\/IMG_20180520_122831-scaled.webp 1440w, https:\/\/soymigrante.com\/revista\/wp-content\/uploads\/2024\/08\/IMG_20180520_122831-750x1000.webp 750w, https:\/\/soymigrante.com\/revista\/wp-content\/uploads\/2024\/08\/IMG_20180520_122831-1140x1520.webp 1140w\" sizes=\"(max-width: 768px) 100vw, 768px\" title=\"davChichicastenango est\u00e1 construida sobre un antiguo templo ceremonial maya. A la fecha, se efect\u00faan rituales de la iglesia cat\u00f3lica pero tambi\u00e9n ceremonias mayas. (Foto Gustavo Montenegro) \u2013 SoyMigrante.com REVISTA\" \/>\t\t\t\t\t\t\t\t\t\t\t<figcaption class=\"widget-image-caption wp-caption-text\">La imagen muestra la entrada de una iglesia hist\u00f3rica en Antigua Guatemala, con personas que visitan y rinden homenaje, destacando la historia y cultura de migrantes en la regi\u00f3n.<\/figcaption>\n\t\t\t\t\t\t\t\t\t\t<\/figure>\n\t\t\t\t\t\t\t\t\t<\/div>\n\t\t\t\t\t<\/div>\n\t\t\t\t<\/div>\n\t\t<div data-particle_enable=\"false\" data-particle-mobile-disabled=\"false\" class=\"elementor-element elementor-element-68a47b3 e-flex e-con-boxed e-con e-parent\" data-id=\"68a47b3\" data-element_type=\"container\" data-e-type=\"container\">\n\t\t\t\t\t<div class=\"e-con-inner\">\n\t\t\t\t<div class=\"elementor-element elementor-element-d5856ee elementor-widget elementor-widget-heading\" data-id=\"d5856ee\" data-element_type=\"widget\" data-e-type=\"widget\" data-widget_type=\"heading.default\">\n\t\t\t\t\t<h3 class=\"elementor-heading-title elementor-size-default\">Un c\u00f3digo sin precedentes<\/h3>\t\t\t\t<\/div>\n\t\t\t\t\t<\/div>\n\t\t\t\t<\/div>\n\t\t<div data-particle_enable=\"false\" data-particle-mobile-disabled=\"false\" class=\"elementor-element elementor-element-f4a9453 e-flex e-con-boxed e-con e-parent\" data-id=\"f4a9453\" data-element_type=\"container\" data-e-type=\"container\">\n\t\t\t\t\t<div class=\"e-con-inner\">\n\t\t\t\t<div class=\"elementor-element elementor-element-7d84926 elementor-widget elementor-widget-text-editor\" data-id=\"7d84926\" data-element_type=\"widget\" data-e-type=\"widget\" data-widget_type=\"text-editor.default\">\n\t\t\t\t\t\t\t\t\t<p>El nombre de Chichicastenango es derivado de una planta de urtic\u00e1ceas, es decir \u201clugar de los chichicastes u ortigas\u201d.<\/p><p>El nombre de Chug\u00fcil\u00e1 es como se le conoce al c\u00f3digo maya descubierto en Chichicastenango durante la d\u00e9cada de los a\u00f1os 30, a\u00f1os despu\u00e9s fue encontrado en Neuwied, Alemania. Se cree que este c\u00f3digo fue elaborado a mediados del siglo XVII por\u00a0<a href=\"https:\/\/soymigrante.com\/revista\/fotos-de-guatemala-pablo-galindo-refleja-la-magia-de-la-tierra-del-quetzal\/\" target=\"_blank\" rel=\"noopener\">pobladores de Itz\u00e1<\/a>, un legado \u00fanico jerogl\u00edfico.\u00a0<\/p><p>Este c\u00f3digo fue presentado hace poco, en mayo de 2021 gracias a que un coleccionista europeo entr\u00f3 en contacto con Henry Ben\u00edtez y Marco Antonio Leal, antrop\u00f3logos guatemaltecos radicados en Alemania con el fin de que tradujeran ese c\u00f3digo. Confirmado el origen de este c\u00f3digo, el Chug\u00fcil\u00e1 es considerado el quinto c\u00f3digo maya m\u00e1s importante de la civilizaci\u00f3n. Pero este c\u00f3dice solo ser\u00eda una parte de un documento mayor, seg\u00fan Ben\u00edtez y Leal.<\/p>\t\t\t\t\t\t\t\t<\/div>\n\t\t\t\t\t<\/div>\n\t\t\t\t<\/div>\n\t\t<div data-particle_enable=\"false\" data-particle-mobile-disabled=\"false\" class=\"elementor-element elementor-element-0ac22af e-flex e-con-boxed e-con e-parent\" data-id=\"0ac22af\" data-element_type=\"container\" data-e-type=\"container\">\n\t\t\t\t\t<div class=\"e-con-inner\">\n\t\t\t\t<div class=\"elementor-element elementor-element-d215256 elementor-widget elementor-widget-image\" data-id=\"d215256\" data-element_type=\"widget\" data-e-type=\"widget\" data-widget_type=\"image.default\">\n\t\t\t\t\t\t\t\t\t\t\t\t<figure class=\"wp-caption\">\n\t\t\t\t\t\t\t\t\t\t<img decoding=\"async\" width=\"768\" height=\"491\" src=\"https:\/\/soymigrante.com\/revista\/wp-content\/uploads\/2024\/04\/curato-chichi-1024x655.webp\" class=\"attachment-large size-large wp-image-5763\" alt=\"Paisaje hist\u00f3rico del valle de Chichicastenango, inmortalizado en una pintura antigua que evidencia la riqueza cultural y natural de la regi\u00f3n.\" srcset=\"https:\/\/soymigrante.com\/revista\/wp-content\/uploads\/2024\/04\/curato-chichi-1024x655.webp 1024w, https:\/\/soymigrante.com\/revista\/wp-content\/uploads\/2024\/04\/curato-chichi-300x192.webp 300w, https:\/\/soymigrante.com\/revista\/wp-content\/uploads\/2024\/04\/curato-chichi-768x492.webp 768w, https:\/\/soymigrante.com\/revista\/wp-content\/uploads\/2024\/04\/curato-chichi-750x480.webp 750w, https:\/\/soymigrante.com\/revista\/wp-content\/uploads\/2024\/04\/curato-chichi.webp 1042w\" sizes=\"(max-width: 768px) 100vw, 768px\" title=\"Fuentes y Guzm\u00e1n. Francisco Xim\u00e9nez, traductor del Popol Vuh lleg\u00f3 all\u00ed como p\u00e1rroco en 1702. \u2013 SoyMigrante.com REVISTA\" \/>\t\t\t\t\t\t\t\t\t\t\t<figcaption class=\"widget-image-caption wp-caption-text\">Ilustraci\u00f3n del valle de Chichicastenango, destacando su belleza natural y su importancia cultural en Guatemala, ideal para art\u00edculos sobre historia y turismo.<\/figcaption>\n\t\t\t\t\t\t\t\t\t\t<\/figure>\n\t\t\t\t\t\t\t\t\t<\/div>\n\t\t\t\t\t<\/div>\n\t\t\t\t<\/div>\n\t\t<div data-particle_enable=\"false\" data-particle-mobile-disabled=\"false\" class=\"elementor-element elementor-element-0780961 e-flex e-con-boxed e-con e-parent\" data-id=\"0780961\" data-element_type=\"container\" data-e-type=\"container\">\n\t\t\t\t\t<div class=\"e-con-inner\">\n\t\t\t\t<div class=\"elementor-element elementor-element-12a636c elementor-widget elementor-widget-heading\" data-id=\"12a636c\" data-element_type=\"widget\" data-e-type=\"widget\" data-widget_type=\"heading.default\">\n\t\t\t\t\t<h3 class=\"elementor-heading-title elementor-size-default\">Las cofraf\u00edas<\/h3>\t\t\t\t<\/div>\n\t\t\t\t\t<\/div>\n\t\t\t\t<\/div>\n\t\t<div data-particle_enable=\"false\" data-particle-mobile-disabled=\"false\" class=\"elementor-element elementor-element-810bc64 e-flex e-con-boxed e-con e-parent\" data-id=\"810bc64\" data-element_type=\"container\" data-e-type=\"container\">\n\t\t\t\t\t<div class=\"e-con-inner\">\n\t\t\t\t<div class=\"elementor-element elementor-element-498250f elementor-widget elementor-widget-text-editor\" data-id=\"498250f\" data-element_type=\"widget\" data-e-type=\"widget\" data-widget_type=\"text-editor.default\">\n\t\t\t\t\t\t\t\t\t<p>Su estructura religiosa y social se compone de cofrad\u00edas, son 14. Por ejemplo, los Ajq&#8217;ijab&#8217; representan para la comunidad el consejo. Estas trabajan en las actividades delegadas para la comunidad durante un a\u00f1o.<\/p><p>La participaci\u00f3n de la mujer maya en las cofrad\u00edas est\u00e1 presente en cada cofrad\u00eda.\u00a0<\/p><p>Se caracterizan por la indumentaria maya, los caracter\u00edsticos trajes de Chichicastenango, que visten especialmente para los ritos sincr\u00e9ticos. Los usos de objetos religiosos tambi\u00e9n son notorios que simbolizan la divinidad de sus dioses y en algunas ocasiones son representaciones a la Virgen Mar\u00eda.<\/p>\t\t\t\t\t\t\t\t<\/div>\n\t\t\t\t\t<\/div>\n\t\t\t\t<\/div>\n\t\t<div data-particle_enable=\"false\" data-particle-mobile-disabled=\"false\" class=\"elementor-element elementor-element-552087e e-flex e-con-boxed e-con e-parent\" data-id=\"552087e\" data-element_type=\"container\" data-e-type=\"container\">\n\t\t\t\t\t<div class=\"e-con-inner\">\n\t\t\t\t<div class=\"elementor-element elementor-element-b675e8b elementor-widget elementor-widget-image\" data-id=\"b675e8b\" data-element_type=\"widget\" data-e-type=\"widget\" data-widget_type=\"image.default\">\n\t\t\t\t\t\t\t\t\t\t\t\t<figure class=\"wp-caption\">\n\t\t\t\t\t\t\t\t\t\t<img loading=\"lazy\" decoding=\"async\" width=\"630\" height=\"354\" src=\"https:\/\/soymigrante.com\/revista\/wp-content\/uploads\/2024\/08\/cofradia-de-Chichicastenango.webp\" class=\"attachment-large size-large wp-image-8464\" alt=\"Ritos tradicionales ind\u00edgenas con ofrendas en festival cultural en homenaje a la tradici\u00f3n ancestral. Festividad llena de color, fervor y espiritualidad en comunidades originarias de M\u00e9xico.\" srcset=\"https:\/\/soymigrante.com\/revista\/wp-content\/uploads\/2024\/08\/cofradia-de-Chichicastenango.webp 630w, https:\/\/soymigrante.com\/revista\/wp-content\/uploads\/2024\/08\/cofradia-de-Chichicastenango-300x169.webp 300w\" sizes=\"(max-width: 630px) 100vw, 630px\" title=\"cofrad\u00eda de Chichicastenango \u2013 SoyMigrante.com REVISTA\" \/>\t\t\t\t\t\t\t\t\t\t\t<figcaption class=\"widget-image-caption wp-caption-text\">Diverso grupo ind\u00edgena participando en ritual con ofrendas y velas en un festival cultural lleno de tradici\u00f3n, vestimenta colorida y espiritualidad ancestral.<\/figcaption>\n\t\t\t\t\t\t\t\t\t\t<\/figure>\n\t\t\t\t\t\t\t\t\t<\/div>\n\t\t\t\t\t<\/div>\n\t\t\t\t<\/div>\n\t\t<div data-particle_enable=\"false\" data-particle-mobile-disabled=\"false\" class=\"elementor-element elementor-element-dedc655 e-flex e-con-boxed e-con e-parent\" data-id=\"dedc655\" data-element_type=\"container\" data-e-type=\"container\">\n\t\t\t\t\t<div class=\"e-con-inner\">\n\t\t\t\t<div class=\"elementor-element elementor-element-36d65fa elementor-widget elementor-widget-heading\" data-id=\"36d65fa\" data-element_type=\"widget\" data-e-type=\"widget\" data-widget_type=\"heading.default\">\n\t\t\t\t\t<h3 class=\"elementor-heading-title elementor-size-default\">Un pa\u00eds pluricultural que puedes redescubrir<\/h3>\t\t\t\t<\/div>\n\t\t\t\t\t<\/div>\n\t\t\t\t<\/div>\n\t\t<div data-particle_enable=\"false\" data-particle-mobile-disabled=\"false\" class=\"elementor-element elementor-element-bbf5fc0 e-flex e-con-boxed e-con e-parent\" data-id=\"bbf5fc0\" data-element_type=\"container\" data-e-type=\"container\">\n\t\t\t\t\t<div class=\"e-con-inner\">\n\t\t\t\t<div class=\"elementor-element elementor-element-73ee5ff elementor-grid-eael-col-3 elementor-grid-tablet-eael-col-2 elementor-grid-mobile-eael-col-1 elementor-widget elementor-widget-eael-post-grid\" data-id=\"73ee5ff\" data-element_type=\"widget\" data-e-type=\"widget\" data-settings=\"{&quot;eael_post_grid_columns&quot;:&quot;eael-col-3&quot;,&quot;eael_post_grid_columns_tablet&quot;:&quot;eael-col-2&quot;,&quot;eael_post_grid_columns_mobile&quot;:&quot;eael-col-1&quot;}\" data-widget_type=\"eael-post-grid.default\">\n\t\t\t\t\t<div id=\"eael-post-grid-73ee5ff\" class=\"eael-post-grid-container\">\n            <div class=\"eael-post-grid eael-post-appender eael-post-appender-73ee5ff eael-post-grid-style-one\" data-layout-mode=\"masonry\"><article class=\"eael-grid-post  eael-post-grid-column eael-pg-post-2390 category-guate-nuestra tags-danzas-de-guatemala\" data-id=\"2390\">\n        <div class=\"eael-grid-post-holder\">\n            <div class=\"eael-grid-post-holder-inner\"><div class=\"eael-entry-media\"><div class=\"eael-entry-overlay fade-in\"><i class=\"far fa-hand-pointer\" aria-hidden=\"true\"><\/i><a href=\"https:\/\/soymigrante.com\/revista\/guatemala-danza-el-baile-de-la-paach-de-san-marcos-es-patrimonio-de-la-humanidad\/\"><\/a><\/div><div class=\"eael-entry-thumbnail \">\n                <img loading=\"lazy\" decoding=\"async\" width=\"1000\" height=\"636\" src=\"https:\/\/soymigrante.com\/revista\/wp-content\/uploads\/2023\/09\/03672-HUG.webp\" class=\"attachment-large size-large wp-image-2424\" alt=\"La percusi\u00f3n del tambor abre paso al recorrido de los ancianos, padrinos y comunidad, en camino a la Casa de la Paazh (Fotograf\u00eda Archivo FLAAR-Unesco)\" srcset=\"https:\/\/soymigrante.com\/revista\/wp-content\/uploads\/2023\/09\/03672-HUG.webp 1000w, https:\/\/soymigrante.com\/revista\/wp-content\/uploads\/2023\/09\/03672-HUG-300x191.webp 300w, https:\/\/soymigrante.com\/revista\/wp-content\/uploads\/2023\/09\/03672-HUG-768x488.webp 768w, https:\/\/soymigrante.com\/revista\/wp-content\/uploads\/2023\/09\/03672-HUG-750x477.webp 750w\" sizes=\"(max-width: 1000px) 100vw, 1000px\" \/>\n            <\/div>\n        <\/div><div class=\"eael-entry-wrapper\"><header class=\"eael-entry-header\"><h2 class=\"eael-entry-title\"><a class=\"eael-grid-post-link\" href=\"https:\/\/soymigrante.com\/revista\/guatemala-danza-el-baile-de-la-paach-de-san-marcos-es-patrimonio-de-la-humanidad\/\" title=\"Danzas de Guatemala: El baile de La Paach, de San Marcos es Patrimonio de la Humanidad\">Danzas de Guatemala: El baile de La Paach, de San Marcos es Patrimonio de la Humanidad<\/a><\/h2><\/header><div class=\"eael-entry-content\">\n                        <div class=\"eael-grid-post-excerpt\"><a href=\"https:\/\/soymigrante.com\/revista\/guatemala-danza-el-baile-de-la-paach-de-san-marcos-es-patrimonio-de-la-humanidad\/\" class=\"eael-post-elements-readmore-btn\">CONOCE SU HISTORIA <\/a><\/div>\n                    <\/div><\/div><\/div>\n        <\/div>\n    <\/article><article class=\"eael-grid-post  eael-post-grid-column eael-pg-post-1185 category-estamos-unidos\" data-id=\"1185\">\n        <div class=\"eael-grid-post-holder\">\n            <div class=\"eael-grid-post-holder-inner\"><div class=\"eael-entry-media\"><div class=\"eael-entry-overlay fade-in\"><i class=\"far fa-hand-pointer\" aria-hidden=\"true\"><\/i><a href=\"https:\/\/soymigrante.com\/revista\/danza-maya-de-las-guacamayas-impresiona-en-estados-unidos\/\"><\/a><\/div><div class=\"eael-entry-thumbnail \">\n                <img loading=\"lazy\" decoding=\"async\" width=\"949\" height=\"971\" src=\"https:\/\/soymigrante.com\/revista\/wp-content\/uploads\/2023\/06\/xixo-rax-danza-de-las-guacamayas-2.webp\" class=\"attachment-large size-large wp-image-29236\" alt=\"Artista en vestimenta tradicional ind\u00edgena mexicana en una presentaci\u00f3n cultural en SoyMigrante.com REVISTA.\" srcset=\"https:\/\/soymigrante.com\/revista\/wp-content\/uploads\/2023\/06\/xixo-rax-danza-de-las-guacamayas-2.webp 949w, https:\/\/soymigrante.com\/revista\/wp-content\/uploads\/2023\/06\/xixo-rax-danza-de-las-guacamayas-2-293x300.jpg 293w, https:\/\/soymigrante.com\/revista\/wp-content\/uploads\/2023\/06\/xixo-rax-danza-de-las-guacamayas-2-768x786.jpg 768w, https:\/\/soymigrante.com\/revista\/wp-content\/uploads\/2023\/06\/xixo-rax-danza-de-las-guacamayas-2-750x767.webp 750w\" sizes=\"(max-width: 949px) 100vw, 949px\" \/>\n            <\/div>\n        <\/div><div class=\"eael-entry-wrapper\"><header class=\"eael-entry-header\"><h2 class=\"eael-entry-title\"><a class=\"eael-grid-post-link\" href=\"https:\/\/soymigrante.com\/revista\/danza-maya-de-las-guacamayas-impresiona-en-estados-unidos\/\" title=\"Danza de las Guacamayas de Santa Cruz Verapaz vuela por 7 ciudades de Estados Unidos\">Danza de las Guacamayas de Santa Cruz Verapaz vuela por 7 ciudades de Estados Unidos<\/a><\/h2><\/header><div class=\"eael-entry-content\">\n                        <div class=\"eael-grid-post-excerpt\"><a href=\"https:\/\/soymigrante.com\/revista\/danza-maya-de-las-guacamayas-impresiona-en-estados-unidos\/\" class=\"eael-post-elements-readmore-btn\">CONOCE SU HISTORIA <\/a><\/div>\n                    <\/div><\/div><\/div>\n        <\/div>\n    <\/article><article class=\"eael-grid-post  eael-post-grid-column eael-pg-post-1716 category-guate-nuestra\" data-id=\"1716\">\n        <div class=\"eael-grid-post-holder\">\n            <div class=\"eael-grid-post-holder-inner\"><div class=\"eael-entry-media\"><div class=\"eael-entry-overlay fade-in\"><i class=\"far fa-hand-pointer\" aria-hidden=\"true\"><\/i><a href=\"https:\/\/soymigrante.com\/revista\/cultura-migrante-tigre-lazo-baile\/\"><\/a><\/div><div class=\"eael-entry-thumbnail \">\n                <img loading=\"lazy\" decoding=\"async\" width=\"1024\" height=\"731\" src=\"https:\/\/soymigrante.com\/revista\/wp-content\/uploads\/2023\/07\/seuimiento-monos-y-tigres-1024x731.webp\" class=\"attachment-large size-large wp-image-1735\" alt=\"\" srcset=\"https:\/\/soymigrante.com\/revista\/wp-content\/uploads\/2023\/07\/seuimiento-monos-y-tigres-1024x731.webp 1024w, https:\/\/soymigrante.com\/revista\/wp-content\/uploads\/2023\/07\/seuimiento-monos-y-tigres-300x214.webp 300w, https:\/\/soymigrante.com\/revista\/wp-content\/uploads\/2023\/07\/seuimiento-monos-y-tigres-768x549.webp 768w, https:\/\/soymigrante.com\/revista\/wp-content\/uploads\/2023\/07\/seuimiento-monos-y-tigres-120x86.webp 120w, https:\/\/soymigrante.com\/revista\/wp-content\/uploads\/2023\/07\/seuimiento-monos-y-tigres-350x250.webp 350w, https:\/\/soymigrante.com\/revista\/wp-content\/uploads\/2023\/07\/seuimiento-monos-y-tigres-750x536.webp 750w, https:\/\/soymigrante.com\/revista\/wp-content\/uploads\/2023\/07\/seuimiento-monos-y-tigres-1140x814.webp 1140w, https:\/\/soymigrante.com\/revista\/wp-content\/uploads\/2023\/07\/seuimiento-monos-y-tigres.webp 1512w\" sizes=\"(max-width: 1024px) 100vw, 1024px\" \/>\n            <\/div>\n        <\/div><div class=\"eael-entry-wrapper\"><header class=\"eael-entry-header\"><h2 class=\"eael-entry-title\"><a class=\"eael-grid-post-link\" href=\"https:\/\/soymigrante.com\/revista\/cultura-migrante-tigre-lazo-baile\/\" title=\"Recordando el Tigre, Lazo y Baile: Tradiciones Migrantes\">Recordando el Tigre, Lazo y Baile: Tradiciones Migrantes<\/a><\/h2><\/header><div class=\"eael-entry-content\">\n                        <div class=\"eael-grid-post-excerpt\"><a href=\"https:\/\/soymigrante.com\/revista\/cultura-migrante-tigre-lazo-baile\/\" class=\"eael-post-elements-readmore-btn\">CONOCE SU HISTORIA <\/a><\/div>\n                    <\/div><\/div><\/div>\n        <\/div>\n    <\/article><\/div>\n            <div class=\"clearfix\"><\/div>\n        <\/div>\t\t\t\t<\/div>\n\t\t\t\t\t<\/div>\n\t\t\t\t<\/div>\n\t\t\t\t<\/div>\n\t\t","protected":false},"excerpt":{"rendered":"<p>Chichicastenango est\u00e1 a 145 kil\u00f3metros desde la capital de Guatemala. Fue fundada por poblaci\u00f3n de la antigua capital k&#8217;iche&#8217; Q\u2019umark&#8217;aj y actualmente es uno de los n\u00facleos tur\u00edsticos m\u00e1s importantes de Quich\u00e9. Antes de la conquista espa\u00f1ola se le conoc\u00eda como Chiviar, pero durante esa etapa de la historia espa\u00f1ol en Guatemala, se adopt\u00f3 el [&hellip;]<\/p>\n","protected":false},"author":23,"featured_media":8489,"comment_status":"open","ping_status":"open","sticky":false,"template":"","format":"standard","meta":{"_acf_changed":false,"_eb_attr":"","footnotes":""},"categories":[58],"tags":[],"class_list":["post-8462","post","type-post","status-publish","format-standard","has-post-thumbnail","hentry","category-guate-nuestra"],"acf":[],"aioseo_notices":[],"aioseo_head":"\n\t\t<!-- All in One SEO Pro 4.9.6.2 - aioseo.com -->\n\t<meta name=\"description\" content=\"La memoria de migrantes guarda tradiciones como el Tigre, Lazo y Baile Ancestral. Descubre la riqueza cultural que llevan consigo\" \/>\n\t<meta name=\"robots\" content=\"max-snippet:-1, max-image-preview:large, max-video-preview:-1\" \/>\n\t<meta name=\"author\" content=\"Diana Batz\"\/>\n\t<link rel=\"canonical\" href=\"https:\/\/soymigrante.com\/revista\/cultura-migrante-tigre-lazo-baile\/\" \/>\n\t<meta name=\"generator\" content=\"All in One SEO Pro (AIOSEO) 4.9.6.2\" \/>\n\n\t\t<link rel=\"preconnect\" href=\"https:\/\/fonts.googleapis.com\" crossorigin>\n<link rel=\"preconnect\" href=\"https:\/\/fonts.gstatic.com\" crossorigin>\n\t\t<meta property=\"og:locale\" content=\"es_ES\" \/>\n\t\t<meta property=\"og:site_name\" content=\"SoyMigrante.com REVISTA \u2013 Nuestra misi\u00f3n es reconocer y dignificar al migrante.\" \/>\n\t\t<meta property=\"og:type\" content=\"article\" \/>\n\t\t<meta property=\"og:title\" content=\"Recordando el Tigre, Lazo y Baile: Tradiciones Migrantes\" \/>\n\t\t<meta property=\"og:description\" content=\"La memoria de migrantes guarda tradiciones como el Tigre, Lazo y Baile Ancestral. Descubre la riqueza cultural que llevan consigo\" \/>\n\t\t<meta property=\"og:url\" content=\"https:\/\/soymigrante.com\/revista\/cultura-migrante-tigre-lazo-baile\/\" \/>\n\t\t<meta property=\"og:image\" content=\"https:\/\/soymigrante.com\/revista\/wp-content\/uploads\/2023\/07\/seuimiento-monos-y-tigres.webp\" \/>\n\t\t<meta property=\"og:image:secure_url\" content=\"https:\/\/soymigrante.com\/revista\/wp-content\/uploads\/2023\/07\/seuimiento-monos-y-tigres.webp\" \/>\n\t\t<meta property=\"og:image:width\" content=\"1512\" \/>\n\t\t<meta property=\"og:image:height\" content=\"1080\" \/>\n\t\t<meta property=\"article:published_time\" content=\"2023-07-25T18:29:43+00:00\" \/>\n\t\t<meta property=\"article:modified_time\" content=\"2024-07-31T17:11:54+00:00\" \/>\n\t\t<meta property=\"article:publisher\" content=\"https:\/\/www.facebook.com\/soymigrantecom\" \/>\n\t\t<meta name=\"twitter:card\" content=\"summary_large_image\" \/>\n\t\t<meta name=\"twitter:site\" content=\"@SoyMigrante_com\" \/>\n\t\t<meta name=\"twitter:title\" content=\"Recordando el Tigre, Lazo y Baile: Tradiciones Migrantes\" \/>\n\t\t<meta name=\"twitter:description\" content=\"La memoria de migrantes guarda tradiciones como el Tigre, Lazo y Baile Ancestral. Descubre la riqueza cultural que llevan consigo\" \/>\n\t\t<meta name=\"twitter:creator\" content=\"@SoyMigrante_com\" \/>\n\t\t<meta name=\"twitter:image\" content=\"https:\/\/soymigrante.com\/revista\/wp-content\/uploads\/2023\/07\/seuimiento-monos-y-tigres.webp\" \/>\n\t\t<!-- All in One SEO Pro -->\r\n\t\t<title>Recordando el Tigre, Lazo y Baile: Tradiciones Migrantes<\/title>\n\n","aioseo_head_json":{"title":"Recordando el Tigre, Lazo y Baile: Tradiciones Migrantes","description":"La memoria de migrantes guarda tradiciones como el Tigre, Lazo y Baile Ancestral. Descubre la riqueza cultural que llevan consigo","canonical_url":"https:\/\/soymigrante.com\/revista\/cultura-migrante-tigre-lazo-baile\/","robots":"max-snippet:-1, max-image-preview:large, max-video-preview:-1","keywords":"","webmasterTools":{"miscellaneous":"&lt;link rel=\"preconnect\" href=\"https:\/\/fonts.googleapis.com\" crossorigin&gt;\n&lt;link rel=\"preconnect\" href=\"https:\/\/fonts.gstatic.com\" crossorigin&gt;"},"schema":null,"og:locale":"es_ES","og:site_name":"SoyMigrante.com REVISTA \u2013 Nuestra misi\u00f3n es reconocer y dignificar al migrante.","og:type":"article","og:title":"Recordando el Tigre, Lazo y Baile: Tradiciones Migrantes","og:description":"La memoria de migrantes guarda tradiciones como el Tigre, Lazo y Baile Ancestral. Descubre la riqueza cultural que llevan consigo","og:url":"https:\/\/soymigrante.com\/revista\/cultura-migrante-tigre-lazo-baile\/","og:image":"https:\/\/soymigrante.com\/revista\/wp-content\/uploads\/2023\/07\/seuimiento-monos-y-tigres.webp","og:image:secure_url":"https:\/\/soymigrante.com\/revista\/wp-content\/uploads\/2023\/07\/seuimiento-monos-y-tigres.webp","og:image:width":1512,"og:image:height":1080,"article:published_time":"2023-07-25T18:29:43+00:00","article:modified_time":"2024-07-31T17:11:54+00:00","article:publisher":"https:\/\/www.facebook.com\/soymigrantecom","twitter:card":"summary_large_image","twitter:site":"@SoyMigrante_com","twitter:title":"Recordando el Tigre, Lazo y Baile: Tradiciones Migrantes","twitter:description":"La memoria de migrantes guarda tradiciones como el Tigre, Lazo y Baile Ancestral. Descubre la riqueza cultural que llevan consigo","twitter:creator":"@SoyMigrante_com","twitter:image":"https:\/\/soymigrante.com\/revista\/wp-content\/uploads\/2023\/07\/seuimiento-monos-y-tigres.webp"},"aioseo_meta_data":{"post_id":"8462","title":"Datos curiosos que no sab\u00edas de Chichicastenango, Guatemala","description":"Chichicastenango fue fundada por poblaci\u00f3n q\u2019umarkaj, la antigua capital maya k'iche' ; sigue sienfdo un importante n\u00facleo ceremonial y punto tur\u00edstico destacado","keywords":null,"keyphrases":{"focus":{"keyphrase":"Chichicastenango","score":82,"analysis":{"keyphraseInTitle":{"score":9,"maxScore":9,"error":0},"keyphraseInDescription":{"score":9,"maxScore":9,"error":0},"keyphraseLength":{"score":9,"maxScore":9,"error":0,"length":1},"keyphraseInURL":{"score":5,"maxScore":5,"error":0},"keyphraseInIntroduction":{"score":3,"maxScore":9,"error":1},"keyphraseInSubHeadings":{"score":3,"maxScore":9,"error":1},"keyphraseInImageAlt":{"score":9,"maxScore":9,"error":0},"keywordDensity":{"type":"best","score":9,"maxScore":9,"error":0}}},"additional":[{"keyphrase":"cosmovision maya","score":40,"analysis":{"keyphraseInDescription":{"score":3,"maxScore":9,"error":1},"keyphraseLength":{"score":9,"maxScore":9,"error":0,"length":2},"keyphraseInIntroduction":{"score":3,"maxScore":9,"error":1},"keyphraseInImageAlt":{"score":3,"maxScore":9,"error":1},"keywordDensity":{"score":0,"type":"low","maxScore":9,"error":1}}},{"keyphrase":"maya quich\u00e9","score":40,"analysis":{"keyphraseInDescription":{"score":3,"maxScore":9,"error":1},"keyphraseLength":{"score":9,"maxScore":9,"error":0,"length":2},"keyphraseInIntroduction":{"score":3,"maxScore":9,"error":1},"keyphraseInImageAlt":{"score":3,"maxScore":9,"error":1},"keywordDensity":{"score":0,"type":"low","maxScore":9,"error":1}}},{"keyphrase":"migrante guatemalteco","score":40,"analysis":{"keyphraseInDescription":{"score":3,"maxScore":9,"error":1},"keyphraseLength":{"score":9,"maxScore":9,"error":0,"length":2},"keyphraseInIntroduction":{"score":3,"maxScore":9,"error":1},"keyphraseInImageAlt":{"score":3,"maxScore":9,"error":1},"keywordDensity":{"score":0,"type":"low","maxScore":9,"error":1}}}]},"primary_term":null,"canonical_url":null,"og_title":null,"og_description":null,"og_object_type":"default","og_image_type":"default","og_image_url":null,"og_image_width":null,"og_image_height":null,"og_image_custom_url":null,"og_image_custom_fields":null,"og_video":"","og_custom_url":null,"og_article_section":null,"og_article_tags":null,"twitter_use_og":false,"twitter_card":"default","twitter_image_type":"default","twitter_image_url":null,"twitter_image_custom_url":null,"twitter_image_custom_fields":null,"twitter_title":null,"twitter_description":null,"schema":{"blockGraphs":[],"customGraphs":[],"default":{"data":{"Article":[],"Course":[],"Dataset":[],"FAQPage":[],"Movie":[],"Person":[],"Product":[],"ProductReview":[],"Car":[],"Recipe":[],"Service":[],"SoftwareApplication":[],"WebPage":[]},"graphName":"Article","isEnabled":true},"graphs":[]},"schema_type":"default","schema_type_options":null,"pillar_content":false,"robots_default":true,"robots_noindex":false,"robots_noarchive":false,"robots_nosnippet":false,"robots_nofollow":false,"robots_noimageindex":false,"robots_noodp":false,"robots_notranslate":false,"robots_max_snippet":"-1","robots_max_videopreview":"-1","robots_max_imagepreview":"large","priority":null,"frequency":"default","local_seo":null,"seo_analyzer_scan_date":"2025-10-08 22:49:22","breadcrumb_settings":null,"limit_modified_date":false,"reviewed_by":null,"open_ai":"{\"title\":{\"suggestions\":[],\"usage\":0},\"description\":{\"suggestions\":[],\"usage\":0}}","ai":null,"created":"2024-08-28 18:05:44","updated":"2026-02-04 12:51:54"},"aioseo_breadcrumb":"<div class=\"aioseo-breadcrumbs\"><span class=\"aioseo-breadcrumb\">\n\t<a href=\"https:\/\/soymigrante.com\/revista\" title=\"Home\">Home<\/a>\n<\/span><span class=\"aioseo-breadcrumb-separator\">\u00bb<\/span><span class=\"aioseo-breadcrumb\">\n\t<a href=\"https:\/\/soymigrante.com\/revista\/category\/guate-nuestra\/\" title=\"Guate Nuestra\">Guate Nuestra<\/a>\n<\/span><span class=\"aioseo-breadcrumb-separator\">\u00bb<\/span><span class=\"aioseo-breadcrumb\">\n\tChichicastenango : Datos que quiz\u00e1 ya conoc\u00edas (o quiz\u00e1 no)\n<\/span><\/div>","aioseo_breadcrumb_json":[{"label":"Home","link":"https:\/\/soymigrante.com\/revista"},{"label":"Guate Nuestra","link":"https:\/\/soymigrante.com\/revista\/category\/guate-nuestra\/"},{"label":"Chichicastenango : Datos que quiz\u00e1 ya conoc\u00edas (o quiz\u00e1 no)","link":"https:\/\/soymigrante.com\/revista\/chichicastenango-datos-que-quiza-ya-conocias-o-quiza-no\/"}],"_links":{"self":[{"href":"https:\/\/soymigrante.com\/revista\/wp-json\/wp\/v2\/posts\/8462","targetHints":{"allow":["GET"]}}],"collection":[{"href":"https:\/\/soymigrante.com\/revista\/wp-json\/wp\/v2\/posts"}],"about":[{"href":"https:\/\/soymigrante.com\/revista\/wp-json\/wp\/v2\/types\/post"}],"author":[{"embeddable":true,"href":"https:\/\/soymigrante.com\/revista\/wp-json\/wp\/v2\/users\/23"}],"replies":[{"embeddable":true,"href":"https:\/\/soymigrante.com\/revista\/wp-json\/wp\/v2\/comments?post=8462"}],"version-history":[{"count":0,"href":"https:\/\/soymigrante.com\/revista\/wp-json\/wp\/v2\/posts\/8462\/revisions"}],"wp:featuredmedia":[{"embeddable":true,"href":"https:\/\/soymigrante.com\/revista\/wp-json\/wp\/v2\/media\/8489"}],"wp:attachment":[{"href":"https:\/\/soymigrante.com\/revista\/wp-json\/wp\/v2\/media?parent=8462"}],"wp:term":[{"taxonomy":"category","embeddable":true,"href":"https:\/\/soymigrante.com\/revista\/wp-json\/wp\/v2\/categories?post=8462"},{"taxonomy":"post_tag","embeddable":true,"href":"https:\/\/soymigrante.com\/revista\/wp-json\/wp\/v2\/tags?post=8462"}],"curies":[{"name":"wp","href":"https:\/\/api.w.org\/{rel}","templated":true}]}}