{"id":8413,"date":"2024-08-27T12:25:06","date_gmt":"2024-08-27T18:25:06","guid":{"rendered":"https:\/\/soymigrante.com\/revista\/?p=8413"},"modified":"2024-08-27T12:25:07","modified_gmt":"2024-08-27T18:25:07","slug":"puedo-tener-una-linea-telefonica-en-ee-uu-siendo-migrante","status":"publish","type":"post","link":"https:\/\/soymigrante.com\/revista\/puedo-tener-una-linea-telefonica-en-ee-uu-siendo-migrante\/","title":{"rendered":"\u00bfPuedo tener una l\u00ednea telef\u00f3nica en EE.UU. siendo migrante?"},"content":{"rendered":"\t\t<div data-elementor-type=\"wp-post\" data-elementor-id=\"8413\" class=\"elementor elementor-8413\" data-elementor-post-type=\"post\">\n\t\t\t\t<div data-particle_enable=\"false\" data-particle-mobile-disabled=\"false\" class=\"elementor-element elementor-element-64fa077 e-flex e-con-boxed e-con e-parent\" data-id=\"64fa077\" data-element_type=\"container\" data-e-type=\"container\">\n\t\t\t\t\t<div class=\"e-con-inner\">\n\t\t\t\t<div class=\"elementor-element elementor-element-2b6ed50 elementor-widget elementor-widget-heading\" data-id=\"2b6ed50\" data-element_type=\"widget\" data-e-type=\"widget\" data-widget_type=\"heading.default\">\n\t\t\t\t\t<h2 class=\"elementor-heading-title elementor-size-default\">Conseguir una l\u00ednea telef\u00f3nica en EE.UU. siendo migrante no es tan dif\u00edcil como se piensa, por eso sigue estos consejos. <\/h2>\t\t\t\t<\/div>\n\t\t\t\t\t<\/div>\n\t\t\t\t<\/div>\n\t\t<div data-particle_enable=\"false\" data-particle-mobile-disabled=\"false\" class=\"elementor-element elementor-element-99a05fa e-flex e-con-boxed e-con e-parent\" data-id=\"99a05fa\" data-element_type=\"container\" data-e-type=\"container\">\n\t\t\t\t\t<div class=\"e-con-inner\">\n\t\t\t\t<div class=\"elementor-element elementor-element-31a4f50 elementor-widget elementor-widget-text-editor\" data-id=\"31a4f50\" data-element_type=\"widget\" data-e-type=\"widget\" data-widget_type=\"text-editor.default\">\n\t\t\t\t\t\t\t\t\t<p>Contar con una l\u00ednea telef\u00f3nica permite la comunicaci\u00f3n directa con familiares, amigos, colegas o servicios de emergencia. Los tel\u00e9fonos celulares se han convertido en una herramienta esencial para la comunicaci\u00f3n y el acceso a servicios en la vida diaria.<\/p><p>Los inmigrantes reci\u00e9n llegados a Estados Unidos, necesitan una l\u00ednea telef\u00f3nica para poder acceder a ciertos servicios que requieren un n\u00famero telef\u00f3nico estadounidense como servicios bancarios, transporte, aplicaciones m\u00f3viles, tiendas en l\u00ednea, entre otros.<\/p>\t\t\t\t\t\t\t\t<\/div>\n\t\t\t\t\t<\/div>\n\t\t\t\t<\/div>\n\t\t<div data-particle_enable=\"false\" data-particle-mobile-disabled=\"false\" class=\"elementor-element elementor-element-42ed05d e-flex e-con-boxed e-con e-parent\" data-id=\"42ed05d\" data-element_type=\"container\" data-e-type=\"container\">\n\t\t\t\t\t<div class=\"e-con-inner\">\n\t\t\t\t<div class=\"elementor-element elementor-element-bfde2d9 elementor-widget elementor-widget-heading\" data-id=\"bfde2d9\" data-element_type=\"widget\" data-e-type=\"widget\" data-widget_type=\"heading.default\">\n\t\t\t\t\t<h3 class=\"elementor-heading-title elementor-size-default\">Existen m\u00faltiples formas de obtener una l\u00ednea de telefon\u00eda m\u00f3vil en Estados Unidos:<\/h3>\t\t\t\t<\/div>\n\t\t\t\t\t<\/div>\n\t\t\t\t<\/div>\n\t\t<div data-particle_enable=\"false\" data-particle-mobile-disabled=\"false\" class=\"elementor-element elementor-element-ca6f726 e-flex e-con-boxed e-con e-parent\" data-id=\"ca6f726\" data-element_type=\"container\" data-e-type=\"container\">\n\t\t\t\t\t<div class=\"e-con-inner\">\n\t\t\t\t<div class=\"elementor-element elementor-element-5f684c5 elementor-widget elementor-widget-text-editor\" data-id=\"5f684c5\" data-element_type=\"widget\" data-e-type=\"widget\" data-widget_type=\"text-editor.default\">\n\t\t\t\t\t\t\t\t\t<p>La opci\u00f3n m\u00e1s com\u00fan es acudir a un establecimiento de <strong>proveedores de telefon\u00eda m\u00f3vil y solicitar una l\u00ednea telef\u00f3nica.<\/strong> Para este proceso generalmente solo es necesario presentar <a href=\"https:\/\/soymigrante.com\/revista\/derechos-de-los-migrantes-silencio-indocumentados-defensa\/\" target=\"_blank\" rel=\"noopener\">una identificaci\u00f3n v\u00e1lida con fotograf\u00eda como pasaporte, matr\u00edcula consular<\/a>, <a href=\"https:\/\/soymigrante.com\/revista\/licencia-conducir-migrantes-massachussets\/\" target=\"_blank\" rel=\"noopener\">ID, entre otras.<\/a> Asimismo, podr\u00eda ser necesario presentar un comprobante de domicilio en Estados Unidos para contratar una l\u00ednea.<\/p><p>Estos proveedores ofrecen diversas opciones, planes telef\u00f3nicos y diferentes rangos de costos.<\/p><p>Otra de las <strong>opciones es obtener un servicio de prepago.<\/strong> La gran mayor\u00eda de estos proveedores no requieren un historial de cr\u00e9dito en el pa\u00eds, ni un contrato a largo plazo. Puedes comprar una tarjeta SIM prepagada en cualquier tienda de autoservicio, tiendas de electr\u00f3nica o en l\u00ednea.<\/p>\t\t\t\t\t\t\t\t<\/div>\n\t\t\t\t\t<\/div>\n\t\t\t\t<\/div>\n\t\t<div data-particle_enable=\"false\" data-particle-mobile-disabled=\"false\" class=\"elementor-element elementor-element-c4ee6bc e-flex e-con-boxed e-con e-parent\" data-id=\"c4ee6bc\" data-element_type=\"container\" data-e-type=\"container\">\n\t\t\t\t\t<div class=\"e-con-inner\">\n\t\t\t\t<div class=\"elementor-element elementor-element-993401e elementor-widget elementor-widget-image\" data-id=\"993401e\" data-element_type=\"widget\" data-e-type=\"widget\" data-widget_type=\"image.default\">\n\t\t\t\t\t\t\t\t\t\t\t\t\t\t\t<img fetchpriority=\"high\" decoding=\"async\" width=\"768\" height=\"512\" src=\"https:\/\/soymigrante.com\/revista\/wp-content\/uploads\/2024\/08\/Como-tener-una-linea-telefonica-en-EEUU_-siendo-migrante--1024x682.webp\" class=\"attachment-large size-large wp-image-8416\" alt=\"Joven hablando por tel\u00e9fono m\u00f3vil en exteriores, estilo urbano, enfoque en cabello y mano, fondo difuso con naturaleza.\" srcset=\"https:\/\/soymigrante.com\/revista\/wp-content\/uploads\/2024\/08\/Como-tener-una-linea-telefonica-en-EEUU_-siendo-migrante--1024x682.webp 1024w, https:\/\/soymigrante.com\/revista\/wp-content\/uploads\/2024\/08\/Como-tener-una-linea-telefonica-en-EEUU_-siendo-migrante--300x200.webp 300w, https:\/\/soymigrante.com\/revista\/wp-content\/uploads\/2024\/08\/Como-tener-una-linea-telefonica-en-EEUU_-siendo-migrante--768x512.webp 768w, https:\/\/soymigrante.com\/revista\/wp-content\/uploads\/2024\/08\/Como-tener-una-linea-telefonica-en-EEUU_-siendo-migrante--750x500.webp 750w, https:\/\/soymigrante.com\/revista\/wp-content\/uploads\/2024\/08\/Como-tener-una-linea-telefonica-en-EEUU_-siendo-migrante--1140x760.webp 1140w, https:\/\/soymigrante.com\/revista\/wp-content\/uploads\/2024\/08\/Como-tener-una-linea-telefonica-en-EEUU_-siendo-migrante-.webp 1280w\" sizes=\"(max-width: 768px) 100vw, 768px\" title=\"\u00bfC\u00f3mo tener una l\u00ednea telef\u00f3nica en EE.UU. siendo migrante? \u2013 SoyMigrante.com REVISTA\" \/>\t\t\t\t\t\t\t\t\t\t\t\t\t\t\t<\/div>\n\t\t\t\t\t<\/div>\n\t\t\t\t<\/div>\n\t\t<div data-particle_enable=\"false\" data-particle-mobile-disabled=\"false\" class=\"elementor-element elementor-element-04a89b2 e-flex e-con-boxed e-con e-parent\" data-id=\"04a89b2\" data-element_type=\"container\" data-e-type=\"container\">\n\t\t\t\t\t<div class=\"e-con-inner\">\n\t\t\t\t<div class=\"elementor-element elementor-element-3768cad elementor-widget elementor-widget-text-editor\" data-id=\"3768cad\" data-element_type=\"widget\" data-e-type=\"widget\" data-widget_type=\"text-editor.default\">\n\t\t\t\t\t\t\t\t\t<p>Tambi\u00e9n una opci\u00f3n relativamente nueva son los proveedores virtuales, tambi\u00e9n conocidos como<strong> MVNO, los cuales ofrecen servicios de telefon\u00eda m\u00f3vil utilizando las redes de telecomunicaciones de los principales operadores del pa\u00eds.<\/strong> Estos servicios ofrecen precios m\u00e1s accesibles y tampoco necesitan un historial de cr\u00e9dito.<\/p><p>Incluso puedes obtener una l\u00ednea telef\u00f3nica de Estados Unidos para tu tel\u00e9fono celular antes de llegar al pa\u00eds. Al comprar una <strong>tarjeta SIM internacional<\/strong> e ingresarla a tu tel\u00e9fono desbloqueado puedes obtener un n\u00famero local.<\/p>\t\t\t\t\t\t\t\t<\/div>\n\t\t\t\t\t<\/div>\n\t\t\t\t<\/div>\n\t\t<div data-particle_enable=\"false\" data-particle-mobile-disabled=\"false\" class=\"elementor-element elementor-element-f0d5250 e-flex e-con-boxed e-con e-parent\" data-id=\"f0d5250\" data-element_type=\"container\" data-e-type=\"container\">\n\t\t\t\t\t<div class=\"e-con-inner\">\n\t\t\t\t<div class=\"elementor-element elementor-element-0480be8 elementor-widget elementor-widget-heading\" data-id=\"0480be8\" data-element_type=\"widget\" data-e-type=\"widget\" data-widget_type=\"heading.default\">\n\t\t\t\t\t<h2 class=\"elementor-heading-title elementor-size-default\">Conoce m\u00e1s de Guatemala ac\u00e1...<\/h2>\t\t\t\t<\/div>\n\t\t\t\t\t<\/div>\n\t\t\t\t<\/div>\n\t\t<div data-particle_enable=\"false\" data-particle-mobile-disabled=\"false\" class=\"elementor-element elementor-element-89358ef e-flex e-con-boxed e-con e-parent\" data-id=\"89358ef\" data-element_type=\"container\" data-e-type=\"container\">\n\t\t\t\t\t<div class=\"e-con-inner\">\n\t\t\t\t<div class=\"elementor-element elementor-element-7be047e elementor-widget elementor-widget-blfe-post-grid\" data-id=\"7be047e\" data-element_type=\"widget\" data-e-type=\"widget\" data-settings=\"{&quot;columns&quot;:&quot;3&quot;,&quot;columns_tablet&quot;:&quot;6&quot;,&quot;columns_mobile&quot;:&quot;12&quot;,&quot;hero2_navigation&quot;:&quot;arrows&quot;,&quot;hero2_layout_column_gap&quot;:{&quot;unit&quot;:&quot;px&quot;,&quot;size&quot;:5,&quot;sizes&quot;:[]},&quot;hero2_layout_column_gap_tablet&quot;:{&quot;unit&quot;:&quot;px&quot;,&quot;size&quot;:&quot;&quot;,&quot;sizes&quot;:[]},&quot;hero2_layout_column_gap_mobile&quot;:{&quot;unit&quot;:&quot;px&quot;,&quot;size&quot;:&quot;&quot;,&quot;sizes&quot;:[]},&quot;hero2_layout_row_gap&quot;:{&quot;unit&quot;:&quot;px&quot;,&quot;size&quot;:5,&quot;sizes&quot;:[]},&quot;hero2_layout_row_gap_tablet&quot;:{&quot;unit&quot;:&quot;px&quot;,&quot;size&quot;:&quot;&quot;,&quot;sizes&quot;:[]},&quot;hero2_layout_row_gap_mobile&quot;:{&quot;unit&quot;:&quot;px&quot;,&quot;size&quot;:&quot;&quot;,&quot;sizes&quot;:[]}}\" data-widget_type=\"blfe-post-grid.hero2\">\n\t\t\t\t<div class=\"elementor-widget-container\">\n\t\t\t\t\t\n                        <div class=\"blfe-post-grid-container \">\n            \n                <div data-skin=\"hero2\" class=\"blfe-row blfe-posts-inner blfe-hero2 blfe-posts-inner blfe-col-3 blfe-col-tab-6 blfe-col-mob-12     \">\n                            <div class=\"blfe-post-grid-item \">\n            <div class=\"blfe-post-grid-item-inner blfe-modern-zoom\">\n                        <div class=\"blfe-post-grid-bg-image\">\n            <a class=\"blfe-post-grid-image-inner\" href=\"https:\/\/soymigrante.com\/revista\/cantautora-migrante-guatemalteca-wendy-dgi-crea-cancion-desafiante-la-envidia\/\" title=\"&#8220;La Envidia&#8221;: cantautora migrante guatemalteca Wendy DGi crea una canci\u00f3n desafiante\" rel=\"nofollow\" target=\"_blank\"><img decoding=\"async\" src=\"https:\/\/soymigrante.com\/revista\/wp-content\/uploads\/2026\/04\/wendy-DGi-cantautora-migrante-guatemalteca-en-nueva-york-copia.jpg\" alt=\"&#8220;La Envidia&#8221;: cantautora migrante guatemalteca Wendy DGi crea una canci\u00f3n desafiante\"\/><\/a>        <\/div>\n                        <div class=\"blfe-post-grid-details\">\n                    <div class=\"blfe-post-grid-details-inner\">\n                        <span class=\"blfe-post-category\"><a href=\"https:\/\/soymigrante.com\/revista\/category\/estamos-unidos\/lugar-de-voces\/\">Lugar de Voces<\/a><\/span>                        <h3 class=\"blfe-post-grid-title\">\n            <a href=\"https:\/\/soymigrante.com\/revista\/cantautora-migrante-guatemalteca-wendy-dgi-crea-cancion-desafiante-la-envidia\/\" title=\"&#8220;La Envidia&#8221;: cantautora migrante guatemalteca Wendy DGi crea una canci\u00f3n desafiante\" rel=\"nofollow\" target=\"_blank\">&#8220;La Envidia&#8221;: cantautora migrante guatemalteca Wendy DGi crea una canci\u00f3n desafiante<\/a>\n            <\/h3>                                    <div class=\"blfe-post-grid-meta\">\n                <span class=\"blfe-post-grid-time\"><i class=\"fas fa-book-reader\"><\/i>3 Min read<\/span>            <\/div>\n                                                                                <\/div>\n                <\/div>\n\n            <\/div>\n        <\/div>\n                <div class=\"blfe-post-grid-item \">\n            <div class=\"blfe-post-grid-item-inner blfe-modern-zoom\">\n                        <div class=\"blfe-post-grid-bg-image\">\n            <a class=\"blfe-post-grid-image-inner\" href=\"https:\/\/soymigrante.com\/revista\/significados-de-nombres-indigenas-de-algunos-estados-de-los-estados-unidos\/\" title=\"Significados de nombres ind\u00edgenas de algunos Estados de los Estados Unidos\" rel=\"nofollow\" target=\"_blank\"><img decoding=\"async\" src=\"https:\/\/soymigrante.com\/revista\/wp-content\/uploads\/2026\/04\/nombres-indigenas-Estados-Unidos.jpg\" alt=\"Significados de nombres ind\u00edgenas de algunos Estados de los Estados Unidos\"\/><\/a>        <\/div>\n                        <div class=\"blfe-post-grid-details\">\n                    <div class=\"blfe-post-grid-details-inner\">\n                        <span class=\"blfe-post-category\"><a href=\"https:\/\/soymigrante.com\/revista\/category\/estamos-unidos\/lugar-de-voces\/\">Lugar de Voces<\/a><\/span>                        <h3 class=\"blfe-post-grid-title\">\n            <a href=\"https:\/\/soymigrante.com\/revista\/significados-de-nombres-indigenas-de-algunos-estados-de-los-estados-unidos\/\" title=\"Significados de nombres ind\u00edgenas de algunos Estados de los Estados Unidos\" rel=\"nofollow\" target=\"_blank\">Significados de nombres ind\u00edgenas de algunos Estados de los Estados Unidos<\/a>\n            <\/h3>                                    <div class=\"blfe-post-grid-meta\">\n                <span class=\"blfe-post-grid-time\"><i class=\"fas fa-book-reader\"><\/i>4 Min read<\/span>            <\/div>\n                                                                                <\/div>\n                <\/div>\n\n            <\/div>\n        <\/div>\n                <div class=\"blfe-post-grid-item \">\n            <div class=\"blfe-post-grid-item-inner blfe-modern-zoom\">\n                        <div class=\"blfe-post-grid-bg-image\">\n            <a class=\"blfe-post-grid-image-inner\" href=\"https:\/\/soymigrante.com\/revista\/cuantas-estaciones-tiene-el-via-crucis-migrante-y-que-significado-tiene-cada-una\/\" title=\"\u00bfCu\u00e1ntas estaciones tiene el V\u00eda Crucis Migrante y qu\u00e9 significado tiene cada una?\" rel=\"nofollow\" target=\"_blank\"><img decoding=\"async\" src=\"https:\/\/soymigrante.com\/revista\/wp-content\/uploads\/2026\/03\/via-crucis-migrante-ilustrado-estacion.png\" alt=\"\u00bfCu\u00e1ntas estaciones tiene el V\u00eda Crucis Migrante y qu\u00e9 significado tiene cada una?\"\/><\/a>        <\/div>\n                        <div class=\"blfe-post-grid-details\">\n                    <div class=\"blfe-post-grid-details-inner\">\n                        <span class=\"blfe-post-category\"><a href=\"https:\/\/soymigrante.com\/revista\/category\/estamos-unidos\/lugar-de-voces\/\">Lugar de Voces<\/a><\/span>                        <h3 class=\"blfe-post-grid-title\">\n            <a href=\"https:\/\/soymigrante.com\/revista\/cuantas-estaciones-tiene-el-via-crucis-migrante-y-que-significado-tiene-cada-una\/\" title=\"\u00bfCu\u00e1ntas estaciones tiene el V\u00eda Crucis Migrante y qu\u00e9 significado tiene cada una?\" rel=\"nofollow\" target=\"_blank\">\u00bfCu\u00e1ntas estaciones tiene el V\u00eda Crucis Migrante y qu\u00e9 significado tiene cada una?<\/a>\n            <\/h3>                                    <div class=\"blfe-post-grid-meta\">\n                <span class=\"blfe-post-grid-time\"><i class=\"fas fa-book-reader\"><\/i>6 Min read<\/span>            <\/div>\n                                                                                <\/div>\n                <\/div>\n\n            <\/div>\n        <\/div>\n                <div class=\"blfe-post-grid-item \">\n            <div class=\"blfe-post-grid-item-inner blfe-modern-zoom\">\n                        <div class=\"blfe-post-grid-bg-image\">\n            <a class=\"blfe-post-grid-image-inner\" href=\"https:\/\/soymigrante.com\/revista\/ingeniero-guatemalteco-guillermo-fuentes-electo-entre-los-20-jovenes-latinos-de-oklahoma-2026\/\" title=\"Ingeniero guatemalteco Guillermo Fuentes electo entre los 20 J\u00f3venes Latinos de Oklahoma 2026\" rel=\"nofollow\" target=\"_blank\"><img decoding=\"async\" src=\"https:\/\/soymigrante.com\/revista\/wp-content\/uploads\/2026\/02\/guillermo-fuentes-guatemalteco-oklahoma-entre-los-20-menores-de-40.png\" alt=\"Ingeniero guatemalteco Guillermo Fuentes electo entre los 20 J\u00f3venes Latinos de Oklahoma 2026\"\/><\/a>        <\/div>\n                        <div class=\"blfe-post-grid-details\">\n                    <div class=\"blfe-post-grid-details-inner\">\n                        <span class=\"blfe-post-category\"><a href=\"https:\/\/soymigrante.com\/revista\/category\/estamos-unidos\/lugar-de-voces\/\">Lugar de Voces<\/a><\/span>                        <h3 class=\"blfe-post-grid-title\">\n            <a href=\"https:\/\/soymigrante.com\/revista\/ingeniero-guatemalteco-guillermo-fuentes-electo-entre-los-20-jovenes-latinos-de-oklahoma-2026\/\" title=\"Ingeniero guatemalteco Guillermo Fuentes electo entre los 20 J\u00f3venes Latinos de Oklahoma 2026\" rel=\"nofollow\" target=\"_blank\">Ingeniero guatemalteco Guillermo Fuentes electo entre los 20 J\u00f3venes Latinos de Oklahoma 2026<\/a>\n            <\/h3>                                    <div class=\"blfe-post-grid-meta\">\n                <span class=\"blfe-post-grid-time\"><i class=\"fas fa-book-reader\"><\/i>4 Min read<\/span>            <\/div>\n                                                                                <\/div>\n                <\/div>\n\n            <\/div>\n        <\/div>\n                <div class=\"blfe-post-grid-item \">\n            <div class=\"blfe-post-grid-item-inner blfe-modern-zoom\">\n                        <div class=\"blfe-post-grid-bg-image\">\n            <a class=\"blfe-post-grid-image-inner\" href=\"https:\/\/soymigrante.com\/revista\/el-lugar-donde-murio-el-guerrero-kiche-tecun-uman-y-el-sitio-de-su-tumba-en-quetzaltenango-segun-la-tradicion\/\" title=\"El lugar donde muri\u00f3 el guerrero k&#8217;iche&#8217; Tec\u00fan Um\u00e1n y el sitio de su tumba en Quetzaltenango seg\u00fan la tradici\u00f3n.\" rel=\"nofollow\" target=\"_blank\"><img decoding=\"async\" src=\"https:\/\/soymigrante.com\/revista\/wp-content\/uploads\/2026\/02\/tecun-uman-escena.png\" alt=\"El lugar donde muri\u00f3 el guerrero k&#8217;iche&#8217; Tec\u00fan Um\u00e1n y el sitio de su tumba en Quetzaltenango seg\u00fan la tradici\u00f3n.\"\/><\/a>        <\/div>\n                        <div class=\"blfe-post-grid-details\">\n                    <div class=\"blfe-post-grid-details-inner\">\n                        <span class=\"blfe-post-category\"><a href=\"https:\/\/soymigrante.com\/revista\/category\/guate-nuestra\/arte-cultura\/\">Cultura de Guatemala<\/a><\/span>                        <h3 class=\"blfe-post-grid-title\">\n            <a href=\"https:\/\/soymigrante.com\/revista\/el-lugar-donde-murio-el-guerrero-kiche-tecun-uman-y-el-sitio-de-su-tumba-en-quetzaltenango-segun-la-tradicion\/\" title=\"El lugar donde muri\u00f3 el guerrero k&#8217;iche&#8217; Tec\u00fan Um\u00e1n y el sitio de su tumba en Quetzaltenango seg\u00fan la tradici\u00f3n.\" rel=\"nofollow\" target=\"_blank\">El lugar donde muri\u00f3 el guerrero k&#8217;iche&#8217; Tec\u00fan Um\u00e1n y el sitio de su tumba en Quetzaltenango seg\u00fan la tradici\u00f3n.<\/a>\n            <\/h3>                                    <div class=\"blfe-post-grid-meta\">\n                <span class=\"blfe-post-grid-time\"><i class=\"fas fa-book-reader\"><\/i>8 Min read<\/span>            <\/div>\n                                                                                <\/div>\n                <\/div>\n\n            <\/div>\n        <\/div>\n                        <\/div>\n\n                        <\/div>\n            \n                        <div class=\"blfe-post-footer\">\n                        <\/div>\n            \t\t\t\t<\/div>\n\t\t\t\t<\/div>\n\t\t\t\t\t<\/div>\n\t\t\t\t<\/div>\n\t\t\t\t<\/div>\n\t\t","protected":false},"excerpt":{"rendered":"<p>Conseguir una l\u00ednea telef\u00f3nica en EE.UU. siendo migrante no es tan dif\u00edcil como se piensa, por eso sigue estos consejos. Contar con una l\u00ednea telef\u00f3nica permite la comunicaci\u00f3n directa con familiares, amigos, colegas o servicios de emergencia. Los tel\u00e9fonos celulares se han convertido en una herramienta esencial para la comunicaci\u00f3n y el acceso a servicios [&hellip;]<\/p>\n","protected":false},"author":19,"featured_media":8424,"comment_status":"open","ping_status":"open","sticky":false,"template":"","format":"standard","meta":{"_acf_changed":false,"_eb_attr":"","footnotes":""},"categories":[59],"tags":[],"class_list":["post-8413","post","type-post","status-publish","format-standard","has-post-thumbnail","hentry","category-recursos-migratorios"],"acf":[],"aioseo_notices":[],"aioseo_head":"\n\t\t<!-- All in One SEO Pro 4.9.6.2 - aioseo.com -->\n\t<meta name=\"description\" content=\"\u00bfSab\u00edas que en Quetzaltenango est\u00e1 marcado el lugar donde muri\u00f3 Tec\u00fan Um\u00e1n? El economista Rocael Cardona lo visit\u00f3 y tambi\u00e9n la tumba del h\u00e9roe seg\u00fan la tradici\u00f3n\" \/>\n\t<meta name=\"robots\" content=\"max-snippet:-1, max-image-preview:large, max-video-preview:-1\" \/>\n\t<meta name=\"author\" content=\"SoyMigrante.com REVISTA\"\/>\n\t<link rel=\"canonical\" href=\"https:\/\/soymigrante.com\/revista\/el-lugar-donde-murio-el-guerrero-kiche-tecun-uman-y-el-sitio-de-su-tumba-en-quetzaltenango-segun-la-tradicion\/\" \/>\n\t<meta name=\"generator\" content=\"All in One SEO Pro (AIOSEO) 4.9.6.2\" \/>\n\n\t\t<link rel=\"preconnect\" href=\"https:\/\/fonts.googleapis.com\" crossorigin>\n<link rel=\"preconnect\" href=\"https:\/\/fonts.gstatic.com\" crossorigin>\n\t\t<meta property=\"og:locale\" content=\"es_ES\" \/>\n\t\t<meta property=\"og:site_name\" content=\"SoyMigrante.com REVISTA \u2013 Nuestra misi\u00f3n es reconocer y dignificar al migrante.\" \/>\n\t\t<meta property=\"og:type\" content=\"article\" \/>\n\t\t<meta property=\"og:title\" content=\"El lugar donde muri\u00f3 y habr\u00eda sido sepultado Tecun Um\u00e1n\" \/>\n\t\t<meta property=\"og:description\" content=\"\u00bfSab\u00edas que en Quetzaltenango est\u00e1 marcado el lugar donde muri\u00f3 Tec\u00fan Um\u00e1n? El economista Rocael Cardona lo visit\u00f3 y tambi\u00e9n la tumba del h\u00e9roe seg\u00fan la tradici\u00f3n\" \/>\n\t\t<meta property=\"og:url\" content=\"https:\/\/soymigrante.com\/revista\/el-lugar-donde-murio-el-guerrero-kiche-tecun-uman-y-el-sitio-de-su-tumba-en-quetzaltenango-segun-la-tradicion\/\" \/>\n\t\t<meta property=\"og:image\" content=\"https:\/\/soymigrante.com\/revista\/wp-content\/uploads\/2026\/02\/tecun-uman-escena.png\" \/>\n\t\t<meta property=\"og:image:secure_url\" content=\"https:\/\/soymigrante.com\/revista\/wp-content\/uploads\/2026\/02\/tecun-uman-escena.png\" \/>\n\t\t<meta property=\"og:image:width\" content=\"1024\" \/>\n\t\t<meta property=\"og:image:height\" content=\"1024\" \/>\n\t\t<meta property=\"article:published_time\" content=\"2026-02-19T23:50:02+00:00\" \/>\n\t\t<meta property=\"article:modified_time\" content=\"2026-02-20T00:53:31+00:00\" \/>\n\t\t<meta property=\"article:publisher\" content=\"https:\/\/www.facebook.com\/soymigrantecom\" \/>\n\t\t<meta name=\"twitter:card\" content=\"summary_large_image\" \/>\n\t\t<meta name=\"twitter:site\" content=\"@SoyMigrante_com\" \/>\n\t\t<meta name=\"twitter:title\" content=\"El lugar donde muri\u00f3 y habr\u00eda sido sepultado Tecun Um\u00e1n\" \/>\n\t\t<meta name=\"twitter:description\" content=\"\u00bfSab\u00edas que en Quetzaltenango est\u00e1 marcado el lugar donde muri\u00f3 Tec\u00fan Um\u00e1n? El economista Rocael Cardona lo visit\u00f3 y tambi\u00e9n la tumba del h\u00e9roe seg\u00fan la tradici\u00f3n\" \/>\n\t\t<meta name=\"twitter:creator\" content=\"@SoyMigrante_com\" \/>\n\t\t<meta name=\"twitter:image\" content=\"https:\/\/soymigrante.com\/revista\/wp-content\/uploads\/2026\/02\/tecun-uman-escena.png\" \/>\n\t\t<!-- All in One SEO Pro -->\r\n\t\t<title>El lugar donde muri\u00f3 y habr\u00eda sido sepultado Tecun Um\u00e1n<\/title>\n\n","aioseo_head_json":{"title":"El lugar donde muri\u00f3 y habr\u00eda sido sepultado Tecun Um\u00e1n","description":"\u00bfSab\u00edas que en Quetzaltenango est\u00e1 marcado el lugar donde muri\u00f3 Tec\u00fan Um\u00e1n? El economista Rocael Cardona lo visit\u00f3 y tambi\u00e9n la tumba del h\u00e9roe seg\u00fan la tradici\u00f3n","canonical_url":"https:\/\/soymigrante.com\/revista\/el-lugar-donde-murio-el-guerrero-kiche-tecun-uman-y-el-sitio-de-su-tumba-en-quetzaltenango-segun-la-tradicion\/","robots":"max-snippet:-1, max-image-preview:large, max-video-preview:-1","keywords":"","webmasterTools":{"miscellaneous":"&lt;link rel=\"preconnect\" href=\"https:\/\/fonts.googleapis.com\" crossorigin&gt;\n&lt;link rel=\"preconnect\" href=\"https:\/\/fonts.gstatic.com\" crossorigin&gt;"},"schema":null,"og:locale":"es_ES","og:site_name":"SoyMigrante.com REVISTA \u2013 Nuestra misi\u00f3n es reconocer y dignificar al migrante.","og:type":"article","og:title":"El lugar donde muri\u00f3 y habr\u00eda sido sepultado Tecun Um\u00e1n","og:description":"\u00bfSab\u00edas que en Quetzaltenango est\u00e1 marcado el lugar donde muri\u00f3 Tec\u00fan Um\u00e1n? El economista Rocael Cardona lo visit\u00f3 y tambi\u00e9n la tumba del h\u00e9roe seg\u00fan la tradici\u00f3n","og:url":"https:\/\/soymigrante.com\/revista\/el-lugar-donde-murio-el-guerrero-kiche-tecun-uman-y-el-sitio-de-su-tumba-en-quetzaltenango-segun-la-tradicion\/","og:image":"https:\/\/soymigrante.com\/revista\/wp-content\/uploads\/2026\/02\/tecun-uman-escena.png","og:image:secure_url":"https:\/\/soymigrante.com\/revista\/wp-content\/uploads\/2026\/02\/tecun-uman-escena.png","og:image:width":1024,"og:image:height":1024,"article:published_time":"2026-02-19T23:50:02+00:00","article:modified_time":"2026-02-20T00:53:31+00:00","article:publisher":"https:\/\/www.facebook.com\/soymigrantecom","twitter:card":"summary_large_image","twitter:site":"@SoyMigrante_com","twitter:title":"El lugar donde muri\u00f3 y habr\u00eda sido sepultado Tecun Um\u00e1n","twitter:description":"\u00bfSab\u00edas que en Quetzaltenango est\u00e1 marcado el lugar donde muri\u00f3 Tec\u00fan Um\u00e1n? El economista Rocael Cardona lo visit\u00f3 y tambi\u00e9n la tumba del h\u00e9roe seg\u00fan la tradici\u00f3n","twitter:creator":"@SoyMigrante_com","twitter:image":"https:\/\/soymigrante.com\/revista\/wp-content\/uploads\/2026\/02\/tecun-uman-escena.png"},"aioseo_meta_data":{"post_id":"8413","title":null,"description":"Es importante mantener comunicaci\u00f3n telefonica con los familiares en Guatemala y tambi\u00e9n con amigos o clientes en USA. Estas son algunas claves para hacerlo.","keywords":null,"keyphrases":{"focus":{"keyphrase":"L\u00ednea telef\u00f3nica en EE.UU.","score":65,"analysis":{"keyphraseInTitle":{"score":9,"maxScore":9,"error":0},"keyphraseInDescription":{"score":3,"maxScore":9,"error":1},"keyphraseLength":{"score":6,"maxScore":9,"error":1,"length":6},"keyphraseInURL":{"score":5,"maxScore":5,"error":0},"keyphraseInIntroduction":{"score":3,"maxScore":9,"error":1},"keyphraseInSubHeadings":{"score":9,"maxScore":9,"error":0},"keyphraseInImageAlt":{"score":9,"maxScore":9,"error":0},"keywordDensity":{"score":0,"type":"low","maxScore":9,"error":1}}},"additional":[{"keyphrase":"Migrantes","score":40,"analysis":{"keyphraseInDescription":{"score":3,"maxScore":9,"error":1},"keyphraseLength":{"score":9,"maxScore":9,"error":0,"length":1},"keyphraseInIntroduction":{"score":3,"maxScore":9,"error":1},"keyphraseInImageAlt":{"score":3,"maxScore":9,"error":1},"keywordDensity":{"score":0,"type":"low","maxScore":9,"error":1}}},{"keyphrase":"L\u00ednea telef\u00f3nica en EE.UU.","score":47,"analysis":{"keyphraseInDescription":{"score":3,"maxScore":9,"error":1},"keyphraseLength":{"score":6,"maxScore":9,"error":1,"length":6},"keyphraseInIntroduction":{"score":3,"maxScore":9,"error":1},"keyphraseInImageAlt":{"score":9,"maxScore":9,"error":0},"keywordDensity":{"score":0,"type":"low","maxScore":9,"error":1}}}]},"primary_term":null,"canonical_url":null,"og_title":null,"og_description":null,"og_object_type":"default","og_image_type":"default","og_image_url":null,"og_image_width":null,"og_image_height":null,"og_image_custom_url":null,"og_image_custom_fields":null,"og_video":"","og_custom_url":null,"og_article_section":null,"og_article_tags":null,"twitter_use_og":false,"twitter_card":"default","twitter_image_type":"default","twitter_image_url":null,"twitter_image_custom_url":null,"twitter_image_custom_fields":null,"twitter_title":null,"twitter_description":null,"schema":{"blockGraphs":[],"customGraphs":[],"default":{"data":{"Article":[],"Course":[],"Dataset":[],"FAQPage":[],"Movie":[],"Person":[],"Product":[],"ProductReview":[],"Car":[],"Recipe":[],"Service":[],"SoftwareApplication":[],"WebPage":[]},"graphName":"Article","isEnabled":true},"graphs":[]},"schema_type":"default","schema_type_options":null,"pillar_content":false,"robots_default":true,"robots_noindex":false,"robots_noarchive":false,"robots_nosnippet":false,"robots_nofollow":false,"robots_noimageindex":false,"robots_noodp":false,"robots_notranslate":false,"robots_max_snippet":"-1","robots_max_videopreview":"-1","robots_max_imagepreview":"large","priority":null,"frequency":"default","local_seo":null,"seo_analyzer_scan_date":"2025-10-08 22:47:37","breadcrumb_settings":null,"limit_modified_date":false,"reviewed_by":null,"open_ai":"{\"title\":{\"suggestions\":[],\"usage\":0},\"description\":{\"suggestions\":[],\"usage\":0}}","ai":null,"created":"2024-08-27 15:56:43","updated":"2026-02-04 12:51:52"},"aioseo_breadcrumb":"<div class=\"aioseo-breadcrumbs\"><span class=\"aioseo-breadcrumb\">\n\t<a href=\"https:\/\/soymigrante.com\/revista\" title=\"Home\">Home<\/a>\n<\/span><span class=\"aioseo-breadcrumb-separator\">\u00bb<\/span><span class=\"aioseo-breadcrumb\">\n\t<a href=\"https:\/\/soymigrante.com\/revista\/category\/recursos-migratorios\/\" title=\"Recursos Migratorios\">Recursos Migratorios<\/a>\n<\/span><span class=\"aioseo-breadcrumb-separator\">\u00bb<\/span><span class=\"aioseo-breadcrumb\">\n\t\u00bfPuedo tener una l\u00ednea telef\u00f3nica en EE.UU. siendo migrante?\n<\/span><\/div>","aioseo_breadcrumb_json":[{"label":"Home","link":"https:\/\/soymigrante.com\/revista"},{"label":"Recursos Migratorios","link":"https:\/\/soymigrante.com\/revista\/category\/recursos-migratorios\/"},{"label":"\u00bfPuedo tener una l\u00ednea telef\u00f3nica en EE.UU. siendo migrante?","link":"https:\/\/soymigrante.com\/revista\/puedo-tener-una-linea-telefonica-en-ee-uu-siendo-migrante\/"}],"_links":{"self":[{"href":"https:\/\/soymigrante.com\/revista\/wp-json\/wp\/v2\/posts\/8413","targetHints":{"allow":["GET"]}}],"collection":[{"href":"https:\/\/soymigrante.com\/revista\/wp-json\/wp\/v2\/posts"}],"about":[{"href":"https:\/\/soymigrante.com\/revista\/wp-json\/wp\/v2\/types\/post"}],"author":[{"embeddable":true,"href":"https:\/\/soymigrante.com\/revista\/wp-json\/wp\/v2\/users\/19"}],"replies":[{"embeddable":true,"href":"https:\/\/soymigrante.com\/revista\/wp-json\/wp\/v2\/comments?post=8413"}],"version-history":[{"count":0,"href":"https:\/\/soymigrante.com\/revista\/wp-json\/wp\/v2\/posts\/8413\/revisions"}],"wp:featuredmedia":[{"embeddable":true,"href":"https:\/\/soymigrante.com\/revista\/wp-json\/wp\/v2\/media\/8424"}],"wp:attachment":[{"href":"https:\/\/soymigrante.com\/revista\/wp-json\/wp\/v2\/media?parent=8413"}],"wp:term":[{"taxonomy":"category","embeddable":true,"href":"https:\/\/soymigrante.com\/revista\/wp-json\/wp\/v2\/categories?post=8413"},{"taxonomy":"post_tag","embeddable":true,"href":"https:\/\/soymigrante.com\/revista\/wp-json\/wp\/v2\/tags?post=8413"}],"curies":[{"name":"wp","href":"https:\/\/api.w.org\/{rel}","templated":true}]}}