{"id":8355,"date":"2024-08-28T06:00:00","date_gmt":"2024-08-28T12:00:00","guid":{"rendered":"https:\/\/soymigrante.com\/revista\/?p=8355"},"modified":"2024-08-27T22:15:42","modified_gmt":"2024-08-28T04:15:42","slug":"fotos-de-guatemala-pablo-galindo-refleja-la-magia-de-la-tierra-del-quetzal","status":"publish","type":"post","link":"https:\/\/soymigrante.com\/revista\/fotos-de-guatemala-pablo-galindo-refleja-la-magia-de-la-tierra-del-quetzal\/","title":{"rendered":"Fotos de Guatemala :  Pablo Galindo refleja la magia de la tierra del Quetzal"},"content":{"rendered":"\t\t<div data-elementor-type=\"wp-post\" data-elementor-id=\"8355\" class=\"elementor elementor-8355\" data-elementor-post-type=\"post\">\n\t\t\t\t<div data-particle_enable=\"false\" data-particle-mobile-disabled=\"false\" class=\"elementor-element elementor-element-c5a6947 e-flex e-con-boxed e-con e-parent\" data-id=\"c5a6947\" data-element_type=\"container\" data-e-type=\"container\">\n\t\t\t\t\t<div class=\"e-con-inner\">\n\t\t\t\t<div class=\"elementor-element elementor-element-eee343f elementor-widget elementor-widget-heading\" data-id=\"eee343f\" data-element_type=\"widget\" data-e-type=\"widget\" data-widget_type=\"heading.default\">\n\t\t\t\t\t<h2 class=\"elementor-heading-title elementor-size-default\">Hacemos un recorrido en fotos de Guatemala por ese riachuelo que quiz\u00e1 alguna vez puedas descubrir, un resplandor del sol cayendo sobre la linea monta\u00f1osa  o la furia del coloso de Fuego. Las im\u00e1genes hablan. <\/h2>\t\t\t\t<\/div>\n\t\t\t\t\t<\/div>\n\t\t\t\t<\/div>\n\t\t<div data-particle_enable=\"false\" data-particle-mobile-disabled=\"false\" class=\"elementor-element elementor-element-3e722d3 e-flex e-con-boxed e-con e-parent\" data-id=\"3e722d3\" data-element_type=\"container\" data-e-type=\"container\">\n\t\t\t\t\t<div class=\"e-con-inner\">\n\t\t\t\t<div class=\"elementor-element elementor-element-b6d0ef8 elementor-widget elementor-widget-text-editor\" data-id=\"b6d0ef8\" data-element_type=\"widget\" data-e-type=\"widget\" data-widget_type=\"text-editor.default\">\n\t\t\t\t\t\t\t\t\t<p>Pablo Galindo es un guatemalteco apasionado por la fotograf\u00eda. Este arte le permite documentar para la historia cada rinc\u00f3n de\u00a0<a href=\"https:\/\/soymigrante.com\/revista\/las-encomiendas-son-retacitos-de-guatemala-que-van-a-usa\" target=\"_blank\" rel=\"noopener\">Guatemala.<\/a>\u00a0 \u00a0&#8220;Hago esto como una pasi\u00f3n y ese la primera vez que presento mis fotos a trav\u00e9s de un medio&#8221;, expresa como la motivaci\u00f3n para exhibir en SoyMigrante.com algunas de sus im\u00e1genes.\u00a0<\/p><p>Lleva aproximadamente 5 a\u00f1os en la fotograf\u00eda captando cada momento \u00fanico. Lo que le motiva a explorar este\u00a0<a href=\"https:\/\/soymigrante.com\/revista\/la-migrante-orquidia-archila-se-reencuentra-con-la-belleza-de-su-natal-guatemala\/\" target=\"_blank\" rel=\"noopener\">hermoso pa\u00eds.\u00a0<\/a>&#8220;La idea es que conozcan el pa\u00eds&#8221;, a\u00f1ade Galindo.\u00a0<\/p><p>Recientemente uno de los destinos que eligi\u00f3 para poder grabar al ave nacional el Quetzal fue en la reserva natural<a href=\"https:\/\/www.ranchitosdelquetzal.com\/\" target=\"_blank\" rel=\"noopener\"> Ranchito del Quetzal<\/a>, ubicada en Baja Verapaz.<\/p><p>\u00a0<\/p>\t\t\t\t\t\t\t\t<\/div>\n\t\t\t\t\t<\/div>\n\t\t\t\t<\/div>\n\t\t<div data-particle_enable=\"false\" data-particle-mobile-disabled=\"false\" class=\"elementor-element elementor-element-c9cc13b e-flex e-con-boxed e-con e-parent\" data-id=\"c9cc13b\" data-element_type=\"container\" data-e-type=\"container\">\n\t\t\t\t\t<div class=\"e-con-inner\">\n\t\t\t\t<div class=\"elementor-element elementor-element-c6cc20a elementor-widget elementor-widget-heading\" data-id=\"c6cc20a\" data-element_type=\"widget\" data-e-type=\"widget\" data-widget_type=\"heading.default\">\n\t\t\t\t\t<h4 class=\"elementor-heading-title elementor-size-default\">Un quetzal \"patojito\"<\/h4>\t\t\t\t<\/div>\n\t\t\t\t\t<\/div>\n\t\t\t\t<\/div>\n\t\t<div data-particle_enable=\"false\" data-particle-mobile-disabled=\"false\" class=\"elementor-element elementor-element-eac5f5e e-flex e-con-boxed e-con e-parent\" data-id=\"eac5f5e\" data-element_type=\"container\" data-e-type=\"container\">\n\t\t\t\t\t<div class=\"e-con-inner\">\n\t\t\t\t<div class=\"elementor-element elementor-element-36d71b0 elementor-widget elementor-widget-video\" data-id=\"36d71b0\" data-element_type=\"widget\" data-e-type=\"widget\" data-settings=\"{&quot;video_type&quot;:&quot;hosted&quot;,&quot;controls&quot;:&quot;yes&quot;}\" data-widget_type=\"video.default\">\n\t\t\t\t\t\t\t<div class=\"e-hosted-video elementor-wrapper elementor-open-inline\">\n\t\t\t\t\t<video class=\"elementor-video\" src=\"https:\/\/soymigrante.com\/revista\/wp-content\/uploads\/2024\/08\/Joven-Quetzal-en-la-Reserva-de-Ranchito-del-Quetzal.mp4\" controls=\"\" preload=\"metadata\" controlsList=\"nodownload\"><\/video>\n\t\t\t\t<\/div>\n\t\t\t\t\t\t<\/div>\n\t\t\t\t\t<\/div>\n\t\t\t\t<\/div>\n\t\t<div data-particle_enable=\"false\" data-particle-mobile-disabled=\"false\" class=\"elementor-element elementor-element-2e1495b e-flex e-con-boxed e-con e-parent\" data-id=\"2e1495b\" data-element_type=\"container\" data-e-type=\"container\">\n\t\t\t\t\t<div class=\"e-con-inner\">\n\t\t\t\t<div class=\"elementor-element elementor-element-5bc3069 elementor-widget elementor-widget-heading\" data-id=\"5bc3069\" data-element_type=\"widget\" data-e-type=\"widget\" data-widget_type=\"heading.default\">\n\t\t\t\t\t<h3 class=\"elementor-heading-title elementor-size-default\">Pet\u00e9n<\/h3>\t\t\t\t<\/div>\n\t\t\t\t\t<\/div>\n\t\t\t\t<\/div>\n\t\t<div data-particle_enable=\"false\" data-particle-mobile-disabled=\"false\" class=\"elementor-element elementor-element-f3bc94a e-flex e-con-boxed e-con e-parent\" data-id=\"f3bc94a\" data-element_type=\"container\" data-e-type=\"container\">\n\t\t\t\t\t<div class=\"e-con-inner\">\n\t\t\t\t<div class=\"elementor-element elementor-element-ccb702b elementor-widget elementor-widget-text-editor\" data-id=\"ccb702b\" data-element_type=\"widget\" data-e-type=\"widget\" data-widget_type=\"text-editor.default\">\n\t\t\t\t\t\t\t\t\t<p>Este bello departamento es referente para el estudio de la\u00a0<a href=\"https:\/\/soymigrante.com\/revista\/joyas-mayas-migrantes-incensario-con-antepasado-y-concha-marina-en-baltimore\/\" target=\"_blank\" rel=\"noopener\">cultura maya<\/a>. Cuenta adem\u00e1s con varias \u00e1reas que son referentes para el turismo nacional e internacional.<\/p>\t\t\t\t\t\t\t\t<\/div>\n\t\t\t\t\t<\/div>\n\t\t\t\t<\/div>\n\t\t<div data-particle_enable=\"false\" data-particle-mobile-disabled=\"false\" class=\"elementor-element elementor-element-700f733 e-flex e-con-boxed e-con e-parent\" data-id=\"700f733\" data-element_type=\"container\" data-e-type=\"container\">\n\t\t\t\t\t<div class=\"e-con-inner\">\n\t\t\t\t<div class=\"elementor-element elementor-element-44db2b3 elementor-arrows-position-inside elementor-pagination-position-outside elementor-widget elementor-widget-image-carousel\" data-id=\"44db2b3\" data-element_type=\"widget\" data-e-type=\"widget\" data-settings=\"{&quot;slides_to_show&quot;:&quot;1&quot;,&quot;navigation&quot;:&quot;both&quot;,&quot;autoplay&quot;:&quot;yes&quot;,&quot;pause_on_hover&quot;:&quot;yes&quot;,&quot;pause_on_interaction&quot;:&quot;yes&quot;,&quot;autoplay_speed&quot;:5000,&quot;infinite&quot;:&quot;yes&quot;,&quot;effect&quot;:&quot;slide&quot;,&quot;speed&quot;:500}\" data-widget_type=\"image-carousel.default\">\n\t\t\t\t\t\t\t<div class=\"elementor-image-carousel-wrapper swiper\" role=\"region\" aria-roledescription=\"carousel\" aria-label=\"Carrusel de im\u00e1genes\" dir=\"ltr\">\n\t\t\t<div class=\"elementor-image-carousel swiper-wrapper\" aria-live=\"off\">\n\t\t\t\t\t\t\t\t<div class=\"swiper-slide\" role=\"group\" aria-roledescription=\"slide\" aria-label=\"1 de 2\"><figure class=\"swiper-slide-inner\"><img decoding=\"async\" class=\"swiper-slide-image\" src=\"https:\/\/soymigrante.com\/revista\/wp-content\/uploads\/2024\/08\/peten-pablo-galindo-soy-migrante3-820x1024.webp\" alt=\"R\u00e9fugio en madera junto a un r\u00edo, paisaje nocturno con cielo estrellado y nubes, ambiente tranquilo y naturaleza intacta, ideal para art\u00edculos sobre migraci\u00f3n y cultura en la revista SoyMigrante.com.\" \/><figcaption class=\"elementor-image-carousel-caption\">Bella imagen de un refugio junto al r\u00edo bajo un cielo estrellado, perfecta para art\u00edculos sobre naturaleza, turismo y vida en la naturaleza en la revista SoyMigrante.com.<\/figcaption><\/figure><\/div><div class=\"swiper-slide\" role=\"group\" aria-roledescription=\"slide\" aria-label=\"2 de 2\"><figure class=\"swiper-slide-inner\"><img decoding=\"async\" class=\"swiper-slide-image\" src=\"https:\/\/soymigrante.com\/revista\/wp-content\/uploads\/2024\/08\/lachua-peten-pablo-galindo-soy-migrante-e1774561890188-1140x500.webp\" alt=\"Rel\u00e1mpagos iluminando un lago tranquilo al atardecer, reflejando un cielo dramatico con nubes y rel\u00e1mpagos, en un paisaje natural impresionante.\" \/><figcaption class=\"elementor-image-carousel-caption\">Paisaje natural con rel\u00e1mpagos sobre un lago, reflejo de nubes y cielo tormentoso en un entorno sereno y espectacular.<\/figcaption><\/figure><\/div>\t\t\t<\/div>\n\t\t\t\t\t\t\t\t\t\t\t\t<div class=\"elementor-swiper-button elementor-swiper-button-prev\" role=\"button\" tabindex=\"0\">\n\t\t\t\t\t\t<i aria-hidden=\"true\" class=\"eicon-chevron-left\"><\/i>\t\t\t\t\t<\/div>\n\t\t\t\t\t<div class=\"elementor-swiper-button elementor-swiper-button-next\" role=\"button\" tabindex=\"0\">\n\t\t\t\t\t\t<i aria-hidden=\"true\" class=\"eicon-chevron-right\"><\/i>\t\t\t\t\t<\/div>\n\t\t\t\t\n\t\t\t\t\t\t\t\t\t<div class=\"swiper-pagination\"><\/div>\n\t\t\t\t\t\t\t\t\t<\/div>\n\t\t\t\t\t\t<\/div>\n\t\t\t\t\t<\/div>\n\t\t\t\t<\/div>\n\t\t<div data-particle_enable=\"false\" data-particle-mobile-disabled=\"false\" class=\"elementor-element elementor-element-17132fb e-flex e-con-boxed e-con e-parent\" data-id=\"17132fb\" data-element_type=\"container\" data-e-type=\"container\">\n\t\t\t\t\t<div class=\"e-con-inner\">\n\t\t\t\t<div class=\"elementor-element elementor-element-d572f8e elementor-widget elementor-widget-heading\" data-id=\"d572f8e\" data-element_type=\"widget\" data-e-type=\"widget\" data-widget_type=\"heading.default\">\n\t\t\t\t\t<h2 class=\"elementor-heading-title elementor-size-default\">Lagos y lagunas<\/h2>\t\t\t\t<\/div>\n\t\t\t\t\t<\/div>\n\t\t\t\t<\/div>\n\t\t<div data-particle_enable=\"false\" data-particle-mobile-disabled=\"false\" class=\"elementor-element elementor-element-d1d2a3a e-flex e-con-boxed e-con e-parent\" data-id=\"d1d2a3a\" data-element_type=\"container\" data-e-type=\"container\">\n\t\t\t\t\t<div class=\"e-con-inner\">\n\t\t\t\t<div class=\"elementor-element elementor-element-dafcf77 elementor-widget elementor-widget-text-editor\" data-id=\"dafcf77\" data-element_type=\"widget\" data-e-type=\"widget\" data-widget_type=\"text-editor.default\">\n\t\t\t\t\t\t\t\t\t<p>Guatemala se caracteriza por tener los lagos\u00a0<a href=\"https:\/\/soymigrante.com\/revista\/atitlan\/\" target=\"_blank\" rel=\"noopener\">Atitl\u00e1n<\/a>, Amatitl\u00e1n, La Guija,\u00a0<a href=\"https:\/\/soymigrante.com\/revista\/recetas-guatemaltecas-asi-se-prepara-el-rice-and-beans-de-izabal\/\" target=\"_blank\" rel=\"noopener\">Izabal<\/a>\u00a0y\u00a0<a href=\"https:\/\/soymigrante.com\/revista\/la-migrante-orquidia-archila-se-reencuentra-con-la-belleza-de-su-natal-guatemala\/\" target=\"_blank\" rel=\"noopener\">Pet\u00e9n<\/a>\u00a0Itz\u00e1. En total hay 23 lagunas y lagos, y 119 lagunas &#8220;menores&#8221;.\u00a0<\/p>\t\t\t\t\t\t\t\t<\/div>\n\t\t\t\t\t<\/div>\n\t\t\t\t<\/div>\n\t\t<div data-particle_enable=\"false\" data-particle-mobile-disabled=\"false\" class=\"elementor-element elementor-element-c751e6b e-flex e-con-boxed e-con e-parent\" data-id=\"c751e6b\" data-element_type=\"container\" data-e-type=\"container\">\n\t\t\t\t\t<div class=\"e-con-inner\">\n\t\t\t\t<div class=\"elementor-element elementor-element-bdf00f2 elementor-arrows-position-inside elementor-pagination-position-outside elementor-widget elementor-widget-image-carousel\" data-id=\"bdf00f2\" data-element_type=\"widget\" data-e-type=\"widget\" data-settings=\"{&quot;slides_to_show&quot;:&quot;1&quot;,&quot;navigation&quot;:&quot;both&quot;,&quot;autoplay&quot;:&quot;yes&quot;,&quot;pause_on_hover&quot;:&quot;yes&quot;,&quot;pause_on_interaction&quot;:&quot;yes&quot;,&quot;autoplay_speed&quot;:5000,&quot;infinite&quot;:&quot;yes&quot;,&quot;effect&quot;:&quot;slide&quot;,&quot;speed&quot;:500}\" data-widget_type=\"image-carousel.default\">\n\t\t\t\t\t\t\t<div class=\"elementor-image-carousel-wrapper swiper\" role=\"region\" aria-roledescription=\"carousel\" aria-label=\"Carrusel de im\u00e1genes\" dir=\"ltr\">\n\t\t\t<div class=\"elementor-image-carousel swiper-wrapper\" aria-live=\"off\">\n\t\t\t\t\t\t\t\t<div class=\"swiper-slide\" role=\"group\" aria-roledescription=\"slide\" aria-label=\"1 de 6\"><figure class=\"swiper-slide-inner\"><img decoding=\"async\" class=\"swiper-slide-image\" src=\"https:\/\/soymigrante.com\/revista\/wp-content\/uploads\/2024\/08\/laguna-chicabal-pablo-galindo-soy-migrante-819x1024.webp\" alt=\"Laguna en forma de coraz\u00f3n en medio de un bosque monta\u00f1oso con nubes y un hermoso cielo al atardecer en un paisaje natural impresionante.\" \/><figcaption class=\"elementor-image-carousel-caption\">Paisaje natural con laguna en forma de coraz\u00f3n rodeada de bosque monta\u00f1oso y cielo con nubes, ideal para visitar y explorar en turismo ecol\u00f3gico.<\/figcaption><\/figure><\/div><div class=\"swiper-slide\" role=\"group\" aria-roledescription=\"slide\" aria-label=\"2 de 6\"><figure class=\"swiper-slide-inner\"><img decoding=\"async\" class=\"swiper-slide-image\" src=\"https:\/\/soymigrante.com\/revista\/wp-content\/uploads\/2024\/08\/Ipala-pablo-galindo-soy-migrante-839x1024.webp\" alt=\"Esfera azul en medio de monta\u00f1as, vista a\u00e9rea del volc\u00e1n Tz\u00f3nh\u00f3 en Guatemala con un lago en su cr\u00e1ter al atardecer. Imagen emblem\u00e1tica de geograf\u00eda y belleza natural para revista SoyMigrante.com.\" \/><figcaption class=\"elementor-image-carousel-caption\">Volc\u00e1n Tz\u00f3nh\u00f3 y lago en su cr\u00e1ter al atardecer en Guatemala, paisaje monta\u00f1oso y natural ideal para art\u00edculos de geograf\u00eda, turismo y cultura en SoyMigrante.com REVISTA.<\/figcaption><\/figure><\/div><div class=\"swiper-slide\" role=\"group\" aria-roledescription=\"slide\" aria-label=\"3 de 6\"><figure class=\"swiper-slide-inner\"><img decoding=\"async\" class=\"swiper-slide-image\" src=\"https:\/\/soymigrante.com\/revista\/wp-content\/uploads\/2024\/08\/poptun-peten-pablo-galindo-migrante-1024x1024.webp\" alt=\"Arco\u00edris sobre paisaje selv\u00e1tico con r\u00edo y \u00e1rboles en la selva, en un entorno natural y exuberante, ideal para art\u00edculos de migrantes y medio ambiente.\" \/><figcaption class=\"elementor-image-carousel-caption\">Paisaje natural con r\u00edo, \u00e1rboles y arco\u00edris en la selva, destacando la belleza de la biodiversidad y la importancia de la conservaci\u00f3n en la migraci\u00f3n y el medio ambiente.<\/figcaption><\/figure><\/div><div class=\"swiper-slide\" role=\"group\" aria-roledescription=\"slide\" aria-label=\"4 de 6\"><figure class=\"swiper-slide-inner\"><img decoding=\"async\" class=\"swiper-slide-image\" src=\"https:\/\/soymigrante.com\/revista\/wp-content\/uploads\/2024\/08\/Amatitlan-pablo-galindo-soy-migrante-1-1024x929.webp\" alt=\"Paisaje nocturno con volc\u00e1n y ciudad iluminada en Guatemalteca, vista desde la naturaleza.\" \/><figcaption class=\"elementor-image-carousel-caption\">Vista panor\u00e1mica de la ciudad y volc\u00e1n al atardecer en Guatemala, con luces urbanas y lago, en un ambiente de migraci\u00f3n y cultura.<\/figcaption><\/figure><\/div><div class=\"swiper-slide\" role=\"group\" aria-roledescription=\"slide\" aria-label=\"5 de 6\"><figure class=\"swiper-slide-inner\"><img decoding=\"async\" class=\"swiper-slide-image\" src=\"https:\/\/soymigrante.com\/revista\/wp-content\/uploads\/2024\/08\/peten-itza-lago-pablo-galindo-soy-migrante-819x1024.webp\" alt=\"Esquina del r\u00edo con vista panor\u00e1mica del atardecer, reflejando colores c\u00e1lidos en el agua y sombras de la ciudad, ideal para reflexionar sobre temas migratorios y culturales en M\u00e9xico.\" \/><figcaption class=\"elementor-image-carousel-caption\">Vista a\u00e9rea de un r\u00edo durante el atardecer, resaltando las tonalidades doradas y azules del cielo y el reflejo en el agua, destacando la belleza natural y cultural del norte de M\u00e9xico.<\/figcaption><\/figure><\/div><div class=\"swiper-slide\" role=\"group\" aria-roledescription=\"slide\" aria-label=\"6 de 6\"><figure class=\"swiper-slide-inner\"><img decoding=\"async\" class=\"swiper-slide-image\" src=\"https:\/\/soymigrante.com\/revista\/wp-content\/uploads\/2024\/08\/Santa-Clara-Atitlan-pablo-galindo-soy-migrante-819x1024.webp\" alt=\"Noche estrellada sobre un lago rodeado de monta\u00f1as, ideal para temas de migrantes, cultura y turismo en Guatemala.\" \/><figcaption class=\"elementor-image-carousel-caption\">Vistas nocturnas de un lago con monta\u00f1as y un cielo estrellado, destacando la belleza natural de Guatemala y su influencia en la comunidad migrante.<\/figcaption><\/figure><\/div>\t\t\t<\/div>\n\t\t\t\t\t\t\t\t\t\t\t\t<div class=\"elementor-swiper-button elementor-swiper-button-prev\" role=\"button\" tabindex=\"0\">\n\t\t\t\t\t\t<i aria-hidden=\"true\" class=\"eicon-chevron-left\"><\/i>\t\t\t\t\t<\/div>\n\t\t\t\t\t<div class=\"elementor-swiper-button elementor-swiper-button-next\" role=\"button\" tabindex=\"0\">\n\t\t\t\t\t\t<i aria-hidden=\"true\" class=\"eicon-chevron-right\"><\/i>\t\t\t\t\t<\/div>\n\t\t\t\t\n\t\t\t\t\t\t\t\t\t<div class=\"swiper-pagination\"><\/div>\n\t\t\t\t\t\t\t\t\t<\/div>\n\t\t\t\t\t\t<\/div>\n\t\t\t\t\t<\/div>\n\t\t\t\t<\/div>\n\t\t<div data-particle_enable=\"false\" data-particle-mobile-disabled=\"false\" class=\"elementor-element elementor-element-1fb1f93 e-flex e-con-boxed e-con e-parent\" data-id=\"1fb1f93\" data-element_type=\"container\" data-e-type=\"container\">\n\t\t\t\t\t<div class=\"e-con-inner\">\n\t\t\t\t<div class=\"elementor-element elementor-element-fb7202a elementor-widget elementor-widget-heading\" data-id=\"fb7202a\" data-element_type=\"widget\" data-e-type=\"widget\" data-widget_type=\"heading.default\">\n\t\t\t\t\t<h2 class=\"elementor-heading-title elementor-size-default\">Colosos guatemaltecos<\/h2>\t\t\t\t<\/div>\n\t\t\t\t\t<\/div>\n\t\t\t\t<\/div>\n\t\t<div data-particle_enable=\"false\" data-particle-mobile-disabled=\"false\" class=\"elementor-element elementor-element-32561be e-flex e-con-boxed e-con e-parent\" data-id=\"32561be\" data-element_type=\"container\" data-e-type=\"container\">\n\t\t\t\t\t<div class=\"e-con-inner\">\n\t\t\t\t<div class=\"elementor-element elementor-element-2adcf04 elementor-widget elementor-widget-text-editor\" data-id=\"2adcf04\" data-element_type=\"widget\" data-e-type=\"widget\" data-widget_type=\"text-editor.default\">\n\t\t\t\t\t\t\t\t\t<p>Como nos ense\u00f1aron en la escuela, Guatemala tiene 37<a href=\"https:\/\/soymigrante.com\/revista\/7-volcanes-de-guatemala-datos-y-leyenda-que-quiza-ya-sabias-o-tal-vez-no\/\" target=\"_blank\" rel=\"noopener\"> volcanes,<\/a>\u00a0pero solo cuatro se mantienen activos.\u00a0<\/p>\t\t\t\t\t\t\t\t<\/div>\n\t\t\t\t\t<\/div>\n\t\t\t\t<\/div>\n\t\t<div data-particle_enable=\"false\" data-particle-mobile-disabled=\"false\" class=\"elementor-element elementor-element-1fbe422 e-flex e-con-boxed e-con e-parent\" data-id=\"1fbe422\" data-element_type=\"container\" data-e-type=\"container\">\n\t\t\t\t\t<div class=\"e-con-inner\">\n\t\t\t\t<div class=\"elementor-element elementor-element-5bdee3f elementor-arrows-position-inside elementor-pagination-position-outside elementor-widget elementor-widget-image-carousel\" data-id=\"5bdee3f\" data-element_type=\"widget\" data-e-type=\"widget\" data-settings=\"{&quot;slides_to_show&quot;:&quot;1&quot;,&quot;navigation&quot;:&quot;both&quot;,&quot;autoplay&quot;:&quot;yes&quot;,&quot;pause_on_hover&quot;:&quot;yes&quot;,&quot;pause_on_interaction&quot;:&quot;yes&quot;,&quot;autoplay_speed&quot;:5000,&quot;infinite&quot;:&quot;yes&quot;,&quot;effect&quot;:&quot;slide&quot;,&quot;speed&quot;:500}\" data-widget_type=\"image-carousel.default\">\n\t\t\t\t\t\t\t<div class=\"elementor-image-carousel-wrapper swiper\" role=\"region\" aria-roledescription=\"carousel\" aria-label=\"Carrusel de im\u00e1genes\" dir=\"ltr\">\n\t\t\t<div class=\"elementor-image-carousel swiper-wrapper\" aria-live=\"off\">\n\t\t\t\t\t\t\t\t<div class=\"swiper-slide\" role=\"group\" aria-roledescription=\"slide\" aria-label=\"1 de 4\"><figure class=\"swiper-slide-inner\"><img decoding=\"async\" class=\"swiper-slide-image\" src=\"https:\/\/soymigrante.com\/revista\/wp-content\/uploads\/2024\/08\/volcanes-pablo-galindo-soy-migrante7-819x1024.webp\" alt=\"Noche en la monta\u00f1a con vista al volc\u00e1n, en un ambiente acogedor y relajante con velas y decoraci\u00f3n natural, perfecto para disfrutar del paisaje y la tranquilidad.\" \/><figcaption class=\"elementor-image-carousel-caption\">Paisaje nocturno con vista al volc\u00e1n en las monta\u00f1as, iluminado por velas y decoraciones que crean un ambiente c\u00e1lido y sereno en un escenario natural.<\/figcaption><\/figure><\/div><div class=\"swiper-slide\" role=\"group\" aria-roledescription=\"slide\" aria-label=\"2 de 4\"><figure class=\"swiper-slide-inner\"><img decoding=\"async\" class=\"swiper-slide-image\" src=\"https:\/\/soymigrante.com\/revista\/wp-content\/uploads\/2024\/08\/volcanes-pablo-galindo-soy-migrante3-819x1024.webp\" alt=\"Coloso volc\u00e1nico en erupci\u00f3n con lava y columnas de humo, bajo un cielo estrellado, reflejando la majestuosidad y fuerza de los volcanes en la naturaleza.\" \/><figcaption class=\"elementor-image-carousel-caption\">El volc\u00e1n en erupci\u00f3n muestra una impresionante explosi\u00f3n de lava y humo, iluminando la noche y destacando la belleza natural de estos fen\u00f3menos geol\u00f3gicos.<\/figcaption><\/figure><\/div><div class=\"swiper-slide\" role=\"group\" aria-roledescription=\"slide\" aria-label=\"3 de 4\"><figure class=\"swiper-slide-inner\"><img decoding=\"async\" class=\"swiper-slide-image\" src=\"https:\/\/soymigrante.com\/revista\/wp-content\/uploads\/2024\/08\/volcanes-pablo-galindo-soy-migrante5-1005x1024.webp\" alt=\"Vistas impresionantes del volc\u00e1n en erupci\u00f3n al atardecer, rodeado de nubes y un cielo colorido, en una escena natural impactante y poderosa.\" \/><figcaption class=\"elementor-image-carousel-caption\">Majestuoso volc\u00e1n en erupci\u00f3n durante el atardecer, cubierto por nubes y con un cielo en tonos c\u00e1lidos, representando la belleza y fuerza de la naturaleza en Guatemala.<\/figcaption><\/figure><\/div><div class=\"swiper-slide\" role=\"group\" aria-roledescription=\"slide\" aria-label=\"4 de 4\"><figure class=\"swiper-slide-inner\"><img decoding=\"async\" class=\"swiper-slide-image\" src=\"https:\/\/soymigrante.com\/revista\/wp-content\/uploads\/2024\/08\/pablo-galindo-soy-migrante3-1024x909.webp\" alt=\"Rostro del volc\u00e1n de fuego en erupci\u00f3n durante la puesta del sol, mostrando lava y humo en un paisaje nocturno con cielo estrellado.\" \/><figcaption class=\"elementor-image-carousel-caption\">Volc\u00e1n activo en erupci\u00f3n con lava y humo durante la tarde, ilustrando la fuerza natural y la belleza de la naturaleza en un entorno impresionante.<\/figcaption><\/figure><\/div>\t\t\t<\/div>\n\t\t\t\t\t\t\t\t\t\t\t\t<div class=\"elementor-swiper-button elementor-swiper-button-prev\" role=\"button\" tabindex=\"0\">\n\t\t\t\t\t\t<i aria-hidden=\"true\" class=\"eicon-chevron-left\"><\/i>\t\t\t\t\t<\/div>\n\t\t\t\t\t<div class=\"elementor-swiper-button elementor-swiper-button-next\" role=\"button\" tabindex=\"0\">\n\t\t\t\t\t\t<i aria-hidden=\"true\" class=\"eicon-chevron-right\"><\/i>\t\t\t\t\t<\/div>\n\t\t\t\t\n\t\t\t\t\t\t\t\t\t<div class=\"swiper-pagination\"><\/div>\n\t\t\t\t\t\t\t\t\t<\/div>\n\t\t\t\t\t\t<\/div>\n\t\t\t\t\t<\/div>\n\t\t\t\t<\/div>\n\t\t<div data-particle_enable=\"false\" data-particle-mobile-disabled=\"false\" class=\"elementor-element elementor-element-0e0951d e-flex e-con-boxed e-con e-parent\" data-id=\"0e0951d\" data-element_type=\"container\" data-e-type=\"container\">\n\t\t\t\t\t<div class=\"e-con-inner\">\n\t\t\t\t<div class=\"elementor-element elementor-element-c444f0c elementor-widget elementor-widget-heading\" data-id=\"c444f0c\" data-element_type=\"widget\" data-e-type=\"widget\" data-widget_type=\"heading.default\">\n\t\t\t\t\t<h2 class=\"elementor-heading-title elementor-size-default\">Playas y m\u00e1s...<\/h2>\t\t\t\t<\/div>\n\t\t\t\t\t<\/div>\n\t\t\t\t<\/div>\n\t\t<div data-particle_enable=\"false\" data-particle-mobile-disabled=\"false\" class=\"elementor-element elementor-element-230087b e-flex e-con-boxed e-con e-parent\" data-id=\"230087b\" data-element_type=\"container\" data-e-type=\"container\">\n\t\t\t\t\t<div class=\"e-con-inner\">\n\t\t\t\t<div class=\"elementor-element elementor-element-31e8487 elementor-widget elementor-widget-text-editor\" data-id=\"31e8487\" data-element_type=\"widget\" data-e-type=\"widget\" data-widget_type=\"text-editor.default\">\n\t\t\t\t\t\t\t\t\t<p>En Guatemala hay 42 playas, algunas son de arena blanca.\u00a0 Playa Blanca, Punta de Manabique, El Pared\u00f3n, Tilapa, Monterrico, algunas por mencionar. A nivel de fauna, Guatemala es un pa\u00eds con mucha biodiversidad. La Reserva de\u00a0<a href=\"https:\/\/soymigrante.com\/revista\/joyas-mayas-migrantes-el-vaso-chama-en-pennsylvania\/\" target=\"_blank\" rel=\"noopener\">la Bi\u00f3sfera Maya<\/a>, la Reserva de Biosfera Sierra de las Minas, zonas de Alta Verapaz, sur del Pet\u00e9n e Izabal son a\u00fan \u00e1reas que quedan de h\u00e1bitat de varias especies en Guatemala.\u00a0<\/p>\t\t\t\t\t\t\t\t<\/div>\n\t\t\t\t\t<\/div>\n\t\t\t\t<\/div>\n\t\t<div data-particle_enable=\"false\" data-particle-mobile-disabled=\"false\" class=\"elementor-element elementor-element-686571f e-flex e-con-boxed e-con e-parent\" data-id=\"686571f\" data-element_type=\"container\" data-e-type=\"container\">\n\t\t\t\t\t<div class=\"e-con-inner\">\n\t\t\t\t<div class=\"elementor-element elementor-element-38122ec elementor-arrows-position-inside elementor-pagination-position-outside elementor-widget elementor-widget-image-carousel\" data-id=\"38122ec\" data-element_type=\"widget\" data-e-type=\"widget\" data-settings=\"{&quot;slides_to_show&quot;:&quot;1&quot;,&quot;navigation&quot;:&quot;both&quot;,&quot;autoplay&quot;:&quot;yes&quot;,&quot;pause_on_hover&quot;:&quot;yes&quot;,&quot;pause_on_interaction&quot;:&quot;yes&quot;,&quot;autoplay_speed&quot;:5000,&quot;infinite&quot;:&quot;yes&quot;,&quot;effect&quot;:&quot;slide&quot;,&quot;speed&quot;:500}\" data-widget_type=\"image-carousel.default\">\n\t\t\t\t\t\t\t<div class=\"elementor-image-carousel-wrapper swiper\" role=\"region\" aria-roledescription=\"carousel\" aria-label=\"Carrusel de im\u00e1genes\" dir=\"ltr\">\n\t\t\t<div class=\"elementor-image-carousel swiper-wrapper\" aria-live=\"off\">\n\t\t\t\t\t\t\t\t<div class=\"swiper-slide\" role=\"group\" aria-roledescription=\"slide\" aria-label=\"1 de 8\"><figure class=\"swiper-slide-inner\"><img decoding=\"async\" class=\"swiper-slide-image\" src=\"https:\/\/soymigrante.com\/revista\/wp-content\/uploads\/2024\/08\/Livingston-izabal-pablo-galindo-soy-migrante-820x1024.webp\" alt=\"Atardecer en la playa con cielo nublado, reflejo de colores c\u00e1lidos en el agua y casas con techos azules rodeadas de palmeras, en un paisaje costero tropical.\" \/><figcaption class=\"elementor-image-carousel-caption\">Vista a\u00e9rea de un resort tropical al atardecer, con casas y piscina rodeadas de palmeras, frente a un oc\u00e9ano con cielo dram\u00e1tico y nubes coloridas, en un destino tur\u00edstico en la playa.<\/figcaption><\/figure><\/div><div class=\"swiper-slide\" role=\"group\" aria-roledescription=\"slide\" aria-label=\"2 de 8\"><figure class=\"swiper-slide-inner\"><img decoding=\"async\" class=\"swiper-slide-image\" src=\"https:\/\/soymigrante.com\/revista\/wp-content\/uploads\/2024\/08\/el-paredon-playas-guatemala-pablo-galindo-soy-migrante-864x1024.webp\" alt=\"Hermoso atardecer en la playa con cielo lleno de tonos naranja y amarillo, reflejados en las aguas del oc\u00e9ano, ideal para art\u00edculos sobre inmigrantes, cultura y experiencias en SoyMigrante.com REVISTA.\" \/><figcaption class=\"elementor-image-carousel-caption\">Paisaje de atardecer en la playa, reflejando el cielo naranja y amarillo en el agua, ilustrando belleza natural, migraci\u00f3n y conexi\u00f3n cultural en SoyMigrante.com REVISTA.<\/figcaption><\/figure><\/div><div class=\"swiper-slide\" role=\"group\" aria-roledescription=\"slide\" aria-label=\"3 de 8\"><figure class=\"swiper-slide-inner\"><img decoding=\"async\" class=\"swiper-slide-image\" src=\"https:\/\/soymigrante.com\/revista\/wp-content\/uploads\/2024\/08\/fauna-guatemala-pablo-galindo-soy-migrante2-819x1024.webp\" alt=\"Quebrador de \u00e1rbol en un ecosistema de selva tropical, destacando por su pico largo y colorido, mientras se encuentra en un \u00e1rbol rodeado de vegetaci\u00f3n densa.\" \/><figcaption class=\"elementor-image-carousel-caption\">Un tuc\u00e1n en su h\u00e1bitat natural en la selva tropical, con un pico grande y colorido, sentado en una rama, rodeado de hojas verdes y vegetaci\u00f3n frondosa, simbolizando biodiversidad y conservaci\u00f3n.<\/figcaption><\/figure><\/div><div class=\"swiper-slide\" role=\"group\" aria-roledescription=\"slide\" aria-label=\"4 de 8\"><figure class=\"swiper-slide-inner\"><img decoding=\"async\" class=\"swiper-slide-image\" src=\"https:\/\/soymigrante.com\/revista\/wp-content\/uploads\/2024\/08\/Huehuetenango-hacienda-cafe-pablo-galindo-soy-migrante-973x1024.webp\" alt=\"Innovador domo geod\u00e9sico en un entorno natural durante el atardecer, ideal para experiencias ecol\u00f3gicas y sostenibles, promoviendo el turismo responsable en comunidades rurales.\" \/><figcaption class=\"elementor-image-carousel-caption\">Domo geod\u00e9sico en un paisaje rural al atardecer, perfecto para turismo ecol\u00f3gico y sostenible, promoviendo experiencias responsables en comunidades rurales.<\/figcaption><\/figure><\/div><div class=\"swiper-slide\" role=\"group\" aria-roledescription=\"slide\" aria-label=\"5 de 8\"><figure class=\"swiper-slide-inner\"><img decoding=\"async\" class=\"swiper-slide-image\" src=\"https:\/\/soymigrante.com\/revista\/wp-content\/uploads\/2024\/08\/sitios-mixco-viejo-pablo-galindo-soy-migrante-e1738270742879-1024x1024.webp\" alt=\"Ancient Maya archaeological site en medio de la selva, con estructuras de piedra y restos arqueol\u00f3gicos, destac\u00e1ndose por su historia y cultura maya en M\u00e9xico.\" \/><figcaption class=\"elementor-image-carousel-caption\">Ruinas mayas en la naturaleza, sitio arqueol\u00f3gico en la regi\u00f3n maya con estructuras de piedra y entorno selv\u00e1tico, representando patrimonio cultural de M\u00e9xico.<\/figcaption><\/figure><\/div><div class=\"swiper-slide\" role=\"group\" aria-roledescription=\"slide\" aria-label=\"6 de 8\"><figure class=\"swiper-slide-inner\"><img decoding=\"async\" class=\"swiper-slide-image\" src=\"https:\/\/soymigrante.com\/revista\/wp-content\/uploads\/2024\/08\/fauna-guatemala-pablo-galindo-soy-migrante-802x1024.webp\" alt=\"Vogel de guacamayo aliment\u00e1ndose en un \u00e1rbol, imagen de fauna silvestre para revista SoyMigrante.com sobre migraci\u00f3n, cultura y medio ambiente.\" \/><figcaption class=\"elementor-image-carousel-caption\">Loro comiendo hoja en \u00e1rbol, destacado en la revista SoyMigrante, resaltando temas de migraci\u00f3n, cultura y biodiversidad en Am\u00e9rica Latina.<\/figcaption><\/figure><\/div><div class=\"swiper-slide\" role=\"group\" aria-roledescription=\"slide\" aria-label=\"7 de 8\"><figure class=\"swiper-slide-inner\"><img decoding=\"async\" class=\"swiper-slide-image\" src=\"https:\/\/soymigrante.com\/revista\/wp-content\/uploads\/2024\/08\/Huehuetenango-juan-dieguez-olaverri-pablo-galindo-soy-migrante-1024x1024.webp\" alt=\"Casa en ruinas en una zona monta\u00f1osa al atardecer, s\u00edmbolo de migraci\u00f3n y desaf\u00edos rurales en Am\u00e9rica Latina.\" \/><figcaption class=\"elementor-image-carousel-caption\">Casa en ruinas en la monta\u00f1a durante el atardecer, reflejando temas de migraci\u00f3n, vida rural y desaf\u00edos socioecon\u00f3micos en comunidades latinoamericanas.<\/figcaption><\/figure><\/div><div class=\"swiper-slide\" role=\"group\" aria-roledescription=\"slide\" aria-label=\"8 de 8\"><figure class=\"swiper-slide-inner\"><img decoding=\"async\" class=\"swiper-slide-image\" src=\"https:\/\/soymigrante.com\/revista\/wp-content\/uploads\/2024\/08\/santiago-barriletes-pablo-galindo-soy-migrante-819x1024.webp\" alt=\"Coloridas valaderas tradicionales en un festival cultural con gran afluencia de gente en un pueblo mexicano, resaltando la creatividad y cultura de migra.\" \/><figcaption class=\"elementor-image-carousel-caption\">Impresionante festival con enormes valaderas decoradas con motivo de celebraci\u00f3n cultural en M\u00e9xico, mostrando tradiciones, arte popular y comunidad en un evento multitudinario.<\/figcaption><\/figure><\/div>\t\t\t<\/div>\n\t\t\t\t\t\t\t\t\t\t\t\t<div class=\"elementor-swiper-button elementor-swiper-button-prev\" role=\"button\" tabindex=\"0\">\n\t\t\t\t\t\t<i aria-hidden=\"true\" class=\"eicon-chevron-left\"><\/i>\t\t\t\t\t<\/div>\n\t\t\t\t\t<div class=\"elementor-swiper-button elementor-swiper-button-next\" role=\"button\" tabindex=\"0\">\n\t\t\t\t\t\t<i aria-hidden=\"true\" class=\"eicon-chevron-right\"><\/i>\t\t\t\t\t<\/div>\n\t\t\t\t\n\t\t\t\t\t\t\t\t\t<div class=\"swiper-pagination\"><\/div>\n\t\t\t\t\t\t\t\t\t<\/div>\n\t\t\t\t\t\t<\/div>\n\t\t\t\t\t<\/div>\n\t\t\t\t<\/div>\n\t\t<div data-particle_enable=\"false\" data-particle-mobile-disabled=\"false\" class=\"elementor-element elementor-element-60fc821 e-flex e-con-boxed e-con e-parent\" data-id=\"60fc821\" data-element_type=\"container\" data-e-type=\"container\">\n\t\t\t\t\t<div class=\"e-con-inner\">\n\t\t\t\t<div class=\"elementor-element elementor-element-580504f elementor-widget elementor-widget-text-editor\" data-id=\"580504f\" data-element_type=\"widget\" data-e-type=\"widget\" data-widget_type=\"text-editor.default\">\n\t\t\t\t\t\t\t\t\t<p><span style=\"font-style: normal;font-weight: 400;font-size: 16px;font-family: Roboto, sans-serif;color: var( --e-global-color-text );text-align: var(--text-align)\">Lo que comenzaba como un descubrimiento para Galindo, al captar una tormenta el\u00e9ctrica en la costa sur de <a href=\"https:\/\/soymigrante.com\/revista\/y-alla-que-hora-es-las-zonas-horarias-en-ee-uu-y-su-equivalencia-con-guatemala\/\">Guatemala<\/a>, lo ha llevado a capturar momentos\u00a0<\/span><span style=\"font-family: Roboto, sans-serif;font-size: 16px;font-style: normal;font-weight: 400;color: var( --e-global-color-text );text-align: var(--text-align)\">que han convencido a Canon, la empresa de c\u00e1maras profesionales, y ahora ser\u00e1 el\u00a0<\/span><span style=\"font-family: Roboto, sans-serif;font-size: 16px;font-style: normal;font-weight: 400;color: var( --e-global-color-text );text-align: var(--text-align)\">primer inspirador y creador guatemalteco para esta marca.<\/span><\/p><p><span style=\"font-style: normal;font-weight: 400;font-size: 16px;font-family: Roboto, sans-serif;color: var( --e-global-color-text );text-align: var(--text-align)\">\u00a0<\/span><a style=\"font-family: Roboto, sans-serif;font-size: 16px;font-style: normal;font-weight: 400;text-align: var(--text-align)\" href=\"https:\/\/www.instagram.com\/pablogalindo360guatemala\/\">Conoce m\u00e1s del trabajo de Pablo Galindo<\/a><\/p>\t\t\t\t\t\t\t\t<\/div>\n\t\t\t\t\t<\/div>\n\t\t\t\t<\/div>\n\t\t<div data-particle_enable=\"false\" data-particle-mobile-disabled=\"false\" class=\"elementor-element elementor-element-108bc1c e-flex e-con-boxed e-con e-parent\" data-id=\"108bc1c\" data-element_type=\"container\" data-e-type=\"container\">\n\t\t\t\t\t<div class=\"e-con-inner\">\n\t\t\t\t<div class=\"elementor-element elementor-element-15abce2 elementor-widget elementor-widget-heading\" data-id=\"15abce2\" data-element_type=\"widget\" data-e-type=\"widget\" data-widget_type=\"heading.default\">\n\t\t\t\t\t<h3 class=\"elementor-heading-title elementor-size-default\">Quiz\u00e1 te gustar\u00eda conocer alguna historia as\u00ed<\/h3>\t\t\t\t<\/div>\n\t\t\t\t\t<\/div>\n\t\t\t\t<\/div>\n\t\t<div data-particle_enable=\"false\" data-particle-mobile-disabled=\"false\" class=\"elementor-element elementor-element-3fdd8cf e-flex e-con-boxed e-con e-parent\" data-id=\"3fdd8cf\" data-element_type=\"container\" data-e-type=\"container\">\n\t\t\t\t\t<div class=\"e-con-inner\">\n\t\t\t\t<div class=\"elementor-element elementor-element-0cfc29c elementor-grid-eael-col-3 elementor-grid-tablet-eael-col-2 elementor-grid-mobile-eael-col-1 elementor-widget elementor-widget-eael-post-grid\" data-id=\"0cfc29c\" data-element_type=\"widget\" data-e-type=\"widget\" data-settings=\"{&quot;eael_post_grid_columns&quot;:&quot;eael-col-3&quot;,&quot;eael_post_grid_columns_tablet&quot;:&quot;eael-col-2&quot;,&quot;eael_post_grid_columns_mobile&quot;:&quot;eael-col-1&quot;}\" data-widget_type=\"eael-post-grid.default\">\n\t\t\t\t\t<div id=\"eael-post-grid-0cfc29c\" class=\"eael-post-grid-container\">\n            <div class=\"eael-post-grid eael-post-appender eael-post-appender-0cfc29c eael-post-grid-style-one\" data-layout-mode=\"masonry\"><article class=\"eael-grid-post  eael-post-grid-column eael-pg-post-7839 category-exitos\" data-id=\"7839\">\n        <div class=\"eael-grid-post-holder\">\n            <div class=\"eael-grid-post-holder-inner\"><div class=\"eael-entry-media\"><div class=\"eael-entry-overlay fade-in\"><i class=\"far fa-hand-pointer\" aria-hidden=\"true\"><\/i><a href=\"https:\/\/soymigrante.com\/revista\/donde-el-fotografo-missael-sian-pone-el-ojo-pone-la-magia\/\"><\/a><\/div><div class=\"eael-entry-thumbnail \">\n                <img fetchpriority=\"high\" decoding=\"async\" width=\"1024\" height=\"1024\" src=\"https:\/\/soymigrante.com\/revista\/wp-content\/uploads\/2024\/08\/missael-1024x1024.webp\" class=\"attachment-large size-large wp-image-7856\" alt=\"Personaje con c\u00e1mara de fotos en silencio, disfrutando del atardecer en un paisaje natural, simbolizando la creatividad, la libertad y la exploraci\u00f3n en el \u00e1mbito de la migraci\u00f3n y la cultura.\" srcset=\"https:\/\/soymigrante.com\/revista\/wp-content\/uploads\/2024\/08\/missael-1024x1024.webp 1024w, https:\/\/soymigrante.com\/revista\/wp-content\/uploads\/2024\/08\/missael-300x300.webp 300w, https:\/\/soymigrante.com\/revista\/wp-content\/uploads\/2024\/08\/missael-150x150.webp 150w, https:\/\/soymigrante.com\/revista\/wp-content\/uploads\/2024\/08\/missael-768x768.webp 768w, https:\/\/soymigrante.com\/revista\/wp-content\/uploads\/2024\/08\/missael-75x75.webp 75w, https:\/\/soymigrante.com\/revista\/wp-content\/uploads\/2024\/08\/missael-750x750.webp 750w, https:\/\/soymigrante.com\/revista\/wp-content\/uploads\/2024\/08\/missael-1140x1140.webp 1140w, https:\/\/soymigrante.com\/revista\/wp-content\/uploads\/2024\/08\/missael.webp 1208w\" sizes=\"(max-width: 1024px) 100vw, 1024px\" \/>\n            <\/div>\n        <\/div><div class=\"eael-entry-wrapper\"><header class=\"eael-entry-header\"><h2 class=\"eael-entry-title\"><a class=\"eael-grid-post-link\" href=\"https:\/\/soymigrante.com\/revista\/donde-el-fotografo-missael-sian-pone-el-ojo-pone-la-magia\/\" title=\"Donde pone el ojo, pone la magia: el fot\u00f3grafo guatemalteco Missael Sian\">Donde pone el ojo, pone la magia: el fot\u00f3grafo guatemalteco Missael Sian<\/a><\/h2><\/header><div class=\"eael-entry-content\">\n                        <div class=\"eael-grid-post-excerpt\"><a href=\"https:\/\/soymigrante.com\/revista\/donde-el-fotografo-missael-sian-pone-el-ojo-pone-la-magia\/\" class=\"eael-post-elements-readmore-btn\">CONOCE SU HISTORIA <\/a><\/div>\n                    <\/div><\/div><\/div>\n        <\/div>\n    <\/article><article class=\"eael-grid-post  eael-post-grid-column eael-pg-post-812 category-exitos\" data-id=\"812\">\n        <div class=\"eael-grid-post-holder\">\n            <div class=\"eael-grid-post-holder-inner\"><div class=\"eael-entry-media\"><div class=\"eael-entry-overlay fade-in\"><i class=\"far fa-hand-pointer\" aria-hidden=\"true\"><\/i><a href=\"https:\/\/soymigrante.com\/revista\/angel-ambrocio-realiza-el-gran-sueno-de-volver-a-vivir-en-su-tierra-natal\/\"><\/a><\/div><div class=\"eael-entry-thumbnail \">\n                <img decoding=\"async\" width=\"1024\" height=\"683\" src=\"https:\/\/soymigrante.com\/revista\/wp-content\/uploads\/2023\/03\/ANGEL-AMBROCIO-2016-FUEGO-1024x683.jpg\" class=\"attachment-large size-large wp-image-820\" alt=\"ANGEL AMBROCIO\" srcset=\"https:\/\/soymigrante.com\/revista\/wp-content\/uploads\/2023\/03\/ANGEL-AMBROCIO-2016-FUEGO-1024x683.jpg 1024w, https:\/\/soymigrante.com\/revista\/wp-content\/uploads\/2023\/03\/ANGEL-AMBROCIO-2016-FUEGO-300x200.webp 300w, https:\/\/soymigrante.com\/revista\/wp-content\/uploads\/2023\/03\/ANGEL-AMBROCIO-2016-FUEGO-768x512.jpg 768w, https:\/\/soymigrante.com\/revista\/wp-content\/uploads\/2023\/03\/ANGEL-AMBROCIO-2016-FUEGO-1536x1024.jpg 1536w, https:\/\/soymigrante.com\/revista\/wp-content\/uploads\/2023\/03\/ANGEL-AMBROCIO-2016-FUEGO-750x500.webp 750w, https:\/\/soymigrante.com\/revista\/wp-content\/uploads\/2023\/03\/ANGEL-AMBROCIO-2016-FUEGO-1140x760.jpg 1140w, https:\/\/soymigrante.com\/revista\/wp-content\/uploads\/2023\/03\/ANGEL-AMBROCIO-2016-FUEGO-600x400.jpg 600w, https:\/\/soymigrante.com\/revista\/wp-content\/uploads\/2023\/03\/ANGEL-AMBROCIO-2016-FUEGO.webp 1920w\" sizes=\"(max-width: 1024px) 100vw, 1024px\" \/>\n            <\/div>\n        <\/div><div class=\"eael-entry-wrapper\"><header class=\"eael-entry-header\"><h2 class=\"eael-entry-title\"><a class=\"eael-grid-post-link\" href=\"https:\/\/soymigrante.com\/revista\/angel-ambrocio-realiza-el-gran-sueno-de-volver-a-vivir-en-su-tierra-natal\/\" title=\"\u00c1ngel Ambrocio realiza el gran sue\u00f1o de volver a vivir en su Guatemala natal\">\u00c1ngel Ambrocio realiza el gran sue\u00f1o de volver a vivir en su Guatemala natal<\/a><\/h2><\/header><div class=\"eael-entry-content\">\n                        <div class=\"eael-grid-post-excerpt\"><a href=\"https:\/\/soymigrante.com\/revista\/angel-ambrocio-realiza-el-gran-sueno-de-volver-a-vivir-en-su-tierra-natal\/\" class=\"eael-post-elements-readmore-btn\">CONOCE SU HISTORIA <\/a><\/div>\n                    <\/div><\/div><\/div>\n        <\/div>\n    <\/article><article class=\"eael-grid-post  eael-post-grid-column eael-pg-post-763 category-exitos-guatemala tags-california\" data-id=\"763\">\n        <div class=\"eael-grid-post-holder\">\n            <div class=\"eael-grid-post-holder-inner\"><div class=\"eael-entry-media\"><div class=\"eael-entry-overlay fade-in\"><i class=\"far fa-hand-pointer\" aria-hidden=\"true\"><\/i><a href=\"https:\/\/soymigrante.com\/revista\/biologo-lustra-el-mayor-tesoro-de-guatemala\/\"><\/a><\/div><div class=\"eael-entry-thumbnail \">\n                <img decoding=\"async\" width=\"1024\" height=\"769\" src=\"https:\/\/soymigrante.com\/revista\/wp-content\/uploads\/2023\/03\/SOY-MIGRANTE-RENE-CORADO-BIOLOGO-4-1024x769.jpg\" class=\"attachment-large size-large wp-image-809\" alt=\"Ren\u00e9 Corado, migrante y biologo director del museo de aves de Oxnard, California\" srcset=\"https:\/\/soymigrante.com\/revista\/wp-content\/uploads\/2023\/03\/SOY-MIGRANTE-RENE-CORADO-BIOLOGO-4-1024x769.jpg 1024w, https:\/\/soymigrante.com\/revista\/wp-content\/uploads\/2023\/03\/SOY-MIGRANTE-RENE-CORADO-BIOLOGO-4-300x225.webp 300w, https:\/\/soymigrante.com\/revista\/wp-content\/uploads\/2023\/03\/SOY-MIGRANTE-RENE-CORADO-BIOLOGO-4-768x577.jpg 768w, https:\/\/soymigrante.com\/revista\/wp-content\/uploads\/2023\/03\/SOY-MIGRANTE-RENE-CORADO-BIOLOGO-4-1536x1154.jpg 1536w, https:\/\/soymigrante.com\/revista\/wp-content\/uploads\/2023\/03\/SOY-MIGRANTE-RENE-CORADO-BIOLOGO-4-2048x1539.jpg 2048w, https:\/\/soymigrante.com\/revista\/wp-content\/uploads\/2023\/03\/SOY-MIGRANTE-RENE-CORADO-BIOLOGO-4-750x563.webp 750w, https:\/\/soymigrante.com\/revista\/wp-content\/uploads\/2023\/03\/SOY-MIGRANTE-RENE-CORADO-BIOLOGO-4-1140x856.jpg 1140w, https:\/\/soymigrante.com\/revista\/wp-content\/uploads\/2023\/03\/SOY-MIGRANTE-RENE-CORADO-BIOLOGO-4-scaled.webp 1920w\" sizes=\"(max-width: 1024px) 100vw, 1024px\" \/>\n            <\/div>\n        <\/div><div class=\"eael-entry-wrapper\"><header class=\"eael-entry-header\"><h2 class=\"eael-entry-title\"><a class=\"eael-grid-post-link\" href=\"https:\/\/soymigrante.com\/revista\/biologo-lustra-el-mayor-tesoro-de-guatemala\/\" title=\"Bi\u00f3logo migrante Ren\u00e9 Corado lustra el mayor tesoro de Guatemala\">Bi\u00f3logo migrante Ren\u00e9 Corado lustra el mayor tesoro de Guatemala<\/a><\/h2><\/header><div class=\"eael-entry-content\">\n                        <div class=\"eael-grid-post-excerpt\"><a href=\"https:\/\/soymigrante.com\/revista\/biologo-lustra-el-mayor-tesoro-de-guatemala\/\" class=\"eael-post-elements-readmore-btn\">CONOCE SU HISTORIA <\/a><\/div>\n                    <\/div><\/div><\/div>\n        <\/div>\n    <\/article><\/div>\n            <div class=\"clearfix\"><\/div>\n        <\/div>\t\t\t\t<\/div>\n\t\t\t\t\t<\/div>\n\t\t\t\t<\/div>\n\t\t\t\t<\/div>\n\t\t","protected":false},"excerpt":{"rendered":"<p>Hacemos un recorrido en fotos de Guatemala por ese riachuelo que quiz\u00e1 alguna vez puedas descubrir, un resplandor del sol cayendo sobre la linea monta\u00f1osa o la furia del coloso de Fuego. Las im\u00e1genes hablan. Pablo Galindo es un guatemalteco apasionado por la fotograf\u00eda. Este arte le permite documentar para la historia cada rinc\u00f3n de\u00a0Guatemala.\u00a0 [&hellip;]<\/p>\n","protected":false},"author":23,"featured_media":8385,"comment_status":"open","ping_status":"open","sticky":false,"template":"","format":"standard","meta":{"_acf_changed":false,"_eb_attr":"","footnotes":""},"categories":[58],"tags":[],"class_list":["post-8355","post","type-post","status-publish","format-standard","has-post-thumbnail","hentry","category-guate-nuestra"],"acf":[],"aioseo_notices":[],"aioseo_head":"\n\t\t<!-- All in One SEO Pro 4.9.6.2 - aioseo.com -->\n\t<meta name=\"description\" content=\"El bi\u00f3logo, escritor y migrante Ren\u00e9 Corado dirige el museo de aves de Camarillo, California; su ni\u00f1ez en Guatemala fue dif\u00edcil y por eso impulsa la educaci\u00f3n en su pa\u00eds. La vida del migrante guatemalteco Ren\u00e9 Corado est\u00e1 hecha de imposibles convertidos en posibilidad. \u00bfC\u00f3mo un ni\u00f1o lustrador llega a ser director de uno de\" \/>\n\t<meta name=\"robots\" content=\"max-snippet:-1, max-image-preview:large, max-video-preview:-1\" \/>\n\t<meta name=\"author\" content=\"Beatriz Tercero\"\/>\n\t<link rel=\"canonical\" href=\"https:\/\/soymigrante.com\/revista\/fotos-de-guatemala-pablo-galindo-refleja-la-magia-de-la-tierra-del-quetzal\/\" \/>\n\t<meta name=\"generator\" content=\"All in One SEO Pro (AIOSEO) 4.9.6.2\" \/>\n\n\t\t<link rel=\"preconnect\" href=\"https:\/\/fonts.googleapis.com\" crossorigin>\n<link rel=\"preconnect\" href=\"https:\/\/fonts.gstatic.com\" crossorigin>\n\t\t<meta property=\"og:locale\" content=\"es_ES\" \/>\n\t\t<meta property=\"og:site_name\" content=\"SoyMigrante.com REVISTA \u2013 Nuestra misi\u00f3n es reconocer y dignificar al migrante.\" \/>\n\t\t<meta property=\"og:type\" content=\"article\" \/>\n\t\t<meta property=\"og:title\" content=\"Fotos de Guatemala: la magia del lente de Pablo Galindo\" \/>\n\t\t<meta property=\"og:description\" content=\"Parajes naturales como el lago de Atitl\u00e1n, Tikal o Huehuetenango deslumbran gracias al talento del fot\u00f3grafo Pablo Galindo. Conoce y sorpr\u00e9ndete con sus im\u00e1genes.\" \/>\n\t\t<meta property=\"og:url\" content=\"https:\/\/soymigrante.com\/revista\/fotos-de-guatemala-pablo-galindo-refleja-la-magia-de-la-tierra-del-quetzal\/\" \/>\n\t\t<meta property=\"og:image\" content=\"https:\/\/soymigrante.com\/revista\/wp-content\/uploads\/2024\/08\/volcanes-pablo-galindo-soy-migrante3-1.webp\" \/>\n\t\t<meta property=\"og:image:secure_url\" content=\"https:\/\/soymigrante.com\/revista\/wp-content\/uploads\/2024\/08\/volcanes-pablo-galindo-soy-migrante3-1.webp\" \/>\n\t\t<meta property=\"og:image:width\" content=\"1440\" \/>\n\t\t<meta property=\"og:image:height\" content=\"1440\" \/>\n\t\t<meta property=\"article:published_time\" content=\"2024-08-28T12:00:00+00:00\" \/>\n\t\t<meta property=\"article:modified_time\" content=\"2024-08-28T04:15:42+00:00\" \/>\n\t\t<meta property=\"article:publisher\" content=\"https:\/\/www.facebook.com\/soymigrantecom\" \/>\n\t\t<meta name=\"twitter:card\" content=\"summary_large_image\" \/>\n\t\t<meta name=\"twitter:site\" content=\"@SoyMigrante_com\" \/>\n\t\t<meta name=\"twitter:title\" content=\"Fotos de Guatemala: la magia del lente de Pablo Galindo\" \/>\n\t\t<meta name=\"twitter:description\" content=\"Parajes naturales como el lago de Atitl\u00e1n, Tikal o Huehuetenango deslumbran gracias al talento del fot\u00f3grafo Pablo Galindo. Conoce y sorpr\u00e9ndete con sus im\u00e1genes.\" \/>\n\t\t<meta name=\"twitter:creator\" content=\"@SoyMigrante_com\" \/>\n\t\t<meta name=\"twitter:image\" content=\"https:\/\/soymigrante.com\/revista\/wp-content\/uploads\/2024\/08\/volcanes-pablo-galindo-soy-migrante3-1.webp\" \/>\n\t\t<!-- All in One SEO Pro -->\r\n\t\t<title>Fotos de Guatemala: la magia del lente de Pablo Galindo<\/title>\n\n","aioseo_head_json":{"title":"Fotos de Guatemala: la magia del lente de Pablo Galindo","description":"Parajes naturales como el lago de Atitl\u00e1n, Tikal o Huehuetenango deslumbran gracias al talento del fot\u00f3grafo Pablo Galindo. Conoce y sorpr\u00e9ndete con sus im\u00e1genes.","canonical_url":"https:\/\/soymigrante.com\/revista\/fotos-de-guatemala-pablo-galindo-refleja-la-magia-de-la-tierra-del-quetzal\/","robots":"max-snippet:-1, max-image-preview:large, max-video-preview:-1","keywords":"","webmasterTools":{"miscellaneous":"&lt;link rel=\"preconnect\" href=\"https:\/\/fonts.googleapis.com\" crossorigin&gt;\n&lt;link rel=\"preconnect\" href=\"https:\/\/fonts.gstatic.com\" crossorigin&gt;"},"schema":null,"og:locale":"es_ES","og:site_name":"SoyMigrante.com REVISTA \u2013 Nuestra misi\u00f3n es reconocer y dignificar al migrante.","og:type":"article","og:title":"Fotos de Guatemala: la magia del lente de Pablo Galindo","og:description":"Parajes naturales como el lago de Atitl\u00e1n, Tikal o Huehuetenango deslumbran gracias al talento del fot\u00f3grafo Pablo Galindo. Conoce y sorpr\u00e9ndete con sus im\u00e1genes.","og:url":"https:\/\/soymigrante.com\/revista\/fotos-de-guatemala-pablo-galindo-refleja-la-magia-de-la-tierra-del-quetzal\/","og:image":"https:\/\/soymigrante.com\/revista\/wp-content\/uploads\/2024\/08\/volcanes-pablo-galindo-soy-migrante3-1.webp","og:image:secure_url":"https:\/\/soymigrante.com\/revista\/wp-content\/uploads\/2024\/08\/volcanes-pablo-galindo-soy-migrante3-1.webp","og:image:width":1440,"og:image:height":1440,"article:published_time":"2024-08-28T12:00:00+00:00","article:modified_time":"2024-08-28T04:15:42+00:00","article:publisher":"https:\/\/www.facebook.com\/soymigrantecom","twitter:card":"summary_large_image","twitter:site":"@SoyMigrante_com","twitter:title":"Fotos de Guatemala: la magia del lente de Pablo Galindo","twitter:description":"Parajes naturales como el lago de Atitl\u00e1n, Tikal o Huehuetenango deslumbran gracias al talento del fot\u00f3grafo Pablo Galindo. Conoce y sorpr\u00e9ndete con sus im\u00e1genes.","twitter:creator":"@SoyMigrante_com","twitter:image":"https:\/\/soymigrante.com\/revista\/wp-content\/uploads\/2024\/08\/volcanes-pablo-galindo-soy-migrante3-1.webp"},"aioseo_meta_data":{"post_id":"8355","title":"Fotos de Guatemala: la magia del lente de Pablo Galindo","description":"Parajes naturales como el lago de Atitl\u00e1n, Tikal o Huehuetenango deslumbran gracias al talento del fot\u00f3grafo Pablo Galindo. Conoce y sorpr\u00e9ndete con sus im\u00e1genes.","keywords":null,"keyphrases":{"focus":{"keyphrase":"Guatemala","score":74,"analysis":{"keyphraseInTitle":{"score":9,"maxScore":9,"error":0},"keyphraseInDescription":{"score":3,"maxScore":9,"error":1},"keyphraseLength":{"score":9,"maxScore":9,"error":0,"length":1},"keyphraseInURL":{"score":5,"maxScore":5,"error":0},"keyphraseInIntroduction":{"score":9,"maxScore":9,"error":0},"keyphraseInSubHeadings":{"score":3,"maxScore":9,"error":1},"keyphraseInImageAlt":{"score":3,"maxScore":9,"error":1},"keywordDensity":{"type":"best","score":9,"maxScore":9,"error":0}}},"additional":[{"keyphrase":"fot\u00f3grafo","score":67,"analysis":{"keyphraseInDescription":{"score":9,"maxScore":9,"error":0},"keyphraseLength":{"score":9,"maxScore":9,"error":0,"length":2},"keyphraseInIntroduction":{"score":3,"maxScore":9,"error":1},"keyphraseInImageAlt":{"score":9,"maxScore":9,"error":0},"keywordDensity":{"score":0,"type":"low","maxScore":9,"error":1}}},{"keyphrase":"migrante","score":73,"analysis":{"keyphraseInDescription":{"score":3,"maxScore":9,"error":1},"keyphraseLength":{"score":9,"maxScore":9,"error":0,"length":1},"keyphraseInIntroduction":{"score":3,"maxScore":9,"error":1},"keyphraseInImageAlt":{"score":9,"maxScore":9,"error":0},"keywordDensity":{"type":"best","score":9,"maxScore":9,"error":0}}},{"keyphrase":"fotos de guatemala","score":40,"analysis":{"keyphraseInDescription":{"score":3,"maxScore":9,"error":1},"keyphraseLength":{"score":9,"maxScore":9,"error":0,"length":3},"keyphraseInIntroduction":{"score":3,"maxScore":9,"error":1},"keyphraseInImageAlt":{"score":3,"maxScore":9,"error":1},"keywordDensity":{"score":0,"type":"low","maxScore":9,"error":1}}}]},"primary_term":null,"canonical_url":null,"og_title":null,"og_description":null,"og_object_type":"default","og_image_type":"default","og_image_url":null,"og_image_width":null,"og_image_height":null,"og_image_custom_url":null,"og_image_custom_fields":null,"og_video":"","og_custom_url":null,"og_article_section":null,"og_article_tags":null,"twitter_use_og":false,"twitter_card":"default","twitter_image_type":"default","twitter_image_url":null,"twitter_image_custom_url":null,"twitter_image_custom_fields":null,"twitter_title":null,"twitter_description":null,"schema":{"blockGraphs":[],"customGraphs":[],"default":{"data":{"Article":[],"Course":[],"Dataset":[],"FAQPage":[],"Movie":[],"Person":[],"Product":[],"ProductReview":[],"Car":[],"Recipe":[],"Service":[],"SoftwareApplication":[],"WebPage":[]},"graphName":"Article","isEnabled":true},"graphs":[]},"schema_type":"default","schema_type_options":null,"pillar_content":false,"robots_default":true,"robots_noindex":false,"robots_noarchive":false,"robots_nosnippet":false,"robots_nofollow":false,"robots_noimageindex":false,"robots_noodp":false,"robots_notranslate":false,"robots_max_snippet":"-1","robots_max_videopreview":"-1","robots_max_imagepreview":"large","priority":null,"frequency":"default","local_seo":null,"seo_analyzer_scan_date":"2025-10-08 22:47:39","breadcrumb_settings":null,"limit_modified_date":false,"reviewed_by":null,"open_ai":"{\"title\":{\"suggestions\":[],\"usage\":0},\"description\":{\"suggestions\":[],\"usage\":0}}","ai":null,"created":"2024-08-27 00:15:05","updated":"2026-02-04 12:51:53"},"aioseo_breadcrumb":"<div class=\"aioseo-breadcrumbs\"><span class=\"aioseo-breadcrumb\">\n\t<a href=\"https:\/\/soymigrante.com\/revista\" title=\"Home\">Home<\/a>\n<\/span><span class=\"aioseo-breadcrumb-separator\">\u00bb<\/span><span class=\"aioseo-breadcrumb\">\n\t<a href=\"https:\/\/soymigrante.com\/revista\/category\/guate-nuestra\/\" title=\"Guate Nuestra\">Guate Nuestra<\/a>\n<\/span><span class=\"aioseo-breadcrumb-separator\">\u00bb<\/span><span class=\"aioseo-breadcrumb\">\n\tFotos de Guatemala :  Pablo Galindo refleja la magia de la tierra del Quetzal\n<\/span><\/div>","aioseo_breadcrumb_json":[{"label":"Home","link":"https:\/\/soymigrante.com\/revista"},{"label":"Guate Nuestra","link":"https:\/\/soymigrante.com\/revista\/category\/guate-nuestra\/"},{"label":"Fotos de Guatemala :  Pablo Galindo refleja la magia de la tierra del Quetzal","link":"https:\/\/soymigrante.com\/revista\/fotos-de-guatemala-pablo-galindo-refleja-la-magia-de-la-tierra-del-quetzal\/"}],"_links":{"self":[{"href":"https:\/\/soymigrante.com\/revista\/wp-json\/wp\/v2\/posts\/8355","targetHints":{"allow":["GET"]}}],"collection":[{"href":"https:\/\/soymigrante.com\/revista\/wp-json\/wp\/v2\/posts"}],"about":[{"href":"https:\/\/soymigrante.com\/revista\/wp-json\/wp\/v2\/types\/post"}],"author":[{"embeddable":true,"href":"https:\/\/soymigrante.com\/revista\/wp-json\/wp\/v2\/users\/23"}],"replies":[{"embeddable":true,"href":"https:\/\/soymigrante.com\/revista\/wp-json\/wp\/v2\/comments?post=8355"}],"version-history":[{"count":0,"href":"https:\/\/soymigrante.com\/revista\/wp-json\/wp\/v2\/posts\/8355\/revisions"}],"wp:featuredmedia":[{"embeddable":true,"href":"https:\/\/soymigrante.com\/revista\/wp-json\/wp\/v2\/media\/8385"}],"wp:attachment":[{"href":"https:\/\/soymigrante.com\/revista\/wp-json\/wp\/v2\/media?parent=8355"}],"wp:term":[{"taxonomy":"category","embeddable":true,"href":"https:\/\/soymigrante.com\/revista\/wp-json\/wp\/v2\/categories?post=8355"},{"taxonomy":"post_tag","embeddable":true,"href":"https:\/\/soymigrante.com\/revista\/wp-json\/wp\/v2\/tags?post=8355"}],"curies":[{"name":"wp","href":"https:\/\/api.w.org\/{rel}","templated":true}]}}