{"id":8323,"date":"2024-08-26T15:28:52","date_gmt":"2024-08-26T21:28:52","guid":{"rendered":"https:\/\/soymigrante.com\/revista\/?p=8323"},"modified":"2025-09-16T07:10:58","modified_gmt":"2025-09-16T13:10:58","slug":"y-alla-que-hora-es-las-zonas-horarias-en-ee-uu-y-su-equivalencia-con-guatemala","status":"publish","type":"post","link":"https:\/\/soymigrante.com\/revista\/y-alla-que-hora-es-las-zonas-horarias-en-ee-uu-y-su-equivalencia-con-guatemala\/","title":{"rendered":"\u00bfY all\u00e1 qu\u00e9 hora es? Las zonas horarias en EE.UU y su equivalencia con Guatemala"},"content":{"rendered":"\t\t<div data-elementor-type=\"wp-post\" data-elementor-id=\"8323\" class=\"elementor elementor-8323\" data-elementor-post-type=\"post\">\n\t\t\t\t<div data-particle_enable=\"false\" data-particle-mobile-disabled=\"false\" class=\"elementor-element elementor-element-1244406 e-flex e-con-boxed e-con e-parent\" data-id=\"1244406\" data-element_type=\"container\" data-e-type=\"container\">\n\t\t\t\t\t<div class=\"e-con-inner\">\n\t\t\t\t<div class=\"elementor-element elementor-element-0539df0 elementor-widget elementor-widget-heading\" data-id=\"0539df0\" data-element_type=\"widget\" data-e-type=\"widget\" data-widget_type=\"heading.default\">\n\t\t\t\t\t<h2 class=\"elementor-heading-title elementor-size-default\">Las zonas horarias en Estados Unidos, var\u00edan dependiendo de que regi\u00f3n se encuentre. En Guatemala y Centro Am\u00e9rica solo hay una hora espec\u00edfica pero es bueno saber las diferencias. \n<\/h2>\t\t\t\t<\/div>\n\t\t\t\t\t<\/div>\n\t\t\t\t<\/div>\n\t\t<div data-particle_enable=\"false\" data-particle-mobile-disabled=\"false\" class=\"elementor-element elementor-element-0ecdb83 e-flex e-con-boxed e-con e-parent\" data-id=\"0ecdb83\" data-element_type=\"container\" data-e-type=\"container\">\n\t\t\t\t\t<div class=\"e-con-inner\">\n\t\t\t\t<div class=\"elementor-element elementor-element-0a10aa0 elementor-widget elementor-widget-text-editor\" data-id=\"0a10aa0\" data-element_type=\"widget\" data-e-type=\"widget\" data-widget_type=\"text-editor.default\">\n\t\t\t\t\t\t\t\t\t<p>En algunas ocasiones hemos llamado a un familiar en Estados Unidos o en Guatemala y preguntamos que hora es en el lugar, pues el cambio de horario no tiende a confundir, no permitas que eso vuelva a pasar, ac\u00e1 te explicamos como funciona el mecanismo.<\/p><p>Estados Unidos tiene cuatro zonas horarias principales. Es decir, en cada una de ellas hay una hora distinta entre s\u00ed.<\/p>\t\t\t\t\t\t\t\t<\/div>\n\t\t\t\t\t<\/div>\n\t\t\t\t<\/div>\n\t\t<div data-particle_enable=\"false\" data-particle-mobile-disabled=\"false\" class=\"elementor-element elementor-element-0f56361 e-flex e-con-boxed e-con e-parent\" data-id=\"0f56361\" data-element_type=\"container\" data-e-type=\"container\">\n\t\t\t\t\t<div class=\"e-con-inner\">\n\t\t\t\t<div class=\"elementor-element elementor-element-f314dbe elementor-widget elementor-widget-text-editor\" data-id=\"f314dbe\" data-element_type=\"widget\" data-e-type=\"widget\" data-widget_type=\"text-editor.default\">\n\t\t\t\t\t\t\t\t\t<p>Las zonas horarias continentales son: <strong>PST<\/strong> (hora est\u00e1ndar del pac\u00edfico), <strong>MST<\/strong> (hora est\u00e1ndar de las monta\u00f1as), <strong>CST<\/strong> (hora est\u00e1ndar del centro), <strong>EST<\/strong> (hora est\u00e1ndar oriental).<\/p><p>El \u00e1rea principal del pa\u00eds abarca 6 regiones horarias, conformadas por las 4 zonas de los estados contiguos de Norteam\u00e9rica continental, m\u00e1s el estado de Alaska y las islas de Haw\u00e1i.<\/p><p>Sin embargo, la legislaci\u00f3n de los Estados Unidos refiere un total de 9 zonas horarias, que incluyen tambi\u00e9n los territorios no incorporados, como: Puerto Rico, las Islas V\u00edrgenes, Samoa Americana, Guam y las Islas Marianas. <\/p>\t\t\t\t\t\t\t\t<\/div>\n\t\t\t\t\t<\/div>\n\t\t\t\t<\/div>\n\t\t<div data-particle_enable=\"false\" data-particle-mobile-disabled=\"false\" class=\"elementor-element elementor-element-5601a36 e-flex e-con-boxed e-con e-parent\" data-id=\"5601a36\" data-element_type=\"container\" data-e-type=\"container\">\n\t\t\t\t\t<div class=\"e-con-inner\">\n\t\t\t\t<div class=\"elementor-element elementor-element-04a15fe elementor-widget elementor-widget-text-editor\" data-id=\"04a15fe\" data-element_type=\"widget\" data-e-type=\"widget\" data-widget_type=\"text-editor.default\">\n\t\t\t\t\t\t\t\t\t<p><strong>No te puedes perder:<\/strong> <a href=\"https:\/\/soymigrante.com\/revista\/guatemaltecos-en-oklahoma-seran-reconocidos-por-su-cultura\/\" target=\"_blank\" rel=\"noopener\">Guatemaltecos en Oklahoma ser\u00e1n reconocidos por sus logros y aportes<\/a><\/p>\t\t\t\t\t\t\t\t<\/div>\n\t\t\t\t\t<\/div>\n\t\t\t\t<\/div>\n\t\t<div data-particle_enable=\"false\" data-particle-mobile-disabled=\"false\" class=\"elementor-element elementor-element-fffe920 e-flex e-con-boxed e-con e-parent\" data-id=\"fffe920\" data-element_type=\"container\" data-e-type=\"container\">\n\t\t\t\t\t<div class=\"e-con-inner\">\n\t\t\t\t<div class=\"elementor-element elementor-element-8053f11 elementor-widget elementor-widget-heading\" data-id=\"8053f11\" data-element_type=\"widget\" data-e-type=\"widget\" data-widget_type=\"heading.default\">\n\t\t\t\t\t<h3 class=\"elementor-heading-title elementor-size-default\">\u00bfC\u00f3mo se dividen las horas en Estados Unidos?<\/h3>\t\t\t\t<\/div>\n\t\t\t\t\t<\/div>\n\t\t\t\t<\/div>\n\t\t<div data-particle_enable=\"false\" data-particle-mobile-disabled=\"false\" class=\"elementor-element elementor-element-a0c4a7b e-flex e-con-boxed e-con e-parent\" data-id=\"a0c4a7b\" data-element_type=\"container\" data-e-type=\"container\">\n\t\t\t\t\t<div class=\"e-con-inner\">\n\t\t\t\t<div class=\"elementor-element elementor-element-4831e6d elementor-widget elementor-widget-text-editor\" data-id=\"4831e6d\" data-element_type=\"widget\" data-e-type=\"widget\" data-widget_type=\"text-editor.default\">\n\t\t\t\t\t\t\t\t\t<p>Suponiendo que en el pac\u00edfico son las 15:00 horas, en el \u00e1rea de las monta\u00f1as ser\u00e1n las 16:00, en el centro ser\u00e1n las 17:00 y en el est\u00e1ndar oriental ser\u00e1n las 18:00.<\/p>\n<p>En todo caso el sitio oficial Time.gov de brinda con exactitud las zonas horarias, el horario por regiones y Estados, as\u00ed como la hora del lugar desde el cual te conectas, en este caso Guatemala.&nbsp;<a href=\"https:\/\/www.time.gov\/\"> Puedes dar clic aqu\u00ed o en la foto para entrar en dicho siti<\/a>o.<\/p>\n<p><\/p>\t\t\t\t\t\t\t\t<\/div>\n\t\t\t\t\t<\/div>\n\t\t\t\t<\/div>\n\t\t<div data-particle_enable=\"false\" data-particle-mobile-disabled=\"false\" class=\"elementor-element elementor-element-e93a625 e-flex e-con-boxed e-con e-parent\" data-id=\"e93a625\" data-element_type=\"container\" data-e-type=\"container\">\n\t\t\t\t\t<div class=\"e-con-inner\">\n\t\t\t\t<div class=\"elementor-element elementor-element-e5be09a elementor-widget elementor-widget-image\" data-id=\"e5be09a\" data-element_type=\"widget\" data-e-type=\"widget\" data-widget_type=\"image.default\">\n\t\t\t\t\t\t\t\t\t\t\t\t\t\t\t\t<a href=\"https:\/\/www.time.gov\/\">\n\t\t\t\t\t\t\t<img fetchpriority=\"high\" decoding=\"async\" width=\"736\" height=\"414\" src=\"https:\/\/soymigrante.com\/revista\/wp-content\/uploads\/2024\/08\/Horario-en-Estados-Unidos-.webp\" class=\"attachment-large size-large wp-image-8325\" alt=\"Mapa ilustrativo de Estados Unidos que muestra las zonas horarias y horarios de cambio de hora en diferentes estados, \u00fatil para migrantes y viajeros que necesitan informaci\u00f3n actualizada sobre los horarios en EE. UU.\" srcset=\"https:\/\/soymigrante.com\/revista\/wp-content\/uploads\/2024\/08\/Horario-en-Estados-Unidos-.webp 736w, https:\/\/soymigrante.com\/revista\/wp-content\/uploads\/2024\/08\/Horario-en-Estados-Unidos--300x169.webp 300w\" sizes=\"(max-width: 736px) 100vw, 736px\" title=\"Zonas horarias en Estados Unidos y Guatemala \u2013 SoyMigrante.com REVISTA\" \/>\t\t\t\t\t\t\t\t<\/a>\n\t\t\t\t\t\t\t\t\t\t\t\t\t\t\t<\/div>\n\t\t\t\t\t<\/div>\n\t\t\t\t<\/div>\n\t\t<div data-particle_enable=\"false\" data-particle-mobile-disabled=\"false\" class=\"elementor-element elementor-element-4227719 e-flex e-con-boxed e-con e-parent\" data-id=\"4227719\" data-element_type=\"container\" data-e-type=\"container\">\n\t\t\t\t\t<div class=\"e-con-inner\">\n\t\t\t\t<div class=\"elementor-element elementor-element-239e8d5 elementor-widget elementor-widget-heading\" data-id=\"239e8d5\" data-element_type=\"widget\" data-e-type=\"widget\" data-widget_type=\"heading.default\">\n\t\t\t\t\t<h3 class=\"elementor-heading-title elementor-size-default\">\u00bfC\u00f3mo se calcula el horario de Estados Unidos?<\/h3>\t\t\t\t<\/div>\n\t\t\t\t\t<\/div>\n\t\t\t\t<\/div>\n\t\t<div data-particle_enable=\"false\" data-particle-mobile-disabled=\"false\" class=\"elementor-element elementor-element-41a4064 e-flex e-con-boxed e-con e-parent\" data-id=\"41a4064\" data-element_type=\"container\" data-e-type=\"container\">\n\t\t\t\t\t<div class=\"e-con-inner\">\n\t\t\t\t<div class=\"elementor-element elementor-element-cbdd955 elementor-widget elementor-widget-text-editor\" data-id=\"cbdd955\" data-element_type=\"widget\" data-e-type=\"widget\" data-widget_type=\"text-editor.default\">\n\t\t\t\t\t\t\t\t\t<p>Las zonas horarias se calculan por compensaci\u00f3n, sumando o restando horas a partir del Tiempo Universal Coordinado (UTC), cuyo punto cero se traza a lo largo del meridiano de Greenwich.\u00a0<\/p><p>Los territorios que est\u00e1n hacia el oeste del meridiano de Greenwich restan horas al reloj, mientras que los que se ubican hacia el este suman horas. Por lo general, los husos horarios se expresan como UTC (o tambi\u00e9n GMT), seguidos del signo + o \u2013 y el n\u00famero de horas que corresponden a la zona.<\/p><p>En el mapa horario de los Estados Unidos, la \u00fanica zona que se encuentra en el lado este con relaci\u00f3n al UTC es la zona horaria de Chamorro (UTC+10). Todos los dem\u00e1s husos horarios se calculan restando horas al reloj a medida que se alejan hacia el oeste.<\/p>\t\t\t\t\t\t\t\t<\/div>\n\t\t\t\t\t<\/div>\n\t\t\t\t<\/div>\n\t\t<div data-particle_enable=\"false\" data-particle-mobile-disabled=\"false\" class=\"elementor-element elementor-element-e7cbc6d e-flex e-con-boxed e-con e-parent\" data-id=\"e7cbc6d\" data-element_type=\"container\" data-e-type=\"container\">\n\t\t\t\t\t<div class=\"e-con-inner\">\n\t\t\t\t<div class=\"elementor-element elementor-element-14beac7 elementor-widget elementor-widget-heading\" data-id=\"14beac7\" data-element_type=\"widget\" data-e-type=\"widget\" data-widget_type=\"heading.default\">\n\t\t\t\t\t<h3 class=\"elementor-heading-title elementor-size-default\">\u00bfCu\u00e1l es la zona horaria m\u00e1s parecida a Guatemala? <\/h3>\t\t\t\t<\/div>\n\t\t\t\t\t<\/div>\n\t\t\t\t<\/div>\n\t\t<div data-particle_enable=\"false\" data-particle-mobile-disabled=\"false\" class=\"elementor-element elementor-element-8a00baf e-flex e-con-boxed e-con e-parent\" data-id=\"8a00baf\" data-element_type=\"container\" data-e-type=\"container\">\n\t\t\t\t\t<div class=\"e-con-inner\">\n\t\t\t\t<div class=\"elementor-element elementor-element-1a78710 elementor-widget elementor-widget-text-editor\" data-id=\"1a78710\" data-element_type=\"widget\" data-e-type=\"widget\" data-widget_type=\"text-editor.default\">\n\t\t\t\t\t\t\t\t\t<p>La zona que m\u00e1s se adapta a la hora en Estados Unidos y Guatemala es la de las monta\u00f1as, que cuando son las 15:00 horas es en ambos pa\u00edses, en las otras regiones se debe restar o sumar varias horas m\u00e1s.<\/p><p>Lo que quiere decir que si t\u00fa tienes familia en Denver, Idaho, Albuquerque, Salt Lake City y Tucson, tienen la misma hora de Guatemala.<\/p>\t\t\t\t\t\t\t\t<\/div>\n\t\t\t\t\t<\/div>\n\t\t\t\t<\/div>\n\t\t<div data-particle_enable=\"false\" data-particle-mobile-disabled=\"false\" class=\"elementor-element elementor-element-02fc70a e-flex e-con-boxed e-con e-parent\" data-id=\"02fc70a\" data-element_type=\"container\" data-e-type=\"container\">\n\t\t\t\t\t<div class=\"e-con-inner\">\n\t\t\t\t<div class=\"elementor-element elementor-element-47d34c8 elementor-widget elementor-widget-heading\" data-id=\"47d34c8\" data-element_type=\"widget\" data-e-type=\"widget\" data-widget_type=\"heading.default\">\n\t\t\t\t\t<h2 class=\"elementor-heading-title elementor-size-default\">Si\u00e9ntete orgulloso de Guatemala ac\u00e1...<\/h2>\t\t\t\t<\/div>\n\t\t\t\t\t<\/div>\n\t\t\t\t<\/div>\n\t\t<div data-particle_enable=\"false\" data-particle-mobile-disabled=\"false\" class=\"elementor-element elementor-element-aa865bd e-flex e-con-boxed e-con e-parent\" data-id=\"aa865bd\" data-element_type=\"container\" data-e-type=\"container\">\n\t\t\t\t\t<div class=\"e-con-inner\">\n\t\t\t\t<div class=\"elementor-element elementor-element-fb55f82 elementor-widget elementor-widget-blfe-post-grid\" data-id=\"fb55f82\" data-element_type=\"widget\" data-e-type=\"widget\" data-settings=\"{&quot;columns&quot;:&quot;3&quot;,&quot;columns_tablet&quot;:&quot;6&quot;,&quot;columns_mobile&quot;:&quot;12&quot;,&quot;hero2_navigation&quot;:&quot;arrows&quot;,&quot;hero2_layout_column_gap&quot;:{&quot;unit&quot;:&quot;px&quot;,&quot;size&quot;:5,&quot;sizes&quot;:[]},&quot;hero2_layout_column_gap_tablet&quot;:{&quot;unit&quot;:&quot;px&quot;,&quot;size&quot;:&quot;&quot;,&quot;sizes&quot;:[]},&quot;hero2_layout_column_gap_mobile&quot;:{&quot;unit&quot;:&quot;px&quot;,&quot;size&quot;:&quot;&quot;,&quot;sizes&quot;:[]},&quot;hero2_layout_row_gap&quot;:{&quot;unit&quot;:&quot;px&quot;,&quot;size&quot;:5,&quot;sizes&quot;:[]},&quot;hero2_layout_row_gap_tablet&quot;:{&quot;unit&quot;:&quot;px&quot;,&quot;size&quot;:&quot;&quot;,&quot;sizes&quot;:[]},&quot;hero2_layout_row_gap_mobile&quot;:{&quot;unit&quot;:&quot;px&quot;,&quot;size&quot;:&quot;&quot;,&quot;sizes&quot;:[]}}\" data-widget_type=\"blfe-post-grid.hero2\">\n\t\t\t\t<div class=\"elementor-widget-container\">\n\t\t\t\t\t\n                        <div class=\"blfe-post-grid-container \">\n            \n                <div data-skin=\"hero2\" class=\"blfe-row blfe-posts-inner blfe-hero2 blfe-posts-inner blfe-col-3 blfe-col-tab-6 blfe-col-mob-12     \">\n                            <div class=\"blfe-post-grid-item \">\n            <div class=\"blfe-post-grid-item-inner blfe-modern-zoom\">\n                        <div class=\"blfe-post-grid-bg-image\">\n            <a class=\"blfe-post-grid-image-inner\" href=\"https:\/\/soymigrante.com\/revista\/miss-gualan-usa-coronacion-imprevisto-guatemaltecos-en-estados-unidos-union-abril-2026\/\" title=\"Un imprevisto en la coronaci\u00f3n de Miss Gualan U.S.A. 2026 en Los Angeles hizo brillar la uni\u00f3n guatemalteca\" rel=\"nofollow\" target=\"_blank\"><img decoding=\"async\" src=\"https:\/\/soymigrante.com\/revista\/wp-content\/uploads\/2026\/04\/guatemaltecos-en-Estados-Unidos-miss-gualan-USA-coronacion-5.jpg\" alt=\"Un imprevisto en la coronaci\u00f3n de Miss Gualan U.S.A. 2026 en Los Angeles hizo brillar la uni\u00f3n guatemalteca\"\/><\/a>        <\/div>\n                        <div class=\"blfe-post-grid-details\">\n                    <div class=\"blfe-post-grid-details-inner\">\n                        <span class=\"blfe-post-category\"><a href=\"https:\/\/soymigrante.com\/revista\/category\/estamos-unidos\/\">Estamos Unidos<\/a><\/span>                        <h3 class=\"blfe-post-grid-title\">\n            <a href=\"https:\/\/soymigrante.com\/revista\/miss-gualan-usa-coronacion-imprevisto-guatemaltecos-en-estados-unidos-union-abril-2026\/\" title=\"Un imprevisto en la coronaci\u00f3n de Miss Gualan U.S.A. 2026 en Los Angeles hizo brillar la uni\u00f3n guatemalteca\" rel=\"nofollow\" target=\"_blank\">Un imprevisto en la coronaci\u00f3n de Miss Gualan U.S.A. 2026 en Los Angeles hizo brillar la uni\u00f3n guatemalteca<\/a>\n            <\/h3>                                    <div class=\"blfe-post-grid-meta\">\n                <span class=\"blfe-post-grid-time\"><i class=\"fas fa-book-reader\"><\/i>6 Min read<\/span>            <\/div>\n                                                                                <\/div>\n                <\/div>\n\n            <\/div>\n        <\/div>\n                <div class=\"blfe-post-grid-item \">\n            <div class=\"blfe-post-grid-item-inner blfe-modern-zoom\">\n                        <div class=\"blfe-post-grid-bg-image\">\n            <a class=\"blfe-post-grid-image-inner\" href=\"https:\/\/soymigrante.com\/revista\/cantautora-migrante-guatemalteca-wendy-dgi-crea-cancion-desafiante-la-envidia\/\" title=\"&#8220;La Envidia&#8221;: cantautora migrante guatemalteca Wendy DGi crea una canci\u00f3n desafiante\" rel=\"nofollow\" target=\"_blank\"><img decoding=\"async\" src=\"https:\/\/soymigrante.com\/revista\/wp-content\/uploads\/2026\/04\/wendy-DGi-cantautora-migrante-guatemalteca-en-nueva-york-copia.jpg\" alt=\"&#8220;La Envidia&#8221;: cantautora migrante guatemalteca Wendy DGi crea una canci\u00f3n desafiante\"\/><\/a>        <\/div>\n                        <div class=\"blfe-post-grid-details\">\n                    <div class=\"blfe-post-grid-details-inner\">\n                        <span class=\"blfe-post-category\"><a href=\"https:\/\/soymigrante.com\/revista\/category\/estamos-unidos\/lugar-de-voces\/\">Lugar de Voces<\/a><\/span>                        <h3 class=\"blfe-post-grid-title\">\n            <a href=\"https:\/\/soymigrante.com\/revista\/cantautora-migrante-guatemalteca-wendy-dgi-crea-cancion-desafiante-la-envidia\/\" title=\"&#8220;La Envidia&#8221;: cantautora migrante guatemalteca Wendy DGi crea una canci\u00f3n desafiante\" rel=\"nofollow\" target=\"_blank\">&#8220;La Envidia&#8221;: cantautora migrante guatemalteca Wendy DGi crea una canci\u00f3n desafiante<\/a>\n            <\/h3>                                    <div class=\"blfe-post-grid-meta\">\n                <span class=\"blfe-post-grid-time\"><i class=\"fas fa-book-reader\"><\/i>3 Min read<\/span>            <\/div>\n                                                                                <\/div>\n                <\/div>\n\n            <\/div>\n        <\/div>\n                <div class=\"blfe-post-grid-item \">\n            <div class=\"blfe-post-grid-item-inner blfe-modern-zoom\">\n                        <div class=\"blfe-post-grid-bg-image\">\n            <a class=\"blfe-post-grid-image-inner\" href=\"https:\/\/soymigrante.com\/revista\/donacion-migrante-de-equipo-y-capacitacion-desde-nueva-york-fortalece-a-bomberos-de-quetzaltenango\/\" title=\"Donaci\u00f3n migrante de equipo y capacitaci\u00f3n desde Nueva York fortalece a bomberos de Quetzaltenango\" rel=\"nofollow\" target=\"_blank\"><img decoding=\"async\" src=\"https:\/\/soymigrante.com\/revista\/wp-content\/uploads\/2026\/04\/guatemaltecos-en-estados-unidos-migrantes-donacion-a-bomberos-quezaltenango-fundacion-911-ddf.png\" alt=\"Donaci\u00f3n migrante de equipo y capacitaci\u00f3n desde Nueva York fortalece a bomberos de Quetzaltenango\"\/><\/a>        <\/div>\n                        <div class=\"blfe-post-grid-details\">\n                    <div class=\"blfe-post-grid-details-inner\">\n                        <span class=\"blfe-post-category\"><a href=\"https:\/\/soymigrante.com\/revista\/category\/estamos-unidos\/\">Estamos Unidos<\/a><\/span>                        <h3 class=\"blfe-post-grid-title\">\n            <a href=\"https:\/\/soymigrante.com\/revista\/donacion-migrante-de-equipo-y-capacitacion-desde-nueva-york-fortalece-a-bomberos-de-quetzaltenango\/\" title=\"Donaci\u00f3n migrante de equipo y capacitaci\u00f3n desde Nueva York fortalece a bomberos de Quetzaltenango\" rel=\"nofollow\" target=\"_blank\">Donaci\u00f3n migrante de equipo y capacitaci\u00f3n desde Nueva York fortalece a bomberos de Quetzaltenango<\/a>\n            <\/h3>                                    <div class=\"blfe-post-grid-meta\">\n                <span class=\"blfe-post-grid-time\"><i class=\"fas fa-book-reader\"><\/i>6 Min read<\/span>            <\/div>\n                                                                                <\/div>\n                <\/div>\n\n            <\/div>\n        <\/div>\n                <div class=\"blfe-post-grid-item \">\n            <div class=\"blfe-post-grid-item-inner blfe-modern-zoom\">\n                        <div class=\"blfe-post-grid-bg-image\">\n            <a class=\"blfe-post-grid-image-inner\" href=\"https:\/\/soymigrante.com\/revista\/coronaran-a-miss-gualan-usa-2026-27-en-los-angeles-la-belleza-de-la-solidaridad-migrante\/\" title=\"Coronar\u00e1n a Miss Gual\u00e1n USA 2026-27 en Los Angeles: la belleza de la solidaridad migrante\" rel=\"nofollow\" target=\"_blank\"><img decoding=\"async\" src=\"https:\/\/soymigrante.com\/revista\/wp-content\/uploads\/2026\/04\/miss-gualan-usa-2026-2027-krystal-ivette-cabrera-cordon-de-texas.png\" alt=\"Coronar\u00e1n a Miss Gual\u00e1n USA 2026-27 en Los Angeles: la belleza de la solidaridad migrante\"\/><\/a>        <\/div>\n                        <div class=\"blfe-post-grid-details\">\n                    <div class=\"blfe-post-grid-details-inner\">\n                        <span class=\"blfe-post-category\"><a href=\"https:\/\/soymigrante.com\/revista\/category\/estamos-unidos\/\">Estamos Unidos<\/a><\/span>                        <h3 class=\"blfe-post-grid-title\">\n            <a href=\"https:\/\/soymigrante.com\/revista\/coronaran-a-miss-gualan-usa-2026-27-en-los-angeles-la-belleza-de-la-solidaridad-migrante\/\" title=\"Coronar\u00e1n a Miss Gual\u00e1n USA 2026-27 en Los Angeles: la belleza de la solidaridad migrante\" rel=\"nofollow\" target=\"_blank\">Coronar\u00e1n a Miss Gual\u00e1n USA 2026-27 en Los Angeles: la belleza de la solidaridad migrante<\/a>\n            <\/h3>                                    <div class=\"blfe-post-grid-meta\">\n                <span class=\"blfe-post-grid-time\"><i class=\"fas fa-book-reader\"><\/i>6 Min read<\/span>            <\/div>\n                                                                                <\/div>\n                <\/div>\n\n            <\/div>\n        <\/div>\n                <div class=\"blfe-post-grid-item \">\n            <div class=\"blfe-post-grid-item-inner blfe-modern-zoom\">\n                        <div class=\"blfe-post-grid-bg-image\">\n            <a class=\"blfe-post-grid-image-inner\" href=\"https:\/\/soymigrante.com\/revista\/solicitan-ayuda-para-repatriacion-de-dos-migrantes-guatemaltecos-desde-oklahoma-e-illinois\/\" title=\"Solicitan ayuda para repatriaci\u00f3n de dos migrantes guatemaltecos desde Oklahoma e Illinois\" rel=\"nofollow\" target=\"_blank\"><img decoding=\"async\" src=\"https:\/\/soymigrante.com\/revista\/wp-content\/uploads\/2026\/04\/solidaridad-migrante-ayuda-para-repatriar-a-guatemaltecos-desde-oklahoma-e-illinois.png\" alt=\"Solicitan ayuda para repatriaci\u00f3n de dos migrantes guatemaltecos desde Oklahoma e Illinois\"\/><\/a>        <\/div>\n                        <div class=\"blfe-post-grid-details\">\n                    <div class=\"blfe-post-grid-details-inner\">\n                        <span class=\"blfe-post-category\"><a href=\"https:\/\/soymigrante.com\/revista\/category\/estamos-unidos\/solidaridad\/\">Solidaridad<\/a><\/span>                        <h3 class=\"blfe-post-grid-title\">\n            <a href=\"https:\/\/soymigrante.com\/revista\/solicitan-ayuda-para-repatriacion-de-dos-migrantes-guatemaltecos-desde-oklahoma-e-illinois\/\" title=\"Solicitan ayuda para repatriaci\u00f3n de dos migrantes guatemaltecos desde Oklahoma e Illinois\" rel=\"nofollow\" target=\"_blank\">Solicitan ayuda para repatriaci\u00f3n de dos migrantes guatemaltecos desde Oklahoma e Illinois<\/a>\n            <\/h3>                                    <div class=\"blfe-post-grid-meta\">\n                <span class=\"blfe-post-grid-time\"><i class=\"fas fa-book-reader\"><\/i>4 Min read<\/span>            <\/div>\n                                                                                <\/div>\n                <\/div>\n\n            <\/div>\n        <\/div>\n                        <\/div>\n\n                        <\/div>\n            \n                        <div class=\"blfe-post-footer\">\n                        <\/div>\n            \t\t\t\t<\/div>\n\t\t\t\t<\/div>\n\t\t\t\t\t<\/div>\n\t\t\t\t<\/div>\n\t\t\t\t<\/div>\n\t\t","protected":false},"excerpt":{"rendered":"<p>Las zonas horarias en Estados Unidos, var\u00edan dependiendo de que regi\u00f3n se encuentre. En Guatemala y Centro Am\u00e9rica solo hay una hora espec\u00edfica pero es bueno saber las diferencias. En algunas ocasiones hemos llamado a un familiar en Estados Unidos o en Guatemala y preguntamos que hora es en el lugar, pues el cambio de [&hellip;]<\/p>\n","protected":false},"author":19,"featured_media":8328,"comment_status":"open","ping_status":"open","sticky":false,"template":"","format":"standard","meta":{"_acf_changed":false,"_eb_attr":"","footnotes":""},"categories":[55],"tags":[],"class_list":["post-8323","post","type-post","status-publish","format-standard","has-post-thumbnail","hentry","category-bienestar"],"acf":[],"aioseo_notices":[],"aioseo_head":"\n\t\t<!-- All in One SEO Pro 4.9.6.2 - aioseo.com -->\n\t<meta name=\"description\" content=\"Dos casos distintos en dos Estados distantes entre s\u00ed, Oklahoma e Illinois: unidos por el cari\u00f1o de seres queridos por ayudar a repatriar a migrantes fallecidos.\" \/>\n\t<meta name=\"robots\" content=\"max-snippet:-1, max-image-preview:large, max-video-preview:-1\" \/>\n\t<meta name=\"author\" content=\"SoyMigrante.com REVISTA\"\/>\n\t<link rel=\"canonical\" href=\"https:\/\/soymigrante.com\/revista\/solicitan-ayuda-para-repatriacion-de-dos-migrantes-guatemaltecos-desde-oklahoma-e-illinois\/\" \/>\n\t<meta name=\"generator\" content=\"All in One SEO Pro (AIOSEO) 4.9.6.2\" \/>\n\n\t\t<link rel=\"preconnect\" href=\"https:\/\/fonts.googleapis.com\" crossorigin>\n<link rel=\"preconnect\" href=\"https:\/\/fonts.gstatic.com\" crossorigin>\n\t\t<meta property=\"og:locale\" content=\"es_ES\" \/>\n\t\t<meta property=\"og:site_name\" content=\"SoyMigrante.com REVISTA \u2013 Nuestra misi\u00f3n es reconocer y dignificar al migrante.\" \/>\n\t\t<meta property=\"og:type\" content=\"article\" \/>\n\t\t<meta property=\"og:title\" content=\"Recaudan ayuda para repatriar a dos migrantes guatemaltecos\" \/>\n\t\t<meta property=\"og:description\" content=\"Dos casos distintos en dos Estados distantes entre s\u00ed, Oklahoma e Illinois: unidos por el cari\u00f1o de seres queridos por ayudar a repatriar a migrantes fallecidos.\" \/>\n\t\t<meta property=\"og:url\" content=\"https:\/\/soymigrante.com\/revista\/solicitan-ayuda-para-repatriacion-de-dos-migrantes-guatemaltecos-desde-oklahoma-e-illinois\/\" \/>\n\t\t<meta property=\"og:image\" content=\"https:\/\/soymigrante.com\/revista\/wp-content\/uploads\/2026\/04\/solidaridad-migrante-ayuda-para-repatriar-a-guatemaltecos-desde-oklahoma-e-illinois.png\" \/>\n\t\t<meta property=\"og:image:secure_url\" content=\"https:\/\/soymigrante.com\/revista\/wp-content\/uploads\/2026\/04\/solidaridad-migrante-ayuda-para-repatriar-a-guatemaltecos-desde-oklahoma-e-illinois.png\" \/>\n\t\t<meta property=\"og:image:width\" content=\"1200\" \/>\n\t\t<meta property=\"og:image:height\" content=\"1200\" \/>\n\t\t<meta property=\"article:published_time\" content=\"2026-04-15T22:13:23+00:00\" \/>\n\t\t<meta property=\"article:modified_time\" content=\"2026-04-15T22:18:04+00:00\" \/>\n\t\t<meta property=\"article:publisher\" content=\"https:\/\/www.facebook.com\/soymigrantecom\" \/>\n\t\t<meta name=\"twitter:card\" content=\"summary_large_image\" \/>\n\t\t<meta name=\"twitter:site\" content=\"@SoyMigrante_com\" \/>\n\t\t<meta name=\"twitter:title\" content=\"Recaudan ayuda para repatriar a dos migrantes guatemaltecos\" \/>\n\t\t<meta name=\"twitter:description\" content=\"Dos casos distintos en dos Estados distantes entre s\u00ed, Oklahoma e Illinois: unidos por el cari\u00f1o de seres queridos por ayudar a repatriar a migrantes fallecidos.\" \/>\n\t\t<meta name=\"twitter:creator\" content=\"@SoyMigrante_com\" \/>\n\t\t<meta name=\"twitter:image\" content=\"https:\/\/soymigrante.com\/revista\/wp-content\/uploads\/2026\/04\/solidaridad-migrante-ayuda-para-repatriar-a-guatemaltecos-desde-oklahoma-e-illinois.png\" \/>\n\t\t<!-- All in One SEO Pro -->\r\n\t\t<title>Recaudan ayuda para repatriar a dos migrantes guatemaltecos<\/title>\n\n","aioseo_head_json":{"title":"Recaudan ayuda para repatriar a dos migrantes guatemaltecos","description":"Dos casos distintos en dos Estados distantes entre s\u00ed, Oklahoma e Illinois: unidos por el cari\u00f1o de seres queridos por ayudar a repatriar a migrantes fallecidos.","canonical_url":"https:\/\/soymigrante.com\/revista\/solicitan-ayuda-para-repatriacion-de-dos-migrantes-guatemaltecos-desde-oklahoma-e-illinois\/","robots":"max-snippet:-1, max-image-preview:large, max-video-preview:-1","keywords":"","webmasterTools":{"miscellaneous":"&lt;link rel=\"preconnect\" href=\"https:\/\/fonts.googleapis.com\" crossorigin&gt;\n&lt;link rel=\"preconnect\" href=\"https:\/\/fonts.gstatic.com\" crossorigin&gt;"},"schema":null,"og:locale":"es_ES","og:site_name":"SoyMigrante.com REVISTA \u2013 Nuestra misi\u00f3n es reconocer y dignificar al migrante.","og:type":"article","og:title":"Recaudan ayuda para repatriar a dos migrantes guatemaltecos","og:description":"Dos casos distintos en dos Estados distantes entre s\u00ed, Oklahoma e Illinois: unidos por el cari\u00f1o de seres queridos por ayudar a repatriar a migrantes fallecidos.","og:url":"https:\/\/soymigrante.com\/revista\/solicitan-ayuda-para-repatriacion-de-dos-migrantes-guatemaltecos-desde-oklahoma-e-illinois\/","og:image":"https:\/\/soymigrante.com\/revista\/wp-content\/uploads\/2026\/04\/solidaridad-migrante-ayuda-para-repatriar-a-guatemaltecos-desde-oklahoma-e-illinois.png","og:image:secure_url":"https:\/\/soymigrante.com\/revista\/wp-content\/uploads\/2026\/04\/solidaridad-migrante-ayuda-para-repatriar-a-guatemaltecos-desde-oklahoma-e-illinois.png","og:image:width":1200,"og:image:height":1200,"article:published_time":"2026-04-15T22:13:23+00:00","article:modified_time":"2026-04-15T22:18:04+00:00","article:publisher":"https:\/\/www.facebook.com\/soymigrantecom","twitter:card":"summary_large_image","twitter:site":"@SoyMigrante_com","twitter:title":"Recaudan ayuda para repatriar a dos migrantes guatemaltecos","twitter:description":"Dos casos distintos en dos Estados distantes entre s\u00ed, Oklahoma e Illinois: unidos por el cari\u00f1o de seres queridos por ayudar a repatriar a migrantes fallecidos.","twitter:creator":"@SoyMigrante_com","twitter:image":"https:\/\/soymigrante.com\/revista\/wp-content\/uploads\/2026\/04\/solidaridad-migrante-ayuda-para-repatriar-a-guatemaltecos-desde-oklahoma-e-illinois.png"},"aioseo_meta_data":{"post_id":"8323","title":"\u00bfY all\u00e1 qu\u00e9 hora es? Zonas horarias en USA vs. hora Guatemala","description":"Por negocios, para acordar una hora de llamada o para calcular la llegada de un vuelo es bueno saber que en Estados Unidos hay tres zonas horarias. Ent\u00e9rate ac\u00e1","keywords":null,"keyphrases":{"focus":{"keyphrase":"Zonas horarias","score":82,"analysis":{"keyphraseInTitle":{"score":9,"maxScore":9,"error":0},"keyphraseInDescription":{"score":9,"maxScore":9,"error":0},"keyphraseLength":{"score":9,"maxScore":9,"error":0,"length":2},"keyphraseInURL":{"score":5,"maxScore":5,"error":0},"keyphraseInIntroduction":{"score":3,"maxScore":9,"error":1},"keyphraseInSubHeadings":{"score":3,"maxScore":9,"error":1},"keyphraseInImageAlt":{"score":9,"maxScore":9,"error":0},"keywordDensity":{"type":"best","score":9,"maxScore":9,"error":0}}},"additional":[{"keyphrase":"Zonas horarias","score":87,"analysis":{"keyphraseInDescription":{"score":9,"maxScore":9,"error":0},"keyphraseLength":{"score":9,"maxScore":9,"error":0,"length":2},"keyphraseInIntroduction":{"score":3,"maxScore":9,"error":1},"keyphraseInImageAlt":{"score":9,"maxScore":9,"error":0},"keywordDensity":{"type":"best","score":9,"maxScore":9,"error":0}}},{"keyphrase":"Estados Unidos","score":100,"analysis":{"keyphraseInDescription":{"score":9,"maxScore":9,"error":0},"keyphraseLength":{"score":9,"maxScore":9,"error":0,"length":2},"keyphraseInIntroduction":{"score":9,"maxScore":9,"error":0},"keyphraseInImageAlt":{"score":9,"maxScore":9,"error":0},"keywordDensity":{"type":"best","score":9,"maxScore":9,"error":0}}},{"keyphrase":"Guatemala","score":87,"analysis":{"keyphraseInDescription":{"score":3,"maxScore":9,"error":1},"keyphraseLength":{"score":9,"maxScore":9,"error":0,"length":1},"keyphraseInIntroduction":{"score":9,"maxScore":9,"error":0},"keyphraseInImageAlt":{"score":9,"maxScore":9,"error":0},"keywordDensity":{"type":"best","score":9,"maxScore":9,"error":0}}}]},"primary_term":null,"canonical_url":null,"og_title":null,"og_description":null,"og_object_type":"default","og_image_type":"default","og_image_url":null,"og_image_width":null,"og_image_height":null,"og_image_custom_url":null,"og_image_custom_fields":null,"og_video":"","og_custom_url":null,"og_article_section":null,"og_article_tags":null,"twitter_use_og":false,"twitter_card":"default","twitter_image_type":"default","twitter_image_url":null,"twitter_image_custom_url":null,"twitter_image_custom_fields":null,"twitter_title":null,"twitter_description":null,"schema":{"blockGraphs":[],"customGraphs":[],"default":{"data":{"Article":[],"Course":[],"Dataset":[],"FAQPage":[],"Movie":[],"Person":[],"Product":[],"ProductReview":[],"Car":[],"Recipe":[],"Service":[],"SoftwareApplication":[],"WebPage":[]},"graphName":"none","isEnabled":true},"graphs":[]},"schema_type":"default","schema_type_options":null,"pillar_content":false,"robots_default":true,"robots_noindex":false,"robots_noarchive":false,"robots_nosnippet":false,"robots_nofollow":false,"robots_noimageindex":false,"robots_noodp":false,"robots_notranslate":false,"robots_max_snippet":"-1","robots_max_videopreview":"-1","robots_max_imagepreview":"large","priority":null,"frequency":"default","local_seo":null,"seo_analyzer_scan_date":"2025-10-08 22:45:14","breadcrumb_settings":null,"limit_modified_date":false,"reviewed_by":"0","open_ai":"{\"title\":{\"suggestions\":[],\"usage\":0},\"description\":{\"suggestions\":[],\"usage\":0}}","ai":{"faqs":[],"keyPoints":[],"titles":[],"descriptions":[],"socialPosts":{"email":[],"linkedin":[],"twitter":[],"facebook":[],"instagram":[]}},"created":"2024-08-26 18:34:19","updated":"2026-02-04 12:47:51"},"aioseo_breadcrumb":"<div class=\"aioseo-breadcrumbs\"><span class=\"aioseo-breadcrumb\">\n\t<a href=\"https:\/\/soymigrante.com\/revista\" title=\"Home\">Home<\/a>\n<\/span><span class=\"aioseo-breadcrumb-separator\">\u00bb<\/span><span class=\"aioseo-breadcrumb\">\n\t<a href=\"https:\/\/soymigrante.com\/revista\/category\/bienestar\/\" title=\"Bienestar\">Bienestar<\/a>\n<\/span><span class=\"aioseo-breadcrumb-separator\">\u00bb<\/span><span class=\"aioseo-breadcrumb\">\n\t\u00bfY all\u00e1 qu\u00e9 hora es? Las zonas horarias en EE.UU y su equivalencia con Guatemala\n<\/span><\/div>","aioseo_breadcrumb_json":[{"label":"Home","link":"https:\/\/soymigrante.com\/revista"},{"label":"Bienestar","link":"https:\/\/soymigrante.com\/revista\/category\/bienestar\/"},{"label":"\u00bfY all\u00e1 qu\u00e9 hora es? Las zonas horarias en EE.UU y su equivalencia con Guatemala","link":"https:\/\/soymigrante.com\/revista\/y-alla-que-hora-es-las-zonas-horarias-en-ee-uu-y-su-equivalencia-con-guatemala\/"}],"_links":{"self":[{"href":"https:\/\/soymigrante.com\/revista\/wp-json\/wp\/v2\/posts\/8323","targetHints":{"allow":["GET"]}}],"collection":[{"href":"https:\/\/soymigrante.com\/revista\/wp-json\/wp\/v2\/posts"}],"about":[{"href":"https:\/\/soymigrante.com\/revista\/wp-json\/wp\/v2\/types\/post"}],"author":[{"embeddable":true,"href":"https:\/\/soymigrante.com\/revista\/wp-json\/wp\/v2\/users\/19"}],"replies":[{"embeddable":true,"href":"https:\/\/soymigrante.com\/revista\/wp-json\/wp\/v2\/comments?post=8323"}],"version-history":[{"count":5,"href":"https:\/\/soymigrante.com\/revista\/wp-json\/wp\/v2\/posts\/8323\/revisions"}],"predecessor-version":[{"id":53499,"href":"https:\/\/soymigrante.com\/revista\/wp-json\/wp\/v2\/posts\/8323\/revisions\/53499"}],"wp:featuredmedia":[{"embeddable":true,"href":"https:\/\/soymigrante.com\/revista\/wp-json\/wp\/v2\/media\/8328"}],"wp:attachment":[{"href":"https:\/\/soymigrante.com\/revista\/wp-json\/wp\/v2\/media?parent=8323"}],"wp:term":[{"taxonomy":"category","embeddable":true,"href":"https:\/\/soymigrante.com\/revista\/wp-json\/wp\/v2\/categories?post=8323"},{"taxonomy":"post_tag","embeddable":true,"href":"https:\/\/soymigrante.com\/revista\/wp-json\/wp\/v2\/tags?post=8323"}],"curies":[{"name":"wp","href":"https:\/\/api.w.org\/{rel}","templated":true}]}}