{"id":8306,"date":"2024-08-26T09:40:28","date_gmt":"2024-08-26T15:40:28","guid":{"rendered":"https:\/\/soymigrante.com\/revista\/?p=8306"},"modified":"2024-11-01T01:34:04","modified_gmt":"2024-11-01T07:34:04","slug":"guatemaltecos-en-oklahoma-seran-reconocidos-por-su-cultura","status":"publish","type":"post","link":"https:\/\/soymigrante.com\/revista\/guatemaltecos-en-oklahoma-seran-reconocidos-por-su-cultura\/","title":{"rendered":"Guatemaltecos en Oklahoma ser\u00e1n reconocidos por sus logros y aportes"},"content":{"rendered":"\t\t<div data-elementor-type=\"wp-post\" data-elementor-id=\"8306\" class=\"elementor elementor-8306\" data-elementor-post-type=\"post\">\n\t\t\t\t<div data-particle_enable=\"false\" data-particle-mobile-disabled=\"false\" class=\"elementor-element elementor-element-8349916 e-flex e-con-boxed e-con e-parent\" data-id=\"8349916\" data-element_type=\"container\" data-e-type=\"container\">\n\t\t\t\t\t<div class=\"e-con-inner\">\n\t\t\t\t<div class=\"elementor-element elementor-element-08b08fa elementor-widget elementor-widget-heading\" data-id=\"08b08fa\" data-element_type=\"widget\" data-e-type=\"widget\" data-widget_type=\"heading.default\">\n\t\t\t\t\t<h2 class=\"elementor-heading-title elementor-size-default\">Hijos de migrantes guatemaltecos se convierten en exponentes de la cultura guatemalteca y de su riqueza, al ser reconocidos en Oklahoma. \n<\/h2>\t\t\t\t<\/div>\n\t\t\t\t\t<\/div>\n\t\t\t\t<\/div>\n\t\t<div data-particle_enable=\"false\" data-particle-mobile-disabled=\"false\" class=\"elementor-element elementor-element-841ec41 e-flex e-con-boxed e-con e-parent\" data-id=\"841ec41\" data-element_type=\"container\" data-e-type=\"container\">\n\t\t\t\t\t<div class=\"e-con-inner\">\n\t\t\t\t<div class=\"elementor-element elementor-element-650cffd elementor-widget elementor-widget-text-editor\" data-id=\"650cffd\" data-element_type=\"widget\" data-e-type=\"widget\" data-widget_type=\"text-editor.default\">\n\t\t\t\t\t\t\t\t\t<p>Por las festividades de independencia de Guatemala que se celebra el 15 de septiembre, esta fiesta, ahora abarca muchos lugares en Estados Unidos, uno de ellos es Oklahoma, que se ha convertido en una segunda casa y que ahora reconoce a los guatemaltecos ya como parte de su cultura.<\/p><p>Con motivo de las fiestas de independencia se nombraron a los guatemaltecos o hijos de migrantes guatemaltecos, quienes fueron electos por su aporte en promoci\u00f3n de la cultura guatemalteca. <\/p>\t\t\t\t\t\t\t\t<\/div>\n\t\t\t\t\t<\/div>\n\t\t\t\t<\/div>\n\t\t<div data-particle_enable=\"false\" data-particle-mobile-disabled=\"false\" class=\"elementor-element elementor-element-3f99806 e-flex e-con-boxed e-con e-parent\" data-id=\"3f99806\" data-element_type=\"container\" data-e-type=\"container\">\n\t\t\t\t\t<div class=\"e-con-inner\">\n\t\t\t\t<div class=\"elementor-element elementor-element-ec9b0d9 elementor-widget elementor-widget-heading\" data-id=\"ec9b0d9\" data-element_type=\"widget\" data-e-type=\"widget\" data-widget_type=\"heading.default\">\n\t\t\t\t\t<h3 class=\"elementor-heading-title elementor-size-default\">Mr. Guatemala, Oklahoma  2024-2025<\/h3>\t\t\t\t<\/div>\n\t\t\t\t\t<\/div>\n\t\t\t\t<\/div>\n\t\t<div data-particle_enable=\"false\" data-particle-mobile-disabled=\"false\" class=\"elementor-element elementor-element-acf194f e-flex e-con-boxed e-con e-parent\" data-id=\"acf194f\" data-element_type=\"container\" data-e-type=\"container\">\n\t\t\t\t\t<div class=\"e-con-inner\">\n\t\t\t\t<div class=\"elementor-element elementor-element-bfe62bf elementor-widget elementor-widget-text-editor\" data-id=\"bfe62bf\" data-element_type=\"widget\" data-e-type=\"widget\" data-widget_type=\"text-editor.default\">\n\t\t\t\t\t\t\t\t\t<p>Samuel es un talentoso director de cine, cinemat\u00f3grafo y fotoperiodista con una notable trayectoria en las artes y los medios. Naci\u00f3 en Oklahoma City, Oklahoma, hijo de Ad\u00e1n Carrillo de Le\u00f3n, originario de Sibilia, Quetzaltenango, y Olga P\u00e9rez Arreaga, de El Tumbador, San Marcos.<\/p>\t\t\t\t\t\t\t\t<\/div>\n\t\t\t\t\t<\/div>\n\t\t\t\t<\/div>\n\t\t<div data-particle_enable=\"false\" data-particle-mobile-disabled=\"false\" class=\"elementor-element elementor-element-4a3ea33 e-flex e-con-boxed e-con e-parent\" data-id=\"4a3ea33\" data-element_type=\"container\" data-e-type=\"container\">\n\t\t\t\t\t<div class=\"e-con-inner\">\n\t\t\t\t<div class=\"elementor-element elementor-element-f2b06d2 elementor-grid-eael-col-1 elementor-grid-tablet-eael-col-2 elementor-grid-mobile-eael-col-1 elementor-widget elementor-widget-eael-post-grid\" data-id=\"f2b06d2\" data-element_type=\"widget\" data-e-type=\"widget\" data-settings=\"{&quot;eael_post_grid_columns&quot;:&quot;eael-col-1&quot;,&quot;eael_post_grid_columns_tablet&quot;:&quot;eael-col-2&quot;,&quot;eael_post_grid_columns_mobile&quot;:&quot;eael-col-1&quot;}\" data-widget_type=\"eael-post-grid.default\">\n\t\t\t\t\t<div id=\"eael-post-grid-f2b06d2\" class=\"eael-post-grid-container\">\n            <div class=\"eael-post-grid eael-post-appender eael-post-appender-f2b06d2 eael-post-grid-style-one\" data-layout-mode=\"masonry\"><article class=\"eael-grid-post  eael-post-grid-column eael-pg-post-5890 category-exitos\" data-id=\"5890\">\n        <div class=\"eael-grid-post-holder\">\n            <div class=\"eael-grid-post-holder-inner\"><div class=\"eael-entry-media\"><div class=\"eael-entry-overlay fade-in\"><i class=\"far fa-hand-pointer\" aria-hidden=\"true\"><\/i><a href=\"https:\/\/soymigrante.com\/revista\/la-historia-del-cineasta-samuel-carrillo-podria-titularse-dos-veces-migrante\/\"><\/a><\/div><div class=\"eael-entry-thumbnail \">\n                <img fetchpriority=\"high\" decoding=\"async\" width=\"456\" height=\"453\" src=\"https:\/\/soymigrante.com\/revista\/wp-content\/uploads\/2024\/04\/samuel-carrillo-cineasta-oklahoma-2.webp\" class=\"attachment-large size-large wp-image-5891\" alt=\"Americano en evento de SoyMigrante.com REVISTA participando en tema de migraci\u00f3n y derechos laborales de migrantes latinoamericanos, promoviendo integraci\u00f3n y apoyo comunitario.\" srcset=\"https:\/\/soymigrante.com\/revista\/wp-content\/uploads\/2024\/04\/samuel-carrillo-cineasta-oklahoma-2.webp 456w, https:\/\/soymigrante.com\/revista\/wp-content\/uploads\/2024\/04\/samuel-carrillo-cineasta-oklahoma-2-300x298.webp 300w, https:\/\/soymigrante.com\/revista\/wp-content\/uploads\/2024\/04\/samuel-carrillo-cineasta-oklahoma-2-150x150.webp 150w, https:\/\/soymigrante.com\/revista\/wp-content\/uploads\/2024\/04\/samuel-carrillo-cineasta-oklahoma-2-75x75.webp 75w\" sizes=\"(max-width: 456px) 100vw, 456px\" \/>\n            <\/div>\n        <\/div><div class=\"eael-entry-wrapper\"><header class=\"eael-entry-header\"><h2 class=\"eael-entry-title\"><a class=\"eael-grid-post-link\" href=\"https:\/\/soymigrante.com\/revista\/la-historia-del-cineasta-samuel-carrillo-podria-titularse-dos-veces-migrante\/\" title=\"Cineasta Samuel Carrillo, premiado en Oklahoma, es dos veces migrante\">Cineasta Samuel Carrillo, premiado en Oklahoma, es dos veces migrante<\/a><\/h2><\/header><div class=\"eael-entry-content\">\n                        <div class=\"eael-grid-post-excerpt\"><a href=\"https:\/\/soymigrante.com\/revista\/la-historia-del-cineasta-samuel-carrillo-podria-titularse-dos-veces-migrante\/\" class=\"eael-post-elements-readmore-btn\">CONOCE SU HISTORIA <\/a><\/div>\n                    <\/div><\/div><\/div>\n        <\/div>\n    <\/article><\/div>\n            <div class=\"clearfix\"><\/div>\n        <\/div>\t\t\t\t<\/div>\n\t\t\t\t\t<\/div>\n\t\t\t\t<\/div>\n\t\t<div data-particle_enable=\"false\" data-particle-mobile-disabled=\"false\" class=\"elementor-element elementor-element-785938d e-flex e-con-boxed e-con e-parent\" data-id=\"785938d\" data-element_type=\"container\" data-e-type=\"container\">\n\t\t\t\t\t<div class=\"e-con-inner\">\n\t\t\t\t<div class=\"elementor-element elementor-element-436ab10 elementor-widget elementor-widget-heading\" data-id=\"436ab10\" data-element_type=\"widget\" data-e-type=\"widget\" data-widget_type=\"heading.default\">\n\t\t\t\t\t<h3 class=\"elementor-heading-title elementor-size-default\">Dificultades en la vida de Samuel <\/h3>\t\t\t\t<\/div>\n\t\t\t\t\t<\/div>\n\t\t\t\t<\/div>\n\t\t<div data-particle_enable=\"false\" data-particle-mobile-disabled=\"false\" class=\"elementor-element elementor-element-0d99d86 e-flex e-con-boxed e-con e-parent\" data-id=\"0d99d86\" data-element_type=\"container\" data-e-type=\"container\">\n\t\t\t\t\t<div class=\"e-con-inner\">\n\t\t\t\t<div class=\"elementor-element elementor-element-ed8cff4 elementor-widget elementor-widget-text-editor\" data-id=\"ed8cff4\" data-element_type=\"widget\" data-e-type=\"widget\" data-widget_type=\"text-editor.default\">\n\t\t\t\t\t\t\t\t\t<p>En 2010, la vida de Samuel cambi\u00f3 dr\u00e1sticamente cuando sus padres fueron deportados a Guatemala. Durante los cinco a\u00f1os que vivi\u00f3 all\u00ed, se sumergi\u00f3 en la rica cultura guatemalteca, desarrollando un profundo aprecio por la cultura Maya y aprendiendo valiosas lecciones de resistencia y fortaleza de sus abuelos.<\/p><p>Esta experiencia formativa le permiti\u00f3 valorar su herencia y enfrentar las dificultades con determinaci\u00f3n.<\/p><p>A los 15 a\u00f1os, Samuel regres\u00f3 a Estados Unidos para avanzar en su educaci\u00f3n y construir un futuro m\u00e1s prometedor. Estudi\u00f3 Cinem\u00e1tica y Tecnolog\u00eda en el Institute of American Indian Arts (IAIA) en Santa Fe, Nuevo M\u00e9xico. <\/p>\t\t\t\t\t\t\t\t<\/div>\n\t\t\t\t\t<\/div>\n\t\t\t\t<\/div>\n\t\t<div data-particle_enable=\"false\" data-particle-mobile-disabled=\"false\" class=\"elementor-element elementor-element-6ee7b57 e-flex e-con-boxed e-con e-parent\" data-id=\"6ee7b57\" data-element_type=\"container\" data-e-type=\"container\">\n\t\t\t\t\t<div class=\"e-con-inner\">\n\t\t\t\t<div class=\"elementor-element elementor-element-c62c2b4 elementor-widget elementor-widget-facebook-embed\" data-id=\"c62c2b4\" data-element_type=\"widget\" data-e-type=\"widget\" data-widget_type=\"facebook-embed.default\">\n\t\t\t\t\t<div style=\"min-height: 1px\" class=\"elementor-facebook-widget fb-post\" data-href=\"https:\/\/www.facebook.com\/photo\/?fbid=846433760933481&#038;set=pcb.846433824266808\" data-show-text=\"false\"><\/div>\t\t\t\t<\/div>\n\t\t\t\t\t<\/div>\n\t\t\t\t<\/div>\n\t\t<div data-particle_enable=\"false\" data-particle-mobile-disabled=\"false\" class=\"elementor-element elementor-element-64fbf30 e-flex e-con-boxed e-con e-parent\" data-id=\"64fbf30\" data-element_type=\"container\" data-e-type=\"container\">\n\t\t\t\t\t<div class=\"e-con-inner\">\n\t\t\t\t<div class=\"elementor-element elementor-element-dd9d58a elementor-widget elementor-widget-text-editor\" data-id=\"dd9d58a\" data-element_type=\"widget\" data-e-type=\"widget\" data-widget_type=\"text-editor.default\">\n\t\t\t\t\t\t\t\t\t<p>Su pasi\u00f3n y dedicaci\u00f3n en el campo de las artes le han valido dos nominaciones al premio Emmy, el galard\u00f3n NextGen Under 30 en la categor\u00eda de artes, y el premio al Mejor Cortometraje Hecho en Oklahoma en el Oklahoma Cine Latino Film Festival.<\/p><p>Actualmente, Samuel trabaja para una organizaci\u00f3n TSET, que administra fondos del acuerdo con las compa\u00f1\u00edas tabacaleras para mejorar la salud p\u00fablica en Oklahoma. Con el deseo de retribuir a su comunidad, planea ayudar a los j\u00f3venes de Oklahoma a explorar su pasi\u00f3n por el cine y la educaci\u00f3n, facilitando recursos y oportunidades para que puedan expresar su arte.<\/p><p>Tambi\u00e9n busca recaudar fondos para llevar apoyo similar a las comunidades guatemaltecas en las que creci\u00f3, con el objetivo de mejorar la educaci\u00f3n y proporcionar oportunidades para el desarrollo de carreras.<\/p>\t\t\t\t\t\t\t\t<\/div>\n\t\t\t\t\t<\/div>\n\t\t\t\t<\/div>\n\t\t<div data-particle_enable=\"false\" data-particle-mobile-disabled=\"false\" class=\"elementor-element elementor-element-753cdc1 e-flex e-con-boxed e-con e-parent\" data-id=\"753cdc1\" data-element_type=\"container\" data-e-type=\"container\">\n\t\t\t\t\t<div class=\"e-con-inner\">\n\t\t\t\t<div class=\"elementor-element elementor-element-5fa7f99 elementor-widget elementor-widget-text-editor\" data-id=\"5fa7f99\" data-element_type=\"widget\" data-e-type=\"widget\" data-widget_type=\"text-editor.default\">\n\t\t\t\t\t\t\t\t\t<p><strong>No te puedes perder:<\/strong> <a href=\"https:\/\/soymigrante.com\/revista\/migrante-guatemalteca-emilia-cifuentes-ingeniera-empresaria-supera-dificultades\/\" target=\"_blank\" rel=\"noopener\">Emilia Cifuentes es Mrs. Guatemala Oklahoma 2024-25 por su trayectoria y aporte<\/a><\/p>\t\t\t\t\t\t\t\t<\/div>\n\t\t\t\t\t<\/div>\n\t\t\t\t<\/div>\n\t\t<div data-particle_enable=\"false\" data-particle-mobile-disabled=\"false\" class=\"elementor-element elementor-element-6a24bd8 e-flex e-con-boxed e-con e-parent\" data-id=\"6a24bd8\" data-element_type=\"container\" data-e-type=\"container\">\n\t\t\t\t\t<div class=\"e-con-inner\">\n\t\t\t\t<div class=\"elementor-element elementor-element-a0985a1 elementor-widget elementor-widget-heading\" data-id=\"a0985a1\" data-element_type=\"widget\" data-e-type=\"widget\" data-widget_type=\"heading.default\">\n\t\t\t\t\t<h3 class=\"elementor-heading-title elementor-size-default\">M\u00eda Monterroso es Se\u00f1orita Independencia de Guatemala 2024-2025<\/h3>\t\t\t\t<\/div>\n\t\t\t\t\t<\/div>\n\t\t\t\t<\/div>\n\t\t<div data-particle_enable=\"false\" data-particle-mobile-disabled=\"false\" class=\"elementor-element elementor-element-df71de2 e-flex e-con-boxed e-con e-parent\" data-id=\"df71de2\" data-element_type=\"container\" data-e-type=\"container\">\n\t\t\t\t\t<div class=\"e-con-inner\">\n\t\t\t\t<div class=\"elementor-element elementor-element-53213a5 elementor-widget elementor-widget-text-editor\" data-id=\"53213a5\" data-element_type=\"widget\" data-e-type=\"widget\" data-widget_type=\"text-editor.default\">\n\t\t\t\t\t\t\t\t\t<p>M\u00eda Monterroso naci\u00f3 en Oklahoma City, Oklahoma, de padre guatemalteco. Su madre, Sherry Monterroso, es originaria de Orange County, California, mientras que su padre, Christian Monterroso, proviene de Quetzaltenango, Guatemala.<\/p><p>Inici\u00f3 su educaci\u00f3n en James Buchanan Elementary y continu\u00f3 en Classen SAS y Will Rogers Elementary antes de asistir a Hefner y Dove Science Academy Middle School.<\/p><p>Actualmente, es estudiante de segundo a\u00f1o en Dove Science Academy High School.<\/p>\t\t\t\t\t\t\t\t<\/div>\n\t\t\t\t\t<\/div>\n\t\t\t\t<\/div>\n\t\t<div data-particle_enable=\"false\" data-particle-mobile-disabled=\"false\" class=\"elementor-element elementor-element-684e0bc e-flex e-con-boxed e-con e-parent\" data-id=\"684e0bc\" data-element_type=\"container\" data-e-type=\"container\">\n\t\t\t\t\t<div class=\"e-con-inner\">\n\t\t\t\t<div class=\"elementor-element elementor-element-0b83ca6 elementor-widget elementor-widget-text-editor\" data-id=\"0b83ca6\" data-element_type=\"widget\" data-e-type=\"widget\" data-widget_type=\"text-editor.default\">\n\t\t\t\t\t\t\t\t\t<p>M\u00eda destaca por su talento en la interpretaci\u00f3n de instrumentos de cuerda, como la guitarra y el contrabajo, y disfruta del arte del maquillaje en su tiempo libre. Adem\u00e1s, le apasiona jugar al f\u00fatbol y al voleibol.<\/p><p>En abril de 2024, su esp\u00edritu emprendedor la llev\u00f3 a lanzar bouquetsbymiaokc, su propio negocio de florister\u00eda en Instagram, donde se especializa en crear ramos personalizados con temas variados. M\u00eda valora profundamente a sus hermanos menores, Andr\u00e9s y Olivia, y se dedica a inspirarlos y motivarlos en su educaci\u00f3n.<\/p><p>Apasionada por el voluntariado, M\u00eda recibi\u00f3 el cord\u00f3n honor\u00edfico del Caucus Legislativo Latino de Oklahoma en su primer a\u00f1o de secundaria, tras haber dedicado m\u00e1s de 20 horas a la campa\u00f1a de Jessica Cifuentes en OKCPS, que contribuy\u00f3 a la elecci\u00f3n de la primera guatemalteca-estadounidense en Oklahoma. Como la actual Se\u00f1orita Independencia de Guatemala 2024-2025, planea utilizar su plataforma y su negocio para recaudar fondos destinados a ni\u00f1os necesitados en Guatemala. Adem\u00e1s, desea compartir su amor por la m\u00fasica iniciando un programa musical en Dove Science Academy, con el objetivo de inspirar a otras j\u00f3venes a convertirse en m\u00fasicas. <\/p>\t\t\t\t\t\t\t\t<\/div>\n\t\t\t\t\t<\/div>\n\t\t\t\t<\/div>\n\t\t<div data-particle_enable=\"false\" data-particle-mobile-disabled=\"false\" class=\"elementor-element elementor-element-5a90fa0 e-flex e-con-boxed e-con e-parent\" data-id=\"5a90fa0\" data-element_type=\"container\" data-e-type=\"container\">\n\t\t\t\t\t<div class=\"e-con-inner\">\n\t\t\t\t<div class=\"elementor-element elementor-element-38acc9d elementor-widget elementor-widget-image\" data-id=\"38acc9d\" data-element_type=\"widget\" data-e-type=\"widget\" data-widget_type=\"image.default\">\n\t\t\t\t\t\t\t\t\t\t\t\t<figure class=\"wp-caption\">\n\t\t\t\t\t\t\t\t\t\t<img decoding=\"async\" width=\"591\" height=\"886\" src=\"https:\/\/soymigrante.com\/revista\/wp-content\/uploads\/2024\/08\/mia-monterroso.webp\" class=\"attachment-large size-large wp-image-8315\" alt=\"Valla decorada con mural de tucanes y flores tropicales en colores vibrantes para eventos culturales y sociales en M\u00e9xico.\" srcset=\"https:\/\/soymigrante.com\/revista\/wp-content\/uploads\/2024\/08\/mia-monterroso.webp 591w, https:\/\/soymigrante.com\/revista\/wp-content\/uploads\/2024\/08\/mia-monterroso-200x300.webp 200w\" sizes=\"(max-width: 591px) 100vw, 591px\" title=\"M\u00eda Monterroso es la Se\u00f1orita Independencia en la comunidad guatemalteca de Oklahoma. \u2013 SoyMigrante.com REVISTA\" \/>\t\t\t\t\t\t\t\t\t\t\t<figcaption class=\"widget-image-caption wp-caption-text\">Hermosa mujer posando en frente de un mural colorido de tucanes y flores tropicales, ideal para art\u00edculos sobre arte urbano, cultura y eventos en M\u00e9xico.<\/figcaption>\n\t\t\t\t\t\t\t\t\t\t<\/figure>\n\t\t\t\t\t\t\t\t\t<\/div>\n\t\t\t\t\t<\/div>\n\t\t\t\t<\/div>\n\t\t<div data-particle_enable=\"false\" data-particle-mobile-disabled=\"false\" class=\"elementor-element elementor-element-46a06e5 e-flex e-con-boxed e-con e-parent\" data-id=\"46a06e5\" data-element_type=\"container\" data-e-type=\"container\">\n\t\t\t\t\t<div class=\"e-con-inner\">\n\t\t\t\t<div class=\"elementor-element elementor-element-58dc7d8 elementor-widget elementor-widget-heading\" data-id=\"58dc7d8\" data-element_type=\"widget\" data-e-type=\"widget\" data-widget_type=\"heading.default\">\n\t\t\t\t\t<h3 class=\"elementor-heading-title elementor-size-default\">Ariana Reyes De Le\u00f3n, Miss Guatemala - Oklahoma  2024-2025<\/h3>\t\t\t\t<\/div>\n\t\t\t\t\t<\/div>\n\t\t\t\t<\/div>\n\t\t<div data-particle_enable=\"false\" data-particle-mobile-disabled=\"false\" class=\"elementor-element elementor-element-26ea3e7 e-flex e-con-boxed e-con e-parent\" data-id=\"26ea3e7\" data-element_type=\"container\" data-e-type=\"container\">\n\t\t\t\t\t<div class=\"e-con-inner\">\n\t\t\t\t<div class=\"elementor-element elementor-element-6a51ce2 elementor-widget elementor-widget-text-editor\" data-id=\"6a51ce2\" data-element_type=\"widget\" data-e-type=\"widget\" data-widget_type=\"text-editor.default\">\n\t\t\t\t\t\t\t\t\t<p>Ariana, de 23 a\u00f1os, naci\u00f3 en Atlanta, Georgia, y mantiene una profunda conexi\u00f3n con su herencia guatemalteca. Sus ra\u00edces familiares se remontan a Quetzaltenango, Guatemala, de donde son sus padres, Elizabeth De Le\u00f3n de Sibilia y Mario Reyes de Eden.<\/p><p>Acad\u00e9micamente, Ariana se ha destacado con una licenciatura en Psicolog\u00eda de la Universidad de Central Oklahoma y ha mejorado sus credenciales profesionales como Esteticista Licenciada a trav\u00e9s de su formaci\u00f3n en el Francis Tuttle Technology Center. <\/p>\t\t\t\t\t\t\t\t<\/div>\n\t\t\t\t\t<\/div>\n\t\t\t\t<\/div>\n\t\t<div data-particle_enable=\"false\" data-particle-mobile-disabled=\"false\" class=\"elementor-element elementor-element-56b7783 e-flex e-con-boxed e-con e-parent\" data-id=\"56b7783\" data-element_type=\"container\" data-e-type=\"container\">\n\t\t\t\t\t<div class=\"e-con-inner\">\n\t\t\t\t<div class=\"elementor-element elementor-element-b312851 elementor-widget elementor-widget-text-editor\" data-id=\"b312851\" data-element_type=\"widget\" data-e-type=\"widget\" data-widget_type=\"text-editor.default\">\n\t\t\t\t\t\t\t\t\t<p>Actualmente, trabaja como Asesora de Belleza de Prestigio en Ulta Beauty, donde combina su experiencia en cuidado de la piel y cosm\u00e9ticos con un firme compromiso con la prestaci\u00f3n de un servicio al cliente excepcional.<\/p><p>Ariana tiene una gran afinidad por la comida tradicional guatemalteca, especialmente el pipi\u00e1n y los paches, un plato que su madre prepara durante la temporada navide\u00f1a. Sus a\u00f1os formativos tambi\u00e9n fueron moldeados por su pasi\u00f3n por la m\u00fasica, en particular la marimba, que domin\u00f3 durante su educaci\u00f3n secundaria.<\/p><p>Su lugar favorito en Guatemala es Panajachel, la cual ha influido profundamente en su identidad cultural.<\/p>\t\t\t\t\t\t\t\t<\/div>\n\t\t\t\t\t<\/div>\n\t\t\t\t<\/div>\n\t\t<div data-particle_enable=\"false\" data-particle-mobile-disabled=\"false\" class=\"elementor-element elementor-element-474ae94 e-flex e-con-boxed e-con e-parent\" data-id=\"474ae94\" data-element_type=\"container\" data-e-type=\"container\">\n\t\t\t\t\t<div class=\"e-con-inner\">\n\t\t\t\t<div class=\"elementor-element elementor-element-54e4194 elementor-widget elementor-widget-text-editor\" data-id=\"54e4194\" data-element_type=\"widget\" data-e-type=\"widget\" data-widget_type=\"text-editor.default\">\n\t\t\t\t\t\t\t\t\t<p>Adem\u00e1s, Ariana ha mostrado un firme compromiso con su fe a trav\u00e9s de su participaci\u00f3n activa en Centro De Celebraci\u00f3n, una iglesia cristiana donde ha dedicado m\u00e1s de una d\u00e9cada al ministerio de danza. Durante su reinado como Miss Guatemala Oklahoma, desea trabajar en la recaudaci\u00f3n de fondos para apoyar a los ni\u00f1os en necesidad en la comunidad guatemalteca y colaborar en proyectos dentro de su iglesia para contribuir al bienestar de su comunidad.<\/p>\t\t\t\t\t\t\t\t<\/div>\n\t\t\t\t\t<\/div>\n\t\t\t\t<\/div>\n\t\t<div data-particle_enable=\"false\" data-particle-mobile-disabled=\"false\" class=\"elementor-element elementor-element-fabc0c9 e-flex e-con-boxed e-con e-parent\" data-id=\"fabc0c9\" data-element_type=\"container\" data-e-type=\"container\">\n\t\t\t\t\t<div class=\"e-con-inner\">\n\t\t\t\t<div class=\"elementor-element elementor-element-fa996d6 elementor-widget elementor-widget-image\" data-id=\"fa996d6\" data-element_type=\"widget\" data-e-type=\"widget\" data-widget_type=\"image.default\">\n\t\t\t\t\t\t\t\t\t\t\t\t<figure class=\"wp-caption\">\n\t\t\t\t\t\t\t\t\t\t<img decoding=\"async\" width=\"682\" height=\"1024\" src=\"https:\/\/soymigrante.com\/revista\/wp-content\/uploads\/2024\/08\/ariana-reyes-de-leon-682x1024.webp\" class=\"attachment-large size-large wp-image-8317\" alt=\"Juventud migrante en M\u00e9xico, mujer joven orgullosa en mural de flores, cultura migrante, expresi\u00f3n art\u00edstica, identidad cultural, retrato de migrante en ambiente urbano.\" srcset=\"https:\/\/soymigrante.com\/revista\/wp-content\/uploads\/2024\/08\/ariana-reyes-de-leon-682x1024.webp 682w, https:\/\/soymigrante.com\/revista\/wp-content\/uploads\/2024\/08\/ariana-reyes-de-leon-200x300.webp 200w, https:\/\/soymigrante.com\/revista\/wp-content\/uploads\/2024\/08\/ariana-reyes-de-leon-768x1153.webp 768w, https:\/\/soymigrante.com\/revista\/wp-content\/uploads\/2024\/08\/ariana-reyes-de-leon-1023x1536.webp 1023w, https:\/\/soymigrante.com\/revista\/wp-content\/uploads\/2024\/08\/ariana-reyes-de-leon-750x1126.webp 750w, https:\/\/soymigrante.com\/revista\/wp-content\/uploads\/2024\/08\/ariana-reyes-de-leon.webp 1066w\" sizes=\"(max-width: 682px) 100vw, 682px\" title=\"Ariana Reyes de Le\u00f3n es Miss Guatemala Oklahoma 2024 \u2013 SoyMigrante.com REVISTA\" \/>\t\t\t\t\t\t\t\t\t\t\t<figcaption class=\"widget-image-caption wp-caption-text\">Retrato de mujer con vestido blanco frente a mural colorido que celebra la diversidad cultural y la migraci\u00f3n en Am\u00e9rica Latina.<\/figcaption>\n\t\t\t\t\t\t\t\t\t\t<\/figure>\n\t\t\t\t\t\t\t\t\t<\/div>\n\t\t\t\t\t<\/div>\n\t\t\t\t<\/div>\n\t\t<div data-particle_enable=\"false\" data-particle-mobile-disabled=\"false\" class=\"elementor-element elementor-element-6c7fc14 e-flex e-con-boxed e-con e-parent\" data-id=\"6c7fc14\" data-element_type=\"container\" data-e-type=\"container\">\n\t\t\t\t\t<div class=\"e-con-inner\">\n\t\t\t\t<div class=\"elementor-element elementor-element-70233b5 elementor-widget elementor-widget-heading\" data-id=\"70233b5\" data-element_type=\"widget\" data-e-type=\"widget\" data-widget_type=\"heading.default\">\n\t\t\t\t\t<h3 class=\"elementor-heading-title elementor-size-default\">Premiaci\u00f3n de independencia <\/h3>\t\t\t\t<\/div>\n\t\t\t\t\t<\/div>\n\t\t\t\t<\/div>\n\t\t<div data-particle_enable=\"false\" data-particle-mobile-disabled=\"false\" class=\"elementor-element elementor-element-f2f17dd e-flex e-con-boxed e-con e-parent\" data-id=\"f2f17dd\" data-element_type=\"container\" data-e-type=\"container\">\n\t\t\t\t\t<div class=\"e-con-inner\">\n\t\t\t\t<div class=\"elementor-element elementor-element-2767d54 elementor-widget elementor-widget-text-editor\" data-id=\"2767d54\" data-element_type=\"widget\" data-e-type=\"widget\" data-widget_type=\"text-editor.default\">\n\t\t\t\t\t\t\t\t\t<p>La ceremonia de entrega de las bandas se llevar\u00e1 a cabo el 7 de septiembre, en conmemoraci\u00f3n del D\u00eda de la Independencia de Guatemala.<br \/>Se realizar\u00e1 en 4801 NW 10th St Oklahoma City, OKS. <\/p>\t\t\t\t\t\t\t\t<\/div>\n\t\t\t\t\t<\/div>\n\t\t\t\t<\/div>\n\t\t<div data-particle_enable=\"false\" data-particle-mobile-disabled=\"false\" class=\"elementor-element elementor-element-88ed76b e-flex e-con-boxed e-con e-parent\" data-id=\"88ed76b\" data-element_type=\"container\" data-e-type=\"container\">\n\t\t\t\t\t<div class=\"e-con-inner\">\n\t\t\t\t<div class=\"elementor-element elementor-element-2a84b90 elementor-widget elementor-widget-heading\" data-id=\"2a84b90\" data-element_type=\"widget\" data-e-type=\"widget\" data-widget_type=\"heading.default\">\n\t\t\t\t\t<h2 class=\"elementor-heading-title elementor-size-default\">Si\u00e9ntete orgulloso de Guatemala ac\u00e1...<\/h2>\t\t\t\t<\/div>\n\t\t\t\t\t<\/div>\n\t\t\t\t<\/div>\n\t\t<div data-particle_enable=\"false\" data-particle-mobile-disabled=\"false\" class=\"elementor-element elementor-element-5c66d3f e-flex e-con-boxed e-con e-parent\" data-id=\"5c66d3f\" data-element_type=\"container\" data-e-type=\"container\">\n\t\t\t\t\t<div class=\"e-con-inner\">\n\t\t\t\t<div class=\"elementor-element elementor-element-b078af8 elementor-widget elementor-widget-blfe-post-grid\" data-id=\"b078af8\" data-element_type=\"widget\" data-e-type=\"widget\" data-settings=\"{&quot;columns&quot;:&quot;3&quot;,&quot;columns_tablet&quot;:&quot;6&quot;,&quot;columns_mobile&quot;:&quot;12&quot;,&quot;hero2_navigation&quot;:&quot;arrows&quot;,&quot;hero2_layout_column_gap&quot;:{&quot;unit&quot;:&quot;px&quot;,&quot;size&quot;:5,&quot;sizes&quot;:[]},&quot;hero2_layout_column_gap_tablet&quot;:{&quot;unit&quot;:&quot;px&quot;,&quot;size&quot;:&quot;&quot;,&quot;sizes&quot;:[]},&quot;hero2_layout_column_gap_mobile&quot;:{&quot;unit&quot;:&quot;px&quot;,&quot;size&quot;:&quot;&quot;,&quot;sizes&quot;:[]},&quot;hero2_layout_row_gap&quot;:{&quot;unit&quot;:&quot;px&quot;,&quot;size&quot;:5,&quot;sizes&quot;:[]},&quot;hero2_layout_row_gap_tablet&quot;:{&quot;unit&quot;:&quot;px&quot;,&quot;size&quot;:&quot;&quot;,&quot;sizes&quot;:[]},&quot;hero2_layout_row_gap_mobile&quot;:{&quot;unit&quot;:&quot;px&quot;,&quot;size&quot;:&quot;&quot;,&quot;sizes&quot;:[]}}\" data-widget_type=\"blfe-post-grid.hero2\">\n\t\t\t\t<div class=\"elementor-widget-container\">\n\t\t\t\t\t\n                        <div class=\"blfe-post-grid-container \">\n            \n                <div data-skin=\"hero2\" class=\"blfe-row blfe-posts-inner blfe-hero2 blfe-posts-inner blfe-col-3 blfe-col-tab-6 blfe-col-mob-12     \">\n                            <div class=\"blfe-post-grid-item \">\n            <div class=\"blfe-post-grid-item-inner blfe-modern-zoom\">\n                        <div class=\"blfe-post-grid-bg-image\">\n            <a class=\"blfe-post-grid-image-inner\" href=\"https:\/\/soymigrante.com\/revista\/miss-gualan-usa-coronacion-imprevisto-guatemaltecos-en-estados-unidos-union-abril-2026\/\" title=\"Un imprevisto en la coronaci\u00f3n de Miss Gualan U.S.A. 2026 en Los Angeles hizo brillar la uni\u00f3n guatemalteca\" rel=\"nofollow\" target=\"_blank\"><img decoding=\"async\" src=\"https:\/\/soymigrante.com\/revista\/wp-content\/uploads\/2026\/04\/guatemaltecos-en-Estados-Unidos-miss-gualan-USA-coronacion-5.jpg\" alt=\"Un imprevisto en la coronaci\u00f3n de Miss Gualan U.S.A. 2026 en Los Angeles hizo brillar la uni\u00f3n guatemalteca\"\/><\/a>        <\/div>\n                        <div class=\"blfe-post-grid-details\">\n                    <div class=\"blfe-post-grid-details-inner\">\n                        <span class=\"blfe-post-category\"><a href=\"https:\/\/soymigrante.com\/revista\/category\/estamos-unidos\/\">Estamos Unidos<\/a><\/span>                        <h3 class=\"blfe-post-grid-title\">\n            <a href=\"https:\/\/soymigrante.com\/revista\/miss-gualan-usa-coronacion-imprevisto-guatemaltecos-en-estados-unidos-union-abril-2026\/\" title=\"Un imprevisto en la coronaci\u00f3n de Miss Gualan U.S.A. 2026 en Los Angeles hizo brillar la uni\u00f3n guatemalteca\" rel=\"nofollow\" target=\"_blank\">Un imprevisto en la coronaci\u00f3n de Miss Gualan U.S.A. 2026 en Los Angeles hizo brillar la uni\u00f3n guatemalteca<\/a>\n            <\/h3>                                    <div class=\"blfe-post-grid-meta\">\n                <span class=\"blfe-post-grid-time\"><i class=\"fas fa-book-reader\"><\/i>6 Min read<\/span>            <\/div>\n                                                                                <\/div>\n                <\/div>\n\n            <\/div>\n        <\/div>\n                <div class=\"blfe-post-grid-item \">\n            <div class=\"blfe-post-grid-item-inner blfe-modern-zoom\">\n                        <div class=\"blfe-post-grid-bg-image\">\n            <a class=\"blfe-post-grid-image-inner\" href=\"https:\/\/soymigrante.com\/revista\/cantautora-migrante-guatemalteca-wendy-dgi-crea-cancion-desafiante-la-envidia\/\" title=\"&#8220;La Envidia&#8221;: cantautora migrante guatemalteca Wendy DGi crea una canci\u00f3n desafiante\" rel=\"nofollow\" target=\"_blank\"><img decoding=\"async\" src=\"https:\/\/soymigrante.com\/revista\/wp-content\/uploads\/2026\/04\/wendy-DGi-cantautora-migrante-guatemalteca-en-nueva-york-copia.jpg\" alt=\"&#8220;La Envidia&#8221;: cantautora migrante guatemalteca Wendy DGi crea una canci\u00f3n desafiante\"\/><\/a>        <\/div>\n                        <div class=\"blfe-post-grid-details\">\n                    <div class=\"blfe-post-grid-details-inner\">\n                        <span class=\"blfe-post-category\"><a href=\"https:\/\/soymigrante.com\/revista\/category\/estamos-unidos\/lugar-de-voces\/\">Lugar de Voces<\/a><\/span>                        <h3 class=\"blfe-post-grid-title\">\n            <a href=\"https:\/\/soymigrante.com\/revista\/cantautora-migrante-guatemalteca-wendy-dgi-crea-cancion-desafiante-la-envidia\/\" title=\"&#8220;La Envidia&#8221;: cantautora migrante guatemalteca Wendy DGi crea una canci\u00f3n desafiante\" rel=\"nofollow\" target=\"_blank\">&#8220;La Envidia&#8221;: cantautora migrante guatemalteca Wendy DGi crea una canci\u00f3n desafiante<\/a>\n            <\/h3>                                    <div class=\"blfe-post-grid-meta\">\n                <span class=\"blfe-post-grid-time\"><i class=\"fas fa-book-reader\"><\/i>3 Min read<\/span>            <\/div>\n                                                                                <\/div>\n                <\/div>\n\n            <\/div>\n        <\/div>\n                <div class=\"blfe-post-grid-item \">\n            <div class=\"blfe-post-grid-item-inner blfe-modern-zoom\">\n                        <div class=\"blfe-post-grid-bg-image\">\n            <a class=\"blfe-post-grid-image-inner\" href=\"https:\/\/soymigrante.com\/revista\/donacion-migrante-de-equipo-y-capacitacion-desde-nueva-york-fortalece-a-bomberos-de-quetzaltenango\/\" title=\"Donaci\u00f3n migrante de equipo y capacitaci\u00f3n desde Nueva York fortalece a bomberos de Quetzaltenango\" rel=\"nofollow\" target=\"_blank\"><img decoding=\"async\" src=\"https:\/\/soymigrante.com\/revista\/wp-content\/uploads\/2026\/04\/guatemaltecos-en-estados-unidos-migrantes-donacion-a-bomberos-quezaltenango-fundacion-911-ddf.png\" alt=\"Donaci\u00f3n migrante de equipo y capacitaci\u00f3n desde Nueva York fortalece a bomberos de Quetzaltenango\"\/><\/a>        <\/div>\n                        <div class=\"blfe-post-grid-details\">\n                    <div class=\"blfe-post-grid-details-inner\">\n                        <span class=\"blfe-post-category\"><a href=\"https:\/\/soymigrante.com\/revista\/category\/estamos-unidos\/\">Estamos Unidos<\/a><\/span>                        <h3 class=\"blfe-post-grid-title\">\n            <a href=\"https:\/\/soymigrante.com\/revista\/donacion-migrante-de-equipo-y-capacitacion-desde-nueva-york-fortalece-a-bomberos-de-quetzaltenango\/\" title=\"Donaci\u00f3n migrante de equipo y capacitaci\u00f3n desde Nueva York fortalece a bomberos de Quetzaltenango\" rel=\"nofollow\" target=\"_blank\">Donaci\u00f3n migrante de equipo y capacitaci\u00f3n desde Nueva York fortalece a bomberos de Quetzaltenango<\/a>\n            <\/h3>                                    <div class=\"blfe-post-grid-meta\">\n                <span class=\"blfe-post-grid-time\"><i class=\"fas fa-book-reader\"><\/i>6 Min read<\/span>            <\/div>\n                                                                                <\/div>\n                <\/div>\n\n            <\/div>\n        <\/div>\n                <div class=\"blfe-post-grid-item \">\n            <div class=\"blfe-post-grid-item-inner blfe-modern-zoom\">\n                        <div class=\"blfe-post-grid-bg-image\">\n            <a class=\"blfe-post-grid-image-inner\" href=\"https:\/\/soymigrante.com\/revista\/coronaran-a-miss-gualan-usa-2026-27-en-los-angeles-la-belleza-de-la-solidaridad-migrante\/\" title=\"Coronar\u00e1n a Miss Gual\u00e1n USA 2026-27 en Los Angeles: la belleza de la solidaridad migrante\" rel=\"nofollow\" target=\"_blank\"><img decoding=\"async\" src=\"https:\/\/soymigrante.com\/revista\/wp-content\/uploads\/2026\/04\/miss-gualan-usa-2026-2027-krystal-ivette-cabrera-cordon-de-texas.png\" alt=\"Coronar\u00e1n a Miss Gual\u00e1n USA 2026-27 en Los Angeles: la belleza de la solidaridad migrante\"\/><\/a>        <\/div>\n                        <div class=\"blfe-post-grid-details\">\n                    <div class=\"blfe-post-grid-details-inner\">\n                        <span class=\"blfe-post-category\"><a href=\"https:\/\/soymigrante.com\/revista\/category\/estamos-unidos\/\">Estamos Unidos<\/a><\/span>                        <h3 class=\"blfe-post-grid-title\">\n            <a href=\"https:\/\/soymigrante.com\/revista\/coronaran-a-miss-gualan-usa-2026-27-en-los-angeles-la-belleza-de-la-solidaridad-migrante\/\" title=\"Coronar\u00e1n a Miss Gual\u00e1n USA 2026-27 en Los Angeles: la belleza de la solidaridad migrante\" rel=\"nofollow\" target=\"_blank\">Coronar\u00e1n a Miss Gual\u00e1n USA 2026-27 en Los Angeles: la belleza de la solidaridad migrante<\/a>\n            <\/h3>                                    <div class=\"blfe-post-grid-meta\">\n                <span class=\"blfe-post-grid-time\"><i class=\"fas fa-book-reader\"><\/i>6 Min read<\/span>            <\/div>\n                                                                                <\/div>\n                <\/div>\n\n            <\/div>\n        <\/div>\n                <div class=\"blfe-post-grid-item \">\n            <div class=\"blfe-post-grid-item-inner blfe-modern-zoom\">\n                        <div class=\"blfe-post-grid-bg-image\">\n            <a class=\"blfe-post-grid-image-inner\" href=\"https:\/\/soymigrante.com\/revista\/solicitan-ayuda-para-repatriacion-de-dos-migrantes-guatemaltecos-desde-oklahoma-e-illinois\/\" title=\"Solicitan ayuda para repatriaci\u00f3n de dos migrantes guatemaltecos desde Oklahoma e Illinois\" rel=\"nofollow\" target=\"_blank\"><img decoding=\"async\" src=\"https:\/\/soymigrante.com\/revista\/wp-content\/uploads\/2026\/04\/solidaridad-migrante-ayuda-para-repatriar-a-guatemaltecos-desde-oklahoma-e-illinois.png\" alt=\"Solicitan ayuda para repatriaci\u00f3n de dos migrantes guatemaltecos desde Oklahoma e Illinois\"\/><\/a>        <\/div>\n                        <div class=\"blfe-post-grid-details\">\n                    <div class=\"blfe-post-grid-details-inner\">\n                        <span class=\"blfe-post-category\"><a href=\"https:\/\/soymigrante.com\/revista\/category\/estamos-unidos\/solidaridad\/\">Solidaridad<\/a><\/span>                        <h3 class=\"blfe-post-grid-title\">\n            <a href=\"https:\/\/soymigrante.com\/revista\/solicitan-ayuda-para-repatriacion-de-dos-migrantes-guatemaltecos-desde-oklahoma-e-illinois\/\" title=\"Solicitan ayuda para repatriaci\u00f3n de dos migrantes guatemaltecos desde Oklahoma e Illinois\" rel=\"nofollow\" target=\"_blank\">Solicitan ayuda para repatriaci\u00f3n de dos migrantes guatemaltecos desde Oklahoma e Illinois<\/a>\n            <\/h3>                                    <div class=\"blfe-post-grid-meta\">\n                <span class=\"blfe-post-grid-time\"><i class=\"fas fa-book-reader\"><\/i>4 Min read<\/span>            <\/div>\n                                                                                <\/div>\n                <\/div>\n\n            <\/div>\n        <\/div>\n                        <\/div>\n\n                        <\/div>\n            \n                        <div class=\"blfe-post-footer\">\n                        <\/div>\n            \t\t\t\t<\/div>\n\t\t\t\t<\/div>\n\t\t\t\t\t<\/div>\n\t\t\t\t<\/div>\n\t\t\t\t<\/div>\n\t\t","protected":false},"excerpt":{"rendered":"<p>Hijos de migrantes guatemaltecos se convierten en exponentes de la cultura guatemalteca y de su riqueza, al ser reconocidos en Oklahoma. Por las festividades de independencia de Guatemala que se celebra el 15 de septiembre, esta fiesta, ahora abarca muchos lugares en Estados Unidos, uno de ellos es Oklahoma, que se ha convertido en una [&hellip;]<\/p>\n","protected":false},"author":19,"featured_media":8307,"comment_status":"open","ping_status":"open","sticky":false,"template":"","format":"standard","meta":{"_acf_changed":false,"_eb_attr":"","footnotes":""},"categories":[56],"tags":[],"class_list":["post-8306","post","type-post","status-publish","format-standard","has-post-thumbnail","hentry","category-lugar-de-voces"],"acf":[],"aioseo_notices":[],"aioseo_head":"\n\t\t<!-- All in One SEO Pro 4.9.6.2 - aioseo.com -->\n\t<meta name=\"description\" content=\"Dos casos distintos en dos Estados distantes entre s\u00ed, Oklahoma e Illinois: unidos por el cari\u00f1o de seres queridos por ayudar a repatriar a migrantes fallecidos.\" \/>\n\t<meta name=\"robots\" content=\"max-snippet:-1, max-image-preview:large, max-video-preview:-1\" \/>\n\t<meta name=\"author\" content=\"SoyMigrante.com REVISTA\"\/>\n\t<link rel=\"canonical\" href=\"https:\/\/soymigrante.com\/revista\/solicitan-ayuda-para-repatriacion-de-dos-migrantes-guatemaltecos-desde-oklahoma-e-illinois\/\" \/>\n\t<meta name=\"generator\" content=\"All in One SEO Pro (AIOSEO) 4.9.6.2\" \/>\n\n\t\t<link rel=\"preconnect\" href=\"https:\/\/fonts.googleapis.com\" crossorigin>\n<link rel=\"preconnect\" href=\"https:\/\/fonts.gstatic.com\" crossorigin>\n\t\t<meta property=\"og:locale\" content=\"es_ES\" \/>\n\t\t<meta property=\"og:site_name\" content=\"SoyMigrante.com REVISTA \u2013 Nuestra misi\u00f3n es reconocer y dignificar al migrante.\" \/>\n\t\t<meta property=\"og:type\" content=\"article\" \/>\n\t\t<meta property=\"og:title\" content=\"Recaudan ayuda para repatriar a dos migrantes guatemaltecos\" \/>\n\t\t<meta property=\"og:description\" content=\"Dos casos distintos en dos Estados distantes entre s\u00ed, Oklahoma e Illinois: unidos por el cari\u00f1o de seres queridos por ayudar a repatriar a migrantes fallecidos.\" \/>\n\t\t<meta property=\"og:url\" content=\"https:\/\/soymigrante.com\/revista\/solicitan-ayuda-para-repatriacion-de-dos-migrantes-guatemaltecos-desde-oklahoma-e-illinois\/\" \/>\n\t\t<meta property=\"og:image\" content=\"https:\/\/soymigrante.com\/revista\/wp-content\/uploads\/2026\/04\/solidaridad-migrante-ayuda-para-repatriar-a-guatemaltecos-desde-oklahoma-e-illinois.png\" \/>\n\t\t<meta property=\"og:image:secure_url\" content=\"https:\/\/soymigrante.com\/revista\/wp-content\/uploads\/2026\/04\/solidaridad-migrante-ayuda-para-repatriar-a-guatemaltecos-desde-oklahoma-e-illinois.png\" \/>\n\t\t<meta property=\"og:image:width\" content=\"1200\" \/>\n\t\t<meta property=\"og:image:height\" content=\"1200\" \/>\n\t\t<meta property=\"article:published_time\" content=\"2026-04-15T22:13:23+00:00\" \/>\n\t\t<meta property=\"article:modified_time\" content=\"2026-04-15T22:18:04+00:00\" \/>\n\t\t<meta property=\"article:publisher\" content=\"https:\/\/www.facebook.com\/soymigrantecom\" \/>\n\t\t<meta name=\"twitter:card\" content=\"summary_large_image\" \/>\n\t\t<meta name=\"twitter:site\" content=\"@SoyMigrante_com\" \/>\n\t\t<meta name=\"twitter:title\" content=\"Recaudan ayuda para repatriar a dos migrantes guatemaltecos\" \/>\n\t\t<meta name=\"twitter:description\" content=\"Dos casos distintos en dos Estados distantes entre s\u00ed, Oklahoma e Illinois: unidos por el cari\u00f1o de seres queridos por ayudar a repatriar a migrantes fallecidos.\" \/>\n\t\t<meta name=\"twitter:creator\" content=\"@SoyMigrante_com\" \/>\n\t\t<meta name=\"twitter:image\" content=\"https:\/\/soymigrante.com\/revista\/wp-content\/uploads\/2026\/04\/solidaridad-migrante-ayuda-para-repatriar-a-guatemaltecos-desde-oklahoma-e-illinois.png\" \/>\n\t\t<!-- All in One SEO Pro -->\r\n\t\t<title>Recaudan ayuda para repatriar a dos migrantes guatemaltecos<\/title>\n\n","aioseo_head_json":{"title":"Recaudan ayuda para repatriar a dos migrantes guatemaltecos","description":"Dos casos distintos en dos Estados distantes entre s\u00ed, Oklahoma e Illinois: unidos por el cari\u00f1o de seres queridos por ayudar a repatriar a migrantes fallecidos.","canonical_url":"https:\/\/soymigrante.com\/revista\/solicitan-ayuda-para-repatriacion-de-dos-migrantes-guatemaltecos-desde-oklahoma-e-illinois\/","robots":"max-snippet:-1, max-image-preview:large, max-video-preview:-1","keywords":"","webmasterTools":{"miscellaneous":"&lt;link rel=\"preconnect\" href=\"https:\/\/fonts.googleapis.com\" crossorigin&gt;\n&lt;link rel=\"preconnect\" href=\"https:\/\/fonts.gstatic.com\" crossorigin&gt;"},"schema":null,"og:locale":"es_ES","og:site_name":"SoyMigrante.com REVISTA \u2013 Nuestra misi\u00f3n es reconocer y dignificar al migrante.","og:type":"article","og:title":"Recaudan ayuda para repatriar a dos migrantes guatemaltecos","og:description":"Dos casos distintos en dos Estados distantes entre s\u00ed, Oklahoma e Illinois: unidos por el cari\u00f1o de seres queridos por ayudar a repatriar a migrantes fallecidos.","og:url":"https:\/\/soymigrante.com\/revista\/solicitan-ayuda-para-repatriacion-de-dos-migrantes-guatemaltecos-desde-oklahoma-e-illinois\/","og:image":"https:\/\/soymigrante.com\/revista\/wp-content\/uploads\/2026\/04\/solidaridad-migrante-ayuda-para-repatriar-a-guatemaltecos-desde-oklahoma-e-illinois.png","og:image:secure_url":"https:\/\/soymigrante.com\/revista\/wp-content\/uploads\/2026\/04\/solidaridad-migrante-ayuda-para-repatriar-a-guatemaltecos-desde-oklahoma-e-illinois.png","og:image:width":1200,"og:image:height":1200,"article:published_time":"2026-04-15T22:13:23+00:00","article:modified_time":"2026-04-15T22:18:04+00:00","article:publisher":"https:\/\/www.facebook.com\/soymigrantecom","twitter:card":"summary_large_image","twitter:site":"@SoyMigrante_com","twitter:title":"Recaudan ayuda para repatriar a dos migrantes guatemaltecos","twitter:description":"Dos casos distintos en dos Estados distantes entre s\u00ed, Oklahoma e Illinois: unidos por el cari\u00f1o de seres queridos por ayudar a repatriar a migrantes fallecidos.","twitter:creator":"@SoyMigrante_com","twitter:image":"https:\/\/soymigrante.com\/revista\/wp-content\/uploads\/2026\/04\/solidaridad-migrante-ayuda-para-repatriar-a-guatemaltecos-desde-oklahoma-e-illinois.png"},"aioseo_meta_data":{"post_id":"8306","title":null,"description":null,"keywords":null,"keyphrases":{"focus":{"keyphrase":"guatemaltecos","score":78,"analysis":{"keyphraseInTitle":{"score":9,"maxScore":9,"error":0},"keyphraseInDescription":{"score":9,"maxScore":9,"error":0},"keyphraseLength":{"score":9,"maxScore":9,"error":0,"length":1},"keyphraseInURL":{"score":5,"maxScore":5,"error":0},"keyphraseInIntroduction":{"score":9,"maxScore":9,"error":0},"keyphraseInSubHeadings":{"score":3,"maxScore":9,"error":1},"keyphraseInImageAlt":{"score":9,"maxScore":9,"error":0},"keywordDensity":{"score":0,"type":"low","maxScore":9,"error":1}}},"additional":[{"keyphrase":"guatemaltecos","score":80,"analysis":{"keyphraseInDescription":{"score":9,"maxScore":9,"error":0},"keyphraseLength":{"score":9,"maxScore":9,"error":0,"length":1},"keyphraseInIntroduction":{"score":9,"maxScore":9,"error":0},"keyphraseInImageAlt":{"score":9,"maxScore":9,"error":0},"keywordDensity":{"score":0,"type":"low","maxScore":9,"error":1}}}]},"primary_term":null,"canonical_url":null,"og_title":null,"og_description":null,"og_object_type":"default","og_image_type":"default","og_image_url":null,"og_image_width":null,"og_image_height":null,"og_image_custom_url":null,"og_image_custom_fields":null,"og_video":"","og_custom_url":null,"og_article_section":null,"og_article_tags":null,"twitter_use_og":false,"twitter_card":"default","twitter_image_type":"default","twitter_image_url":null,"twitter_image_custom_url":null,"twitter_image_custom_fields":null,"twitter_title":null,"twitter_description":null,"schema":{"blockGraphs":[],"customGraphs":[],"default":{"data":{"Article":[],"Course":[],"Dataset":[],"FAQPage":[],"Movie":[],"Person":[],"Product":[],"ProductReview":[],"Car":[],"Recipe":[],"Service":[],"SoftwareApplication":[],"WebPage":[]},"graphName":"Article","isEnabled":true},"graphs":[]},"schema_type":"default","schema_type_options":null,"pillar_content":false,"robots_default":true,"robots_noindex":false,"robots_noarchive":false,"robots_nosnippet":false,"robots_nofollow":false,"robots_noimageindex":false,"robots_noodp":false,"robots_notranslate":false,"robots_max_snippet":"-1","robots_max_videopreview":"-1","robots_max_imagepreview":"large","priority":null,"frequency":"default","local_seo":null,"seo_analyzer_scan_date":"2025-10-08 22:42:38","breadcrumb_settings":null,"limit_modified_date":false,"reviewed_by":null,"open_ai":"{\"title\":{\"suggestions\":[],\"usage\":0},\"description\":{\"suggestions\":[],\"usage\":0}}","ai":null,"created":"2024-08-23 21:13:30","updated":"2026-02-04 12:47:50"},"aioseo_breadcrumb":"<div class=\"aioseo-breadcrumbs\"><span class=\"aioseo-breadcrumb\">\n\t<a href=\"https:\/\/soymigrante.com\/revista\" title=\"Home\">Home<\/a>\n<\/span><span class=\"aioseo-breadcrumb-separator\">\u00bb<\/span><span class=\"aioseo-breadcrumb\">\n\t<a href=\"https:\/\/soymigrante.com\/revista\/category\/estamos-unidos\/\" title=\"Estamos Unidos\">Estamos Unidos<\/a>\n<\/span><span class=\"aioseo-breadcrumb-separator\">\u00bb<\/span><span class=\"aioseo-breadcrumb\">\n\t<a href=\"https:\/\/soymigrante.com\/revista\/category\/estamos-unidos\/lugar-de-voces\/\" title=\"Lugar de Voces\">Lugar de Voces<\/a>\n<\/span><span class=\"aioseo-breadcrumb-separator\">\u00bb<\/span><span class=\"aioseo-breadcrumb\">\n\tGuatemaltecos en Oklahoma ser\u00e1n reconocidos por sus logros y aportes\n<\/span><\/div>","aioseo_breadcrumb_json":[{"label":"Home","link":"https:\/\/soymigrante.com\/revista"},{"label":"Estamos Unidos","link":"https:\/\/soymigrante.com\/revista\/category\/estamos-unidos\/"},{"label":"Lugar de Voces","link":"https:\/\/soymigrante.com\/revista\/category\/estamos-unidos\/lugar-de-voces\/"},{"label":"Guatemaltecos en Oklahoma ser\u00e1n reconocidos por sus logros y aportes","link":"https:\/\/soymigrante.com\/revista\/guatemaltecos-en-oklahoma-seran-reconocidos-por-su-cultura\/"}],"_links":{"self":[{"href":"https:\/\/soymigrante.com\/revista\/wp-json\/wp\/v2\/posts\/8306","targetHints":{"allow":["GET"]}}],"collection":[{"href":"https:\/\/soymigrante.com\/revista\/wp-json\/wp\/v2\/posts"}],"about":[{"href":"https:\/\/soymigrante.com\/revista\/wp-json\/wp\/v2\/types\/post"}],"author":[{"embeddable":true,"href":"https:\/\/soymigrante.com\/revista\/wp-json\/wp\/v2\/users\/19"}],"replies":[{"embeddable":true,"href":"https:\/\/soymigrante.com\/revista\/wp-json\/wp\/v2\/comments?post=8306"}],"version-history":[{"count":0,"href":"https:\/\/soymigrante.com\/revista\/wp-json\/wp\/v2\/posts\/8306\/revisions"}],"wp:featuredmedia":[{"embeddable":true,"href":"https:\/\/soymigrante.com\/revista\/wp-json\/wp\/v2\/media\/8307"}],"wp:attachment":[{"href":"https:\/\/soymigrante.com\/revista\/wp-json\/wp\/v2\/media?parent=8306"}],"wp:term":[{"taxonomy":"category","embeddable":true,"href":"https:\/\/soymigrante.com\/revista\/wp-json\/wp\/v2\/categories?post=8306"},{"taxonomy":"post_tag","embeddable":true,"href":"https:\/\/soymigrante.com\/revista\/wp-json\/wp\/v2\/tags?post=8306"}],"curies":[{"name":"wp","href":"https:\/\/api.w.org\/{rel}","templated":true}]}}