{"id":8299,"date":"2024-08-28T15:22:54","date_gmt":"2024-08-28T21:22:54","guid":{"rendered":"https:\/\/soymigrante.com\/revista\/?p=8299"},"modified":"2024-11-01T01:35:55","modified_gmt":"2024-11-01T07:35:55","slug":"semana-del-guatemalteco-l-a-los-5-homenajeados-del-2024","status":"publish","type":"post","link":"https:\/\/soymigrante.com\/revista\/semana-del-guatemalteco-l-a-los-5-homenajeados-del-2024\/","title":{"rendered":"Los 5 homenajeados en la Semana del Guatemalteco de Los Angeles"},"content":{"rendered":"\t\t<div data-elementor-type=\"wp-post\" data-elementor-id=\"8299\" class=\"elementor elementor-8299\" data-elementor-post-type=\"post\">\n\t\t\t\t<div data-particle_enable=\"false\" data-particle-mobile-disabled=\"false\" class=\"elementor-element elementor-element-6489cb7 e-flex e-con-boxed e-con e-parent\" data-id=\"6489cb7\" data-element_type=\"container\" data-e-type=\"container\">\n\t\t\t\t\t<div class=\"e-con-inner\">\n\t\t\t\t<div class=\"elementor-element elementor-element-a454e23 elementor-widget elementor-widget-heading\" data-id=\"a454e23\" data-element_type=\"widget\" data-e-type=\"widget\" data-widget_type=\"heading.default\">\n\t\t\t\t\t<h2 class=\"elementor-heading-title elementor-size-default\">Su altruismo y su lucha por los derechos humanos de los migrantes guatemaltecos los hace id\u00f3neos para rendirles un homenaje digno en la Semana del Guatemalteco.<\/h2>\t\t\t\t<\/div>\n\t\t\t\t\t<\/div>\n\t\t\t\t<\/div>\n\t\t<div data-particle_enable=\"false\" data-particle-mobile-disabled=\"false\" class=\"elementor-element elementor-element-06e0b9e e-flex e-con-boxed e-con e-parent\" data-id=\"06e0b9e\" data-element_type=\"container\" data-e-type=\"container\">\n\t\t\t\t\t<div class=\"e-con-inner\">\n\t\t\t\t<div class=\"elementor-element elementor-element-178d4c8 elementor-widget elementor-widget-text-editor\" data-id=\"178d4c8\" data-element_type=\"widget\" data-e-type=\"widget\" data-widget_type=\"text-editor.default\">\n\t\t\t\t\t\t\t\t\t<p>Este domingo 25 de agosto se dar\u00e1n cita varios guatemaltecos que han hecho de Los Angeles, California, Estados Unidos, su segundo hogar lleno de retos pero tambi\u00e9n de oportunidades. Esta vez la\u00a0<a href=\"https:\/\/soymigrante.com\/revista\/los-angeles-se-ilumina-de-azul-y-blanco-en-la-semana-del-guatemalteco\/\" target=\"_blank\" rel=\"noopener\">Semana del Guatemalteco<\/a>\u00a0destacar\u00e1 a cinco personas que han contribuido en pro de los derechos de los migrantes de Guatemala.<\/p>\t\t\t\t\t\t\t\t<\/div>\n\t\t\t\t\t<\/div>\n\t\t\t\t<\/div>\n\t\t<div data-particle_enable=\"false\" data-particle-mobile-disabled=\"false\" class=\"elementor-element elementor-element-c2b79e3 e-flex e-con-boxed e-con e-parent\" data-id=\"c2b79e3\" data-element_type=\"container\" data-e-type=\"container\">\n\t\t\t\t\t<div class=\"e-con-inner\">\n\t\t\t\t<div class=\"elementor-element elementor-element-f62dfe6 elementor-widget elementor-widget-heading\" data-id=\"f62dfe6\" data-element_type=\"widget\" data-e-type=\"widget\" data-widget_type=\"heading.default\">\n\t\t\t\t\t<h3 class=\"elementor-heading-title elementor-size-default\">Mayra Tood, activista humanitaria<\/h3>\t\t\t\t<\/div>\n\t\t\t\t\t<\/div>\n\t\t\t\t<\/div>\n\t\t<div data-particle_enable=\"false\" data-particle-mobile-disabled=\"false\" class=\"elementor-element elementor-element-e501b26 e-flex e-con-boxed e-con e-parent\" data-id=\"e501b26\" data-element_type=\"container\" data-e-type=\"container\">\n\t\t\t\t\t<div class=\"e-con-inner\">\n\t\t\t\t<div class=\"elementor-element elementor-element-37913fc elementor-widget elementor-widget-image\" data-id=\"37913fc\" data-element_type=\"widget\" data-e-type=\"widget\" data-widget_type=\"image.default\">\n\t\t\t\t\t\t\t\t\t\t\t\t\t\t\t<img fetchpriority=\"high\" decoding=\"async\" width=\"300\" height=\"300\" src=\"https:\/\/soymigrante.com\/revista\/wp-content\/uploads\/2024\/08\/Mayra-Todd-Soy-Migrante-Guatemala-Los-Angeles-1-300x300.webp\" class=\"attachment-medium size-medium wp-image-8305\" alt=\"Retrato de mujer migrante de rostro cercano, expresi\u00f3n segura y mirada directa, en un ambiente acogedor, destacando su experiencia y presencia en la comunidad migrante.\" srcset=\"https:\/\/soymigrante.com\/revista\/wp-content\/uploads\/2024\/08\/Mayra-Todd-Soy-Migrante-Guatemala-Los-Angeles-1-300x300.webp 300w, https:\/\/soymigrante.com\/revista\/wp-content\/uploads\/2024\/08\/Mayra-Todd-Soy-Migrante-Guatemala-Los-Angeles-1-1024x1024.webp 1024w, https:\/\/soymigrante.com\/revista\/wp-content\/uploads\/2024\/08\/Mayra-Todd-Soy-Migrante-Guatemala-Los-Angeles-1-150x150.webp 150w, https:\/\/soymigrante.com\/revista\/wp-content\/uploads\/2024\/08\/Mayra-Todd-Soy-Migrante-Guatemala-Los-Angeles-1-768x768.webp 768w, https:\/\/soymigrante.com\/revista\/wp-content\/uploads\/2024\/08\/Mayra-Todd-Soy-Migrante-Guatemala-Los-Angeles-1-75x75.webp 75w, https:\/\/soymigrante.com\/revista\/wp-content\/uploads\/2024\/08\/Mayra-Todd-Soy-Migrante-Guatemala-Los-Angeles-1-750x750.webp 750w, https:\/\/soymigrante.com\/revista\/wp-content\/uploads\/2024\/08\/Mayra-Todd-Soy-Migrante-Guatemala-Los-Angeles-1-1140x1140.jpeg 1140w, https:\/\/soymigrante.com\/revista\/wp-content\/uploads\/2024\/08\/Mayra-Todd-Soy-Migrante-Guatemala-Los-Angeles-1.webp 1536w\" sizes=\"(max-width: 300px) 100vw, 300px\" title=\"Mayra Todd Soy Migrante Guatemala Los Angeles \u2013 SoyMigrante.com REVISTA\" \/>\t\t\t\t\t\t\t\t\t\t\t\t\t\t\t<\/div>\n\t\t\t\t\t<\/div>\n\t\t\t\t<\/div>\n\t\t<div data-particle_enable=\"false\" data-particle-mobile-disabled=\"false\" class=\"elementor-element elementor-element-57dbc5d e-flex e-con-boxed e-con e-parent\" data-id=\"57dbc5d\" data-element_type=\"container\" data-e-type=\"container\">\n\t\t\t\t\t<div class=\"e-con-inner\">\n\t\t\t\t<div class=\"elementor-element elementor-element-da42e5e elementor-widget elementor-widget-text-editor\" data-id=\"da42e5e\" data-element_type=\"widget\" data-e-type=\"widget\" data-widget_type=\"text-editor.default\">\n\t\t\t\t\t\t\t\t\t<p>Originaria de Escuintla, Guatemala, migr\u00f3 a Estados Unidos en 1988 y ha residido desde entonces entre la ciudad de\u00a0<a href=\"https:\/\/soymigrante.com\/revista\/festival-chapin-de-los-angeles-2024-sera-encuentro-de-hermandad-y-tradicion\/\" target=\"_blank\" rel=\"noopener\">Los Angeles<\/a>\u00a0y en el distrito Van Nuts, en el Valle San Fernando<\/p><p><span style=\"font-family: Roboto, sans-serif;font-size: 16px;font-style: normal;font-weight: 400;color: var( --e-global-color-text );text-align: var(--text-align)\">Comenz\u00f3 limpiando casas. Luego trabaj\u00f3 como cajera en una tienda de conveniencia.\u00a0<\/span><span style=\"color: var( --e-global-color-text );text-align: var(--text-align)\">Despu\u00e9s decidi\u00f3 solicitar un permiso de trabajo que le abri\u00f3 las puertas para laborar en una corte local. Lo que la motiv\u00f3 m\u00e1s adelante a aplicar a un trabajo formal en la Corte Superior de Los Angeles.<\/span><\/p><p><span style=\"color: var( --e-global-color-text );text-align: var(--text-align)\">Tood cuenta con una especializaci\u00f3n de <a href=\"https:\/\/soymigrante.com\/revista\/aunque-tu-trabajo-en-ee-uu-sea-extenuante-recuerda-que-tus-hijos-aprenden-jugando\/\">Desarrollo Infantil<\/a> y una abogac\u00eda sobre Violencia Dom\u00e9stica. Dirige una organizaci\u00f3n de mujeres que apoya a aquellas v\u00edctimas de violencia dom\u00e9stica. Otro de sus logros es trabajar en pro de la comunidad migrante incentivando reformas migratorias, as\u00ed como el TPS.<\/span><\/p>\t\t\t\t\t\t\t\t<\/div>\n\t\t\t\t\t<\/div>\n\t\t\t\t<\/div>\n\t\t<div data-particle_enable=\"false\" data-particle-mobile-disabled=\"false\" class=\"elementor-element elementor-element-a754b3f e-flex e-con-boxed e-con e-parent\" data-id=\"a754b3f\" data-element_type=\"container\" data-e-type=\"container\">\n\t\t\t\t\t<div class=\"e-con-inner\">\n\t\t\t\t<div class=\"elementor-element elementor-element-75248b4 elementor-widget elementor-widget-heading\" data-id=\"75248b4\" data-element_type=\"widget\" data-e-type=\"widget\" data-widget_type=\"heading.default\">\n\t\t\t\t\t<h3 class=\"elementor-heading-title elementor-size-default\">Carolina Sol\u00eds, aboga por los Derechos Humanos<\/h3>\t\t\t\t<\/div>\n\t\t\t\t\t<\/div>\n\t\t\t\t<\/div>\n\t\t<div data-particle_enable=\"false\" data-particle-mobile-disabled=\"false\" class=\"elementor-element elementor-element-13a0381 e-flex e-con-boxed e-con e-parent\" data-id=\"13a0381\" data-element_type=\"container\" data-e-type=\"container\">\n\t\t\t\t\t<div class=\"e-con-inner\">\n\t\t\t\t<div class=\"elementor-element elementor-element-961b815 elementor-widget elementor-widget-image\" data-id=\"961b815\" data-element_type=\"widget\" data-e-type=\"widget\" data-widget_type=\"image.default\">\n\t\t\t\t\t\t\t\t\t\t\t\t\t\t\t<img decoding=\"async\" width=\"226\" height=\"300\" src=\"https:\/\/soymigrante.com\/revista\/wp-content\/uploads\/2024\/08\/Carolina-Elizabeth-Solis-Alvarado-Soy-Migrante-Los-Angeles-226x300.webp\" class=\"attachment-medium size-medium wp-image-8300\" alt=\"Empresaria sonriente con blazer amarillo y collar en imagen de revista SoyMigrante.com REVISTA.\" srcset=\"https:\/\/soymigrante.com\/revista\/wp-content\/uploads\/2024\/08\/Carolina-Elizabeth-Solis-Alvarado-Soy-Migrante-Los-Angeles-226x300.webp 226w, https:\/\/soymigrante.com\/revista\/wp-content\/uploads\/2024\/08\/Carolina-Elizabeth-Solis-Alvarado-Soy-Migrante-Los-Angeles.webp 483w\" sizes=\"(max-width: 226px) 100vw, 226px\" title=\"Carolina Elizabeth Sol\u00eds Alvarado Soy Migrante Los Angeles \u2013 SoyMigrante.com REVISTA\" \/>\t\t\t\t\t\t\t\t\t\t\t\t\t\t\t<\/div>\n\t\t\t\t\t<\/div>\n\t\t\t\t<\/div>\n\t\t<div data-particle_enable=\"false\" data-particle-mobile-disabled=\"false\" class=\"elementor-element elementor-element-167d7ab e-flex e-con-boxed e-con e-parent\" data-id=\"167d7ab\" data-element_type=\"container\" data-e-type=\"container\">\n\t\t\t\t\t<div class=\"e-con-inner\">\n\t\t\t\t<div class=\"elementor-element elementor-element-0e5fc04 elementor-widget elementor-widget-text-editor\" data-id=\"0e5fc04\" data-element_type=\"widget\" data-e-type=\"widget\" data-widget_type=\"text-editor.default\">\n\t\t\t\t\t\t\t\t\t<p>Naci\u00f3 en Retalhuleu,\u00a0<a href=\"https:\/\/soymigrante.com\/revista\/elizabeth-calderon-un-tps-me-permitiria-abrazar-otra-vez-a-mis-hijos\/\" target=\"_blank\" rel=\"noopener\">Retalhuleu<\/a>, Guatemala. Es licenciada en Ciencias jur\u00eddicas y sociales, abogada y notaria. Tiene un posgrado en Administraci\u00f3n P\u00fablica por la Universidad de San Carlos de Guatemala.<\/p><p><span style=\"color: var( --e-global-color-text );text-align: var(--text-align)\">Ha laborado como consultora, mandataria judicial y representante legal. Actualmente trabaja como abogada titular en un despacho de abogados en Los Angeles, California.<\/span><\/p><p>Tiene una experiencia acad\u00e9mica en defensa de la dignidad, derechos de las tierras en los pueblos ind\u00edgenas, derecho a la protesta, violencia de g\u00e9nero, derechos humanos para personas refugiadas. Cuenta con especializaci\u00f3n en derecho de propiedad inmueble, derechos de autor, patentes de invenci\u00f3n, modelos de utilidad e industriales, inscripci\u00f3n y defensa de marca<\/p>\t\t\t\t\t\t\t\t<\/div>\n\t\t\t\t\t<\/div>\n\t\t\t\t<\/div>\n\t\t<div data-particle_enable=\"false\" data-particle-mobile-disabled=\"false\" class=\"elementor-element elementor-element-2af4524 e-flex e-con-boxed e-con e-parent\" data-id=\"2af4524\" data-element_type=\"container\" data-e-type=\"container\">\n\t\t\t\t\t<div class=\"e-con-inner\">\n\t\t\t\t<div class=\"elementor-element elementor-element-4c47f7a elementor-widget elementor-widget-heading\" data-id=\"4c47f7a\" data-element_type=\"widget\" data-e-type=\"widget\" data-widget_type=\"heading.default\">\n\t\t\t\t\t<h3 class=\"elementor-heading-title elementor-size-default\">Luis Armando de la Vega, l\u00edder activista<\/h3>\t\t\t\t<\/div>\n\t\t\t\t\t<\/div>\n\t\t\t\t<\/div>\n\t\t<div data-particle_enable=\"false\" data-particle-mobile-disabled=\"false\" class=\"elementor-element elementor-element-331a699 e-flex e-con-boxed e-con e-parent\" data-id=\"331a699\" data-element_type=\"container\" data-e-type=\"container\">\n\t\t\t\t\t<div class=\"e-con-inner\">\n\t\t\t\t<div class=\"elementor-element elementor-element-1f869ee elementor-widget elementor-widget-image\" data-id=\"1f869ee\" data-element_type=\"widget\" data-e-type=\"widget\" data-widget_type=\"image.default\">\n\t\t\t\t\t\t\t\t\t\t\t\t\t\t\t<img decoding=\"async\" width=\"262\" height=\"348\" src=\"https:\/\/soymigrante.com\/revista\/wp-content\/uploads\/2024\/08\/Luis-Armando-de-la-Vega-Gil-soy-migrante-los-angeles.webp\" class=\"attachment-large size-large wp-image-8309\" alt=\"Foto de un hombre profesional sonriendo, vestido con traje y corbata, en el contexto de la revista SoyMigrante.com REVISTA.\" srcset=\"https:\/\/soymigrante.com\/revista\/wp-content\/uploads\/2024\/08\/Luis-Armando-de-la-Vega-Gil-soy-migrante-los-angeles.webp 262w, https:\/\/soymigrante.com\/revista\/wp-content\/uploads\/2024\/08\/Luis-Armando-de-la-Vega-Gil-soy-migrante-los-angeles-226x300.webp 226w\" sizes=\"(max-width: 262px) 100vw, 262px\" title=\"Luis Armando de la Vega Gil soy migrante los angeles \u2013 SoyMigrante.com REVISTA\" \/>\t\t\t\t\t\t\t\t\t\t\t\t\t\t\t<\/div>\n\t\t\t\t\t<\/div>\n\t\t\t\t<\/div>\n\t\t<div data-particle_enable=\"false\" data-particle-mobile-disabled=\"false\" class=\"elementor-element elementor-element-c92a62b e-flex e-con-boxed e-con e-parent\" data-id=\"c92a62b\" data-element_type=\"container\" data-e-type=\"container\">\n\t\t\t\t\t<div class=\"e-con-inner\">\n\t\t\t\t<div class=\"elementor-element elementor-element-48ec28b elementor-widget elementor-widget-text-editor\" data-id=\"48ec28b\" data-element_type=\"widget\" data-e-type=\"widget\" data-widget_type=\"text-editor.default\">\n\t\t\t\t\t\t\t\t\t<p>Naci\u00f3 en la Ciudad de Guatemala, actualmente radica en Oakland, California,\u00a0<a style=\"text-align: var(--text-align)\" href=\"https:\/\/soymigrante.com\/revista\/datos-que-quiza-ya-sabias-o-tal-vez-no-de-las-autopistas-estatales-en-usa\/\" target=\"_blank\" rel=\"noopener\">EE. UU.<\/a><\/p><p>\u00a0Se ha desempe\u00f1ado como soldador y tornero. A partir del 2009, dise\u00f1a y crea en el \u00e1rea de soluciones industriales. En Guatemala obtuvo el certificado como Bachiller Industrial y Perito en Estructuras Met\u00e1licas. Tambi\u00e9n hizo estudios en el Centro Educativo Kinal.<\/p><p>Desde el 2015 a la fecha es Representante Estatal del Estado de California por la Red Migrante de Guatemala. Su espontaneidad le ha permitido ser maestro de ceremonia en eventos sociales, culturales y pol\u00edticos.<\/p><p>\u00a0<\/p>\t\t\t\t\t\t\t\t<\/div>\n\t\t\t\t\t<\/div>\n\t\t\t\t<\/div>\n\t\t<div data-particle_enable=\"false\" data-particle-mobile-disabled=\"false\" class=\"elementor-element elementor-element-b7e5a44 e-flex e-con-boxed e-con e-parent\" data-id=\"b7e5a44\" data-element_type=\"container\" data-e-type=\"container\">\n\t\t\t\t\t<div class=\"e-con-inner\">\n\t\t\t\t<div class=\"elementor-element elementor-element-9d49206 elementor-widget elementor-widget-heading\" data-id=\"9d49206\" data-element_type=\"widget\" data-e-type=\"widget\" data-widget_type=\"heading.default\">\n\t\t\t\t\t<h3 class=\"elementor-heading-title elementor-size-default\">Edgar Reyes, servicio humanitario<\/h3>\t\t\t\t<\/div>\n\t\t\t\t\t<\/div>\n\t\t\t\t<\/div>\n\t\t<div data-particle_enable=\"false\" data-particle-mobile-disabled=\"false\" class=\"elementor-element elementor-element-b03b134 e-flex e-con-boxed e-con e-parent\" data-id=\"b03b134\" data-element_type=\"container\" data-e-type=\"container\">\n\t\t\t\t\t<div class=\"e-con-inner\">\n\t\t\t\t<div class=\"elementor-element elementor-element-9cf5a54 elementor-widget elementor-widget-image\" data-id=\"9cf5a54\" data-element_type=\"widget\" data-e-type=\"widget\" data-widget_type=\"image.default\">\n\t\t\t\t\t\t\t\t\t\t\t\t\t\t\t<img loading=\"lazy\" decoding=\"async\" width=\"300\" height=\"273\" src=\"https:\/\/soymigrante.com\/revista\/wp-content\/uploads\/2024\/08\/Edgar-Reyes-Soy-Migrante-Los-Angeles2-300x273.webp\" class=\"attachment-medium size-medium wp-image-8304\" alt=\"Valiente activista migrante en una sala de reuniones con banderas de Guatemala y El Salvador al fondo con foco en su rostro.\" srcset=\"https:\/\/soymigrante.com\/revista\/wp-content\/uploads\/2024\/08\/Edgar-Reyes-Soy-Migrante-Los-Angeles2-300x273.webp 300w, https:\/\/soymigrante.com\/revista\/wp-content\/uploads\/2024\/08\/Edgar-Reyes-Soy-Migrante-Los-Angeles2-768x700.webp 768w, https:\/\/soymigrante.com\/revista\/wp-content\/uploads\/2024\/08\/Edgar-Reyes-Soy-Migrante-Los-Angeles2-750x684.webp 750w, https:\/\/soymigrante.com\/revista\/wp-content\/uploads\/2024\/08\/Edgar-Reyes-Soy-Migrante-Los-Angeles2.webp 960w\" sizes=\"(max-width: 300px) 100vw, 300px\" title=\"Edgar Reyes Soy Migrante Los Angeles2 \u2013 SoyMigrante.com REVISTA\" \/>\t\t\t\t\t\t\t\t\t\t\t\t\t\t\t<\/div>\n\t\t\t\t\t<\/div>\n\t\t\t\t<\/div>\n\t\t<div data-particle_enable=\"false\" data-particle-mobile-disabled=\"false\" class=\"elementor-element elementor-element-fa1a8fb e-flex e-con-boxed e-con e-parent\" data-id=\"fa1a8fb\" data-element_type=\"container\" data-e-type=\"container\">\n\t\t\t\t\t<div class=\"e-con-inner\">\n\t\t\t\t<div class=\"elementor-element elementor-element-e036ad4 elementor-widget elementor-widget-text-editor\" data-id=\"e036ad4\" data-element_type=\"widget\" data-e-type=\"widget\" data-widget_type=\"text-editor.default\">\n\t\t\t\t\t\t\t\t\t<p>Nacido en la Ciudad de Guatemala.<\/p><p><span style=\"color: var( --e-global-color-text );text-align: var(--text-align)\">Tiene un bachillerato en Ciencias y Letras en Guatemala, primera promoci\u00f3n del Instituto G\u00f3mez Carrillo.<\/span><\/p><p>Trabaj\u00f3 durante 35 a\u00f1os en el \u00e1rea de Construcci\u00f3n en Californias, Estados Unidos. Tambi\u00e9n ha dedicado su vida al voluntariado en la Cruz Roja a trav\u00e9s del Banco de Alimentos para apoyar a los m\u00e1s vulnerables en Los Angeles, California. Otras de las importantes tareas que ha efectuado es el trabajo voluntario en Misi\u00f3n Tijuana, Agua al migrante y en la\u00a0<a href=\"https:\/\/soymigrante.com\/revista\/red-migrante-recolecta-firmas-de-apoyo-a-tps-para-guatemala-en-consulados\/\" target=\"_blank\" rel=\"noopener\">defensa del TPS<\/a>\u00a0para los guatemaltecos. Adem\u00e1s, apoya en dar servicio humanitario a personas de la tercera edad en estado vulnerable.<\/p>\t\t\t\t\t\t\t\t<\/div>\n\t\t\t\t\t<\/div>\n\t\t\t\t<\/div>\n\t\t<div data-particle_enable=\"false\" data-particle-mobile-disabled=\"false\" class=\"elementor-element elementor-element-ba2fa95 e-flex e-con-boxed e-con e-parent\" data-id=\"ba2fa95\" data-element_type=\"container\" data-e-type=\"container\">\n\t\t\t\t\t<div class=\"e-con-inner\">\n\t\t\t\t<div class=\"elementor-element elementor-element-89bd6f8 elementor-widget elementor-widget-heading\" data-id=\"89bd6f8\" data-element_type=\"widget\" data-e-type=\"widget\" data-widget_type=\"heading.default\">\n\t\t\t\t\t<h3 class=\"elementor-heading-title elementor-size-default\">Meredith R. Brown, abogada de inmigraci\u00f3n<\/h3>\t\t\t\t<\/div>\n\t\t\t\t\t<\/div>\n\t\t\t\t<\/div>\n\t\t<div data-particle_enable=\"false\" data-particle-mobile-disabled=\"false\" class=\"elementor-element elementor-element-a65d8b0 e-flex e-con-boxed e-con e-parent\" data-id=\"a65d8b0\" data-element_type=\"container\" data-e-type=\"container\">\n\t\t\t\t\t<div class=\"e-con-inner\">\n\t\t\t\t<div class=\"elementor-element elementor-element-7ea37e7 elementor-widget elementor-widget-image\" data-id=\"7ea37e7\" data-element_type=\"widget\" data-e-type=\"widget\" data-widget_type=\"image.default\">\n\t\t\t\t\t\t\t\t\t\t\t\t\t\t\t<img loading=\"lazy\" decoding=\"async\" width=\"241\" height=\"300\" src=\"https:\/\/soymigrante.com\/revista\/wp-content\/uploads\/2024\/08\/abogada-Meredith-los-angeles-soy-migrante-241x300.webp\" class=\"attachment-medium size-medium wp-image-8302\" alt=\"Estudiante o profesional con auriculares escuchando m\u00fasica o una videollamada, en un ambiente de oficina o estudio.\" srcset=\"https:\/\/soymigrante.com\/revista\/wp-content\/uploads\/2024\/08\/abogada-Meredith-los-angeles-soy-migrante-241x300.webp 241w, https:\/\/soymigrante.com\/revista\/wp-content\/uploads\/2024\/08\/abogada-Meredith-los-angeles-soy-migrante.webp 552w\" sizes=\"(max-width: 241px) 100vw, 241px\" title=\"Edgar Reyes, homenajeado en la Semana del Guatemalteco 2024. los angeles soy migrante \u2013 SoyMigrante.com REVISTA\" \/>\t\t\t\t\t\t\t\t\t\t\t\t\t\t\t<\/div>\n\t\t\t\t\t<\/div>\n\t\t\t\t<\/div>\n\t\t<div data-particle_enable=\"false\" data-particle-mobile-disabled=\"false\" class=\"elementor-element elementor-element-58d1f8d e-flex e-con-boxed e-con e-parent\" data-id=\"58d1f8d\" data-element_type=\"container\" data-e-type=\"container\">\n\t\t\t\t\t<div class=\"e-con-inner\">\n\t\t\t\t<div class=\"elementor-element elementor-element-df130a7 elementor-widget elementor-widget-text-editor\" data-id=\"df130a7\" data-element_type=\"widget\" data-e-type=\"widget\" data-widget_type=\"text-editor.default\">\n\t\t\t\t\t\t\t\t\t<p>Tiene estudios sobre el medio ambiente y leyes de derechos humanos, un Cum Laude en Psicolog\u00eda con \u00c9nfasis en Filosof\u00eda. Ha trabajado en centros comunitarios no lucrativos.<\/p><p><span style=\"color: var( --e-global-color-text );text-align: var(--text-align)\">Desde 1996 hasta hoy reciben entrenamientos sobre leyes de inmigraci\u00f3n por diferentes instituciones.<\/span><\/p><p>Ha laborado como asistente en temas de inmigraci\u00f3n. Ha laborado como directora del Departamento Legal de la Asociaci\u00f3n Salvadore\u00f1a de los \u00c1ngeles. Fue directora del Departamento Legal y abogada en el\u00a0<a href=\"https:\/\/soymigrante.com\/revista\/se-anuncia-plan-de-legalizacion-para-conyuges-de-ciudadanos-estadounidenses\/\" target=\"_blank\" rel=\"noopener\">Tribunal de Inmigraci\u00f3n<\/a>\u00a0en One Stop Immigration and Educational Center, East Los Angeles, entre otros. Adem\u00e1s, ha efectuado trabajo voluntario en foros y actividades de inmigraci\u00f3n.<\/p>\t\t\t\t\t\t\t\t<\/div>\n\t\t\t\t\t<\/div>\n\t\t\t\t<\/div>\n\t\t<div data-particle_enable=\"false\" data-particle-mobile-disabled=\"false\" class=\"elementor-element elementor-element-057e9a8 e-flex e-con-boxed e-con e-parent\" data-id=\"057e9a8\" data-element_type=\"container\" data-e-type=\"container\">\n\t\t\t\t\t<div class=\"e-con-inner\">\n\t\t\t\t<div class=\"elementor-element elementor-element-7c10577 elementor-widget elementor-widget-heading\" data-id=\"7c10577\" data-element_type=\"widget\" data-e-type=\"widget\" data-widget_type=\"heading.default\">\n\t\t\t\t\t<h3 class=\"elementor-heading-title elementor-size-default\">Lee sobre la comunidad guatemalteca en EE. UU.<\/h3>\t\t\t\t<\/div>\n\t\t\t\t\t<\/div>\n\t\t\t\t<\/div>\n\t\t<div data-particle_enable=\"false\" data-particle-mobile-disabled=\"false\" class=\"elementor-element elementor-element-60c244a e-flex e-con-boxed e-con e-parent\" data-id=\"60c244a\" data-element_type=\"container\" data-e-type=\"container\">\n\t\t\t\t\t<div class=\"e-con-inner\">\n\t\t\t\t<div class=\"elementor-element elementor-element-6b8e4e8 elementor-grid-eael-col-3 elementor-grid-tablet-eael-col-2 elementor-grid-mobile-eael-col-1 elementor-widget elementor-widget-eael-post-grid\" data-id=\"6b8e4e8\" data-element_type=\"widget\" data-e-type=\"widget\" data-settings=\"{&quot;eael_post_grid_columns&quot;:&quot;eael-col-3&quot;,&quot;eael_post_grid_columns_tablet&quot;:&quot;eael-col-2&quot;,&quot;eael_post_grid_columns_mobile&quot;:&quot;eael-col-1&quot;}\" data-widget_type=\"eael-post-grid.default\">\n\t\t\t\t\t<div id=\"eael-post-grid-6b8e4e8\" class=\"eael-post-grid-container\">\n            <div class=\"eael-post-grid eael-post-appender eael-post-appender-6b8e4e8 eael-post-grid-style-one\" data-layout-mode=\"masonry\"><article class=\"eael-grid-post  eael-post-grid-column eael-pg-post-8258 category-exitos\" data-id=\"8258\">\n        <div class=\"eael-grid-post-holder\">\n            <div class=\"eael-grid-post-holder-inner\"><div class=\"eael-entry-media\"><div class=\"eael-entry-overlay fade-in\"><i class=\"far fa-hand-pointer\" aria-hidden=\"true\"><\/i><a href=\"https:\/\/soymigrante.com\/revista\/jose-coronado-dreamer-guatemalteco-y-graduado-de-harvard-apoya-tps-para-migrantes\/\"><\/a><\/div><div class=\"eael-entry-thumbnail \">\n                <img loading=\"lazy\" decoding=\"async\" width=\"608\" height=\"602\" src=\"https:\/\/soymigrante.com\/revista\/wp-content\/uploads\/2024\/08\/jose-gonzalo-coronado.webp\" class=\"attachment-large size-large wp-image-8259\" alt=\"Trabajador migrante en protesta en M\u00e9xico, derechos laborales, inmigrantes, movilizaci\u00f3n social, SoyMigrante.com REVISTA.\" srcset=\"https:\/\/soymigrante.com\/revista\/wp-content\/uploads\/2024\/08\/jose-gonzalo-coronado.webp 608w, https:\/\/soymigrante.com\/revista\/wp-content\/uploads\/2024\/08\/jose-gonzalo-coronado-300x297.webp 300w, https:\/\/soymigrante.com\/revista\/wp-content\/uploads\/2024\/08\/jose-gonzalo-coronado-150x150.webp 150w, https:\/\/soymigrante.com\/revista\/wp-content\/uploads\/2024\/08\/jose-gonzalo-coronado-75x75.webp 75w\" sizes=\"(max-width: 608px) 100vw, 608px\" \/>\n            <\/div>\n        <\/div><div class=\"eael-entry-wrapper\"><header class=\"eael-entry-header\"><h2 class=\"eael-entry-title\"><a class=\"eael-grid-post-link\" href=\"https:\/\/soymigrante.com\/revista\/jose-coronado-dreamer-guatemalteco-y-graduado-de-harvard-apoya-tps-para-migrantes\/\" title=\"Jos\u00e9 Coronado,  dreamer guatemalteco y graduado de Harvard, apoya TPS para compatriotas\">Jos\u00e9 Coronado,  dreamer guatemalteco y graduado de Harvard, apoya TPS para compatriotas<\/a><\/h2><\/header><div class=\"eael-entry-content\">\n                        <div class=\"eael-grid-post-excerpt\"><a href=\"https:\/\/soymigrante.com\/revista\/jose-coronado-dreamer-guatemalteco-y-graduado-de-harvard-apoya-tps-para-migrantes\/\" class=\"eael-post-elements-readmore-btn\">CONOCE SU HISTORIA <\/a><\/div>\n                    <\/div><\/div><\/div>\n        <\/div>\n    <\/article><article class=\"eael-grid-post  eael-post-grid-column eael-pg-post-6735 category-estamos-unidos\" data-id=\"6735\">\n        <div class=\"eael-grid-post-holder\">\n            <div class=\"eael-grid-post-holder-inner\"><div class=\"eael-entry-media\"><div class=\"eael-entry-overlay fade-in\"><i class=\"far fa-hand-pointer\" aria-hidden=\"true\"><\/i><a href=\"https:\/\/soymigrante.com\/revista\/migrantes-de-los-angeles-impulsan-casas-de-la-cultura-en-el-pais\/\"><\/a><\/div><div class=\"eael-entry-thumbnail \">\n                <img loading=\"lazy\" decoding=\"async\" width=\"1024\" height=\"1024\" src=\"https:\/\/soymigrante.com\/revista\/wp-content\/uploads\/2024\/05\/Casa-de-la-Cultur-de-Guatemala-en-Los-Angeles-subsede-Mazatenango.webp\" class=\"attachment-large size-large wp-image-6736\" alt=\"Guatemalan culture emblem featuring iconic architecture and traditional symbols, promoting cultural heritage and identity.\" srcset=\"https:\/\/soymigrante.com\/revista\/wp-content\/uploads\/2024\/05\/Casa-de-la-Cultur-de-Guatemala-en-Los-Angeles-subsede-Mazatenango.webp 1024w, https:\/\/soymigrante.com\/revista\/wp-content\/uploads\/2024\/05\/Casa-de-la-Cultur-de-Guatemala-en-Los-Angeles-subsede-Mazatenango-300x300.webp 300w, https:\/\/soymigrante.com\/revista\/wp-content\/uploads\/2024\/05\/Casa-de-la-Cultur-de-Guatemala-en-Los-Angeles-subsede-Mazatenango-150x150.webp 150w, https:\/\/soymigrante.com\/revista\/wp-content\/uploads\/2024\/05\/Casa-de-la-Cultur-de-Guatemala-en-Los-Angeles-subsede-Mazatenango-768x768.webp 768w, https:\/\/soymigrante.com\/revista\/wp-content\/uploads\/2024\/05\/Casa-de-la-Cultur-de-Guatemala-en-Los-Angeles-subsede-Mazatenango-75x75.jpg 75w, https:\/\/soymigrante.com\/revista\/wp-content\/uploads\/2024\/05\/Casa-de-la-Cultur-de-Guatemala-en-Los-Angeles-subsede-Mazatenango-750x750.jpg 750w\" sizes=\"(max-width: 1024px) 100vw, 1024px\" \/>\n            <\/div>\n        <\/div><div class=\"eael-entry-wrapper\"><header class=\"eael-entry-header\"><h2 class=\"eael-entry-title\"><a class=\"eael-grid-post-link\" href=\"https:\/\/soymigrante.com\/revista\/migrantes-de-los-angeles-impulsan-casas-de-la-cultura-en-el-pais\/\" title=\"Migrantes de Los Angeles impulsan casas de la cultura en el pa\u00eds\">Migrantes de Los Angeles impulsan casas de la cultura en el pa\u00eds<\/a><\/h2><\/header><div class=\"eael-entry-content\">\n                        <div class=\"eael-grid-post-excerpt\"><a href=\"https:\/\/soymigrante.com\/revista\/migrantes-de-los-angeles-impulsan-casas-de-la-cultura-en-el-pais\/\" class=\"eael-post-elements-readmore-btn\">CONOCE SU HISTORIA <\/a><\/div>\n                    <\/div><\/div><\/div>\n        <\/div>\n    <\/article><article class=\"eael-grid-post  eael-post-grid-column eael-pg-post-774 category-exitos tags-california\" data-id=\"774\">\n        <div class=\"eael-grid-post-holder\">\n            <div class=\"eael-grid-post-holder-inner\"><div class=\"eael-entry-media\"><div class=\"eael-entry-overlay fade-in\"><i class=\"far fa-hand-pointer\" aria-hidden=\"true\"><\/i><a href=\"https:\/\/soymigrante.com\/revista\/asi-nacio-un-nucleo-de-sabor-guatemalteco-en-el-corazon-de-los-angeles\/\"><\/a><\/div><div class=\"eael-entry-thumbnail \">\n                <img loading=\"lazy\" decoding=\"async\" width=\"736\" height=\"1024\" src=\"https:\/\/soymigrante.com\/revista\/wp-content\/uploads\/2023\/03\/1-EXITOS-RESTAURANTE-PUCHICA-LA-FERNANDO-LURSSEN-1-736x1024.jpg\" class=\"attachment-large size-large wp-image-775\" alt=\"Restaurante guatemalteco P\u00fachica en Los Angeles\" srcset=\"https:\/\/soymigrante.com\/revista\/wp-content\/uploads\/2023\/03\/1-EXITOS-RESTAURANTE-PUCHICA-LA-FERNANDO-LURSSEN-1-736x1024.jpg 736w, https:\/\/soymigrante.com\/revista\/wp-content\/uploads\/2023\/03\/1-EXITOS-RESTAURANTE-PUCHICA-LA-FERNANDO-LURSSEN-1-216x300.webp 216w, https:\/\/soymigrante.com\/revista\/wp-content\/uploads\/2023\/03\/1-EXITOS-RESTAURANTE-PUCHICA-LA-FERNANDO-LURSSEN-1.webp 750w\" sizes=\"(max-width: 736px) 100vw, 736px\" \/>\n            <\/div>\n        <\/div><div class=\"eael-entry-wrapper\"><header class=\"eael-entry-header\"><h2 class=\"eael-entry-title\"><a class=\"eael-grid-post-link\" href=\"https:\/\/soymigrante.com\/revista\/asi-nacio-un-nucleo-de-sabor-guatemalteco-en-el-corazon-de-los-angeles\/\" title=\"As\u00ed naci\u00f3 el restaurante guatemalteco Puchica, un n\u00facleo de sabor chap\u00edn en el coraz\u00f3n de Los Angeles\">As\u00ed naci\u00f3 el restaurante guatemalteco Puchica, un n\u00facleo de sabor chap\u00edn en el coraz\u00f3n de Los Angeles<\/a><\/h2><\/header><div class=\"eael-entry-content\">\n                        <div class=\"eael-grid-post-excerpt\"><a href=\"https:\/\/soymigrante.com\/revista\/asi-nacio-un-nucleo-de-sabor-guatemalteco-en-el-corazon-de-los-angeles\/\" class=\"eael-post-elements-readmore-btn\">CONOCE SU HISTORIA <\/a><\/div>\n                    <\/div><\/div><\/div>\n        <\/div>\n    <\/article><\/div>\n            <div class=\"clearfix\"><\/div>\n        <\/div>\t\t\t\t<\/div>\n\t\t\t\t\t<\/div>\n\t\t\t\t<\/div>\n\t\t\t\t<\/div>\n\t\t","protected":false},"excerpt":{"rendered":"<p>Su altruismo y su lucha por los derechos humanos de los migrantes guatemaltecos los hace id\u00f3neos para rendirles un homenaje digno en la Semana del Guatemalteco. Este domingo 25 de agosto se dar\u00e1n cita varios guatemaltecos que han hecho de Los Angeles, California, Estados Unidos, su segundo hogar lleno de retos pero tambi\u00e9n de oportunidades. [&hellip;]<\/p>\n","protected":false},"author":23,"featured_media":8354,"comment_status":"open","ping_status":"open","sticky":false,"template":"","format":"standard","meta":{"_acf_changed":false,"_eb_attr":"","footnotes":""},"categories":[54],"tags":[],"class_list":["post-8299","post","type-post","status-publish","format-standard","has-post-thumbnail","hentry","category-estamos-unidos"],"acf":[],"aioseo_notices":[],"aioseo_head":"\n\t\t<!-- All in One SEO Pro 4.9.6.2 - aioseo.com -->\n\t<meta name=\"description\" content=\"El restaurante guatemalteco P\u00fachica es ya un referente de la gastronom\u00eda popular chapina y naci\u00f3 de una conjunci\u00f3n de circunstancias, seg\u00fan cuenta su fundador, Fernando L\u00fcrsen. Hace 7 a\u00f1os, Fernando L\u00fcrssen, originario de San Francisco Zapotitl\u00e1n, Suchitep\u00e9quez, Guatemala no pensaba que los sabores y aromas de la comida cotidiana de su pa\u00eds fueran a convertirse\" \/>\n\t<meta name=\"robots\" content=\"max-snippet:-1, max-image-preview:large, max-video-preview:-1\" \/>\n\t<meta name=\"author\" content=\"SoyMigrante.com REVISTA\"\/>\n\t<link rel=\"canonical\" href=\"https:\/\/soymigrante.com\/revista\/asi-nacio-un-nucleo-de-sabor-guatemalteco-en-el-corazon-de-los-angeles\/\" \/>\n\t<meta name=\"generator\" content=\"All in One SEO Pro (AIOSEO) 4.9.6.2\" \/>\n\n\t\t<link rel=\"preconnect\" href=\"https:\/\/fonts.googleapis.com\" crossorigin>\n<link rel=\"preconnect\" href=\"https:\/\/fonts.gstatic.com\" crossorigin>\n\t\t<meta property=\"og:locale\" content=\"es_ES\" \/>\n\t\t<meta property=\"og:site_name\" content=\"SoyMigrante.com REVISTA \u2013 Nuestra misi\u00f3n es reconocer y dignificar al migrante.\" \/>\n\t\t<meta property=\"og:type\" content=\"article\" \/>\n\t\t<meta property=\"og:title\" content=\"As\u00ed naci\u00f3 el restaurante guatemalteco Puchica, un n\u00facleo de sabor chap\u00edn en el coraz\u00f3n de Los Angeles\" \/>\n\t\t<meta property=\"og:description\" content=\"El restaurante guatemalteco P\u00fachica es ya un referente de la gastronom\u00eda popular chapina y naci\u00f3 de una conjunci\u00f3n de circunstancias, seg\u00fan cuenta su fundador, Fernando L\u00fcrsen. Hace 7 a\u00f1os, Fernando L\u00fcrssen, originario de San Francisco Zapotitl\u00e1n, Suchitep\u00e9quez, Guatemala no pensaba que los sabores y aromas de la comida cotidiana de su pa\u00eds fueran a convertirse\" \/>\n\t\t<meta property=\"og:url\" content=\"https:\/\/soymigrante.com\/revista\/asi-nacio-un-nucleo-de-sabor-guatemalteco-en-el-corazon-de-los-angeles\/\" \/>\n\t\t<meta property=\"og:image\" content=\"https:\/\/soymigrante.com\/revista\/wp-content\/uploads\/2023\/03\/1-EXITOS-RESTAURANTE-PUCHICA-LA-FERNANDO-LURSSEN-1.webp\" \/>\n\t\t<meta property=\"og:image:secure_url\" content=\"https:\/\/soymigrante.com\/revista\/wp-content\/uploads\/2023\/03\/1-EXITOS-RESTAURANTE-PUCHICA-LA-FERNANDO-LURSSEN-1.webp\" \/>\n\t\t<meta property=\"og:image:width\" content=\"750\" \/>\n\t\t<meta property=\"og:image:height\" content=\"1043\" \/>\n\t\t<meta property=\"article:published_time\" content=\"2023-05-26T00:17:30+00:00\" \/>\n\t\t<meta property=\"article:modified_time\" content=\"2026-03-11T20:40:17+00:00\" \/>\n\t\t<meta property=\"article:publisher\" content=\"https:\/\/www.facebook.com\/soymigrantecom\" \/>\n\t\t<meta name=\"twitter:card\" content=\"summary_large_image\" \/>\n\t\t<meta name=\"twitter:site\" content=\"@SoyMigrante_com\" \/>\n\t\t<meta name=\"twitter:title\" content=\"As\u00ed naci\u00f3 el restaurante guatemalteco Puchica, un n\u00facleo de sabor chap\u00edn en el coraz\u00f3n de Los Angeles\" \/>\n\t\t<meta name=\"twitter:description\" content=\"El restaurante guatemalteco P\u00fachica es ya un referente de la gastronom\u00eda popular chapina y naci\u00f3 de una conjunci\u00f3n de circunstancias, seg\u00fan cuenta su fundador, Fernando L\u00fcrsen. Hace 7 a\u00f1os, Fernando L\u00fcrssen, originario de San Francisco Zapotitl\u00e1n, Suchitep\u00e9quez, Guatemala no pensaba que los sabores y aromas de la comida cotidiana de su pa\u00eds fueran a convertirse\" \/>\n\t\t<meta name=\"twitter:creator\" content=\"@SoyMigrante_com\" \/>\n\t\t<meta name=\"twitter:image\" content=\"https:\/\/soymigrante.com\/revista\/wp-content\/uploads\/2023\/03\/1-EXITOS-RESTAURANTE-PUCHICA-LA-FERNANDO-LURSSEN-1.webp\" \/>\n\t\t<!-- All in One SEO Pro -->\r\n\t\t<title>As\u00ed naci\u00f3 el restaurante guatemalteco Puchica, un n\u00facleo de sabor chap\u00edn en el coraz\u00f3n de Los Angeles<\/title>\n\n","aioseo_head_json":{"title":"As\u00ed naci\u00f3 el restaurante guatemalteco Puchica, un n\u00facleo de sabor chap\u00edn en el coraz\u00f3n de Los Angeles","description":"El restaurante guatemalteco P\u00fachica es ya un referente de la gastronom\u00eda popular chapina y naci\u00f3 de una conjunci\u00f3n de circunstancias, seg\u00fan cuenta su fundador, Fernando L\u00fcrsen. Hace 7 a\u00f1os, Fernando L\u00fcrssen, originario de San Francisco Zapotitl\u00e1n, Suchitep\u00e9quez, Guatemala no pensaba que los sabores y aromas de la comida cotidiana de su pa\u00eds fueran a convertirse","canonical_url":"https:\/\/soymigrante.com\/revista\/asi-nacio-un-nucleo-de-sabor-guatemalteco-en-el-corazon-de-los-angeles\/","robots":"max-snippet:-1, max-image-preview:large, max-video-preview:-1","keywords":"","webmasterTools":{"miscellaneous":"&lt;link rel=\"preconnect\" href=\"https:\/\/fonts.googleapis.com\" crossorigin&gt;\n&lt;link rel=\"preconnect\" href=\"https:\/\/fonts.gstatic.com\" crossorigin&gt;"},"schema":null,"og:locale":"es_ES","og:site_name":"SoyMigrante.com REVISTA \u2013 Nuestra misi\u00f3n es reconocer y dignificar al migrante.","og:type":"article","og:title":"As\u00ed naci\u00f3 el restaurante guatemalteco Puchica, un n\u00facleo de sabor chap\u00edn en el coraz\u00f3n de Los Angeles","og:description":"El restaurante guatemalteco P\u00fachica es ya un referente de la gastronom\u00eda popular chapina y naci\u00f3 de una conjunci\u00f3n de circunstancias, seg\u00fan cuenta su fundador, Fernando L\u00fcrsen. Hace 7 a\u00f1os, Fernando L\u00fcrssen, originario de San Francisco Zapotitl\u00e1n, Suchitep\u00e9quez, Guatemala no pensaba que los sabores y aromas de la comida cotidiana de su pa\u00eds fueran a convertirse","og:url":"https:\/\/soymigrante.com\/revista\/asi-nacio-un-nucleo-de-sabor-guatemalteco-en-el-corazon-de-los-angeles\/","og:image":"https:\/\/soymigrante.com\/revista\/wp-content\/uploads\/2023\/03\/1-EXITOS-RESTAURANTE-PUCHICA-LA-FERNANDO-LURSSEN-1.webp","og:image:secure_url":"https:\/\/soymigrante.com\/revista\/wp-content\/uploads\/2023\/03\/1-EXITOS-RESTAURANTE-PUCHICA-LA-FERNANDO-LURSSEN-1.webp","og:image:width":750,"og:image:height":1043,"article:published_time":"2023-05-26T00:17:30+00:00","article:modified_time":"2026-03-11T20:40:17+00:00","article:publisher":"https:\/\/www.facebook.com\/soymigrantecom","twitter:card":"summary_large_image","twitter:site":"@SoyMigrante_com","twitter:title":"As\u00ed naci\u00f3 el restaurante guatemalteco Puchica, un n\u00facleo de sabor chap\u00edn en el coraz\u00f3n de Los Angeles","twitter:description":"El restaurante guatemalteco P\u00fachica es ya un referente de la gastronom\u00eda popular chapina y naci\u00f3 de una conjunci\u00f3n de circunstancias, seg\u00fan cuenta su fundador, Fernando L\u00fcrsen. Hace 7 a\u00f1os, Fernando L\u00fcrssen, originario de San Francisco Zapotitl\u00e1n, Suchitep\u00e9quez, Guatemala no pensaba que los sabores y aromas de la comida cotidiana de su pa\u00eds fueran a convertirse","twitter:creator":"@SoyMigrante_com","twitter:image":"https:\/\/soymigrante.com\/revista\/wp-content\/uploads\/2023\/03\/1-EXITOS-RESTAURANTE-PUCHICA-LA-FERNANDO-LURSSEN-1.webp"},"aioseo_meta_data":{"post_id":"8299","title":"Homenaje a 5 migrantes en la Semana del Guatemalteco L.A.","description":"Su altruismo y su lucha por los derechos humanos de los migrantes guatemaltecos los hace id\u00f3neos para rendirles un homenaje digno en la Semana del Guatemalteco.","keywords":null,"keyphrases":{"focus":{"keyphrase":"semana del guatemalteco","score":78,"analysis":{"keyphraseInTitle":{"score":9,"maxScore":9,"error":0},"keyphraseInDescription":{"score":9,"maxScore":9,"error":0},"keyphraseLength":{"score":9,"maxScore":9,"error":0,"length":3},"keyphraseInURL":{"score":5,"maxScore":5,"error":0},"keyphraseInIntroduction":{"score":9,"maxScore":9,"error":0},"keyphraseInSubHeadings":{"score":3,"maxScore":9,"error":1},"keyphraseInImageAlt":{"score":9,"maxScore":9,"error":0},"keywordDensity":{"score":0,"type":"low","maxScore":9,"error":1}}},"additional":[{"keyphrase":"los angeles","score":87,"analysis":{"keyphraseInDescription":{"score":3,"maxScore":9,"error":1},"keyphraseLength":{"score":9,"maxScore":9,"error":0,"length":2},"keyphraseInIntroduction":{"score":9,"maxScore":9,"error":0},"keyphraseInImageAlt":{"score":9,"maxScore":9,"error":0},"keywordDensity":{"type":"best","score":9,"maxScore":9,"error":0}}},{"keyphrase":"guatemaltecos","score":67,"analysis":{"keyphraseInDescription":{"score":9,"maxScore":9,"error":0},"keyphraseLength":{"score":9,"maxScore":9,"error":0,"length":1},"keyphraseInIntroduction":{"score":9,"maxScore":9,"error":0},"keyphraseInImageAlt":{"score":3,"maxScore":9,"error":1},"keywordDensity":{"score":0,"type":"low","maxScore":9,"error":1}}},{"keyphrase":"soy migrante","score":40,"analysis":{"keyphraseInDescription":{"score":3,"maxScore":9,"error":1},"keyphraseLength":{"score":9,"maxScore":9,"error":0,"length":2},"keyphraseInIntroduction":{"score":3,"maxScore":9,"error":1},"keyphraseInImageAlt":{"score":3,"maxScore":9,"error":1},"keywordDensity":{"score":0,"type":"low","maxScore":9,"error":1}}},{"keyphrase":"Guatemala","score":87,"analysis":{"keyphraseInDescription":{"score":3,"maxScore":9,"error":1},"keyphraseLength":{"score":9,"maxScore":9,"error":0,"length":1},"keyphraseInIntroduction":{"score":9,"maxScore":9,"error":0},"keyphraseInImageAlt":{"score":9,"maxScore":9,"error":0},"keywordDensity":{"type":"best","score":9,"maxScore":9,"error":0}}},{"keyphrase":"Guatemalteco","score":100,"analysis":{"keyphraseInDescription":{"score":9,"maxScore":9,"error":0},"keyphraseLength":{"score":9,"maxScore":9,"error":0,"length":1},"keyphraseInIntroduction":{"score":9,"maxScore":9,"error":0},"keyphraseInImageAlt":{"score":9,"maxScore":9,"error":0},"keywordDensity":{"type":"best","score":9,"maxScore":9,"error":0}}}]},"primary_term":null,"canonical_url":null,"og_title":null,"og_description":null,"og_object_type":"default","og_image_type":"default","og_image_url":null,"og_image_width":null,"og_image_height":null,"og_image_custom_url":null,"og_image_custom_fields":null,"og_video":"","og_custom_url":null,"og_article_section":null,"og_article_tags":null,"twitter_use_og":false,"twitter_card":"default","twitter_image_type":"default","twitter_image_url":null,"twitter_image_custom_url":null,"twitter_image_custom_fields":null,"twitter_title":null,"twitter_description":null,"schema":{"blockGraphs":[],"customGraphs":[],"default":{"data":{"Article":[],"Course":[],"Dataset":[],"FAQPage":[],"Movie":[],"Person":[],"Product":[],"ProductReview":[],"Car":[],"Recipe":[],"Service":[],"SoftwareApplication":[],"WebPage":[]},"graphName":"Article","isEnabled":true},"graphs":[]},"schema_type":"default","schema_type_options":null,"pillar_content":false,"robots_default":true,"robots_noindex":false,"robots_noarchive":false,"robots_nosnippet":false,"robots_nofollow":false,"robots_noimageindex":false,"robots_noodp":false,"robots_notranslate":false,"robots_max_snippet":"-1","robots_max_videopreview":"-1","robots_max_imagepreview":"large","priority":null,"frequency":"default","local_seo":null,"seo_analyzer_scan_date":"2025-10-08 22:49:24","breadcrumb_settings":null,"limit_modified_date":false,"reviewed_by":null,"open_ai":"{\"title\":{\"suggestions\":[],\"usage\":0},\"description\":{\"suggestions\":[],\"usage\":0}}","ai":null,"created":"2024-08-23 20:39:57","updated":"2026-02-04 12:51:54"},"aioseo_breadcrumb":"<div class=\"aioseo-breadcrumbs\"><span class=\"aioseo-breadcrumb\">\n\t<a href=\"https:\/\/soymigrante.com\/revista\" title=\"Home\">Home<\/a>\n<\/span><span class=\"aioseo-breadcrumb-separator\">\u00bb<\/span><span class=\"aioseo-breadcrumb\">\n\t<a href=\"https:\/\/soymigrante.com\/revista\/category\/estamos-unidos\/\" title=\"Estamos Unidos\">Estamos Unidos<\/a>\n<\/span><span class=\"aioseo-breadcrumb-separator\">\u00bb<\/span><span class=\"aioseo-breadcrumb\">\n\tLos 5 homenajeados en la Semana del Guatemalteco de Los Angeles\n<\/span><\/div>","aioseo_breadcrumb_json":[{"label":"Home","link":"https:\/\/soymigrante.com\/revista"},{"label":"Estamos Unidos","link":"https:\/\/soymigrante.com\/revista\/category\/estamos-unidos\/"},{"label":"Los 5 homenajeados en la Semana del Guatemalteco de Los Angeles","link":"https:\/\/soymigrante.com\/revista\/semana-del-guatemalteco-l-a-los-5-homenajeados-del-2024\/"}],"_links":{"self":[{"href":"https:\/\/soymigrante.com\/revista\/wp-json\/wp\/v2\/posts\/8299","targetHints":{"allow":["GET"]}}],"collection":[{"href":"https:\/\/soymigrante.com\/revista\/wp-json\/wp\/v2\/posts"}],"about":[{"href":"https:\/\/soymigrante.com\/revista\/wp-json\/wp\/v2\/types\/post"}],"author":[{"embeddable":true,"href":"https:\/\/soymigrante.com\/revista\/wp-json\/wp\/v2\/users\/23"}],"replies":[{"embeddable":true,"href":"https:\/\/soymigrante.com\/revista\/wp-json\/wp\/v2\/comments?post=8299"}],"version-history":[{"count":0,"href":"https:\/\/soymigrante.com\/revista\/wp-json\/wp\/v2\/posts\/8299\/revisions"}],"wp:featuredmedia":[{"embeddable":true,"href":"https:\/\/soymigrante.com\/revista\/wp-json\/wp\/v2\/media\/8354"}],"wp:attachment":[{"href":"https:\/\/soymigrante.com\/revista\/wp-json\/wp\/v2\/media?parent=8299"}],"wp:term":[{"taxonomy":"category","embeddable":true,"href":"https:\/\/soymigrante.com\/revista\/wp-json\/wp\/v2\/categories?post=8299"},{"taxonomy":"post_tag","embeddable":true,"href":"https:\/\/soymigrante.com\/revista\/wp-json\/wp\/v2\/tags?post=8299"}],"curies":[{"name":"wp","href":"https:\/\/api.w.org\/{rel}","templated":true}]}}