{"id":8275,"date":"2024-08-23T10:40:43","date_gmt":"2024-08-23T16:40:43","guid":{"rendered":"https:\/\/soymigrante.com\/revista\/?p=8275"},"modified":"2025-09-17T07:32:07","modified_gmt":"2025-09-17T13:32:07","slug":"recetas-guatemaltecas-asi-se-prepara-el-rice-and-beans-de-izabal","status":"publish","type":"post","link":"https:\/\/soymigrante.com\/revista\/recetas-guatemaltecas-asi-se-prepara-el-rice-and-beans-de-izabal\/","title":{"rendered":"Sabor del Caribe guatemalteco: As\u00ed se prepara el Rice and Beans de Izabal"},"content":{"rendered":"\t\t<div data-elementor-type=\"wp-post\" data-elementor-id=\"8275\" class=\"elementor elementor-8275\" data-elementor-post-type=\"post\">\n\t\t\t\t<div data-particle_enable=\"false\" data-particle-mobile-disabled=\"false\" class=\"elementor-element elementor-element-9ff7e66 e-flex e-con-boxed e-con e-parent\" data-id=\"9ff7e66\" data-element_type=\"container\" data-e-type=\"container\">\n\t\t\t\t\t<div class=\"e-con-inner\">\n\t\t\t\t<div class=\"elementor-element elementor-element-47481ab elementor-widget elementor-widget-heading\" data-id=\"47481ab\" data-element_type=\"widget\" data-e-type=\"widget\" data-widget_type=\"heading.default\">\n\t\t\t\t\t<h2 class=\"elementor-heading-title elementor-size-default\">De las recetas chap\u00ednas m\u00e1s deliciosas se encuentra el rice and beans, uno de los platillos m\u00e1s especiales del caribe guatemalteco, por su sabor. \n<\/h2>\t\t\t\t<\/div>\n\t\t\t\t\t<\/div>\n\t\t\t\t<\/div>\n\t\t<div data-particle_enable=\"false\" data-particle-mobile-disabled=\"false\" class=\"elementor-element elementor-element-d034c41 e-flex e-con-boxed e-con e-parent\" data-id=\"d034c41\" data-element_type=\"container\" data-e-type=\"container\">\n\t\t\t\t\t<div class=\"e-con-inner\">\n\t\t\t\t<div class=\"elementor-element elementor-element-8948b83 elementor-widget elementor-widget-text-editor\" data-id=\"8948b83\" data-element_type=\"widget\" data-e-type=\"widget\" data-widget_type=\"text-editor.default\">\n\t\t\t\t\t\t\t\t\t<p>El rice and beans es un platillo considerado como caribe\u00f1o debido a los ingredientes con los que se prepara. De hecho, este es caracter\u00edstico de distintas regiones del departamento de Izabal. Adem\u00e1s, uno de sus principales elementos es el coco.<\/p><p>A continuaci\u00f3n se encuentra la receta para preparar este platillo de una forma muy sencilla y deliciosa.<\/p>\t\t\t\t\t\t\t\t<\/div>\n\t\t\t\t\t<\/div>\n\t\t\t\t<\/div>\n\t\t<div data-particle_enable=\"false\" data-particle-mobile-disabled=\"false\" class=\"elementor-element elementor-element-6033eff e-flex e-con-boxed e-con e-parent\" data-id=\"6033eff\" data-element_type=\"container\" data-e-type=\"container\">\n\t\t\t\t\t<div class=\"e-con-inner\">\n\t\t\t\t<div class=\"elementor-element elementor-element-29be502 elementor-widget elementor-widget-text-editor\" data-id=\"29be502\" data-element_type=\"widget\" data-e-type=\"widget\" data-widget_type=\"text-editor.default\">\n\t\t\t\t\t\t\t\t\t<p><strong>No te puedes perder:<\/strong> <a href=\"https:\/\/soymigrante.com\/revista\/el-comite-guatemalteco-oklahoma-busca-ayudar-a-migrantes\/\" target=\"_blank\" rel=\"noopener\">El Comit\u00e9 Guatemalteco de Oklahoma busca servir a la comunidad y al pa\u00eds<\/a><\/p>\t\t\t\t\t\t\t\t<\/div>\n\t\t\t\t\t<\/div>\n\t\t\t\t<\/div>\n\t\t<div data-particle_enable=\"false\" data-particle-mobile-disabled=\"false\" class=\"elementor-element elementor-element-6ac44ce e-flex e-con-boxed e-con e-parent\" data-id=\"6ac44ce\" data-element_type=\"container\" data-e-type=\"container\">\n\t\t\t\t\t<div class=\"e-con-inner\">\n\t\t\t\t<div class=\"elementor-element elementor-element-63aab2f elementor-widget elementor-widget-heading\" data-id=\"63aab2f\" data-element_type=\"widget\" data-e-type=\"widget\" data-widget_type=\"heading.default\">\n\t\t\t\t\t<h3 class=\"elementor-heading-title elementor-size-default\">Ingredientes del rice and beans<\/h3>\t\t\t\t<\/div>\n\t\t\t\t\t<\/div>\n\t\t\t\t<\/div>\n\t\t<div data-particle_enable=\"false\" data-particle-mobile-disabled=\"false\" class=\"elementor-element elementor-element-9d2b232 e-flex e-con-boxed e-con e-parent\" data-id=\"9d2b232\" data-element_type=\"container\" data-e-type=\"container\">\n\t\t\t\t\t<div class=\"e-con-inner\">\n\t\t\t\t<div class=\"elementor-element elementor-element-c6da327 elementor-widget elementor-widget-text-editor\" data-id=\"c6da327\" data-element_type=\"widget\" data-e-type=\"widget\" data-widget_type=\"text-editor.default\">\n\t\t\t\t\t\t\t\t\t<p>2 tazas de arroz crudo.<br \/>2 1\/2 tazas de frijoles negros o colorados.<br \/>Tomillo.<br \/>2 cocos.<br \/>Leche de coco.<br \/>Aceite de coco.<br \/>Cebolla en rodajas.<br \/>Sal al gusto.<\/p>\t\t\t\t\t\t\t\t<\/div>\n\t\t\t\t\t<\/div>\n\t\t\t\t<\/div>\n\t\t<div data-particle_enable=\"false\" data-particle-mobile-disabled=\"false\" class=\"elementor-element elementor-element-f1b2dcf e-flex e-con-boxed e-con e-parent\" data-id=\"f1b2dcf\" data-element_type=\"container\" data-e-type=\"container\">\n\t\t\t\t\t<div class=\"e-con-inner\">\n\t\t\t\t<div class=\"elementor-element elementor-element-4eef62e elementor-widget elementor-widget-image\" data-id=\"4eef62e\" data-element_type=\"widget\" data-e-type=\"widget\" data-widget_type=\"image.default\">\n\t\t\t\t\t\t\t\t\t\t\t\t\t\t\t<img fetchpriority=\"high\" decoding=\"async\" width=\"819\" height=\"1024\" src=\"https:\/\/soymigrante.com\/revista\/wp-content\/uploads\/2024\/08\/rice-and-beans-2-819x1024.webp\" class=\"attachment-large size-large wp-image-8277\" alt=\"Sabor del Caribe guatemalteco: As\u00ed se prepara el Rice and Beans de Izabal\" srcset=\"https:\/\/soymigrante.com\/revista\/wp-content\/uploads\/2024\/08\/rice-and-beans-2-819x1024.webp 819w, https:\/\/soymigrante.com\/revista\/wp-content\/uploads\/2024\/08\/rice-and-beans-2-240x300.webp 240w, https:\/\/soymigrante.com\/revista\/wp-content\/uploads\/2024\/08\/rice-and-beans-2-768x960.webp 768w, https:\/\/soymigrante.com\/revista\/wp-content\/uploads\/2024\/08\/rice-and-beans-2-750x938.webp 750w, https:\/\/soymigrante.com\/revista\/wp-content\/uploads\/2024\/08\/rice-and-beans-2.webp 1080w\" sizes=\"(max-width: 819px) 100vw, 819px\" title=\"Recetas chap\u00ednas: As\u00ed se prepara el rice and beans de Izabal \u2013 SoyMigrante.com REVISTA\" \/>\t\t\t\t\t\t\t\t\t\t\t\t\t\t\t<\/div>\n\t\t\t\t\t<\/div>\n\t\t\t\t<\/div>\n\t\t<div data-particle_enable=\"false\" data-particle-mobile-disabled=\"false\" class=\"elementor-element elementor-element-bab11bc e-flex e-con-boxed e-con e-parent\" data-id=\"bab11bc\" data-element_type=\"container\" data-e-type=\"container\">\n\t\t\t\t\t<div class=\"e-con-inner\">\n\t\t\t\t<div class=\"elementor-element elementor-element-fca1e50 elementor-widget elementor-widget-heading\" data-id=\"fca1e50\" data-element_type=\"widget\" data-e-type=\"widget\" data-widget_type=\"heading.default\">\n\t\t\t\t\t<h3 class=\"elementor-heading-title elementor-size-default\">Preparaci\u00f3n del rice and beans<\/h3>\t\t\t\t<\/div>\n\t\t\t\t\t<\/div>\n\t\t\t\t<\/div>\n\t\t<div data-particle_enable=\"false\" data-particle-mobile-disabled=\"false\" class=\"elementor-element elementor-element-9bcd89b e-flex e-con-boxed e-con e-parent\" data-id=\"9bcd89b\" data-element_type=\"container\" data-e-type=\"container\">\n\t\t\t\t\t<div class=\"e-con-inner\">\n\t\t\t\t<div class=\"elementor-element elementor-element-446f424 elementor-widget elementor-widget-text-editor\" data-id=\"446f424\" data-element_type=\"widget\" data-e-type=\"widget\" data-widget_type=\"text-editor.default\">\n\t\t\t\t\t\t\t\t\t<p>Cocinar los frijoles en una olla de presi\u00f3n con tomillo y un diente de ajo.<br \/>Pelar los cocos y rallarlos.<br \/>Mezclar el caldo de frijol con el coco rallado (sin los frijoles).<br \/>Agregar las 2 tazas de arroz en una cacerola y luego agregar 1 1\/2 taza de frijoles.<br \/>Sobre la mezcla anterior agregar el caldo de frijol con el coco rallado.<br \/>Por \u00faltimo, agregar el tomillo, las rodajas de cebolla y sal al gusto y el aceite de coco.<br \/>Mezclar constantemente y dejar cocinar hasta que el arroz reviente.<\/p><p>Luego servirlo, este platillo puede ser acompa\u00f1ado de una mojarra frita o de pescado guisado.<\/p>\t\t\t\t\t\t\t\t<\/div>\n\t\t\t\t\t<\/div>\n\t\t\t\t<\/div>\n\t\t<div data-particle_enable=\"false\" data-particle-mobile-disabled=\"false\" class=\"elementor-element elementor-element-76a3c27 e-flex e-con-boxed e-con e-parent\" data-id=\"76a3c27\" data-element_type=\"container\" data-e-type=\"container\">\n\t\t\t\t\t<div class=\"e-con-inner\">\n\t\t\t\t<div class=\"elementor-element elementor-element-318848d elementor-widget elementor-widget-video\" data-id=\"318848d\" data-element_type=\"widget\" data-e-type=\"widget\" data-settings=\"{&quot;youtube_url&quot;:&quot;https:\\\/\\\/www.youtube.com\\\/watch?v=40E76-ba25o&quot;,&quot;video_type&quot;:&quot;youtube&quot;,&quot;controls&quot;:&quot;yes&quot;}\" data-widget_type=\"video.default\">\n\t\t\t\t\t\t\t<div class=\"elementor-wrapper elementor-open-inline\">\n\t\t\t<div class=\"elementor-video\"><\/div>\t\t<\/div>\n\t\t\t\t\t\t<\/div>\n\t\t\t\t\t<\/div>\n\t\t\t\t<\/div>\n\t\t<div data-particle_enable=\"false\" data-particle-mobile-disabled=\"false\" class=\"elementor-element elementor-element-ea26012 e-flex e-con-boxed e-con e-parent\" data-id=\"ea26012\" data-element_type=\"container\" data-e-type=\"container\">\n\t\t\t\t\t<div class=\"e-con-inner\">\n\t\t\t\t<div class=\"elementor-element elementor-element-02b3d54 elementor-widget elementor-widget-heading\" data-id=\"02b3d54\" data-element_type=\"widget\" data-e-type=\"widget\" data-widget_type=\"heading.default\">\n\t\t\t\t\t<h2 class=\"elementor-heading-title elementor-size-default\">Si\u00e9ntete orgulloso de Guatemala ac\u00e1...<\/h2>\t\t\t\t<\/div>\n\t\t\t\t\t<\/div>\n\t\t\t\t<\/div>\n\t\t<div data-particle_enable=\"false\" data-particle-mobile-disabled=\"false\" class=\"elementor-element elementor-element-02b22bd e-flex e-con-boxed e-con e-parent\" data-id=\"02b22bd\" data-element_type=\"container\" data-e-type=\"container\">\n\t\t\t\t\t<div class=\"e-con-inner\">\n\t\t\t\t<div class=\"elementor-element elementor-element-40e4d28 elementor-widget elementor-widget-blfe-post-grid\" data-id=\"40e4d28\" data-element_type=\"widget\" data-e-type=\"widget\" data-settings=\"{&quot;columns&quot;:&quot;3&quot;,&quot;columns_tablet&quot;:&quot;6&quot;,&quot;columns_mobile&quot;:&quot;12&quot;,&quot;hero2_navigation&quot;:&quot;arrows&quot;,&quot;hero2_layout_column_gap&quot;:{&quot;unit&quot;:&quot;px&quot;,&quot;size&quot;:5,&quot;sizes&quot;:[]},&quot;hero2_layout_column_gap_tablet&quot;:{&quot;unit&quot;:&quot;px&quot;,&quot;size&quot;:&quot;&quot;,&quot;sizes&quot;:[]},&quot;hero2_layout_column_gap_mobile&quot;:{&quot;unit&quot;:&quot;px&quot;,&quot;size&quot;:&quot;&quot;,&quot;sizes&quot;:[]},&quot;hero2_layout_row_gap&quot;:{&quot;unit&quot;:&quot;px&quot;,&quot;size&quot;:5,&quot;sizes&quot;:[]},&quot;hero2_layout_row_gap_tablet&quot;:{&quot;unit&quot;:&quot;px&quot;,&quot;size&quot;:&quot;&quot;,&quot;sizes&quot;:[]},&quot;hero2_layout_row_gap_mobile&quot;:{&quot;unit&quot;:&quot;px&quot;,&quot;size&quot;:&quot;&quot;,&quot;sizes&quot;:[]}}\" data-widget_type=\"blfe-post-grid.hero2\">\n\t\t\t\t<div class=\"elementor-widget-container\">\n\t\t\t\t\t\n                        <div class=\"blfe-post-grid-container \">\n            \n                <div data-skin=\"hero2\" class=\"blfe-row blfe-posts-inner blfe-hero2 blfe-posts-inner blfe-col-3 blfe-col-tab-6 blfe-col-mob-12     \">\n                            <div class=\"blfe-post-grid-item \">\n            <div class=\"blfe-post-grid-item-inner blfe-modern-zoom\">\n                        <div class=\"blfe-post-grid-bg-image\">\n            <a class=\"blfe-post-grid-image-inner\" href=\"https:\/\/soymigrante.com\/revista\/dia-de-la-tierra-todos-los-dias-productos-guatemaltecos-naturales-y-autenticos-en-mercado\/\" title=\"D\u00eda de la Tierra todos los d\u00edas: productos guatemaltecos naturales y aut\u00e9nticos en MERCADO\" rel=\"nofollow\" target=\"_blank\"><img decoding=\"async\" src=\"https:\/\/soymigrante.com\/revista\/wp-content\/uploads\/2026\/04\/DIA-DE-LA-TIERRA-PRODUCTOS-ECOLOGICOS-GUATEMALA-SOYMIGRANTE-MERCADO.png\" alt=\"D\u00eda de la Tierra todos los d\u00edas: productos guatemaltecos naturales y aut\u00e9nticos en MERCADO\"\/><\/a>        <\/div>\n                        <div class=\"blfe-post-grid-details\">\n                    <div class=\"blfe-post-grid-details-inner\">\n                        <span class=\"blfe-post-category\"><a href=\"https:\/\/soymigrante.com\/revista\/category\/guate-nuestra\/\">Guate Nuestra<\/a><\/span>                        <h3 class=\"blfe-post-grid-title\">\n            <a href=\"https:\/\/soymigrante.com\/revista\/dia-de-la-tierra-todos-los-dias-productos-guatemaltecos-naturales-y-autenticos-en-mercado\/\" title=\"D\u00eda de la Tierra todos los d\u00edas: productos guatemaltecos naturales y aut\u00e9nticos en MERCADO\" rel=\"nofollow\" target=\"_blank\">D\u00eda de la Tierra todos los d\u00edas: productos guatemaltecos naturales y aut\u00e9nticos en MERCADO<\/a>\n            <\/h3>                                    <div class=\"blfe-post-grid-meta\">\n                <span class=\"blfe-post-grid-time\"><i class=\"fas fa-book-reader\"><\/i>4 Min read<\/span>            <\/div>\n                                                                                <\/div>\n                <\/div>\n\n            <\/div>\n        <\/div>\n                <div class=\"blfe-post-grid-item \">\n            <div class=\"blfe-post-grid-item-inner blfe-modern-zoom\">\n                        <div class=\"blfe-post-grid-bg-image\">\n            <a class=\"blfe-post-grid-image-inner\" href=\"https:\/\/soymigrante.com\/revista\/refugio-natural-cerca-de-la-capital-la-reserva-ecologica-senderos-de-alux-en-sacatepequez\/\" title=\"Refugio natural cerca de la capital: La reserva ecol\u00f3gica Senderos de Alux en Sacatep\u00e9quez\" rel=\"nofollow\" target=\"_blank\"><img decoding=\"async\" src=\"https:\/\/soymigrante.com\/revista\/wp-content\/uploads\/2026\/04\/parque-ecologico-senderos-de-alux-5.jpg\" alt=\"Refugio natural cerca de la capital: La reserva ecol\u00f3gica Senderos de Alux en Sacatep\u00e9quez\"\/><\/a>        <\/div>\n                        <div class=\"blfe-post-grid-details\">\n                    <div class=\"blfe-post-grid-details-inner\">\n                        <span class=\"blfe-post-category\"><a href=\"https:\/\/soymigrante.com\/revista\/category\/guate-nuestra\/\">Guate Nuestra<\/a><\/span>                        <h3 class=\"blfe-post-grid-title\">\n            <a href=\"https:\/\/soymigrante.com\/revista\/refugio-natural-cerca-de-la-capital-la-reserva-ecologica-senderos-de-alux-en-sacatepequez\/\" title=\"Refugio natural cerca de la capital: La reserva ecol\u00f3gica Senderos de Alux en Sacatep\u00e9quez\" rel=\"nofollow\" target=\"_blank\">Refugio natural cerca de la capital: La reserva ecol\u00f3gica Senderos de Alux en Sacatep\u00e9quez<\/a>\n            <\/h3>                                    <div class=\"blfe-post-grid-meta\">\n                <span class=\"blfe-post-grid-time\"><i class=\"fas fa-book-reader\"><\/i>4 Min read<\/span>            <\/div>\n                                                                                <\/div>\n                <\/div>\n\n            <\/div>\n        <\/div>\n                <div class=\"blfe-post-grid-item \">\n            <div class=\"blfe-post-grid-item-inner blfe-modern-zoom\">\n                        <div class=\"blfe-post-grid-bg-image\">\n            <a class=\"blfe-post-grid-image-inner\" href=\"https:\/\/soymigrante.com\/revista\/libros-guatemaltecos-dia-internacional-del-libro-festeja-inspirate-mercado\/\" title=\"Celebra el D\u00eda del Libro con inspiraci\u00f3n 100% guatemalteca: adquiere, disfruta u obsequia en MERCADO\" rel=\"nofollow\" target=\"_blank\"><img decoding=\"async\" src=\"https:\/\/soymigrante.com\/revista\/wp-content\/uploads\/2026\/04\/DIA-DEL-LIBRO-SOYMIGRANTE-MERCADO.png\" alt=\"Celebra el D\u00eda del Libro con inspiraci\u00f3n 100% guatemalteca: adquiere, disfruta u obsequia en MERCADO\"\/><\/a>        <\/div>\n                        <div class=\"blfe-post-grid-details\">\n                    <div class=\"blfe-post-grid-details-inner\">\n                        <span class=\"blfe-post-category\"><a href=\"https:\/\/soymigrante.com\/revista\/category\/guate-nuestra\/\">Guate Nuestra<\/a><\/span>                        <h3 class=\"blfe-post-grid-title\">\n            <a href=\"https:\/\/soymigrante.com\/revista\/libros-guatemaltecos-dia-internacional-del-libro-festeja-inspirate-mercado\/\" title=\"Celebra el D\u00eda del Libro con inspiraci\u00f3n 100% guatemalteca: adquiere, disfruta u obsequia en MERCADO\" rel=\"nofollow\" target=\"_blank\">Celebra el D\u00eda del Libro con inspiraci\u00f3n 100% guatemalteca: adquiere, disfruta u obsequia en MERCADO<\/a>\n            <\/h3>                                    <div class=\"blfe-post-grid-meta\">\n                <span class=\"blfe-post-grid-time\"><i class=\"fas fa-book-reader\"><\/i>6 Min read<\/span>            <\/div>\n                                                                                <\/div>\n                <\/div>\n\n            <\/div>\n        <\/div>\n                <div class=\"blfe-post-grid-item \">\n            <div class=\"blfe-post-grid-item-inner blfe-modern-zoom\">\n                        <div class=\"blfe-post-grid-bg-image\">\n            <a class=\"blfe-post-grid-image-inner\" href=\"https:\/\/soymigrante.com\/revista\/dia-mundial-del-emprendimiento-16-historias-llenas-de-trabajo-y-creatividad-presentes-en-mercado\/\" title=\"D\u00eda Mundial del Emprendimiento: 16 historias llenas de  trabajo y creatividad presentes en MERCADO\" rel=\"nofollow\" target=\"_blank\"><img decoding=\"async\" src=\"https:\/\/soymigrante.com\/revista\/wp-content\/uploads\/2026\/04\/SOYMIGRANTECOM-MERCADO-DIA-MUNDIAL-DEL-EMPRENDEDOR.png\" alt=\"D\u00eda Mundial del Emprendimiento: 16 historias llenas de  trabajo y creatividad presentes en MERCADO\"\/><\/a>        <\/div>\n                        <div class=\"blfe-post-grid-details\">\n                    <div class=\"blfe-post-grid-details-inner\">\n                        <span class=\"blfe-post-category\"><a href=\"https:\/\/soymigrante.com\/revista\/category\/guate-nuestra\/\">Guate Nuestra<\/a><\/span>                        <h3 class=\"blfe-post-grid-title\">\n            <a href=\"https:\/\/soymigrante.com\/revista\/dia-mundial-del-emprendimiento-16-historias-llenas-de-trabajo-y-creatividad-presentes-en-mercado\/\" title=\"D\u00eda Mundial del Emprendimiento: 16 historias llenas de  trabajo y creatividad presentes en MERCADO\" rel=\"nofollow\" target=\"_blank\">D\u00eda Mundial del Emprendimiento: 16 historias llenas de  trabajo y creatividad presentes en MERCADO<\/a>\n            <\/h3>                                    <div class=\"blfe-post-grid-meta\">\n                <span class=\"blfe-post-grid-time\"><i class=\"fas fa-book-reader\"><\/i>8 Min read<\/span>            <\/div>\n                                                                                <\/div>\n                <\/div>\n\n            <\/div>\n        <\/div>\n                <div class=\"blfe-post-grid-item \">\n            <div class=\"blfe-post-grid-item-inner blfe-modern-zoom\">\n                        <div class=\"blfe-post-grid-bg-image\">\n            <a class=\"blfe-post-grid-image-inner\" href=\"https:\/\/soymigrante.com\/revista\/san-andres-xecul-totonicapan-guatemala-templo-simbologia-guia-significados-sincretismo-maya\/\" title=\"Mira de cerca la ic\u00f3nica iglesia de San Andr\u00e9s Xecul, Totonicap\u00e1n y conoce el significado de su simbolog\u00eda &#8211; Galer\u00eda\" rel=\"nofollow\" target=\"_blank\"><img decoding=\"async\" src=\"https:\/\/soymigrante.com\/revista\/wp-content\/uploads\/2026\/04\/San-Andres-Xecul-totonicapan-guatemala-iglesia-significado-foto-marcos-zarate.jpg\" alt=\"Mira de cerca la ic\u00f3nica iglesia de San Andr\u00e9s Xecul, Totonicap\u00e1n y conoce el significado de su simbolog\u00eda &#8211; Galer\u00eda\"\/><\/a>        <\/div>\n                        <div class=\"blfe-post-grid-details\">\n                    <div class=\"blfe-post-grid-details-inner\">\n                        <span class=\"blfe-post-category\"><a href=\"https:\/\/soymigrante.com\/revista\/category\/guate-nuestra\/arte-cultura\/\">Cultura de Guatemala<\/a><\/span>                        <h3 class=\"blfe-post-grid-title\">\n            <a href=\"https:\/\/soymigrante.com\/revista\/san-andres-xecul-totonicapan-guatemala-templo-simbologia-guia-significados-sincretismo-maya\/\" title=\"Mira de cerca la ic\u00f3nica iglesia de San Andr\u00e9s Xecul, Totonicap\u00e1n y conoce el significado de su simbolog\u00eda &#8211; Galer\u00eda\" rel=\"nofollow\" target=\"_blank\">Mira de cerca la ic\u00f3nica iglesia de San Andr\u00e9s Xecul, Totonicap\u00e1n y conoce el significado de su simbolog\u00eda &#8211; Galer\u00eda<\/a>\n            <\/h3>                                    <div class=\"blfe-post-grid-meta\">\n                <span class=\"blfe-post-grid-time\"><i class=\"fas fa-book-reader\"><\/i>5 Min read<\/span>            <\/div>\n                                                                                <\/div>\n                <\/div>\n\n            <\/div>\n        <\/div>\n                        <\/div>\n\n                        <\/div>\n            \n                        <div class=\"blfe-post-footer\">\n                        <\/div>\n            \t\t\t\t<\/div>\n\t\t\t\t<\/div>\n\t\t\t\t\t<\/div>\n\t\t\t\t<\/div>\n\t\t\t\t<\/div>\n\t\t","protected":false},"excerpt":{"rendered":"<p>De las recetas chap\u00ednas m\u00e1s deliciosas se encuentra el rice and beans, uno de los platillos m\u00e1s especiales del caribe guatemalteco, por su sabor. El rice and beans es un platillo considerado como caribe\u00f1o debido a los ingredientes con los que se prepara. De hecho, este es caracter\u00edstico de distintas regiones del departamento de Izabal. [&hellip;]<\/p>\n","protected":false},"author":19,"featured_media":8276,"comment_status":"open","ping_status":"open","sticky":false,"template":"","format":"standard","meta":{"_acf_changed":false,"_eb_attr":"","footnotes":""},"categories":[247],"tags":[],"class_list":["post-8275","post","type-post","status-publish","format-standard","has-post-thumbnail","hentry","category-recetas-guatemaltecas"],"acf":[],"aioseo_notices":[],"aioseo_head":"\n\t\t<!-- All in One SEO Pro 4.9.6.2 - aioseo.com -->\n\t<meta name=\"description\" content=\"Mira muy de cerca la ic\u00f3nica fachada del templo de San Andr\u00e9s Xecul Totonicap\u00e1n y descubre personajes de la espiritualidad cristiana pero tambi\u00e9n del Popol Vuh\" \/>\n\t<meta name=\"robots\" content=\"max-snippet:-1, max-image-preview:large, max-video-preview:-1\" \/>\n\t<meta name=\"author\" content=\"SoyMigrante.com REVISTA\"\/>\n\t<link rel=\"canonical\" href=\"https:\/\/soymigrante.com\/revista\/san-andres-xecul-totonicapan-guatemala-templo-simbologia-guia-significados-sincretismo-maya\/\" \/>\n\t<meta name=\"generator\" content=\"All in One SEO Pro (AIOSEO) 4.9.6.2\" \/>\n\n\t\t<link rel=\"preconnect\" href=\"https:\/\/fonts.googleapis.com\" crossorigin>\n<link rel=\"preconnect\" href=\"https:\/\/fonts.gstatic.com\" crossorigin>\n\t\t<meta property=\"og:locale\" content=\"es_ES\" \/>\n\t\t<meta property=\"og:site_name\" content=\"SoyMigrante.com REVISTA \u2013 Nuestra misi\u00f3n es reconocer y dignificar al migrante.\" \/>\n\t\t<meta property=\"og:type\" content=\"article\" \/>\n\t\t<meta property=\"og:title\" content=\"\u00bfSabes qu\u00e9 significa la fachada del templo San Andr\u00e9s Xecul?\" \/>\n\t\t<meta property=\"og:description\" content=\"Mira muy de cerca la ic\u00f3nica fachada del templo de San Andr\u00e9s Xecul Totonicap\u00e1n y descubre personajes de la espiritualidad cristiana pero tambi\u00e9n del Popol Vuh\" \/>\n\t\t<meta property=\"og:url\" content=\"https:\/\/soymigrante.com\/revista\/san-andres-xecul-totonicapan-guatemala-templo-simbologia-guia-significados-sincretismo-maya\/\" \/>\n\t\t<meta property=\"og:image\" content=\"https:\/\/soymigrante.com\/revista\/wp-content\/uploads\/2026\/04\/San-Andres-Xecul-totonicapan-guatemala-iglesia-significado-foto-marcos-zarate.jpg\" \/>\n\t\t<meta property=\"og:image:secure_url\" content=\"https:\/\/soymigrante.com\/revista\/wp-content\/uploads\/2026\/04\/San-Andres-Xecul-totonicapan-guatemala-iglesia-significado-foto-marcos-zarate.jpg\" \/>\n\t\t<meta property=\"og:image:width\" content=\"1800\" \/>\n\t\t<meta property=\"og:image:height\" content=\"1800\" \/>\n\t\t<meta property=\"article:published_time\" content=\"2026-04-16T22:54:15+00:00\" \/>\n\t\t<meta property=\"article:modified_time\" content=\"2026-04-16T23:35:57+00:00\" \/>\n\t\t<meta property=\"article:publisher\" content=\"https:\/\/www.facebook.com\/soymigrantecom\" \/>\n\t\t<meta name=\"twitter:card\" content=\"summary_large_image\" \/>\n\t\t<meta name=\"twitter:site\" content=\"@SoyMigrante_com\" \/>\n\t\t<meta name=\"twitter:title\" content=\"\u00bfSabes qu\u00e9 significa la fachada del templo San Andr\u00e9s Xecul?\" \/>\n\t\t<meta name=\"twitter:description\" content=\"Mira muy de cerca la ic\u00f3nica fachada del templo de San Andr\u00e9s Xecul Totonicap\u00e1n y descubre personajes de la espiritualidad cristiana pero tambi\u00e9n del Popol Vuh\" \/>\n\t\t<meta name=\"twitter:creator\" content=\"@SoyMigrante_com\" \/>\n\t\t<meta name=\"twitter:image\" content=\"https:\/\/soymigrante.com\/revista\/wp-content\/uploads\/2026\/04\/San-Andres-Xecul-totonicapan-guatemala-iglesia-significado-foto-marcos-zarate.jpg\" \/>\n\t\t<!-- All in One SEO Pro -->\r\n\t\t<title>\u00bfSabes qu\u00e9 significa la fachada del templo San Andr\u00e9s Xecul?<\/title>\n\n","aioseo_head_json":{"title":"\u00bfSabes qu\u00e9 significa la fachada del templo San Andr\u00e9s Xecul?","description":"Mira muy de cerca la ic\u00f3nica fachada del templo de San Andr\u00e9s Xecul Totonicap\u00e1n y descubre personajes de la espiritualidad cristiana pero tambi\u00e9n del Popol Vuh","canonical_url":"https:\/\/soymigrante.com\/revista\/san-andres-xecul-totonicapan-guatemala-templo-simbologia-guia-significados-sincretismo-maya\/","robots":"max-snippet:-1, max-image-preview:large, max-video-preview:-1","keywords":"","webmasterTools":{"miscellaneous":"&lt;link rel=\"preconnect\" href=\"https:\/\/fonts.googleapis.com\" crossorigin&gt;\n&lt;link rel=\"preconnect\" href=\"https:\/\/fonts.gstatic.com\" crossorigin&gt;"},"schema":null,"og:locale":"es_ES","og:site_name":"SoyMigrante.com REVISTA \u2013 Nuestra misi\u00f3n es reconocer y dignificar al migrante.","og:type":"article","og:title":"\u00bfSabes qu\u00e9 significa la fachada del templo San Andr\u00e9s Xecul?","og:description":"Mira muy de cerca la ic\u00f3nica fachada del templo de San Andr\u00e9s Xecul Totonicap\u00e1n y descubre personajes de la espiritualidad cristiana pero tambi\u00e9n del Popol Vuh","og:url":"https:\/\/soymigrante.com\/revista\/san-andres-xecul-totonicapan-guatemala-templo-simbologia-guia-significados-sincretismo-maya\/","og:image":"https:\/\/soymigrante.com\/revista\/wp-content\/uploads\/2026\/04\/San-Andres-Xecul-totonicapan-guatemala-iglesia-significado-foto-marcos-zarate.jpg","og:image:secure_url":"https:\/\/soymigrante.com\/revista\/wp-content\/uploads\/2026\/04\/San-Andres-Xecul-totonicapan-guatemala-iglesia-significado-foto-marcos-zarate.jpg","og:image:width":1800,"og:image:height":1800,"article:published_time":"2026-04-16T22:54:15+00:00","article:modified_time":"2026-04-16T23:35:57+00:00","article:publisher":"https:\/\/www.facebook.com\/soymigrantecom","twitter:card":"summary_large_image","twitter:site":"@SoyMigrante_com","twitter:title":"\u00bfSabes qu\u00e9 significa la fachada del templo San Andr\u00e9s Xecul?","twitter:description":"Mira muy de cerca la ic\u00f3nica fachada del templo de San Andr\u00e9s Xecul Totonicap\u00e1n y descubre personajes de la espiritualidad cristiana pero tambi\u00e9n del Popol Vuh","twitter:creator":"@SoyMigrante_com","twitter:image":"https:\/\/soymigrante.com\/revista\/wp-content\/uploads\/2026\/04\/San-Andres-Xecul-totonicapan-guatemala-iglesia-significado-foto-marcos-zarate.jpg"},"aioseo_meta_data":{"post_id":"8275","title":"Recetas guatemaltecas: el exquisito rice and beans de Izabal","description":null,"keywords":null,"keyphrases":{"focus":{"keyphrase":"recetas guatemaltecas","score":51,"analysis":{"keyphraseInTitle":{"score":9,"maxScore":9,"error":0},"keyphraseInDescription":{"score":3,"maxScore":9,"error":1},"keyphraseLength":{"score":9,"maxScore":9,"error":0,"length":2},"keyphraseInURL":{"score":5,"maxScore":5,"error":0},"keyphraseInIntroduction":{"score":3,"maxScore":9,"error":1},"keyphraseInSubHeadings":{"score":3,"maxScore":9,"error":1},"keyphraseInImageAlt":{"score":3,"maxScore":9,"error":1},"keywordDensity":{"score":0,"type":"low","maxScore":9,"error":1}}},"additional":[{"keyphrase":"recetas chapinas","score":87,"analysis":{"keyphraseInDescription":{"score":9,"maxScore":9,"error":0},"keyphraseLength":{"score":9,"maxScore":9,"error":0,"length":2},"keyphraseInIntroduction":{"score":3,"maxScore":9,"error":1},"keyphraseInImageAlt":{"score":9,"maxScore":9,"error":0},"keywordDensity":{"type":"best","score":9,"maxScore":9,"error":0}}}]},"primary_term":null,"canonical_url":null,"og_title":null,"og_description":null,"og_object_type":"default","og_image_type":"default","og_image_url":null,"og_image_width":null,"og_image_height":null,"og_image_custom_url":null,"og_image_custom_fields":null,"og_video":"","og_custom_url":null,"og_article_section":null,"og_article_tags":null,"twitter_use_og":false,"twitter_card":"default","twitter_image_type":"default","twitter_image_url":null,"twitter_image_custom_url":null,"twitter_image_custom_fields":null,"twitter_title":null,"twitter_description":null,"schema":{"blockGraphs":[],"customGraphs":[],"default":{"data":{"Article":[],"Course":[],"Dataset":[],"FAQPage":[],"Movie":[],"Person":[],"Product":[],"ProductReview":[],"Car":[],"Recipe":[],"Service":[],"SoftwareApplication":[],"WebPage":[]},"graphName":"none","isEnabled":true},"graphs":[]},"schema_type":"default","schema_type_options":null,"pillar_content":false,"robots_default":true,"robots_noindex":false,"robots_noarchive":false,"robots_nosnippet":false,"robots_nofollow":false,"robots_noimageindex":false,"robots_noodp":false,"robots_notranslate":false,"robots_max_snippet":"-1","robots_max_videopreview":"-1","robots_max_imagepreview":"large","priority":null,"frequency":"default","local_seo":null,"seo_analyzer_scan_date":"2025-10-08 22:42:36","breadcrumb_settings":null,"limit_modified_date":false,"reviewed_by":"0","open_ai":"{\"title\":{\"suggestions\":[],\"usage\":0},\"description\":{\"suggestions\":[],\"usage\":0}}","ai":{"faqs":[],"keyPoints":[],"titles":[],"descriptions":[],"socialPosts":{"email":[],"linkedin":[],"twitter":[],"facebook":[],"instagram":[]}},"created":"2024-08-22 21:14:02","updated":"2026-02-04 12:43:53"},"aioseo_breadcrumb":"<div class=\"aioseo-breadcrumbs\"><span class=\"aioseo-breadcrumb\">\n\t<a href=\"https:\/\/soymigrante.com\/revista\" title=\"Home\">Home<\/a>\n<\/span><span class=\"aioseo-breadcrumb-separator\">\u00bb<\/span><span class=\"aioseo-breadcrumb\">\n\t<a href=\"https:\/\/soymigrante.com\/revista\/category\/guate-nuestra\/\" title=\"Guate Nuestra\">Guate Nuestra<\/a>\n<\/span><span class=\"aioseo-breadcrumb-separator\">\u00bb<\/span><span class=\"aioseo-breadcrumb\">\n\t<a href=\"https:\/\/soymigrante.com\/revista\/category\/guate-nuestra\/recetas-guatemaltecas\/\" title=\"Recetas guatemaltecas\">Recetas guatemaltecas<\/a>\n<\/span><span class=\"aioseo-breadcrumb-separator\">\u00bb<\/span><span class=\"aioseo-breadcrumb\">\n\tSabor del Caribe guatemalteco: As\u00ed se prepara el Rice and Beans de Izabal\n<\/span><\/div>","aioseo_breadcrumb_json":[{"label":"Home","link":"https:\/\/soymigrante.com\/revista"},{"label":"Guate Nuestra","link":"https:\/\/soymigrante.com\/revista\/category\/guate-nuestra\/"},{"label":"Recetas guatemaltecas","link":"https:\/\/soymigrante.com\/revista\/category\/guate-nuestra\/recetas-guatemaltecas\/"},{"label":"Sabor del Caribe guatemalteco: As\u00ed se prepara el Rice and Beans de Izabal","link":"https:\/\/soymigrante.com\/revista\/recetas-guatemaltecas-asi-se-prepara-el-rice-and-beans-de-izabal\/"}],"_links":{"self":[{"href":"https:\/\/soymigrante.com\/revista\/wp-json\/wp\/v2\/posts\/8275","targetHints":{"allow":["GET"]}}],"collection":[{"href":"https:\/\/soymigrante.com\/revista\/wp-json\/wp\/v2\/posts"}],"about":[{"href":"https:\/\/soymigrante.com\/revista\/wp-json\/wp\/v2\/types\/post"}],"author":[{"embeddable":true,"href":"https:\/\/soymigrante.com\/revista\/wp-json\/wp\/v2\/users\/19"}],"replies":[{"embeddable":true,"href":"https:\/\/soymigrante.com\/revista\/wp-json\/wp\/v2\/comments?post=8275"}],"version-history":[{"count":5,"href":"https:\/\/soymigrante.com\/revista\/wp-json\/wp\/v2\/posts\/8275\/revisions"}],"predecessor-version":[{"id":45072,"href":"https:\/\/soymigrante.com\/revista\/wp-json\/wp\/v2\/posts\/8275\/revisions\/45072"}],"wp:featuredmedia":[{"embeddable":true,"href":"https:\/\/soymigrante.com\/revista\/wp-json\/wp\/v2\/media\/8276"}],"wp:attachment":[{"href":"https:\/\/soymigrante.com\/revista\/wp-json\/wp\/v2\/media?parent=8275"}],"wp:term":[{"taxonomy":"category","embeddable":true,"href":"https:\/\/soymigrante.com\/revista\/wp-json\/wp\/v2\/categories?post=8275"},{"taxonomy":"post_tag","embeddable":true,"href":"https:\/\/soymigrante.com\/revista\/wp-json\/wp\/v2\/tags?post=8275"}],"curies":[{"name":"wp","href":"https:\/\/api.w.org\/{rel}","templated":true}]}}