{"id":827,"date":"2025-01-09T13:29:36","date_gmt":"2025-01-09T19:29:36","guid":{"rendered":"https:\/\/soymigrante.wpengine.com\/?p=827"},"modified":"2025-12-06T08:58:24","modified_gmt":"2025-12-06T14:58:24","slug":"10-datos-del-quetzal-que-tal-vez-ya-conocias-o-quiza-no","status":"publish","type":"post","link":"https:\/\/soymigrante.com\/revista\/10-datos-del-quetzal-que-tal-vez-ya-conocias-o-quiza-no\/","title":{"rendered":"\u00bfEn d\u00f3nde habita el Quetzal?&#8230; y otras 10 preguntas sobre el ave s\u00edmbolo de Guatemala"},"content":{"rendered":"\t\t<div data-elementor-type=\"wp-post\" data-elementor-id=\"827\" class=\"elementor elementor-827\" data-elementor-post-type=\"post\">\n\t\t\t\t\t\t<section data-particle_enable=\"false\" data-particle-mobile-disabled=\"false\" class=\"elementor-section elementor-top-section elementor-element elementor-element-4206764 elementor-section-boxed elementor-section-height-default elementor-section-height-default\" data-id=\"4206764\" data-element_type=\"section\" data-e-type=\"section\">\n\t\t\t\t\t\t<div class=\"elementor-container elementor-column-gap-default\">\n\t\t\t\t\t<div class=\"elementor-column elementor-col-100 elementor-top-column elementor-element elementor-element-80b5f01\" data-id=\"80b5f01\" data-element_type=\"column\" data-e-type=\"column\">\n\t\t\t<div class=\"elementor-widget-wrap elementor-element-populated\">\n\t\t\t\t\t\t<div class=\"elementor-element elementor-element-d60c5a2 elementor-widget elementor-widget-heading\" data-id=\"d60c5a2\" data-element_type=\"widget\" data-e-type=\"widget\" data-widget_type=\"heading.default\">\n\t\t\t\t\t<h2 class=\"elementor-heading-title elementor-size-default\">\u00bfC\u00f3mo se llama el ave nacional de Guatemala y de donde proviene su nombre?  \u00bfDesde cu\u00e1ndo el Quetzal es s\u00edmbolo patrio? \u00bfDonde habita? Estas y otras respuestas aqu\u00ed.<\/h2>\t\t\t\t<\/div>\n\t\t\t\t\t<\/div>\n\t\t<\/div>\n\t\t\t\t\t<\/div>\n\t\t<\/section>\n\t\t<div data-particle_enable=\"false\" data-particle-mobile-disabled=\"false\" class=\"elementor-element elementor-element-cbb2bc4 e-flex e-con-boxed e-con e-parent\" data-id=\"cbb2bc4\" data-element_type=\"container\" data-e-type=\"container\">\n\t\t\t\t\t<div class=\"e-con-inner\">\n\t\t\t\t<div class=\"elementor-element elementor-element-8e3ed71 elementor-widget elementor-widget-html\" data-id=\"8e3ed71\" data-element_type=\"widget\" data-e-type=\"widget\" data-widget_type=\"html.default\">\n\t\t\t\t\t<div id=\"buzzsprout-player-16473947\"><\/div><script src=\"https:\/\/www.buzzsprout.com\/2444168\/episodes\/16473947-el-quetzal-ave-simbolo-de-guatemala.js?container_id=buzzsprout-player-16473947&player=small\" type=\"text\/javascript\" charset=\"utf-8\"><\/script>\t\t\t\t<\/div>\n\t\t\t\t<div class=\"elementor-element elementor-element-b04d132 elementor-widget elementor-widget-text-editor\" data-id=\"b04d132\" data-element_type=\"widget\" data-e-type=\"widget\" data-widget_type=\"text-editor.default\">\n\t\t\t\t\t\t\t\t\t<p>\u00bfC\u00f3mo se llama el ave nacional de Guatemala?\u00a0 Se llama Quetzal y aunque fue una especie de gran importancia en tiempos prehisp\u00e1nicos, solo fue reportado cient\u00edficamente hasta el siglo 18. Y se le dio ese nombre porque as\u00ed le llamaban los ind\u00edgenas n\u00e1huatl.\u00a0<\/p><p>El Quetzal fue declarada s\u00edmbolo patrio de Guatemala\u00a0 el 18 de noviembre de 1871 por su profundo significado prehisp\u00e1nico y belleza incomparable.<\/p><p>El <a href=\"https:\/\/soymigrante.com\/revista\/la-emotiva-experiencia-de-captar-a-una-pareja-quetzal-en-guatemala\/\">Quetzal guatemalteco<\/a> es maravilloso. Existen otras especies de trogones que se le parecen, pero ninguna como esta. Por algo y el poeta lo describe as\u00ed: <b>\u201c\u00a1Quetzal, mito, leyenda, humo verde\u2026 p\u00e1jaro de fuego y esmeraldas\u2026 lanza desnuda y hoja de ma\u00edz que corona la frente patria\u2026 pecho de brasa y cauda de cometa\u201d:<\/b> texto de Otto Ra\u00fal Gonz\u00e1lez (1921-2007), Premio Nacional de Literatura Miguel \u00c1ngel Asturias 1990.<\/p>\t\t\t\t\t\t\t\t<\/div>\n\t\t\t\t\t<\/div>\n\t\t\t\t<\/div>\n\t\t<div data-particle_enable=\"false\" data-particle-mobile-disabled=\"false\" class=\"elementor-element elementor-element-90c8844 e-flex e-con-boxed e-con e-parent\" data-id=\"90c8844\" data-element_type=\"container\" data-e-type=\"container\">\n\t\t\t\t\t<div class=\"e-con-inner\">\n\t\t\t\t<div class=\"elementor-element elementor-element-3e1e711 elementor-widget elementor-widget-image\" data-id=\"3e1e711\" data-element_type=\"widget\" data-e-type=\"widget\" data-widget_type=\"image.default\">\n\t\t\t\t\t\t\t\t\t\t\t\t<figure class=\"wp-caption\">\n\t\t\t\t\t\t\t\t\t\t<img fetchpriority=\"high\" decoding=\"async\" width=\"1024\" height=\"603\" src=\"https:\/\/soymigrante.com\/revista\/wp-content\/uploads\/2025\/01\/quetzal-foto-uri-morataya-1024x603.png\" class=\"attachment-large size-large wp-image-35514\" alt=\"C\u00f3mo se llama el ave nacional de Guatemala: Quetzal, palabra proveniente del n\u00e1huatl &quot;quetzalli&quot;: plumas hermosas. En idiomas mayas, la forma m\u00e1s usual es Q&#039;uq, con diversas variantes seg\u00fan el idioma. (Fotograf\u00eda de un quetzal en 2022, por Uri Morataya)\" srcset=\"https:\/\/soymigrante.com\/revista\/wp-content\/uploads\/2025\/01\/quetzal-foto-uri-morataya-1024x603.png 1024w, https:\/\/soymigrante.com\/revista\/wp-content\/uploads\/2025\/01\/quetzal-foto-uri-morataya-300x177.png 300w, https:\/\/soymigrante.com\/revista\/wp-content\/uploads\/2025\/01\/quetzal-foto-uri-morataya-768x452.png 768w, https:\/\/soymigrante.com\/revista\/wp-content\/uploads\/2025\/01\/quetzal-foto-uri-morataya-1536x904.png 1536w, https:\/\/soymigrante.com\/revista\/wp-content\/uploads\/2025\/01\/quetzal-foto-uri-morataya-750x441.webp 750w, https:\/\/soymigrante.com\/revista\/wp-content\/uploads\/2025\/01\/quetzal-foto-uri-morataya-1140x671.webp 1140w, https:\/\/soymigrante.com\/revista\/wp-content\/uploads\/2025\/01\/quetzal-foto-uri-morataya.webp 1699w\" sizes=\"(max-width: 1024px) 100vw, 1024px\" title=\"C\u00f3mo se llama el ave nacional de Guatemala: Quetzal, palabra proveniente del n\u00e1huatl &quot;quetzalli&quot;: plumas hermosas. En idiomas mayas, la forma m\u00e1s usual es Q&#039;uq, con diversas variantes seg\u00fan el idioma. (Fotograf\u00eda de un quetzal en 2022, por Uri Morataya) \u2013 SoyMigrante.com REVISTA\" \/>\t\t\t\t\t\t\t\t\t\t\t<figcaption class=\"widget-image-caption wp-caption-text\">C\u00f3mo se llama el ave nacional de Guatemala: Quetzal, palabra proveniente del n\u00e1huatl \"quetzalli\": plumas hermosas. En idiomas mayas, la forma m\u00e1s usual es Q'uq, con diversas variantes seg\u00fan el idioma. (Fotograf\u00eda de un quetzal en 2022, por Uri Morataya)<\/figcaption>\n\t\t\t\t\t\t\t\t\t\t<\/figure>\n\t\t\t\t\t\t\t\t\t<\/div>\n\t\t\t\t\t<\/div>\n\t\t\t\t<\/div>\n\t\t<div data-particle_enable=\"false\" data-particle-mobile-disabled=\"false\" class=\"elementor-element elementor-element-7ec449e e-flex e-con-boxed e-con e-parent\" data-id=\"7ec449e\" data-element_type=\"container\" data-e-type=\"container\">\n\t\t\t\t\t<div class=\"e-con-inner\">\n\t\t\t\t<div class=\"elementor-element elementor-element-d6201d0 elementor-widget elementor-widget-heading\" data-id=\"d6201d0\" data-element_type=\"widget\" data-e-type=\"widget\" data-widget_type=\"heading.default\">\n\t\t\t\t\t<h3 class=\"elementor-heading-title elementor-size-default\">\u00bfC\u00f3mo se llama el ave nacional de Guatemala? <\/h3>\t\t\t\t<\/div>\n\t\t\t\t\t<\/div>\n\t\t\t\t<\/div>\n\t\t<div data-particle_enable=\"false\" data-particle-mobile-disabled=\"false\" class=\"elementor-element elementor-element-b5f31b0 e-flex e-con-boxed e-con e-parent\" data-id=\"b5f31b0\" data-element_type=\"container\" data-e-type=\"container\">\n\t\t\t\t\t<div class=\"e-con-inner\">\n\t\t\t\t<div class=\"elementor-element elementor-element-3b80d57 elementor-widget elementor-widget-text-editor\" data-id=\"3b80d57\" data-element_type=\"widget\" data-e-type=\"widget\" data-widget_type=\"text-editor.default\">\n\t\t\t\t\t\t\t\t\t<p>Esta es una pregunta interesante, porque el nombre en castellano es Quetzal. Pero esta palabra proviene del in\u00e1huatl. El t\u00e9rmino &#8220;quetzalli&#8221; significa &#8220;hermosa pluma&#8221; o &#8220;cola de plumas brillante&#8221;. Los antiguos mexicas consideraban sus plumas como un s\u00edmbolo de realiza, poder y divinidad.\u00a0<\/p><p>El t\u00e9rmino maya para quetzal es Q&#8217;uq, con variantes de pronunciacion seg\u00fan los idiomas.\u00a0En k&#8217;iche&#8217;,kekchi&#8217;, ach\u00ed y mam: <b>Q&#8217;u&#8217;q.\u00a0 <\/b>En poqomchi y tz&#8217;utujil: <b>Q&#8217;uu&#8217;q<\/b><br \/>Chort\u00ed: <b>Q&#8217;uq&#8217;o\u00a0<\/b><\/p>\t\t\t\t\t\t\t\t<\/div>\n\t\t\t\t\t<\/div>\n\t\t\t\t<\/div>\n\t\t<div data-particle_enable=\"false\" data-particle-mobile-disabled=\"false\" class=\"elementor-element elementor-element-891506f e-flex e-con-boxed e-con e-parent\" data-id=\"891506f\" data-element_type=\"container\" data-e-type=\"container\">\n\t\t\t\t\t<div class=\"e-con-inner\">\n\t\t\t\t<div class=\"elementor-element elementor-element-1cff22e elementor-widget elementor-widget-image\" data-id=\"1cff22e\" data-element_type=\"widget\" data-e-type=\"widget\" data-widget_type=\"image.default\">\n\t\t\t\t\t\t\t\t\t\t\t\t\t\t\t<img decoding=\"async\" width=\"1024\" height=\"745\" src=\"https:\/\/soymigrante.com\/revista\/wp-content\/uploads\/2023\/03\/soy-migrante-quetzal-alimenta-se-ve-pichon-credito-ottoniel-cojulun-1024x745.jpg\" class=\"attachment-large size-large wp-image-625\" alt=\"Foto: Ottoniel Cojul\u00fan\" srcset=\"https:\/\/soymigrante.com\/revista\/wp-content\/uploads\/2023\/03\/soy-migrante-quetzal-alimenta-se-ve-pichon-credito-ottoniel-cojulun-1024x745.jpg 1024w, https:\/\/soymigrante.com\/revista\/wp-content\/uploads\/2023\/03\/soy-migrante-quetzal-alimenta-se-ve-pichon-credito-ottoniel-cojulun-300x218.webp 300w, https:\/\/soymigrante.com\/revista\/wp-content\/uploads\/2023\/03\/soy-migrante-quetzal-alimenta-se-ve-pichon-credito-ottoniel-cojulun-768x558.jpg 768w, https:\/\/soymigrante.com\/revista\/wp-content\/uploads\/2023\/03\/soy-migrante-quetzal-alimenta-se-ve-pichon-credito-ottoniel-cojulun-1536x1117.jpg 1536w, https:\/\/soymigrante.com\/revista\/wp-content\/uploads\/2023\/03\/soy-migrante-quetzal-alimenta-se-ve-pichon-credito-ottoniel-cojulun-120x86.webp 120w, https:\/\/soymigrante.com\/revista\/wp-content\/uploads\/2023\/03\/soy-migrante-quetzal-alimenta-se-ve-pichon-credito-ottoniel-cojulun-750x545.webp 750w, https:\/\/soymigrante.com\/revista\/wp-content\/uploads\/2023\/03\/soy-migrante-quetzal-alimenta-se-ve-pichon-credito-ottoniel-cojulun-1140x829.jpg 1140w, https:\/\/soymigrante.com\/revista\/wp-content\/uploads\/2023\/03\/soy-migrante-quetzal-alimenta-se-ve-pichon-credito-ottoniel-cojulun.webp 1920w\" sizes=\"(max-width: 1024px) 100vw, 1024px\" title=\"Los quetzales viven en \u00e1reas boscosas donde encuentran ciertas especies de \u00e1rboles que les proveedn de alimento. \u2013 SoyMigrante.com REVISTA\" \/>\t\t\t\t\t\t\t\t\t\t\t\t\t\t\t<\/div>\n\t\t\t\t\t<\/div>\n\t\t\t\t<\/div>\n\t\t\t\t<section data-particle_enable=\"false\" data-particle-mobile-disabled=\"false\" class=\"elementor-section elementor-top-section elementor-element elementor-element-c2c4ccf elementor-section-boxed elementor-section-height-default elementor-section-height-default\" data-id=\"c2c4ccf\" data-element_type=\"section\" data-e-type=\"section\">\n\t\t\t\t\t\t<div class=\"elementor-container elementor-column-gap-default\">\n\t\t\t\t\t<div class=\"elementor-column elementor-col-100 elementor-top-column elementor-element elementor-element-27a11e2\" data-id=\"27a11e2\" data-element_type=\"column\" data-e-type=\"column\">\n\t\t\t<div class=\"elementor-widget-wrap elementor-element-populated\">\n\t\t\t\t\t\t<div class=\"elementor-element elementor-element-0b008dd elementor-widget elementor-widget-heading\" data-id=\"0b008dd\" data-element_type=\"widget\" data-e-type=\"widget\" data-widget_type=\"heading.default\">\n\t\t\t\t\t<h3 class=\"elementor-heading-title elementor-size-default\">\u00bfD\u00f3nde se puede avistar el Quetzal en Guatemala?  <\/h3>\t\t\t\t<\/div>\n\t\t\t\t\t<\/div>\n\t\t<\/div>\n\t\t\t\t\t<\/div>\n\t\t<\/section>\n\t\t<div data-particle_enable=\"false\" data-particle-mobile-disabled=\"false\" class=\"elementor-element elementor-element-31bdd7c e-flex e-con-boxed e-con e-parent\" data-id=\"31bdd7c\" data-element_type=\"container\" data-e-type=\"container\">\n\t\t\t\t\t<div class=\"e-con-inner\">\n\t\t\t\t<div class=\"elementor-element elementor-element-12cc417 elementor-widget elementor-widget-text-editor\" data-id=\"12cc417\" data-element_type=\"widget\" data-e-type=\"widget\" data-widget_type=\"text-editor.default\">\n\t\t\t\t\t\t\t\t\t<p><span style=\"font-weight: 400;\">Los quetzales viven en \u00e1reas boscosas donde encuentran ciertas especies de \u00e1rboles que les proveedn de alimento. Seg\u00fan el Ministerio de Ambiente de Guatemala, la poblaci\u00f3n de Quetzales de la Sierra de las Minas (entre Baja Verapaz, El Progreso y Zacapa) es lo suficientemente grande para ser considerada la \u00fanica poblaci\u00f3n saludable en todo el pa\u00eds. <\/span><\/p><p><span style=\"font-weight: 400;\">Sin embargo tambi\u00e9n pueden mencionarse: <\/span><span style=\"font-weight: 400;\">\u00a0El Biotopo Mario Dary Rivera, de Purulh\u00e1, Baja Verapaz; el Refugio del Quetzal en San Marcos y el Parque Regional Municipal Rey Tepepul en Santiago Atitl\u00e1n Solol\u00e1.\u00a0\u00a0<\/span><span style=\"font-weight: 400; color: var( --e-global-color-text ); background-color: var(--ak-bg-color);\">Los bosques nubosos de Guatemala solo son el 3.10% del territorio nacional y siguen siendo destruidos aceleradamente.<\/span><\/p><p><span style=\"font-weight: 400; color: var( --e-global-color-text ); background-color: var(--ak-bg-color);\">En estas reservas puede ser observado el Quetzal, pero se necesita de mucha paciencia y tambi\u00e9n suerte. Los fot\u00f3grafos que consiguen im\u00e1genes requieren de largas horas de espera y absoluto silencio. &#8220;Se trata de capturar su belleza pero sin interferir en su ambiente. Si se hace demasiado ruido y est\u00e1n en su nido se corre el riesgo de que lo abandonen&#8221; advierte el avifot\u00f3grafo Ottoniel Cojul\u00fan. Tambi\u00e9n es importante hacerse acompa\u00f1ar de gu\u00edas locales.<\/span><\/p>\t\t\t\t\t\t\t\t<\/div>\n\t\t\t\t\t<\/div>\n\t\t\t\t<\/div>\n\t\t<div data-particle_enable=\"false\" data-particle-mobile-disabled=\"false\" class=\"elementor-element elementor-element-6d9bf47 e-flex e-con-boxed e-con e-parent\" data-id=\"6d9bf47\" data-element_type=\"container\" data-e-type=\"container\">\n\t\t\t\t\t<div class=\"e-con-inner\">\n\t\t\t\t<div class=\"elementor-element elementor-element-0838eda elementor-widget elementor-widget-image\" data-id=\"0838eda\" data-element_type=\"widget\" data-e-type=\"widget\" data-widget_type=\"image.default\">\n\t\t\t\t\t\t\t\t\t\t\t\t\t\t\t<img decoding=\"async\" width=\"600\" height=\"751\" src=\"https:\/\/soymigrante.com\/revista\/wp-content\/uploads\/2024\/09\/quetzalito.webp\" class=\"attachment-large size-large wp-image-20027\" alt=\"Areas donde se han reportado avistamientos de Quetzales en Guatemala.\" srcset=\"https:\/\/soymigrante.com\/revista\/wp-content\/uploads\/2024\/09\/quetzalito.webp 600w, https:\/\/soymigrante.com\/revista\/wp-content\/uploads\/2024\/09\/quetzalito-240x300.jpg 240w\" sizes=\"(max-width: 600px) 100vw, 600px\" title=\"Areas donde se han reportado avistamientos de Quetzales en Guatemala. \u2013 SoyMigrante.com REVISTA\" \/>\t\t\t\t\t\t\t\t\t\t\t\t\t\t\t<\/div>\n\t\t\t\t\t<\/div>\n\t\t\t\t<\/div>\n\t\t\t\t<section data-particle_enable=\"false\" data-particle-mobile-disabled=\"false\" class=\"elementor-section elementor-top-section elementor-element elementor-element-628f358 elementor-section-boxed elementor-section-height-default elementor-section-height-default\" data-id=\"628f358\" data-element_type=\"section\" data-e-type=\"section\">\n\t\t\t\t\t\t<div class=\"elementor-container elementor-column-gap-default\">\n\t\t\t\t\t<div class=\"elementor-column elementor-col-100 elementor-top-column elementor-element elementor-element-57191a8\" data-id=\"57191a8\" data-element_type=\"column\" data-e-type=\"column\">\n\t\t\t<div class=\"elementor-widget-wrap elementor-element-populated\">\n\t\t\t\t\t\t<div class=\"elementor-element elementor-element-d24f222 elementor-widget elementor-widget-heading\" data-id=\"d24f222\" data-element_type=\"widget\" data-e-type=\"widget\" data-widget_type=\"heading.default\">\n\t\t\t\t\t<h3 class=\"elementor-heading-title elementor-size-default\">\u00bfCu\u00e1ndo fue descubierto y clasificado cient\u00edficamente el Quetzal?<\/h3>\t\t\t\t<\/div>\n\t\t\t\t<div class=\"elementor-element elementor-element-9196862 elementor-widget elementor-widget-image\" data-id=\"9196862\" data-element_type=\"widget\" data-e-type=\"widget\" data-widget_type=\"image.default\">\n\t\t\t\t\t\t\t\t\t\t\t\t<figure class=\"wp-caption\">\n\t\t\t\t\t\t\t\t\t\t<img loading=\"lazy\" decoding=\"async\" width=\"1024\" height=\"866\" src=\"https:\/\/soymigrante.com\/revista\/wp-content\/uploads\/2023\/03\/soy-migrante-quetzal-cola-enroscada-mirador-rey-tepepul-credito-ottoniel-cojulun-1-1024x866.jpg\" class=\"attachment-large size-large wp-image-632\" alt=\"Los quetzales viven en parejas por toda la vida.\" srcset=\"https:\/\/soymigrante.com\/revista\/wp-content\/uploads\/2023\/03\/soy-migrante-quetzal-cola-enroscada-mirador-rey-tepepul-credito-ottoniel-cojulun-1-1024x866.jpg 1024w, https:\/\/soymigrante.com\/revista\/wp-content\/uploads\/2023\/03\/soy-migrante-quetzal-cola-enroscada-mirador-rey-tepepul-credito-ottoniel-cojulun-1-300x254.webp 300w, https:\/\/soymigrante.com\/revista\/wp-content\/uploads\/2023\/03\/soy-migrante-quetzal-cola-enroscada-mirador-rey-tepepul-credito-ottoniel-cojulun-1-768x650.jpg 768w, https:\/\/soymigrante.com\/revista\/wp-content\/uploads\/2023\/03\/soy-migrante-quetzal-cola-enroscada-mirador-rey-tepepul-credito-ottoniel-cojulun-1-1536x1299.jpg 1536w, https:\/\/soymigrante.com\/revista\/wp-content\/uploads\/2023\/03\/soy-migrante-quetzal-cola-enroscada-mirador-rey-tepepul-credito-ottoniel-cojulun-1-750x634.webp 750w, https:\/\/soymigrante.com\/revista\/wp-content\/uploads\/2023\/03\/soy-migrante-quetzal-cola-enroscada-mirador-rey-tepepul-credito-ottoniel-cojulun-1-1140x964.jpg 1140w, https:\/\/soymigrante.com\/revista\/wp-content\/uploads\/2023\/03\/soy-migrante-quetzal-cola-enroscada-mirador-rey-tepepul-credito-ottoniel-cojulun-1.webp 1920w\" sizes=\"(max-width: 1024px) 100vw, 1024px\" title=\"El quetzal en busca de alimento \u2013 SoyMigrante.com REVISTA\" \/>\t\t\t\t\t\t\t\t\t\t\t<figcaption class=\"widget-image-caption wp-caption-text\">Los quetzales viven en parejas por toda la vida. Fotograf\u00edas: Ottoniel Cojul\u00fan.\n<\/figcaption>\n\t\t\t\t\t\t\t\t\t\t<\/figure>\n\t\t\t\t\t\t\t\t\t<\/div>\n\t\t\t\t<div class=\"elementor-element elementor-element-211c033 elementor-widget elementor-widget-text-editor\" data-id=\"211c033\" data-element_type=\"widget\" data-e-type=\"widget\" data-widget_type=\"text-editor.default\">\n\t\t\t\t\t\t\t\t\t<p>Los pueblos prehisp\u00e1nicos de Mesoam\u00e9rica le daban un profundo significado simb\u00f3lico y m\u00edstico al Quetzal, sobre todo por sus largas y caracter\u00edsticas plumas ornamentales, las cuales eran utilizadas solo por los gobernantes en vistosos tocados.\u00a0<\/p><p>La primera descripci\u00f3n cient\u00edfica no ocurri\u00f3 sino hasta 1787, cuando el naturalista veracruzano Pablo de la Llave report\u00f3 esta ave en la Real Expedici\u00f3n Bot\u00e1nica a la Nueva Espa\u00f1a.\u00a0<\/p>\t\t\t\t\t\t\t\t<\/div>\n\t\t\t\t\t<\/div>\n\t\t<\/div>\n\t\t\t\t\t<\/div>\n\t\t<\/section>\n\t\t\t\t<section data-particle_enable=\"false\" data-particle-mobile-disabled=\"false\" class=\"elementor-section elementor-top-section elementor-element elementor-element-e2ab2ce elementor-section-boxed elementor-section-height-default elementor-section-height-default\" data-id=\"e2ab2ce\" data-element_type=\"section\" data-e-type=\"section\">\n\t\t\t\t\t\t<div class=\"elementor-container elementor-column-gap-default\">\n\t\t\t\t\t<div class=\"elementor-column elementor-col-100 elementor-top-column elementor-element elementor-element-68f8bce\" data-id=\"68f8bce\" data-element_type=\"column\" data-e-type=\"column\">\n\t\t\t<div class=\"elementor-widget-wrap elementor-element-populated\">\n\t\t\t\t\t\t<div class=\"elementor-element elementor-element-aba5c44 elementor-widget elementor-widget-heading\" data-id=\"aba5c44\" data-element_type=\"widget\" data-e-type=\"widget\" data-widget_type=\"heading.default\">\n\t\t\t\t\t<h3 class=\"elementor-heading-title elementor-size-default\">\u00bfCu\u00e1l es el nombre cient\u00edfico del Quetzal y a qu\u00e9 especie pertenece?<\/h3>\t\t\t\t<\/div>\n\t\t\t\t<div class=\"elementor-element elementor-element-4124ce0 elementor-widget elementor-widget-image\" data-id=\"4124ce0\" data-element_type=\"widget\" data-e-type=\"widget\" data-widget_type=\"image.default\">\n\t\t\t\t\t\t\t\t\t\t\t\t<figure class=\"wp-caption\">\n\t\t\t\t\t\t\t\t\t\t<img loading=\"lazy\" decoding=\"async\" width=\"999\" height=\"999\" src=\"https:\/\/soymigrante.com\/revista\/wp-content\/uploads\/2023\/03\/soy-migrante-quetzal-bebe-ottoniel-cojulun-1.webp\" class=\"attachment-large size-large wp-image-630\" alt=\"Un pich\u00f3n de Quetzal espera que sus padres le lleven alimentos.\" srcset=\"https:\/\/soymigrante.com\/revista\/wp-content\/uploads\/2023\/03\/soy-migrante-quetzal-bebe-ottoniel-cojulun-1.webp 999w, https:\/\/soymigrante.com\/revista\/wp-content\/uploads\/2023\/03\/soy-migrante-quetzal-bebe-ottoniel-cojulun-1-300x300.webp 300w, https:\/\/soymigrante.com\/revista\/wp-content\/uploads\/2023\/03\/soy-migrante-quetzal-bebe-ottoniel-cojulun-1-150x150.webp 150w, https:\/\/soymigrante.com\/revista\/wp-content\/uploads\/2023\/03\/soy-migrante-quetzal-bebe-ottoniel-cojulun-1-768x768.jpg 768w, https:\/\/soymigrante.com\/revista\/wp-content\/uploads\/2023\/03\/soy-migrante-quetzal-bebe-ottoniel-cojulun-1-75x75.webp 75w, https:\/\/soymigrante.com\/revista\/wp-content\/uploads\/2023\/03\/soy-migrante-quetzal-bebe-ottoniel-cojulun-1-750x750.webp 750w, https:\/\/soymigrante.com\/revista\/wp-content\/uploads\/2023\/03\/soy-migrante-quetzal-bebe-ottoniel-cojulun-1-600x600.jpg 600w\" sizes=\"(max-width: 999px) 100vw, 999px\" title=\"Un pich\u00f3n de Quetzal espera que sus padres le lleven alimentos. \u2013 SoyMigrante.com REVISTA\" \/>\t\t\t\t\t\t\t\t\t\t\t<figcaption class=\"widget-image-caption wp-caption-text\">Pich\u00f3n de Quetzal a unas pocas semanas de nacido. Fotograf\u00eda Ottoniel Cojul\u00fan.<\/figcaption>\n\t\t\t\t\t\t\t\t\t\t<\/figure>\n\t\t\t\t\t\t\t\t\t<\/div>\n\t\t\t\t\t<\/div>\n\t\t<\/div>\n\t\t\t\t\t<\/div>\n\t\t<\/section>\n\t\t\t\t<section data-particle_enable=\"false\" data-particle-mobile-disabled=\"false\" class=\"elementor-section elementor-top-section elementor-element elementor-element-fc0ae8a elementor-section-boxed elementor-section-height-default elementor-section-height-default\" data-id=\"fc0ae8a\" data-element_type=\"section\" data-e-type=\"section\">\n\t\t\t\t\t\t<div class=\"elementor-container elementor-column-gap-default\">\n\t\t\t\t\t<div class=\"elementor-column elementor-col-100 elementor-top-column elementor-element elementor-element-46e4431\" data-id=\"46e4431\" data-element_type=\"column\" data-e-type=\"column\">\n\t\t\t<div class=\"elementor-widget-wrap elementor-element-populated\">\n\t\t\t\t\t\t<div class=\"elementor-element elementor-element-1be2826 elementor-widget elementor-widget-text-editor\" data-id=\"1be2826\" data-element_type=\"widget\" data-e-type=\"widget\" data-widget_type=\"text-editor.default\">\n\t\t\t\t\t\t\t\t\t<p dir=\"ltr\" role=\"presentation\">El Quetzal pertenece a la familia de los trogones. El nombre de los trogones proviene de un t\u00e9rmino griego que significa &#8216;mordisquear.&#8217; Este t\u00e9rmino hace referencia a su h\u00e1bito de horadar agujeros en \u00e1rboles viejos. Tambi\u00e9n ampl\u00edan nidos abandonados por otras aves para establecer sus propios nidos.<\/p><p dir=\"ltr\" role=\"presentation\">El nombre cient\u00edfico es <span style=\"color: var( --e-global-color-text ); background-color: var(--ak-bg-color);\">Pharomachros Mocinno Mocinno de la Llave. Del griego pharos (manto)\u00a0y\u00a0makros (largo). La palabra\u00a0mocinno\u00a0hace referencia a\u00a0<\/span><a style=\"background-color: var(--ak-bg-color);\" href=\"https:\/\/es.wikipedia.org\/wiki\/Jos%C3%A9_Mariano_Moci%C3%B1o_Su%C3%A1rez_Lozano\">Jos\u00e9 Mariano Moci\u00f1o Su\u00e1rez Lozano<\/a><span style=\"color: var( --e-global-color-text ); background-color: var(--ak-bg-color);\">, naturalista de la\u00a0<\/span><a style=\"background-color: var(--ak-bg-color);\" href=\"https:\/\/es.wikipedia.org\/wiki\/Nueva_Espa%C3%B1a\">Nueva Espa\u00f1a<\/a><span style=\"color: var( --e-global-color-text ); background-color: var(--ak-bg-color);\">, que fue maestro de Pablo de la Llave.<\/span><\/p>\t\t\t\t\t\t\t\t<\/div>\n\t\t\t\t\t<\/div>\n\t\t<\/div>\n\t\t\t\t\t<\/div>\n\t\t<\/section>\n\t\t\t\t<section data-particle_enable=\"false\" data-particle-mobile-disabled=\"false\" class=\"elementor-section elementor-top-section elementor-element elementor-element-a66cbfa elementor-section-boxed elementor-section-height-default elementor-section-height-default\" data-id=\"a66cbfa\" data-element_type=\"section\" data-e-type=\"section\">\n\t\t\t\t\t\t<div class=\"elementor-container elementor-column-gap-default\">\n\t\t\t\t\t<div class=\"elementor-column elementor-col-100 elementor-top-column elementor-element elementor-element-3f82be6\" data-id=\"3f82be6\" data-element_type=\"column\" data-e-type=\"column\">\n\t\t\t<div class=\"elementor-widget-wrap elementor-element-populated\">\n\t\t\t\t\t\t<div class=\"elementor-element elementor-element-8247bc6 elementor-widget elementor-widget-heading\" data-id=\"8247bc6\" data-element_type=\"widget\" data-e-type=\"widget\" data-widget_type=\"heading.default\">\n\t\t\t\t\t<h3 class=\"elementor-heading-title elementor-size-default\">\u00bfQu\u00e9 riesgos enfrenta la sobrevivencia del Quetzal, ave nacional de Guatemala?<\/h3>\t\t\t\t<\/div>\n\t\t\t\t<div class=\"elementor-element elementor-element-01f7c34 elementor-widget elementor-widget-image\" data-id=\"01f7c34\" data-element_type=\"widget\" data-e-type=\"widget\" data-widget_type=\"image.default\">\n\t\t\t\t\t\t\t\t\t\t\t\t<figure class=\"wp-caption\">\n\t\t\t\t\t\t\t\t\t\t<img loading=\"lazy\" decoding=\"async\" width=\"999\" height=\"999\" src=\"https:\/\/soymigrante.com\/revista\/wp-content\/uploads\/2023\/03\/soy-migrante-quetzal-alimenta-credito-ottoniel-cojulun.webp\" class=\"attachment-large size-large wp-image-622\" alt=\"En la neblina de la ma\u00f1ana, un quetzal lleva alimento a su cr\u00eda..\" srcset=\"https:\/\/soymigrante.com\/revista\/wp-content\/uploads\/2023\/03\/soy-migrante-quetzal-alimenta-credito-ottoniel-cojulun.webp 999w, https:\/\/soymigrante.com\/revista\/wp-content\/uploads\/2023\/03\/soy-migrante-quetzal-alimenta-credito-ottoniel-cojulun-300x300.webp 300w, https:\/\/soymigrante.com\/revista\/wp-content\/uploads\/2023\/03\/soy-migrante-quetzal-alimenta-credito-ottoniel-cojulun-150x150.webp 150w, https:\/\/soymigrante.com\/revista\/wp-content\/uploads\/2023\/03\/soy-migrante-quetzal-alimenta-credito-ottoniel-cojulun-768x768.jpg 768w, https:\/\/soymigrante.com\/revista\/wp-content\/uploads\/2023\/03\/soy-migrante-quetzal-alimenta-credito-ottoniel-cojulun-75x75.webp 75w, https:\/\/soymigrante.com\/revista\/wp-content\/uploads\/2023\/03\/soy-migrante-quetzal-alimenta-credito-ottoniel-cojulun-750x750.webp 750w, https:\/\/soymigrante.com\/revista\/wp-content\/uploads\/2023\/03\/soy-migrante-quetzal-alimenta-credito-ottoniel-cojulun-600x600.jpg 600w\" sizes=\"(max-width: 999px) 100vw, 999px\" title=\"En la neblina de la ma\u00f1ana, un quetzal lleva alimento a su cr\u00eda.. \u2013 SoyMigrante.com REVISTA\" \/>\t\t\t\t\t\t\t\t\t\t\t<figcaption class=\"widget-image-caption wp-caption-text\">Los quetzales viven en parejas de por vida y se turnan para cuidar y alimentar a las cr\u00edas. Fotograf\u00eda Ottoniel Cojulun.<\/figcaption>\n\t\t\t\t\t\t\t\t\t\t<\/figure>\n\t\t\t\t\t\t\t\t\t<\/div>\n\t\t\t\t\t<\/div>\n\t\t<\/div>\n\t\t\t\t\t<\/div>\n\t\t<\/section>\n\t\t\t\t<section data-particle_enable=\"false\" data-particle-mobile-disabled=\"false\" class=\"elementor-section elementor-top-section elementor-element elementor-element-fc8385a elementor-section-boxed elementor-section-height-default elementor-section-height-default\" data-id=\"fc8385a\" data-element_type=\"section\" data-e-type=\"section\">\n\t\t\t\t\t\t<div class=\"elementor-container elementor-column-gap-default\">\n\t\t\t\t\t<div class=\"elementor-column elementor-col-100 elementor-top-column elementor-element elementor-element-1653308\" data-id=\"1653308\" data-element_type=\"column\" data-e-type=\"column\">\n\t\t\t<div class=\"elementor-widget-wrap elementor-element-populated\">\n\t\t\t\t\t\t<div class=\"elementor-element elementor-element-3c415d3 elementor-widget elementor-widget-text-editor\" data-id=\"3c415d3\" data-element_type=\"widget\" data-e-type=\"widget\" data-widget_type=\"text-editor.default\">\n\t\t\t\t\t\t\t\t\t<p>El Quetzal es una especie end\u00e9mica, es decir s\u00f3lo existe en Mesoam\u00e9rica y\u00a0 en ninguna parte del mundo.\u00a0 Seg\u00fan la Uni\u00f3n Internacional para la Conservaci\u00f3n (UICN),\u00a0 la principal amenaza es por\u00a0 la destrucci\u00f3n de su h\u00e1bitat; el bosque nuboso arriba de los 1,800 metros de altura y la p\u00e9rdida de conexi\u00f3n entre zonas boscosas.<\/p><p><span style=\"color: var( --e-global-color-text ); background-color: var(--ak-bg-color);\">La tala ilegal y las quemas o rozas agr\u00edcolas sin control se han convertido en las mayores enemigas de este s\u00edmbolo nacional.<\/span><\/p>\t\t\t\t\t\t\t\t<\/div>\n\t\t\t\t\t<\/div>\n\t\t<\/div>\n\t\t\t\t\t<\/div>\n\t\t<\/section>\n\t\t\t\t<section data-particle_enable=\"false\" data-particle-mobile-disabled=\"false\" class=\"elementor-section elementor-top-section elementor-element elementor-element-8b7a596 elementor-section-boxed elementor-section-height-default elementor-section-height-default\" data-id=\"8b7a596\" data-element_type=\"section\" data-e-type=\"section\">\n\t\t\t\t\t\t<div class=\"elementor-container elementor-column-gap-default\">\n\t\t\t\t\t<div class=\"elementor-column elementor-col-100 elementor-top-column elementor-element elementor-element-98932fc\" data-id=\"98932fc\" data-element_type=\"column\" data-e-type=\"column\">\n\t\t\t<div class=\"elementor-widget-wrap elementor-element-populated\">\n\t\t\t\t\t\t<div class=\"elementor-element elementor-element-27e9766 elementor-widget elementor-widget-heading\" data-id=\"27e9766\" data-element_type=\"widget\" data-e-type=\"widget\" data-widget_type=\"heading.default\">\n\t\t\t\t\t<h3 class=\"elementor-heading-title elementor-size-default\">\u00bfEl Quetzal, ave nacional de Guatemala, canta? <\/h3>\t\t\t\t<\/div>\n\t\t\t\t\t<\/div>\n\t\t<\/div>\n\t\t\t\t\t<\/div>\n\t\t<\/section>\n\t\t\t\t<section data-particle_enable=\"false\" data-particle-mobile-disabled=\"false\" class=\"elementor-section elementor-top-section elementor-element elementor-element-a2b7da7 elementor-section-boxed elementor-section-height-default elementor-section-height-default\" data-id=\"a2b7da7\" data-element_type=\"section\" data-e-type=\"section\">\n\t\t\t\t\t\t<div class=\"elementor-container elementor-column-gap-default\">\n\t\t\t\t\t<div class=\"elementor-column elementor-col-100 elementor-top-column elementor-element elementor-element-5e33b78\" data-id=\"5e33b78\" data-element_type=\"column\" data-e-type=\"column\">\n\t\t\t<div class=\"elementor-widget-wrap elementor-element-populated\">\n\t\t\t\t\t\t<div class=\"elementor-element elementor-element-2d78965 elementor-widget elementor-widget-video\" data-id=\"2d78965\" data-element_type=\"widget\" data-e-type=\"widget\" data-settings=\"{&quot;youtube_url&quot;:&quot;https:\\\/\\\/www.youtube.com\\\/watch?v=LrpDMT8qyus&quot;,&quot;loop&quot;:&quot;yes&quot;,&quot;video_type&quot;:&quot;youtube&quot;,&quot;controls&quot;:&quot;yes&quot;}\" data-widget_type=\"video.default\">\n\t\t\t\t\t\t\t<div class=\"elementor-wrapper elementor-open-inline\">\n\t\t\t<div class=\"elementor-video\"><\/div>\t\t<\/div>\n\t\t\t\t\t\t<\/div>\n\t\t\t\t\t<\/div>\n\t\t<\/div>\n\t\t\t\t\t<\/div>\n\t\t<\/section>\n\t\t\t\t<section data-particle_enable=\"false\" data-particle-mobile-disabled=\"false\" class=\"elementor-section elementor-top-section elementor-element elementor-element-9970d32 elementor-section-boxed elementor-section-height-default elementor-section-height-default\" data-id=\"9970d32\" data-element_type=\"section\" data-e-type=\"section\">\n\t\t\t\t\t\t<div class=\"elementor-container elementor-column-gap-default\">\n\t\t\t\t\t<div class=\"elementor-column elementor-col-100 elementor-top-column elementor-element elementor-element-92a17a6\" data-id=\"92a17a6\" data-element_type=\"column\" data-e-type=\"column\">\n\t\t\t<div class=\"elementor-widget-wrap elementor-element-populated\">\n\t\t\t\t\t\t<div class=\"elementor-element elementor-element-e9d75b4 elementor-widget elementor-widget-text-editor\" data-id=\"e9d75b4\" data-element_type=\"widget\" data-e-type=\"widget\" data-widget_type=\"text-editor.default\">\n\t\t\t\t\t\t\t\t\t<p><span style=\"font-weight: 400;\">S\u00ed, como toda ave, el Quetzal tiene un canto.\u00a0 Este consiste en una serie de notas profundas pero suaves en un patr\u00f3n simple.\u00a0 B\u00e1sicamente utiliza este sonido para delimitar su territorio y en \u00e9poca de apareamiento\u00a0 tiene la finalidad de cortejar a la hembra.\u00a0\u00a0<\/span><\/p>\t\t\t\t\t\t\t\t<\/div>\n\t\t\t\t\t<\/div>\n\t\t<\/div>\n\t\t\t\t\t<\/div>\n\t\t<\/section>\n\t\t\t\t<section data-particle_enable=\"false\" data-particle-mobile-disabled=\"false\" class=\"elementor-section elementor-top-section elementor-element elementor-element-892a300 elementor-section-boxed elementor-section-height-default elementor-section-height-default\" data-id=\"892a300\" data-element_type=\"section\" data-e-type=\"section\">\n\t\t\t\t\t\t<div class=\"elementor-container elementor-column-gap-default\">\n\t\t\t\t\t<div class=\"elementor-column elementor-col-100 elementor-top-column elementor-element elementor-element-3316de9\" data-id=\"3316de9\" data-element_type=\"column\" data-e-type=\"column\">\n\t\t\t<div class=\"elementor-widget-wrap elementor-element-populated\">\n\t\t\t\t\t\t<div class=\"elementor-element elementor-element-d79ad6b elementor-widget elementor-widget-heading\" data-id=\"d79ad6b\" data-element_type=\"widget\" data-e-type=\"widget\" data-widget_type=\"heading.default\">\n\t\t\t\t\t<h3 class=\"elementor-heading-title elementor-size-default\">\u00bfC\u00f3mo se llama el \u00e1rbol del cual se alimenta el ave nacional de Guatemala, el Quetzal?<\/h3>\t\t\t\t<\/div>\n\t\t\t\t\t<\/div>\n\t\t<\/div>\n\t\t\t\t\t<\/div>\n\t\t<\/section>\n\t\t\t\t<section data-particle_enable=\"false\" data-particle-mobile-disabled=\"false\" class=\"elementor-section elementor-top-section elementor-element elementor-element-b14f600 elementor-section-boxed elementor-section-height-default elementor-section-height-default\" data-id=\"b14f600\" data-element_type=\"section\" data-e-type=\"section\">\n\t\t\t\t\t\t<div class=\"elementor-container elementor-column-gap-default\">\n\t\t\t\t\t<div class=\"elementor-column elementor-col-100 elementor-top-column elementor-element elementor-element-e995cd5\" data-id=\"e995cd5\" data-element_type=\"column\" data-e-type=\"column\">\n\t\t\t<div class=\"elementor-widget-wrap elementor-element-populated\">\n\t\t\t\t\t\t<div class=\"elementor-element elementor-element-dedaa89 elementor-widget elementor-widget-facebook-embed\" data-id=\"dedaa89\" data-element_type=\"widget\" data-e-type=\"widget\" data-widget_type=\"facebook-embed.default\">\n\t\t\t\t\t<div style=\"min-height: 1px\" class=\"elementor-facebook-widget fb-video\" data-href=\"https:\/\/www.facebook.com\/OttonielCojulun\/videos\/10158347489563723\" data-show-text=\"false\" data-allowfullscreen=\"false\" data-autoplay=\"false\" data-show-captions=\"false\"><\/div>\t\t\t\t<\/div>\n\t\t\t\t\t<\/div>\n\t\t<\/div>\n\t\t\t\t\t<\/div>\n\t\t<\/section>\n\t\t\t\t<section data-particle_enable=\"false\" data-particle-mobile-disabled=\"false\" class=\"elementor-section elementor-top-section elementor-element elementor-element-19f9063 elementor-section-boxed elementor-section-height-default elementor-section-height-default\" data-id=\"19f9063\" data-element_type=\"section\" data-e-type=\"section\">\n\t\t\t\t\t\t<div class=\"elementor-container elementor-column-gap-default\">\n\t\t\t\t\t<div class=\"elementor-column elementor-col-100 elementor-top-column elementor-element elementor-element-85150be\" data-id=\"85150be\" data-element_type=\"column\" data-e-type=\"column\">\n\t\t\t<div class=\"elementor-widget-wrap elementor-element-populated\">\n\t\t\t\t\t\t<div class=\"elementor-element elementor-element-37ce40f elementor-widget elementor-widget-text-editor\" data-id=\"37ce40f\" data-element_type=\"widget\" data-e-type=\"widget\" data-widget_type=\"text-editor.default\">\n\t\t\t\t\t\t\t\t\t<p><span style=\"font-weight: 400; color: var( --e-global-color-text ); background-color: var(--ak-bg-color);\">Nuestro Quetzal es una especie principalmente frug\u00edvora, es decir, que come frutas. Usualmente arrancan frutos de \u00e1rboles como el Aguacatillo. Sin embargo tambi\u00e9n pueden cazar lagartijas e insectos en el suelo o troncos.\u00a0<\/span><\/p><p><span style=\"font-weight: 400; color: var( --e-global-color-text ); background-color: var(--ak-bg-color);\">Es por ello que la deforestaci\u00f3n les impacta tanto, debido a que se quedan sin fuente de alimento en el radio de su territorio, que no sobrepasa los 5 kil\u00f3metros a la redonda.<\/span><\/p>\t\t\t\t\t\t\t\t<\/div>\n\t\t\t\t\t<\/div>\n\t\t<\/div>\n\t\t\t\t\t<\/div>\n\t\t<\/section>\n\t\t\t\t<section data-particle_enable=\"false\" data-particle-mobile-disabled=\"false\" class=\"elementor-section elementor-top-section elementor-element elementor-element-8f5e52d elementor-section-boxed elementor-section-height-default elementor-section-height-default\" data-id=\"8f5e52d\" data-element_type=\"section\" data-e-type=\"section\">\n\t\t\t\t\t\t<div class=\"elementor-container elementor-column-gap-default\">\n\t\t\t\t\t<div class=\"elementor-column elementor-col-100 elementor-top-column elementor-element elementor-element-b37e659\" data-id=\"b37e659\" data-element_type=\"column\" data-e-type=\"column\">\n\t\t\t<div class=\"elementor-widget-wrap elementor-element-populated\">\n\t\t\t\t\t\t<div class=\"elementor-element elementor-element-1b1ddb9 elementor-widget elementor-widget-heading\" data-id=\"1b1ddb9\" data-element_type=\"widget\" data-e-type=\"widget\" data-widget_type=\"heading.default\">\n\t\t\t\t\t<h3 class=\"elementor-heading-title elementor-size-default\">\u00bfPorqu\u00e9 ser un s\u00edmbolo sagrado le pod\u00eda costar la vida al Quetzal?<\/h3>\t\t\t\t<\/div>\n\t\t\t\t<div class=\"elementor-element elementor-element-ac10622 elementor-widget elementor-widget-image\" data-id=\"ac10622\" data-element_type=\"widget\" data-e-type=\"widget\" data-widget_type=\"image.default\">\n\t\t\t\t\t\t\t\t\t\t\t\t<figure class=\"wp-caption\">\n\t\t\t\t\t\t\t\t\t\t<img loading=\"lazy\" decoding=\"async\" width=\"1024\" height=\"683\" src=\"https:\/\/soymigrante.com\/revista\/wp-content\/uploads\/2023\/03\/soy-migrante-quetzal-penacho-de-moctezuma-1024x683.jpeg\" class=\"attachment-large size-large wp-image-627\" alt=\"Elaborado con plumas de quetzal, oro y jade, este penacho azteca es uno de los pocos tocados preshisp\u00e1nicos que se conservan.\" srcset=\"https:\/\/soymigrante.com\/revista\/wp-content\/uploads\/2023\/03\/soy-migrante-quetzal-penacho-de-moctezuma-1024x683.jpeg 1024w, https:\/\/soymigrante.com\/revista\/wp-content\/uploads\/2023\/03\/soy-migrante-quetzal-penacho-de-moctezuma-300x200.webp 300w, https:\/\/soymigrante.com\/revista\/wp-content\/uploads\/2023\/03\/soy-migrante-quetzal-penacho-de-moctezuma-768x512.jpeg 768w, https:\/\/soymigrante.com\/revista\/wp-content\/uploads\/2023\/03\/soy-migrante-quetzal-penacho-de-moctezuma-1536x1024.jpeg 1536w, https:\/\/soymigrante.com\/revista\/wp-content\/uploads\/2023\/03\/soy-migrante-quetzal-penacho-de-moctezuma-2048x1365.jpeg 2048w, https:\/\/soymigrante.com\/revista\/wp-content\/uploads\/2023\/03\/soy-migrante-quetzal-penacho-de-moctezuma-750x500.webp 750w, https:\/\/soymigrante.com\/revista\/wp-content\/uploads\/2023\/03\/soy-migrante-quetzal-penacho-de-moctezuma-1140x760.jpeg 1140w, https:\/\/soymigrante.com\/revista\/wp-content\/uploads\/2023\/03\/soy-migrante-quetzal-penacho-de-moctezuma-600x400.jpeg 600w, https:\/\/soymigrante.com\/revista\/wp-content\/uploads\/2023\/03\/soy-migrante-quetzal-penacho-de-moctezuma-scaled.webp 1920w\" sizes=\"(max-width: 1024px) 100vw, 1024px\" title=\"Pieza prehisp\u00e1nica \u2013 SoyMigrante.com REVISTA\" \/>\t\t\t\t\t\t\t\t\t\t\t<figcaption class=\"widget-image-caption wp-caption-text\">El tocado de Moctezuma es una de las pocas piezas prehisp\u00e1nicas elaboradas con plumas de quetzal que se conservan hasta la actualidad. Museo Etnol\u00f3gico de Viena.<\/figcaption>\n\t\t\t\t\t\t\t\t\t\t<\/figure>\n\t\t\t\t\t\t\t\t\t<\/div>\n\t\t\t\t\t<\/div>\n\t\t<\/div>\n\t\t\t\t\t<\/div>\n\t\t<\/section>\n\t\t\t\t<section data-particle_enable=\"false\" data-particle-mobile-disabled=\"false\" class=\"elementor-section elementor-top-section elementor-element elementor-element-47f9854 elementor-section-boxed elementor-section-height-default elementor-section-height-default\" data-id=\"47f9854\" data-element_type=\"section\" data-e-type=\"section\">\n\t\t\t\t\t\t<div class=\"elementor-container elementor-column-gap-default\">\n\t\t\t\t\t<div class=\"elementor-column elementor-col-100 elementor-top-column elementor-element elementor-element-8915106\" data-id=\"8915106\" data-element_type=\"column\" data-e-type=\"column\">\n\t\t\t<div class=\"elementor-widget-wrap elementor-element-populated\">\n\t\t\t\t\t\t<div class=\"elementor-element elementor-element-1a21f36 elementor-widget elementor-widget-text-editor\" data-id=\"1a21f36\" data-element_type=\"widget\" data-e-type=\"widget\" data-widget_type=\"text-editor.default\">\n\t\t\t\t\t\t\t\t\t<p>En la \u00e9poca prehisp\u00e1nica las plumas de quetzal llegaron a ser cotizadas como moneda y como ornamento. Cronistas coloniales como Bernardino de Sahag\u00fan registraron algunas incursiones de cazadores aztecas\u00a0 en el territorio maya de Chiapas, con el fin de aprovechar las mayores poblaciones de esta ave en el territorio mesoamericano, las cuales cazaban con cerbatanas para no arruinar las plumas. Sin embargo a menudo al arrancarle las plumas, el ave no sobreviv\u00eda.<\/p><p>Una evidencia de este uso es el llamado Penacho de Moctezuma, que actualmente se exhibe en el Museo Etnol\u00f3gico de Viena.<span style=\"color: var( --e-global-color-text ); background-color: var(--ak-bg-color);\">\u00a0 Tan solo para elaborar un ornamento para la cabeza, como el original que se exhibe en el Museo de Etnolog\u00eda de Viena, Austria, se habr\u00eda necesitado de la captura de al menos 225 Quetzales machos adultos. Actualmente est\u00e1 prohibida por ley la caza o recolecci\u00f3n de plumas de Quetzal.\u00a0<br \/><\/span><\/p>\t\t\t\t\t\t\t\t<\/div>\n\t\t\t\t\t<\/div>\n\t\t<\/div>\n\t\t\t\t\t<\/div>\n\t\t<\/section>\n\t\t\t\t<section data-particle_enable=\"false\" data-particle-mobile-disabled=\"false\" class=\"elementor-section elementor-top-section elementor-element elementor-element-f93e45e elementor-section-boxed elementor-section-height-default elementor-section-height-default\" data-id=\"f93e45e\" data-element_type=\"section\" data-e-type=\"section\">\n\t\t\t\t\t\t<div class=\"elementor-container elementor-column-gap-default\">\n\t\t\t\t\t<div class=\"elementor-column elementor-col-100 elementor-top-column elementor-element elementor-element-913b902\" data-id=\"913b902\" data-element_type=\"column\" data-e-type=\"column\">\n\t\t\t<div class=\"elementor-widget-wrap elementor-element-populated\">\n\t\t\t\t\t\t<div class=\"elementor-element elementor-element-0a901d0 elementor-widget elementor-widget-heading\" data-id=\"0a901d0\" data-element_type=\"widget\" data-e-type=\"widget\" data-widget_type=\"heading.default\">\n\t\t\t\t\t<h3 class=\"elementor-heading-title elementor-size-default\">\u00bfEs cierto que el Quetzal puede ser un aliado de la biodiversidad? <\/h3>\t\t\t\t<\/div>\n\t\t\t\t<div class=\"elementor-element elementor-element-1cbafb9 elementor-widget elementor-widget-image\" data-id=\"1cbafb9\" data-element_type=\"widget\" data-e-type=\"widget\" data-widget_type=\"image.default\">\n\t\t\t\t\t\t\t\t\t\t\t\t<figure class=\"wp-caption\">\n\t\t\t\t\t\t\t\t\t\t<img loading=\"lazy\" decoding=\"async\" width=\"1024\" height=\"734\" src=\"https:\/\/soymigrante.com\/revista\/wp-content\/uploads\/2023\/03\/soy-migrante-quetzal-alimenta-mayo-22-foto-ottoniel-cojulun-1024x734.jpg\" class=\"attachment-large size-large wp-image-624\" alt=\"El Quetzal no solo depende del ecosistema sino tambi\u00e9n contribuye a preservarlo, al menos si no se interrumpe el ciclo natural.\u00a0\" srcset=\"https:\/\/soymigrante.com\/revista\/wp-content\/uploads\/2023\/03\/soy-migrante-quetzal-alimenta-mayo-22-foto-ottoniel-cojulun-1024x734.jpg 1024w, https:\/\/soymigrante.com\/revista\/wp-content\/uploads\/2023\/03\/soy-migrante-quetzal-alimenta-mayo-22-foto-ottoniel-cojulun-300x215.webp 300w, https:\/\/soymigrante.com\/revista\/wp-content\/uploads\/2023\/03\/soy-migrante-quetzal-alimenta-mayo-22-foto-ottoniel-cojulun-768x550.jpg 768w, https:\/\/soymigrante.com\/revista\/wp-content\/uploads\/2023\/03\/soy-migrante-quetzal-alimenta-mayo-22-foto-ottoniel-cojulun-120x86.webp 120w, https:\/\/soymigrante.com\/revista\/wp-content\/uploads\/2023\/03\/soy-migrante-quetzal-alimenta-mayo-22-foto-ottoniel-cojulun-350x250.webp 350w, https:\/\/soymigrante.com\/revista\/wp-content\/uploads\/2023\/03\/soy-migrante-quetzal-alimenta-mayo-22-foto-ottoniel-cojulun-750x537.webp 750w, https:\/\/soymigrante.com\/revista\/wp-content\/uploads\/2023\/03\/soy-migrante-quetzal-alimenta-mayo-22-foto-ottoniel-cojulun-1140x817.jpg 1140w, https:\/\/soymigrante.com\/revista\/wp-content\/uploads\/2023\/03\/soy-migrante-quetzal-alimenta-mayo-22-foto-ottoniel-cojulun.webp 1394w\" sizes=\"(max-width: 1024px) 100vw, 1024px\" title=\"El Quetzal no solo depende del ecosistema sino tambi\u00e9n contribuye a preservarlo, al menos si no se interrumpe el ciclo natural.\u00a0 \u2013 SoyMigrante.com REVISTA\" \/>\t\t\t\t\t\t\t\t\t\t\t<figcaption class=\"widget-image-caption wp-caption-text\">Los quetzales ampl\u00edan agujeros en troncos o tocones para construir sus nidos.<\/figcaption>\n\t\t\t\t\t\t\t\t\t\t<\/figure>\n\t\t\t\t\t\t\t\t\t<\/div>\n\t\t\t\t\t<\/div>\n\t\t<\/div>\n\t\t\t\t\t<\/div>\n\t\t<\/section>\n\t\t\t\t<section data-particle_enable=\"false\" data-particle-mobile-disabled=\"false\" class=\"elementor-section elementor-top-section elementor-element elementor-element-ba4ca49 elementor-section-boxed elementor-section-height-default elementor-section-height-default\" data-id=\"ba4ca49\" data-element_type=\"section\" data-e-type=\"section\">\n\t\t\t\t\t\t<div class=\"elementor-container elementor-column-gap-default\">\n\t\t\t\t\t<div class=\"elementor-column elementor-col-100 elementor-top-column elementor-element elementor-element-acf98a1\" data-id=\"acf98a1\" data-element_type=\"column\" data-e-type=\"column\">\n\t\t\t<div class=\"elementor-widget-wrap elementor-element-populated\">\n\t\t\t\t\t\t<div class=\"elementor-element elementor-element-cf36cc9 elementor-widget elementor-widget-text-editor\" data-id=\"cf36cc9\" data-element_type=\"widget\" data-e-type=\"widget\" data-widget_type=\"text-editor.default\">\n\t\t\t\t\t\t\t\t\t<p><span style=\"font-weight: 400;\">El Quetzal no solo depende del ecosistema sino tambi\u00e9n contribuye a preservarlo, al menos si no se interrumpe el ciclo natural.\u00a0 Esta especie dispersa semillas de \u00e1rboles propios del bosque nuboso.\u00a0<\/span><\/p><p><span style=\"font-weight: 400;\">Al alimentarse de los frutos de las ramas en pleno vuelo los obliga a volar a alguna percha para tragar y despu\u00e9s regurgitar las semillas. Esto lo hace un buen dispersor de semilla sobre todo en la temporada no reproductiva, cuando cubre mayor \u00e1rea en su desplazamiento.<\/span><\/p><p><span style=\"font-weight: 400;\">\u00a0<\/span><\/p>\t\t\t\t\t\t\t\t<\/div>\n\t\t\t\t\t<\/div>\n\t\t<\/div>\n\t\t\t\t\t<\/div>\n\t\t<\/section>\n\t\t\t\t<section data-particle_enable=\"false\" data-particle-mobile-disabled=\"false\" class=\"elementor-section elementor-top-section elementor-element elementor-element-71583b0 elementor-section-boxed elementor-section-height-default elementor-section-height-default\" data-id=\"71583b0\" data-element_type=\"section\" data-e-type=\"section\">\n\t\t\t\t\t\t<div class=\"elementor-container elementor-column-gap-default\">\n\t\t\t\t\t<div class=\"elementor-column elementor-col-100 elementor-top-column elementor-element elementor-element-123e5e9\" data-id=\"123e5e9\" data-element_type=\"column\" data-e-type=\"column\">\n\t\t\t<div class=\"elementor-widget-wrap elementor-element-populated\">\n\t\t\t\t\t\t<div class=\"elementor-element elementor-element-66b94d9 elementor-widget elementor-widget-heading\" data-id=\"66b94d9\" data-element_type=\"widget\" data-e-type=\"widget\" data-widget_type=\"heading.default\">\n\t\t\t\t\t<h3 class=\"elementor-heading-title elementor-size-default\">\u00bfPor qu\u00e9 el Quetzal es un factor econ\u00f3mico?<\/h3>\t\t\t\t<\/div>\n\t\t\t\t<div class=\"elementor-element elementor-element-8682808 elementor-widget elementor-widget-image\" data-id=\"8682808\" data-element_type=\"widget\" data-e-type=\"widget\" data-widget_type=\"image.default\">\n\t\t\t\t\t\t\t\t\t\t\t\t\t\t\t<img loading=\"lazy\" decoding=\"async\" width=\"1024\" height=\"430\" src=\"https:\/\/soymigrante.com\/revista\/wp-content\/uploads\/2023\/04\/Billete_Q1_Anverso-1024x430.jpg\" class=\"attachment-large size-large wp-image-1020\" alt=\"Quetzal se llama la moneda nacional de Guatemala, creada en 1924.\" srcset=\"https:\/\/soymigrante.com\/revista\/wp-content\/uploads\/2023\/04\/Billete_Q1_Anverso-1024x430.jpg 1024w, https:\/\/soymigrante.com\/revista\/wp-content\/uploads\/2023\/04\/Billete_Q1_Anverso-300x126.webp 300w, https:\/\/soymigrante.com\/revista\/wp-content\/uploads\/2023\/04\/Billete_Q1_Anverso-768x322.jpg 768w, https:\/\/soymigrante.com\/revista\/wp-content\/uploads\/2023\/04\/Billete_Q1_Anverso-1536x645.jpg 1536w, https:\/\/soymigrante.com\/revista\/wp-content\/uploads\/2023\/04\/Billete_Q1_Anverso-750x315.webp 750w, https:\/\/soymigrante.com\/revista\/wp-content\/uploads\/2023\/04\/Billete_Q1_Anverso-1140x479.jpg 1140w, https:\/\/soymigrante.com\/revista\/wp-content\/uploads\/2023\/04\/Billete_Q1_Anverso-rotated.webp 1820w\" sizes=\"(max-width: 1024px) 100vw, 1024px\" title=\"Quetzal se llama la moneda nacional de Guatemala, creada en 1924. \u2013 SoyMigrante.com REVISTA\" \/>\t\t\t\t\t\t\t\t\t\t\t\t\t\t\t<\/div>\n\t\t\t\t\t<\/div>\n\t\t<\/div>\n\t\t\t\t\t<\/div>\n\t\t<\/section>\n\t\t\t\t<section data-particle_enable=\"false\" data-particle-mobile-disabled=\"false\" class=\"elementor-section elementor-top-section elementor-element elementor-element-fcdcf67 elementor-section-boxed elementor-section-height-default elementor-section-height-default\" data-id=\"fcdcf67\" data-element_type=\"section\" data-e-type=\"section\">\n\t\t\t\t\t\t<div class=\"elementor-container elementor-column-gap-default\">\n\t\t\t\t\t<div class=\"elementor-column elementor-col-100 elementor-top-column elementor-element elementor-element-8e727da\" data-id=\"8e727da\" data-element_type=\"column\" data-e-type=\"column\">\n\t\t\t<div class=\"elementor-widget-wrap elementor-element-populated\">\n\t\t\t\t\t\t<div class=\"elementor-element elementor-element-65b3926 elementor-widget elementor-widget-text-editor\" data-id=\"65b3926\" data-element_type=\"widget\" data-e-type=\"widget\" data-widget_type=\"text-editor.default\">\n\t\t\t\t\t\t\t\t\t<p><span style=\"font-weight: 400;\">Quet<a href=\"https:\/\/soymigrante.com\/revista\/la-moneda-nacional-de-guatemala-el-quetzal-cumple-100-anos\/\">zal se llama la moneda nacional de Guatemala, creada en 1924<\/a>. Pero adem\u00e1s, el ave en s\u00ed misma constituye una joya para el turismo de avistamiento de aves o aviturismo. Atrae visitantes a las comunidades pr\u00f3ximas a bosques nubosos y con ello genera posibilidad de beneficio econ\u00f3mico para pobladores. En Purulh\u00e1, Baja Verapaz, todo el sector tur\u00edstico alrededor del Biotopo para la conservaci\u00f3n del Quetzal ha crecido y se pueden encontrar diversas \u00e1reas naturales protegidas que ofrecen servicios.\u00a0<\/span><\/p><p><span style=\"font-weight: 400;\">En Santiago Atitl\u00e1n a partir de 2016 incrementaron los tours de naturaleza para la observaci\u00f3n del Quetzal. En San Rafael Pie de la Cuesta, San Marcos, se ha incrementado la cantidad de visitantes, por lo cual proteger la especie y preservar los bosques tiene mayor ventaja estrat\u00e9gica que reducirlos a sembrad\u00edos o pastizales.<\/span><\/p>\t\t\t\t\t\t\t\t<\/div>\n\t\t\t\t\t<\/div>\n\t\t<\/div>\n\t\t\t\t\t<\/div>\n\t\t<\/section>\n\t\t\t\t<section data-particle_enable=\"false\" data-particle-mobile-disabled=\"false\" class=\"elementor-section elementor-top-section elementor-element elementor-element-d1afa63 elementor-section-boxed elementor-section-height-default elementor-section-height-default\" data-id=\"d1afa63\" data-element_type=\"section\" data-e-type=\"section\">\n\t\t\t\t\t\t<div class=\"elementor-container elementor-column-gap-default\">\n\t\t\t\t\t<div class=\"elementor-column elementor-col-100 elementor-top-column elementor-element elementor-element-fac21f4\" data-id=\"fac21f4\" data-element_type=\"column\" data-e-type=\"column\">\n\t\t\t<div class=\"elementor-widget-wrap elementor-element-populated\">\n\t\t\t\t\t\t<div class=\"elementor-element elementor-element-360bfd3 elementor-widget elementor-widget-heading\" data-id=\"360bfd3\" data-element_type=\"widget\" data-e-type=\"widget\" data-widget_type=\"heading.default\">\n\t\t\t\t\t<h3 class=\"elementor-heading-title elementor-size-default\">\u00bfCu\u00e1ndo se decret\u00f3 que el Quetzal fuera un s\u00edmbolo nacional? <\/h3>\t\t\t\t<\/div>\n\t\t\t\t<div class=\"elementor-element elementor-element-118e988 elementor-widget elementor-widget-image\" data-id=\"118e988\" data-element_type=\"widget\" data-e-type=\"widget\" data-widget_type=\"image.default\">\n\t\t\t\t\t\t\t\t\t\t\t\t<figure class=\"wp-caption\">\n\t\t\t\t\t\t\t\t\t\t<img loading=\"lazy\" decoding=\"async\" width=\"1024\" height=\"716\" src=\"https:\/\/soymigrante.com\/revista\/wp-content\/uploads\/2023\/04\/Escudo-de-Guatemala-en-el-Palacio-Nacional-de-la-Cultura-1024x716.jpg\" class=\"attachment-large size-large wp-image-1019\" alt=\"Escudo de Guatemala en el Palacio Nacional de la Cultura\" srcset=\"https:\/\/soymigrante.com\/revista\/wp-content\/uploads\/2023\/04\/Escudo-de-Guatemala-en-el-Palacio-Nacional-de-la-Cultura-1024x716.jpg 1024w, https:\/\/soymigrante.com\/revista\/wp-content\/uploads\/2023\/04\/Escudo-de-Guatemala-en-el-Palacio-Nacional-de-la-Cultura-300x210.webp 300w, https:\/\/soymigrante.com\/revista\/wp-content\/uploads\/2023\/04\/Escudo-de-Guatemala-en-el-Palacio-Nacional-de-la-Cultura-768x537.jpg 768w, https:\/\/soymigrante.com\/revista\/wp-content\/uploads\/2023\/04\/Escudo-de-Guatemala-en-el-Palacio-Nacional-de-la-Cultura-750x524.webp 750w, https:\/\/soymigrante.com\/revista\/wp-content\/uploads\/2023\/04\/Escudo-de-Guatemala-en-el-Palacio-Nacional-de-la-Cultura-1140x797.jpg 1140w, https:\/\/soymigrante.com\/revista\/wp-content\/uploads\/2023\/04\/Escudo-de-Guatemala-en-el-Palacio-Nacional-de-la-Cultura.webp 1280w\" sizes=\"(max-width: 1024px) 100vw, 1024px\" title=\"Escudo de Guatemala en el Palacio Nacional de la Cultura \u2013 SoyMigrante.com REVISTA\" \/>\t\t\t\t\t\t\t\t\t\t\t<figcaption class=\"widget-image-caption wp-caption-text\">Escudo en el Sal\u00f3n de las Banderas del Palacio Nacional de la Cultura, \u00fanico en su tipo elaborado con los elementos s\u00edmbolicos, incluyendo un quetzal disecado.. Fotograf\u00eda twitter Ministerio de Cultura y Deportes de Guatemala.<\/figcaption>\n\t\t\t\t\t\t\t\t\t\t<\/figure>\n\t\t\t\t\t\t\t\t\t<\/div>\n\t\t\t\t\t<\/div>\n\t\t<\/div>\n\t\t\t\t\t<\/div>\n\t\t<\/section>\n\t\t\t\t<section data-particle_enable=\"false\" data-particle-mobile-disabled=\"false\" class=\"elementor-section elementor-top-section elementor-element elementor-element-9ee86d3 elementor-section-boxed elementor-section-height-default elementor-section-height-default\" data-id=\"9ee86d3\" data-element_type=\"section\" data-e-type=\"section\">\n\t\t\t\t\t\t<div class=\"elementor-container elementor-column-gap-default\">\n\t\t\t\t\t<div class=\"elementor-column elementor-col-100 elementor-top-column elementor-element elementor-element-eec5b3b\" data-id=\"eec5b3b\" data-element_type=\"column\" data-e-type=\"column\">\n\t\t\t<div class=\"elementor-widget-wrap elementor-element-populated\">\n\t\t\t\t\t\t<div class=\"elementor-element elementor-element-84fde82 elementor-widget elementor-widget-text-editor\" data-id=\"84fde82\" data-element_type=\"widget\" data-e-type=\"widget\" data-widget_type=\"text-editor.default\">\n\t\t\t\t\t\t\t\t\t<p>Durante las conmemoraciones de los 50 a\u00f1os de independencia de Guatemala, en septiembre de 1871, se efectu\u00f3 una recepci\u00f3n. El sal\u00f3n estaba presidido por un ornamento elaborado por Juan Bautista Frenner, grabador suizo que estaba a cargo de la Casa de la Moneda.<br \/>Dicho decorado presentaba los fusiles Remington y los sables utilizados por el ej\u00e9rcito liberal. Tambi\u00e9n hab\u00eda ramas de laurel en representaci\u00f3n de la victoria. Enmedio, un pergamino con la fecha de la emancipaci\u00f3n pol\u00edtica de Espa\u00f1a y en el centro, un Quetzal disecado, para representar la libertad.<br \/>Al general Justo Rufino Barrios\u00a0 y a Miguel Garc\u00eda Granados les gust\u00f3 el concepto y en noviembre de aquel mismo a\u00f1o quedaron decretados el escudo nacional y el ave nacional.<\/p><p>Con informaci\u00f3n de la Estrategia Nacional para la Conservaci\u00f3n del Quetzal, Conap, 2021.<br \/>M\u00e1s fotograf\u00edas de quetzales en Facebook de Ottoniel Supertramp.<\/p>\t\t\t\t\t\t\t\t<\/div>\n\t\t\t\t\t<\/div>\n\t\t<\/div>\n\t\t\t\t\t<\/div>\n\t\t<\/section>\n\t\t<div data-particle_enable=\"false\" data-particle-mobile-disabled=\"false\" class=\"elementor-element elementor-element-853cada e-flex e-con-boxed e-con e-parent\" data-id=\"853cada\" data-element_type=\"container\" data-e-type=\"container\">\n\t\t\t\t\t<div class=\"e-con-inner\">\n\t\t\t\t<div class=\"elementor-element elementor-element-4b33cc2 elementor-widget elementor-widget-image\" data-id=\"4b33cc2\" data-element_type=\"widget\" data-e-type=\"widget\" data-widget_type=\"image.default\">\n\t\t\t\t\t\t\t\t\t\t\t\t<figure class=\"wp-caption\">\n\t\t\t\t\t\t\t\t\t\t<img loading=\"lazy\" decoding=\"async\" width=\"1024\" height=\"440\" src=\"https:\/\/soymigrante.com\/revista\/wp-content\/uploads\/2023\/03\/soy-migrante-quetzal-hembra-sale-volando-credito-ottoniel-cojulun-1-e1699385834182-1024x440.jpg\" class=\"attachment-large size-large wp-image-633\" alt=\"Quetzal\u00ed es la palabra para denominar a la hembra del quetzal, que en temporada reproductiva pone uno o dos huevos en nidos horadados en troncos viejos o tocones. Fotograf\u00eda Ottoniel Supertramp)\" srcset=\"https:\/\/soymigrante.com\/revista\/wp-content\/uploads\/2023\/03\/soy-migrante-quetzal-hembra-sale-volando-credito-ottoniel-cojulun-1-e1699385834182-1024x440.jpg 1024w, https:\/\/soymigrante.com\/revista\/wp-content\/uploads\/2023\/03\/soy-migrante-quetzal-hembra-sale-volando-credito-ottoniel-cojulun-1-e1699385834182-300x129.webp 300w, https:\/\/soymigrante.com\/revista\/wp-content\/uploads\/2023\/03\/soy-migrante-quetzal-hembra-sale-volando-credito-ottoniel-cojulun-1-e1699385834182-768x330.jpg 768w, https:\/\/soymigrante.com\/revista\/wp-content\/uploads\/2023\/03\/soy-migrante-quetzal-hembra-sale-volando-credito-ottoniel-cojulun-1-e1699385834182-750x322.webp 750w, https:\/\/soymigrante.com\/revista\/wp-content\/uploads\/2023\/03\/soy-migrante-quetzal-hembra-sale-volando-credito-ottoniel-cojulun-1-e1699385834182-1140x490.jpg 1140w, https:\/\/soymigrante.com\/revista\/wp-content\/uploads\/2023\/03\/soy-migrante-quetzal-hembra-sale-volando-credito-ottoniel-cojulun-1-e1699385834182.webp 1440w\" sizes=\"(max-width: 1024px) 100vw, 1024px\" title=\"Quetzal\u00ed es la palabra para denominar a la hembra del quetzal, que en temporada reproductiva pone uno o dos huevos en nidos horadados en troncos viejos o tocones. Fotograf\u00eda Ottoniel Supertramp) \u2013 SoyMigrante.com REVISTA\" \/>\t\t\t\t\t\t\t\t\t\t\t<figcaption class=\"widget-image-caption wp-caption-text\">Quetzal\u00ed es la palabra para denominar a la hembra del quetzal, que en temporada reproductiva pone uno o dos huevos en nidos horadados en troncos viejos o tocones. Fotograf\u00eda Ottoniel Supertramp)<\/figcaption>\n\t\t\t\t\t\t\t\t\t\t<\/figure>\n\t\t\t\t\t\t\t\t\t<\/div>\n\t\t\t\t\t<\/div>\n\t\t\t\t<\/div>\n\t\t\t\t<section data-particle_enable=\"false\" data-particle-mobile-disabled=\"false\" class=\"elementor-section elementor-top-section elementor-element elementor-element-d752838 elementor-section-boxed elementor-section-height-default elementor-section-height-default\" data-id=\"d752838\" data-element_type=\"section\" data-e-type=\"section\">\n\t\t\t\t\t\t<div class=\"elementor-container elementor-column-gap-default\">\n\t\t\t\t\t<div class=\"elementor-column elementor-col-100 elementor-top-column elementor-element elementor-element-1025583\" data-id=\"1025583\" data-element_type=\"column\" data-e-type=\"column\">\n\t\t\t<div class=\"elementor-widget-wrap elementor-element-populated\">\n\t\t\t\t\t\t<div class=\"elementor-element elementor-element-c837786 elementor-widget elementor-widget-image\" data-id=\"c837786\" data-element_type=\"widget\" data-e-type=\"widget\" data-widget_type=\"image.default\">\n\t\t\t\t\t\t\t\t\t\t\t\t\t\t\t<img decoding=\"async\" width=\"1024\" height=\"745\" src=\"https:\/\/soymigrante.com\/revista\/wp-content\/uploads\/2023\/03\/soy-migrante-quetzal-alimenta-se-ve-pichon-credito-ottoniel-cojulun-1024x745.jpg\" class=\"attachment-large size-large wp-image-625\" alt=\"Foto: Ottoniel Cojul\u00fan\" srcset=\"https:\/\/soymigrante.com\/revista\/wp-content\/uploads\/2023\/03\/soy-migrante-quetzal-alimenta-se-ve-pichon-credito-ottoniel-cojulun-1024x745.jpg 1024w, https:\/\/soymigrante.com\/revista\/wp-content\/uploads\/2023\/03\/soy-migrante-quetzal-alimenta-se-ve-pichon-credito-ottoniel-cojulun-300x218.webp 300w, https:\/\/soymigrante.com\/revista\/wp-content\/uploads\/2023\/03\/soy-migrante-quetzal-alimenta-se-ve-pichon-credito-ottoniel-cojulun-768x558.jpg 768w, https:\/\/soymigrante.com\/revista\/wp-content\/uploads\/2023\/03\/soy-migrante-quetzal-alimenta-se-ve-pichon-credito-ottoniel-cojulun-1536x1117.jpg 1536w, https:\/\/soymigrante.com\/revista\/wp-content\/uploads\/2023\/03\/soy-migrante-quetzal-alimenta-se-ve-pichon-credito-ottoniel-cojulun-120x86.webp 120w, https:\/\/soymigrante.com\/revista\/wp-content\/uploads\/2023\/03\/soy-migrante-quetzal-alimenta-se-ve-pichon-credito-ottoniel-cojulun-750x545.webp 750w, https:\/\/soymigrante.com\/revista\/wp-content\/uploads\/2023\/03\/soy-migrante-quetzal-alimenta-se-ve-pichon-credito-ottoniel-cojulun-1140x829.jpg 1140w, https:\/\/soymigrante.com\/revista\/wp-content\/uploads\/2023\/03\/soy-migrante-quetzal-alimenta-se-ve-pichon-credito-ottoniel-cojulun.webp 1920w\" sizes=\"(max-width: 1024px) 100vw, 1024px\" title=\"Los quetzales viven en \u00e1reas boscosas donde encuentran ciertas especies de \u00e1rboles que les proveedn de alimento. \u2013 SoyMigrante.com REVISTA\" \/>\t\t\t\t\t\t\t\t\t\t\t\t\t\t\t<\/div>\n\t\t\t\t\t<\/div>\n\t\t<\/div>\n\t\t\t\t\t<\/div>\n\t\t<\/section>\n\t\t\t\t<section data-particle_enable=\"false\" data-particle-mobile-disabled=\"false\" class=\"elementor-section elementor-top-section elementor-element elementor-element-c421a78 elementor-section-boxed elementor-section-height-default elementor-section-height-default\" data-id=\"c421a78\" data-element_type=\"section\" data-e-type=\"section\">\n\t\t\t\t\t\t<div class=\"elementor-container elementor-column-gap-default\">\n\t\t\t\t\t<div class=\"elementor-column elementor-col-100 elementor-top-column elementor-element elementor-element-7e31e39\" data-id=\"7e31e39\" data-element_type=\"column\" data-e-type=\"column\">\n\t\t\t<div class=\"elementor-widget-wrap elementor-element-populated\">\n\t\t\t\t\t\t<div class=\"elementor-element elementor-element-a3e6cdc elementor-widget elementor-widget-heading\" data-id=\"a3e6cdc\" data-element_type=\"widget\" data-e-type=\"widget\" data-widget_type=\"heading.default\">\n\t\t\t\t\t<h2 class=\"elementor-heading-title elementor-size-default\">M\u00e1s s\u00edmbolos patrios de Guatemala<\/h2>\t\t\t\t<\/div>\n\t\t\t\t\t<\/div>\n\t\t<\/div>\n\t\t\t\t\t<\/div>\n\t\t<\/section>\n\t\t<div data-particle_enable=\"false\" data-particle-mobile-disabled=\"false\" class=\"elementor-element elementor-element-2f0511e e-flex e-con-boxed e-con e-parent\" data-id=\"2f0511e\" data-element_type=\"container\" data-e-type=\"container\">\n\t\t\t\t\t<div class=\"e-con-inner\">\n\t\t\t\t<div class=\"elementor-element elementor-element-ed34b13 elementor-widget elementor-widget-blfe-post-grid\" data-id=\"ed34b13\" data-element_type=\"widget\" data-e-type=\"widget\" data-settings=\"{&quot;columns&quot;:&quot;3&quot;,&quot;columns_tablet&quot;:&quot;6&quot;,&quot;columns_mobile&quot;:&quot;12&quot;,&quot;hero1_layout_column_gap&quot;:{&quot;unit&quot;:&quot;px&quot;,&quot;size&quot;:30,&quot;sizes&quot;:[]},&quot;hero1_layout_column_gap_tablet&quot;:{&quot;unit&quot;:&quot;px&quot;,&quot;size&quot;:&quot;&quot;,&quot;sizes&quot;:[]},&quot;hero1_layout_column_gap_mobile&quot;:{&quot;unit&quot;:&quot;px&quot;,&quot;size&quot;:&quot;&quot;,&quot;sizes&quot;:[]},&quot;hero1_layout_row_gap&quot;:{&quot;unit&quot;:&quot;px&quot;,&quot;size&quot;:30,&quot;sizes&quot;:[]},&quot;hero1_layout_row_gap_tablet&quot;:{&quot;unit&quot;:&quot;px&quot;,&quot;size&quot;:&quot;&quot;,&quot;sizes&quot;:[]},&quot;hero1_layout_row_gap_mobile&quot;:{&quot;unit&quot;:&quot;px&quot;,&quot;size&quot;:&quot;&quot;,&quot;sizes&quot;:[]}}\" data-widget_type=\"blfe-post-grid.hero1\">\n\t\t\t\t<div class=\"elementor-widget-container\">\n\t\t\t\t\t\n                        <div class=\"blfe-post-grid-container \">\n            \n                <div data-skin=\"hero1\" class=\"blfe-row blfe-posts-inner blfe-hero1 blfe-posts-inner blfe-col-3 blfe-col-tab-6 blfe-col-mob-12     \">\n                            <div class=\"blfe-post-grid-item\">\n            <div class=\"blfe-post-grid-item-inner blfe-modern-zoom\">\n                        <div class=\"blfe-post-grid-bg-image\">\n            <a class=\"blfe-post-grid-image-inner\" href=\"https:\/\/soymigrante.com\/revista\/simbolos-patrios-de-guatemala-bandera-nacional\/\" title=\"La bandera Nacional de Guatemala: colores azul y blanco tambi\u00e9n son bicentenarios\" rel=\"nofollow\" target=\"_blank\"><img decoding=\"async\" src=\"https:\/\/soymigrante.com\/revista\/wp-content\/uploads\/2023\/10\/guatemaltecos-houston-1.webp\" alt=\"La bandera Nacional de Guatemala: colores azul y blanco tambi\u00e9n son bicentenarios\"\/><\/a>        <\/div>\n                        <div class=\"blfe-post-grid-details\">\n                    <div class=\"blfe-post-grid-details-inner\">\n                        <span class=\"blfe-post-category\"><a href=\"https:\/\/soymigrante.com\/revista\/category\/guate-nuestra\/\">Guate Nuestra<\/a><\/span>                        <h3 class=\"blfe-post-grid-title\">\n            <a href=\"https:\/\/soymigrante.com\/revista\/simbolos-patrios-de-guatemala-bandera-nacional\/\" title=\"La bandera Nacional de Guatemala: colores azul y blanco tambi\u00e9n son bicentenarios\" rel=\"nofollow\" target=\"_blank\">La bandera Nacional de Guatemala: colores azul y blanco tambi\u00e9n son bicentenarios<\/a>\n            <\/h3>                                                            <div class=\"blfe-post-grid-meta\">\n                <span class=\"blfe-post-grid-time\"><i class=\"fas fa-book-reader\"><\/i>7 Min read<\/span>            <\/div>\n                                                        <\/div>\n                <\/div>\n\n            <\/div>\n        <\/div>\n                <div class=\"blfe-post-grid-item\">\n            <div class=\"blfe-post-grid-item-inner blfe-modern-zoom\">\n                        <div class=\"blfe-post-grid-bg-image\">\n            <a class=\"blfe-post-grid-image-inner\" href=\"https:\/\/soymigrante.com\/revista\/simbolos-patrios-de-guatemala-el-escudo-nacional\/\" title=\"El Escudo Nacional de Guatemala explicado de la A a la F\" rel=\"nofollow\" target=\"_blank\"><img decoding=\"async\" src=\"https:\/\/soymigrante.com\/revista\/wp-content\/uploads\/2023\/11\/Captura-de-pantalla-2023-11-27-140941.webp\" alt=\"El Escudo Nacional de Guatemala explicado de la A a la F\"\/><\/a>        <\/div>\n                        <div class=\"blfe-post-grid-details\">\n                    <div class=\"blfe-post-grid-details-inner\">\n                        <span class=\"blfe-post-category\"><a href=\"https:\/\/soymigrante.com\/revista\/category\/guate-nuestra\/\">Guate Nuestra<\/a><\/span>                        <h3 class=\"blfe-post-grid-title\">\n            <a href=\"https:\/\/soymigrante.com\/revista\/simbolos-patrios-de-guatemala-el-escudo-nacional\/\" title=\"El Escudo Nacional de Guatemala explicado de la A a la F\" rel=\"nofollow\" target=\"_blank\">El Escudo Nacional de Guatemala explicado de la A a la F<\/a>\n            <\/h3>                                                            <div class=\"blfe-post-grid-meta\">\n                <span class=\"blfe-post-grid-time\"><i class=\"fas fa-book-reader\"><\/i>6 Min read<\/span>            <\/div>\n                                                        <\/div>\n                <\/div>\n\n            <\/div>\n        <\/div>\n                <div class=\"blfe-post-grid-item\">\n            <div class=\"blfe-post-grid-item-inner blfe-modern-zoom\">\n                        <div class=\"blfe-post-grid-bg-image\">\n            <a class=\"blfe-post-grid-image-inner\" href=\"https:\/\/soymigrante.com\/revista\/monja-blanca-simbolo-patrio-guatemala-smithsonian-washington-exposicion\/\" title=\"La Monja Blanca, s\u00edmbolo de Guatemala, puede ser admirada en Washington D.C.\" rel=\"nofollow\" target=\"_blank\"><img decoding=\"async\" src=\"https:\/\/soymigrante.com\/revista\/wp-content\/uploads\/2024\/01\/Captura-de-pantalla-2024-01-29-164708.webp\" alt=\"La Monja Blanca, s\u00edmbolo de Guatemala, puede ser admirada en Washington D.C.\"\/><\/a>        <\/div>\n                        <div class=\"blfe-post-grid-details\">\n                    <div class=\"blfe-post-grid-details-inner\">\n                        <span class=\"blfe-post-category\"><a href=\"https:\/\/soymigrante.com\/revista\/category\/guate-nuestra\/\">Guate Nuestra<\/a><\/span>                        <h3 class=\"blfe-post-grid-title\">\n            <a href=\"https:\/\/soymigrante.com\/revista\/monja-blanca-simbolo-patrio-guatemala-smithsonian-washington-exposicion\/\" title=\"La Monja Blanca, s\u00edmbolo de Guatemala, puede ser admirada en Washington D.C.\" rel=\"nofollow\" target=\"_blank\">La Monja Blanca, s\u00edmbolo de Guatemala, puede ser admirada en Washington D.C.<\/a>\n            <\/h3>                                                            <div class=\"blfe-post-grid-meta\">\n                <span class=\"blfe-post-grid-time\"><i class=\"fas fa-book-reader\"><\/i>4 Min read<\/span>            <\/div>\n                                                        <\/div>\n                <\/div>\n\n            <\/div>\n        <\/div>\n                        <\/div>\n\n                        <\/div>\n            \n                        <div class=\"blfe-post-footer\">\n                        <\/div>\n            \t\t\t\t<\/div>\n\t\t\t\t<\/div>\n\t\t\t\t\t<\/div>\n\t\t\t\t<\/div>\n\t\t\t\t<\/div>\n\t\t","protected":false},"excerpt":{"rendered":"<p>\u00bfC\u00f3mo se llama el ave nacional de Guatemala y de donde proviene su nombre? \u00bfDesde cu\u00e1ndo el Quetzal es s\u00edmbolo patrio? \u00bfDonde habita? Estas y otras respuestas aqu\u00ed. \u00bfC\u00f3mo se llama el ave nacional de Guatemala?\u00a0 Se llama Quetzal y aunque fue una especie de gran importancia en tiempos prehisp\u00e1nicos, solo fue reportado cient\u00edficamente hasta [&hellip;]<\/p>\n","protected":false},"author":7,"featured_media":625,"comment_status":"open","ping_status":"open","sticky":false,"template":"","format":"standard","meta":{"_acf_changed":false,"_eb_attr":"","footnotes":""},"categories":[58,96],"tags":[],"class_list":["post-827","post","type-post","status-publish","format-standard","has-post-thumbnail","hentry","category-guate-nuestra","category-simbolos-patrios-guate-nuestra"],"acf":[],"aioseo_notices":[],"aioseo_head":"\n\t\t<!-- All in One SEO Pro 4.9.6.2 - aioseo.com -->\n\t<meta name=\"description\" content=\"S\u00edmbolo patrio de Guatemala figura en la exhibici\u00f3n El futuro de las orqu\u00eddeas, del Smithsonian Institute en Washington D.C., que se encuentra abierta hasta el 27 de abril. La exposici\u00f3n El futuro de las orqu\u00eddeas re\u00fane cientos de ejemplares de estas fascinantes flores, provenientes de todo el mundo. Entre ellas se encuentra la Lycaste virginalis\" \/>\n\t<meta name=\"robots\" content=\"max-snippet:-1, max-image-preview:large, max-video-preview:-1\" \/>\n\t<meta name=\"author\" content=\"Gustavo Montenegro\"\/>\n\t<link rel=\"canonical\" href=\"https:\/\/soymigrante.com\/revista\/10-datos-del-quetzal-que-tal-vez-ya-conocias-o-quiza-no\/\" \/>\n\t<meta name=\"generator\" content=\"All in One SEO Pro (AIOSEO) 4.9.6.2\" \/>\n\n\t\t<link rel=\"preconnect\" href=\"https:\/\/fonts.googleapis.com\" crossorigin>\n<link rel=\"preconnect\" href=\"https:\/\/fonts.gstatic.com\" crossorigin>\n\t\t<meta property=\"og:locale\" content=\"es_ES\" \/>\n\t\t<meta property=\"og:site_name\" content=\"SoyMigrante.com REVISTA \u2013 Nuestra misi\u00f3n es reconocer y dignificar al migrante.\" \/>\n\t\t<meta property=\"og:type\" content=\"article\" \/>\n\t\t<meta property=\"og:title\" content=\"\u00bfEn d\u00f3nde habita el Quetzal?\u2026 y otras 10 preguntas sobre el ave s\u00edmbolo de Guatemala\" \/>\n\t\t<meta property=\"og:description\" content=\"\u00bfC\u00f3mo se llama el ave nacional de Guatemala y de donde proviene su nombre? \u00bfDesde cu\u00e1ndo el Quetzal es s\u00edmbolo patrio? \u00bfDonde habita? Estas y otras respuestas aqu\u00ed. \u00bfC\u00f3mo se llama el ave nacional de Guatemala? Se llama Quetzal y aunque fue una especie de gran importancia en tiempos prehisp\u00e1nicos, solo fue reportado cient\u00edficamente hasta\" \/>\n\t\t<meta property=\"og:url\" content=\"https:\/\/soymigrante.com\/revista\/10-datos-del-quetzal-que-tal-vez-ya-conocias-o-quiza-no\/\" \/>\n\t\t<meta property=\"og:image\" content=\"https:\/\/soymigrante.com\/revista\/wp-content\/uploads\/2023\/03\/soy-migrante-quetzal-alimenta-se-ve-pichon-credito-ottoniel-cojulun.webp\" \/>\n\t\t<meta property=\"og:image:secure_url\" content=\"https:\/\/soymigrante.com\/revista\/wp-content\/uploads\/2023\/03\/soy-migrante-quetzal-alimenta-se-ve-pichon-credito-ottoniel-cojulun.webp\" \/>\n\t\t<meta property=\"og:image:width\" content=\"1920\" \/>\n\t\t<meta property=\"og:image:height\" content=\"1396\" \/>\n\t\t<meta property=\"article:published_time\" content=\"2025-01-09T19:29:36+00:00\" \/>\n\t\t<meta property=\"article:modified_time\" content=\"2025-12-06T14:58:24+00:00\" \/>\n\t\t<meta property=\"article:publisher\" content=\"https:\/\/www.facebook.com\/soymigrantecom\" \/>\n\t\t<meta name=\"twitter:card\" content=\"summary_large_image\" \/>\n\t\t<meta name=\"twitter:site\" content=\"@SoyMigrante_com\" \/>\n\t\t<meta name=\"twitter:title\" content=\"\u00bfEn d\u00f3nde habita el Quetzal?\u2026 y otras 10 preguntas sobre el ave s\u00edmbolo de Guatemala\" \/>\n\t\t<meta name=\"twitter:description\" content=\"\u00bfC\u00f3mo se llama el ave nacional de Guatemala y de donde proviene su nombre? \u00bfDesde cu\u00e1ndo el Quetzal es s\u00edmbolo patrio? \u00bfDonde habita? Estas y otras respuestas aqu\u00ed. \u00bfC\u00f3mo se llama el ave nacional de Guatemala? Se llama Quetzal y aunque fue una especie de gran importancia en tiempos prehisp\u00e1nicos, solo fue reportado cient\u00edficamente hasta\" \/>\n\t\t<meta name=\"twitter:creator\" content=\"@SoyMigrante_com\" \/>\n\t\t<meta name=\"twitter:image\" content=\"https:\/\/soymigrante.com\/revista\/wp-content\/uploads\/2023\/03\/soy-migrante-quetzal-alimenta-se-ve-pichon-credito-ottoniel-cojulun.webp\" \/>\n\t\t<!-- All in One SEO Pro -->\r\n\t\t<title>\u00bfEn d\u00f3nde habita a\u00fan el Quetzal, ave s\u00edmbolo de Guatemala?<\/title>\n\n","aioseo_head_json":{"title":"\u00bfEn d\u00f3nde habita a\u00fan el Quetzal, ave s\u00edmbolo de Guatemala?","description":"El Quetzal es s\u00edmbolo patrio de Guatemala. \u00bfC\u00f3mo se llama el ave nacional de Guatemala en idioma maya? \u00bfDe d\u00f3nde viene la palabra quetzal=","canonical_url":"https:\/\/soymigrante.com\/revista\/10-datos-del-quetzal-que-tal-vez-ya-conocias-o-quiza-no\/","robots":"max-snippet:-1, max-image-preview:large, max-video-preview:-1","keywords":"","webmasterTools":{"miscellaneous":"&lt;link rel=\"preconnect\" href=\"https:\/\/fonts.googleapis.com\" crossorigin&gt;\n&lt;link rel=\"preconnect\" href=\"https:\/\/fonts.gstatic.com\" crossorigin&gt;"},"schema":null,"og:locale":"es_ES","og:site_name":"SoyMigrante.com REVISTA \u2013 Nuestra misi\u00f3n es reconocer y dignificar al migrante.","og:type":"article","og:title":"\u00bfEn d\u00f3nde habita el Quetzal?\u2026 y otras 10 preguntas sobre el ave s\u00edmbolo de Guatemala","og:description":"\u00bfC\u00f3mo se llama el ave nacional de Guatemala y de donde proviene su nombre? \u00bfDesde cu\u00e1ndo el Quetzal es s\u00edmbolo patrio? \u00bfDonde habita? Estas y otras respuestas aqu\u00ed. \u00bfC\u00f3mo se llama el ave nacional de Guatemala? Se llama Quetzal y aunque fue una especie de gran importancia en tiempos prehisp\u00e1nicos, solo fue reportado cient\u00edficamente hasta","og:url":"https:\/\/soymigrante.com\/revista\/10-datos-del-quetzal-que-tal-vez-ya-conocias-o-quiza-no\/","og:image":"https:\/\/soymigrante.com\/revista\/wp-content\/uploads\/2023\/03\/soy-migrante-quetzal-alimenta-se-ve-pichon-credito-ottoniel-cojulun.webp","og:image:secure_url":"https:\/\/soymigrante.com\/revista\/wp-content\/uploads\/2023\/03\/soy-migrante-quetzal-alimenta-se-ve-pichon-credito-ottoniel-cojulun.webp","og:image:width":1920,"og:image:height":1396,"article:published_time":"2025-01-09T19:29:36+00:00","article:modified_time":"2025-12-06T14:58:24+00:00","article:publisher":"https:\/\/www.facebook.com\/soymigrantecom","twitter:card":"summary_large_image","twitter:site":"@SoyMigrante_com","twitter:title":"\u00bfEn d\u00f3nde habita el Quetzal?\u2026 y otras 10 preguntas sobre el ave s\u00edmbolo de Guatemala","twitter:description":"\u00bfC\u00f3mo se llama el ave nacional de Guatemala y de donde proviene su nombre? \u00bfDesde cu\u00e1ndo el Quetzal es s\u00edmbolo patrio? \u00bfDonde habita? Estas y otras respuestas aqu\u00ed. \u00bfC\u00f3mo se llama el ave nacional de Guatemala? Se llama Quetzal y aunque fue una especie de gran importancia en tiempos prehisp\u00e1nicos, solo fue reportado cient\u00edficamente hasta","twitter:creator":"@SoyMigrante_com","twitter:image":"https:\/\/soymigrante.com\/revista\/wp-content\/uploads\/2023\/03\/soy-migrante-quetzal-alimenta-se-ve-pichon-credito-ottoniel-cojulun.webp"},"aioseo_meta_data":{"post_id":"827","title":"\u00bfEn d\u00f3nde habita a\u00fan el Quetzal, ave s\u00edmbolo de Guatemala?","description":"El Quetzal es s\u00edmbolo patrio de Guatemala. \u00bfC\u00f3mo se llama el ave nacional de Guatemala en idioma maya? \u00bfDe d\u00f3nde viene la palabra quetzal=","keywords":null,"keyphrases":{"focus":{"keyphrase":"El Quetzal","score":91,"analysis":{"keyphraseInTitle":{"score":9,"maxScore":9,"error":0},"keyphraseInDescription":{"score":9,"maxScore":9,"error":0},"keyphraseLength":{"score":9,"maxScore":9,"error":0,"length":2},"keyphraseInURL":{"score":5,"maxScore":5,"error":0},"keyphraseInIntroduction":{"score":3,"maxScore":9,"error":1},"keyphraseInSubHeadings":{"score":9,"maxScore":9,"error":0},"keyphraseInImageAlt":{"score":9,"maxScore":9,"error":0},"keywordDensity":{"type":"best","score":9,"maxScore":9,"error":0}}},"additional":[{"keyphrase":"el quetzal de guatemala","score":53,"analysis":{"keyphraseInDescription":{"score":3,"maxScore":9,"error":1},"keyphraseLength":{"score":9,"maxScore":9,"error":0,"length":4},"keyphraseInIntroduction":{"score":3,"maxScore":9,"error":1},"keyphraseInImageAlt":{"score":9,"maxScore":9,"error":0},"keywordDensity":{"score":0,"type":"low","maxScore":9,"error":1}}},{"keyphrase":"S\u00edmbolo patrio","score":53,"analysis":{"keyphraseInDescription":{"score":9,"maxScore":9,"error":0},"keyphraseLength":{"score":9,"maxScore":9,"error":0,"length":3},"keyphraseInIntroduction":{"score":3,"maxScore":9,"error":1},"keyphraseInImageAlt":{"score":3,"maxScore":9,"error":1},"keywordDensity":{"score":0,"type":"low","maxScore":9,"error":1}}}]},"primary_term":null,"canonical_url":null,"og_title":"#post_title","og_description":"#post_excerpt","og_object_type":"default","og_image_type":"default","og_image_url":null,"og_image_width":null,"og_image_height":null,"og_image_custom_url":null,"og_image_custom_fields":null,"og_video":"","og_custom_url":null,"og_article_section":null,"og_article_tags":null,"twitter_use_og":false,"twitter_card":"default","twitter_image_type":"default","twitter_image_url":null,"twitter_image_custom_url":null,"twitter_image_custom_fields":null,"twitter_title":"#post_title","twitter_description":"#post_excerpt","schema":{"blockGraphs":[],"customGraphs":[],"default":{"data":{"Article":[],"Course":[],"Dataset":[],"FAQPage":[],"Movie":[],"Person":[],"Product":[],"ProductReview":[],"Car":[],"Recipe":[],"Service":[],"SoftwareApplication":[],"WebPage":[]},"graphName":"none","isEnabled":true},"graphs":[]},"schema_type":"default","schema_type_options":null,"pillar_content":false,"robots_default":true,"robots_noindex":false,"robots_noarchive":false,"robots_nosnippet":false,"robots_nofollow":false,"robots_noimageindex":false,"robots_noodp":false,"robots_notranslate":false,"robots_max_snippet":"-1","robots_max_videopreview":"-1","robots_max_imagepreview":"large","priority":null,"frequency":"default","local_seo":null,"seo_analyzer_scan_date":"2025-12-06 14:59:52","breadcrumb_settings":null,"limit_modified_date":false,"reviewed_by":"0","open_ai":"{\"title\":{\"suggestions\":[],\"usage\":0},\"description\":{\"suggestions\":[],\"usage\":0}}","ai":{"faqs":[],"keyPoints":[],"titles":[],"descriptions":[],"socialPosts":{"email":[],"linkedin":[],"twitter":[],"facebook":[],"instagram":[]}},"created":"2023-08-18 12:50:26","updated":"2026-02-04 18:55:18"},"aioseo_breadcrumb":"<div class=\"aioseo-breadcrumbs\"><span class=\"aioseo-breadcrumb\">\n\t<a href=\"https:\/\/soymigrante.com\/revista\" title=\"Home\">Home<\/a>\n<\/span><span class=\"aioseo-breadcrumb-separator\">\u00bb<\/span><span class=\"aioseo-breadcrumb\">\n\t<a href=\"https:\/\/soymigrante.com\/revista\/category\/guate-nuestra\/\" title=\"Guate Nuestra\">Guate Nuestra<\/a>\n<\/span><span class=\"aioseo-breadcrumb-separator\">\u00bb<\/span><span class=\"aioseo-breadcrumb\">\n\t<a href=\"https:\/\/soymigrante.com\/revista\/category\/guate-nuestra\/simbolos-patrios-guate-nuestra\/\" title=\"S\u00edmbolos patrios\">S\u00edmbolos patrios<\/a>\n<\/span><span class=\"aioseo-breadcrumb-separator\">\u00bb<\/span><span class=\"aioseo-breadcrumb\">\n\t\u00bfEn d\u00f3nde habita el Quetzal?\u2026 y otras 10 preguntas sobre el ave s\u00edmbolo de Guatemala\n<\/span><\/div>","aioseo_breadcrumb_json":[{"label":"Home","link":"https:\/\/soymigrante.com\/revista"},{"label":"Guate Nuestra","link":"https:\/\/soymigrante.com\/revista\/category\/guate-nuestra\/"},{"label":"S\u00edmbolos patrios","link":"https:\/\/soymigrante.com\/revista\/category\/guate-nuestra\/simbolos-patrios-guate-nuestra\/"},{"label":"\u00bfEn d\u00f3nde habita el Quetzal?&#8230; y otras 10 preguntas sobre el ave s\u00edmbolo de Guatemala","link":"https:\/\/soymigrante.com\/revista\/10-datos-del-quetzal-que-tal-vez-ya-conocias-o-quiza-no\/"}],"_links":{"self":[{"href":"https:\/\/soymigrante.com\/revista\/wp-json\/wp\/v2\/posts\/827","targetHints":{"allow":["GET"]}}],"collection":[{"href":"https:\/\/soymigrante.com\/revista\/wp-json\/wp\/v2\/posts"}],"about":[{"href":"https:\/\/soymigrante.com\/revista\/wp-json\/wp\/v2\/types\/post"}],"author":[{"embeddable":true,"href":"https:\/\/soymigrante.com\/revista\/wp-json\/wp\/v2\/users\/7"}],"replies":[{"embeddable":true,"href":"https:\/\/soymigrante.com\/revista\/wp-json\/wp\/v2\/comments?post=827"}],"version-history":[{"count":37,"href":"https:\/\/soymigrante.com\/revista\/wp-json\/wp\/v2\/posts\/827\/revisions"}],"predecessor-version":[{"id":49444,"href":"https:\/\/soymigrante.com\/revista\/wp-json\/wp\/v2\/posts\/827\/revisions\/49444"}],"wp:featuredmedia":[{"embeddable":true,"href":"https:\/\/soymigrante.com\/revista\/wp-json\/wp\/v2\/media\/625"}],"wp:attachment":[{"href":"https:\/\/soymigrante.com\/revista\/wp-json\/wp\/v2\/media?parent=827"}],"wp:term":[{"taxonomy":"category","embeddable":true,"href":"https:\/\/soymigrante.com\/revista\/wp-json\/wp\/v2\/categories?post=827"},{"taxonomy":"post_tag","embeddable":true,"href":"https:\/\/soymigrante.com\/revista\/wp-json\/wp\/v2\/tags?post=827"}],"curies":[{"name":"wp","href":"https:\/\/api.w.org\/{rel}","templated":true}]}}