{"id":8265,"date":"2024-08-26T18:49:34","date_gmt":"2024-08-27T00:49:34","guid":{"rendered":"https:\/\/soymigrante.com\/revista\/?p=8265"},"modified":"2024-11-01T11:54:00","modified_gmt":"2024-11-01T17:54:00","slug":"los-angeles-se-ilumina-de-azul-y-blanco-en-la-semana-del-guatemalteco","status":"publish","type":"post","link":"https:\/\/soymigrante.com\/revista\/los-angeles-se-ilumina-de-azul-y-blanco-en-la-semana-del-guatemalteco\/","title":{"rendered":"En Semana del Guatemalteco se ilumina City Hall de Los Angeles en azul y blanco"},"content":{"rendered":"\t\t<div data-elementor-type=\"wp-post\" data-elementor-id=\"8265\" class=\"elementor elementor-8265\" data-elementor-post-type=\"post\">\n\t\t\t\t<div data-particle_enable=\"false\" data-particle-mobile-disabled=\"false\" class=\"elementor-element elementor-element-b89e597 e-flex e-con-boxed e-con e-parent\" data-id=\"b89e597\" data-element_type=\"container\" data-e-type=\"container\">\n\t\t\t\t\t<div class=\"e-con-inner\">\n\t\t\t\t<div class=\"elementor-element elementor-element-989eceb elementor-widget elementor-widget-heading\" data-id=\"989eceb\" data-element_type=\"widget\" data-e-type=\"widget\" data-widget_type=\"heading.default\">\n\t\t\t\t\t<h2 class=\"elementor-heading-title elementor-size-default\">En un hist\u00f3rico gesto, la ciudad de Los Angeles ilumina el City Hall de azul y blanco entre el 25 y el 30 de agosto, con motivo de  la declaratoria oficial de la Semana del Guatemalteco el d\u00eda 27.<\/h2>\t\t\t\t<\/div>\n\t\t\t\t\t<\/div>\n\t\t\t\t<\/div>\n\t\t<div data-particle_enable=\"false\" data-particle-mobile-disabled=\"false\" class=\"elementor-element elementor-element-9b51047 e-flex e-con-boxed e-con e-parent\" data-id=\"9b51047\" data-element_type=\"container\" data-e-type=\"container\">\n\t\t\t\t\t<div class=\"e-con-inner\">\n\t\t\t\t<div class=\"elementor-element elementor-element-cc7d1ad elementor-widget elementor-widget-text-editor\" data-id=\"cc7d1ad\" data-element_type=\"widget\" data-e-type=\"widget\" data-widget_type=\"text-editor.default\">\n\t\t\t\t\t\t\t\t\t<p>La Semana del Guatemalteco fue establecida en 2003 por el Condado de Los Angeles, este a\u00f1o ser\u00e1 la Ciudad de Los Angeles la que presente la resoluci\u00f3n que establece este reconocimiento al aporte, esfuerzo, participaci\u00f3n y multiculturalidad de la comunidad chapina.\u00a0<\/p><p>California es el Estado de EE.UU. con mayor poblaci\u00f3n guatemalteca, con aproximadamente 1 mill\u00f3n 152 mil connacionales, de los cuales entre 180 mil a 200 mil habitan en el \u00e1rea de Los Angeles.\u00a0\u00a0<\/p><p>Las actividades comienzan el <b>domingo 25 a las 8 de la noche,<\/b> en la Fuente de Central Park, en Grand Avenue y Primera St. en el Downtown de Los Angeles, la cual ser\u00e1 iluminada de azul y blanco al igual que el edificio del Ayuntamiento.\u00a0 Se invita a los guatemaltecos a llevar banderas, trajes t\u00edpicos y r\u00f3tulos que muestren orgullo de ser chapines.\u00a0<\/p><p>La declaratoria de la Semana del Guatemalteco por parte de la Ciudad ser\u00e1\u00a0 presentada el <b>martes 27, a las 8 de la noche<\/b>, en un acto frente al City Hall, o Ayuntamiento de la ciudad, que ser\u00e1 iluminado de azul y blanco en honor a Guatemala.<\/p>\t\t\t\t\t\t\t\t<\/div>\n\t\t\t\t\t<\/div>\n\t\t\t\t<\/div>\n\t\t<div data-particle_enable=\"false\" data-particle-mobile-disabled=\"false\" class=\"elementor-element elementor-element-495ac42 e-flex e-con-boxed e-con e-parent\" data-id=\"495ac42\" data-element_type=\"container\" data-e-type=\"container\">\n\t\t\t\t\t<div class=\"e-con-inner\">\n\t\t\t\t<div class=\"elementor-element elementor-element-53b43d4 elementor-widget elementor-widget-image\" data-id=\"53b43d4\" data-element_type=\"widget\" data-e-type=\"widget\" data-widget_type=\"image.default\">\n\t\t\t\t\t\t\t\t\t\t\t\t<figure class=\"wp-caption\">\n\t\t\t\t\t\t\t\t\t\t<img fetchpriority=\"high\" decoding=\"async\" width=\"768\" height=\"541\" src=\"https:\/\/soymigrante.com\/revista\/wp-content\/uploads\/2024\/08\/guatemaltecos-semana-1024x721.webp\" class=\"attachment-large size-large wp-image-8360\" alt=\"Orgullosas migrantes mexicanas en reuni\u00f3n cultural en Los \u00c1ngeles, celebrando identidad y comunidad en la revista SoyMigrante.com.\" srcset=\"https:\/\/soymigrante.com\/revista\/wp-content\/uploads\/2024\/08\/guatemaltecos-semana-1024x721.webp 1024w, https:\/\/soymigrante.com\/revista\/wp-content\/uploads\/2024\/08\/guatemaltecos-semana-300x211.webp 300w, https:\/\/soymigrante.com\/revista\/wp-content\/uploads\/2024\/08\/guatemaltecos-semana-768x541.webp 768w, https:\/\/soymigrante.com\/revista\/wp-content\/uploads\/2024\/08\/guatemaltecos-semana-120x86.webp 120w, https:\/\/soymigrante.com\/revista\/wp-content\/uploads\/2024\/08\/guatemaltecos-semana-750x528.webp 750w, https:\/\/soymigrante.com\/revista\/wp-content\/uploads\/2024\/08\/guatemaltecos-semana-1140x803.webp 1140w, https:\/\/soymigrante.com\/revista\/wp-content\/uploads\/2024\/08\/guatemaltecos-semana.webp 1453w\" sizes=\"(max-width: 768px) 100vw, 768px\" title=\"Un grupo de migrantes chapines  se congreg\u00f3 frente al City Hall iluminado de azul y blanco con motivo de la Semana del Guatemalteco declarada por la ciudad de Los Angeles. \u2013 SoyMigrante.com REVISTA\" \/>\t\t\t\t\t\t\t\t\t\t\t<figcaption class=\"widget-image-caption wp-caption-text\">Diversidad y sue\u00f1os en la comunidad migrante mexicana: im\u00e1genes destacadas en SoyMigrante.com.<\/figcaption>\n\t\t\t\t\t\t\t\t\t\t<\/figure>\n\t\t\t\t\t\t\t\t\t<\/div>\n\t\t\t\t\t<\/div>\n\t\t\t\t<\/div>\n\t\t<div data-particle_enable=\"false\" data-particle-mobile-disabled=\"false\" class=\"elementor-element elementor-element-0f6c5b9 e-flex e-con-boxed e-con e-parent\" data-id=\"0f6c5b9\" data-element_type=\"container\" data-e-type=\"container\">\n\t\t\t\t\t<div class=\"e-con-inner\">\n\t\t\t\t<div class=\"elementor-element elementor-element-f634bd8 elementor-widget elementor-widget-heading\" data-id=\"f634bd8\" data-element_type=\"widget\" data-e-type=\"widget\" data-widget_type=\"heading.default\">\n\t\t\t\t\t<h2 class=\"elementor-heading-title elementor-size-default\">Cine guatemalteco y reconocimientos <\/h2>\t\t\t\t<\/div>\n\t\t\t\t\t<\/div>\n\t\t\t\t<\/div>\n\t\t<div data-particle_enable=\"false\" data-particle-mobile-disabled=\"false\" class=\"elementor-element elementor-element-6434d33 e-flex e-con-boxed e-con e-parent\" data-id=\"6434d33\" data-element_type=\"container\" data-e-type=\"container\">\n\t\t\t\t\t<div class=\"e-con-inner\">\n\t\t\t\t<div class=\"elementor-element elementor-element-e322071 elementor-widget elementor-widget-text-editor\" data-id=\"e322071\" data-element_type=\"widget\" data-e-type=\"widget\" data-widget_type=\"text-editor.default\">\n\t\t\t\t\t\t\t\t\t<p>El mi\u00e9rcoles 28 a las 18 horas ser\u00e1 la presentaci\u00f3n de cine guatemalteco en el Celebrity Center Pavilion: una actividad para fomentar la identidad, el sentido de pertenencia y tambi\u00e9n exaltar la creatividad de cineastas guatemaltecos.<\/p><p>\u00a0<\/p>\t\t\t\t\t\t\t\t<\/div>\n\t\t\t\t\t<\/div>\n\t\t\t\t<\/div>\n\t\t<div data-particle_enable=\"false\" data-particle-mobile-disabled=\"false\" class=\"elementor-element elementor-element-9793ab8 e-flex e-con-boxed e-con e-parent\" data-id=\"9793ab8\" data-element_type=\"container\" data-e-type=\"container\">\n\t\t\t\t\t<div class=\"e-con-inner\">\n\t\t\t\t<div class=\"elementor-element elementor-element-14ae038 elementor-widget elementor-widget-google_maps\" data-id=\"14ae038\" data-element_type=\"widget\" data-e-type=\"widget\" data-widget_type=\"google_maps.default\">\n\t\t\t\t\t\t\t<div class=\"elementor-custom-embed\">\n\t\t\t<iframe loading=\"lazy\"\n\t\t\t\t\tsrc=\"https:\/\/maps.google.com\/maps?q=celebrity%20center%20pavilion&#038;t=m&#038;z=10&#038;output=embed&#038;iwloc=near\"\n\t\t\t\t\ttitle=\"celebrity center pavilion\"\n\t\t\t\t\taria-label=\"celebrity center pavilion\"\n\t\t\t><\/iframe>\n\t\t<\/div>\n\t\t\t\t\t\t<\/div>\n\t\t\t\t\t<\/div>\n\t\t\t\t<\/div>\n\t\t<div data-particle_enable=\"false\" data-particle-mobile-disabled=\"false\" class=\"elementor-element elementor-element-6318cac e-flex e-con-boxed e-con e-parent\" data-id=\"6318cac\" data-element_type=\"container\" data-e-type=\"container\">\n\t\t\t\t\t<div class=\"e-con-inner\">\n\t\t\t\t<div class=\"elementor-element elementor-element-166f360 elementor-widget elementor-widget-text-editor\" data-id=\"166f360\" data-element_type=\"widget\" data-e-type=\"widget\" data-widget_type=\"text-editor.default\">\n\t\t\t\t\t\t\t\t\t<p><span style=\"color: var( --e-global-color-text ); text-align: var(--text-align);\">El viernes 30 se efectuar\u00e1 una noche de reconocimientos a guatemaltecos que se distinguen por su servicio a la comunidad chapina e hispana, que destacan por sus iniciativas y calidad humana.\u00a0 La ceremonia ser\u00e1 en Ron Hubbard Way.<\/span><\/p><p>Como ciudadana distinguida ser\u00e1 premiada Mayra Todd.<br \/>Como ciudadano distinguido se galardona a Edgar Reyes.<br \/>Como activista y lideresa comunitaria se reconocer\u00e1 a la abogada Carolina Sol\u00eds<br \/>Como l\u00edder del a\u00f1o se premiar\u00e1 a Luis Armando de la Vega.<\/p>\t\t\t\t\t\t\t\t<\/div>\n\t\t\t\t\t<\/div>\n\t\t\t\t<\/div>\n\t\t<div data-particle_enable=\"false\" data-particle-mobile-disabled=\"false\" class=\"elementor-element elementor-element-579d676 e-flex e-con-boxed e-con e-parent\" data-id=\"579d676\" data-element_type=\"container\" data-e-type=\"container\">\n\t\t\t\t\t<div class=\"e-con-inner\">\n\t\t\t\t<div class=\"elementor-element elementor-element-5519cc0 elementor-widget elementor-widget-google_maps\" data-id=\"5519cc0\" data-element_type=\"widget\" data-e-type=\"widget\" data-widget_type=\"google_maps.default\">\n\t\t\t\t\t\t\t<div class=\"elementor-custom-embed\">\n\t\t\t<iframe loading=\"lazy\"\n\t\t\t\t\tsrc=\"https:\/\/maps.google.com\/maps?q=ron%20hubbard%20way&#038;t=m&#038;z=10&#038;output=embed&#038;iwloc=near\"\n\t\t\t\t\ttitle=\"ron hubbard way\"\n\t\t\t\t\taria-label=\"ron hubbard way\"\n\t\t\t><\/iframe>\n\t\t<\/div>\n\t\t\t\t\t\t<\/div>\n\t\t\t\t\t<\/div>\n\t\t\t\t<\/div>\n\t\t<div data-particle_enable=\"false\" data-particle-mobile-disabled=\"false\" class=\"elementor-element elementor-element-2ecd628 e-flex e-con-boxed e-con e-parent\" data-id=\"2ecd628\" data-element_type=\"container\" data-e-type=\"container\">\n\t\t\t\t\t<div class=\"e-con-inner\">\n\t\t\t\t<div class=\"elementor-element elementor-element-0db7d8a elementor-widget elementor-widget-heading\" data-id=\"0db7d8a\" data-element_type=\"widget\" data-e-type=\"widget\" data-widget_type=\"heading.default\">\n\t\t\t\t\t<h2 class=\"elementor-heading-title elementor-size-default\">Fortalecimiento y unidad<\/h2>\t\t\t\t<\/div>\n\t\t\t\t\t<\/div>\n\t\t\t\t<\/div>\n\t\t<div data-particle_enable=\"false\" data-particle-mobile-disabled=\"false\" class=\"elementor-element elementor-element-1c8235c e-flex e-con-boxed e-con e-parent\" data-id=\"1c8235c\" data-element_type=\"container\" data-e-type=\"container\">\n\t\t\t\t\t<div class=\"e-con-inner\">\n\t\t\t\t<div class=\"elementor-element elementor-element-0d7e9fc elementor-widget elementor-widget-text-editor\" data-id=\"0d7e9fc\" data-element_type=\"widget\" data-e-type=\"widget\" data-widget_type=\"text-editor.default\">\n\t\t\t\t\t\t\t\t\t<p>El presidente de la Red Migrante Guatemalteca Walter Batres resalta la importancia de este reconocimiento de la ciudad de Los Angeles a los chapines residentes en el \u00e1rea, pues constituye un signo de posicionamiento, arraigo y valoraci\u00f3n.<\/p><p>&#8220;Los guatemaltecos residentes en el \u00e1rea de Los Angeles y ciudades vecinas est\u00e1n totalmente invitados a acudir a estas actividades, puesto que se fomenta la hermandad, la unidad y se demuestra la importancia que tenemos en California&#8221;.<\/p><p><a href=\"https:\/\/soymigrante.com\/revista\/migrantes-guatemaltecos-en-40-estados-de-ee-uu-se-unen-en-busca-de-un-tps\/\">La Red Migrante Guatemalteca se encuentra promoviendo actualmente la campa\u00f1a por el TPS, a fin de lograr un beneficio migratorio para millones de connacionales en USA, con participac\u00edon de l\u00edderes en 41 Estados.\u00a0<\/a><\/p>\t\t\t\t\t\t\t\t<\/div>\n\t\t\t\t\t<\/div>\n\t\t\t\t<\/div>\n\t\t<div data-particle_enable=\"false\" data-particle-mobile-disabled=\"false\" class=\"elementor-element elementor-element-352dcda e-flex e-con-boxed e-con e-parent\" data-id=\"352dcda\" data-element_type=\"container\" data-e-type=\"container\">\n\t\t\t\t\t<div class=\"e-con-inner\">\n\t\t\t\t<div class=\"elementor-element elementor-element-978d6b2 elementor-widget elementor-widget-image\" data-id=\"978d6b2\" data-element_type=\"widget\" data-e-type=\"widget\" data-widget_type=\"image.default\">\n\t\t\t\t\t\t\t\t\t\t\t\t<figure class=\"wp-caption\">\n\t\t\t\t\t\t\t\t\t\t<img decoding=\"async\" width=\"768\" height=\"761\" src=\"https:\/\/soymigrante.com\/revista\/wp-content\/uploads\/2024\/08\/semana-del-guatemalteco-3.webp\" class=\"attachment-large size-large wp-image-8358\" alt=\"Guatemaltecos sosteniendo la bandera de Guatemala en una noche con vista urbana y edificios iluminados.\" srcset=\"https:\/\/soymigrante.com\/revista\/wp-content\/uploads\/2024\/08\/semana-del-guatemalteco-3.webp 790w, https:\/\/soymigrante.com\/revista\/wp-content\/uploads\/2024\/08\/semana-del-guatemalteco-3-300x297.webp 300w, https:\/\/soymigrante.com\/revista\/wp-content\/uploads\/2024\/08\/semana-del-guatemalteco-3-150x150.webp 150w, https:\/\/soymigrante.com\/revista\/wp-content\/uploads\/2024\/08\/semana-del-guatemalteco-3-768x761.webp 768w, https:\/\/soymigrante.com\/revista\/wp-content\/uploads\/2024\/08\/semana-del-guatemalteco-3-75x75.webp 75w, https:\/\/soymigrante.com\/revista\/wp-content\/uploads\/2024\/08\/semana-del-guatemalteco-3-750x743.webp 750w\" sizes=\"(max-width: 768px) 100vw, 768px\" title=\"Migrantes chapines posan con la bandera nacional y al fondo, el City Hall de Los Angeles iluminado de azul y blanco, con motivo de la Semana del Guatemalteco \u2013 SoyMigrante.com REVISTA\" \/>\t\t\t\t\t\t\t\t\t\t\t<figcaption class=\"widget-image-caption wp-caption-text\">Guatemaltecos con bandera en ciudad nocturna, mostrando orgullo nacional y cultura en un evento en la ciudad.<\/figcaption>\n\t\t\t\t\t\t\t\t\t\t<\/figure>\n\t\t\t\t\t\t\t\t\t<\/div>\n\t\t\t\t\t<\/div>\n\t\t\t\t<\/div>\n\t\t<div data-particle_enable=\"false\" data-particle-mobile-disabled=\"false\" class=\"elementor-element elementor-element-e328765 e-flex e-con-boxed e-con e-parent\" data-id=\"e328765\" data-element_type=\"container\" data-e-type=\"container\">\n\t\t\t\t\t<div class=\"e-con-inner\">\n\t\t\t\t<div class=\"elementor-element elementor-element-188405a elementor-widget elementor-widget-heading\" data-id=\"188405a\" data-element_type=\"widget\" data-e-type=\"widget\" data-widget_type=\"heading.default\">\n\t\t\t\t\t<h2 class=\"elementor-heading-title elementor-size-default\">Quiz\u00e1 tambi\u00e9n te interese<\/h2>\t\t\t\t<\/div>\n\t\t\t\t\t<\/div>\n\t\t\t\t<\/div>\n\t\t<div data-particle_enable=\"false\" data-particle-mobile-disabled=\"false\" class=\"elementor-element elementor-element-bf3d212 e-flex e-con-boxed e-con e-parent\" data-id=\"bf3d212\" data-element_type=\"container\" data-e-type=\"container\">\n\t\t\t\t\t<div class=\"e-con-inner\">\n\t\t\t\t<div class=\"elementor-element elementor-element-13d25cc elementor-grid-eael-col-3 elementor-grid-tablet-eael-col-2 elementor-grid-mobile-eael-col-1 elementor-widget elementor-widget-eael-post-grid\" data-id=\"13d25cc\" data-element_type=\"widget\" data-e-type=\"widget\" data-settings=\"{&quot;eael_post_grid_columns&quot;:&quot;eael-col-3&quot;,&quot;eael_post_grid_columns_tablet&quot;:&quot;eael-col-2&quot;,&quot;eael_post_grid_columns_mobile&quot;:&quot;eael-col-1&quot;}\" data-widget_type=\"eael-post-grid.default\">\n\t\t\t\t\t<div id=\"eael-post-grid-13d25cc\" class=\"eael-post-grid-container\">\n            <div class=\"eael-post-grid eael-post-appender eael-post-appender-13d25cc eael-post-grid-style-one\" data-layout-mode=\"masonry\"><article class=\"eael-grid-post  eael-post-grid-column eael-pg-post-827 category-guate-nuestra-simbolos-patrios-guate-nuestra\" data-id=\"827\">\n        <div class=\"eael-grid-post-holder\">\n            <div class=\"eael-grid-post-holder-inner\"><div class=\"eael-entry-media\"><div class=\"eael-entry-overlay fade-in\"><i class=\"far fa-hand-pointer\" aria-hidden=\"true\"><\/i><a href=\"https:\/\/soymigrante.com\/revista\/10-datos-del-quetzal-que-tal-vez-ya-conocias-o-quiza-no\/\"><\/a><\/div><div class=\"eael-entry-thumbnail \">\n                <img decoding=\"async\" width=\"1024\" height=\"745\" src=\"https:\/\/soymigrante.com\/revista\/wp-content\/uploads\/2023\/03\/soy-migrante-quetzal-alimenta-se-ve-pichon-credito-ottoniel-cojulun-1024x745.jpg\" class=\"attachment-large size-large wp-image-625\" alt=\"Foto: Ottoniel Cojul\u00fan\" srcset=\"https:\/\/soymigrante.com\/revista\/wp-content\/uploads\/2023\/03\/soy-migrante-quetzal-alimenta-se-ve-pichon-credito-ottoniel-cojulun-1024x745.jpg 1024w, https:\/\/soymigrante.com\/revista\/wp-content\/uploads\/2023\/03\/soy-migrante-quetzal-alimenta-se-ve-pichon-credito-ottoniel-cojulun-300x218.webp 300w, https:\/\/soymigrante.com\/revista\/wp-content\/uploads\/2023\/03\/soy-migrante-quetzal-alimenta-se-ve-pichon-credito-ottoniel-cojulun-768x558.jpg 768w, https:\/\/soymigrante.com\/revista\/wp-content\/uploads\/2023\/03\/soy-migrante-quetzal-alimenta-se-ve-pichon-credito-ottoniel-cojulun-1536x1117.jpg 1536w, https:\/\/soymigrante.com\/revista\/wp-content\/uploads\/2023\/03\/soy-migrante-quetzal-alimenta-se-ve-pichon-credito-ottoniel-cojulun-120x86.webp 120w, https:\/\/soymigrante.com\/revista\/wp-content\/uploads\/2023\/03\/soy-migrante-quetzal-alimenta-se-ve-pichon-credito-ottoniel-cojulun-750x545.webp 750w, https:\/\/soymigrante.com\/revista\/wp-content\/uploads\/2023\/03\/soy-migrante-quetzal-alimenta-se-ve-pichon-credito-ottoniel-cojulun-1140x829.jpg 1140w, https:\/\/soymigrante.com\/revista\/wp-content\/uploads\/2023\/03\/soy-migrante-quetzal-alimenta-se-ve-pichon-credito-ottoniel-cojulun.webp 1920w\" sizes=\"(max-width: 1024px) 100vw, 1024px\" \/>\n            <\/div>\n        <\/div><div class=\"eael-entry-wrapper\"><header class=\"eael-entry-header\"><h2 class=\"eael-entry-title\"><a class=\"eael-grid-post-link\" href=\"https:\/\/soymigrante.com\/revista\/10-datos-del-quetzal-que-tal-vez-ya-conocias-o-quiza-no\/\" title=\"\u00bfEn d\u00f3nde habita el Quetzal?&#8230; y otras 10 preguntas sobre el ave s\u00edmbolo de Guatemala\">\u00bfEn d\u00f3nde habita el Quetzal?&#8230; y otras 10 preguntas sobre el ave s\u00edmbolo de Guatemala<\/a><\/h2><\/header><div class=\"eael-entry-content\">\n                        <div class=\"eael-grid-post-excerpt\"><a href=\"https:\/\/soymigrante.com\/revista\/10-datos-del-quetzal-que-tal-vez-ya-conocias-o-quiza-no\/\" class=\"eael-post-elements-readmore-btn\">CONOCE SU HISTORIA <\/a><\/div>\n                    <\/div><\/div><\/div>\n        <\/div>\n    <\/article><article class=\"eael-grid-post  eael-post-grid-column eael-pg-post-8178 category-estamos-unidos\" data-id=\"8178\">\n        <div class=\"eael-grid-post-holder\">\n            <div class=\"eael-grid-post-holder-inner\"><div class=\"eael-entry-media\"><div class=\"eael-entry-overlay fade-in\"><i class=\"far fa-hand-pointer\" aria-hidden=\"true\"><\/i><a href=\"https:\/\/soymigrante.com\/revista\/festival-chapin-de-los-angeles-2024-sera-encuentro-de-hermandad-y-tradicion\/\"><\/a><\/div><div class=\"eael-entry-thumbnail \">\n                <img loading=\"lazy\" decoding=\"async\" width=\"643\" height=\"643\" src=\"https:\/\/soymigrante.com\/revista\/wp-content\/uploads\/2024\/08\/festival-chapin-2.webp\" class=\"attachment-large size-large wp-image-8319\" alt=\"P\u00fablico asistiendo a un evento cultural en una plaza de ciudad con una majestuosa iglesia g\u00f3tica al fondo, en un d\u00eda soleado, con puestos de artesan\u00edas y comida, enfocado en comunidad y cultura migrante.\" srcset=\"https:\/\/soymigrante.com\/revista\/wp-content\/uploads\/2024\/08\/festival-chapin-2.webp 643w, https:\/\/soymigrante.com\/revista\/wp-content\/uploads\/2024\/08\/festival-chapin-2-300x300.webp 300w, https:\/\/soymigrante.com\/revista\/wp-content\/uploads\/2024\/08\/festival-chapin-2-150x150.webp 150w, https:\/\/soymigrante.com\/revista\/wp-content\/uploads\/2024\/08\/festival-chapin-2-75x75.webp 75w\" sizes=\"(max-width: 643px) 100vw, 643px\" \/>\n            <\/div>\n        <\/div><div class=\"eael-entry-wrapper\"><header class=\"eael-entry-header\"><h2 class=\"eael-entry-title\"><a class=\"eael-grid-post-link\" href=\"https:\/\/soymigrante.com\/revista\/festival-chapin-de-los-angeles-2024-sera-encuentro-de-hermandad-y-tradicion\/\" title=\"M\u00e1s de 25 mil asistentes llegaron al Festival Chapin de Los Angeles 2024\">M\u00e1s de 25 mil asistentes llegaron al Festival Chapin de Los Angeles 2024<\/a><\/h2><\/header><div class=\"eael-entry-content\">\n                        <div class=\"eael-grid-post-excerpt\"><a href=\"https:\/\/soymigrante.com\/revista\/festival-chapin-de-los-angeles-2024-sera-encuentro-de-hermandad-y-tradicion\/\" class=\"eael-post-elements-readmore-btn\">CONOCE SU HISTORIA <\/a><\/div>\n                    <\/div><\/div><\/div>\n        <\/div>\n    <\/article><article class=\"eael-grid-post  eael-post-grid-column eael-pg-post-3451 category-guate-nuestra-simbolos-patrios-guate-nuestra\" data-id=\"3451\">\n        <div class=\"eael-grid-post-holder\">\n            <div class=\"eael-grid-post-holder-inner\"><div class=\"eael-entry-media\"><div class=\"eael-entry-overlay fade-in\"><i class=\"far fa-hand-pointer\" aria-hidden=\"true\"><\/i><a href=\"https:\/\/soymigrante.com\/revista\/simbolos-patrios-de-guatemala-bandera-nacional\/\"><\/a><\/div><div class=\"eael-entry-thumbnail \">\n                <img loading=\"lazy\" decoding=\"async\" width=\"533\" height=\"367\" src=\"https:\/\/soymigrante.com\/revista\/wp-content\/uploads\/2023\/10\/guatemaltecos-houston-1.webp\" class=\"attachment-large size-large wp-image-2991\" alt=\"Migrantes guatemaltecos, al igual que millonees de connacionales en el pa\u00eds, acudieron a las citas c\u00edvicas del 25 de junio y 20 de agosto. Votaron, decidieron y las misiones de observaci\u00f3n electoral certificaron que no hubo anomal\u00edas ni indicio alguno de fraude.\" srcset=\"https:\/\/soymigrante.com\/revista\/wp-content\/uploads\/2023\/10\/guatemaltecos-houston-1.webp 533w, https:\/\/soymigrante.com\/revista\/wp-content\/uploads\/2023\/10\/guatemaltecos-houston-1-300x207.webp 300w\" sizes=\"(max-width: 533px) 100vw, 533px\" \/>\n            <\/div>\n        <\/div><div class=\"eael-entry-wrapper\"><header class=\"eael-entry-header\"><h2 class=\"eael-entry-title\"><a class=\"eael-grid-post-link\" href=\"https:\/\/soymigrante.com\/revista\/simbolos-patrios-de-guatemala-bandera-nacional\/\" title=\"La bandera Nacional de Guatemala: colores azul y blanco tambi\u00e9n son bicentenarios\">La bandera Nacional de Guatemala: colores azul y blanco tambi\u00e9n son bicentenarios<\/a><\/h2><\/header><div class=\"eael-entry-content\">\n                        <div class=\"eael-grid-post-excerpt\"><a href=\"https:\/\/soymigrante.com\/revista\/simbolos-patrios-de-guatemala-bandera-nacional\/\" class=\"eael-post-elements-readmore-btn\">CONOCE SU HISTORIA <\/a><\/div>\n                    <\/div><\/div><\/div>\n        <\/div>\n    <\/article><\/div>\n            <div class=\"clearfix\"><\/div>\n        <\/div>\t\t\t\t<\/div>\n\t\t\t\t\t<\/div>\n\t\t\t\t<\/div>\n\t\t\t\t<\/div>\n\t\t","protected":false},"excerpt":{"rendered":"<p>En un hist\u00f3rico gesto, la ciudad de Los Angeles ilumina el City Hall de azul y blanco entre el 25 y el 30 de agosto, con motivo de la declaratoria oficial de la Semana del Guatemalteco el d\u00eda 27. La Semana del Guatemalteco fue establecida en 2003 por el Condado de Los Angeles, este a\u00f1o [&hellip;]<\/p>\n","protected":false},"author":7,"featured_media":8363,"comment_status":"open","ping_status":"open","sticky":false,"template":"","format":"standard","meta":{"_acf_changed":false,"_eb_attr":"","footnotes":""},"categories":[54],"tags":[],"class_list":["post-8265","post","type-post","status-publish","format-standard","has-post-thumbnail","hentry","category-estamos-unidos"],"acf":[],"aioseo_notices":[],"aioseo_head":"\n\t\t<!-- All in One SEO Pro 4.9.6.2 - aioseo.com -->\n\t<meta name=\"description\" content=\"S\u00edmbolo patrio de los guatemaltecos, dentro y fuera del pa\u00eds: la azul y blanco se luce con orgullo, con dignidad, con respeto y a menudo con nostalgia por la distancia, el tiempo y los ideales. Estos son algunos datos hist\u00f3ricos de la Bandera Nacional de Guatemala. Desde la declaraci\u00f3n de Independencia, en 1821, Guatemala ha\" \/>\n\t<meta name=\"robots\" content=\"max-snippet:-1, max-image-preview:large, max-video-preview:-1\" \/>\n\t<meta name=\"author\" content=\"Gustavo Montenegro\"\/>\n\t<link rel=\"canonical\" href=\"https:\/\/soymigrante.com\/revista\/los-angeles-se-ilumina-de-azul-y-blanco-en-la-semana-del-guatemalteco\/\" \/>\n\t<meta name=\"generator\" content=\"All in One SEO Pro (AIOSEO) 4.9.6.2\" \/>\n\n\t\t<link rel=\"preconnect\" href=\"https:\/\/fonts.googleapis.com\" crossorigin>\n<link rel=\"preconnect\" href=\"https:\/\/fonts.gstatic.com\" crossorigin>\n\t\t<meta property=\"og:locale\" content=\"es_ES\" \/>\n\t\t<meta property=\"og:site_name\" content=\"SoyMigrante.com REVISTA \u2013 Nuestra misi\u00f3n es reconocer y dignificar al migrante.\" \/>\n\t\t<meta property=\"og:type\" content=\"article\" \/>\n\t\t<meta property=\"og:title\" content=\"Semana del Guatemalteco viste de azul y blanco a Los Angeles\" \/>\n\t\t<meta property=\"og:description\" content=\"Los Angeles es la ciudad donde m\u00e1s migrantes guatemaltecos viven, trabajan y construyen un futuro mejor. Del 25 al 30 de agosto es la Semana del Guatemalteco\" \/>\n\t\t<meta property=\"og:url\" content=\"https:\/\/soymigrante.com\/revista\/los-angeles-se-ilumina-de-azul-y-blanco-en-la-semana-del-guatemalteco\/\" \/>\n\t\t<meta property=\"og:image\" content=\"https:\/\/soymigrante.com\/revista\/wp-content\/uploads\/2024\/08\/guatemaltecos-semana-fdfd.webp\" \/>\n\t\t<meta property=\"og:image:secure_url\" content=\"https:\/\/soymigrante.com\/revista\/wp-content\/uploads\/2024\/08\/guatemaltecos-semana-fdfd.webp\" \/>\n\t\t<meta property=\"og:image:width\" content=\"1371\" \/>\n\t\t<meta property=\"og:image:height\" content=\"1371\" \/>\n\t\t<meta property=\"article:published_time\" content=\"2024-08-27T00:49:34+00:00\" \/>\n\t\t<meta property=\"article:modified_time\" content=\"2024-11-01T17:54:00+00:00\" \/>\n\t\t<meta property=\"article:publisher\" content=\"https:\/\/www.facebook.com\/soymigrantecom\" \/>\n\t\t<meta name=\"twitter:card\" content=\"summary_large_image\" \/>\n\t\t<meta name=\"twitter:site\" content=\"@SoyMigrante_com\" \/>\n\t\t<meta name=\"twitter:title\" content=\"Semana del Guatemalteco viste de azul y blanco a Los Angeles\" \/>\n\t\t<meta name=\"twitter:description\" content=\"Los Angeles es la ciudad donde m\u00e1s migrantes guatemaltecos viven, trabajan y construyen un futuro mejor. Del 25 al 30 de agosto es la Semana del Guatemalteco\" \/>\n\t\t<meta name=\"twitter:creator\" content=\"@SoyMigrante_com\" \/>\n\t\t<meta name=\"twitter:image\" content=\"https:\/\/soymigrante.com\/revista\/wp-content\/uploads\/2024\/08\/guatemaltecos-semana-fdfd.webp\" \/>\n\t\t<!-- All in One SEO Pro -->\r\n\t\t<title>Semana del Guatemalteco viste de azul y blanco a Los Angeles<\/title>\n\n","aioseo_head_json":{"title":"Semana del Guatemalteco viste de azul y blanco a Los Angeles","description":"Los Angeles es la ciudad donde m\u00e1s migrantes guatemaltecos viven, trabajan y construyen un futuro mejor. Del 25 al 30 de agosto es la Semana del Guatemalteco","canonical_url":"https:\/\/soymigrante.com\/revista\/los-angeles-se-ilumina-de-azul-y-blanco-en-la-semana-del-guatemalteco\/","robots":"max-snippet:-1, max-image-preview:large, max-video-preview:-1","keywords":"","webmasterTools":{"miscellaneous":"&lt;link rel=\"preconnect\" href=\"https:\/\/fonts.googleapis.com\" crossorigin&gt;\n&lt;link rel=\"preconnect\" href=\"https:\/\/fonts.gstatic.com\" crossorigin&gt;"},"schema":null,"og:locale":"es_ES","og:site_name":"SoyMigrante.com REVISTA \u2013 Nuestra misi\u00f3n es reconocer y dignificar al migrante.","og:type":"article","og:title":"Semana del Guatemalteco viste de azul y blanco a Los Angeles","og:description":"Los Angeles es la ciudad donde m\u00e1s migrantes guatemaltecos viven, trabajan y construyen un futuro mejor. Del 25 al 30 de agosto es la Semana del Guatemalteco","og:url":"https:\/\/soymigrante.com\/revista\/los-angeles-se-ilumina-de-azul-y-blanco-en-la-semana-del-guatemalteco\/","og:image":"https:\/\/soymigrante.com\/revista\/wp-content\/uploads\/2024\/08\/guatemaltecos-semana-fdfd.webp","og:image:secure_url":"https:\/\/soymigrante.com\/revista\/wp-content\/uploads\/2024\/08\/guatemaltecos-semana-fdfd.webp","og:image:width":1371,"og:image:height":1371,"article:published_time":"2024-08-27T00:49:34+00:00","article:modified_time":"2024-11-01T17:54:00+00:00","article:publisher":"https:\/\/www.facebook.com\/soymigrantecom","twitter:card":"summary_large_image","twitter:site":"@SoyMigrante_com","twitter:title":"Semana del Guatemalteco viste de azul y blanco a Los Angeles","twitter:description":"Los Angeles es la ciudad donde m\u00e1s migrantes guatemaltecos viven, trabajan y construyen un futuro mejor. Del 25 al 30 de agosto es la Semana del Guatemalteco","twitter:creator":"@SoyMigrante_com","twitter:image":"https:\/\/soymigrante.com\/revista\/wp-content\/uploads\/2024\/08\/guatemaltecos-semana-fdfd.webp"},"aioseo_meta_data":{"post_id":"8265","title":"Semana del Guatemalteco viste de azul y blanco a Los Angeles","description":"Los Angeles es la ciudad donde m\u00e1s migrantes guatemaltecos viven, trabajan y construyen un futuro mejor. Del 25 al 30 de agosto es la Semana del Guatemalteco","keywords":null,"keyphrases":{"focus":{"keyphrase":"Semana del Guatemalteco","score":91,"analysis":{"keyphraseInTitle":{"score":9,"maxScore":9,"error":0},"keyphraseInDescription":{"score":9,"maxScore":9,"error":0},"keyphraseLength":{"score":9,"maxScore":9,"error":0,"length":3},"keyphraseInURL":{"score":5,"maxScore":5,"error":0},"keyphraseInIntroduction":{"score":9,"maxScore":9,"error":0},"keyphraseInSubHeadings":{"score":3,"maxScore":9,"error":1},"keyphraseInImageAlt":{"score":9,"maxScore":9,"error":0},"keywordDensity":{"type":"best","score":9,"maxScore":9,"error":0}}},"additional":[{"keyphrase":"Migrantes guatemaltecos","score":67,"analysis":{"keyphraseInDescription":{"score":9,"maxScore":9,"error":0},"keyphraseLength":{"score":9,"maxScore":9,"error":0,"length":2},"keyphraseInIntroduction":{"score":3,"maxScore":9,"error":1},"keyphraseInImageAlt":{"score":9,"maxScore":9,"error":0},"keywordDensity":{"score":0,"type":"low","maxScore":9,"error":1}}}]},"primary_term":null,"canonical_url":null,"og_title":null,"og_description":null,"og_object_type":"default","og_image_type":"default","og_image_url":null,"og_image_width":null,"og_image_height":null,"og_image_custom_url":null,"og_image_custom_fields":null,"og_video":"","og_custom_url":null,"og_article_section":null,"og_article_tags":null,"twitter_use_og":false,"twitter_card":"default","twitter_image_type":"default","twitter_image_url":null,"twitter_image_custom_url":null,"twitter_image_custom_fields":null,"twitter_title":null,"twitter_description":null,"schema":{"blockGraphs":[],"customGraphs":[],"default":{"data":{"Article":[],"Course":[],"Dataset":[],"FAQPage":[],"Movie":[],"Person":[],"Product":[],"ProductReview":[],"Car":[],"Recipe":[],"Service":[],"SoftwareApplication":[],"WebPage":[]},"graphName":"Article","isEnabled":true},"graphs":[]},"schema_type":"default","schema_type_options":null,"pillar_content":false,"robots_default":true,"robots_noindex":false,"robots_noarchive":false,"robots_nosnippet":false,"robots_nofollow":false,"robots_noimageindex":false,"robots_noodp":false,"robots_notranslate":false,"robots_max_snippet":"-1","robots_max_videopreview":"-1","robots_max_imagepreview":"large","priority":null,"frequency":"default","local_seo":null,"seo_analyzer_scan_date":"2025-10-08 22:45:14","breadcrumb_settings":null,"limit_modified_date":false,"reviewed_by":null,"open_ai":"{\"title\":{\"suggestions\":[],\"usage\":0},\"description\":{\"suggestions\":[],\"usage\":0}}","ai":null,"created":"2024-08-22 16:53:11","updated":"2026-02-04 12:47:51"},"aioseo_breadcrumb":"<div class=\"aioseo-breadcrumbs\"><span class=\"aioseo-breadcrumb\">\n\t<a href=\"https:\/\/soymigrante.com\/revista\" title=\"Home\">Home<\/a>\n<\/span><span class=\"aioseo-breadcrumb-separator\">\u00bb<\/span><span class=\"aioseo-breadcrumb\">\n\t<a href=\"https:\/\/soymigrante.com\/revista\/category\/estamos-unidos\/\" title=\"Estamos Unidos\">Estamos Unidos<\/a>\n<\/span><span class=\"aioseo-breadcrumb-separator\">\u00bb<\/span><span class=\"aioseo-breadcrumb\">\n\tEn Semana del Guatemalteco se ilumina City Hall de Los Angeles en azul y blanco\n<\/span><\/div>","aioseo_breadcrumb_json":[{"label":"Home","link":"https:\/\/soymigrante.com\/revista"},{"label":"Estamos Unidos","link":"https:\/\/soymigrante.com\/revista\/category\/estamos-unidos\/"},{"label":"En Semana del Guatemalteco se ilumina City Hall de Los Angeles en azul y blanco","link":"https:\/\/soymigrante.com\/revista\/los-angeles-se-ilumina-de-azul-y-blanco-en-la-semana-del-guatemalteco\/"}],"_links":{"self":[{"href":"https:\/\/soymigrante.com\/revista\/wp-json\/wp\/v2\/posts\/8265","targetHints":{"allow":["GET"]}}],"collection":[{"href":"https:\/\/soymigrante.com\/revista\/wp-json\/wp\/v2\/posts"}],"about":[{"href":"https:\/\/soymigrante.com\/revista\/wp-json\/wp\/v2\/types\/post"}],"author":[{"embeddable":true,"href":"https:\/\/soymigrante.com\/revista\/wp-json\/wp\/v2\/users\/7"}],"replies":[{"embeddable":true,"href":"https:\/\/soymigrante.com\/revista\/wp-json\/wp\/v2\/comments?post=8265"}],"version-history":[{"count":0,"href":"https:\/\/soymigrante.com\/revista\/wp-json\/wp\/v2\/posts\/8265\/revisions"}],"wp:featuredmedia":[{"embeddable":true,"href":"https:\/\/soymigrante.com\/revista\/wp-json\/wp\/v2\/media\/8363"}],"wp:attachment":[{"href":"https:\/\/soymigrante.com\/revista\/wp-json\/wp\/v2\/media?parent=8265"}],"wp:term":[{"taxonomy":"category","embeddable":true,"href":"https:\/\/soymigrante.com\/revista\/wp-json\/wp\/v2\/categories?post=8265"},{"taxonomy":"post_tag","embeddable":true,"href":"https:\/\/soymigrante.com\/revista\/wp-json\/wp\/v2\/tags?post=8265"}],"curies":[{"name":"wp","href":"https:\/\/api.w.org\/{rel}","templated":true}]}}