{"id":8258,"date":"2024-08-21T20:31:02","date_gmt":"2024-08-22T02:31:02","guid":{"rendered":"https:\/\/soymigrante.com\/revista\/?p=8258"},"modified":"2024-11-01T01:43:29","modified_gmt":"2024-11-01T07:43:29","slug":"jose-coronado-dreamer-guatemalteco-y-graduado-de-harvard-apoya-tps-para-migrantes","status":"publish","type":"post","link":"https:\/\/soymigrante.com\/revista\/jose-coronado-dreamer-guatemalteco-y-graduado-de-harvard-apoya-tps-para-migrantes\/","title":{"rendered":"Jos\u00e9 Coronado,  dreamer guatemalteco y graduado de Harvard, apoya TPS para compatriotas"},"content":{"rendered":"\t\t<div data-elementor-type=\"wp-post\" data-elementor-id=\"8258\" class=\"elementor elementor-8258\" data-elementor-post-type=\"post\">\n\t\t\t\t<div data-particle_enable=\"false\" data-particle-mobile-disabled=\"false\" class=\"elementor-element elementor-element-9ffc39d e-flex e-con-boxed e-con e-parent\" data-id=\"9ffc39d\" data-element_type=\"container\" data-e-type=\"container\">\n\t\t\t\t\t<div class=\"e-con-inner\">\n\t\t\t\t<div class=\"elementor-element elementor-element-63e1c9e elementor-widget elementor-widget-heading\" data-id=\"63e1c9e\" data-element_type=\"widget\" data-e-type=\"widget\" data-widget_type=\"heading.default\">\n\t\t\t\t\t<h2 class=\"elementor-heading-title elementor-size-default\"><span style=\"font-size: 31.2px\">En la historia del migrante y <i>dreamer<\/i> guatemalteco Jos\u00e9 Coronado hay madrugadas oscuras, matem\u00e1tica, literatura, \u00e1ngeles en forma de maestras y tambi\u00e9n zancudos de Florida que lo picaron, pero as\u00ed le ayudaron. \u00bfC\u00f3mo as\u00ed? Aqu\u00ed te lo contamos.<\/span><\/h2>\t\t\t\t<\/div>\n\t\t\t\t\t<\/div>\n\t\t\t\t<\/div>\n\t\t<div data-particle_enable=\"false\" data-particle-mobile-disabled=\"false\" class=\"elementor-element elementor-element-a9a7e04 e-flex e-con-boxed e-con e-parent\" data-id=\"a9a7e04\" data-element_type=\"container\" data-e-type=\"container\">\n\t\t\t\t\t<div class=\"e-con-inner\">\n\t\t\t\t<div class=\"elementor-element elementor-element-060ca68 elementor-widget elementor-widget-text-editor\" data-id=\"060ca68\" data-element_type=\"widget\" data-e-type=\"widget\" data-widget_type=\"text-editor.default\">\n\t\t\t\t\t\t\t\t\t<p>&#8220;Estoy luchando por algo grande para Guatemala&#8221;, dice Jos\u00e9 Coronado, analista ambiental y comunitario para la organizaci\u00f3n CASA de Maryland, que en repetidas ocasiones ha apoyado a los migrantes y la petici\u00f3n de un TPS para Guatemala. Pero para Jos\u00e9, el TPS es una convicci\u00f3n personal a partir de su experiencia migrante.<\/p><p><span style=\"color: var( --e-global-color-text ); text-align: var(--text-align);\">Lleg\u00f3 a EE.UU. a los 4 a\u00f1os, espec\u00edficamente a Florida, junto a sus padres migrantes y dos hermanos: uno mayor y otro menor que \u00e9l. Est\u00e1 inscrito desde 2012 en el programa de Acci\u00f3n Diferida, o DACA, que impide la deportaci\u00f3n de ni\u00f1os y j\u00f3venes estudiantes migrantes indocumentados.<\/span><\/p><p>Ello le permiti\u00f3 cursar la escuela, egresar de High School y llegar a la universidad. No lo sab\u00eda, pero era un &#8220;gifted boy&#8221;, un ni\u00f1o de inteligencia privilegiada y esto le abri\u00f3 las puertas de Harvard University, en Boston, donde estudi\u00f3 dos carreras juntas: Matem\u00e1tica y Literatura.<\/p><p>Actualmente trabaja en un instituto de investigaci\u00f3n social y legal en Washington D.C., lo cual le pone en contacto con congresistas y otras autoridades. Y desde ese umbral, colabora con el Movimiento TPS Guatemalteco. Es uin dreamer, pero su sue\u00f1o es\u00a0 muy concreto: ayudar a conseguir este beneficio para millones de compatriotas migrantes.\u00a0<\/p>\t\t\t\t\t\t\t\t<\/div>\n\t\t\t\t\t<\/div>\n\t\t\t\t<\/div>\n\t\t<div data-particle_enable=\"false\" data-particle-mobile-disabled=\"false\" class=\"elementor-element elementor-element-f728d9a e-flex e-con-boxed e-con e-parent\" data-id=\"f728d9a\" data-element_type=\"container\" data-e-type=\"container\">\n\t\t\t\t\t<div class=\"e-con-inner\">\n\t\t\t\t<div class=\"elementor-element elementor-element-7bde828 elementor-widget elementor-widget-html\" data-id=\"7bde828\" data-element_type=\"widget\" data-e-type=\"widget\" data-widget_type=\"html.default\">\n\t\t\t\t\t<blockquote class=\"twitter-tweet\" data-media-max-width=\"560\"><p lang=\"en\" dir=\"ltr\">Jose Coronado Flores, a DACA Recipient from Guatemala demands an end to detention and deportation. <a href=\"https:\/\/twitter.com\/hashtag\/DignityNotDetention?src=hash&amp;ref_src=twsrc%5Etfw\">#DignityNotDetention<\/a> <a href=\"https:\/\/twitter.com\/hashtag\/voiceofthemovement?src=hash&amp;ref_src=twsrc%5Etfw\">#voiceofthemovement<\/a> <a href=\"https:\/\/twitter.com\/hashtag\/MayDay?src=hash&amp;ref_src=twsrc%5Etfw\">#MayDay<\/a> <a href=\"https:\/\/t.co\/QDcP6GvlsA\">pic.twitter.com\/QDcP6GvlsA<\/a><\/p>&mdash; CASA (@CASAforall) <a href=\"https:\/\/twitter.com\/CASAforall\/status\/1520822946931093504?ref_src=twsrc%5Etfw\">May 1, 2022<\/a><\/blockquote> <script async src=\"https:\/\/platform.twitter.com\/widgets.js\" charset=\"utf-8\"><\/script>\t\t\t\t<\/div>\n\t\t\t\t\t<\/div>\n\t\t\t\t<\/div>\n\t\t<div data-particle_enable=\"false\" data-particle-mobile-disabled=\"false\" class=\"elementor-element elementor-element-9d947eb e-flex e-con-boxed e-con e-parent\" data-id=\"9d947eb\" data-element_type=\"container\" data-e-type=\"container\">\n\t\t\t\t\t<div class=\"e-con-inner\">\n\t\t\t\t<div class=\"elementor-element elementor-element-42c17fa elementor-widget elementor-widget-heading\" data-id=\"42c17fa\" data-element_type=\"widget\" data-e-type=\"widget\" data-widget_type=\"heading.default\">\n\t\t\t\t\t<h3 class=\"elementor-heading-title elementor-size-default\">Sin saber leer ni escribir en ingl\u00e9s... y un \u00e1ngel<\/h3>\t\t\t\t<\/div>\n\t\t\t\t\t<\/div>\n\t\t\t\t<\/div>\n\t\t<div data-particle_enable=\"false\" data-particle-mobile-disabled=\"false\" class=\"elementor-element elementor-element-9d16c86 e-flex e-con-boxed e-con e-parent\" data-id=\"9d16c86\" data-element_type=\"container\" data-e-type=\"container\">\n\t\t\t\t\t<div class=\"e-con-inner\">\n\t\t\t\t<div class=\"elementor-element elementor-element-cb1976a elementor-widget elementor-widget-text-editor\" data-id=\"cb1976a\" data-element_type=\"widget\" data-e-type=\"widget\" data-widget_type=\"text-editor.default\">\n\t\t\t\t\t\t\t\t\t<p><span style=\"color: var( --e-global-color-text ); text-align: var(--text-align);\">Originario de Chiquimula, Jos\u00e9 lleg\u00f3 en 2001, ten\u00eda 4 a\u00f1os. Lleg\u00f3 con sus padres. Ten\u00edan familiares en Florida, que estaban en EEUU en la d\u00e9cada 1980.\u00a0<\/span><\/p><p><span style=\"color: var( --e-global-color-text ); text-align: var(--text-align);\">&#8220;Mis padres viajaron con todo y nosotros a Florida all\u00ed un hospital llamado Shriners, que brindaba ayuda.\u00a0 MI hermano menor lo necesitaba, porque naci\u00f3 prematuro y no pod\u00eda caminar. MIs pap\u00e1s buscaron ayuda m\u00e9dica en Guatemala pero alguien les cont\u00f3 de ese hospital. En Holiday Florida, al norte de Tampa, nos recibi\u00f3 mi t\u00edo, que lleg\u00f3 en la \u00e9poca de Ronald Reagan. En ese tiempo casi no hab\u00eda guatemaltecos en el Estado&#8221;.<\/span><\/p><p>Jos\u00e9 entr\u00f3 a kindergarden. &#8220;Aprend\u00ed a hablar en ingl\u00e9s, pero no sab\u00eda como escribirlo, ni leerlo. Al llegar a primer grado, cuando me dec\u00edan que leyera o escrib\u00eda, bajaba la cabeza y me pon\u00eda a llorar. Eso me atras\u00f3 un poco&#8221;.<\/p><p>Pero de pronto apareci\u00f3 un \u00e1ngel en su vida: &#8220;Hab\u00eda una maestra hispana que\u00a0 le dijo a mi mam\u00e1, trae al ni\u00f1o cada ma\u00f1ana de martes y jueves y yo le voy a ense\u00f1ar. Hicimos eso seis meses y aprend\u00ed&#8221;.<\/p>\t\t\t\t\t\t\t\t<\/div>\n\t\t\t\t\t<\/div>\n\t\t\t\t<\/div>\n\t\t<div data-particle_enable=\"false\" data-particle-mobile-disabled=\"false\" class=\"elementor-element elementor-element-b210052 e-flex e-con-boxed e-con e-parent\" data-id=\"b210052\" data-element_type=\"container\" data-e-type=\"container\">\n\t\t\t\t\t<div class=\"e-con-inner\">\n\t\t\t\t<div class=\"elementor-element elementor-element-a09e075 elementor-widget elementor-widget-image-gallery\" data-id=\"a09e075\" data-element_type=\"widget\" data-e-type=\"widget\" data-widget_type=\"image-gallery.default\">\n\t\t\t\t\t\t\t<div class=\"elementor-image-gallery\">\n\t\t\t<div id='gallery-1' class='gallery galleryid-8258 gallery-columns-2 gallery-size-large'><figure class='gallery-item'>\n\t\t\t<div class='gallery-icon portrait'>\n\t\t\t\t<a data-elementor-open-lightbox=\"yes\" data-elementor-lightbox-slideshow=\"a09e075\" data-elementor-lightbox-title=\"jose coronado 1\" data-elementor-lightbox-description=\"La imagen muestra a dos hombres felices, uno m\u00e1s joven y otro mayor, en un entorno natural con \u00e1rboles y luz natural, reflejando amistad, celebraci\u00f3n y momentos de alegr\u00eda compartida.\" data-e-action-hash=\"#elementor-action%3Aaction%3Dlightbox%26settings%3DeyJpZCI6ODI2MSwidXJsIjoiaHR0cHM6XC9cL3NveW1pZ3JhbnRlLmNvbVwvcmV2aXN0YVwvd3AtY29udGVudFwvdXBsb2Fkc1wvMjAyNFwvMDhcL2pvc2UtY29yb25hZG8tMS53ZWJwIiwic2xpZGVzaG93IjoiYTA5ZTA3NSJ9\" href='https:\/\/soymigrante.com\/revista\/wp-content\/uploads\/2024\/08\/jose-coronado-1.webp'><img fetchpriority=\"high\" decoding=\"async\" width=\"474\" height=\"592\" src=\"https:\/\/soymigrante.com\/revista\/wp-content\/uploads\/2024\/08\/jose-coronado-1.webp\" class=\"attachment-large size-large\" alt=\"Amigos sonriendo juntos al aire libre, mostrando uni\u00f3n y alegr\u00eda en un entorno natural.\" aria-describedby=\"gallery-1-8261\" srcset=\"https:\/\/soymigrante.com\/revista\/wp-content\/uploads\/2024\/08\/jose-coronado-1.webp 474w, https:\/\/soymigrante.com\/revista\/wp-content\/uploads\/2024\/08\/jose-coronado-1-240x300.webp 240w\" sizes=\"(max-width: 474px) 100vw, 474px\" title=\"jose coronado 1 \u2013 SoyMigrante.com REVISTA\" \/><\/a>\n\t\t\t<\/div>\n\t\t\t\t<figcaption class='wp-caption-text gallery-caption' id='gallery-1-8261'>\n\t\t\t\tDos personas sonriendo y abraz\u00e1ndose en un ambiente exterior, transmitiendo amistad y felicidad en un d\u00eda soleado.\n\t\t\t\t<\/figcaption><\/figure><figure class='gallery-item'>\n\t\t\t<div class='gallery-icon portrait'>\n\t\t\t\t<a data-elementor-open-lightbox=\"yes\" data-elementor-lightbox-slideshow=\"a09e075\" data-elementor-lightbox-title=\"jose coronado 2\" data-elementor-lightbox-description=\"Una imagen de dos individuos en un entorno natural, reflejando la diversidad y la inclusi\u00f3n de la comunidad migrante, ideal para art\u00edculos de inmigraci\u00f3n, derechos y cultura en SoyMigrante.com.\" data-e-action-hash=\"#elementor-action%3Aaction%3Dlightbox%26settings%3DeyJpZCI6ODI2MiwidXJsIjoiaHR0cHM6XC9cL3NveW1pZ3JhbnRlLmNvbVwvcmV2aXN0YVwvd3AtY29udGVudFwvdXBsb2Fkc1wvMjAyNFwvMDhcL2pvc2UtY29yb25hZG8tMi53ZWJwIiwic2xpZGVzaG93IjoiYTA5ZTA3NSJ9\" href='https:\/\/soymigrante.com\/revista\/wp-content\/uploads\/2024\/08\/jose-coronado-2.webp'><img decoding=\"async\" width=\"602\" height=\"752\" src=\"https:\/\/soymigrante.com\/revista\/wp-content\/uploads\/2024\/08\/jose-coronado-2.webp\" class=\"attachment-large size-large\" alt=\"SoyMigrante.com REVISTA - Imagen de dos personas sonriendo, en un entorno natural, promoviendo la diversidad y comunidad migrante en art\u00edculos y noticias de inter\u00e9s.\" aria-describedby=\"gallery-1-8262\" srcset=\"https:\/\/soymigrante.com\/revista\/wp-content\/uploads\/2024\/08\/jose-coronado-2.webp 602w, https:\/\/soymigrante.com\/revista\/wp-content\/uploads\/2024\/08\/jose-coronado-2-240x300.webp 240w\" sizes=\"(max-width: 602px) 100vw, 602px\" title=\"jose coronado 2 \u2013 SoyMigrante.com REVISTA\" \/><\/a>\n\t\t\t<\/div>\n\t\t\t\t<figcaption class='wp-caption-text gallery-caption' id='gallery-1-8262'>\n\t\t\t\tFoto de dos personas sonriendo al aire libre, destacando la comunidad migrante y la integraci\u00f3n cultural en la revista SoyMigrante.com.\n\t\t\t\t<\/figcaption><\/figure>\n\t\t<\/div>\n\t\t<\/div>\n\t\t\t\t\t\t<\/div>\n\t\t\t\t\t<\/div>\n\t\t\t\t<\/div>\n\t\t<div data-particle_enable=\"false\" data-particle-mobile-disabled=\"false\" class=\"elementor-element elementor-element-eb7ff00 e-flex e-con-boxed e-con e-parent\" data-id=\"eb7ff00\" data-element_type=\"container\" data-e-type=\"container\">\n\t\t\t\t\t<div class=\"e-con-inner\">\n\t\t\t\t<div class=\"elementor-element elementor-element-f87d743 elementor-widget elementor-widget-heading\" data-id=\"f87d743\" data-element_type=\"widget\" data-e-type=\"widget\" data-widget_type=\"heading.default\">\n\t\t\t\t\t<h2 class=\"elementor-heading-title elementor-size-default\">Cambios, separaciones y dificultades<\/h2>\t\t\t\t<\/div>\n\t\t\t\t\t<\/div>\n\t\t\t\t<\/div>\n\t\t<div data-particle_enable=\"false\" data-particle-mobile-disabled=\"false\" class=\"elementor-element elementor-element-6311ff5 e-flex e-con-boxed e-con e-parent\" data-id=\"6311ff5\" data-element_type=\"container\" data-e-type=\"container\">\n\t\t\t\t\t<div class=\"e-con-inner\">\n\t\t\t\t<div class=\"elementor-element elementor-element-7096c95 elementor-widget elementor-widget-text-editor\" data-id=\"7096c95\" data-element_type=\"widget\" data-e-type=\"widget\" data-widget_type=\"text-editor.default\">\n\t\t\t\t\t\t\t\t\t<p><span style=\"color: var( --e-global-color-text ); text-align: var(--text-align);\">Los pap\u00e1s de Jos\u00e9 se separaron. Ella se fue a Maryland. Se llev\u00f3 a sus tres hijos. A todo esto, el diagn\u00f3stico de su hermano menor, Gabriel, era par\u00e1lisis cerebral. &#8220;Hoy en d\u00eda Gabriel a\u00fan no puede caminar, pero en su mente est\u00e1 bien.<\/span><\/p><p>\u00a0y hasta pudo ir a la universidad aqu\u00ed&#8221;, cuenta Jos\u00e9. Su hermano mayor, \u00c9dgar, decidi\u00f3 regresarse a Florida pero se llev\u00f3 a Jos\u00e9 y a Gabriel.\u00a0<span style=\"color: var( --e-global-color-text ); text-align: var(--text-align);\">&#8220;\u00c9dgar ten\u00eda una novia aqu\u00ed y me convenci\u00f3 de regresarnos con mi pap\u00e1&#8221;.\u00a0<\/span><\/p><p>El pap\u00e1 laboraba en cuidado de adultos mayores, con un salario m\u00ednimo por ser indocumenentado. Esto conllev\u00f3 a que vivieran en un \u00e1rea conflictiva, donde hab\u00eda distribuci\u00f3n de drogas.\u00a0<\/p><p>Por diversos problemas, a \u00c9dgar lo mand\u00f3 el pap\u00e1 a Maryland y se quedaron solo Jos\u00e9 y Gabriel con \u00e9l en Florida.\u00a0<\/p><p><span style=\"color: var( --e-global-color-text ); text-align: var(--text-align);\">&#8220;Por sus horarios de trabajo no nos pod\u00eda cuidar mi pap\u00e1. As\u00ed que yo\u00a0 me encargaba de cuidar a mi hermano Gabriel. Madrugaba, lo ba\u00f1aba, le daba desayuno, le ayudaba con su tarea y lo encaminaba a su bus. Eso me dejaba 15 minutos para ir a tomar mi bus, pero a veces lo perd\u00eda. Llegaba tarde, me daba sue\u00f1o y mis calificaciones empezaron a bajar&#8221;.<\/span><\/p>\t\t\t\t\t\t\t\t<\/div>\n\t\t\t\t\t<\/div>\n\t\t\t\t<\/div>\n\t\t<div data-particle_enable=\"false\" data-particle-mobile-disabled=\"false\" class=\"elementor-element elementor-element-88ce297 e-flex e-con-boxed e-con e-parent\" data-id=\"88ce297\" data-element_type=\"container\" data-e-type=\"container\">\n\t\t\t\t\t<div class=\"e-con-inner\">\n\t\t\t\t<div class=\"elementor-element elementor-element-cb9353f elementor-widget elementor-widget-heading\" data-id=\"cb9353f\" data-element_type=\"widget\" data-e-type=\"widget\" data-widget_type=\"heading.default\">\n\t\t\t\t\t<h4 class=\"elementor-heading-title elementor-size-default\">Jos\u00e9 Coronado tambi\u00e9n crea expresivas piezas audiovisuales<\/h4>\t\t\t\t<\/div>\n\t\t\t\t\t<\/div>\n\t\t\t\t<\/div>\n\t\t<div data-particle_enable=\"false\" data-particle-mobile-disabled=\"false\" class=\"elementor-element elementor-element-6c6474b e-flex e-con-boxed e-con e-parent\" data-id=\"6c6474b\" data-element_type=\"container\" data-e-type=\"container\">\n\t\t\t\t\t<div class=\"e-con-inner\">\n\t\t\t\t<div class=\"elementor-element elementor-element-f311421 elementor-widget elementor-widget-video\" data-id=\"f311421\" data-element_type=\"widget\" data-e-type=\"widget\" data-settings=\"{&quot;youtube_url&quot;:&quot;https:\\\/\\\/www.youtube.com\\\/watch?v=ugpzXS5zq34&amp;t=174s&quot;,&quot;video_type&quot;:&quot;youtube&quot;,&quot;controls&quot;:&quot;yes&quot;}\" data-widget_type=\"video.default\">\n\t\t\t\t\t\t\t<div class=\"elementor-wrapper elementor-open-inline\">\n\t\t\t<div class=\"elementor-video\"><\/div>\t\t<\/div>\n\t\t\t\t\t\t<\/div>\n\t\t\t\t\t<\/div>\n\t\t\t\t<\/div>\n\t\t<div data-particle_enable=\"false\" data-particle-mobile-disabled=\"false\" class=\"elementor-element elementor-element-ae93935 e-flex e-con-boxed e-con e-parent\" data-id=\"ae93935\" data-element_type=\"container\" data-e-type=\"container\">\n\t\t\t\t\t<div class=\"e-con-inner\">\n\t\t\t\t<div class=\"elementor-element elementor-element-f3f59b5 elementor-widget elementor-widget-heading\" data-id=\"f3f59b5\" data-element_type=\"widget\" data-e-type=\"widget\" data-widget_type=\"heading.default\">\n\t\t\t\t\t<h3 class=\"elementor-heading-title elementor-size-default\">Matem\u00e1ticas, mosquitos y otro \u00e1ngel<\/h3>\t\t\t\t<\/div>\n\t\t\t\t\t<\/div>\n\t\t\t\t<\/div>\n\t\t<div data-particle_enable=\"false\" data-particle-mobile-disabled=\"false\" class=\"elementor-element elementor-element-deaf442 e-flex e-con-boxed e-con e-parent\" data-id=\"deaf442\" data-element_type=\"container\" data-e-type=\"container\">\n\t\t\t\t\t<div class=\"e-con-inner\">\n\t\t\t\t<div class=\"elementor-element elementor-element-e7d79d7 elementor-widget elementor-widget-text-editor\" data-id=\"e7d79d7\" data-element_type=\"widget\" data-e-type=\"widget\" data-widget_type=\"text-editor.default\">\n\t\t\t\t\t\t\t\t\t<p><span style=\"color: var( --e-global-color-text ); text-align: var(--text-align);\">A pesar de todo,\u00a0 hubo una materia en la que Jos\u00e9 nunca baj\u00f3 las notas: matem\u00e1ticas. cuando estaba en s\u00e9ptimo grado (aprox. primero b\u00e1sico en Guatemala), los maestros detectaron eso y lo pusieron en clases de matem\u00e1ticas avanzadas. En la escuela hab\u00eda un programa para &#8220;gifted Boys&#8221;: ni\u00f1os prodigio. Pas\u00f3 la prueba y su inteligencia lo gui\u00f3.<\/span><\/p><p>&#8220;Al llegar al grado 9, High School estaba en un programa llamado Bachillerato Internacional, en el cual todas las clases son casi de nivel universitario&#8221;. Jos\u00e9 se manten\u00eda estudiando, durmiendo, haciendo tareas y cuidando a su hermano&#8221;.<\/p><p>Pero a diario, por su horario de trabajo, su pap\u00e1 lo ten\u00eda que pasar dejando frente a la parad del bus a las 5 de la ma\u00f1ana. Pero el bus pasaba a las 7. &#8220;Era una oscuridad total, me pasaba dos horas sentado all\u00ed solo esperando&#8221;.<\/p><p>Pero Jos\u00e9 ten\u00eda la esperanza de salir adelante. SAb\u00eda que si llegaba a ser un profesional podr\u00eda ayudar a sus padres, crecer, avanzar, tener un mejor futuro.<\/p><p>&#8220;A veces llegaban avisos de desalojo o les cortaban la electricidad por falta de pago\u00a0 \u00a0Y esa adversidad me motivaba a\u00fan m\u00e1s a hacer algo. Esa esperanza me ayudaba a resistir aquellas dos horas diarias de espera durante dos a\u00f1os&#8221;.\u00a0\u00a0<\/p><p>S\u00ed, pasaron dos a\u00f1os en esa rutina. Pero en una ocasi\u00f3n, hab\u00eda muchos mosquitos en el \u00e1rea (\u00a1es Florida!) y mientras Jose esperaba, se dieron un fest\u00edn con \u00e9l. &#8220;Me picaron toda la cara, los brazos, las piernas. Llegu\u00e9 mi escuela cubierto de ronchas. Una maestra me pregunt\u00f3 qu\u00e9 me hab\u00eda pasado. Y le cont\u00e9, de los mosquitos, de la espera diaria desde la madrugada&#8221;.<\/p><p>Y all\u00ed apareci\u00f3 otro \u00e1ngel. La maestra (Miss Anne Carelli) le ofreci\u00f3 pasar tray\u00e9ndolo a diario a casa. &#8220;Ella era maestra de espa\u00f1ol y franc\u00e9s, y aunque mi casa no quedaba en su camino, me ayud\u00f3&#8221;.<\/p><p>\u00a0<\/p>\t\t\t\t\t\t\t\t<\/div>\n\t\t\t\t\t<\/div>\n\t\t\t\t<\/div>\n\t\t<div data-particle_enable=\"false\" data-particle-mobile-disabled=\"false\" class=\"elementor-element elementor-element-5a51d21 e-flex e-con-boxed e-con e-parent\" data-id=\"5a51d21\" data-element_type=\"container\" data-e-type=\"container\">\n\t\t\t\t\t<div class=\"e-con-inner\">\n\t\t\t\t<div class=\"elementor-element elementor-element-c7446c7 elementor-widget elementor-widget-image\" data-id=\"c7446c7\" data-element_type=\"widget\" data-e-type=\"widget\" data-widget_type=\"image.default\">\n\t\t\t\t\t\t\t\t\t\t\t\t\t\t\t<img decoding=\"async\" width=\"768\" height=\"1024\" src=\"https:\/\/soymigrante.com\/revista\/wp-content\/uploads\/2024\/08\/jose-coronado-migrante-guatemalteco-harvard-dreamer.webp\" class=\"attachment-large size-large wp-image-8263\" alt=\"Estudiante sonriendo con toga y birrete, sosteniendo diploma en la graduaci\u00f3n de Harvard, con fondo de jard\u00edn y otros graduados, celebrando logros acad\u00e9micos y migrantes en la comunidad universitaria.\" srcset=\"https:\/\/soymigrante.com\/revista\/wp-content\/uploads\/2024\/08\/jose-coronado-migrante-guatemalteco-harvard-dreamer.webp 768w, https:\/\/soymigrante.com\/revista\/wp-content\/uploads\/2024\/08\/jose-coronado-migrante-guatemalteco-harvard-dreamer-225x300.webp 225w, https:\/\/soymigrante.com\/revista\/wp-content\/uploads\/2024\/08\/jose-coronado-migrante-guatemalteco-harvard-dreamer-750x1000.webp 750w\" sizes=\"(max-width: 768px) 100vw, 768px\" title=\"Jos\u00e9 Coronado se gradu\u00f3 de la Universidad de Harvard, donde estudi\u00f3 con beca completa gracias a su alto rendimiento en matem\u00e1tica durante la High School. Egres\u00f3 de dos carreras: Matem\u00e1tica y Literatura. \u2013 SoyMigrante.com REVISTA\" \/>\t\t\t\t\t\t\t\t\t\t\t\t\t\t\t<\/div>\n\t\t\t\t\t<\/div>\n\t\t\t\t<\/div>\n\t\t<div data-particle_enable=\"false\" data-particle-mobile-disabled=\"false\" class=\"elementor-element elementor-element-f8ce6c6 e-flex e-con-boxed e-con e-parent\" data-id=\"f8ce6c6\" data-element_type=\"container\" data-e-type=\"container\">\n\t\t\t\t\t<div class=\"e-con-inner\">\n\t\t\t\t<div class=\"elementor-element elementor-element-2b8169e elementor-widget elementor-widget-heading\" data-id=\"2b8169e\" data-element_type=\"widget\" data-e-type=\"widget\" data-widget_type=\"heading.default\">\n\t\t\t\t\t<h3 class=\"elementor-heading-title elementor-size-default\">La beca en la Universidad de Harvard <\/h3>\t\t\t\t<\/div>\n\t\t\t\t\t<\/div>\n\t\t\t\t<\/div>\n\t\t<div data-particle_enable=\"false\" data-particle-mobile-disabled=\"false\" class=\"elementor-element elementor-element-4c918a5 e-flex e-con-boxed e-con e-parent\" data-id=\"4c918a5\" data-element_type=\"container\" data-e-type=\"container\">\n\t\t\t\t\t<div class=\"e-con-inner\">\n\t\t\t\t<div class=\"elementor-element elementor-element-ce2af04 elementor-widget elementor-widget-text-editor\" data-id=\"ce2af04\" data-element_type=\"widget\" data-e-type=\"widget\" data-widget_type=\"text-editor.default\">\n\t\t\t\t\t\t\t\t\t<p><span style=\"color: var( --e-global-color-text ); text-align: var(--text-align);\">Despu\u00e9s Jos\u00e9 se traslad\u00f3 a Maryland de nuevo. Su mam\u00e1 se hab\u00eda casado de nuevo y su esposo adopt\u00f3 a Gabriel, que as\u00ed recibi\u00f3 atenci\u00f3n m\u00e9dica y terapias. Jos\u00e9 continu\u00f3 el bachillerato internacional.<\/span><\/p><p>&#8220;En el condado Frederick, mi mam\u00e1 y yo fuimos a una reuni\u00f3n en la escuela. Al ver mis ex\u00e1menes y calificaciones, la consejera escolar me dijo: \u00bfA qu\u00e9 universidad quieres ir?&#8221;<\/p><p>&#8220;Yo tratando de ser humilde, dije, la universidad de California. Ella me dijo, \u00bfa qu\u00e9 universidad quieres ir de verdad? Le dije Harvard University, pensando que era algo imposible. Ella respondi\u00f3: Te prometo que si sigues as\u00ed, vas a entrar a Harvard&#8221;.<\/p><p>Sigui\u00f3 estudiando fuerte, aplic\u00f3 a una sola universidad Harvard, con beca completa. &#8220;Me aceptaron, yo no pagu\u00e9 ni un centavo para ir a Harvard. Son miles de miles los que solicitan entrar, incluso pagando y no digamos una beca&#8221;.<\/p><p>All\u00ed estudi\u00f3 Matem\u00e1tica y Literatura, se gradu\u00f3 en 2023.\u00a0<span style=\"color: var( --e-global-color-text ); text-align: var(--text-align);\">&#8220;Fue genial estudiar en Harvard, muy exigente, pero cultiv\u00e9 mi amor por la literatura&#8230; y la matem\u00e1tica&#8221;.<\/span><\/p>\t\t\t\t\t\t\t\t<\/div>\n\t\t\t\t\t<\/div>\n\t\t\t\t<\/div>\n\t\t<div data-particle_enable=\"false\" data-particle-mobile-disabled=\"false\" class=\"elementor-element elementor-element-7507807 e-flex e-con-boxed e-con e-parent\" data-id=\"7507807\" data-element_type=\"container\" data-e-type=\"container\">\n\t\t\t\t\t<div class=\"e-con-inner\">\n\t\t\t\t<div class=\"elementor-element elementor-element-04dec4d elementor-widget elementor-widget-image\" data-id=\"04dec4d\" data-element_type=\"widget\" data-e-type=\"widget\" data-widget_type=\"image.default\">\n\t\t\t\t\t\t\t\t\t\t\t\t<figure class=\"wp-caption\">\n\t\t\t\t\t\t\t\t\t\t\t<a href=\"https:\/\/soymigrante.com\/revista\/municipalidades-se-han-unido-a-peticion-de-tps-guatemalteco\/\">\n\t\t\t\t\t\t\t<img loading=\"lazy\" decoding=\"async\" width=\"768\" height=\"576\" src=\"https:\/\/soymigrante.com\/revista\/wp-content\/uploads\/2024\/06\/Imagen-de-WhatsApp-2024-06-27-a-las-094240_a75fd55f-1024x768.webp\" class=\"attachment-large size-large wp-image-7212\" alt=\"Activistas en la protesta frente al Capitolio en Washington, con pancarta del Movimiento Guatemalteco TPS, defendiendo derechos de inmigrantes guatemaltecos en EE. UU. y visibilizando la comunidad migrante.\" srcset=\"https:\/\/soymigrante.com\/revista\/wp-content\/uploads\/2024\/06\/Imagen-de-WhatsApp-2024-06-27-a-las-094240_a75fd55f-1024x768.webp 1024w, https:\/\/soymigrante.com\/revista\/wp-content\/uploads\/2024\/06\/Imagen-de-WhatsApp-2024-06-27-a-las-094240_a75fd55f-300x225.webp 300w, https:\/\/soymigrante.com\/revista\/wp-content\/uploads\/2024\/06\/Imagen-de-WhatsApp-2024-06-27-a-las-094240_a75fd55f-768x576.webp 768w, https:\/\/soymigrante.com\/revista\/wp-content\/uploads\/2024\/06\/Imagen-de-WhatsApp-2024-06-27-a-las-094240_a75fd55f-1536x1152.webp 1536w, https:\/\/soymigrante.com\/revista\/wp-content\/uploads\/2024\/06\/Imagen-de-WhatsApp-2024-06-27-a-las-094240_a75fd55f-750x563.webp 750w, https:\/\/soymigrante.com\/revista\/wp-content\/uploads\/2024\/06\/Imagen-de-WhatsApp-2024-06-27-a-las-094240_a75fd55f-1140x855.webp 1140w, https:\/\/soymigrante.com\/revista\/wp-content\/uploads\/2024\/06\/Imagen-de-WhatsApp-2024-06-27-a-las-094240_a75fd55f.webp 1920w\" sizes=\"(max-width: 768px) 100vw, 768px\" title=\"Integrantes del Movimiento TPS Guatemalteco visitaron oficinas de varios congresistas; fueron atendidos y continuar\u00e1n tocando puertas incluso de legisladores republicanos, a quienes expondr\u00e1n el aporte de los migrantes guatemaltecos en EE.UU. \u2013 SoyMigrante.com REVISTA\" \/>\t\t\t\t\t\t\t\t<\/a>\n\t\t\t\t\t\t\t\t\t\t\t<figcaption class=\"widget-image-caption wp-caption-text\">Jos\u00e9 Coronado, de corbata, ha puesto al servicio del Movimiento TPS Guatemalteco todos sus conocimientos, tambi\u00e9n sus contactos con congresistas y senadores, logrados a trav\u00e9s de su trabajo con la organizaci\u00f3n CASA de Maryland. Su gran sue\u00f1o es muy concreto: lograr el beneficio de un TPS para los migrantesguatemaltecos. Foto Junio 2024<\/figcaption>\n\t\t\t\t\t\t\t\t\t\t<\/figure>\n\t\t\t\t\t\t\t\t\t<\/div>\n\t\t\t\t\t<\/div>\n\t\t\t\t<\/div>\n\t\t<div data-particle_enable=\"false\" data-particle-mobile-disabled=\"false\" class=\"elementor-element elementor-element-04e43b0 e-flex e-con-boxed e-con e-parent\" data-id=\"04e43b0\" data-element_type=\"container\" data-e-type=\"container\">\n\t\t\t\t\t<div class=\"e-con-inner\">\n\t\t\t\t<div class=\"elementor-element elementor-element-21a21fa elementor-widget elementor-widget-heading\" data-id=\"21a21fa\" data-element_type=\"widget\" data-e-type=\"widget\" data-widget_type=\"heading.default\">\n\t\t\t\t\t<h3 class=\"elementor-heading-title elementor-size-default\">El gran sue\u00f1o de Jos\u00e9: un TPS para Guatemala<\/h3>\t\t\t\t<\/div>\n\t\t\t\t\t<\/div>\n\t\t\t\t<\/div>\n\t\t<div data-particle_enable=\"false\" data-particle-mobile-disabled=\"false\" class=\"elementor-element elementor-element-1ed6419 e-flex e-con-boxed e-con e-parent\" data-id=\"1ed6419\" data-element_type=\"container\" data-e-type=\"container\">\n\t\t\t\t\t<div class=\"e-con-inner\">\n\t\t\t\t<div class=\"elementor-element elementor-element-d57bd07 elementor-widget elementor-widget-text-editor\" data-id=\"d57bd07\" data-element_type=\"widget\" data-e-type=\"widget\" data-widget_type=\"text-editor.default\">\n\t\t\t\t\t\t\t\t\t<p><span style=\"color: var( --e-global-color-text ); text-align: var(--text-align);\">Actualmente Jos\u00e9 trabaja en una organizaci\u00f3n que trabaja en justicia ambiental comunitaria, vivienda y migraci\u00f3n. &#8220;Soy analista, me sirve mucho la literatura para escribir informes, pero tambi\u00e9n la matem\u00e1tica para hacer c\u00e1lculos, estad\u00edsticas, proyecciones. Investiga temas que pueden afectar a las comunidades, por ejemplo contaminaci\u00f3n de aire o agua por f\u00e1bricas o incineradores de basura&#8221;. Actualmente trabajan en una ley que obligue a f\u00e1bricas contaminadoras a reducir emisiones y compensar a las comunidades donde se instalen.<\/span><\/p><p>\u00a0<\/p><p>Sin embargo, hay un voluntariado adicional que se ha convertido en sue\u00f1o y misi\u00f3n. Jos\u00e9 Coronado est\u00e1 apoyando al Movimiento TPS Guatemalteco. \u00bfQu\u00e9 le motiva?<\/p><p>&#8220;Pues primero todo ser guatemalteco. Pas\u00e9 las dificultades de la exclusi\u00f3n migratoria pero en 2012 obtuve un permiso para estudiar gracias al programa de accion migratoria diferida, DACA. Soy un Dreamer y eeso me permiti\u00f3 estudiar y trabajar. Es un permiso que debo renovar cada dos a\u00f1os&#8221;.<\/p><p>El TPS ser\u00eda una gran ayuda para Guatemala porque mi pa\u00eds ha sufrido efectos de desastres ambientales que generan pobreza. &#8220;Cuando me reuno con la comunidad, los migrantes guatemaltecos trabajan mucho, as\u00ed como mis padres, pero por su condici\u00f3n de indocumentados no reciben la misma paga. Un TPS les ayudar\u00eda a tener m\u00e1s protecci\u00f3n.<\/p><p>La organizaci\u00f3n CASA, donde trabaja Jos\u00e9 ha apoyado a los migrantes y fue as\u00ed como se uni\u00f3. As\u00ed los ha puesto en contacto con congresistas y senadores estadounidenses. &#8220;Estamos luchando por algo grande, para Guatemala y lo vamos a lograr&#8221;.<\/p>\t\t\t\t\t\t\t\t<\/div>\n\t\t\t\t\t<\/div>\n\t\t\t\t<\/div>\n\t\t<div data-particle_enable=\"false\" data-particle-mobile-disabled=\"false\" class=\"elementor-element elementor-element-c57d353 e-flex e-con-boxed e-con e-parent\" data-id=\"c57d353\" data-element_type=\"container\" data-e-type=\"container\">\n\t\t\t\t\t<div class=\"e-con-inner\">\n\t\t\t\t<div class=\"elementor-element elementor-element-1f02eb4 elementor-widget elementor-widget-image\" data-id=\"1f02eb4\" data-element_type=\"widget\" data-e-type=\"widget\" data-widget_type=\"image.default\">\n\t\t\t\t\t\t\t\t\t\t\t\t<figure class=\"wp-caption\">\n\t\t\t\t\t\t\t\t\t\t<img loading=\"lazy\" decoding=\"async\" width=\"768\" height=\"1024\" src=\"https:\/\/soymigrante.com\/revista\/wp-content\/uploads\/2024\/08\/Imagen-de-WhatsApp-2024-07-03-a-las-091708_35c762da.webp\" class=\"attachment-large size-large wp-image-8264\" alt=\"Es256: Grupo diverso de personas en un evento social, mostrando inclusi\u00f3n y celebraci\u00f3n, en un ambiente accesible y alegre para promover la comunidad y el apoyo a las personas con discapacidad.\" srcset=\"https:\/\/soymigrante.com\/revista\/wp-content\/uploads\/2024\/08\/Imagen-de-WhatsApp-2024-07-03-a-las-091708_35c762da.webp 768w, https:\/\/soymigrante.com\/revista\/wp-content\/uploads\/2024\/08\/Imagen-de-WhatsApp-2024-07-03-a-las-091708_35c762da-225x300.webp 225w, https:\/\/soymigrante.com\/revista\/wp-content\/uploads\/2024\/08\/Imagen-de-WhatsApp-2024-07-03-a-las-091708_35c762da-750x1000.webp 750w\" sizes=\"(max-width: 768px) 100vw, 768px\" title=\"En esta fotograf\u00eda, Jos\u00e9 aparece junto a su hermano Gabriel, quien con todo y sus capacidades diferentes tambi\u00e9n es un graduado universitario. Han salido adelante a base de esfuerzo, apoyo de sus padres y tambi\u00e9n de \u00e1ngeles que han aparecido en el camino. \u2013 SoyMigrante.com REVISTA\" \/>\t\t\t\t\t\t\t\t\t\t\t<figcaption class=\"widget-image-caption wp-caption-text\">Diverso grupo de personas en un evento social en interior, mostrando inclusi\u00f3n y celebraci\u00f3n en un ambiente accesible y alegre, promoviendo comunidad y apoyo para personas con diversidad funcional.<\/figcaption>\n\t\t\t\t\t\t\t\t\t\t<\/figure>\n\t\t\t\t\t\t\t\t\t<\/div>\n\t\t\t\t\t<\/div>\n\t\t\t\t<\/div>\n\t\t<div data-particle_enable=\"false\" data-particle-mobile-disabled=\"false\" class=\"elementor-element elementor-element-c05b1ec e-flex e-con-boxed e-con e-parent\" data-id=\"c05b1ec\" data-element_type=\"container\" data-e-type=\"container\">\n\t\t\t\t\t<div class=\"e-con-inner\">\n\t\t\t\t<div class=\"elementor-element elementor-element-86e9307 elementor-widget elementor-widget-heading\" data-id=\"86e9307\" data-element_type=\"widget\" data-e-type=\"widget\" data-widget_type=\"heading.default\">\n\t\t\t\t\t<h2 class=\"elementor-heading-title elementor-size-default\">Mas inspiraci\u00f3n, m\u00e1s historias<\/h2>\t\t\t\t<\/div>\n\t\t\t\t\t<\/div>\n\t\t\t\t<\/div>\n\t\t<div data-particle_enable=\"false\" data-particle-mobile-disabled=\"false\" class=\"elementor-element elementor-element-3a28f9c e-flex e-con-boxed e-con e-parent\" data-id=\"3a28f9c\" data-element_type=\"container\" data-e-type=\"container\">\n\t\t\t\t\t<div class=\"e-con-inner\">\n\t\t\t\t<div class=\"elementor-element elementor-element-55ef806 elementor-grid-eael-col-3 elementor-grid-tablet-eael-col-2 elementor-grid-mobile-eael-col-1 elementor-widget elementor-widget-eael-post-grid\" data-id=\"55ef806\" data-element_type=\"widget\" data-e-type=\"widget\" data-settings=\"{&quot;eael_post_grid_columns&quot;:&quot;eael-col-3&quot;,&quot;eael_post_grid_columns_tablet&quot;:&quot;eael-col-2&quot;,&quot;eael_post_grid_columns_mobile&quot;:&quot;eael-col-1&quot;}\" data-widget_type=\"eael-post-grid.default\">\n\t\t\t\t\t<div id=\"eael-post-grid-55ef806\" class=\"eael-post-grid-container\">\n            <div class=\"eael-post-grid eael-post-appender eael-post-appender-55ef806 eael-post-grid-style-one\" data-layout-mode=\"masonry\"><article class=\"eael-grid-post  eael-post-grid-column eael-pg-post-6634 category-estamos-unidos\" data-id=\"6634\">\n        <div class=\"eael-grid-post-holder\">\n            <div class=\"eael-grid-post-holder-inner\"><div class=\"eael-entry-media\"><div class=\"eael-entry-overlay fade-in\"><i class=\"far fa-hand-pointer\" aria-hidden=\"true\"><\/i><a href=\"https:\/\/soymigrante.com\/revista\/quetzal-en-vuelo-nuevos-aires-para-frankie-maldonado-con-doble-graduacion\/\"><\/a><\/div><div class=\"eael-entry-thumbnail \">\n                <img loading=\"lazy\" decoding=\"async\" width=\"1024\" height=\"1024\" src=\"https:\/\/soymigrante.com\/revista\/wp-content\/uploads\/2024\/05\/frankie-maldonado-1024x1024.webp\" class=\"attachment-large size-large wp-image-6635\" alt=\"Graduaci\u00f3n de migrantes, joven universitario con toga y birrete, celebraci\u00f3n y orgullo acad\u00e9mico, inclusi\u00f3n y \u00e9xito a trav\u00e9s de la educaci\u00f3n en la comunidad migrante.\" srcset=\"https:\/\/soymigrante.com\/revista\/wp-content\/uploads\/2024\/05\/frankie-maldonado-1024x1024.webp 1024w, https:\/\/soymigrante.com\/revista\/wp-content\/uploads\/2024\/05\/frankie-maldonado-300x300.webp 300w, https:\/\/soymigrante.com\/revista\/wp-content\/uploads\/2024\/05\/frankie-maldonado-150x150.webp 150w, https:\/\/soymigrante.com\/revista\/wp-content\/uploads\/2024\/05\/frankie-maldonado-768x768.webp 768w, https:\/\/soymigrante.com\/revista\/wp-content\/uploads\/2024\/05\/frankie-maldonado-75x75.jpg 75w, https:\/\/soymigrante.com\/revista\/wp-content\/uploads\/2024\/05\/frankie-maldonado-750x750.jpg 750w, https:\/\/soymigrante.com\/revista\/wp-content\/uploads\/2024\/05\/frankie-maldonado-1140x1140.jpg 1140w, https:\/\/soymigrante.com\/revista\/wp-content\/uploads\/2024\/05\/frankie-maldonado.webp 1273w\" sizes=\"(max-width: 1024px) 100vw, 1024px\" \/>\n            <\/div>\n        <\/div><div class=\"eael-entry-wrapper\"><header class=\"eael-entry-header\"><h2 class=\"eael-entry-title\"><a class=\"eael-grid-post-link\" href=\"https:\/\/soymigrante.com\/revista\/quetzal-en-vuelo-nuevos-aires-para-frankie-maldonado-con-doble-graduacion\/\" title=\"Quetzal vuela alto: Nuevos aires para Frankie Maldonado, 2 veces graduado\">Quetzal vuela alto: Nuevos aires para Frankie Maldonado, 2 veces graduado<\/a><\/h2><\/header><div class=\"eael-entry-content\">\n                        <div class=\"eael-grid-post-excerpt\"><a href=\"https:\/\/soymigrante.com\/revista\/quetzal-en-vuelo-nuevos-aires-para-frankie-maldonado-con-doble-graduacion\/\" class=\"eael-post-elements-readmore-btn\">CONOCE SU HISTORIA <\/a><\/div>\n                    <\/div><\/div><\/div>\n        <\/div>\n    <\/article><article class=\"eael-grid-post  eael-post-grid-column eael-pg-post-3138 category-exitos\" data-id=\"3138\">\n        <div class=\"eael-grid-post-holder\">\n            <div class=\"eael-grid-post-holder-inner\"><div class=\"eael-entry-media\"><div class=\"eael-entry-overlay fade-in\"><i class=\"far fa-hand-pointer\" aria-hidden=\"true\"><\/i><a href=\"https:\/\/soymigrante.com\/revista\/helados-sin-fronteras-y-mucho-mas-logran-los-migrantes-marleny-y-elias\/\"><\/a><\/div><div class=\"eael-entry-thumbnail \">\n                <img loading=\"lazy\" decoding=\"async\" width=\"1024\" height=\"717\" src=\"https:\/\/soymigrante.com\/revista\/wp-content\/uploads\/2023\/11\/HELATISO-e1698866184851-1024x717.webp\" class=\"attachment-large size-large wp-image-3164\" alt=\"Helados migrantes Xelaj\u00fa y sus fundadores los migrantes guatemaltecos El\u00edas Rojas y Marleny P\u00e9rez.\" srcset=\"https:\/\/soymigrante.com\/revista\/wp-content\/uploads\/2023\/11\/HELATISO-e1698866184851-1024x717.webp 1024w, https:\/\/soymigrante.com\/revista\/wp-content\/uploads\/2023\/11\/HELATISO-e1698866184851-300x210.webp 300w, https:\/\/soymigrante.com\/revista\/wp-content\/uploads\/2023\/11\/HELATISO-e1698866184851-768x538.webp 768w, https:\/\/soymigrante.com\/revista\/wp-content\/uploads\/2023\/11\/HELATISO-e1698866184851-750x525.webp 750w, https:\/\/soymigrante.com\/revista\/wp-content\/uploads\/2023\/11\/HELATISO-e1698866184851.webp 1030w\" sizes=\"(max-width: 1024px) 100vw, 1024px\" \/>\n            <\/div>\n        <\/div><div class=\"eael-entry-wrapper\"><header class=\"eael-entry-header\"><h2 class=\"eael-entry-title\"><a class=\"eael-grid-post-link\" href=\"https:\/\/soymigrante.com\/revista\/helados-sin-fronteras-y-mucho-mas-logran-los-migrantes-marleny-y-elias\/\" title=\"Helados sin fronteras y mucho m\u00e1s logran los migrantes Marleny y El\u00edas en Virginia\">Helados sin fronteras y mucho m\u00e1s logran los migrantes Marleny y El\u00edas en Virginia<\/a><\/h2><\/header><div class=\"eael-entry-content\">\n                        <div class=\"eael-grid-post-excerpt\"><a href=\"https:\/\/soymigrante.com\/revista\/helados-sin-fronteras-y-mucho-mas-logran-los-migrantes-marleny-y-elias\/\" class=\"eael-post-elements-readmore-btn\">CONOCE SU HISTORIA <\/a><\/div>\n                    <\/div><\/div><\/div>\n        <\/div>\n    <\/article><article class=\"eael-grid-post  eael-post-grid-column eael-pg-post-1870 category-exitos tags-california\" data-id=\"1870\">\n        <div class=\"eael-grid-post-holder\">\n            <div class=\"eael-grid-post-holder-inner\"><div class=\"eael-entry-media\"><div class=\"eael-entry-overlay fade-in\"><i class=\"far fa-hand-pointer\" aria-hidden=\"true\"><\/i><a href=\"https:\/\/soymigrante.com\/revista\/walter-villatoro-mariachi-migrante-guatemalteco\/\"><\/a><\/div><div class=\"eael-entry-thumbnail \">\n                <img loading=\"lazy\" decoding=\"async\" width=\"1024\" height=\"614\" src=\"https:\/\/soymigrante.com\/revista\/wp-content\/uploads\/2023\/07\/Captura-de-pantalla-2023-07-14-142215-1024x614.webp\" class=\"attachment-large size-large wp-image-1872\" alt=\"Walter Villatoro, migrante guatemalteco, cantante, compositor, productor art\u00edstico residente en San Diego, California\" srcset=\"https:\/\/soymigrante.com\/revista\/wp-content\/uploads\/2023\/07\/Captura-de-pantalla-2023-07-14-142215-1024x614.webp 1024w, https:\/\/soymigrante.com\/revista\/wp-content\/uploads\/2023\/07\/Captura-de-pantalla-2023-07-14-142215-300x180.webp 300w, https:\/\/soymigrante.com\/revista\/wp-content\/uploads\/2023\/07\/Captura-de-pantalla-2023-07-14-142215-768x460.webp 768w, https:\/\/soymigrante.com\/revista\/wp-content\/uploads\/2023\/07\/Captura-de-pantalla-2023-07-14-142215-1536x920.webp 1536w, https:\/\/soymigrante.com\/revista\/wp-content\/uploads\/2023\/07\/Captura-de-pantalla-2023-07-14-142215-750x449.webp 750w, https:\/\/soymigrante.com\/revista\/wp-content\/uploads\/2023\/07\/Captura-de-pantalla-2023-07-14-142215-1140x683.webp 1140w, https:\/\/soymigrante.com\/revista\/wp-content\/uploads\/2023\/07\/Captura-de-pantalla-2023-07-14-142215.webp 1587w\" sizes=\"(max-width: 1024px) 100vw, 1024px\" \/>\n            <\/div>\n        <\/div><div class=\"eael-entry-wrapper\"><header class=\"eael-entry-header\"><h2 class=\"eael-entry-title\"><a class=\"eael-grid-post-link\" href=\"https:\/\/soymigrante.com\/revista\/walter-villatoro-mariachi-migrante-guatemalteco\/\" title=\"Walter Villatoro: la inspiradora historia de El Mariachi Guatemalteco\">Walter Villatoro: la inspiradora historia de El Mariachi Guatemalteco<\/a><\/h2><\/header><div class=\"eael-entry-content\">\n                        <div class=\"eael-grid-post-excerpt\"><a href=\"https:\/\/soymigrante.com\/revista\/walter-villatoro-mariachi-migrante-guatemalteco\/\" class=\"eael-post-elements-readmore-btn\">CONOCE SU HISTORIA <\/a><\/div>\n                    <\/div><\/div><\/div>\n        <\/div>\n    <\/article><\/div>\n            <div class=\"clearfix\"><\/div>\n        <\/div>\t\t\t\t<\/div>\n\t\t\t\t\t<\/div>\n\t\t\t\t<\/div>\n\t\t\t\t<\/div>\n\t\t","protected":false},"excerpt":{"rendered":"<p>En la historia del migrante y dreamer guatemalteco Jos\u00e9 Coronado hay madrugadas oscuras, matem\u00e1tica, literatura, \u00e1ngeles en forma de maestras y tambi\u00e9n zancudos de Florida que lo picaron, pero as\u00ed le ayudaron. \u00bfC\u00f3mo as\u00ed? Aqu\u00ed te lo contamos. &#8220;Estoy luchando por algo grande para Guatemala&#8221;, dice Jos\u00e9 Coronado, analista ambiental y comunitario para la organizaci\u00f3n [&hellip;]<\/p>\n","protected":false},"author":7,"featured_media":8259,"comment_status":"open","ping_status":"open","sticky":false,"template":"","format":"standard","meta":{"_acf_changed":false,"_eb_attr":"","footnotes":""},"categories":[50],"tags":[],"class_list":["post-8258","post","type-post","status-publish","format-standard","has-post-thumbnail","hentry","category-exitos"],"acf":[],"aioseo_notices":[],"aioseo_head":"\n\t\t<!-- All in One SEO Pro 4.9.6.2 - aioseo.com -->\n\t<meta name=\"description\" content=\"Walter Villatoro, un migrante guatemalteco, ha dejado huella en EE.UU. con su m\u00fasica y cine, reflejando su amor por Guatemala y su pasi\u00f3n art\u00edstica\" \/>\n\t<meta name=\"robots\" content=\"max-snippet:-1, max-image-preview:large, max-video-preview:-1\" \/>\n\t<meta name=\"author\" content=\"Gustavo Montenegro\"\/>\n\t<link rel=\"canonical\" href=\"https:\/\/soymigrante.com\/revista\/walter-villatoro-mariachi-migrante-guatemalteco\/\" \/>\n\t<meta name=\"generator\" content=\"All in One SEO Pro (AIOSEO) 4.9.6.2\" \/>\n\n\t\t<link rel=\"preconnect\" href=\"https:\/\/fonts.googleapis.com\" crossorigin>\n<link rel=\"preconnect\" href=\"https:\/\/fonts.gstatic.com\" crossorigin>\n\t\t<meta property=\"og:locale\" content=\"es_ES\" \/>\n\t\t<meta property=\"og:site_name\" content=\"SoyMigrante.com REVISTA \u2013 Nuestra misi\u00f3n es reconocer y dignificar al migrante.\" \/>\n\t\t<meta property=\"og:type\" content=\"article\" \/>\n\t\t<meta property=\"og:title\" content=\"Walter Villatoro: la inspiradora historia de El Mariachi Guatemalteco\" \/>\n\t\t<meta property=\"og:description\" content=\"Walter Villatoro, un migrante guatemalteco, ha dejado huella en EE.UU. con su m\u00fasica y cine, reflejando su amor por Guatemala y su pasi\u00f3n art\u00edstica\" \/>\n\t\t<meta property=\"og:url\" content=\"https:\/\/soymigrante.com\/revista\/walter-villatoro-mariachi-migrante-guatemalteco\/\" \/>\n\t\t<meta property=\"og:image\" content=\"https:\/\/soymigrante.com\/revista\/wp-content\/uploads\/2023\/07\/Captura-de-pantalla-2023-07-14-142215.webp\" \/>\n\t\t<meta property=\"og:image:secure_url\" content=\"https:\/\/soymigrante.com\/revista\/wp-content\/uploads\/2023\/07\/Captura-de-pantalla-2023-07-14-142215.webp\" \/>\n\t\t<meta property=\"og:image:width\" content=\"1587\" \/>\n\t\t<meta property=\"og:image:height\" content=\"951\" \/>\n\t\t<meta property=\"article:published_time\" content=\"2023-07-14T20:16:14+00:00\" \/>\n\t\t<meta property=\"article:modified_time\" content=\"2026-03-11T22:48:18+00:00\" \/>\n\t\t<meta property=\"article:publisher\" content=\"https:\/\/www.facebook.com\/soymigrantecom\" \/>\n\t\t<meta name=\"twitter:card\" content=\"summary_large_image\" \/>\n\t\t<meta name=\"twitter:site\" content=\"@SoyMigrante_com\" \/>\n\t\t<meta name=\"twitter:title\" content=\"Walter Villatoro: la inspiradora historia de El Mariachi Guatemalteco\" \/>\n\t\t<meta name=\"twitter:description\" content=\"Walter Villatoro, un migrante guatemalteco, ha dejado huella en EE.UU. con su m\u00fasica y cine, reflejando su amor por Guatemala y su pasi\u00f3n art\u00edstica\" \/>\n\t\t<meta name=\"twitter:creator\" content=\"@SoyMigrante_com\" \/>\n\t\t<meta name=\"twitter:image\" content=\"https:\/\/soymigrante.com\/revista\/wp-content\/uploads\/2023\/07\/Captura-de-pantalla-2023-07-14-142215.webp\" \/>\n\t\t<!-- All in One SEO Pro -->\r\n\t\t<title>Walter Villatoro: la inspiradora historia de El Mariachi Guatemalteco<\/title>\n\n","aioseo_head_json":{"title":"Walter Villatoro: la inspiradora historia de El Mariachi Guatemalteco","description":"Walter Villatoro, un migrante guatemalteco, ha dejado huella en EE.UU. con su m\u00fasica y cine, reflejando su amor por Guatemala y su pasi\u00f3n art\u00edstica","canonical_url":"https:\/\/soymigrante.com\/revista\/walter-villatoro-mariachi-migrante-guatemalteco\/","robots":"max-snippet:-1, max-image-preview:large, max-video-preview:-1","keywords":"","webmasterTools":{"miscellaneous":"&lt;link rel=\"preconnect\" href=\"https:\/\/fonts.googleapis.com\" crossorigin&gt;\n&lt;link rel=\"preconnect\" href=\"https:\/\/fonts.gstatic.com\" crossorigin&gt;"},"schema":null,"og:locale":"es_ES","og:site_name":"SoyMigrante.com REVISTA \u2013 Nuestra misi\u00f3n es reconocer y dignificar al migrante.","og:type":"article","og:title":"Walter Villatoro: la inspiradora historia de El Mariachi Guatemalteco","og:description":"Walter Villatoro, un migrante guatemalteco, ha dejado huella en EE.UU. con su m\u00fasica y cine, reflejando su amor por Guatemala y su pasi\u00f3n art\u00edstica","og:url":"https:\/\/soymigrante.com\/revista\/walter-villatoro-mariachi-migrante-guatemalteco\/","og:image":"https:\/\/soymigrante.com\/revista\/wp-content\/uploads\/2023\/07\/Captura-de-pantalla-2023-07-14-142215.webp","og:image:secure_url":"https:\/\/soymigrante.com\/revista\/wp-content\/uploads\/2023\/07\/Captura-de-pantalla-2023-07-14-142215.webp","og:image:width":1587,"og:image:height":951,"article:published_time":"2023-07-14T20:16:14+00:00","article:modified_time":"2026-03-11T22:48:18+00:00","article:publisher":"https:\/\/www.facebook.com\/soymigrantecom","twitter:card":"summary_large_image","twitter:site":"@SoyMigrante_com","twitter:title":"Walter Villatoro: la inspiradora historia de El Mariachi Guatemalteco","twitter:description":"Walter Villatoro, un migrante guatemalteco, ha dejado huella en EE.UU. con su m\u00fasica y cine, reflejando su amor por Guatemala y su pasi\u00f3n art\u00edstica","twitter:creator":"@SoyMigrante_com","twitter:image":"https:\/\/soymigrante.com\/revista\/wp-content\/uploads\/2023\/07\/Captura-de-pantalla-2023-07-14-142215.webp"},"aioseo_meta_data":{"post_id":"8258","title":"Dreamer guatemalteco egresado de Harvard impulsa TPS","description":"Estudi\u00f3 Matem\u00e1tica y Literatura en Harvard, trabaja como analista del \u00e1rea ambiental y por convicci\u00f3n de su propia vivencia migrante, apoya el TPS para Guatemala. Esta es su historia.","keywords":null,"keyphrases":{"focus":{"keyphrase":"Migrante ","score":69,"analysis":{"keyphraseInTitle":{"score":3,"maxScore":9,"error":1},"keyphraseInDescription":{"score":9,"maxScore":9,"error":0},"keyphraseLength":{"score":9,"maxScore":9,"error":0,"length":1},"keyphraseInURL":{"score":5,"maxScore":5,"error":0},"keyphraseInIntroduction":{"score":9,"maxScore":9,"error":0},"keyphraseInSubHeadings":{"score":3,"maxScore":9,"error":1},"keyphraseInImageAlt":{"score":9,"maxScore":9,"error":0},"keywordDensity":{"score":0,"type":"low","maxScore":9,"error":1}}},"additional":[{"keyphrase":"Dreamer","score":40,"analysis":{"keyphraseInDescription":{"score":3,"maxScore":9,"error":1},"keyphraseLength":{"score":9,"maxScore":9,"error":0,"length":1},"keyphraseInIntroduction":{"score":3,"maxScore":9,"error":1},"keyphraseInImageAlt":{"score":3,"maxScore":9,"error":1},"keywordDensity":{"score":0,"type":"low","maxScore":9,"error":1}}},{"keyphrase":"Migrante guatemalteco","score":53,"analysis":{"keyphraseInDescription":{"score":3,"maxScore":9,"error":1},"keyphraseLength":{"score":9,"maxScore":9,"error":0,"length":2},"keyphraseInIntroduction":{"score":3,"maxScore":9,"error":1},"keyphraseInImageAlt":{"score":9,"maxScore":9,"error":0},"keywordDensity":{"score":0,"type":"low","maxScore":9,"error":1}}},{"keyphrase":"TPS","score":100,"analysis":{"keyphraseInDescription":{"score":9,"maxScore":9,"error":0},"keyphraseLength":{"score":9,"maxScore":9,"error":0,"length":1},"keyphraseInIntroduction":{"score":9,"maxScore":9,"error":0},"keyphraseInImageAlt":{"score":9,"maxScore":9,"error":0},"keywordDensity":{"type":"best","score":9,"maxScore":9,"error":0}}}]},"primary_term":null,"canonical_url":null,"og_title":null,"og_description":null,"og_object_type":"default","og_image_type":"default","og_image_url":null,"og_image_width":null,"og_image_height":null,"og_image_custom_url":null,"og_image_custom_fields":null,"og_video":"","og_custom_url":null,"og_article_section":null,"og_article_tags":null,"twitter_use_og":false,"twitter_card":"default","twitter_image_type":"default","twitter_image_url":null,"twitter_image_custom_url":null,"twitter_image_custom_fields":null,"twitter_title":null,"twitter_description":null,"schema":{"blockGraphs":[],"customGraphs":[],"default":{"data":{"Article":[],"Course":[],"Dataset":[],"FAQPage":[],"Movie":[],"Person":[],"Product":[],"ProductReview":[],"Car":[],"Recipe":[],"Service":[],"SoftwareApplication":[],"WebPage":[]},"graphName":"Article","isEnabled":true},"graphs":[]},"schema_type":"default","schema_type_options":null,"pillar_content":false,"robots_default":true,"robots_noindex":false,"robots_noarchive":false,"robots_nosnippet":false,"robots_nofollow":false,"robots_noimageindex":false,"robots_noodp":false,"robots_notranslate":false,"robots_max_snippet":"-1","robots_max_videopreview":"-1","robots_max_imagepreview":"large","priority":null,"frequency":"default","local_seo":null,"seo_analyzer_scan_date":"2025-10-08 22:40:20","breadcrumb_settings":null,"limit_modified_date":false,"reviewed_by":null,"open_ai":"{\"title\":{\"suggestions\":[],\"usage\":0},\"description\":{\"suggestions\":[],\"usage\":0}}","ai":null,"created":"2024-08-22 01:31:32","updated":"2026-02-04 12:43:53"},"aioseo_breadcrumb":"<div class=\"aioseo-breadcrumbs\"><span class=\"aioseo-breadcrumb\">\n\t<a href=\"https:\/\/soymigrante.com\/revista\" title=\"Home\">Home<\/a>\n<\/span><span class=\"aioseo-breadcrumb-separator\">\u00bb<\/span><span class=\"aioseo-breadcrumb\">\n\t<a href=\"https:\/\/soymigrante.com\/revista\/category\/exitos\/\" title=\"\u00c9xitos\">\u00c9xitos<\/a>\n<\/span><span class=\"aioseo-breadcrumb-separator\">\u00bb<\/span><span class=\"aioseo-breadcrumb\">\n\tJos\u00e9 Coronado,  dreamer guatemalteco y graduado de Harvard, apoya TPS para compatriotas\n<\/span><\/div>","aioseo_breadcrumb_json":[{"label":"Home","link":"https:\/\/soymigrante.com\/revista"},{"label":"\u00c9xitos","link":"https:\/\/soymigrante.com\/revista\/category\/exitos\/"},{"label":"Jos\u00e9 Coronado,  dreamer guatemalteco y graduado de Harvard, apoya TPS para compatriotas","link":"https:\/\/soymigrante.com\/revista\/jose-coronado-dreamer-guatemalteco-y-graduado-de-harvard-apoya-tps-para-migrantes\/"}],"_links":{"self":[{"href":"https:\/\/soymigrante.com\/revista\/wp-json\/wp\/v2\/posts\/8258","targetHints":{"allow":["GET"]}}],"collection":[{"href":"https:\/\/soymigrante.com\/revista\/wp-json\/wp\/v2\/posts"}],"about":[{"href":"https:\/\/soymigrante.com\/revista\/wp-json\/wp\/v2\/types\/post"}],"author":[{"embeddable":true,"href":"https:\/\/soymigrante.com\/revista\/wp-json\/wp\/v2\/users\/7"}],"replies":[{"embeddable":true,"href":"https:\/\/soymigrante.com\/revista\/wp-json\/wp\/v2\/comments?post=8258"}],"version-history":[{"count":0,"href":"https:\/\/soymigrante.com\/revista\/wp-json\/wp\/v2\/posts\/8258\/revisions"}],"wp:featuredmedia":[{"embeddable":true,"href":"https:\/\/soymigrante.com\/revista\/wp-json\/wp\/v2\/media\/8259"}],"wp:attachment":[{"href":"https:\/\/soymigrante.com\/revista\/wp-json\/wp\/v2\/media?parent=8258"}],"wp:term":[{"taxonomy":"category","embeddable":true,"href":"https:\/\/soymigrante.com\/revista\/wp-json\/wp\/v2\/categories?post=8258"},{"taxonomy":"post_tag","embeddable":true,"href":"https:\/\/soymigrante.com\/revista\/wp-json\/wp\/v2\/tags?post=8258"}],"curies":[{"name":"wp","href":"https:\/\/api.w.org\/{rel}","templated":true}]}}