{"id":8245,"date":"2024-08-21T16:41:59","date_gmt":"2024-08-21T22:41:59","guid":{"rendered":"https:\/\/soymigrante.com\/revista\/?p=8245"},"modified":"2024-08-21T16:42:45","modified_gmt":"2024-08-21T22:42:45","slug":"ojo-habra-cambios-para-solicitar-visa-americana-en-guatemala","status":"publish","type":"post","link":"https:\/\/soymigrante.com\/revista\/ojo-habra-cambios-para-solicitar-visa-americana-en-guatemala\/","title":{"rendered":"\u00a1Ojo! Habr\u00e1 cambios para solicitar visa americana en Guatemala"},"content":{"rendered":"\t\t<div data-elementor-type=\"wp-post\" data-elementor-id=\"8245\" class=\"elementor elementor-8245\" data-elementor-post-type=\"post\">\n\t\t\t\t<div data-particle_enable=\"false\" data-particle-mobile-disabled=\"false\" class=\"elementor-element elementor-element-4b73e76 e-flex e-con-boxed e-con e-parent\" data-id=\"4b73e76\" data-element_type=\"container\" data-e-type=\"container\">\n\t\t\t\t\t<div class=\"e-con-inner\">\n\t\t\t\t<div class=\"elementor-element elementor-element-68ca0c1 elementor-widget elementor-widget-heading\" data-id=\"68ca0c1\" data-element_type=\"widget\" data-e-type=\"widget\" data-widget_type=\"heading.default\">\n\t\t\t\t\t<h2 class=\"elementor-heading-title elementor-size-default\">As\u00ed es, la Embajada de Estados Unidos en Guatemala ha informado sobre el cambio de sistema para procesos importantes, entre ellos: Pago para solicitar el visado y la programaci\u00f3n de citas.\n<\/h2>\t\t\t\t<\/div>\n\t\t\t\t\t<\/div>\n\t\t\t\t<\/div>\n\t\t<div data-particle_enable=\"false\" data-particle-mobile-disabled=\"false\" class=\"elementor-element elementor-element-fd762fc e-flex e-con-boxed e-con e-parent\" data-id=\"fd762fc\" data-element_type=\"container\" data-e-type=\"container\">\n\t\t\t\t\t<div class=\"e-con-inner\">\n\t\t\t\t<div class=\"elementor-element elementor-element-2d96697 elementor-widget elementor-widget-text-editor\" data-id=\"2d96697\" data-element_type=\"widget\" data-e-type=\"widget\" data-widget_type=\"text-editor.default\">\n\t\t\t\t\t\t\t\t\t<p>De acuerdo con lo publicado por la embajada, los cambios se ver\u00e1n reflejados a partir del 22 de septiembre de este a\u00f1o. Por ello hace una serie de recomendaciones.<\/p>\t\t\t\t\t\t\t\t<\/div>\n\t\t\t\t\t<\/div>\n\t\t\t\t<\/div>\n\t\t<div data-particle_enable=\"false\" data-particle-mobile-disabled=\"false\" class=\"elementor-element elementor-element-1abac33 e-flex e-con-boxed e-con e-parent\" data-id=\"1abac33\" data-element_type=\"container\" data-e-type=\"container\">\n\t\t\t\t\t<div class=\"e-con-inner\">\n\t\t\t\t<div class=\"elementor-element elementor-element-991ca78 elementor-widget elementor-widget-heading\" data-id=\"991ca78\" data-element_type=\"widget\" data-e-type=\"widget\" data-widget_type=\"heading.default\">\n\t\t\t\t\t<h3 class=\"elementor-heading-title elementor-size-default\">Toma nota<\/h3>\t\t\t\t<\/div>\n\t\t\t\t\t<\/div>\n\t\t\t\t<\/div>\n\t\t<div data-particle_enable=\"false\" data-particle-mobile-disabled=\"false\" class=\"elementor-element elementor-element-49cde84 e-flex e-con-boxed e-con e-parent\" data-id=\"49cde84\" data-element_type=\"container\" data-e-type=\"container\">\n\t\t\t\t\t<div class=\"e-con-inner\">\n\t\t\t\t<div class=\"elementor-element elementor-element-3de22b0 elementor-widget elementor-widget-text-editor\" data-id=\"3de22b0\" data-element_type=\"widget\" data-e-type=\"widget\" data-widget_type=\"text-editor.default\">\n\t\t\t\t\t\t\t\t\t<ul><li>Lo primero\u00a0 que debes hacer es actualizar tu perfil, recuerda que para solicitar cita se crea un perfil\u00a0<a href=\"https:\/\/www.ustraveldocs.com\/gt\/en\/\" target=\"_blank\" rel=\"noopener\">en el sitio de la embajada.<\/a><br \/>\u2022 Actualizado tu perfil, la Embajada recomienda estar atento a m\u00e1s informaci\u00f3n de estos cambios.<br \/>\u2022 Las citas programadas entre el 12 y 30 septiembre ya programadas no sufrir\u00e1n ning\u00fan cambio.<br \/>\u2022 Las citas programadas despu\u00e9s del 12 de septiembre ya no podr\u00e1n acceder a su cuenta de\u00a0<a href=\"https:\/\/www.ustraveldocs.com\/gt\/en\/\" target=\"_blank\" rel=\"noopener\">ustraveldocs.com<\/a>\u00a0para cambiar o reprogramar una cita. Para asistir a su cita programada se recomienda imprimir la confirmaci\u00f3n de la misma.<br \/>\u2022 Desde el 23 de septiembre debes ingresar al sitio de la embajada\u00a0<a href=\"https:\/\/gt.usembassy.gov\/es\/visas-es\/\" target=\"_blank\" rel=\"noopener\">https:\/\/gt.usembassy.gov\/es\/visas-es\/<\/a>. Este te dirigir\u00e1 al nuevo sistema y medio para comunicarse al centro de atenci\u00f3n de la embajada. <br \/>\u2022 La embajada enfatiza que, si ya has pagado por el proceso de visado, debes agendar tu cita antes de que la nueva plataforma comience a funcionar.<br \/>\u2022 Para quienes necesitan solicitara una cita de trabajo temporal, estudiante u otro de tema emergente el pago debe hacer lo antes posible para agendar la cita antes del 12 de septiembre. <br \/>\u2022 Para quienes desean viajar despu\u00e9s del 23 de septiembre, la embajada explica que lo mejor es solicitar su cita en la nueva plataforma, para ello debe estar pendiente cuando ya est\u00e9 en funcionamiento.<\/li><\/ul>\t\t\t\t\t\t\t\t<\/div>\n\t\t\t\t\t<\/div>\n\t\t\t\t<\/div>\n\t\t<div data-particle_enable=\"false\" data-particle-mobile-disabled=\"false\" class=\"elementor-element elementor-element-da71492 e-flex e-con-boxed e-con e-parent\" data-id=\"da71492\" data-element_type=\"container\" data-e-type=\"container\">\n\t\t\t\t\t<div class=\"e-con-inner\">\n\t\t\t\t<div class=\"elementor-element elementor-element-442d42b elementor-widget elementor-widget-facebook-embed\" data-id=\"442d42b\" data-element_type=\"widget\" data-e-type=\"widget\" data-widget_type=\"facebook-embed.default\">\n\t\t\t\t\t<div style=\"min-height: 1px\" class=\"elementor-facebook-widget fb-post\" data-href=\"https:\/\/fb.watch\/u5S9ccA_Yj\/\" data-show-text=\"false\"><\/div>\t\t\t\t<\/div>\n\t\t\t\t\t<\/div>\n\t\t\t\t<\/div>\n\t\t<div data-particle_enable=\"false\" data-particle-mobile-disabled=\"false\" class=\"elementor-element elementor-element-780542a e-flex e-con-boxed e-con e-parent\" data-id=\"780542a\" data-element_type=\"container\" data-e-type=\"container\">\n\t\t\t\t\t<div class=\"e-con-inner\">\n\t\t\t\t<div class=\"elementor-element elementor-element-e516e6d elementor-widget elementor-widget-heading\" data-id=\"e516e6d\" data-element_type=\"widget\" data-e-type=\"widget\" data-widget_type=\"heading.default\">\n\t\t\t\t\t<h3 class=\"elementor-heading-title elementor-size-default\">Ten presente estas fechas previo al cambio de la plataforma:\n<\/h3>\t\t\t\t<\/div>\n\t\t\t\t\t<\/div>\n\t\t\t\t<\/div>\n\t\t<div data-particle_enable=\"false\" data-particle-mobile-disabled=\"false\" class=\"elementor-element elementor-element-a0feab0 e-flex e-con-boxed e-con e-parent\" data-id=\"a0feab0\" data-element_type=\"container\" data-e-type=\"container\">\n\t\t\t\t\t<div class=\"e-con-inner\">\n\t\t\t\t<div class=\"elementor-element elementor-element-31f160a elementor-widget elementor-widget-text-editor\" data-id=\"31f160a\" data-element_type=\"widget\" data-e-type=\"widget\" data-widget_type=\"text-editor.default\">\n\t\t\t\t\t\t\t\t\t<p><strong>30 de agosto:<\/strong> \u00daltimo d\u00edas para pagar solicitud de cita en un banco del sistema<br \/><strong>12 de septiembre:<\/strong> \u00faltimo d\u00eda para que accedas a tu perfil desde ustraveldocs.com<br \/><strong>16 de septiembre:<\/strong> \u00daltimo d\u00eda en el que puedes dejar tus documentos de Entrega Premium. <br \/><strong>18 de septiembre:<\/strong> ultimo d\u00edas para dejar tu papeler\u00eda en los puntos de mensajer\u00eda de la Embajada. El sistema de Cargo Expresso utilizado tambi\u00e9n cambiar\u00e1.<br \/><strong>23 de septiembre:<\/strong> comenzar\u00e1 a funcionar la nueva plataforma para solicitud de citas, entre otros tr\u00e1mites.<\/p>\t\t\t\t\t\t\t\t<\/div>\n\t\t\t\t\t<\/div>\n\t\t\t\t<\/div>\n\t\t<div data-particle_enable=\"false\" data-particle-mobile-disabled=\"false\" class=\"elementor-element elementor-element-00b787d e-flex e-con-boxed e-con e-parent\" data-id=\"00b787d\" data-element_type=\"container\" data-e-type=\"container\">\n\t\t\t\t\t<div class=\"e-con-inner\">\n\t\t\t\t<div class=\"elementor-element elementor-element-003bb1f elementor-widget elementor-widget-heading\" data-id=\"003bb1f\" data-element_type=\"widget\" data-e-type=\"widget\" data-widget_type=\"heading.default\">\n\t\t\t\t\t<h3 class=\"elementor-heading-title elementor-size-default\">Recuerda que esta embajada tiene nueva sede<\/h3>\t\t\t\t<\/div>\n\t\t\t\t\t<\/div>\n\t\t\t\t<\/div>\n\t\t<div data-particle_enable=\"false\" data-particle-mobile-disabled=\"false\" class=\"elementor-element elementor-element-55a08d4 e-flex e-con-boxed e-con e-parent\" data-id=\"55a08d4\" data-element_type=\"container\" data-e-type=\"container\">\n\t\t\t\t\t<div class=\"e-con-inner\">\n\t\t\t\t<div class=\"elementor-element elementor-element-d48f390 elementor-widget elementor-widget-video\" data-id=\"d48f390\" data-element_type=\"widget\" data-e-type=\"widget\" data-settings=\"{&quot;youtube_url&quot;:&quot;https:\\\/\\\/www.youtube.com\\\/watch?v=FKEon_gvPS0&quot;,&quot;video_type&quot;:&quot;youtube&quot;,&quot;controls&quot;:&quot;yes&quot;}\" data-widget_type=\"video.default\">\n\t\t\t\t\t\t\t<div class=\"elementor-wrapper elementor-open-inline\">\n\t\t\t<div class=\"elementor-video\"><\/div>\t\t<\/div>\n\t\t\t\t\t\t<\/div>\n\t\t\t\t\t<\/div>\n\t\t\t\t<\/div>\n\t\t<div data-particle_enable=\"false\" data-particle-mobile-disabled=\"false\" class=\"elementor-element elementor-element-94bdf00 e-flex e-con-boxed e-con e-parent\" data-id=\"94bdf00\" data-element_type=\"container\" data-e-type=\"container\">\n\t\t\t\t\t<div class=\"e-con-inner\">\n\t\t\t\t<div class=\"elementor-element elementor-element-13ca5a6 elementor-widget elementor-widget-heading\" data-id=\"13ca5a6\" data-element_type=\"widget\" data-e-type=\"widget\" data-widget_type=\"heading.default\">\n\t\t\t\t\t<h3 class=\"elementor-heading-title elementor-size-default\">No dejes de leer estos art\u00edculos<\/h3>\t\t\t\t<\/div>\n\t\t\t\t\t<\/div>\n\t\t\t\t<\/div>\n\t\t<div data-particle_enable=\"false\" data-particle-mobile-disabled=\"false\" class=\"elementor-element elementor-element-c37ea7e e-flex e-con-boxed e-con e-parent\" data-id=\"c37ea7e\" data-element_type=\"container\" data-e-type=\"container\">\n\t\t\t\t\t<div class=\"e-con-inner\">\n\t\t\t\t<div class=\"elementor-element elementor-element-4b91238 elementor-grid-eael-col-3 elementor-grid-tablet-eael-col-2 elementor-grid-mobile-eael-col-1 elementor-widget elementor-widget-eael-post-grid\" data-id=\"4b91238\" data-element_type=\"widget\" data-e-type=\"widget\" data-settings=\"{&quot;eael_post_grid_columns&quot;:&quot;eael-col-3&quot;,&quot;eael_post_grid_columns_tablet&quot;:&quot;eael-col-2&quot;,&quot;eael_post_grid_columns_mobile&quot;:&quot;eael-col-1&quot;}\" data-widget_type=\"eael-post-grid.default\">\n\t\t\t\t\t<div id=\"eael-post-grid-4b91238\" class=\"eael-post-grid-container\">\n            <div class=\"eael-post-grid eael-post-appender eael-post-appender-4b91238 eael-post-grid-style-one\" data-layout-mode=\"masonry\"><article class=\"eael-grid-post  eael-post-grid-column eael-pg-post-7805 category-recursos-migratorios\" data-id=\"7805\">\n        <div class=\"eael-grid-post-holder\">\n            <div class=\"eael-grid-post-holder-inner\"><div class=\"eael-entry-media\"><div class=\"eael-entry-overlay fade-in\"><i class=\"far fa-hand-pointer\" aria-hidden=\"true\"><\/i><a href=\"https:\/\/soymigrante.com\/revista\/visas-para-estados-unidos-cuantos-tipos-hay\/\"><\/a><\/div><div class=\"eael-entry-thumbnail \">\n                <img fetchpriority=\"high\" decoding=\"async\" width=\"886\" height=\"886\" src=\"https:\/\/soymigrante.com\/revista\/wp-content\/uploads\/2024\/08\/visa-americana-2.webp\" class=\"attachment-large size-large wp-image-8067\" alt=\"Tarjeta de inmigraci\u00f3n en EE.UU. y sello de ingreso con bandera estadounidense en una oficina migratoria. Documentaci\u00f3n migratoria y proceso de visas para migrantes en Estados Unidos.\" srcset=\"https:\/\/soymigrante.com\/revista\/wp-content\/uploads\/2024\/08\/visa-americana-2.webp 886w, https:\/\/soymigrante.com\/revista\/wp-content\/uploads\/2024\/08\/visa-americana-2-300x300.webp 300w, https:\/\/soymigrante.com\/revista\/wp-content\/uploads\/2024\/08\/visa-americana-2-150x150.webp 150w, https:\/\/soymigrante.com\/revista\/wp-content\/uploads\/2024\/08\/visa-americana-2-768x768.webp 768w, https:\/\/soymigrante.com\/revista\/wp-content\/uploads\/2024\/08\/visa-americana-2-75x75.webp 75w, https:\/\/soymigrante.com\/revista\/wp-content\/uploads\/2024\/08\/visa-americana-2-750x750.webp 750w\" sizes=\"(max-width: 886px) 100vw, 886px\" \/>\n            <\/div>\n        <\/div><div class=\"eael-entry-wrapper\"><header class=\"eael-entry-header\"><h2 class=\"eael-entry-title\"><a class=\"eael-grid-post-link\" href=\"https:\/\/soymigrante.com\/revista\/visas-para-estados-unidos-cuantos-tipos-hay\/\" title=\"Tipos de visas para entrar a Estados Unidos: Resuelve tus dudas\">Tipos de visas para entrar a Estados Unidos: Resuelve tus dudas<\/a><\/h2><\/header><div class=\"eael-entry-content\">\n                        <div class=\"eael-grid-post-excerpt\"><a href=\"https:\/\/soymigrante.com\/revista\/visas-para-estados-unidos-cuantos-tipos-hay\/\" class=\"eael-post-elements-readmore-btn\">ENT\u00c9RATE AQU\u00cd<\/a><\/div>\n                    <\/div><\/div><\/div>\n        <\/div>\n    <\/article><article class=\"eael-grid-post  eael-post-grid-column eael-pg-post-7902 category-recursos-migratorios\" data-id=\"7902\">\n        <div class=\"eael-grid-post-holder\">\n            <div class=\"eael-grid-post-holder-inner\"><div class=\"eael-entry-media\"><div class=\"eael-entry-overlay fade-in\"><i class=\"far fa-hand-pointer\" aria-hidden=\"true\"><\/i><a href=\"https:\/\/soymigrante.com\/revista\/evita-cometer-estos-errores-al-solicitar-visa-mexicana-o-permiso-tvr\/\"><\/a><\/div><div class=\"eael-entry-thumbnail \">\n                <img decoding=\"async\" width=\"1024\" height=\"508\" src=\"https:\/\/soymigrante.com\/revista\/wp-content\/uploads\/2024\/08\/Embajada-de-Mexico-visa-Soy-Migrante2-1024x508.webp\" class=\"attachment-large size-large wp-image-7913\" alt=\"M\u00e9xico, bandera mexicana en un espacio p\u00fablico con vegetaci\u00f3n y se\u00f1al\u00e9tica, s\u00edmbolo de cultura y orgullo nacional en un entorno verde y luminoso.\" srcset=\"https:\/\/soymigrante.com\/revista\/wp-content\/uploads\/2024\/08\/Embajada-de-Mexico-visa-Soy-Migrante2-1024x508.webp 1024w, https:\/\/soymigrante.com\/revista\/wp-content\/uploads\/2024\/08\/Embajada-de-Mexico-visa-Soy-Migrante2-300x149.webp 300w, https:\/\/soymigrante.com\/revista\/wp-content\/uploads\/2024\/08\/Embajada-de-Mexico-visa-Soy-Migrante2-768x381.webp 768w, https:\/\/soymigrante.com\/revista\/wp-content\/uploads\/2024\/08\/Embajada-de-Mexico-visa-Soy-Migrante2-360x180.webp 360w, https:\/\/soymigrante.com\/revista\/wp-content\/uploads\/2024\/08\/Embajada-de-Mexico-visa-Soy-Migrante2-750x372.webp 750w, https:\/\/soymigrante.com\/revista\/wp-content\/uploads\/2024\/08\/Embajada-de-Mexico-visa-Soy-Migrante2.webp 1071w\" sizes=\"(max-width: 1024px) 100vw, 1024px\" \/>\n            <\/div>\n        <\/div><div class=\"eael-entry-wrapper\"><header class=\"eael-entry-header\"><h2 class=\"eael-entry-title\"><a class=\"eael-grid-post-link\" href=\"https:\/\/soymigrante.com\/revista\/evita-cometer-estos-errores-al-solicitar-visa-mexicana-o-permiso-tvr\/\" title=\"Claves que ya conoc\u00edas (o quiz\u00e1 no) para tramitar visa mexicana en Guatemala\">Claves que ya conoc\u00edas (o quiz\u00e1 no) para tramitar visa mexicana en Guatemala<\/a><\/h2><\/header><div class=\"eael-entry-content\">\n                        <div class=\"eael-grid-post-excerpt\"><a href=\"https:\/\/soymigrante.com\/revista\/evita-cometer-estos-errores-al-solicitar-visa-mexicana-o-permiso-tvr\/\" class=\"eael-post-elements-readmore-btn\">ENT\u00c9RATE AQU\u00cd<\/a><\/div>\n                    <\/div><\/div><\/div>\n        <\/div>\n    <\/article><article class=\"eael-grid-post  eael-post-grid-column eael-pg-post-2062 category-estamos-unidos\" data-id=\"2062\">\n        <div class=\"eael-grid-post-holder\">\n            <div class=\"eael-grid-post-holder-inner\"><div class=\"eael-entry-media\"><div class=\"eael-entry-overlay fade-in\"><i class=\"far fa-hand-pointer\" aria-hidden=\"true\"><\/i><a href=\"https:\/\/soymigrante.com\/revista\/programa-reunificacion-familiar-estados-unidos\/\"><\/a><\/div><div class=\"eael-entry-thumbnail \">\n                <img decoding=\"async\" width=\"1024\" height=\"489\" src=\"https:\/\/soymigrante.com\/revista\/wp-content\/uploads\/2023\/08\/Captura-de-pantalla-2023-08-01-111151-1024x489.webp\" class=\"attachment-large size-large wp-image-2066\" alt=\"\" srcset=\"https:\/\/soymigrante.com\/revista\/wp-content\/uploads\/2023\/08\/Captura-de-pantalla-2023-08-01-111151-1024x489.webp 1024w, https:\/\/soymigrante.com\/revista\/wp-content\/uploads\/2023\/08\/Captura-de-pantalla-2023-08-01-111151-300x143.webp 300w, https:\/\/soymigrante.com\/revista\/wp-content\/uploads\/2023\/08\/Captura-de-pantalla-2023-08-01-111151-768x367.webp 768w, https:\/\/soymigrante.com\/revista\/wp-content\/uploads\/2023\/08\/Captura-de-pantalla-2023-08-01-111151-750x358.webp 750w, https:\/\/soymigrante.com\/revista\/wp-content\/uploads\/2023\/08\/Captura-de-pantalla-2023-08-01-111151-1140x544.webp 1140w, https:\/\/soymigrante.com\/revista\/wp-content\/uploads\/2023\/08\/Captura-de-pantalla-2023-08-01-111151.webp 1428w\" sizes=\"(max-width: 1024px) 100vw, 1024px\" \/>\n            <\/div>\n        <\/div><div class=\"eael-entry-wrapper\"><header class=\"eael-entry-header\"><h2 class=\"eael-entry-title\"><a class=\"eael-grid-post-link\" href=\"https:\/\/soymigrante.com\/revista\/programa-reunificacion-familiar-estados-unidos\/\" title=\"EE.UU. abre plan de reunificaci\u00f3n familiar pero solo para migrantes con residencia legal\">EE.UU. abre plan de reunificaci\u00f3n familiar pero solo para migrantes con residencia legal<\/a><\/h2><\/header><div class=\"eael-entry-content\">\n                        <div class=\"eael-grid-post-excerpt\"><a href=\"https:\/\/soymigrante.com\/revista\/programa-reunificacion-familiar-estados-unidos\/\" class=\"eael-post-elements-readmore-btn\">ENT\u00c9RATE AQU\u00cd<\/a><\/div>\n                    <\/div><\/div><\/div>\n        <\/div>\n    <\/article><\/div>\n            <div class=\"clearfix\"><\/div>\n        <\/div>\t\t\t\t<\/div>\n\t\t\t\t\t<\/div>\n\t\t\t\t<\/div>\n\t\t\t\t<\/div>\n\t\t","protected":false},"excerpt":{"rendered":"<p>As\u00ed es, la Embajada de Estados Unidos en Guatemala ha informado sobre el cambio de sistema para procesos importantes, entre ellos: Pago para solicitar el visado y la programaci\u00f3n de citas. De acuerdo con lo publicado por la embajada, los cambios se ver\u00e1n reflejados a partir del 22 de septiembre de este a\u00f1o. Por ello [&hellip;]<\/p>\n","protected":false},"author":23,"featured_media":8253,"comment_status":"open","ping_status":"open","sticky":false,"template":"","format":"standard","meta":{"_acf_changed":true,"_eb_attr":"","footnotes":""},"categories":[59],"tags":[],"class_list":["post-8245","post","type-post","status-publish","format-standard","has-post-thumbnail","hentry","category-recursos-migratorios"],"acf":[],"aioseo_notices":[],"aioseo_head":"\n\t\t<!-- All in One SEO Pro 4.9.6.2 - aioseo.com -->\n\t<meta name=\"description\" content=\"EE.UU. busca reducir la inmigraci\u00f3n irregular y promover la reunificaci\u00f3n legal con el relanzamiento del programa FRP para residentes legales.\" \/>\n\t<meta name=\"robots\" content=\"max-snippet:-1, max-image-preview:large, max-video-preview:-1\" \/>\n\t<meta name=\"author\" content=\"SoyMigrante.com REVISTA\"\/>\n\t<link rel=\"canonical\" href=\"https:\/\/soymigrante.com\/revista\/programa-reunificacion-familiar-estados-unidos\/\" \/>\n\t<meta name=\"generator\" content=\"All in One SEO Pro (AIOSEO) 4.9.6.2\" \/>\n\n\t\t<link rel=\"preconnect\" href=\"https:\/\/fonts.googleapis.com\" crossorigin>\n<link rel=\"preconnect\" href=\"https:\/\/fonts.gstatic.com\" crossorigin>\n\t\t<meta property=\"og:locale\" content=\"es_ES\" \/>\n\t\t<meta property=\"og:site_name\" content=\"SoyMigrante.com REVISTA \u2013 Nuestra misi\u00f3n es reconocer y dignificar al migrante.\" \/>\n\t\t<meta property=\"og:type\" content=\"article\" \/>\n\t\t<meta property=\"og:title\" content=\"EE.UU. abre plan de reunificaci\u00f3n familiar pero solo para migrantes con residencia legal\" \/>\n\t\t<meta property=\"og:description\" content=\"EE.UU. busca reducir la inmigraci\u00f3n irregular y promover la reunificaci\u00f3n legal con el relanzamiento del programa FRP para residentes legales.\" \/>\n\t\t<meta property=\"og:url\" content=\"https:\/\/soymigrante.com\/revista\/programa-reunificacion-familiar-estados-unidos\/\" \/>\n\t\t<meta property=\"og:image\" content=\"https:\/\/soymigrante.com\/revista\/wp-content\/uploads\/2023\/08\/Captura-de-pantalla-2023-08-01-111151.webp\" \/>\n\t\t<meta property=\"og:image:secure_url\" content=\"https:\/\/soymigrante.com\/revista\/wp-content\/uploads\/2023\/08\/Captura-de-pantalla-2023-08-01-111151.webp\" \/>\n\t\t<meta property=\"og:image:width\" content=\"1428\" \/>\n\t\t<meta property=\"og:image:height\" content=\"682\" \/>\n\t\t<meta property=\"article:published_time\" content=\"2023-08-01T17:18:31+00:00\" \/>\n\t\t<meta property=\"article:modified_time\" content=\"2024-07-31T06:39:07+00:00\" \/>\n\t\t<meta property=\"article:publisher\" content=\"https:\/\/www.facebook.com\/soymigrantecom\" \/>\n\t\t<meta name=\"twitter:card\" content=\"summary_large_image\" \/>\n\t\t<meta name=\"twitter:site\" content=\"@SoyMigrante_com\" \/>\n\t\t<meta name=\"twitter:title\" content=\"EE.UU. abre plan de reunificaci\u00f3n familiar pero solo para migrantes con residencia legal\" \/>\n\t\t<meta name=\"twitter:description\" content=\"EE.UU. busca reducir la inmigraci\u00f3n irregular y promover la reunificaci\u00f3n legal con el relanzamiento del programa FRP para residentes legales.\" \/>\n\t\t<meta name=\"twitter:creator\" content=\"@SoyMigrante_com\" \/>\n\t\t<meta name=\"twitter:image\" content=\"https:\/\/soymigrante.com\/revista\/wp-content\/uploads\/2023\/08\/Captura-de-pantalla-2023-08-01-111151.webp\" \/>\n\t\t<!-- All in One SEO Pro -->\r\n\t\t<title>EE.UU. abre plan de reunificaci\u00f3n familiar pero solo para migrantes con residencia legal<\/title>\n\n","aioseo_head_json":{"title":"EE.UU. abre plan de reunificaci\u00f3n familiar pero solo para migrantes con residencia legal","description":"EE.UU. busca reducir la inmigraci\u00f3n irregular y promover la reunificaci\u00f3n legal con el relanzamiento del programa FRP para residentes legales.","canonical_url":"https:\/\/soymigrante.com\/revista\/programa-reunificacion-familiar-estados-unidos\/","robots":"max-snippet:-1, max-image-preview:large, max-video-preview:-1","keywords":"","webmasterTools":{"miscellaneous":"&lt;link rel=\"preconnect\" href=\"https:\/\/fonts.googleapis.com\" crossorigin&gt;\n&lt;link rel=\"preconnect\" href=\"https:\/\/fonts.gstatic.com\" crossorigin&gt;"},"schema":null,"og:locale":"es_ES","og:site_name":"SoyMigrante.com REVISTA \u2013 Nuestra misi\u00f3n es reconocer y dignificar al migrante.","og:type":"article","og:title":"EE.UU. abre plan de reunificaci\u00f3n familiar pero solo para migrantes con residencia legal","og:description":"EE.UU. busca reducir la inmigraci\u00f3n irregular y promover la reunificaci\u00f3n legal con el relanzamiento del programa FRP para residentes legales.","og:url":"https:\/\/soymigrante.com\/revista\/programa-reunificacion-familiar-estados-unidos\/","og:image":"https:\/\/soymigrante.com\/revista\/wp-content\/uploads\/2023\/08\/Captura-de-pantalla-2023-08-01-111151.webp","og:image:secure_url":"https:\/\/soymigrante.com\/revista\/wp-content\/uploads\/2023\/08\/Captura-de-pantalla-2023-08-01-111151.webp","og:image:width":1428,"og:image:height":682,"article:published_time":"2023-08-01T17:18:31+00:00","article:modified_time":"2024-07-31T06:39:07+00:00","article:publisher":"https:\/\/www.facebook.com\/soymigrantecom","twitter:card":"summary_large_image","twitter:site":"@SoyMigrante_com","twitter:title":"EE.UU. abre plan de reunificaci\u00f3n familiar pero solo para migrantes con residencia legal","twitter:description":"EE.UU. busca reducir la inmigraci\u00f3n irregular y promover la reunificaci\u00f3n legal con el relanzamiento del programa FRP para residentes legales.","twitter:creator":"@SoyMigrante_com","twitter:image":"https:\/\/soymigrante.com\/revista\/wp-content\/uploads\/2023\/08\/Captura-de-pantalla-2023-08-01-111151.webp"},"aioseo_meta_data":{"post_id":"8245","title":"Nuevo sistema para solicitar citas de visa EE.UU. en Guatemala","description":"La Embajada de EE.UU. en Guatemala inform\u00f3 sobre un nuevo sistema para pago de solicitud y programaci\u00f3n de citas, a partir de septiembre pr\u00f3ximo. Aqu\u00ed la info.","keywords":null,"keyphrases":{"focus":{"keyphrase":"visa americana","score":51,"analysis":{"keyphraseInTitle":{"score":3,"maxScore":9,"error":1},"keyphraseInDescription":{"score":3,"maxScore":9,"error":1},"keyphraseLength":{"score":9,"maxScore":9,"error":0,"length":2},"keyphraseInURL":{"score":5,"maxScore":5,"error":0},"keyphraseInIntroduction":{"score":3,"maxScore":9,"error":1},"keyphraseInSubHeadings":{"score":3,"maxScore":9,"error":1},"keyphraseInImageAlt":{"score":9,"maxScore":9,"error":0},"keywordDensity":{"score":0,"type":"low","maxScore":9,"error":1}}},"additional":[{"keyphrase":"embajada americana","score":40,"analysis":{"keyphraseInDescription":{"score":3,"maxScore":9,"error":1},"keyphraseLength":{"score":9,"maxScore":9,"error":0,"length":2},"keyphraseInIntroduction":{"score":3,"maxScore":9,"error":1},"keyphraseInImageAlt":{"score":3,"maxScore":9,"error":1},"keywordDensity":{"score":0,"type":"low","maxScore":9,"error":1}}},{"keyphrase":"migrante guatemalteco","score":40,"analysis":{"keyphraseInDescription":{"score":3,"maxScore":9,"error":1},"keyphraseLength":{"score":9,"maxScore":9,"error":0,"length":2},"keyphraseInIntroduction":{"score":3,"maxScore":9,"error":1},"keyphraseInImageAlt":{"score":3,"maxScore":9,"error":1},"keywordDensity":{"score":0,"type":"low","maxScore":9,"error":1}}},{"keyphrase":"solicitud de visa","score":40,"analysis":{"keyphraseInDescription":{"score":3,"maxScore":9,"error":1},"keyphraseLength":{"score":9,"maxScore":9,"error":0,"length":3},"keyphraseInIntroduction":{"score":3,"maxScore":9,"error":1},"keyphraseInImageAlt":{"score":3,"maxScore":9,"error":1},"keywordDensity":{"score":0,"type":"low","maxScore":9,"error":1}}},{"keyphrase":"soy migrante","score":40,"analysis":{"keyphraseInDescription":{"score":3,"maxScore":9,"error":1},"keyphraseLength":{"score":9,"maxScore":9,"error":0,"length":2},"keyphraseInIntroduction":{"score":3,"maxScore":9,"error":1},"keyphraseInImageAlt":{"score":3,"maxScore":9,"error":1},"keywordDensity":{"score":0,"type":"low","maxScore":9,"error":1}}}]},"primary_term":null,"canonical_url":null,"og_title":null,"og_description":null,"og_object_type":"default","og_image_type":"default","og_image_url":null,"og_image_width":null,"og_image_height":null,"og_image_custom_url":null,"og_image_custom_fields":null,"og_video":"","og_custom_url":null,"og_article_section":null,"og_article_tags":null,"twitter_use_og":false,"twitter_card":"default","twitter_image_type":"default","twitter_image_url":null,"twitter_image_custom_url":null,"twitter_image_custom_fields":null,"twitter_title":null,"twitter_description":null,"schema":{"blockGraphs":[],"customGraphs":[],"default":{"data":{"Article":[],"Course":[],"Dataset":[],"FAQPage":[],"Movie":[],"Person":[],"Product":[],"ProductReview":[],"Car":[],"Recipe":[],"Service":[],"SoftwareApplication":[],"WebPage":[]},"graphName":"Article","isEnabled":true},"graphs":[]},"schema_type":"default","schema_type_options":null,"pillar_content":false,"robots_default":true,"robots_noindex":false,"robots_noarchive":false,"robots_nosnippet":false,"robots_nofollow":false,"robots_noimageindex":false,"robots_noodp":false,"robots_notranslate":false,"robots_max_snippet":"-1","robots_max_videopreview":"-1","robots_max_imagepreview":"large","priority":null,"frequency":"default","local_seo":null,"seo_analyzer_scan_date":"2025-10-08 22:40:18","breadcrumb_settings":null,"limit_modified_date":false,"reviewed_by":null,"open_ai":"{\"title\":{\"suggestions\":[],\"usage\":0},\"description\":{\"suggestions\":[],\"usage\":0}}","ai":null,"created":"2024-08-21 16:38:43","updated":"2026-02-04 12:43:53"},"aioseo_breadcrumb":"<div class=\"aioseo-breadcrumbs\"><span class=\"aioseo-breadcrumb\">\n\t<a href=\"https:\/\/soymigrante.com\/revista\" title=\"Home\">Home<\/a>\n<\/span><span class=\"aioseo-breadcrumb-separator\">\u00bb<\/span><span class=\"aioseo-breadcrumb\">\n\t<a href=\"https:\/\/soymigrante.com\/revista\/category\/recursos-migratorios\/\" title=\"Recursos Migratorios\">Recursos Migratorios<\/a>\n<\/span><span class=\"aioseo-breadcrumb-separator\">\u00bb<\/span><span class=\"aioseo-breadcrumb\">\n\t\u00a1Ojo! Habr\u00e1 cambios para solicitar visa americana en Guatemala\n<\/span><\/div>","aioseo_breadcrumb_json":[{"label":"Home","link":"https:\/\/soymigrante.com\/revista"},{"label":"Recursos Migratorios","link":"https:\/\/soymigrante.com\/revista\/category\/recursos-migratorios\/"},{"label":"\u00a1Ojo! Habr\u00e1 cambios para solicitar visa americana en Guatemala","link":"https:\/\/soymigrante.com\/revista\/ojo-habra-cambios-para-solicitar-visa-americana-en-guatemala\/"}],"_links":{"self":[{"href":"https:\/\/soymigrante.com\/revista\/wp-json\/wp\/v2\/posts\/8245","targetHints":{"allow":["GET"]}}],"collection":[{"href":"https:\/\/soymigrante.com\/revista\/wp-json\/wp\/v2\/posts"}],"about":[{"href":"https:\/\/soymigrante.com\/revista\/wp-json\/wp\/v2\/types\/post"}],"author":[{"embeddable":true,"href":"https:\/\/soymigrante.com\/revista\/wp-json\/wp\/v2\/users\/23"}],"replies":[{"embeddable":true,"href":"https:\/\/soymigrante.com\/revista\/wp-json\/wp\/v2\/comments?post=8245"}],"version-history":[{"count":0,"href":"https:\/\/soymigrante.com\/revista\/wp-json\/wp\/v2\/posts\/8245\/revisions"}],"wp:featuredmedia":[{"embeddable":true,"href":"https:\/\/soymigrante.com\/revista\/wp-json\/wp\/v2\/media\/8253"}],"wp:attachment":[{"href":"https:\/\/soymigrante.com\/revista\/wp-json\/wp\/v2\/media?parent=8245"}],"wp:term":[{"taxonomy":"category","embeddable":true,"href":"https:\/\/soymigrante.com\/revista\/wp-json\/wp\/v2\/categories?post=8245"},{"taxonomy":"post_tag","embeddable":true,"href":"https:\/\/soymigrante.com\/revista\/wp-json\/wp\/v2\/tags?post=8245"}],"curies":[{"name":"wp","href":"https:\/\/api.w.org\/{rel}","templated":true}]}}