{"id":8224,"date":"2024-08-21T09:38:40","date_gmt":"2024-08-21T15:38:40","guid":{"rendered":"https:\/\/soymigrante.com\/revista\/?p=8224"},"modified":"2024-11-01T14:55:38","modified_gmt":"2024-11-01T20:55:38","slug":"migrantes-guatemaltecos-en-georgia-buscan-ayuda-y-consuelo","status":"publish","type":"post","link":"https:\/\/soymigrante.com\/revista\/migrantes-guatemaltecos-en-georgia-buscan-ayuda-y-consuelo\/","title":{"rendered":"Esposos migrantes guatemaltecos en Georgia buscan ayuda&#8230; y un ri\u00f1\u00f3n"},"content":{"rendered":"\t\t<div data-elementor-type=\"wp-post\" data-elementor-id=\"8224\" class=\"elementor elementor-8224\" data-elementor-post-type=\"post\">\n\t\t\t\t<div data-particle_enable=\"false\" data-particle-mobile-disabled=\"false\" class=\"elementor-element elementor-element-fc8a580 e-flex e-con-boxed e-con e-parent\" data-id=\"fc8a580\" data-element_type=\"container\" data-e-type=\"container\">\n\t\t\t\t\t<div class=\"e-con-inner\">\n\t\t\t\t<div class=\"elementor-element elementor-element-ea1c55c elementor-widget elementor-widget-heading\" data-id=\"ea1c55c\" data-element_type=\"widget\" data-e-type=\"widget\" data-widget_type=\"heading.default\">\n\t\t\t\t\t<h2 class=\"elementor-heading-title elementor-size-default\">Adelso Nolasco Puac es un migrante guatemalteco que tiene m\u00e1s de 20 a\u00f1os de vivir en Estados Unidos, pero su salud ahora es delicada por una enfermedad en el ri\u00f1\u00f3n. Esperanza, su esposa, trabaja doble para cubrir gastos. Esta es su historia.\n<\/h2>\t\t\t\t<\/div>\n\t\t\t\t\t<\/div>\n\t\t\t\t<\/div>\n\t\t<div data-particle_enable=\"false\" data-particle-mobile-disabled=\"false\" class=\"elementor-element elementor-element-efa5d7f e-flex e-con-boxed e-con e-parent\" data-id=\"efa5d7f\" data-element_type=\"container\" data-e-type=\"container\">\n\t\t\t\t\t<div class=\"e-con-inner\">\n\t\t\t\t<div class=\"elementor-element elementor-element-13e0002 elementor-widget elementor-widget-text-editor\" data-id=\"13e0002\" data-element_type=\"widget\" data-e-type=\"widget\" data-widget_type=\"text-editor.default\">\n\t\t\t\t\t\t\t\t\t<p>Adelso Nolasco Puac y Esperanza V\u00e1squez son unos migrantes guatemaltecos que hace m\u00e1s de 20 a\u00f1os decidieron buscar una mejor vida para ellos y sus hijos, su destino fue Georgia, Estados Unidos.<\/p><p>Ellos son Los Encuentros, en San Marcos, Guatemala, pero en su aldea ya no hab\u00eda oportunidades laborales para ellos, por eso decidieron emprender el viaje para Estados Unidos. <\/p>\t\t\t\t\t\t\t\t<\/div>\n\t\t\t\t\t<\/div>\n\t\t\t\t<\/div>\n\t\t<div data-particle_enable=\"false\" data-particle-mobile-disabled=\"false\" class=\"elementor-element elementor-element-c09e867 e-flex e-con-boxed e-con e-parent\" data-id=\"c09e867\" data-element_type=\"container\" data-e-type=\"container\">\n\t\t\t\t\t<div class=\"e-con-inner\">\n\t\t\t\t<div class=\"elementor-element elementor-element-acac66f elementor-widget elementor-widget-text-editor\" data-id=\"acac66f\" data-element_type=\"widget\" data-e-type=\"widget\" data-widget_type=\"text-editor.default\">\n\t\t\t\t\t\t\t\t\t<p>Ellos tuvieron que cruzar el desierto y lograron entrar al pa\u00eds de sue\u00f1o migrante, pero estando all\u00ed el sue\u00f1o fue cambiando, pues ocurrieron algunas situaciones que tuvieron que afrontar.\u00a0<\/p><p>La familia de Adelso creci\u00f3, ahora tiene cinco hijos y todos quieren ver a su padre mejor de salud.<\/p>\t\t\t\t\t\t\t\t<\/div>\n\t\t\t\t\t<\/div>\n\t\t\t\t<\/div>\n\t\t<div data-particle_enable=\"false\" data-particle-mobile-disabled=\"false\" class=\"elementor-element elementor-element-a7def84 e-flex e-con-boxed e-con e-parent\" data-id=\"a7def84\" data-element_type=\"container\" data-e-type=\"container\">\n\t\t\t\t\t<div class=\"e-con-inner\">\n\t\t\t\t<div class=\"elementor-element elementor-element-8f186dc elementor-widget elementor-widget-facebook-embed\" data-id=\"8f186dc\" data-element_type=\"widget\" data-e-type=\"widget\" data-widget_type=\"facebook-embed.default\">\n\t\t\t\t\t<div style=\"min-height: 1px\" class=\"elementor-facebook-widget fb-post\" data-href=\"https:\/\/www.facebook.com\/photo\/?fbid=794363789571367&#038;set=pcb.794364376237975&#038;locale=es_LA\" data-show-text=\"false\"><\/div>\t\t\t\t<\/div>\n\t\t\t\t\t<\/div>\n\t\t\t\t<\/div>\n\t\t<div data-particle_enable=\"false\" data-particle-mobile-disabled=\"false\" class=\"elementor-element elementor-element-81dfd1d e-flex e-con-boxed e-con e-parent\" data-id=\"81dfd1d\" data-element_type=\"container\" data-e-type=\"container\">\n\t\t\t\t\t<div class=\"e-con-inner\">\n\t\t\t\t<div class=\"elementor-element elementor-element-70187ab elementor-widget elementor-widget-heading\" data-id=\"70187ab\" data-element_type=\"widget\" data-e-type=\"widget\" data-widget_type=\"heading.default\">\n\t\t\t\t\t<h3 class=\"elementor-heading-title elementor-size-default\">Luchar por sobrevivir<\/h3>\t\t\t\t<\/div>\n\t\t\t\t\t<\/div>\n\t\t\t\t<\/div>\n\t\t<div data-particle_enable=\"false\" data-particle-mobile-disabled=\"false\" class=\"elementor-element elementor-element-7d15e71 e-flex e-con-boxed e-con e-parent\" data-id=\"7d15e71\" data-element_type=\"container\" data-e-type=\"container\">\n\t\t\t\t\t<div class=\"e-con-inner\">\n\t\t\t\t<div class=\"elementor-element elementor-element-7ea9c6e elementor-widget elementor-widget-text-editor\" data-id=\"7ea9c6e\" data-element_type=\"widget\" data-e-type=\"widget\" data-widget_type=\"text-editor.default\">\n\t\t\t\t\t\t\t\t\t<p>Al llegar a Estados Unidos y tener poco tiempo de estar laborando, Adelso tuvo un accidente, \u00e9l estaba trabajando cuando en la f\u00e1brica un producto inflamable empez\u00f3 a arder en llamas, la bodega donde Puac se encontraba se empez\u00f3 a quemar.<\/p><p>Adelso tuvo quemaduras de tercer grado en su cuerpo, su proceso de recuperaci\u00f3n en el hospital fue muy dif\u00edcil, para \u00e9l y su familia, porque tuvo que pasar meses internado.<\/p><p>Esperanza y Adelso son cristianos y nunca pierden la fe en el auxilio de Dios. Ella se dedica a alabarlo a trav\u00e9s de redes sociales.<\/p>\t\t\t\t\t\t\t\t<\/div>\n\t\t\t\t\t<\/div>\n\t\t\t\t<\/div>\n\t\t<div data-particle_enable=\"false\" data-particle-mobile-disabled=\"false\" class=\"elementor-element elementor-element-adc9ee8 e-flex e-con-boxed e-con e-parent\" data-id=\"adc9ee8\" data-element_type=\"container\" data-e-type=\"container\">\n\t\t\t\t\t<div class=\"e-con-inner\">\n\t\t\t\t<div class=\"elementor-element elementor-element-a2d9cb7 elementor-widget elementor-widget-facebook-embed\" data-id=\"a2d9cb7\" data-element_type=\"widget\" data-e-type=\"widget\" data-widget_type=\"facebook-embed.default\">\n\t\t\t\t\t<div style=\"min-height: 1px\" class=\"elementor-facebook-widget fb-video\" data-href=\"https:\/\/www.facebook.com\/100069932580931\/videos\/160194100416421\" data-show-text=\"false\" data-allowfullscreen=\"false\" data-autoplay=\"false\" data-show-captions=\"false\"><\/div>\t\t\t\t<\/div>\n\t\t\t\t\t<\/div>\n\t\t\t\t<\/div>\n\t\t<div data-particle_enable=\"false\" data-particle-mobile-disabled=\"false\" class=\"elementor-element elementor-element-35cebe6 e-flex e-con-boxed e-con e-parent\" data-id=\"35cebe6\" data-element_type=\"container\" data-e-type=\"container\">\n\t\t\t\t\t<div class=\"e-con-inner\">\n\t\t\t\t<div class=\"elementor-element elementor-element-5e07042 elementor-widget elementor-widget-text-editor\" data-id=\"5e07042\" data-element_type=\"widget\" data-e-type=\"widget\" data-widget_type=\"text-editor.default\">\n\t\t\t\t\t\t\t\t\t<p>Cuando Puac por fin pudo salir del hospital se tuvo que enfrentar a otro problema y es que estando en recuperaci\u00f3n en su casa, el departamento de migraci\u00f3n de los Estados Unidos hizo una redada y detuvieron a Adelso por no tener documentos y por su estado migratorio.<\/p><p>Esperanza cont\u00f3 a SoyMigrante que ese ha sido uno de los procesos m\u00e1s duros, porque Adelso tuvo que ir a prisi\u00f3n en Estados Unidos, pero no le permit\u00edan ingresar los medicamentos para calmar el dolor de las quemaduras, la \u00fanica soluci\u00f3n que les presentaron fue de que Puac firmara su carta de deportaci\u00f3n y enviarlo a Guatemala, pero ese documento le imped\u00eda regresar al pa\u00eds del norte por 10 a\u00f1os. <\/p>\t\t\t\t\t\t\t\t<\/div>\n\t\t\t\t\t<\/div>\n\t\t\t\t<\/div>\n\t\t<div data-particle_enable=\"false\" data-particle-mobile-disabled=\"false\" class=\"elementor-element elementor-element-74da213 e-flex e-con-boxed e-con e-parent\" data-id=\"74da213\" data-element_type=\"container\" data-e-type=\"container\">\n\t\t\t\t\t<div class=\"e-con-inner\">\n\t\t\t\t<div class=\"elementor-element elementor-element-82d32de elementor-widget elementor-widget-image\" data-id=\"82d32de\" data-element_type=\"widget\" data-e-type=\"widget\" data-widget_type=\"image.default\">\n\t\t\t\t\t\t\t\t\t\t\t\t<figure class=\"wp-caption\">\n\t\t\t\t\t\t\t\t\t\t<img fetchpriority=\"high\" decoding=\"async\" width=\"768\" height=\"515\" src=\"https:\/\/soymigrante.com\/revista\/wp-content\/uploads\/2024\/08\/migrantes-guatemaltecos-3-1024x686.webp\" class=\"attachment-large size-large wp-image-8233\" alt=\"Joven pareja latina en un parque, disfrutando del d\u00eda soleado, simbolizando comunidad, migrantes y diversidad cultural en Estados Unidos.\" srcset=\"https:\/\/soymigrante.com\/revista\/wp-content\/uploads\/2024\/08\/migrantes-guatemaltecos-3-1024x686.webp 1024w, https:\/\/soymigrante.com\/revista\/wp-content\/uploads\/2024\/08\/migrantes-guatemaltecos-3-300x201.webp 300w, https:\/\/soymigrante.com\/revista\/wp-content\/uploads\/2024\/08\/migrantes-guatemaltecos-3-768x515.webp 768w, https:\/\/soymigrante.com\/revista\/wp-content\/uploads\/2024\/08\/migrantes-guatemaltecos-3-750x503.webp 750w, https:\/\/soymigrante.com\/revista\/wp-content\/uploads\/2024\/08\/migrantes-guatemaltecos-3-1140x764.webp 1140w, https:\/\/soymigrante.com\/revista\/wp-content\/uploads\/2024\/08\/migrantes-guatemaltecos-3.webp 1200w\" sizes=\"(max-width: 768px) 100vw, 768px\" title=\"Esperanza y Adelso son un matrimonio cristiano, trabajador, que ha luchado por salir adelante y apoyar un mejor puturo para sus hijos en Estados Unidos.  (Foto Esperanza Vasquez) \u2013 SoyMigrante.com REVISTA\" \/>\t\t\t\t\t\t\t\t\t\t\t<figcaption class=\"widget-image-caption wp-caption-text\">Pareja joven en parque durante el d\u00eda, destacando temas de migraci\u00f3n, integraci\u00f3n y comunidad latina en Estados Unidos.<\/figcaption>\n\t\t\t\t\t\t\t\t\t\t<\/figure>\n\t\t\t\t\t\t\t\t\t<\/div>\n\t\t\t\t\t<\/div>\n\t\t\t\t<\/div>\n\t\t<div data-particle_enable=\"false\" data-particle-mobile-disabled=\"false\" class=\"elementor-element elementor-element-f9a7052 e-flex e-con-boxed e-con e-parent\" data-id=\"f9a7052\" data-element_type=\"container\" data-e-type=\"container\">\n\t\t\t\t\t<div class=\"e-con-inner\">\n\t\t\t\t<div class=\"elementor-element elementor-element-496699d elementor-widget elementor-widget-text-editor\" data-id=\"496699d\" data-element_type=\"widget\" data-e-type=\"widget\" data-widget_type=\"text-editor.default\">\n\t\t\t\t\t\t\t\t\t<p>Ante la desesperaci\u00f3n de querer calmar el dolor, Adelso firm\u00f3 su deportaci\u00f3n, pero eso empeor\u00f3 las cosas, seg\u00fan Esperanza, porque en su aldea en Guatemala no hay hospitales ni centros de salud.<\/p><p>Adelso estuvo en Guatemala aproximadamente dos meses y Esperanza decidi\u00f3 mandarlo a traer y que regresara a Estados Unidos.<\/p><p>Puac tuvo que pasar el desierto, atravesar las veredas, pero lleg\u00f3 con su familia. <\/p>\t\t\t\t\t\t\t\t<\/div>\n\t\t\t\t\t<\/div>\n\t\t\t\t<\/div>\n\t\t<div data-particle_enable=\"false\" data-particle-mobile-disabled=\"false\" class=\"elementor-element elementor-element-e3395cb e-flex e-con-boxed e-con e-parent\" data-id=\"e3395cb\" data-element_type=\"container\" data-e-type=\"container\">\n\t\t\t\t\t<div class=\"e-con-inner\">\n\t\t\t\t<div class=\"elementor-element elementor-element-d2ec25b elementor-widget elementor-widget-facebook-embed\" data-id=\"d2ec25b\" data-element_type=\"widget\" data-e-type=\"widget\" data-widget_type=\"facebook-embed.default\">\n\t\t\t\t\t<div style=\"min-height: 1px\" class=\"elementor-facebook-widget fb-post\" data-href=\"https:\/\/www.facebook.com\/photo\/?fbid=803359098671836&#038;set=pcb.803359648671781&#038;locale=es_LA\" data-show-text=\"false\"><\/div>\t\t\t\t<\/div>\n\t\t\t\t\t<\/div>\n\t\t\t\t<\/div>\n\t\t<div data-particle_enable=\"false\" data-particle-mobile-disabled=\"false\" class=\"elementor-element elementor-element-c3b7b4e e-flex e-con-boxed e-con e-parent\" data-id=\"c3b7b4e\" data-element_type=\"container\" data-e-type=\"container\">\n\t\t\t\t\t<div class=\"e-con-inner\">\n\t\t\t\t<div class=\"elementor-element elementor-element-3a5d3d6 elementor-widget elementor-widget-heading\" data-id=\"3a5d3d6\" data-element_type=\"widget\" data-e-type=\"widget\" data-widget_type=\"heading.default\">\n\t\t\t\t\t<h3 class=\"elementor-heading-title elementor-size-default\">Necesidad de un ri\u00f1\u00f3n <\/h3>\t\t\t\t<\/div>\n\t\t\t\t\t<\/div>\n\t\t\t\t<\/div>\n\t\t<div data-particle_enable=\"false\" data-particle-mobile-disabled=\"false\" class=\"elementor-element elementor-element-a55328b e-flex e-con-boxed e-con e-parent\" data-id=\"a55328b\" data-element_type=\"container\" data-e-type=\"container\">\n\t\t\t\t\t<div class=\"e-con-inner\">\n\t\t\t\t<div class=\"elementor-element elementor-element-8e692a2 elementor-widget elementor-widget-text-editor\" data-id=\"8e692a2\" data-element_type=\"widget\" data-e-type=\"widget\" data-widget_type=\"text-editor.default\">\n\t\t\t\t\t\t\t\t\t<p>En diciembre del 2023 a Adelso le detectaron insuficiencia renal, una enfermedad que no permite el correcto funcionamiento de los ri\u00f1ones, esto le trajo m\u00e1s problemas a Puac.<\/p><p>Al ser llevado al hospital en Estados Unidos, de las primeras preguntas que les hicieron fue cuestionar por el seguro o el estado migratorio de Adelso, esto debido a la cantidad de dinero que deber\u00edan pagar para el tratamiento.<\/p><p>Adelso ahora tiene que ser atendido para evitar que la enfermedad empeore, Esperanza busco ayuda en varios lugares para atender la emergencia de su esposo, pero esto no pudo ser posible.<\/p>\t\t\t\t\t\t\t\t<\/div>\n\t\t\t\t\t<\/div>\n\t\t\t\t<\/div>\n\t\t<div data-particle_enable=\"false\" data-particle-mobile-disabled=\"false\" class=\"elementor-element elementor-element-e778194 e-flex e-con-boxed e-con e-parent\" data-id=\"e778194\" data-element_type=\"container\" data-e-type=\"container\">\n\t\t\t\t\t<div class=\"e-con-inner\">\n\t\t\t\t<div class=\"elementor-element elementor-element-eb2801d elementor-widget elementor-widget-facebook-embed\" data-id=\"eb2801d\" data-element_type=\"widget\" data-e-type=\"widget\" data-widget_type=\"facebook-embed.default\">\n\t\t\t\t\t<div style=\"min-height: 1px\" class=\"elementor-facebook-widget fb-post\" data-href=\"https:\/\/www.facebook.com\/photo\/?fbid=8122400904509024&#038;set=a.397853726963819\" data-show-text=\"false\"><\/div>\t\t\t\t<\/div>\n\t\t\t\t\t<\/div>\n\t\t\t\t<\/div>\n\t\t<div data-particle_enable=\"false\" data-particle-mobile-disabled=\"false\" class=\"elementor-element elementor-element-76cbd6b e-flex e-con-boxed e-con e-parent\" data-id=\"76cbd6b\" data-element_type=\"container\" data-e-type=\"container\">\n\t\t\t\t\t<div class=\"e-con-inner\">\n\t\t\t\t<div class=\"elementor-element elementor-element-a7057eb elementor-widget elementor-widget-text-editor\" data-id=\"a7057eb\" data-element_type=\"widget\" data-e-type=\"widget\" data-widget_type=\"text-editor.default\">\n\t\t\t\t\t\t\t\t\t<p>En los lugares de atenci\u00f3n a migrantes le recomendaron a V\u00e1squez que buscara ayuda y que tuviera un abogado de migraci\u00f3n, pero este les quito la esperanza porque al intentar solicitar ayuda al gobierno de Estados Unidos se la negaron porque Puac hab\u00eda violado la ley al ingresar al pa\u00eds de manera irregular.<\/p><p>Puac ahora est\u00e1 en la lucha por sobrevivir a base de tratamientos como hemodi\u00e1lisis y su esposa, Esperanza est\u00e1 luchando por mantener a su familia econ\u00f3micamente teniendo dos trabajos, mientras su esposo se recupera.<\/p><p>Ocho meses han pasado desde que detectaron a Puac con la enfermedad, pero eso no ha agotado la fe de Esperanza, quien se mantiene en busca de algunas alternativas que ayuden con el caso de su esposo. <\/p>\t\t\t\t\t\t\t\t<\/div>\n\t\t\t\t\t<\/div>\n\t\t\t\t<\/div>\n\t\t<div data-particle_enable=\"false\" data-particle-mobile-disabled=\"false\" class=\"elementor-element elementor-element-e59da62 e-flex e-con-boxed e-con e-parent\" data-id=\"e59da62\" data-element_type=\"container\" data-e-type=\"container\">\n\t\t\t\t\t<div class=\"e-con-inner\">\n\t\t\t\t<div class=\"elementor-element elementor-element-ab65b83 elementor-widget elementor-widget-image\" data-id=\"ab65b83\" data-element_type=\"widget\" data-e-type=\"widget\" data-widget_type=\"image.default\">\n\t\t\t\t\t\t\t\t\t\t\t\t<figure class=\"wp-caption\">\n\t\t\t\t\t\t\t\t\t\t<img decoding=\"async\" width=\"768\" height=\"708\" src=\"https:\/\/soymigrante.com\/revista\/wp-content\/uploads\/2024\/08\/migrantes-guatemaltecos-2-1024x944.webp\" class=\"attachment-large size-large wp-image-8234\" alt=\"Estudiantes con toga y birrete en celebraci\u00f3n de graduaci\u00f3n, en un entorno al aire libre con \u00e1rboles y c\u00e9sped, resaltando el logro acad\u00e9mico de la ceremonia.\" srcset=\"https:\/\/soymigrante.com\/revista\/wp-content\/uploads\/2024\/08\/migrantes-guatemaltecos-2-1024x944.webp 1024w, https:\/\/soymigrante.com\/revista\/wp-content\/uploads\/2024\/08\/migrantes-guatemaltecos-2-300x277.webp 300w, https:\/\/soymigrante.com\/revista\/wp-content\/uploads\/2024\/08\/migrantes-guatemaltecos-2-768x708.webp 768w, https:\/\/soymigrante.com\/revista\/wp-content\/uploads\/2024\/08\/migrantes-guatemaltecos-2-750x692.webp 750w, https:\/\/soymigrante.com\/revista\/wp-content\/uploads\/2024\/08\/migrantes-guatemaltecos-2.webp 1065w\" sizes=\"(max-width: 768px) 100vw, 768px\" title=\"Actualmente, Esperanza tiene tres trabajos para poder sufragar  las necesidades de su hogar y pagar los gastos de salud por la hospitalizaci\u00f3n de Adelso. Su situaci\u00f3n migratoria hace complicado entrar en una lista de trasplante de ri\u00f1\u00f3n. (Foto Esperanza Vasquez) \u2013 SoyMigrante.com REVISTA\" \/>\t\t\t\t\t\t\t\t\t\t\t<figcaption class=\"widget-image-caption wp-caption-text\">Grupo de graduados celebrando una ceremonia escolar con ropa roja, algunos con toga y birrete, en un ambiente exterior con fondo de \u00e1rboles y cancha de c\u00e9sped.<\/figcaption>\n\t\t\t\t\t\t\t\t\t\t<\/figure>\n\t\t\t\t\t\t\t\t\t<\/div>\n\t\t\t\t\t<\/div>\n\t\t\t\t<\/div>\n\t\t<div data-particle_enable=\"false\" data-particle-mobile-disabled=\"false\" class=\"elementor-element elementor-element-f0ef9f3 e-flex e-con-boxed e-con e-parent\" data-id=\"f0ef9f3\" data-element_type=\"container\" data-e-type=\"container\">\n\t\t\t\t\t<div class=\"e-con-inner\">\n\t\t\t\t<div class=\"elementor-element elementor-element-5026e6c elementor-widget elementor-widget-facebook-embed\" data-id=\"5026e6c\" data-element_type=\"widget\" data-e-type=\"widget\" data-widget_type=\"facebook-embed.default\">\n\t\t\t\t\t<div style=\"min-height: 1px\" class=\"elementor-facebook-widget fb-post\" data-href=\"https:\/\/www.facebook.com\/photo\/?fbid=8126276314121483&#038;set=a.397853726963819&#038;locale=es_LA\" data-show-text=\"false\"><\/div>\t\t\t\t<\/div>\n\t\t\t\t\t<\/div>\n\t\t\t\t<\/div>\n\t\t<div data-particle_enable=\"false\" data-particle-mobile-disabled=\"false\" class=\"elementor-element elementor-element-8ecaf8d e-flex e-con-boxed e-con e-parent\" data-id=\"8ecaf8d\" data-element_type=\"container\" data-e-type=\"container\">\n\t\t\t\t\t<div class=\"e-con-inner\">\n\t\t\t\t<div class=\"elementor-element elementor-element-7d2043c elementor-widget elementor-widget-heading\" data-id=\"7d2043c\" data-element_type=\"widget\" data-e-type=\"widget\" data-widget_type=\"heading.default\">\n\t\t\t\t\t<h2 class=\"elementor-heading-title elementor-size-default\">Conoce m\u00e1s de Guatemala ac\u00e1...<\/h2>\t\t\t\t<\/div>\n\t\t\t\t\t<\/div>\n\t\t\t\t<\/div>\n\t\t<div data-particle_enable=\"false\" data-particle-mobile-disabled=\"false\" class=\"elementor-element elementor-element-1391bdc e-flex e-con-boxed e-con e-parent\" data-id=\"1391bdc\" data-element_type=\"container\" data-e-type=\"container\">\n\t\t\t\t\t<div class=\"e-con-inner\">\n\t\t\t\t<div class=\"elementor-element elementor-element-fb4ccd2 elementor-widget elementor-widget-blfe-post-grid\" data-id=\"fb4ccd2\" data-element_type=\"widget\" data-e-type=\"widget\" data-settings=\"{&quot;columns&quot;:&quot;3&quot;,&quot;columns_tablet&quot;:&quot;6&quot;,&quot;columns_mobile&quot;:&quot;12&quot;,&quot;hero2_navigation&quot;:&quot;arrows&quot;,&quot;hero2_layout_column_gap&quot;:{&quot;unit&quot;:&quot;px&quot;,&quot;size&quot;:5,&quot;sizes&quot;:[]},&quot;hero2_layout_column_gap_tablet&quot;:{&quot;unit&quot;:&quot;px&quot;,&quot;size&quot;:&quot;&quot;,&quot;sizes&quot;:[]},&quot;hero2_layout_column_gap_mobile&quot;:{&quot;unit&quot;:&quot;px&quot;,&quot;size&quot;:&quot;&quot;,&quot;sizes&quot;:[]},&quot;hero2_layout_row_gap&quot;:{&quot;unit&quot;:&quot;px&quot;,&quot;size&quot;:5,&quot;sizes&quot;:[]},&quot;hero2_layout_row_gap_tablet&quot;:{&quot;unit&quot;:&quot;px&quot;,&quot;size&quot;:&quot;&quot;,&quot;sizes&quot;:[]},&quot;hero2_layout_row_gap_mobile&quot;:{&quot;unit&quot;:&quot;px&quot;,&quot;size&quot;:&quot;&quot;,&quot;sizes&quot;:[]}}\" data-widget_type=\"blfe-post-grid.hero2\">\n\t\t\t\t<div class=\"elementor-widget-container\">\n\t\t\t\t\t\n                        <div class=\"blfe-post-grid-container \">\n            \n                <div data-skin=\"hero2\" class=\"blfe-row blfe-posts-inner blfe-hero2 blfe-posts-inner blfe-col-3 blfe-col-tab-6 blfe-col-mob-12     \">\n                            <div class=\"blfe-post-grid-item \">\n            <div class=\"blfe-post-grid-item-inner blfe-modern-zoom\">\n                        <div class=\"blfe-post-grid-bg-image\">\n            <a class=\"blfe-post-grid-image-inner\" href=\"https:\/\/soymigrante.com\/revista\/ya-se-prepara-el-festival-chapin-en-oklahoma-city\/\" title=\"Ya se prepara el Festival Chap\u00edn 2024 en Oklahoma City\" rel=\"nofollow\" target=\"_blank\"><img decoding=\"async\" src=\"https:\/\/soymigrante.com\/revista\/wp-content\/uploads\/2024\/07\/Festival-chapin-en-Estados-Unidos-Cuando-y-donde-se-realizara.webp\" alt=\"Ya se prepara el Festival Chap\u00edn 2024 en Oklahoma City\"\/><\/a>        <\/div>\n                        <div class=\"blfe-post-grid-details\">\n                    <div class=\"blfe-post-grid-details-inner\">\n                        <span class=\"blfe-post-category\"><a href=\"https:\/\/soymigrante.com\/revista\/category\/estamos-unidos\/\">Estamos Unidos<\/a><\/span>                        <h3 class=\"blfe-post-grid-title\">\n            <a href=\"https:\/\/soymigrante.com\/revista\/ya-se-prepara-el-festival-chapin-en-oklahoma-city\/\" title=\"Ya se prepara el Festival Chap\u00edn 2024 en Oklahoma City\" rel=\"nofollow\" target=\"_blank\">Ya se prepara el Festival Chap\u00edn 2024 en Oklahoma City<\/a>\n            <\/h3>                                    <div class=\"blfe-post-grid-meta\">\n                <span class=\"blfe-post-grid-time\"><i class=\"fas fa-book-reader\"><\/i>4 Min read<\/span>            <\/div>\n                                                                                <\/div>\n                <\/div>\n\n            <\/div>\n        <\/div>\n                <div class=\"blfe-post-grid-item \">\n            <div class=\"blfe-post-grid-item-inner blfe-modern-zoom\">\n                        <div class=\"blfe-post-grid-bg-image\">\n            <a class=\"blfe-post-grid-image-inner\" href=\"https:\/\/soymigrante.com\/revista\/vibra-y-emociona-marimba-femenina-en-rhode-island\/\" title=\"Vibra y emociona la Marimba Femenina del Ministerio de Cultura en Rhode Island\" rel=\"nofollow\" target=\"_blank\"><img decoding=\"async\" src=\"https:\/\/soymigrante.com\/revista\/wp-content\/uploads\/2025\/09\/544827598_2433086123759618_5453034006135283458_n-e1757354784736.jpg\" alt=\"Vibra y emociona la Marimba Femenina del Ministerio de Cultura en Rhode Island\"\/><\/a>        <\/div>\n                        <div class=\"blfe-post-grid-details\">\n                    <div class=\"blfe-post-grid-details-inner\">\n                        <span class=\"blfe-post-category\"><a href=\"https:\/\/soymigrante.com\/revista\/category\/estamos-unidos\/\">Estamos Unidos<\/a><\/span>                        <h3 class=\"blfe-post-grid-title\">\n            <a href=\"https:\/\/soymigrante.com\/revista\/vibra-y-emociona-marimba-femenina-en-rhode-island\/\" title=\"Vibra y emociona la Marimba Femenina del Ministerio de Cultura en Rhode Island\" rel=\"nofollow\" target=\"_blank\">Vibra y emociona la Marimba Femenina del Ministerio de Cultura en Rhode Island<\/a>\n            <\/h3>                                    <div class=\"blfe-post-grid-meta\">\n                <span class=\"blfe-post-grid-time\"><i class=\"fas fa-book-reader\"><\/i>3 Min read<\/span>            <\/div>\n                                                                                <\/div>\n                <\/div>\n\n            <\/div>\n        <\/div>\n                <div class=\"blfe-post-grid-item \">\n            <div class=\"blfe-post-grid-item-inner blfe-modern-zoom\">\n                        <div class=\"blfe-post-grid-bg-image\">\n            <a class=\"blfe-post-grid-image-inner\" href=\"https:\/\/soymigrante.com\/revista\/vende-con-confianza-emprendedora-guatemalteca-en-chicago-ofrece-taller-gratuito-en-linea\/\" title=\"Vende con confianza: emprendedora guatemalteca en Chicago ofrece taller gratuito en l\u00ednea\" rel=\"nofollow\" target=\"_blank\"><img decoding=\"async\" src=\"https:\/\/soymigrante.com\/revista\/wp-content\/uploads\/2026\/01\/taller-emprendedora-jackie-de-Leon-guatemalteca-chicago.png\" alt=\"Vende con confianza: emprendedora guatemalteca en Chicago ofrece taller gratuito en l\u00ednea\"\/><\/a>        <\/div>\n                        <div class=\"blfe-post-grid-details\">\n                    <div class=\"blfe-post-grid-details-inner\">\n                        <span class=\"blfe-post-category\"><a href=\"https:\/\/soymigrante.com\/revista\/category\/estamos-unidos\/\">Estamos Unidos<\/a><\/span>                        <h3 class=\"blfe-post-grid-title\">\n            <a href=\"https:\/\/soymigrante.com\/revista\/vende-con-confianza-emprendedora-guatemalteca-en-chicago-ofrece-taller-gratuito-en-linea\/\" title=\"Vende con confianza: emprendedora guatemalteca en Chicago ofrece taller gratuito en l\u00ednea\" rel=\"nofollow\" target=\"_blank\">Vende con confianza: emprendedora guatemalteca en Chicago ofrece taller gratuito en l\u00ednea<\/a>\n            <\/h3>                                    <div class=\"blfe-post-grid-meta\">\n                <span class=\"blfe-post-grid-time\"><i class=\"fas fa-book-reader\"><\/i>4 Min read<\/span>            <\/div>\n                                                                                <\/div>\n                <\/div>\n\n            <\/div>\n        <\/div>\n                <div class=\"blfe-post-grid-item \">\n            <div class=\"blfe-post-grid-item-inner blfe-modern-zoom\">\n                        <div class=\"blfe-post-grid-bg-image\">\n            <a class=\"blfe-post-grid-image-inner\" href=\"https:\/\/soymigrante.com\/revista\/us4682-millones-suman-remesas-migrantes-en-primer-trimestre-2024\/\" title=\"US$4,682 millones suman remesas migrantes en primer trimestre 2024\" rel=\"nofollow\" target=\"_blank\"><img decoding=\"async\" src=\"https:\/\/soymigrante.com\/revista\/wp-content\/uploads\/2024\/04\/Captura-de-pantalla-2024-04-04-093445.webp\" alt=\"US$4,682 millones suman remesas migrantes en primer trimestre 2024\"\/><\/a>        <\/div>\n                        <div class=\"blfe-post-grid-details\">\n                    <div class=\"blfe-post-grid-details-inner\">\n                        <span class=\"blfe-post-category\"><a href=\"https:\/\/soymigrante.com\/revista\/category\/estamos-unidos\/\">Estamos Unidos<\/a><\/span>                        <h3 class=\"blfe-post-grid-title\">\n            <a href=\"https:\/\/soymigrante.com\/revista\/us4682-millones-suman-remesas-migrantes-en-primer-trimestre-2024\/\" title=\"US$4,682 millones suman remesas migrantes en primer trimestre 2024\" rel=\"nofollow\" target=\"_blank\">US$4,682 millones suman remesas migrantes en primer trimestre 2024<\/a>\n            <\/h3>                                    <div class=\"blfe-post-grid-meta\">\n                <span class=\"blfe-post-grid-time\"><i class=\"fas fa-book-reader\"><\/i>3 Min read<\/span>            <\/div>\n                                                                                <\/div>\n                <\/div>\n\n            <\/div>\n        <\/div>\n                <div class=\"blfe-post-grid-item \">\n            <div class=\"blfe-post-grid-item-inner blfe-modern-zoom\">\n                        <div class=\"blfe-post-grid-bg-image\">\n            <a class=\"blfe-post-grid-image-inner\" href=\"https:\/\/soymigrante.com\/revista\/union-fortaleza-y-alegria-en-el-desfile-de-la-herencia-hispana-en-queens-new-york\/\" title=\"Uni\u00f3n, fortaleza y alegr\u00eda en el Desfile de la Herencia Hispana en Queens, New York\" rel=\"nofollow\" target=\"_blank\"><img decoding=\"async\" src=\"https:\/\/soymigrante.com\/revista\/wp-content\/uploads\/2024\/09\/herencia-hispana-juan-valdez-1.webp\" alt=\"Uni\u00f3n, fortaleza y alegr\u00eda en el Desfile de la Herencia Hispana en Queens, New York\"\/><\/a>        <\/div>\n                        <div class=\"blfe-post-grid-details\">\n                    <div class=\"blfe-post-grid-details-inner\">\n                        <span class=\"blfe-post-category\"><a href=\"https:\/\/soymigrante.com\/revista\/category\/estamos-unidos\/lugar-de-voces\/\">Lugar de Voces<\/a><\/span>                        <h3 class=\"blfe-post-grid-title\">\n            <a href=\"https:\/\/soymigrante.com\/revista\/union-fortaleza-y-alegria-en-el-desfile-de-la-herencia-hispana-en-queens-new-york\/\" title=\"Uni\u00f3n, fortaleza y alegr\u00eda en el Desfile de la Herencia Hispana en Queens, New York\" rel=\"nofollow\" target=\"_blank\">Uni\u00f3n, fortaleza y alegr\u00eda en el Desfile de la Herencia Hispana en Queens, New York<\/a>\n            <\/h3>                                    <div class=\"blfe-post-grid-meta\">\n                <span class=\"blfe-post-grid-time\"><i class=\"fas fa-book-reader\"><\/i>4 Min read<\/span>            <\/div>\n                                                                                <\/div>\n                <\/div>\n\n            <\/div>\n        <\/div>\n                        <\/div>\n\n                        <\/div>\n            \n                        <div class=\"blfe-post-footer\">\n                        <\/div>\n            \t\t\t\t<\/div>\n\t\t\t\t<\/div>\n\t\t\t\t\t<\/div>\n\t\t\t\t<\/div>\n\t\t\t\t<\/div>\n\t\t","protected":false},"excerpt":{"rendered":"<p>Adelso Nolasco Puac es un migrante guatemalteco que tiene m\u00e1s de 20 a\u00f1os de vivir en Estados Unidos, pero su salud ahora es delicada por una enfermedad en el ri\u00f1\u00f3n. Esperanza, su esposa, trabaja doble para cubrir gastos. Esta es su historia. Adelso Nolasco Puac y Esperanza V\u00e1squez son unos migrantes guatemaltecos que hace m\u00e1s [&hellip;]<\/p>\n","protected":false},"author":19,"featured_media":8227,"comment_status":"open","ping_status":"open","sticky":false,"template":"","format":"standard","meta":{"_acf_changed":false,"_eb_attr":"","footnotes":""},"categories":[54],"tags":[],"class_list":["post-8224","post","type-post","status-publish","format-standard","has-post-thumbnail","hentry","category-estamos-unidos"],"acf":[],"aioseo_notices":[],"aioseo_head":"\n\t\t<!-- All in One SEO Pro 4.9.6.2 - aioseo.com -->\n\t<meta name=\"description\" content=\"Animador, conductor y conferencista guatemalteco Juan Valdez relata cfestejo hispano en el barrio de Queens, Nueva York, del que fue maestro de ceremonias.\" \/>\n\t<meta name=\"robots\" content=\"max-snippet:-1, max-image-preview:large, max-video-preview:-1\" \/>\n\t<meta name=\"author\" content=\"SoyMigrante.com REVISTA\"\/>\n\t<link rel=\"canonical\" href=\"https:\/\/soymigrante.com\/revista\/union-fortaleza-y-alegria-en-el-desfile-de-la-herencia-hispana-en-queens-new-york\/\" \/>\n\t<meta name=\"generator\" content=\"All in One SEO Pro (AIOSEO) 4.9.6.2\" \/>\n\n\t\t<link rel=\"preconnect\" href=\"https:\/\/fonts.googleapis.com\" crossorigin>\n<link rel=\"preconnect\" href=\"https:\/\/fonts.gstatic.com\" crossorigin>\n\t\t<meta property=\"og:locale\" content=\"es_ES\" \/>\n\t\t<meta property=\"og:site_name\" content=\"SoyMigrante.com REVISTA \u2013 Nuestra misi\u00f3n es reconocer y dignificar al migrante.\" \/>\n\t\t<meta property=\"og:type\" content=\"article\" \/>\n\t\t<meta property=\"og:title\" content=\"As\u00ed se vivi\u00f3 desfile de la Herencia Hispana en Queens NY\" \/>\n\t\t<meta property=\"og:description\" content=\"Animador, conductor y conferencista guatemalteco Juan Valdez relata cfestejo hispano en el barrio de Queens, Nueva York, del que fue maestro de ceremonias.\" \/>\n\t\t<meta property=\"og:url\" content=\"https:\/\/soymigrante.com\/revista\/union-fortaleza-y-alegria-en-el-desfile-de-la-herencia-hispana-en-queens-new-york\/\" \/>\n\t\t<meta property=\"og:image\" content=\"https:\/\/soymigrante.com\/revista\/wp-content\/uploads\/2024\/09\/herencia-hispana-juan-valdez-1.webp\" \/>\n\t\t<meta property=\"og:image:secure_url\" content=\"https:\/\/soymigrante.com\/revista\/wp-content\/uploads\/2024\/09\/herencia-hispana-juan-valdez-1.webp\" \/>\n\t\t<meta property=\"og:image:width\" content=\"591\" \/>\n\t\t<meta property=\"og:image:height\" content=\"591\" \/>\n\t\t<meta property=\"article:published_time\" content=\"2024-09-24T00:13:00+00:00\" \/>\n\t\t<meta property=\"article:modified_time\" content=\"2024-09-24T00:19:46+00:00\" \/>\n\t\t<meta property=\"article:publisher\" content=\"https:\/\/www.facebook.com\/soymigrantecom\" \/>\n\t\t<meta name=\"twitter:card\" content=\"summary_large_image\" \/>\n\t\t<meta name=\"twitter:site\" content=\"@SoyMigrante_com\" \/>\n\t\t<meta name=\"twitter:title\" content=\"As\u00ed se vivi\u00f3 desfile de la Herencia Hispana en Queens NY\" \/>\n\t\t<meta name=\"twitter:description\" content=\"Animador, conductor y conferencista guatemalteco Juan Valdez relata cfestejo hispano en el barrio de Queens, Nueva York, del que fue maestro de ceremonias.\" \/>\n\t\t<meta name=\"twitter:creator\" content=\"@SoyMigrante_com\" \/>\n\t\t<meta name=\"twitter:image\" content=\"https:\/\/soymigrante.com\/revista\/wp-content\/uploads\/2024\/09\/herencia-hispana-juan-valdez-1.webp\" \/>\n\t\t<!-- All in One SEO Pro -->\r\n\t\t<title>As\u00ed se vivi\u00f3 desfile de la Herencia Hispana en Queens NY<\/title>\n\n","aioseo_head_json":{"title":"As\u00ed se vivi\u00f3 desfile de la Herencia Hispana en Queens NY","description":"Animador, conductor y conferencista guatemalteco Juan Valdez relata cfestejo hispano en el barrio de Queens, Nueva York, del que fue maestro de ceremonias.","canonical_url":"https:\/\/soymigrante.com\/revista\/union-fortaleza-y-alegria-en-el-desfile-de-la-herencia-hispana-en-queens-new-york\/","robots":"max-snippet:-1, max-image-preview:large, max-video-preview:-1","keywords":"","webmasterTools":{"miscellaneous":"&lt;link rel=\"preconnect\" href=\"https:\/\/fonts.googleapis.com\" crossorigin&gt;\n&lt;link rel=\"preconnect\" href=\"https:\/\/fonts.gstatic.com\" crossorigin&gt;"},"schema":null,"og:locale":"es_ES","og:site_name":"SoyMigrante.com REVISTA \u2013 Nuestra misi\u00f3n es reconocer y dignificar al migrante.","og:type":"article","og:title":"As\u00ed se vivi\u00f3 desfile de la Herencia Hispana en Queens NY","og:description":"Animador, conductor y conferencista guatemalteco Juan Valdez relata cfestejo hispano en el barrio de Queens, Nueva York, del que fue maestro de ceremonias.","og:url":"https:\/\/soymigrante.com\/revista\/union-fortaleza-y-alegria-en-el-desfile-de-la-herencia-hispana-en-queens-new-york\/","og:image":"https:\/\/soymigrante.com\/revista\/wp-content\/uploads\/2024\/09\/herencia-hispana-juan-valdez-1.webp","og:image:secure_url":"https:\/\/soymigrante.com\/revista\/wp-content\/uploads\/2024\/09\/herencia-hispana-juan-valdez-1.webp","og:image:width":591,"og:image:height":591,"article:published_time":"2024-09-24T00:13:00+00:00","article:modified_time":"2024-09-24T00:19:46+00:00","article:publisher":"https:\/\/www.facebook.com\/soymigrantecom","twitter:card":"summary_large_image","twitter:site":"@SoyMigrante_com","twitter:title":"As\u00ed se vivi\u00f3 desfile de la Herencia Hispana en Queens NY","twitter:description":"Animador, conductor y conferencista guatemalteco Juan Valdez relata cfestejo hispano en el barrio de Queens, Nueva York, del que fue maestro de ceremonias.","twitter:creator":"@SoyMigrante_com","twitter:image":"https:\/\/soymigrante.com\/revista\/wp-content\/uploads\/2024\/09\/herencia-hispana-juan-valdez-1.webp"},"aioseo_meta_data":{"post_id":"8224","title":null,"description":null,"keywords":null,"keyphrases":{"focus":{"keyphrase":"Migrantes guatemaltecos","score":69,"analysis":{"keyphraseInTitle":{"score":9,"maxScore":9,"error":0},"keyphraseInDescription":{"score":9,"maxScore":9,"error":0},"keyphraseLength":{"score":9,"maxScore":9,"error":0,"length":2},"keyphraseInURL":{"score":5,"maxScore":5,"error":0},"keyphraseInIntroduction":{"score":9,"maxScore":9,"error":0},"keyphraseInSubHeadings":{"score":3,"maxScore":9,"error":1},"keyphraseInImageAlt":{"score":3,"maxScore":9,"error":1},"keywordDensity":{"score":0,"type":"low","maxScore":9,"error":1}}},"additional":[{"keyphrase":"Migrantes guatemaltecos","score":67,"analysis":{"keyphraseInDescription":{"score":9,"maxScore":9,"error":0},"keyphraseLength":{"score":9,"maxScore":9,"error":0,"length":2},"keyphraseInIntroduction":{"score":9,"maxScore":9,"error":0},"keyphraseInImageAlt":{"score":3,"maxScore":9,"error":1},"keywordDensity":{"score":0,"type":"low","maxScore":9,"error":1}}}]},"primary_term":null,"canonical_url":null,"og_title":null,"og_description":null,"og_object_type":"default","og_image_type":"default","og_image_url":null,"og_image_width":null,"og_image_height":null,"og_image_custom_url":null,"og_image_custom_fields":null,"og_video":"","og_custom_url":null,"og_article_section":null,"og_article_tags":null,"twitter_use_og":false,"twitter_card":"default","twitter_image_type":"default","twitter_image_url":null,"twitter_image_custom_url":null,"twitter_image_custom_fields":null,"twitter_title":null,"twitter_description":null,"schema":{"blockGraphs":[],"customGraphs":[],"default":{"data":{"Article":[],"Course":[],"Dataset":[],"FAQPage":[],"Movie":[],"Person":[],"Product":[],"ProductReview":[],"Car":[],"Recipe":[],"Service":[],"SoftwareApplication":[],"WebPage":[]},"graphName":"Article","isEnabled":true},"graphs":[]},"schema_type":"default","schema_type_options":null,"pillar_content":false,"robots_default":true,"robots_noindex":false,"robots_noarchive":false,"robots_nosnippet":false,"robots_nofollow":false,"robots_noimageindex":false,"robots_noodp":false,"robots_notranslate":false,"robots_max_snippet":"-1","robots_max_videopreview":"-1","robots_max_imagepreview":"large","priority":null,"frequency":"default","local_seo":null,"seo_analyzer_scan_date":"2025-10-08 22:38:18","breadcrumb_settings":null,"limit_modified_date":false,"reviewed_by":null,"open_ai":"{\"title\":{\"suggestions\":[],\"usage\":0},\"description\":{\"suggestions\":[],\"usage\":0}}","ai":null,"created":"2024-08-21 00:27:43","updated":"2026-02-04 12:43:52"},"aioseo_breadcrumb":"<div class=\"aioseo-breadcrumbs\"><span class=\"aioseo-breadcrumb\">\n\t<a href=\"https:\/\/soymigrante.com\/revista\" title=\"Home\">Home<\/a>\n<\/span><span class=\"aioseo-breadcrumb-separator\">\u00bb<\/span><span class=\"aioseo-breadcrumb\">\n\t<a href=\"https:\/\/soymigrante.com\/revista\/category\/estamos-unidos\/\" title=\"Estamos Unidos\">Estamos Unidos<\/a>\n<\/span><span class=\"aioseo-breadcrumb-separator\">\u00bb<\/span><span class=\"aioseo-breadcrumb\">\n\tEsposos migrantes guatemaltecos en Georgia buscan ayuda\u2026 y un ri\u00f1\u00f3n\n<\/span><\/div>","aioseo_breadcrumb_json":[{"label":"Home","link":"https:\/\/soymigrante.com\/revista"},{"label":"Estamos Unidos","link":"https:\/\/soymigrante.com\/revista\/category\/estamos-unidos\/"},{"label":"Esposos migrantes guatemaltecos en Georgia buscan ayuda&#8230; y un ri\u00f1\u00f3n","link":"https:\/\/soymigrante.com\/revista\/migrantes-guatemaltecos-en-georgia-buscan-ayuda-y-consuelo\/"}],"_links":{"self":[{"href":"https:\/\/soymigrante.com\/revista\/wp-json\/wp\/v2\/posts\/8224","targetHints":{"allow":["GET"]}}],"collection":[{"href":"https:\/\/soymigrante.com\/revista\/wp-json\/wp\/v2\/posts"}],"about":[{"href":"https:\/\/soymigrante.com\/revista\/wp-json\/wp\/v2\/types\/post"}],"author":[{"embeddable":true,"href":"https:\/\/soymigrante.com\/revista\/wp-json\/wp\/v2\/users\/19"}],"replies":[{"embeddable":true,"href":"https:\/\/soymigrante.com\/revista\/wp-json\/wp\/v2\/comments?post=8224"}],"version-history":[{"count":0,"href":"https:\/\/soymigrante.com\/revista\/wp-json\/wp\/v2\/posts\/8224\/revisions"}],"wp:featuredmedia":[{"embeddable":true,"href":"https:\/\/soymigrante.com\/revista\/wp-json\/wp\/v2\/media\/8227"}],"wp:attachment":[{"href":"https:\/\/soymigrante.com\/revista\/wp-json\/wp\/v2\/media?parent=8224"}],"wp:term":[{"taxonomy":"category","embeddable":true,"href":"https:\/\/soymigrante.com\/revista\/wp-json\/wp\/v2\/categories?post=8224"},{"taxonomy":"post_tag","embeddable":true,"href":"https:\/\/soymigrante.com\/revista\/wp-json\/wp\/v2\/tags?post=8224"}],"curies":[{"name":"wp","href":"https:\/\/api.w.org\/{rel}","templated":true}]}}