{"id":8178,"date":"2024-08-26T11:24:32","date_gmt":"2024-08-26T17:24:32","guid":{"rendered":"https:\/\/soymigrante.com\/revista\/?p=8178"},"modified":"2024-11-01T01:42:15","modified_gmt":"2024-11-01T07:42:15","slug":"festival-chapin-de-los-angeles-2024-sera-encuentro-de-hermandad-y-tradicion","status":"publish","type":"post","link":"https:\/\/soymigrante.com\/revista\/festival-chapin-de-los-angeles-2024-sera-encuentro-de-hermandad-y-tradicion\/","title":{"rendered":"M\u00e1s de 25 mil asistentes llegaron al Festival Chapin de Los Angeles 2024"},"content":{"rendered":"\t\t<div data-elementor-type=\"wp-post\" data-elementor-id=\"8178\" class=\"elementor elementor-8178\" data-elementor-post-type=\"post\">\n\t\t\t\t<div data-particle_enable=\"false\" data-particle-mobile-disabled=\"false\" class=\"elementor-element elementor-element-1db9534 e-flex e-con-boxed e-con e-parent\" data-id=\"1db9534\" data-element_type=\"container\" data-e-type=\"container\">\n\t\t\t\t\t<div class=\"e-con-inner\">\n\t\t\t\t<div class=\"elementor-element elementor-element-f124a00 elementor-widget elementor-widget-heading\" data-id=\"f124a00\" data-element_type=\"widget\" data-e-type=\"widget\" data-widget_type=\"heading.default\">\n\t\t\t\t\t<h2 class=\"elementor-heading-title elementor-size-default\">El Festival Chap\u00edn de Los Angeles es un lugar de encuentro, en el inicio de la Semana del Guatemalteco, declarada por dicha ciudad estadounidense. M\u00fasica, artesan\u00eda y mucha hermandad se vivi\u00f3 en el parque Lafayette.<\/h2>\t\t\t\t<\/div>\n\t\t\t\t\t<\/div>\n\t\t\t\t<\/div>\n\t\t<div data-particle_enable=\"false\" data-particle-mobile-disabled=\"false\" class=\"elementor-element elementor-element-b4a7deb e-flex e-con-boxed e-con e-parent\" data-id=\"b4a7deb\" data-element_type=\"container\" data-e-type=\"container\">\n\t\t\t\t\t<div class=\"e-con-inner\">\n\t\t\t\t<div class=\"elementor-element elementor-element-eadbd55 elementor-widget elementor-widget-text-editor\" data-id=\"eadbd55\" data-element_type=\"widget\" data-e-type=\"widget\" data-widget_type=\"text-editor.default\">\n\t\t\t\t\t\t\t\t\t<p>El Festival Chap\u00edn Los \u00c1ngeles es el festival guatemalteco\u00a0 que abre la semana dedicada a Guatemala y fue un encuentro masivo de hermandad. Los organizadores reportan una afluencia de 25 mil personas durante el sabado 24 y domingo 25 de agosto \u00faltimos.<\/p><p>Conciertos de marimba y artistas guatemaltecos presidieron el escenario. La nostalgia, el sentido de uni\u00f3n y la exaltaci\u00f3n de valores chapines fueron la constante a lo largo de ambas jornadas.\u00a0<\/p>\t\t\t\t\t\t\t\t<\/div>\n\t\t\t\t\t<\/div>\n\t\t\t\t<\/div>\n\t\t<div data-particle_enable=\"false\" data-particle-mobile-disabled=\"false\" class=\"elementor-element elementor-element-6617244 e-flex e-con-boxed e-con e-parent\" data-id=\"6617244\" data-element_type=\"container\" data-e-type=\"container\">\n\t\t\t\t\t<div class=\"e-con-inner\">\n\t\t\t\t<div class=\"elementor-element elementor-element-11103ca elementor-widget elementor-widget-facebook-embed\" data-id=\"11103ca\" data-element_type=\"widget\" data-e-type=\"widget\" data-widget_type=\"facebook-embed.default\">\n\t\t\t\t\t<div style=\"min-height: 1px\" class=\"elementor-facebook-widget fb-video\" data-href=\"https:\/\/www.facebook.com\/cesarreyesoficial\/videos\/493582660281650\" data-show-text=\"false\" data-allowfullscreen=\"false\" data-autoplay=\"false\" data-show-captions=\"false\"><\/div>\t\t\t\t<\/div>\n\t\t\t\t\t<\/div>\n\t\t\t\t<\/div>\n\t\t<div data-particle_enable=\"false\" data-particle-mobile-disabled=\"false\" class=\"elementor-element elementor-element-721bf65 e-flex e-con-boxed e-con e-parent\" data-id=\"721bf65\" data-element_type=\"container\" data-e-type=\"container\">\n\t\t\t\t\t<div class=\"e-con-inner\">\n\t\t\t\t<div class=\"elementor-element elementor-element-c3b514b elementor-widget elementor-widget-heading\" data-id=\"c3b514b\" data-element_type=\"widget\" data-e-type=\"widget\" data-widget_type=\"heading.default\">\n\t\t\t\t\t<h3 class=\"elementor-heading-title elementor-size-default\">Fiesta guatemalteca<\/h3>\t\t\t\t<\/div>\n\t\t\t\t\t<\/div>\n\t\t\t\t<\/div>\n\t\t<div data-particle_enable=\"false\" data-particle-mobile-disabled=\"false\" class=\"elementor-element elementor-element-73ed338 e-flex e-con-boxed e-con e-parent\" data-id=\"73ed338\" data-element_type=\"container\" data-e-type=\"container\">\n\t\t\t\t\t<div class=\"e-con-inner\">\n\t\t\t\t<div class=\"elementor-element elementor-element-7cfa2b9 elementor-widget elementor-widget-text-editor\" data-id=\"7cfa2b9\" data-element_type=\"widget\" data-e-type=\"widget\" data-widget_type=\"text-editor.default\">\n\t\t\t\t\t\t\t\t\t<p><span style=\"color: var( --e-global-color-text ); text-align: var(--text-align);\">&#8220;Como expectador y en representaci\u00f3n de la Asociaci\u00f3n Guatemaltecos en Oklahoma felicito a los organizadores&#8221;, expres\u00f3 el migrante guatemalteco C\u00e9sar Reyes, quien transmiti\u00f3 algunos de los momentos clave de la actividad, como el ingreso de la Bandera Nacional y la entonaci\u00f3n del Himno Nacional.<\/span><\/p><p><span style=\"color: var( --e-global-color-text ); text-align: var(--text-align);\">\u00a0<\/span><span style=\"color: var( --e-global-color-text ); text-align: var(--text-align);\">&#8220;Festival Chap\u00edn Los Angeles es una organizaci\u00f3n sin fines de lucro con sede en California dedicada a promover el arte y la cultura guatemalteca. Su misi\u00f3n es brindar recursos a instituciones educativas en Guatemala para apoyar la educaci\u00f3n, la salud y el bienestar de los ni\u00f1os de bajos ingresos en el pa\u00eds&#8221;, mencion\u00f3 Walter Rosales, presidente de la organizaci\u00f3n. en los d\u00edas previos al evento.<\/span><\/p><p><span style=\"color: var( --e-global-color-text ); text-align: var(--text-align);\">Esto se reflej\u00f3 perfecamente en cada instante, as\u00ed como el orgullo de ser guatemaltecos.<\/span><\/p>\t\t\t\t\t\t\t\t<\/div>\n\t\t\t\t\t<\/div>\n\t\t\t\t<\/div>\n\t\t<div data-particle_enable=\"false\" data-particle-mobile-disabled=\"false\" class=\"elementor-element elementor-element-954a099 e-flex e-con-boxed e-con e-parent\" data-id=\"954a099\" data-element_type=\"container\" data-e-type=\"container\">\n\t\t\t\t\t<div class=\"e-con-inner\">\n\t\t\t\t<div class=\"elementor-element elementor-element-dc7ce4e elementor-widget elementor-widget-facebook-embed\" data-id=\"dc7ce4e\" data-element_type=\"widget\" data-e-type=\"widget\" data-widget_type=\"facebook-embed.default\">\n\t\t\t\t\t<div style=\"min-height: 1px\" class=\"elementor-facebook-widget fb-video\" data-href=\"https:\/\/www.facebook.com\/festivalchapinla\/videos\/450433117996801\" data-show-text=\"false\" data-allowfullscreen=\"false\" data-autoplay=\"false\" data-show-captions=\"false\"><\/div>\t\t\t\t<\/div>\n\t\t\t\t\t<\/div>\n\t\t\t\t<\/div>\n\t\t<div data-particle_enable=\"false\" data-particle-mobile-disabled=\"false\" class=\"elementor-element elementor-element-d71b65b e-flex e-con-boxed e-con e-parent\" data-id=\"d71b65b\" data-element_type=\"container\" data-e-type=\"container\">\n\t\t\t\t\t<div class=\"e-con-inner\">\n\t\t\t\t<div class=\"elementor-element elementor-element-d546a2f elementor-widget elementor-widget-text-editor\" data-id=\"d546a2f\" data-element_type=\"widget\" data-e-type=\"widget\" data-widget_type=\"text-editor.default\">\n\t\t\t\t\t\t\t\t\t<p>Festival Chap\u00edn Los \u00c1ngeles est\u00e1 organizado por Walter A. Rosales (Presidente), Jorge M. Marroqu\u00edn (Director) y Ernesto Castellanos (Director).<\/p>\n<p>El Festival Chap\u00edn Los \u00c1ngeles atrae anualmente a una audiencia multicultural del sur de California, pero tambi\u00e9n se espera la llegada de connacoinales de todo el Estado y de Estados vecinos.<\/p>\n<p>A\u00f1o con a\u00f1o convoc\u00f3 a grupos art\u00edsticos, representativos tradicionales de las identidades culturales del pa\u00eds, as\u00ed como a comerciantes que deseen ofrecer productos chapines a los compatriotas. El pr\u00f3ximo festival ser\u00e1 el 30 de agosto de 2025.<\/p>\t\t\t\t\t\t\t\t<\/div>\n\t\t\t\t\t<\/div>\n\t\t\t\t<\/div>\n\t\t<div data-particle_enable=\"false\" data-particle-mobile-disabled=\"false\" class=\"elementor-element elementor-element-a835088 e-flex e-con-boxed e-con e-parent\" data-id=\"a835088\" data-element_type=\"container\" data-e-type=\"container\">\n\t\t\t\t\t<div class=\"e-con-inner\">\n\t\t\t\t<div class=\"elementor-element elementor-element-65a5fd4 elementor-widget elementor-widget-facebook-embed\" data-id=\"65a5fd4\" data-element_type=\"widget\" data-e-type=\"widget\" data-widget_type=\"facebook-embed.default\">\n\t\t\t\t\t<div style=\"min-height: 1px\" class=\"elementor-facebook-widget fb-video\" data-href=\"https:\/\/www.facebook.com\/festivalchapinla\/videos\/1645820542817080\" data-show-text=\"false\" data-allowfullscreen=\"false\" data-autoplay=\"false\" data-show-captions=\"false\"><\/div>\t\t\t\t<\/div>\n\t\t\t\t\t<\/div>\n\t\t\t\t<\/div>\n\t\t<div data-particle_enable=\"false\" data-particle-mobile-disabled=\"false\" class=\"elementor-element elementor-element-4e42049 e-flex e-con-boxed e-con e-parent\" data-id=\"4e42049\" data-element_type=\"container\" data-e-type=\"container\">\n\t\t\t\t\t<div class=\"e-con-inner\">\n\t\t\t\t<div class=\"elementor-element elementor-element-55bd2d9 elementor-widget elementor-widget-text-editor\" data-id=\"55bd2d9\" data-element_type=\"widget\" data-e-type=\"widget\" data-widget_type=\"text-editor.default\">\n\t\t\t\t\t\t\t\t\t<p><strong>La entrada fue gratuita<\/strong> y hubo venta de comida tradicional, bebidas, art\u00edculos de arte y artesan\u00eda disponibles para comprar.\u00a0<span style=\"color: var( --e-global-color-text ); text-align: var(--text-align);\">El evento se demostr\u00f3 como un punto de encuentro familiar con lo cual cumpli\u00f3 el cometido de reunir a los guatemaltecos de todas edades.\u00a0<\/span><\/p>\t\t\t\t\t\t\t\t<\/div>\n\t\t\t\t\t<\/div>\n\t\t\t\t<\/div>\n\t\t<div data-particle_enable=\"false\" data-particle-mobile-disabled=\"false\" class=\"elementor-element elementor-element-10487e1 e-flex e-con-boxed e-con e-parent\" data-id=\"10487e1\" data-element_type=\"container\" data-e-type=\"container\">\n\t\t\t\t\t<div class=\"e-con-inner\">\n\t\t\t\t<div class=\"elementor-element elementor-element-c0b73f0 elementor-widget elementor-widget-heading\" data-id=\"c0b73f0\" data-element_type=\"widget\" data-e-type=\"widget\" data-widget_type=\"heading.default\">\n\t\t\t\t\t<h3 class=\"elementor-heading-title elementor-size-default\">\u00bfD\u00f3nde fue el Festival Chap\u00edn guatemalteco 2024?<\/h3>\t\t\t\t<\/div>\n\t\t\t\t\t<\/div>\n\t\t\t\t<\/div>\n\t\t<div data-particle_enable=\"false\" data-particle-mobile-disabled=\"false\" class=\"elementor-element elementor-element-80614ea e-flex e-con-boxed e-con e-parent\" data-id=\"80614ea\" data-element_type=\"container\" data-e-type=\"container\">\n\t\t\t\t\t<div class=\"e-con-inner\">\n\t\t\t\t<div class=\"elementor-element elementor-element-8d31a99 elementor-widget elementor-widget-text-editor\" data-id=\"8d31a99\" data-element_type=\"widget\" data-e-type=\"widget\" data-widget_type=\"text-editor.default\">\n\t\t\t\t\t\t\t\t\t<p>Se llev\u00f3 a cabo en el<strong> parque Lafayette<\/strong> est\u00e1 ubicado en 625 S. Lafayette Park Pl., Los \u00c1ngeles, CA 90057.<\/p>\t\t\t\t\t\t\t\t<\/div>\n\t\t\t\t\t<\/div>\n\t\t\t\t<\/div>\n\t\t<div data-particle_enable=\"false\" data-particle-mobile-disabled=\"false\" class=\"elementor-element elementor-element-b1ee277 e-flex e-con-boxed e-con e-parent\" data-id=\"b1ee277\" data-element_type=\"container\" data-e-type=\"container\">\n\t\t\t\t\t<div class=\"e-con-inner\">\n\t\t\t\t<div class=\"elementor-element elementor-element-620682b elementor-widget elementor-widget-google_maps\" data-id=\"620682b\" data-element_type=\"widget\" data-e-type=\"widget\" data-widget_type=\"google_maps.default\">\n\t\t\t\t\t\t\t<div class=\"elementor-custom-embed\">\n\t\t\t<iframe loading=\"lazy\"\n\t\t\t\t\tsrc=\"https:\/\/maps.google.com\/maps?q=parque%20lafayette&#038;t=m&#038;z=10&#038;output=embed&#038;iwloc=near\"\n\t\t\t\t\ttitle=\"parque lafayette\"\n\t\t\t\t\taria-label=\"parque lafayette\"\n\t\t\t><\/iframe>\n\t\t<\/div>\n\t\t\t\t\t\t<\/div>\n\t\t\t\t\t<\/div>\n\t\t\t\t<\/div>\n\t\t<div data-particle_enable=\"false\" data-particle-mobile-disabled=\"false\" class=\"elementor-element elementor-element-b4aa82d e-flex e-con-boxed e-con e-parent\" data-id=\"b4aa82d\" data-element_type=\"container\" data-e-type=\"container\">\n\t\t\t\t\t<div class=\"e-con-inner\">\n\t\t\t\t<div class=\"elementor-element elementor-element-d829c75 elementor-widget elementor-widget-heading\" data-id=\"d829c75\" data-element_type=\"widget\" data-e-type=\"widget\" data-widget_type=\"heading.default\">\n\t\t\t\t\t<h2 class=\"elementor-heading-title elementor-size-default\">Si\u00e9ntete orgulloso de Guatemala ac\u00e1...<\/h2>\t\t\t\t<\/div>\n\t\t\t\t\t<\/div>\n\t\t\t\t<\/div>\n\t\t<div data-particle_enable=\"false\" data-particle-mobile-disabled=\"false\" class=\"elementor-element elementor-element-b84875a e-flex e-con-boxed e-con e-parent\" data-id=\"b84875a\" data-element_type=\"container\" data-e-type=\"container\">\n\t\t\t\t\t<div class=\"e-con-inner\">\n\t\t\t\t<div class=\"elementor-element elementor-element-6608e60 elementor-widget elementor-widget-blfe-post-grid\" data-id=\"6608e60\" data-element_type=\"widget\" data-e-type=\"widget\" data-settings=\"{&quot;columns&quot;:&quot;3&quot;,&quot;columns_tablet&quot;:&quot;6&quot;,&quot;columns_mobile&quot;:&quot;12&quot;,&quot;hero2_navigation&quot;:&quot;arrows&quot;,&quot;hero2_layout_column_gap&quot;:{&quot;unit&quot;:&quot;px&quot;,&quot;size&quot;:5,&quot;sizes&quot;:[]},&quot;hero2_layout_column_gap_tablet&quot;:{&quot;unit&quot;:&quot;px&quot;,&quot;size&quot;:&quot;&quot;,&quot;sizes&quot;:[]},&quot;hero2_layout_column_gap_mobile&quot;:{&quot;unit&quot;:&quot;px&quot;,&quot;size&quot;:&quot;&quot;,&quot;sizes&quot;:[]},&quot;hero2_layout_row_gap&quot;:{&quot;unit&quot;:&quot;px&quot;,&quot;size&quot;:5,&quot;sizes&quot;:[]},&quot;hero2_layout_row_gap_tablet&quot;:{&quot;unit&quot;:&quot;px&quot;,&quot;size&quot;:&quot;&quot;,&quot;sizes&quot;:[]},&quot;hero2_layout_row_gap_mobile&quot;:{&quot;unit&quot;:&quot;px&quot;,&quot;size&quot;:&quot;&quot;,&quot;sizes&quot;:[]}}\" data-widget_type=\"blfe-post-grid.hero2\">\n\t\t\t\t<div class=\"elementor-widget-container\">\n\t\t\t\t\t\n                        <div class=\"blfe-post-grid-container \">\n            \n                <div data-skin=\"hero2\" class=\"blfe-row blfe-posts-inner blfe-hero2 blfe-posts-inner blfe-col-3 blfe-col-tab-6 blfe-col-mob-12     \">\n                            <div class=\"blfe-post-grid-item \">\n            <div class=\"blfe-post-grid-item-inner blfe-modern-zoom\">\n                        <div class=\"blfe-post-grid-bg-image\">\n            <a class=\"blfe-post-grid-image-inner\" href=\"https:\/\/soymigrante.com\/revista\/estrategias-para-fidelizar-clientes-pequenas-acciones-que-te-ayudaran-en-el-comercio-digital\/\" title=\"Estrategias para fidelizar clientes: peque\u00f1as acciones que te ayudar\u00e1n en el comercio digital\" rel=\"nofollow\" target=\"_blank\"><img decoding=\"async\" src=\"https:\/\/soymigrante.com\/revista\/wp-content\/uploads\/2026\/04\/vendedora-soymigrantecom-emprendimiento-emprendedora-comercio-digital.png\" alt=\"Estrategias para fidelizar clientes: peque\u00f1as acciones que te ayudar\u00e1n en el comercio digital\"\/><\/a>        <\/div>\n                        <div class=\"blfe-post-grid-details\">\n                    <div class=\"blfe-post-grid-details-inner\">\n                        <span class=\"blfe-post-category\"><a href=\"https:\/\/soymigrante.com\/revista\/category\/bienestar\/\">Bienestar<\/a><\/span>                        <h3 class=\"blfe-post-grid-title\">\n            <a href=\"https:\/\/soymigrante.com\/revista\/estrategias-para-fidelizar-clientes-pequenas-acciones-que-te-ayudaran-en-el-comercio-digital\/\" title=\"Estrategias para fidelizar clientes: peque\u00f1as acciones que te ayudar\u00e1n en el comercio digital\" rel=\"nofollow\" target=\"_blank\">Estrategias para fidelizar clientes: peque\u00f1as acciones que te ayudar\u00e1n en el comercio digital<\/a>\n            <\/h3>                                    <div class=\"blfe-post-grid-meta\">\n                <span class=\"blfe-post-grid-time\"><i class=\"fas fa-book-reader\"><\/i>5 Min read<\/span>            <\/div>\n                                                                                <\/div>\n                <\/div>\n\n            <\/div>\n        <\/div>\n                <div class=\"blfe-post-grid-item \">\n            <div class=\"blfe-post-grid-item-inner blfe-modern-zoom\">\n                        <div class=\"blfe-post-grid-bg-image\">\n            <a class=\"blfe-post-grid-image-inner\" href=\"https:\/\/soymigrante.com\/revista\/violencia-intrafamiliar-domestica-se-debe-reconocer-y-denunciar-donde-obtener-ayuda-en-estados-unidos\/\" title=\"Violencia intrafamiliar se debe reconocer,  denunciar y frenar \u00bfD\u00f3nde obtener ayuda en Estados Unidos?\" rel=\"nofollow\" target=\"_blank\"><img decoding=\"async\" src=\"https:\/\/soymigrante.com\/revista\/wp-content\/uploads\/2026\/04\/frenar-violencia-domestica-estados-unidos.png\" alt=\"Violencia intrafamiliar se debe reconocer,  denunciar y frenar \u00bfD\u00f3nde obtener ayuda en Estados Unidos?\"\/><\/a>        <\/div>\n                        <div class=\"blfe-post-grid-details\">\n                    <div class=\"blfe-post-grid-details-inner\">\n                        <span class=\"blfe-post-category\"><a href=\"https:\/\/soymigrante.com\/revista\/category\/bienestar\/en-familia\/\">En Familia<\/a><\/span>                        <h3 class=\"blfe-post-grid-title\">\n            <a href=\"https:\/\/soymigrante.com\/revista\/violencia-intrafamiliar-domestica-se-debe-reconocer-y-denunciar-donde-obtener-ayuda-en-estados-unidos\/\" title=\"Violencia intrafamiliar se debe reconocer,  denunciar y frenar \u00bfD\u00f3nde obtener ayuda en Estados Unidos?\" rel=\"nofollow\" target=\"_blank\">Violencia intrafamiliar se debe reconocer,  denunciar y frenar \u00bfD\u00f3nde obtener ayuda en Estados Unidos?<\/a>\n            <\/h3>                                    <div class=\"blfe-post-grid-meta\">\n                <span class=\"blfe-post-grid-time\"><i class=\"fas fa-book-reader\"><\/i>5 Min read<\/span>            <\/div>\n                                                                                <\/div>\n                <\/div>\n\n            <\/div>\n        <\/div>\n                <div class=\"blfe-post-grid-item \">\n            <div class=\"blfe-post-grid-item-inner blfe-modern-zoom\">\n                        <div class=\"blfe-post-grid-bg-image\">\n            <a class=\"blfe-post-grid-image-inner\" href=\"https:\/\/soymigrante.com\/revista\/claves-sobre-primeros-auxilios-psicologicos-para-ayudar-a-alguien-agobiado-por-dolor-miedo-o-angustia\/\" title=\"Claves sobre Primeros Auxilios Psicol\u00f3gicos para ayudar a alguien agobiado por dolor, miedo o angustia\" rel=\"nofollow\" target=\"_blank\"><img decoding=\"async\" src=\"https:\/\/soymigrante.com\/revista\/wp-content\/uploads\/2026\/04\/primeros-auxilios-emocionales.png\" alt=\"Claves sobre Primeros Auxilios Psicol\u00f3gicos para ayudar a alguien agobiado por dolor, miedo o angustia\"\/><\/a>        <\/div>\n                        <div class=\"blfe-post-grid-details\">\n                    <div class=\"blfe-post-grid-details-inner\">\n                        <span class=\"blfe-post-category\"><a href=\"https:\/\/soymigrante.com\/revista\/category\/bienestar\/salud-emocional\/\">Salud Emocional<\/a><\/span>                        <h3 class=\"blfe-post-grid-title\">\n            <a href=\"https:\/\/soymigrante.com\/revista\/claves-sobre-primeros-auxilios-psicologicos-para-ayudar-a-alguien-agobiado-por-dolor-miedo-o-angustia\/\" title=\"Claves sobre Primeros Auxilios Psicol\u00f3gicos para ayudar a alguien agobiado por dolor, miedo o angustia\" rel=\"nofollow\" target=\"_blank\">Claves sobre Primeros Auxilios Psicol\u00f3gicos para ayudar a alguien agobiado por dolor, miedo o angustia<\/a>\n            <\/h3>                                    <div class=\"blfe-post-grid-meta\">\n                <span class=\"blfe-post-grid-time\"><i class=\"fas fa-book-reader\"><\/i>6 Min read<\/span>            <\/div>\n                                                                                <\/div>\n                <\/div>\n\n            <\/div>\n        <\/div>\n                <div class=\"blfe-post-grid-item \">\n            <div class=\"blfe-post-grid-item-inner blfe-modern-zoom\">\n                        <div class=\"blfe-post-grid-bg-image\">\n            <a class=\"blfe-post-grid-image-inner\" href=\"https:\/\/soymigrante.com\/revista\/horario-de-verano-2026-en-usa-cuando-comenzo-y-hasta-cuando-dura\/\" title=\"Horario de verano 2026 en USA: \u00bfCu\u00e1ndo comenz\u00f3 y hasta cuando dura?\" rel=\"nofollow\" target=\"_blank\"><img decoding=\"async\" src=\"https:\/\/soymigrante.com\/revista\/wp-content\/uploads\/2026\/03\/horario-de-verano-estados-unidos-2.png\" alt=\"Horario de verano 2026 en USA: \u00bfCu\u00e1ndo comenz\u00f3 y hasta cuando dura?\"\/><\/a>        <\/div>\n                        <div class=\"blfe-post-grid-details\">\n                    <div class=\"blfe-post-grid-details-inner\">\n                        <span class=\"blfe-post-category\"><a href=\"https:\/\/soymigrante.com\/revista\/category\/bienestar\/\">Bienestar<\/a><\/span>                        <h3 class=\"blfe-post-grid-title\">\n            <a href=\"https:\/\/soymigrante.com\/revista\/horario-de-verano-2026-en-usa-cuando-comenzo-y-hasta-cuando-dura\/\" title=\"Horario de verano 2026 en USA: \u00bfCu\u00e1ndo comenz\u00f3 y hasta cuando dura?\" rel=\"nofollow\" target=\"_blank\">Horario de verano 2026 en USA: \u00bfCu\u00e1ndo comenz\u00f3 y hasta cuando dura?<\/a>\n            <\/h3>                                    <div class=\"blfe-post-grid-meta\">\n                <span class=\"blfe-post-grid-time\"><i class=\"fas fa-book-reader\"><\/i>3 Min read<\/span>            <\/div>\n                                                                                <\/div>\n                <\/div>\n\n            <\/div>\n        <\/div>\n                <div class=\"blfe-post-grid-item \">\n            <div class=\"blfe-post-grid-item-inner blfe-modern-zoom\">\n                        <div class=\"blfe-post-grid-bg-image\">\n            <a class=\"blfe-post-grid-image-inner\" href=\"https:\/\/soymigrante.com\/revista\/piramide-nutricional-sugerencia-chef-guatemalteca-amalia-moreno-damgaard-minesota\/\" title=\"Chef guatemalteca Amalia Moreno-Damgaard, en Minesota, comparte su concepto de pir\u00e1mide nutricional\" rel=\"nofollow\" target=\"_blank\"><img decoding=\"async\" src=\"https:\/\/soymigrante.com\/revista\/wp-content\/uploads\/2026\/01\/amalia-moreno-chef-guatemalteca-piramide-alimenticia-sugerida.png\" alt=\"Chef guatemalteca Amalia Moreno-Damgaard, en Minesota, comparte su concepto de pir\u00e1mide nutricional\"\/><\/a>        <\/div>\n                        <div class=\"blfe-post-grid-details\">\n                    <div class=\"blfe-post-grid-details-inner\">\n                        <span class=\"blfe-post-category\"><a href=\"https:\/\/soymigrante.com\/revista\/category\/bienestar\/\">Bienestar<\/a><\/span>                        <h3 class=\"blfe-post-grid-title\">\n            <a href=\"https:\/\/soymigrante.com\/revista\/piramide-nutricional-sugerencia-chef-guatemalteca-amalia-moreno-damgaard-minesota\/\" title=\"Chef guatemalteca Amalia Moreno-Damgaard, en Minesota, comparte su concepto de pir\u00e1mide nutricional\" rel=\"nofollow\" target=\"_blank\">Chef guatemalteca Amalia Moreno-Damgaard, en Minesota, comparte su concepto de pir\u00e1mide nutricional<\/a>\n            <\/h3>                                    <div class=\"blfe-post-grid-meta\">\n                <span class=\"blfe-post-grid-time\"><i class=\"fas fa-book-reader\"><\/i>4 Min read<\/span>            <\/div>\n                                                                                <\/div>\n                <\/div>\n\n            <\/div>\n        <\/div>\n                        <\/div>\n\n                        <\/div>\n            \n                        <div class=\"blfe-post-footer\">\n                        <\/div>\n            \t\t\t\t<\/div>\n\t\t\t\t<\/div>\n\t\t\t\t\t<\/div>\n\t\t\t\t<\/div>\n\t\t\t\t<\/div>\n\t\t","protected":false},"excerpt":{"rendered":"<p>El Festival Chap\u00edn de Los Angeles es un lugar de encuentro, en el inicio de la Semana del Guatemalteco, declarada por dicha ciudad estadounidense. M\u00fasica, artesan\u00eda y mucha hermandad se vivi\u00f3 en el parque Lafayette. El Festival Chap\u00edn Los \u00c1ngeles es el festival guatemalteco\u00a0 que abre la semana dedicada a Guatemala y fue un encuentro [&hellip;]<\/p>\n","protected":false},"author":19,"featured_media":8319,"comment_status":"open","ping_status":"open","sticky":false,"template":"","format":"standard","meta":{"_acf_changed":false,"_eb_attr":"","footnotes":""},"categories":[54],"tags":[],"class_list":["post-8178","post","type-post","status-publish","format-standard","has-post-thumbnail","hentry","category-estamos-unidos"],"acf":[],"aioseo_notices":[],"aioseo_head":"\n\t\t<!-- All in One SEO Pro 4.9.6.2 - aioseo.com -->\n\t<meta name=\"description\" content=\"Galardonada chef guatemalteca Amalia Moreno-Damgaard, residente en Minesota sugiere una pir\u00e1mide nutricional &quot;con la sabidur\u00eda de la abuela&quot;.\" \/>\n\t<meta name=\"robots\" content=\"max-snippet:-1, max-image-preview:large, max-video-preview:-1\" \/>\n\t<meta name=\"author\" content=\"SoyMigrante.com REVISTA\"\/>\n\t<link rel=\"canonical\" href=\"https:\/\/soymigrante.com\/revista\/piramide-nutricional-sugerencia-chef-guatemalteca-amalia-moreno-damgaard-minesota\/\" \/>\n\t<meta name=\"generator\" content=\"All in One SEO Pro (AIOSEO) 4.9.6.2\" \/>\n\n\t\t<link rel=\"preconnect\" href=\"https:\/\/fonts.googleapis.com\" crossorigin>\n<link rel=\"preconnect\" href=\"https:\/\/fonts.gstatic.com\" crossorigin>\n\t\t<meta property=\"og:locale\" content=\"es_ES\" \/>\n\t\t<meta property=\"og:site_name\" content=\"SoyMigrante.com REVISTA \u2013 Nuestra misi\u00f3n es reconocer y dignificar al migrante.\" \/>\n\t\t<meta property=\"og:type\" content=\"article\" \/>\n\t\t<meta property=\"og:title\" content=\"Chef guatemalteca en Minesota comparte pir\u00e1mide nutricional\" \/>\n\t\t<meta property=\"og:description\" content=\"Galardonada chef guatemalteca Amalia Moreno-Damgaard, residente en Minesota sugiere una pir\u00e1mide nutricional &quot;con la sabidur\u00eda de la abuela&quot;.\" \/>\n\t\t<meta property=\"og:url\" content=\"https:\/\/soymigrante.com\/revista\/piramide-nutricional-sugerencia-chef-guatemalteca-amalia-moreno-damgaard-minesota\/\" \/>\n\t\t<meta property=\"og:image\" content=\"https:\/\/soymigrante.com\/revista\/wp-content\/uploads\/2026\/01\/amalia-moreno-chef-guatemalteca-piramide-alimenticia-sugerida.png\" \/>\n\t\t<meta property=\"og:image:secure_url\" content=\"https:\/\/soymigrante.com\/revista\/wp-content\/uploads\/2026\/01\/amalia-moreno-chef-guatemalteca-piramide-alimenticia-sugerida.png\" \/>\n\t\t<meta property=\"og:image:width\" content=\"421\" \/>\n\t\t<meta property=\"og:image:height\" content=\"416\" \/>\n\t\t<meta property=\"article:published_time\" content=\"2026-01-29T20:36:14+00:00\" \/>\n\t\t<meta property=\"article:modified_time\" content=\"2026-01-30T15:49:53+00:00\" \/>\n\t\t<meta property=\"article:publisher\" content=\"https:\/\/www.facebook.com\/soymigrantecom\" \/>\n\t\t<meta name=\"twitter:card\" content=\"summary_large_image\" \/>\n\t\t<meta name=\"twitter:site\" content=\"@SoyMigrante_com\" \/>\n\t\t<meta name=\"twitter:title\" content=\"Chef guatemalteca en Minesota comparte pir\u00e1mide nutricional\" \/>\n\t\t<meta name=\"twitter:description\" content=\"Galardonada chef guatemalteca Amalia Moreno-Damgaard, residente en Minesota sugiere una pir\u00e1mide nutricional &quot;con la sabidur\u00eda de la abuela&quot;.\" \/>\n\t\t<meta name=\"twitter:creator\" content=\"@SoyMigrante_com\" \/>\n\t\t<meta name=\"twitter:image\" content=\"https:\/\/soymigrante.com\/revista\/wp-content\/uploads\/2026\/01\/amalia-moreno-chef-guatemalteca-piramide-alimenticia-sugerida.png\" \/>\n\t\t<!-- All in One SEO Pro -->\r\n\t\t<title>Chef guatemalteca en Minesota comparte pir\u00e1mide nutricional<\/title>\n\n","aioseo_head_json":{"title":"Chef guatemalteca en Minesota comparte pir\u00e1mide nutricional","description":"Galardonada chef guatemalteca Amalia Moreno-Damgaard, residente en Minesota sugiere una pir\u00e1mide nutricional \"con la sabidur\u00eda de la abuela\".","canonical_url":"https:\/\/soymigrante.com\/revista\/piramide-nutricional-sugerencia-chef-guatemalteca-amalia-moreno-damgaard-minesota\/","robots":"max-snippet:-1, max-image-preview:large, max-video-preview:-1","keywords":"","webmasterTools":{"miscellaneous":"&lt;link rel=\"preconnect\" href=\"https:\/\/fonts.googleapis.com\" crossorigin&gt;\n&lt;link rel=\"preconnect\" href=\"https:\/\/fonts.gstatic.com\" crossorigin&gt;"},"schema":null,"og:locale":"es_ES","og:site_name":"SoyMigrante.com REVISTA \u2013 Nuestra misi\u00f3n es reconocer y dignificar al migrante.","og:type":"article","og:title":"Chef guatemalteca en Minesota comparte pir\u00e1mide nutricional","og:description":"Galardonada chef guatemalteca Amalia Moreno-Damgaard, residente en Minesota sugiere una pir\u00e1mide nutricional &quot;con la sabidur\u00eda de la abuela&quot;.","og:url":"https:\/\/soymigrante.com\/revista\/piramide-nutricional-sugerencia-chef-guatemalteca-amalia-moreno-damgaard-minesota\/","og:image":"https:\/\/soymigrante.com\/revista\/wp-content\/uploads\/2026\/01\/amalia-moreno-chef-guatemalteca-piramide-alimenticia-sugerida.png","og:image:secure_url":"https:\/\/soymigrante.com\/revista\/wp-content\/uploads\/2026\/01\/amalia-moreno-chef-guatemalteca-piramide-alimenticia-sugerida.png","og:image:width":421,"og:image:height":416,"article:published_time":"2026-01-29T20:36:14+00:00","article:modified_time":"2026-01-30T15:49:53+00:00","article:publisher":"https:\/\/www.facebook.com\/soymigrantecom","twitter:card":"summary_large_image","twitter:site":"@SoyMigrante_com","twitter:title":"Chef guatemalteca en Minesota comparte pir\u00e1mide nutricional","twitter:description":"Galardonada chef guatemalteca Amalia Moreno-Damgaard, residente en Minesota sugiere una pir\u00e1mide nutricional &quot;con la sabidur\u00eda de la abuela&quot;.","twitter:creator":"@SoyMigrante_com","twitter:image":"https:\/\/soymigrante.com\/revista\/wp-content\/uploads\/2026\/01\/amalia-moreno-chef-guatemalteca-piramide-alimenticia-sugerida.png"},"aioseo_meta_data":{"post_id":"8178","title":null,"description":"Hermandad, tradici\u00f3n, multiculturalidad y mucha alegr\u00eda se vivi\u00f3 en el Festival Chapin 2024 de Los Angeles el pasado 24 y 25 de agosto.","keywords":null,"keyphrases":{"focus":{"keyphrase":"Festival chapin","score":60,"analysis":{"keyphraseInTitle":{"score":9,"maxScore":9,"error":0},"keyphraseInDescription":{"score":9,"maxScore":9,"error":0},"keyphraseLength":{"score":9,"maxScore":9,"error":0,"length":2},"keyphraseInURL":{"score":5,"maxScore":5,"error":0},"keyphraseInIntroduction":{"score":3,"maxScore":9,"error":1},"keyphraseInSubHeadings":{"score":3,"maxScore":9,"error":1},"keyphraseInImageAlt":{"score":3,"maxScore":9,"error":1},"keywordDensity":{"score":0,"type":"low","maxScore":9,"error":1}}},"additional":[{"keyphrase":"festival guatemalteco","score":53,"analysis":{"keyphraseInDescription":{"score":3,"maxScore":9,"error":1},"keyphraseLength":{"score":9,"maxScore":9,"error":0,"length":2},"keyphraseInIntroduction":{"score":9,"maxScore":9,"error":0},"keyphraseInImageAlt":{"score":3,"maxScore":9,"error":1},"keywordDensity":{"score":0,"type":"low","maxScore":9,"error":1}}},{"keyphrase":"festival chapin","score":53,"analysis":{"keyphraseInDescription":{"score":9,"maxScore":9,"error":0},"keyphraseLength":{"score":9,"maxScore":9,"error":0,"length":2},"keyphraseInIntroduction":{"score":3,"maxScore":9,"error":1},"keyphraseInImageAlt":{"score":3,"maxScore":9,"error":1},"keywordDensity":{"score":0,"type":"low","maxScore":9,"error":1}}}]},"primary_term":null,"canonical_url":null,"og_title":null,"og_description":null,"og_object_type":"default","og_image_type":"default","og_image_url":null,"og_image_width":null,"og_image_height":null,"og_image_custom_url":null,"og_image_custom_fields":null,"og_video":"","og_custom_url":null,"og_article_section":null,"og_article_tags":null,"twitter_use_og":false,"twitter_card":"default","twitter_image_type":"default","twitter_image_url":null,"twitter_image_custom_url":null,"twitter_image_custom_fields":null,"twitter_title":null,"twitter_description":null,"schema":{"blockGraphs":[],"customGraphs":[],"default":{"data":{"Article":[],"Course":[],"Dataset":[],"FAQPage":[],"Movie":[],"Person":[],"Product":[],"ProductReview":[],"Car":[],"Recipe":[],"Service":[],"SoftwareApplication":[],"WebPage":[]},"graphName":"Article","isEnabled":true},"graphs":[]},"schema_type":"default","schema_type_options":null,"pillar_content":false,"robots_default":true,"robots_noindex":false,"robots_noarchive":false,"robots_nosnippet":false,"robots_nofollow":false,"robots_noimageindex":false,"robots_noodp":false,"robots_notranslate":false,"robots_max_snippet":"-1","robots_max_videopreview":"-1","robots_max_imagepreview":"large","priority":null,"frequency":"default","local_seo":null,"seo_analyzer_scan_date":"2025-10-08 22:45:13","breadcrumb_settings":null,"limit_modified_date":false,"reviewed_by":null,"open_ai":"{\"title\":{\"suggestions\":[],\"usage\":0},\"description\":{\"suggestions\":[],\"usage\":0}}","ai":null,"created":"2024-08-20 00:46:55","updated":"2026-02-04 12:47:51"},"aioseo_breadcrumb":"<div class=\"aioseo-breadcrumbs\"><span class=\"aioseo-breadcrumb\">\n\t<a href=\"https:\/\/soymigrante.com\/revista\" title=\"Home\">Home<\/a>\n<\/span><span class=\"aioseo-breadcrumb-separator\">\u00bb<\/span><span class=\"aioseo-breadcrumb\">\n\t<a href=\"https:\/\/soymigrante.com\/revista\/category\/estamos-unidos\/\" title=\"Estamos Unidos\">Estamos Unidos<\/a>\n<\/span><span class=\"aioseo-breadcrumb-separator\">\u00bb<\/span><span class=\"aioseo-breadcrumb\">\n\tM\u00e1s de 25 mil asistentes llegaron al Festival Chapin de Los Angeles 2024\n<\/span><\/div>","aioseo_breadcrumb_json":[{"label":"Home","link":"https:\/\/soymigrante.com\/revista"},{"label":"Estamos Unidos","link":"https:\/\/soymigrante.com\/revista\/category\/estamos-unidos\/"},{"label":"M\u00e1s de 25 mil asistentes llegaron al Festival Chapin de Los Angeles 2024","link":"https:\/\/soymigrante.com\/revista\/festival-chapin-de-los-angeles-2024-sera-encuentro-de-hermandad-y-tradicion\/"}],"_links":{"self":[{"href":"https:\/\/soymigrante.com\/revista\/wp-json\/wp\/v2\/posts\/8178","targetHints":{"allow":["GET"]}}],"collection":[{"href":"https:\/\/soymigrante.com\/revista\/wp-json\/wp\/v2\/posts"}],"about":[{"href":"https:\/\/soymigrante.com\/revista\/wp-json\/wp\/v2\/types\/post"}],"author":[{"embeddable":true,"href":"https:\/\/soymigrante.com\/revista\/wp-json\/wp\/v2\/users\/19"}],"replies":[{"embeddable":true,"href":"https:\/\/soymigrante.com\/revista\/wp-json\/wp\/v2\/comments?post=8178"}],"version-history":[{"count":0,"href":"https:\/\/soymigrante.com\/revista\/wp-json\/wp\/v2\/posts\/8178\/revisions"}],"wp:featuredmedia":[{"embeddable":true,"href":"https:\/\/soymigrante.com\/revista\/wp-json\/wp\/v2\/media\/8319"}],"wp:attachment":[{"href":"https:\/\/soymigrante.com\/revista\/wp-json\/wp\/v2\/media?parent=8178"}],"wp:term":[{"taxonomy":"category","embeddable":true,"href":"https:\/\/soymigrante.com\/revista\/wp-json\/wp\/v2\/categories?post=8178"},{"taxonomy":"post_tag","embeddable":true,"href":"https:\/\/soymigrante.com\/revista\/wp-json\/wp\/v2\/tags?post=8178"}],"curies":[{"name":"wp","href":"https:\/\/api.w.org\/{rel}","templated":true}]}}