{"id":8153,"date":"2024-08-19T11:00:42","date_gmt":"2024-08-19T17:00:42","guid":{"rendered":"https:\/\/soymigrante.com\/revista\/?p=8153"},"modified":"2024-08-20T08:00:52","modified_gmt":"2024-08-20T14:00:52","slug":"el-alto-costo-de-la-migracion-cobra-vidas-voluntarios-de-red-guatemalteca-tratan-de-ayudar","status":"publish","type":"post","link":"https:\/\/soymigrante.com\/revista\/el-alto-costo-de-la-migracion-cobra-vidas-voluntarios-de-red-guatemalteca-tratan-de-ayudar\/","title":{"rendered":"El alto costo de la migraci\u00f3n cobra vidas: voluntarios de Red Guatemalteca tratan de ayudar"},"content":{"rendered":"\t\t<div data-elementor-type=\"wp-post\" data-elementor-id=\"8153\" class=\"elementor elementor-8153\" data-elementor-post-type=\"post\">\n\t\t\t\t<div data-particle_enable=\"false\" data-particle-mobile-disabled=\"false\" class=\"elementor-element elementor-element-a0bce99 e-flex e-con-boxed e-con e-parent\" data-id=\"a0bce99\" data-element_type=\"container\" data-e-type=\"container\">\n\t\t\t\t\t<div class=\"e-con-inner\">\n\t\t\t\t<div class=\"elementor-element elementor-element-43fbb97 elementor-widget elementor-widget-heading\" data-id=\"43fbb97\" data-element_type=\"widget\" data-e-type=\"widget\" data-widget_type=\"heading.default\">\n\t\t\t\t\t<h2 class=\"elementor-heading-title elementor-size-default\">A menudo se habla del gran aporte migrante guatemalteco a la econom\u00eda el pa\u00eds... Pero detr\u00e1s existe un sacrificio incalculable, que a menudo cobra vidas de quienes tratan de cruzar el desierto fronterizo. Connacionales voluntarios se organizan para dejar agua y alimento.<\/h2>\t\t\t\t<\/div>\n\t\t\t\t\t<\/div>\n\t\t\t\t<\/div>\n\t\t<div data-particle_enable=\"false\" data-particle-mobile-disabled=\"false\" class=\"elementor-element elementor-element-f676ec1 e-flex e-con-boxed e-con e-parent\" data-id=\"f676ec1\" data-element_type=\"container\" data-e-type=\"container\">\n\t\t\t\t\t<div class=\"e-con-inner\">\n\t\t\t\t<div class=\"elementor-element elementor-element-aa9f1c0 elementor-widget elementor-widget-text-editor\" data-id=\"aa9f1c0\" data-element_type=\"widget\" data-e-type=\"widget\" data-widget_type=\"text-editor.default\">\n\t\t\t\t\t\t\t\t\t<p>El 17 de agosto \u00faltimo, voluntarios de la Red Migrante Guatemalteca efectuaron un nueva jornada &#8220;Agua en el desierto&#8221;, a trav\u00e9s de la cual llegan a zonas inh\u00f3spitas de Estados Unidos, por donde pasan personas migrantes en busca de un mejor futuro, de ayudar a sus familias y de construirse un porvenir mejor para sus hijos. Pero a veces esta aspiraci\u00f3n queda aqu\u00ed, por deshidrataci\u00f3n, cansancio, falta de alimento, enmedio del intenso sol.<\/p><p>A menudo se habla del gran aporte migrante a la econom\u00eda, pero poco se habla de los grandes y mortales riesgos que implica. &#8220;<span style=\"color: var( --e-global-color-text ); text-align: var(--text-align);\">Hasta el inicio del verano 2024 ya hab\u00edan fallecido 10 personas intentando cruzar la frontera de California desde M\u00e9dico&#8221;, expone Walter Batres, Presidente de la Red Migrante Guatemalteca.<\/span><\/p><p>\u00a0<\/p>\t\t\t\t\t\t\t\t<\/div>\n\t\t\t\t\t<\/div>\n\t\t\t\t<\/div>\n\t\t<div data-particle_enable=\"false\" data-particle-mobile-disabled=\"false\" class=\"elementor-element elementor-element-74c29dd e-flex e-con-boxed e-con e-parent\" data-id=\"74c29dd\" data-element_type=\"container\" data-e-type=\"container\">\n\t\t\t\t\t<div class=\"e-con-inner\">\n\t\t\t\t<div class=\"elementor-element elementor-element-b5c2616 elementor-widget elementor-widget-image\" data-id=\"b5c2616\" data-element_type=\"widget\" data-e-type=\"widget\" data-widget_type=\"image.default\">\n\t\t\t\t\t\t\t\t\t\t\t\t<figure class=\"wp-caption\">\n\t\t\t\t\t\t\t\t\t\t<img fetchpriority=\"high\" decoding=\"async\" width=\"768\" height=\"578\" src=\"https:\/\/soymigrante.com\/revista\/wp-content\/uploads\/2024\/08\/red-migrante-desierto-3-1024x771.webp\" class=\"attachment-large size-large wp-image-8156\" alt=\"Refugio improvisado en el desierto con personas distribuidas bajo una carpa azul, ofreciendo agua y ayuda, s\u00edmbolo de solidaridad y migraci\u00f3n en zonas \u00e1ridas y desafiantes.\" srcset=\"https:\/\/soymigrante.com\/revista\/wp-content\/uploads\/2024\/08\/red-migrante-desierto-3-1024x771.webp 1024w, https:\/\/soymigrante.com\/revista\/wp-content\/uploads\/2024\/08\/red-migrante-desierto-3-300x226.webp 300w, https:\/\/soymigrante.com\/revista\/wp-content\/uploads\/2024\/08\/red-migrante-desierto-3-768x578.webp 768w, https:\/\/soymigrante.com\/revista\/wp-content\/uploads\/2024\/08\/red-migrante-desierto-3-1536x1157.webp 1536w, https:\/\/soymigrante.com\/revista\/wp-content\/uploads\/2024\/08\/red-migrante-desierto-3-750x565.webp 750w, https:\/\/soymigrante.com\/revista\/wp-content\/uploads\/2024\/08\/red-migrante-desierto-3-1140x858.webp 1140w, https:\/\/soymigrante.com\/revista\/wp-content\/uploads\/2024\/08\/red-migrante-desierto-3.webp 1920w\" sizes=\"(max-width: 768px) 100vw, 768px\" title=\"Bajo un sol intenso y ccn una coordinaci\u00f3n especial para evitar cualquier riesgo, los voluntarios de la Red Migrante Guatemalteca distribuyen agua y otros productos de sobrevivencia en ciertos lugares del desierto de California, cerca de Arizona, con el af\u00e1n de salvar vidas. (Foto Red Migrante Guatemalteca) \u2013 SoyMigrante.com REVISTA\" \/>\t\t\t\t\t\t\t\t\t\t\t<figcaption class=\"widget-image-caption wp-caption-text\">Mesa de ayuda y distribuci\u00f3n de agua en el desierto, en un espacio de solidaridad enfocado en migrantes y comunidades vulnerables en \u00e1reas \u00e1ridas.<\/figcaption>\n\t\t\t\t\t\t\t\t\t\t<\/figure>\n\t\t\t\t\t\t\t\t\t<\/div>\n\t\t\t\t\t<\/div>\n\t\t\t\t<\/div>\n\t\t<div data-particle_enable=\"false\" data-particle-mobile-disabled=\"false\" class=\"elementor-element elementor-element-632604f e-flex e-con-boxed e-con e-parent\" data-id=\"632604f\" data-element_type=\"container\" data-e-type=\"container\">\n\t\t\t\t\t<div class=\"e-con-inner\">\n\t\t\t\t<div class=\"elementor-element elementor-element-ef14d0b elementor-widget elementor-widget-text-editor\" data-id=\"ef14d0b\" data-element_type=\"widget\" data-e-type=\"widget\" data-widget_type=\"text-editor.default\">\n\t\t\t\t\t\t\t\t\t<p>\u00a0<\/p><p>Siete voluntarios participaron en esta jornada, que implic\u00f3 caminar por zonas desoladas, para poder dejar, en ciertos lugres, algunos recipientes con agua, suero oral y boisas de fruta deshidratada, con la esperanza de que puedan salvar una vida. De ninguna manera esto es un incentivo a la migraci\u00f3n irregular, por el contrario, advierten del gran peligro que implica, pero no pueden dejar de lado el sentido de hermandad y humanidad.<\/p><p>Para efectuar esta tarea, han recibido donativos de suero en polvo, pastillas con vitaminas, analg\u00e9sicos, bebidas hidratantes, sobres con fruta seca, sueros l\u00edquidos y por supuesto agua en recipientes de un gal\u00f3n.<\/p>\t\t\t\t\t\t\t\t<\/div>\n\t\t\t\t\t<\/div>\n\t\t\t\t<\/div>\n\t\t<div data-particle_enable=\"false\" data-particle-mobile-disabled=\"false\" class=\"elementor-element elementor-element-5a0fada e-flex e-con-boxed e-con e-parent\" data-id=\"5a0fada\" data-element_type=\"container\" data-e-type=\"container\">\n\t\t\t\t\t<div class=\"e-con-inner\">\n\t\t\t\t<div class=\"elementor-element elementor-element-2ea235b elementor-widget elementor-widget-image\" data-id=\"2ea235b\" data-element_type=\"widget\" data-e-type=\"widget\" data-widget_type=\"image.default\">\n\t\t\t\t\t\t\t\t\t\t\t\t<figure class=\"wp-caption\">\n\t\t\t\t\t\t\t\t\t\t<img decoding=\"async\" width=\"768\" height=\"578\" src=\"https:\/\/soymigrante.com\/revista\/wp-content\/uploads\/2024\/08\/red-migrante-desierto-4-1024x771.webp\" class=\"attachment-large size-large wp-image-8157\" alt=\"Explorador buscando en un paisaje \u00e1rido, destacando inmigrantes y migraci\u00f3n en entornos desafiantes.\" srcset=\"https:\/\/soymigrante.com\/revista\/wp-content\/uploads\/2024\/08\/red-migrante-desierto-4-1024x771.webp 1024w, https:\/\/soymigrante.com\/revista\/wp-content\/uploads\/2024\/08\/red-migrante-desierto-4-300x226.webp 300w, https:\/\/soymigrante.com\/revista\/wp-content\/uploads\/2024\/08\/red-migrante-desierto-4-768x578.webp 768w, https:\/\/soymigrante.com\/revista\/wp-content\/uploads\/2024\/08\/red-migrante-desierto-4-1536x1157.webp 1536w, https:\/\/soymigrante.com\/revista\/wp-content\/uploads\/2024\/08\/red-migrante-desierto-4-750x565.webp 750w, https:\/\/soymigrante.com\/revista\/wp-content\/uploads\/2024\/08\/red-migrante-desierto-4-1140x858.webp 1140w, https:\/\/soymigrante.com\/revista\/wp-content\/uploads\/2024\/08\/red-migrante-desierto-4.webp 1920w\" sizes=\"(max-width: 768px) 100vw, 768px\" title=\"En ciertos resquicios del terreno, los voluntarios dejan agua, analg\u00e9sicos y productos alimenticios secos, Esta zona des\u00e9rtica est\u00e1 distante de cualquier poblado. (Foto Red Migrante Guatemalteca) \u2013 SoyMigrante.com REVISTA\" \/>\t\t\t\t\t\t\t\t\t\t\t<figcaption class=\"widget-image-caption wp-caption-text\">Persona en busca de oportunidades en zonas des\u00e9rticas, simbolizando la migraci\u00f3n y la b\u00fasqueda de un mejor futuro.<\/figcaption>\n\t\t\t\t\t\t\t\t\t\t<\/figure>\n\t\t\t\t\t\t\t\t\t<\/div>\n\t\t\t\t\t<\/div>\n\t\t\t\t<\/div>\n\t\t<div data-particle_enable=\"false\" data-particle-mobile-disabled=\"false\" class=\"elementor-element elementor-element-22f1080 e-flex e-con-boxed e-con e-parent\" data-id=\"22f1080\" data-element_type=\"container\" data-e-type=\"container\">\n\t\t\t\t\t<div class=\"e-con-inner\">\n\t\t\t\t<div class=\"elementor-element elementor-element-75cc050 elementor-widget elementor-widget-heading\" data-id=\"75cc050\" data-element_type=\"widget\" data-e-type=\"widget\" data-widget_type=\"heading.default\">\n\t\t\t\t\t<h3 class=\"elementor-heading-title elementor-size-default\">El \"muro de los lamentos\" : reflejo de una tragedia<\/h3>\t\t\t\t<\/div>\n\t\t\t\t\t<\/div>\n\t\t\t\t<\/div>\n\t\t<div data-particle_enable=\"false\" data-particle-mobile-disabled=\"false\" class=\"elementor-element elementor-element-2174a2b e-flex e-con-boxed e-con e-parent\" data-id=\"2174a2b\" data-element_type=\"container\" data-e-type=\"container\">\n\t\t\t\t\t<div class=\"e-con-inner\">\n\t\t\t\t<div class=\"elementor-element elementor-element-3507283 elementor-widget elementor-widget-text-editor\" data-id=\"3507283\" data-element_type=\"widget\" data-e-type=\"widget\" data-widget_type=\"text-editor.default\">\n\t\t\t\t\t\t\t\t\t<p>Dentro del \u00e1rea donde fueron a dejar los v\u00edveres, la Red Migrante lleg\u00f3 hasta el llamado &#8220;muro de los lamentos&#8221;, un\u00a0 pared\u00f3n en el cual hay muchas inscripciones grabadas por migrantes, cuya sobrevivencia se desconoce, pero que pasaron por all\u00ed.\u00a0<\/p><p><span style=\"color: var( --e-global-color-text ); text-align: var(--text-align);\">&#8220;Por la parte m\u00e1s al Sur Este entre el desierto de Imperial County ya en la cuenca del\u00a0 Colorado que divide\u00a0 California, Arizona y M\u00e9xico entre ca\u00f1ones y peque\u00f1os senderos llenos de arena, roca, arbustos y\u00a0 barrancas encontramos el mural tallado en roca con escritos legibles esculpidos\u00a0 por los migrantes, con fechas que llegan hasta 1912&#8221;, refiere Batres.<\/span><\/p><p><span style=\"color: var( --e-global-color-text ); text-align: var(--text-align);\">&#8220;Esto nos deja saber que desde ese entonces nuestra gente se interna en este desierto en busca de llegar a trabajar a Estados Unidos&#8221;, agrega.\u00a0\u00a0<\/span><span style=\"color: var( --e-global-color-text ); text-align: var(--text-align);\">El llamado muro de los lamentos mide unos\u00a0 ocho metros de largo, por tres de alto. En \u00e9l hay nombres, fechas y mensajes que parecen en c\u00f3digo.<\/span><\/p>\t\t\t\t\t\t\t\t<\/div>\n\t\t\t\t\t<\/div>\n\t\t\t\t<\/div>\n\t\t<div data-particle_enable=\"false\" data-particle-mobile-disabled=\"false\" class=\"elementor-element elementor-element-7ba3e3e e-flex e-con-boxed e-con e-parent\" data-id=\"7ba3e3e\" data-element_type=\"container\" data-e-type=\"container\">\n\t\t\t\t\t<div class=\"e-con-inner\">\n\t\t\t\t<div class=\"elementor-element elementor-element-cc23b34 elementor-widget elementor-widget-image\" data-id=\"cc23b34\" data-element_type=\"widget\" data-e-type=\"widget\" data-widget_type=\"image.default\">\n\t\t\t\t\t\t\t\t\t\t\t\t\t\t\t<img decoding=\"async\" width=\"768\" height=\"578\" src=\"https:\/\/soymigrante.com\/revista\/wp-content\/uploads\/2024\/08\/red-migrante-desierto-8-1024x771.webp\" class=\"attachment-large size-large wp-image-8158\" alt=\"Ancient Mayan inscriptions on white limestone stone, archaeological site, historical significance, Mayan civilization, petroglyphs, cultural heritage.\" srcset=\"https:\/\/soymigrante.com\/revista\/wp-content\/uploads\/2024\/08\/red-migrante-desierto-8-1024x771.webp 1024w, https:\/\/soymigrante.com\/revista\/wp-content\/uploads\/2024\/08\/red-migrante-desierto-8-300x226.webp 300w, https:\/\/soymigrante.com\/revista\/wp-content\/uploads\/2024\/08\/red-migrante-desierto-8-768x578.webp 768w, https:\/\/soymigrante.com\/revista\/wp-content\/uploads\/2024\/08\/red-migrante-desierto-8-1536x1156.webp 1536w, https:\/\/soymigrante.com\/revista\/wp-content\/uploads\/2024\/08\/red-migrante-desierto-8-750x564.webp 750w, https:\/\/soymigrante.com\/revista\/wp-content\/uploads\/2024\/08\/red-migrante-desierto-8-1140x858.webp 1140w, https:\/\/soymigrante.com\/revista\/wp-content\/uploads\/2024\/08\/red-migrante-desierto-8.webp 1600w\" sizes=\"(max-width: 768px) 100vw, 768px\" title=\"Nombres y fechas se encuentran en este muro natural, entre California y Arizona, en pleno desierto. Testimonio del alto costo que puede llegar a tener el llamado sue\u00f1o americano, incluyendo perder la vida. (Foto Red Migrante Guatemalteca) \u2013 SoyMigrante.com REVISTA\" \/>\t\t\t\t\t\t\t\t\t\t\t\t\t\t\t<\/div>\n\t\t\t\t\t<\/div>\n\t\t\t\t<\/div>\n\t\t<div data-particle_enable=\"false\" data-particle-mobile-disabled=\"false\" class=\"elementor-element elementor-element-fd98e7d e-flex e-con-boxed e-con e-parent\" data-id=\"fd98e7d\" data-element_type=\"container\" data-e-type=\"container\">\n\t\t\t\t\t<div class=\"e-con-inner\">\n\t\t\t\t<div class=\"elementor-element elementor-element-a7ff5bd elementor-widget elementor-widget-heading\" data-id=\"a7ff5bd\" data-element_type=\"widget\" data-e-type=\"widget\" data-widget_type=\"heading.default\">\n\t\t\t\t\t<h3 class=\"elementor-heading-title elementor-size-default\">Mira m\u00e1s im\u00e1genes del recorrido de RMG<\/h3>\t\t\t\t<\/div>\n\t\t\t\t\t<\/div>\n\t\t\t\t<\/div>\n\t\t<div data-particle_enable=\"false\" data-particle-mobile-disabled=\"false\" class=\"elementor-element elementor-element-a71cfa6 e-flex e-con-boxed e-con e-parent\" data-id=\"a71cfa6\" data-element_type=\"container\" data-e-type=\"container\">\n\t\t\t\t\t<div class=\"e-con-inner\">\n\t\t\t\t<div class=\"elementor-element elementor-element-a22dd9b elementor-widget elementor-widget-html\" data-id=\"a22dd9b\" data-element_type=\"widget\" data-e-type=\"widget\" data-widget_type=\"html.default\">\n\t\t\t\t\t<iframe src=\"https:\/\/www.facebook.com\/plugins\/post.php?href=https%3A%2F%2Fwww.facebook.com%2FRedMigranteGuate%2Fposts%2Fpfbid0323Fpy1k4AFwwZA39CyhVwyMpo5RJYZg2UPtKa6jzv87rvhEQ6KJFrizxfPQ7omUYl&show_text=true&width=500\" width=\"500\" height=\"709\" style=\"border:none;overflow:hidden\" scrolling=\"no\" frameborder=\"0\" allowfullscreen=\"true\" allow=\"autoplay; clipboard-write; encrypted-media; picture-in-picture; web-share\"><\/iframe>\t\t\t\t<\/div>\n\t\t\t\t\t<\/div>\n\t\t\t\t<\/div>\n\t\t<div data-particle_enable=\"false\" data-particle-mobile-disabled=\"false\" class=\"elementor-element elementor-element-4f84b60 e-flex e-con-boxed e-con e-parent\" data-id=\"4f84b60\" data-element_type=\"container\" data-e-type=\"container\">\n\t\t\t\t\t<div class=\"e-con-inner\">\n\t\t\t\t<div class=\"elementor-element elementor-element-be91721 elementor-widget elementor-widget-heading\" data-id=\"be91721\" data-element_type=\"widget\" data-e-type=\"widget\" data-widget_type=\"heading.default\">\n\t\t\t\t\t<h3 class=\"elementor-heading-title elementor-size-default\">Advertencia de alto riesgo<\/h3>\t\t\t\t<\/div>\n\t\t\t\t\t<\/div>\n\t\t\t\t<\/div>\n\t\t<div data-particle_enable=\"false\" data-particle-mobile-disabled=\"false\" class=\"elementor-element elementor-element-8a41d45 e-flex e-con-boxed e-con e-parent\" data-id=\"8a41d45\" data-element_type=\"container\" data-e-type=\"container\">\n\t\t\t\t\t<div class=\"e-con-inner\">\n\t\t\t\t<div class=\"elementor-element elementor-element-40e40fa elementor-widget elementor-widget-text-editor\" data-id=\"40e40fa\" data-element_type=\"widget\" data-e-type=\"widget\" data-widget_type=\"text-editor.default\">\n\t\t\t\t\t\t\t\t\t<p>Varias organizaciones trabajan en el auxilio de migrantes que cruzan el desierto, tal como <a href=\"https:\/\/humaneborders.info\/index_esp.html\">Humane Borders o Fronteras Compasivas<\/a>, quienes no animan ni recomiendan la migraci\u00f3n de indocumentados, pero que tratan de salvar vidas. Tambi\u00e9n efect\u00faan campa\u00f1as de agua y v\u00edveres, e incluso cuentan con programas de apadrinamiento de fuentes de agua.<\/p><p>No obstante, durante 2024, se reportan decesos de migrantes en el desierto de Arizona. Aunque han salvado vidas, tambi\u00e9n hay zonas tan \u00e1ridas y peligrosas, que simplemente se convierten en una sentencia. Tan solo en el condado de Pima, Arizona, que colabora con Humane Borders,\u00a0 se han registrado m\u00e1s de 3 mil muertes de migrantes en 20 a\u00f1os.<\/p>\t\t\t\t\t\t\t\t<\/div>\n\t\t\t\t\t<\/div>\n\t\t\t\t<\/div>\n\t\t<div data-particle_enable=\"false\" data-particle-mobile-disabled=\"false\" class=\"elementor-element elementor-element-6bf338f e-flex e-con-boxed e-con e-parent\" data-id=\"6bf338f\" data-element_type=\"container\" data-e-type=\"container\">\n\t\t\t\t\t<div class=\"e-con-inner\">\n\t\t\t\t<div class=\"elementor-element elementor-element-a6ae213 elementor-widget elementor-widget-image\" data-id=\"a6ae213\" data-element_type=\"widget\" data-e-type=\"widget\" data-widget_type=\"image.default\">\n\t\t\t\t\t\t\t\t\t\t\t\t<figure class=\"wp-caption\">\n\t\t\t\t\t\t\t\t\t\t\t<a href=\"https:\/\/humaneborders.info\/index_esp.html\">\n\t\t\t\t\t\t\t<img loading=\"lazy\" decoding=\"async\" width=\"768\" height=\"543\" src=\"https:\/\/soymigrante.com\/revista\/wp-content\/uploads\/2024\/08\/mapa-fallecidos.webp\" class=\"attachment-large size-large wp-image-8159\" alt=\"Rese\u00f1a de la distribuci\u00f3n de migrantes en Sonora, destacando la presencia en Nogales, Tucson y \u00e1reas cercanas, con puntos rojos en un mapa satelital, evidenciando zonas de inter\u00e9s en la migraci\u00f3n en el estado mexicano.\" srcset=\"https:\/\/soymigrante.com\/revista\/wp-content\/uploads\/2024\/08\/mapa-fallecidos.webp 978w, https:\/\/soymigrante.com\/revista\/wp-content\/uploads\/2024\/08\/mapa-fallecidos-300x212.webp 300w, https:\/\/soymigrante.com\/revista\/wp-content\/uploads\/2024\/08\/mapa-fallecidos-768x543.webp 768w, https:\/\/soymigrante.com\/revista\/wp-content\/uploads\/2024\/08\/mapa-fallecidos-120x86.webp 120w, https:\/\/soymigrante.com\/revista\/wp-content\/uploads\/2024\/08\/mapa-fallecidos-750x530.webp 750w\" sizes=\"(max-width: 768px) 100vw, 768px\" title=\"Mapa 2024 de decesos de migrantes en el desierto, registrados por la entidad Humane Borders. \u2013 SoyMigrante.com REVISTA\" \/>\t\t\t\t\t\t\t\t<\/a>\n\t\t\t\t\t\t\t\t\t\t\t<figcaption class=\"widget-image-caption wp-caption-text\">Mapa 2024 de decesos de migrantes en el desierto, registrados por la entidad Humane Borders.<\/figcaption>\n\t\t\t\t\t\t\t\t\t\t<\/figure>\n\t\t\t\t\t\t\t\t\t<\/div>\n\t\t\t\t\t<\/div>\n\t\t\t\t<\/div>\n\t\t<div data-particle_enable=\"false\" data-particle-mobile-disabled=\"false\" class=\"elementor-element elementor-element-e9b8938 e-flex e-con-boxed e-con e-parent\" data-id=\"e9b8938\" data-element_type=\"container\" data-e-type=\"container\">\n\t\t\t\t\t<div class=\"e-con-inner\">\n\t\t\t\t<div class=\"elementor-element elementor-element-cfe7dd5 elementor-widget elementor-widget-heading\" data-id=\"cfe7dd5\" data-element_type=\"widget\" data-e-type=\"widget\" data-widget_type=\"heading.default\">\n\t\t\t\t\t<h2 class=\"elementor-heading-title elementor-size-default\">Tambi\u00e9n podr\u00eda interesarte <\/h2>\t\t\t\t<\/div>\n\t\t\t\t\t<\/div>\n\t\t\t\t<\/div>\n\t\t<div data-particle_enable=\"false\" data-particle-mobile-disabled=\"false\" class=\"elementor-element elementor-element-9efff02 e-flex e-con-boxed e-con e-parent\" data-id=\"9efff02\" data-element_type=\"container\" data-e-type=\"container\">\n\t\t\t\t\t<div class=\"e-con-inner\">\n\t\t\t\t<div class=\"elementor-element elementor-element-0f81b7a elementor-grid-eael-col-3 elementor-grid-tablet-eael-col-2 elementor-grid-mobile-eael-col-1 elementor-widget elementor-widget-eael-post-grid\" data-id=\"0f81b7a\" data-element_type=\"widget\" data-e-type=\"widget\" data-settings=\"{&quot;eael_post_grid_columns&quot;:&quot;eael-col-3&quot;,&quot;eael_post_grid_columns_tablet&quot;:&quot;eael-col-2&quot;,&quot;eael_post_grid_columns_mobile&quot;:&quot;eael-col-1&quot;}\" data-widget_type=\"eael-post-grid.default\">\n\t\t\t\t\t<div id=\"eael-post-grid-0f81b7a\" class=\"eael-post-grid-container\">\n            <div class=\"eael-post-grid eael-post-appender eael-post-appender-0f81b7a eael-post-grid-style-one\" data-layout-mode=\"masonry\"><article class=\"eael-grid-post  eael-post-grid-column eael-pg-post-5787 category-lugar-de-voces\" data-id=\"5787\">\n        <div class=\"eael-grid-post-holder\">\n            <div class=\"eael-grid-post-holder-inner\"><div class=\"eael-entry-media\"><div class=\"eael-entry-overlay fade-in\"><i class=\"far fa-hand-pointer\" aria-hidden=\"true\"><\/i><a href=\"https:\/\/soymigrante.com\/revista\/tps-para-guatemala-que-se-necesita-para-lograr-este-beneficio-para-migrantes-en-ee-uu\/\"><\/a><\/div><div class=\"eael-entry-thumbnail \">\n                <img loading=\"lazy\" decoding=\"async\" width=\"1024\" height=\"682\" src=\"https:\/\/soymigrante.com\/revista\/wp-content\/uploads\/2024\/04\/tpsdifuds-1024x682.webp\" class=\"attachment-large size-large wp-image-5788\" alt=\"Caminando en manifestaci\u00f3n a favor de Centroam\u00e9rica y Am\u00e9rica, con banderas y pancarta, en un d\u00eda soleado frente a un edificio gubernamental en Washington, D.C.\" srcset=\"https:\/\/soymigrante.com\/revista\/wp-content\/uploads\/2024\/04\/tpsdifuds-1024x682.webp 1024w, https:\/\/soymigrante.com\/revista\/wp-content\/uploads\/2024\/04\/tpsdifuds-300x200.webp 300w, https:\/\/soymigrante.com\/revista\/wp-content\/uploads\/2024\/04\/tpsdifuds-768x512.webp 768w, https:\/\/soymigrante.com\/revista\/wp-content\/uploads\/2024\/04\/tpsdifuds-1536x1023.webp 1536w, https:\/\/soymigrante.com\/revista\/wp-content\/uploads\/2024\/04\/tpsdifuds-750x500.webp 750w, https:\/\/soymigrante.com\/revista\/wp-content\/uploads\/2024\/04\/tpsdifuds-1140x760.webp 1140w, https:\/\/soymigrante.com\/revista\/wp-content\/uploads\/2024\/04\/tpsdifuds-600x400.webp 600w, https:\/\/soymigrante.com\/revista\/wp-content\/uploads\/2024\/04\/tpsdifuds.webp 1600w\" sizes=\"(max-width: 1024px) 100vw, 1024px\" \/>\n            <\/div>\n        <\/div><div class=\"eael-entry-wrapper\"><header class=\"eael-entry-header\"><h2 class=\"eael-entry-title\"><a class=\"eael-grid-post-link\" href=\"https:\/\/soymigrante.com\/revista\/tps-para-guatemala-que-se-necesita-para-lograr-este-beneficio-para-migrantes-en-ee-uu\/\" title=\"TPS para Guatemala: qu\u00e9 se necesita para lograr este beneficio para migrantes en EE.UU.\">TPS para Guatemala: qu\u00e9 se necesita para lograr este beneficio para migrantes en EE.UU.<\/a><\/h2><\/header><div class=\"eael-entry-content\">\n                        <div class=\"eael-grid-post-excerpt\"><a href=\"https:\/\/soymigrante.com\/revista\/tps-para-guatemala-que-se-necesita-para-lograr-este-beneficio-para-migrantes-en-ee-uu\/\" class=\"eael-post-elements-readmore-btn\">CONOCE SU HISTORIA <\/a><\/div>\n                    <\/div><\/div><\/div>\n        <\/div>\n    <\/article><article class=\"eael-grid-post  eael-post-grid-column eael-pg-post-4221 category-exitos\" data-id=\"4221\">\n        <div class=\"eael-grid-post-holder\">\n            <div class=\"eael-grid-post-holder-inner\"><div class=\"eael-entry-media\"><div class=\"eael-entry-overlay fade-in\"><i class=\"far fa-hand-pointer\" aria-hidden=\"true\"><\/i><a href=\"https:\/\/soymigrante.com\/revista\/walter-batres-presidente-red-migrante-guatemalteca-experiencia-los-angeles\/\"><\/a><\/div><div class=\"eael-entry-thumbnail \">\n                <img loading=\"lazy\" decoding=\"async\" width=\"661\" height=\"522\" src=\"https:\/\/soymigrante.com\/revista\/wp-content\/uploads\/2024\/01\/Captura-de-pantalla-2024-01-06-122654-e1704565722939.webp\" class=\"attachment-large size-large wp-image-4257\" alt=\"\" srcset=\"https:\/\/soymigrante.com\/revista\/wp-content\/uploads\/2024\/01\/Captura-de-pantalla-2024-01-06-122654-e1704565722939.webp 661w, https:\/\/soymigrante.com\/revista\/wp-content\/uploads\/2024\/01\/Captura-de-pantalla-2024-01-06-122654-e1704565722939-300x237.webp 300w\" sizes=\"(max-width: 661px) 100vw, 661px\" \/>\n            <\/div>\n        <\/div><div class=\"eael-entry-wrapper\"><header class=\"eael-entry-header\"><h2 class=\"eael-entry-title\"><a class=\"eael-grid-post-link\" href=\"https:\/\/soymigrante.com\/revista\/walter-batres-presidente-red-migrante-guatemalteca-experiencia-los-angeles\/\" title=\"Una red de hermandad y servicio preside el migrante Walter Batres\">Una red de hermandad y servicio preside el migrante Walter Batres<\/a><\/h2><\/header><div class=\"eael-entry-content\">\n                        <div class=\"eael-grid-post-excerpt\"><a href=\"https:\/\/soymigrante.com\/revista\/walter-batres-presidente-red-migrante-guatemalteca-experiencia-los-angeles\/\" class=\"eael-post-elements-readmore-btn\">CONOCE SU HISTORIA <\/a><\/div>\n                    <\/div><\/div><\/div>\n        <\/div>\n    <\/article><article class=\"eael-grid-post  eael-post-grid-column eael-pg-post-3851 category-estamos-unidos tags-18-diciembre-dia-del-migrante\" data-id=\"3851\">\n        <div class=\"eael-grid-post-holder\">\n            <div class=\"eael-grid-post-holder-inner\"><div class=\"eael-entry-media\"><div class=\"eael-entry-overlay fade-in\"><i class=\"far fa-hand-pointer\" aria-hidden=\"true\"><\/i><a href=\"https:\/\/soymigrante.com\/revista\/frontera-de-ee-uu-y-mexico-considerada-la-mas-peligrosa-del-mundo\/\"><\/a><\/div><div class=\"eael-entry-thumbnail \">\n                <img loading=\"lazy\" decoding=\"async\" width=\"1024\" height=\"576\" src=\"https:\/\/soymigrante.com\/revista\/wp-content\/uploads\/2023\/12\/bannr-1024x576.webp\" class=\"attachment-large size-large wp-image-3852\" alt=\"Miles de migrantes desaparecen o fallecen en la frontera m\u00e1s peligrosa entre EE.UU. y M\u00e9xico.\" srcset=\"https:\/\/soymigrante.com\/revista\/wp-content\/uploads\/2023\/12\/bannr-1024x576.webp 1024w, https:\/\/soymigrante.com\/revista\/wp-content\/uploads\/2023\/12\/bannr-300x169.webp 300w, https:\/\/soymigrante.com\/revista\/wp-content\/uploads\/2023\/12\/bannr-768x432.webp 768w, https:\/\/soymigrante.com\/revista\/wp-content\/uploads\/2023\/12\/bannr-1536x864.webp 1536w, https:\/\/soymigrante.com\/revista\/wp-content\/uploads\/2023\/12\/bannr-750x422.webp 750w, https:\/\/soymigrante.com\/revista\/wp-content\/uploads\/2023\/12\/bannr-1140x641.webp 1140w, https:\/\/soymigrante.com\/revista\/wp-content\/uploads\/2023\/12\/bannr.webp 1920w\" sizes=\"(max-width: 1024px) 100vw, 1024px\" \/>\n            <\/div>\n        <\/div><div class=\"eael-entry-wrapper\"><header class=\"eael-entry-header\"><h2 class=\"eael-entry-title\"><a class=\"eael-grid-post-link\" href=\"https:\/\/soymigrante.com\/revista\/frontera-de-ee-uu-y-mexico-considerada-la-mas-peligrosa-del-mundo\/\" title=\"Cifras lo confirman: la frontera entre EE.UU y M\u00e9xico es la m\u00e1s peligrosa del mundo\">Cifras lo confirman: la frontera entre EE.UU y M\u00e9xico es la m\u00e1s peligrosa del mundo<\/a><\/h2><\/header><div class=\"eael-entry-content\">\n                        <div class=\"eael-grid-post-excerpt\"><a href=\"https:\/\/soymigrante.com\/revista\/frontera-de-ee-uu-y-mexico-considerada-la-mas-peligrosa-del-mundo\/\" class=\"eael-post-elements-readmore-btn\">CONOCE SU HISTORIA <\/a><\/div>\n                    <\/div><\/div><\/div>\n        <\/div>\n    <\/article><\/div>\n            <div class=\"clearfix\"><\/div>\n        <\/div>\t\t\t\t<\/div>\n\t\t\t\t\t<\/div>\n\t\t\t\t<\/div>\n\t\t\t\t<\/div>\n\t\t","protected":false},"excerpt":{"rendered":"<p>A menudo se habla del gran aporte migrante guatemalteco a la econom\u00eda el pa\u00eds&#8230; Pero detr\u00e1s existe un sacrificio incalculable, que a menudo cobra vidas de quienes tratan de cruzar el desierto fronterizo. Connacionales voluntarios se organizan para dejar agua y alimento. El 17 de agosto \u00faltimo, voluntarios de la Red Migrante Guatemalteca efectuaron un [&hellip;]<\/p>\n","protected":false},"author":7,"featured_media":8154,"comment_status":"open","ping_status":"open","sticky":false,"template":"","format":"standard","meta":{"_acf_changed":true,"_eb_attr":"","footnotes":""},"categories":[54],"tags":[],"class_list":["post-8153","post","type-post","status-publish","format-standard","has-post-thumbnail","hentry","category-estamos-unidos"],"acf":[],"aioseo_notices":[],"aioseo_head":"\n\t\t<!-- All in One SEO Pro 4.9.6.2 - aioseo.com -->\n\t<meta name=\"description\" content=\"A pocas semanas que concluya el a\u00f1o 2023, las muertes de inmigrantes han aumentado de 71 a 134 personas. Seg\u00fan la patrulla fronteriza el incremento se vincula con las organizaciones criminales que se dedican al contrabando de personas, sumado a ello los riesgos de ahogamiento y cambios extremos del clima. Suman 325 casos; 173 hombres, Miles de migrantes corren el riesgo de fallecer por ahogamientos, condiciones ambientales y desapariciones en la frontera m\u00e1s peligrosa entre EE.UU. y M\u00e9xico\" \/>\n\t<meta name=\"robots\" content=\"max-snippet:-1, max-image-preview:large, max-video-preview:-1\" \/>\n\t<meta name=\"author\" content=\"Gustavo Montenegro\"\/>\n\t<link rel=\"canonical\" href=\"https:\/\/soymigrante.com\/revista\/el-alto-costo-de-la-migracion-cobra-vidas-voluntarios-de-red-guatemalteca-tratan-de-ayudar\/\" \/>\n\t<meta name=\"generator\" content=\"All in One SEO Pro (AIOSEO) 4.9.6.2\" \/>\n\n\t\t<link rel=\"preconnect\" href=\"https:\/\/fonts.googleapis.com\" crossorigin>\n<link rel=\"preconnect\" href=\"https:\/\/fonts.gstatic.com\" crossorigin>\n\t\t<meta property=\"og:locale\" content=\"es_ES\" \/>\n\t\t<meta property=\"og:site_name\" content=\"SoyMigrante.com REVISTA \u2013 Nuestra misi\u00f3n es reconocer y dignificar al migrante.\" \/>\n\t\t<meta property=\"og:type\" content=\"article\" \/>\n\t\t<meta property=\"og:title\" content=\"El alto costo de la migraci\u00f3n cobra vidas: voluntarios de Red Guatemalteca tratan de ayudar\" \/>\n\t\t<meta property=\"og:description\" content=\"Red Migrante Guatemalteca efect\u00faa jornadas humanitarias en refugios de Tijuana y van al desierto a buscara agua. El sacrificio de migrar puede ser muy peligroso.\" \/>\n\t\t<meta property=\"og:url\" content=\"https:\/\/soymigrante.com\/revista\/el-alto-costo-de-la-migracion-cobra-vidas-voluntarios-de-red-guatemalteca-tratan-de-ayudar\/\" \/>\n\t\t<meta property=\"og:image\" content=\"https:\/\/soymigrante.com\/revista\/wp-content\/uploads\/2024\/08\/red-migrante-desierto-5.webp\" \/>\n\t\t<meta property=\"og:image:secure_url\" content=\"https:\/\/soymigrante.com\/revista\/wp-content\/uploads\/2024\/08\/red-migrante-desierto-5.webp\" \/>\n\t\t<meta property=\"og:image:width\" content=\"288\" \/>\n\t\t<meta property=\"og:image:height\" content=\"288\" \/>\n\t\t<meta property=\"article:published_time\" content=\"2024-08-19T17:00:42+00:00\" \/>\n\t\t<meta property=\"article:modified_time\" content=\"2024-08-20T14:00:52+00:00\" \/>\n\t\t<meta property=\"article:publisher\" content=\"https:\/\/www.facebook.com\/soymigrantecom\" \/>\n\t\t<meta name=\"twitter:card\" content=\"summary_large_image\" \/>\n\t\t<meta name=\"twitter:site\" content=\"@SoyMigrante_com\" \/>\n\t\t<meta name=\"twitter:title\" content=\"El alto costo de la migraci\u00f3n cobra vidas: voluntarios de Red Guatemalteca tratan de ayudar\" \/>\n\t\t<meta name=\"twitter:description\" content=\"Red Migrante Guatemalteca efect\u00faa jornadas humanitarias en refugios de Tijuana y van al desierto a buscara agua. El sacrificio de migrar puede ser muy peligroso.\" \/>\n\t\t<meta name=\"twitter:creator\" content=\"@SoyMigrante_com\" \/>\n\t\t<meta name=\"twitter:image\" content=\"https:\/\/soymigrante.com\/revista\/wp-content\/uploads\/2024\/08\/red-migrante-desierto-5.webp\" \/>\n\t\t<!-- All in One SEO Pro -->\r\n\t\t<title>El alto costo de la migraci\u00f3n cobra vidas: voluntarios de Red Guatemalteca tratan de ayudar<\/title>\n\n","aioseo_head_json":{"title":"El alto costo de la migraci\u00f3n cobra vidas: voluntarios de Red Guatemalteca tratan de ayudar","description":"Red Migrante Guatemalteca efect\u00faa jornadas humanitarias en refugios de Tijuana y van al desierto a buscara agua. El sacrificio de migrar puede ser muy peligroso.","canonical_url":"https:\/\/soymigrante.com\/revista\/el-alto-costo-de-la-migracion-cobra-vidas-voluntarios-de-red-guatemalteca-tratan-de-ayudar\/","robots":"max-snippet:-1, max-image-preview:large, max-video-preview:-1","keywords":"","webmasterTools":{"miscellaneous":"&lt;link rel=\"preconnect\" href=\"https:\/\/fonts.googleapis.com\" crossorigin&gt;\n&lt;link rel=\"preconnect\" href=\"https:\/\/fonts.gstatic.com\" crossorigin&gt;"},"schema":null,"og:locale":"es_ES","og:site_name":"SoyMigrante.com REVISTA \u2013 Nuestra misi\u00f3n es reconocer y dignificar al migrante.","og:type":"article","og:title":"El alto costo de la migraci\u00f3n cobra vidas: voluntarios de Red Guatemalteca tratan de ayudar","og:description":"Red Migrante Guatemalteca efect\u00faa jornadas humanitarias en refugios de Tijuana y van al desierto a buscara agua. El sacrificio de migrar puede ser muy peligroso.","og:url":"https:\/\/soymigrante.com\/revista\/el-alto-costo-de-la-migracion-cobra-vidas-voluntarios-de-red-guatemalteca-tratan-de-ayudar\/","og:image":"https:\/\/soymigrante.com\/revista\/wp-content\/uploads\/2024\/08\/red-migrante-desierto-5.webp","og:image:secure_url":"https:\/\/soymigrante.com\/revista\/wp-content\/uploads\/2024\/08\/red-migrante-desierto-5.webp","og:image:width":288,"og:image:height":288,"article:published_time":"2024-08-19T17:00:42+00:00","article:modified_time":"2024-08-20T14:00:52+00:00","article:publisher":"https:\/\/www.facebook.com\/soymigrantecom","twitter:card":"summary_large_image","twitter:site":"@SoyMigrante_com","twitter:title":"El alto costo de la migraci\u00f3n cobra vidas: voluntarios de Red Guatemalteca tratan de ayudar","twitter:description":"Red Migrante Guatemalteca efect\u00faa jornadas humanitarias en refugios de Tijuana y van al desierto a buscara agua. El sacrificio de migrar puede ser muy peligroso.","twitter:creator":"@SoyMigrante_com","twitter:image":"https:\/\/soymigrante.com\/revista\/wp-content\/uploads\/2024\/08\/red-migrante-desierto-5.webp"},"aioseo_meta_data":{"post_id":"8153","title":null,"description":"Red Migrante Guatemalteca efect\u00faa jornadas humanitarias en refugios de Tijuana y van al desierto a buscara agua. El sacrificio de migrar puede ser muy peligroso.","keywords":null,"keyphrases":{"focus":{"keyphrase":"Migrantes","score":68,"analysis":{"keyphraseInTitle":{"score":3,"maxScore":9,"error":1},"keyphraseInDescription":{"score":3,"maxScore":9,"error":1},"keyphraseLength":{"score":9,"maxScore":9,"error":0,"length":1},"keyphraseInURL":{"score":1,"maxScore":5,"error":1},"keyphraseInIntroduction":{"score":9,"maxScore":9,"error":0},"keyphraseInSubHeadings":{"score":3,"maxScore":9,"error":1},"keyphraseInImageAlt":{"score":9,"maxScore":9,"error":0},"keywordDensity":{"type":"best","score":9,"maxScore":9,"error":0}}},"additional":[{"keyphrase":"Red Migrante","score":100,"analysis":{"keyphraseInDescription":{"score":9,"maxScore":9,"error":0},"keyphraseLength":{"score":9,"maxScore":9,"error":0,"length":2},"keyphraseInIntroduction":{"score":9,"maxScore":9,"error":0},"keyphraseInImageAlt":{"score":9,"maxScore":9,"error":0},"keywordDensity":{"type":"best","score":9,"maxScore":9,"error":0}}},{"keyphrase":"Desierto","score":100,"analysis":{"keyphraseInDescription":{"score":9,"maxScore":9,"error":0},"keyphraseLength":{"score":9,"maxScore":9,"error":0,"length":1},"keyphraseInIntroduction":{"score":9,"maxScore":9,"error":0},"keyphraseInImageAlt":{"score":9,"maxScore":9,"error":0},"keywordDensity":{"type":"best","score":9,"maxScore":9,"error":0}}}]},"primary_term":null,"canonical_url":null,"og_title":null,"og_description":null,"og_object_type":"default","og_image_type":"default","og_image_url":null,"og_image_width":null,"og_image_height":null,"og_image_custom_url":null,"og_image_custom_fields":null,"og_video":"","og_custom_url":null,"og_article_section":null,"og_article_tags":null,"twitter_use_og":false,"twitter_card":"default","twitter_image_type":"default","twitter_image_url":null,"twitter_image_custom_url":null,"twitter_image_custom_fields":null,"twitter_title":null,"twitter_description":null,"schema":{"blockGraphs":[],"customGraphs":[],"default":{"data":{"Article":[],"Course":[],"Dataset":[],"FAQPage":[],"Movie":[],"Person":[],"Product":[],"ProductReview":[],"Car":[],"Recipe":[],"Service":[],"SoftwareApplication":[],"WebPage":[]},"graphName":"Article","isEnabled":true},"graphs":[]},"schema_type":"default","schema_type_options":null,"pillar_content":false,"robots_default":true,"robots_noindex":false,"robots_noarchive":false,"robots_nosnippet":false,"robots_nofollow":false,"robots_noimageindex":false,"robots_noodp":false,"robots_notranslate":false,"robots_max_snippet":"-1","robots_max_videopreview":"-1","robots_max_imagepreview":"large","priority":null,"frequency":"default","local_seo":null,"seo_analyzer_scan_date":"2025-10-08 22:36:14","breadcrumb_settings":null,"limit_modified_date":false,"reviewed_by":null,"open_ai":"{\"title\":{\"suggestions\":[],\"usage\":0},\"description\":{\"suggestions\":[],\"usage\":0}}","ai":null,"created":"2024-08-19 16:15:08","updated":"2026-02-04 12:39:48"},"aioseo_breadcrumb":"<div class=\"aioseo-breadcrumbs\"><span class=\"aioseo-breadcrumb\">\n\t<a href=\"https:\/\/soymigrante.com\/revista\" title=\"Home\">Home<\/a>\n<\/span><span class=\"aioseo-breadcrumb-separator\">\u00bb<\/span><span class=\"aioseo-breadcrumb\">\n\t<a href=\"https:\/\/soymigrante.com\/revista\/category\/estamos-unidos\/\" title=\"Estamos Unidos\">Estamos Unidos<\/a>\n<\/span><span class=\"aioseo-breadcrumb-separator\">\u00bb<\/span><span class=\"aioseo-breadcrumb\">\n\tEl alto costo de la migraci\u00f3n cobra vidas: voluntarios de Red Guatemalteca tratan de ayudar\n<\/span><\/div>","aioseo_breadcrumb_json":[{"label":"Home","link":"https:\/\/soymigrante.com\/revista"},{"label":"Estamos Unidos","link":"https:\/\/soymigrante.com\/revista\/category\/estamos-unidos\/"},{"label":"El alto costo de la migraci\u00f3n cobra vidas: voluntarios de Red Guatemalteca tratan de ayudar","link":"https:\/\/soymigrante.com\/revista\/el-alto-costo-de-la-migracion-cobra-vidas-voluntarios-de-red-guatemalteca-tratan-de-ayudar\/"}],"_links":{"self":[{"href":"https:\/\/soymigrante.com\/revista\/wp-json\/wp\/v2\/posts\/8153","targetHints":{"allow":["GET"]}}],"collection":[{"href":"https:\/\/soymigrante.com\/revista\/wp-json\/wp\/v2\/posts"}],"about":[{"href":"https:\/\/soymigrante.com\/revista\/wp-json\/wp\/v2\/types\/post"}],"author":[{"embeddable":true,"href":"https:\/\/soymigrante.com\/revista\/wp-json\/wp\/v2\/users\/7"}],"replies":[{"embeddable":true,"href":"https:\/\/soymigrante.com\/revista\/wp-json\/wp\/v2\/comments?post=8153"}],"version-history":[{"count":0,"href":"https:\/\/soymigrante.com\/revista\/wp-json\/wp\/v2\/posts\/8153\/revisions"}],"wp:featuredmedia":[{"embeddable":true,"href":"https:\/\/soymigrante.com\/revista\/wp-json\/wp\/v2\/media\/8154"}],"wp:attachment":[{"href":"https:\/\/soymigrante.com\/revista\/wp-json\/wp\/v2\/media?parent=8153"}],"wp:term":[{"taxonomy":"category","embeddable":true,"href":"https:\/\/soymigrante.com\/revista\/wp-json\/wp\/v2\/categories?post=8153"},{"taxonomy":"post_tag","embeddable":true,"href":"https:\/\/soymigrante.com\/revista\/wp-json\/wp\/v2\/tags?post=8153"}],"curies":[{"name":"wp","href":"https:\/\/api.w.org\/{rel}","templated":true}]}}