{"id":8135,"date":"2025-01-05T06:00:00","date_gmt":"2025-01-05T12:00:00","guid":{"rendered":"https:\/\/soymigrante.com\/revista\/?p=8135"},"modified":"2025-06-23T22:48:28","modified_gmt":"2025-06-24T04:48:28","slug":"receta-guatemalteca-para-preparar-las-deliciosas-canillitas-de-leche","status":"publish","type":"post","link":"https:\/\/soymigrante.com\/revista\/receta-guatemalteca-para-preparar-las-deliciosas-canillitas-de-leche\/","title":{"rendered":"Receta chapina para preparar exquisitas canillitas de leche"},"content":{"rendered":"\t\t<div data-elementor-type=\"wp-post\" data-elementor-id=\"8135\" class=\"elementor elementor-8135\" data-elementor-post-type=\"post\">\n\t\t\t\t<div data-particle_enable=\"false\" data-particle-mobile-disabled=\"false\" class=\"elementor-element elementor-element-d36a14a e-flex e-con-boxed e-con e-parent\" data-id=\"d36a14a\" data-element_type=\"container\" data-e-type=\"container\">\n\t\t\t\t\t<div class=\"e-con-inner\">\n\t\t\t\t<div class=\"elementor-element elementor-element-b7dd673 elementor-widget elementor-widget-heading\" data-id=\"b7dd673\" data-element_type=\"widget\" data-e-type=\"widget\" data-widget_type=\"heading.default\">\n\t\t\t\t\t<h2 class=\"elementor-heading-title elementor-size-default\">La gastronom\u00eda guatemalteca es rica en variedad de dulces, las canillitas de leche son especiales por su receta y su sabor y son consideradas de los postres m\u00e1s ricos.\n<\/h2>\t\t\t\t<\/div>\n\t\t\t\t\t<\/div>\n\t\t\t\t<\/div>\n\t\t<div data-particle_enable=\"false\" data-particle-mobile-disabled=\"false\" class=\"elementor-element elementor-element-3fe6fcb e-flex e-con-boxed e-con e-parent\" data-id=\"3fe6fcb\" data-element_type=\"container\" data-e-type=\"container\">\n\t\t\t\t\t<div class=\"e-con-inner\">\n\t\t\t\t<div class=\"elementor-element elementor-element-d5fb5eb elementor-widget elementor-widget-text-editor\" data-id=\"d5fb5eb\" data-element_type=\"widget\" data-e-type=\"widget\" data-widget_type=\"text-editor.default\">\n\t\t\t\t\t\t\t\t\t<p>Las Canillitas de Leche son un dulce t\u00edpico guatemalteco delicioso, ya que se elaboran con tres simples ingredientes: la leche, az\u00facar y canela. Aqu\u00ed te presentamos una \u00fatil receta para que las prepares.<\/p><p>Se les llama as\u00ed por su forma alargada y son preparadas de forma tradicional, sin preservativos qu\u00edmicos o proceso industrial, es por eso que tienen un sabor \u00fanico y especial.<\/p>\t\t\t\t\t\t\t\t<\/div>\n\t\t\t\t\t<\/div>\n\t\t\t\t<\/div>\n\t\t<div data-particle_enable=\"false\" data-particle-mobile-disabled=\"false\" class=\"elementor-element elementor-element-8c43927 e-flex e-con-boxed e-con e-parent\" data-id=\"8c43927\" data-element_type=\"container\" data-e-type=\"container\">\n\t\t\t\t\t<div class=\"e-con-inner\">\n\t\t\t\t<div class=\"elementor-element elementor-element-2c3216d elementor-widget elementor-widget-text-editor\" data-id=\"2c3216d\" data-element_type=\"widget\" data-e-type=\"widget\" data-widget_type=\"text-editor.default\">\n\t\t\t\t\t\t\t\t\t<p>No te puedes perder: <a href=\"https:\/\/soymigrante.com\/revista\/recetas-chapinas-subanik-comida-ceremonial-de-los-reyes\/\" target=\"_blank\" rel=\"noopener\">Recetas chapinas: suban\u2019ik, comida ceremonial de los reyes<\/a><\/p>\t\t\t\t\t\t\t\t<\/div>\n\t\t\t\t\t<\/div>\n\t\t\t\t<\/div>\n\t\t<div data-particle_enable=\"false\" data-particle-mobile-disabled=\"false\" class=\"elementor-element elementor-element-eed384f e-flex e-con-boxed e-con e-parent\" data-id=\"eed384f\" data-element_type=\"container\" data-e-type=\"container\">\n\t\t\t\t\t<div class=\"e-con-inner\">\n\t\t\t\t<div class=\"elementor-element elementor-element-2b2bad9 elementor-widget elementor-widget-image\" data-id=\"2b2bad9\" data-element_type=\"widget\" data-e-type=\"widget\" data-widget_type=\"image.default\">\n\t\t\t\t\t\t\t\t\t\t\t\t\t\t\t<img fetchpriority=\"high\" decoding=\"async\" width=\"638\" height=\"458\" src=\"https:\/\/soymigrante.com\/revista\/wp-content\/uploads\/2024\/08\/canillitas-de-leche-2.webp\" class=\"attachment-large size-large wp-image-8137\" alt=\"Yuca fresca cortada en rebanadas sobre tela tejida de colores vibrantes, representando ingredientes tradicionales mexicanos, ideal para recetas aut\u00e9nticas de comida mexicana.\" srcset=\"https:\/\/soymigrante.com\/revista\/wp-content\/uploads\/2024\/08\/canillitas-de-leche-2.webp 638w, https:\/\/soymigrante.com\/revista\/wp-content\/uploads\/2024\/08\/canillitas-de-leche-2-300x215.webp 300w, https:\/\/soymigrante.com\/revista\/wp-content\/uploads\/2024\/08\/canillitas-de-leche-2-120x86.webp 120w, https:\/\/soymigrante.com\/revista\/wp-content\/uploads\/2024\/08\/canillitas-de-leche-2-350x250.webp 350w\" sizes=\"(max-width: 638px) 100vw, 638px\" title=\"Receta guatemalteca para las deliciosas canillitas de leche \u2013 SoyMigrante.com REVISTA\" \/>\t\t\t\t\t\t\t\t\t\t\t\t\t\t\t<\/div>\n\t\t\t\t\t<\/div>\n\t\t\t\t<\/div>\n\t\t<div data-particle_enable=\"false\" data-particle-mobile-disabled=\"false\" class=\"elementor-element elementor-element-46e64a5 e-flex e-con-boxed e-con e-parent\" data-id=\"46e64a5\" data-element_type=\"container\" data-e-type=\"container\">\n\t\t\t\t\t<div class=\"e-con-inner\">\n\t\t\t\t<div class=\"elementor-element elementor-element-98e47d8 elementor-widget elementor-widget-heading\" data-id=\"98e47d8\" data-element_type=\"widget\" data-e-type=\"widget\" data-widget_type=\"heading.default\">\n\t\t\t\t\t<h3 class=\"elementor-heading-title elementor-size-default\">Receta para hacer canillitas de leche guatemaltecas<\/h3>\t\t\t\t<\/div>\n\t\t\t\t\t<\/div>\n\t\t\t\t<\/div>\n\t\t<div data-particle_enable=\"false\" data-particle-mobile-disabled=\"false\" class=\"elementor-element elementor-element-4df3812 e-flex e-con-boxed e-con e-parent\" data-id=\"4df3812\" data-element_type=\"container\" data-e-type=\"container\">\n\t\t\t\t\t<div class=\"e-con-inner\">\n\t\t\t\t<div class=\"elementor-element elementor-element-bb22aed elementor-widget elementor-widget-text-editor\" data-id=\"bb22aed\" data-element_type=\"widget\" data-e-type=\"widget\" data-widget_type=\"text-editor.default\">\n\t\t\t\t\t\t\t\t\t<p>Ingredientes de las Canillitas de leche<br \/>1 litro de leche.<br \/>2 libras de az\u00facar.<br \/>1 raja de canela.<\/p>\t\t\t\t\t\t\t\t<\/div>\n\t\t\t\t\t<\/div>\n\t\t\t\t<\/div>\n\t\t<div data-particle_enable=\"false\" data-particle-mobile-disabled=\"false\" class=\"elementor-element elementor-element-6112cf2 e-flex e-con-boxed e-con e-parent\" data-id=\"6112cf2\" data-element_type=\"container\" data-e-type=\"container\">\n\t\t\t\t\t<div class=\"e-con-inner\">\n\t\t\t\t<div class=\"elementor-element elementor-element-9ff84a8 elementor-widget elementor-widget-text-editor\" data-id=\"9ff84a8\" data-element_type=\"widget\" data-e-type=\"widget\" data-widget_type=\"text-editor.default\">\n\t\t\t\t\t\t\t\t\t<p>Preparaci\u00f3n<br \/>Primero, a\u00f1adir todos los ingredientes anteriores en un bowl y mezclarlos bien.<br \/>Cocinar a fuego lento el contenido del recipiente.<br \/>Mover continuamente hasta que se forme una masa uniforme. Puede que esto se lleve aproximadamente 3 horas.<br \/>Se recomienda dejar reposar un poco al retirar del fuego.<br \/>Luego cortar de forma y tama\u00f1o que se desee.<br \/>Finalmente, dejar enfriar.<\/p>\t\t\t\t\t\t\t\t<\/div>\n\t\t\t\t\t<\/div>\n\t\t\t\t<\/div>\n\t\t<div data-particle_enable=\"false\" data-particle-mobile-disabled=\"false\" class=\"elementor-element elementor-element-afec347 e-flex e-con-boxed e-con e-parent\" data-id=\"afec347\" data-element_type=\"container\" data-e-type=\"container\">\n\t\t\t\t\t<div class=\"e-con-inner\">\n\t\t\t\t<div class=\"elementor-element elementor-element-0795168 elementor-widget elementor-widget-video\" data-id=\"0795168\" data-element_type=\"widget\" data-e-type=\"widget\" data-settings=\"{&quot;youtube_url&quot;:&quot;https:\\\/\\\/www.youtube.com\\\/watch?v=VrPsjzlSOCA&quot;,&quot;video_type&quot;:&quot;youtube&quot;,&quot;controls&quot;:&quot;yes&quot;}\" data-widget_type=\"video.default\">\n\t\t\t\t\t\t\t<div class=\"elementor-wrapper elementor-open-inline\">\n\t\t\t<div class=\"elementor-video\"><\/div>\t\t<\/div>\n\t\t\t\t\t\t<\/div>\n\t\t\t\t\t<\/div>\n\t\t\t\t<\/div>\n\t\t<div data-particle_enable=\"false\" data-particle-mobile-disabled=\"false\" class=\"elementor-element elementor-element-57cff5f e-flex e-con-boxed e-con e-parent\" data-id=\"57cff5f\" data-element_type=\"container\" data-e-type=\"container\">\n\t\t\t\t\t<div class=\"e-con-inner\">\n\t\t\t\t<div class=\"elementor-element elementor-element-f39f7b4 elementor-widget elementor-widget-heading\" data-id=\"f39f7b4\" data-element_type=\"widget\" data-e-type=\"widget\" data-widget_type=\"heading.default\">\n\t\t\t\t\t<h2 class=\"elementor-heading-title elementor-size-default\">Conoce m\u00e1s de Guatemala ac\u00e1...<\/h2>\t\t\t\t<\/div>\n\t\t\t\t\t<\/div>\n\t\t\t\t<\/div>\n\t\t<div data-particle_enable=\"false\" data-particle-mobile-disabled=\"false\" class=\"elementor-element elementor-element-544c2be e-flex e-con-boxed e-con e-parent\" data-id=\"544c2be\" data-element_type=\"container\" data-e-type=\"container\">\n\t\t\t\t\t<div class=\"e-con-inner\">\n\t\t\t\t<div class=\"elementor-element elementor-element-74e697a elementor-widget elementor-widget-blfe-post-grid\" data-id=\"74e697a\" data-element_type=\"widget\" data-e-type=\"widget\" data-settings=\"{&quot;columns&quot;:&quot;3&quot;,&quot;columns_tablet&quot;:&quot;6&quot;,&quot;columns_mobile&quot;:&quot;12&quot;,&quot;classic2_layout_column_gap&quot;:{&quot;unit&quot;:&quot;px&quot;,&quot;size&quot;:30,&quot;sizes&quot;:[]},&quot;classic2_layout_column_gap_tablet&quot;:{&quot;unit&quot;:&quot;px&quot;,&quot;size&quot;:&quot;&quot;,&quot;sizes&quot;:[]},&quot;classic2_layout_column_gap_mobile&quot;:{&quot;unit&quot;:&quot;px&quot;,&quot;size&quot;:&quot;&quot;,&quot;sizes&quot;:[]},&quot;classic2_layout_row_gap&quot;:{&quot;unit&quot;:&quot;px&quot;,&quot;size&quot;:30,&quot;sizes&quot;:[]},&quot;classic2_layout_row_gap_tablet&quot;:{&quot;unit&quot;:&quot;px&quot;,&quot;size&quot;:&quot;&quot;,&quot;sizes&quot;:[]},&quot;classic2_layout_row_gap_mobile&quot;:{&quot;unit&quot;:&quot;px&quot;,&quot;size&quot;:&quot;&quot;,&quot;sizes&quot;:[]}}\" data-widget_type=\"blfe-post-grid.classic2\">\n\t\t\t\t<div class=\"elementor-widget-container\">\n\t\t\t\t\t\n                        <div class=\"blfe-post-grid-container \">\n            \n                <div data-skin=\"classic2\" class=\"blfe-row blfe-posts-inner blfe-classic2 blfe-posts-inner blfe-col-3 blfe-col-tab-6 blfe-col-mob-12     \">\n                            <div class=\"blfe-post-grid-item \">\n            <div class=\"blfe-post-grid-item-inner blfe-zoom\">\n                <a class=\"blfe-post-grid-image\" href=\"https:\/\/soymigrante.com\/revista\/dia-de-la-tierra-todos-los-dias-productos-guatemaltecos-naturales-y-autenticos-en-mercado\/\" title=\"D\u00eda de la Tierra todos los d\u00edas: productos guatemaltecos naturales y aut\u00e9nticos en MERCADO\" rel=\"nofollow\" target=\"_blank\"><img decoding=\"async\" src=\"https:\/\/soymigrante.com\/revista\/wp-content\/uploads\/2026\/04\/DIA-DE-LA-TIERRA-PRODUCTOS-ECOLOGICOS-GUATEMALA-SOYMIGRANTE-MERCADO.png\" alt=\"D\u00eda de la Tierra todos los d\u00edas: productos guatemaltecos naturales y aut\u00e9nticos en MERCADO\"\/><\/a>                <span class=\"blfe-post-category\"><a href=\"https:\/\/soymigrante.com\/revista\/category\/guate-nuestra\/\">Guate Nuestra<\/a><\/span>                <div class=\"blfe-post-grid-details\">\n                    <div class=\"blfe-post-grid-details-inner\">\n                        <h3 class=\"blfe-post-grid-title\">\n            <a href=\"https:\/\/soymigrante.com\/revista\/dia-de-la-tierra-todos-los-dias-productos-guatemaltecos-naturales-y-autenticos-en-mercado\/\" title=\"D\u00eda de la Tierra todos los d\u00edas: productos guatemaltecos naturales y aut\u00e9nticos en MERCADO\" rel=\"nofollow\" target=\"_blank\">D\u00eda de la Tierra todos los d\u00edas: productos guatemaltecos naturales y aut\u00e9nticos en MERCADO<\/a>\n            <\/h3>                                                            <div class=\"blfe-post-grid-meta\">\n                <span class=\"blfe-post-grid-time\"><i class=\"fas fa-book-reader\"><\/i>4 Min read<\/span>            <\/div>\n                                                        <\/div>\n                <\/div>\n\n            <\/div>\n        <\/div>\n                <div class=\"blfe-post-grid-item \">\n            <div class=\"blfe-post-grid-item-inner blfe-zoom\">\n                <a class=\"blfe-post-grid-image\" href=\"https:\/\/soymigrante.com\/revista\/refugio-natural-cerca-de-la-capital-la-reserva-ecologica-senderos-de-alux-en-sacatepequez\/\" title=\"Refugio natural cerca de la capital: La reserva ecol\u00f3gica Senderos de Alux en Sacatep\u00e9quez\" rel=\"nofollow\" target=\"_blank\"><img decoding=\"async\" src=\"https:\/\/soymigrante.com\/revista\/wp-content\/uploads\/2026\/04\/parque-ecologico-senderos-de-alux-5.jpg\" alt=\"Refugio natural cerca de la capital: La reserva ecol\u00f3gica Senderos de Alux en Sacatep\u00e9quez\"\/><\/a>                <span class=\"blfe-post-category\"><a href=\"https:\/\/soymigrante.com\/revista\/category\/guate-nuestra\/\">Guate Nuestra<\/a><\/span>                <div class=\"blfe-post-grid-details\">\n                    <div class=\"blfe-post-grid-details-inner\">\n                        <h3 class=\"blfe-post-grid-title\">\n            <a href=\"https:\/\/soymigrante.com\/revista\/refugio-natural-cerca-de-la-capital-la-reserva-ecologica-senderos-de-alux-en-sacatepequez\/\" title=\"Refugio natural cerca de la capital: La reserva ecol\u00f3gica Senderos de Alux en Sacatep\u00e9quez\" rel=\"nofollow\" target=\"_blank\">Refugio natural cerca de la capital: La reserva ecol\u00f3gica Senderos de Alux en Sacatep\u00e9quez<\/a>\n            <\/h3>                                                            <div class=\"blfe-post-grid-meta\">\n                <span class=\"blfe-post-grid-time\"><i class=\"fas fa-book-reader\"><\/i>4 Min read<\/span>            <\/div>\n                                                        <\/div>\n                <\/div>\n\n            <\/div>\n        <\/div>\n                <div class=\"blfe-post-grid-item \">\n            <div class=\"blfe-post-grid-item-inner blfe-zoom\">\n                <a class=\"blfe-post-grid-image\" href=\"https:\/\/soymigrante.com\/revista\/libros-guatemaltecos-dia-internacional-del-libro-festeja-inspirate-mercado\/\" title=\"Celebra el D\u00eda del Libro con inspiraci\u00f3n 100% guatemalteca: adquiere, disfruta u obsequia en MERCADO\" rel=\"nofollow\" target=\"_blank\"><img decoding=\"async\" src=\"https:\/\/soymigrante.com\/revista\/wp-content\/uploads\/2026\/04\/DIA-DEL-LIBRO-SOYMIGRANTE-MERCADO.png\" alt=\"Celebra el D\u00eda del Libro con inspiraci\u00f3n 100% guatemalteca: adquiere, disfruta u obsequia en MERCADO\"\/><\/a>                <span class=\"blfe-post-category\"><a href=\"https:\/\/soymigrante.com\/revista\/category\/guate-nuestra\/\">Guate Nuestra<\/a><\/span>                <div class=\"blfe-post-grid-details\">\n                    <div class=\"blfe-post-grid-details-inner\">\n                        <h3 class=\"blfe-post-grid-title\">\n            <a href=\"https:\/\/soymigrante.com\/revista\/libros-guatemaltecos-dia-internacional-del-libro-festeja-inspirate-mercado\/\" title=\"Celebra el D\u00eda del Libro con inspiraci\u00f3n 100% guatemalteca: adquiere, disfruta u obsequia en MERCADO\" rel=\"nofollow\" target=\"_blank\">Celebra el D\u00eda del Libro con inspiraci\u00f3n 100% guatemalteca: adquiere, disfruta u obsequia en MERCADO<\/a>\n            <\/h3>                                                            <div class=\"blfe-post-grid-meta\">\n                <span class=\"blfe-post-grid-time\"><i class=\"fas fa-book-reader\"><\/i>6 Min read<\/span>            <\/div>\n                                                        <\/div>\n                <\/div>\n\n            <\/div>\n        <\/div>\n                        <\/div>\n\n                        <\/div>\n            \n                        <div class=\"blfe-post-footer\">\n                        <\/div>\n            \t\t\t\t<\/div>\n\t\t\t\t<\/div>\n\t\t\t\t\t<\/div>\n\t\t\t\t<\/div>\n\t\t\t\t<\/div>\n\t\t","protected":false},"excerpt":{"rendered":"<p>La gastronom\u00eda guatemalteca es rica en variedad de dulces, las canillitas de leche son especiales por su receta y su sabor y son consideradas de los postres m\u00e1s ricos. Las Canillitas de Leche son un dulce t\u00edpico guatemalteco delicioso, ya que se elaboran con tres simples ingredientes: la leche, az\u00facar y canela. Aqu\u00ed te presentamos [&hellip;]<\/p>\n","protected":false},"author":19,"featured_media":8136,"comment_status":"open","ping_status":"open","sticky":false,"template":"","format":"standard","meta":{"_acf_changed":false,"_eb_attr":"","footnotes":""},"categories":[247],"tags":[],"class_list":["post-8135","post","type-post","status-publish","format-standard","has-post-thumbnail","hentry","category-recetas-guatemaltecas"],"acf":[],"aioseo_notices":[],"aioseo_head":"\n\t\t<!-- All in One SEO Pro 4.9.6.2 - aioseo.com -->\n\t<meta name=\"description\" content=\"Libros guatemaltecos est\u00e1n listos para elevar su vuelo y llegar hasta t\u00ed a trav\u00e9s de SoyMigrante.com MERCADO. En este D\u00eda del Libro adquiere y apoya el talento.\" \/>\n\t<meta name=\"robots\" content=\"max-snippet:-1, max-image-preview:large, max-video-preview:-1\" \/>\n\t<meta name=\"author\" content=\"SoyMigrante.com REVISTA\"\/>\n\t<link rel=\"canonical\" href=\"https:\/\/soymigrante.com\/revista\/libros-guatemaltecos-dia-internacional-del-libro-festeja-inspirate-mercado\/\" \/>\n\t<meta name=\"generator\" content=\"All in One SEO Pro (AIOSEO) 4.9.6.2\" \/>\n\n\t\t<link rel=\"preconnect\" href=\"https:\/\/fonts.googleapis.com\" crossorigin>\n<link rel=\"preconnect\" href=\"https:\/\/fonts.gstatic.com\" crossorigin>\n\t\t<meta property=\"og:locale\" content=\"es_ES\" \/>\n\t\t<meta property=\"og:site_name\" content=\"SoyMigrante.com REVISTA \u2013 Nuestra misi\u00f3n es reconocer y dignificar al migrante.\" \/>\n\t\t<meta property=\"og:type\" content=\"article\" \/>\n\t\t<meta property=\"og:title\" content=\"Celebra el D\u00eda del Libro con inspiraci\u00f3n 100% guatemalteca\" \/>\n\t\t<meta property=\"og:description\" content=\"Libros guatemaltecos est\u00e1n listos para elevar su vuelo y llegar hasta t\u00ed a trav\u00e9s de SoyMigrante.com MERCADO. En este D\u00eda del Libro adquiere y apoya el talento.\" \/>\n\t\t<meta property=\"og:url\" content=\"https:\/\/soymigrante.com\/revista\/libros-guatemaltecos-dia-internacional-del-libro-festeja-inspirate-mercado\/\" \/>\n\t\t<meta property=\"og:image\" content=\"https:\/\/soymigrante.com\/revista\/wp-content\/uploads\/2026\/04\/DIA-DEL-LIBRO-SOYMIGRANTE-MERCADO.png\" \/>\n\t\t<meta property=\"og:image:secure_url\" content=\"https:\/\/soymigrante.com\/revista\/wp-content\/uploads\/2026\/04\/DIA-DEL-LIBRO-SOYMIGRANTE-MERCADO.png\" \/>\n\t\t<meta property=\"og:image:width\" content=\"1200\" \/>\n\t\t<meta property=\"og:image:height\" content=\"1200\" \/>\n\t\t<meta property=\"article:published_time\" content=\"2026-04-20T15:39:23+00:00\" \/>\n\t\t<meta property=\"article:modified_time\" content=\"2026-04-20T15:47:41+00:00\" \/>\n\t\t<meta property=\"article:publisher\" content=\"https:\/\/www.facebook.com\/soymigrantecom\" \/>\n\t\t<meta name=\"twitter:card\" content=\"summary_large_image\" \/>\n\t\t<meta name=\"twitter:site\" content=\"@SoyMigrante_com\" \/>\n\t\t<meta name=\"twitter:title\" content=\"Celebra el D\u00eda del Libro con inspiraci\u00f3n 100% guatemalteca\" \/>\n\t\t<meta name=\"twitter:description\" content=\"Libros guatemaltecos est\u00e1n listos para elevar su vuelo y llegar hasta t\u00ed a trav\u00e9s de SoyMigrante.com MERCADO. En este D\u00eda del Libro adquiere y apoya el talento.\" \/>\n\t\t<meta name=\"twitter:creator\" content=\"@SoyMigrante_com\" \/>\n\t\t<meta name=\"twitter:image\" content=\"https:\/\/soymigrante.com\/revista\/wp-content\/uploads\/2026\/04\/DIA-DEL-LIBRO-SOYMIGRANTE-MERCADO.png\" \/>\n\t\t<!-- All in One SEO Pro -->\r\n\t\t<title>Celebra el D\u00eda del Libro con inspiraci\u00f3n 100% guatemalteca<\/title>\n\n","aioseo_head_json":{"title":"Celebra el D\u00eda del Libro con inspiraci\u00f3n 100% guatemalteca","description":"Libros guatemaltecos est\u00e1n listos para elevar su vuelo y llegar hasta t\u00ed a trav\u00e9s de SoyMigrante.com MERCADO. En este D\u00eda del Libro adquiere y apoya el talento.","canonical_url":"https:\/\/soymigrante.com\/revista\/libros-guatemaltecos-dia-internacional-del-libro-festeja-inspirate-mercado\/","robots":"max-snippet:-1, max-image-preview:large, max-video-preview:-1","keywords":"","webmasterTools":{"miscellaneous":"&lt;link rel=\"preconnect\" href=\"https:\/\/fonts.googleapis.com\" crossorigin&gt;\n&lt;link rel=\"preconnect\" href=\"https:\/\/fonts.gstatic.com\" crossorigin&gt;"},"schema":null,"og:locale":"es_ES","og:site_name":"SoyMigrante.com REVISTA \u2013 Nuestra misi\u00f3n es reconocer y dignificar al migrante.","og:type":"article","og:title":"Celebra el D\u00eda del Libro con inspiraci\u00f3n 100% guatemalteca","og:description":"Libros guatemaltecos est\u00e1n listos para elevar su vuelo y llegar hasta t\u00ed a trav\u00e9s de SoyMigrante.com MERCADO. En este D\u00eda del Libro adquiere y apoya el talento.","og:url":"https:\/\/soymigrante.com\/revista\/libros-guatemaltecos-dia-internacional-del-libro-festeja-inspirate-mercado\/","og:image":"https:\/\/soymigrante.com\/revista\/wp-content\/uploads\/2026\/04\/DIA-DEL-LIBRO-SOYMIGRANTE-MERCADO.png","og:image:secure_url":"https:\/\/soymigrante.com\/revista\/wp-content\/uploads\/2026\/04\/DIA-DEL-LIBRO-SOYMIGRANTE-MERCADO.png","og:image:width":1200,"og:image:height":1200,"article:published_time":"2026-04-20T15:39:23+00:00","article:modified_time":"2026-04-20T15:47:41+00:00","article:publisher":"https:\/\/www.facebook.com\/soymigrantecom","twitter:card":"summary_large_image","twitter:site":"@SoyMigrante_com","twitter:title":"Celebra el D\u00eda del Libro con inspiraci\u00f3n 100% guatemalteca","twitter:description":"Libros guatemaltecos est\u00e1n listos para elevar su vuelo y llegar hasta t\u00ed a trav\u00e9s de SoyMigrante.com MERCADO. En este D\u00eda del Libro adquiere y apoya el talento.","twitter:creator":"@SoyMigrante_com","twitter:image":"https:\/\/soymigrante.com\/revista\/wp-content\/uploads\/2026\/04\/DIA-DEL-LIBRO-SOYMIGRANTE-MERCADO.png"},"aioseo_meta_data":{"post_id":"8135","title":"Dulce receta chapin: as\u00ed se preparan las canillitas de leche","description":"Hay muchos dulces tradicionales guatemaltecos, pero las canillitas de leche sin duda alguna ocupan un lugar especial en la memoria y el coraz\u00f3n. As\u00ed se preparan","keywords":null,"keyphrases":{"focus":{"keyphrase":"canillitas de leche","score":100,"analysis":{"keyphraseInTitle":{"score":9,"maxScore":9,"error":0},"keyphraseInDescription":{"score":9,"maxScore":9,"error":0},"keyphraseLength":{"score":9,"maxScore":9,"error":0,"length":3},"keyphraseInURL":{"score":5,"maxScore":5,"error":0},"keyphraseInIntroduction":{"score":9,"maxScore":9,"error":0},"keyphraseInSubHeadings":{"score":9,"maxScore":9,"error":0},"keyphraseInImageAlt":{"score":9,"maxScore":9,"error":0},"keywordDensity":{"type":"best","score":9,"maxScore":9,"error":0}}},"additional":[{"keyphrase":"canillitas de leche","score":100,"analysis":{"keyphraseInDescription":{"score":9,"maxScore":9,"error":0},"keyphraseLength":{"score":9,"maxScore":9,"error":0,"length":3},"keyphraseInIntroduction":{"score":9,"maxScore":9,"error":0},"keyphraseInImageAlt":{"score":9,"maxScore":9,"error":0},"keywordDensity":{"type":"best","score":9,"maxScore":9,"error":0}}}]},"primary_term":null,"canonical_url":null,"og_title":null,"og_description":null,"og_object_type":"default","og_image_type":"default","og_image_url":null,"og_image_width":null,"og_image_height":null,"og_image_custom_url":null,"og_image_custom_fields":null,"og_video":"","og_custom_url":null,"og_article_section":null,"og_article_tags":null,"twitter_use_og":false,"twitter_card":"default","twitter_image_type":"default","twitter_image_url":null,"twitter_image_custom_url":null,"twitter_image_custom_fields":null,"twitter_title":null,"twitter_description":null,"schema":{"blockGraphs":[],"customGraphs":[],"default":{"data":{"Article":[],"Course":[],"Dataset":[],"FAQPage":[],"Movie":[],"Person":[],"Product":[],"ProductReview":[],"Car":[],"Recipe":[],"Service":[],"SoftwareApplication":[],"WebPage":[]},"graphName":"none","isEnabled":true},"graphs":[]},"schema_type":"default","schema_type_options":null,"pillar_content":false,"robots_default":true,"robots_noindex":false,"robots_noarchive":false,"robots_nosnippet":false,"robots_nofollow":false,"robots_noimageindex":false,"robots_noodp":false,"robots_notranslate":false,"robots_max_snippet":"-1","robots_max_videopreview":"-1","robots_max_imagepreview":"large","priority":null,"frequency":"default","local_seo":null,"seo_analyzer_scan_date":"2025-10-09 01:31:19","breadcrumb_settings":null,"limit_modified_date":false,"reviewed_by":"0","open_ai":"{\"title\":{\"suggestions\":[],\"usage\":0},\"description\":{\"suggestions\":[],\"usage\":0}}","ai":null,"created":"2024-08-16 23:59:31","updated":"2026-02-04 18:47:13"},"aioseo_breadcrumb":"<div class=\"aioseo-breadcrumbs\"><span class=\"aioseo-breadcrumb\">\n\t<a href=\"https:\/\/soymigrante.com\/revista\" title=\"Home\">Home<\/a>\n<\/span><span class=\"aioseo-breadcrumb-separator\">\u00bb<\/span><span class=\"aioseo-breadcrumb\">\n\t<a href=\"https:\/\/soymigrante.com\/revista\/category\/guate-nuestra\/\" title=\"Guate Nuestra\">Guate Nuestra<\/a>\n<\/span><span class=\"aioseo-breadcrumb-separator\">\u00bb<\/span><span class=\"aioseo-breadcrumb\">\n\t<a href=\"https:\/\/soymigrante.com\/revista\/category\/guate-nuestra\/recetas-guatemaltecas\/\" title=\"Recetas guatemaltecas\">Recetas guatemaltecas<\/a>\n<\/span><span class=\"aioseo-breadcrumb-separator\">\u00bb<\/span><span class=\"aioseo-breadcrumb\">\n\tReceta chapina para preparar exquisitas canillitas de leche\n<\/span><\/div>","aioseo_breadcrumb_json":[{"label":"Home","link":"https:\/\/soymigrante.com\/revista"},{"label":"Guate Nuestra","link":"https:\/\/soymigrante.com\/revista\/category\/guate-nuestra\/"},{"label":"Recetas guatemaltecas","link":"https:\/\/soymigrante.com\/revista\/category\/guate-nuestra\/recetas-guatemaltecas\/"},{"label":"Receta chapina para preparar exquisitas canillitas de leche","link":"https:\/\/soymigrante.com\/revista\/receta-guatemalteca-para-preparar-las-deliciosas-canillitas-de-leche\/"}],"_links":{"self":[{"href":"https:\/\/soymigrante.com\/revista\/wp-json\/wp\/v2\/posts\/8135","targetHints":{"allow":["GET"]}}],"collection":[{"href":"https:\/\/soymigrante.com\/revista\/wp-json\/wp\/v2\/posts"}],"about":[{"href":"https:\/\/soymigrante.com\/revista\/wp-json\/wp\/v2\/types\/post"}],"author":[{"embeddable":true,"href":"https:\/\/soymigrante.com\/revista\/wp-json\/wp\/v2\/users\/19"}],"replies":[{"embeddable":true,"href":"https:\/\/soymigrante.com\/revista\/wp-json\/wp\/v2\/comments?post=8135"}],"version-history":[{"count":1,"href":"https:\/\/soymigrante.com\/revista\/wp-json\/wp\/v2\/posts\/8135\/revisions"}],"predecessor-version":[{"id":37608,"href":"https:\/\/soymigrante.com\/revista\/wp-json\/wp\/v2\/posts\/8135\/revisions\/37608"}],"wp:featuredmedia":[{"embeddable":true,"href":"https:\/\/soymigrante.com\/revista\/wp-json\/wp\/v2\/media\/8136"}],"wp:attachment":[{"href":"https:\/\/soymigrante.com\/revista\/wp-json\/wp\/v2\/media?parent=8135"}],"wp:term":[{"taxonomy":"category","embeddable":true,"href":"https:\/\/soymigrante.com\/revista\/wp-json\/wp\/v2\/categories?post=8135"},{"taxonomy":"post_tag","embeddable":true,"href":"https:\/\/soymigrante.com\/revista\/wp-json\/wp\/v2\/tags?post=8135"}],"curies":[{"name":"wp","href":"https:\/\/api.w.org\/{rel}","templated":true}]}}