{"id":812,"date":"2023-05-26T08:13:12","date_gmt":"2023-05-26T08:13:12","guid":{"rendered":"https:\/\/soymigrante.wpengine.com\/?p=812"},"modified":"2024-11-01T10:00:58","modified_gmt":"2024-11-01T16:00:58","slug":"angel-ambrocio-realiza-el-gran-sueno-de-volver-a-vivir-en-su-tierra-natal","status":"publish","type":"post","link":"https:\/\/soymigrante.com\/revista\/angel-ambrocio-realiza-el-gran-sueno-de-volver-a-vivir-en-su-tierra-natal\/","title":{"rendered":"\u00c1ngel Ambrocio realiza el gran sue\u00f1o de volver a vivir en su Guatemala natal"},"content":{"rendered":"\t\t<div data-elementor-type=\"wp-post\" data-elementor-id=\"812\" class=\"elementor elementor-812\" data-elementor-post-type=\"post\">\n\t\t\t\t\t\t<section data-particle_enable=\"false\" data-particle-mobile-disabled=\"false\" class=\"elementor-section elementor-top-section elementor-element elementor-element-41cc4fa elementor-section-boxed elementor-section-height-default elementor-section-height-default\" data-id=\"41cc4fa\" data-element_type=\"section\" data-e-type=\"section\">\n\t\t\t\t\t\t<div class=\"elementor-container elementor-column-gap-default\">\n\t\t\t\t\t<div class=\"elementor-column elementor-col-100 elementor-top-column elementor-element elementor-element-27fd0e1\" data-id=\"27fd0e1\" data-element_type=\"column\" data-e-type=\"column\">\n\t\t\t<div class=\"elementor-widget-wrap elementor-element-populated\">\n\t\t\t\t\t\t<div class=\"elementor-element elementor-element-96a1bd5 elementor-widget elementor-widget-heading\" data-id=\"96a1bd5\" data-element_type=\"widget\" data-e-type=\"widget\" data-widget_type=\"heading.default\">\n\t\t\t\t\t<h2 class=\"elementor-heading-title elementor-size-default\">Trabajando en la cocina de un restaurante franc\u00e9s de Washington D.C., pudo descubrir, valorar y exaltar el valor de las ra\u00edces artesanales del negocio familiar.<\/h2>\t\t\t\t<\/div>\n\t\t\t\t<div class=\"elementor-element elementor-element-7660e94 elementor-widget elementor-widget-text-editor\" data-id=\"7660e94\" data-element_type=\"widget\" data-e-type=\"widget\" data-widget_type=\"text-editor.default\">\n\t\t\t\t\t\t\t\t\t<p>Angel Ambrocio Abac est\u00e1 al frente de Momostip\u00e1n, una empresa familiar localizada en Momostenango, Totonicap\u00e1n, su pueblo de origen. Migr\u00f3 a EE.UU. en donde descubri\u00f3 algo que antes no valoraba tanto y se traz\u00f3 la meta de volver a su pueblo para cerrar un c\u00edrculo de realizaci\u00f3n personal.\u00a0 \u00bfC\u00f3mo fue aquel proceso? \u00bfPor qu\u00e9 se march\u00f3? \u00bfQu\u00e9 le hizo volver a pesar de tener un prometedor empleo en la capital estadounidense?<\/p>\n<p>\u201cMi pap\u00e1 ten\u00eda una panader\u00eda que a su vez hered\u00f3 de mis abuelos. \u00c9l me ense\u00f1\u00f3 este oficio, pero uno cuando es adolescente a saber qu\u00e9 cree y siente verg\u00fcenza a veces de que lo miren trabajando en una ocupaci\u00f3n que parece sencilla. Sent\u00eda que mis amigos se burlaban de m\u00ed si me miraban amasando. As\u00ed que yo aprend\u00ed pero debo reconocer que no me gustaba\u201d, relata \u00c1ngel.<\/p>\t\t\t\t\t\t\t\t<\/div>\n\t\t\t\t<div class=\"elementor-element elementor-element-72c8e74 elementor-widget elementor-widget-image\" data-id=\"72c8e74\" data-element_type=\"widget\" data-e-type=\"widget\" data-widget_type=\"image.default\">\n\t\t\t\t\t\t\t\t\t\t\t\t<figure class=\"wp-caption\">\n\t\t\t\t\t\t\t\t\t\t<img fetchpriority=\"high\" decoding=\"async\" width=\"594\" height=\"1024\" src=\"https:\/\/soymigrante.com\/revista\/wp-content\/uploads\/2023\/03\/ANGEL-AMBROCIO-2-594x1024.jpg\" class=\"attachment-large size-large wp-image-813\" alt=\"\u00c1ngel Ambrocio realiza el gran sue\u00f1o de volver a vivir en su Guatemala natal\" srcset=\"https:\/\/soymigrante.com\/revista\/wp-content\/uploads\/2023\/03\/ANGEL-AMBROCIO-2-594x1024.jpg 594w, https:\/\/soymigrante.com\/revista\/wp-content\/uploads\/2023\/03\/ANGEL-AMBROCIO-2-174x300.webp 174w, https:\/\/soymigrante.com\/revista\/wp-content\/uploads\/2023\/03\/ANGEL-AMBROCIO-2-768x1324.jpg 768w, https:\/\/soymigrante.com\/revista\/wp-content\/uploads\/2023\/03\/ANGEL-AMBROCIO-2-891x1536.jpg 891w, https:\/\/soymigrante.com\/revista\/wp-content\/uploads\/2023\/03\/ANGEL-AMBROCIO-2-750x1293.webp 750w, https:\/\/soymigrante.com\/revista\/wp-content\/uploads\/2023\/03\/ANGEL-AMBROCIO-2-1140x1965.jpg 1140w, https:\/\/soymigrante.com\/revista\/wp-content\/uploads\/2023\/03\/ANGEL-AMBROCIO-2.webp 1114w\" sizes=\"(max-width: 594px) 100vw, 594px\" title=\"ANGEL-AMBROCIO-2 \u2013 SoyMigrante.com REVISTA\" \/>\t\t\t\t\t\t\t\t\t\t\t<figcaption class=\"widget-image-caption wp-caption-text\">Angel Ambrocio en el frente de Momostip\u00e1n, junto a su hijo menor en el centro de Momostenango, Totonicap\u00e1n. Regres\u00f3 de EE:UU. para estar permanentemente con su familia.<\/figcaption>\n\t\t\t\t\t\t\t\t\t\t<\/figure>\n\t\t\t\t\t\t\t\t\t<\/div>\n\t\t\t\t<div class=\"elementor-element elementor-element-fb4aba1 elementor-widget elementor-widget-text-editor\" data-id=\"fb4aba1\" data-element_type=\"widget\" data-e-type=\"widget\" data-widget_type=\"text-editor.default\">\n\t\t\t\t\t\t\t\t\t<p>Pasaron los a\u00f1os, tuvo una novia y se cas\u00f3 con ella. Tuvieron un hijo. \u201cYo estaba trabajando, pero la verdad, ganaba muy poco apenas para ir sobreviviendo. Pero un d\u00eda ocurri\u00f3 algo que a m\u00ed me doli\u00f3 en el coraz\u00f3n: un domingo fuimos a pasear a Quetzaltenango. En un parque hab\u00eda un ni\u00f1o jugando con carrito de control remoto y m hijo lo vi\u00f3. Le encant\u00f3. Quer\u00eda agarrarlo, as\u00ed como son los ni\u00f1os. Y se qued\u00f3 llorando cuando no lo dej\u00e9. Tampoco ten\u00eda dinero para comprarle uno. All\u00ed comprend\u00ed que ten\u00eda que hacer algo\u201d.<\/p>\n<p>Fue as\u00ed como tom\u00f3 la decisi\u00f3n de viajar a Estados Unidos, a trabajar. Lleg\u00f3 a Washington D.C. en donde empez\u00f3 a trabajar en diversos oficios y ocupaciones. \u201cTocaba adaptarse y r\u00e1pido encontr\u00e9 trabajo, pero no hab\u00eda para elegir. Uno tiene que entrarle a lo que sea\u201d. Estamos hablando del a\u00f1o 2008 aproximadamente.<\/p>\t\t\t\t\t\t\t\t<\/div>\n\t\t\t\t<div class=\"elementor-element elementor-element-91ee9eb elementor-widget elementor-widget-image\" data-id=\"91ee9eb\" data-element_type=\"widget\" data-e-type=\"widget\" data-widget_type=\"image.default\">\n\t\t\t\t\t\t\t\t\t\t\t\t<figure class=\"wp-caption\">\n\t\t\t\t\t\t\t\t\t\t<img decoding=\"async\" width=\"487\" height=\"650\" src=\"https:\/\/soymigrante.com\/revista\/wp-content\/uploads\/2023\/03\/ANGEL-AMBROCIO-EN-2009.webp\" class=\"attachment-medium_large size-medium_large wp-image-814\" alt=\"Angel en Washington D.C. en 2009\" srcset=\"https:\/\/soymigrante.com\/revista\/wp-content\/uploads\/2023\/03\/ANGEL-AMBROCIO-EN-2009.webp 487w, https:\/\/soymigrante.com\/revista\/wp-content\/uploads\/2023\/03\/ANGEL-AMBROCIO-EN-2009-225x300.webp 225w\" sizes=\"(max-width: 487px) 100vw, 487px\" title=\"ANGEL-AMBROCIO-EN-2009 \u2013 SoyMigrante.com REVISTA\" \/>\t\t\t\t\t\t\t\t\t\t\t<figcaption class=\"widget-image-caption wp-caption-text\">Angel en Washington D.C. en 2009<\/figcaption>\n\t\t\t\t\t\t\t\t\t\t<\/figure>\n\t\t\t\t\t\t\t\t\t<\/div>\n\t\t\t\t<div class=\"elementor-element elementor-element-8636d50 elementor-widget elementor-widget-text-editor\" data-id=\"8636d50\" data-element_type=\"widget\" data-e-type=\"widget\" data-widget_type=\"text-editor.default\">\n\t\t\t\t\t\t\t\t\t<p>\u201cFinalmente comenc\u00e9 a trabajar en la cocina de un restaurante muy c\u00e9ntrico, cerca de la Casa Blanca. Pas\u00e9 por varias \u00e1reas de la cocina \u00a0y un d\u00eda me toc\u00f3 la de reposter\u00eda. Hab\u00eda un chef franc\u00e9s muy exigente que me pregunt\u00f3 \u00bfsabes hacer la masa de croissants? Le dije que no, pero que pod\u00eda aprender. \u2018No es tan f\u00e1cil, lleva un proceso espec\u00edfico\u2019, me dijo, pero me explic\u00f3. Conforme yo fui observando, me d\u00ed cuenta que se parec\u00eda mucho a la receta de un tipo pan, el pan mojado, que mi pap\u00e1 hac\u00eda en Momostenango y que me hab\u00eda ense\u00f1ado a hacer. Al chef le gust\u00f3 como lo hice y me qued\u00e9 elaborando ese y otros tipos de pan\u201d.<\/p>\t\t\t\t\t\t\t\t<\/div>\n\t\t\t\t<div class=\"elementor-element elementor-element-b74f944 elementor-widget elementor-widget-image\" data-id=\"b74f944\" data-element_type=\"widget\" data-e-type=\"widget\" data-widget_type=\"image.default\">\n\t\t\t\t\t\t\t\t\t\t\t\t<figure class=\"wp-caption\">\n\t\t\t\t\t\t\t\t\t\t<img decoding=\"async\" width=\"1024\" height=\"768\" src=\"https:\/\/soymigrante.com\/revista\/wp-content\/uploads\/2023\/03\/angel-ambrocio.webp\" class=\"attachment-large size-large wp-image-815\" alt=\"Siempre con Guatemala en el coraz\u00f3n y la memoria durante su estad\u00eda en EE.UU.\" srcset=\"https:\/\/soymigrante.com\/revista\/wp-content\/uploads\/2023\/03\/angel-ambrocio.webp 1024w, https:\/\/soymigrante.com\/revista\/wp-content\/uploads\/2023\/03\/angel-ambrocio-300x225.webp 300w, https:\/\/soymigrante.com\/revista\/wp-content\/uploads\/2023\/03\/angel-ambrocio-768x576.jpg 768w, https:\/\/soymigrante.com\/revista\/wp-content\/uploads\/2023\/03\/angel-ambrocio-750x563.webp 750w\" sizes=\"(max-width: 1024px) 100vw, 1024px\" title=\"angel-ambrocio \u2013 SoyMigrante.com REVISTA\" \/>\t\t\t\t\t\t\t\t\t\t\t<figcaption class=\"widget-image-caption wp-caption-text\">Siempre con Guatemala en el coraz\u00f3n y la memoria durante su estad\u00eda en EE.UU.<\/figcaption>\n\t\t\t\t\t\t\t\t\t\t<\/figure>\n\t\t\t\t\t\t\t\t\t<\/div>\n\t\t\t\t<div class=\"elementor-element elementor-element-a939c51 elementor-widget elementor-widget-text-editor\" data-id=\"a939c51\" data-element_type=\"widget\" data-e-type=\"widget\" data-widget_type=\"text-editor.default\">\n\t\t\t\t\t\t\t\t\t<p>\u00c1ngel estaba sorprendido, a la vez orgulloso, de ver que aquellas ense\u00f1anzas artesanales del negocio de su familia, estaban al nivel de un restaurante de alta cocina en la capital estadounidense. \u201cMe empec\u00e9 a dar cuenta que uno tiene grandes conocimientos, grandes valores, pero que no siempre les damos su lugar. Empec\u00e9 a amar verdaderamente algo que de ni\u00f1o y adolescente rechazaba por no darle su justo valor\u201d.<\/p>\n<p>Para poder mejorar su ingreso, Angel buscaba siempre tener dos trabajos: un sueldo le serv\u00eda para pagar sus gastos de comida, alojamiento, transporte, etc. Y el otro para ahorrar y mandar remesas a su familia. Sin embargo hubo una \u00e9poca en que las leyes para migrantes indocumentados se pusieron estrictas y hubo muchos despidos.<\/p>\n<p>\u201cUn jefe que tuve me llam\u00f3 para recomendarme en un restaurante italiano. Yo era el \u00fanico latino trabajando, el resto eran afroamericanos, et\u00edopes, rumanos, franceses e italianos. Ten\u00eda un horario de 4 de la ma\u00f1ana a 12 del d\u00eda. Despu\u00e9s entraba a otro turno, entre dos de la tarde yy diez de la noche. \u00a0Para este segundo turno la verdad es que yo llegaba cansado y un barista me ofrec\u00eda una taza de caf\u00e9. All\u00ed descubr\u00ed ese oficio y ese arte. Le ped\u00ed que me ense\u00f1ara y fue muy generoso en hacerlo. Cuando sali\u00f3 de vacaciones, yo me qued\u00e9 a cargo del \u00e1rea de caf\u00e9\u201d.<\/p>\n<p>Aunque iba muy bien laboralmente y econ\u00f3micamente, \u00c1ngel sent\u00eda la fuerte distancia que le separaba de su familia. En el a\u00f1o 2014 decidi\u00f3 que regresar\u00eda a Guatemala, a su natal Momostenango, sobre todo porque su padre estaba enfermo y quer\u00eda verlo, hablarle, estar con \u00e9l.<\/p>\t\t\t\t\t\t\t\t<\/div>\n\t\t\t\t<div class=\"elementor-element elementor-element-69c2ee4 elementor-widget elementor-widget-image\" data-id=\"69c2ee4\" data-element_type=\"widget\" data-e-type=\"widget\" data-widget_type=\"image.default\">\n\t\t\t\t\t\t\t\t\t\t\t\t<figure class=\"wp-caption\">\n\t\t\t\t\t\t\t\t\t\t<img loading=\"lazy\" decoding=\"async\" width=\"1024\" height=\"682\" src=\"https:\/\/soymigrante.com\/revista\/wp-content\/uploads\/2023\/03\/ANGEL-AMBROCIO-CON-SU-HIJO-1024x682.jpg\" class=\"attachment-large size-large wp-image-817\" alt=\"\u00c1ngel, ense\u00f1ando el arte de la preparaci\u00f3n de caf\u00e9 a su hijo mayor en Momostip\u00e1n, en el coraz\u00f3n del casco urbano de Momostenango\" srcset=\"https:\/\/soymigrante.com\/revista\/wp-content\/uploads\/2023\/03\/ANGEL-AMBROCIO-CON-SU-HIJO-1024x682.jpg 1024w, https:\/\/soymigrante.com\/revista\/wp-content\/uploads\/2023\/03\/ANGEL-AMBROCIO-CON-SU-HIJO-300x200.webp 300w, https:\/\/soymigrante.com\/revista\/wp-content\/uploads\/2023\/03\/ANGEL-AMBROCIO-CON-SU-HIJO-768x512.jpg 768w, https:\/\/soymigrante.com\/revista\/wp-content\/uploads\/2023\/03\/ANGEL-AMBROCIO-CON-SU-HIJO-750x500.webp 750w, https:\/\/soymigrante.com\/revista\/wp-content\/uploads\/2023\/03\/ANGEL-AMBROCIO-CON-SU-HIJO-1140x760.jpg 1140w, https:\/\/soymigrante.com\/revista\/wp-content\/uploads\/2023\/03\/ANGEL-AMBROCIO-CON-SU-HIJO-600x400.jpg 600w, https:\/\/soymigrante.com\/revista\/wp-content\/uploads\/2023\/03\/ANGEL-AMBROCIO-CON-SU-HIJO.webp 1280w\" sizes=\"(max-width: 1024px) 100vw, 1024px\" title=\"ANGEL-AMBROCIO-CON-SU-HIJO \u2013 SoyMigrante.com REVISTA\" \/>\t\t\t\t\t\t\t\t\t\t\t<figcaption class=\"widget-image-caption wp-caption-text\">\u00c1ngel, ense\u00f1ando el arte de la preparaci\u00f3n de caf\u00e9 a su hijo mayor en Momostip\u00e1n, en el coraz\u00f3n del casco urbano de Momostenango<\/figcaption>\n\t\t\t\t\t\t\t\t\t\t<\/figure>\n\t\t\t\t\t\t\t\t\t<\/div>\n\t\t\t\t<div class=\"elementor-element elementor-element-e58fd47 elementor-widget elementor-widget-text-editor\" data-id=\"e58fd47\" data-element_type=\"widget\" data-e-type=\"widget\" data-widget_type=\"text-editor.default\">\n\t\t\t\t\t\t\t\t\t<p>\u201cYa en Guatemala, v\u00ed la panader\u00eda familiar, Momostip\u00e1n y quise darle un giro moderno: en lugar de solo vender pan, instalamos mesas para que la gente pudiera degustar un buen caf\u00e9. Adem\u00e1s incursionamos en la reposter\u00eda, con las t\u00e9cnicas aprendidas fusionadas con la tradici\u00f3n. Al principio fue dif\u00edcil, parec\u00eda que no iba a funcionar\u2026 pero aqu\u00ed estamos, aqu\u00ed seguimos. Hoy vienen clientes de municipios vecinos, incluso de Quetzaltenango a llevar nuestro pan\u201d, relata con emoci\u00f3n.<\/p>\n<p>Angel ense\u00f1a hoy a su hijo mayor el arte del barismo de caf\u00e9. Se siente satisfecho de haber migrado y regresado, con m\u00e1s conocimientos y con una nueva visi\u00f3n de la vida. Momostip\u00e1n tiene adem\u00e1s un espacio cultural abierto a j\u00f3venes artistas de la pl\u00e1stica y otras ramas.\u00a0 En el exterior, un mural pintado por su amigo, el artista Alexander Ambrocio, le da la bienvenida a guatemaltecos y visitantes\u2026 tambi\u00e9n, por supuesto a migrantes connacionales que quieran disfrutar el exquisito sabor del caf\u00e9 nacional, del cual tiene m\u00faltiples variedades para degustar.<\/p>\t\t\t\t\t\t\t\t<\/div>\n\t\t\t\t<div class=\"elementor-element elementor-element-7a8625c elementor-widget elementor-widget-video\" data-id=\"7a8625c\" data-element_type=\"widget\" data-e-type=\"widget\" data-settings=\"{&quot;youtube_url&quot;:&quot;https:\\\/\\\/www.youtube.com\\\/watch?v=WOpuYntBfLo&quot;,&quot;video_type&quot;:&quot;youtube&quot;}\" data-widget_type=\"video.default\">\n\t\t\t\t\t\t\t<div class=\"elementor-wrapper elementor-open-inline\">\n\t\t\t<div class=\"elementor-video\"><\/div>\t\t<\/div>\n\t\t\t\t\t\t<\/div>\n\t\t\t\t<div class=\"elementor-element elementor-element-8767252 elementor-widget elementor-widget-text-editor\" data-id=\"8767252\" data-element_type=\"widget\" data-e-type=\"widget\" data-widget_type=\"text-editor.default\">\n\t\t\t\t\t\t\t\t\t<div>\n<div>Homenaje a Momostenango por Momostipan, video elaborado por 7Kingin Music.<\/div>\n<\/div>\t\t\t\t\t\t\t\t<\/div>\n\t\t\t\t\t<\/div>\n\t\t<\/div>\n\t\t\t\t\t<\/div>\n\t\t<\/section>\n\t\t\t\t<section data-particle_enable=\"false\" data-particle-mobile-disabled=\"false\" class=\"elementor-section elementor-top-section elementor-element elementor-element-4ba1dca3 elementor-section-height-min-height elementor-section-content-middle elementor-section-boxed elementor-section-height-default elementor-section-items-middle\" data-id=\"4ba1dca3\" data-element_type=\"section\" data-e-type=\"section\" data-settings=\"{&quot;background_background&quot;:&quot;classic&quot;}\">\n\t\t\t\t\t\t\t<div class=\"elementor-background-overlay\"><\/div>\n\t\t\t\t\t\t\t<div class=\"elementor-container elementor-column-gap-no\">\n\t\t\t\t\t<div class=\"elementor-column elementor-col-100 elementor-top-column elementor-element elementor-element-2940f753\" data-id=\"2940f753\" data-element_type=\"column\" data-e-type=\"column\">\n\t\t\t<div class=\"elementor-widget-wrap elementor-element-populated\">\n\t\t\t\t\t\t<div class=\"elementor-element elementor-element-b971ef7 elementor-headline--style-highlight elementor-widget elementor-widget-animated-headline\" data-id=\"b971ef7\" data-element_type=\"widget\" data-e-type=\"widget\" data-settings=\"{&quot;highlighted_text&quot;:&quot;Sue\\u00f1o Guatemalteco&quot;,&quot;headline_style&quot;:&quot;highlight&quot;,&quot;marker&quot;:&quot;circle&quot;,&quot;loop&quot;:&quot;yes&quot;,&quot;highlight_animation_duration&quot;:1200,&quot;highlight_iteration_delay&quot;:8000}\" data-widget_type=\"animated-headline.default\">\n\t\t\t\t\t\t\t<h1 class=\"elementor-headline\">\n\t\t\t\t\t<span class=\"elementor-headline-plain-text elementor-headline-text-wrapper\">Viviendo mi<\/span>\n\t\t\t\t<span class=\"elementor-headline-dynamic-wrapper elementor-headline-text-wrapper\">\n\t\t\t\t\t<span class=\"elementor-headline-dynamic-text elementor-headline-text-active\">Sue\u00f1o Guatemalteco<\/span>\n\t\t\t\t<\/span>\n\t\t\t\t\t<span class=\"elementor-headline-plain-text elementor-headline-text-wrapper\">de volver a vivir con mi familia.<\/span>\n\t\t\t\t\t<\/h1>\n\t\t\t\t\t\t<\/div>\n\t\t\t\t<div class=\"elementor-element elementor-element-654bb399 elementor-widget elementor-widget-heading\" data-id=\"654bb399\" data-element_type=\"widget\" data-e-type=\"widget\" data-widget_type=\"heading.default\">\n\t\t\t\t\t<h2 class=\"elementor-heading-title elementor-size-default\">Mi Sue\u00f1o Guatemalteco<\/h2>\t\t\t\t<\/div>\n\t\t\t\t<div class=\"elementor-element elementor-element-21e09890 elementor-widget elementor-widget-text-editor\" data-id=\"21e09890\" data-element_type=\"widget\" data-e-type=\"widget\" data-widget_type=\"text-editor.default\">\n\t\t\t\t\t\t\t\t\t<p>Aunque me iba muy bien laboralmente y econ\u00f3micamente, sent\u00eda la fuerte distancia que me separaba de mi familia.<\/p>\t\t\t\t\t\t\t\t<\/div>\n\t\t\t\t<section data-particle_enable=\"false\" data-particle-mobile-disabled=\"false\" class=\"elementor-section elementor-inner-section elementor-element elementor-element-5a3bb8d9 elementor-section-boxed elementor-section-height-default elementor-section-height-default\" data-id=\"5a3bb8d9\" data-element_type=\"section\" data-e-type=\"section\">\n\t\t\t\t\t\t<div class=\"elementor-container elementor-column-gap-wider\">\n\t\t\t\t\t<div class=\"elementor-column elementor-col-33 elementor-inner-column elementor-element elementor-element-64a52d91\" data-id=\"64a52d91\" data-element_type=\"column\" data-e-type=\"column\">\n\t\t\t<div class=\"elementor-widget-wrap elementor-element-populated\">\n\t\t\t\t\t\t<div class=\"elementor-element elementor-element-308f0fbd elementor-view-framed elementor-shape-square elementor-position-block-start elementor-mobile-position-block-start elementor-widget elementor-widget-icon-box\" data-id=\"308f0fbd\" data-element_type=\"widget\" data-e-type=\"widget\" data-widget_type=\"icon-box.default\">\n\t\t\t\t\t\t\t<div class=\"elementor-icon-box-wrapper\">\n\n\t\t\t\t\t\t<div class=\"elementor-icon-box-icon\">\n\t\t\t\t<span  class=\"elementor-icon elementor-animation-grow\">\n\t\t\t\t<i aria-hidden=\"true\" class=\"far fa-lightbulb\"><\/i>\t\t\t\t<\/span>\n\t\t\t<\/div>\n\t\t\t\n\t\t\t\t\t\t<div class=\"elementor-icon-box-content\">\n\n\t\t\t\t\t\t\t\t\t<h3 class=\"elementor-icon-box-title\">\n\t\t\t\t\t\t<span  >\n\t\t\t\t\t\t\tReconocer\t\t\t\t\t\t<\/span>\n\t\t\t\t\t<\/h3>\n\t\t\t\t\n\t\t\t\t\t\t\t\t\t<p class=\"elementor-icon-box-description\">\n\t\t\t\t\t\tValorar y exaltar el valor de las ra\u00edces artesanales del negocio familiar\t\t\t\t\t<\/p>\n\t\t\t\t\n\t\t\t<\/div>\n\t\t\t\n\t\t<\/div>\n\t\t\t\t\t\t<\/div>\n\t\t\t\t\t<\/div>\n\t\t<\/div>\n\t\t\t\t<div class=\"elementor-column elementor-col-33 elementor-inner-column elementor-element elementor-element-42294a88\" data-id=\"42294a88\" data-element_type=\"column\" data-e-type=\"column\">\n\t\t\t<div class=\"elementor-widget-wrap elementor-element-populated\">\n\t\t\t\t\t\t<div class=\"elementor-element elementor-element-1ecd60d9 elementor-view-framed elementor-shape-square elementor-position-block-start elementor-mobile-position-block-start elementor-widget elementor-widget-icon-box\" data-id=\"1ecd60d9\" data-element_type=\"widget\" data-e-type=\"widget\" data-widget_type=\"icon-box.default\">\n\t\t\t\t\t\t\t<div class=\"elementor-icon-box-wrapper\">\n\n\t\t\t\t\t\t<div class=\"elementor-icon-box-icon\">\n\t\t\t\t<span  class=\"elementor-icon elementor-animation-grow\">\n\t\t\t\t<i aria-hidden=\"true\" class=\"fas fa-star\"><\/i>\t\t\t\t<\/span>\n\t\t\t<\/div>\n\t\t\t\n\t\t\t\t\t\t<div class=\"elementor-icon-box-content\">\n\n\t\t\t\t\t\t\t\t\t<h3 class=\"elementor-icon-box-title\">\n\t\t\t\t\t\t<span  >\n\t\t\t\t\t\t\tTrabajar\t\t\t\t\t\t<\/span>\n\t\t\t\t\t<\/h3>\n\t\t\t\t\n\t\t\t\t\t\t\t\t\t<p class=\"elementor-icon-box-description\">\n\t\t\t\t\t\tHacer lo amo, que me ense\u00f1aron mis padres.\t\t\t\t\t<\/p>\n\t\t\t\t\n\t\t\t<\/div>\n\t\t\t\n\t\t<\/div>\n\t\t\t\t\t\t<\/div>\n\t\t\t\t\t<\/div>\n\t\t<\/div>\n\t\t\t\t<div class=\"elementor-column elementor-col-33 elementor-inner-column elementor-element elementor-element-34d674ae\" data-id=\"34d674ae\" data-element_type=\"column\" data-e-type=\"column\">\n\t\t\t<div class=\"elementor-widget-wrap elementor-element-populated\">\n\t\t\t\t\t\t<div class=\"elementor-element elementor-element-19dc2142 elementor-view-framed elementor-shape-square elementor-position-block-start elementor-mobile-position-block-start elementor-widget elementor-widget-icon-box\" data-id=\"19dc2142\" data-element_type=\"widget\" data-e-type=\"widget\" data-widget_type=\"icon-box.default\">\n\t\t\t\t\t\t\t<div class=\"elementor-icon-box-wrapper\">\n\n\t\t\t\t\t\t<div class=\"elementor-icon-box-icon\">\n\t\t\t\t<span  class=\"elementor-icon elementor-animation-grow\">\n\t\t\t\t<i aria-hidden=\"true\" class=\"fas fa-sun\"><\/i>\t\t\t\t<\/span>\n\t\t\t<\/div>\n\t\t\t\n\t\t\t\t\t\t<div class=\"elementor-icon-box-content\">\n\n\t\t\t\t\t\t\t\t\t<h3 class=\"elementor-icon-box-title\">\n\t\t\t\t\t\t<span  >\n\t\t\t\t\t\t\tCompartir\t\t\t\t\t\t<\/span>\n\t\t\t\t\t<\/h3>\n\t\t\t\t\n\t\t\t\t\t\t\t\t\t<p class=\"elementor-icon-box-description\">\n\t\t\t\t\t\tEnse\u00f1ar el valor de las ra\u00edces artesanales. \t\t\t\t\t<\/p>\n\t\t\t\t\n\t\t\t<\/div>\n\t\t\t\n\t\t<\/div>\n\t\t\t\t\t\t<\/div>\n\t\t\t\t\t<\/div>\n\t\t<\/div>\n\t\t\t\t\t<\/div>\n\t\t<\/section>\n\t\t\t\t\t<\/div>\n\t\t<\/div>\n\t\t\t\t\t<\/div>\n\t\t<\/section>\n\t\t\t\t<\/div>\n\t\t","protected":false},"excerpt":{"rendered":"<p>Trabajando en la cocina de un restaurante franc\u00e9s de Washington D.C., pudo descubrir, valorar y exaltar el valor de las ra\u00edces artesanales del negocio familiar. Angel Ambrocio Abac est\u00e1 al frente de Momostip\u00e1n, una empresa familiar localizada en Momostenango, Totonicap\u00e1n, su pueblo de origen. Migr\u00f3 a EE.UU. en donde descubri\u00f3 algo que antes no valoraba [&hellip;]<\/p>\n","protected":false},"author":1,"featured_media":820,"comment_status":"open","ping_status":"open","sticky":false,"template":"","format":"standard","meta":{"_acf_changed":false,"_eb_attr":"","footnotes":""},"categories":[50],"tags":[],"class_list":["post-812","post","type-post","status-publish","format-standard","has-post-thumbnail","hentry","category-exitos"],"acf":[],"aioseo_notices":[],"aioseo_head":"\n\t\t<!-- All in One SEO Pro 4.9.6.2 - aioseo.com -->\n\t<meta name=\"description\" content=\"Trabajando en la cocina de un restaurante franc\u00e9s de Washington D.C., pudo descubrir, valorar y exaltar el valor de las ra\u00edces artesanales del negocio familiar. Angel Ambrocio Abac est\u00e1 al frente de Momostip\u00e1n, una empresa familiar localizada en Momostenango, Totonicap\u00e1n, su pueblo de origen. Migr\u00f3 a EE.UU. en donde descubri\u00f3 algo que antes no valoraba\" \/>\n\t<meta name=\"robots\" content=\"max-snippet:-1, max-image-preview:large, max-video-preview:-1\" \/>\n\t<meta name=\"author\" content=\"SoyMigrante.com REVISTA\"\/>\n\t<link rel=\"canonical\" href=\"https:\/\/soymigrante.com\/revista\/angel-ambrocio-realiza-el-gran-sueno-de-volver-a-vivir-en-su-tierra-natal\/\" \/>\n\t<meta name=\"generator\" content=\"All in One SEO Pro (AIOSEO) 4.9.6.2\" \/>\n\n\t\t<link rel=\"preconnect\" href=\"https:\/\/fonts.googleapis.com\" crossorigin>\n<link rel=\"preconnect\" href=\"https:\/\/fonts.gstatic.com\" crossorigin>\n\t\t<meta property=\"og:locale\" content=\"es_ES\" \/>\n\t\t<meta property=\"og:site_name\" content=\"SoyMigrante.com REVISTA \u2013 Nuestra misi\u00f3n es reconocer y dignificar al migrante.\" \/>\n\t\t<meta property=\"og:type\" content=\"article\" \/>\n\t\t<meta property=\"og:title\" content=\"\u00c1ngel Ambrocio realiza el gran sue\u00f1o de volver a vivir en su Guatemala natal\" \/>\n\t\t<meta property=\"og:description\" content=\"Trabajando en la cocina de un restaurante franc\u00e9s de Washington D.C., pudo descubrir, valorar y exaltar el valor de las ra\u00edces artesanales del negocio familiar. Angel Ambrocio Abac est\u00e1 al frente de Momostip\u00e1n, una empresa familiar localizada en Momostenango, Totonicap\u00e1n, su pueblo de origen. Migr\u00f3 a EE.UU. en donde descubri\u00f3 algo que antes no valoraba\" \/>\n\t\t<meta property=\"og:url\" content=\"https:\/\/soymigrante.com\/revista\/angel-ambrocio-realiza-el-gran-sueno-de-volver-a-vivir-en-su-tierra-natal\/\" \/>\n\t\t<meta property=\"og:image\" content=\"https:\/\/soymigrante.com\/revista\/wp-content\/uploads\/2023\/03\/ANGEL-AMBROCIO-2016-FUEGO.webp\" \/>\n\t\t<meta property=\"og:image:secure_url\" content=\"https:\/\/soymigrante.com\/revista\/wp-content\/uploads\/2023\/03\/ANGEL-AMBROCIO-2016-FUEGO.webp\" \/>\n\t\t<meta property=\"og:image:width\" content=\"1920\" \/>\n\t\t<meta property=\"og:image:height\" content=\"1280\" \/>\n\t\t<meta property=\"article:published_time\" content=\"2023-05-26T08:13:12+00:00\" \/>\n\t\t<meta property=\"article:modified_time\" content=\"2024-11-01T16:00:58+00:00\" \/>\n\t\t<meta property=\"article:publisher\" content=\"https:\/\/www.facebook.com\/soymigrantecom\" \/>\n\t\t<meta name=\"twitter:card\" content=\"summary_large_image\" \/>\n\t\t<meta name=\"twitter:site\" content=\"@SoyMigrante_com\" \/>\n\t\t<meta name=\"twitter:title\" content=\"\u00c1ngel Ambrocio realiza el gran sue\u00f1o de volver a vivir en su Guatemala natal\" \/>\n\t\t<meta name=\"twitter:description\" content=\"Trabajando en la cocina de un restaurante franc\u00e9s de Washington D.C., pudo descubrir, valorar y exaltar el valor de las ra\u00edces artesanales del negocio familiar. Angel Ambrocio Abac est\u00e1 al frente de Momostip\u00e1n, una empresa familiar localizada en Momostenango, Totonicap\u00e1n, su pueblo de origen. Migr\u00f3 a EE.UU. en donde descubri\u00f3 algo que antes no valoraba\" \/>\n\t\t<meta name=\"twitter:creator\" content=\"@SoyMigrante_com\" \/>\n\t\t<meta name=\"twitter:image\" content=\"https:\/\/soymigrante.com\/revista\/wp-content\/uploads\/2023\/03\/ANGEL-AMBROCIO-2016-FUEGO.webp\" \/>\n\t\t<!-- All in One SEO Pro -->\r\n\t\t<title>\u00c1ngel Ambrocio realiza el gran sue\u00f1o de volver a vivir en su Guatemala natal<\/title>\n\n","aioseo_head_json":{"title":"\u00c1ngel Ambrocio realiza el gran sue\u00f1o de volver a vivir en su Guatemala natal","description":"Trabajando en la cocina de un restaurante franc\u00e9s de Washington D.C., pudo descubrir, valorar y exaltar el valor de las ra\u00edces artesanales del negocio familiar. Angel Ambrocio Abac est\u00e1 al frente de Momostip\u00e1n, una empresa familiar localizada en Momostenango, Totonicap\u00e1n, su pueblo de origen. Migr\u00f3 a EE.UU. en donde descubri\u00f3 algo que antes no valoraba","canonical_url":"https:\/\/soymigrante.com\/revista\/angel-ambrocio-realiza-el-gran-sueno-de-volver-a-vivir-en-su-tierra-natal\/","robots":"max-snippet:-1, max-image-preview:large, max-video-preview:-1","keywords":"","webmasterTools":{"miscellaneous":"&lt;link rel=\"preconnect\" href=\"https:\/\/fonts.googleapis.com\" crossorigin&gt;\n&lt;link rel=\"preconnect\" href=\"https:\/\/fonts.gstatic.com\" crossorigin&gt;"},"schema":null,"og:locale":"es_ES","og:site_name":"SoyMigrante.com REVISTA \u2013 Nuestra misi\u00f3n es reconocer y dignificar al migrante.","og:type":"article","og:title":"\u00c1ngel Ambrocio realiza el gran sue\u00f1o de volver a vivir en su Guatemala natal","og:description":"Trabajando en la cocina de un restaurante franc\u00e9s de Washington D.C., pudo descubrir, valorar y exaltar el valor de las ra\u00edces artesanales del negocio familiar. Angel Ambrocio Abac est\u00e1 al frente de Momostip\u00e1n, una empresa familiar localizada en Momostenango, Totonicap\u00e1n, su pueblo de origen. Migr\u00f3 a EE.UU. en donde descubri\u00f3 algo que antes no valoraba","og:url":"https:\/\/soymigrante.com\/revista\/angel-ambrocio-realiza-el-gran-sueno-de-volver-a-vivir-en-su-tierra-natal\/","og:image":"https:\/\/soymigrante.com\/revista\/wp-content\/uploads\/2023\/03\/ANGEL-AMBROCIO-2016-FUEGO.webp","og:image:secure_url":"https:\/\/soymigrante.com\/revista\/wp-content\/uploads\/2023\/03\/ANGEL-AMBROCIO-2016-FUEGO.webp","og:image:width":1920,"og:image:height":1280,"article:published_time":"2023-05-26T08:13:12+00:00","article:modified_time":"2024-11-01T16:00:58+00:00","article:publisher":"https:\/\/www.facebook.com\/soymigrantecom","twitter:card":"summary_large_image","twitter:site":"@SoyMigrante_com","twitter:title":"\u00c1ngel Ambrocio realiza el gran sue\u00f1o de volver a vivir en su Guatemala natal","twitter:description":"Trabajando en la cocina de un restaurante franc\u00e9s de Washington D.C., pudo descubrir, valorar y exaltar el valor de las ra\u00edces artesanales del negocio familiar. Angel Ambrocio Abac est\u00e1 al frente de Momostip\u00e1n, una empresa familiar localizada en Momostenango, Totonicap\u00e1n, su pueblo de origen. Migr\u00f3 a EE.UU. en donde descubri\u00f3 algo que antes no valoraba","twitter:creator":"@SoyMigrante_com","twitter:image":"https:\/\/soymigrante.com\/revista\/wp-content\/uploads\/2023\/03\/ANGEL-AMBROCIO-2016-FUEGO.webp"},"aioseo_meta_data":{"post_id":"812","title":null,"description":null,"keywords":null,"keyphrases":{"focus":{"keyphrase":"Migrante","score":43,"analysis":{"keyphraseInTitle":{"score":3,"maxScore":9,"error":1},"keyphraseInDescription":{"score":3,"maxScore":9,"error":1},"keyphraseLength":{"score":9,"maxScore":9,"error":0,"length":1},"keyphraseInURL":{"score":5,"maxScore":5,"error":0},"keyphraseInIntroduction":{"score":3,"maxScore":9,"error":1},"keyphraseInSubHeadings":{"score":3,"maxScore":9,"error":1},"keyphraseInImageAlt":{"score":3,"maxScore":9,"error":1},"keywordDensity":{"score":0,"type":"low","maxScore":9,"error":1}}},"additional":[{"keyphrase":"Guatemalteco","score":53,"analysis":{"keyphraseInDescription":{"score":9,"maxScore":9,"error":0},"keyphraseLength":{"score":9,"maxScore":9,"error":0,"length":1},"keyphraseInIntroduction":{"score":3,"maxScore":9,"error":1},"keyphraseInImageAlt":{"score":3,"maxScore":9,"error":1},"keywordDensity":{"score":0,"type":"low","maxScore":9,"error":1}}}]},"primary_term":null,"canonical_url":null,"og_title":null,"og_description":null,"og_object_type":"default","og_image_type":"default","og_image_url":null,"og_image_width":null,"og_image_height":null,"og_image_custom_url":null,"og_image_custom_fields":null,"og_video":"","og_custom_url":null,"og_article_section":null,"og_article_tags":null,"twitter_use_og":false,"twitter_card":"default","twitter_image_type":"default","twitter_image_url":null,"twitter_image_custom_url":null,"twitter_image_custom_fields":null,"twitter_title":null,"twitter_description":null,"schema":{"blockGraphs":[],"customGraphs":[],"default":{"data":{"Article":[],"Course":[],"Dataset":[],"FAQPage":[],"Movie":[],"Person":[],"Product":[],"ProductReview":[],"Car":[],"Recipe":[],"Service":[],"SoftwareApplication":[],"WebPage":[]},"graphName":"Article","isEnabled":true},"graphs":[]},"schema_type":"default","schema_type_options":null,"pillar_content":false,"robots_default":true,"robots_noindex":false,"robots_noarchive":false,"robots_nosnippet":false,"robots_nofollow":false,"robots_noimageindex":false,"robots_noodp":false,"robots_notranslate":false,"robots_max_snippet":"-1","robots_max_videopreview":"-1","robots_max_imagepreview":"large","priority":null,"frequency":"default","local_seo":null,"seo_analyzer_scan_date":"2025-10-08 19:47:17","breadcrumb_settings":null,"limit_modified_date":false,"reviewed_by":null,"open_ai":"{\"title\":{\"suggestions\":[],\"usage\":0},\"description\":{\"suggestions\":[],\"usage\":0}}","ai":null,"created":"2023-08-18 12:48:59","updated":"2026-02-04 04:30:41"},"aioseo_breadcrumb":"<div class=\"aioseo-breadcrumbs\"><span class=\"aioseo-breadcrumb\">\n\t<a href=\"https:\/\/soymigrante.com\/revista\" title=\"Home\">Home<\/a>\n<\/span><span class=\"aioseo-breadcrumb-separator\">\u00bb<\/span><span class=\"aioseo-breadcrumb\">\n\t<a href=\"https:\/\/soymigrante.com\/revista\/category\/exitos\/\" title=\"\u00c9xitos\">\u00c9xitos<\/a>\n<\/span><span class=\"aioseo-breadcrumb-separator\">\u00bb<\/span><span class=\"aioseo-breadcrumb\">\n\t\u00c1ngel Ambrocio realiza el gran sue\u00f1o de volver a vivir en su Guatemala natal\n<\/span><\/div>","aioseo_breadcrumb_json":[{"label":"Home","link":"https:\/\/soymigrante.com\/revista"},{"label":"\u00c9xitos","link":"https:\/\/soymigrante.com\/revista\/category\/exitos\/"},{"label":"\u00c1ngel Ambrocio realiza el gran sue\u00f1o de volver a vivir en su Guatemala natal","link":"https:\/\/soymigrante.com\/revista\/angel-ambrocio-realiza-el-gran-sueno-de-volver-a-vivir-en-su-tierra-natal\/"}],"_links":{"self":[{"href":"https:\/\/soymigrante.com\/revista\/wp-json\/wp\/v2\/posts\/812","targetHints":{"allow":["GET"]}}],"collection":[{"href":"https:\/\/soymigrante.com\/revista\/wp-json\/wp\/v2\/posts"}],"about":[{"href":"https:\/\/soymigrante.com\/revista\/wp-json\/wp\/v2\/types\/post"}],"author":[{"embeddable":true,"href":"https:\/\/soymigrante.com\/revista\/wp-json\/wp\/v2\/users\/1"}],"replies":[{"embeddable":true,"href":"https:\/\/soymigrante.com\/revista\/wp-json\/wp\/v2\/comments?post=812"}],"version-history":[{"count":0,"href":"https:\/\/soymigrante.com\/revista\/wp-json\/wp\/v2\/posts\/812\/revisions"}],"wp:featuredmedia":[{"embeddable":true,"href":"https:\/\/soymigrante.com\/revista\/wp-json\/wp\/v2\/media\/820"}],"wp:attachment":[{"href":"https:\/\/soymigrante.com\/revista\/wp-json\/wp\/v2\/media?parent=812"}],"wp:term":[{"taxonomy":"category","embeddable":true,"href":"https:\/\/soymigrante.com\/revista\/wp-json\/wp\/v2\/categories?post=812"},{"taxonomy":"post_tag","embeddable":true,"href":"https:\/\/soymigrante.com\/revista\/wp-json\/wp\/v2\/tags?post=812"}],"curies":[{"name":"wp","href":"https:\/\/api.w.org\/{rel}","templated":true}]}}