{"id":8116,"date":"2024-10-01T11:22:00","date_gmt":"2024-10-01T17:22:00","guid":{"rendered":"https:\/\/soymigrante.com\/revista\/?p=8116"},"modified":"2024-10-01T11:22:01","modified_gmt":"2024-10-01T17:22:01","slug":"vacunas-son-vitales-para-ninos-sean-o-no-migrantes-en-ee-uu","status":"publish","type":"post","link":"https:\/\/soymigrante.com\/revista\/vacunas-son-vitales-para-ninos-sean-o-no-migrantes-en-ee-uu\/","title":{"rendered":"Vacunas son vitales para ni\u00f1os, sean o no migrantes en EE.UU."},"content":{"rendered":"\t\t<div data-elementor-type=\"wp-post\" data-elementor-id=\"8116\" class=\"elementor elementor-8116\" data-elementor-post-type=\"post\">\n\t\t\t\t<div data-particle_enable=\"false\" data-particle-mobile-disabled=\"false\" class=\"elementor-element elementor-element-2dca853 e-flex e-con-boxed e-con e-parent\" data-id=\"2dca853\" data-element_type=\"container\" data-e-type=\"container\">\n\t\t\t\t\t<div class=\"e-con-inner\">\n\t\t\t\t<div class=\"elementor-element elementor-element-257843e elementor-widget elementor-widget-heading\" data-id=\"257843e\" data-element_type=\"widget\" data-e-type=\"widget\" data-widget_type=\"heading.default\">\n\t\t\t\t\t<h2 class=\"elementor-heading-title elementor-size-default\">\u201c\u00bfPara qu\u00e9 vacunarlos?\u201d, \u201cEs que mi beb\u00e9 llora si lo vacunan\u201d \"No s\u00e9 para qu\u00e9 sirven las vacunas\" son algunos pensamientos que surgen en los padres cuando deben llevarlos al pediatra, pero solo as\u00ed podr\u00e1s evitar que tus hijos se contagien de enfermedades raras o mortales.<\/h2>\t\t\t\t<\/div>\n\t\t\t\t\t<\/div>\n\t\t\t\t<\/div>\n\t\t<div data-particle_enable=\"false\" data-particle-mobile-disabled=\"false\" class=\"elementor-element elementor-element-d6ac7b5 e-flex e-con-boxed e-con e-parent\" data-id=\"d6ac7b5\" data-element_type=\"container\" data-e-type=\"container\">\n\t\t\t\t\t<div class=\"e-con-inner\">\n\t\t\t\t<div class=\"elementor-element elementor-element-5033bfb elementor-widget elementor-widget-text-editor\" data-id=\"5033bfb\" data-element_type=\"widget\" data-e-type=\"widget\" data-widget_type=\"text-editor.default\">\n\t\t\t\t\t\t\t\t\t<p>Una de las alertas que hace el<a href=\"https:\/\/eclkc.ohs.acf.hhs.gov\/\"> Centro de Aprendizaje y Conocimiento en la Primera Infancia (Eclkc) de Departamento de Salud y Servicios Humanos de EE. UU.<\/a>, es que el ni\u00f1o no vacunado puede correr el riesgo de ser infectado por alguna enfermedad que una persona ha contra\u00eddo a su regreso del extranjero.<\/p>\n<p>Es por ello importante llevar a tus hijos al pediatra y llevar un control, al mismo tiempo tu responsabilidad como padre o madre recae en llevar peri\u00f3dicamente y cumplir con un calendario de esquema de vacunaci\u00f3n adecuado. La tos ferina y la gripe son algunas de las enfermedades m\u00e1s comunes en ni\u00f1os pero que son prevenibles.<\/p>\t\t\t\t\t\t\t\t<\/div>\n\t\t\t\t\t<\/div>\n\t\t\t\t<\/div>\n\t\t<div data-particle_enable=\"false\" data-particle-mobile-disabled=\"false\" class=\"elementor-element elementor-element-3688ad1 e-flex e-con-boxed e-con e-parent\" data-id=\"3688ad1\" data-element_type=\"container\" data-e-type=\"container\">\n\t\t\t\t\t<div class=\"e-con-inner\">\n\t\t\t\t<div class=\"elementor-element elementor-element-7883e20 elementor-widget elementor-widget-image\" data-id=\"7883e20\" data-element_type=\"widget\" data-e-type=\"widget\" data-widget_type=\"image.default\">\n\t\t\t\t\t\t\t\t\t\t\t\t\t\t\t<img fetchpriority=\"high\" decoding=\"async\" width=\"768\" height=\"512\" src=\"https:\/\/soymigrante.com\/revista\/wp-content\/uploads\/2024\/08\/vacunacion-ninos-soy-migrante2-1024x683.webp\" class=\"attachment-large size-large wp-image-8127\" alt=\"Ni\u00f1a recibiendo atenci\u00f3n m\u00e9dica infantil en consulta pedi\u00e1trica, con madre acompa\u00f1ando, en un ambiente cl\u00ednico saludable y amigable, promoviendo el bienestar y la salud familiar.\" srcset=\"https:\/\/soymigrante.com\/revista\/wp-content\/uploads\/2024\/08\/vacunacion-ninos-soy-migrante2-1024x683.webp 1024w, https:\/\/soymigrante.com\/revista\/wp-content\/uploads\/2024\/08\/vacunacion-ninos-soy-migrante2-300x200.webp 300w, https:\/\/soymigrante.com\/revista\/wp-content\/uploads\/2024\/08\/vacunacion-ninos-soy-migrante2-768x512.webp 768w, https:\/\/soymigrante.com\/revista\/wp-content\/uploads\/2024\/08\/vacunacion-ninos-soy-migrante2-1536x1024.webp 1536w, https:\/\/soymigrante.com\/revista\/wp-content\/uploads\/2024\/08\/vacunacion-ninos-soy-migrante2-scaled.webp 1920w, https:\/\/soymigrante.com\/revista\/wp-content\/uploads\/2024\/08\/vacunacion-ninos-soy-migrante2-750x500.webp 750w, https:\/\/soymigrante.com\/revista\/wp-content\/uploads\/2024\/08\/vacunacion-ninos-soy-migrante2-1140x760.webp 1140w\" sizes=\"(max-width: 768px) 100vw, 768px\" title=\"vacunacion ni\u00f1os soy migrante2 \u2013 SoyMigrante.com REVISTA\" \/>\t\t\t\t\t\t\t\t\t\t\t\t\t\t\t<\/div>\n\t\t\t\t\t<\/div>\n\t\t\t\t<\/div>\n\t\t<div data-particle_enable=\"false\" data-particle-mobile-disabled=\"false\" class=\"elementor-element elementor-element-799e56d e-flex e-con-boxed e-con e-parent\" data-id=\"799e56d\" data-element_type=\"container\" data-e-type=\"container\">\n\t\t\t\t\t<div class=\"e-con-inner\">\n\t\t\t\t<div class=\"elementor-element elementor-element-77e7509 elementor-widget elementor-widget-text-editor\" data-id=\"77e7509\" data-element_type=\"widget\" data-e-type=\"widget\" data-widget_type=\"text-editor.default\">\n\t\t\t\t\t\t\t\t\t<p>Para el doctor Luis Rosal Palomo, neum\u00f3logo pediatra guatemalteco aconseja: \u201cLas vacunas protegen a los ni\u00f1os de enfermedades infecciosas que pueden ser muy graves o incluso mortales, como el sarampi\u00f3n, la tos ferina, meningitis la difteria y la poliomielitis, tuberculosis, influenza, covid\u201d.\u00a0<\/p><p><span style=\"color: var( --e-global-color-text ); text-align: var(--text-align);\">\u201cAl vacunar a una alta proporci\u00f3n de la poblaci\u00f3n, se reduce la propagaci\u00f3n de enfermedades, protegiendo tambi\u00e9n a aquellos que no pueden ser vacunados por razones m\u00e9dicas\u201d, agrega.<\/span><\/p><p>Otros beneficios de la vacunaci\u00f3n es prevenir enfermedades ante complicaciones serias como la neumon\u00eda o da\u00f1o cerebral que pueden ser evitables con la vacunaci\u00f3n. Por ello, los padres, est\u00e9n en Guatemala o Estados Unidos, deben buscar apoyo para mantener \u00e7ompleto su esquema de vacunaci\u00f3n.<\/p>\t\t\t\t\t\t\t\t<\/div>\n\t\t\t\t\t<\/div>\n\t\t\t\t<\/div>\n\t\t<div data-particle_enable=\"false\" data-particle-mobile-disabled=\"false\" class=\"elementor-element elementor-element-645d9dc e-flex e-con-boxed e-con e-parent\" data-id=\"645d9dc\" data-element_type=\"container\" data-e-type=\"container\">\n\t\t\t\t\t<div class=\"e-con-inner\">\n\t\t\t\t<div class=\"elementor-element elementor-element-0e83ce2 elementor-widget elementor-widget-testimonial\" data-id=\"0e83ce2\" data-element_type=\"widget\" data-e-type=\"widget\" data-widget_type=\"testimonial.default\">\n\t\t\t\t\t\t\t<div class=\"elementor-testimonial-wrapper\">\n\t\t\t\t\t\t\t<div class=\"elementor-testimonial-content\">\"Vacunar a los ni\u00f1os es una medida fundamental para proteger su salud y la de la comunidad en general\u201d.-<\/div>\n\t\t\t\n\t\t\t\t\t\t<div class=\"elementor-testimonial-meta\">\n\t\t\t\t<div class=\"elementor-testimonial-meta-inner\">\n\t\t\t\t\t\n\t\t\t\t\t\t\t\t\t\t<div class=\"elementor-testimonial-details\">\n\t\t\t\t\t\t\t\t\t\t\t\t\t\t<div class=\"elementor-testimonial-name\">Luis Rosal Palomo<\/div>\n\t\t\t\t\t\t\t\t\t\t\t\t\t\t\t\t\t\t\t\t\t\t<div class=\"elementor-testimonial-job\">Neum\u00f3logo Pediatra<\/div>\n\t\t\t\t\t\t\t\t\t\t\t\t\t<\/div>\n\t\t\t\t\t\t\t\t\t<\/div>\n\t\t\t<\/div>\n\t\t\t\t\t<\/div>\n\t\t\t\t\t\t<\/div>\n\t\t\t\t\t<\/div>\n\t\t\t\t<\/div>\n\t\t<div data-particle_enable=\"false\" data-particle-mobile-disabled=\"false\" class=\"elementor-element elementor-element-2448bd3 e-flex e-con-boxed e-con e-parent\" data-id=\"2448bd3\" data-element_type=\"container\" data-e-type=\"container\">\n\t\t\t\t\t<div class=\"e-con-inner\">\n\t\t\t\t<div class=\"elementor-element elementor-element-dacfa8c elementor-widget elementor-widget-image\" data-id=\"dacfa8c\" data-element_type=\"widget\" data-e-type=\"widget\" data-widget_type=\"image.default\">\n\t\t\t\t\t\t\t\t\t\t\t\t\t\t\t<img decoding=\"async\" width=\"740\" height=\"493\" src=\"https:\/\/soymigrante.com\/revista\/wp-content\/uploads\/2024\/08\/bebe-pediatra-vacunacion-soy-migrante.webp\" class=\"attachment-large size-large wp-image-8129\" alt=\"Examen m\u00e9dico infantil en cl\u00ednica, pediatra revisando a un ni\u00f1o con la madre, atenci\u00f3n de salud para ni\u00f1os, revisi\u00f3n pedi\u00e1trica, salud infantil, atenci\u00f3n m\u00e9dica para ni\u00f1os, revisi\u00f3n de salud para beb\u00e9s y ni\u00f1os peque\u00f1os.\" srcset=\"https:\/\/soymigrante.com\/revista\/wp-content\/uploads\/2024\/08\/bebe-pediatra-vacunacion-soy-migrante.webp 740w, https:\/\/soymigrante.com\/revista\/wp-content\/uploads\/2024\/08\/bebe-pediatra-vacunacion-soy-migrante-300x200.webp 300w\" sizes=\"(max-width: 740px) 100vw, 740px\" title=\"bebe pediatra vacunacion soy migrante \u2013 SoyMigrante.com REVISTA\" \/>\t\t\t\t\t\t\t\t\t\t\t\t\t\t\t<\/div>\n\t\t\t\t\t<\/div>\n\t\t\t\t<\/div>\n\t\t<div data-particle_enable=\"false\" data-particle-mobile-disabled=\"false\" class=\"elementor-element elementor-element-11fc503 e-flex e-con-boxed e-con e-parent\" data-id=\"11fc503\" data-element_type=\"container\" data-e-type=\"container\">\n\t\t\t\t\t<div class=\"e-con-inner\">\n\t\t\t\t<div class=\"elementor-element elementor-element-2ab50fc elementor-widget elementor-widget-heading\" data-id=\"2ab50fc\" data-element_type=\"widget\" data-e-type=\"widget\" data-widget_type=\"heading.default\">\n\t\t\t\t\t<h3 class=\"elementor-heading-title elementor-size-default\">Departamento de Salud de EE.UU. recomienda las siguientes vacunas seg\u00fan la edad de los ni\u00f1os:<\/h3>\t\t\t\t<\/div>\n\t\t\t\t\t<\/div>\n\t\t\t\t<\/div>\n\t\t<div data-particle_enable=\"false\" data-particle-mobile-disabled=\"false\" class=\"elementor-element elementor-element-c8043b6 e-flex e-con-boxed e-con e-parent\" data-id=\"c8043b6\" data-element_type=\"container\" data-e-type=\"container\">\n\t\t\t\t\t<div class=\"e-con-inner\">\n\t\t\t\t<div class=\"elementor-element elementor-element-ed48539 elementor-widget elementor-widget-text-editor\" data-id=\"ed48539\" data-element_type=\"widget\" data-e-type=\"widget\" data-widget_type=\"text-editor.default\">\n\t\t\t\t\t\t\t\t\t<ul><li>Al nacer:: hepatitis B (ser\u00e1n tres dosis), Virus respiratorio sincitial<\/li><li>De 1 a 2 meses: Difteria, t\u00e9tanos, tos ferina, influenza tipo b, neumococo, hepatitis B, poliomielitis, rotavirus.<\/li><li>De 4 meses: influenza tipo b, neumococo, poliomielitis, rotavirus.<\/li><li>A los 6 meses: etapa en la que sus hijos ya est\u00e1n preparados para ser inmunizados, incluso, del covid y la influenza. Otras son contra la difteria, t\u00e9tano, tos ferina, poliomielitis, rotavirus, neumococo, influenza tipo b, y tos ferina.<\/li><li>De 7 a 11 meses: influenza<\/li><li>De 12 a 23 meses: Difteria, t\u00e9tanos, tos ferina, influenza e influenza b, neumococo, hepatitis A y B, poliomielitis, varicela, paperas y rub\u00e9ola.<\/li><li>De 2 a 3 a\u00f1os: influenza.<\/li><li>De 4 a 6 a\u00f1os: Difteria, t\u00e9tano, tos ferina, influenza, sarampi\u00f3n, paperas, rubiola, poliomielitis y varicela.<\/li><\/ul><p><b><a href=\"https:\/\/eclkc.ohs.acf.hhs.gov\/\">Consulta m\u00e1s sobre este esquema en la p\u00e1gina oficial del Centro de Aprendizaje sobre la ni\u00f1ez, del Departamento de Salud de EE.UU.<\/a><\/b><\/p>\t\t\t\t\t\t\t\t<\/div>\n\t\t\t\t\t<\/div>\n\t\t\t\t<\/div>\n\t\t<div data-particle_enable=\"false\" data-particle-mobile-disabled=\"false\" class=\"elementor-element elementor-element-b68c00a e-flex e-con-boxed e-con e-parent\" data-id=\"b68c00a\" data-element_type=\"container\" data-e-type=\"container\">\n\t\t\t\t\t<div class=\"e-con-inner\">\n\t\t\t\t<div class=\"elementor-element elementor-element-f658f8b elementor-widget elementor-widget-image\" data-id=\"f658f8b\" data-element_type=\"widget\" data-e-type=\"widget\" data-widget_type=\"image.default\">\n\t\t\t\t\t\t\t\t\t\t\t\t<figure class=\"wp-caption\">\n\t\t\t\t\t\t\t\t\t\t<img decoding=\"async\" width=\"768\" height=\"512\" src=\"https:\/\/soymigrante.com\/revista\/wp-content\/uploads\/2024\/08\/vacunacion-ninos-soy-migrante3-1024x683.webp\" class=\"attachment-large size-large wp-image-8130\" alt=\"Atractiva imagen de un padre inmigrante con su hijo peque\u00f1o en una consulta, recibiendo asesor\u00eda de un profesional, representando temas de migraci\u00f3n, familia y derechos del inmigrante en Espa\u00f1a.\" srcset=\"https:\/\/soymigrante.com\/revista\/wp-content\/uploads\/2024\/08\/vacunacion-ninos-soy-migrante3-1024x683.webp 1024w, https:\/\/soymigrante.com\/revista\/wp-content\/uploads\/2024\/08\/vacunacion-ninos-soy-migrante3-300x200.webp 300w, https:\/\/soymigrante.com\/revista\/wp-content\/uploads\/2024\/08\/vacunacion-ninos-soy-migrante3-768x512.webp 768w, https:\/\/soymigrante.com\/revista\/wp-content\/uploads\/2024\/08\/vacunacion-ninos-soy-migrante3-1536x1024.webp 1536w, https:\/\/soymigrante.com\/revista\/wp-content\/uploads\/2024\/08\/vacunacion-ninos-soy-migrante3-750x500.webp 750w, https:\/\/soymigrante.com\/revista\/wp-content\/uploads\/2024\/08\/vacunacion-ninos-soy-migrante3-1140x760.webp 1140w, https:\/\/soymigrante.com\/revista\/wp-content\/uploads\/2024\/08\/vacunacion-ninos-soy-migrante3.webp 1920w\" sizes=\"(max-width: 768px) 100vw, 768px\" title=\"vacunacion ni\u00f1os soy migrante3 \u2013 SoyMigrante.com REVISTA\" \/>\t\t\t\t\t\t\t\t\t\t\t<figcaption class=\"widget-image-caption wp-caption-text\">Consulta migratoria familiar para inmigrantes en Espa\u00f1a, asesor\u00eda legal para madres inmigrantes, derechos de ni\u00f1os inmigrantes en Espa\u00f1a.<\/figcaption>\n\t\t\t\t\t\t\t\t\t\t<\/figure>\n\t\t\t\t\t\t\t\t\t<\/div>\n\t\t\t\t\t<\/div>\n\t\t\t\t<\/div>\n\t\t<div data-particle_enable=\"false\" data-particle-mobile-disabled=\"false\" class=\"elementor-element elementor-element-f517146 e-flex e-con-boxed e-con e-parent\" data-id=\"f517146\" data-element_type=\"container\" data-e-type=\"container\">\n\t\t\t\t\t<div class=\"e-con-inner\">\n\t\t\t\t<div class=\"elementor-element elementor-element-60764ed elementor-widget elementor-widget-text-editor\" data-id=\"60764ed\" data-element_type=\"widget\" data-e-type=\"widget\" data-widget_type=\"text-editor.default\">\n\t\t\t\t\t\t\t\t\t<p>Para acceder al esquema de vacunaci\u00f3n, el Gobierno de EE. UU. no limita seg\u00fan sea tu estado migratorio. Adem\u00e1s, iglesias, escuelas y otras entidades ofrecen vacunaci\u00f3n gratis por lo que te recomendamos consultar en alguna.<\/p>\n<p>Puedes ubicar el centro de vacunaci\u00f3n m\u00e1s cercano en esta p\u00e1gina&nbsp;<a href=\"https:\/\/www.vaccines.gov\/en\/\" target=\"_blank\" rel=\"noopener\">vaccines.gov<\/a>&nbsp;o bien llamar al 1-800-232-0233 o bien, env\u00eda tu c\u00f3digo postal al 438829.<\/p>\t\t\t\t\t\t\t\t<\/div>\n\t\t\t\t\t<\/div>\n\t\t\t\t<\/div>\n\t\t<div data-particle_enable=\"false\" data-particle-mobile-disabled=\"false\" class=\"elementor-element elementor-element-3a3a5dd e-flex e-con-boxed e-con e-parent\" data-id=\"3a3a5dd\" data-element_type=\"container\" data-e-type=\"container\">\n\t\t\t\t\t<div class=\"e-con-inner\">\n\t\t\t\t<div class=\"elementor-element elementor-element-7c4e20f elementor-widget elementor-widget-image\" data-id=\"7c4e20f\" data-element_type=\"widget\" data-e-type=\"widget\" data-widget_type=\"image.default\">\n\t\t\t\t\t\t\t\t\t\t\t\t<figure class=\"wp-caption\">\n\t\t\t\t\t\t\t\t\t\t<img loading=\"lazy\" decoding=\"async\" width=\"768\" height=\"512\" src=\"https:\/\/soymigrante.com\/revista\/wp-content\/uploads\/2024\/08\/vacunacion-ninos-soy-migrante4-1024x683.webp\" class=\"attachment-large size-large wp-image-8126\" alt=\"Vacunaci\u00f3n infantil en cl\u00ednica pedi\u00e1trica, vacunando a un ni\u00f1o con vacuna contra enfermedades.\" srcset=\"https:\/\/soymigrante.com\/revista\/wp-content\/uploads\/2024\/08\/vacunacion-ninos-soy-migrante4-1024x683.webp 1024w, https:\/\/soymigrante.com\/revista\/wp-content\/uploads\/2024\/08\/vacunacion-ninos-soy-migrante4-300x200.webp 300w, https:\/\/soymigrante.com\/revista\/wp-content\/uploads\/2024\/08\/vacunacion-ninos-soy-migrante4-768x512.webp 768w, https:\/\/soymigrante.com\/revista\/wp-content\/uploads\/2024\/08\/vacunacion-ninos-soy-migrante4-1536x1024.webp 1536w, https:\/\/soymigrante.com\/revista\/wp-content\/uploads\/2024\/08\/vacunacion-ninos-soy-migrante4-scaled.webp 1920w, https:\/\/soymigrante.com\/revista\/wp-content\/uploads\/2024\/08\/vacunacion-ninos-soy-migrante4-750x500.webp 750w, https:\/\/soymigrante.com\/revista\/wp-content\/uploads\/2024\/08\/vacunacion-ninos-soy-migrante4-1140x760.webp 1140w\" sizes=\"(max-width: 768px) 100vw, 768px\" title=\"Cropped photo of a boys shoulder with stick band-aid vaccinatio \u2013 SoyMigrante.com REVISTA\" \/>\t\t\t\t\t\t\t\t\t\t\t<figcaption class=\"widget-image-caption wp-caption-text\">Ni\u00f1o recibiendo vacunaci\u00f3n en centro de salud, vacunaci\u00f3n infantil, una ni\u00f1a vacunada para prevenir enfermedades.<\/figcaption>\n\t\t\t\t\t\t\t\t\t\t<\/figure>\n\t\t\t\t\t\t\t\t\t<\/div>\n\t\t\t\t\t<\/div>\n\t\t\t\t<\/div>\n\t\t<div data-particle_enable=\"false\" data-particle-mobile-disabled=\"false\" class=\"elementor-element elementor-element-c8fcbd0 e-flex e-con-boxed e-con e-parent\" data-id=\"c8fcbd0\" data-element_type=\"container\" data-e-type=\"container\">\n\t\t\t\t\t<div class=\"e-con-inner\">\n\t\t\t\t<div class=\"elementor-element elementor-element-7bba96f elementor-widget elementor-widget-text-editor\" data-id=\"7bba96f\" data-element_type=\"widget\" data-e-type=\"widget\" data-widget_type=\"text-editor.default\">\n\t\t\t\t\t\t\t\t\t<p>Otros puntos a tener en cuenta es que la vacunaci\u00f3n de tus hijos peque\u00f1os contribuye a ti y a tu familia en desarrollo saludable y la reducci\u00f3n de costos m\u00e9dicos a futuro.<\/p><p>\u201cEn resumen, vacunar a los ni\u00f1os es una medida fundamental para proteger su salud y la de la comunidad en general\u201d, refiere el doctor Rosal.<\/p><p>Puedes consultar con el neum\u00f3logo pediatra al tel\u00e9fono (502) 23857546.<\/p>\t\t\t\t\t\t\t\t<\/div>\n\t\t\t\t\t<\/div>\n\t\t\t\t<\/div>\n\t\t<div data-particle_enable=\"false\" data-particle-mobile-disabled=\"false\" class=\"elementor-element elementor-element-6862129 e-flex e-con-boxed e-con e-parent\" data-id=\"6862129\" data-element_type=\"container\" data-e-type=\"container\">\n\t\t\t\t\t<div class=\"e-con-inner\">\n\t\t\t\t<div class=\"elementor-element elementor-element-344d83b elementor-widget elementor-widget-heading\" data-id=\"344d83b\" data-element_type=\"widget\" data-e-type=\"widget\" data-widget_type=\"heading.default\">\n\t\t\t\t\t<h3 class=\"elementor-heading-title elementor-size-default\">Tambi\u00e9n podr\u00eda interesarte<\/h3>\t\t\t\t<\/div>\n\t\t\t\t\t<\/div>\n\t\t\t\t<\/div>\n\t\t<div data-particle_enable=\"false\" data-particle-mobile-disabled=\"false\" class=\"elementor-element elementor-element-173d8c9 e-flex e-con-boxed e-con e-parent\" data-id=\"173d8c9\" data-element_type=\"container\" data-e-type=\"container\">\n\t\t\t\t\t<div class=\"e-con-inner\">\n\t\t\t\t<div class=\"elementor-element elementor-element-0eda78e elementor-grid-eael-col-3 elementor-grid-tablet-eael-col-2 elementor-grid-mobile-eael-col-1 elementor-widget elementor-widget-eael-post-grid\" data-id=\"0eda78e\" data-element_type=\"widget\" data-e-type=\"widget\" data-settings=\"{&quot;eael_post_grid_columns&quot;:&quot;eael-col-3&quot;,&quot;eael_post_grid_columns_tablet&quot;:&quot;eael-col-2&quot;,&quot;eael_post_grid_columns_mobile&quot;:&quot;eael-col-1&quot;}\" data-widget_type=\"eael-post-grid.default\">\n\t\t\t\t\t<div id=\"eael-post-grid-0eda78e\" class=\"eael-post-grid-container\">\n            <div class=\"eael-post-grid eael-post-appender eael-post-appender-0eda78e eael-post-grid-style-one\" data-layout-mode=\"masonry\"><article class=\"eael-grid-post  eael-post-grid-column eael-pg-post-1359 category-bienestar\" data-id=\"1359\">\n        <div class=\"eael-grid-post-holder\">\n            <div class=\"eael-grid-post-holder-inner\"><div class=\"eael-entry-media\"><div class=\"eael-entry-overlay fade-in\"><i class=\"far fa-hand-pointer\" aria-hidden=\"true\"><\/i><a href=\"https:\/\/soymigrante.com\/revista\/salud-dental-se-descuida-a-menudo-por-migrantes\/\"><\/a><\/div><div class=\"eael-entry-thumbnail \">\n                <img loading=\"lazy\" decoding=\"async\" width=\"1024\" height=\"679\" src=\"https:\/\/soymigrante.com\/revista\/wp-content\/uploads\/2023\/06\/salud-dental-soy-migrante2-1024x679.webp\" class=\"attachment-large size-large wp-image-1361\" alt=\"\" srcset=\"https:\/\/soymigrante.com\/revista\/wp-content\/uploads\/2023\/06\/salud-dental-soy-migrante2-1024x679.webp 1024w, https:\/\/soymigrante.com\/revista\/wp-content\/uploads\/2023\/06\/salud-dental-soy-migrante2-300x199.webp 300w, https:\/\/soymigrante.com\/revista\/wp-content\/uploads\/2023\/06\/salud-dental-soy-migrante2-768x509.webp 768w, https:\/\/soymigrante.com\/revista\/wp-content\/uploads\/2023\/06\/salud-dental-soy-migrante2-750x497.webp 750w, https:\/\/soymigrante.com\/revista\/wp-content\/uploads\/2023\/06\/salud-dental-soy-migrante2-1140x756.webp 1140w, https:\/\/soymigrante.com\/revista\/wp-content\/uploads\/2023\/06\/salud-dental-soy-migrante2.webp 1436w\" sizes=\"(max-width: 1024px) 100vw, 1024px\" \/>\n            <\/div>\n        <\/div><div class=\"eael-entry-wrapper\"><header class=\"eael-entry-header\"><h2 class=\"eael-entry-title\"><a class=\"eael-grid-post-link\" href=\"https:\/\/soymigrante.com\/revista\/salud-dental-se-descuida-a-menudo-por-migrantes\/\" title=\"Salud dental: Muchos retrasan atenderse hasta que un d\u00eda el dolor los obliga\">Salud dental: Muchos retrasan atenderse hasta que un d\u00eda el dolor los obliga<\/a><\/h2><\/header><div class=\"eael-entry-content\">\n                        <div class=\"eael-grid-post-excerpt\"><a href=\"https:\/\/soymigrante.com\/revista\/salud-dental-se-descuida-a-menudo-por-migrantes\/\" class=\"eael-post-elements-readmore-btn\">CONOCE SU HISTORIA <\/a><\/div>\n                    <\/div><\/div><\/div>\n        <\/div>\n    <\/article><article class=\"eael-grid-post  eael-post-grid-column eael-pg-post-1423 category-bienestar\" data-id=\"1423\">\n        <div class=\"eael-grid-post-holder\">\n            <div class=\"eael-grid-post-holder-inner\"><div class=\"eael-entry-media\"><div class=\"eael-entry-overlay fade-in\"><i class=\"far fa-hand-pointer\" aria-hidden=\"true\"><\/i><a href=\"https:\/\/soymigrante.com\/revista\/salud-migrante-como-prevenir-un-golpe-de-calor-por-altas-temperaturas\/\"><\/a><\/div><div class=\"eael-entry-thumbnail \">\n                <img loading=\"lazy\" decoding=\"async\" width=\"920\" height=\"920\" src=\"https:\/\/soymigrante.com\/revista\/wp-content\/uploads\/2023\/06\/ola-de-calor-estados-unidos-2025.webp\" class=\"attachment-large size-large wp-image-37659\" alt=\"Estados Unidos y Canad\u00e1 resaltados en un mapa de migraci\u00f3n y movilidad internacional, relacionado con temas de migrantes y comunidades latinas en Estados Unidos.\" srcset=\"https:\/\/soymigrante.com\/revista\/wp-content\/uploads\/2023\/06\/ola-de-calor-estados-unidos-2025.webp 920w, https:\/\/soymigrante.com\/revista\/wp-content\/uploads\/2023\/06\/ola-de-calor-estados-unidos-2025-300x300.png 300w, https:\/\/soymigrante.com\/revista\/wp-content\/uploads\/2023\/06\/ola-de-calor-estados-unidos-2025-150x150.png 150w, https:\/\/soymigrante.com\/revista\/wp-content\/uploads\/2023\/06\/ola-de-calor-estados-unidos-2025-768x768.png 768w, https:\/\/soymigrante.com\/revista\/wp-content\/uploads\/2023\/06\/ola-de-calor-estados-unidos-2025-75x75.png 75w, https:\/\/soymigrante.com\/revista\/wp-content\/uploads\/2023\/06\/ola-de-calor-estados-unidos-2025-750x750.png 750w\" sizes=\"(max-width: 920px) 100vw, 920px\" \/>\n            <\/div>\n        <\/div><div class=\"eael-entry-wrapper\"><header class=\"eael-entry-header\"><h2 class=\"eael-entry-title\"><a class=\"eael-grid-post-link\" href=\"https:\/\/soymigrante.com\/revista\/salud-migrante-como-prevenir-un-golpe-de-calor-por-altas-temperaturas\/\" title=\"Altas temperaturas 2025 en USA: Es vital evitar el golpe de calor\">Altas temperaturas 2025 en USA: Es vital evitar el golpe de calor<\/a><\/h2><\/header><div class=\"eael-entry-content\">\n                        <div class=\"eael-grid-post-excerpt\"><a href=\"https:\/\/soymigrante.com\/revista\/salud-migrante-como-prevenir-un-golpe-de-calor-por-altas-temperaturas\/\" class=\"eael-post-elements-readmore-btn\">CONOCE SU HISTORIA <\/a><\/div>\n                    <\/div><\/div><\/div>\n        <\/div>\n    <\/article><article class=\"eael-grid-post  eael-post-grid-column eael-pg-post-4880 category-estamos-unidos\" data-id=\"4880\">\n        <div class=\"eael-grid-post-holder\">\n            <div class=\"eael-grid-post-holder-inner\"><div class=\"eael-entry-media\"><div class=\"eael-entry-overlay fade-in\"><i class=\"far fa-hand-pointer\" aria-hidden=\"true\"><\/i><a href=\"https:\/\/soymigrante.com\/revista\/migrantes-guatemaltecos-apoyaron-jornada-medica-en-occidente-del-pais\/\"><\/a><\/div><div class=\"eael-entry-thumbnail \">\n                <img loading=\"lazy\" decoding=\"async\" width=\"1024\" height=\"630\" src=\"https:\/\/soymigrante.com\/revista\/wp-content\/uploads\/2024\/02\/PORTADA-LIMARY-1024x630.webp\" class=\"attachment-large size-large wp-image-4912\" alt=\"Limary Gramajo es hija de migrantes guatemaltecos, Gracias al apoyo de becas y prestamos estudiantiles Limary estar\u00e1 a punto de graduarse como ginec\u00f3loga obstetra. Desde que supo de la misi\u00f3n en Guatemala se motivo a reunir insumos para las comunidades a las que se realizaba la jornada con el apoyo de la comunidad migrante guatemalteca radicada en Oklahoma\" srcset=\"https:\/\/soymigrante.com\/revista\/wp-content\/uploads\/2024\/02\/PORTADA-LIMARY-1024x630.webp 1024w, https:\/\/soymigrante.com\/revista\/wp-content\/uploads\/2024\/02\/PORTADA-LIMARY-300x185.webp 300w, https:\/\/soymigrante.com\/revista\/wp-content\/uploads\/2024\/02\/PORTADA-LIMARY-768x473.webp 768w, https:\/\/soymigrante.com\/revista\/wp-content\/uploads\/2024\/02\/PORTADA-LIMARY-750x462.webp 750w, https:\/\/soymigrante.com\/revista\/wp-content\/uploads\/2024\/02\/PORTADA-LIMARY.webp 1300w\" sizes=\"(max-width: 1024px) 100vw, 1024px\" \/>\n            <\/div>\n        <\/div><div class=\"eael-entry-wrapper\"><header class=\"eael-entry-header\"><h2 class=\"eael-entry-title\"><a class=\"eael-grid-post-link\" href=\"https:\/\/soymigrante.com\/revista\/migrantes-guatemaltecos-apoyaron-jornada-medica-en-occidente-del-pais\/\" title=\"Solidaridad migrante acompa\u00f1a misi\u00f3n de m\u00e9dicos de EE.UU. en Xela y Totonicap\u00e1n\">Solidaridad migrante acompa\u00f1a misi\u00f3n de m\u00e9dicos de EE.UU. en Xela y Totonicap\u00e1n<\/a><\/h2><\/header><div class=\"eael-entry-content\">\n                        <div class=\"eael-grid-post-excerpt\"><a href=\"https:\/\/soymigrante.com\/revista\/migrantes-guatemaltecos-apoyaron-jornada-medica-en-occidente-del-pais\/\" class=\"eael-post-elements-readmore-btn\">CONOCE SU HISTORIA <\/a><\/div>\n                    <\/div><\/div><\/div>\n        <\/div>\n    <\/article><\/div>\n            <div class=\"clearfix\"><\/div>\n        <\/div>\t\t\t\t<\/div>\n\t\t\t\t\t<\/div>\n\t\t\t\t<\/div>\n\t\t\t\t<\/div>\n\t\t","protected":false},"excerpt":{"rendered":"<p>\u201c\u00bfPara qu\u00e9 vacunarlos?\u201d, \u201cEs que mi beb\u00e9 llora si lo vacunan\u201d &#8220;No s\u00e9 para qu\u00e9 sirven las vacunas&#8221; son algunos pensamientos que surgen en los padres cuando deben llevarlos al pediatra, pero solo as\u00ed podr\u00e1s evitar que tus hijos se contagien de enfermedades raras o mortales. Una de las alertas que hace el Centro de [&hellip;]<\/p>\n","protected":false},"author":23,"featured_media":8148,"comment_status":"open","ping_status":"open","sticky":false,"template":"","format":"standard","meta":{"_acf_changed":false,"_eb_attr":"","footnotes":""},"categories":[55],"tags":[],"class_list":["post-8116","post","type-post","status-publish","format-standard","has-post-thumbnail","hentry","category-bienestar"],"acf":[],"aioseo_notices":[],"aioseo_head":"\n\t\t<!-- All in One SEO Pro 4.9.6.2 - aioseo.com -->\n\t<meta name=\"description\" content=\"Limayre\" \/>\n\t<meta name=\"robots\" content=\"max-snippet:-1, max-image-preview:large, max-video-preview:-1\" \/>\n\t<meta name=\"author\" content=\"Diana Batz\"\/>\n\t<link rel=\"canonical\" href=\"https:\/\/soymigrante.com\/revista\/migrantes-guatemaltecos-apoyaron-jornada-medica-en-occidente-del-pais\/\" \/>\n\t<meta name=\"generator\" content=\"All in One SEO Pro (AIOSEO) 4.9.6.2\" \/>\n\n\t\t<link rel=\"preconnect\" href=\"https:\/\/fonts.googleapis.com\" crossorigin>\n<link rel=\"preconnect\" href=\"https:\/\/fonts.gstatic.com\" crossorigin>\n\t\t<meta property=\"og:locale\" content=\"es_ES\" \/>\n\t\t<meta property=\"og:site_name\" content=\"SoyMigrante.com REVISTA \u2013 Nuestra misi\u00f3n es reconocer y dignificar al migrante.\" \/>\n\t\t<meta property=\"og:type\" content=\"article\" \/>\n\t\t<meta property=\"og:title\" content=\"Jornada m\u00e9dica en Guatemala con ayuda de migrantes chapines\" \/>\n\t\t<meta property=\"og:description\" content=\"Limayre\" \/>\n\t\t<meta property=\"og:url\" content=\"https:\/\/soymigrante.com\/revista\/migrantes-guatemaltecos-apoyaron-jornada-medica-en-occidente-del-pais\/\" \/>\n\t\t<meta property=\"og:image\" content=\"https:\/\/soymigrante.com\/revista\/wp-content\/uploads\/2024\/02\/PORTADA-LIMARY.webp\" \/>\n\t\t<meta property=\"og:image:secure_url\" content=\"https:\/\/soymigrante.com\/revista\/wp-content\/uploads\/2024\/02\/PORTADA-LIMARY.webp\" \/>\n\t\t<meta property=\"og:image:width\" content=\"1300\" \/>\n\t\t<meta property=\"og:image:height\" content=\"800\" \/>\n\t\t<meta property=\"article:published_time\" content=\"2024-02-16T04:48:37+00:00\" \/>\n\t\t<meta property=\"article:modified_time\" content=\"2024-04-30T12:07:37+00:00\" \/>\n\t\t<meta property=\"article:publisher\" content=\"https:\/\/www.facebook.com\/soymigrantecom\" \/>\n\t\t<meta name=\"twitter:card\" content=\"summary_large_image\" \/>\n\t\t<meta name=\"twitter:site\" content=\"@SoyMigrante_com\" \/>\n\t\t<meta name=\"twitter:title\" content=\"Jornada m\u00e9dica en Guatemala con ayuda de migrantes chapines\" \/>\n\t\t<meta name=\"twitter:description\" content=\"Limayre\" \/>\n\t\t<meta name=\"twitter:creator\" content=\"@SoyMigrante_com\" \/>\n\t\t<meta name=\"twitter:image\" content=\"https:\/\/soymigrante.com\/revista\/wp-content\/uploads\/2024\/02\/PORTADA-LIMARY.webp\" \/>\n\t\t<!-- All in One SEO Pro -->\r\n\t\t<title>Jornada m\u00e9dica en Guatemala con ayuda de migrantes chapines<\/title>\n\n","aioseo_head_json":{"title":"Jornada m\u00e9dica en Guatemala con ayuda de migrantes chapines","description":"Limayre","canonical_url":"https:\/\/soymigrante.com\/revista\/migrantes-guatemaltecos-apoyaron-jornada-medica-en-occidente-del-pais\/","robots":"max-snippet:-1, max-image-preview:large, max-video-preview:-1","keywords":"","webmasterTools":{"miscellaneous":"&lt;link rel=\"preconnect\" href=\"https:\/\/fonts.googleapis.com\" crossorigin&gt;\n&lt;link rel=\"preconnect\" href=\"https:\/\/fonts.gstatic.com\" crossorigin&gt;"},"schema":null,"og:locale":"es_ES","og:site_name":"SoyMigrante.com REVISTA \u2013 Nuestra misi\u00f3n es reconocer y dignificar al migrante.","og:type":"article","og:title":"Jornada m\u00e9dica en Guatemala con ayuda de migrantes chapines","og:description":"Limayre","og:url":"https:\/\/soymigrante.com\/revista\/migrantes-guatemaltecos-apoyaron-jornada-medica-en-occidente-del-pais\/","og:image":"https:\/\/soymigrante.com\/revista\/wp-content\/uploads\/2024\/02\/PORTADA-LIMARY.webp","og:image:secure_url":"https:\/\/soymigrante.com\/revista\/wp-content\/uploads\/2024\/02\/PORTADA-LIMARY.webp","og:image:width":1300,"og:image:height":800,"article:published_time":"2024-02-16T04:48:37+00:00","article:modified_time":"2024-04-30T12:07:37+00:00","article:publisher":"https:\/\/www.facebook.com\/soymigrantecom","twitter:card":"summary_large_image","twitter:site":"@SoyMigrante_com","twitter:title":"Jornada m\u00e9dica en Guatemala con ayuda de migrantes chapines","twitter:description":"Limayre","twitter:creator":"@SoyMigrante_com","twitter:image":"https:\/\/soymigrante.com\/revista\/wp-content\/uploads\/2024\/02\/PORTADA-LIMARY.webp"},"aioseo_meta_data":{"post_id":"8116","title":"Vacunaci\u00f3n de ni\u00f1os en USA: sean o no migrantes, las necesitan","description":"Los migrantes en EE.UU. no deben descuidar la salud de sus hijos menores de 5 a\u00f1os y vacunarlos es un factor fundamental. Algunos datos sobre el esquema de inmunizaci\u00f3n.","keywords":null,"keyphrases":{"focus":{"keyphrase":"vacunacion","score":37,"analysis":{"keyphraseInTitle":{"score":3,"maxScore":9,"error":1},"keyphraseInDescription":{"score":3,"maxScore":9,"error":1},"keyphraseLength":{"score":9,"maxScore":9,"error":0,"length":1},"keyphraseInURL":{"score":1,"maxScore":5,"error":1},"keyphraseInIntroduction":{"score":3,"maxScore":9,"error":1},"keyphraseInSubHeadings":{"score":3,"maxScore":9,"error":1},"keyphraseInImageAlt":{"score":3,"maxScore":9,"error":1},"keywordDensity":{"score":0,"type":"low","maxScore":9,"error":1}}},"additional":[{"keyphrase":"ni\u00f1os","score":60,"analysis":{"keyphraseInDescription":{"score":3,"maxScore":9,"error":1},"keyphraseLength":{"score":9,"maxScore":9,"error":0,"length":2},"keyphraseInIntroduction":{"score":3,"maxScore":9,"error":1},"keyphraseInImageAlt":{"score":3,"maxScore":9,"error":1},"keywordDensity":{"type":"best","score":9,"maxScore":9,"error":0}}}]},"primary_term":null,"canonical_url":null,"og_title":null,"og_description":null,"og_object_type":"default","og_image_type":"default","og_image_url":null,"og_image_width":null,"og_image_height":null,"og_image_custom_url":null,"og_image_custom_fields":null,"og_video":"","og_custom_url":null,"og_article_section":null,"og_article_tags":null,"twitter_use_og":false,"twitter_card":"default","twitter_image_type":"default","twitter_image_url":null,"twitter_image_custom_url":null,"twitter_image_custom_fields":null,"twitter_title":null,"twitter_description":null,"schema":{"blockGraphs":[],"customGraphs":[],"default":{"data":{"Article":[],"Course":[],"Dataset":[],"FAQPage":[],"Movie":[],"Person":[],"Product":[],"ProductReview":[],"Car":[],"Recipe":[],"Service":[],"SoftwareApplication":[],"WebPage":[]},"graphName":"Article","isEnabled":true},"graphs":[]},"schema_type":"default","schema_type_options":null,"pillar_content":false,"robots_default":true,"robots_noindex":false,"robots_noarchive":false,"robots_nosnippet":false,"robots_nofollow":false,"robots_noimageindex":false,"robots_noodp":false,"robots_notranslate":false,"robots_max_snippet":"-1","robots_max_videopreview":"-1","robots_max_imagepreview":"large","priority":null,"frequency":"default","local_seo":null,"seo_analyzer_scan_date":"2025-10-08 23:26:26","breadcrumb_settings":null,"limit_modified_date":false,"reviewed_by":null,"open_ai":"{\"title\":{\"suggestions\":[],\"usage\":0},\"description\":{\"suggestions\":[],\"usage\":0}}","ai":null,"created":"2024-08-16 21:29:46","updated":"2026-02-04 14:07:20"},"aioseo_breadcrumb":"<div class=\"aioseo-breadcrumbs\"><span class=\"aioseo-breadcrumb\">\n\t<a href=\"https:\/\/soymigrante.com\/revista\" title=\"Home\">Home<\/a>\n<\/span><span class=\"aioseo-breadcrumb-separator\">\u00bb<\/span><span class=\"aioseo-breadcrumb\">\n\t<a href=\"https:\/\/soymigrante.com\/revista\/category\/bienestar\/\" title=\"Bienestar\">Bienestar<\/a>\n<\/span><span class=\"aioseo-breadcrumb-separator\">\u00bb<\/span><span class=\"aioseo-breadcrumb\">\n\tVacunas son vitales para ni\u00f1os, sean o no migrantes en EE.UU.\n<\/span><\/div>","aioseo_breadcrumb_json":[{"label":"Home","link":"https:\/\/soymigrante.com\/revista"},{"label":"Bienestar","link":"https:\/\/soymigrante.com\/revista\/category\/bienestar\/"},{"label":"Vacunas son vitales para ni\u00f1os, sean o no migrantes en EE.UU.","link":"https:\/\/soymigrante.com\/revista\/vacunas-son-vitales-para-ninos-sean-o-no-migrantes-en-ee-uu\/"}],"_links":{"self":[{"href":"https:\/\/soymigrante.com\/revista\/wp-json\/wp\/v2\/posts\/8116","targetHints":{"allow":["GET"]}}],"collection":[{"href":"https:\/\/soymigrante.com\/revista\/wp-json\/wp\/v2\/posts"}],"about":[{"href":"https:\/\/soymigrante.com\/revista\/wp-json\/wp\/v2\/types\/post"}],"author":[{"embeddable":true,"href":"https:\/\/soymigrante.com\/revista\/wp-json\/wp\/v2\/users\/23"}],"replies":[{"embeddable":true,"href":"https:\/\/soymigrante.com\/revista\/wp-json\/wp\/v2\/comments?post=8116"}],"version-history":[{"count":0,"href":"https:\/\/soymigrante.com\/revista\/wp-json\/wp\/v2\/posts\/8116\/revisions"}],"wp:featuredmedia":[{"embeddable":true,"href":"https:\/\/soymigrante.com\/revista\/wp-json\/wp\/v2\/media\/8148"}],"wp:attachment":[{"href":"https:\/\/soymigrante.com\/revista\/wp-json\/wp\/v2\/media?parent=8116"}],"wp:term":[{"taxonomy":"category","embeddable":true,"href":"https:\/\/soymigrante.com\/revista\/wp-json\/wp\/v2\/categories?post=8116"},{"taxonomy":"post_tag","embeddable":true,"href":"https:\/\/soymigrante.com\/revista\/wp-json\/wp\/v2\/tags?post=8116"}],"curies":[{"name":"wp","href":"https:\/\/api.w.org\/{rel}","templated":true}]}}