{"id":8088,"date":"2024-08-15T13:49:36","date_gmt":"2024-08-15T19:49:36","guid":{"rendered":"https:\/\/soymigrante.com\/revista\/?p=8088"},"modified":"2025-08-27T23:23:06","modified_gmt":"2025-08-28T05:23:06","slug":"dulces-guatemaltecos-se-saborean-en-la-feria-la-memoria-y-el-corazon","status":"publish","type":"post","link":"https:\/\/soymigrante.com\/revista\/dulces-guatemaltecos-se-saborean-en-la-feria-la-memoria-y-el-corazon\/","title":{"rendered":"Dulces guatemaltecos se saborean en la feria, la memoria y el coraz\u00f3n"},"content":{"rendered":"\t\t<div data-elementor-type=\"wp-post\" data-elementor-id=\"8088\" class=\"elementor elementor-8088\" data-elementor-post-type=\"post\">\n\t\t\t\t<div data-particle_enable=\"false\" data-particle-mobile-disabled=\"false\" class=\"elementor-element elementor-element-86f1cf7 e-flex e-con-boxed e-con e-parent\" data-id=\"86f1cf7\" data-element_type=\"container\" data-e-type=\"container\">\n\t\t\t\t\t<div class=\"e-con-inner\">\n\t\t\t\t<div class=\"elementor-element elementor-element-2e0d907 elementor-widget elementor-widget-heading\" data-id=\"2e0d907\" data-element_type=\"widget\" data-e-type=\"widget\" data-widget_type=\"heading.default\">\n\t\t\t\t\t<h2 class=\"elementor-heading-title elementor-size-default\">Esta es una galer\u00eda de algunos dulces guatemaltecos que le hacen un gui\u00f1o a los paseantes en ferias patronales, en puestos de plazas de pueblos o incluso en peque\u00f1as ventas artesanales. Esta es solo una peque\u00f1a vitrina para que se antojen.<\/h2>\t\t\t\t<\/div>\n\t\t\t\t\t<\/div>\n\t\t\t\t<\/div>\n\t\t<div data-particle_enable=\"false\" data-particle-mobile-disabled=\"false\" class=\"elementor-element elementor-element-fa55128 e-flex e-con-boxed e-con e-parent\" data-id=\"fa55128\" data-element_type=\"container\" data-e-type=\"container\">\n\t\t\t\t\t<div class=\"e-con-inner\">\n\t\t\t\t<div class=\"elementor-element elementor-element-1d7cb62 elementor-widget elementor-widget-text-editor\" data-id=\"1d7cb62\" data-element_type=\"widget\" data-e-type=\"widget\" data-widget_type=\"text-editor.default\">\n\t\t\t\t\t\t\t\t\t<p>Los dulces guatemaltecos son una tradici\u00f3n que se remonta a la \u00e9poca colonial pero que integr\u00f3 la tradici\u00f3n espa\u00f1ola con el gusto prehisp\u00e1nico. Por eso hay muchas m\u00e1s influencias multiculturales que se combinan con productos propios de la regi\u00f3n.<\/p><p>En cada feria guatemalteca nunca faltan las ventas de estas tentaciones artesanales, que tienen diversos ingredientes: desde simple az\u00facar procesada, hasta ex\u00f3ticas combinaciones, colores y texturas.\u00a0<\/p><p>Los precios han cambiado, pues hace 40 a\u00f1os, un trozo de conserva de coco pod\u00eda costar 10 centavos y hoy cuesta 10 quetzales. &#8220;Es que todo ha subido&#8221;, es la respuesta usual de los tenderos en la Feria de Jocotenango, donde se adquirieron los que as\u00ed se presentan con una breve descripci\u00f3n.<\/p>\t\t\t\t\t\t\t\t<\/div>\n\t\t\t\t\t<\/div>\n\t\t\t\t<\/div>\n\t\t<div data-particle_enable=\"false\" data-particle-mobile-disabled=\"false\" class=\"elementor-element elementor-element-afa942e e-flex e-con-boxed e-con e-parent\" data-id=\"afa942e\" data-element_type=\"container\" data-e-type=\"container\">\n\t\t\t\t\t<div class=\"e-con-inner\">\n\t\t\t\t<div class=\"elementor-element elementor-element-a20758c elementor-widget elementor-widget-image-gallery\" data-id=\"a20758c\" data-element_type=\"widget\" data-e-type=\"widget\" data-widget_type=\"image-gallery.default\">\n\t\t\t\t\t\t\t<div class=\"elementor-image-gallery\">\n\t\t\t<div id='gallery-1' class='gallery galleryid-8088 gallery-columns-1 gallery-size-large'><figure class='gallery-item'>\n\t\t\t<div class='gallery-icon landscape'>\n\t\t\t\t<a data-elementor-open-lightbox=\"yes\" data-elementor-lightbox-slideshow=\"a20758c\" data-elementor-lightbox-title=\"Un cl\u00e1sico: los quiebradientes. Si su dentadura no est\u00e1 muy buena, mejor no intente partirlos. D\u00e9jelos que se deshagan lentamente en el paladar. Los hay con man\u00eda, con un toque de vainilla o estos, de fresa o cereza. Son verdaderas perlas de la alegr\u00eda que traen a la memoria tiempos de infancia.\" data-elementor-lightbox-description=\"Imagen de dulces t\u00edpicos mexicanos, destacando las bolas de fruta transparente en un entorno cultural vibrante.\" data-e-action-hash=\"#elementor-action%3Aaction%3Dlightbox%26settings%3DeyJpZCI6ODA5MywidXJsIjoiaHR0cHM6XC9cL3NveW1pZ3JhbnRlLmNvbVwvcmV2aXN0YVwvd3AtY29udGVudFwvdXBsb2Fkc1wvMjAyNFwvMDhcL2R1bGNlcy1ndWF0ZW1hbHRlY29zLTUud2VicCIsInNsaWRlc2hvdyI6ImEyMDc1OGMifQ%3D%3D\" href='https:\/\/soymigrante.com\/revista\/wp-content\/uploads\/2024\/08\/dulces-guatemaltecos-5.webp'><img fetchpriority=\"high\" decoding=\"async\" width=\"1024\" height=\"653\" src=\"https:\/\/soymigrante.com\/revista\/wp-content\/uploads\/2024\/08\/dulces-guatemaltecos-5-1024x653.webp\" class=\"attachment-large size-large\" alt=\"Dulces mexicanos de fruta en forma de bolas rojas transparentes sobre tela mexicana colorida.\" aria-describedby=\"gallery-1-8093\" srcset=\"https:\/\/soymigrante.com\/revista\/wp-content\/uploads\/2024\/08\/dulces-guatemaltecos-5-1024x653.webp 1024w, https:\/\/soymigrante.com\/revista\/wp-content\/uploads\/2024\/08\/dulces-guatemaltecos-5-300x191.webp 300w, https:\/\/soymigrante.com\/revista\/wp-content\/uploads\/2024\/08\/dulces-guatemaltecos-5-768x489.webp 768w, https:\/\/soymigrante.com\/revista\/wp-content\/uploads\/2024\/08\/dulces-guatemaltecos-5-750x478.webp 750w, https:\/\/soymigrante.com\/revista\/wp-content\/uploads\/2024\/08\/dulces-guatemaltecos-5-1140x727.webp 1140w, https:\/\/soymigrante.com\/revista\/wp-content\/uploads\/2024\/08\/dulces-guatemaltecos-5.webp 1260w\" sizes=\"(max-width: 1024px) 100vw, 1024px\" title=\"Un cl\u00e1sico: los quiebradientes. Si su dentadura no est\u00e1 muy buena, mejor no intente partirlos. D\u00e9jelos que se deshagan lentamente en el paladar. Los hay con man\u00eda, con un toque de vainilla o estos, de fresa o cereza. Son verdaderas perlas de la alegr\u00eda que traen a la memoria tiempos de infancia. \u2013 SoyMigrante.com REVISTA\" \/><\/a>\n\t\t\t<\/div>\n\t\t\t\t<figcaption class='wp-caption-text gallery-caption' id='gallery-1-8093'>\n\t\t\t\tDulces tradicionales mexicanos presentados en un plato colorido con tela bordada de fondo.\n\t\t\t\t<\/figcaption><\/figure><figure class='gallery-item'>\n\t\t\t<div class='gallery-icon landscape'>\n\t\t\t\t<a data-elementor-open-lightbox=\"yes\" data-elementor-lightbox-slideshow=\"a20758c\" data-elementor-lightbox-title=\"Conserva de coco, con sabor natural o agregado. Hay varias opciones: remolacha, camote o incluso menta. Algunos colores y sabores ya no se encuentran. Pero la versi\u00f3n original, de coco azucarado se ofrece en varios tama\u00f1os.\" data-elementor-lightbox-description=\"Detalle de dulces mexicanos tradicionales hechos de az\u00facar en colores vibrantes, colocados sobre un plato con fondo de tela multicolor, promoviendo cultura y turismo mexicano.\" data-e-action-hash=\"#elementor-action%3Aaction%3Dlightbox%26settings%3DeyJpZCI6ODA5MSwidXJsIjoiaHR0cHM6XC9cL3NveW1pZ3JhbnRlLmNvbVwvcmV2aXN0YVwvd3AtY29udGVudFwvdXBsb2Fkc1wvMjAyNFwvMDhcL2R1bGNlcy1ndWF0ZW1hbHRlY29zLTIud2VicCIsInNsaWRlc2hvdyI6ImEyMDc1OGMifQ%3D%3D\" href='https:\/\/soymigrante.com\/revista\/wp-content\/uploads\/2024\/08\/dulces-guatemaltecos-2.webp'><img decoding=\"async\" width=\"1024\" height=\"638\" src=\"https:\/\/soymigrante.com\/revista\/wp-content\/uploads\/2024\/08\/dulces-guatemaltecos-2-1024x638.webp\" class=\"attachment-large size-large\" alt=\"Coloridas tazas de az\u00facar tradicional mexicana en diferentes colores, decoradas y con fondos tejidos de colores vivos, representando la cultura mexicana.\" aria-describedby=\"gallery-1-8091\" srcset=\"https:\/\/soymigrante.com\/revista\/wp-content\/uploads\/2024\/08\/dulces-guatemaltecos-2-1024x638.webp 1024w, https:\/\/soymigrante.com\/revista\/wp-content\/uploads\/2024\/08\/dulces-guatemaltecos-2-300x187.webp 300w, https:\/\/soymigrante.com\/revista\/wp-content\/uploads\/2024\/08\/dulces-guatemaltecos-2-768x479.webp 768w, https:\/\/soymigrante.com\/revista\/wp-content\/uploads\/2024\/08\/dulces-guatemaltecos-2-750x468.webp 750w, https:\/\/soymigrante.com\/revista\/wp-content\/uploads\/2024\/08\/dulces-guatemaltecos-2-1140x711.webp 1140w, https:\/\/soymigrante.com\/revista\/wp-content\/uploads\/2024\/08\/dulces-guatemaltecos-2.webp 1248w\" sizes=\"(max-width: 1024px) 100vw, 1024px\" title=\"Conserva de coco, con sabor natural o agregado. Hay varias opciones: remolacha, camote o incluso menta. Algunos colores y sabores ya no se encuentran. Pero la versi\u00f3n original, de coco azucarado se ofrece en varios tama\u00f1os. \u2013 SoyMigrante.com REVISTA\" \/><\/a>\n\t\t\t<\/div>\n\t\t\t\t<figcaption class='wp-caption-text gallery-caption' id='gallery-1-8091'>\n\t\t\t\tSaborea aut\u00e9nticas frutas azucaradas mexicanas, tradicionales y coloridas, ideales para composici\u00f3n cultural, festividades y turismo en M\u00e9xico.\n\t\t\t\t<\/figcaption><\/figure><figure class='gallery-item'>\n\t\t\t<div class='gallery-icon landscape'>\n\t\t\t\t<a data-elementor-open-lightbox=\"yes\" data-elementor-lightbox-slideshow=\"a20758c\" data-elementor-lightbox-title=\"Los anicillos sol\u00edan venir en dos presentaciones: los mini y estos &quot;gigantes&quot;. Los primeros ya casi no se encuentran. El sabor a\u00f1adido suele venir de concentrados l\u00edquidos, aunque todav\u00eda en ciertos talleres de dulcer\u00eda se utiliza el an\u00eds &quot;en persona&quot;. Cuando come uno, ya no puede parar.\" data-elementor-lightbox-description=\"Un plato de dulces t\u00edpicos mexicanos hechos de az\u00facar en colores rosa, verde, amarillo y blanco, ideal para festividades y celebraciones en M\u00e9xico.\" data-e-action-hash=\"#elementor-action%3Aaction%3Dlightbox%26settings%3DeyJpZCI6ODA5MiwidXJsIjoiaHR0cHM6XC9cL3NveW1pZ3JhbnRlLmNvbVwvcmV2aXN0YVwvd3AtY29udGVudFwvdXBsb2Fkc1wvMjAyNFwvMDhcL2R1bGNlcy1ndWF0ZW1hbHRlY29zLTQud2VicCIsInNsaWRlc2hvdyI6ImEyMDc1OGMifQ%3D%3D\" href='https:\/\/soymigrante.com\/revista\/wp-content\/uploads\/2024\/08\/dulces-guatemaltecos-4.webp'><img decoding=\"async\" width=\"1024\" height=\"703\" src=\"https:\/\/soymigrante.com\/revista\/wp-content\/uploads\/2024\/08\/dulces-guatemaltecos-4-1024x703.webp\" class=\"attachment-large size-large\" alt=\"Coloridos dulces tradicionales mexicanos de az\u00facar en diferentes colores y formas, ideales para festividades y celebraciones culturales.\" aria-describedby=\"gallery-1-8092\" srcset=\"https:\/\/soymigrante.com\/revista\/wp-content\/uploads\/2024\/08\/dulces-guatemaltecos-4-1024x703.webp 1024w, https:\/\/soymigrante.com\/revista\/wp-content\/uploads\/2024\/08\/dulces-guatemaltecos-4-300x206.webp 300w, https:\/\/soymigrante.com\/revista\/wp-content\/uploads\/2024\/08\/dulces-guatemaltecos-4-768x527.webp 768w, https:\/\/soymigrante.com\/revista\/wp-content\/uploads\/2024\/08\/dulces-guatemaltecos-4-750x515.webp 750w, https:\/\/soymigrante.com\/revista\/wp-content\/uploads\/2024\/08\/dulces-guatemaltecos-4-1140x783.webp 1140w, https:\/\/soymigrante.com\/revista\/wp-content\/uploads\/2024\/08\/dulces-guatemaltecos-4.webp 1197w\" sizes=\"(max-width: 1024px) 100vw, 1024px\" title=\"Los anicillos sol\u00edan venir en dos presentaciones: los mini y estos &quot;gigantes&quot;. Los primeros ya casi no se encuentran. El sabor a\u00f1adido suele venir de concentrados l\u00edquidos, aunque todav\u00eda en ciertos talleres de dulcer\u00eda se utiliza el an\u00eds &quot;en persona&quot;. Cuando come uno, ya no puede parar. \u2013 SoyMigrante.com REVISTA\" \/><\/a>\n\t\t\t<\/div>\n\t\t\t\t<figcaption class='wp-caption-text gallery-caption' id='gallery-1-8092'>\n\t\t\t\tDulces mexicanos tradicionales de colores vibrantes, perfectos para festividades culturales y celebraciones tradicionales mexicanas.\n\t\t\t\t<\/figcaption><\/figure><figure class='gallery-item'>\n\t\t\t<div class='gallery-icon landscape'>\n\t\t\t\t<a data-elementor-open-lightbox=\"yes\" data-elementor-lightbox-slideshow=\"a20758c\" data-elementor-lightbox-title=\"Las melcochas provienen de una fase del procesamiento de la panela de ca\u00f1a de az\u00facar. Estos aros son una presentaci\u00f3n cl\u00e1sica.  Son como un giro total hacia la infancia chapina.\" data-elementor-lightbox-description=\"Imagen de una banda de yuca, un producto t\u00edpico mexicano, con colores vibrantes en un telar tradicional, representando la gastronom\u00eda y cultura de M\u00e9xico.\" data-e-action-hash=\"#elementor-action%3Aaction%3Dlightbox%26settings%3DeyJpZCI6ODA5NCwidXJsIjoiaHR0cHM6XC9cL3NveW1pZ3JhbnRlLmNvbVwvcmV2aXN0YVwvd3AtY29udGVudFwvdXBsb2Fkc1wvMjAyNFwvMDhcL2R1bGNlcy1ndWF0ZW1hbHRlY29zLTYud2VicCIsInNsaWRlc2hvdyI6ImEyMDc1OGMifQ%3D%3D\" href='https:\/\/soymigrante.com\/revista\/wp-content\/uploads\/2024\/08\/dulces-guatemaltecos-6.webp'><img loading=\"lazy\" decoding=\"async\" width=\"1024\" height=\"694\" src=\"https:\/\/soymigrante.com\/revista\/wp-content\/uploads\/2024\/08\/dulces-guatemaltecos-6-1024x694.webp\" class=\"attachment-large size-large\" alt=\"Banda de Yuca tradicional, sabor y cultura mexicana, ideal para recetas t\u00edpicas y celebraciones tradicionales en M\u00e9xico y Am\u00e9rica Latina.\" aria-describedby=\"gallery-1-8094\" srcset=\"https:\/\/soymigrante.com\/revista\/wp-content\/uploads\/2024\/08\/dulces-guatemaltecos-6-1024x694.webp 1024w, https:\/\/soymigrante.com\/revista\/wp-content\/uploads\/2024\/08\/dulces-guatemaltecos-6-300x203.webp 300w, https:\/\/soymigrante.com\/revista\/wp-content\/uploads\/2024\/08\/dulces-guatemaltecos-6-768x521.webp 768w, https:\/\/soymigrante.com\/revista\/wp-content\/uploads\/2024\/08\/dulces-guatemaltecos-6-750x508.webp 750w, https:\/\/soymigrante.com\/revista\/wp-content\/uploads\/2024\/08\/dulces-guatemaltecos-6.webp 1102w\" sizes=\"(max-width: 1024px) 100vw, 1024px\" title=\"Las melcochas provienen de una fase del procesamiento de la panela de ca\u00f1a de az\u00facar. Estos aros son una presentaci\u00f3n cl\u00e1sica.  Son como un giro total hacia la infancia chapina. \u2013 SoyMigrante.com REVISTA\" \/><\/a>\n\t\t\t<\/div>\n\t\t\t\t<figcaption class='wp-caption-text gallery-caption' id='gallery-1-8094'>\n\t\t\t\tRevista SoyMigrante.com Revista destaca cultura y gastronom\u00eda mexicana con art\u00edculos sobre tradiciones y productos ancestrales.\n\t\t\t\t<\/figcaption><\/figure><figure class='gallery-item'>\n\t\t\t<div class='gallery-icon landscape'>\n\t\t\t\t<a data-elementor-open-lightbox=\"yes\" data-elementor-lightbox-slideshow=\"a20758c\" data-elementor-lightbox-title=\"Los aritos de guayaba son otra dulce delicadeza guatemalteca en peligro de extinci\u00f3n.\" data-elementor-lightbox-description=\"Las piedras de az\u00facar negras en forma de rosquilla, cubiertas de az\u00facar cristalizada, son un dulce tradicional mexicano utilizado en festividades y celebraciones, representando cultura y tradici\u00f3n en la gastronom\u00eda mexicana.\" data-e-action-hash=\"#elementor-action%3Aaction%3Dlightbox%26settings%3DeyJpZCI6ODA5NSwidXJsIjoiaHR0cHM6XC9cL3NveW1pZ3JhbnRlLmNvbVwvcmV2aXN0YVwvd3AtY29udGVudFwvdXBsb2Fkc1wvMjAyNFwvMDhcL2R1bGNlcy1ndWF0ZW1hbHRlY29zLTgud2VicCIsInNsaWRlc2hvdyI6ImEyMDc1OGMifQ%3D%3D\" href='https:\/\/soymigrante.com\/revista\/wp-content\/uploads\/2024\/08\/dulces-guatemaltecos-8.webp'><img loading=\"lazy\" decoding=\"async\" width=\"1024\" height=\"746\" src=\"https:\/\/soymigrante.com\/revista\/wp-content\/uploads\/2024\/08\/dulces-guatemaltecos-8-1024x746.webp\" class=\"attachment-large size-large\" alt=\"Sabores tradicionales de M\u00e9xico: piedras de az\u00facar negras en forma de rosquilla con az\u00facar cristalizada, perfecta para celebrar festividades y compartir en comunidad.\" aria-describedby=\"gallery-1-8095\" srcset=\"https:\/\/soymigrante.com\/revista\/wp-content\/uploads\/2024\/08\/dulces-guatemaltecos-8-1024x746.webp 1024w, https:\/\/soymigrante.com\/revista\/wp-content\/uploads\/2024\/08\/dulces-guatemaltecos-8-300x219.webp 300w, https:\/\/soymigrante.com\/revista\/wp-content\/uploads\/2024\/08\/dulces-guatemaltecos-8-768x560.webp 768w, https:\/\/soymigrante.com\/revista\/wp-content\/uploads\/2024\/08\/dulces-guatemaltecos-8-120x86.webp 120w, https:\/\/soymigrante.com\/revista\/wp-content\/uploads\/2024\/08\/dulces-guatemaltecos-8-750x547.webp 750w, https:\/\/soymigrante.com\/revista\/wp-content\/uploads\/2024\/08\/dulces-guatemaltecos-8.webp 1102w\" sizes=\"(max-width: 1024px) 100vw, 1024px\" title=\"Los aritos de guayaba son otra dulce delicadeza guatemalteca en peligro de extinci\u00f3n. \u2013 SoyMigrante.com REVISTA\" \/><\/a>\n\t\t\t<\/div>\n\t\t\t\t<figcaption class='wp-caption-text gallery-caption' id='gallery-1-8095'>\n\t\t\t\tPiedras de az\u00facar negras en forma de rosquilla, t\u00edpicas en festividades mexicanas, decoradas con az\u00facar cristalizada, ideales para compartir en celebraciones culturales y tradiciones mexicanas.\n\t\t\t\t<\/figcaption><\/figure><figure class='gallery-item'>\n\t\t\t<div class='gallery-icon landscape'>\n\t\t\t\t<a data-elementor-open-lightbox=\"yes\" data-elementor-lightbox-slideshow=\"a20758c\" data-elementor-lightbox-title=\"No hay quien no le gusten las &quot;canillitas&quot; de leche y si no le gustan es porque no las ha probado. Aqu\u00ed posan junto a un rombo de conserva de coco.\" data-elementor-lightbox-description=\"Imagen de una comida mexicana con frijoles refritos y arroz blanco en un plato negro sobre un mantel colorido, resaltando la gastronom\u00eda tradicional de M\u00e9xico.\" data-e-action-hash=\"#elementor-action%3Aaction%3Dlightbox%26settings%3DeyJpZCI6ODA5NiwidXJsIjoiaHR0cHM6XC9cL3NveW1pZ3JhbnRlLmNvbVwvcmV2aXN0YVwvd3AtY29udGVudFwvdXBsb2Fkc1wvMjAyNFwvMDhcL0NhcHR1cmEtZGUtcGFudGFsbGEtMjAyNC0wOC0xNS0xMzIwMzMud2VicCIsInNsaWRlc2hvdyI6ImEyMDc1OGMifQ%3D%3D\" href='https:\/\/soymigrante.com\/revista\/wp-content\/uploads\/2024\/08\/Captura-de-pantalla-2024-08-15-132033.webp'><img loading=\"lazy\" decoding=\"async\" width=\"620\" height=\"607\" src=\"https:\/\/soymigrante.com\/revista\/wp-content\/uploads\/2024\/08\/Captura-de-pantalla-2024-08-15-132033.webp\" class=\"attachment-large size-large\" alt=\"Guarnici\u00f3n tradicional de M\u00e9xico con frijoles refritos y arroz blanco, servido en plato negro sobre mantel colorido. Platos t\u00edpicos que representan la cultura mexicana.\" aria-describedby=\"gallery-1-8096\" srcset=\"https:\/\/soymigrante.com\/revista\/wp-content\/uploads\/2024\/08\/Captura-de-pantalla-2024-08-15-132033.webp 620w, https:\/\/soymigrante.com\/revista\/wp-content\/uploads\/2024\/08\/Captura-de-pantalla-2024-08-15-132033-300x294.webp 300w\" sizes=\"(max-width: 620px) 100vw, 620px\" title=\"No hay quien no le gusten las &quot;canillitas&quot; de leche y si no le gustan es porque no las ha probado. Aqu\u00ed posan junto a un rombo de conserva de coco. \u2013 SoyMigrante.com REVISTA\" \/><\/a>\n\t\t\t<\/div>\n\t\t\t\t<figcaption class='wp-caption-text gallery-caption' id='gallery-1-8096'>\n\t\t\t\tPlato mexicano con frijoles refritos y arroz blanco, presentado en plato negro sobre mantel multicolor, ideal para disfrutar de la comida tradicional mexicana.\n\t\t\t\t<\/figcaption><\/figure><figure class='gallery-item'>\n\t\t\t<div class='gallery-icon landscape'>\n\t\t\t\t<a data-elementor-open-lightbox=\"yes\" data-elementor-lightbox-slideshow=\"a20758c\" data-elementor-lightbox-title=\"La pepita de ayote es muy vers\u00e1til Suele ser ingrediente de ricos platillos como el pepi\u00e1n o el recado de los tamales, pero tambi\u00e9n se convierte en dulce manjar con miel de panela en estas pepitorias.\" data-elementor-lightbox-description=\"El mastic de semillas es un dulce artesanal mexicano, elaborado con semillas de calabaza, miel y az\u00facar, que refleja la riqueza cultural y tradiciones gastron\u00f3micas en Revista Soy Migrante.\" data-e-action-hash=\"#elementor-action%3Aaction%3Dlightbox%26settings%3DeyJpZCI6ODA5NywidXJsIjoiaHR0cHM6XC9cL3NveW1pZ3JhbnRlLmNvbVwvcmV2aXN0YVwvd3AtY29udGVudFwvdXBsb2Fkc1wvMjAyNFwvMDhcL0NhcHR1cmEtZGUtcGFudGFsbGEtMjAyNC0wOC0xNS0xMzIwMTUtY29waWEud2VicCIsInNsaWRlc2hvdyI6ImEyMDc1OGMifQ%3D%3D\" href='https:\/\/soymigrante.com\/revista\/wp-content\/uploads\/2024\/08\/Captura-de-pantalla-2024-08-15-132015-copia.webp'><img loading=\"lazy\" decoding=\"async\" width=\"953\" height=\"723\" src=\"https:\/\/soymigrante.com\/revista\/wp-content\/uploads\/2024\/08\/Captura-de-pantalla-2024-08-15-132015-copia.webp\" class=\"attachment-large size-large\" alt=\"Mastic de semillas, dulce tradicional mexicano, elaborado con semillas de calabaza y miel, representando la cultura y gastronom\u00eda en Revista Soy Migrante.\" aria-describedby=\"gallery-1-8097\" srcset=\"https:\/\/soymigrante.com\/revista\/wp-content\/uploads\/2024\/08\/Captura-de-pantalla-2024-08-15-132015-copia.webp 953w, https:\/\/soymigrante.com\/revista\/wp-content\/uploads\/2024\/08\/Captura-de-pantalla-2024-08-15-132015-copia-300x228.webp 300w, https:\/\/soymigrante.com\/revista\/wp-content\/uploads\/2024\/08\/Captura-de-pantalla-2024-08-15-132015-copia-768x583.webp 768w, https:\/\/soymigrante.com\/revista\/wp-content\/uploads\/2024\/08\/Captura-de-pantalla-2024-08-15-132015-copia-750x569.webp 750w\" sizes=\"(max-width: 953px) 100vw, 953px\" title=\"La pepita de ayote es muy vers\u00e1til Suele ser ingrediente de ricos platillos como el pepi\u00e1n o el recado de los tamales, pero tambi\u00e9n se convierte en dulce manjar con miel de panela en estas pepitorias. \u2013 SoyMigrante.com REVISTA\" \/><\/a>\n\t\t\t<\/div>\n\t\t\t\t<figcaption class='wp-caption-text gallery-caption' id='gallery-1-8097'>\n\t\t\t\tDeliciosa mastic de semillas, un postre t\u00edpico mexicano hecho con semillas de calabaza y miel, ideal para celebrar la cultura y tradiciones mexicanas en Revista Soy Migrante.\n\t\t\t\t<\/figcaption><\/figure>\n\t\t<\/div>\n\t\t<\/div>\n\t\t\t\t\t\t<\/div>\n\t\t\t\t\t<\/div>\n\t\t\t\t<\/div>\n\t\t<div data-particle_enable=\"false\" data-particle-mobile-disabled=\"false\" class=\"elementor-element elementor-element-eb74296 e-flex e-con-boxed e-con e-parent\" data-id=\"eb74296\" data-element_type=\"container\" data-e-type=\"container\">\n\t\t\t\t\t<div class=\"e-con-inner\">\n\t\t\t\t<div class=\"elementor-element elementor-element-ddea157 elementor-widget elementor-widget-heading\" data-id=\"ddea157\" data-element_type=\"widget\" data-e-type=\"widget\" data-widget_type=\"heading.default\">\n\t\t\t\t\t<h2 class=\"elementor-heading-title elementor-size-default\">M\u00e1s sabores y aromas de Guatemala<\/h2>\t\t\t\t<\/div>\n\t\t\t\t\t<\/div>\n\t\t\t\t<\/div>\n\t\t<div data-particle_enable=\"false\" data-particle-mobile-disabled=\"false\" class=\"elementor-element elementor-element-bbf4572 e-flex e-con-boxed e-con e-parent\" data-id=\"bbf4572\" data-element_type=\"container\" data-e-type=\"container\">\n\t\t\t\t\t<div class=\"e-con-inner\">\n\t\t\t\t<div class=\"elementor-element elementor-element-e699797 elementor-grid-eael-col-3 elementor-grid-tablet-eael-col-2 elementor-grid-mobile-eael-col-1 elementor-widget elementor-widget-eael-post-grid\" data-id=\"e699797\" data-element_type=\"widget\" data-e-type=\"widget\" data-settings=\"{&quot;eael_post_grid_columns&quot;:&quot;eael-col-3&quot;,&quot;eael_post_grid_columns_tablet&quot;:&quot;eael-col-2&quot;,&quot;eael_post_grid_columns_mobile&quot;:&quot;eael-col-1&quot;}\" data-widget_type=\"eael-post-grid.default\">\n\t\t\t\t\t<div id=\"eael-post-grid-e699797\" class=\"eael-post-grid-container\">\n            <div class=\"eael-post-grid eael-post-appender eael-post-appender-e699797 eael-post-grid-style-one\" data-layout-mode=\"masonry\"><article class=\"eael-grid-post  eael-post-grid-column eael-pg-post-6987 category-guate-nuestra\" data-id=\"6987\">\n        <div class=\"eael-grid-post-holder\">\n            <div class=\"eael-grid-post-holder-inner\"><div class=\"eael-entry-media\"><div class=\"eael-entry-overlay fade-in\"><i class=\"far fa-hand-pointer\" aria-hidden=\"true\"><\/i><a href=\"https:\/\/soymigrante.com\/revista\/recetas-chapinas-que-tal-una-horchata-hecha-en-casa\/\"><\/a><\/div><div class=\"eael-entry-thumbnail \">\n                <img loading=\"lazy\" decoding=\"async\" width=\"904\" height=\"821\" src=\"https:\/\/soymigrante.com\/revista\/wp-content\/uploads\/2024\/06\/foto-horchata-portada-.webp\" class=\"attachment-large size-large wp-image-6988\" alt=\"Arroz con leche en un vaso, rodeado de barquillos y arroz, en una presentaci\u00f3n tradicional mexicana de postre.\" srcset=\"https:\/\/soymigrante.com\/revista\/wp-content\/uploads\/2024\/06\/foto-horchata-portada-.webp 904w, https:\/\/soymigrante.com\/revista\/wp-content\/uploads\/2024\/06\/foto-horchata-portada--300x272.webp 300w, https:\/\/soymigrante.com\/revista\/wp-content\/uploads\/2024\/06\/foto-horchata-portada--768x697.webp 768w, https:\/\/soymigrante.com\/revista\/wp-content\/uploads\/2024\/06\/foto-horchata-portada--750x681.webp 750w\" sizes=\"(max-width: 904px) 100vw, 904px\" \/>\n            <\/div>\n        <\/div><div class=\"eael-entry-wrapper\"><header class=\"eael-entry-header\"><h2 class=\"eael-entry-title\"><a class=\"eael-grid-post-link\" href=\"https:\/\/soymigrante.com\/revista\/recetas-chapinas-que-tal-una-horchata-hecha-en-casa\/\" title=\"Refresco muy chap\u00edn: \u00bfQu\u00e9 tal una horchata hecha en casa?\">Refresco muy chap\u00edn: \u00bfQu\u00e9 tal una horchata hecha en casa?<\/a><\/h2><\/header><div class=\"eael-entry-content\">\n                        <div class=\"eael-grid-post-excerpt\"><a href=\"https:\/\/soymigrante.com\/revista\/recetas-chapinas-que-tal-una-horchata-hecha-en-casa\/\" class=\"eael-post-elements-readmore-btn\">Preparaci\u00f3n, aqu\u00ed<\/a><\/div>\n                    <\/div><\/div><\/div>\n        <\/div>\n    <\/article><article class=\"eael-grid-post  eael-post-grid-column eael-pg-post-6078 category-recetas-guatemaltecas\" data-id=\"6078\">\n        <div class=\"eael-grid-post-holder\">\n            <div class=\"eael-grid-post-holder-inner\"><div class=\"eael-entry-media\"><div class=\"eael-entry-overlay fade-in\"><i class=\"far fa-hand-pointer\" aria-hidden=\"true\"><\/i><a href=\"https:\/\/soymigrante.com\/revista\/recetas-chapinas-rellenitos-guatemaltecos-son-un-antojito-irresistible\/\"><\/a><\/div><div class=\"eael-entry-thumbnail \">\n                <img loading=\"lazy\" decoding=\"async\" width=\"1024\" height=\"468\" src=\"https:\/\/soymigrante.com\/revista\/wp-content\/uploads\/2024\/04\/Receta-de-rellenitos-guatemaltecos-un-delicioso-antojito-chapin-1024x468.webp\" class=\"attachment-large size-large wp-image-6080\" alt=\"H directory.png.\" srcset=\"https:\/\/soymigrante.com\/revista\/wp-content\/uploads\/2024\/04\/Receta-de-rellenitos-guatemaltecos-un-delicioso-antojito-chapin-1024x468.webp 1024w, https:\/\/soymigrante.com\/revista\/wp-content\/uploads\/2024\/04\/Receta-de-rellenitos-guatemaltecos-un-delicioso-antojito-chapin-300x137.webp 300w, https:\/\/soymigrante.com\/revista\/wp-content\/uploads\/2024\/04\/Receta-de-rellenitos-guatemaltecos-un-delicioso-antojito-chapin-768x351.webp 768w, https:\/\/soymigrante.com\/revista\/wp-content\/uploads\/2024\/04\/Receta-de-rellenitos-guatemaltecos-un-delicioso-antojito-chapin-750x343.webp 750w, https:\/\/soymigrante.com\/revista\/wp-content\/uploads\/2024\/04\/Receta-de-rellenitos-guatemaltecos-un-delicioso-antojito-chapin-1140x521.webp 1140w, https:\/\/soymigrante.com\/revista\/wp-content\/uploads\/2024\/04\/Receta-de-rellenitos-guatemaltecos-un-delicioso-antojito-chapin.webp 1284w\" sizes=\"(max-width: 1024px) 100vw, 1024px\" \/>\n            <\/div>\n        <\/div><div class=\"eael-entry-wrapper\"><header class=\"eael-entry-header\"><h2 class=\"eael-entry-title\"><a class=\"eael-grid-post-link\" href=\"https:\/\/soymigrante.com\/revista\/recetas-chapinas-rellenitos-guatemaltecos-son-un-antojito-irresistible\/\" title=\"Recetas chapinas: Rellenitos guatemaltecos son un antojito irresistible\">Recetas chapinas: Rellenitos guatemaltecos son un antojito irresistible<\/a><\/h2><\/header><div class=\"eael-entry-content\">\n                        <div class=\"eael-grid-post-excerpt\"><a href=\"https:\/\/soymigrante.com\/revista\/recetas-chapinas-rellenitos-guatemaltecos-son-un-antojito-irresistible\/\" class=\"eael-post-elements-readmore-btn\">Preparaci\u00f3n, aqu\u00ed<\/a><\/div>\n                    <\/div><\/div><\/div>\n        <\/div>\n    <\/article><article class=\"eael-grid-post  eael-post-grid-column eael-pg-post-6017 category-recetas-guatemaltecas\" data-id=\"6017\">\n        <div class=\"eael-grid-post-holder\">\n            <div class=\"eael-grid-post-holder-inner\"><div class=\"eael-entry-media\"><div class=\"eael-entry-overlay fade-in\"><i class=\"far fa-hand-pointer\" aria-hidden=\"true\"><\/i><a href=\"https:\/\/soymigrante.com\/revista\/antojitos-chapines-receta-de-la-ricas-espumillas-guatemaltecas\/\"><\/a><\/div><div class=\"eael-entry-thumbnail \">\n                <img loading=\"lazy\" decoding=\"async\" width=\"1024\" height=\"576\" src=\"https:\/\/soymigrante.com\/revista\/wp-content\/uploads\/2024\/04\/Las-espumillas-surgen-de-las-clara-de-huevo-batida.-Se-hornea-por-una-hora-aproximadamente-1024x576.webp\" class=\"attachment-large size-large wp-image-6022\" alt=\"Bizcochos decorativos de merengue en colores blanco y rosado, ideales para reposter\u00eda y pasteler\u00eda creativa, presentados en una bandeja de madera, estilo artesanal y casero.\" srcset=\"https:\/\/soymigrante.com\/revista\/wp-content\/uploads\/2024\/04\/Las-espumillas-surgen-de-las-clara-de-huevo-batida.-Se-hornea-por-una-hora-aproximadamente-1024x576.webp 1024w, https:\/\/soymigrante.com\/revista\/wp-content\/uploads\/2024\/04\/Las-espumillas-surgen-de-las-clara-de-huevo-batida.-Se-hornea-por-una-hora-aproximadamente-300x169.webp 300w, https:\/\/soymigrante.com\/revista\/wp-content\/uploads\/2024\/04\/Las-espumillas-surgen-de-las-clara-de-huevo-batida.-Se-hornea-por-una-hora-aproximadamente-768x432.webp 768w, https:\/\/soymigrante.com\/revista\/wp-content\/uploads\/2024\/04\/Las-espumillas-surgen-de-las-clara-de-huevo-batida.-Se-hornea-por-una-hora-aproximadamente-750x422.webp 750w, https:\/\/soymigrante.com\/revista\/wp-content\/uploads\/2024\/04\/Las-espumillas-surgen-de-las-clara-de-huevo-batida.-Se-hornea-por-una-hora-aproximadamente-1140x641.webp 1140w, https:\/\/soymigrante.com\/revista\/wp-content\/uploads\/2024\/04\/Las-espumillas-surgen-de-las-clara-de-huevo-batida.-Se-hornea-por-una-hora-aproximadamente.webp 1280w\" sizes=\"(max-width: 1024px) 100vw, 1024px\" \/>\n            <\/div>\n        <\/div><div class=\"eael-entry-wrapper\"><header class=\"eael-entry-header\"><h2 class=\"eael-entry-title\"><a class=\"eael-grid-post-link\" href=\"https:\/\/soymigrante.com\/revista\/antojitos-chapines-receta-de-la-ricas-espumillas-guatemaltecas\/\" title=\"Recetas chapinas: las exquisitas espumillas guatemaltecas\">Recetas chapinas: las exquisitas espumillas guatemaltecas<\/a><\/h2><\/header><div class=\"eael-entry-content\">\n                        <div class=\"eael-grid-post-excerpt\"><a href=\"https:\/\/soymigrante.com\/revista\/antojitos-chapines-receta-de-la-ricas-espumillas-guatemaltecas\/\" class=\"eael-post-elements-readmore-btn\">Preparaci\u00f3n, aqu\u00ed<\/a><\/div>\n                    <\/div><\/div><\/div>\n        <\/div>\n    <\/article><\/div>\n            <div class=\"clearfix\"><\/div>\n        <\/div>\t\t\t\t<\/div>\n\t\t\t\t\t<\/div>\n\t\t\t\t<\/div>\n\t\t\t\t<\/div>\n\t\t","protected":false},"excerpt":{"rendered":"<p>Esta es una galer\u00eda de algunos dulces guatemaltecos que le hacen un gui\u00f1o a los paseantes en ferias patronales, en puestos de plazas de pueblos o incluso en peque\u00f1as ventas artesanales. Esta es solo una peque\u00f1a vitrina para que se antojen. Los dulces guatemaltecos son una tradici\u00f3n que se remonta a la \u00e9poca colonial pero [&hellip;]<\/p>\n","protected":false},"author":7,"featured_media":8089,"comment_status":"open","ping_status":"open","sticky":false,"template":"","format":"standard","meta":{"_acf_changed":false,"_eb_attr":"","footnotes":""},"categories":[58],"tags":[272],"class_list":["post-8088","post","type-post","status-publish","format-standard","has-post-thumbnail","hentry","category-guate-nuestra","tag-calendario-de-ferias"],"acf":[],"aioseo_notices":[],"aioseo_head":"\n\t\t<!-- All in One SEO Pro 4.9.6.2 - aioseo.com -->\n\t<meta name=\"description\" content=\"Las espumillas tiene varios nombres seg\u00fan el pa\u00eds; su preparaci\u00f3n es de herencia espa\u00f1ola, pero sin duda alguna son una golosina que hace suspirar a muchos guatemaltecos. La espumilla es un postre tradicional que se niega a desaparecer. En cada mercado, feria patronal de Guatemala o tienda de la esquina este dulce est\u00e1 a la\" \/>\n\t<meta name=\"robots\" content=\"max-snippet:-1, max-image-preview:large, max-video-preview:-1\" \/>\n\t<meta name=\"author\" content=\"Gustavo Montenegro\"\/>\n\t<link rel=\"canonical\" href=\"https:\/\/soymigrante.com\/revista\/dulces-guatemaltecos-se-saborean-en-la-feria-la-memoria-y-el-corazon\/\" \/>\n\t<meta name=\"generator\" content=\"All in One SEO Pro (AIOSEO) 4.9.6.2\" \/>\n\n\t\t<link rel=\"preconnect\" href=\"https:\/\/fonts.googleapis.com\" crossorigin>\n<link rel=\"preconnect\" href=\"https:\/\/fonts.gstatic.com\" crossorigin>\n\t\t<meta property=\"og:locale\" content=\"es_ES\" \/>\n\t\t<meta property=\"og:site_name\" content=\"SoyMigrante.com REVISTA \u2013 Nuestra misi\u00f3n es reconocer y dignificar al migrante.\" \/>\n\t\t<meta property=\"og:type\" content=\"article\" \/>\n\t\t<meta property=\"og:title\" content=\"Dulces guatemaltecos viven en las ferias y el coraz\u00f3n\" \/>\n\t\t<meta property=\"og:description\" content=\"Dulzura memorable: Nadie se resiste a una conserva de coco ni a unos anicillos tricolores; ni qu\u00e9 decir de las canillitas de leche o los aros de guayaba. Si\u00e9ntelos ac\u00e1.\" \/>\n\t\t<meta property=\"og:url\" content=\"https:\/\/soymigrante.com\/revista\/dulces-guatemaltecos-se-saborean-en-la-feria-la-memoria-y-el-corazon\/\" \/>\n\t\t<meta property=\"og:image\" content=\"https:\/\/soymigrante.com\/revista\/wp-content\/uploads\/2024\/08\/dulces-guatemaltecos-1.webp\" \/>\n\t\t<meta property=\"og:image:secure_url\" content=\"https:\/\/soymigrante.com\/revista\/wp-content\/uploads\/2024\/08\/dulces-guatemaltecos-1.webp\" \/>\n\t\t<meta property=\"og:image:width\" content=\"757\" \/>\n\t\t<meta property=\"og:image:height\" content=\"757\" \/>\n\t\t<meta property=\"article:published_time\" content=\"2024-08-15T19:49:36+00:00\" \/>\n\t\t<meta property=\"article:modified_time\" content=\"2025-08-28T05:23:06+00:00\" \/>\n\t\t<meta property=\"article:publisher\" content=\"https:\/\/www.facebook.com\/soymigrantecom\" \/>\n\t\t<meta name=\"twitter:card\" content=\"summary_large_image\" \/>\n\t\t<meta name=\"twitter:site\" content=\"@SoyMigrante_com\" \/>\n\t\t<meta name=\"twitter:title\" content=\"Dulces guatemaltecos viven en las ferias y el coraz\u00f3n\" \/>\n\t\t<meta name=\"twitter:description\" content=\"Dulzura memorable: Nadie se resiste a una conserva de coco ni a unos anicillos tricolores; ni qu\u00e9 decir de las canillitas de leche o los aros de guayaba. Si\u00e9ntelos ac\u00e1.\" \/>\n\t\t<meta name=\"twitter:creator\" content=\"@SoyMigrante_com\" \/>\n\t\t<meta name=\"twitter:image\" content=\"https:\/\/soymigrante.com\/revista\/wp-content\/uploads\/2024\/08\/dulces-guatemaltecos-1.webp\" \/>\n\t\t<!-- All in One SEO Pro -->\r\n\t\t<title>Dulces guatemaltecos viven en las ferias y el coraz\u00f3n<\/title>\n\n","aioseo_head_json":{"title":"Dulces guatemaltecos viven en las ferias y el coraz\u00f3n","description":"Dulzura memorable: Nadie se resiste a una conserva de coco ni a unos anicillos tricolores; ni qu\u00e9 decir de las canillitas de leche o los aros de guayaba. Si\u00e9ntelos ac\u00e1.","canonical_url":"https:\/\/soymigrante.com\/revista\/dulces-guatemaltecos-se-saborean-en-la-feria-la-memoria-y-el-corazon\/","robots":"max-snippet:-1, max-image-preview:large, max-video-preview:-1","keywords":"","webmasterTools":{"miscellaneous":"&lt;link rel=\"preconnect\" href=\"https:\/\/fonts.googleapis.com\" crossorigin&gt;\n&lt;link rel=\"preconnect\" href=\"https:\/\/fonts.gstatic.com\" crossorigin&gt;"},"schema":null,"og:locale":"es_ES","og:site_name":"SoyMigrante.com REVISTA \u2013 Nuestra misi\u00f3n es reconocer y dignificar al migrante.","og:type":"article","og:title":"Dulces guatemaltecos viven en las ferias y el coraz\u00f3n","og:description":"Dulzura memorable: Nadie se resiste a una conserva de coco ni a unos anicillos tricolores; ni qu\u00e9 decir de las canillitas de leche o los aros de guayaba. Si\u00e9ntelos ac\u00e1.","og:url":"https:\/\/soymigrante.com\/revista\/dulces-guatemaltecos-se-saborean-en-la-feria-la-memoria-y-el-corazon\/","og:image":"https:\/\/soymigrante.com\/revista\/wp-content\/uploads\/2024\/08\/dulces-guatemaltecos-1.webp","og:image:secure_url":"https:\/\/soymigrante.com\/revista\/wp-content\/uploads\/2024\/08\/dulces-guatemaltecos-1.webp","og:image:width":757,"og:image:height":757,"article:published_time":"2024-08-15T19:49:36+00:00","article:modified_time":"2025-08-28T05:23:06+00:00","article:publisher":"https:\/\/www.facebook.com\/soymigrantecom","twitter:card":"summary_large_image","twitter:site":"@SoyMigrante_com","twitter:title":"Dulces guatemaltecos viven en las ferias y el coraz\u00f3n","twitter:description":"Dulzura memorable: Nadie se resiste a una conserva de coco ni a unos anicillos tricolores; ni qu\u00e9 decir de las canillitas de leche o los aros de guayaba. Si\u00e9ntelos ac\u00e1.","twitter:creator":"@SoyMigrante_com","twitter:image":"https:\/\/soymigrante.com\/revista\/wp-content\/uploads\/2024\/08\/dulces-guatemaltecos-1.webp"},"aioseo_meta_data":{"post_id":"8088","title":"Dulces guatemaltecos viven en las ferias y el coraz\u00f3n","description":"Dulzura memorable: Nadie se resiste a una conserva de coco ni a unos anicillos tricolores; ni qu\u00e9 decir de las canillitas de leche o los aros de guayaba. Si\u00e9ntelos ac\u00e1.","keywords":null,"keyphrases":{"focus":{"keyphrase":"Guatemaltecos","score":91,"analysis":{"keyphraseInTitle":{"score":9,"maxScore":9,"error":0},"keyphraseInDescription":{"score":3,"maxScore":9,"error":1},"keyphraseLength":{"score":9,"maxScore":9,"error":0,"length":1},"keyphraseInURL":{"score":5,"maxScore":5,"error":0},"keyphraseInIntroduction":{"score":9,"maxScore":9,"error":0},"keyphraseInSubHeadings":{"score":9,"maxScore":9,"error":0},"keyphraseInImageAlt":{"score":9,"maxScore":9,"error":0},"keywordDensity":{"type":"best","score":9,"maxScore":9,"error":0}}},"additional":[{"keyphrase":"Guatemala","score":40,"analysis":{"keyphraseInDescription":{"score":3,"maxScore":9,"error":1},"keyphraseLength":{"score":9,"maxScore":9,"error":0,"length":1},"keyphraseInIntroduction":{"score":3,"maxScore":9,"error":1},"keyphraseInImageAlt":{"score":3,"maxScore":9,"error":1},"keywordDensity":{"score":0,"type":"low","maxScore":9,"error":1}}}]},"primary_term":null,"canonical_url":null,"og_title":null,"og_description":null,"og_object_type":"default","og_image_type":"default","og_image_url":null,"og_image_width":null,"og_image_height":null,"og_image_custom_url":null,"og_image_custom_fields":null,"og_video":"","og_custom_url":null,"og_article_section":null,"og_article_tags":null,"twitter_use_og":false,"twitter_card":"default","twitter_image_type":"default","twitter_image_url":null,"twitter_image_custom_url":null,"twitter_image_custom_fields":null,"twitter_title":null,"twitter_description":null,"schema":{"blockGraphs":[],"customGraphs":[],"default":{"data":{"Article":[],"Course":[],"Dataset":[],"FAQPage":[],"Movie":[],"Person":[],"Product":[],"ProductReview":[],"Car":[],"Recipe":[],"Service":[],"SoftwareApplication":[],"WebPage":[]},"graphName":"Article","isEnabled":true},"graphs":[]},"schema_type":"default","schema_type_options":null,"pillar_content":false,"robots_default":true,"robots_noindex":false,"robots_noarchive":false,"robots_nosnippet":false,"robots_nofollow":false,"robots_noimageindex":false,"robots_noodp":false,"robots_notranslate":false,"robots_max_snippet":"-1","robots_max_videopreview":"-1","robots_max_imagepreview":"large","priority":null,"frequency":"default","local_seo":null,"seo_analyzer_scan_date":"2025-10-08 22:33:13","breadcrumb_settings":null,"limit_modified_date":false,"reviewed_by":null,"open_ai":"{\"title\":{\"suggestions\":[],\"usage\":0},\"description\":{\"suggestions\":[],\"usage\":0}}","ai":null,"created":"2024-08-15 19:33:11","updated":"2026-02-04 12:35:45"},"aioseo_breadcrumb":"<div class=\"aioseo-breadcrumbs\"><span class=\"aioseo-breadcrumb\">\n\t<a href=\"https:\/\/soymigrante.com\/revista\" title=\"Home\">Home<\/a>\n<\/span><span class=\"aioseo-breadcrumb-separator\">\u00bb<\/span><span class=\"aioseo-breadcrumb\">\n\t<a href=\"https:\/\/soymigrante.com\/revista\/category\/guate-nuestra\/\" title=\"Guate Nuestra\">Guate Nuestra<\/a>\n<\/span><span class=\"aioseo-breadcrumb-separator\">\u00bb<\/span><span class=\"aioseo-breadcrumb\">\n\tDulces guatemaltecos se saborean en la feria, la memoria y el coraz\u00f3n\n<\/span><\/div>","aioseo_breadcrumb_json":[{"label":"Home","link":"https:\/\/soymigrante.com\/revista"},{"label":"Guate Nuestra","link":"https:\/\/soymigrante.com\/revista\/category\/guate-nuestra\/"},{"label":"Dulces guatemaltecos se saborean en la feria, la memoria y el coraz\u00f3n","link":"https:\/\/soymigrante.com\/revista\/dulces-guatemaltecos-se-saborean-en-la-feria-la-memoria-y-el-corazon\/"}],"_links":{"self":[{"href":"https:\/\/soymigrante.com\/revista\/wp-json\/wp\/v2\/posts\/8088","targetHints":{"allow":["GET"]}}],"collection":[{"href":"https:\/\/soymigrante.com\/revista\/wp-json\/wp\/v2\/posts"}],"about":[{"href":"https:\/\/soymigrante.com\/revista\/wp-json\/wp\/v2\/types\/post"}],"author":[{"embeddable":true,"href":"https:\/\/soymigrante.com\/revista\/wp-json\/wp\/v2\/users\/7"}],"replies":[{"embeddable":true,"href":"https:\/\/soymigrante.com\/revista\/wp-json\/wp\/v2\/comments?post=8088"}],"version-history":[{"count":1,"href":"https:\/\/soymigrante.com\/revista\/wp-json\/wp\/v2\/posts\/8088\/revisions"}],"predecessor-version":[{"id":42996,"href":"https:\/\/soymigrante.com\/revista\/wp-json\/wp\/v2\/posts\/8088\/revisions\/42996"}],"wp:featuredmedia":[{"embeddable":true,"href":"https:\/\/soymigrante.com\/revista\/wp-json\/wp\/v2\/media\/8089"}],"wp:attachment":[{"href":"https:\/\/soymigrante.com\/revista\/wp-json\/wp\/v2\/media?parent=8088"}],"wp:term":[{"taxonomy":"category","embeddable":true,"href":"https:\/\/soymigrante.com\/revista\/wp-json\/wp\/v2\/categories?post=8088"},{"taxonomy":"post_tag","embeddable":true,"href":"https:\/\/soymigrante.com\/revista\/wp-json\/wp\/v2\/tags?post=8088"}],"curies":[{"name":"wp","href":"https:\/\/api.w.org\/{rel}","templated":true}]}}