{"id":8075,"date":"2024-08-15T14:12:30","date_gmt":"2024-08-15T20:12:30","guid":{"rendered":"https:\/\/soymigrante.com\/revista\/?p=8075"},"modified":"2024-08-15T14:13:30","modified_gmt":"2024-08-15T20:13:30","slug":"el-traductor-que-contribuye-a-preservar-idiomas-mayas-en-internet","status":"publish","type":"post","link":"https:\/\/soymigrante.com\/revista\/el-traductor-que-contribuye-a-preservar-idiomas-mayas-en-internet\/","title":{"rendered":"El traductor que contribuye a valorar e impulsar idiomas mayas en internet"},"content":{"rendered":"\t\t<div data-elementor-type=\"wp-post\" data-elementor-id=\"8075\" class=\"elementor elementor-8075\" data-elementor-post-type=\"post\">\n\t\t\t\t<div data-particle_enable=\"false\" data-particle-mobile-disabled=\"false\" class=\"elementor-element elementor-element-76c25ee e-flex e-con-boxed e-con e-parent\" data-id=\"76c25ee\" data-element_type=\"container\" data-e-type=\"container\">\n\t\t\t\t\t<div class=\"e-con-inner\">\n\t\t\t\t<div class=\"elementor-element elementor-element-35641ee elementor-widget elementor-widget-heading\" data-id=\"35641ee\" data-element_type=\"widget\" data-e-type=\"widget\" data-widget_type=\"heading.default\">\n\t\t\t\t\t<h2 class=\"elementor-heading-title elementor-size-default\">Roberto Ben Soch tiene 32 a\u00f1os, pero en su natal Monte Mercedes, a 4 kil\u00f3metros de la cabecera departamental de Solol\u00e1, su pasi\u00f3n por la tecnolog\u00eda le ha permitido trabajar en su sue\u00f1o: aportar al mundo el aprendizaje de idiomas mayas. \n<\/h2>\t\t\t\t<\/div>\n\t\t\t\t\t<\/div>\n\t\t\t\t<\/div>\n\t\t<div data-particle_enable=\"false\" data-particle-mobile-disabled=\"false\" class=\"elementor-element elementor-element-93e9fff e-flex e-con-boxed e-con e-parent\" data-id=\"93e9fff\" data-element_type=\"container\" data-e-type=\"container\">\n\t\t\t\t\t<div class=\"e-con-inner\">\n\t\t\t\t<div class=\"elementor-element elementor-element-e7ecc65 elementor-widget elementor-widget-text-editor\" data-id=\"e7ecc65\" data-element_type=\"widget\" data-e-type=\"widget\" data-widget_type=\"text-editor.default\">\n\t\t\t\t\t\t\t\t\t<p>Y es por ello que cre\u00f3\u00a0<a style=\"text-align: var(--text-align)\" href=\"https:\/\/www.traductoridiomasmayas.com\/\" target=\"_blank\" rel=\"noopener\">traductordeidiomasmayas.com.<\/a><\/p><p>Hace m\u00e1s de 10 a\u00f1os Ben trabajaba en un caf\u00e9 Internet, que en Guatemala se ha convertido en una fuente de conocimiento para muchos ni\u00f1os y ni\u00f1as que no tienen acceso al internet en casa, donde comenz\u00f3 a observar la carencia que hab\u00eda para que estudiantes aprendieran o fortalecieran el idioma Kaqchikel.<\/p>\t\t\t\t\t\t\t\t<\/div>\n\t\t\t\t\t<\/div>\n\t\t\t\t<\/div>\n\t\t<div data-particle_enable=\"false\" data-particle-mobile-disabled=\"false\" class=\"elementor-element elementor-element-4a2c1bf e-flex e-con-boxed e-con e-parent\" data-id=\"4a2c1bf\" data-element_type=\"container\" data-e-type=\"container\">\n\t\t\t\t\t<div class=\"e-con-inner\">\n\t\t\t\t<div class=\"elementor-element elementor-element-b0623e6 elementor-widget elementor-widget-heading\" data-id=\"b0623e6\" data-element_type=\"widget\" data-e-type=\"widget\" data-widget_type=\"heading.default\">\n\t\t\t\t\t<h3 class=\"elementor-heading-title elementor-size-default\">C\u00f3mo funciona<\/h3>\t\t\t\t<\/div>\n\t\t\t\t\t<\/div>\n\t\t\t\t<\/div>\n\t\t<div data-particle_enable=\"false\" data-particle-mobile-disabled=\"false\" class=\"elementor-element elementor-element-7ad406d e-flex e-con-boxed e-con e-parent\" data-id=\"7ad406d\" data-element_type=\"container\" data-e-type=\"container\">\n\t\t\t\t\t<div class=\"e-con-inner\">\n\t\t\t\t<div class=\"elementor-element elementor-element-7a55b5e elementor-widget elementor-widget-text-editor\" data-id=\"7a55b5e\" data-element_type=\"widget\" data-e-type=\"widget\" data-widget_type=\"text-editor.default\">\n\t\t\t\t\t\t\t\t\t<p>A decir de Ben, el sitio se ha convertido en una plataforma que cualquier persona puede usar para aprender m\u00e1s de 15 idiomas mayas, incluido el idioma azteca Nahuatl.<br \/>Esta p\u00e1gina funciona como un diccionario y en la actualidad tiene m\u00e1s de 2 millones de traducciones de diferentes idiomas mayas entre ellos: Queqch\u00ed, Mam, Popti, Itz\u00e1, Ach\u00ed, Tzotzil, Poqomch\u00ed, Chuj, Tzutujil, Tzeltal, Qanjobal, Ch\u00b4ol, Chort\u00ed. Y el Nahualt, originario de M\u00e9xico.<\/p><p>\u00a0<\/p>\t\t\t\t\t\t\t\t<\/div>\n\t\t\t\t\t<\/div>\n\t\t\t\t<\/div>\n\t\t<div data-particle_enable=\"false\" data-particle-mobile-disabled=\"false\" class=\"elementor-element elementor-element-fc95a2b e-flex e-con-boxed e-con e-parent\" data-id=\"fc95a2b\" data-element_type=\"container\" data-e-type=\"container\">\n\t\t\t\t\t<div class=\"e-con-inner\">\n\t\t\t\t<div class=\"elementor-element elementor-element-40b1f43 elementor-widget elementor-widget-image\" data-id=\"40b1f43\" data-element_type=\"widget\" data-e-type=\"widget\" data-widget_type=\"image.default\">\n\t\t\t\t\t\t\t\t\t\t\t\t\t\t\t<img fetchpriority=\"high\" decoding=\"async\" width=\"768\" height=\"306\" src=\"https:\/\/soymigrante.com\/revista\/wp-content\/uploads\/2024\/08\/idiomas-mayas-soy-migrante5--1024x408.webp\" class=\"attachment-large size-large wp-image-8076\" alt=\"Aprendizaje de idiomas mayas, diccionario de lenguas ind\u00edgenas, traductor de idiomas antiguos, recursos para aprender idiomas mayas, traducci\u00f3n de lenguas originarias.\" srcset=\"https:\/\/soymigrante.com\/revista\/wp-content\/uploads\/2024\/08\/idiomas-mayas-soy-migrante5--1024x408.webp 1024w, https:\/\/soymigrante.com\/revista\/wp-content\/uploads\/2024\/08\/idiomas-mayas-soy-migrante5--300x120.webp 300w, https:\/\/soymigrante.com\/revista\/wp-content\/uploads\/2024\/08\/idiomas-mayas-soy-migrante5--768x306.webp 768w, https:\/\/soymigrante.com\/revista\/wp-content\/uploads\/2024\/08\/idiomas-mayas-soy-migrante5--750x299.webp 750w, https:\/\/soymigrante.com\/revista\/wp-content\/uploads\/2024\/08\/idiomas-mayas-soy-migrante5--1140x455.webp 1140w, https:\/\/soymigrante.com\/revista\/wp-content\/uploads\/2024\/08\/idiomas-mayas-soy-migrante5-.webp 1301w\" sizes=\"(max-width: 768px) 100vw, 768px\" title=\"idiomas mayas soy migrante5 \u2013 SoyMigrante.com REVISTA\" \/>\t\t\t\t\t\t\t\t\t\t\t\t\t\t\t<\/div>\n\t\t\t\t\t<\/div>\n\t\t\t\t<\/div>\n\t\t<div data-particle_enable=\"false\" data-particle-mobile-disabled=\"false\" class=\"elementor-element elementor-element-65f24a7 e-flex e-con-boxed e-con e-parent\" data-id=\"65f24a7\" data-element_type=\"container\" data-e-type=\"container\">\n\t\t\t\t\t<div class=\"e-con-inner\">\n\t\t\t\t<div class=\"elementor-element elementor-element-fcf5d8f elementor-widget elementor-widget-text-editor\" data-id=\"fcf5d8f\" data-element_type=\"widget\" data-e-type=\"widget\" data-widget_type=\"text-editor.default\">\n\t\t\t\t\t\t\t\t\t<p>El proyecto de Ban compenz\u00f3 como una app tipo diccionario. Sin embargo, ante la demanda por el uso de esta, vio la necesidad de crear una p\u00e1gina web que le permitiera a los usuarios poder consultar desde una computadora o tablet.<\/p><p>Ban ha podido analizar el comportamiento de las visitas a idiomasmayas.com de la cual la mayor\u00eda de usuarios provienen de Guatemala, en segunda posici\u00f3n M\u00e9xico y en tercer puesto Estados Unidos. Otros pa\u00edses que visitan la p\u00e1gina son Alemania, Jap\u00f3n, Brasil, entre otros.<\/p>\t\t\t\t\t\t\t\t<\/div>\n\t\t\t\t\t<\/div>\n\t\t\t\t<\/div>\n\t\t<div data-particle_enable=\"false\" data-particle-mobile-disabled=\"false\" class=\"elementor-element elementor-element-2120152 e-flex e-con-boxed e-con e-parent\" data-id=\"2120152\" data-element_type=\"container\" data-e-type=\"container\">\n\t\t\t\t\t<div class=\"e-con-inner\">\n\t\t\t\t<div class=\"elementor-element elementor-element-b259bcd elementor-widget elementor-widget-video\" data-id=\"b259bcd\" data-element_type=\"widget\" data-e-type=\"widget\" data-settings=\"{&quot;youtube_url&quot;:&quot;https:\\\/\\\/www.youtube.com\\\/watch?v=D_B-CNTLyKY&quot;,&quot;video_type&quot;:&quot;youtube&quot;,&quot;controls&quot;:&quot;yes&quot;}\" data-widget_type=\"video.default\">\n\t\t\t\t\t\t\t<div class=\"elementor-wrapper elementor-open-inline\">\n\t\t\t<div class=\"elementor-video\"><\/div>\t\t<\/div>\n\t\t\t\t\t\t<\/div>\n\t\t\t\t\t<\/div>\n\t\t\t\t<\/div>\n\t\t<div data-particle_enable=\"false\" data-particle-mobile-disabled=\"false\" class=\"elementor-element elementor-element-21fb7ac e-flex e-con-boxed e-con e-parent\" data-id=\"21fb7ac\" data-element_type=\"container\" data-e-type=\"container\">\n\t\t\t\t\t<div class=\"e-con-inner\">\n\t\t\t\t<div class=\"elementor-element elementor-element-a37e98e elementor-widget elementor-widget-text-editor\" data-id=\"a37e98e\" data-element_type=\"widget\" data-e-type=\"widget\" data-widget_type=\"text-editor.default\">\n\t\t\t\t\t\t\t\t\t<p>Los idiomas m\u00e1s buscados en Guatemala son el Kaqchikel, luego el Quich\u00e9 y despu\u00e9s el Kekch\u00ed. A nivel mundial buscan m\u00e1s el Nahuatl, Queqch\u00ed, Quich\u00e9 y el Kakchikel.<\/p>\t\t\t\t\t\t\t\t<\/div>\n\t\t\t\t\t<\/div>\n\t\t\t\t<\/div>\n\t\t<div data-particle_enable=\"false\" data-particle-mobile-disabled=\"false\" class=\"elementor-element elementor-element-6f06670 e-flex e-con-boxed e-con e-parent\" data-id=\"6f06670\" data-element_type=\"container\" data-e-type=\"container\">\n\t\t\t\t\t<div class=\"e-con-inner\">\n\t\t\t\t<div class=\"elementor-element elementor-element-0eb8c25 elementor-widget elementor-widget-heading\" data-id=\"0eb8c25\" data-element_type=\"widget\" data-e-type=\"widget\" data-widget_type=\"heading.default\">\n\t\t\t\t\t<h3 class=\"elementor-heading-title elementor-size-default\">Una meta<\/h3>\t\t\t\t<\/div>\n\t\t\t\t\t<\/div>\n\t\t\t\t<\/div>\n\t\t<div data-particle_enable=\"false\" data-particle-mobile-disabled=\"false\" class=\"elementor-element elementor-element-75a7a2a e-flex e-con-boxed e-con e-parent\" data-id=\"75a7a2a\" data-element_type=\"container\" data-e-type=\"container\">\n\t\t\t\t\t<div class=\"e-con-inner\">\n\t\t\t\t<div class=\"elementor-element elementor-element-1c77308 elementor-widget elementor-widget-text-editor\" data-id=\"1c77308\" data-element_type=\"widget\" data-e-type=\"widget\" data-widget_type=\"text-editor.default\">\n\t\t\t\t\t\t\t\t\t<p>Hace tres a\u00f1os Ben pudo contratar a 5 personas que un a\u00f1o despu\u00e9s subieron a 15 empleados que le apoyaron en ir mejorando el sitio. Actualmente ya solo \u00e9l sigue perfeccion\u00e1ndolo. El sostenimiento de este proyecto educativo lo logra a trav\u00e9s de fondos que obtiene gracias a la monetizaci\u00f3n de otros servicios tecnol\u00f3gicos que ha creado y que ofrece en el ciberespacio.<\/p><p>Ben ha logrado cada paso \u00fanicamente con sus ingresos. Hasta hace dos a\u00f1os el \u00fanico apoyo que recibi\u00f3 fue una donaci\u00f3n de 5 computadoras por parte de\u00a0<a style=\"text-align: var(--text-align)\" href=\"https:\/\/www.youtube.com\/watch?v=1a1zC1tmcas\" target=\"_blank\" rel=\"noopener\">Huawei.<\/a><\/p><p>\u00a0<\/p>\t\t\t\t\t\t\t\t<\/div>\n\t\t\t\t\t<\/div>\n\t\t\t\t<\/div>\n\t\t<div data-particle_enable=\"false\" data-particle-mobile-disabled=\"false\" class=\"elementor-element elementor-element-e7f1acf e-flex e-con-boxed e-con e-parent\" data-id=\"e7f1acf\" data-element_type=\"container\" data-e-type=\"container\">\n\t\t\t\t\t<div class=\"e-con-inner\">\n\t\t\t\t<div class=\"elementor-element elementor-element-6e07cbe elementor-widget elementor-widget-testimonial\" data-id=\"6e07cbe\" data-element_type=\"widget\" data-e-type=\"widget\" data-widget_type=\"testimonial.default\">\n\t\t\t\t\t\t\t<div class=\"elementor-testimonial-wrapper\">\n\t\t\t\t\t\t\t<div class=\"elementor-testimonial-content\">\"Uno no tiene que esperar que le entreguen en bandeja de plata, el \u00e9xito\u201d.- <\/div>\n\t\t\t\n\t\t\t\t\t\t<div class=\"elementor-testimonial-meta elementor-has-image elementor-testimonial-image-position-aside\">\n\t\t\t\t<div class=\"elementor-testimonial-meta-inner\">\n\t\t\t\t\t\t\t\t\t\t\t<div class=\"elementor-testimonial-image\">\n\t\t\t\t\t\t\t<img decoding=\"async\" width=\"361\" height=\"357\" src=\"https:\/\/soymigrante.com\/revista\/wp-content\/uploads\/2024\/08\/creador-roberto-ben-soch-soy-migrante.webp\" class=\"attachment-full size-full wp-image-8084\" alt=\"Joven migrante con camiseta de rayas en fondo blanco, representando comunidad migrante en la revista SoyMigrante.com REVISTA.\" title=\"creador roberto ben soch soy migrante \u2013 SoyMigrante.com REVISTA\" srcset=\"https:\/\/soymigrante.com\/revista\/wp-content\/uploads\/2024\/08\/creador-roberto-ben-soch-soy-migrante.webp 361w, https:\/\/soymigrante.com\/revista\/wp-content\/uploads\/2024\/08\/creador-roberto-ben-soch-soy-migrante-300x297.webp 300w, https:\/\/soymigrante.com\/revista\/wp-content\/uploads\/2024\/08\/creador-roberto-ben-soch-soy-migrante-75x75.webp 75w\" sizes=\"(max-width: 361px) 100vw, 361px\" \/>\t\t\t\t\t\t<\/div>\n\t\t\t\t\t\n\t\t\t\t\t\t\t\t\t\t<div class=\"elementor-testimonial-details\">\n\t\t\t\t\t\t\t\t\t\t\t\t\t\t<div class=\"elementor-testimonial-name\">Roberto Ben Soch<\/div>\n\t\t\t\t\t\t\t\t\t\t\t\t\t\t\t\t\t\t\t\t\t\t<div class=\"elementor-testimonial-job\">Creador de apps<\/div>\n\t\t\t\t\t\t\t\t\t\t\t\t\t<\/div>\n\t\t\t\t\t\t\t\t\t<\/div>\n\t\t\t<\/div>\n\t\t\t\t\t<\/div>\n\t\t\t\t\t\t<\/div>\n\t\t\t\t\t<\/div>\n\t\t\t\t<\/div>\n\t\t<div data-particle_enable=\"false\" data-particle-mobile-disabled=\"false\" class=\"elementor-element elementor-element-bf854eb e-flex e-con-boxed e-con e-parent\" data-id=\"bf854eb\" data-element_type=\"container\" data-e-type=\"container\">\n\t\t\t\t\t<div class=\"e-con-inner\">\n\t\t\t\t<div class=\"elementor-element elementor-element-dc5a853 elementor-widget elementor-widget-image\" data-id=\"dc5a853\" data-element_type=\"widget\" data-e-type=\"widget\" data-widget_type=\"image.default\">\n\t\t\t\t\t\t\t\t\t\t\t\t<figure class=\"wp-caption\">\n\t\t\t\t\t\t\t\t\t\t<img decoding=\"async\" width=\"689\" height=\"420\" src=\"https:\/\/soymigrante.com\/revista\/wp-content\/uploads\/2024\/08\/idiomas-mayas-soy-migrante3.webp\" class=\"attachment-large size-large wp-image-8079\" alt=\"Casa - revista SoyMigrante.com, enfoque en migraci\u00f3n, derechos y cultura, con art\u00edculos informativos y testimonios sobre experiencias migratorias y comunidades expatriadas en diversos pa\u00edses.\" srcset=\"https:\/\/soymigrante.com\/revista\/wp-content\/uploads\/2024\/08\/idiomas-mayas-soy-migrante3.webp 689w, https:\/\/soymigrante.com\/revista\/wp-content\/uploads\/2024\/08\/idiomas-mayas-soy-migrante3-300x183.webp 300w\" sizes=\"(max-width: 689px) 100vw, 689px\" title=\"idiomas mayas soy migrante3 \u2013 SoyMigrante.com REVISTA\" \/>\t\t\t\t\t\t\t\t\t\t\t<figcaption class=\"widget-image-caption wp-caption-text\">Casa - Revista SoyMigrante.com presenta contenido relevante sobre migrantes, integraci\u00f3n, derechos y cultura, ofreciendo recursos, historias y an\u00e1lisis para la comunidad migrante global.<\/figcaption>\n\t\t\t\t\t\t\t\t\t\t<\/figure>\n\t\t\t\t\t\t\t\t\t<\/div>\n\t\t\t\t\t<\/div>\n\t\t\t\t<\/div>\n\t\t<div data-particle_enable=\"false\" data-particle-mobile-disabled=\"false\" class=\"elementor-element elementor-element-cf9fe4c e-flex e-con-boxed e-con e-parent\" data-id=\"cf9fe4c\" data-element_type=\"container\" data-e-type=\"container\">\n\t\t\t\t\t<div class=\"e-con-inner\">\n\t\t\t\t<div class=\"elementor-element elementor-element-1a913ff elementor-widget elementor-widget-heading\" data-id=\"1a913ff\" data-element_type=\"widget\" data-e-type=\"widget\" data-widget_type=\"heading.default\">\n\t\t\t\t\t<h3 class=\"elementor-heading-title elementor-size-default\">M\u00e1s que un diccionario<\/h3>\t\t\t\t<\/div>\n\t\t\t\t\t<\/div>\n\t\t\t\t<\/div>\n\t\t<div data-particle_enable=\"false\" data-particle-mobile-disabled=\"false\" class=\"elementor-element elementor-element-2b858a2 e-flex e-con-boxed e-con e-parent\" data-id=\"2b858a2\" data-element_type=\"container\" data-e-type=\"container\">\n\t\t\t\t\t<div class=\"e-con-inner\">\n\t\t\t\t<div class=\"elementor-element elementor-element-878c82f elementor-widget elementor-widget-text-editor\" data-id=\"878c82f\" data-element_type=\"widget\" data-e-type=\"widget\" data-widget_type=\"text-editor.default\">\n\t\t\t\t\t\t\t\t\t<p>Ben tiene otros proyectos como el de una p\u00e1gina en la que puedo recuperar datos que han sido eliminados por formateo, mensajes borrados, este incluso fue un proyecto previo al de Idiomas Mayas, este servicio lo ofrece a usuarios de cualquier parte del mundo.<\/p><p>Luego hay otro en el que conecta a mec\u00e1nicos con pilotos m\u00e1s cercanos a su zona , para recibir asistencia, a trav\u00e9s de<a href=\"https:\/\/servehi.com\/\" target=\"_blank\" rel=\"noopener\"> Servehi.<\/a>\u00a0Tambi\u00e9n ha creado una tienda online para la venta de ropa y cosm\u00e9ticos. Y como buen amante de las plataformas es<a href=\"https:\/\/www.youtube.com\/@TechnologyRobOne\" target=\"_blank\" rel=\"noopener\"><em> youtuber<\/em>.<\/a>\u00a0Todo estos, incluyendo idiomasmayas.com, le permiten financiar sus propios proyectos.<\/p><p>\u201cEs un apoyo a los usuarios y es gratuito, con el fin de ayudar a alumnos y profesores. He ayudado tambi\u00e9n a entidades de gobierno, a trav\u00e9s de eso he dado mi granito de arena. Ahora tengo un foro en Mayas.com y\u00a0<a href=\"https:\/\/foro.idiomasmayas.com\/\" target=\"_blank\" rel=\"noopener\">con la categor\u00eda empleo<\/a>, los usuarios buscan traductores mayas y hay un registro de estos \u2013 personas traductoras- para que consigan un empleo remunerado\u201d, refiere Ben.<\/p><p>Y otra opci\u00f3n que tiene idiomasmayas.com es el traducir de un\u00a0<a style=\"text-align: var(--text-align)\" href=\"https:\/\/mayanlanguagetranslator.com\/\" target=\"_blank\" rel=\"noopener\">idioma maya al ingl\u00e9s o viceversa.<\/a><\/p>\t\t\t\t\t\t\t\t<\/div>\n\t\t\t\t\t<\/div>\n\t\t\t\t<\/div>\n\t\t<div data-particle_enable=\"false\" data-particle-mobile-disabled=\"false\" class=\"elementor-element elementor-element-963699f e-flex e-con-boxed e-con e-parent\" data-id=\"963699f\" data-element_type=\"container\" data-e-type=\"container\">\n\t\t\t\t\t<div class=\"e-con-inner\">\n\t\t\t\t<div class=\"elementor-element elementor-element-dd4c370 elementor-widget elementor-widget-video\" data-id=\"dd4c370\" data-element_type=\"widget\" data-e-type=\"widget\" data-settings=\"{&quot;youtube_url&quot;:&quot;https:\\\/\\\/www.youtube.com\\\/watch?v=u96tf2OToHA&quot;,&quot;video_type&quot;:&quot;youtube&quot;,&quot;controls&quot;:&quot;yes&quot;}\" data-widget_type=\"video.default\">\n\t\t\t\t\t\t\t<div class=\"elementor-wrapper elementor-open-inline\">\n\t\t\t<div class=\"elementor-video\"><\/div>\t\t<\/div>\n\t\t\t\t\t\t<\/div>\n\t\t\t\t\t<\/div>\n\t\t\t\t<\/div>\n\t\t<div data-particle_enable=\"false\" data-particle-mobile-disabled=\"false\" class=\"elementor-element elementor-element-c6c5739 e-flex e-con-boxed e-con e-parent\" data-id=\"c6c5739\" data-element_type=\"container\" data-e-type=\"container\">\n\t\t\t\t\t<div class=\"e-con-inner\">\n\t\t\t\t<div class=\"elementor-element elementor-element-0b6803b elementor-widget elementor-widget-heading\" data-id=\"0b6803b\" data-element_type=\"widget\" data-e-type=\"widget\" data-widget_type=\"heading.default\">\n\t\t\t\t\t<h3 class=\"elementor-heading-title elementor-size-default\">Qui\u00e9n es Roberto Ben<\/h3>\t\t\t\t<\/div>\n\t\t\t\t\t<\/div>\n\t\t\t\t<\/div>\n\t\t<div data-particle_enable=\"false\" data-particle-mobile-disabled=\"false\" class=\"elementor-element elementor-element-43da083 e-flex e-con-boxed e-con e-parent\" data-id=\"43da083\" data-element_type=\"container\" data-e-type=\"container\">\n\t\t\t\t\t<div class=\"e-con-inner\">\n\t\t\t\t<div class=\"elementor-element elementor-element-fc9cf1d elementor-widget elementor-widget-text-editor\" data-id=\"fc9cf1d\" data-element_type=\"widget\" data-e-type=\"widget\" data-widget_type=\"text-editor.default\">\n\t\t\t\t\t\t\t\t\t<p>Roberto vive junto a su padre y hermano en Solol\u00e1, su madre falleci\u00f3 hace 9 a\u00f1os. Reconoce que todo lo que ha construido lo ha logrado por ser autodidacta. Tiene un bachillerato en Ciencias y Letras, \u201cpero nada tiene que ver con la tecnolog\u00eda\u201d, refiere.<\/p><p>\u201cAl principio ten\u00eda miedo hasta de agarrar el mouse. Comenc\u00e9 leyendo libros para aprender de las computadoras. Aprend\u00ed por mi propia cuenta. Desde que comenc\u00e9 mis proyectos en l\u00ednea cambi\u00f3 todo\u201d, recuerda Ban<\/p><p>El mensaje que Roberto env\u00eda a todo joven guatemalteco que busca una meta en la vida es: \u201cUno cuando tiene un deseo fuerte de algo que quiere hacer, hay que buscar la forma, como leer un libro.<\/p><p>Creo que cuando uno tiene un deseo fuerte tiene que ser persistente en lo que desea o quiere hacer. Pero uno no tiene que esperar que le entreguen en bandeja de plata, el \u00e9xito\u201d.<\/p>\t\t\t\t\t\t\t\t<\/div>\n\t\t\t\t\t<\/div>\n\t\t\t\t<\/div>\n\t\t<div data-particle_enable=\"false\" data-particle-mobile-disabled=\"false\" class=\"elementor-element elementor-element-c6e3b5f e-flex e-con-boxed e-con e-parent\" data-id=\"c6e3b5f\" data-element_type=\"container\" data-e-type=\"container\">\n\t\t\t\t\t<div class=\"e-con-inner\">\n\t\t\t\t<div class=\"elementor-element elementor-element-eb2bb25 elementor-grid-eael-col-3 elementor-grid-tablet-eael-col-2 elementor-grid-mobile-eael-col-1 elementor-widget elementor-widget-eael-post-grid\" data-id=\"eb2bb25\" data-element_type=\"widget\" data-e-type=\"widget\" data-settings=\"{&quot;eael_post_grid_columns&quot;:&quot;eael-col-3&quot;,&quot;eael_post_grid_columns_tablet&quot;:&quot;eael-col-2&quot;,&quot;eael_post_grid_columns_mobile&quot;:&quot;eael-col-1&quot;}\" data-widget_type=\"eael-post-grid.default\">\n\t\t\t\t\t<div id=\"eael-post-grid-eb2bb25\" class=\"eael-post-grid-container\">\n            <div class=\"eael-post-grid eael-post-appender eael-post-appender-eb2bb25 eael-post-grid-style-one\" data-layout-mode=\"masonry\"><article class=\"eael-grid-post  eael-post-grid-column eael-pg-post-7926 category-guate-nuestra\" data-id=\"7926\">\n        <div class=\"eael-grid-post-holder\">\n            <div class=\"eael-grid-post-holder-inner\"><div class=\"eael-entry-media\"><div class=\"eael-entry-overlay fade-in\"><i class=\"far fa-hand-pointer\" aria-hidden=\"true\"><\/i><a href=\"https:\/\/soymigrante.com\/revista\/llamas-de-los-cuchumatanes-migraron-hace-23-anos-a-guatemala\/\"><\/a><\/div><div class=\"eael-entry-thumbnail \">\n                <img loading=\"lazy\" decoding=\"async\" width=\"701\" height=\"406\" src=\"https:\/\/soymigrante.com\/revista\/wp-content\/uploads\/2024\/08\/Llama-de-los-Cuchumatanes-Huehuetenango-Soy-Migrante-1.webp\" class=\"attachment-large size-large wp-image-7965\" alt=\"Alt: Joven con sombrero interactuando con llamas en un campo verde, naturaleza y animales en un entorno rural en Per\u00fa.\" srcset=\"https:\/\/soymigrante.com\/revista\/wp-content\/uploads\/2024\/08\/Llama-de-los-Cuchumatanes-Huehuetenango-Soy-Migrante-1.webp 701w, https:\/\/soymigrante.com\/revista\/wp-content\/uploads\/2024\/08\/Llama-de-los-Cuchumatanes-Huehuetenango-Soy-Migrante-1-300x174.webp 300w\" sizes=\"(max-width: 701px) 100vw, 701px\" \/>\n            <\/div>\n        <\/div><div class=\"eael-entry-wrapper\"><header class=\"eael-entry-header\"><h2 class=\"eael-entry-title\"><a class=\"eael-grid-post-link\" href=\"https:\/\/soymigrante.com\/revista\/llamas-de-los-cuchumatanes-migraron-hace-23-anos-a-guatemala\/\" title=\"Llamas de los Cuchumatanes &#8220;migraron&#8221; hace 23 a\u00f1os a Guatemala\">Llamas de los Cuchumatanes &#8220;migraron&#8221; hace 23 a\u00f1os a Guatemala<\/a><\/h2><\/header><div class=\"eael-entry-content\">\n                        <div class=\"eael-grid-post-excerpt\"><a href=\"https:\/\/soymigrante.com\/revista\/llamas-de-los-cuchumatanes-migraron-hace-23-anos-a-guatemala\/\" class=\"eael-post-elements-readmore-btn\">CONOCE SU HISTORIA <\/a><\/div>\n                    <\/div><\/div><\/div>\n        <\/div>\n    <\/article><article class=\"eael-grid-post  eael-post-grid-column eael-pg-post-7919 category-guate-nuestra\" data-id=\"7919\">\n        <div class=\"eael-grid-post-holder\">\n            <div class=\"eael-grid-post-holder-inner\"><div class=\"eael-entry-media\"><div class=\"eael-entry-overlay fade-in\"><i class=\"far fa-hand-pointer\" aria-hidden=\"true\"><\/i><a href=\"https:\/\/soymigrante.com\/revista\/tantas-parejas-suenan-con-celebrar-sus-bodas-en-antigua-guatemala\/\"><\/a><\/div><div class=\"eael-entry-thumbnail \">\n                <img loading=\"lazy\" decoding=\"async\" width=\"1024\" height=\"681\" src=\"https:\/\/soymigrante.com\/revista\/wp-content\/uploads\/2024\/08\/boda-ana-melissa-wedding-guatemala-1024x681.webp\" class=\"attachment-large size-large wp-image-7954\" alt=\"Elegante pareja de reci\u00e9n casados en sesi\u00f3n fotogr\u00e1fica con coche cl\u00e1sico blanco, fondo de arquitectura hist\u00f3rica, celebraci\u00f3n de amor y cultura en M\u00e9xico.\" srcset=\"https:\/\/soymigrante.com\/revista\/wp-content\/uploads\/2024\/08\/boda-ana-melissa-wedding-guatemala-1024x681.webp 1024w, https:\/\/soymigrante.com\/revista\/wp-content\/uploads\/2024\/08\/boda-ana-melissa-wedding-guatemala-300x200.webp 300w, https:\/\/soymigrante.com\/revista\/wp-content\/uploads\/2024\/08\/boda-ana-melissa-wedding-guatemala-768x511.webp 768w, https:\/\/soymigrante.com\/revista\/wp-content\/uploads\/2024\/08\/boda-ana-melissa-wedding-guatemala-750x499.webp 750w, https:\/\/soymigrante.com\/revista\/wp-content\/uploads\/2024\/08\/boda-ana-melissa-wedding-guatemala-1140x758.webp 1140w, https:\/\/soymigrante.com\/revista\/wp-content\/uploads\/2024\/08\/boda-ana-melissa-wedding-guatemala.webp 1440w\" sizes=\"(max-width: 1024px) 100vw, 1024px\" \/>\n            <\/div>\n        <\/div><div class=\"eael-entry-wrapper\"><header class=\"eael-entry-header\"><h2 class=\"eael-entry-title\"><a class=\"eael-grid-post-link\" href=\"https:\/\/soymigrante.com\/revista\/tantas-parejas-suenan-con-celebrar-sus-bodas-en-antigua-guatemala\/\" title=\"Tantas parejas sue\u00f1an con celebrar sus bodas en Antigua Guatemala\">Tantas parejas sue\u00f1an con celebrar sus bodas en Antigua Guatemala<\/a><\/h2><\/header><div class=\"eael-entry-content\">\n                        <div class=\"eael-grid-post-excerpt\"><a href=\"https:\/\/soymigrante.com\/revista\/tantas-parejas-suenan-con-celebrar-sus-bodas-en-antigua-guatemala\/\" class=\"eael-post-elements-readmore-btn\">CONOCE SU HISTORIA <\/a><\/div>\n                    <\/div><\/div><\/div>\n        <\/div>\n    <\/article><article class=\"eael-grid-post  eael-post-grid-column eael-pg-post-7902 category-recursos-migratorios\" data-id=\"7902\">\n        <div class=\"eael-grid-post-holder\">\n            <div class=\"eael-grid-post-holder-inner\"><div class=\"eael-entry-media\"><div class=\"eael-entry-overlay fade-in\"><i class=\"far fa-hand-pointer\" aria-hidden=\"true\"><\/i><a href=\"https:\/\/soymigrante.com\/revista\/evita-cometer-estos-errores-al-solicitar-visa-mexicana-o-permiso-tvr\/\"><\/a><\/div><div class=\"eael-entry-thumbnail \">\n                <img loading=\"lazy\" decoding=\"async\" width=\"1024\" height=\"508\" src=\"https:\/\/soymigrante.com\/revista\/wp-content\/uploads\/2024\/08\/Embajada-de-Mexico-visa-Soy-Migrante2-1024x508.webp\" class=\"attachment-large size-large wp-image-7913\" alt=\"M\u00e9xico, bandera mexicana en un espacio p\u00fablico con vegetaci\u00f3n y se\u00f1al\u00e9tica, s\u00edmbolo de cultura y orgullo nacional en un entorno verde y luminoso.\" srcset=\"https:\/\/soymigrante.com\/revista\/wp-content\/uploads\/2024\/08\/Embajada-de-Mexico-visa-Soy-Migrante2-1024x508.webp 1024w, https:\/\/soymigrante.com\/revista\/wp-content\/uploads\/2024\/08\/Embajada-de-Mexico-visa-Soy-Migrante2-300x149.webp 300w, https:\/\/soymigrante.com\/revista\/wp-content\/uploads\/2024\/08\/Embajada-de-Mexico-visa-Soy-Migrante2-768x381.webp 768w, https:\/\/soymigrante.com\/revista\/wp-content\/uploads\/2024\/08\/Embajada-de-Mexico-visa-Soy-Migrante2-360x180.webp 360w, https:\/\/soymigrante.com\/revista\/wp-content\/uploads\/2024\/08\/Embajada-de-Mexico-visa-Soy-Migrante2-750x372.webp 750w, https:\/\/soymigrante.com\/revista\/wp-content\/uploads\/2024\/08\/Embajada-de-Mexico-visa-Soy-Migrante2.webp 1071w\" sizes=\"(max-width: 1024px) 100vw, 1024px\" \/>\n            <\/div>\n        <\/div><div class=\"eael-entry-wrapper\"><header class=\"eael-entry-header\"><h2 class=\"eael-entry-title\"><a class=\"eael-grid-post-link\" href=\"https:\/\/soymigrante.com\/revista\/evita-cometer-estos-errores-al-solicitar-visa-mexicana-o-permiso-tvr\/\" title=\"Claves que ya conoc\u00edas (o quiz\u00e1 no) para tramitar visa mexicana en Guatemala\">Claves que ya conoc\u00edas (o quiz\u00e1 no) para tramitar visa mexicana en Guatemala<\/a><\/h2><\/header><div class=\"eael-entry-content\">\n                        <div class=\"eael-grid-post-excerpt\"><a href=\"https:\/\/soymigrante.com\/revista\/evita-cometer-estos-errores-al-solicitar-visa-mexicana-o-permiso-tvr\/\" class=\"eael-post-elements-readmore-btn\">CONOCE SU HISTORIA <\/a><\/div>\n                    <\/div><\/div><\/div>\n        <\/div>\n    <\/article><\/div>\n            <div class=\"clearfix\"><\/div>\n        <\/div>\t\t\t\t<\/div>\n\t\t\t\t\t<\/div>\n\t\t\t\t<\/div>\n\t\t\t\t<\/div>\n\t\t","protected":false},"excerpt":{"rendered":"<p>Roberto Ben Soch tiene 32 a\u00f1os, pero en su natal Monte Mercedes, a 4 kil\u00f3metros de la cabecera departamental de Solol\u00e1, su pasi\u00f3n por la tecnolog\u00eda le ha permitido trabajar en su sue\u00f1o: aportar al mundo el aprendizaje de idiomas mayas. Y es por ello que cre\u00f3\u00a0traductordeidiomasmayas.com. Hace m\u00e1s de 10 a\u00f1os Ben trabajaba en [&hellip;]<\/p>\n","protected":false},"author":23,"featured_media":8098,"comment_status":"open","ping_status":"open","sticky":false,"template":"","format":"standard","meta":{"_acf_changed":true,"_eb_attr":"","footnotes":""},"categories":[58],"tags":[],"class_list":["post-8075","post","type-post","status-publish","format-standard","has-post-thumbnail","hentry","category-guate-nuestra"],"acf":[],"aioseo_notices":[],"aioseo_head":"\n\t\t<!-- All in One SEO Pro 4.9.6.2 - aioseo.com -->\n\t<meta name=\"description\" content=\"En este art\u00edculo te recomendamos qu\u00e9 hacer durante tu proceso para solicitar tu visa mexicana, cu\u00e1l es la diferencia entre un visado y una tarjeta de visitante.\" \/>\n\t<meta name=\"robots\" content=\"max-snippet:-1, max-image-preview:large, max-video-preview:-1\" \/>\n\t<meta name=\"author\" content=\"Beatriz Tercero\"\/>\n\t<link rel=\"canonical\" href=\"https:\/\/soymigrante.com\/revista\/evita-cometer-estos-errores-al-solicitar-visa-mexicana-o-permiso-tvr\/\" \/>\n\t<meta name=\"generator\" content=\"All in One SEO Pro (AIOSEO) 4.9.6.2\" \/>\n\n\t\t<link rel=\"preconnect\" href=\"https:\/\/fonts.googleapis.com\" crossorigin>\n<link rel=\"preconnect\" href=\"https:\/\/fonts.gstatic.com\" crossorigin>\n\t\t<meta property=\"og:locale\" content=\"es_ES\" \/>\n\t\t<meta property=\"og:site_name\" content=\"SoyMigrante.com REVISTA \u2013 Nuestra misi\u00f3n es reconocer y dignificar al migrante.\" \/>\n\t\t<meta property=\"og:type\" content=\"article\" \/>\n\t\t<meta property=\"og:title\" content=\"Claves para solicitar la visa mexicana en Guatemala\" \/>\n\t\t<meta property=\"og:description\" content=\"En este art\u00edculo te recomendamos qu\u00e9 hacer durante tu proceso para solicitar tu visa mexicana, cu\u00e1l es la diferencia entre un visado y una tarjeta de visitante.\" \/>\n\t\t<meta property=\"og:url\" content=\"https:\/\/soymigrante.com\/revista\/evita-cometer-estos-errores-al-solicitar-visa-mexicana-o-permiso-tvr\/\" \/>\n\t\t<meta property=\"og:image\" content=\"https:\/\/soymigrante.com\/revista\/wp-content\/uploads\/2024\/08\/Embajada-de-Mexico-visa-Soy-Migrante2.webp\" \/>\n\t\t<meta property=\"og:image:secure_url\" content=\"https:\/\/soymigrante.com\/revista\/wp-content\/uploads\/2024\/08\/Embajada-de-Mexico-visa-Soy-Migrante2.webp\" \/>\n\t\t<meta property=\"og:image:width\" content=\"1071\" \/>\n\t\t<meta property=\"og:image:height\" content=\"531\" \/>\n\t\t<meta property=\"article:published_time\" content=\"2024-08-09T01:01:46+00:00\" \/>\n\t\t<meta property=\"article:modified_time\" content=\"2024-11-01T20:31:42+00:00\" \/>\n\t\t<meta property=\"article:publisher\" content=\"https:\/\/www.facebook.com\/soymigrantecom\" \/>\n\t\t<meta name=\"twitter:card\" content=\"summary_large_image\" \/>\n\t\t<meta name=\"twitter:site\" content=\"@SoyMigrante_com\" \/>\n\t\t<meta name=\"twitter:title\" content=\"Claves para solicitar la visa mexicana en Guatemala\" \/>\n\t\t<meta name=\"twitter:description\" content=\"En este art\u00edculo te recomendamos qu\u00e9 hacer durante tu proceso para solicitar tu visa mexicana, cu\u00e1l es la diferencia entre un visado y una tarjeta de visitante.\" \/>\n\t\t<meta name=\"twitter:creator\" content=\"@SoyMigrante_com\" \/>\n\t\t<meta name=\"twitter:image\" content=\"https:\/\/soymigrante.com\/revista\/wp-content\/uploads\/2024\/08\/Embajada-de-Mexico-visa-Soy-Migrante2.webp\" \/>\n\t\t<!-- All in One SEO Pro -->\r\n\t\t<title>Claves para solicitar la visa mexicana en Guatemala<\/title>\n\n","aioseo_head_json":{"title":"Claves para solicitar la visa mexicana en Guatemala","description":"En este art\u00edculo te recomendamos qu\u00e9 hacer durante tu proceso para solicitar tu visa mexicana, cu\u00e1l es la diferencia entre un visado y una tarjeta de visitante.","canonical_url":"https:\/\/soymigrante.com\/revista\/evita-cometer-estos-errores-al-solicitar-visa-mexicana-o-permiso-tvr\/","robots":"max-snippet:-1, max-image-preview:large, max-video-preview:-1","keywords":"","webmasterTools":{"miscellaneous":"&lt;link rel=\"preconnect\" href=\"https:\/\/fonts.googleapis.com\" crossorigin&gt;\n&lt;link rel=\"preconnect\" href=\"https:\/\/fonts.gstatic.com\" crossorigin&gt;"},"schema":null,"og:locale":"es_ES","og:site_name":"SoyMigrante.com REVISTA \u2013 Nuestra misi\u00f3n es reconocer y dignificar al migrante.","og:type":"article","og:title":"Claves para solicitar la visa mexicana en Guatemala","og:description":"En este art\u00edculo te recomendamos qu\u00e9 hacer durante tu proceso para solicitar tu visa mexicana, cu\u00e1l es la diferencia entre un visado y una tarjeta de visitante.","og:url":"https:\/\/soymigrante.com\/revista\/evita-cometer-estos-errores-al-solicitar-visa-mexicana-o-permiso-tvr\/","og:image":"https:\/\/soymigrante.com\/revista\/wp-content\/uploads\/2024\/08\/Embajada-de-Mexico-visa-Soy-Migrante2.webp","og:image:secure_url":"https:\/\/soymigrante.com\/revista\/wp-content\/uploads\/2024\/08\/Embajada-de-Mexico-visa-Soy-Migrante2.webp","og:image:width":1071,"og:image:height":531,"article:published_time":"2024-08-09T01:01:46+00:00","article:modified_time":"2024-11-01T20:31:42+00:00","article:publisher":"https:\/\/www.facebook.com\/soymigrantecom","twitter:card":"summary_large_image","twitter:site":"@SoyMigrante_com","twitter:title":"Claves para solicitar la visa mexicana en Guatemala","twitter:description":"En este art\u00edculo te recomendamos qu\u00e9 hacer durante tu proceso para solicitar tu visa mexicana, cu\u00e1l es la diferencia entre un visado y una tarjeta de visitante.","twitter:creator":"@SoyMigrante_com","twitter:image":"https:\/\/soymigrante.com\/revista\/wp-content\/uploads\/2024\/08\/Embajada-de-Mexico-visa-Soy-Migrante2.webp"},"aioseo_meta_data":{"post_id":"8075","title":"Traductor creado por guatemalteco preserva idiomas mayas","description":"De ser un sitio tipo diccionario ha pasado a ser un traductor de m\u00e1s de 10 idiomas mayas, incluyendo el Nahuatl azteco.","keywords":null,"keyphrases":{"focus":{"keyphrase":"idiomas mayas","score":69,"analysis":{"keyphraseInTitle":{"score":9,"maxScore":9,"error":0},"keyphraseInDescription":{"score":9,"maxScore":9,"error":0},"keyphraseLength":{"score":9,"maxScore":9,"error":0,"length":2},"keyphraseInURL":{"score":5,"maxScore":5,"error":0},"keyphraseInIntroduction":{"score":3,"maxScore":9,"error":1},"keyphraseInSubHeadings":{"score":3,"maxScore":9,"error":1},"keyphraseInImageAlt":{"score":9,"maxScore":9,"error":0},"keywordDensity":{"score":0,"type":"low","maxScore":9,"error":1}}},"additional":[{"keyphrase":"mayas","score":87,"analysis":{"keyphraseInDescription":{"score":9,"maxScore":9,"error":0},"keyphraseLength":{"score":9,"maxScore":9,"error":0,"length":1},"keyphraseInIntroduction":{"score":3,"maxScore":9,"error":1},"keyphraseInImageAlt":{"score":9,"maxScore":9,"error":0},"keywordDensity":{"type":"best","score":9,"maxScore":9,"error":0}}}]},"primary_term":null,"canonical_url":null,"og_title":null,"og_description":null,"og_object_type":"default","og_image_type":"default","og_image_url":null,"og_image_width":null,"og_image_height":null,"og_image_custom_url":null,"og_image_custom_fields":null,"og_video":"","og_custom_url":null,"og_article_section":null,"og_article_tags":null,"twitter_use_og":false,"twitter_card":"default","twitter_image_type":"default","twitter_image_url":null,"twitter_image_custom_url":null,"twitter_image_custom_fields":null,"twitter_title":null,"twitter_description":null,"schema":{"blockGraphs":[],"customGraphs":[],"default":{"data":{"Article":[],"Course":[],"Dataset":[],"FAQPage":[],"Movie":[],"Person":[],"Product":[],"ProductReview":[],"Car":[],"Recipe":[],"Service":[],"SoftwareApplication":[],"WebPage":[]},"graphName":"Article","isEnabled":true},"graphs":[]},"schema_type":"default","schema_type_options":null,"pillar_content":false,"robots_default":true,"robots_noindex":false,"robots_noarchive":false,"robots_nosnippet":false,"robots_nofollow":false,"robots_noimageindex":false,"robots_noodp":false,"robots_notranslate":false,"robots_max_snippet":"-1","robots_max_videopreview":"-1","robots_max_imagepreview":"large","priority":null,"frequency":"default","local_seo":null,"seo_analyzer_scan_date":"2025-10-08 22:33:13","breadcrumb_settings":null,"limit_modified_date":false,"reviewed_by":null,"open_ai":"{\"title\":{\"suggestions\":[],\"usage\":0},\"description\":{\"suggestions\":[],\"usage\":0}}","ai":null,"created":"2024-08-14 23:43:57","updated":"2026-02-04 12:35:46"},"aioseo_breadcrumb":"<div class=\"aioseo-breadcrumbs\"><span class=\"aioseo-breadcrumb\">\n\t<a href=\"https:\/\/soymigrante.com\/revista\" title=\"Home\">Home<\/a>\n<\/span><span class=\"aioseo-breadcrumb-separator\">\u00bb<\/span><span class=\"aioseo-breadcrumb\">\n\t<a href=\"https:\/\/soymigrante.com\/revista\/category\/guate-nuestra\/\" title=\"Guate Nuestra\">Guate Nuestra<\/a>\n<\/span><span class=\"aioseo-breadcrumb-separator\">\u00bb<\/span><span class=\"aioseo-breadcrumb\">\n\tEl traductor que contribuye a valorar e impulsar idiomas mayas en internet\n<\/span><\/div>","aioseo_breadcrumb_json":[{"label":"Home","link":"https:\/\/soymigrante.com\/revista"},{"label":"Guate Nuestra","link":"https:\/\/soymigrante.com\/revista\/category\/guate-nuestra\/"},{"label":"El traductor que contribuye a valorar e impulsar idiomas mayas en internet","link":"https:\/\/soymigrante.com\/revista\/el-traductor-que-contribuye-a-preservar-idiomas-mayas-en-internet\/"}],"_links":{"self":[{"href":"https:\/\/soymigrante.com\/revista\/wp-json\/wp\/v2\/posts\/8075","targetHints":{"allow":["GET"]}}],"collection":[{"href":"https:\/\/soymigrante.com\/revista\/wp-json\/wp\/v2\/posts"}],"about":[{"href":"https:\/\/soymigrante.com\/revista\/wp-json\/wp\/v2\/types\/post"}],"author":[{"embeddable":true,"href":"https:\/\/soymigrante.com\/revista\/wp-json\/wp\/v2\/users\/23"}],"replies":[{"embeddable":true,"href":"https:\/\/soymigrante.com\/revista\/wp-json\/wp\/v2\/comments?post=8075"}],"version-history":[{"count":0,"href":"https:\/\/soymigrante.com\/revista\/wp-json\/wp\/v2\/posts\/8075\/revisions"}],"wp:featuredmedia":[{"embeddable":true,"href":"https:\/\/soymigrante.com\/revista\/wp-json\/wp\/v2\/media\/8098"}],"wp:attachment":[{"href":"https:\/\/soymigrante.com\/revista\/wp-json\/wp\/v2\/media?parent=8075"}],"wp:term":[{"taxonomy":"category","embeddable":true,"href":"https:\/\/soymigrante.com\/revista\/wp-json\/wp\/v2\/categories?post=8075"},{"taxonomy":"post_tag","embeddable":true,"href":"https:\/\/soymigrante.com\/revista\/wp-json\/wp\/v2\/tags?post=8075"}],"curies":[{"name":"wp","href":"https:\/\/api.w.org\/{rel}","templated":true}]}}