{"id":8072,"date":"2024-08-16T15:52:46","date_gmt":"2024-08-16T21:52:46","guid":{"rendered":"https:\/\/soymigrante.com\/revista\/?p=8072"},"modified":"2024-08-16T15:52:47","modified_gmt":"2024-08-16T21:52:47","slug":"remedios-naturales-viejos-viejos-pero-buenos-buenos","status":"publish","type":"post","link":"https:\/\/soymigrante.com\/revista\/remedios-naturales-viejos-viejos-pero-buenos-buenos\/","title":{"rendered":"Remedios naturales viejos, viejos&#8230; pero buenos, buenos"},"content":{"rendered":"\t\t<div data-elementor-type=\"wp-post\" data-elementor-id=\"8072\" class=\"elementor elementor-8072\" data-elementor-post-type=\"post\">\n\t\t\t\t<div data-particle_enable=\"false\" data-particle-mobile-disabled=\"false\" class=\"elementor-element elementor-element-47e7671 e-flex e-con-boxed e-con e-parent\" data-id=\"47e7671\" data-element_type=\"container\" data-e-type=\"container\">\n\t\t\t\t\t<div class=\"e-con-inner\">\n\t\t\t\t<div class=\"elementor-element elementor-element-1926279 elementor-widget elementor-widget-heading\" data-id=\"1926279\" data-element_type=\"widget\" data-e-type=\"widget\" data-widget_type=\"heading.default\">\n\t\t\t\t\t<h2 class=\"elementor-heading-title elementor-size-default\">Los remedios caseros nunca est\u00e1n de m\u00e1s, podr\u00edan ayudarle estas 5 recetas que utilizaban las abuelitas para curar los males.<\/h2>\t\t\t\t<\/div>\n\t\t\t\t\t<\/div>\n\t\t\t\t<\/div>\n\t\t<div data-particle_enable=\"false\" data-particle-mobile-disabled=\"false\" class=\"elementor-element elementor-element-de44210 e-flex e-con-boxed e-con e-parent\" data-id=\"de44210\" data-element_type=\"container\" data-e-type=\"container\">\n\t\t\t\t\t<div class=\"e-con-inner\">\n\t\t\t\t<div class=\"elementor-element elementor-element-a1cc6cc elementor-widget elementor-widget-text-editor\" data-id=\"a1cc6cc\" data-element_type=\"widget\" data-e-type=\"widget\" data-widget_type=\"text-editor.default\">\n\t\t\t\t\t\t\t\t\t<p>Por supuesto que a d\u00eda de hoy, la medicina ha evolucionado tanto que siempre que haya alg\u00fan tipo de molestia hay que ir al m\u00e9dico o consultar a un especialista y seguir sus indicaciones, sus prescripciones m\u00e9dicas y tomar los medicamentos que nos receten, aun as\u00ed, no est\u00e1 de m\u00e1s a\u00f1adir a nuestra cura productos naturales o ciertos remedios de toda la vida.<\/p>\t\t\t\t\t\t\t\t<\/div>\n\t\t\t\t\t<\/div>\n\t\t\t\t<\/div>\n\t\t<div data-particle_enable=\"false\" data-particle-mobile-disabled=\"false\" class=\"elementor-element elementor-element-3cdab08 e-flex e-con-boxed e-con e-parent\" data-id=\"3cdab08\" data-element_type=\"container\" data-e-type=\"container\">\n\t\t\t\t\t<div class=\"e-con-inner\">\n\t\t\t\t<div class=\"elementor-element elementor-element-bd32fc4 elementor-widget elementor-widget-text-editor\" data-id=\"bd32fc4\" data-element_type=\"widget\" data-e-type=\"widget\" data-widget_type=\"text-editor.default\">\n\t\t\t\t\t\t\t\t\t<p><strong>1. Acidez o ardor de est\u00f3mago<\/strong><\/p><p>La acidez es causada por un exceso de secreci\u00f3n de \u00e1cido de la gl\u00e1ndula g\u00e1strica, el que se usa para la digesti\u00f3n. Masticar un trozo de clavo en especia y tomarse un tiempo para tragarlo proporciona un alivio instant\u00e1neo. <br \/>Tambi\u00e9n hay muchos tipos de infusiones que siempre han ayudado a reducir la acidez, la m\u00e1s com\u00fan, la manzanilla, pero tambi\u00e9n se puede hacer una infusi\u00f3n con bicarbonato con agua para reducir las molest\u00edas.<\/p>\t\t\t\t\t\t\t\t<\/div>\n\t\t\t\t\t<\/div>\n\t\t\t\t<\/div>\n\t\t<div data-particle_enable=\"false\" data-particle-mobile-disabled=\"false\" class=\"elementor-element elementor-element-bb62e84 e-flex e-con-boxed e-con e-parent\" data-id=\"bb62e84\" data-element_type=\"container\" data-e-type=\"container\">\n\t\t\t\t\t<div class=\"e-con-inner\">\n\t\t\t\t<div class=\"elementor-element elementor-element-55f5d3a elementor-widget elementor-widget-video\" data-id=\"55f5d3a\" data-element_type=\"widget\" data-e-type=\"widget\" data-settings=\"{&quot;youtube_url&quot;:&quot;https:\\\/\\\/www.youtube.com\\\/watch?v=Tu43FNfoQa8&quot;,&quot;video_type&quot;:&quot;youtube&quot;,&quot;controls&quot;:&quot;yes&quot;}\" data-widget_type=\"video.default\">\n\t\t\t\t\t\t\t<div class=\"elementor-wrapper elementor-open-inline\">\n\t\t\t<div class=\"elementor-video\"><\/div>\t\t<\/div>\n\t\t\t\t\t\t<\/div>\n\t\t\t\t\t<\/div>\n\t\t\t\t<\/div>\n\t\t<div data-particle_enable=\"false\" data-particle-mobile-disabled=\"false\" class=\"elementor-element elementor-element-eb79b8d e-flex e-con-boxed e-con e-parent\" data-id=\"eb79b8d\" data-element_type=\"container\" data-e-type=\"container\">\n\t\t\t\t\t<div class=\"e-con-inner\">\n\t\t\t\t<div class=\"elementor-element elementor-element-7dfea05 elementor-widget elementor-widget-text-editor\" data-id=\"7dfea05\" data-element_type=\"widget\" data-e-type=\"widget\" data-widget_type=\"text-editor.default\">\n\t\t\t\t\t\t\t\t\t<p><strong>2. Picaduras<\/strong><\/p><p>No hay nada tan doloroso o molesto como una picadura de avispa o de abeja, especialmente frecuentes en estas fechas. Lo primero es sacar el aguij\u00f3n, limpiar la zona con jab\u00f3n y poner unos hielos durante unos minutos, despu\u00e9s, cualquiera de estos productos aliviar\u00e1 el picor y calmar\u00e1 el dolor: barro, el mejor remedio si uno est\u00e1 fuera de casa, tambi\u00e9n mojar un algod\u00f3n en vinagre de manzana, lim\u00f3n o aceite con perejil suele funcionar, al igual que hacer un emplaste de bicarbonato y agua y aplicarlo. Para las picaduras de insectos en general tambi\u00e9n va muy bien una cebolla o una papa cruda en rodajas. <\/p>\t\t\t\t\t\t\t\t<\/div>\n\t\t\t\t\t<\/div>\n\t\t\t\t<\/div>\n\t\t<div data-particle_enable=\"false\" data-particle-mobile-disabled=\"false\" class=\"elementor-element elementor-element-e0a4a89 e-flex e-con-boxed e-con e-parent\" data-id=\"e0a4a89\" data-element_type=\"container\" data-e-type=\"container\">\n\t\t\t\t\t<div class=\"e-con-inner\">\n\t\t\t\t<div class=\"elementor-element elementor-element-37b2f61 elementor-widget elementor-widget-video\" data-id=\"37b2f61\" data-element_type=\"widget\" data-e-type=\"widget\" data-settings=\"{&quot;youtube_url&quot;:&quot;https:\\\/\\\/www.youtube.com\\\/watch?v=baHn55xssn0&quot;,&quot;video_type&quot;:&quot;youtube&quot;,&quot;controls&quot;:&quot;yes&quot;}\" data-widget_type=\"video.default\">\n\t\t\t\t\t\t\t<div class=\"elementor-wrapper elementor-open-inline\">\n\t\t\t<div class=\"elementor-video\"><\/div>\t\t<\/div>\n\t\t\t\t\t\t<\/div>\n\t\t\t\t\t<\/div>\n\t\t\t\t<\/div>\n\t\t<div data-particle_enable=\"false\" data-particle-mobile-disabled=\"false\" class=\"elementor-element elementor-element-9a8301f e-flex e-con-boxed e-con e-parent\" data-id=\"9a8301f\" data-element_type=\"container\" data-e-type=\"container\">\n\t\t\t\t\t<div class=\"e-con-inner\">\n\t\t\t\t<div class=\"elementor-element elementor-element-1739c28 elementor-widget elementor-widget-text-editor\" data-id=\"1739c28\" data-element_type=\"widget\" data-e-type=\"widget\" data-widget_type=\"text-editor.default\">\n\t\t\t\t\t\t\t\t\t<p>No te puedes perder: <a href=\"https:\/\/soymigrante.com\/revista\/donde-el-fotografo-missael-sian-pone-el-ojo-pone-la-magia\/\" target=\"_blank\" rel=\"noopener\">Donde pone el ojo, pone la magia: el fot\u00f3grafo guatemalteco Missael Sian<\/a><\/p>\t\t\t\t\t\t\t\t<\/div>\n\t\t\t\t\t<\/div>\n\t\t\t\t<\/div>\n\t\t<div data-particle_enable=\"false\" data-particle-mobile-disabled=\"false\" class=\"elementor-element elementor-element-259e0b6 e-flex e-con-boxed e-con e-parent\" data-id=\"259e0b6\" data-element_type=\"container\" data-e-type=\"container\">\n\t\t\t\t\t<div class=\"e-con-inner\">\n\t\t\t\t<div class=\"elementor-element elementor-element-d77ad31 elementor-widget elementor-widget-text-editor\" data-id=\"d77ad31\" data-element_type=\"widget\" data-e-type=\"widget\" data-widget_type=\"text-editor.default\">\n\t\t\t\t\t\t\t\t\t<p><strong>3. Dolor de espalda<\/strong><\/p><p>Seg\u00fan pasan los a\u00f1os se trata de una de las molestias m\u00e1s habituales, m\u00e1s de un 85% de los mayores de 65 a\u00f1os tienen alg\u00fan tipo de dolor de espalda. Una de las curas naturales m\u00e1s comunes es el ajo, para prevenir el dolor lo mejor es comer un par de dientes crudos cada ma\u00f1ana en ayunas, para evitar el mal olor de boca, lo mejor es partirlos en trozos y tragarlos. Si ya nos duele alguna zona habr\u00e1 que preparar una mezcla friendo unos dientes de ajo en aceite de oliva, colar y dejar enfriar para despu\u00e9s aplicarlo donde nos duela, despu\u00e9s limpiar la zona con agua tibia, es conveniente hacer esto durante 15 d\u00edas.<\/p>\t\t\t\t\t\t\t\t<\/div>\n\t\t\t\t\t<\/div>\n\t\t\t\t<\/div>\n\t\t<div data-particle_enable=\"false\" data-particle-mobile-disabled=\"false\" class=\"elementor-element elementor-element-a640dc5 e-flex e-con-boxed e-con e-parent\" data-id=\"a640dc5\" data-element_type=\"container\" data-e-type=\"container\">\n\t\t\t\t\t<div class=\"e-con-inner\">\n\t\t\t\t<div class=\"elementor-element elementor-element-05e1ae3 elementor-widget elementor-widget-video\" data-id=\"05e1ae3\" data-element_type=\"widget\" data-e-type=\"widget\" data-settings=\"{&quot;youtube_url&quot;:&quot;https:\\\/\\\/www.youtube.com\\\/watch?v=hbK3bLbk3bI&quot;,&quot;video_type&quot;:&quot;youtube&quot;,&quot;controls&quot;:&quot;yes&quot;}\" data-widget_type=\"video.default\">\n\t\t\t\t\t\t\t<div class=\"elementor-wrapper elementor-open-inline\">\n\t\t\t<div class=\"elementor-video\"><\/div>\t\t<\/div>\n\t\t\t\t\t\t<\/div>\n\t\t\t\t\t<\/div>\n\t\t\t\t<\/div>\n\t\t<div data-particle_enable=\"false\" data-particle-mobile-disabled=\"false\" class=\"elementor-element elementor-element-fab7781 e-flex e-con-boxed e-con e-parent\" data-id=\"fab7781\" data-element_type=\"container\" data-e-type=\"container\">\n\t\t\t\t\t<div class=\"e-con-inner\">\n\t\t\t\t<div class=\"elementor-element elementor-element-07012a5 elementor-widget elementor-widget-text-editor\" data-id=\"07012a5\" data-element_type=\"widget\" data-e-type=\"widget\" data-widget_type=\"text-editor.default\">\n\t\t\t\t\t\t\t\t\t<p><strong>4. Mareos<\/strong><\/p><p>Un remedio muy utilizado es la lavanda, que pertenece a la familia de la menta, es de origen mediterr\u00e1neo y tiene propiedades arom\u00e1ticas, decorativas y medicinales. Para el mareo lo mejor es oler unas gotitas de aceite de lavanda. Si aplicamos un poco en las mu\u00f1ecas disminuye el estr\u00e9s, pero si queremos dormir como un beb\u00e9, lo mejor es un masaje con aceite de lavanda. <\/p>\t\t\t\t\t\t\t\t<\/div>\n\t\t\t\t\t<\/div>\n\t\t\t\t<\/div>\n\t\t<div data-particle_enable=\"false\" data-particle-mobile-disabled=\"false\" class=\"elementor-element elementor-element-8afed1a e-flex e-con-boxed e-con e-parent\" data-id=\"8afed1a\" data-element_type=\"container\" data-e-type=\"container\">\n\t\t\t\t\t<div class=\"e-con-inner\">\n\t\t\t\t<div class=\"elementor-element elementor-element-f240604 elementor-widget elementor-widget-video\" data-id=\"f240604\" data-element_type=\"widget\" data-e-type=\"widget\" data-settings=\"{&quot;youtube_url&quot;:&quot;https:\\\/\\\/www.youtube.com\\\/watch?v=SH_9flLORDs&quot;,&quot;video_type&quot;:&quot;youtube&quot;,&quot;controls&quot;:&quot;yes&quot;}\" data-widget_type=\"video.default\">\n\t\t\t\t\t\t\t<div class=\"elementor-wrapper elementor-open-inline\">\n\t\t\t<div class=\"elementor-video\"><\/div>\t\t<\/div>\n\t\t\t\t\t\t<\/div>\n\t\t\t\t\t<\/div>\n\t\t\t\t<\/div>\n\t\t<div data-particle_enable=\"false\" data-particle-mobile-disabled=\"false\" class=\"elementor-element elementor-element-bc23a08 e-flex e-con-boxed e-con e-parent\" data-id=\"bc23a08\" data-element_type=\"container\" data-e-type=\"container\">\n\t\t\t\t\t<div class=\"e-con-inner\">\n\t\t\t\t<div class=\"elementor-element elementor-element-d288e2d elementor-widget elementor-widget-text-editor\" data-id=\"d288e2d\" data-element_type=\"widget\" data-e-type=\"widget\" data-widget_type=\"text-editor.default\">\n\t\t\t\t\t\t\t\t\t<p><strong>5. Migra\u00f1a y dolor de cabeza<\/strong><\/p><p>Es causada por la contracci\u00f3n de los vasos sangu\u00edneos de la cabeza y suele ser provocado por estr\u00e9s, falta de sue\u00f1o, ansiedad, consumo de nicotina y alcohol. La matricaria, que se puede preparar en infusi\u00f3n, por su acci\u00f3n antiinflamatoria y antiespasm\u00f3dica, es la planta por excelencia para prevenir la migra\u00f1a. Tambi\u00e9n son buenas las de valeriana, jengibre o hierba de Santa Mar\u00eda. Usar la menta como aceite esencial para darnos un masaje en las sienes calmar\u00e1 el dolor, aunque aplicar fr\u00edo, bien en compresa, o una bolsita con unos cubitos de hielos es otro remedio de toda la vida que funciona muy bien. Y la pr\u00e1ctica m\u00e1s ancestral de todas y una soluci\u00f3n que no requiere productos, tan f\u00e1cil como buscar una habitaci\u00f3n oscura y acostarse.<\/p><p>\u00a0<\/p><p>\u00a0<\/p>\t\t\t\t\t\t\t\t<\/div>\n\t\t\t\t\t<\/div>\n\t\t\t\t<\/div>\n\t\t<div data-particle_enable=\"false\" data-particle-mobile-disabled=\"false\" class=\"elementor-element elementor-element-7524ee9 e-flex e-con-boxed e-con e-parent\" data-id=\"7524ee9\" data-element_type=\"container\" data-e-type=\"container\">\n\t\t\t\t\t<div class=\"e-con-inner\">\n\t\t\t\t<div class=\"elementor-element elementor-element-a8d7002 elementor-widget elementor-widget-video\" data-id=\"a8d7002\" data-element_type=\"widget\" data-e-type=\"widget\" data-settings=\"{&quot;youtube_url&quot;:&quot;https:\\\/\\\/www.youtube.com\\\/watch?v=JGiEi0Mh_pE&quot;,&quot;video_type&quot;:&quot;youtube&quot;,&quot;controls&quot;:&quot;yes&quot;}\" data-widget_type=\"video.default\">\n\t\t\t\t\t\t\t<div class=\"elementor-wrapper elementor-open-inline\">\n\t\t\t<div class=\"elementor-video\"><\/div>\t\t<\/div>\n\t\t\t\t\t\t<\/div>\n\t\t\t\t\t<\/div>\n\t\t\t\t<\/div>\n\t\t<div data-particle_enable=\"false\" data-particle-mobile-disabled=\"false\" class=\"elementor-element elementor-element-2474dc9 e-flex e-con-boxed e-con e-parent\" data-id=\"2474dc9\" data-element_type=\"container\" data-e-type=\"container\">\n\t\t\t\t\t<div class=\"e-con-inner\">\n\t\t\t\t<div class=\"elementor-element elementor-element-9271cec elementor-widget elementor-widget-heading\" data-id=\"9271cec\" data-element_type=\"widget\" data-e-type=\"widget\" data-widget_type=\"heading.default\">\n\t\t\t\t\t<h2 class=\"elementor-heading-title elementor-size-default\">Si\u00e9ntete orgulloso de Guatemala ac\u00e1...<\/h2>\t\t\t\t<\/div>\n\t\t\t\t\t<\/div>\n\t\t\t\t<\/div>\n\t\t<div data-particle_enable=\"false\" data-particle-mobile-disabled=\"false\" class=\"elementor-element elementor-element-9a404c5 e-flex e-con-boxed e-con e-parent\" data-id=\"9a404c5\" data-element_type=\"container\" data-e-type=\"container\">\n\t\t\t\t\t<div class=\"e-con-inner\">\n\t\t\t\t<div class=\"elementor-element elementor-element-0f7faa0 elementor-widget elementor-widget-blfe-post-grid\" data-id=\"0f7faa0\" data-element_type=\"widget\" data-e-type=\"widget\" data-settings=\"{&quot;columns&quot;:&quot;3&quot;,&quot;columns_tablet&quot;:&quot;6&quot;,&quot;columns_mobile&quot;:&quot;12&quot;,&quot;hero1_layout_column_gap&quot;:{&quot;unit&quot;:&quot;px&quot;,&quot;size&quot;:30,&quot;sizes&quot;:[]},&quot;hero1_layout_column_gap_tablet&quot;:{&quot;unit&quot;:&quot;px&quot;,&quot;size&quot;:&quot;&quot;,&quot;sizes&quot;:[]},&quot;hero1_layout_column_gap_mobile&quot;:{&quot;unit&quot;:&quot;px&quot;,&quot;size&quot;:&quot;&quot;,&quot;sizes&quot;:[]},&quot;hero1_layout_row_gap&quot;:{&quot;unit&quot;:&quot;px&quot;,&quot;size&quot;:30,&quot;sizes&quot;:[]},&quot;hero1_layout_row_gap_tablet&quot;:{&quot;unit&quot;:&quot;px&quot;,&quot;size&quot;:&quot;&quot;,&quot;sizes&quot;:[]},&quot;hero1_layout_row_gap_mobile&quot;:{&quot;unit&quot;:&quot;px&quot;,&quot;size&quot;:&quot;&quot;,&quot;sizes&quot;:[]}}\" data-widget_type=\"blfe-post-grid.hero1\">\n\t\t\t\t<div class=\"elementor-widget-container\">\n\t\t\t\t\t\n                        <div class=\"blfe-post-grid-container \">\n            \n                <div data-skin=\"hero1\" class=\"blfe-row blfe-posts-inner blfe-hero1 blfe-posts-inner blfe-col-3 blfe-col-tab-6 blfe-col-mob-12     \">\n                            <div class=\"blfe-post-grid-item\">\n            <div class=\"blfe-post-grid-item-inner blfe-modern-zoom\">\n                        <div class=\"blfe-post-grid-bg-image\">\n            <a class=\"blfe-post-grid-image-inner\" href=\"https:\/\/soymigrante.com\/revista\/la-emotiva-experiencia-de-captar-a-una-pareja-quetzal-en-guatemala\/\" title=\"La emotiva experiencia de captar a una pareja Quetzal en Guatemala\" rel=\"nofollow\" target=\"_blank\"><img decoding=\"async\" src=\"https:\/\/soymigrante.com\/revista\/wp-content\/uploads\/2024\/09\/macho-quetzal-jose-antonio-perico-soy-migrante3-1.webp\" alt=\"La emotiva experiencia de captar a una pareja Quetzal en Guatemala\"\/><\/a>        <\/div>\n                        <div class=\"blfe-post-grid-details\">\n                    <div class=\"blfe-post-grid-details-inner\">\n                        <span class=\"blfe-post-category\"><a href=\"https:\/\/soymigrante.com\/revista\/category\/guate-nuestra\/\">Guate Nuestra<\/a><\/span>                        <h3 class=\"blfe-post-grid-title\">\n            <a href=\"https:\/\/soymigrante.com\/revista\/la-emotiva-experiencia-de-captar-a-una-pareja-quetzal-en-guatemala\/\" title=\"La emotiva experiencia de captar a una pareja Quetzal en Guatemala\" rel=\"nofollow\" target=\"_blank\">La emotiva experiencia de captar a una pareja Quetzal en Guatemala<\/a>\n            <\/h3>                                                            <div class=\"blfe-post-grid-meta\">\n                <span class=\"blfe-post-grid-time\"><i class=\"fas fa-book-reader\"><\/i>2 Min read<\/span>            <\/div>\n                                                        <\/div>\n                <\/div>\n\n            <\/div>\n        <\/div>\n                <div class=\"blfe-post-grid-item\">\n            <div class=\"blfe-post-grid-item-inner blfe-modern-zoom\">\n                        <div class=\"blfe-post-grid-bg-image\">\n            <a class=\"blfe-post-grid-image-inner\" href=\"https:\/\/soymigrante.com\/revista\/tamales-de-viaje-acompanan-la-dieta-de-cuaresma-y-semana-santa\/\" title=\"Tamales de viaje acompa\u00f1an la dieta de Cuaresma y Semana Santa\" rel=\"nofollow\" target=\"_blank\"><img decoding=\"async\" src=\"https:\/\/soymigrante.com\/revista\/wp-content\/uploads\/2025\/03\/tamales-de-viaje-e1742243786728.webp\" alt=\"Tamales de viaje acompa\u00f1an la dieta de Cuaresma y Semana Santa\"\/><\/a>        <\/div>\n                        <div class=\"blfe-post-grid-details\">\n                    <div class=\"blfe-post-grid-details-inner\">\n                        <span class=\"blfe-post-category\"><a href=\"https:\/\/soymigrante.com\/revista\/category\/guate-nuestra\/\">Guate Nuestra<\/a><\/span>                        <h3 class=\"blfe-post-grid-title\">\n            <a href=\"https:\/\/soymigrante.com\/revista\/tamales-de-viaje-acompanan-la-dieta-de-cuaresma-y-semana-santa\/\" title=\"Tamales de viaje acompa\u00f1an la dieta de Cuaresma y Semana Santa\" rel=\"nofollow\" target=\"_blank\">Tamales de viaje acompa\u00f1an la dieta de Cuaresma y Semana Santa<\/a>\n            <\/h3>                                                            <div class=\"blfe-post-grid-meta\">\n                <span class=\"blfe-post-grid-time\"><i class=\"fas fa-book-reader\"><\/i>3 Min read<\/span>            <\/div>\n                                                        <\/div>\n                <\/div>\n\n            <\/div>\n        <\/div>\n                <div class=\"blfe-post-grid-item\">\n            <div class=\"blfe-post-grid-item-inner blfe-modern-zoom\">\n                        <div class=\"blfe-post-grid-bg-image\">\n            <a class=\"blfe-post-grid-image-inner\" href=\"https:\/\/soymigrante.com\/revista\/multiples-idiomas-un-solo-tesoro-de-guatemala-dia-internacional-de-la-lengua-materna\/\" title=\"\u00bfPor qu\u00e9 el 21 de febrero es D\u00eda Internacional de la Lengua Materna y c\u00f3mo celebrarlo?\" rel=\"nofollow\" target=\"_blank\"><img decoding=\"async\" src=\"https:\/\/soymigrante.com\/revista\/wp-content\/uploads\/2026\/02\/todos-santos-cuchumatan-foto-edwin-castro.jpg\" alt=\"\u00bfPor qu\u00e9 el 21 de febrero es D\u00eda Internacional de la Lengua Materna y c\u00f3mo celebrarlo?\"\/><\/a>        <\/div>\n                        <div class=\"blfe-post-grid-details\">\n                    <div class=\"blfe-post-grid-details-inner\">\n                        <span class=\"blfe-post-category\"><a href=\"https:\/\/soymigrante.com\/revista\/category\/guate-nuestra\/arte-cultura\/\">Cultura de Guatemala<\/a><\/span>                        <h3 class=\"blfe-post-grid-title\">\n            <a href=\"https:\/\/soymigrante.com\/revista\/multiples-idiomas-un-solo-tesoro-de-guatemala-dia-internacional-de-la-lengua-materna\/\" title=\"\u00bfPor qu\u00e9 el 21 de febrero es D\u00eda Internacional de la Lengua Materna y c\u00f3mo celebrarlo?\" rel=\"nofollow\" target=\"_blank\">\u00bfPor qu\u00e9 el 21 de febrero es D\u00eda Internacional de la Lengua Materna y c\u00f3mo celebrarlo?<\/a>\n            <\/h3>                                                            <div class=\"blfe-post-grid-meta\">\n                <span class=\"blfe-post-grid-time\"><i class=\"fas fa-book-reader\"><\/i>10 Min read<\/span>            <\/div>\n                                                        <\/div>\n                <\/div>\n\n            <\/div>\n        <\/div>\n                        <\/div>\n\n                        <\/div>\n            \n                        <div class=\"blfe-post-footer\">\n                        <\/div>\n            \t\t\t\t<\/div>\n\t\t\t\t<\/div>\n\t\t\t\t\t<\/div>\n\t\t\t\t<\/div>\n\t\t\t\t<\/div>\n\t\t","protected":false},"excerpt":{"rendered":"<p>Los remedios caseros nunca est\u00e1n de m\u00e1s, podr\u00edan ayudarle estas 5 recetas que utilizaban las abuelitas para curar los males. Por supuesto que a d\u00eda de hoy, la medicina ha evolucionado tanto que siempre que haya alg\u00fan tipo de molestia hay que ir al m\u00e9dico o consultar a un especialista y seguir sus indicaciones, sus [&hellip;]<\/p>\n","protected":false},"author":19,"featured_media":8073,"comment_status":"open","ping_status":"open","sticky":false,"template":"","format":"standard","meta":{"_acf_changed":false,"_eb_attr":"","footnotes":""},"categories":[55],"tags":[],"class_list":["post-8072","post","type-post","status-publish","format-standard","has-post-thumbnail","hentry","category-bienestar"],"acf":[],"aioseo_notices":[],"aioseo_head":"\n\t\t<!-- All in One SEO Pro 4.9.6.2 - aioseo.com -->\n\t<meta name=\"description\" content=\"El 21 de febrero D\u00eda Internacional de la Lengua Materna se celebra el tesoro multicultural de Guatemala: 22 idiomas mayas, gar\u00edfuna y xinca. Conocer es celebrar\" \/>\n\t<meta name=\"robots\" content=\"max-snippet:-1, max-image-preview:large, max-video-preview:-1\" \/>\n\t<meta name=\"author\" content=\"SoyMigrante.com REVISTA\"\/>\n\t<link rel=\"canonical\" href=\"https:\/\/soymigrante.com\/revista\/multiples-idiomas-un-solo-tesoro-de-guatemala-dia-internacional-de-la-lengua-materna\/\" \/>\n\t<meta name=\"generator\" content=\"All in One SEO Pro (AIOSEO) 4.9.6.2\" \/>\n\n\t\t<link rel=\"preconnect\" href=\"https:\/\/fonts.googleapis.com\" crossorigin>\n<link rel=\"preconnect\" href=\"https:\/\/fonts.gstatic.com\" crossorigin>\n\t\t<meta property=\"og:locale\" content=\"es_ES\" \/>\n\t\t<meta property=\"og:site_name\" content=\"SoyMigrante.com REVISTA \u2013 Nuestra misi\u00f3n es reconocer y dignificar al migrante.\" \/>\n\t\t<meta property=\"og:type\" content=\"article\" \/>\n\t\t<meta property=\"og:title\" content=\"\u00bfPorqu\u00e9 Guatemala debe celebrar el D\u00eda de la Lengua Materna?\" \/>\n\t\t<meta property=\"og:description\" content=\"El 21 de febrero D\u00eda Internacional de la Lengua Materna se celebra el tesoro multicultural de Guatemala: 22 idiomas mayas, gar\u00edfuna y xinca. Conocer es celebrar\" \/>\n\t\t<meta property=\"og:url\" content=\"https:\/\/soymigrante.com\/revista\/multiples-idiomas-un-solo-tesoro-de-guatemala-dia-internacional-de-la-lengua-materna\/\" \/>\n\t\t<meta property=\"og:image\" content=\"https:\/\/soymigrante.com\/revista\/wp-content\/uploads\/2026\/02\/todos-santos-cuchumatan-foto-edwin-castro.jpg\" \/>\n\t\t<meta property=\"og:image:secure_url\" content=\"https:\/\/soymigrante.com\/revista\/wp-content\/uploads\/2026\/02\/todos-santos-cuchumatan-foto-edwin-castro.jpg\" \/>\n\t\t<meta property=\"og:image:width\" content=\"717\" \/>\n\t\t<meta property=\"og:image:height\" content=\"717\" \/>\n\t\t<meta property=\"article:published_time\" content=\"2026-02-20T15:51:10+00:00\" \/>\n\t\t<meta property=\"article:modified_time\" content=\"2026-02-20T16:33:33+00:00\" \/>\n\t\t<meta property=\"article:publisher\" content=\"https:\/\/www.facebook.com\/soymigrantecom\" \/>\n\t\t<meta name=\"twitter:card\" content=\"summary_large_image\" \/>\n\t\t<meta name=\"twitter:site\" content=\"@SoyMigrante_com\" \/>\n\t\t<meta name=\"twitter:title\" content=\"\u00bfPorqu\u00e9 Guatemala debe celebrar el D\u00eda de la Lengua Materna?\" \/>\n\t\t<meta name=\"twitter:description\" content=\"El 21 de febrero D\u00eda Internacional de la Lengua Materna se celebra el tesoro multicultural de Guatemala: 22 idiomas mayas, gar\u00edfuna y xinca. Conocer es celebrar\" \/>\n\t\t<meta name=\"twitter:creator\" content=\"@SoyMigrante_com\" \/>\n\t\t<meta name=\"twitter:image\" content=\"https:\/\/soymigrante.com\/revista\/wp-content\/uploads\/2026\/02\/todos-santos-cuchumatan-foto-edwin-castro.jpg\" \/>\n\t\t<!-- All in One SEO Pro -->\r\n\t\t<title>\u00bfPorqu\u00e9 Guatemala debe celebrar el D\u00eda de la Lengua Materna?<\/title>\n\n","aioseo_head_json":{"title":"\u00bfPorqu\u00e9 Guatemala debe celebrar el D\u00eda de la Lengua Materna?","description":"El 21 de febrero D\u00eda Internacional de la Lengua Materna se celebra el tesoro multicultural de Guatemala: 22 idiomas mayas, gar\u00edfuna y xinca. Conocer es celebrar","canonical_url":"https:\/\/soymigrante.com\/revista\/multiples-idiomas-un-solo-tesoro-de-guatemala-dia-internacional-de-la-lengua-materna\/","robots":"max-snippet:-1, max-image-preview:large, max-video-preview:-1","keywords":"","webmasterTools":{"miscellaneous":"&lt;link rel=\"preconnect\" href=\"https:\/\/fonts.googleapis.com\" crossorigin&gt;\n&lt;link rel=\"preconnect\" href=\"https:\/\/fonts.gstatic.com\" crossorigin&gt;"},"schema":null,"og:locale":"es_ES","og:site_name":"SoyMigrante.com REVISTA \u2013 Nuestra misi\u00f3n es reconocer y dignificar al migrante.","og:type":"article","og:title":"\u00bfPorqu\u00e9 Guatemala debe celebrar el D\u00eda de la Lengua Materna?","og:description":"El 21 de febrero D\u00eda Internacional de la Lengua Materna se celebra el tesoro multicultural de Guatemala: 22 idiomas mayas, gar\u00edfuna y xinca. Conocer es celebrar","og:url":"https:\/\/soymigrante.com\/revista\/multiples-idiomas-un-solo-tesoro-de-guatemala-dia-internacional-de-la-lengua-materna\/","og:image":"https:\/\/soymigrante.com\/revista\/wp-content\/uploads\/2026\/02\/todos-santos-cuchumatan-foto-edwin-castro.jpg","og:image:secure_url":"https:\/\/soymigrante.com\/revista\/wp-content\/uploads\/2026\/02\/todos-santos-cuchumatan-foto-edwin-castro.jpg","og:image:width":717,"og:image:height":717,"article:published_time":"2026-02-20T15:51:10+00:00","article:modified_time":"2026-02-20T16:33:33+00:00","article:publisher":"https:\/\/www.facebook.com\/soymigrantecom","twitter:card":"summary_large_image","twitter:site":"@SoyMigrante_com","twitter:title":"\u00bfPorqu\u00e9 Guatemala debe celebrar el D\u00eda de la Lengua Materna?","twitter:description":"El 21 de febrero D\u00eda Internacional de la Lengua Materna se celebra el tesoro multicultural de Guatemala: 22 idiomas mayas, gar\u00edfuna y xinca. Conocer es celebrar","twitter:creator":"@SoyMigrante_com","twitter:image":"https:\/\/soymigrante.com\/revista\/wp-content\/uploads\/2026\/02\/todos-santos-cuchumatan-foto-edwin-castro.jpg"},"aioseo_meta_data":{"post_id":"8072","title":null,"description":null,"keywords":null,"keyphrases":{"focus":{"keyphrase":"Remedios caseros","score":60,"analysis":{"keyphraseInTitle":{"score":3,"maxScore":9,"error":1},"keyphraseInDescription":{"score":9,"maxScore":9,"error":0},"keyphraseLength":{"score":9,"maxScore":9,"error":0,"length":2},"keyphraseInURL":{"score":5,"maxScore":5,"error":0},"keyphraseInIntroduction":{"score":3,"maxScore":9,"error":1},"keyphraseInSubHeadings":{"score":9,"maxScore":9,"error":0},"keyphraseInImageAlt":{"score":3,"maxScore":9,"error":1},"keywordDensity":{"score":0,"type":"low","maxScore":9,"error":1}}},"additional":[{"keyphrase":"Remedios caseros ","score":53,"analysis":{"keyphraseInDescription":{"score":9,"maxScore":9,"error":0},"keyphraseLength":{"score":9,"maxScore":9,"error":0,"length":2},"keyphraseInIntroduction":{"score":3,"maxScore":9,"error":1},"keyphraseInImageAlt":{"score":3,"maxScore":9,"error":1},"keywordDensity":{"score":0,"type":"low","maxScore":9,"error":1}}}]},"primary_term":null,"canonical_url":null,"og_title":null,"og_description":null,"og_object_type":"default","og_image_type":"default","og_image_url":null,"og_image_width":null,"og_image_height":null,"og_image_custom_url":null,"og_image_custom_fields":null,"og_video":"","og_custom_url":null,"og_article_section":null,"og_article_tags":null,"twitter_use_og":false,"twitter_card":"default","twitter_image_type":"default","twitter_image_url":null,"twitter_image_custom_url":null,"twitter_image_custom_fields":null,"twitter_title":null,"twitter_description":null,"schema":{"blockGraphs":[],"customGraphs":[],"default":{"data":{"Article":[],"Course":[],"Dataset":[],"FAQPage":[],"Movie":[],"Person":[],"Product":[],"ProductReview":[],"Car":[],"Recipe":[],"Service":[],"SoftwareApplication":[],"WebPage":[]},"graphName":"Article","isEnabled":true},"graphs":[]},"schema_type":"default","schema_type_options":null,"pillar_content":false,"robots_default":true,"robots_noindex":false,"robots_noarchive":false,"robots_nosnippet":false,"robots_nofollow":false,"robots_noimageindex":false,"robots_noodp":false,"robots_notranslate":false,"robots_max_snippet":"-1","robots_max_videopreview":"-1","robots_max_imagepreview":"large","priority":null,"frequency":"default","local_seo":null,"seo_analyzer_scan_date":"2025-10-08 22:34:18","breadcrumb_settings":null,"limit_modified_date":false,"reviewed_by":null,"open_ai":"{\"title\":{\"suggestions\":[],\"usage\":0},\"description\":{\"suggestions\":[],\"usage\":0}}","ai":null,"created":"2024-08-14 20:34:49","updated":"2026-02-04 12:39:48"},"aioseo_breadcrumb":"<div class=\"aioseo-breadcrumbs\"><span class=\"aioseo-breadcrumb\">\n\t<a href=\"https:\/\/soymigrante.com\/revista\" title=\"Home\">Home<\/a>\n<\/span><span class=\"aioseo-breadcrumb-separator\">\u00bb<\/span><span class=\"aioseo-breadcrumb\">\n\t<a href=\"https:\/\/soymigrante.com\/revista\/category\/bienestar\/\" title=\"Bienestar\">Bienestar<\/a>\n<\/span><span class=\"aioseo-breadcrumb-separator\">\u00bb<\/span><span class=\"aioseo-breadcrumb\">\n\tRemedios naturales viejos, viejos\u2026 pero buenos, buenos\n<\/span><\/div>","aioseo_breadcrumb_json":[{"label":"Home","link":"https:\/\/soymigrante.com\/revista"},{"label":"Bienestar","link":"https:\/\/soymigrante.com\/revista\/category\/bienestar\/"},{"label":"Remedios naturales viejos, viejos&#8230; pero buenos, buenos","link":"https:\/\/soymigrante.com\/revista\/remedios-naturales-viejos-viejos-pero-buenos-buenos\/"}],"_links":{"self":[{"href":"https:\/\/soymigrante.com\/revista\/wp-json\/wp\/v2\/posts\/8072","targetHints":{"allow":["GET"]}}],"collection":[{"href":"https:\/\/soymigrante.com\/revista\/wp-json\/wp\/v2\/posts"}],"about":[{"href":"https:\/\/soymigrante.com\/revista\/wp-json\/wp\/v2\/types\/post"}],"author":[{"embeddable":true,"href":"https:\/\/soymigrante.com\/revista\/wp-json\/wp\/v2\/users\/19"}],"replies":[{"embeddable":true,"href":"https:\/\/soymigrante.com\/revista\/wp-json\/wp\/v2\/comments?post=8072"}],"version-history":[{"count":0,"href":"https:\/\/soymigrante.com\/revista\/wp-json\/wp\/v2\/posts\/8072\/revisions"}],"wp:featuredmedia":[{"embeddable":true,"href":"https:\/\/soymigrante.com\/revista\/wp-json\/wp\/v2\/media\/8073"}],"wp:attachment":[{"href":"https:\/\/soymigrante.com\/revista\/wp-json\/wp\/v2\/media?parent=8072"}],"wp:term":[{"taxonomy":"category","embeddable":true,"href":"https:\/\/soymigrante.com\/revista\/wp-json\/wp\/v2\/categories?post=8072"},{"taxonomy":"post_tag","embeddable":true,"href":"https:\/\/soymigrante.com\/revista\/wp-json\/wp\/v2\/tags?post=8072"}],"curies":[{"name":"wp","href":"https:\/\/api.w.org\/{rel}","templated":true}]}}