{"id":8054,"date":"2024-08-15T09:48:38","date_gmt":"2024-08-15T15:48:38","guid":{"rendered":"https:\/\/soymigrante.com\/revista\/?p=8054"},"modified":"2025-06-20T16:19:51","modified_gmt":"2025-06-20T22:19:51","slug":"recetas-guatemaltecas-nances-en-miel-como-en-la-feria","status":"publish","type":"post","link":"https:\/\/soymigrante.com\/revista\/recetas-guatemaltecas-nances-en-miel-como-en-la-feria\/","title":{"rendered":"Un postre super chap\u00edn: Nances en Miel como en la feria"},"content":{"rendered":"\t\t<div data-elementor-type=\"wp-post\" data-elementor-id=\"8054\" class=\"elementor elementor-8054\" data-elementor-post-type=\"post\">\n\t\t\t\t<div data-particle_enable=\"false\" data-particle-mobile-disabled=\"false\" class=\"elementor-element elementor-element-d3d4e27 e-flex e-con-boxed e-con e-parent\" data-id=\"d3d4e27\" data-element_type=\"container\" data-e-type=\"container\">\n\t\t\t\t\t<div class=\"e-con-inner\">\n\t\t\t\t<div class=\"elementor-element elementor-element-4313d71 elementor-widget elementor-widget-heading\" data-id=\"4313d71\" data-element_type=\"widget\" data-e-type=\"widget\" data-widget_type=\"heading.default\">\n\t\t\t\t\t<h2 class=\"elementor-heading-title elementor-size-default\">La receta guatemalteca de los nances en miel es muy f\u00e1cil de preparar y deliciosa para degustar. <\/h2>\t\t\t\t<\/div>\n\t\t\t\t\t<\/div>\n\t\t\t\t<\/div>\n\t\t<div data-particle_enable=\"false\" data-particle-mobile-disabled=\"false\" class=\"elementor-element elementor-element-7e8705d e-flex e-con-boxed e-con e-parent\" data-id=\"7e8705d\" data-element_type=\"container\" data-e-type=\"container\">\n\t\t\t\t\t<div class=\"e-con-inner\">\n\t\t\t\t<div class=\"elementor-element elementor-element-d513c1d elementor-widget elementor-widget-text-editor\" data-id=\"d513c1d\" data-element_type=\"widget\" data-e-type=\"widget\" data-widget_type=\"text-editor.default\">\n\t\t\t\t\t\t\t\t\t<p>Los nances en miel son un delicioso postre guatemalteco que tiene sus or\u00edgenes en Espa\u00f1a y que se ha vuelto parte importante de la gastronom\u00eda chapina.<\/p><p>Este postre se relaciona estrechamente con los jocotes en dulce por prepararse de una forma muy similar.<\/p><p>Esta es la receta f\u00e1cil y sencilla, para que t\u00fa tambi\u00e9n te deleites con este rico manjar de Guatemala.<\/p>\t\t\t\t\t\t\t\t<\/div>\n\t\t\t\t\t<\/div>\n\t\t\t\t<\/div>\n\t\t<div data-particle_enable=\"false\" data-particle-mobile-disabled=\"false\" class=\"elementor-element elementor-element-1fa726c e-flex e-con-boxed e-con e-parent\" data-id=\"1fa726c\" data-element_type=\"container\" data-e-type=\"container\">\n\t\t\t\t\t<div class=\"e-con-inner\">\n\t\t\t\t<div class=\"elementor-element elementor-element-d5beb25 elementor-widget elementor-widget-text-editor\" data-id=\"d5beb25\" data-element_type=\"widget\" data-e-type=\"widget\" data-widget_type=\"text-editor.default\">\n\t\t\t\t\t\t\t\t\t<p>No te puedes perder: <a href=\"https:\/\/soymigrante.com\/revista\/recetas-chapinas-para-compartir-bunuelos-en-miel\/\" target=\"_blank\" rel=\"noopener\">Recetas chapinas para compartir: bu\u00f1uelos en miel<\/a><\/p>\t\t\t\t\t\t\t\t<\/div>\n\t\t\t\t\t<\/div>\n\t\t\t\t<\/div>\n\t\t<div data-particle_enable=\"false\" data-particle-mobile-disabled=\"false\" class=\"elementor-element elementor-element-9c58606 e-flex e-con-boxed e-con e-parent\" data-id=\"9c58606\" data-element_type=\"container\" data-e-type=\"container\">\n\t\t\t\t\t<div class=\"e-con-inner\">\n\t\t\t\t<div class=\"elementor-element elementor-element-76613a7 elementor-widget elementor-widget-heading\" data-id=\"76613a7\" data-element_type=\"widget\" data-e-type=\"widget\" data-widget_type=\"heading.default\">\n\t\t\t\t\t<h3 class=\"elementor-heading-title elementor-size-default\">Receta guatemalteca de nances en miel <\/h3>\t\t\t\t<\/div>\n\t\t\t\t\t<\/div>\n\t\t\t\t<\/div>\n\t\t<div data-particle_enable=\"false\" data-particle-mobile-disabled=\"false\" class=\"elementor-element elementor-element-b25002b e-flex e-con-boxed e-con e-parent\" data-id=\"b25002b\" data-element_type=\"container\" data-e-type=\"container\">\n\t\t\t\t\t<div class=\"e-con-inner\">\n\t\t\t\t<div class=\"elementor-element elementor-element-b4abf6e elementor-widget elementor-widget-text-editor\" data-id=\"b4abf6e\" data-element_type=\"widget\" data-e-type=\"widget\" data-widget_type=\"text-editor.default\">\n\t\t\t\t\t\t\t\t\t<p><strong>Ingredientes<\/strong><\/p><p>20 nances.<br \/>2 tazas de agua.<br \/>1 taza y media de az\u00facar.<br \/>4 onzas de licor de menta \u2014opcional\u2014.<\/p>\t\t\t\t\t\t\t\t<\/div>\n\t\t\t\t\t<\/div>\n\t\t\t\t<\/div>\n\t\t<div data-particle_enable=\"false\" data-particle-mobile-disabled=\"false\" class=\"elementor-element elementor-element-fef44bb e-flex e-con-boxed e-con e-parent\" data-id=\"fef44bb\" data-element_type=\"container\" data-e-type=\"container\">\n\t\t\t\t\t<div class=\"e-con-inner\">\n\t\t\t\t<div class=\"elementor-element elementor-element-aafeee5 elementor-widget elementor-widget-image\" data-id=\"aafeee5\" data-element_type=\"widget\" data-e-type=\"widget\" data-widget_type=\"image.default\">\n\t\t\t\t\t\t\t\t\t\t\t\t\t\t\t<img fetchpriority=\"high\" decoding=\"async\" width=\"768\" height=\"384\" src=\"https:\/\/soymigrante.com\/revista\/wp-content\/uploads\/2024\/08\/nances-en-miel-3.webp\" class=\"attachment-large size-large wp-image-8056\" alt=\"Mariscos frescos y en conserva en recipiente de pl\u00e1stico, comida t\u00edpica, cultura gastron\u00f3mica, productos del mar, sabor aut\u00e9ntico, ingredientes naturales, alimentaci\u00f3n saludable, tradici\u00f3n marina, recetas tradicionales.\" srcset=\"https:\/\/soymigrante.com\/revista\/wp-content\/uploads\/2024\/08\/nances-en-miel-3.webp 800w, https:\/\/soymigrante.com\/revista\/wp-content\/uploads\/2024\/08\/nances-en-miel-3-300x150.webp 300w, https:\/\/soymigrante.com\/revista\/wp-content\/uploads\/2024\/08\/nances-en-miel-3-768x384.webp 768w, https:\/\/soymigrante.com\/revista\/wp-content\/uploads\/2024\/08\/nances-en-miel-3-360x180.webp 360w, https:\/\/soymigrante.com\/revista\/wp-content\/uploads\/2024\/08\/nances-en-miel-3-750x375.webp 750w\" sizes=\"(max-width: 768px) 100vw, 768px\" title=\"Recetas guatemaltecas: Nances en miel como en la feria \u2013 SoyMigrante.com REVISTA\" \/>\t\t\t\t\t\t\t\t\t\t\t\t\t\t\t<\/div>\n\t\t\t\t\t<\/div>\n\t\t\t\t<\/div>\n\t\t<div data-particle_enable=\"false\" data-particle-mobile-disabled=\"false\" class=\"elementor-element elementor-element-1371482 e-flex e-con-boxed e-con e-parent\" data-id=\"1371482\" data-element_type=\"container\" data-e-type=\"container\">\n\t\t\t\t\t<div class=\"e-con-inner\">\n\t\t\t\t<div class=\"elementor-element elementor-element-5d265ff elementor-widget elementor-widget-text-editor\" data-id=\"5d265ff\" data-element_type=\"widget\" data-e-type=\"widget\" data-widget_type=\"text-editor.default\">\n\t\t\t\t\t\t\t\t\t<p><strong>Preparaci\u00f3n<\/strong><\/p><p>Primero, lavar bien los nances.<br \/>Picar cada nance con un palillo de dientes o tenedor, procurando realizar bastantes orificios.<br \/>Colocar los nances en una olla honda mediana.<br \/>Luego cubrir la fruta con suficiente agua.<br \/>Dejar hervir a fuego medio hasta que se suavice, por aproximadamente 15 minutos.<br \/>Entonces agregar el az\u00facar y cocinar a fuego medio hasta que tenga punto de miel suave, moviendo constantemente.<br \/>Apartar del fuego y dejar enfriar.<br \/>Servir porciones en dulceras hondas.<\/p>\t\t\t\t\t\t\t\t<\/div>\n\t\t\t\t\t<\/div>\n\t\t\t\t<\/div>\n\t\t<div data-particle_enable=\"false\" data-particle-mobile-disabled=\"false\" class=\"elementor-element elementor-element-8a7b2bb e-flex e-con-boxed e-con e-parent\" data-id=\"8a7b2bb\" data-element_type=\"container\" data-e-type=\"container\">\n\t\t\t\t\t<div class=\"e-con-inner\">\n\t\t\t\t<div class=\"elementor-element elementor-element-e32a692 elementor-widget elementor-widget-video\" data-id=\"e32a692\" data-element_type=\"widget\" data-e-type=\"widget\" data-settings=\"{&quot;youtube_url&quot;:&quot;https:\\\/\\\/www.youtube.com\\\/watch?v=ltn6RJKvLUI&quot;,&quot;video_type&quot;:&quot;youtube&quot;,&quot;controls&quot;:&quot;yes&quot;}\" data-widget_type=\"video.default\">\n\t\t\t\t\t\t\t<div class=\"elementor-wrapper elementor-open-inline\">\n\t\t\t<div class=\"elementor-video\"><\/div>\t\t<\/div>\n\t\t\t\t\t\t<\/div>\n\t\t\t\t\t<\/div>\n\t\t\t\t<\/div>\n\t\t<div data-particle_enable=\"false\" data-particle-mobile-disabled=\"false\" class=\"elementor-element elementor-element-974087f e-flex e-con-boxed e-con e-parent\" data-id=\"974087f\" data-element_type=\"container\" data-e-type=\"container\">\n\t\t\t\t\t<div class=\"e-con-inner\">\n\t\t\t\t<div class=\"elementor-element elementor-element-de071d5 elementor-widget elementor-widget-heading\" data-id=\"de071d5\" data-element_type=\"widget\" data-e-type=\"widget\" data-widget_type=\"heading.default\">\n\t\t\t\t\t<h2 class=\"elementor-heading-title elementor-size-default\">No te puedes perder estas incre\u00edbles historias...<\/h2>\t\t\t\t<\/div>\n\t\t\t\t\t<\/div>\n\t\t\t\t<\/div>\n\t\t<div data-particle_enable=\"false\" data-particle-mobile-disabled=\"false\" class=\"elementor-element elementor-element-27182ad e-flex e-con-boxed e-con e-parent\" data-id=\"27182ad\" data-element_type=\"container\" data-e-type=\"container\">\n\t\t\t\t\t<div class=\"e-con-inner\">\n\t\t\t\t<div class=\"elementor-element elementor-element-ac69d0a elementor-widget elementor-widget-blfe-post-grid\" data-id=\"ac69d0a\" data-element_type=\"widget\" data-e-type=\"widget\" data-settings=\"{&quot;columns&quot;:&quot;3&quot;,&quot;columns_tablet&quot;:&quot;6&quot;,&quot;columns_mobile&quot;:&quot;12&quot;,&quot;hero1_layout_column_gap&quot;:{&quot;unit&quot;:&quot;px&quot;,&quot;size&quot;:30,&quot;sizes&quot;:[]},&quot;hero1_layout_column_gap_tablet&quot;:{&quot;unit&quot;:&quot;px&quot;,&quot;size&quot;:&quot;&quot;,&quot;sizes&quot;:[]},&quot;hero1_layout_column_gap_mobile&quot;:{&quot;unit&quot;:&quot;px&quot;,&quot;size&quot;:&quot;&quot;,&quot;sizes&quot;:[]},&quot;hero1_layout_row_gap&quot;:{&quot;unit&quot;:&quot;px&quot;,&quot;size&quot;:30,&quot;sizes&quot;:[]},&quot;hero1_layout_row_gap_tablet&quot;:{&quot;unit&quot;:&quot;px&quot;,&quot;size&quot;:&quot;&quot;,&quot;sizes&quot;:[]},&quot;hero1_layout_row_gap_mobile&quot;:{&quot;unit&quot;:&quot;px&quot;,&quot;size&quot;:&quot;&quot;,&quot;sizes&quot;:[]}}\" data-widget_type=\"blfe-post-grid.hero1\">\n\t\t\t\t<div class=\"elementor-widget-container\">\n\t\t\t\t\t\n                        <div class=\"blfe-post-grid-container \">\n            \n                <div data-skin=\"hero1\" class=\"blfe-row blfe-posts-inner blfe-hero1 blfe-posts-inner blfe-col-3 blfe-col-tab-6 blfe-col-mob-12     \">\n                            <div class=\"blfe-post-grid-item\">\n            <div class=\"blfe-post-grid-item-inner blfe-modern-zoom\">\n                        <div class=\"blfe-post-grid-bg-image\">\n            <a class=\"blfe-post-grid-image-inner\" href=\"https:\/\/soymigrante.com\/revista\/migrante-guatemalteco-cesar-reyes-sin-antecedentes-deportado-video-explico-nino\/\" title=\"\u201c\u00bfC\u00f3mo se lo explico a mi ni\u00f1o de 3 a\u00f1os?\u201d: migrante guatemalteco C\u00e9sar Reyes, sin antecedentes, deportado.\" rel=\"nofollow\" target=\"_blank\"><img decoding=\"async\" src=\"https:\/\/soymigrante.com\/revista\/wp-content\/uploads\/2025\/06\/cesar-reyes-migrante-deportado.webp\" alt=\"\u201c\u00bfC\u00f3mo se lo explico a mi ni\u00f1o de 3 a\u00f1os?\u201d: migrante guatemalteco C\u00e9sar Reyes, sin antecedentes, deportado.\"\/><\/a>        <\/div>\n                        <div class=\"blfe-post-grid-details\">\n                    <div class=\"blfe-post-grid-details-inner\">\n                        <span class=\"blfe-post-category\"><a href=\"https:\/\/soymigrante.com\/revista\/category\/estamos-unidos\/lugar-de-voces\/\">Lugar de Voces<\/a><\/span>                        <h3 class=\"blfe-post-grid-title\">\n            <a href=\"https:\/\/soymigrante.com\/revista\/migrante-guatemalteco-cesar-reyes-sin-antecedentes-deportado-video-explico-nino\/\" title=\"\u201c\u00bfC\u00f3mo se lo explico a mi ni\u00f1o de 3 a\u00f1os?\u201d: migrante guatemalteco C\u00e9sar Reyes, sin antecedentes, deportado.\" rel=\"nofollow\" target=\"_blank\">\u201c\u00bfC\u00f3mo se lo explico a mi ni\u00f1o de 3 a\u00f1os?\u201d: migrante guatemalteco C\u00e9sar Reyes, sin antecedentes, deportado.<\/a>\n            <\/h3>                                                            <div class=\"blfe-post-grid-meta\">\n                <span class=\"blfe-post-grid-time\"><i class=\"fas fa-book-reader\"><\/i>5 Min read<\/span>            <\/div>\n                                                        <\/div>\n                <\/div>\n\n            <\/div>\n        <\/div>\n                <div class=\"blfe-post-grid-item\">\n            <div class=\"blfe-post-grid-item-inner blfe-modern-zoom\">\n                        <div class=\"blfe-post-grid-bg-image\">\n            <a class=\"blfe-post-grid-image-inner\" href=\"https:\/\/soymigrante.com\/revista\/migrante-nydia-cano-una-placa-una-escuela-multicultural-y-el-aporte-de-una-madre-guatemalteca-en-prospect-park-new-jersey\/\" title=\"Una placa, una escuela multicultural y el aporte de una madre guatemalteca en Prospect Park, New Jersey\" rel=\"nofollow\" target=\"_blank\"><img decoding=\"async\" src=\"https:\/\/soymigrante.com\/revista\/wp-content\/uploads\/2026\/01\/prospect-park-school-prospect-park-pa-primaryphoto.jpg\" alt=\"Una placa, una escuela multicultural y el aporte de una madre guatemalteca en Prospect Park, New Jersey\"\/><\/a>        <\/div>\n                        <div class=\"blfe-post-grid-details\">\n                    <div class=\"blfe-post-grid-details-inner\">\n                        <span class=\"blfe-post-category\"><a href=\"https:\/\/soymigrante.com\/revista\/category\/estamos-unidos\/lugar-de-voces\/\">Lugar de Voces<\/a><\/span>                        <h3 class=\"blfe-post-grid-title\">\n            <a href=\"https:\/\/soymigrante.com\/revista\/migrante-nydia-cano-una-placa-una-escuela-multicultural-y-el-aporte-de-una-madre-guatemalteca-en-prospect-park-new-jersey\/\" title=\"Una placa, una escuela multicultural y el aporte de una madre guatemalteca en Prospect Park, New Jersey\" rel=\"nofollow\" target=\"_blank\">Una placa, una escuela multicultural y el aporte de una madre guatemalteca en Prospect Park, New Jersey<\/a>\n            <\/h3>                                                            <div class=\"blfe-post-grid-meta\">\n                <span class=\"blfe-post-grid-time\"><i class=\"fas fa-book-reader\"><\/i>5 Min read<\/span>            <\/div>\n                                                        <\/div>\n                <\/div>\n\n            <\/div>\n        <\/div>\n                <div class=\"blfe-post-grid-item\">\n            <div class=\"blfe-post-grid-item-inner blfe-modern-zoom\">\n                        <div class=\"blfe-post-grid-bg-image\">\n            <a class=\"blfe-post-grid-image-inner\" href=\"https:\/\/soymigrante.com\/revista\/reflexiones-de-un-migrante-guatemalteco-con-el-frio-de-diciembre-y-el-recuerdo-de-su-tierra\/\" title=\"Reflexiones de un migrante guatemalteco con el fr\u00edo de diciembre y el recuerdo de su tierra\" rel=\"nofollow\" target=\"_blank\"><img decoding=\"async\" src=\"https:\/\/soymigrante.com\/revista\/wp-content\/uploads\/2024\/12\/img_7432-1.webp\" alt=\"Reflexiones de un migrante guatemalteco con el fr\u00edo de diciembre y el recuerdo de su tierra\"\/><\/a>        <\/div>\n                        <div class=\"blfe-post-grid-details\">\n                    <div class=\"blfe-post-grid-details-inner\">\n                        <span class=\"blfe-post-category\"><a href=\"https:\/\/soymigrante.com\/revista\/category\/estamos-unidos\/lugar-de-voces\/\">Lugar de Voces<\/a><\/span>                        <h3 class=\"blfe-post-grid-title\">\n            <a href=\"https:\/\/soymigrante.com\/revista\/reflexiones-de-un-migrante-guatemalteco-con-el-frio-de-diciembre-y-el-recuerdo-de-su-tierra\/\" title=\"Reflexiones de un migrante guatemalteco con el fr\u00edo de diciembre y el recuerdo de su tierra\" rel=\"nofollow\" target=\"_blank\">Reflexiones de un migrante guatemalteco con el fr\u00edo de diciembre y el recuerdo de su tierra<\/a>\n            <\/h3>                                                            <div class=\"blfe-post-grid-meta\">\n                <span class=\"blfe-post-grid-time\"><i class=\"fas fa-book-reader\"><\/i>5 Min read<\/span>            <\/div>\n                                                        <\/div>\n                <\/div>\n\n            <\/div>\n        <\/div>\n                        <\/div>\n\n                        <\/div>\n            \n                        <div class=\"blfe-post-footer\">\n                        <\/div>\n            \t\t\t\t<\/div>\n\t\t\t\t<\/div>\n\t\t\t\t\t<\/div>\n\t\t\t\t<\/div>\n\t\t\t\t<\/div>\n\t\t","protected":false},"excerpt":{"rendered":"<p>La receta guatemalteca de los nances en miel es muy f\u00e1cil de preparar y deliciosa para degustar. Los nances en miel son un delicioso postre guatemalteco que tiene sus or\u00edgenes en Espa\u00f1a y que se ha vuelto parte importante de la gastronom\u00eda chapina. Este postre se relaciona estrechamente con los jocotes en dulce por prepararse [&hellip;]<\/p>\n","protected":false},"author":19,"featured_media":8055,"comment_status":"open","ping_status":"open","sticky":false,"template":"","format":"standard","meta":{"_acf_changed":false,"_eb_attr":"","footnotes":""},"categories":[247],"tags":[],"class_list":["post-8054","post","type-post","status-publish","format-standard","has-post-thumbnail","hentry","category-recetas-guatemaltecas"],"acf":[],"aioseo_notices":[],"aioseo_head":"\n\t\t<!-- All in One SEO Pro 4.9.6.2 - aioseo.com -->\n\t<meta name=\"description\" content=\"Arquitecto Carlos Mart\u00ednez, radicado en Montreal, Canad\u00e1, reflexiona sobre la fugacidad y encantos de la vida e ilustra sus ideas con paisajes de Guatemala.\" \/>\n\t<meta name=\"robots\" content=\"max-snippet:-1, max-image-preview:large, max-video-preview:-1\" \/>\n\t<meta name=\"author\" content=\"SoyMigrante.com REVISTA\"\/>\n\t<link rel=\"canonical\" href=\"https:\/\/soymigrante.com\/revista\/reflexiones-de-un-migrante-guatemalteco-con-el-frio-de-diciembre-y-el-recuerdo-de-su-tierra\/\" \/>\n\t<meta name=\"generator\" content=\"All in One SEO Pro (AIOSEO) 4.9.6.2\" \/>\n\n\t\t<link rel=\"preconnect\" href=\"https:\/\/fonts.googleapis.com\" crossorigin>\n<link rel=\"preconnect\" href=\"https:\/\/fonts.gstatic.com\" crossorigin>\n\t\t<meta property=\"og:locale\" content=\"es_ES\" \/>\n\t\t<meta property=\"og:site_name\" content=\"SoyMigrante.com REVISTA \u2013 Nuestra misi\u00f3n es reconocer y dignificar al migrante.\" \/>\n\t\t<meta property=\"og:type\" content=\"article\" \/>\n\t\t<meta property=\"og:title\" content=\"Reflexiones de un migrante con el fr\u00edo de diciembre\" \/>\n\t\t<meta property=\"og:description\" content=\"Arquitecto Carlos Mart\u00ednez, radicado en Montreal, Canad\u00e1, reflexiona sobre la fugacidad y encantos de la vida e ilustra sus ideas con paisajes de Guatemala.\" \/>\n\t\t<meta property=\"og:url\" content=\"https:\/\/soymigrante.com\/revista\/reflexiones-de-un-migrante-guatemalteco-con-el-frio-de-diciembre-y-el-recuerdo-de-su-tierra\/\" \/>\n\t\t<meta property=\"og:image\" content=\"https:\/\/soymigrante.com\/revista\/wp-content\/uploads\/2024\/12\/img_7432-1.webp\" \/>\n\t\t<meta property=\"og:image:secure_url\" content=\"https:\/\/soymigrante.com\/revista\/wp-content\/uploads\/2024\/12\/img_7432-1.webp\" \/>\n\t\t<meta property=\"og:image:width\" content=\"1024\" \/>\n\t\t<meta property=\"og:image:height\" content=\"768\" \/>\n\t\t<meta property=\"article:published_time\" content=\"2024-12-27T19:07:51+00:00\" \/>\n\t\t<meta property=\"article:modified_time\" content=\"2024-12-27T19:13:49+00:00\" \/>\n\t\t<meta property=\"article:publisher\" content=\"https:\/\/www.facebook.com\/soymigrantecom\" \/>\n\t\t<meta name=\"twitter:card\" content=\"summary_large_image\" \/>\n\t\t<meta name=\"twitter:site\" content=\"@SoyMigrante_com\" \/>\n\t\t<meta name=\"twitter:title\" content=\"Reflexiones de un migrante con el fr\u00edo de diciembre\" \/>\n\t\t<meta name=\"twitter:description\" content=\"Arquitecto Carlos Mart\u00ednez, radicado en Montreal, Canad\u00e1, reflexiona sobre la fugacidad y encantos de la vida e ilustra sus ideas con paisajes de Guatemala.\" \/>\n\t\t<meta name=\"twitter:creator\" content=\"@SoyMigrante_com\" \/>\n\t\t<meta name=\"twitter:image\" content=\"https:\/\/soymigrante.com\/revista\/wp-content\/uploads\/2024\/12\/img_7432-1.webp\" \/>\n\t\t<!-- All in One SEO Pro -->\r\n\t\t<title>Reflexiones de un migrante con el fr\u00edo de diciembre<\/title>\n\n","aioseo_head_json":{"title":"Reflexiones de un migrante con el fr\u00edo de diciembre","description":"Arquitecto Carlos Mart\u00ednez, radicado en Montreal, Canad\u00e1, reflexiona sobre la fugacidad y encantos de la vida e ilustra sus ideas con paisajes de Guatemala.","canonical_url":"https:\/\/soymigrante.com\/revista\/reflexiones-de-un-migrante-guatemalteco-con-el-frio-de-diciembre-y-el-recuerdo-de-su-tierra\/","robots":"max-snippet:-1, max-image-preview:large, max-video-preview:-1","keywords":"","webmasterTools":{"miscellaneous":"&lt;link rel=\"preconnect\" href=\"https:\/\/fonts.googleapis.com\" crossorigin&gt;\n&lt;link rel=\"preconnect\" href=\"https:\/\/fonts.gstatic.com\" crossorigin&gt;"},"schema":null,"og:locale":"es_ES","og:site_name":"SoyMigrante.com REVISTA \u2013 Nuestra misi\u00f3n es reconocer y dignificar al migrante.","og:type":"article","og:title":"Reflexiones de un migrante con el fr\u00edo de diciembre","og:description":"Arquitecto Carlos Mart\u00ednez, radicado en Montreal, Canad\u00e1, reflexiona sobre la fugacidad y encantos de la vida e ilustra sus ideas con paisajes de Guatemala.","og:url":"https:\/\/soymigrante.com\/revista\/reflexiones-de-un-migrante-guatemalteco-con-el-frio-de-diciembre-y-el-recuerdo-de-su-tierra\/","og:image":"https:\/\/soymigrante.com\/revista\/wp-content\/uploads\/2024\/12\/img_7432-1.webp","og:image:secure_url":"https:\/\/soymigrante.com\/revista\/wp-content\/uploads\/2024\/12\/img_7432-1.webp","og:image:width":1024,"og:image:height":768,"article:published_time":"2024-12-27T19:07:51+00:00","article:modified_time":"2024-12-27T19:13:49+00:00","article:publisher":"https:\/\/www.facebook.com\/soymigrantecom","twitter:card":"summary_large_image","twitter:site":"@SoyMigrante_com","twitter:title":"Reflexiones de un migrante con el fr\u00edo de diciembre","twitter:description":"Arquitecto Carlos Mart\u00ednez, radicado en Montreal, Canad\u00e1, reflexiona sobre la fugacidad y encantos de la vida e ilustra sus ideas con paisajes de Guatemala.","twitter:creator":"@SoyMigrante_com","twitter:image":"https:\/\/soymigrante.com\/revista\/wp-content\/uploads\/2024\/12\/img_7432-1.webp"},"aioseo_meta_data":{"post_id":"8054","title":null,"description":"Una delicia tropical, muy guatemalteca que a menudo solo se prueba en ferias. Pero tambi\u00e9n se puede disfrutar en casa.","keywords":null,"keyphrases":{"focus":{"keyphrase":"nances en miel","score":91,"analysis":{"keyphraseInTitle":{"score":9,"maxScore":9,"error":0},"keyphraseInDescription":{"score":3,"maxScore":9,"error":1},"keyphraseLength":{"score":9,"maxScore":9,"error":0,"length":3},"keyphraseInURL":{"score":5,"maxScore":5,"error":0},"keyphraseInIntroduction":{"score":9,"maxScore":9,"error":0},"keyphraseInSubHeadings":{"score":9,"maxScore":9,"error":0},"keyphraseInImageAlt":{"score":9,"maxScore":9,"error":0},"keywordDensity":{"type":"best","score":9,"maxScore":9,"error":0}}},"additional":[{"keyphrase":"nances en miel","score":87,"analysis":{"keyphraseInDescription":{"score":3,"maxScore":9,"error":1},"keyphraseLength":{"score":9,"maxScore":9,"error":0,"length":3},"keyphraseInIntroduction":{"score":9,"maxScore":9,"error":0},"keyphraseInImageAlt":{"score":9,"maxScore":9,"error":0},"keywordDensity":{"type":"best","score":9,"maxScore":9,"error":0}}}]},"primary_term":null,"canonical_url":null,"og_title":null,"og_description":null,"og_object_type":"default","og_image_type":"default","og_image_url":null,"og_image_width":null,"og_image_height":null,"og_image_custom_url":null,"og_image_custom_fields":null,"og_video":"","og_custom_url":null,"og_article_section":null,"og_article_tags":null,"twitter_use_og":false,"twitter_card":"default","twitter_image_type":"default","twitter_image_url":null,"twitter_image_custom_url":null,"twitter_image_custom_fields":null,"twitter_title":null,"twitter_description":null,"schema":{"blockGraphs":[],"customGraphs":[],"default":{"data":{"Article":[],"Course":[],"Dataset":[],"FAQPage":[],"Movie":[],"Person":[],"Product":[],"ProductReview":[],"Car":[],"Recipe":[],"Service":[],"SoftwareApplication":[],"WebPage":[]},"graphName":"none","isEnabled":true},"graphs":[]},"schema_type":"default","schema_type_options":null,"pillar_content":false,"robots_default":true,"robots_noindex":false,"robots_noarchive":false,"robots_nosnippet":false,"robots_nofollow":false,"robots_noimageindex":false,"robots_noodp":false,"robots_notranslate":false,"robots_max_snippet":"-1","robots_max_videopreview":"-1","robots_max_imagepreview":"large","priority":null,"frequency":"default","local_seo":null,"seo_analyzer_scan_date":"2025-10-08 22:33:12","breadcrumb_settings":null,"limit_modified_date":false,"reviewed_by":"0","open_ai":"{\"title\":{\"suggestions\":[],\"usage\":0},\"description\":{\"suggestions\":[],\"usage\":0}}","ai":null,"created":"2024-08-13 23:35:02","updated":"2026-02-04 12:35:45"},"aioseo_breadcrumb":"<div class=\"aioseo-breadcrumbs\"><span class=\"aioseo-breadcrumb\">\n\t<a href=\"https:\/\/soymigrante.com\/revista\" title=\"Home\">Home<\/a>\n<\/span><span class=\"aioseo-breadcrumb-separator\">\u00bb<\/span><span class=\"aioseo-breadcrumb\">\n\t<a href=\"https:\/\/soymigrante.com\/revista\/category\/guate-nuestra\/\" title=\"Guate Nuestra\">Guate Nuestra<\/a>\n<\/span><span class=\"aioseo-breadcrumb-separator\">\u00bb<\/span><span class=\"aioseo-breadcrumb\">\n\t<a href=\"https:\/\/soymigrante.com\/revista\/category\/guate-nuestra\/recetas-guatemaltecas\/\" title=\"Recetas guatemaltecas\">Recetas guatemaltecas<\/a>\n<\/span><span class=\"aioseo-breadcrumb-separator\">\u00bb<\/span><span class=\"aioseo-breadcrumb\">\n\tUn postre super chap\u00edn: Nances en Miel como en la feria\n<\/span><\/div>","aioseo_breadcrumb_json":[{"label":"Home","link":"https:\/\/soymigrante.com\/revista"},{"label":"Guate Nuestra","link":"https:\/\/soymigrante.com\/revista\/category\/guate-nuestra\/"},{"label":"Recetas guatemaltecas","link":"https:\/\/soymigrante.com\/revista\/category\/guate-nuestra\/recetas-guatemaltecas\/"},{"label":"Un postre super chap\u00edn: Nances en Miel como en la feria","link":"https:\/\/soymigrante.com\/revista\/recetas-guatemaltecas-nances-en-miel-como-en-la-feria\/"}],"_links":{"self":[{"href":"https:\/\/soymigrante.com\/revista\/wp-json\/wp\/v2\/posts\/8054","targetHints":{"allow":["GET"]}}],"collection":[{"href":"https:\/\/soymigrante.com\/revista\/wp-json\/wp\/v2\/posts"}],"about":[{"href":"https:\/\/soymigrante.com\/revista\/wp-json\/wp\/v2\/types\/post"}],"author":[{"embeddable":true,"href":"https:\/\/soymigrante.com\/revista\/wp-json\/wp\/v2\/users\/19"}],"replies":[{"embeddable":true,"href":"https:\/\/soymigrante.com\/revista\/wp-json\/wp\/v2\/comments?post=8054"}],"version-history":[{"count":2,"href":"https:\/\/soymigrante.com\/revista\/wp-json\/wp\/v2\/posts\/8054\/revisions"}],"predecessor-version":[{"id":37071,"href":"https:\/\/soymigrante.com\/revista\/wp-json\/wp\/v2\/posts\/8054\/revisions\/37071"}],"wp:featuredmedia":[{"embeddable":true,"href":"https:\/\/soymigrante.com\/revista\/wp-json\/wp\/v2\/media\/8055"}],"wp:attachment":[{"href":"https:\/\/soymigrante.com\/revista\/wp-json\/wp\/v2\/media?parent=8054"}],"wp:term":[{"taxonomy":"category","embeddable":true,"href":"https:\/\/soymigrante.com\/revista\/wp-json\/wp\/v2\/categories?post=8054"},{"taxonomy":"post_tag","embeddable":true,"href":"https:\/\/soymigrante.com\/revista\/wp-json\/wp\/v2\/tags?post=8054"}],"curies":[{"name":"wp","href":"https:\/\/api.w.org\/{rel}","templated":true}]}}